{"id":33525,"date":"2019-03-27T15:23:16","date_gmt":"2019-03-27T18:23:16","guid":{"rendered":"https:\/\/diariofemenino.com.ar\/?p=33525"},"modified":"2020-03-24T11:52:17","modified_gmt":"2020-03-24T14:52:17","slug":"maricas-en-dictadura-los-desaparecidos-que-nadie-nos-conto","status":"publish","type":"post","link":"https:\/\/diariofemenino.com.ar\/df\/maricas-en-dictadura-los-desaparecidos-que-nadie-nos-conto\/","title":{"rendered":"Maricas en dictadura: los desaparecidos que nadie nos cont\u00f3"},"content":{"rendered":"<h5>Debates en torno a la cifra: son 30.400. Carlos Jauregui y el rol de la Conadep. La persecuci\u00f3n a homosexuales y travestis bajo gobiernos militares y democr\u00e1ticos. La reconstrucci\u00f3n de una memoria marica<\/h5>\n<h6><strong>Por Facundo Montiel<\/strong><\/h6>\n<p><em>\u201cNo se averg\u00fcence de ser un hombrecito, que eso no tiene nada de malo sino todo lo contrario. No admita que, con el cuento del componente, lo quieran convencer de que la desdichada condici\u00f3n de marica es mejor que la que permite, todav\u00eda, que nazcan hijos y el mundo siga dando vueltas. Dif\u00edcil de soportar resulta ya la dictadura de los maricas\u201d.<\/em><\/p>\n<p><strong>Mario Mactas, Revista Satiric\u00f3n Nro. 26. Marzo de 1976<\/strong><\/p>\n<p>\u201cUno de los integrantes responsables de la CONADEP afirma la existencia de, por lo menos, 400 homosexuales integrando la lista del horror. El trato que recibieron, nos inform\u00f3, fue similar al de los compa\u00f1eros jud\u00edos desaparecidos: especialmente s\u00e1dico y violento. En su totalidad fueron violados por sus moralistas captores\u201d, escribi\u00f3 Carlos J\u00e1uregui en su libro La homosexualidad en Argentina. Despu\u00e9s se sabr\u00e1 que la informaci\u00f3n fue suministrada por el rabino Marshal Meyer, quien reconoci\u00f3 que la omisi\u00f3n de esta parte de la historia en el Nunca M\u00e1s se debi\u00f3 a las presiones del ala cat\u00f3lica de la Asamblea Permanente por los Derechos Humanos.<\/p>\n<p>De all\u00ed surge la cifra que es consigna: son 30.400. Las cr\u00edticas a que el informe de la CONADEP no haya nombrado a una sola persona detenida desaparecida a causa de su condici\u00f3n sexual se conjugan con otras. \u00bfC\u00f3mo sabemos si al militante de ERP o Montoneros lo secuestraron por sus pr\u00e1cticas pol\u00edticas, o por sus pr\u00e1cticas sexuales (que vaya si son pol\u00edticas)? \u00bfQu\u00e9 prima, lo maric\u00f3n o lo revolucionario?<\/p>\n<p>Para Cristian Prieto, autor del libro Fichados, \u201ces complejo saber las razones por las que se llevaron a les compa\u00f1eres, porque dentro de sus propias organizaciones estaban invisibilizados. Hay una visi\u00f3n heteronormativa del pasado, por eso tenemos que poner en cuesti\u00f3n qu\u00e9 construcci\u00f3n hacemos de los valores dentro de la militancia. Sigue primando lo heroico pensado como un valor masculino\u201d. Por eso, Prieto entiende que la cifra es utilizada para \u201cvisibilizar\u201d a los compa\u00f1eros maricas que nadie cont\u00f3. La reconstrucci\u00f3n de sus historias implica recuperar sus vidas, sus trayectorias, sus deseos y su sexualidad como parte de la lucha pol\u00edtica.<a class=\"td-modal-image\" href=\"https:\/\/pulsonoticias.com.ar\/wp-content\/uploads\/2019\/03\/fichados-maricas.jpg\"><img decoding=\"async\" class=\"wp-image-37197 td-animation-stack-type0-2\" src=\"https:\/\/pulsonoticias.com.ar\/wp-content\/uploads\/2019\/03\/fichados-maricas.jpg\" sizes=\"(max-width: 700px) 100vw, 700px\" srcset=\"https:\/\/pulsonoticias.com.ar\/wp-content\/uploads\/2019\/03\/fichados-maricas.jpg 700w, https:\/\/pulsonoticias.com.ar\/wp-content\/uploads\/2019\/03\/fichados-maricas-300x171.jpg 300w, https:\/\/pulsonoticias.com.ar\/wp-content\/uploads\/2019\/03\/fichados-maricas-696x398.jpg 696w\" alt=\"\" data-id=\"37197\" data-link=\"https:\/\/pulsonoticias.com.ar\/?attachment_id=37197\" data-pagespeed-url-hash=\"3318974044\" \/><\/a><\/p>\n<p><strong>Comando C\u00f3ndor y las brigadas de moralidad<\/strong><\/p>\n<p>A comienzos de los a\u00f1os 70 irrumpe el Frente de Liberaci\u00f3n Homosexual (FLH), a los codazos, haciendose un lugar en la Plaza de Mayo con su bandera: vivir y amar libremente en un pa\u00eds liberado. \u201cNo somos putos no somos faloperos, somos soldados de FAR y Montoneros\u201d era el canto que marcaba la cancha de los machitos de izquierda. Pese a las resistencias, la diversidad sexual avanzaba con sus propias organizaciones. Eso terminar\u00eda incluso antes de la dictadura.<\/p>\n<p>En 1975, el ministro de Bienestar Social, Jos\u00e9 L\u00f3pez Rega, llam\u00f3 a \u201cacabar con los homosexuales\u201d, supuestos agentes del \u201cmarxismo internacional\u201d. Propon\u00eda crear campos de concentraci\u00f3n y brigadas callejeras \u201cque salgan a recorrer los barrios de las ciudades, y den caza a esos sujetos vestidos como mujeres, hablando como mujeres. Cortarles el pelo en la calle o raparlos y dejarlos atados a los arboles con leyendas explicatorias y did\u00e1cticas\u201d. Las golpizas y ataques se intensificaron en tiempos de la Triple A, y ese mismo a\u00f1o, el FLH pas\u00f3 a la clandestinidad.<\/p>\n<p>Durante el gobierno militar el aire se hizo espeso, m\u00e1s a\u00fan en los ba\u00f1os de las estaciones de trenes y los cines, \u00fanicos lugares de encuentro posibles, donde el baho se mezclaba con el miedo. Dos \u00f3rganos ser\u00e1n los encargados de perseguir a la comunidad: el comando C\u00f3ndor, que asesin\u00f3 a decenas de \u201cpresuntos homosexuales\u201d e incendi\u00f3 un teatro de Calle Corrientes. \u201cVamos a acabar con teatros de revistas y homosexuales\u201d, rezaba el panfleto donde se adjudicaban el atentado. Las Brigadas de moralidad de la Polic\u00eda Federal, por su parte, eran las encargadas de \u201climpiar de homosexuales las calles\u201d.<\/p>\n<p><strong>Por una memoria marica<\/strong><\/p>\n<p>El fin de la dictadura no fue el fin de la persecuci\u00f3n a lesbianas, gays y travestis. Cristian Prieto, investigador de la Comisi\u00f3n Provincial por la Memoria, investig\u00f3 para su libro los archivos del Departamento de Inteligencia de la Polic\u00eda de Buenos Aires (exDIPBA), que evidencian el espionaje a las sexualidades disidentes desde 1955 hasta 1998. \u201cNosotros seguimos siendo perseguidos o estigmatizados con edictos policiales que penalizaban, por ejemplo, a las personas que utilizaban ropa del sexo opuesto. Ese edicto reci\u00e9n se derog\u00f3 en el 2008 en la provincia\u201d, cont\u00f3 el autor de Fichados.<a class=\"td-modal-image\" href=\"https:\/\/pulsonoticias.com.ar\/wp-content\/uploads\/2019\/03\/maricas-prieto.jpg\"><img decoding=\"async\" class=\"wp-image-37196 td-animation-stack-type0-2\" src=\"https:\/\/pulsonoticias.com.ar\/wp-content\/uploads\/2019\/03\/maricas-prieto.jpg\" sizes=\"(max-width: 960px) 100vw, 960px\" srcset=\"https:\/\/pulsonoticias.com.ar\/wp-content\/uploads\/2019\/03\/maricas-prieto.jpg 960w, https:\/\/pulsonoticias.com.ar\/wp-content\/uploads\/2019\/03\/maricas-prieto-300x169.jpg 300w, https:\/\/pulsonoticias.com.ar\/wp-content\/uploads\/2019\/03\/maricas-prieto-768x432.jpg 768w, https:\/\/pulsonoticias.com.ar\/wp-content\/uploads\/2019\/03\/maricas-prieto-696x392.jpg 696w, https:\/\/pulsonoticias.com.ar\/wp-content\/uploads\/2019\/03\/maricas-prieto-747x420.jpg 747w\" alt=\"\" data-id=\"37196\" data-link=\"https:\/\/pulsonoticias.com.ar\/?attachment_id=37196\" data-pagespeed-url-hash=\"51650816\" \/><\/a><\/p>\n<p>Finalmente, Prieto agreg\u00f3 que es fundamental \u201creconstruir una memoria marica\u201d, pero que para eso no s\u00f3lo hay que \u201chusmear\u201d en las historias silenciadas, sino tambi\u00e9n indagar en las relaciones de poder de las instituciones e incluso en las organizaciones de derechos humanos. \u00bfQuienes est\u00e1n legitimados para hablar de la memoria? Ya no s\u00f3lo en relaci\u00f3n a la dictadura, sino tambi\u00e9n para pensar los \u00faltimos 10 o 15 a\u00f1os.<\/p>\n<p>Porque, como dice la consigna, la memoria no es un privilegio heterosexual.<\/p>\n<p>&nbsp;<\/p>\n<p>Fuente: <a href=\"https:\/\/pulsonoticias.com.ar\/37194\/maricas-en-dictadura-los-desaparecidos-que-nadie-nos-conto\/?fbclid=IwAR2_bqgEDNoQxUIOtIb6FqlgSwwYfPPi2tpN8722t1RJwDPHgKiTOkvpArc\">Pulso Noticias<\/a><\/p>\n<p><a href=\"https:\/\/diariofemenino.com.ar\/\">Diario Digital Femenino<\/a><\/p>\n","protected":false},"excerpt":{"rendered":"<p>Debates en torno a la cifra: son 30.400. Carlos Jauregui y el rol de la Conadep. La persecuci\u00f3n a homosexuales y travestis bajo gobiernos militares y democr\u00e1ticos. La reconstrucci\u00f3n de una memoria marica Por Facundo Montiel \u201cNo se averg\u00fcence de ser un hombrecito, que eso no tiene nada de malo sino todo lo contrario. No [&hellip;]<\/p>\n","protected":false},"author":3,"featured_media":33527,"comment_status":"open","ping_status":"open","sticky":false,"template":"","format":"standard","meta":{"iawp_total_views":42,"footnotes":""},"categories":[178,21],"tags":[30,950,130,997],"class_list":["post-33525","post","type-post","status-publish","format-standard","has-post-thumbnail","hentry","category-articulos-y-comunicados","category-noticias","tag-derechos-humanos","tag-dictadura-militar","tag-mujeres","tag-mujeres-en-dictadura"],"nelio_content":{"autoShareEndMode":"never","automationSources":{"useCustomSentences":false,"customSentences":[]},"efiAlt":"","efiUrl":"","followers":[4,3],"highlights":[],"isAutoShareEnabled":true,"networkImageIds":[],"permalinkQueryArgs":[],"series":[],"suggestedReferences":[]},"yoast_head":"<!-- This site is optimized with the Yoast SEO plugin v27.5 - https:\/\/yoast.com\/product\/yoast-seo-wordpress\/ -->\n<title>Maricas en dictadura: los desaparecidos que nadie nos cont\u00f3 - Diario Digital Femenino<\/title>\n<meta name=\"description\" content=\"Maricas en dictadura: los desaparecidos que nadie nos cont\u00f3, Debates en torno a la cifra: son 30.400. Carlos Jauregui y el rol de la Conadep.\" \/>\n<meta name=\"robots\" content=\"index, follow, max-snippet:-1, max-image-preview:large, max-video-preview:-1\" \/>\n<link rel=\"canonical\" href=\"https:\/\/diariofemenino.com.ar\/df\/maricas-en-dictadura-los-desaparecidos-que-nadie-nos-conto\/\" \/>\n<meta property=\"og:locale\" content=\"es_ES\" \/>\n<meta property=\"og:type\" content=\"article\" \/>\n<meta property=\"og:title\" content=\"Maricas en dictadura: los desaparecidos que nadie nos cont\u00f3 - Diario Digital Femenino\" \/>\n<meta property=\"og:description\" content=\"Maricas en dictadura: los desaparecidos que nadie nos cont\u00f3, Debates en torno a la cifra: son 30.400. Carlos Jauregui y el rol de la Conadep.\" \/>\n<meta property=\"og:url\" content=\"https:\/\/diariofemenino.com.ar\/df\/maricas-en-dictadura-los-desaparecidos-que-nadie-nos-conto\/\" \/>\n<meta property=\"og:site_name\" content=\"Diario Digital Femenino\" \/>\n<meta property=\"article:publisher\" content=\"https:\/\/www.facebook.com\/DiarioDigitaFemenino\/\" \/>\n<meta property=\"article:published_time\" content=\"2019-03-27T18:23:16+00:00\" \/>\n<meta property=\"article:modified_time\" content=\"2020-03-24T14:52:17+00:00\" \/>\n<meta property=\"og:image\" content=\"https:\/\/diariofemenino.com.ar\/df\/wp-content\/uploads\/2019\/03\/maricas-dictadura.jpg\" \/>\n\t<meta property=\"og:image:width\" content=\"535\" \/>\n\t<meta property=\"og:image:height\" content=\"335\" \/>\n\t<meta property=\"og:image:type\" content=\"image\/jpeg\" \/>\n<meta name=\"author\" content=\"Admin\" \/>\n<meta name=\"twitter:card\" content=\"summary_large_image\" \/>\n<meta name=\"twitter:creator\" content=\"@DiarioFemenino1\" \/>\n<meta name=\"twitter:site\" content=\"@DiarioFemenino1\" \/>\n<meta name=\"twitter:label1\" content=\"Escrito por\" \/>\n\t<meta name=\"twitter:data1\" content=\"Admin\" \/>\n\t<meta name=\"twitter:label2\" content=\"Tiempo de lectura\" \/>\n\t<meta name=\"twitter:data2\" content=\"4 minutos\" \/>\n<script type=\"application\/ld+json\" class=\"yoast-schema-graph\">{\"@context\":\"https:\\\/\\\/schema.org\",\"@graph\":[{\"@type\":\"Article\",\"@id\":\"https:\\\/\\\/diariofemenino.com.ar\\\/df\\\/maricas-en-dictadura-los-desaparecidos-que-nadie-nos-conto\\\/#article\",\"isPartOf\":{\"@id\":\"https:\\\/\\\/diariofemenino.com.ar\\\/df\\\/maricas-en-dictadura-los-desaparecidos-que-nadie-nos-conto\\\/\"},\"author\":{\"name\":\"Admin\",\"@id\":\"https:\\\/\\\/diariofemenino.com.ar\\\/df\\\/#\\\/schema\\\/person\\\/1c36bc3bf394d8ec320814298b4fdd3f\"},\"headline\":\"Maricas en dictadura: los desaparecidos que nadie nos cont\u00f3\",\"datePublished\":\"2019-03-27T18:23:16+00:00\",\"dateModified\":\"2020-03-24T14:52:17+00:00\",\"mainEntityOfPage\":{\"@id\":\"https:\\\/\\\/diariofemenino.com.ar\\\/df\\\/maricas-en-dictadura-los-desaparecidos-que-nadie-nos-conto\\\/\"},\"wordCount\":896,\"commentCount\":0,\"publisher\":{\"@id\":\"https:\\\/\\\/diariofemenino.com.ar\\\/df\\\/#organization\"},\"image\":{\"@id\":\"https:\\\/\\\/diariofemenino.com.ar\\\/df\\\/maricas-en-dictadura-los-desaparecidos-que-nadie-nos-conto\\\/#primaryimage\"},\"thumbnailUrl\":\"https:\\\/\\\/diariofemenino.com.ar\\\/df\\\/wp-content\\\/uploads\\\/2019\\\/03\\\/maricas-dictadura.jpg\",\"keywords\":[\"Derechos Humanos\",\"dictadura militar\",\"Mujeres\",\"Mujeres en dictadura\"],\"articleSection\":[\"Art\u00edculos y Comunicados\",\"Noticias\"],\"inLanguage\":\"es\",\"potentialAction\":[{\"@type\":\"CommentAction\",\"name\":\"Comment\",\"target\":[\"https:\\\/\\\/diariofemenino.com.ar\\\/df\\\/maricas-en-dictadura-los-desaparecidos-que-nadie-nos-conto\\\/#respond\"]}]},{\"@type\":\"WebPage\",\"@id\":\"https:\\\/\\\/diariofemenino.com.ar\\\/df\\\/maricas-en-dictadura-los-desaparecidos-que-nadie-nos-conto\\\/\",\"url\":\"https:\\\/\\\/diariofemenino.com.ar\\\/df\\\/maricas-en-dictadura-los-desaparecidos-que-nadie-nos-conto\\\/\",\"name\":\"Maricas en dictadura: los desaparecidos que nadie nos cont\u00f3 - Diario Digital Femenino\",\"isPartOf\":{\"@id\":\"https:\\\/\\\/diariofemenino.com.ar\\\/df\\\/#website\"},\"primaryImageOfPage\":{\"@id\":\"https:\\\/\\\/diariofemenino.com.ar\\\/df\\\/maricas-en-dictadura-los-desaparecidos-que-nadie-nos-conto\\\/#primaryimage\"},\"image\":{\"@id\":\"https:\\\/\\\/diariofemenino.com.ar\\\/df\\\/maricas-en-dictadura-los-desaparecidos-que-nadie-nos-conto\\\/#primaryimage\"},\"thumbnailUrl\":\"https:\\\/\\\/diariofemenino.com.ar\\\/df\\\/wp-content\\\/uploads\\\/2019\\\/03\\\/maricas-dictadura.jpg\",\"datePublished\":\"2019-03-27T18:23:16+00:00\",\"dateModified\":\"2020-03-24T14:52:17+00:00\",\"description\":\"Maricas en dictadura: los desaparecidos que nadie nos cont\u00f3, Debates en torno a la cifra: son 30.400. Carlos Jauregui y el rol de la Conadep.\",\"breadcrumb\":{\"@id\":\"https:\\\/\\\/diariofemenino.com.ar\\\/df\\\/maricas-en-dictadura-los-desaparecidos-que-nadie-nos-conto\\\/#breadcrumb\"},\"inLanguage\":\"es\",\"potentialAction\":[{\"@type\":\"ReadAction\",\"target\":[\"https:\\\/\\\/diariofemenino.com.ar\\\/df\\\/maricas-en-dictadura-los-desaparecidos-que-nadie-nos-conto\\\/\"]}]},{\"@type\":\"ImageObject\",\"inLanguage\":\"es\",\"@id\":\"https:\\\/\\\/diariofemenino.com.ar\\\/df\\\/maricas-en-dictadura-los-desaparecidos-que-nadie-nos-conto\\\/#primaryimage\",\"url\":\"https:\\\/\\\/diariofemenino.com.ar\\\/df\\\/wp-content\\\/uploads\\\/2019\\\/03\\\/maricas-dictadura.jpg\",\"contentUrl\":\"https:\\\/\\\/diariofemenino.com.ar\\\/df\\\/wp-content\\\/uploads\\\/2019\\\/03\\\/maricas-dictadura.jpg\",\"width\":535,\"height\":335},{\"@type\":\"BreadcrumbList\",\"@id\":\"https:\\\/\\\/diariofemenino.com.ar\\\/df\\\/maricas-en-dictadura-los-desaparecidos-que-nadie-nos-conto\\\/#breadcrumb\",\"itemListElement\":[{\"@type\":\"ListItem\",\"position\":1,\"name\":\"Portada\",\"item\":\"https:\\\/\\\/diariofemenino.com.ar\\\/df\\\/\"},{\"@type\":\"ListItem\",\"position\":2,\"name\":\"Maricas en dictadura: los desaparecidos que nadie nos cont\u00f3\"}]},{\"@type\":\"WebSite\",\"@id\":\"https:\\\/\\\/diariofemenino.com.ar\\\/df\\\/#website\",\"url\":\"https:\\\/\\\/diariofemenino.com.ar\\\/df\\\/\",\"name\":\"Diario Digital Femenino\",\"description\":\"Cuesti\u00f3n de G\u00e9nero\",\"publisher\":{\"@id\":\"https:\\\/\\\/diariofemenino.com.ar\\\/df\\\/#organization\"},\"potentialAction\":[{\"@type\":\"SearchAction\",\"target\":{\"@type\":\"EntryPoint\",\"urlTemplate\":\"https:\\\/\\\/diariofemenino.com.ar\\\/df\\\/?s={search_term_string}\"},\"query-input\":{\"@type\":\"PropertyValueSpecification\",\"valueRequired\":true,\"valueName\":\"search_term_string\"}}],\"inLanguage\":\"es\"},{\"@type\":\"Organization\",\"@id\":\"https:\\\/\\\/diariofemenino.com.ar\\\/df\\\/#organization\",\"name\":\"Diario Femenino\",\"url\":\"https:\\\/\\\/diariofemenino.com.ar\\\/df\\\/\",\"logo\":{\"@type\":\"ImageObject\",\"inLanguage\":\"es\",\"@id\":\"https:\\\/\\\/diariofemenino.com.ar\\\/df\\\/#\\\/schema\\\/logo\\\/image\\\/\",\"url\":\"https:\\\/\\\/diariofemenino.com.ar\\\/df\\\/wp-content\\\/uploads\\\/2018\\\/10\\\/logo.png\",\"contentUrl\":\"https:\\\/\\\/diariofemenino.com.ar\\\/df\\\/wp-content\\\/uploads\\\/2018\\\/10\\\/logo.png\",\"width\":500,\"height\":92,\"caption\":\"Diario Femenino\"},\"image\":{\"@id\":\"https:\\\/\\\/diariofemenino.com.ar\\\/df\\\/#\\\/schema\\\/logo\\\/image\\\/\"},\"sameAs\":[\"https:\\\/\\\/www.facebook.com\\\/DiarioDigitaFemenino\\\/\",\"https:\\\/\\\/x.com\\\/DiarioFemenino1\"]},{\"@type\":\"Person\",\"@id\":\"https:\\\/\\\/diariofemenino.com.ar\\\/df\\\/#\\\/schema\\\/person\\\/1c36bc3bf394d8ec320814298b4fdd3f\",\"name\":\"Admin\",\"image\":{\"@type\":\"ImageObject\",\"inLanguage\":\"es\",\"@id\":\"https:\\\/\\\/diariofemenino.com.ar\\\/df\\\/wp-content\\\/uploads\\\/2018\\\/12\\\/favicon-150x150.jpg\",\"url\":\"https:\\\/\\\/diariofemenino.com.ar\\\/df\\\/wp-content\\\/uploads\\\/2018\\\/12\\\/favicon-150x150.jpg\",\"contentUrl\":\"https:\\\/\\\/diariofemenino.com.ar\\\/df\\\/wp-content\\\/uploads\\\/2018\\\/12\\\/favicon-150x150.jpg\",\"caption\":\"Admin\"},\"url\":\"https:\\\/\\\/diariofemenino.com.ar\\\/df\\\/author\\\/sofiperez\\\/\"}]}<\/script>\n<!-- \/ Yoast SEO plugin. -->","yoast_head_json":{"title":"Maricas en dictadura: los desaparecidos que nadie nos cont\u00f3 - Diario Digital Femenino","description":"Maricas en dictadura: los desaparecidos que nadie nos cont\u00f3, Debates en torno a la cifra: son 30.400. Carlos Jauregui y el rol de la Conadep.","robots":{"index":"index","follow":"follow","max-snippet":"max-snippet:-1","max-image-preview":"max-image-preview:large","max-video-preview":"max-video-preview:-1"},"canonical":"https:\/\/diariofemenino.com.ar\/df\/maricas-en-dictadura-los-desaparecidos-que-nadie-nos-conto\/","og_locale":"es_ES","og_type":"article","og_title":"Maricas en dictadura: los desaparecidos que nadie nos cont\u00f3 - Diario Digital Femenino","og_description":"Maricas en dictadura: los desaparecidos que nadie nos cont\u00f3, Debates en torno a la cifra: son 30.400. Carlos Jauregui y el rol de la Conadep.","og_url":"https:\/\/diariofemenino.com.ar\/df\/maricas-en-dictadura-los-desaparecidos-que-nadie-nos-conto\/","og_site_name":"Diario Digital Femenino","article_publisher":"https:\/\/www.facebook.com\/DiarioDigitaFemenino\/","article_published_time":"2019-03-27T18:23:16+00:00","article_modified_time":"2020-03-24T14:52:17+00:00","og_image":[{"width":535,"height":335,"url":"https:\/\/diariofemenino.com.ar\/df\/wp-content\/uploads\/2019\/03\/maricas-dictadura.jpg","type":"image\/jpeg"}],"author":"Admin","twitter_card":"summary_large_image","twitter_creator":"@DiarioFemenino1","twitter_site":"@DiarioFemenino1","twitter_misc":{"Escrito por":"Admin","Tiempo de lectura":"4 minutos"},"schema":{"@context":"https:\/\/schema.org","@graph":[{"@type":"Article","@id":"https:\/\/diariofemenino.com.ar\/df\/maricas-en-dictadura-los-desaparecidos-que-nadie-nos-conto\/#article","isPartOf":{"@id":"https:\/\/diariofemenino.com.ar\/df\/maricas-en-dictadura-los-desaparecidos-que-nadie-nos-conto\/"},"author":{"name":"Admin","@id":"https:\/\/diariofemenino.com.ar\/df\/#\/schema\/person\/1c36bc3bf394d8ec320814298b4fdd3f"},"headline":"Maricas en dictadura: los desaparecidos que nadie nos cont\u00f3","datePublished":"2019-03-27T18:23:16+00:00","dateModified":"2020-03-24T14:52:17+00:00","mainEntityOfPage":{"@id":"https:\/\/diariofemenino.com.ar\/df\/maricas-en-dictadura-los-desaparecidos-que-nadie-nos-conto\/"},"wordCount":896,"commentCount":0,"publisher":{"@id":"https:\/\/diariofemenino.com.ar\/df\/#organization"},"image":{"@id":"https:\/\/diariofemenino.com.ar\/df\/maricas-en-dictadura-los-desaparecidos-que-nadie-nos-conto\/#primaryimage"},"thumbnailUrl":"https:\/\/diariofemenino.com.ar\/df\/wp-content\/uploads\/2019\/03\/maricas-dictadura.jpg","keywords":["Derechos Humanos","dictadura militar","Mujeres","Mujeres en dictadura"],"articleSection":["Art\u00edculos y Comunicados","Noticias"],"inLanguage":"es","potentialAction":[{"@type":"CommentAction","name":"Comment","target":["https:\/\/diariofemenino.com.ar\/df\/maricas-en-dictadura-los-desaparecidos-que-nadie-nos-conto\/#respond"]}]},{"@type":"WebPage","@id":"https:\/\/diariofemenino.com.ar\/df\/maricas-en-dictadura-los-desaparecidos-que-nadie-nos-conto\/","url":"https:\/\/diariofemenino.com.ar\/df\/maricas-en-dictadura-los-desaparecidos-que-nadie-nos-conto\/","name":"Maricas en dictadura: los desaparecidos que nadie nos cont\u00f3 - Diario Digital Femenino","isPartOf":{"@id":"https:\/\/diariofemenino.com.ar\/df\/#website"},"primaryImageOfPage":{"@id":"https:\/\/diariofemenino.com.ar\/df\/maricas-en-dictadura-los-desaparecidos-que-nadie-nos-conto\/#primaryimage"},"image":{"@id":"https:\/\/diariofemenino.com.ar\/df\/maricas-en-dictadura-los-desaparecidos-que-nadie-nos-conto\/#primaryimage"},"thumbnailUrl":"https:\/\/diariofemenino.com.ar\/df\/wp-content\/uploads\/2019\/03\/maricas-dictadura.jpg","datePublished":"2019-03-27T18:23:16+00:00","dateModified":"2020-03-24T14:52:17+00:00","description":"Maricas en dictadura: los desaparecidos que nadie nos cont\u00f3, Debates en torno a la cifra: son 30.400. Carlos Jauregui y el rol de la Conadep.","breadcrumb":{"@id":"https:\/\/diariofemenino.com.ar\/df\/maricas-en-dictadura-los-desaparecidos-que-nadie-nos-conto\/#breadcrumb"},"inLanguage":"es","potentialAction":[{"@type":"ReadAction","target":["https:\/\/diariofemenino.com.ar\/df\/maricas-en-dictadura-los-desaparecidos-que-nadie-nos-conto\/"]}]},{"@type":"ImageObject","inLanguage":"es","@id":"https:\/\/diariofemenino.com.ar\/df\/maricas-en-dictadura-los-desaparecidos-que-nadie-nos-conto\/#primaryimage","url":"https:\/\/diariofemenino.com.ar\/df\/wp-content\/uploads\/2019\/03\/maricas-dictadura.jpg","contentUrl":"https:\/\/diariofemenino.com.ar\/df\/wp-content\/uploads\/2019\/03\/maricas-dictadura.jpg","width":535,"height":335},{"@type":"BreadcrumbList","@id":"https:\/\/diariofemenino.com.ar\/df\/maricas-en-dictadura-los-desaparecidos-que-nadie-nos-conto\/#breadcrumb","itemListElement":[{"@type":"ListItem","position":1,"name":"Portada","item":"https:\/\/diariofemenino.com.ar\/df\/"},{"@type":"ListItem","position":2,"name":"Maricas en dictadura: los desaparecidos que nadie nos cont\u00f3"}]},{"@type":"WebSite","@id":"https:\/\/diariofemenino.com.ar\/df\/#website","url":"https:\/\/diariofemenino.com.ar\/df\/","name":"Diario Digital Femenino","description":"Cuesti\u00f3n de G\u00e9nero","publisher":{"@id":"https:\/\/diariofemenino.com.ar\/df\/#organization"},"potentialAction":[{"@type":"SearchAction","target":{"@type":"EntryPoint","urlTemplate":"https:\/\/diariofemenino.com.ar\/df\/?s={search_term_string}"},"query-input":{"@type":"PropertyValueSpecification","valueRequired":true,"valueName":"search_term_string"}}],"inLanguage":"es"},{"@type":"Organization","@id":"https:\/\/diariofemenino.com.ar\/df\/#organization","name":"Diario Femenino","url":"https:\/\/diariofemenino.com.ar\/df\/","logo":{"@type":"ImageObject","inLanguage":"es","@id":"https:\/\/diariofemenino.com.ar\/df\/#\/schema\/logo\/image\/","url":"https:\/\/diariofemenino.com.ar\/df\/wp-content\/uploads\/2018\/10\/logo.png","contentUrl":"https:\/\/diariofemenino.com.ar\/df\/wp-content\/uploads\/2018\/10\/logo.png","width":500,"height":92,"caption":"Diario Femenino"},"image":{"@id":"https:\/\/diariofemenino.com.ar\/df\/#\/schema\/logo\/image\/"},"sameAs":["https:\/\/www.facebook.com\/DiarioDigitaFemenino\/","https:\/\/x.com\/DiarioFemenino1"]},{"@type":"Person","@id":"https:\/\/diariofemenino.com.ar\/df\/#\/schema\/person\/1c36bc3bf394d8ec320814298b4fdd3f","name":"Admin","image":{"@type":"ImageObject","inLanguage":"es","@id":"https:\/\/diariofemenino.com.ar\/df\/wp-content\/uploads\/2018\/12\/favicon-150x150.jpg","url":"https:\/\/diariofemenino.com.ar\/df\/wp-content\/uploads\/2018\/12\/favicon-150x150.jpg","contentUrl":"https:\/\/diariofemenino.com.ar\/df\/wp-content\/uploads\/2018\/12\/favicon-150x150.jpg","caption":"Admin"},"url":"https:\/\/diariofemenino.com.ar\/df\/author\/sofiperez\/"}]}},"jetpack_featured_media_url":"https:\/\/diariofemenino.com.ar\/df\/wp-content\/uploads\/2019\/03\/maricas-dictadura.jpg","jetpack_sharing_enabled":true,"rttpg_featured_image_url":{"full":["https:\/\/diariofemenino.com.ar\/df\/wp-content\/uploads\/2019\/03\/maricas-dictadura.jpg",535,335,false],"landscape":["https:\/\/diariofemenino.com.ar\/df\/wp-content\/uploads\/2019\/03\/maricas-dictadura.jpg",535,335,false],"portraits":["https:\/\/diariofemenino.com.ar\/df\/wp-content\/uploads\/2019\/03\/maricas-dictadura.jpg",535,335,false],"thumbnail":["https:\/\/diariofemenino.com.ar\/df\/wp-content\/uploads\/2019\/03\/maricas-dictadura-150x150.jpg",150,150,true],"medium":["https:\/\/diariofemenino.com.ar\/df\/wp-content\/uploads\/2019\/03\/maricas-dictadura-300x188.jpg",300,188,true],"large":["https:\/\/diariofemenino.com.ar\/df\/wp-content\/uploads\/2019\/03\/maricas-dictadura.jpg",535,335,false],"1536x1536":["https:\/\/diariofemenino.com.ar\/df\/wp-content\/uploads\/2019\/03\/maricas-dictadura.jpg",535,335,false],"2048x2048":["https:\/\/diariofemenino.com.ar\/df\/wp-content\/uploads\/2019\/03\/maricas-dictadura.jpg",535,335,false]},"rttpg_author":{"display_name":"Admin","author_link":"https:\/\/diariofemenino.com.ar\/df\/author\/sofiperez\/"},"rttpg_comment":0,"rttpg_category":"<a href=\"https:\/\/diariofemenino.com.ar\/df\/category\/articulos-y-comunicados\/\" rel=\"category tag\">Art\u00edculos y Comunicados<\/a> <a href=\"https:\/\/diariofemenino.com.ar\/df\/category\/noticias\/\" rel=\"category tag\">Noticias<\/a>","rttpg_excerpt":"Debates en torno a la cifra: son 30.400. Carlos Jauregui y el rol de la Conadep. La persecuci\u00f3n a homosexuales y travestis bajo gobiernos militares y democr\u00e1ticos. La reconstrucci\u00f3n de una memoria marica Por Facundo Montiel \u201cNo se averg\u00fcence de ser un hombrecito, que eso no tiene nada de malo sino todo lo contrario. No&hellip;","_links":{"self":[{"href":"https:\/\/diariofemenino.com.ar\/df\/wp-json\/wp\/v2\/posts\/33525","targetHints":{"allow":["GET"]}}],"collection":[{"href":"https:\/\/diariofemenino.com.ar\/df\/wp-json\/wp\/v2\/posts"}],"about":[{"href":"https:\/\/diariofemenino.com.ar\/df\/wp-json\/wp\/v2\/types\/post"}],"author":[{"embeddable":true,"href":"https:\/\/diariofemenino.com.ar\/df\/wp-json\/wp\/v2\/users\/3"}],"replies":[{"embeddable":true,"href":"https:\/\/diariofemenino.com.ar\/df\/wp-json\/wp\/v2\/comments?post=33525"}],"version-history":[{"count":0,"href":"https:\/\/diariofemenino.com.ar\/df\/wp-json\/wp\/v2\/posts\/33525\/revisions"}],"wp:featuredmedia":[{"embeddable":true,"href":"https:\/\/diariofemenino.com.ar\/df\/wp-json\/wp\/v2\/media\/33527"}],"wp:attachment":[{"href":"https:\/\/diariofemenino.com.ar\/df\/wp-json\/wp\/v2\/media?parent=33525"}],"wp:term":[{"taxonomy":"category","embeddable":true,"href":"https:\/\/diariofemenino.com.ar\/df\/wp-json\/wp\/v2\/categories?post=33525"},{"taxonomy":"post_tag","embeddable":true,"href":"https:\/\/diariofemenino.com.ar\/df\/wp-json\/wp\/v2\/tags?post=33525"}],"curies":[{"name":"wp","href":"https:\/\/api.w.org\/{rel}","templated":true}]}}