{"id":33519,"date":"2019-03-27T15:08:41","date_gmt":"2019-03-27T18:08:41","guid":{"rendered":"https:\/\/diariofemenino.com.ar\/?p=33519"},"modified":"2019-03-27T15:08:41","modified_gmt":"2019-03-27T18:08:41","slug":"necesitamos-un-codigo-penal-que-respete-los-derechos-humanos-y-no-que-los-vulnere","status":"publish","type":"post","link":"https:\/\/diariofemenino.com.ar\/df\/necesitamos-un-codigo-penal-que-respete-los-derechos-humanos-y-no-que-los-vulnere\/","title":{"rendered":"Necesitamos un C\u00f3digo Penal que respete los derechos humanos y no que los vulnere"},"content":{"rendered":"<p class=\"yiv4307168237MsoNormal\">Desde la\u00a0<b>Campa\u00f1a Nacional por el Derecho al Aborto Legal, Seguro y Gratuito<\/b>, repudiamos en\u00e9rgicamente la maniobra dilatoria y regresiva en t\u00e9rminos de derechos humanos del Poder Ejecutivo Nacional que, en un nuevo intento por condicionar nuestros derechos sexuales y reproductivos, envi\u00f3 al Congreso de la Naci\u00f3n un\u00a0<b>proyecto de reforma del C\u00f3digo Penal\u00a0<\/b>que implica no solo un desconocimiento de la normativa internacional en materia de DD. HH. vigente, sino tambi\u00e9n un grave retroceso en relaci\u00f3n con el debate social del 2018 y la media sanci\u00f3n de nuestro proyecto de ley de interrupci\u00f3n voluntaria del embarazo (IVE).<\/p>\n<p class=\"yiv4307168237MsoNormal\">Si bien esta iniciativa del Poder Ejecutivo Nacional busca modificar varios art\u00edculos, desde la Campa\u00f1a nos detendremos solamente en analizar aquellos que se relacionan con nuestros derechos sexuales y reproductivos, espec\u00edficamente, con la interrupci\u00f3n legal del embarazo (ILE): los art\u00edculos 85, 86, 87 y 88 del CP.<\/p>\n<p class=\"yiv4307168237MsoNormal\">El proyecto de modificaci\u00f3n sigue una l\u00ednea punitivista e incorpora como delito la \u201clesi\u00f3n a la persona por nacer\u201d (art\u00edculos 95, 96 y 97 ), en su forma dolosa (con intenci\u00f3n) y culposa (sin intenci\u00f3n). Este nuevo \u201cdelito\u201d le otorga al feto un estatus jur\u00eddico determinado, ajeno y distinto al cuerpo de la mujer o persona con capacidad de gestar, en un intento de equipararlo a una persona ya nacida. Esta cuesti\u00f3n ha sido ampliamente discutida, y tanto la Corte Suprema de Justicia de la Naci\u00f3n en el fallo F.A.L. como la Corte Interamericana de Derechos Humanos en la causa Artavia Murillo concluyeron que no representa delito.<\/p>\n<p class=\"yiv4307168237MsoNormal\">La reforma infringe el derecho a la autonom\u00eda de las mujeres y personas con capacidad de gestar, ampl\u00eda injustificadamente la posibilidad de castigar y va en contra de la promoci\u00f3n de derechos establecida por la Organizaci\u00f3n de las Naciones Unidas (ONU) y de la normativa vigente.<\/p>\n<p class=\"yiv4307168237MsoNormal\">Otro avance que se ve afectado es el acceso a la interrupci\u00f3n legal del embarazo: el c\u00f3digo penal en su art. 86 establece las causales para acceder a una interrupci\u00f3n legal del embarazo (ILE) y el Protocolo para la Atenci\u00f3n Integral de las Personas con Derecho a la Interrupci\u00f3n Legal del Embarazo (2015) adhiere a la definici\u00f3n de salud integral emitida por la Organizaci\u00f3n Mundial de la Salud (OMS). Las modificaciones solo mencionan el concepto de \u201csalud f\u00edsica o mental\u201d, lo que da lugar a que el t\u00e9rmino \u201csalud\u201d sea interpretado de forma restrictiva.<\/p>\n<p class=\"yiv4307168237MsoNormal\">El proyecto impulsado por el Ejecutivo es anacr\u00f3nico, atrasa y no tiene en cuenta derechos que como sociedad ya hemos incorporado. El encabezado que proponen para el art. 86 dice: \u201cSe impondr\u00e1n las penas establecidas en el art\u00edculo 85 e inhabilitaci\u00f3n especial por el doble del tiempo de la condena a prisi\u00f3n, a los m\u00e9dicos, cirujanos, parteras o farmac\u00e9uticos que abusaren de su ciencia o arte para causar el aborto o cooperaren a causarlo\u201d. El mismo Estado que impulsa este texto, por otro lado, insta a cumplir el Protocolo para la Atenci\u00f3n Integral de las Personas con Derecho a la Interrupci\u00f3n Legal del Embarazo y el Plan Nacional de Prevenci\u00f3n del Embarazo No Intencional en Adolescentes (Plan ENIA). Por otro lado, se incumple con la Ley 26.473 de Identidad de G\u00e9nero (2012), ya que se omite a otras personas con capacidad de gestar, negando as\u00ed los avances en materia de reconocimiento de los derechos humanos de las identidades de g\u00e9nero, conseguidos gracias a la lucha del movimiento LGBTTTIQ+.<\/p>\n<p class=\"yiv4307168237MsoNormal\">Este intento de reforma fue presentado a los medios de comunicaci\u00f3n como \u201cdespenalizaci\u00f3n\u201d del aborto, solo porque establece que si una mujer interrumpe su embarazo no ser\u00e1 penada. Es decir, que las personas que decidan interrumpir una gestaci\u00f3n deber\u00e1n hacerlo en la clandestinidad, de forma insegura y sin acompa\u00f1amiento, lo que profundizar\u00e1 las diferencias socioecon\u00f3micas entre quienes puedan pagar una pr\u00e1ctica en condiciones sanitarias m\u00e1s seguras y quienes no.<\/p>\n<p class=\"yiv4307168237MsoNormal\">Creemos firmemente que la mejor propuesta que se presentar\u00e1 en el Congreso sobre ampliaci\u00f3n de derechos sexuales y reproductivos ser\u00e1 el proyecto de ley de IVE que elaboramos desde la Campa\u00f1a Nacional por el Derecho al Aborto Legal, Seguro y Gratuito, de forma horizontal, con la participaci\u00f3n de todos los sectores que intervienen en esta realidad y con la incorporaci\u00f3n de conceptos modernos en el marco de la garant\u00eda de los derechos humanos de las mujeres y las identidades con capacidad de gestar.<\/p>\n<p class=\"yiv4307168237MsoNormal\">Los abusos sexuales, embarazos no deseados, abortos clandestinos e inseguros y dem\u00e1s problem\u00e1ticas que pesan sobre nuestros cuerpos deben ser resueltas con el dise\u00f1o de pol\u00edticas p\u00fablicas que garanticen los derechos humanos, la salud, la libertad, la autonom\u00eda y los proyectos de vida de las mujeres y otras identidades, no con amenazas penales.<\/p>\n<p>&nbsp;<\/p>\n<p>Comunicado Campa\u00f1a Nacional por el Derecho al Aborto Legal, Seguro y Gratuito.<\/p>\n","protected":false},"excerpt":{"rendered":"<p>Desde la\u00a0Campa\u00f1a Nacional por el Derecho al Aborto Legal, Seguro y Gratuito, repudiamos en\u00e9rgicamente la maniobra dilatoria y regresiva en t\u00e9rminos de derechos humanos del Poder Ejecutivo Nacional que, en un nuevo intento por condicionar nuestros derechos sexuales y reproductivos, envi\u00f3 al Congreso de la Naci\u00f3n un\u00a0proyecto de reforma del C\u00f3digo Penal\u00a0que implica no solo [&hellip;]<\/p>\n","protected":false},"author":3,"featured_media":33522,"comment_status":"open","ping_status":"open","sticky":false,"template":"","format":"standard","meta":{"iawp_total_views":1,"footnotes":""},"categories":[22],"tags":[42,1043,53,14],"class_list":["post-33519","post","type-post","status-publish","format-standard","has-post-thumbnail","hentry","category-aborto","tag-aborto","tag-aborto-no-punible","tag-derechos-de-las-mujeres","tag-salud-sexual-y-reproductiva"],"nelio_content":{"autoShareEndMode":"never","automationSources":{"useCustomSentences":false,"customSentences":[]},"efiAlt":"","efiUrl":"","followers":[3],"highlights":[],"isAutoShareEnabled":true,"networkImageIds":[],"permalinkQueryArgs":[],"series":[],"suggestedReferences":[]},"yoast_head":"<!-- This site is optimized with the Yoast SEO plugin v27.5 - https:\/\/yoast.com\/product\/yoast-seo-wordpress\/ -->\n<title>Necesitamos un C\u00f3digo Penal que respete los derechos humanos y no que los vulnere - Diario Digital Femenino<\/title>\n<meta name=\"description\" content=\"Necesitamos un C\u00f3digo Penal que respete los derechos humanos y no que los vulnere. La Campa\u00f1a Nacional repudiamos la maniobra dilatoria y regresiva en DDHH\" \/>\n<meta name=\"robots\" content=\"index, follow, max-snippet:-1, max-image-preview:large, max-video-preview:-1\" \/>\n<link rel=\"canonical\" href=\"https:\/\/diariofemenino.com.ar\/df\/necesitamos-un-codigo-penal-que-respete-los-derechos-humanos-y-no-que-los-vulnere\/\" \/>\n<meta property=\"og:locale\" content=\"es_ES\" \/>\n<meta property=\"og:type\" content=\"article\" \/>\n<meta property=\"og:title\" content=\"Necesitamos un C\u00f3digo Penal que respete los derechos humanos y no que los vulnere - Diario Digital Femenino\" \/>\n<meta property=\"og:description\" content=\"Necesitamos un C\u00f3digo Penal que respete los derechos humanos y no que los vulnere. La Campa\u00f1a Nacional repudiamos la maniobra dilatoria y regresiva en DDHH\" \/>\n<meta property=\"og:url\" content=\"https:\/\/diariofemenino.com.ar\/df\/necesitamos-un-codigo-penal-que-respete-los-derechos-humanos-y-no-que-los-vulnere\/\" \/>\n<meta property=\"og:site_name\" content=\"Diario Digital Femenino\" \/>\n<meta property=\"article:publisher\" content=\"https:\/\/www.facebook.com\/DiarioDigitaFemenino\/\" \/>\n<meta property=\"article:published_time\" content=\"2019-03-27T18:08:41+00:00\" \/>\n<meta property=\"og:image\" content=\"https:\/\/diariofemenino.com.ar\/df\/wp-content\/uploads\/2019\/03\/arton126326.jpg\" \/>\n\t<meta property=\"og:image:width\" content=\"801\" \/>\n\t<meta property=\"og:image:height\" content=\"453\" \/>\n\t<meta property=\"og:image:type\" content=\"image\/jpeg\" \/>\n<meta name=\"author\" content=\"Admin\" \/>\n<meta name=\"twitter:card\" content=\"summary_large_image\" \/>\n<meta name=\"twitter:creator\" content=\"@DiarioFemenino1\" \/>\n<meta name=\"twitter:site\" content=\"@DiarioFemenino1\" \/>\n<meta name=\"twitter:label1\" content=\"Escrito por\" \/>\n\t<meta name=\"twitter:data1\" content=\"Admin\" \/>\n\t<meta name=\"twitter:label2\" content=\"Tiempo de lectura\" \/>\n\t<meta name=\"twitter:data2\" content=\"4 minutos\" \/>\n<script type=\"application\/ld+json\" class=\"yoast-schema-graph\">{\"@context\":\"https:\\\/\\\/schema.org\",\"@graph\":[{\"@type\":\"Article\",\"@id\":\"https:\\\/\\\/diariofemenino.com.ar\\\/df\\\/necesitamos-un-codigo-penal-que-respete-los-derechos-humanos-y-no-que-los-vulnere\\\/#article\",\"isPartOf\":{\"@id\":\"https:\\\/\\\/diariofemenino.com.ar\\\/df\\\/necesitamos-un-codigo-penal-que-respete-los-derechos-humanos-y-no-que-los-vulnere\\\/\"},\"author\":{\"name\":\"Admin\",\"@id\":\"https:\\\/\\\/diariofemenino.com.ar\\\/df\\\/#\\\/schema\\\/person\\\/1c36bc3bf394d8ec320814298b4fdd3f\"},\"headline\":\"Necesitamos un C\u00f3digo Penal que respete los derechos humanos y no que los vulnere\",\"datePublished\":\"2019-03-27T18:08:41+00:00\",\"mainEntityOfPage\":{\"@id\":\"https:\\\/\\\/diariofemenino.com.ar\\\/df\\\/necesitamos-un-codigo-penal-que-respete-los-derechos-humanos-y-no-que-los-vulnere\\\/\"},\"wordCount\":848,\"commentCount\":0,\"publisher\":{\"@id\":\"https:\\\/\\\/diariofemenino.com.ar\\\/df\\\/#organization\"},\"image\":{\"@id\":\"https:\\\/\\\/diariofemenino.com.ar\\\/df\\\/necesitamos-un-codigo-penal-que-respete-los-derechos-humanos-y-no-que-los-vulnere\\\/#primaryimage\"},\"thumbnailUrl\":\"https:\\\/\\\/diariofemenino.com.ar\\\/df\\\/wp-content\\\/uploads\\\/2019\\\/03\\\/arton126326.jpg\",\"keywords\":[\"Aborto\",\"aborto no punible\",\"Derechos de las mujeres\",\"Salud Sexual y Reproductiva\"],\"articleSection\":[\"Aborto\"],\"inLanguage\":\"es\",\"potentialAction\":[{\"@type\":\"CommentAction\",\"name\":\"Comment\",\"target\":[\"https:\\\/\\\/diariofemenino.com.ar\\\/df\\\/necesitamos-un-codigo-penal-que-respete-los-derechos-humanos-y-no-que-los-vulnere\\\/#respond\"]}]},{\"@type\":\"WebPage\",\"@id\":\"https:\\\/\\\/diariofemenino.com.ar\\\/df\\\/necesitamos-un-codigo-penal-que-respete-los-derechos-humanos-y-no-que-los-vulnere\\\/\",\"url\":\"https:\\\/\\\/diariofemenino.com.ar\\\/df\\\/necesitamos-un-codigo-penal-que-respete-los-derechos-humanos-y-no-que-los-vulnere\\\/\",\"name\":\"Necesitamos un C\u00f3digo Penal que respete los derechos humanos y no que los vulnere - Diario Digital Femenino\",\"isPartOf\":{\"@id\":\"https:\\\/\\\/diariofemenino.com.ar\\\/df\\\/#website\"},\"primaryImageOfPage\":{\"@id\":\"https:\\\/\\\/diariofemenino.com.ar\\\/df\\\/necesitamos-un-codigo-penal-que-respete-los-derechos-humanos-y-no-que-los-vulnere\\\/#primaryimage\"},\"image\":{\"@id\":\"https:\\\/\\\/diariofemenino.com.ar\\\/df\\\/necesitamos-un-codigo-penal-que-respete-los-derechos-humanos-y-no-que-los-vulnere\\\/#primaryimage\"},\"thumbnailUrl\":\"https:\\\/\\\/diariofemenino.com.ar\\\/df\\\/wp-content\\\/uploads\\\/2019\\\/03\\\/arton126326.jpg\",\"datePublished\":\"2019-03-27T18:08:41+00:00\",\"description\":\"Necesitamos un C\u00f3digo Penal que respete los derechos humanos y no que los vulnere. La Campa\u00f1a Nacional repudiamos la maniobra dilatoria y regresiva en DDHH\",\"breadcrumb\":{\"@id\":\"https:\\\/\\\/diariofemenino.com.ar\\\/df\\\/necesitamos-un-codigo-penal-que-respete-los-derechos-humanos-y-no-que-los-vulnere\\\/#breadcrumb\"},\"inLanguage\":\"es\",\"potentialAction\":[{\"@type\":\"ReadAction\",\"target\":[\"https:\\\/\\\/diariofemenino.com.ar\\\/df\\\/necesitamos-un-codigo-penal-que-respete-los-derechos-humanos-y-no-que-los-vulnere\\\/\"]}]},{\"@type\":\"ImageObject\",\"inLanguage\":\"es\",\"@id\":\"https:\\\/\\\/diariofemenino.com.ar\\\/df\\\/necesitamos-un-codigo-penal-que-respete-los-derechos-humanos-y-no-que-los-vulnere\\\/#primaryimage\",\"url\":\"https:\\\/\\\/diariofemenino.com.ar\\\/df\\\/wp-content\\\/uploads\\\/2019\\\/03\\\/arton126326.jpg\",\"contentUrl\":\"https:\\\/\\\/diariofemenino.com.ar\\\/df\\\/wp-content\\\/uploads\\\/2019\\\/03\\\/arton126326.jpg\",\"width\":801,\"height\":453},{\"@type\":\"BreadcrumbList\",\"@id\":\"https:\\\/\\\/diariofemenino.com.ar\\\/df\\\/necesitamos-un-codigo-penal-que-respete-los-derechos-humanos-y-no-que-los-vulnere\\\/#breadcrumb\",\"itemListElement\":[{\"@type\":\"ListItem\",\"position\":1,\"name\":\"Portada\",\"item\":\"https:\\\/\\\/diariofemenino.com.ar\\\/df\\\/\"},{\"@type\":\"ListItem\",\"position\":2,\"name\":\"Necesitamos un C\u00f3digo Penal que respete los derechos humanos y no que los vulnere\"}]},{\"@type\":\"WebSite\",\"@id\":\"https:\\\/\\\/diariofemenino.com.ar\\\/df\\\/#website\",\"url\":\"https:\\\/\\\/diariofemenino.com.ar\\\/df\\\/\",\"name\":\"Diario Digital Femenino\",\"description\":\"Cuesti\u00f3n de G\u00e9nero\",\"publisher\":{\"@id\":\"https:\\\/\\\/diariofemenino.com.ar\\\/df\\\/#organization\"},\"potentialAction\":[{\"@type\":\"SearchAction\",\"target\":{\"@type\":\"EntryPoint\",\"urlTemplate\":\"https:\\\/\\\/diariofemenino.com.ar\\\/df\\\/?s={search_term_string}\"},\"query-input\":{\"@type\":\"PropertyValueSpecification\",\"valueRequired\":true,\"valueName\":\"search_term_string\"}}],\"inLanguage\":\"es\"},{\"@type\":\"Organization\",\"@id\":\"https:\\\/\\\/diariofemenino.com.ar\\\/df\\\/#organization\",\"name\":\"Diario Femenino\",\"url\":\"https:\\\/\\\/diariofemenino.com.ar\\\/df\\\/\",\"logo\":{\"@type\":\"ImageObject\",\"inLanguage\":\"es\",\"@id\":\"https:\\\/\\\/diariofemenino.com.ar\\\/df\\\/#\\\/schema\\\/logo\\\/image\\\/\",\"url\":\"https:\\\/\\\/diariofemenino.com.ar\\\/df\\\/wp-content\\\/uploads\\\/2018\\\/10\\\/logo.png\",\"contentUrl\":\"https:\\\/\\\/diariofemenino.com.ar\\\/df\\\/wp-content\\\/uploads\\\/2018\\\/10\\\/logo.png\",\"width\":500,\"height\":92,\"caption\":\"Diario Femenino\"},\"image\":{\"@id\":\"https:\\\/\\\/diariofemenino.com.ar\\\/df\\\/#\\\/schema\\\/logo\\\/image\\\/\"},\"sameAs\":[\"https:\\\/\\\/www.facebook.com\\\/DiarioDigitaFemenino\\\/\",\"https:\\\/\\\/x.com\\\/DiarioFemenino1\"]},{\"@type\":\"Person\",\"@id\":\"https:\\\/\\\/diariofemenino.com.ar\\\/df\\\/#\\\/schema\\\/person\\\/1c36bc3bf394d8ec320814298b4fdd3f\",\"name\":\"Admin\",\"image\":{\"@type\":\"ImageObject\",\"inLanguage\":\"es\",\"@id\":\"https:\\\/\\\/diariofemenino.com.ar\\\/df\\\/wp-content\\\/uploads\\\/2018\\\/12\\\/favicon-150x150.jpg\",\"url\":\"https:\\\/\\\/diariofemenino.com.ar\\\/df\\\/wp-content\\\/uploads\\\/2018\\\/12\\\/favicon-150x150.jpg\",\"contentUrl\":\"https:\\\/\\\/diariofemenino.com.ar\\\/df\\\/wp-content\\\/uploads\\\/2018\\\/12\\\/favicon-150x150.jpg\",\"caption\":\"Admin\"},\"url\":\"https:\\\/\\\/diariofemenino.com.ar\\\/df\\\/author\\\/sofiperez\\\/\"}]}<\/script>\n<!-- \/ Yoast SEO plugin. -->","yoast_head_json":{"title":"Necesitamos un C\u00f3digo Penal que respete los derechos humanos y no que los vulnere - Diario Digital Femenino","description":"Necesitamos un C\u00f3digo Penal que respete los derechos humanos y no que los vulnere. La Campa\u00f1a Nacional repudiamos la maniobra dilatoria y regresiva en DDHH","robots":{"index":"index","follow":"follow","max-snippet":"max-snippet:-1","max-image-preview":"max-image-preview:large","max-video-preview":"max-video-preview:-1"},"canonical":"https:\/\/diariofemenino.com.ar\/df\/necesitamos-un-codigo-penal-que-respete-los-derechos-humanos-y-no-que-los-vulnere\/","og_locale":"es_ES","og_type":"article","og_title":"Necesitamos un C\u00f3digo Penal que respete los derechos humanos y no que los vulnere - Diario Digital Femenino","og_description":"Necesitamos un C\u00f3digo Penal que respete los derechos humanos y no que los vulnere. La Campa\u00f1a Nacional repudiamos la maniobra dilatoria y regresiva en DDHH","og_url":"https:\/\/diariofemenino.com.ar\/df\/necesitamos-un-codigo-penal-que-respete-los-derechos-humanos-y-no-que-los-vulnere\/","og_site_name":"Diario Digital Femenino","article_publisher":"https:\/\/www.facebook.com\/DiarioDigitaFemenino\/","article_published_time":"2019-03-27T18:08:41+00:00","og_image":[{"width":801,"height":453,"url":"https:\/\/diariofemenino.com.ar\/df\/wp-content\/uploads\/2019\/03\/arton126326.jpg","type":"image\/jpeg"}],"author":"Admin","twitter_card":"summary_large_image","twitter_creator":"@DiarioFemenino1","twitter_site":"@DiarioFemenino1","twitter_misc":{"Escrito por":"Admin","Tiempo de lectura":"4 minutos"},"schema":{"@context":"https:\/\/schema.org","@graph":[{"@type":"Article","@id":"https:\/\/diariofemenino.com.ar\/df\/necesitamos-un-codigo-penal-que-respete-los-derechos-humanos-y-no-que-los-vulnere\/#article","isPartOf":{"@id":"https:\/\/diariofemenino.com.ar\/df\/necesitamos-un-codigo-penal-que-respete-los-derechos-humanos-y-no-que-los-vulnere\/"},"author":{"name":"Admin","@id":"https:\/\/diariofemenino.com.ar\/df\/#\/schema\/person\/1c36bc3bf394d8ec320814298b4fdd3f"},"headline":"Necesitamos un C\u00f3digo Penal que respete los derechos humanos y no que los vulnere","datePublished":"2019-03-27T18:08:41+00:00","mainEntityOfPage":{"@id":"https:\/\/diariofemenino.com.ar\/df\/necesitamos-un-codigo-penal-que-respete-los-derechos-humanos-y-no-que-los-vulnere\/"},"wordCount":848,"commentCount":0,"publisher":{"@id":"https:\/\/diariofemenino.com.ar\/df\/#organization"},"image":{"@id":"https:\/\/diariofemenino.com.ar\/df\/necesitamos-un-codigo-penal-que-respete-los-derechos-humanos-y-no-que-los-vulnere\/#primaryimage"},"thumbnailUrl":"https:\/\/diariofemenino.com.ar\/df\/wp-content\/uploads\/2019\/03\/arton126326.jpg","keywords":["Aborto","aborto no punible","Derechos de las mujeres","Salud Sexual y Reproductiva"],"articleSection":["Aborto"],"inLanguage":"es","potentialAction":[{"@type":"CommentAction","name":"Comment","target":["https:\/\/diariofemenino.com.ar\/df\/necesitamos-un-codigo-penal-que-respete-los-derechos-humanos-y-no-que-los-vulnere\/#respond"]}]},{"@type":"WebPage","@id":"https:\/\/diariofemenino.com.ar\/df\/necesitamos-un-codigo-penal-que-respete-los-derechos-humanos-y-no-que-los-vulnere\/","url":"https:\/\/diariofemenino.com.ar\/df\/necesitamos-un-codigo-penal-que-respete-los-derechos-humanos-y-no-que-los-vulnere\/","name":"Necesitamos un C\u00f3digo Penal que respete los derechos humanos y no que los vulnere - Diario Digital Femenino","isPartOf":{"@id":"https:\/\/diariofemenino.com.ar\/df\/#website"},"primaryImageOfPage":{"@id":"https:\/\/diariofemenino.com.ar\/df\/necesitamos-un-codigo-penal-que-respete-los-derechos-humanos-y-no-que-los-vulnere\/#primaryimage"},"image":{"@id":"https:\/\/diariofemenino.com.ar\/df\/necesitamos-un-codigo-penal-que-respete-los-derechos-humanos-y-no-que-los-vulnere\/#primaryimage"},"thumbnailUrl":"https:\/\/diariofemenino.com.ar\/df\/wp-content\/uploads\/2019\/03\/arton126326.jpg","datePublished":"2019-03-27T18:08:41+00:00","description":"Necesitamos un C\u00f3digo Penal que respete los derechos humanos y no que los vulnere. La Campa\u00f1a Nacional repudiamos la maniobra dilatoria y regresiva en DDHH","breadcrumb":{"@id":"https:\/\/diariofemenino.com.ar\/df\/necesitamos-un-codigo-penal-que-respete-los-derechos-humanos-y-no-que-los-vulnere\/#breadcrumb"},"inLanguage":"es","potentialAction":[{"@type":"ReadAction","target":["https:\/\/diariofemenino.com.ar\/df\/necesitamos-un-codigo-penal-que-respete-los-derechos-humanos-y-no-que-los-vulnere\/"]}]},{"@type":"ImageObject","inLanguage":"es","@id":"https:\/\/diariofemenino.com.ar\/df\/necesitamos-un-codigo-penal-que-respete-los-derechos-humanos-y-no-que-los-vulnere\/#primaryimage","url":"https:\/\/diariofemenino.com.ar\/df\/wp-content\/uploads\/2019\/03\/arton126326.jpg","contentUrl":"https:\/\/diariofemenino.com.ar\/df\/wp-content\/uploads\/2019\/03\/arton126326.jpg","width":801,"height":453},{"@type":"BreadcrumbList","@id":"https:\/\/diariofemenino.com.ar\/df\/necesitamos-un-codigo-penal-que-respete-los-derechos-humanos-y-no-que-los-vulnere\/#breadcrumb","itemListElement":[{"@type":"ListItem","position":1,"name":"Portada","item":"https:\/\/diariofemenino.com.ar\/df\/"},{"@type":"ListItem","position":2,"name":"Necesitamos un C\u00f3digo Penal que respete los derechos humanos y no que los vulnere"}]},{"@type":"WebSite","@id":"https:\/\/diariofemenino.com.ar\/df\/#website","url":"https:\/\/diariofemenino.com.ar\/df\/","name":"Diario Digital Femenino","description":"Cuesti\u00f3n de G\u00e9nero","publisher":{"@id":"https:\/\/diariofemenino.com.ar\/df\/#organization"},"potentialAction":[{"@type":"SearchAction","target":{"@type":"EntryPoint","urlTemplate":"https:\/\/diariofemenino.com.ar\/df\/?s={search_term_string}"},"query-input":{"@type":"PropertyValueSpecification","valueRequired":true,"valueName":"search_term_string"}}],"inLanguage":"es"},{"@type":"Organization","@id":"https:\/\/diariofemenino.com.ar\/df\/#organization","name":"Diario Femenino","url":"https:\/\/diariofemenino.com.ar\/df\/","logo":{"@type":"ImageObject","inLanguage":"es","@id":"https:\/\/diariofemenino.com.ar\/df\/#\/schema\/logo\/image\/","url":"https:\/\/diariofemenino.com.ar\/df\/wp-content\/uploads\/2018\/10\/logo.png","contentUrl":"https:\/\/diariofemenino.com.ar\/df\/wp-content\/uploads\/2018\/10\/logo.png","width":500,"height":92,"caption":"Diario Femenino"},"image":{"@id":"https:\/\/diariofemenino.com.ar\/df\/#\/schema\/logo\/image\/"},"sameAs":["https:\/\/www.facebook.com\/DiarioDigitaFemenino\/","https:\/\/x.com\/DiarioFemenino1"]},{"@type":"Person","@id":"https:\/\/diariofemenino.com.ar\/df\/#\/schema\/person\/1c36bc3bf394d8ec320814298b4fdd3f","name":"Admin","image":{"@type":"ImageObject","inLanguage":"es","@id":"https:\/\/diariofemenino.com.ar\/df\/wp-content\/uploads\/2018\/12\/favicon-150x150.jpg","url":"https:\/\/diariofemenino.com.ar\/df\/wp-content\/uploads\/2018\/12\/favicon-150x150.jpg","contentUrl":"https:\/\/diariofemenino.com.ar\/df\/wp-content\/uploads\/2018\/12\/favicon-150x150.jpg","caption":"Admin"},"url":"https:\/\/diariofemenino.com.ar\/df\/author\/sofiperez\/"}]}},"jetpack_featured_media_url":"https:\/\/diariofemenino.com.ar\/df\/wp-content\/uploads\/2019\/03\/arton126326.jpg","jetpack_sharing_enabled":true,"rttpg_featured_image_url":{"full":["https:\/\/diariofemenino.com.ar\/df\/wp-content\/uploads\/2019\/03\/arton126326.jpg",801,453,false],"landscape":["https:\/\/diariofemenino.com.ar\/df\/wp-content\/uploads\/2019\/03\/arton126326.jpg",801,453,false],"portraits":["https:\/\/diariofemenino.com.ar\/df\/wp-content\/uploads\/2019\/03\/arton126326.jpg",801,453,false],"thumbnail":["https:\/\/diariofemenino.com.ar\/df\/wp-content\/uploads\/2019\/03\/arton126326-150x150.jpg",150,150,true],"medium":["https:\/\/diariofemenino.com.ar\/df\/wp-content\/uploads\/2019\/03\/arton126326-300x170.jpg",300,170,true],"large":["https:\/\/diariofemenino.com.ar\/df\/wp-content\/uploads\/2019\/03\/arton126326.jpg",801,453,false],"1536x1536":["https:\/\/diariofemenino.com.ar\/df\/wp-content\/uploads\/2019\/03\/arton126326.jpg",801,453,false],"2048x2048":["https:\/\/diariofemenino.com.ar\/df\/wp-content\/uploads\/2019\/03\/arton126326.jpg",801,453,false]},"rttpg_author":{"display_name":"Admin","author_link":"https:\/\/diariofemenino.com.ar\/df\/author\/sofiperez\/"},"rttpg_comment":0,"rttpg_category":"<a href=\"https:\/\/diariofemenino.com.ar\/df\/category\/aborto\/\" rel=\"category tag\">Aborto<\/a>","rttpg_excerpt":"Desde la\u00a0Campa\u00f1a Nacional por el Derecho al Aborto Legal, Seguro y Gratuito, repudiamos en\u00e9rgicamente la maniobra dilatoria y regresiva en t\u00e9rminos de derechos humanos del Poder Ejecutivo Nacional que, en un nuevo intento por condicionar nuestros derechos sexuales y reproductivos, envi\u00f3 al Congreso de la Naci\u00f3n un\u00a0proyecto de reforma del C\u00f3digo Penal\u00a0que implica no solo&hellip;","_links":{"self":[{"href":"https:\/\/diariofemenino.com.ar\/df\/wp-json\/wp\/v2\/posts\/33519","targetHints":{"allow":["GET"]}}],"collection":[{"href":"https:\/\/diariofemenino.com.ar\/df\/wp-json\/wp\/v2\/posts"}],"about":[{"href":"https:\/\/diariofemenino.com.ar\/df\/wp-json\/wp\/v2\/types\/post"}],"author":[{"embeddable":true,"href":"https:\/\/diariofemenino.com.ar\/df\/wp-json\/wp\/v2\/users\/3"}],"replies":[{"embeddable":true,"href":"https:\/\/diariofemenino.com.ar\/df\/wp-json\/wp\/v2\/comments?post=33519"}],"version-history":[{"count":0,"href":"https:\/\/diariofemenino.com.ar\/df\/wp-json\/wp\/v2\/posts\/33519\/revisions"}],"wp:featuredmedia":[{"embeddable":true,"href":"https:\/\/diariofemenino.com.ar\/df\/wp-json\/wp\/v2\/media\/33522"}],"wp:attachment":[{"href":"https:\/\/diariofemenino.com.ar\/df\/wp-json\/wp\/v2\/media?parent=33519"}],"wp:term":[{"taxonomy":"category","embeddable":true,"href":"https:\/\/diariofemenino.com.ar\/df\/wp-json\/wp\/v2\/categories?post=33519"},{"taxonomy":"post_tag","embeddable":true,"href":"https:\/\/diariofemenino.com.ar\/df\/wp-json\/wp\/v2\/tags?post=33519"}],"curies":[{"name":"wp","href":"https:\/\/api.w.org\/{rel}","templated":true}]}}