{"id":33273,"date":"2019-03-21T18:22:16","date_gmt":"2019-03-21T21:22:16","guid":{"rendered":"https:\/\/diariofemenino.com.ar\/?p=33273"},"modified":"2019-03-21T18:22:16","modified_gmt":"2019-03-21T21:22:16","slug":"gorda","status":"publish","type":"post","link":"https:\/\/diariofemenino.com.ar\/df\/gorda\/","title":{"rendered":"Gorda"},"content":{"rendered":"<h3>Fui a cambiarme de prepaga y me dijeron que iba a tener que pagar un extra por sobrepeso. Se deduce que mi cuerpo es algo que est\u00e1 mal.<\/h3>\n<h5>Por: Alejandra Benz<\/h5>\n<p>Hace un tiempo quise cambiarme de prepaga. Fui a averiguar a\u00a0Federada Salud, me atendi\u00f3 un asesor que me cont\u00f3 m\u00e1s o menos c\u00f3mo eran los planes de atenci\u00f3n. Cuando le ped\u00ed que se explayara un poco m\u00e1s me pregunt\u00f3: \u00bfPor qu\u00e9 te quer\u00e9s cambiar? Y me sugiri\u00f3 que no intentara hacer el traspaso porque seguramente me lo iba a denegar la auditor\u00eda m\u00e9dica por mi sobrepeso.<\/p>\n<p>Me comenta que me van a medir el IMC (\u00cdndice de Masa Corporal) y que probablemente los valores me van a dar alterados y que en caso de que llegaran a admitirme en la prepaga iba a tener que pagar una sobrecuota por el sobrepeso. Qued\u00e9 at\u00f3nita. Solo atin\u00e9 a decir que no pod\u00eda creer lo que me estaba diciendo, a lo que me comenta que lo que pasa es que con esto de la cirug\u00eda bari\u00e1trica muchas chicas se cambiaban de prepagas s\u00f3lo para que les cubran la operaci\u00f3n y que, bueno, eso no estaba bien. Escuch\u00e9 en silencio todo un argumento en tono paternalista de que \u00e9l me entend\u00eda porque era gordito, pero que las cosas eran as\u00ed. Me fui sin siquiera tener los papeles para iniciar el tr\u00e1mite. No solo deber\u00eda pagar con dinero extra por el volumen de mi cuerpo, sino que adem\u00e1s era vista como una potencial estafadora al sistema de salud queriendo beneficiarme con un bypass g\u00e1strico, ya presuponiendo que mi intenci\u00f3n es bajar de peso, lo cual es obvio porque en sus dichos se deduce que mi cuerpo es algo que est\u00e1 mal, algo a corregir.<\/p>\n<p>Claro que nunca me preguntaron si era fumadora, si ten\u00eda alguna enfermedad de base o antecedentes. Mi sola presencia f\u00edsica era muestra de mi insalubridad. Iba a tener que pagar con plata por cada kilo de m\u00e1s. Cuando sal\u00ed de ah\u00ed llor\u00e9, pero era un llanto distinto, nuevo. No era ya un llanto de la nena gorda que siente culpa, de la adolescente gorda que se siente fea. Era un llanto de bronca, de odio, de enojo. Un llanto de \u201cimpulsi\u00f3n\u201d a cambiar toda esta mierda, ya no estoy sola en esto, hay muchas voces que me anteceden y me acompa\u00f1an.<\/p>\n<p>Este episodio con la prepaga es el \u00faltimo y m\u00e1s novedoso en la l\u00ednea de los maltratos y angustias a los que me vi sometida como parte de un colectivo de cuerpos disidentes, de cuerpos que no encajan con lo que se espera. De cuerpos que no se piensan en su individualidad y son ya etiquetados previamente como insalubres e indeseables. El cuerpo que habito sigue siendo una ofensa para otres.<\/p>\n<p>Algunas situaciones o emociones por las que atraves\u00e9 por lo menos una vez en mi vida:<\/p>\n<ul>\n<li>Nadie me va a desear<\/li>\n<li>Mi familia quiere que cambie<\/li>\n<li>La ropa que me gusta no me entra<\/li>\n<li>Dietas<\/li>\n<li>M\u00e9dicos<\/li>\n<li>Pastillas<\/li>\n<li>V\u00f3mitos<\/li>\n<li>Aislamiento<\/li>\n<li>No cuento que gusto de nadie porque creo que no van a gustar de m\u00ed<\/li>\n<li>Me da miedo que me griten cosas por la calle en relaci\u00f3n a mi gordura<\/li>\n<li>Me gritan cosas por la calle en relaci\u00f3n a mi gordura<\/li>\n<li>Gente que conozco y que no conozco opina negativamente sobre mi cuerpo<\/li>\n<li>No me muestro en malla delante de nadie<\/li>\n<li>Me meto a la pileta con remera<\/li>\n<li>No como en p\u00fablico<\/li>\n<li>Uso ropa oscura y holgada<\/li>\n<li>No uso polleras ni vestidos<\/li>\n<li>Como escondida<\/li>\n<li>Me compro la ropa que me entra aunque no me guste<\/li>\n<li>Si alguien se fija en m\u00ed desconf\u00edo, creo que es una burla<\/li>\n<li>Me alegro si adelgazo<\/li>\n<li>No me miro al espejo<\/li>\n<li>No me saco fotos<\/li>\n<li>La gente que me rodea se alegra si adelgazo, me dicen que estoy m\u00e1s linda<\/li>\n<li>Tengo sexo con poca luz<\/li>\n<li>Tengo miedo de no entrar en alg\u00fan asiento o de pasar por alg\u00fan lugar estrecho<\/li>\n<li>Me da mucha ansiedad que la gente hable de cu\u00e1nto pesa<\/li>\n<li>La gente que me rodea y yo misma hacemos comentarios hirientes sobre la figura de los dem\u00e1s<\/li>\n<li>Culpa de comer<\/li>\n<li>Guardo ropa que me dej\u00f3 de entrar para cuando adelgace<\/li>\n<li>Me compro cosas que no me entran para cuando adelgace<\/li>\n<li>Rechazo invitaciones a hacer deporte por verg\u00fcenza<\/li>\n<\/ul>\n<p>Esta enumeraci\u00f3n podr\u00eda ser mucho m\u00e1s larga. Es arbitraria, caprichosa y sometida a los impulsos de una memoria aletargada y quiz\u00e1s un poco cansada de atravesar ciertas zonas de opacidad emocional.<\/p>\n<p>Les gordes nos manejamos durante un buen tiempo por la v\u00eda del ocultamiento, usamos la estrategia de \u201cque no se note\u201d que somos gordes, que tenemos rollos, que comemos. Ese oscurantismo corporal se termin\u00f3. Somos muches y abrazo a cada une de les activistxs gordxs que nos nombran y que nos contienen en toda nuestra inmensidad y desmesura, atraves\u00e1ndonos con palabras en la b\u00fasqueda de un nuevo orden simb\u00f3lico.<\/p>\n<p>Tengo 35 a\u00f1os, soy psic\u00f3loga, lesbiana, escritora y gorda. La mayor\u00eda de las cosas de la lista que enumer\u00e9 ya no me suceden, o por lo menos, no con la misma intensidad.<\/p>\n<p>Este relato es un agradecimiento a la militancia gordx que nos permite pensarnos como colectivo y resignificar nuestras vivencias para salir a demandar lo que queremos y nos fue negado. Es tambi\u00e9n un llamado a salir del closet de la gordura, nos necesitamos y nos tenemos.<\/p>\n<p>Soy una militante del discurso y en relaci\u00f3n a esto la ecuaci\u00f3n simb\u00f3lica es bastante evidente, los recuerdos traum\u00e1ticos que tengo con respecto a la gordura son todos en palabras, principalmente una: GORDA. Esa es la palabra\u00a0 y el s\u00edmbolo que hoy muches queremos como bandera.<\/p>\n<p>La autoaceptaci\u00f3n, el amor propio son la base pero no alcanza, necesitamos exigir todo lo que se nos neg\u00f3, enojarnos y permitirnos ese enojo. Ganarle al rechazo con prepotencia de deseo. No estoy enferma, no soy fea, soy gorda, eso s\u00ed, y me van a escuchar. En esta lucha tambi\u00e9n la verg\u00fcenza tiene que cambiar de lado, no vamos a permitir m\u00e1s la violencia sobre nuestros cuerpos.<\/p>\n<p>Mi cuerpo es deseable, es deseado. Soy sexy, sensual, provocadora porque puedo. Y quien piense que no, \u00a0que trate de arrebat\u00e1rmelo. Es mi derecho y lo hago posible todos los d\u00edas en que se lo disputo al mundo, algunas veces con m\u00e1s \u00e9xito que otras. El mundo en s\u00ed mismo puede no tener ning\u00fan atributo, por eso lo que hacemos es pedirle todo lo posible.<\/p>\n<p>No me voy a conformar, porque no tengo forma, ni la que me impusieron ni la que me mendigan. Les gordes vamos por todo y tenemos mucha hambre. Nos vamos a comer al deseo normado y al discurso patologizante sobre nuestros cuerpos.<\/p>\n<p>\u00a1C\u00f3rranse! estamos haciendo una revoluci\u00f3n y necesitamos mucho espacio.<\/p>\n<p>&nbsp;<\/p>\n<p>Fuente: <a href=\"http:\/\/revistarea.com\/gorda\/?fbclid=IwAR00cfHsNLWSRm2NBTjCTU-7PKYE2hMW_STqFAR1RbA5tVs2NJcx5Bs1Sjg\">Rea Revista<\/a><\/p>\n","protected":false},"excerpt":{"rendered":"<p>Fui a cambiarme de prepaga y me dijeron que iba a tener que pagar un extra por sobrepeso. Se deduce que mi cuerpo es algo que est\u00e1 mal. Por: Alejandra Benz Hace un tiempo quise cambiarme de prepaga. Fui a averiguar a\u00a0Federada Salud, me atendi\u00f3 un asesor que me cont\u00f3 m\u00e1s o menos c\u00f3mo eran [&hellip;]<\/p>\n","protected":false},"author":3,"featured_media":33275,"comment_status":"open","ping_status":"open","sticky":false,"template":"","format":"standard","meta":{"iawp_total_views":30,"footnotes":""},"categories":[23],"tags":[25,53,33,26,34,130],"class_list":["post-33273","post","type-post","status-publish","format-standard","has-post-thumbnail","hentry","category-salud","tag-activismo","tag-derechos-de-las-mujeres","tag-discriminacion","tag-feminismo","tag-machismo","tag-mujeres"],"nelio_content":{"autoShareEndMode":"never","automationSources":{"useCustomSentences":false,"customSentences":[]},"efiAlt":"","efiUrl":"","followers":[3],"highlights":[],"isAutoShareEnabled":true,"networkImageIds":[],"permalinkQueryArgs":[],"series":[],"suggestedReferences":[]},"yoast_head":"<!-- This site is optimized with the Yoast SEO plugin v27.5 - https:\/\/yoast.com\/product\/yoast-seo-wordpress\/ -->\n<title>Gorda - Diario Digital Femenino<\/title>\n<meta name=\"description\" content=\"Gorda. Fui a cambiarme de prepaga y me dijeron que iba a tener que pagar un extra por sobrepeso. Se deduce que mi cuerpo es algo que est\u00e1 mal.\" \/>\n<meta name=\"robots\" content=\"index, follow, max-snippet:-1, max-image-preview:large, max-video-preview:-1\" \/>\n<link rel=\"canonical\" href=\"https:\/\/diariofemenino.com.ar\/df\/gorda\/\" \/>\n<meta property=\"og:locale\" content=\"es_ES\" \/>\n<meta property=\"og:type\" content=\"article\" \/>\n<meta property=\"og:title\" content=\"Gorda - Diario Digital Femenino\" \/>\n<meta property=\"og:description\" content=\"Gorda. Fui a cambiarme de prepaga y me dijeron que iba a tener que pagar un extra por sobrepeso. Se deduce que mi cuerpo es algo que est\u00e1 mal.\" \/>\n<meta property=\"og:url\" content=\"https:\/\/diariofemenino.com.ar\/df\/gorda\/\" \/>\n<meta property=\"og:site_name\" content=\"Diario Digital Femenino\" \/>\n<meta property=\"article:publisher\" content=\"https:\/\/www.facebook.com\/DiarioDigitaFemenino\/\" \/>\n<meta property=\"article:published_time\" content=\"2019-03-21T21:22:16+00:00\" \/>\n<meta property=\"og:image\" content=\"https:\/\/diariofemenino.com.ar\/df\/wp-content\/uploads\/2019\/03\/gorda.jpg\" \/>\n\t<meta property=\"og:image:width\" content=\"1920\" \/>\n\t<meta property=\"og:image:height\" content=\"1080\" \/>\n\t<meta property=\"og:image:type\" content=\"image\/jpeg\" \/>\n<meta name=\"author\" content=\"Admin\" \/>\n<meta name=\"twitter:card\" content=\"summary_large_image\" \/>\n<meta name=\"twitter:creator\" content=\"@DiarioFemenino1\" \/>\n<meta name=\"twitter:site\" content=\"@DiarioFemenino1\" \/>\n<meta name=\"twitter:label1\" content=\"Escrito por\" \/>\n\t<meta name=\"twitter:data1\" content=\"Admin\" \/>\n\t<meta name=\"twitter:label2\" content=\"Tiempo de lectura\" \/>\n\t<meta name=\"twitter:data2\" content=\"6 minutos\" \/>\n<script type=\"application\/ld+json\" class=\"yoast-schema-graph\">{\"@context\":\"https:\\\/\\\/schema.org\",\"@graph\":[{\"@type\":\"Article\",\"@id\":\"https:\\\/\\\/diariofemenino.com.ar\\\/df\\\/gorda\\\/#article\",\"isPartOf\":{\"@id\":\"https:\\\/\\\/diariofemenino.com.ar\\\/df\\\/gorda\\\/\"},\"author\":{\"name\":\"Admin\",\"@id\":\"https:\\\/\\\/diariofemenino.com.ar\\\/df\\\/#\\\/schema\\\/person\\\/1c36bc3bf394d8ec320814298b4fdd3f\"},\"headline\":\"Gorda\",\"datePublished\":\"2019-03-21T21:22:16+00:00\",\"mainEntityOfPage\":{\"@id\":\"https:\\\/\\\/diariofemenino.com.ar\\\/df\\\/gorda\\\/\"},\"wordCount\":1191,\"commentCount\":0,\"publisher\":{\"@id\":\"https:\\\/\\\/diariofemenino.com.ar\\\/df\\\/#organization\"},\"image\":{\"@id\":\"https:\\\/\\\/diariofemenino.com.ar\\\/df\\\/gorda\\\/#primaryimage\"},\"thumbnailUrl\":\"https:\\\/\\\/diariofemenino.com.ar\\\/df\\\/wp-content\\\/uploads\\\/2019\\\/03\\\/gorda.jpg\",\"keywords\":[\"Activismo\",\"Derechos de las mujeres\",\"Discriminaci\u00f3n\",\"Feminismo\",\"Machismo\",\"Mujeres\"],\"articleSection\":[\"Salud\"],\"inLanguage\":\"es\",\"potentialAction\":[{\"@type\":\"CommentAction\",\"name\":\"Comment\",\"target\":[\"https:\\\/\\\/diariofemenino.com.ar\\\/df\\\/gorda\\\/#respond\"]}]},{\"@type\":\"WebPage\",\"@id\":\"https:\\\/\\\/diariofemenino.com.ar\\\/df\\\/gorda\\\/\",\"url\":\"https:\\\/\\\/diariofemenino.com.ar\\\/df\\\/gorda\\\/\",\"name\":\"Gorda - Diario Digital Femenino\",\"isPartOf\":{\"@id\":\"https:\\\/\\\/diariofemenino.com.ar\\\/df\\\/#website\"},\"primaryImageOfPage\":{\"@id\":\"https:\\\/\\\/diariofemenino.com.ar\\\/df\\\/gorda\\\/#primaryimage\"},\"image\":{\"@id\":\"https:\\\/\\\/diariofemenino.com.ar\\\/df\\\/gorda\\\/#primaryimage\"},\"thumbnailUrl\":\"https:\\\/\\\/diariofemenino.com.ar\\\/df\\\/wp-content\\\/uploads\\\/2019\\\/03\\\/gorda.jpg\",\"datePublished\":\"2019-03-21T21:22:16+00:00\",\"description\":\"Gorda. Fui a cambiarme de prepaga y me dijeron que iba a tener que pagar un extra por sobrepeso. Se deduce que mi cuerpo es algo que est\u00e1 mal.\",\"breadcrumb\":{\"@id\":\"https:\\\/\\\/diariofemenino.com.ar\\\/df\\\/gorda\\\/#breadcrumb\"},\"inLanguage\":\"es\",\"potentialAction\":[{\"@type\":\"ReadAction\",\"target\":[\"https:\\\/\\\/diariofemenino.com.ar\\\/df\\\/gorda\\\/\"]}]},{\"@type\":\"ImageObject\",\"inLanguage\":\"es\",\"@id\":\"https:\\\/\\\/diariofemenino.com.ar\\\/df\\\/gorda\\\/#primaryimage\",\"url\":\"https:\\\/\\\/diariofemenino.com.ar\\\/df\\\/wp-content\\\/uploads\\\/2019\\\/03\\\/gorda.jpg\",\"contentUrl\":\"https:\\\/\\\/diariofemenino.com.ar\\\/df\\\/wp-content\\\/uploads\\\/2019\\\/03\\\/gorda.jpg\",\"width\":1920,\"height\":1080},{\"@type\":\"BreadcrumbList\",\"@id\":\"https:\\\/\\\/diariofemenino.com.ar\\\/df\\\/gorda\\\/#breadcrumb\",\"itemListElement\":[{\"@type\":\"ListItem\",\"position\":1,\"name\":\"Portada\",\"item\":\"https:\\\/\\\/diariofemenino.com.ar\\\/df\\\/\"},{\"@type\":\"ListItem\",\"position\":2,\"name\":\"Gorda\"}]},{\"@type\":\"WebSite\",\"@id\":\"https:\\\/\\\/diariofemenino.com.ar\\\/df\\\/#website\",\"url\":\"https:\\\/\\\/diariofemenino.com.ar\\\/df\\\/\",\"name\":\"Diario Digital Femenino\",\"description\":\"Cuesti\u00f3n de G\u00e9nero\",\"publisher\":{\"@id\":\"https:\\\/\\\/diariofemenino.com.ar\\\/df\\\/#organization\"},\"potentialAction\":[{\"@type\":\"SearchAction\",\"target\":{\"@type\":\"EntryPoint\",\"urlTemplate\":\"https:\\\/\\\/diariofemenino.com.ar\\\/df\\\/?s={search_term_string}\"},\"query-input\":{\"@type\":\"PropertyValueSpecification\",\"valueRequired\":true,\"valueName\":\"search_term_string\"}}],\"inLanguage\":\"es\"},{\"@type\":\"Organization\",\"@id\":\"https:\\\/\\\/diariofemenino.com.ar\\\/df\\\/#organization\",\"name\":\"Diario Femenino\",\"url\":\"https:\\\/\\\/diariofemenino.com.ar\\\/df\\\/\",\"logo\":{\"@type\":\"ImageObject\",\"inLanguage\":\"es\",\"@id\":\"https:\\\/\\\/diariofemenino.com.ar\\\/df\\\/#\\\/schema\\\/logo\\\/image\\\/\",\"url\":\"https:\\\/\\\/diariofemenino.com.ar\\\/df\\\/wp-content\\\/uploads\\\/2018\\\/10\\\/logo.png\",\"contentUrl\":\"https:\\\/\\\/diariofemenino.com.ar\\\/df\\\/wp-content\\\/uploads\\\/2018\\\/10\\\/logo.png\",\"width\":500,\"height\":92,\"caption\":\"Diario Femenino\"},\"image\":{\"@id\":\"https:\\\/\\\/diariofemenino.com.ar\\\/df\\\/#\\\/schema\\\/logo\\\/image\\\/\"},\"sameAs\":[\"https:\\\/\\\/www.facebook.com\\\/DiarioDigitaFemenino\\\/\",\"https:\\\/\\\/x.com\\\/DiarioFemenino1\"]},{\"@type\":\"Person\",\"@id\":\"https:\\\/\\\/diariofemenino.com.ar\\\/df\\\/#\\\/schema\\\/person\\\/1c36bc3bf394d8ec320814298b4fdd3f\",\"name\":\"Admin\",\"image\":{\"@type\":\"ImageObject\",\"inLanguage\":\"es\",\"@id\":\"https:\\\/\\\/diariofemenino.com.ar\\\/df\\\/wp-content\\\/uploads\\\/2018\\\/12\\\/favicon-150x150.jpg\",\"url\":\"https:\\\/\\\/diariofemenino.com.ar\\\/df\\\/wp-content\\\/uploads\\\/2018\\\/12\\\/favicon-150x150.jpg\",\"contentUrl\":\"https:\\\/\\\/diariofemenino.com.ar\\\/df\\\/wp-content\\\/uploads\\\/2018\\\/12\\\/favicon-150x150.jpg\",\"caption\":\"Admin\"},\"url\":\"https:\\\/\\\/diariofemenino.com.ar\\\/df\\\/author\\\/sofiperez\\\/\"}]}<\/script>\n<!-- \/ Yoast SEO plugin. -->","yoast_head_json":{"title":"Gorda - Diario Digital Femenino","description":"Gorda. Fui a cambiarme de prepaga y me dijeron que iba a tener que pagar un extra por sobrepeso. Se deduce que mi cuerpo es algo que est\u00e1 mal.","robots":{"index":"index","follow":"follow","max-snippet":"max-snippet:-1","max-image-preview":"max-image-preview:large","max-video-preview":"max-video-preview:-1"},"canonical":"https:\/\/diariofemenino.com.ar\/df\/gorda\/","og_locale":"es_ES","og_type":"article","og_title":"Gorda - Diario Digital Femenino","og_description":"Gorda. Fui a cambiarme de prepaga y me dijeron que iba a tener que pagar un extra por sobrepeso. Se deduce que mi cuerpo es algo que est\u00e1 mal.","og_url":"https:\/\/diariofemenino.com.ar\/df\/gorda\/","og_site_name":"Diario Digital Femenino","article_publisher":"https:\/\/www.facebook.com\/DiarioDigitaFemenino\/","article_published_time":"2019-03-21T21:22:16+00:00","og_image":[{"width":1920,"height":1080,"url":"https:\/\/diariofemenino.com.ar\/df\/wp-content\/uploads\/2019\/03\/gorda.jpg","type":"image\/jpeg"}],"author":"Admin","twitter_card":"summary_large_image","twitter_creator":"@DiarioFemenino1","twitter_site":"@DiarioFemenino1","twitter_misc":{"Escrito por":"Admin","Tiempo de lectura":"6 minutos"},"schema":{"@context":"https:\/\/schema.org","@graph":[{"@type":"Article","@id":"https:\/\/diariofemenino.com.ar\/df\/gorda\/#article","isPartOf":{"@id":"https:\/\/diariofemenino.com.ar\/df\/gorda\/"},"author":{"name":"Admin","@id":"https:\/\/diariofemenino.com.ar\/df\/#\/schema\/person\/1c36bc3bf394d8ec320814298b4fdd3f"},"headline":"Gorda","datePublished":"2019-03-21T21:22:16+00:00","mainEntityOfPage":{"@id":"https:\/\/diariofemenino.com.ar\/df\/gorda\/"},"wordCount":1191,"commentCount":0,"publisher":{"@id":"https:\/\/diariofemenino.com.ar\/df\/#organization"},"image":{"@id":"https:\/\/diariofemenino.com.ar\/df\/gorda\/#primaryimage"},"thumbnailUrl":"https:\/\/diariofemenino.com.ar\/df\/wp-content\/uploads\/2019\/03\/gorda.jpg","keywords":["Activismo","Derechos de las mujeres","Discriminaci\u00f3n","Feminismo","Machismo","Mujeres"],"articleSection":["Salud"],"inLanguage":"es","potentialAction":[{"@type":"CommentAction","name":"Comment","target":["https:\/\/diariofemenino.com.ar\/df\/gorda\/#respond"]}]},{"@type":"WebPage","@id":"https:\/\/diariofemenino.com.ar\/df\/gorda\/","url":"https:\/\/diariofemenino.com.ar\/df\/gorda\/","name":"Gorda - Diario Digital Femenino","isPartOf":{"@id":"https:\/\/diariofemenino.com.ar\/df\/#website"},"primaryImageOfPage":{"@id":"https:\/\/diariofemenino.com.ar\/df\/gorda\/#primaryimage"},"image":{"@id":"https:\/\/diariofemenino.com.ar\/df\/gorda\/#primaryimage"},"thumbnailUrl":"https:\/\/diariofemenino.com.ar\/df\/wp-content\/uploads\/2019\/03\/gorda.jpg","datePublished":"2019-03-21T21:22:16+00:00","description":"Gorda. Fui a cambiarme de prepaga y me dijeron que iba a tener que pagar un extra por sobrepeso. Se deduce que mi cuerpo es algo que est\u00e1 mal.","breadcrumb":{"@id":"https:\/\/diariofemenino.com.ar\/df\/gorda\/#breadcrumb"},"inLanguage":"es","potentialAction":[{"@type":"ReadAction","target":["https:\/\/diariofemenino.com.ar\/df\/gorda\/"]}]},{"@type":"ImageObject","inLanguage":"es","@id":"https:\/\/diariofemenino.com.ar\/df\/gorda\/#primaryimage","url":"https:\/\/diariofemenino.com.ar\/df\/wp-content\/uploads\/2019\/03\/gorda.jpg","contentUrl":"https:\/\/diariofemenino.com.ar\/df\/wp-content\/uploads\/2019\/03\/gorda.jpg","width":1920,"height":1080},{"@type":"BreadcrumbList","@id":"https:\/\/diariofemenino.com.ar\/df\/gorda\/#breadcrumb","itemListElement":[{"@type":"ListItem","position":1,"name":"Portada","item":"https:\/\/diariofemenino.com.ar\/df\/"},{"@type":"ListItem","position":2,"name":"Gorda"}]},{"@type":"WebSite","@id":"https:\/\/diariofemenino.com.ar\/df\/#website","url":"https:\/\/diariofemenino.com.ar\/df\/","name":"Diario Digital Femenino","description":"Cuesti\u00f3n de G\u00e9nero","publisher":{"@id":"https:\/\/diariofemenino.com.ar\/df\/#organization"},"potentialAction":[{"@type":"SearchAction","target":{"@type":"EntryPoint","urlTemplate":"https:\/\/diariofemenino.com.ar\/df\/?s={search_term_string}"},"query-input":{"@type":"PropertyValueSpecification","valueRequired":true,"valueName":"search_term_string"}}],"inLanguage":"es"},{"@type":"Organization","@id":"https:\/\/diariofemenino.com.ar\/df\/#organization","name":"Diario Femenino","url":"https:\/\/diariofemenino.com.ar\/df\/","logo":{"@type":"ImageObject","inLanguage":"es","@id":"https:\/\/diariofemenino.com.ar\/df\/#\/schema\/logo\/image\/","url":"https:\/\/diariofemenino.com.ar\/df\/wp-content\/uploads\/2018\/10\/logo.png","contentUrl":"https:\/\/diariofemenino.com.ar\/df\/wp-content\/uploads\/2018\/10\/logo.png","width":500,"height":92,"caption":"Diario Femenino"},"image":{"@id":"https:\/\/diariofemenino.com.ar\/df\/#\/schema\/logo\/image\/"},"sameAs":["https:\/\/www.facebook.com\/DiarioDigitaFemenino\/","https:\/\/x.com\/DiarioFemenino1"]},{"@type":"Person","@id":"https:\/\/diariofemenino.com.ar\/df\/#\/schema\/person\/1c36bc3bf394d8ec320814298b4fdd3f","name":"Admin","image":{"@type":"ImageObject","inLanguage":"es","@id":"https:\/\/diariofemenino.com.ar\/df\/wp-content\/uploads\/2018\/12\/favicon-150x150.jpg","url":"https:\/\/diariofemenino.com.ar\/df\/wp-content\/uploads\/2018\/12\/favicon-150x150.jpg","contentUrl":"https:\/\/diariofemenino.com.ar\/df\/wp-content\/uploads\/2018\/12\/favicon-150x150.jpg","caption":"Admin"},"url":"https:\/\/diariofemenino.com.ar\/df\/author\/sofiperez\/"}]}},"jetpack_featured_media_url":"https:\/\/diariofemenino.com.ar\/df\/wp-content\/uploads\/2019\/03\/gorda.jpg","jetpack_sharing_enabled":true,"rttpg_featured_image_url":{"full":["https:\/\/diariofemenino.com.ar\/df\/wp-content\/uploads\/2019\/03\/gorda.jpg",1920,1080,false],"landscape":["https:\/\/diariofemenino.com.ar\/df\/wp-content\/uploads\/2019\/03\/gorda.jpg",1920,1080,false],"portraits":["https:\/\/diariofemenino.com.ar\/df\/wp-content\/uploads\/2019\/03\/gorda.jpg",1920,1080,false],"thumbnail":["https:\/\/diariofemenino.com.ar\/df\/wp-content\/uploads\/2019\/03\/gorda-150x150.jpg",150,150,true],"medium":["https:\/\/diariofemenino.com.ar\/df\/wp-content\/uploads\/2019\/03\/gorda-300x169.jpg",300,169,true],"large":["https:\/\/diariofemenino.com.ar\/df\/wp-content\/uploads\/2019\/03\/gorda-1024x576.jpg",1024,576,true],"1536x1536":["https:\/\/diariofemenino.com.ar\/df\/wp-content\/uploads\/2019\/03\/gorda.jpg",1536,864,false],"2048x2048":["https:\/\/diariofemenino.com.ar\/df\/wp-content\/uploads\/2019\/03\/gorda.jpg",1920,1080,false]},"rttpg_author":{"display_name":"Admin","author_link":"https:\/\/diariofemenino.com.ar\/df\/author\/sofiperez\/"},"rttpg_comment":0,"rttpg_category":"<a href=\"https:\/\/diariofemenino.com.ar\/df\/category\/salud\/\" rel=\"category tag\">Salud<\/a>","rttpg_excerpt":"Fui a cambiarme de prepaga y me dijeron que iba a tener que pagar un extra por sobrepeso. Se deduce que mi cuerpo es algo que est\u00e1 mal. Por: Alejandra Benz Hace un tiempo quise cambiarme de prepaga. Fui a averiguar a\u00a0Federada Salud, me atendi\u00f3 un asesor que me cont\u00f3 m\u00e1s o menos c\u00f3mo eran&hellip;","_links":{"self":[{"href":"https:\/\/diariofemenino.com.ar\/df\/wp-json\/wp\/v2\/posts\/33273","targetHints":{"allow":["GET"]}}],"collection":[{"href":"https:\/\/diariofemenino.com.ar\/df\/wp-json\/wp\/v2\/posts"}],"about":[{"href":"https:\/\/diariofemenino.com.ar\/df\/wp-json\/wp\/v2\/types\/post"}],"author":[{"embeddable":true,"href":"https:\/\/diariofemenino.com.ar\/df\/wp-json\/wp\/v2\/users\/3"}],"replies":[{"embeddable":true,"href":"https:\/\/diariofemenino.com.ar\/df\/wp-json\/wp\/v2\/comments?post=33273"}],"version-history":[{"count":0,"href":"https:\/\/diariofemenino.com.ar\/df\/wp-json\/wp\/v2\/posts\/33273\/revisions"}],"wp:featuredmedia":[{"embeddable":true,"href":"https:\/\/diariofemenino.com.ar\/df\/wp-json\/wp\/v2\/media\/33275"}],"wp:attachment":[{"href":"https:\/\/diariofemenino.com.ar\/df\/wp-json\/wp\/v2\/media?parent=33273"}],"wp:term":[{"taxonomy":"category","embeddable":true,"href":"https:\/\/diariofemenino.com.ar\/df\/wp-json\/wp\/v2\/categories?post=33273"},{"taxonomy":"post_tag","embeddable":true,"href":"https:\/\/diariofemenino.com.ar\/df\/wp-json\/wp\/v2\/tags?post=33273"}],"curies":[{"name":"wp","href":"https:\/\/api.w.org\/{rel}","templated":true}]}}