{"id":33096,"date":"2019-03-17T10:27:30","date_gmt":"2019-03-17T13:27:30","guid":{"rendered":"https:\/\/diariofemenino.com.ar\/?p=33096"},"modified":"2019-03-17T10:27:30","modified_gmt":"2019-03-17T13:27:30","slug":"en-uno-de-cada-cinco-femicidios-el-asesino-era-integrante-de-las-fuerzas-de-seguridad","status":"publish","type":"post","link":"https:\/\/diariofemenino.com.ar\/df\/en-uno-de-cada-cinco-femicidios-el-asesino-era-integrante-de-las-fuerzas-de-seguridad\/","title":{"rendered":"En uno de cada cinco femicidios, el asesino era integrante de las fuerzas de seguridad"},"content":{"rendered":"<p>El porcentaje aumenta si se consideran los asesinatos de 2019. S\u00f3lo en el primer mes del a\u00f1o, llega a un 30%, seg\u00fan un adelanto del informe de la Coordinadora contra la Represi\u00f3n Policial e Institucional.<\/p>\n<p>Por: Laura Guarinoni<\/p>\n<div class=\"detail-body\">\n<article id=\"note-body\" class=\"note-body first\" data-twitter-link=\"https:\/\/twitter.com\/intent\/tweet?url=https:\/\/www.minutouno.com\/c5019572&amp;v\u00eda=minutounocom&amp;related=MinutoUno&amp;text=\">\n<div class=\"row\">\n<div class=\"inside-note col-xs-12\">\n<p>El 1\u00ba de enero,\u00a0<strong>Celeste Castillo,<\/strong>\u00a0de 25 a\u00f1os, fue baleada por su esposo, el polic\u00eda\u00a0<strong>H\u00e9ctor Montenegro<\/strong>, quien luego se suicid\u00f3 en\u00a0<strong>Santiago del Estero.<\/strong>\u00a0Fue el primer femicidio que se registr\u00f3 en 2019, apenas a 12 horas de empezar el a\u00f1o. Celeste es una de las mujeres que la Coordinadora contra la Represi\u00f3n Policial e Institucional (CORREPI) contabiliza como\u00a0<strong>v\u00edctima de la represi\u00f3n estatal,<\/strong>\u00a0porque el femicida es parte de una fuerza de seguridad.<\/p>\n<\/div>\n<\/div>\n<\/article>\n<\/div>\n<div class=\"detail-body \">\n<article id=\"note-body\" class=\"note-body\" data-twitter-link=\"https:\/\/twitter.com\/intent\/tweet?url=https:\/\/www.minutouno.com\/c5019572&amp;v\u00eda=minutounocom&amp;related=MinutoUno&amp;text=\">\n<div class=\"row\">\n<div class=\"inside-note col-xs-12\">\n<p>Seg\u00fan cont\u00f3\u00a0<strong>Mar\u00eda del Carmen Verd\u00fa,<\/strong>titular de la organizaci\u00f3n, en di\u00e1logo con\u00a0<strong>minutouno.com,<\/strong>\u00a0s\u00f3lo se trata del 20% de los femicidios, y s\u00f3lo en los primeros 15 d\u00edas del a\u00f1o este tipo de femicidio pas\u00f3 a ser el 30%.<\/p>\n<p>De acuerdo a los datos de la Correpi, en 2018<span id=\"saysCMSEmphasisjgfqhagbsh\" class=\"saysCMSEmphasis\">\u00a0uno de cada cinco femicidios fueron llevados a cabo por integrantes de las fuerzas de seguridad y con armas reglamentarias<\/span>. El organismo adelant\u00f3 a este medio parte de su \u00faltimo informe que dar\u00e1 a conocer en su totalidad el pr\u00f3ximo el 15 de este mes.<\/p>\n<p>Seg\u00fan el relevamiento, desde 1992 en nuestro pa\u00eds hubo 349 femicidios cometidos por el aparato represivo estatal<strong>. \u201cEs la primera causa de muerte de mujeres en el marco de la violencia institucional<\/strong>.\u00a0<strong>Muy por encima del gatillo f\u00e1cil, la tortura en c\u00e1rceles y comisar\u00edas, las desapariciones, los asesinatos en represi\u00f3n a la protesta y otras modalidades\u201d<\/strong>, asegur\u00f3 Verd\u00fa. El dato surgi\u00f3 cuando cruzaron las bases sobre femicidios y sus propios archivos de violencia institucional.<\/p>\n<p>\u201cSe tom\u00f3 el universo de v\u00edctimas mujeres, cu\u00e1ntas de esas adem\u00e1s de ser v\u00edctimas de la represi\u00f3n estatal -porque las mat\u00f3 un polic\u00eda, un gendarme, un prefecto, cualquier fuerza de seguridad- son adem\u00e1s v\u00edctimas de violencia de g\u00e9nero \u201d, explic\u00f3 Verd\u00fa.<\/p>\n<p>En el archivo hasta 2018, hay registrados 596 casos de v\u00edctimas mujeres- dentro de las que incluyen a transexuales, travestis y trans-. Se trata de menos del 10% del total porque las v\u00edctimas de las fuerzas de seguridad son en su mayor\u00eda varones &#8211; en su mayor\u00eda por gatillo f\u00e1cil o muerte en situaci\u00f3n carcelaria-. Dentro de este universo, cerca del 70% son femicidios, en sus distintas modalidades.<\/p>\n<p>\u201cHay muchos casos relevados en el archivo de mujeres asesinadas por ex maridos, parejas, hermanos, t\u00edos, suegros, etc\u00e9tera, que por ser integrantes del aparato represivo estatal, recurren a su arma reglamentaria para \u00b4resolver\u00b4 sus conflictos personales, que tienen que ver con la din\u00e1mica familiar\u201d, dijo Verd\u00fa y relat\u00f3 que antes estaban incluidos como \u201chomicidios intrafamiliares\u201d pero que a partir de que se identific\u00f3 el femicidio, como una categor\u00eda aut\u00f3noma la organizaci\u00f3n comenz\u00f3 a contarlos por separado.<\/p>\n<p>La abogada resalt\u00f3 adem\u00e1s que los casos de gatillo f\u00e1cil de mujeres son menores y el porcentaje de los casos de muertes en c\u00e1rceles o encierro responden a otra l\u00f3gica que no es la del femicidio. Pese a que contabilizan dentro de ese n\u00famero a los travesticidios.<\/p>\n<h3><strong>Femicidios vinculados<\/strong><\/h3>\n<p>Dentro del archivo de la Correpi, tambi\u00e9n hay un gran n\u00famero de femicidios relacionados. \u201cSon aquellos en el que el violento mata a otros en lugar de la mujer\u201d para provocarle un da\u00f1o infinito, explic\u00f3 Verd\u00fa y aclar\u00f3 que en los \u00faltimos 27 a\u00f1os ya son 38.<\/p>\n<p>Sucede con los hijos asesinados para agredir a la madre, muchas veces varones, o casos de parejas, compa\u00f1eros o familiares varones de la mujer que son asesinados por el uniformado cuando intentan interceder o defenderla.<\/p>\n<\/div>\n<\/div>\n<\/article>\n<\/div>\n<p>&nbsp;<\/p>\n<p>Fuente: <a href=\"https:\/\/www.minutouno.com\/notas\/5019572-en-uno-cada-cinco-femicidios-el-asesino-era-integrante-las-fuerzas-seguridad\">MinutoUno<\/a><\/p>\n","protected":false},"excerpt":{"rendered":"<p>El porcentaje aumenta si se consideran los asesinatos de 2019. S\u00f3lo en el primer mes del a\u00f1o, llega a un 30%, seg\u00fan un adelanto del informe de la Coordinadora contra la Represi\u00f3n Policial e Institucional. Por: Laura Guarinoni El 1\u00ba de enero,\u00a0Celeste Castillo,\u00a0de 25 a\u00f1os, fue baleada por su esposo, el polic\u00eda\u00a0H\u00e9ctor Montenegro, quien luego [&hellip;]<\/p>\n","protected":false},"author":3,"featured_media":33098,"comment_status":"open","ping_status":"open","sticky":false,"template":"","format":"standard","meta":{"iawp_total_views":4,"footnotes":""},"categories":[592],"tags":[66,951,34,138],"class_list":["post-33096","post","type-post","status-publish","format-standard","has-post-thumbnail","hentry","category-violencias","tag-femicidios","tag-fuerzas-de-seguridad","tag-machismo","tag-violencia"],"nelio_content":{"autoShareEndMode":"never","automationSources":{"useCustomSentences":false,"customSentences":[]},"efiAlt":"","efiUrl":"","followers":[3],"highlights":[],"isAutoShareEnabled":true,"networkImageIds":[],"permalinkQueryArgs":[],"series":[],"suggestedReferences":[]},"yoast_head":"<!-- This site is optimized with the Yoast SEO plugin v27.5 - https:\/\/yoast.com\/product\/yoast-seo-wordpress\/ -->\n<title>En uno de cada cinco femicidios, el asesino era integrante de las fuerzas de seguridad - Diario Digital Femenino<\/title>\n<meta name=\"description\" content=\"En uno de cada cinco femicidios, el asesino era integrante de las fuerzas de seguridad, El porcentaje aumenta si se consideran los asesinatos de 2019.\" \/>\n<meta name=\"robots\" content=\"index, follow, max-snippet:-1, max-image-preview:large, max-video-preview:-1\" \/>\n<link rel=\"canonical\" href=\"https:\/\/diariofemenino.com.ar\/df\/en-uno-de-cada-cinco-femicidios-el-asesino-era-integrante-de-las-fuerzas-de-seguridad\/\" \/>\n<meta property=\"og:locale\" content=\"es_ES\" \/>\n<meta property=\"og:type\" content=\"article\" \/>\n<meta property=\"og:title\" content=\"En uno de cada cinco femicidios, el asesino era integrante de las fuerzas de seguridad - Diario Digital Femenino\" \/>\n<meta property=\"og:description\" content=\"En uno de cada cinco femicidios, el asesino era integrante de las fuerzas de seguridad, El porcentaje aumenta si se consideran los asesinatos de 2019.\" \/>\n<meta property=\"og:url\" content=\"https:\/\/diariofemenino.com.ar\/df\/en-uno-de-cada-cinco-femicidios-el-asesino-era-integrante-de-las-fuerzas-de-seguridad\/\" \/>\n<meta property=\"og:site_name\" content=\"Diario Digital Femenino\" \/>\n<meta property=\"article:publisher\" content=\"https:\/\/www.facebook.com\/DiarioDigitaFemenino\/\" \/>\n<meta property=\"article:published_time\" content=\"2019-03-17T13:27:30+00:00\" \/>\n<meta property=\"og:image\" content=\"https:\/\/diariofemenino.com.ar\/df\/wp-content\/uploads\/2019\/03\/femicidios-678x381.jpg\" \/>\n\t<meta property=\"og:image:width\" content=\"678\" \/>\n\t<meta property=\"og:image:height\" content=\"381\" \/>\n\t<meta property=\"og:image:type\" content=\"image\/jpeg\" \/>\n<meta name=\"author\" content=\"Admin\" \/>\n<meta name=\"twitter:card\" content=\"summary_large_image\" \/>\n<meta name=\"twitter:creator\" content=\"@DiarioFemenino1\" \/>\n<meta name=\"twitter:site\" content=\"@DiarioFemenino1\" \/>\n<meta name=\"twitter:label1\" content=\"Escrito por\" \/>\n\t<meta name=\"twitter:data1\" content=\"Admin\" \/>\n\t<meta name=\"twitter:label2\" content=\"Tiempo de lectura\" \/>\n\t<meta name=\"twitter:data2\" content=\"3 minutos\" \/>\n<script type=\"application\/ld+json\" class=\"yoast-schema-graph\">{\"@context\":\"https:\\\/\\\/schema.org\",\"@graph\":[{\"@type\":\"Article\",\"@id\":\"https:\\\/\\\/diariofemenino.com.ar\\\/df\\\/en-uno-de-cada-cinco-femicidios-el-asesino-era-integrante-de-las-fuerzas-de-seguridad\\\/#article\",\"isPartOf\":{\"@id\":\"https:\\\/\\\/diariofemenino.com.ar\\\/df\\\/en-uno-de-cada-cinco-femicidios-el-asesino-era-integrante-de-las-fuerzas-de-seguridad\\\/\"},\"author\":{\"name\":\"Admin\",\"@id\":\"https:\\\/\\\/diariofemenino.com.ar\\\/df\\\/#\\\/schema\\\/person\\\/1c36bc3bf394d8ec320814298b4fdd3f\"},\"headline\":\"En uno de cada cinco femicidios, el asesino era integrante de las fuerzas de seguridad\",\"datePublished\":\"2019-03-17T13:27:30+00:00\",\"mainEntityOfPage\":{\"@id\":\"https:\\\/\\\/diariofemenino.com.ar\\\/df\\\/en-uno-de-cada-cinco-femicidios-el-asesino-era-integrante-de-las-fuerzas-de-seguridad\\\/\"},\"wordCount\":655,\"commentCount\":0,\"publisher\":{\"@id\":\"https:\\\/\\\/diariofemenino.com.ar\\\/df\\\/#organization\"},\"image\":{\"@id\":\"https:\\\/\\\/diariofemenino.com.ar\\\/df\\\/en-uno-de-cada-cinco-femicidios-el-asesino-era-integrante-de-las-fuerzas-de-seguridad\\\/#primaryimage\"},\"thumbnailUrl\":\"https:\\\/\\\/diariofemenino.com.ar\\\/df\\\/wp-content\\\/uploads\\\/2019\\\/03\\\/femicidios-678x381.jpg\",\"keywords\":[\"Femicidios\",\"fuerzas de seguridad\",\"Machismo\",\"Violencia\"],\"articleSection\":[\"Violencias\"],\"inLanguage\":\"es\",\"potentialAction\":[{\"@type\":\"CommentAction\",\"name\":\"Comment\",\"target\":[\"https:\\\/\\\/diariofemenino.com.ar\\\/df\\\/en-uno-de-cada-cinco-femicidios-el-asesino-era-integrante-de-las-fuerzas-de-seguridad\\\/#respond\"]}]},{\"@type\":\"WebPage\",\"@id\":\"https:\\\/\\\/diariofemenino.com.ar\\\/df\\\/en-uno-de-cada-cinco-femicidios-el-asesino-era-integrante-de-las-fuerzas-de-seguridad\\\/\",\"url\":\"https:\\\/\\\/diariofemenino.com.ar\\\/df\\\/en-uno-de-cada-cinco-femicidios-el-asesino-era-integrante-de-las-fuerzas-de-seguridad\\\/\",\"name\":\"En uno de cada cinco femicidios, el asesino era integrante de las fuerzas de seguridad - Diario Digital Femenino\",\"isPartOf\":{\"@id\":\"https:\\\/\\\/diariofemenino.com.ar\\\/df\\\/#website\"},\"primaryImageOfPage\":{\"@id\":\"https:\\\/\\\/diariofemenino.com.ar\\\/df\\\/en-uno-de-cada-cinco-femicidios-el-asesino-era-integrante-de-las-fuerzas-de-seguridad\\\/#primaryimage\"},\"image\":{\"@id\":\"https:\\\/\\\/diariofemenino.com.ar\\\/df\\\/en-uno-de-cada-cinco-femicidios-el-asesino-era-integrante-de-las-fuerzas-de-seguridad\\\/#primaryimage\"},\"thumbnailUrl\":\"https:\\\/\\\/diariofemenino.com.ar\\\/df\\\/wp-content\\\/uploads\\\/2019\\\/03\\\/femicidios-678x381.jpg\",\"datePublished\":\"2019-03-17T13:27:30+00:00\",\"description\":\"En uno de cada cinco femicidios, el asesino era integrante de las fuerzas de seguridad, El porcentaje aumenta si se consideran los asesinatos de 2019.\",\"breadcrumb\":{\"@id\":\"https:\\\/\\\/diariofemenino.com.ar\\\/df\\\/en-uno-de-cada-cinco-femicidios-el-asesino-era-integrante-de-las-fuerzas-de-seguridad\\\/#breadcrumb\"},\"inLanguage\":\"es\",\"potentialAction\":[{\"@type\":\"ReadAction\",\"target\":[\"https:\\\/\\\/diariofemenino.com.ar\\\/df\\\/en-uno-de-cada-cinco-femicidios-el-asesino-era-integrante-de-las-fuerzas-de-seguridad\\\/\"]}]},{\"@type\":\"ImageObject\",\"inLanguage\":\"es\",\"@id\":\"https:\\\/\\\/diariofemenino.com.ar\\\/df\\\/en-uno-de-cada-cinco-femicidios-el-asesino-era-integrante-de-las-fuerzas-de-seguridad\\\/#primaryimage\",\"url\":\"https:\\\/\\\/diariofemenino.com.ar\\\/df\\\/wp-content\\\/uploads\\\/2019\\\/03\\\/femicidios-678x381.jpg\",\"contentUrl\":\"https:\\\/\\\/diariofemenino.com.ar\\\/df\\\/wp-content\\\/uploads\\\/2019\\\/03\\\/femicidios-678x381.jpg\",\"width\":678,\"height\":381},{\"@type\":\"BreadcrumbList\",\"@id\":\"https:\\\/\\\/diariofemenino.com.ar\\\/df\\\/en-uno-de-cada-cinco-femicidios-el-asesino-era-integrante-de-las-fuerzas-de-seguridad\\\/#breadcrumb\",\"itemListElement\":[{\"@type\":\"ListItem\",\"position\":1,\"name\":\"Portada\",\"item\":\"https:\\\/\\\/diariofemenino.com.ar\\\/df\\\/\"},{\"@type\":\"ListItem\",\"position\":2,\"name\":\"En uno de cada cinco femicidios, el asesino era integrante de las fuerzas de seguridad\"}]},{\"@type\":\"WebSite\",\"@id\":\"https:\\\/\\\/diariofemenino.com.ar\\\/df\\\/#website\",\"url\":\"https:\\\/\\\/diariofemenino.com.ar\\\/df\\\/\",\"name\":\"Diario Digital Femenino\",\"description\":\"Cuesti\u00f3n de G\u00e9nero\",\"publisher\":{\"@id\":\"https:\\\/\\\/diariofemenino.com.ar\\\/df\\\/#organization\"},\"potentialAction\":[{\"@type\":\"SearchAction\",\"target\":{\"@type\":\"EntryPoint\",\"urlTemplate\":\"https:\\\/\\\/diariofemenino.com.ar\\\/df\\\/?s={search_term_string}\"},\"query-input\":{\"@type\":\"PropertyValueSpecification\",\"valueRequired\":true,\"valueName\":\"search_term_string\"}}],\"inLanguage\":\"es\"},{\"@type\":\"Organization\",\"@id\":\"https:\\\/\\\/diariofemenino.com.ar\\\/df\\\/#organization\",\"name\":\"Diario Femenino\",\"url\":\"https:\\\/\\\/diariofemenino.com.ar\\\/df\\\/\",\"logo\":{\"@type\":\"ImageObject\",\"inLanguage\":\"es\",\"@id\":\"https:\\\/\\\/diariofemenino.com.ar\\\/df\\\/#\\\/schema\\\/logo\\\/image\\\/\",\"url\":\"https:\\\/\\\/diariofemenino.com.ar\\\/df\\\/wp-content\\\/uploads\\\/2018\\\/10\\\/logo.png\",\"contentUrl\":\"https:\\\/\\\/diariofemenino.com.ar\\\/df\\\/wp-content\\\/uploads\\\/2018\\\/10\\\/logo.png\",\"width\":500,\"height\":92,\"caption\":\"Diario Femenino\"},\"image\":{\"@id\":\"https:\\\/\\\/diariofemenino.com.ar\\\/df\\\/#\\\/schema\\\/logo\\\/image\\\/\"},\"sameAs\":[\"https:\\\/\\\/www.facebook.com\\\/DiarioDigitaFemenino\\\/\",\"https:\\\/\\\/x.com\\\/DiarioFemenino1\"]},{\"@type\":\"Person\",\"@id\":\"https:\\\/\\\/diariofemenino.com.ar\\\/df\\\/#\\\/schema\\\/person\\\/1c36bc3bf394d8ec320814298b4fdd3f\",\"name\":\"Admin\",\"image\":{\"@type\":\"ImageObject\",\"inLanguage\":\"es\",\"@id\":\"https:\\\/\\\/diariofemenino.com.ar\\\/df\\\/wp-content\\\/uploads\\\/2018\\\/12\\\/favicon-150x150.jpg\",\"url\":\"https:\\\/\\\/diariofemenino.com.ar\\\/df\\\/wp-content\\\/uploads\\\/2018\\\/12\\\/favicon-150x150.jpg\",\"contentUrl\":\"https:\\\/\\\/diariofemenino.com.ar\\\/df\\\/wp-content\\\/uploads\\\/2018\\\/12\\\/favicon-150x150.jpg\",\"caption\":\"Admin\"},\"url\":\"https:\\\/\\\/diariofemenino.com.ar\\\/df\\\/author\\\/sofiperez\\\/\"}]}<\/script>\n<!-- \/ Yoast SEO plugin. -->","yoast_head_json":{"title":"En uno de cada cinco femicidios, el asesino era integrante de las fuerzas de seguridad - Diario Digital Femenino","description":"En uno de cada cinco femicidios, el asesino era integrante de las fuerzas de seguridad, El porcentaje aumenta si se consideran los asesinatos de 2019.","robots":{"index":"index","follow":"follow","max-snippet":"max-snippet:-1","max-image-preview":"max-image-preview:large","max-video-preview":"max-video-preview:-1"},"canonical":"https:\/\/diariofemenino.com.ar\/df\/en-uno-de-cada-cinco-femicidios-el-asesino-era-integrante-de-las-fuerzas-de-seguridad\/","og_locale":"es_ES","og_type":"article","og_title":"En uno de cada cinco femicidios, el asesino era integrante de las fuerzas de seguridad - Diario Digital Femenino","og_description":"En uno de cada cinco femicidios, el asesino era integrante de las fuerzas de seguridad, El porcentaje aumenta si se consideran los asesinatos de 2019.","og_url":"https:\/\/diariofemenino.com.ar\/df\/en-uno-de-cada-cinco-femicidios-el-asesino-era-integrante-de-las-fuerzas-de-seguridad\/","og_site_name":"Diario Digital Femenino","article_publisher":"https:\/\/www.facebook.com\/DiarioDigitaFemenino\/","article_published_time":"2019-03-17T13:27:30+00:00","og_image":[{"width":678,"height":381,"url":"https:\/\/diariofemenino.com.ar\/df\/wp-content\/uploads\/2019\/03\/femicidios-678x381.jpg","type":"image\/jpeg"}],"author":"Admin","twitter_card":"summary_large_image","twitter_creator":"@DiarioFemenino1","twitter_site":"@DiarioFemenino1","twitter_misc":{"Escrito por":"Admin","Tiempo de lectura":"3 minutos"},"schema":{"@context":"https:\/\/schema.org","@graph":[{"@type":"Article","@id":"https:\/\/diariofemenino.com.ar\/df\/en-uno-de-cada-cinco-femicidios-el-asesino-era-integrante-de-las-fuerzas-de-seguridad\/#article","isPartOf":{"@id":"https:\/\/diariofemenino.com.ar\/df\/en-uno-de-cada-cinco-femicidios-el-asesino-era-integrante-de-las-fuerzas-de-seguridad\/"},"author":{"name":"Admin","@id":"https:\/\/diariofemenino.com.ar\/df\/#\/schema\/person\/1c36bc3bf394d8ec320814298b4fdd3f"},"headline":"En uno de cada cinco femicidios, el asesino era integrante de las fuerzas de seguridad","datePublished":"2019-03-17T13:27:30+00:00","mainEntityOfPage":{"@id":"https:\/\/diariofemenino.com.ar\/df\/en-uno-de-cada-cinco-femicidios-el-asesino-era-integrante-de-las-fuerzas-de-seguridad\/"},"wordCount":655,"commentCount":0,"publisher":{"@id":"https:\/\/diariofemenino.com.ar\/df\/#organization"},"image":{"@id":"https:\/\/diariofemenino.com.ar\/df\/en-uno-de-cada-cinco-femicidios-el-asesino-era-integrante-de-las-fuerzas-de-seguridad\/#primaryimage"},"thumbnailUrl":"https:\/\/diariofemenino.com.ar\/df\/wp-content\/uploads\/2019\/03\/femicidios-678x381.jpg","keywords":["Femicidios","fuerzas de seguridad","Machismo","Violencia"],"articleSection":["Violencias"],"inLanguage":"es","potentialAction":[{"@type":"CommentAction","name":"Comment","target":["https:\/\/diariofemenino.com.ar\/df\/en-uno-de-cada-cinco-femicidios-el-asesino-era-integrante-de-las-fuerzas-de-seguridad\/#respond"]}]},{"@type":"WebPage","@id":"https:\/\/diariofemenino.com.ar\/df\/en-uno-de-cada-cinco-femicidios-el-asesino-era-integrante-de-las-fuerzas-de-seguridad\/","url":"https:\/\/diariofemenino.com.ar\/df\/en-uno-de-cada-cinco-femicidios-el-asesino-era-integrante-de-las-fuerzas-de-seguridad\/","name":"En uno de cada cinco femicidios, el asesino era integrante de las fuerzas de seguridad - Diario Digital Femenino","isPartOf":{"@id":"https:\/\/diariofemenino.com.ar\/df\/#website"},"primaryImageOfPage":{"@id":"https:\/\/diariofemenino.com.ar\/df\/en-uno-de-cada-cinco-femicidios-el-asesino-era-integrante-de-las-fuerzas-de-seguridad\/#primaryimage"},"image":{"@id":"https:\/\/diariofemenino.com.ar\/df\/en-uno-de-cada-cinco-femicidios-el-asesino-era-integrante-de-las-fuerzas-de-seguridad\/#primaryimage"},"thumbnailUrl":"https:\/\/diariofemenino.com.ar\/df\/wp-content\/uploads\/2019\/03\/femicidios-678x381.jpg","datePublished":"2019-03-17T13:27:30+00:00","description":"En uno de cada cinco femicidios, el asesino era integrante de las fuerzas de seguridad, El porcentaje aumenta si se consideran los asesinatos de 2019.","breadcrumb":{"@id":"https:\/\/diariofemenino.com.ar\/df\/en-uno-de-cada-cinco-femicidios-el-asesino-era-integrante-de-las-fuerzas-de-seguridad\/#breadcrumb"},"inLanguage":"es","potentialAction":[{"@type":"ReadAction","target":["https:\/\/diariofemenino.com.ar\/df\/en-uno-de-cada-cinco-femicidios-el-asesino-era-integrante-de-las-fuerzas-de-seguridad\/"]}]},{"@type":"ImageObject","inLanguage":"es","@id":"https:\/\/diariofemenino.com.ar\/df\/en-uno-de-cada-cinco-femicidios-el-asesino-era-integrante-de-las-fuerzas-de-seguridad\/#primaryimage","url":"https:\/\/diariofemenino.com.ar\/df\/wp-content\/uploads\/2019\/03\/femicidios-678x381.jpg","contentUrl":"https:\/\/diariofemenino.com.ar\/df\/wp-content\/uploads\/2019\/03\/femicidios-678x381.jpg","width":678,"height":381},{"@type":"BreadcrumbList","@id":"https:\/\/diariofemenino.com.ar\/df\/en-uno-de-cada-cinco-femicidios-el-asesino-era-integrante-de-las-fuerzas-de-seguridad\/#breadcrumb","itemListElement":[{"@type":"ListItem","position":1,"name":"Portada","item":"https:\/\/diariofemenino.com.ar\/df\/"},{"@type":"ListItem","position":2,"name":"En uno de cada cinco femicidios, el asesino era integrante de las fuerzas de seguridad"}]},{"@type":"WebSite","@id":"https:\/\/diariofemenino.com.ar\/df\/#website","url":"https:\/\/diariofemenino.com.ar\/df\/","name":"Diario Digital Femenino","description":"Cuesti\u00f3n de G\u00e9nero","publisher":{"@id":"https:\/\/diariofemenino.com.ar\/df\/#organization"},"potentialAction":[{"@type":"SearchAction","target":{"@type":"EntryPoint","urlTemplate":"https:\/\/diariofemenino.com.ar\/df\/?s={search_term_string}"},"query-input":{"@type":"PropertyValueSpecification","valueRequired":true,"valueName":"search_term_string"}}],"inLanguage":"es"},{"@type":"Organization","@id":"https:\/\/diariofemenino.com.ar\/df\/#organization","name":"Diario Femenino","url":"https:\/\/diariofemenino.com.ar\/df\/","logo":{"@type":"ImageObject","inLanguage":"es","@id":"https:\/\/diariofemenino.com.ar\/df\/#\/schema\/logo\/image\/","url":"https:\/\/diariofemenino.com.ar\/df\/wp-content\/uploads\/2018\/10\/logo.png","contentUrl":"https:\/\/diariofemenino.com.ar\/df\/wp-content\/uploads\/2018\/10\/logo.png","width":500,"height":92,"caption":"Diario Femenino"},"image":{"@id":"https:\/\/diariofemenino.com.ar\/df\/#\/schema\/logo\/image\/"},"sameAs":["https:\/\/www.facebook.com\/DiarioDigitaFemenino\/","https:\/\/x.com\/DiarioFemenino1"]},{"@type":"Person","@id":"https:\/\/diariofemenino.com.ar\/df\/#\/schema\/person\/1c36bc3bf394d8ec320814298b4fdd3f","name":"Admin","image":{"@type":"ImageObject","inLanguage":"es","@id":"https:\/\/diariofemenino.com.ar\/df\/wp-content\/uploads\/2018\/12\/favicon-150x150.jpg","url":"https:\/\/diariofemenino.com.ar\/df\/wp-content\/uploads\/2018\/12\/favicon-150x150.jpg","contentUrl":"https:\/\/diariofemenino.com.ar\/df\/wp-content\/uploads\/2018\/12\/favicon-150x150.jpg","caption":"Admin"},"url":"https:\/\/diariofemenino.com.ar\/df\/author\/sofiperez\/"}]}},"jetpack_featured_media_url":"https:\/\/diariofemenino.com.ar\/df\/wp-content\/uploads\/2019\/03\/femicidios-678x381.jpg","jetpack_sharing_enabled":true,"rttpg_featured_image_url":{"full":["https:\/\/diariofemenino.com.ar\/df\/wp-content\/uploads\/2019\/03\/femicidios-678x381.jpg",678,381,false],"landscape":["https:\/\/diariofemenino.com.ar\/df\/wp-content\/uploads\/2019\/03\/femicidios-678x381.jpg",678,381,false],"portraits":["https:\/\/diariofemenino.com.ar\/df\/wp-content\/uploads\/2019\/03\/femicidios-678x381.jpg",678,381,false],"thumbnail":["https:\/\/diariofemenino.com.ar\/df\/wp-content\/uploads\/2019\/03\/femicidios-678x381-150x150.jpg",150,150,true],"medium":["https:\/\/diariofemenino.com.ar\/df\/wp-content\/uploads\/2019\/03\/femicidios-678x381-300x169.jpg",300,169,true],"large":["https:\/\/diariofemenino.com.ar\/df\/wp-content\/uploads\/2019\/03\/femicidios-678x381.jpg",678,381,false],"1536x1536":["https:\/\/diariofemenino.com.ar\/df\/wp-content\/uploads\/2019\/03\/femicidios-678x381.jpg",678,381,false],"2048x2048":["https:\/\/diariofemenino.com.ar\/df\/wp-content\/uploads\/2019\/03\/femicidios-678x381.jpg",678,381,false]},"rttpg_author":{"display_name":"Admin","author_link":"https:\/\/diariofemenino.com.ar\/df\/author\/sofiperez\/"},"rttpg_comment":0,"rttpg_category":"<a href=\"https:\/\/diariofemenino.com.ar\/df\/category\/violencias\/\" rel=\"category tag\">Violencias<\/a>","rttpg_excerpt":"El porcentaje aumenta si se consideran los asesinatos de 2019. S\u00f3lo en el primer mes del a\u00f1o, llega a un 30%, seg\u00fan un adelanto del informe de la Coordinadora contra la Represi\u00f3n Policial e Institucional. Por: Laura Guarinoni El 1\u00ba de enero,\u00a0Celeste Castillo,\u00a0de 25 a\u00f1os, fue baleada por su esposo, el polic\u00eda\u00a0H\u00e9ctor Montenegro, quien luego&hellip;","_links":{"self":[{"href":"https:\/\/diariofemenino.com.ar\/df\/wp-json\/wp\/v2\/posts\/33096","targetHints":{"allow":["GET"]}}],"collection":[{"href":"https:\/\/diariofemenino.com.ar\/df\/wp-json\/wp\/v2\/posts"}],"about":[{"href":"https:\/\/diariofemenino.com.ar\/df\/wp-json\/wp\/v2\/types\/post"}],"author":[{"embeddable":true,"href":"https:\/\/diariofemenino.com.ar\/df\/wp-json\/wp\/v2\/users\/3"}],"replies":[{"embeddable":true,"href":"https:\/\/diariofemenino.com.ar\/df\/wp-json\/wp\/v2\/comments?post=33096"}],"version-history":[{"count":0,"href":"https:\/\/diariofemenino.com.ar\/df\/wp-json\/wp\/v2\/posts\/33096\/revisions"}],"wp:featuredmedia":[{"embeddable":true,"href":"https:\/\/diariofemenino.com.ar\/df\/wp-json\/wp\/v2\/media\/33098"}],"wp:attachment":[{"href":"https:\/\/diariofemenino.com.ar\/df\/wp-json\/wp\/v2\/media?parent=33096"}],"wp:term":[{"taxonomy":"category","embeddable":true,"href":"https:\/\/diariofemenino.com.ar\/df\/wp-json\/wp\/v2\/categories?post=33096"},{"taxonomy":"post_tag","embeddable":true,"href":"https:\/\/diariofemenino.com.ar\/df\/wp-json\/wp\/v2\/tags?post=33096"}],"curies":[{"name":"wp","href":"https:\/\/api.w.org\/{rel}","templated":true}]}}