{"id":32942,"date":"2019-03-12T10:08:45","date_gmt":"2019-03-12T13:08:45","guid":{"rendered":"https:\/\/diariofemenino.com.ar\/?p=32942"},"modified":"2019-03-12T10:08:45","modified_gmt":"2019-03-12T13:08:45","slug":"memoria-travesti-trans-el-carnaval-era-el-unico-momento-de-libertad","status":"publish","type":"post","link":"https:\/\/diariofemenino.com.ar\/df\/memoria-travesti-trans-el-carnaval-era-el-unico-momento-de-libertad\/","title":{"rendered":"Memoria travesti-trans: \u201cEl Carnaval era el \u00fanico momento de libertad\u201d"},"content":{"rendered":"<h5><strong>Perseguidas y criminalizadas por los edictos policiales, viv\u00edan encerradas porque las deten\u00edan s\u00f3lo por andar en la calle: los seis d\u00edas de corso eran el momento que esperaban todo el a\u00f1o.\u00a0<\/strong>Con fotos del Archivo de la Memoria Trans y testimonios de algunas de sus trabajadoras y colaboradoras, recordamos c\u00f3mo viv\u00edan esos d\u00edas.<\/h5>\n<p><img loading=\"lazy\" decoding=\"async\" class=\"alignnone size-medium wp-image-32944\" src=\"https:\/\/diariofemenino.com.ar\/df\/wp-content\/uploads\/2019\/03\/2tra-217x300.jpg\" alt=\"\" width=\"217\" height=\"300\" srcset=\"https:\/\/diariofemenino.com.ar\/df\/wp-content\/uploads\/2019\/03\/2tra-217x300.jpg 217w, https:\/\/diariofemenino.com.ar\/df\/wp-content\/uploads\/2019\/03\/2tra.jpg 742w\" sizes=\"auto, (max-width: 217px) 100vw, 217px\" \/><\/p>\n<p><em>Fotos y testimonios: Archivo de la Memoria Trans.<\/em><\/p>\n<p><em>Textos: Paula Bistagnino<\/em><\/p>\n<p>De la exclusi\u00f3n al centro de la escena, del encierro de las casas y cuartos de pensi\u00f3n a los aplausos y las plumas en la calle. Los carnavales fueron hist\u00f3ricamente para las travestis y trans su fiesta popular. La \u00fanica: esas seis noches al a\u00f1o, dos fines de semana de viernes a domingo, eran las \u00fanicas en las que las pelucas, el maquillaje y los tacos no las convert\u00edan en marginales ni criminales sino en las divas de los desfiles y corsos de los barrios de la provincia de Buenos Aires y la Capital.<\/p>\n<p><img loading=\"lazy\" decoding=\"async\" class=\"alignnone size-medium wp-image-32945\" src=\"https:\/\/diariofemenino.com.ar\/df\/wp-content\/uploads\/2019\/03\/3tra-206x300.jpg\" alt=\"\" width=\"206\" height=\"300\" srcset=\"https:\/\/diariofemenino.com.ar\/df\/wp-content\/uploads\/2019\/03\/3tra-206x300.jpg 206w, https:\/\/diariofemenino.com.ar\/df\/wp-content\/uploads\/2019\/03\/3tra.jpg 704w\" sizes=\"auto, (max-width: 206px) 100vw, 206px\" \/><\/p>\n<p><strong>\u201cEsper\u00e1bamos todo el a\u00f1o los seis d\u00edas de corso en los que pod\u00edamos salir a la calle y ser nosotras en libertad<\/strong>: nos encontr\u00e1bamos, nos divert\u00edamos, nos pon\u00edamos todo. Era como un sue\u00f1o de divas, algo que s\u00f3lo se pod\u00eda vivir en el Carnaval o el exilio\u201d.<\/p>\n<p>\u201c<strong>Eran 6 d\u00edas de libertad y 350 de c\u00e1rcel.<\/strong>\u00a0No exagero. As\u00ed era para nosotras. As\u00ed fue antes y despu\u00e9s de la dictadura, incluso peor despu\u00e9s de la dictadura. Esos d\u00edas era algo m\u00e1gico: porque de que nos discriminaran pas\u00e1bamos a ser como las divas.\u00a0<strong>Si no hab\u00eda travestis en un corso, era como que faltaba algo<\/strong>\u201d.<\/p>\n<p><img loading=\"lazy\" decoding=\"async\" class=\"alignnone size-medium wp-image-32946\" src=\"https:\/\/diariofemenino.com.ar\/df\/wp-content\/uploads\/2019\/03\/4tra-300x181.jpg\" alt=\"\" width=\"300\" height=\"181\" srcset=\"https:\/\/diariofemenino.com.ar\/df\/wp-content\/uploads\/2019\/03\/4tra-300x181.jpg 300w, https:\/\/diariofemenino.com.ar\/df\/wp-content\/uploads\/2019\/03\/4tra.jpg 768w\" sizes=\"auto, (max-width: 300px) 100vw, 300px\" \/> <img loading=\"lazy\" decoding=\"async\" class=\"alignnone size-medium wp-image-32947\" src=\"https:\/\/diariofemenino.com.ar\/df\/wp-content\/uploads\/2019\/03\/5tra-295x300.jpg\" alt=\"\" width=\"295\" height=\"300\" srcset=\"https:\/\/diariofemenino.com.ar\/df\/wp-content\/uploads\/2019\/03\/5tra-295x300.jpg 295w, https:\/\/diariofemenino.com.ar\/df\/wp-content\/uploads\/2019\/03\/5tra.jpg 768w\" sizes=\"auto, (max-width: 295px) 100vw, 295px\" \/><\/p>\n<p><img loading=\"lazy\" decoding=\"async\" class=\"aligncenter size-full wp-image-20495\" src=\"http:\/\/agenciapresentes.org\/wp-content\/uploads\/2019\/03\/bordei257.jpg\" sizes=\"auto, (max-width: 869px) 100vw, 869px\" srcset=\"http:\/\/agenciapresentes.org\/wp-content\/uploads\/2019\/03\/bordei257.jpg 869w, http:\/\/agenciapresentes.org\/wp-content\/uploads\/2019\/03\/bordei257-217x300.jpg 217w, http:\/\/agenciapresentes.org\/wp-content\/uploads\/2019\/03\/bordei257-768x1061.jpg 768w, http:\/\/agenciapresentes.org\/wp-content\/uploads\/2019\/03\/bordei257-742x1024.jpg 742w\" alt=\"\" width=\"869\" height=\"1200\" \/><\/p>\n<p>\u201cEn esa \u00e9poca exist\u00edan lo que se llamaba edictos policiales: a nosotras nos llevaban por el art\u00edculo 2\u00b0 F: llevar ropas contrarias al sexo. As\u00ed que sal\u00edamos al almac\u00e9n o a comprar cigarrillos y nos levantaban. No era posible ni andar en pollera media cuadra porque te llevaban, as\u00ed que \u00a1imagiante lo que era salir con conchero y pezonero! Era una fiesta para nosotras\u201d.<\/p>\n<p>\u201cViv\u00edamos como gitanas esos d\u00edas en los colectivos: a veces dorm\u00edamos ah\u00ed. Ya a las 16 lleg\u00e1bamos para montarnos a las casas donde se organizaba y termin\u00e1bamos a la madrugada\u201d.<\/p>\n<p><img loading=\"lazy\" decoding=\"async\" class=\"alignnone size-medium wp-image-32948\" src=\"https:\/\/diariofemenino.com.ar\/df\/wp-content\/uploads\/2019\/03\/6tra-220x300.jpg\" alt=\"\" width=\"220\" height=\"300\" srcset=\"https:\/\/diariofemenino.com.ar\/df\/wp-content\/uploads\/2019\/03\/6tra-220x300.jpg 220w, https:\/\/diariofemenino.com.ar\/df\/wp-content\/uploads\/2019\/03\/6tra.jpg 750w\" sizes=\"auto, (max-width: 220px) 100vw, 220px\" \/> <img loading=\"lazy\" decoding=\"async\" class=\"alignnone size-medium wp-image-32949\" src=\"https:\/\/diariofemenino.com.ar\/df\/wp-content\/uploads\/2019\/03\/7tra-300x200.jpg\" alt=\"\" width=\"300\" height=\"200\" srcset=\"https:\/\/diariofemenino.com.ar\/df\/wp-content\/uploads\/2019\/03\/7tra-300x200.jpg 300w, https:\/\/diariofemenino.com.ar\/df\/wp-content\/uploads\/2019\/03\/7tra.jpg 768w\" sizes=\"auto, (max-width: 300px) 100vw, 300px\" \/><\/p>\n<p><img loading=\"lazy\" decoding=\"async\" class=\"aligncenter size-full wp-image-20496\" src=\"http:\/\/agenciapresentes.org\/wp-content\/uploads\/2019\/03\/La-Tajo_carlos071.jpg\" sizes=\"auto, (max-width: 825px) 100vw, 825px\" srcset=\"http:\/\/agenciapresentes.org\/wp-content\/uploads\/2019\/03\/La-Tajo_carlos071.jpg 825w, http:\/\/agenciapresentes.org\/wp-content\/uploads\/2019\/03\/La-Tajo_carlos071-206x300.jpg 206w, http:\/\/agenciapresentes.org\/wp-content\/uploads\/2019\/03\/La-Tajo_carlos071-768x1117.jpg 768w, http:\/\/agenciapresentes.org\/wp-content\/uploads\/2019\/03\/La-Tajo_carlos071-704x1024.jpg 704w\" alt=\"\" width=\"825\" height=\"1200\" \/><\/p>\n<p>\u201dNos pas\u00e1bamos mucho tiempo haci\u00e9ndonos los trajes: los cos\u00edamos nosotras. El d\u00eda del corso nos reun\u00edamos en la casa de alguna compa\u00f1era siempre, a montarnos juntas. De las murgas nos mandaban a buscar en un colectivo: y por ah\u00ed \u00edbamos a cuatro o cinco corsos distintos en una noche, como una gira. Algunos incluso nos pagaban\u201d.<\/p>\n<p>\u201cY en ese tiempo, los 70\/80, no hab\u00eda m\u00e1s que hormonas y estaba muy de moda Moria Cas\u00e1n. As\u00ed que nos pon\u00edamos goma espuma para hacernos las caderas y cuatro o cinco pares de media arriba y el conchero\u201d.<\/p>\n<p><img loading=\"lazy\" decoding=\"async\" class=\"aligncenter size-full wp-image-20497\" src=\"http:\/\/agenciapresentes.org\/wp-content\/uploads\/2019\/03\/La-tajo_Flor-Negativos039.jpg\" sizes=\"auto, (max-width: 1200px) 100vw, 1200px\" srcset=\"http:\/\/agenciapresentes.org\/wp-content\/uploads\/2019\/03\/La-tajo_Flor-Negativos039.jpg 1200w, http:\/\/agenciapresentes.org\/wp-content\/uploads\/2019\/03\/La-tajo_Flor-Negativos039-300x181.jpg 300w, http:\/\/agenciapresentes.org\/wp-content\/uploads\/2019\/03\/La-tajo_Flor-Negativos039-768x463.jpg 768w, http:\/\/agenciapresentes.org\/wp-content\/uploads\/2019\/03\/La-tajo_Flor-Negativos039-1024x617.jpg 1024w\" alt=\"\" width=\"1200\" height=\"723\" \/><\/p>\n<p>\u201cEra como el cuento de la princesa al que se le acaba el encanto:\u00a0<strong>terminaba el carnaval y ten\u00edas que salir corriendo porque ah\u00ed nom\u00e1s te manoteaba la polic\u00eda. Terminaba la murga y estaba la camioneta esper\u00e1ndonos o el cami\u00f3n o el colectivo para llevarnos presas<\/strong>\u201d.<\/p>\n<p><img loading=\"lazy\" decoding=\"async\" class=\"alignnone size-medium wp-image-32950\" src=\"https:\/\/diariofemenino.com.ar\/df\/wp-content\/uploads\/2019\/03\/8tra-300x212.jpg\" alt=\"\" width=\"300\" height=\"212\" srcset=\"https:\/\/diariofemenino.com.ar\/df\/wp-content\/uploads\/2019\/03\/8tra-300x212.jpg 300w, https:\/\/diariofemenino.com.ar\/df\/wp-content\/uploads\/2019\/03\/8tra.jpg 768w\" sizes=\"auto, (max-width: 300px) 100vw, 300px\" \/><\/p>\n<p>\u201c\u00cdbamos a varios lados, donde hab\u00eda corsos: en Tigre, en San Isidro, en San Fernando, en B\u00e9ccar, en toda la zona norte. Pero hab\u00eda por todos lados: por toda la provincia y en los barrios de la capital. Depende de la murga en la que vos estabas o de la que te invitaban. Pero era como una cita infaltable: la fantas\u00eda de todos los d\u00edas\u201d.<\/p>\n<p><img loading=\"lazy\" decoding=\"async\" class=\"aligncenter size-full wp-image-20498\" src=\"http:\/\/agenciapresentes.org\/wp-content\/uploads\/2019\/03\/Latajo_cata041.jpg\" sizes=\"auto, (max-width: 1178px) 100vw, 1178px\" srcset=\"http:\/\/agenciapresentes.org\/wp-content\/uploads\/2019\/03\/Latajo_cata041.jpg 1178w, http:\/\/agenciapresentes.org\/wp-content\/uploads\/2019\/03\/Latajo_cata041-295x300.jpg 295w, http:\/\/agenciapresentes.org\/wp-content\/uploads\/2019\/03\/Latajo_cata041-768x782.jpg 768w, http:\/\/agenciapresentes.org\/wp-content\/uploads\/2019\/03\/Latajo_cata041-1005x1024.jpg 1005w\" alt=\"\" width=\"1178\" height=\"1200\" \/><\/p>\n<p>\u201cLa gente nos aplaud\u00eda: nos gritaba cosas lindas y se sacaba fotos con nosotras. \u00c9ramos como las estrellas de la fiesta. Seguro que alguno se reir\u00eda o har\u00eda chistes, pero no nos importaba: nosotras lo disfrut\u00e1bamos, est\u00e1bamos felices\u2026 Mir\u00e1 si me iba a importar, con todo lo que estaba acostumbrada a soportar\u201d<\/p>\n<p><img loading=\"lazy\" decoding=\"async\" class=\"aligncenter size-full wp-image-20501\" src=\"http:\/\/agenciapresentes.org\/wp-content\/uploads\/2019\/03\/luisa-paz013.jpg\" sizes=\"auto, (max-width: 879px) 100vw, 879px\" srcset=\"http:\/\/agenciapresentes.org\/wp-content\/uploads\/2019\/03\/luisa-paz013.jpg 879w, http:\/\/agenciapresentes.org\/wp-content\/uploads\/2019\/03\/luisa-paz013-220x300.jpg 220w, http:\/\/agenciapresentes.org\/wp-content\/uploads\/2019\/03\/luisa-paz013-768x1048.jpg 768w, http:\/\/agenciapresentes.org\/wp-content\/uploads\/2019\/03\/luisa-paz013-750x1024.jpg 750w\" alt=\"\" width=\"879\" height=\"1200\" \/><\/p>\n<p>\u201cDe chica mi mam\u00e1 no me dejaba participar y me dec\u00eda que no lo hiciera nunca, porque nos llevaban para re\u00edrse de nosotras. Despu\u00e9s estuve en pareja con uno que tocaba el bombo en una murga pero era celoso y no me dejaba participar. Iba toda tapada al lado suyo\u2026 Pero cuando pude, me puse las plumas y fui\u201d.<\/p>\n<p><img loading=\"lazy\" decoding=\"async\" class=\"aligncenter size-full wp-image-20502\" src=\"http:\/\/agenciapresentes.org\/wp-content\/uploads\/2019\/03\/luisa-paz045.jpg\" sizes=\"auto, (max-width: 1200px) 100vw, 1200px\" srcset=\"http:\/\/agenciapresentes.org\/wp-content\/uploads\/2019\/03\/luisa-paz045.jpg 1200w, http:\/\/agenciapresentes.org\/wp-content\/uploads\/2019\/03\/luisa-paz045-300x200.jpg 300w, http:\/\/agenciapresentes.org\/wp-content\/uploads\/2019\/03\/luisa-paz045-768x512.jpg 768w, http:\/\/agenciapresentes.org\/wp-content\/uploads\/2019\/03\/luisa-paz045-1024x683.jpg 1024w\" alt=\"\" width=\"1200\" height=\"800\" \/><\/p>\n<p>\u201cEmpezabas de chiquita, de adolescente ya sal\u00edas: te invitaban del barrio porque te conoc\u00edan. Y vos te ibas haciendo el traje todo el a\u00f1o. Terminaba un carnaval y ya empezabas a pensar en el traje que te ibas a hacer para el a\u00f1o siguiente\u201d.<\/p>\n<p>\u201cIgual, hab\u00eda una parte triste y era que cuando ibas ah\u00ed te dabas cuenta de hab\u00eda compa\u00f1eras que ya no estaban: de un verano al otro muchas se hab\u00eda exiliado, pero tambi\u00e9n muchas ya estaban muertas. Nunca \u00e9ramos otra vez las mismas\u201d.<\/p>\n<p><img loading=\"lazy\" decoding=\"async\" class=\"aligncenter size-full wp-image-20505\" src=\"http:\/\/agenciapresentes.org\/wp-content\/uploads\/2019\/03\/luisa-paz076.jpg\" sizes=\"auto, (max-width: 1200px) 100vw, 1200px\" srcset=\"http:\/\/agenciapresentes.org\/wp-content\/uploads\/2019\/03\/luisa-paz076.jpg 1200w, http:\/\/agenciapresentes.org\/wp-content\/uploads\/2019\/03\/luisa-paz076-300x212.jpg 300w, http:\/\/agenciapresentes.org\/wp-content\/uploads\/2019\/03\/luisa-paz076-768x543.jpg 768w, http:\/\/agenciapresentes.org\/wp-content\/uploads\/2019\/03\/luisa-paz076-1024x724.jpg 1024w\" alt=\"\" width=\"1200\" height=\"848\" \/><\/p>\n<p>\u201cMi grupo se llamaba \u2018Las Divas\u2019, \u00e9ramos ocho y en realidad yo era la \u00fanica travesti: las dem\u00e1s eran todas lo que llam\u00e1bamos \u2018maricas chicharras\u2019, que son esos maricas muy afeminados pero que andaban m\u00e1s de var\u00f3n\u201d.<\/p>\n<p><img loading=\"lazy\" decoding=\"async\" class=\"aligncenter size-full wp-image-20506\" src=\"http:\/\/agenciapresentes.org\/wp-content\/uploads\/2019\/03\/malva014.jpg\" sizes=\"auto, (max-width: 1200px) 100vw, 1200px\" srcset=\"http:\/\/agenciapresentes.org\/wp-content\/uploads\/2019\/03\/malva014.jpg 1200w, http:\/\/agenciapresentes.org\/wp-content\/uploads\/2019\/03\/malva014-300x211.jpg 300w, http:\/\/agenciapresentes.org\/wp-content\/uploads\/2019\/03\/malva014-768x540.jpg 768w, http:\/\/agenciapresentes.org\/wp-content\/uploads\/2019\/03\/malva014-1024x719.jpg 1024w\" alt=\"\" width=\"1200\" height=\"843\" \/><\/p>\n<p>\u201c<strong>Una murga ten\u00eda que tener s\u00ed o s\u00ed las chicas trans porque si no era un aburrimiento. La gente se amontonaba para vernos porque era la \u00fanica oportunidad. \u00c9ramos como una atracci\u00f3n, porque despu\u00e9s todo el a\u00f1o est\u00e1bamos ocultas por esto de la represi\u00f3n de la polic\u00eda<\/strong>. La gente iba a vernos y a sacarse fotos con nosotras. Y muchas nos dec\u00edan cosas lindas de apoyo, porque sab\u00edan lo que nosotras pas\u00e1bamos, que era entrar a un supermercado o un restaurante y que alguien te mandara a la polic\u00eda para que te sacara\u201d.<\/p>\n<p><img loading=\"lazy\" decoding=\"async\" class=\"alignnone size-medium wp-image-32951\" src=\"https:\/\/diariofemenino.com.ar\/df\/wp-content\/uploads\/2019\/03\/9tra-300x211.jpg\" alt=\"\" width=\"300\" height=\"211\" srcset=\"https:\/\/diariofemenino.com.ar\/df\/wp-content\/uploads\/2019\/03\/9tra-300x211.jpg 300w, https:\/\/diariofemenino.com.ar\/df\/wp-content\/uploads\/2019\/03\/9tra.jpg 768w\" sizes=\"auto, (max-width: 300px) 100vw, 300px\" \/><\/p>\n<p><img loading=\"lazy\" decoding=\"async\" class=\"aligncenter size-full wp-image-20494\" src=\"http:\/\/agenciapresentes.org\/wp-content\/uploads\/2019\/03\/Andr%C3%87s-Ber%C2%A2n-21.jpg\" alt=\"\" width=\"809\" height=\"1200\" \/><\/p>\n<p>\u201cUn poco se extra\u00f1a ese clima de carnaval. Pero mejor es hoy, que siguen pasando cosas, pero no as\u00ed. Ah\u00ed nunca sab\u00edas si ese carnaval era tu \u00faltimo carnaval\u201d.<\/p>\n<p>&nbsp;<\/p>\n<p>Fuente: <a href=\"http:\/\/agenciapresentes.org\/2019\/03\/03\/memoria-travesti-trans-el-carnaval-era-el-unico-momento-de-libertad\/\">Agencia Presentes<\/a><\/p>\n","protected":false},"excerpt":{"rendered":"<p>Perseguidas y criminalizadas por los edictos policiales, viv\u00edan encerradas porque las deten\u00edan s\u00f3lo por andar en la calle: los seis d\u00edas de corso eran el momento que esperaban todo el a\u00f1o.\u00a0Con fotos del Archivo de la Memoria Trans y testimonios de algunas de sus trabajadoras y colaboradoras, recordamos c\u00f3mo viv\u00edan esos d\u00edas. Fotos y testimonios: [&hellip;]<\/p>\n","protected":false},"author":3,"featured_media":32952,"comment_status":"open","ping_status":"open","sticky":false,"template":"","format":"standard","meta":{"iawp_total_views":59,"footnotes":""},"categories":[8],"tags":[],"class_list":["post-32942","post","type-post","status-publish","format-standard","has-post-thumbnail","hentry","category-entrevistas"],"nelio_content":{"autoShareEndMode":"never","automationSources":{"useCustomSentences":false,"customSentences":[]},"efiAlt":"","efiUrl":"","followers":[3],"highlights":[],"isAutoShareEnabled":true,"networkImageIds":[],"permalinkQueryArgs":[],"series":[],"suggestedReferences":[]},"yoast_head":"<!-- This site is optimized with the Yoast SEO plugin v27.5 - https:\/\/yoast.com\/product\/yoast-seo-wordpress\/ -->\n<title>Memoria travesti-trans: \u201cEl Carnaval era el \u00fanico momento de libertad\u201d - Diario Digital Femenino<\/title>\n<meta name=\"description\" content=\"Perseguidas y criminalizadas por los edictos policiales, viv\u00edan encerradas porque las deten\u00edan s\u00f3lo por andar en la calle.\" \/>\n<meta name=\"robots\" content=\"index, follow, max-snippet:-1, max-image-preview:large, max-video-preview:-1\" \/>\n<link rel=\"canonical\" href=\"https:\/\/diariofemenino.com.ar\/df\/memoria-travesti-trans-el-carnaval-era-el-unico-momento-de-libertad\/\" \/>\n<meta property=\"og:locale\" content=\"es_ES\" \/>\n<meta property=\"og:type\" content=\"article\" \/>\n<meta property=\"og:title\" content=\"Memoria travesti-trans: \u201cEl Carnaval era el \u00fanico momento de libertad\u201d - Diario Digital Femenino\" \/>\n<meta property=\"og:description\" content=\"Perseguidas y criminalizadas por los edictos policiales, viv\u00edan encerradas porque las deten\u00edan s\u00f3lo por andar en la calle.\" \/>\n<meta property=\"og:url\" content=\"https:\/\/diariofemenino.com.ar\/df\/memoria-travesti-trans-el-carnaval-era-el-unico-momento-de-libertad\/\" \/>\n<meta property=\"og:site_name\" content=\"Diario Digital Femenino\" \/>\n<meta property=\"article:publisher\" content=\"https:\/\/www.facebook.com\/DiarioDigitaFemenino\/\" \/>\n<meta property=\"article:published_time\" content=\"2019-03-12T13:08:45+00:00\" \/>\n<meta property=\"og:image\" content=\"https:\/\/diariofemenino.com.ar\/df\/wp-content\/uploads\/2019\/03\/1trans.png\" \/>\n\t<meta property=\"og:image:width\" content=\"559\" \/>\n\t<meta property=\"og:image:height\" content=\"279\" \/>\n\t<meta property=\"og:image:type\" content=\"image\/png\" \/>\n<meta name=\"author\" content=\"Admin\" \/>\n<meta name=\"twitter:card\" content=\"summary_large_image\" \/>\n<meta name=\"twitter:creator\" content=\"@DiarioFemenino1\" \/>\n<meta name=\"twitter:site\" content=\"@DiarioFemenino1\" \/>\n<meta name=\"twitter:label1\" content=\"Escrito por\" \/>\n\t<meta name=\"twitter:data1\" content=\"Admin\" \/>\n\t<meta name=\"twitter:label2\" content=\"Tiempo de lectura\" \/>\n\t<meta name=\"twitter:data2\" content=\"5 minutos\" \/>\n<script type=\"application\/ld+json\" class=\"yoast-schema-graph\">{\"@context\":\"https:\\\/\\\/schema.org\",\"@graph\":[{\"@type\":\"Article\",\"@id\":\"https:\\\/\\\/diariofemenino.com.ar\\\/df\\\/memoria-travesti-trans-el-carnaval-era-el-unico-momento-de-libertad\\\/#article\",\"isPartOf\":{\"@id\":\"https:\\\/\\\/diariofemenino.com.ar\\\/df\\\/memoria-travesti-trans-el-carnaval-era-el-unico-momento-de-libertad\\\/\"},\"author\":{\"name\":\"Admin\",\"@id\":\"https:\\\/\\\/diariofemenino.com.ar\\\/df\\\/#\\\/schema\\\/person\\\/1c36bc3bf394d8ec320814298b4fdd3f\"},\"headline\":\"Memoria travesti-trans: \u201cEl Carnaval era el \u00fanico momento de libertad\u201d\",\"datePublished\":\"2019-03-12T13:08:45+00:00\",\"mainEntityOfPage\":{\"@id\":\"https:\\\/\\\/diariofemenino.com.ar\\\/df\\\/memoria-travesti-trans-el-carnaval-era-el-unico-momento-de-libertad\\\/\"},\"wordCount\":1021,\"commentCount\":0,\"publisher\":{\"@id\":\"https:\\\/\\\/diariofemenino.com.ar\\\/df\\\/#organization\"},\"image\":{\"@id\":\"https:\\\/\\\/diariofemenino.com.ar\\\/df\\\/memoria-travesti-trans-el-carnaval-era-el-unico-momento-de-libertad\\\/#primaryimage\"},\"thumbnailUrl\":\"https:\\\/\\\/diariofemenino.com.ar\\\/df\\\/wp-content\\\/uploads\\\/2019\\\/03\\\/1trans.png\",\"articleSection\":[\"Entrevistas\"],\"inLanguage\":\"es\",\"potentialAction\":[{\"@type\":\"CommentAction\",\"name\":\"Comment\",\"target\":[\"https:\\\/\\\/diariofemenino.com.ar\\\/df\\\/memoria-travesti-trans-el-carnaval-era-el-unico-momento-de-libertad\\\/#respond\"]}]},{\"@type\":\"WebPage\",\"@id\":\"https:\\\/\\\/diariofemenino.com.ar\\\/df\\\/memoria-travesti-trans-el-carnaval-era-el-unico-momento-de-libertad\\\/\",\"url\":\"https:\\\/\\\/diariofemenino.com.ar\\\/df\\\/memoria-travesti-trans-el-carnaval-era-el-unico-momento-de-libertad\\\/\",\"name\":\"Memoria travesti-trans: \u201cEl Carnaval era el \u00fanico momento de libertad\u201d - Diario Digital Femenino\",\"isPartOf\":{\"@id\":\"https:\\\/\\\/diariofemenino.com.ar\\\/df\\\/#website\"},\"primaryImageOfPage\":{\"@id\":\"https:\\\/\\\/diariofemenino.com.ar\\\/df\\\/memoria-travesti-trans-el-carnaval-era-el-unico-momento-de-libertad\\\/#primaryimage\"},\"image\":{\"@id\":\"https:\\\/\\\/diariofemenino.com.ar\\\/df\\\/memoria-travesti-trans-el-carnaval-era-el-unico-momento-de-libertad\\\/#primaryimage\"},\"thumbnailUrl\":\"https:\\\/\\\/diariofemenino.com.ar\\\/df\\\/wp-content\\\/uploads\\\/2019\\\/03\\\/1trans.png\",\"datePublished\":\"2019-03-12T13:08:45+00:00\",\"description\":\"Perseguidas y criminalizadas por los edictos policiales, viv\u00edan encerradas porque las deten\u00edan s\u00f3lo por andar en la calle.\",\"breadcrumb\":{\"@id\":\"https:\\\/\\\/diariofemenino.com.ar\\\/df\\\/memoria-travesti-trans-el-carnaval-era-el-unico-momento-de-libertad\\\/#breadcrumb\"},\"inLanguage\":\"es\",\"potentialAction\":[{\"@type\":\"ReadAction\",\"target\":[\"https:\\\/\\\/diariofemenino.com.ar\\\/df\\\/memoria-travesti-trans-el-carnaval-era-el-unico-momento-de-libertad\\\/\"]}]},{\"@type\":\"ImageObject\",\"inLanguage\":\"es\",\"@id\":\"https:\\\/\\\/diariofemenino.com.ar\\\/df\\\/memoria-travesti-trans-el-carnaval-era-el-unico-momento-de-libertad\\\/#primaryimage\",\"url\":\"https:\\\/\\\/diariofemenino.com.ar\\\/df\\\/wp-content\\\/uploads\\\/2019\\\/03\\\/1trans.png\",\"contentUrl\":\"https:\\\/\\\/diariofemenino.com.ar\\\/df\\\/wp-content\\\/uploads\\\/2019\\\/03\\\/1trans.png\",\"width\":559,\"height\":279},{\"@type\":\"BreadcrumbList\",\"@id\":\"https:\\\/\\\/diariofemenino.com.ar\\\/df\\\/memoria-travesti-trans-el-carnaval-era-el-unico-momento-de-libertad\\\/#breadcrumb\",\"itemListElement\":[{\"@type\":\"ListItem\",\"position\":1,\"name\":\"Portada\",\"item\":\"https:\\\/\\\/diariofemenino.com.ar\\\/df\\\/\"},{\"@type\":\"ListItem\",\"position\":2,\"name\":\"Memoria travesti-trans: \u201cEl Carnaval era el \u00fanico momento de libertad\u201d\"}]},{\"@type\":\"WebSite\",\"@id\":\"https:\\\/\\\/diariofemenino.com.ar\\\/df\\\/#website\",\"url\":\"https:\\\/\\\/diariofemenino.com.ar\\\/df\\\/\",\"name\":\"Diario Digital Femenino\",\"description\":\"Cuesti\u00f3n de G\u00e9nero\",\"publisher\":{\"@id\":\"https:\\\/\\\/diariofemenino.com.ar\\\/df\\\/#organization\"},\"potentialAction\":[{\"@type\":\"SearchAction\",\"target\":{\"@type\":\"EntryPoint\",\"urlTemplate\":\"https:\\\/\\\/diariofemenino.com.ar\\\/df\\\/?s={search_term_string}\"},\"query-input\":{\"@type\":\"PropertyValueSpecification\",\"valueRequired\":true,\"valueName\":\"search_term_string\"}}],\"inLanguage\":\"es\"},{\"@type\":\"Organization\",\"@id\":\"https:\\\/\\\/diariofemenino.com.ar\\\/df\\\/#organization\",\"name\":\"Diario Femenino\",\"url\":\"https:\\\/\\\/diariofemenino.com.ar\\\/df\\\/\",\"logo\":{\"@type\":\"ImageObject\",\"inLanguage\":\"es\",\"@id\":\"https:\\\/\\\/diariofemenino.com.ar\\\/df\\\/#\\\/schema\\\/logo\\\/image\\\/\",\"url\":\"https:\\\/\\\/diariofemenino.com.ar\\\/df\\\/wp-content\\\/uploads\\\/2018\\\/10\\\/logo.png\",\"contentUrl\":\"https:\\\/\\\/diariofemenino.com.ar\\\/df\\\/wp-content\\\/uploads\\\/2018\\\/10\\\/logo.png\",\"width\":500,\"height\":92,\"caption\":\"Diario Femenino\"},\"image\":{\"@id\":\"https:\\\/\\\/diariofemenino.com.ar\\\/df\\\/#\\\/schema\\\/logo\\\/image\\\/\"},\"sameAs\":[\"https:\\\/\\\/www.facebook.com\\\/DiarioDigitaFemenino\\\/\",\"https:\\\/\\\/x.com\\\/DiarioFemenino1\"]},{\"@type\":\"Person\",\"@id\":\"https:\\\/\\\/diariofemenino.com.ar\\\/df\\\/#\\\/schema\\\/person\\\/1c36bc3bf394d8ec320814298b4fdd3f\",\"name\":\"Admin\",\"image\":{\"@type\":\"ImageObject\",\"inLanguage\":\"es\",\"@id\":\"https:\\\/\\\/diariofemenino.com.ar\\\/df\\\/wp-content\\\/uploads\\\/2018\\\/12\\\/favicon-150x150.jpg\",\"url\":\"https:\\\/\\\/diariofemenino.com.ar\\\/df\\\/wp-content\\\/uploads\\\/2018\\\/12\\\/favicon-150x150.jpg\",\"contentUrl\":\"https:\\\/\\\/diariofemenino.com.ar\\\/df\\\/wp-content\\\/uploads\\\/2018\\\/12\\\/favicon-150x150.jpg\",\"caption\":\"Admin\"},\"url\":\"https:\\\/\\\/diariofemenino.com.ar\\\/df\\\/author\\\/sofiperez\\\/\"}]}<\/script>\n<!-- \/ Yoast SEO plugin. -->","yoast_head_json":{"title":"Memoria travesti-trans: \u201cEl Carnaval era el \u00fanico momento de libertad\u201d - Diario Digital Femenino","description":"Perseguidas y criminalizadas por los edictos policiales, viv\u00edan encerradas porque las deten\u00edan s\u00f3lo por andar en la calle.","robots":{"index":"index","follow":"follow","max-snippet":"max-snippet:-1","max-image-preview":"max-image-preview:large","max-video-preview":"max-video-preview:-1"},"canonical":"https:\/\/diariofemenino.com.ar\/df\/memoria-travesti-trans-el-carnaval-era-el-unico-momento-de-libertad\/","og_locale":"es_ES","og_type":"article","og_title":"Memoria travesti-trans: \u201cEl Carnaval era el \u00fanico momento de libertad\u201d - Diario Digital Femenino","og_description":"Perseguidas y criminalizadas por los edictos policiales, viv\u00edan encerradas porque las deten\u00edan s\u00f3lo por andar en la calle.","og_url":"https:\/\/diariofemenino.com.ar\/df\/memoria-travesti-trans-el-carnaval-era-el-unico-momento-de-libertad\/","og_site_name":"Diario Digital Femenino","article_publisher":"https:\/\/www.facebook.com\/DiarioDigitaFemenino\/","article_published_time":"2019-03-12T13:08:45+00:00","og_image":[{"width":559,"height":279,"url":"https:\/\/diariofemenino.com.ar\/df\/wp-content\/uploads\/2019\/03\/1trans.png","type":"image\/png"}],"author":"Admin","twitter_card":"summary_large_image","twitter_creator":"@DiarioFemenino1","twitter_site":"@DiarioFemenino1","twitter_misc":{"Escrito por":"Admin","Tiempo de lectura":"5 minutos"},"schema":{"@context":"https:\/\/schema.org","@graph":[{"@type":"Article","@id":"https:\/\/diariofemenino.com.ar\/df\/memoria-travesti-trans-el-carnaval-era-el-unico-momento-de-libertad\/#article","isPartOf":{"@id":"https:\/\/diariofemenino.com.ar\/df\/memoria-travesti-trans-el-carnaval-era-el-unico-momento-de-libertad\/"},"author":{"name":"Admin","@id":"https:\/\/diariofemenino.com.ar\/df\/#\/schema\/person\/1c36bc3bf394d8ec320814298b4fdd3f"},"headline":"Memoria travesti-trans: \u201cEl Carnaval era el \u00fanico momento de libertad\u201d","datePublished":"2019-03-12T13:08:45+00:00","mainEntityOfPage":{"@id":"https:\/\/diariofemenino.com.ar\/df\/memoria-travesti-trans-el-carnaval-era-el-unico-momento-de-libertad\/"},"wordCount":1021,"commentCount":0,"publisher":{"@id":"https:\/\/diariofemenino.com.ar\/df\/#organization"},"image":{"@id":"https:\/\/diariofemenino.com.ar\/df\/memoria-travesti-trans-el-carnaval-era-el-unico-momento-de-libertad\/#primaryimage"},"thumbnailUrl":"https:\/\/diariofemenino.com.ar\/df\/wp-content\/uploads\/2019\/03\/1trans.png","articleSection":["Entrevistas"],"inLanguage":"es","potentialAction":[{"@type":"CommentAction","name":"Comment","target":["https:\/\/diariofemenino.com.ar\/df\/memoria-travesti-trans-el-carnaval-era-el-unico-momento-de-libertad\/#respond"]}]},{"@type":"WebPage","@id":"https:\/\/diariofemenino.com.ar\/df\/memoria-travesti-trans-el-carnaval-era-el-unico-momento-de-libertad\/","url":"https:\/\/diariofemenino.com.ar\/df\/memoria-travesti-trans-el-carnaval-era-el-unico-momento-de-libertad\/","name":"Memoria travesti-trans: \u201cEl Carnaval era el \u00fanico momento de libertad\u201d - Diario Digital Femenino","isPartOf":{"@id":"https:\/\/diariofemenino.com.ar\/df\/#website"},"primaryImageOfPage":{"@id":"https:\/\/diariofemenino.com.ar\/df\/memoria-travesti-trans-el-carnaval-era-el-unico-momento-de-libertad\/#primaryimage"},"image":{"@id":"https:\/\/diariofemenino.com.ar\/df\/memoria-travesti-trans-el-carnaval-era-el-unico-momento-de-libertad\/#primaryimage"},"thumbnailUrl":"https:\/\/diariofemenino.com.ar\/df\/wp-content\/uploads\/2019\/03\/1trans.png","datePublished":"2019-03-12T13:08:45+00:00","description":"Perseguidas y criminalizadas por los edictos policiales, viv\u00edan encerradas porque las deten\u00edan s\u00f3lo por andar en la calle.","breadcrumb":{"@id":"https:\/\/diariofemenino.com.ar\/df\/memoria-travesti-trans-el-carnaval-era-el-unico-momento-de-libertad\/#breadcrumb"},"inLanguage":"es","potentialAction":[{"@type":"ReadAction","target":["https:\/\/diariofemenino.com.ar\/df\/memoria-travesti-trans-el-carnaval-era-el-unico-momento-de-libertad\/"]}]},{"@type":"ImageObject","inLanguage":"es","@id":"https:\/\/diariofemenino.com.ar\/df\/memoria-travesti-trans-el-carnaval-era-el-unico-momento-de-libertad\/#primaryimage","url":"https:\/\/diariofemenino.com.ar\/df\/wp-content\/uploads\/2019\/03\/1trans.png","contentUrl":"https:\/\/diariofemenino.com.ar\/df\/wp-content\/uploads\/2019\/03\/1trans.png","width":559,"height":279},{"@type":"BreadcrumbList","@id":"https:\/\/diariofemenino.com.ar\/df\/memoria-travesti-trans-el-carnaval-era-el-unico-momento-de-libertad\/#breadcrumb","itemListElement":[{"@type":"ListItem","position":1,"name":"Portada","item":"https:\/\/diariofemenino.com.ar\/df\/"},{"@type":"ListItem","position":2,"name":"Memoria travesti-trans: \u201cEl Carnaval era el \u00fanico momento de libertad\u201d"}]},{"@type":"WebSite","@id":"https:\/\/diariofemenino.com.ar\/df\/#website","url":"https:\/\/diariofemenino.com.ar\/df\/","name":"Diario Digital Femenino","description":"Cuesti\u00f3n de G\u00e9nero","publisher":{"@id":"https:\/\/diariofemenino.com.ar\/df\/#organization"},"potentialAction":[{"@type":"SearchAction","target":{"@type":"EntryPoint","urlTemplate":"https:\/\/diariofemenino.com.ar\/df\/?s={search_term_string}"},"query-input":{"@type":"PropertyValueSpecification","valueRequired":true,"valueName":"search_term_string"}}],"inLanguage":"es"},{"@type":"Organization","@id":"https:\/\/diariofemenino.com.ar\/df\/#organization","name":"Diario Femenino","url":"https:\/\/diariofemenino.com.ar\/df\/","logo":{"@type":"ImageObject","inLanguage":"es","@id":"https:\/\/diariofemenino.com.ar\/df\/#\/schema\/logo\/image\/","url":"https:\/\/diariofemenino.com.ar\/df\/wp-content\/uploads\/2018\/10\/logo.png","contentUrl":"https:\/\/diariofemenino.com.ar\/df\/wp-content\/uploads\/2018\/10\/logo.png","width":500,"height":92,"caption":"Diario Femenino"},"image":{"@id":"https:\/\/diariofemenino.com.ar\/df\/#\/schema\/logo\/image\/"},"sameAs":["https:\/\/www.facebook.com\/DiarioDigitaFemenino\/","https:\/\/x.com\/DiarioFemenino1"]},{"@type":"Person","@id":"https:\/\/diariofemenino.com.ar\/df\/#\/schema\/person\/1c36bc3bf394d8ec320814298b4fdd3f","name":"Admin","image":{"@type":"ImageObject","inLanguage":"es","@id":"https:\/\/diariofemenino.com.ar\/df\/wp-content\/uploads\/2018\/12\/favicon-150x150.jpg","url":"https:\/\/diariofemenino.com.ar\/df\/wp-content\/uploads\/2018\/12\/favicon-150x150.jpg","contentUrl":"https:\/\/diariofemenino.com.ar\/df\/wp-content\/uploads\/2018\/12\/favicon-150x150.jpg","caption":"Admin"},"url":"https:\/\/diariofemenino.com.ar\/df\/author\/sofiperez\/"}]}},"jetpack_featured_media_url":"https:\/\/diariofemenino.com.ar\/df\/wp-content\/uploads\/2019\/03\/1trans.png","jetpack_sharing_enabled":true,"rttpg_featured_image_url":{"full":["https:\/\/diariofemenino.com.ar\/df\/wp-content\/uploads\/2019\/03\/1trans.png",559,279,false],"landscape":["https:\/\/diariofemenino.com.ar\/df\/wp-content\/uploads\/2019\/03\/1trans.png",559,279,false],"portraits":["https:\/\/diariofemenino.com.ar\/df\/wp-content\/uploads\/2019\/03\/1trans.png",559,279,false],"thumbnail":["https:\/\/diariofemenino.com.ar\/df\/wp-content\/uploads\/2019\/03\/1trans-150x150.png",150,150,true],"medium":["https:\/\/diariofemenino.com.ar\/df\/wp-content\/uploads\/2019\/03\/1trans-300x150.png",300,150,true],"large":["https:\/\/diariofemenino.com.ar\/df\/wp-content\/uploads\/2019\/03\/1trans.png",559,279,false],"1536x1536":["https:\/\/diariofemenino.com.ar\/df\/wp-content\/uploads\/2019\/03\/1trans.png",559,279,false],"2048x2048":["https:\/\/diariofemenino.com.ar\/df\/wp-content\/uploads\/2019\/03\/1trans.png",559,279,false]},"rttpg_author":{"display_name":"Admin","author_link":"https:\/\/diariofemenino.com.ar\/df\/author\/sofiperez\/"},"rttpg_comment":0,"rttpg_category":"<a href=\"https:\/\/diariofemenino.com.ar\/df\/category\/entrevistas\/\" rel=\"category tag\">Entrevistas<\/a>","rttpg_excerpt":"Perseguidas y criminalizadas por los edictos policiales, viv\u00edan encerradas porque las deten\u00edan s\u00f3lo por andar en la calle: los seis d\u00edas de corso eran el momento que esperaban todo el a\u00f1o.\u00a0Con fotos del Archivo de la Memoria Trans y testimonios de algunas de sus trabajadoras y colaboradoras, recordamos c\u00f3mo viv\u00edan esos d\u00edas. Fotos y testimonios:&hellip;","_links":{"self":[{"href":"https:\/\/diariofemenino.com.ar\/df\/wp-json\/wp\/v2\/posts\/32942","targetHints":{"allow":["GET"]}}],"collection":[{"href":"https:\/\/diariofemenino.com.ar\/df\/wp-json\/wp\/v2\/posts"}],"about":[{"href":"https:\/\/diariofemenino.com.ar\/df\/wp-json\/wp\/v2\/types\/post"}],"author":[{"embeddable":true,"href":"https:\/\/diariofemenino.com.ar\/df\/wp-json\/wp\/v2\/users\/3"}],"replies":[{"embeddable":true,"href":"https:\/\/diariofemenino.com.ar\/df\/wp-json\/wp\/v2\/comments?post=32942"}],"version-history":[{"count":0,"href":"https:\/\/diariofemenino.com.ar\/df\/wp-json\/wp\/v2\/posts\/32942\/revisions"}],"wp:featuredmedia":[{"embeddable":true,"href":"https:\/\/diariofemenino.com.ar\/df\/wp-json\/wp\/v2\/media\/32952"}],"wp:attachment":[{"href":"https:\/\/diariofemenino.com.ar\/df\/wp-json\/wp\/v2\/media?parent=32942"}],"wp:term":[{"taxonomy":"category","embeddable":true,"href":"https:\/\/diariofemenino.com.ar\/df\/wp-json\/wp\/v2\/categories?post=32942"},{"taxonomy":"post_tag","embeddable":true,"href":"https:\/\/diariofemenino.com.ar\/df\/wp-json\/wp\/v2\/tags?post=32942"}],"curies":[{"name":"wp","href":"https:\/\/api.w.org\/{rel}","templated":true}]}}