{"id":32780,"date":"2019-03-08T11:33:29","date_gmt":"2019-03-08T14:33:29","guid":{"rendered":"https:\/\/diariofemenino.com.ar\/?p=32780"},"modified":"2019-03-08T11:33:29","modified_gmt":"2019-03-08T14:33:29","slug":"8-de-marzo-el-dia-que-las-mujeres-comenzaron-la-revolucion-rusa","status":"publish","type":"post","link":"https:\/\/diariofemenino.com.ar\/df\/8-de-marzo-el-dia-que-las-mujeres-comenzaron-la-revolucion-rusa\/","title":{"rendered":"8 de marzo: el d\u00eda que las mujeres comenzaron la Revoluci\u00f3n Rusa"},"content":{"rendered":"<p>El 8 de marzo se celebra el D\u00eda Internacional de la Mujer Trabajadora. Algunas personas lo toman como un simple d\u00eda festivo y hasta comercial. Otras rememoran un presunto incendio que mat\u00f3 obreras textiles. Pocas dan cuenta del verdadero origen de esa conmemoraci\u00f3n: el inicio de la Revoluci\u00f3n Rusa.<\/p>\n<p><strong>El mito del incendio<\/strong><\/p>\n<p>A\u00fan hoy, algunas versiones sobre por qu\u00e9\u00a0el 8 de marzo se homenajea a las mujeres trabajadoras hacen referencia al incendio de una f\u00e1brica textil en EE.UU. en alg\u00fan momento entre fines del siglo XIX (la m\u00e1s conocida habla de 1857) y principios del XX. Los a\u00f1os son dispares, pero todas plantean que sucedi\u00f3 el 8 de marzo.<\/p>\n<p>Esta versi\u00f3n, aunque errada y con un claro sesgo ideol\u00f3gico ya que fue construida en plena Guerra Fr\u00eda, se asienta en hechos reales. Las d\u00e9cadas de 1900 y 1910 fueron convulsionadas para el movimiento obrero estadounidense donde las mujeres tuvieron un fuerte protagonismo. La industria textil -donde las trabajadoras eran mayor\u00eda- vivi\u00f3 una importante conflictividad con las mujeres a la vanguardia de la lucha por la conquista de derechos laborales.<\/p>\n<p>Entre sus\u00a0<a href=\"https:\/\/notas.org.ar\/2016\/10\/18\/cinco-huelgas-mujeres-historia\/\" target=\"_blank\" rel=\"noopener\">principales hitos<\/a>\u00a0se cuenta el \u201clevantamiento de las 20 mil\u201d entre noviembre de 1909 y febrero de 1910 en Nueva York. Tambi\u00e9n la hist\u00f3rica huelga de \u201cPan y Rosas\u201d de 1912 en Lawrence, Massachusetts.<\/p>\n<p>En el medio, ocurri\u00f3 un acontecimiento que puede haber dado pie a la confusi\u00f3n\/revisi\u00f3n hist\u00f3rica posterior: el incendio de la f\u00e1brica Triangle Shirtwaist de Nueva York donde 123 trabajadoras de la confecci\u00f3n y 23 hombres murieron. Fue el 25 de marzo de 1911.<\/p>\n<p><strong>Las mujeres socialistas y el d\u00eda internacional<\/strong><\/p>\n<p>Formalmente el d\u00eda internacional de la mujer trabajadora se conmemor\u00f3 desde 1910. Ese a\u00f1o, durante la Segunda Conferencia Internacional de las Mujeres realizada en Dinamarca, la alemana Clara Zetkin, propuso la adopci\u00f3n de un d\u00eda de lucha que las reuniera. Sin embargo no se estableci\u00f3 una fecha fija.<\/p>\n<p>La propuesta de Zetkin se inspiraba en una definici\u00f3n del Partido Socialista Americano (estadounidense) que desde 1909 lo hac\u00eda a fines de febrero, por lo general el \u00faltimo domingo del mes.<\/p>\n<p>As\u00ed fue que las organizaciones nucleadas en la II Internacional Socialista comenzaron a tomar ese momento del a\u00f1o como una jornada de protesta en todo el mundo. Las mujeres rusas, en medio de una aguda crisis econ\u00f3mica provocada por el r\u00e9gimen zarista y la Primera Guerra Mundial, salieron a las calles a finales de febrero de 1917: el d\u00eda 23 -seg\u00fan el calendario juliano- o el 8 de marzo -de acuerdo al gregoriano-.<\/p>\n<p><strong>El inicio de la revoluci\u00f3n<\/strong><\/p>\n<p>\u201cEn 1917, el 8 de marzo, D\u00eda de las Mujeres Trabajadoras, ellas salieron bravamente a las calles de Petrogrado. Las mujeres -algunas trabajadoras, otras esposas de soldados- reivindicaban \u2018pan para nuestros hijos\u2019 y \u2018retorno de nuestros maridos de las trincheras\u2019\u201d, escribi\u00f3 tiempo despu\u00e9s Alexandra Kollontai y agreg\u00f3: \u201cEl D\u00eda de las Mujeres Trabajadoras de 1917 se volvi\u00f3 memorable en la Historia. Ese d\u00eda las mujeres rusas levantaron la antorcha de la revoluci\u00f3n proletaria e incendiaron todo el mundo\u201d.<\/p>\n<p>A comienzos de 1917 la ciudad de Petrogrado (hoy San Petersburgo y en ese entonces capital de Rusia) era una urbe devastada. El pa\u00eds estaba inmerso en la Primera Guerra Mundial lo que hab\u00eda generado, desde su comienzo en 1914, que el precio del carb\u00f3n se multiplique por cinco y el de los alimentos por siete.<\/p>\n<p>Casi la mitad de la clase obrera de la ciudad eran mujeres. El n\u00famero se hab\u00eda incrementado porque muchos hombres estaban en el frente. Adem\u00e1s de trabajar en sectores \u201ctradicionales\u201d para el g\u00e9nero femenino de la \u00e9poca como la industria textil, cuero y caucho, hab\u00edan accedido a otras tareas antes exclusivas de los varones: los tranv\u00edas, las imprentas y la industria metal\u00fargica, entre otras.<\/p>\n<p>En ese contexto el 23 de febrero\/8 de marzo por la ma\u00f1ana comenz\u00f3 una huelga de obreras textiles. La protesta fue ganando adhesi\u00f3n y, al finalizar la jornada, 90 mil personas, varones y mujeres, hab\u00edan parado sus actividades. El gobernador de la ciudad, Alexander P. Balk, escribi\u00f3: \u201cAl retirarse, el general Goblachev me inform\u00f3, una vez m\u00e1s, de que la manifestaci\u00f3n del d\u00eda era un completo misterio para \u00e9l y que era posible que nada ocurriera al d\u00eda siguiente\u201d.<\/p>\n<p>Sin embargo lo que Balk no supo en ese momento y probablemente tampoco las obreras textiles que iniciaron la huelga, es que aquel d\u00eda hab\u00eda empezado la Revoluci\u00f3n Rusa. El 24 de febrero se sumaron nuevas consignas: \u201c\u00a1Abajo el zar!\u201d y \u201c\u00a1Abajo la guerra!\u201d. Para el 25 la huelga ya era general, las protestas\u00a0se suced\u00edan en las calles y los barrios obreros estaban tomados por los manifestantes.<\/p>\n<p>\u201cLa mujer obrera representa un gran papel en el acercamiento entre los obreros y los soldados. M\u00e1s audazmente que el hombre, penetra en las filas de los soldados, coge con sus manos los fusiles, implora, casi ordena: \u2018Desviad las bayonetas y venid con nosotros&#8217;\u201d, record\u00f3 Le\u00f3n Trotsky. Los soldados \u201cse conmueven, se averg\u00fcenzan, se miran inquietos, vacilan; uno de ellos se decide: las bayonetas desaparecen, las filas se abren, estremece el aire un hurra entusiasta y agradecido; los soldados se ven rodeados de gente que discute, increpa e incita: la revoluci\u00f3n ha dado otro paso hacia adelante\u201d, a\u00f1adi\u00f3 el l\u00edder sovi\u00e9tico.<\/p>\n<p>Con la uni\u00f3n entre obreras, obreros y soldados consumada entre el 26 y el 27 de febrero a la monarqu\u00eda poco le quedaba por hacer. El 2 de marzo el zar Nicol\u00e1s II abdic\u00f3 poniendo fin a siglos de autocracia y dando paso al gobierno provisional.<\/p>\n<p><strong>***<\/strong><\/p>\n<p>La fecha actual que establece el\u00a0D\u00eda Internacional de la Mujer Trabajadora surgi\u00f3 a partir de la\u00a0acci\u00f3n de\u00a0mujeres que no fueron meras v\u00edctimas pasivas de un incendio, sino de esas que tomaron la iniciativa. Fueron el sujeto pol\u00edtico de la transformaci\u00f3n y\u00a0uno de los principales motores de la primera revoluci\u00f3n socialista de la historia. A cien a\u00f1os de aquellas jornadas \u00e9picas, son las mismas que vuelven a advertirnos que as\u00ed no podemos seguir. Son ellas las que paran el mundo.<\/p>\n<p>Santiago Mayor \u2013 @SantiMayor<\/p>\n<p>Fuente: <a href=\"https:\/\/notasperiodismopopular.com.ar\/2019\/03\/08\/8-marzo-dia-mujeres-comenzaron-revolucion-rusa\/\">Notas Periodismo Popular<\/a><\/p>\n","protected":false},"excerpt":{"rendered":"<p>El 8 de marzo se celebra el D\u00eda Internacional de la Mujer Trabajadora. Algunas personas lo toman como un simple d\u00eda festivo y hasta comercial. Otras rememoran un presunto incendio que mat\u00f3 obreras textiles. Pocas dan cuenta del verdadero origen de esa conmemoraci\u00f3n: el inicio de la Revoluci\u00f3n Rusa. El mito del incendio A\u00fan hoy, [&hellip;]<\/p>\n","protected":false},"author":3,"featured_media":32783,"comment_status":"open","ping_status":"open","sticky":false,"template":"","format":"standard","meta":{"iawp_total_views":152,"footnotes":""},"categories":[32],"tags":[41,130,680],"class_list":["post-32780","post","type-post","status-publish","format-standard","has-post-thumbnail","hentry","category-mujeres","tag-8-de-marzo","tag-mujeres","tag-paro-internacional-de-mujeres"],"nelio_content":{"autoShareEndMode":"never","automationSources":{"useCustomSentences":false,"customSentences":[]},"efiAlt":"","efiUrl":"","followers":[3],"highlights":[],"isAutoShareEnabled":true,"networkImageIds":[],"permalinkQueryArgs":[],"series":[],"suggestedReferences":[]},"yoast_head":"<!-- This site is optimized with the Yoast SEO plugin v27.5 - https:\/\/yoast.com\/product\/yoast-seo-wordpress\/ -->\n<title>8 de marzo: el d\u00eda que las mujeres comenzaron la Revoluci\u00f3n Rusa - Diario Digital Femenino<\/title>\n<meta name=\"description\" content=\"El 8 de marzo se celebra el D\u00eda Internacional de la Mujer Trabajadora. Algunas personas lo toman como un simple d\u00eda festivo y hasta comercial.\" \/>\n<meta name=\"robots\" content=\"index, follow, max-snippet:-1, max-image-preview:large, max-video-preview:-1\" \/>\n<link rel=\"canonical\" href=\"https:\/\/diariofemenino.com.ar\/df\/8-de-marzo-el-dia-que-las-mujeres-comenzaron-la-revolucion-rusa\/\" \/>\n<meta property=\"og:locale\" content=\"es_ES\" \/>\n<meta property=\"og:type\" content=\"article\" \/>\n<meta property=\"og:title\" content=\"8 de marzo: el d\u00eda que las mujeres comenzaron la Revoluci\u00f3n Rusa - Diario Digital Femenino\" \/>\n<meta property=\"og:description\" content=\"El 8 de marzo se celebra el D\u00eda Internacional de la Mujer Trabajadora. Algunas personas lo toman como un simple d\u00eda festivo y hasta comercial.\" \/>\n<meta property=\"og:url\" content=\"https:\/\/diariofemenino.com.ar\/df\/8-de-marzo-el-dia-que-las-mujeres-comenzaron-la-revolucion-rusa\/\" \/>\n<meta property=\"og:site_name\" content=\"Diario Digital Femenino\" \/>\n<meta property=\"article:publisher\" content=\"https:\/\/www.facebook.com\/DiarioDigitaFemenino\/\" \/>\n<meta property=\"article:published_time\" content=\"2019-03-08T14:33:29+00:00\" \/>\n<meta property=\"og:image\" content=\"https:\/\/diariofemenino.com.ar\/df\/wp-content\/uploads\/2019\/03\/Revolucion-Rusa-680x365.jpg\" \/>\n\t<meta property=\"og:image:width\" content=\"680\" \/>\n\t<meta property=\"og:image:height\" content=\"365\" \/>\n\t<meta property=\"og:image:type\" content=\"image\/jpeg\" \/>\n<meta name=\"author\" content=\"Admin\" \/>\n<meta name=\"twitter:card\" content=\"summary_large_image\" \/>\n<meta name=\"twitter:creator\" content=\"@DiarioFemenino1\" \/>\n<meta name=\"twitter:site\" content=\"@DiarioFemenino1\" \/>\n<meta name=\"twitter:label1\" content=\"Escrito por\" \/>\n\t<meta name=\"twitter:data1\" content=\"Admin\" \/>\n\t<meta name=\"twitter:label2\" content=\"Tiempo de lectura\" \/>\n\t<meta name=\"twitter:data2\" content=\"5 minutos\" \/>\n<script type=\"application\/ld+json\" class=\"yoast-schema-graph\">{\"@context\":\"https:\\\/\\\/schema.org\",\"@graph\":[{\"@type\":\"Article\",\"@id\":\"https:\\\/\\\/diariofemenino.com.ar\\\/df\\\/8-de-marzo-el-dia-que-las-mujeres-comenzaron-la-revolucion-rusa\\\/#article\",\"isPartOf\":{\"@id\":\"https:\\\/\\\/diariofemenino.com.ar\\\/df\\\/8-de-marzo-el-dia-que-las-mujeres-comenzaron-la-revolucion-rusa\\\/\"},\"author\":{\"name\":\"Admin\",\"@id\":\"https:\\\/\\\/diariofemenino.com.ar\\\/df\\\/#\\\/schema\\\/person\\\/1c36bc3bf394d8ec320814298b4fdd3f\"},\"headline\":\"8 de marzo: el d\u00eda que las mujeres comenzaron la Revoluci\u00f3n Rusa\",\"datePublished\":\"2019-03-08T14:33:29+00:00\",\"mainEntityOfPage\":{\"@id\":\"https:\\\/\\\/diariofemenino.com.ar\\\/df\\\/8-de-marzo-el-dia-que-las-mujeres-comenzaron-la-revolucion-rusa\\\/\"},\"wordCount\":1067,\"commentCount\":0,\"publisher\":{\"@id\":\"https:\\\/\\\/diariofemenino.com.ar\\\/df\\\/#organization\"},\"image\":{\"@id\":\"https:\\\/\\\/diariofemenino.com.ar\\\/df\\\/8-de-marzo-el-dia-que-las-mujeres-comenzaron-la-revolucion-rusa\\\/#primaryimage\"},\"thumbnailUrl\":\"https:\\\/\\\/diariofemenino.com.ar\\\/df\\\/wp-content\\\/uploads\\\/2019\\\/03\\\/Revolucion-Rusa-680x365.jpg\",\"keywords\":[\"8 de Marzo\",\"Mujeres\",\"Paro Internacional de Mujeres\"],\"articleSection\":[\"Mujeres\"],\"inLanguage\":\"es\",\"potentialAction\":[{\"@type\":\"CommentAction\",\"name\":\"Comment\",\"target\":[\"https:\\\/\\\/diariofemenino.com.ar\\\/df\\\/8-de-marzo-el-dia-que-las-mujeres-comenzaron-la-revolucion-rusa\\\/#respond\"]}]},{\"@type\":\"WebPage\",\"@id\":\"https:\\\/\\\/diariofemenino.com.ar\\\/df\\\/8-de-marzo-el-dia-que-las-mujeres-comenzaron-la-revolucion-rusa\\\/\",\"url\":\"https:\\\/\\\/diariofemenino.com.ar\\\/df\\\/8-de-marzo-el-dia-que-las-mujeres-comenzaron-la-revolucion-rusa\\\/\",\"name\":\"8 de marzo: el d\u00eda que las mujeres comenzaron la Revoluci\u00f3n Rusa - Diario Digital Femenino\",\"isPartOf\":{\"@id\":\"https:\\\/\\\/diariofemenino.com.ar\\\/df\\\/#website\"},\"primaryImageOfPage\":{\"@id\":\"https:\\\/\\\/diariofemenino.com.ar\\\/df\\\/8-de-marzo-el-dia-que-las-mujeres-comenzaron-la-revolucion-rusa\\\/#primaryimage\"},\"image\":{\"@id\":\"https:\\\/\\\/diariofemenino.com.ar\\\/df\\\/8-de-marzo-el-dia-que-las-mujeres-comenzaron-la-revolucion-rusa\\\/#primaryimage\"},\"thumbnailUrl\":\"https:\\\/\\\/diariofemenino.com.ar\\\/df\\\/wp-content\\\/uploads\\\/2019\\\/03\\\/Revolucion-Rusa-680x365.jpg\",\"datePublished\":\"2019-03-08T14:33:29+00:00\",\"description\":\"El 8 de marzo se celebra el D\u00eda Internacional de la Mujer Trabajadora. Algunas personas lo toman como un simple d\u00eda festivo y hasta comercial.\",\"breadcrumb\":{\"@id\":\"https:\\\/\\\/diariofemenino.com.ar\\\/df\\\/8-de-marzo-el-dia-que-las-mujeres-comenzaron-la-revolucion-rusa\\\/#breadcrumb\"},\"inLanguage\":\"es\",\"potentialAction\":[{\"@type\":\"ReadAction\",\"target\":[\"https:\\\/\\\/diariofemenino.com.ar\\\/df\\\/8-de-marzo-el-dia-que-las-mujeres-comenzaron-la-revolucion-rusa\\\/\"]}]},{\"@type\":\"ImageObject\",\"inLanguage\":\"es\",\"@id\":\"https:\\\/\\\/diariofemenino.com.ar\\\/df\\\/8-de-marzo-el-dia-que-las-mujeres-comenzaron-la-revolucion-rusa\\\/#primaryimage\",\"url\":\"https:\\\/\\\/diariofemenino.com.ar\\\/df\\\/wp-content\\\/uploads\\\/2019\\\/03\\\/Revolucion-Rusa-680x365.jpg\",\"contentUrl\":\"https:\\\/\\\/diariofemenino.com.ar\\\/df\\\/wp-content\\\/uploads\\\/2019\\\/03\\\/Revolucion-Rusa-680x365.jpg\",\"width\":680,\"height\":365},{\"@type\":\"BreadcrumbList\",\"@id\":\"https:\\\/\\\/diariofemenino.com.ar\\\/df\\\/8-de-marzo-el-dia-que-las-mujeres-comenzaron-la-revolucion-rusa\\\/#breadcrumb\",\"itemListElement\":[{\"@type\":\"ListItem\",\"position\":1,\"name\":\"Portada\",\"item\":\"https:\\\/\\\/diariofemenino.com.ar\\\/df\\\/\"},{\"@type\":\"ListItem\",\"position\":2,\"name\":\"8 de marzo: el d\u00eda que las mujeres comenzaron la Revoluci\u00f3n Rusa\"}]},{\"@type\":\"WebSite\",\"@id\":\"https:\\\/\\\/diariofemenino.com.ar\\\/df\\\/#website\",\"url\":\"https:\\\/\\\/diariofemenino.com.ar\\\/df\\\/\",\"name\":\"Diario Digital Femenino\",\"description\":\"Cuesti\u00f3n de G\u00e9nero\",\"publisher\":{\"@id\":\"https:\\\/\\\/diariofemenino.com.ar\\\/df\\\/#organization\"},\"potentialAction\":[{\"@type\":\"SearchAction\",\"target\":{\"@type\":\"EntryPoint\",\"urlTemplate\":\"https:\\\/\\\/diariofemenino.com.ar\\\/df\\\/?s={search_term_string}\"},\"query-input\":{\"@type\":\"PropertyValueSpecification\",\"valueRequired\":true,\"valueName\":\"search_term_string\"}}],\"inLanguage\":\"es\"},{\"@type\":\"Organization\",\"@id\":\"https:\\\/\\\/diariofemenino.com.ar\\\/df\\\/#organization\",\"name\":\"Diario Femenino\",\"url\":\"https:\\\/\\\/diariofemenino.com.ar\\\/df\\\/\",\"logo\":{\"@type\":\"ImageObject\",\"inLanguage\":\"es\",\"@id\":\"https:\\\/\\\/diariofemenino.com.ar\\\/df\\\/#\\\/schema\\\/logo\\\/image\\\/\",\"url\":\"https:\\\/\\\/diariofemenino.com.ar\\\/df\\\/wp-content\\\/uploads\\\/2018\\\/10\\\/logo.png\",\"contentUrl\":\"https:\\\/\\\/diariofemenino.com.ar\\\/df\\\/wp-content\\\/uploads\\\/2018\\\/10\\\/logo.png\",\"width\":500,\"height\":92,\"caption\":\"Diario Femenino\"},\"image\":{\"@id\":\"https:\\\/\\\/diariofemenino.com.ar\\\/df\\\/#\\\/schema\\\/logo\\\/image\\\/\"},\"sameAs\":[\"https:\\\/\\\/www.facebook.com\\\/DiarioDigitaFemenino\\\/\",\"https:\\\/\\\/x.com\\\/DiarioFemenino1\"]},{\"@type\":\"Person\",\"@id\":\"https:\\\/\\\/diariofemenino.com.ar\\\/df\\\/#\\\/schema\\\/person\\\/1c36bc3bf394d8ec320814298b4fdd3f\",\"name\":\"Admin\",\"image\":{\"@type\":\"ImageObject\",\"inLanguage\":\"es\",\"@id\":\"https:\\\/\\\/diariofemenino.com.ar\\\/df\\\/wp-content\\\/uploads\\\/2018\\\/12\\\/favicon-150x150.jpg\",\"url\":\"https:\\\/\\\/diariofemenino.com.ar\\\/df\\\/wp-content\\\/uploads\\\/2018\\\/12\\\/favicon-150x150.jpg\",\"contentUrl\":\"https:\\\/\\\/diariofemenino.com.ar\\\/df\\\/wp-content\\\/uploads\\\/2018\\\/12\\\/favicon-150x150.jpg\",\"caption\":\"Admin\"},\"url\":\"https:\\\/\\\/diariofemenino.com.ar\\\/df\\\/author\\\/sofiperez\\\/\"}]}<\/script>\n<!-- \/ Yoast SEO plugin. -->","yoast_head_json":{"title":"8 de marzo: el d\u00eda que las mujeres comenzaron la Revoluci\u00f3n Rusa - Diario Digital Femenino","description":"El 8 de marzo se celebra el D\u00eda Internacional de la Mujer Trabajadora. Algunas personas lo toman como un simple d\u00eda festivo y hasta comercial.","robots":{"index":"index","follow":"follow","max-snippet":"max-snippet:-1","max-image-preview":"max-image-preview:large","max-video-preview":"max-video-preview:-1"},"canonical":"https:\/\/diariofemenino.com.ar\/df\/8-de-marzo-el-dia-que-las-mujeres-comenzaron-la-revolucion-rusa\/","og_locale":"es_ES","og_type":"article","og_title":"8 de marzo: el d\u00eda que las mujeres comenzaron la Revoluci\u00f3n Rusa - Diario Digital Femenino","og_description":"El 8 de marzo se celebra el D\u00eda Internacional de la Mujer Trabajadora. Algunas personas lo toman como un simple d\u00eda festivo y hasta comercial.","og_url":"https:\/\/diariofemenino.com.ar\/df\/8-de-marzo-el-dia-que-las-mujeres-comenzaron-la-revolucion-rusa\/","og_site_name":"Diario Digital Femenino","article_publisher":"https:\/\/www.facebook.com\/DiarioDigitaFemenino\/","article_published_time":"2019-03-08T14:33:29+00:00","og_image":[{"width":680,"height":365,"url":"https:\/\/diariofemenino.com.ar\/df\/wp-content\/uploads\/2019\/03\/Revolucion-Rusa-680x365.jpg","type":"image\/jpeg"}],"author":"Admin","twitter_card":"summary_large_image","twitter_creator":"@DiarioFemenino1","twitter_site":"@DiarioFemenino1","twitter_misc":{"Escrito por":"Admin","Tiempo de lectura":"5 minutos"},"schema":{"@context":"https:\/\/schema.org","@graph":[{"@type":"Article","@id":"https:\/\/diariofemenino.com.ar\/df\/8-de-marzo-el-dia-que-las-mujeres-comenzaron-la-revolucion-rusa\/#article","isPartOf":{"@id":"https:\/\/diariofemenino.com.ar\/df\/8-de-marzo-el-dia-que-las-mujeres-comenzaron-la-revolucion-rusa\/"},"author":{"name":"Admin","@id":"https:\/\/diariofemenino.com.ar\/df\/#\/schema\/person\/1c36bc3bf394d8ec320814298b4fdd3f"},"headline":"8 de marzo: el d\u00eda que las mujeres comenzaron la Revoluci\u00f3n Rusa","datePublished":"2019-03-08T14:33:29+00:00","mainEntityOfPage":{"@id":"https:\/\/diariofemenino.com.ar\/df\/8-de-marzo-el-dia-que-las-mujeres-comenzaron-la-revolucion-rusa\/"},"wordCount":1067,"commentCount":0,"publisher":{"@id":"https:\/\/diariofemenino.com.ar\/df\/#organization"},"image":{"@id":"https:\/\/diariofemenino.com.ar\/df\/8-de-marzo-el-dia-que-las-mujeres-comenzaron-la-revolucion-rusa\/#primaryimage"},"thumbnailUrl":"https:\/\/diariofemenino.com.ar\/df\/wp-content\/uploads\/2019\/03\/Revolucion-Rusa-680x365.jpg","keywords":["8 de Marzo","Mujeres","Paro Internacional de Mujeres"],"articleSection":["Mujeres"],"inLanguage":"es","potentialAction":[{"@type":"CommentAction","name":"Comment","target":["https:\/\/diariofemenino.com.ar\/df\/8-de-marzo-el-dia-que-las-mujeres-comenzaron-la-revolucion-rusa\/#respond"]}]},{"@type":"WebPage","@id":"https:\/\/diariofemenino.com.ar\/df\/8-de-marzo-el-dia-que-las-mujeres-comenzaron-la-revolucion-rusa\/","url":"https:\/\/diariofemenino.com.ar\/df\/8-de-marzo-el-dia-que-las-mujeres-comenzaron-la-revolucion-rusa\/","name":"8 de marzo: el d\u00eda que las mujeres comenzaron la Revoluci\u00f3n Rusa - Diario Digital Femenino","isPartOf":{"@id":"https:\/\/diariofemenino.com.ar\/df\/#website"},"primaryImageOfPage":{"@id":"https:\/\/diariofemenino.com.ar\/df\/8-de-marzo-el-dia-que-las-mujeres-comenzaron-la-revolucion-rusa\/#primaryimage"},"image":{"@id":"https:\/\/diariofemenino.com.ar\/df\/8-de-marzo-el-dia-que-las-mujeres-comenzaron-la-revolucion-rusa\/#primaryimage"},"thumbnailUrl":"https:\/\/diariofemenino.com.ar\/df\/wp-content\/uploads\/2019\/03\/Revolucion-Rusa-680x365.jpg","datePublished":"2019-03-08T14:33:29+00:00","description":"El 8 de marzo se celebra el D\u00eda Internacional de la Mujer Trabajadora. Algunas personas lo toman como un simple d\u00eda festivo y hasta comercial.","breadcrumb":{"@id":"https:\/\/diariofemenino.com.ar\/df\/8-de-marzo-el-dia-que-las-mujeres-comenzaron-la-revolucion-rusa\/#breadcrumb"},"inLanguage":"es","potentialAction":[{"@type":"ReadAction","target":["https:\/\/diariofemenino.com.ar\/df\/8-de-marzo-el-dia-que-las-mujeres-comenzaron-la-revolucion-rusa\/"]}]},{"@type":"ImageObject","inLanguage":"es","@id":"https:\/\/diariofemenino.com.ar\/df\/8-de-marzo-el-dia-que-las-mujeres-comenzaron-la-revolucion-rusa\/#primaryimage","url":"https:\/\/diariofemenino.com.ar\/df\/wp-content\/uploads\/2019\/03\/Revolucion-Rusa-680x365.jpg","contentUrl":"https:\/\/diariofemenino.com.ar\/df\/wp-content\/uploads\/2019\/03\/Revolucion-Rusa-680x365.jpg","width":680,"height":365},{"@type":"BreadcrumbList","@id":"https:\/\/diariofemenino.com.ar\/df\/8-de-marzo-el-dia-que-las-mujeres-comenzaron-la-revolucion-rusa\/#breadcrumb","itemListElement":[{"@type":"ListItem","position":1,"name":"Portada","item":"https:\/\/diariofemenino.com.ar\/df\/"},{"@type":"ListItem","position":2,"name":"8 de marzo: el d\u00eda que las mujeres comenzaron la Revoluci\u00f3n Rusa"}]},{"@type":"WebSite","@id":"https:\/\/diariofemenino.com.ar\/df\/#website","url":"https:\/\/diariofemenino.com.ar\/df\/","name":"Diario Digital Femenino","description":"Cuesti\u00f3n de G\u00e9nero","publisher":{"@id":"https:\/\/diariofemenino.com.ar\/df\/#organization"},"potentialAction":[{"@type":"SearchAction","target":{"@type":"EntryPoint","urlTemplate":"https:\/\/diariofemenino.com.ar\/df\/?s={search_term_string}"},"query-input":{"@type":"PropertyValueSpecification","valueRequired":true,"valueName":"search_term_string"}}],"inLanguage":"es"},{"@type":"Organization","@id":"https:\/\/diariofemenino.com.ar\/df\/#organization","name":"Diario Femenino","url":"https:\/\/diariofemenino.com.ar\/df\/","logo":{"@type":"ImageObject","inLanguage":"es","@id":"https:\/\/diariofemenino.com.ar\/df\/#\/schema\/logo\/image\/","url":"https:\/\/diariofemenino.com.ar\/df\/wp-content\/uploads\/2018\/10\/logo.png","contentUrl":"https:\/\/diariofemenino.com.ar\/df\/wp-content\/uploads\/2018\/10\/logo.png","width":500,"height":92,"caption":"Diario Femenino"},"image":{"@id":"https:\/\/diariofemenino.com.ar\/df\/#\/schema\/logo\/image\/"},"sameAs":["https:\/\/www.facebook.com\/DiarioDigitaFemenino\/","https:\/\/x.com\/DiarioFemenino1"]},{"@type":"Person","@id":"https:\/\/diariofemenino.com.ar\/df\/#\/schema\/person\/1c36bc3bf394d8ec320814298b4fdd3f","name":"Admin","image":{"@type":"ImageObject","inLanguage":"es","@id":"https:\/\/diariofemenino.com.ar\/df\/wp-content\/uploads\/2018\/12\/favicon-150x150.jpg","url":"https:\/\/diariofemenino.com.ar\/df\/wp-content\/uploads\/2018\/12\/favicon-150x150.jpg","contentUrl":"https:\/\/diariofemenino.com.ar\/df\/wp-content\/uploads\/2018\/12\/favicon-150x150.jpg","caption":"Admin"},"url":"https:\/\/diariofemenino.com.ar\/df\/author\/sofiperez\/"}]}},"jetpack_featured_media_url":"https:\/\/diariofemenino.com.ar\/df\/wp-content\/uploads\/2019\/03\/Revolucion-Rusa-680x365.jpg","jetpack_sharing_enabled":true,"rttpg_featured_image_url":{"full":["https:\/\/diariofemenino.com.ar\/df\/wp-content\/uploads\/2019\/03\/Revolucion-Rusa-680x365.jpg",680,365,false],"landscape":["https:\/\/diariofemenino.com.ar\/df\/wp-content\/uploads\/2019\/03\/Revolucion-Rusa-680x365.jpg",680,365,false],"portraits":["https:\/\/diariofemenino.com.ar\/df\/wp-content\/uploads\/2019\/03\/Revolucion-Rusa-680x365.jpg",680,365,false],"thumbnail":["https:\/\/diariofemenino.com.ar\/df\/wp-content\/uploads\/2019\/03\/Revolucion-Rusa-680x365-150x150.jpg",150,150,true],"medium":["https:\/\/diariofemenino.com.ar\/df\/wp-content\/uploads\/2019\/03\/Revolucion-Rusa-680x365-300x161.jpg",300,161,true],"large":["https:\/\/diariofemenino.com.ar\/df\/wp-content\/uploads\/2019\/03\/Revolucion-Rusa-680x365.jpg",680,365,false],"1536x1536":["https:\/\/diariofemenino.com.ar\/df\/wp-content\/uploads\/2019\/03\/Revolucion-Rusa-680x365.jpg",680,365,false],"2048x2048":["https:\/\/diariofemenino.com.ar\/df\/wp-content\/uploads\/2019\/03\/Revolucion-Rusa-680x365.jpg",680,365,false]},"rttpg_author":{"display_name":"Admin","author_link":"https:\/\/diariofemenino.com.ar\/df\/author\/sofiperez\/"},"rttpg_comment":0,"rttpg_category":"<a href=\"https:\/\/diariofemenino.com.ar\/df\/category\/mujeres\/\" rel=\"category tag\">Mujeres<\/a>","rttpg_excerpt":"El 8 de marzo se celebra el D\u00eda Internacional de la Mujer Trabajadora. Algunas personas lo toman como un simple d\u00eda festivo y hasta comercial. Otras rememoran un presunto incendio que mat\u00f3 obreras textiles. Pocas dan cuenta del verdadero origen de esa conmemoraci\u00f3n: el inicio de la Revoluci\u00f3n Rusa. El mito del incendio A\u00fan hoy,&hellip;","_links":{"self":[{"href":"https:\/\/diariofemenino.com.ar\/df\/wp-json\/wp\/v2\/posts\/32780","targetHints":{"allow":["GET"]}}],"collection":[{"href":"https:\/\/diariofemenino.com.ar\/df\/wp-json\/wp\/v2\/posts"}],"about":[{"href":"https:\/\/diariofemenino.com.ar\/df\/wp-json\/wp\/v2\/types\/post"}],"author":[{"embeddable":true,"href":"https:\/\/diariofemenino.com.ar\/df\/wp-json\/wp\/v2\/users\/3"}],"replies":[{"embeddable":true,"href":"https:\/\/diariofemenino.com.ar\/df\/wp-json\/wp\/v2\/comments?post=32780"}],"version-history":[{"count":0,"href":"https:\/\/diariofemenino.com.ar\/df\/wp-json\/wp\/v2\/posts\/32780\/revisions"}],"wp:featuredmedia":[{"embeddable":true,"href":"https:\/\/diariofemenino.com.ar\/df\/wp-json\/wp\/v2\/media\/32783"}],"wp:attachment":[{"href":"https:\/\/diariofemenino.com.ar\/df\/wp-json\/wp\/v2\/media?parent=32780"}],"wp:term":[{"taxonomy":"category","embeddable":true,"href":"https:\/\/diariofemenino.com.ar\/df\/wp-json\/wp\/v2\/categories?post=32780"},{"taxonomy":"post_tag","embeddable":true,"href":"https:\/\/diariofemenino.com.ar\/df\/wp-json\/wp\/v2\/tags?post=32780"}],"curies":[{"name":"wp","href":"https:\/\/api.w.org\/{rel}","templated":true}]}}