{"id":32514,"date":"2019-03-04T12:10:42","date_gmt":"2019-03-04T15:10:42","guid":{"rendered":"https:\/\/diariofemenino.com.ar\/?p=32514"},"modified":"2019-03-04T12:13:08","modified_gmt":"2019-03-04T15:13:08","slug":"super-lunes-feminista","status":"publish","type":"post","link":"https:\/\/diariofemenino.com.ar\/df\/super-lunes-feminista\/","title":{"rendered":"S\u00faper Lunes Feminista: Estaciones de Metro son rebautizadas con nombres de mujeres importantes en la historia de Chile"},"content":{"rendered":"<p><a href=\"https:\/\/www.cnnchile.com\/pais\/8m-coordinadora-feminista-huelga-general-dia-mujer_20190303\/\">Foto<\/a>: Agencia UNO<\/p>\n<p>S\u00faper Lunes Feminista<\/p>\n<p>En la previa de la huelga feminista del<a href=\"https:\/\/diariofemenino.com.ar\/rosario-el-transporte-urbano-sera-gratuito\/\"> 8 de marzo<\/a>, las estaciones del servicio de transporte subterr\u00e1neo fueron intervenidas con los nombres de importantes mujeres que cambiaron al pa\u00eds.<\/p>\n<p><a href=\"https:\/\/www.cnnchile.com\/pais\/8m-coordinadora-feminista-huelga-general-dia-mujer_20190303\/\">CNN Chile<\/a><\/p>\n<div class=\"js-content-img\"><img decoding=\"async\" class=\"main-single-body__image js-img-single\" src=\"https:\/\/media.cnnchile.com\/sites\/2\/2019\/03\/estaciones-metro-740x430.jpg\" alt=\"\" \/><\/div>\n<div class=\"main-single-body__share main-single-share\"><\/div>\n<div class=\"main-single-body__text u-m40\">\n<div class=\"main-single-body__content\">\n<p>En paralelo al llamado\u00a0<strong>\u201cs\u00faper lunes\u201d<\/strong>, en el que miles de personas volvieron a las calles de Santiago tras el fin de las vacaciones, una importante acci\u00f3n se realiz\u00f3 en la previa de la Huelga General Feminista del pr\u00f3ximo <a href=\"https:\/\/es.wikipedia.org\/wiki\/Paro_Internacional_de_Mujeres\">8 de marzo<\/a>, d\u00eda que se conmemora el\u00a0<strong>\u00a0<a href=\"https:\/\/diariofemenino.com.ar\/mujeres-la-rebelion-que-no-cesa\/\">D\u00eda Internacional de la Mujer Trabajadora.<\/a><\/strong><\/p>\n<p>Por esto, las\u00a0<strong>estaciones del Metro de Santiago<\/strong>\u00a0amanecieron con nombres de<strong>\u00a0mujeres importantes en el desarrollo hist\u00f3rico de Chile<\/strong>, muchas de las cuales son desconocidas por gran parte de la poblaci\u00f3n debido a que no han sido reconocidas en la historia oficial.<\/p>\n<p>De esta forma,\u00a0<strong>Baquedano<\/strong>\u00a0fue renombrada como<strong>\u00a0Violeta Parra<\/strong>,\u00a0<strong>Universidad de Chile<\/strong>\u00a0fue bautizada en honor a\u00a0<strong>Elena Caffarena<\/strong>\u00a0y la estaci\u00f3n\u00a0<strong>Pajaritos<\/strong>\u00a0lleva por nombre\u00a0<strong>Gladys Mar\u00edn<\/strong>. Tambi\u00e9n mujeres que fueron asesinadas impunemente fueron homenajadas, como\u00a0<strong>M\u00f3nica Briones y Nicole Saavedra.<\/strong><\/p>\n<p>El mapa completo del\u00a0<strong>Plano Red de Mujeres<\/strong>\u00a0fue compartido por la Coordinadora 8 de marzo.<\/p>\n<div class=\"SandboxRoot env-bp-350\" data-twitter-event-id=\"0\">\n<div id=\"twitter-widget-0\" class=\"EmbeddedTweet EmbeddedTweet--cta EmbeddedTweet--mediaForward media-forward js-clickToOpenTarget js-tweetIdInfo tweet-InformationCircle-widgetParent\" lang=\"es\" data-click-to-open-target=\"https:\/\/twitter.com\/Coordinadora8m\/status\/1102529212815237122\" data-iframe-title=\"Tweet de Twitter\" data-scribe=\"page:tweet\" data-tweet-id=\"1102529212815237122\" data-twitter-event-id=\"6\">\n<article class=\"MediaCard MediaCard--mediaForward customisable-border\" dir=\"ltr\" data-scribe=\"component:card\">\n<div class=\"MediaCard-media\" data-scribe=\"element:photo\">\n<div class=\"MediaCard-widthConstraint js-cspForcedStyle\" data-style=\"max-width: 1129px\">\n<div class=\"MediaCard-mediaContainer js-cspForcedStyle\" data-style=\"padding-bottom: 100.0000%\"><a class=\"MediaCard-mediaAsset NaturalImage\" href=\"https:\/\/twitter.com\/Coordinadora8m\/status\/1102529212815237122\/photo\/1\"><img loading=\"lazy\" decoding=\"async\" class=\"NaturalImage-image alignnone\" title=\"Ver imagen en Twitter\" src=\"https:\/\/pbs.twimg.com\/media\/D0z4dyRW0AAKXuw?format=jpg&amp;name=small\" alt=\"S\u00faper Lunes Feminista\" width=\"1129\" height=\"1200\" data-image=\"https:\/\/pbs.twimg.com\/media\/D0z4dyRW0AAKXuw\" \/><\/a><\/div>\n<\/div>\n<\/div>\n<\/article>\n<div class=\"EmbeddedTweet-tweetContainer\">\n<div class=\"EmbeddedTweet-tweet\">\n<blockquote class=\"Tweet h-entry js-tweetIdInfo subject expanded\" cite=\"https:\/\/twitter.com\/Coordinadora8m\/status\/1102529212815237122\" data-tweet-id=\"1102529212815237122\" data-scribe=\"section:subject\">\n<div class=\"Tweet-header\">\n<p><a class=\"TweetAuthor-avatar Identity-avatar u-linkBlend\" href=\"https:\/\/twitter.com\/Coordinadora8m\" data-scribe=\"element:user_link\" aria-label=\"Coordinadora Feminista 8M (nombre de pantalla: Coordinadora8m)\"><img decoding=\"async\" class=\"Avatar\" src=\"https:\/\/pbs.twimg.com\/profile_images\/1089672943456698368\/c8USPT_b_normal.jpg\" alt=\"\" data-scribe=\"element:avatar\" data-src-2x=\"https:\/\/pbs.twimg.com\/profile_images\/1089672943456698368\/c8USPT_b_bigger.jpg\" data-src-1x=\"https:\/\/pbs.twimg.com\/profile_images\/1089672943456698368\/c8USPT_b_normal.jpg\" \/><\/a><\/p>\n<div class=\"TweetAuthor js-inViewportScribingTarget\" data-scribe=\"component:author\">\n<div class=\"TweetAuthor-nameScreenNameContainer\"><span class=\"TweetAuthor-decoratedName\"><span class=\"TweetAuthor-name Identity-name customisable-highlight\" title=\"Coordinadora Feminista 8M\" data-scribe=\"element:name\">Coordinadora Feminista 8M<\/span><\/span><span class=\"TweetAuthor-screenName Identity-screenName\" dir=\"ltr\" title=\"@Coordinadora8m\" data-scribe=\"element:screen_name\">@Coordinadora8m<\/span><\/div>\n<\/div>\n<div class=\"Tweet-brand\">\n<div class=\"Icon Icon--twitter \" title=\"Ver en Twitter\" role=\"presentation\" aria-label=\"Ver en Twitter\"><\/div>\n<\/div>\n<\/div>\n<div class=\"Tweet-body e-entry-content\" data-scribe=\"component:tweet\">\n<div class=\"u-hiddenVisually js-inViewportScribingTarget\"><\/div>\n<p class=\"Tweet-text e-entry-title\" dir=\"ltr\" lang=\"es\"><img decoding=\"async\" class=\"Emoji Emoji--forText\" title=\"C\u00edrculo rojo grande\" draggable=\"false\" src=\"https:\/\/abs.twimg.com\/emoji\/v2\/72x72\/1f534.png\" alt=\"&#x1f534;\" aria-label=\"Emoji: C\u00edrculo rojo grande\" \/>AHORA &#8211; EL METRO DE SANTIAGO SE VUELVE FEMINISTA<\/p>\n<p>Las l\u00edneas y estaciones de metro de Santiago han amanecido diferentes hoy, se viene la huelga feminista! <img decoding=\"async\" class=\"Emoji Emoji--forText\" title=\"Pu\u00f1o alzado\" draggable=\"false\" src=\"https:\/\/abs.twimg.com\/emoji\/v2\/72x72\/270a.png\" alt=\"&#x270a;\" aria-label=\"Emoji: Pu\u00f1o alzado\" \/><a class=\"PrettyLink hashtag customisable\" dir=\"ltr\" href=\"https:\/\/twitter.com\/hashtag\/SuperLunesFeminista?src=hash\" rel=\"tag\" data-query-source=\"hashtag_click\" data-scribe=\"element:hashtag\"><span class=\"PrettyLink-prefix\">#<\/span><span class=\"PrettyLink-value\">SuperLunesFeminista<\/span><\/a><\/p>\n<div class=\"TweetInfo\">\n<div class=\"TweetInfo-timeGeo\"><\/div>\n<\/div>\n<\/div>\n<\/blockquote>\n<\/div>\n<div class=\"CallToAction-icon\" data-scribe=\"element:conversation_icon\">\n<div class=\"Icon Icon--replyCTA \" title=\"Ver conversaci\u00f3n en Twitter\" role=\"img\" aria-label=\"Ver conversaci\u00f3n en Twitter\">Esta iniciativa remite al debate que se tom\u00f3 la agenda en los d\u00edas de la presentaci\u00f3n de la L\u00ednea 3 de Metro, cuando muchos alzaron cr\u00edticas por la<strong>\u00a0falta de nombres femeninos<\/strong>\u00a0en las<strong>\u00a0136 estaciones<\/strong>\u00a0del servicio de trenes subterr\u00e1neos.<\/div>\n<\/div>\n<\/div>\n<\/div>\n<\/div>\n<p>En esa oportunidad se desarroll\u00f3 la campa\u00f1a\u00a0<strong>#UnMetroParaElo\u00edsa<\/strong>, con el fin de buscar que la estaci\u00f3n Hospitales fuera rebautizada en honor a Elo\u00edsa D\u00edaz, primera m\u00fajer m\u00e9dica cirujana de Chile y Latinoam\u00e9rica.<\/p>\n<div class=\"SandboxRoot env-bp-350\" data-twitter-event-id=\"1\">\n<div id=\"twitter-widget-1\" class=\"EmbeddedTweet EmbeddedTweet--cta EmbeddedTweet--mediaForward media-forward js-clickToOpenTarget js-tweetIdInfo tweet-InformationCircle-widgetParent\" lang=\"es\" data-click-to-open-target=\"https:\/\/twitter.com\/3_eme\/status\/1102529957371219969\" data-iframe-title=\"Tweet de Twitter\" data-scribe=\"page:tweet\" data-tweet-id=\"1102529957371219969\" data-twitter-event-id=\"8\">\n<article class=\"MediaCard MediaCard--mediaForward customisable-border\" dir=\"ltr\" data-scribe=\"component:card\">\n<div class=\"MediaCard-mediaContainer js-cspForcedStyle\" data-scribe=\"element:photo_grid\" data-style=\"padding-bottom: 50%\">\n<div class=\"MediaCard-mediaAsset ImageGrid ImageGrid--4 ImageGrid--roundedTop\"><a class=\"ImageGrid-image ImageGrid-image-0 CroppedImage CroppedImage--fillWidth\" href=\"https:\/\/twitter.com\/3_eme\/status\/1102529957371219969\/photo\/1\"><img loading=\"lazy\" decoding=\"async\" class=\"CroppedImage-image js-cspForcedStyle\" title=\"Ver imagen en Twitter\" src=\"https:\/\/pbs.twimg.com\/media\/D0z5JbAX0AA8Ypc?format=jpg&amp;name=360x360\" alt=\"Ver imagen en Twitter\" width=\"1200\" height=\"900\" data-image=\"https:\/\/pbs.twimg.com\/media\/D0z5JbAX0AA8Ypc\" data-style=\" top:-24%;\" \/><\/a><a class=\"ImageGrid-image ImageGrid-image-1 CroppedImage CroppedImage--fillWidth\" href=\"https:\/\/twitter.com\/3_eme\/status\/1102529957371219969\/photo\/1\"><img loading=\"lazy\" decoding=\"async\" class=\"CroppedImage-image js-cspForcedStyle\" title=\"Ver imagen en Twitter\" src=\"https:\/\/pbs.twimg.com\/media\/D0z5Ja9WwAEPqRf?format=jpg&amp;name=360x360\" alt=\"Ver imagen en Twitter\" width=\"1024\" height=\"576\" data-image=\"https:\/\/pbs.twimg.com\/media\/D0z5Ja9WwAEPqRf\" data-style=\" top:-5%;\" \/><\/a><a class=\"ImageGrid-image ImageGrid-image-2 CroppedImage CroppedImage--fillWidth\" href=\"https:\/\/twitter.com\/3_eme\/status\/1102529957371219969\/photo\/1\"><img loading=\"lazy\" decoding=\"async\" class=\"CroppedImage-image js-cspForcedStyle\" title=\"Ver imagen en Twitter\" src=\"https:\/\/pbs.twimg.com\/media\/D0z5Ja_XgAIH_yV?format=jpg&amp;name=360x360\" alt=\"Ver imagen en Twitter\" width=\"1080\" height=\"810\" data-image=\"https:\/\/pbs.twimg.com\/media\/D0z5Ja_XgAIH_yV\" data-style=\" top:-18%;\" \/><\/a><a class=\"ImageGrid-image ImageGrid-image-3 CroppedImage CroppedImage--fillWidth\" href=\"https:\/\/twitter.com\/3_eme\/status\/1102529957371219969\/photo\/1\"><img loading=\"lazy\" decoding=\"async\" class=\"CroppedImage-image js-cspForcedStyle\" title=\"Ver imagen en Twitter\" src=\"https:\/\/pbs.twimg.com\/media\/D0z5Ja8XQAAsaLy?format=jpg&amp;name=360x360\" alt=\"Ver imagen en Twitter\" width=\"1200\" height=\"900\" data-image=\"https:\/\/pbs.twimg.com\/media\/D0z5Ja8XQAAsaLy\" data-style=\" top:-24%;\" \/><\/a><\/div>\n<\/div>\n<\/article>\n<div class=\"EmbeddedTweet-tweetContainer\">\n<div class=\"EmbeddedTweet-tweet\">\n<blockquote class=\"Tweet h-entry js-tweetIdInfo subject expanded\" cite=\"https:\/\/twitter.com\/3_eme\/status\/1102529957371219969\" data-tweet-id=\"1102529957371219969\" data-scribe=\"section:subject\">\n<div class=\"Tweet-header\">\n<p><a class=\"TweetAuthor-avatar Identity-avatar u-linkBlend\" href=\"https:\/\/twitter.com\/3_eme\" data-scribe=\"element:user_link\" aria-label=\"3_eme #FeministaInstantanea (nombre de pantalla: 3_eme)\"><img decoding=\"async\" class=\"Avatar\" src=\"https:\/\/pbs.twimg.com\/profile_images\/1074706997700947968\/yUzFxNvs_normal.jpg\" alt=\"\" data-scribe=\"element:avatar\" data-src-2x=\"https:\/\/pbs.twimg.com\/profile_images\/1074706997700947968\/yUzFxNvs_bigger.jpg\" data-src-1x=\"https:\/\/pbs.twimg.com\/profile_images\/1074706997700947968\/yUzFxNvs_normal.jpg\" \/><\/a><\/p>\n<div class=\"TweetAuthor js-inViewportScribingTarget\" data-scribe=\"component:author\">\n<div class=\"TweetAuthor-nameScreenNameContainer\"><span class=\"TweetAuthor-decoratedName\"><span class=\"TweetAuthor-name Identity-name customisable-highlight\" title=\"3_eme #FeministaInstantanea\" data-scribe=\"element:name\">3_eme #FeministaInstantanea<\/span><\/span><span class=\"TweetAuthor-screenName Identity-screenName\" dir=\"ltr\" title=\"@3_eme\" data-scribe=\"element:screen_name\">@3_eme<\/span><\/div>\n<\/div>\n<div class=\"Tweet-brand\">\n<div class=\"Icon Icon--twitter \" title=\"Ver en Twitter\" role=\"presentation\" aria-label=\"Ver en Twitter\"><\/div>\n<\/div>\n<\/div>\n<div class=\"Tweet-body e-entry-content\" data-scribe=\"component:tweet\">\n<div class=\"u-hiddenVisually js-inViewportScribingTarget\"><\/div>\n<p class=\"Tweet-text e-entry-title\" dir=\"ltr\" lang=\"es\">AH\u00cd las brigadistas de este s\u00faper lunes feminista, cambiando los nombres a las estaciones del metro por nombres de mujeres que han hecho grande un movimiento<br \/>\nv\u00eda <a class=\"PrettyLink profile customisable h-card\" dir=\"ltr\" href=\"https:\/\/twitter.com\/Coordinadora8m\" data-mentioned-user-id=\"969989435562643456\" data-scribe=\"element:mention\"><span class=\"PrettyLink-prefix\">@<\/span><span class=\"PrettyLink-value\">Coordinadora8m<\/span><\/a> <a class=\"PrettyLink hashtag customisable\" dir=\"ltr\" href=\"https:\/\/twitter.com\/hashtag\/LaHuelgaFeministaVa?src=hash\" rel=\"tag\" data-query-source=\"hashtag_click\" data-scribe=\"element:hashtag\"><span class=\"PrettyLink-prefix\">#<\/span><span class=\"PrettyLink-value\">LaHuelgaFeministaVa<\/span><\/a> <a class=\"PrettyLink hashtag customisable\" dir=\"ltr\" href=\"https:\/\/twitter.com\/hashtag\/8deMarzoVamosContigo?src=hash\" rel=\"tag\" data-query-source=\"hashtag_click\" data-scribe=\"element:hashtag\"><span class=\"PrettyLink-prefix\">#<\/span><span class=\"PrettyLink-value\">8deMarzoVamosContigo<\/span><\/a><\/p>\n<div class=\"TweetInfo\">\n<div class=\"TweetInfo-like\">\n<div data-scribe=\"element:heart\"><\/div>\n<\/div>\n<\/div>\n<\/div>\n<\/blockquote>\n<\/div>\n<\/div>\n<div class=\"tweet-InformationCircle--top tweet-InformationCircle\" data-scribe=\"element:notice\"><\/div>\n<\/div>\n<div class=\"resize-sensor\">\n<div class=\"resize-sensor-shrink\">\n<div><\/div>\n<\/div>\n<\/div>\n<\/div>\n<div class=\"SandboxRoot env-bp-350\" data-twitter-event-id=\"2\">\n<div id=\"twitter-widget-2\" class=\"EmbeddedTweet EmbeddedTweet--cta EmbeddedTweet--mediaForward media-forward js-clickToOpenTarget js-tweetIdInfo tweet-InformationCircle-widgetParent\" lang=\"es\" data-click-to-open-target=\"https:\/\/twitter.com\/coem_santiago\/status\/1102523840889081857\" data-iframe-title=\"Tweet de Twitter\" data-scribe=\"page:tweet\" data-tweet-id=\"1102523840889081857\" data-twitter-event-id=\"5\">\n<article class=\"MediaCard MediaCard--mediaForward customisable-border\" dir=\"ltr\" data-scribe=\"component:card\">\n<div class=\"MediaCard-mediaContainer js-cspForcedStyle\" data-scribe=\"element:photo_grid\" data-style=\"padding-bottom: 50%\">\n<div class=\"MediaCard-mediaAsset ImageGrid ImageGrid--2 ImageGrid--roundedTop\"><a class=\"ImageGrid-image ImageGrid-image-0 CroppedImage CroppedImage--fillHeight\" href=\"https:\/\/twitter.com\/coem_santiago\/status\/1102523840889081857\/photo\/1\"><img loading=\"lazy\" decoding=\"async\" class=\"CroppedImage-image js-cspForcedStyle\" title=\"Ver imagen en Twitter\" src=\"https:\/\/pbs.twimg.com\/media\/D0zzgxFWoAENMkT?format=jpg&amp;name=360x360\" alt=\"Ver imagen en Twitter\" width=\"1024\" height=\"768\" data-image=\"https:\/\/pbs.twimg.com\/media\/D0zzgxFWoAENMkT\" data-style=\"left:-16%;\" \/><\/a><a class=\"ImageGrid-image ImageGrid-image-1 CroppedImage CroppedImage--fillWidth\" href=\"https:\/\/twitter.com\/coem_santiago\/status\/1102523840889081857\/photo\/1\"><img loading=\"lazy\" decoding=\"async\" class=\"CroppedImage-image js-cspForcedStyle\" title=\"Ver imagen en Twitter\" src=\"https:\/\/pbs.twimg.com\/media\/D0zzjU3WsAAAYEj?format=jpg&amp;name=360x360\" alt=\"Ver imagen en Twitter\" width=\"768\" height=\"1024\" data-image=\"https:\/\/pbs.twimg.com\/media\/D0zzjU3WsAAAYEj\" data-style=\" top:-16%;\" \/><\/a><\/div>\n<\/div>\n<\/article>\n<div class=\"EmbeddedTweet-tweetContainer\">\n<div class=\"EmbeddedTweet-tweet\">\n<blockquote class=\"Tweet h-entry js-tweetIdInfo subject expanded\" cite=\"https:\/\/twitter.com\/coem_santiago\/status\/1102523840889081857\" data-tweet-id=\"1102523840889081857\" data-scribe=\"section:subject\">\n<div class=\"Tweet-header\">\n<p><a class=\"TweetAuthor-avatar Identity-avatar u-linkBlend\" href=\"https:\/\/twitter.com\/coem_santiago\" data-scribe=\"element:user_link\" aria-label=\"COEM Santiago (nombre de pantalla: coem_santiago)\"><img decoding=\"async\" class=\"Avatar\" src=\"https:\/\/pbs.twimg.com\/profile_images\/970670760787435522\/4WOywKFj_normal.jpg\" alt=\"\" data-scribe=\"element:avatar\" data-src-2x=\"https:\/\/pbs.twimg.com\/profile_images\/970670760787435522\/4WOywKFj_bigger.jpg\" data-src-1x=\"https:\/\/pbs.twimg.com\/profile_images\/970670760787435522\/4WOywKFj_normal.jpg\" \/><\/a><\/p>\n<div class=\"TweetAuthor js-inViewportScribingTarget\" data-scribe=\"component:author\">\n<div class=\"TweetAuthor-nameScreenNameContainer\"><span class=\"TweetAuthor-decoratedName\"><span class=\"TweetAuthor-name Identity-name customisable-highlight\" title=\"COEM Santiago\" data-scribe=\"element:name\">COEM Santiago<\/span><\/span><span class=\"TweetAuthor-screenName Identity-screenName\" dir=\"ltr\" title=\"@coem_santiago\" data-scribe=\"element:screen_name\">@coem_santiago<\/span><\/div>\n<\/div>\n<div class=\"Tweet-brand\">\n<div class=\"Icon Icon--twitter \" title=\"Ver en Twitter\" role=\"presentation\" aria-label=\"Ver en Twitter\"><\/div>\n<\/div>\n<\/div>\n<div class=\"Tweet-body e-entry-content\" data-scribe=\"component:tweet\">\n<div class=\"u-hiddenVisually js-inViewportScribingTarget\"><\/div>\n<p class=\"Tweet-text e-entry-title\" dir=\"ltr\" lang=\"es\">Intervenci\u00f3n en la ex-estaci\u00f3n de metro Pedrero ahora estaci\u00f3n Janequeo, recordando a nuestra gran Toki que lucho por nuestro pueblo.<a class=\"PrettyLink hashtag customisable\" dir=\"ltr\" href=\"https:\/\/twitter.com\/hashtag\/SuperLunesFeminista?src=hash\" rel=\"tag\" data-query-source=\"hashtag_click\" data-scribe=\"element:hashtag\"><span class=\"PrettyLink-prefix\">#<\/span><span class=\"PrettyLink-value\">SuperLunesFeminista<\/span><\/a><\/p>\n<div class=\"TweetInfo\">\n<div class=\"TweetInfo-like\">\n<div data-scribe=\"element:heart\"><\/div>\n<\/div>\n<\/div>\n<\/div>\n<\/blockquote>\n<\/div>\n<\/div>\n<div class=\"tweet-InformationCircle--top tweet-InformationCircle\" data-scribe=\"element:notice\"><\/div>\n<\/div>\n<div class=\"resize-sensor\">\n<div class=\"resize-sensor-shrink\">\n<div><\/div>\n<\/div>\n<\/div>\n<\/div>\n<div class=\"SandboxRoot env-bp-350\" data-twitter-event-id=\"3\">\n<div id=\"twitter-widget-3\" class=\"EmbeddedTweet EmbeddedTweet--cta EmbeddedTweet--mediaForward media-forward js-clickToOpenTarget js-tweetIdInfo tweet-InformationCircle-widgetParent\" lang=\"es\" data-click-to-open-target=\"https:\/\/twitter.com\/travesia77\/status\/1102531513420312577\" data-iframe-title=\"Tweet de Twitter\" data-scribe=\"page:tweet\" data-tweet-id=\"1102531513420312577\" data-twitter-event-id=\"9\">\n<article class=\"MediaCard MediaCard--mediaForward customisable-border\" dir=\"ltr\" data-scribe=\"component:card\">\n<div class=\"MediaCard-mediaContainer js-cspForcedStyle\" data-scribe=\"element:photo_grid\" data-style=\"padding-bottom: 50%\">\n<div class=\"MediaCard-mediaAsset ImageGrid ImageGrid--4 ImageGrid--roundedTop\"><a class=\"ImageGrid-image ImageGrid-image-0 CroppedImage CroppedImage--fillWidth\" href=\"https:\/\/twitter.com\/travesia77\/status\/1102531513420312577\/photo\/1\"><img loading=\"lazy\" decoding=\"async\" class=\"CroppedImage-image js-cspForcedStyle alignnone\" title=\"Ver imagen en Twitter\" src=\"https:\/\/pbs.twimg.com\/media\/D0z6iW3XgAUjWpW?format=jpg&amp;name=360x360\" alt=\"S\u00faper Lunes Feminista\" width=\"1200\" height=\"1200\" data-image=\"https:\/\/pbs.twimg.com\/media\/D0z6iW3XgAUjWpW\" data-style=\" top:-49%;\" \/><\/a><a class=\"ImageGrid-image ImageGrid-image-1 CroppedImage CroppedImage--fillWidth\" href=\"https:\/\/twitter.com\/travesia77\/status\/1102531513420312577\/photo\/1\"><img loading=\"lazy\" decoding=\"async\" class=\"CroppedImage-image js-cspForcedStyle\" title=\"Ver imagen en Twitter\" src=\"https:\/\/pbs.twimg.com\/media\/D0z6iV3WkAEIleg?format=jpg&amp;name=360x360\" alt=\"Ver imagen en Twitter\" width=\"524\" height=\"567\" data-image=\"https:\/\/pbs.twimg.com\/media\/D0z6iV3WkAEIleg\" data-style=\" top:-35%;\" \/><\/a><a class=\"ImageGrid-image ImageGrid-image-2 CroppedImage CroppedImage--fillWidth\" href=\"https:\/\/twitter.com\/travesia77\/status\/1102531513420312577\/photo\/1\"><img loading=\"lazy\" decoding=\"async\" class=\"CroppedImage-image js-cspForcedStyle\" title=\"Ver imagen en Twitter\" src=\"https:\/\/pbs.twimg.com\/media\/D0z6iV2XcAEIbls?format=jpg&amp;name=360x360\" alt=\"Ver imagen en Twitter\" width=\"900\" height=\"1200\" data-image=\"https:\/\/pbs.twimg.com\/media\/D0z6iV2XcAEIbls\" data-style=\" top:-136%;\" \/><\/a><a class=\"ImageGrid-image ImageGrid-image-3 CroppedImage CroppedImage--fillWidth\" href=\"https:\/\/twitter.com\/travesia77\/status\/1102531513420312577\/photo\/1\"><img loading=\"lazy\" decoding=\"async\" class=\"CroppedImage-image js-cspForcedStyle\" title=\"Ver imagen en Twitter\" src=\"https:\/\/pbs.twimg.com\/media\/D0z6iW3WkAYro7K?format=jpg&amp;name=360x360\" alt=\"Ver imagen en Twitter\" width=\"1070\" height=\"801\" data-image=\"https:\/\/pbs.twimg.com\/media\/D0z6iW3WkAYro7K\" data-style=\" top:-24%;\" \/><\/a><\/div>\n<\/div>\n<\/article>\n<div class=\"EmbeddedTweet-tweetContainer\">\n<div class=\"EmbeddedTweet-tweet\">\n<blockquote class=\"Tweet h-entry js-tweetIdInfo subject expanded\" cite=\"https:\/\/twitter.com\/travesia77\/status\/1102531513420312577\" data-tweet-id=\"1102531513420312577\" data-scribe=\"section:subject\">\n<div class=\"Tweet-header\">\n<p><a class=\"TweetAuthor-avatar Identity-avatar u-linkBlend\" href=\"https:\/\/twitter.com\/travesia77\" data-scribe=\"element:user_link\" aria-label=\"Andrea Guti\u00e9rrez (nombre de pantalla: travesia77)\"><img decoding=\"async\" class=\"Avatar\" src=\"https:\/\/pbs.twimg.com\/profile_images\/1099661058824916994\/_-SHhyTC_normal.jpg\" alt=\"\" data-scribe=\"element:avatar\" data-src-2x=\"https:\/\/pbs.twimg.com\/profile_images\/1099661058824916994\/_-SHhyTC_bigger.jpg\" data-src-1x=\"https:\/\/pbs.twimg.com\/profile_images\/1099661058824916994\/_-SHhyTC_normal.jpg\" \/><\/a><\/p>\n<div class=\"TweetAuthor js-inViewportScribingTarget\" data-scribe=\"component:author\">\n<div class=\"TweetAuthor-nameScreenNameContainer\"><span class=\"TweetAuthor-decoratedName\"><span class=\"TweetAuthor-name Identity-name customisable-highlight\" title=\"Andrea Guti\u00e9rrez\" data-scribe=\"element:name\">Andrea Guti\u00e9rrez<\/span><\/span><span class=\"TweetAuthor-screenName Identity-screenName\" dir=\"ltr\" title=\"@travesia77\" data-scribe=\"element:screen_name\">@travesia77<\/span><\/div>\n<\/div>\n<div class=\"Tweet-brand\">\n<div class=\"Icon Icon--twitter \" title=\"Ver en Twitter\" role=\"presentation\" aria-label=\"Ver en Twitter\"><\/div>\n<\/div>\n<\/div>\n<div class=\"Tweet-body e-entry-content\" data-scribe=\"component:tweet\">\n<div class=\"u-hiddenVisually js-inViewportScribingTarget\"><\/div>\n<p class=\"Tweet-text e-entry-title\" dir=\"ltr\" lang=\"und\"><a class=\"PrettyLink hashtag customisable\" dir=\"ltr\" href=\"https:\/\/twitter.com\/hashtag\/LaHuelgaFeministaVa?src=hash\" rel=\"tag\" data-query-source=\"hashtag_click\" data-scribe=\"element:hashtag\"><span class=\"PrettyLink-prefix\">#<\/span><span class=\"PrettyLink-value\">LaHuelgaFeministaVa<\/span><\/a> <a class=\"PrettyLink profile customisable h-card\" dir=\"ltr\" href=\"https:\/\/twitter.com\/actriceschile\" data-mentioned-user-id=\"1014591405707202561\" data-scribe=\"element:mention\"><span class=\"PrettyLink-prefix\">@<\/span><span class=\"PrettyLink-value\">actriceschile<\/span><\/a> <a class=\"PrettyLink hashtag customisable\" dir=\"ltr\" href=\"https:\/\/twitter.com\/hashtag\/rach?src=hash\" rel=\"tag\" data-query-source=\"hashtag_click\" data-scribe=\"element:hashtag\"><span class=\"PrettyLink-prefix\">#<\/span><span class=\"PrettyLink-value\">rach<\/span><\/a><\/p>\n<div class=\"TweetInfo\">\n<div class=\"TweetInfo-like\">\n<div data-scribe=\"element:heart\"><\/div>\n<\/div>\n<\/div>\n<\/div>\n<\/blockquote>\n<\/div>\n<\/div>\n<div class=\"tweet-InformationCircle--top tweet-InformationCircle\" data-scribe=\"element:notice\"><\/div>\n<\/div>\n<div class=\"resize-sensor\">\n<div class=\"resize-sensor-shrink\">\n<div><\/div>\n<\/div>\n<\/div>\n<\/div>\n<div class=\"SandboxRoot env-bp-350\" data-twitter-event-id=\"4\">\n<div id=\"twitter-widget-4\" class=\"EmbeddedTweet EmbeddedTweet--cta EmbeddedTweet--mediaForward media-forward js-clickToOpenTarget js-tweetIdInfo tweet-InformationCircle-widgetParent\" lang=\"es\" data-click-to-open-target=\"https:\/\/twitter.com\/japalola\/status\/1102524930246262784\" data-iframe-title=\"Tweet de Twitter\" data-scribe=\"page:tweet\" data-tweet-id=\"1102524930246262784\" data-twitter-event-id=\"7\">\n<article class=\"MediaCard MediaCard--mediaForward customisable-border\" dir=\"ltr\" data-scribe=\"component:card\">\n<div class=\"MediaCard-mediaContainer js-cspForcedStyle\" data-scribe=\"element:photo_grid\" data-style=\"padding-bottom: 50%\">\n<div class=\"MediaCard-mediaAsset ImageGrid ImageGrid--3 ImageGrid--roundedTop\"><a class=\"ImageGrid-image ImageGrid-image-0 CroppedImage CroppedImage--fillHeight\" href=\"https:\/\/twitter.com\/japalola\/status\/1102524930246262784\/photo\/1\"><img loading=\"lazy\" decoding=\"async\" class=\"CroppedImage-image js-cspForcedStyle\" title=\"Ver imagen en Twitter\" src=\"https:\/\/pbs.twimg.com\/media\/D0z0jxFWkAAq9Wc?format=jpg&amp;name=360x360\" alt=\"Ver imagen en Twitter\" width=\"1200\" height=\"675\" data-image=\"https:\/\/pbs.twimg.com\/media\/D0z0jxFWkAAq9Wc\" data-style=\"left:-42%;\" \/><\/a><a class=\"ImageGrid-image ImageGrid-image-1 CroppedImage CroppedImage--fillWidth\" href=\"https:\/\/twitter.com\/japalola\/status\/1102524930246262784\/photo\/1\"><img loading=\"lazy\" decoding=\"async\" class=\"CroppedImage-image js-cspForcedStyle\" title=\"Ver imagen en Twitter\" src=\"https:\/\/pbs.twimg.com\/media\/D0z0kTcXcAA3gdH?format=jpg&amp;name=360x360\" alt=\"Ver imagen en Twitter\" width=\"1024\" height=\"576\" data-image=\"https:\/\/pbs.twimg.com\/media\/D0z0kTcXcAA3gdH\" data-style=\" top:-5%;\" \/><\/a><a class=\"ImageGrid-image ImageGrid-image-2 CroppedImage CroppedImage--fillWidth\" href=\"https:\/\/twitter.com\/japalola\/status\/1102524930246262784\/photo\/1\"><img loading=\"lazy\" decoding=\"async\" class=\"CroppedImage-image js-cspForcedStyle\" title=\"Ver imagen en Twitter\" src=\"https:\/\/pbs.twimg.com\/media\/D0z0kxhW0AcKSAT?format=jpg&amp;name=360x360\" alt=\"Ver imagen en Twitter\" width=\"768\" height=\"1024\" data-image=\"https:\/\/pbs.twimg.com\/media\/D0z0kxhW0AcKSAT\" data-style=\" top:-4%;\" \/><\/a><\/div>\n<\/div>\n<\/article>\n<div class=\"EmbeddedTweet-tweetContainer\">\n<div class=\"EmbeddedTweet-tweet\">\n<blockquote class=\"Tweet h-entry js-tweetIdInfo subject expanded\" cite=\"https:\/\/twitter.com\/japalola\/status\/1102524930246262784\" data-tweet-id=\"1102524930246262784\" data-scribe=\"section:subject\">\n<div class=\"Tweet-header\">\n<p><a class=\"TweetAuthor-avatar Identity-avatar u-linkBlend\" href=\"https:\/\/twitter.com\/japalola\" data-scribe=\"element:user_link\" aria-label=\"Javiera L\u00f3pez Layana (nombre de pantalla: japalola)\"><img decoding=\"async\" class=\"Avatar\" src=\"https:\/\/pbs.twimg.com\/profile_images\/1084611404362121217\/NO1zk2Gb_normal.jpg\" alt=\"\" data-scribe=\"element:avatar\" data-src-2x=\"https:\/\/pbs.twimg.com\/profile_images\/1084611404362121217\/NO1zk2Gb_bigger.jpg\" data-src-1x=\"https:\/\/pbs.twimg.com\/profile_images\/1084611404362121217\/NO1zk2Gb_normal.jpg\" \/><\/a><\/p>\n<div class=\"TweetAuthor js-inViewportScribingTarget\" data-scribe=\"component:author\">\n<div class=\"TweetAuthor-nameScreenNameContainer\"><span class=\"TweetAuthor-decoratedName\"><span class=\"TweetAuthor-name Identity-name customisable-highlight\" title=\"Javiera L\u00f3pez Layana\" data-scribe=\"element:name\">Javiera L\u00f3pez Layana<\/span><\/span><span class=\"TweetAuthor-screenName Identity-screenName\" dir=\"ltr\" title=\"@japalola\" data-scribe=\"element:screen_name\">@japalola<\/span><\/div>\n<\/div>\n<div class=\"Tweet-brand\">\n<div class=\"Icon Icon--twitter \" title=\"Ver en Twitter\" role=\"presentation\" aria-label=\"Ver en Twitter\"><\/div>\n<\/div>\n<\/div>\n<div class=\"Tweet-body e-entry-content\" data-scribe=\"component:tweet\">\n<div class=\"u-hiddenVisually js-inViewportScribingTarget\"><\/div>\n<p class=\"Tweet-text e-entry-title\" dir=\"ltr\" lang=\"es\">En este 4 de marzo y desde hoy en adelante el Metro Baquedano se llama Metro Violeta Parra en honor a una cantautora que dej\u00f3 en alto el nombre de nuestro pa\u00eds <a class=\"PrettyLink hashtag customisable\" dir=\"ltr\" href=\"https:\/\/twitter.com\/hashtag\/SuperLunesFeminista?src=hash\" rel=\"tag\" data-query-source=\"hashtag_click\" data-scribe=\"element:hashtag\"><span class=\"PrettyLink-prefix\">#<\/span><span class=\"PrettyLink-value\">SuperLunesFeminista<\/span><\/a> <a class=\"PrettyLink hashtag customisable\" dir=\"ltr\" href=\"https:\/\/twitter.com\/hashtag\/LaHuelgaFeministaVa?src=hash\" rel=\"tag\" data-query-source=\"hashtag_click\" data-scribe=\"element:hashtag\"><span class=\"PrettyLink-prefix\">#<\/span><span class=\"PrettyLink-value\">LaHuelgaFeministaVa<\/span><\/a><\/p>\n<\/div>\n<\/blockquote>\n<h4 class=\"main-single-header__title\" style=\"text-align: center;\">Coordinadora Feminista 8M anuncia \u201cS\u00faper lunes feminista\u201d con actividades que culminan en la marcha del D\u00eda de la Mujer<\/h4>\n<p>Intervenciones urbanas, danza, cuerpos pintados, poes\u00eda y asesor\u00edas jur\u00eddicas gratuitas son algunas de las actividades que distintas organizaciones feministas ya han anunciado, de cara a la marcha y huelga general que esperan se realice el pr\u00f3ximo viernes 8 de marzo.<\/p>\n<p>La\u00a0<a href=\"https:\/\/twitter.com\/Coordinadora8m\">Coordinadora Feminista 8 de marzo<\/a>\u00a0anunci\u00f3 para este\u00a0<strong>lunes 4 de marzo una jornada de actividades, intervenciones urbanas, danza y asesor\u00eda legal gratuita<\/strong>, entre otros, para dar inicio a la semana que culmina en las manifestaciones de este viernes 8 de marzo,\u00a0<strong>D\u00eda Internacional de la Mujer<\/strong>.<\/p>\n<p>Mediante un comunicado, desde la Coordinadora Feminista 8M aseguraron que este lunes \u201cvuelve la normalidad. Esa normalidad del trabajo remunerado con brecha salarial, del trabajo dom\u00e9stico a cargo de nosotras, del miedo de habitar la calle, de los contenidos y pr\u00e1cticas sexistas que se imparten en las instituciones educativas, de los consultorios que vuelven a repletarse con nuestros familiares.<strong>\u00a0Esa normalidad que precariza la vida de todas mujeres<\/strong>. La diferencia es que este 2019 retomamos la normalidad de marzo con una mirada distinta: organizadas para ponerle<br \/>\nfin y trabajar por una sociedad m\u00e1s justa para todas y todos\u201d.<\/p>\n<p>\u201c<strong>Este S\u00faper lunes ser\u00e1 feminista y desplegaremos toda nuestra potencia creativa<\/strong>\u201c, agregan.<\/p>\n<div class=\"SandboxRoot env-bp-350\" data-twitter-event-id=\"0\">\n<div id=\"twitter-widget-0\" class=\"EmbeddedTweet EmbeddedTweet--cta EmbeddedTweet--mediaForward media-forward js-clickToOpenTarget js-tweetIdInfo tweet-InformationCircle-widgetParent\" lang=\"es\" data-click-to-open-target=\"https:\/\/twitter.com\/8mArica\/status\/1101695468416000000\" data-iframe-title=\"Tweet de Twitter\" data-scribe=\"page:tweet\" data-tweet-id=\"1101695468416000000\" data-twitter-event-id=\"1\">\n<article class=\"MediaCard MediaCard--mediaForward customisable-border\" dir=\"ltr\" data-scribe=\"component:card\">\n<div class=\"MediaCard-media\" data-scribe=\"element:photo\">\n<p><a class=\"MediaCard-mediaAsset NaturalImage\" href=\"https:\/\/twitter.com\/8mArica\/status\/1101695468416000000\/photo\/1\"><img loading=\"lazy\" decoding=\"async\" class=\"NaturalImage-image\" title=\"Ver imagen en Twitter\" src=\"https:\/\/pbs.twimg.com\/media\/D0oCLq5X4AEQA__?format=jpg&amp;name=small\" alt=\"Ver imagen en Twitter\" width=\"1040\" height=\"1200\" data-image=\"https:\/\/pbs.twimg.com\/media\/D0oCLq5X4AEQA__\" \/><\/a>Ver imagen en Twitter<\/p>\n<div class=\"MediaCard-widthConstraint js-cspForcedStyle\" data-style=\"max-width: 1040px\">\n<div class=\"MediaCard-mediaContainer js-cspForcedStyle\" data-style=\"padding-bottom: 100.0000%\"><\/div>\n<\/div>\n<\/div>\n<\/article>\n<div class=\"EmbeddedTweet-tweetContainer\">\n<div class=\"EmbeddedTweet-tweet\">\n<blockquote class=\"Tweet h-entry js-tweetIdInfo subject expanded\" cite=\"https:\/\/twitter.com\/8mArica\/status\/1101695468416000000\" data-tweet-id=\"1101695468416000000\" data-scribe=\"section:subject\">\n<div class=\"Tweet-header\">\n<p><a class=\"TweetAuthor-avatar Identity-avatar u-linkBlend\" href=\"https:\/\/twitter.com\/8mArica\" data-scribe=\"element:user_link\" aria-label=\"Coordinadora 8M Arica (nombre de pantalla: 8mArica)\"><img decoding=\"async\" class=\"Avatar\" src=\"https:\/\/pbs.twimg.com\/profile_images\/1093677523605643264\/5HSplw3u_normal.jpg\" alt=\"\" data-scribe=\"element:avatar\" data-src-2x=\"https:\/\/pbs.twimg.com\/profile_images\/1093677523605643264\/5HSplw3u_bigger.jpg\" data-src-1x=\"https:\/\/pbs.twimg.com\/profile_images\/1093677523605643264\/5HSplw3u_normal.jpg\" \/><\/a><\/p>\n<div class=\"TweetAuthor js-inViewportScribingTarget\" data-scribe=\"component:author\">\n<div class=\"TweetAuthor-nameScreenNameContainer\"><span class=\"TweetAuthor-decoratedName\"><span class=\"TweetAuthor-name Identity-name customisable-highlight\" title=\"Coordinadora 8M Arica\" data-scribe=\"element:name\">Coordinadora 8M Arica<\/span><\/span><span class=\"TweetAuthor-screenName Identity-screenName\" dir=\"ltr\" title=\"@8mArica\" data-scribe=\"element:screen_name\">@8mArica<\/span><\/div>\n<\/div>\n<div class=\"Tweet-brand\">\n<div class=\"Icon Icon--twitter \" title=\"Ver en Twitter\" role=\"presentation\" aria-label=\"Ver en Twitter\"><\/div>\n<\/div>\n<\/div>\n<div class=\"Tweet-body e-entry-content\" data-scribe=\"component:tweet\">\n<div class=\"u-hiddenVisually js-inViewportScribingTarget\"><\/div>\n<p class=\"Tweet-text e-entry-title\" dir=\"ltr\" lang=\"es\"><img decoding=\"async\" class=\"Emoji Emoji--forText\" title=\"C\u00edrculo rojo grande\" draggable=\"false\" src=\"https:\/\/abs.twimg.com\/emoji\/v2\/72x72\/1f534.png\" alt=\"&#x1f534;\" aria-label=\"Emoji: C\u00edrculo rojo grande\" \/>MARCHAS A NIVEL NACIONAL 8 DE MARZO &#8211; INFO ACTUALIZADA <a class=\"PrettyLink hashtag customisable\" dir=\"ltr\" href=\"https:\/\/twitter.com\/hashtag\/LaHuelgaFeministaVa?src=hash\" rel=\"tag\" data-query-source=\"hashtag_click\" data-scribe=\"element:hashtag\"><span class=\"PrettyLink-prefix\">#<\/span><span class=\"PrettyLink-value\">LaHuelgaFeministaVa<\/span><\/a><br \/>\nMuchas ciudades de Chile se unen a la marcha del 8M. Hasta ahora tenemos confirmados los datos de 37 ciudades. <a class=\"PrettyLink hashtag customisable\" dir=\"ltr\" href=\"https:\/\/twitter.com\/hashtag\/EnAricaLaHuelgaFeministaVa?src=hash\" rel=\"tag\" data-query-source=\"hashtag_click\" data-scribe=\"element:hashtag\"><span class=\"PrettyLink-prefix\">#<\/span><span class=\"PrettyLink-value\">EnAricaLaHuelgaFeministaVa<\/span><\/a><\/p>\n<div class=\"TweetInfo\">\n<div class=\"TweetInfo-like\">\n<div data-scribe=\"element:heart\"><\/div>\n<\/div>\n<\/div>\n<\/div>\n<\/blockquote>\n<\/div>\n<\/div>\n<h4 class=\"tweet-InformationCircle--top tweet-InformationCircle\" data-scribe=\"element:notice\"><\/h4>\n<\/div>\n<div class=\"resize-sensor\">\n<div class=\"resize-sensor-expand\">\n<h4>Programa<\/h4>\n<\/div>\n<\/div>\n<\/div>\n<p>7:00: Ciudad feminista, \u00a1intervenciones urbanas sorpresa! En las que participar\u00e1n distintas mujeres reconocidas en la esfera p\u00fablica.<\/p>\n<p>12:30: Cuerpos Rebeldes. Intervenci\u00f3n art\u00edstica de cuerpos pintados con un recorrido que comenzar\u00e1 en el Museo de la Educaci\u00f3n y culminar\u00e1 en el Museo de la Memoria y Derechos Humanos, con la participaci\u00f3n de m\u00e1s de 15 pintoras del pa\u00eds. Matucana 501, Santiago.<\/p>\n<p>15:30: Ahora que s\u00ed nos ven. Lectura po\u00e9tica feminista. Con la presencia de mujeres de la literatura, m\u00fasica y humor, entre ellas la premio nacional de literatura Diamela Eltit, Faride Zeran, Arelis Uribe, Mar\u00eda Jos\u00e9 Cumplido, Sof\u00eda Brito, Ingrid C\u00f3rdova, Zorroras, Paola Molina (la Solte) y Yorka. Estaremos a micr\u00f3fono abierto en las afueras de la Librer\u00eda El Rinc\u00f3n del Libro, San Diego 43, Santiago.<\/p>\n<p>17:00-21:00: Mujeres de la danza unidas por la Huelga. Destacadas core\u00f3grafas impartir\u00e1n clases gratuitas para visibilizar la danza, entre ellas Ana Albornoz (core\u00f3grafa de Denise Rosenthal), A.K.I.N.I (colectivo de danza urbana y social, dancehall, afro, fusi\u00f3n), Las Players (con Gabriela Pavez, core\u00f3grafa del Festival de Vi\u00f1a 2019), Dillas y Mbly (con Holanda-Bfly). GAM, Alameda 227.<\/p>\n<p>18:00: Mil Razones por la Huelga. En las estaciones de metro Plaza de Puente Alto, Plaza Ega\u00f1a, Baquedano, Cal y Canto, La Cisterna y Plaza de Maip\u00fa, tendremos stands de difusi\u00f3n del programa, asesor\u00eda jur\u00eddica gratuita de Abogadas feministas de Chile (Abofem) y m\u00e1s.<\/p>\n<\/div>\n<div class=\"CallToAction-chevron\" data-scribe=\"element:cta_chevron\"><\/div>\n<\/div>\n<\/div>\n<\/div>\n<\/div>\n<\/div>\n","protected":false},"excerpt":{"rendered":"<p>Foto: Agencia UNO S\u00faper Lunes Feminista En la previa de la huelga feminista del 8 de marzo, las estaciones del servicio de transporte subterr\u00e1neo fueron intervenidas con los nombres de importantes mujeres que cambiaron al pa\u00eds. CNN Chile En paralelo al llamado\u00a0\u201cs\u00faper lunes\u201d, en el que miles de personas volvieron a las calles de Santiago [&hellip;]<\/p>\n","protected":false},"author":4,"featured_media":32519,"comment_status":"open","ping_status":"open","sticky":false,"template":"","format":"standard","meta":{"iawp_total_views":4,"footnotes":""},"categories":[4,32],"tags":[196,197,894,502,895,896,130,893],"class_list":["post-32514","post","type-post","status-publish","format-standard","has-post-thumbnail","hentry","category-medios","category-mujeres","tag-8m","tag-parointernacionaldemujeres","tag-superlunesfeminista","tag-chile","tag-coordinadora-feminista-8-de-marzo","tag-dia-internacional-de-la-mujer","tag-mujeres","tag-super-lunes-feminista"],"nelio_content":{"autoShareEndMode":"never","automationSources":{"useCustomSentences":false,"customSentences":[]},"efiAlt":"","efiUrl":"","followers":[4],"highlights":[],"isAutoShareEnabled":true,"networkImageIds":[],"permalinkQueryArgs":[],"series":[],"suggestedReferences":[]},"yoast_head":"<!-- This site is optimized with the Yoast SEO plugin v27.5 - https:\/\/yoast.com\/product\/yoast-seo-wordpress\/ -->\n<title>S\u00faper Lunes Feminista: Estaciones de Metro son rebautizadas con nombres de mujeres importantes en la historia de Chile - Diario Digital Femenino<\/title>\n<meta name=\"description\" content=\"S\u00faper Lunes Feminista: Estaciones de Metro son rebautizadas con nombres de mujeres importantes en la historia de Chile. La previa...\" \/>\n<meta name=\"robots\" content=\"index, follow, max-snippet:-1, max-image-preview:large, max-video-preview:-1\" \/>\n<link rel=\"canonical\" href=\"https:\/\/diariofemenino.com.ar\/df\/super-lunes-feminista\/\" \/>\n<meta property=\"og:locale\" content=\"es_ES\" \/>\n<meta property=\"og:type\" content=\"article\" \/>\n<meta property=\"og:title\" content=\"S\u00faper Lunes Feminista: Estaciones de Metro son rebautizadas con nombres de mujeres importantes en la historia de Chile - Diario Digital Femenino\" \/>\n<meta property=\"og:description\" content=\"S\u00faper Lunes Feminista: Estaciones de Metro son rebautizadas con nombres de mujeres importantes en la historia de Chile. La previa...\" \/>\n<meta property=\"og:url\" content=\"https:\/\/diariofemenino.com.ar\/df\/super-lunes-feminista\/\" \/>\n<meta property=\"og:site_name\" content=\"Diario Digital Femenino\" \/>\n<meta property=\"article:publisher\" content=\"https:\/\/www.facebook.com\/DiarioDigitaFemenino\/\" \/>\n<meta property=\"article:published_time\" content=\"2019-03-04T15:10:42+00:00\" \/>\n<meta property=\"article:modified_time\" content=\"2019-03-04T15:13:08+00:00\" \/>\n<meta property=\"og:image\" content=\"https:\/\/diariofemenino.com.ar\/df\/wp-content\/uploads\/2019\/03\/A_UNO_1014214_6ca53.jpg\" \/>\n\t<meta property=\"og:image:width\" content=\"640\" \/>\n\t<meta property=\"og:image:height\" content=\"427\" \/>\n\t<meta property=\"og:image:type\" content=\"image\/jpeg\" \/>\n<meta name=\"author\" content=\"Admin\" \/>\n<meta name=\"twitter:card\" content=\"summary_large_image\" \/>\n<meta name=\"twitter:creator\" content=\"@DiarioFemenino1\" \/>\n<meta name=\"twitter:site\" content=\"@DiarioFemenino1\" \/>\n<meta name=\"twitter:label1\" content=\"Escrito por\" \/>\n\t<meta name=\"twitter:data1\" content=\"Admin\" \/>\n\t<meta name=\"twitter:label2\" content=\"Tiempo de lectura\" \/>\n\t<meta name=\"twitter:data2\" content=\"5 minutos\" \/>\n<script type=\"application\/ld+json\" class=\"yoast-schema-graph\">{\"@context\":\"https:\\\/\\\/schema.org\",\"@graph\":[{\"@type\":\"Article\",\"@id\":\"https:\\\/\\\/diariofemenino.com.ar\\\/df\\\/super-lunes-feminista\\\/#article\",\"isPartOf\":{\"@id\":\"https:\\\/\\\/diariofemenino.com.ar\\\/df\\\/super-lunes-feminista\\\/\"},\"author\":{\"name\":\"Admin\",\"@id\":\"https:\\\/\\\/diariofemenino.com.ar\\\/df\\\/#\\\/schema\\\/person\\\/bf6199e8158c657ea6f789b11ec85509\"},\"headline\":\"S\u00faper Lunes Feminista: Estaciones de Metro son rebautizadas con nombres de mujeres importantes en la historia de Chile\",\"datePublished\":\"2019-03-04T15:10:42+00:00\",\"dateModified\":\"2019-03-04T15:13:08+00:00\",\"mainEntityOfPage\":{\"@id\":\"https:\\\/\\\/diariofemenino.com.ar\\\/df\\\/super-lunes-feminista\\\/\"},\"wordCount\":958,\"commentCount\":0,\"publisher\":{\"@id\":\"https:\\\/\\\/diariofemenino.com.ar\\\/df\\\/#organization\"},\"image\":{\"@id\":\"https:\\\/\\\/diariofemenino.com.ar\\\/df\\\/super-lunes-feminista\\\/#primaryimage\"},\"thumbnailUrl\":\"https:\\\/\\\/diariofemenino.com.ar\\\/df\\\/wp-content\\\/uploads\\\/2019\\\/03\\\/A_UNO_1014214_6ca53.jpg\",\"keywords\":[\"#8M\",\"#ParoInternacionaldeMujeres\",\"#SuperLunesFeminista\",\"Chile\",\"Coordinadora Feminista 8 de marzo\",\"D\u00eda Internacional de la Mujer\",\"Mujeres\",\"S\u00faper Lunes Feminista\"],\"articleSection\":[\"Medios\",\"Mujeres\"],\"inLanguage\":\"es\",\"potentialAction\":[{\"@type\":\"CommentAction\",\"name\":\"Comment\",\"target\":[\"https:\\\/\\\/diariofemenino.com.ar\\\/df\\\/super-lunes-feminista\\\/#respond\"]}]},{\"@type\":\"WebPage\",\"@id\":\"https:\\\/\\\/diariofemenino.com.ar\\\/df\\\/super-lunes-feminista\\\/\",\"url\":\"https:\\\/\\\/diariofemenino.com.ar\\\/df\\\/super-lunes-feminista\\\/\",\"name\":\"S\u00faper Lunes Feminista: Estaciones de Metro son rebautizadas con nombres de mujeres importantes en la historia de Chile - Diario Digital Femenino\",\"isPartOf\":{\"@id\":\"https:\\\/\\\/diariofemenino.com.ar\\\/df\\\/#website\"},\"primaryImageOfPage\":{\"@id\":\"https:\\\/\\\/diariofemenino.com.ar\\\/df\\\/super-lunes-feminista\\\/#primaryimage\"},\"image\":{\"@id\":\"https:\\\/\\\/diariofemenino.com.ar\\\/df\\\/super-lunes-feminista\\\/#primaryimage\"},\"thumbnailUrl\":\"https:\\\/\\\/diariofemenino.com.ar\\\/df\\\/wp-content\\\/uploads\\\/2019\\\/03\\\/A_UNO_1014214_6ca53.jpg\",\"datePublished\":\"2019-03-04T15:10:42+00:00\",\"dateModified\":\"2019-03-04T15:13:08+00:00\",\"description\":\"S\u00faper Lunes Feminista: Estaciones de Metro son rebautizadas con nombres de mujeres importantes en la historia de Chile. La previa...\",\"breadcrumb\":{\"@id\":\"https:\\\/\\\/diariofemenino.com.ar\\\/df\\\/super-lunes-feminista\\\/#breadcrumb\"},\"inLanguage\":\"es\",\"potentialAction\":[{\"@type\":\"ReadAction\",\"target\":[\"https:\\\/\\\/diariofemenino.com.ar\\\/df\\\/super-lunes-feminista\\\/\"]}]},{\"@type\":\"ImageObject\",\"inLanguage\":\"es\",\"@id\":\"https:\\\/\\\/diariofemenino.com.ar\\\/df\\\/super-lunes-feminista\\\/#primaryimage\",\"url\":\"https:\\\/\\\/diariofemenino.com.ar\\\/df\\\/wp-content\\\/uploads\\\/2019\\\/03\\\/A_UNO_1014214_6ca53.jpg\",\"contentUrl\":\"https:\\\/\\\/diariofemenino.com.ar\\\/df\\\/wp-content\\\/uploads\\\/2019\\\/03\\\/A_UNO_1014214_6ca53.jpg\",\"width\":640,\"height\":427,\"caption\":\"S\u00faper Lunes Feminista\"},{\"@type\":\"BreadcrumbList\",\"@id\":\"https:\\\/\\\/diariofemenino.com.ar\\\/df\\\/super-lunes-feminista\\\/#breadcrumb\",\"itemListElement\":[{\"@type\":\"ListItem\",\"position\":1,\"name\":\"Portada\",\"item\":\"https:\\\/\\\/diariofemenino.com.ar\\\/df\\\/\"},{\"@type\":\"ListItem\",\"position\":2,\"name\":\"S\u00faper Lunes Feminista: Estaciones de Metro son rebautizadas con nombres de mujeres importantes en la historia de Chile\"}]},{\"@type\":\"WebSite\",\"@id\":\"https:\\\/\\\/diariofemenino.com.ar\\\/df\\\/#website\",\"url\":\"https:\\\/\\\/diariofemenino.com.ar\\\/df\\\/\",\"name\":\"Diario Digital Femenino\",\"description\":\"Cuesti\u00f3n de G\u00e9nero\",\"publisher\":{\"@id\":\"https:\\\/\\\/diariofemenino.com.ar\\\/df\\\/#organization\"},\"potentialAction\":[{\"@type\":\"SearchAction\",\"target\":{\"@type\":\"EntryPoint\",\"urlTemplate\":\"https:\\\/\\\/diariofemenino.com.ar\\\/df\\\/?s={search_term_string}\"},\"query-input\":{\"@type\":\"PropertyValueSpecification\",\"valueRequired\":true,\"valueName\":\"search_term_string\"}}],\"inLanguage\":\"es\"},{\"@type\":\"Organization\",\"@id\":\"https:\\\/\\\/diariofemenino.com.ar\\\/df\\\/#organization\",\"name\":\"Diario Femenino\",\"url\":\"https:\\\/\\\/diariofemenino.com.ar\\\/df\\\/\",\"logo\":{\"@type\":\"ImageObject\",\"inLanguage\":\"es\",\"@id\":\"https:\\\/\\\/diariofemenino.com.ar\\\/df\\\/#\\\/schema\\\/logo\\\/image\\\/\",\"url\":\"https:\\\/\\\/diariofemenino.com.ar\\\/df\\\/wp-content\\\/uploads\\\/2018\\\/10\\\/logo.png\",\"contentUrl\":\"https:\\\/\\\/diariofemenino.com.ar\\\/df\\\/wp-content\\\/uploads\\\/2018\\\/10\\\/logo.png\",\"width\":500,\"height\":92,\"caption\":\"Diario Femenino\"},\"image\":{\"@id\":\"https:\\\/\\\/diariofemenino.com.ar\\\/df\\\/#\\\/schema\\\/logo\\\/image\\\/\"},\"sameAs\":[\"https:\\\/\\\/www.facebook.com\\\/DiarioDigitaFemenino\\\/\",\"https:\\\/\\\/x.com\\\/DiarioFemenino1\"]},{\"@type\":\"Person\",\"@id\":\"https:\\\/\\\/diariofemenino.com.ar\\\/df\\\/#\\\/schema\\\/person\\\/bf6199e8158c657ea6f789b11ec85509\",\"name\":\"Admin\",\"image\":{\"@type\":\"ImageObject\",\"inLanguage\":\"es\",\"@id\":\"https:\\\/\\\/diariofemenino.com.ar\\\/df\\\/wp-content\\\/uploads\\\/2018\\\/12\\\/favicon-150x150.jpg\",\"url\":\"https:\\\/\\\/diariofemenino.com.ar\\\/df\\\/wp-content\\\/uploads\\\/2018\\\/12\\\/favicon-150x150.jpg\",\"contentUrl\":\"https:\\\/\\\/diariofemenino.com.ar\\\/df\\\/wp-content\\\/uploads\\\/2018\\\/12\\\/favicon-150x150.jpg\",\"caption\":\"Admin\"},\"url\":\"https:\\\/\\\/diariofemenino.com.ar\\\/df\\\/author\\\/lenny\\\/\"}]}<\/script>\n<!-- \/ Yoast SEO plugin. -->","yoast_head_json":{"title":"S\u00faper Lunes Feminista: Estaciones de Metro son rebautizadas con nombres de mujeres importantes en la historia de Chile - Diario Digital Femenino","description":"S\u00faper Lunes Feminista: Estaciones de Metro son rebautizadas con nombres de mujeres importantes en la historia de Chile. La previa...","robots":{"index":"index","follow":"follow","max-snippet":"max-snippet:-1","max-image-preview":"max-image-preview:large","max-video-preview":"max-video-preview:-1"},"canonical":"https:\/\/diariofemenino.com.ar\/df\/super-lunes-feminista\/","og_locale":"es_ES","og_type":"article","og_title":"S\u00faper Lunes Feminista: Estaciones de Metro son rebautizadas con nombres de mujeres importantes en la historia de Chile - Diario Digital Femenino","og_description":"S\u00faper Lunes Feminista: Estaciones de Metro son rebautizadas con nombres de mujeres importantes en la historia de Chile. La previa...","og_url":"https:\/\/diariofemenino.com.ar\/df\/super-lunes-feminista\/","og_site_name":"Diario Digital Femenino","article_publisher":"https:\/\/www.facebook.com\/DiarioDigitaFemenino\/","article_published_time":"2019-03-04T15:10:42+00:00","article_modified_time":"2019-03-04T15:13:08+00:00","og_image":[{"width":640,"height":427,"url":"https:\/\/diariofemenino.com.ar\/df\/wp-content\/uploads\/2019\/03\/A_UNO_1014214_6ca53.jpg","type":"image\/jpeg"}],"author":"Admin","twitter_card":"summary_large_image","twitter_creator":"@DiarioFemenino1","twitter_site":"@DiarioFemenino1","twitter_misc":{"Escrito por":"Admin","Tiempo de lectura":"5 minutos"},"schema":{"@context":"https:\/\/schema.org","@graph":[{"@type":"Article","@id":"https:\/\/diariofemenino.com.ar\/df\/super-lunes-feminista\/#article","isPartOf":{"@id":"https:\/\/diariofemenino.com.ar\/df\/super-lunes-feminista\/"},"author":{"name":"Admin","@id":"https:\/\/diariofemenino.com.ar\/df\/#\/schema\/person\/bf6199e8158c657ea6f789b11ec85509"},"headline":"S\u00faper Lunes Feminista: Estaciones de Metro son rebautizadas con nombres de mujeres importantes en la historia de Chile","datePublished":"2019-03-04T15:10:42+00:00","dateModified":"2019-03-04T15:13:08+00:00","mainEntityOfPage":{"@id":"https:\/\/diariofemenino.com.ar\/df\/super-lunes-feminista\/"},"wordCount":958,"commentCount":0,"publisher":{"@id":"https:\/\/diariofemenino.com.ar\/df\/#organization"},"image":{"@id":"https:\/\/diariofemenino.com.ar\/df\/super-lunes-feminista\/#primaryimage"},"thumbnailUrl":"https:\/\/diariofemenino.com.ar\/df\/wp-content\/uploads\/2019\/03\/A_UNO_1014214_6ca53.jpg","keywords":["#8M","#ParoInternacionaldeMujeres","#SuperLunesFeminista","Chile","Coordinadora Feminista 8 de marzo","D\u00eda Internacional de la Mujer","Mujeres","S\u00faper Lunes Feminista"],"articleSection":["Medios","Mujeres"],"inLanguage":"es","potentialAction":[{"@type":"CommentAction","name":"Comment","target":["https:\/\/diariofemenino.com.ar\/df\/super-lunes-feminista\/#respond"]}]},{"@type":"WebPage","@id":"https:\/\/diariofemenino.com.ar\/df\/super-lunes-feminista\/","url":"https:\/\/diariofemenino.com.ar\/df\/super-lunes-feminista\/","name":"S\u00faper Lunes Feminista: Estaciones de Metro son rebautizadas con nombres de mujeres importantes en la historia de Chile - Diario Digital Femenino","isPartOf":{"@id":"https:\/\/diariofemenino.com.ar\/df\/#website"},"primaryImageOfPage":{"@id":"https:\/\/diariofemenino.com.ar\/df\/super-lunes-feminista\/#primaryimage"},"image":{"@id":"https:\/\/diariofemenino.com.ar\/df\/super-lunes-feminista\/#primaryimage"},"thumbnailUrl":"https:\/\/diariofemenino.com.ar\/df\/wp-content\/uploads\/2019\/03\/A_UNO_1014214_6ca53.jpg","datePublished":"2019-03-04T15:10:42+00:00","dateModified":"2019-03-04T15:13:08+00:00","description":"S\u00faper Lunes Feminista: Estaciones de Metro son rebautizadas con nombres de mujeres importantes en la historia de Chile. La previa...","breadcrumb":{"@id":"https:\/\/diariofemenino.com.ar\/df\/super-lunes-feminista\/#breadcrumb"},"inLanguage":"es","potentialAction":[{"@type":"ReadAction","target":["https:\/\/diariofemenino.com.ar\/df\/super-lunes-feminista\/"]}]},{"@type":"ImageObject","inLanguage":"es","@id":"https:\/\/diariofemenino.com.ar\/df\/super-lunes-feminista\/#primaryimage","url":"https:\/\/diariofemenino.com.ar\/df\/wp-content\/uploads\/2019\/03\/A_UNO_1014214_6ca53.jpg","contentUrl":"https:\/\/diariofemenino.com.ar\/df\/wp-content\/uploads\/2019\/03\/A_UNO_1014214_6ca53.jpg","width":640,"height":427,"caption":"S\u00faper Lunes Feminista"},{"@type":"BreadcrumbList","@id":"https:\/\/diariofemenino.com.ar\/df\/super-lunes-feminista\/#breadcrumb","itemListElement":[{"@type":"ListItem","position":1,"name":"Portada","item":"https:\/\/diariofemenino.com.ar\/df\/"},{"@type":"ListItem","position":2,"name":"S\u00faper Lunes Feminista: Estaciones de Metro son rebautizadas con nombres de mujeres importantes en la historia de Chile"}]},{"@type":"WebSite","@id":"https:\/\/diariofemenino.com.ar\/df\/#website","url":"https:\/\/diariofemenino.com.ar\/df\/","name":"Diario Digital Femenino","description":"Cuesti\u00f3n de G\u00e9nero","publisher":{"@id":"https:\/\/diariofemenino.com.ar\/df\/#organization"},"potentialAction":[{"@type":"SearchAction","target":{"@type":"EntryPoint","urlTemplate":"https:\/\/diariofemenino.com.ar\/df\/?s={search_term_string}"},"query-input":{"@type":"PropertyValueSpecification","valueRequired":true,"valueName":"search_term_string"}}],"inLanguage":"es"},{"@type":"Organization","@id":"https:\/\/diariofemenino.com.ar\/df\/#organization","name":"Diario Femenino","url":"https:\/\/diariofemenino.com.ar\/df\/","logo":{"@type":"ImageObject","inLanguage":"es","@id":"https:\/\/diariofemenino.com.ar\/df\/#\/schema\/logo\/image\/","url":"https:\/\/diariofemenino.com.ar\/df\/wp-content\/uploads\/2018\/10\/logo.png","contentUrl":"https:\/\/diariofemenino.com.ar\/df\/wp-content\/uploads\/2018\/10\/logo.png","width":500,"height":92,"caption":"Diario Femenino"},"image":{"@id":"https:\/\/diariofemenino.com.ar\/df\/#\/schema\/logo\/image\/"},"sameAs":["https:\/\/www.facebook.com\/DiarioDigitaFemenino\/","https:\/\/x.com\/DiarioFemenino1"]},{"@type":"Person","@id":"https:\/\/diariofemenino.com.ar\/df\/#\/schema\/person\/bf6199e8158c657ea6f789b11ec85509","name":"Admin","image":{"@type":"ImageObject","inLanguage":"es","@id":"https:\/\/diariofemenino.com.ar\/df\/wp-content\/uploads\/2018\/12\/favicon-150x150.jpg","url":"https:\/\/diariofemenino.com.ar\/df\/wp-content\/uploads\/2018\/12\/favicon-150x150.jpg","contentUrl":"https:\/\/diariofemenino.com.ar\/df\/wp-content\/uploads\/2018\/12\/favicon-150x150.jpg","caption":"Admin"},"url":"https:\/\/diariofemenino.com.ar\/df\/author\/lenny\/"}]}},"jetpack_featured_media_url":"https:\/\/diariofemenino.com.ar\/df\/wp-content\/uploads\/2019\/03\/A_UNO_1014214_6ca53.jpg","jetpack_sharing_enabled":true,"rttpg_featured_image_url":{"full":["https:\/\/diariofemenino.com.ar\/df\/wp-content\/uploads\/2019\/03\/A_UNO_1014214_6ca53.jpg",640,427,false],"landscape":["https:\/\/diariofemenino.com.ar\/df\/wp-content\/uploads\/2019\/03\/A_UNO_1014214_6ca53.jpg",640,427,false],"portraits":["https:\/\/diariofemenino.com.ar\/df\/wp-content\/uploads\/2019\/03\/A_UNO_1014214_6ca53.jpg",640,427,false],"thumbnail":["https:\/\/diariofemenino.com.ar\/df\/wp-content\/uploads\/2019\/03\/A_UNO_1014214_6ca53-150x150.jpg",150,150,true],"medium":["https:\/\/diariofemenino.com.ar\/df\/wp-content\/uploads\/2019\/03\/A_UNO_1014214_6ca53-300x200.jpg",300,200,true],"large":["https:\/\/diariofemenino.com.ar\/df\/wp-content\/uploads\/2019\/03\/A_UNO_1014214_6ca53.jpg",640,427,false],"1536x1536":["https:\/\/diariofemenino.com.ar\/df\/wp-content\/uploads\/2019\/03\/A_UNO_1014214_6ca53.jpg",640,427,false],"2048x2048":["https:\/\/diariofemenino.com.ar\/df\/wp-content\/uploads\/2019\/03\/A_UNO_1014214_6ca53.jpg",640,427,false]},"rttpg_author":{"display_name":"Admin","author_link":"https:\/\/diariofemenino.com.ar\/df\/author\/lenny\/"},"rttpg_comment":0,"rttpg_category":"<a href=\"https:\/\/diariofemenino.com.ar\/df\/category\/medios\/\" rel=\"category tag\">Medios<\/a> <a href=\"https:\/\/diariofemenino.com.ar\/df\/category\/mujeres\/\" rel=\"category tag\">Mujeres<\/a>","rttpg_excerpt":"Foto: Agencia UNO S\u00faper Lunes Feminista En la previa de la huelga feminista del 8 de marzo, las estaciones del servicio de transporte subterr\u00e1neo fueron intervenidas con los nombres de importantes mujeres que cambiaron al pa\u00eds. CNN Chile En paralelo al llamado\u00a0\u201cs\u00faper lunes\u201d, en el que miles de personas volvieron a las calles de Santiago&hellip;","_links":{"self":[{"href":"https:\/\/diariofemenino.com.ar\/df\/wp-json\/wp\/v2\/posts\/32514","targetHints":{"allow":["GET"]}}],"collection":[{"href":"https:\/\/diariofemenino.com.ar\/df\/wp-json\/wp\/v2\/posts"}],"about":[{"href":"https:\/\/diariofemenino.com.ar\/df\/wp-json\/wp\/v2\/types\/post"}],"author":[{"embeddable":true,"href":"https:\/\/diariofemenino.com.ar\/df\/wp-json\/wp\/v2\/users\/4"}],"replies":[{"embeddable":true,"href":"https:\/\/diariofemenino.com.ar\/df\/wp-json\/wp\/v2\/comments?post=32514"}],"version-history":[{"count":0,"href":"https:\/\/diariofemenino.com.ar\/df\/wp-json\/wp\/v2\/posts\/32514\/revisions"}],"wp:featuredmedia":[{"embeddable":true,"href":"https:\/\/diariofemenino.com.ar\/df\/wp-json\/wp\/v2\/media\/32519"}],"wp:attachment":[{"href":"https:\/\/diariofemenino.com.ar\/df\/wp-json\/wp\/v2\/media?parent=32514"}],"wp:term":[{"taxonomy":"category","embeddable":true,"href":"https:\/\/diariofemenino.com.ar\/df\/wp-json\/wp\/v2\/categories?post=32514"},{"taxonomy":"post_tag","embeddable":true,"href":"https:\/\/diariofemenino.com.ar\/df\/wp-json\/wp\/v2\/tags?post=32514"}],"curies":[{"name":"wp","href":"https:\/\/api.w.org\/{rel}","templated":true}]}}