{"id":32230,"date":"2019-02-28T17:10:52","date_gmt":"2019-02-28T20:10:52","guid":{"rendered":"https:\/\/diariofemenino.com.ar\/?p=32230"},"modified":"2019-02-28T17:13:06","modified_gmt":"2019-02-28T20:13:06","slug":"santiago-sera-sede-del-3o-congreso-nacional-de-educacion-sexual-integral","status":"publish","type":"post","link":"https:\/\/diariofemenino.com.ar\/df\/santiago-sera-sede-del-3o-congreso-nacional-de-educacion-sexual-integral\/","title":{"rendered":"Santiago ser\u00e1 sede del 3\u00ba Congreso Nacional de Educaci\u00f3n Sexual Integral"},"content":{"rendered":"<p>Santiago del Estero ser\u00e1 sede del 3\u00ba Congreso Nacional de Educaci\u00f3n Sexual Integral denominado \u00abEscuela, familia y comunidad: construyendo ciudadan\u00eda\u00bb, que se desarrollar\u00e1 el s\u00e1bado 18 de mayo en el Centro de Convenciones F\u00f3rum, que se encuentra en Roca y Rivadavia, de la ciudad capital.<\/p>\n<p>Las conferencias centrales que se realizar\u00e1n durante el encuentro, estar\u00e1n a cargo de la Dra. Soledad Deza; la Dra. Dora Barrancos; la Dra. Graciela Morgade; el Lic. Gabriel Brener y la Prof. Sasa Testa, y otros referentes de organizaciones sobre Educaci\u00f3n Sexual Integral, grupos de feministas, entre otros, adelantaron desde la organizaci\u00f3n del encuentro, que se desarrollar\u00e1 desde horas tempranas.<\/p>\n<p>El 3\u00ba Congreso Nacional de Educaci\u00f3n Sexual Integral estar\u00e1 coordinado por el Dr. Jorge Orlando L\u00f3pez, de la Asociaci\u00f3n Civil Santiagx Inclusivx.<\/p>\n<p><strong>Reconocimiento<\/strong><\/p>\n<p>El mismo fue declarado de inter\u00e9s acad\u00e9mico por el Rectorado de la Universidad Nacional de Santiago del Estero, y cuenta con el auspicio acad\u00e9mico de la Facultad de Humanidades, Ciencias Sociales y de la Salud de la Unse.<\/p>\n<p>Es abierto a la comunidad, en especial a aquellos profesionales y dem\u00e1s personas que trabajen con la tem\u00e1tica de Educaci\u00f3n Sexual Integral.<\/p>\n<p><strong>Contactos<\/strong><\/p>\n<p>Por informaciones o inscripciones, los interesados en participar del Congreso podr\u00e1n comunicarse al 3854781444, 3854335734, 3855206433, o bien escribir a\u00a03congresonacionalesi@gmail\u00a0.com<\/p>\n<p><img loading=\"lazy\" decoding=\"async\" class=\"alignnone size-full wp-image-32233\" src=\"https:\/\/diariofemenino.com.ar\/df\/wp-content\/uploads\/2019\/02\/esi.jpg\" alt=\"Santiago ser\u00e1 sede del 3\u00ba Congreso Nacional de Educaci\u00f3n Sexual Integral\" width=\"500\" height=\"328\" srcset=\"https:\/\/diariofemenino.com.ar\/df\/wp-content\/uploads\/2019\/02\/esi.jpg 500w, https:\/\/diariofemenino.com.ar\/df\/wp-content\/uploads\/2019\/02\/esi-300x197.jpg 300w\" sizes=\"auto, (max-width: 500px) 100vw, 500px\" \/><\/p>\n<p>Fuente: <a href=\"https:\/\/diariofemenino.com.ar\/category\/de-esi-si-se-habla\/\">Mar\u00eda In\u00e9s Alvarado<\/a><br \/>\nPublicado en: <a href=\"https:\/\/www.elliberal.com.ar\/noticia\/476217\/santiago-sera-sede-3-congreso-nacional-educacion-sexual-integral?fbclid=IwAR1mr-1WbYP868-GKI3kzjbD79yCoPnWcyUtRjrp9Ti9F9WP-RzhjBbZSZk\">El Liberal<\/a><\/p>\n<p>___________________________________________________<\/p>\n<p class=\"titulo\"><strong><a href=\"https:\/\/diariofemenino.com.ar\/pibxs-una-serie-documental-cooperativa-para-la-educacion-sexual-integral\/\">Educaci\u00f3n Sexual Integral<\/a>: qu\u00e9 dice la ley de 2006\u00a0que buscan hacer obligatoria en todas las provincias<\/strong><\/p>\n<p>La reforma a las leyes\u00a0<a class=\"link\" href=\"http:\/\/servicios.infoleg.gob.ar\/infolegInternet\/anexos\/120000-124999\/123542\/norma.htm\">26.206<\/a>\u00a0y\u00a0<a class=\"link\" href=\"http:\/\/servicios.infoleg.gob.ar\/infolegInternet\/anexos\/120000-124999\/121222\/norma.htm\">26.150<\/a>, m\u00e1s conocidas como ley de Educaci\u00f3n Nacional y ley de Educaci\u00f3n Sexual Integral (ESI), obtuvo dictamen el 4 de septiembre en un plenario de las comisiones de Educaci\u00f3n y de Familia, Mujer, Ni\u00f1ez y Adolescencia de la\u00a0<a href=\"https:\/\/www.lanacion.com.ar\/camara-de-diputados-t13821\" data-event=\"contentLinkClick\">C\u00e1mara de Diputados\u00a0<\/a>. La intenci\u00f3n es garantizar la ense\u00f1anza de la ESI en todas las escuelas del pa\u00eds.<\/p>\n<p>El eje del proyecto declara \u00abde orden p\u00fablico\u00bb la ley de ESI, sancionada en octubre de 2006, lo que implica que todas las provincias deber\u00e1n impartir los contenidos curriculares de la ESI en las instituciones educativas, sean privadas o p\u00fablicas. A pesar de que se aprob\u00f3 hace casi 13 a\u00f1os, s\u00f3lo 9 de las 24 jurisdicciones se adhirieron a la ley.<\/p>\n<div id=\"hybs-mslot-f73b40b6-1\" class=\"hybs-mslot\">\n<p>Asimismo, el proyecto elimina la posibilidad de que los establecimientos educativos adapten la ESI a \u00absu ideario institucional y a las convicciones de sus miembros\u00bb. Quienes impulsan la modificaci\u00f3n sostienen que esta frase ha permitido la obstaculizaci\u00f3n de la ense\u00f1anza de educaci\u00f3n sexual en escuelas religiosas.<\/p>\n<p>La ley 26.150 fue sancionada el 4 de octubre de 2006 y fue promulgada el 23 de octubre de ese a\u00f1o. El nombre oficial es \u00abPrograma Nacional de Educaci\u00f3n Sexual Integral\u00bb, aunque se la conoce por las siglas \u00abESI\u00bb. La norma crea ese programa, determina sus objetivos y establece que \u00abtodos los educandos tienen derecho a recibir educaci\u00f3n sexual integral en los establecimientos educativos p\u00fablicos, de gesti\u00f3n estatal y privada de las jurisdicciones nacional, provincial, de la Ciudad Aut\u00f3noma de Buenos Aires y municipal\u00bb.<\/p>\n<p>La ESI garantiza el derecho a recibir educaci\u00f3n sexual integral en establecimientos educativos en los niveles inicial, primario, secundario y de formaci\u00f3n docente. Los conocimientos abordados deben ser \u00abpertinentes, precisos, confiables y actualizados, articulando aspectos biol\u00f3gicos, psicol\u00f3gicos, sociales, afectivos y \u00e9ticos\u00bb.<\/p>\n<\/div>\n<div id=\"middle1_dsk\" class=\"banner middle-1 b-desktop\"><\/div>\n<p>&nbsp;<\/p>\n","protected":false},"excerpt":{"rendered":"<p>Santiago del Estero ser\u00e1 sede del 3\u00ba Congreso Nacional de Educaci\u00f3n Sexual Integral denominado \u00abEscuela, familia y comunidad: construyendo ciudadan\u00eda\u00bb, que se desarrollar\u00e1 el s\u00e1bado 18 de mayo en el Centro de Convenciones F\u00f3rum, que se encuentra en Roca y Rivadavia, de la ciudad capital. Las conferencias centrales que se realizar\u00e1n durante el encuentro, estar\u00e1n [&hellip;]<\/p>\n","protected":false},"author":4,"featured_media":32231,"comment_status":"open","ping_status":"open","sticky":false,"template":"","format":"standard","meta":{"iawp_total_views":6,"footnotes":""},"categories":[9,21],"tags":[794,545,172,796,795,719,797,600],"class_list":["post-32230","post","type-post","status-publish","format-standard","has-post-thumbnail","hentry","category-de-esi-si-se-habla","category-noticias","tag-congreso-nacional","tag-dora-barrancos","tag-educacion-sexual-integral","tag-gabriel-brener","tag-graciela-morgade","tag-santiago-del-estero","tag-sasa-testa","tag-soledad-deza"],"nelio_content":{"autoShareEndMode":"never","automationSources":{"useCustomSentences":false,"customSentences":[]},"efiAlt":"","efiUrl":"","followers":[4],"highlights":[],"isAutoShareEnabled":true,"networkImageIds":[],"permalinkQueryArgs":[],"series":[],"suggestedReferences":[]},"yoast_head":"<!-- This site is optimized with the Yoast SEO plugin v27.5 - https:\/\/yoast.com\/product\/yoast-seo-wordpress\/ -->\n<title>Santiago ser\u00e1 sede del 3\u00ba Congreso Nacional de Educaci\u00f3n Sexual Integral - Diario Digital Femenino<\/title>\n<meta name=\"description\" content=\"Santiago ser\u00e1 sede del 3\u00ba Congreso Nacional de Educaci\u00f3n Sexual Integral. Con Soledad Deza, Dora Barrancos, Graciela Morgade, Gabriel Brener y otras\/os\" \/>\n<meta name=\"robots\" content=\"index, follow, max-snippet:-1, max-image-preview:large, max-video-preview:-1\" \/>\n<link rel=\"canonical\" href=\"https:\/\/diariofemenino.com.ar\/df\/santiago-sera-sede-del-3o-congreso-nacional-de-educacion-sexual-integral\/\" \/>\n<meta property=\"og:locale\" content=\"es_ES\" \/>\n<meta property=\"og:type\" content=\"article\" \/>\n<meta property=\"og:title\" content=\"Santiago ser\u00e1 sede del 3\u00ba Congreso Nacional de Educaci\u00f3n Sexual Integral - Diario Digital Femenino\" \/>\n<meta property=\"og:description\" content=\"Santiago ser\u00e1 sede del 3\u00ba Congreso Nacional de Educaci\u00f3n Sexual Integral. Con Soledad Deza, Dora Barrancos, Graciela Morgade, Gabriel Brener y otras\/os\" \/>\n<meta property=\"og:url\" content=\"https:\/\/diariofemenino.com.ar\/df\/santiago-sera-sede-del-3o-congreso-nacional-de-educacion-sexual-integral\/\" \/>\n<meta property=\"og:site_name\" content=\"Diario Digital Femenino\" \/>\n<meta property=\"article:publisher\" content=\"https:\/\/www.facebook.com\/DiarioDigitaFemenino\/\" \/>\n<meta property=\"article:published_time\" content=\"2019-02-28T20:10:52+00:00\" \/>\n<meta property=\"article:modified_time\" content=\"2019-02-28T20:13:06+00:00\" \/>\n<meta property=\"og:image\" content=\"https:\/\/diariofemenino.com.ar\/df\/wp-content\/uploads\/2019\/02\/715x402_LIB280219-016F01.jpg\" \/>\n\t<meta property=\"og:image:width\" content=\"715\" \/>\n\t<meta property=\"og:image:height\" content=\"402\" \/>\n\t<meta property=\"og:image:type\" content=\"image\/jpeg\" \/>\n<meta name=\"author\" content=\"Admin\" \/>\n<meta name=\"twitter:card\" content=\"summary_large_image\" \/>\n<meta name=\"twitter:creator\" content=\"@DiarioFemenino1\" \/>\n<meta name=\"twitter:site\" content=\"@DiarioFemenino1\" \/>\n<meta name=\"twitter:label1\" content=\"Escrito por\" \/>\n\t<meta name=\"twitter:data1\" content=\"Admin\" \/>\n\t<meta name=\"twitter:label2\" content=\"Tiempo de lectura\" \/>\n\t<meta name=\"twitter:data2\" content=\"3 minutos\" \/>\n<script type=\"application\/ld+json\" class=\"yoast-schema-graph\">{\"@context\":\"https:\\\/\\\/schema.org\",\"@graph\":[{\"@type\":\"Article\",\"@id\":\"https:\\\/\\\/diariofemenino.com.ar\\\/df\\\/santiago-sera-sede-del-3o-congreso-nacional-de-educacion-sexual-integral\\\/#article\",\"isPartOf\":{\"@id\":\"https:\\\/\\\/diariofemenino.com.ar\\\/df\\\/santiago-sera-sede-del-3o-congreso-nacional-de-educacion-sexual-integral\\\/\"},\"author\":{\"name\":\"Admin\",\"@id\":\"https:\\\/\\\/diariofemenino.com.ar\\\/df\\\/#\\\/schema\\\/person\\\/bf6199e8158c657ea6f789b11ec85509\"},\"headline\":\"Santiago ser\u00e1 sede del 3\u00ba Congreso Nacional de Educaci\u00f3n Sexual Integral\",\"datePublished\":\"2019-02-28T20:10:52+00:00\",\"dateModified\":\"2019-02-28T20:13:06+00:00\",\"mainEntityOfPage\":{\"@id\":\"https:\\\/\\\/diariofemenino.com.ar\\\/df\\\/santiago-sera-sede-del-3o-congreso-nacional-de-educacion-sexual-integral\\\/\"},\"wordCount\":575,\"commentCount\":0,\"publisher\":{\"@id\":\"https:\\\/\\\/diariofemenino.com.ar\\\/df\\\/#organization\"},\"image\":{\"@id\":\"https:\\\/\\\/diariofemenino.com.ar\\\/df\\\/santiago-sera-sede-del-3o-congreso-nacional-de-educacion-sexual-integral\\\/#primaryimage\"},\"thumbnailUrl\":\"https:\\\/\\\/diariofemenino.com.ar\\\/df\\\/wp-content\\\/uploads\\\/2019\\\/02\\\/715x402_LIB280219-016F01.jpg\",\"keywords\":[\"Congreso Nacional\",\"Dora Barrancos\",\"Educaci\u00f3n Sexual Integral\",\"Gabriel Brener\",\"Graciela Morgade\",\"Santiago del Estero\",\"Sasa Testa\",\"Soledad Deza\"],\"articleSection\":[\"De ESI S\u00ed Se Habla\",\"Noticias\"],\"inLanguage\":\"es\",\"potentialAction\":[{\"@type\":\"CommentAction\",\"name\":\"Comment\",\"target\":[\"https:\\\/\\\/diariofemenino.com.ar\\\/df\\\/santiago-sera-sede-del-3o-congreso-nacional-de-educacion-sexual-integral\\\/#respond\"]}]},{\"@type\":\"WebPage\",\"@id\":\"https:\\\/\\\/diariofemenino.com.ar\\\/df\\\/santiago-sera-sede-del-3o-congreso-nacional-de-educacion-sexual-integral\\\/\",\"url\":\"https:\\\/\\\/diariofemenino.com.ar\\\/df\\\/santiago-sera-sede-del-3o-congreso-nacional-de-educacion-sexual-integral\\\/\",\"name\":\"Santiago ser\u00e1 sede del 3\u00ba Congreso Nacional de Educaci\u00f3n Sexual Integral - Diario Digital Femenino\",\"isPartOf\":{\"@id\":\"https:\\\/\\\/diariofemenino.com.ar\\\/df\\\/#website\"},\"primaryImageOfPage\":{\"@id\":\"https:\\\/\\\/diariofemenino.com.ar\\\/df\\\/santiago-sera-sede-del-3o-congreso-nacional-de-educacion-sexual-integral\\\/#primaryimage\"},\"image\":{\"@id\":\"https:\\\/\\\/diariofemenino.com.ar\\\/df\\\/santiago-sera-sede-del-3o-congreso-nacional-de-educacion-sexual-integral\\\/#primaryimage\"},\"thumbnailUrl\":\"https:\\\/\\\/diariofemenino.com.ar\\\/df\\\/wp-content\\\/uploads\\\/2019\\\/02\\\/715x402_LIB280219-016F01.jpg\",\"datePublished\":\"2019-02-28T20:10:52+00:00\",\"dateModified\":\"2019-02-28T20:13:06+00:00\",\"description\":\"Santiago ser\u00e1 sede del 3\u00ba Congreso Nacional de Educaci\u00f3n Sexual Integral. Con Soledad Deza, Dora Barrancos, Graciela Morgade, Gabriel Brener y otras\\\/os\",\"breadcrumb\":{\"@id\":\"https:\\\/\\\/diariofemenino.com.ar\\\/df\\\/santiago-sera-sede-del-3o-congreso-nacional-de-educacion-sexual-integral\\\/#breadcrumb\"},\"inLanguage\":\"es\",\"potentialAction\":[{\"@type\":\"ReadAction\",\"target\":[\"https:\\\/\\\/diariofemenino.com.ar\\\/df\\\/santiago-sera-sede-del-3o-congreso-nacional-de-educacion-sexual-integral\\\/\"]}]},{\"@type\":\"ImageObject\",\"inLanguage\":\"es\",\"@id\":\"https:\\\/\\\/diariofemenino.com.ar\\\/df\\\/santiago-sera-sede-del-3o-congreso-nacional-de-educacion-sexual-integral\\\/#primaryimage\",\"url\":\"https:\\\/\\\/diariofemenino.com.ar\\\/df\\\/wp-content\\\/uploads\\\/2019\\\/02\\\/715x402_LIB280219-016F01.jpg\",\"contentUrl\":\"https:\\\/\\\/diariofemenino.com.ar\\\/df\\\/wp-content\\\/uploads\\\/2019\\\/02\\\/715x402_LIB280219-016F01.jpg\",\"width\":715,\"height\":402,\"caption\":\"ENCUENTRO. La cita ser\u00e1 en el F\u00f3rum, el 18 de mayo.\"},{\"@type\":\"BreadcrumbList\",\"@id\":\"https:\\\/\\\/diariofemenino.com.ar\\\/df\\\/santiago-sera-sede-del-3o-congreso-nacional-de-educacion-sexual-integral\\\/#breadcrumb\",\"itemListElement\":[{\"@type\":\"ListItem\",\"position\":1,\"name\":\"Portada\",\"item\":\"https:\\\/\\\/diariofemenino.com.ar\\\/df\\\/\"},{\"@type\":\"ListItem\",\"position\":2,\"name\":\"Santiago ser\u00e1 sede del 3\u00ba Congreso Nacional de Educaci\u00f3n Sexual Integral\"}]},{\"@type\":\"WebSite\",\"@id\":\"https:\\\/\\\/diariofemenino.com.ar\\\/df\\\/#website\",\"url\":\"https:\\\/\\\/diariofemenino.com.ar\\\/df\\\/\",\"name\":\"Diario Digital Femenino\",\"description\":\"Cuesti\u00f3n de G\u00e9nero\",\"publisher\":{\"@id\":\"https:\\\/\\\/diariofemenino.com.ar\\\/df\\\/#organization\"},\"potentialAction\":[{\"@type\":\"SearchAction\",\"target\":{\"@type\":\"EntryPoint\",\"urlTemplate\":\"https:\\\/\\\/diariofemenino.com.ar\\\/df\\\/?s={search_term_string}\"},\"query-input\":{\"@type\":\"PropertyValueSpecification\",\"valueRequired\":true,\"valueName\":\"search_term_string\"}}],\"inLanguage\":\"es\"},{\"@type\":\"Organization\",\"@id\":\"https:\\\/\\\/diariofemenino.com.ar\\\/df\\\/#organization\",\"name\":\"Diario Femenino\",\"url\":\"https:\\\/\\\/diariofemenino.com.ar\\\/df\\\/\",\"logo\":{\"@type\":\"ImageObject\",\"inLanguage\":\"es\",\"@id\":\"https:\\\/\\\/diariofemenino.com.ar\\\/df\\\/#\\\/schema\\\/logo\\\/image\\\/\",\"url\":\"https:\\\/\\\/diariofemenino.com.ar\\\/df\\\/wp-content\\\/uploads\\\/2018\\\/10\\\/logo.png\",\"contentUrl\":\"https:\\\/\\\/diariofemenino.com.ar\\\/df\\\/wp-content\\\/uploads\\\/2018\\\/10\\\/logo.png\",\"width\":500,\"height\":92,\"caption\":\"Diario Femenino\"},\"image\":{\"@id\":\"https:\\\/\\\/diariofemenino.com.ar\\\/df\\\/#\\\/schema\\\/logo\\\/image\\\/\"},\"sameAs\":[\"https:\\\/\\\/www.facebook.com\\\/DiarioDigitaFemenino\\\/\",\"https:\\\/\\\/x.com\\\/DiarioFemenino1\"]},{\"@type\":\"Person\",\"@id\":\"https:\\\/\\\/diariofemenino.com.ar\\\/df\\\/#\\\/schema\\\/person\\\/bf6199e8158c657ea6f789b11ec85509\",\"name\":\"Admin\",\"image\":{\"@type\":\"ImageObject\",\"inLanguage\":\"es\",\"@id\":\"https:\\\/\\\/diariofemenino.com.ar\\\/df\\\/wp-content\\\/uploads\\\/2018\\\/12\\\/favicon-150x150.jpg\",\"url\":\"https:\\\/\\\/diariofemenino.com.ar\\\/df\\\/wp-content\\\/uploads\\\/2018\\\/12\\\/favicon-150x150.jpg\",\"contentUrl\":\"https:\\\/\\\/diariofemenino.com.ar\\\/df\\\/wp-content\\\/uploads\\\/2018\\\/12\\\/favicon-150x150.jpg\",\"caption\":\"Admin\"},\"url\":\"https:\\\/\\\/diariofemenino.com.ar\\\/df\\\/author\\\/lenny\\\/\"}]}<\/script>\n<!-- \/ Yoast SEO plugin. -->","yoast_head_json":{"title":"Santiago ser\u00e1 sede del 3\u00ba Congreso Nacional de Educaci\u00f3n Sexual Integral - Diario Digital Femenino","description":"Santiago ser\u00e1 sede del 3\u00ba Congreso Nacional de Educaci\u00f3n Sexual Integral. Con Soledad Deza, Dora Barrancos, Graciela Morgade, Gabriel Brener y otras\/os","robots":{"index":"index","follow":"follow","max-snippet":"max-snippet:-1","max-image-preview":"max-image-preview:large","max-video-preview":"max-video-preview:-1"},"canonical":"https:\/\/diariofemenino.com.ar\/df\/santiago-sera-sede-del-3o-congreso-nacional-de-educacion-sexual-integral\/","og_locale":"es_ES","og_type":"article","og_title":"Santiago ser\u00e1 sede del 3\u00ba Congreso Nacional de Educaci\u00f3n Sexual Integral - Diario Digital Femenino","og_description":"Santiago ser\u00e1 sede del 3\u00ba Congreso Nacional de Educaci\u00f3n Sexual Integral. Con Soledad Deza, Dora Barrancos, Graciela Morgade, Gabriel Brener y otras\/os","og_url":"https:\/\/diariofemenino.com.ar\/df\/santiago-sera-sede-del-3o-congreso-nacional-de-educacion-sexual-integral\/","og_site_name":"Diario Digital Femenino","article_publisher":"https:\/\/www.facebook.com\/DiarioDigitaFemenino\/","article_published_time":"2019-02-28T20:10:52+00:00","article_modified_time":"2019-02-28T20:13:06+00:00","og_image":[{"width":715,"height":402,"url":"https:\/\/diariofemenino.com.ar\/df\/wp-content\/uploads\/2019\/02\/715x402_LIB280219-016F01.jpg","type":"image\/jpeg"}],"author":"Admin","twitter_card":"summary_large_image","twitter_creator":"@DiarioFemenino1","twitter_site":"@DiarioFemenino1","twitter_misc":{"Escrito por":"Admin","Tiempo de lectura":"3 minutos"},"schema":{"@context":"https:\/\/schema.org","@graph":[{"@type":"Article","@id":"https:\/\/diariofemenino.com.ar\/df\/santiago-sera-sede-del-3o-congreso-nacional-de-educacion-sexual-integral\/#article","isPartOf":{"@id":"https:\/\/diariofemenino.com.ar\/df\/santiago-sera-sede-del-3o-congreso-nacional-de-educacion-sexual-integral\/"},"author":{"name":"Admin","@id":"https:\/\/diariofemenino.com.ar\/df\/#\/schema\/person\/bf6199e8158c657ea6f789b11ec85509"},"headline":"Santiago ser\u00e1 sede del 3\u00ba Congreso Nacional de Educaci\u00f3n Sexual Integral","datePublished":"2019-02-28T20:10:52+00:00","dateModified":"2019-02-28T20:13:06+00:00","mainEntityOfPage":{"@id":"https:\/\/diariofemenino.com.ar\/df\/santiago-sera-sede-del-3o-congreso-nacional-de-educacion-sexual-integral\/"},"wordCount":575,"commentCount":0,"publisher":{"@id":"https:\/\/diariofemenino.com.ar\/df\/#organization"},"image":{"@id":"https:\/\/diariofemenino.com.ar\/df\/santiago-sera-sede-del-3o-congreso-nacional-de-educacion-sexual-integral\/#primaryimage"},"thumbnailUrl":"https:\/\/diariofemenino.com.ar\/df\/wp-content\/uploads\/2019\/02\/715x402_LIB280219-016F01.jpg","keywords":["Congreso Nacional","Dora Barrancos","Educaci\u00f3n Sexual Integral","Gabriel Brener","Graciela Morgade","Santiago del Estero","Sasa Testa","Soledad Deza"],"articleSection":["De ESI S\u00ed Se Habla","Noticias"],"inLanguage":"es","potentialAction":[{"@type":"CommentAction","name":"Comment","target":["https:\/\/diariofemenino.com.ar\/df\/santiago-sera-sede-del-3o-congreso-nacional-de-educacion-sexual-integral\/#respond"]}]},{"@type":"WebPage","@id":"https:\/\/diariofemenino.com.ar\/df\/santiago-sera-sede-del-3o-congreso-nacional-de-educacion-sexual-integral\/","url":"https:\/\/diariofemenino.com.ar\/df\/santiago-sera-sede-del-3o-congreso-nacional-de-educacion-sexual-integral\/","name":"Santiago ser\u00e1 sede del 3\u00ba Congreso Nacional de Educaci\u00f3n Sexual Integral - Diario Digital Femenino","isPartOf":{"@id":"https:\/\/diariofemenino.com.ar\/df\/#website"},"primaryImageOfPage":{"@id":"https:\/\/diariofemenino.com.ar\/df\/santiago-sera-sede-del-3o-congreso-nacional-de-educacion-sexual-integral\/#primaryimage"},"image":{"@id":"https:\/\/diariofemenino.com.ar\/df\/santiago-sera-sede-del-3o-congreso-nacional-de-educacion-sexual-integral\/#primaryimage"},"thumbnailUrl":"https:\/\/diariofemenino.com.ar\/df\/wp-content\/uploads\/2019\/02\/715x402_LIB280219-016F01.jpg","datePublished":"2019-02-28T20:10:52+00:00","dateModified":"2019-02-28T20:13:06+00:00","description":"Santiago ser\u00e1 sede del 3\u00ba Congreso Nacional de Educaci\u00f3n Sexual Integral. Con Soledad Deza, Dora Barrancos, Graciela Morgade, Gabriel Brener y otras\/os","breadcrumb":{"@id":"https:\/\/diariofemenino.com.ar\/df\/santiago-sera-sede-del-3o-congreso-nacional-de-educacion-sexual-integral\/#breadcrumb"},"inLanguage":"es","potentialAction":[{"@type":"ReadAction","target":["https:\/\/diariofemenino.com.ar\/df\/santiago-sera-sede-del-3o-congreso-nacional-de-educacion-sexual-integral\/"]}]},{"@type":"ImageObject","inLanguage":"es","@id":"https:\/\/diariofemenino.com.ar\/df\/santiago-sera-sede-del-3o-congreso-nacional-de-educacion-sexual-integral\/#primaryimage","url":"https:\/\/diariofemenino.com.ar\/df\/wp-content\/uploads\/2019\/02\/715x402_LIB280219-016F01.jpg","contentUrl":"https:\/\/diariofemenino.com.ar\/df\/wp-content\/uploads\/2019\/02\/715x402_LIB280219-016F01.jpg","width":715,"height":402,"caption":"ENCUENTRO. La cita ser\u00e1 en el F\u00f3rum, el 18 de mayo."},{"@type":"BreadcrumbList","@id":"https:\/\/diariofemenino.com.ar\/df\/santiago-sera-sede-del-3o-congreso-nacional-de-educacion-sexual-integral\/#breadcrumb","itemListElement":[{"@type":"ListItem","position":1,"name":"Portada","item":"https:\/\/diariofemenino.com.ar\/df\/"},{"@type":"ListItem","position":2,"name":"Santiago ser\u00e1 sede del 3\u00ba Congreso Nacional de Educaci\u00f3n Sexual Integral"}]},{"@type":"WebSite","@id":"https:\/\/diariofemenino.com.ar\/df\/#website","url":"https:\/\/diariofemenino.com.ar\/df\/","name":"Diario Digital Femenino","description":"Cuesti\u00f3n de G\u00e9nero","publisher":{"@id":"https:\/\/diariofemenino.com.ar\/df\/#organization"},"potentialAction":[{"@type":"SearchAction","target":{"@type":"EntryPoint","urlTemplate":"https:\/\/diariofemenino.com.ar\/df\/?s={search_term_string}"},"query-input":{"@type":"PropertyValueSpecification","valueRequired":true,"valueName":"search_term_string"}}],"inLanguage":"es"},{"@type":"Organization","@id":"https:\/\/diariofemenino.com.ar\/df\/#organization","name":"Diario Femenino","url":"https:\/\/diariofemenino.com.ar\/df\/","logo":{"@type":"ImageObject","inLanguage":"es","@id":"https:\/\/diariofemenino.com.ar\/df\/#\/schema\/logo\/image\/","url":"https:\/\/diariofemenino.com.ar\/df\/wp-content\/uploads\/2018\/10\/logo.png","contentUrl":"https:\/\/diariofemenino.com.ar\/df\/wp-content\/uploads\/2018\/10\/logo.png","width":500,"height":92,"caption":"Diario Femenino"},"image":{"@id":"https:\/\/diariofemenino.com.ar\/df\/#\/schema\/logo\/image\/"},"sameAs":["https:\/\/www.facebook.com\/DiarioDigitaFemenino\/","https:\/\/x.com\/DiarioFemenino1"]},{"@type":"Person","@id":"https:\/\/diariofemenino.com.ar\/df\/#\/schema\/person\/bf6199e8158c657ea6f789b11ec85509","name":"Admin","image":{"@type":"ImageObject","inLanguage":"es","@id":"https:\/\/diariofemenino.com.ar\/df\/wp-content\/uploads\/2018\/12\/favicon-150x150.jpg","url":"https:\/\/diariofemenino.com.ar\/df\/wp-content\/uploads\/2018\/12\/favicon-150x150.jpg","contentUrl":"https:\/\/diariofemenino.com.ar\/df\/wp-content\/uploads\/2018\/12\/favicon-150x150.jpg","caption":"Admin"},"url":"https:\/\/diariofemenino.com.ar\/df\/author\/lenny\/"}]}},"jetpack_featured_media_url":"https:\/\/diariofemenino.com.ar\/df\/wp-content\/uploads\/2019\/02\/715x402_LIB280219-016F01.jpg","jetpack_sharing_enabled":true,"rttpg_featured_image_url":{"full":["https:\/\/diariofemenino.com.ar\/df\/wp-content\/uploads\/2019\/02\/715x402_LIB280219-016F01.jpg",715,402,false],"landscape":["https:\/\/diariofemenino.com.ar\/df\/wp-content\/uploads\/2019\/02\/715x402_LIB280219-016F01.jpg",715,402,false],"portraits":["https:\/\/diariofemenino.com.ar\/df\/wp-content\/uploads\/2019\/02\/715x402_LIB280219-016F01.jpg",715,402,false],"thumbnail":["https:\/\/diariofemenino.com.ar\/df\/wp-content\/uploads\/2019\/02\/715x402_LIB280219-016F01-150x150.jpg",150,150,true],"medium":["https:\/\/diariofemenino.com.ar\/df\/wp-content\/uploads\/2019\/02\/715x402_LIB280219-016F01-300x169.jpg",300,169,true],"large":["https:\/\/diariofemenino.com.ar\/df\/wp-content\/uploads\/2019\/02\/715x402_LIB280219-016F01.jpg",715,402,false],"1536x1536":["https:\/\/diariofemenino.com.ar\/df\/wp-content\/uploads\/2019\/02\/715x402_LIB280219-016F01.jpg",715,402,false],"2048x2048":["https:\/\/diariofemenino.com.ar\/df\/wp-content\/uploads\/2019\/02\/715x402_LIB280219-016F01.jpg",715,402,false]},"rttpg_author":{"display_name":"Admin","author_link":"https:\/\/diariofemenino.com.ar\/df\/author\/lenny\/"},"rttpg_comment":0,"rttpg_category":"<a href=\"https:\/\/diariofemenino.com.ar\/df\/category\/de-esi-si-se-habla\/\" rel=\"category tag\">De ESI S\u00ed Se Habla<\/a> <a href=\"https:\/\/diariofemenino.com.ar\/df\/category\/noticias\/\" rel=\"category tag\">Noticias<\/a>","rttpg_excerpt":"Santiago del Estero ser\u00e1 sede del 3\u00ba Congreso Nacional de Educaci\u00f3n Sexual Integral denominado \u00abEscuela, familia y comunidad: construyendo ciudadan\u00eda\u00bb, que se desarrollar\u00e1 el s\u00e1bado 18 de mayo en el Centro de Convenciones F\u00f3rum, que se encuentra en Roca y Rivadavia, de la ciudad capital. Las conferencias centrales que se realizar\u00e1n durante el encuentro, estar\u00e1n&hellip;","_links":{"self":[{"href":"https:\/\/diariofemenino.com.ar\/df\/wp-json\/wp\/v2\/posts\/32230","targetHints":{"allow":["GET"]}}],"collection":[{"href":"https:\/\/diariofemenino.com.ar\/df\/wp-json\/wp\/v2\/posts"}],"about":[{"href":"https:\/\/diariofemenino.com.ar\/df\/wp-json\/wp\/v2\/types\/post"}],"author":[{"embeddable":true,"href":"https:\/\/diariofemenino.com.ar\/df\/wp-json\/wp\/v2\/users\/4"}],"replies":[{"embeddable":true,"href":"https:\/\/diariofemenino.com.ar\/df\/wp-json\/wp\/v2\/comments?post=32230"}],"version-history":[{"count":0,"href":"https:\/\/diariofemenino.com.ar\/df\/wp-json\/wp\/v2\/posts\/32230\/revisions"}],"wp:featuredmedia":[{"embeddable":true,"href":"https:\/\/diariofemenino.com.ar\/df\/wp-json\/wp\/v2\/media\/32231"}],"wp:attachment":[{"href":"https:\/\/diariofemenino.com.ar\/df\/wp-json\/wp\/v2\/media?parent=32230"}],"wp:term":[{"taxonomy":"category","embeddable":true,"href":"https:\/\/diariofemenino.com.ar\/df\/wp-json\/wp\/v2\/categories?post=32230"},{"taxonomy":"post_tag","embeddable":true,"href":"https:\/\/diariofemenino.com.ar\/df\/wp-json\/wp\/v2\/tags?post=32230"}],"curies":[{"name":"wp","href":"https:\/\/api.w.org\/{rel}","templated":true}]}}