{"id":32221,"date":"2019-02-28T17:38:36","date_gmt":"2019-02-28T20:38:36","guid":{"rendered":"https:\/\/diariofemenino.com.ar\/?p=32221"},"modified":"2021-04-08T10:05:21","modified_gmt":"2021-04-08T13:05:21","slug":"las-mujeres-tenemos-instinto-materno","status":"publish","type":"post","link":"https:\/\/diariofemenino.com.ar\/df\/las-mujeres-tenemos-instinto-materno\/","title":{"rendered":"\u00bfLas mujeres tenemos instinto materno?"},"content":{"rendered":"<p>Hablamos con Cintia Gonz\u00e1lez Oviedo, psic\u00f3loga con un posgrado en psicolog\u00eda perinatal, quien nos respondi\u00f3 la duda:\u00a0<strong>\u00bflas mujeres tenemos instinto materno?<\/strong><\/p>\n<p><em><strong>Por\u00a0<a href=\"https:\/\/twitter.com\/barbisimeoni\" rel=\"nofollow\">B\u00e1rbara Simeoni\u00a0<\/a><\/strong><\/em><\/p>\n<p>Ten\u00e9s 7 a\u00f1os y esper\u00e1s el d\u00eda de tu cumplea\u00f1os con las mismas ansias que quer\u00e9s las vacaciones escolares. Llega el d\u00eda y tu casa se llena de obsequios empapelados. Abr\u00eds uno por uno y todos te generan felicidad: la cocinita, la Barbie madre, la mu\u00f1eca que simula ser beb\u00e9, la aspiradora.<br \/>\nCumpl\u00eds 10 y lleg\u00f3 un hermanito menor a tu casa. Te obligan a sostenerlo y te dicen: \u201cPara que practiques para cuando seas mam\u00e1\u201d. El comentario queda salpicando en alg\u00fan lugar de tu mente. Y s\u00ed, parece que s\u00ed.<\/p>\n<p>Ahora ten\u00e9s 14 y menstru\u00e1s por primera vez. \u201cTe felicito. Ya sos mujer\u201d, te dicen. \u00bfMujer para qu\u00e9? Algunos te explican: ahora pod\u00e9s quedar embarazada.<\/p>\n<p>7, 10, 14 a\u00f1os. Cumplimos 35 y cuando en el verano las oficinas se llenan de ni\u00f1os, las que corremos a abrazar a los peque\u00f1os desconocidos somos en su mayor\u00eda mujeres. El otro % de la sociedad parece no inmutarse.<\/p>\n<p>Y si te pregunt\u00e1s por qu\u00e9, generalmente se despliegan infinitos argumentos en los que la biolog\u00eda tiene un rol predominante. No importan los regalos infantiles, los m\u00faltiples comentarios que dan por asumido que ser\u00e1s madre \u2013esos que recib\u00eds durante toda tu vida- ni la educaci\u00f3n misma: lo que vos ten\u00e9s, innato, inevitable, natural, en realidad, se llama instinto maternal.<\/p>\n<p>\u201cResulta admirable y emocionante ver desplegarse el instinto materno. Encarnado, corporizado, ese instinto vital de preservaci\u00f3n arrasa con todo lo que se ha dicho y escrito desde una teor\u00eda re\u00f1ida con el derecho a la vida\u201d, escribe el editorial de La Naci\u00f3n que se titula: Ni\u00f1as madres con may\u00fascula.<br \/>\nPero, \u00bfest\u00e1 bien si seguimos reduciendo los preceptos culturales y construidos que mamamos desde ni\u00f1as a un mero \u201cinstinto? \u00bfLos seres humanos somos animales como cualquier otro?<\/p>\n<p>Cintia Gonz\u00e1lez Oviedo es psic\u00f3loga especializada en g\u00e9nero con un posgrado en psicolog\u00eda perinatal y fundadora de Bridge The Gap.\u00a0<strong>Nadie m\u00e1s que ella sabe lo que es el embarazo infantil: ha rotado por Maternidades atendiendo historias cl\u00ednicas de las m\u00e1s variadas que incluyen, entre muchas otras, los embarazos infantiles.<\/strong><\/p>\n<p>\u00bfExiste el instinto materno?<\/p>\n<p>Antes que instinto materno, deber\u00edamos definir qu\u00e9 es este en general. Gonz\u00e1lez Oviedo es clara: \u201cUna respuesta instintiva quiere decir que hay algo ligado a lo biol\u00f3gico que implica que a determinado est\u00edmulo hay una determinada respuesta. En las mujeres, funciona as\u00ed: tengo un beb\u00e9, entonces voy a querer y cuidarlo. Pero es incorrecto, sino no habr\u00eda beb\u00e9s abandonados o asesinados, no habr\u00eda excepci\u00f3n a lo instintivo\u201d.<\/p>\n<p>As\u00ed es como un est\u00edmulo -llanto del beb\u00e9- puede significar muchas cosas, seg\u00fan la persona: si una madre dese\u00f3 mucho tener ese hijo, probablemente haga todo para sobrevivir. Si es una mam\u00e1 que est\u00e1 desconectada, el mismo llanto puede significarle \u2018el beb\u00e9 no quiere estar conmigo\u2019\u201d.<\/p>\n<figure id=\"attachment_57164\" aria-describedby=\"caption-attachment-57164\" style=\"width: 798px\" class=\"wp-caption alignleft\"><img loading=\"lazy\" decoding=\"async\" class=\"size-full wp-image-57164\" src=\"https:\/\/diariofemenino.com.ar\/df\/wp-content\/uploads\/2019\/02\/instinto-materno-existe.jpg\" alt=\"\u00bfLas mujeres tenemos instinto materno?\" width=\"798\" height=\"515\" srcset=\"https:\/\/diariofemenino.com.ar\/df\/wp-content\/uploads\/2019\/02\/instinto-materno-existe.jpg 798w, https:\/\/diariofemenino.com.ar\/df\/wp-content\/uploads\/2019\/02\/instinto-materno-existe-300x194.jpg 300w, https:\/\/diariofemenino.com.ar\/df\/wp-content\/uploads\/2019\/02\/instinto-materno-existe-768x496.jpg 768w\" sizes=\"auto, (max-width: 798px) 100vw, 798px\" \/><figcaption id=\"caption-attachment-57164\" class=\"wp-caption-text\">\u00bfLas mujeres tenemos instinto materno?<\/figcaption><\/figure>\n<h4>Para Cintia, esto tiene una raz\u00f3n:\u00a0<strong>\u201cLa variabilidad de pensamientos frente a un mismo est\u00edmulo tiene que ver con la subjetividad y personalidad de una madre. Y esto es porque somos seres simb\u00f3licos que nacemos en un mundo de palabras y pensamientos, entonces todo es variable. No hay una respuesta \u00fanica frente a un est\u00edmulo\u201d.<\/strong><\/h4>\n<p>As\u00ed es como la cultura nos va conformando en un ideal de mujer que est\u00e1 estrechamente ligado a la maternidad y, con ella, a la sobreprotecci\u00f3n: \u201cNacemos en una sociedad en donde recibimos un mont\u00f3n de instintos de lo social para lo que son las tareas de cuidado: el modelo de nuestras madres, la manera de jugar, los medios, los roles de la ni\u00f1a con la maternidad, el cuidar a los beb\u00e9s, cuidar a los juguetes\u201d, enumera. \u201cPero esto no es una elecci\u00f3n, viene atado a tu rol dentro de la sociedad\u201d, explica.<\/p>\n<p>Todo responde a un <a href=\"https:\/\/diariofemenino.com.ar\/el-mito-del-instinto-maternal-y-su-relacion-con-el-control-social-de-las-mujeres\/\">mandato<\/a>, como si indudablemente tuvi\u00e9ramos el deseo innato de convertirnos en madres: \u201cSiempre existi\u00f3 ese mandato de mujer igual madre como una equiparaci\u00f3n entre una cosa u otra y la que no es madre entonces no se siente realizada como mujer, est\u00e1 incompleta o \u2018alg\u00fan problema tiene\u2019, est\u00e1 patologizada\u201d, explica.<\/p>\n<p>A diferencia de los hombres, las ni\u00f1as reciben preceptos culturales que van codificando la manera de ser en su futuro: madres y protectoras de su hogar. \u201cEsto es parte de la cultura. Si vamos a tener en cuenta la socializaci\u00f3n, si nosotras vamos a tener una tendencia a desear ser madres, es porque en los varones no hay juegos para las tareas de cuidado o para usar mu\u00f1ecos beb\u00e9s jugando a ser padres\u201d, explica. Ellos, mientras tanto, se divierten con los autitos de juguete o sue\u00f1an con ser cient\u00edficos.<\/p>\n<p>Por m\u00e1s inocente que parezca, la manera en que jugamos de ni\u00f1os y los comentarios sobre lo que se espera de nosotros van moldeando nuestro rol en la sociedad:\u00a0<strong>\u201cEn las mujeres, el amor o el cuidado se destacan como algo connotado positivamente, por eso si no ten\u00e9s ese instinto es patol\u00f3gico\u201d<\/strong>, explica Cintia. \u201cAs\u00ed, el rol de la mujer ha sido siempre reproductivo y dom\u00e9stico, relacionado al sost\u00e9n de lo privado, de criar y hacer que esas personas que cri\u00e1s sean exitosas. El hombre, en cambio, cumple el rol de lo productivo: hacer dinero, ser exitoso, triunfar. Entonces, las tareas de cuidado no son festejadas ni destacadas\u201d, explica.<\/p>\n<p>Detr\u00e1s de una cultura que configura, hay un sost\u00e9n desde el aparato cient\u00edfico para que estos mitos se reproduzcan. La ciencia, agarrada de su mirada biologicista, se empe\u00f1a en hablarnos todav\u00eda de instinto materno, pero tambi\u00e9n, de las diferencias entre los hombres y las mujeres: \u201cLa cultura patriarcal, que antes no ten\u00eda ese adjetivo, tiene que ver con un mont\u00f3n de ciencias que respalden esas verdades, pero son verdades con sesgos\u201d, aclara Gonz\u00e1lez Oviedo.<\/p>\n<p><strong>Ni\u00f1as s\u00ed, madres no<\/strong><\/p>\n<p>Para Gonz\u00e1lez Oviedo, es importante distinguir los tipos de embarazos. Para ella,<strong>\u00a0no es lo mismo el no deseado, el embarazo producto de <a href=\"https:\/\/diariofemenino.com.ar\/ninas-madres-2\/\">una violaci\u00f3n<\/a> y el no planificado.<\/strong><br \/>\n\u201cCon cada hijo nace una madre distinta. Si vos dese\u00e1s tener un hijo, si vos has gestionado ese deseo, seguramente vas a poder alojar en tu psiquis para que ese hijo sea deseado. El embarazo puede ser no planificado, pero, sin embargo, deseado: tiene que ver con la l\u00edbido del deseo al tener a ese hijo dentro. Probablemente vas a poder criar a un hijo, amamantarlo, amarlo\u201d, explica Cintia.<\/p>\n<blockquote><p><strong>No es lo mismo el no deseado, el embarazo producto de una violaci\u00f3n y el no planificado.<\/strong><\/p><\/blockquote>\n<p>Los no deseados, en cambio, suelen ser rechazados. Para la Organizaci\u00f3n Mundial de la Salud, sostener un embarazo que no se desea es casi una \u201ctortura\u201d: \u201cEs un proceso que est\u00e1 sin control en tu cuerpo y que se siente como un cuerpo extra\u00f1o. Si es producto de una violaci\u00f3n es re-traumatizante, con consecuencias ps\u00edquicas, pero tambi\u00e9n f\u00edsicas: si es una ni\u00f1a puede que su cuerpo no resista el embarazo\u201d, explica.<\/p>\n<p>Someterlas obligadamente a ser madres no es un proceso que se lleva sin m\u00e1s. Gonz\u00e1lez Oviedo lo sostiene: \u201cEl embarazo es inocuo para el cuerpo, aceleran enfermedades, existe la diabetes gestacional, un mont\u00f3n de cuadros que se disparan por el embarazo y por la revoluci\u00f3n hormonal. No es algo que sucede y no pasa nada si te lo banc\u00e1s. Tiene consecuencias\u201d.<\/p>\n<p><strong>El pol\u00e9mico editorial de La Naci\u00f3n<\/strong><\/p>\n<p>Sin embargo, el\u00a0<a href=\"https:\/\/www.mundotkm.com\/genero\/2019\/02\/01\/el-repudio-por-un-editorial-de-la-nacion-que-celebra-el-embarazo-infantil\/\">editorial de La Naci\u00f3n<\/a>\u00a0calificaba al embarazo infantil como algo deseado, que sale de las entra\u00f1as, que rompe con cualquier otra convicci\u00f3n social, que est\u00e1 ligado a lo natural. Y que ellas, por seguir ese instinto, son verdaderas \u201cmadrazas\u201d.\u00a0<strong>La connotaci\u00f3n de la mujer como madre y lo positivo de ello vuelve a aparecer, una vez m\u00e1s.<\/strong><\/p>\n<p>Cintia Gonz\u00e1lez Oviedo trabaj\u00f3 en maternidades p\u00fablicas estudiando embarazos, partos y puerperio en el marco de un posgrado de psicolog\u00eda perinatal. Trabaj\u00f3 con ni\u00f1as y adolescentes que rondaban entre los 12 y 16 a\u00f1os. Puede describir a la perfecci\u00f3n lo que se ve\u00eda en los hospitales: muchas madres con sus beb\u00e9s completamente solas.<\/p>\n<p>\u201cHay mam\u00e1s que se sienten madrazas y que tienen este orgullo u otras que quer\u00edan ser mam\u00e1s pero que no sienten la conexi\u00f3n con el beb\u00e9. Pero tambi\u00e9n est\u00e1n las que est\u00e1n muy violentadas para gestar, obligadas: sienten que tienen muchos sue\u00f1os y que acceden a tener ese hijo por la imposici\u00f3n de sus padres, que les dicen que ellos se van a encargar de la crianza\u201d, explica.<\/p>\n<p>Cintia fue testigo de decenas de abortos de ni\u00f1as abusadas en las que peligraba su vida. Recuerda, como si fuera ayer, dos casos en particular: una ni\u00f1a de 13 que presentaba una infecci\u00f3n muy fuerte y los m\u00e9dicos determinaron que hab\u00eda que interrumpir el embarazo para tratar la enfermedad. Otra lleg\u00f3 al hospital con una rotura de \u00fatero donde exist\u00eda la posibilidad de tener una hemorragia y morirse. \u201cLe salvaron la vida, pero perdi\u00f3 el \u00fatero a los 12 a\u00f1os. Fue una experiencia muy potente para m\u00ed\u201d, relata.<br \/>\nEn esas ni\u00f1as no hay madrazas, sino, un Estado ausente. Gonz\u00e1lez Oviedo recuerda c\u00f3mo las ve\u00eda desoladas, desamparadas. Detr\u00e1s de estas \u201cmadrazas\u201d no hab\u00eda contenci\u00f3n. Estaban completamente solas: \u201cHay trabajadores sociales, pero para m\u00ed tiene que haber psic\u00f3logos perinatales acompa\u00f1ando y brindando contenci\u00f3n. No est\u00e1n acompa\u00f1adas por el Estado\u201d, recuerda.<\/p>\n<p>Detr\u00e1s de las \u201cmadrazas\u201d hay consecuencias psicol\u00f3gicas de por vida: \u201cEl efecto psicol\u00f3gico principal de una violaci\u00f3n acarrea s\u00edntomas de trastornos de estr\u00e9s postraum\u00e1tico, el embarazo re- traumatiza esos s\u00edntomas. Dejemos de decir que el beb\u00e9 las va a salvar, no solo es traum\u00e1tico la violaci\u00f3n, sino tambi\u00e9n el embarazo\u201d, recalca.<\/p>\n<p>Y concluye:\u00a0<strong>\u201cLo importante es que haya un deseo y una decisi\u00f3n de libertad sobre tu cuerpo. El camino de la salud mental es la mujer eligiendo, por su propia vida y su propio cuerpo, qu\u00e9 es lo que quiere\u201d.<\/strong><\/p>\n<p>&nbsp;<\/p>\n<p>&nbsp;<\/p>\n<p>Fuente: <a href=\"https:\/\/www.mundotkm.com\/genero\/2019\/02\/07\/las-mujeres-tenemos-instinto-materno\/\">Mundo TKM<\/a><\/p>\n","protected":false},"excerpt":{"rendered":"<p>Hablamos con Cintia Gonz\u00e1lez Oviedo, psic\u00f3loga con un posgrado en psicolog\u00eda perinatal, quien nos respondi\u00f3 la duda:\u00a0\u00bflas mujeres tenemos instinto materno? Por\u00a0B\u00e1rbara Simeoni\u00a0 Ten\u00e9s 7 a\u00f1os y esper\u00e1s el d\u00eda de tu cumplea\u00f1os con las mismas ansias que quer\u00e9s las vacaciones escolares. Llega el d\u00eda y tu casa se llena de obsequios empapelados. Abr\u00eds uno [&hellip;]<\/p>\n","protected":false},"author":3,"featured_media":57165,"comment_status":"open","ping_status":"open","sticky":false,"template":"","format":"standard","meta":{"iawp_total_views":11,"footnotes":""},"categories":[32],"tags":[165,169,130,677],"class_list":["post-32221","post","type-post","status-publish","format-standard","has-post-thumbnail","hentry","category-mujeres","tag-abortolegal","tag-maternidad","tag-mujeres","tag-ninas-no-madres"],"nelio_content":{"autoShareEndMode":"never","automationSources":{"useCustomSentences":false,"customSentences":[]},"efiAlt":"","efiUrl":"","followers":[4,3],"highlights":[],"isAutoShareEnabled":true,"networkImageIds":[],"permalinkQueryArgs":[],"series":[],"suggestedReferences":[]},"yoast_head":"<!-- This site is optimized with the Yoast SEO plugin v27.5 - https:\/\/yoast.com\/product\/yoast-seo-wordpress\/ -->\n<title>\u00bfLas mujeres tenemos instinto materno? - Diario Digital Femenino<\/title>\n<meta name=\"description\" content=\"\u00bfLas mujeres tenemos instinto materno? Hablamos con Cintia Gonz\u00e1lez Oviedo, psic\u00f3loga con un posgrado en psicolog\u00eda perinatal, quien nos respondi\u00f3 la duda\" \/>\n<meta name=\"robots\" content=\"index, follow, max-snippet:-1, max-image-preview:large, max-video-preview:-1\" \/>\n<link rel=\"canonical\" href=\"https:\/\/diariofemenino.com.ar\/df\/las-mujeres-tenemos-instinto-materno\/\" \/>\n<meta property=\"og:locale\" content=\"es_ES\" \/>\n<meta property=\"og:type\" content=\"article\" \/>\n<meta property=\"og:title\" content=\"\u00bfLas mujeres tenemos instinto materno? - Diario Digital Femenino\" \/>\n<meta property=\"og:description\" content=\"\u00bfLas mujeres tenemos instinto materno? Hablamos con Cintia Gonz\u00e1lez Oviedo, psic\u00f3loga con un posgrado en psicolog\u00eda perinatal, quien nos respondi\u00f3 la duda\" \/>\n<meta property=\"og:url\" content=\"https:\/\/diariofemenino.com.ar\/df\/las-mujeres-tenemos-instinto-materno\/\" \/>\n<meta property=\"og:site_name\" content=\"Diario Digital Femenino\" \/>\n<meta property=\"article:publisher\" content=\"https:\/\/www.facebook.com\/DiarioDigitaFemenino\/\" \/>\n<meta property=\"article:published_time\" content=\"2019-02-28T20:38:36+00:00\" \/>\n<meta property=\"article:modified_time\" content=\"2021-04-08T13:05:21+00:00\" \/>\n<meta property=\"og:image\" content=\"https:\/\/diariofemenino.com.ar\/df\/wp-content\/uploads\/2019\/02\/la-falacia-del-instinto-maternal.jpg\" \/>\n\t<meta property=\"og:image:width\" content=\"1230\" \/>\n\t<meta property=\"og:image:height\" content=\"627\" \/>\n\t<meta property=\"og:image:type\" content=\"image\/jpeg\" \/>\n<meta name=\"author\" content=\"Admin\" \/>\n<meta name=\"twitter:card\" content=\"summary_large_image\" \/>\n<meta name=\"twitter:creator\" content=\"@DiarioFemenino1\" \/>\n<meta name=\"twitter:site\" content=\"@DiarioFemenino1\" \/>\n<meta name=\"twitter:label1\" content=\"Escrito por\" \/>\n\t<meta name=\"twitter:data1\" content=\"Admin\" \/>\n\t<meta name=\"twitter:label2\" content=\"Tiempo de lectura\" \/>\n\t<meta name=\"twitter:data2\" content=\"9 minutos\" \/>\n<script type=\"application\/ld+json\" class=\"yoast-schema-graph\">{\"@context\":\"https:\\\/\\\/schema.org\",\"@graph\":[{\"@type\":\"Article\",\"@id\":\"https:\\\/\\\/diariofemenino.com.ar\\\/df\\\/las-mujeres-tenemos-instinto-materno\\\/#article\",\"isPartOf\":{\"@id\":\"https:\\\/\\\/diariofemenino.com.ar\\\/df\\\/las-mujeres-tenemos-instinto-materno\\\/\"},\"author\":{\"name\":\"Admin\",\"@id\":\"https:\\\/\\\/diariofemenino.com.ar\\\/df\\\/#\\\/schema\\\/person\\\/1c36bc3bf394d8ec320814298b4fdd3f\"},\"headline\":\"\u00bfLas mujeres tenemos instinto materno?\",\"datePublished\":\"2019-02-28T20:38:36+00:00\",\"dateModified\":\"2021-04-08T13:05:21+00:00\",\"mainEntityOfPage\":{\"@id\":\"https:\\\/\\\/diariofemenino.com.ar\\\/df\\\/las-mujeres-tenemos-instinto-materno\\\/\"},\"wordCount\":1795,\"commentCount\":0,\"publisher\":{\"@id\":\"https:\\\/\\\/diariofemenino.com.ar\\\/df\\\/#organization\"},\"image\":{\"@id\":\"https:\\\/\\\/diariofemenino.com.ar\\\/df\\\/las-mujeres-tenemos-instinto-materno\\\/#primaryimage\"},\"thumbnailUrl\":\"https:\\\/\\\/diariofemenino.com.ar\\\/df\\\/wp-content\\\/uploads\\\/2019\\\/02\\\/la-falacia-del-instinto-maternal.jpg\",\"keywords\":[\"#AbortoLegal\",\"Maternidad\",\"Mujeres\",\"ni\u00f1as no madres\"],\"articleSection\":[\"Mujeres\"],\"inLanguage\":\"es\",\"potentialAction\":[{\"@type\":\"CommentAction\",\"name\":\"Comment\",\"target\":[\"https:\\\/\\\/diariofemenino.com.ar\\\/df\\\/las-mujeres-tenemos-instinto-materno\\\/#respond\"]}]},{\"@type\":\"WebPage\",\"@id\":\"https:\\\/\\\/diariofemenino.com.ar\\\/df\\\/las-mujeres-tenemos-instinto-materno\\\/\",\"url\":\"https:\\\/\\\/diariofemenino.com.ar\\\/df\\\/las-mujeres-tenemos-instinto-materno\\\/\",\"name\":\"\u00bfLas mujeres tenemos instinto materno? - Diario Digital Femenino\",\"isPartOf\":{\"@id\":\"https:\\\/\\\/diariofemenino.com.ar\\\/df\\\/#website\"},\"primaryImageOfPage\":{\"@id\":\"https:\\\/\\\/diariofemenino.com.ar\\\/df\\\/las-mujeres-tenemos-instinto-materno\\\/#primaryimage\"},\"image\":{\"@id\":\"https:\\\/\\\/diariofemenino.com.ar\\\/df\\\/las-mujeres-tenemos-instinto-materno\\\/#primaryimage\"},\"thumbnailUrl\":\"https:\\\/\\\/diariofemenino.com.ar\\\/df\\\/wp-content\\\/uploads\\\/2019\\\/02\\\/la-falacia-del-instinto-maternal.jpg\",\"datePublished\":\"2019-02-28T20:38:36+00:00\",\"dateModified\":\"2021-04-08T13:05:21+00:00\",\"description\":\"\u00bfLas mujeres tenemos instinto materno? Hablamos con Cintia Gonz\u00e1lez Oviedo, psic\u00f3loga con un posgrado en psicolog\u00eda perinatal, quien nos respondi\u00f3 la duda\",\"breadcrumb\":{\"@id\":\"https:\\\/\\\/diariofemenino.com.ar\\\/df\\\/las-mujeres-tenemos-instinto-materno\\\/#breadcrumb\"},\"inLanguage\":\"es\",\"potentialAction\":[{\"@type\":\"ReadAction\",\"target\":[\"https:\\\/\\\/diariofemenino.com.ar\\\/df\\\/las-mujeres-tenemos-instinto-materno\\\/\"]}]},{\"@type\":\"ImageObject\",\"inLanguage\":\"es\",\"@id\":\"https:\\\/\\\/diariofemenino.com.ar\\\/df\\\/las-mujeres-tenemos-instinto-materno\\\/#primaryimage\",\"url\":\"https:\\\/\\\/diariofemenino.com.ar\\\/df\\\/wp-content\\\/uploads\\\/2019\\\/02\\\/la-falacia-del-instinto-maternal.jpg\",\"contentUrl\":\"https:\\\/\\\/diariofemenino.com.ar\\\/df\\\/wp-content\\\/uploads\\\/2019\\\/02\\\/la-falacia-del-instinto-maternal.jpg\",\"width\":1230,\"height\":627,\"caption\":\"\u00bfLas mujeres tenemos instinto materno?\"},{\"@type\":\"BreadcrumbList\",\"@id\":\"https:\\\/\\\/diariofemenino.com.ar\\\/df\\\/las-mujeres-tenemos-instinto-materno\\\/#breadcrumb\",\"itemListElement\":[{\"@type\":\"ListItem\",\"position\":1,\"name\":\"Portada\",\"item\":\"https:\\\/\\\/diariofemenino.com.ar\\\/df\\\/\"},{\"@type\":\"ListItem\",\"position\":2,\"name\":\"\u00bfLas mujeres tenemos instinto materno?\"}]},{\"@type\":\"WebSite\",\"@id\":\"https:\\\/\\\/diariofemenino.com.ar\\\/df\\\/#website\",\"url\":\"https:\\\/\\\/diariofemenino.com.ar\\\/df\\\/\",\"name\":\"Diario Digital Femenino\",\"description\":\"Cuesti\u00f3n de G\u00e9nero\",\"publisher\":{\"@id\":\"https:\\\/\\\/diariofemenino.com.ar\\\/df\\\/#organization\"},\"potentialAction\":[{\"@type\":\"SearchAction\",\"target\":{\"@type\":\"EntryPoint\",\"urlTemplate\":\"https:\\\/\\\/diariofemenino.com.ar\\\/df\\\/?s={search_term_string}\"},\"query-input\":{\"@type\":\"PropertyValueSpecification\",\"valueRequired\":true,\"valueName\":\"search_term_string\"}}],\"inLanguage\":\"es\"},{\"@type\":\"Organization\",\"@id\":\"https:\\\/\\\/diariofemenino.com.ar\\\/df\\\/#organization\",\"name\":\"Diario Femenino\",\"url\":\"https:\\\/\\\/diariofemenino.com.ar\\\/df\\\/\",\"logo\":{\"@type\":\"ImageObject\",\"inLanguage\":\"es\",\"@id\":\"https:\\\/\\\/diariofemenino.com.ar\\\/df\\\/#\\\/schema\\\/logo\\\/image\\\/\",\"url\":\"https:\\\/\\\/diariofemenino.com.ar\\\/df\\\/wp-content\\\/uploads\\\/2018\\\/10\\\/logo.png\",\"contentUrl\":\"https:\\\/\\\/diariofemenino.com.ar\\\/df\\\/wp-content\\\/uploads\\\/2018\\\/10\\\/logo.png\",\"width\":500,\"height\":92,\"caption\":\"Diario Femenino\"},\"image\":{\"@id\":\"https:\\\/\\\/diariofemenino.com.ar\\\/df\\\/#\\\/schema\\\/logo\\\/image\\\/\"},\"sameAs\":[\"https:\\\/\\\/www.facebook.com\\\/DiarioDigitaFemenino\\\/\",\"https:\\\/\\\/x.com\\\/DiarioFemenino1\"]},{\"@type\":\"Person\",\"@id\":\"https:\\\/\\\/diariofemenino.com.ar\\\/df\\\/#\\\/schema\\\/person\\\/1c36bc3bf394d8ec320814298b4fdd3f\",\"name\":\"Admin\",\"image\":{\"@type\":\"ImageObject\",\"inLanguage\":\"es\",\"@id\":\"https:\\\/\\\/diariofemenino.com.ar\\\/df\\\/wp-content\\\/uploads\\\/2018\\\/12\\\/favicon-150x150.jpg\",\"url\":\"https:\\\/\\\/diariofemenino.com.ar\\\/df\\\/wp-content\\\/uploads\\\/2018\\\/12\\\/favicon-150x150.jpg\",\"contentUrl\":\"https:\\\/\\\/diariofemenino.com.ar\\\/df\\\/wp-content\\\/uploads\\\/2018\\\/12\\\/favicon-150x150.jpg\",\"caption\":\"Admin\"},\"url\":\"https:\\\/\\\/diariofemenino.com.ar\\\/df\\\/author\\\/sofiperez\\\/\"}]}<\/script>\n<!-- \/ Yoast SEO plugin. -->","yoast_head_json":{"title":"\u00bfLas mujeres tenemos instinto materno? - Diario Digital Femenino","description":"\u00bfLas mujeres tenemos instinto materno? Hablamos con Cintia Gonz\u00e1lez Oviedo, psic\u00f3loga con un posgrado en psicolog\u00eda perinatal, quien nos respondi\u00f3 la duda","robots":{"index":"index","follow":"follow","max-snippet":"max-snippet:-1","max-image-preview":"max-image-preview:large","max-video-preview":"max-video-preview:-1"},"canonical":"https:\/\/diariofemenino.com.ar\/df\/las-mujeres-tenemos-instinto-materno\/","og_locale":"es_ES","og_type":"article","og_title":"\u00bfLas mujeres tenemos instinto materno? - Diario Digital Femenino","og_description":"\u00bfLas mujeres tenemos instinto materno? Hablamos con Cintia Gonz\u00e1lez Oviedo, psic\u00f3loga con un posgrado en psicolog\u00eda perinatal, quien nos respondi\u00f3 la duda","og_url":"https:\/\/diariofemenino.com.ar\/df\/las-mujeres-tenemos-instinto-materno\/","og_site_name":"Diario Digital Femenino","article_publisher":"https:\/\/www.facebook.com\/DiarioDigitaFemenino\/","article_published_time":"2019-02-28T20:38:36+00:00","article_modified_time":"2021-04-08T13:05:21+00:00","og_image":[{"width":1230,"height":627,"url":"https:\/\/diariofemenino.com.ar\/df\/wp-content\/uploads\/2019\/02\/la-falacia-del-instinto-maternal.jpg","type":"image\/jpeg"}],"author":"Admin","twitter_card":"summary_large_image","twitter_creator":"@DiarioFemenino1","twitter_site":"@DiarioFemenino1","twitter_misc":{"Escrito por":"Admin","Tiempo de lectura":"9 minutos"},"schema":{"@context":"https:\/\/schema.org","@graph":[{"@type":"Article","@id":"https:\/\/diariofemenino.com.ar\/df\/las-mujeres-tenemos-instinto-materno\/#article","isPartOf":{"@id":"https:\/\/diariofemenino.com.ar\/df\/las-mujeres-tenemos-instinto-materno\/"},"author":{"name":"Admin","@id":"https:\/\/diariofemenino.com.ar\/df\/#\/schema\/person\/1c36bc3bf394d8ec320814298b4fdd3f"},"headline":"\u00bfLas mujeres tenemos instinto materno?","datePublished":"2019-02-28T20:38:36+00:00","dateModified":"2021-04-08T13:05:21+00:00","mainEntityOfPage":{"@id":"https:\/\/diariofemenino.com.ar\/df\/las-mujeres-tenemos-instinto-materno\/"},"wordCount":1795,"commentCount":0,"publisher":{"@id":"https:\/\/diariofemenino.com.ar\/df\/#organization"},"image":{"@id":"https:\/\/diariofemenino.com.ar\/df\/las-mujeres-tenemos-instinto-materno\/#primaryimage"},"thumbnailUrl":"https:\/\/diariofemenino.com.ar\/df\/wp-content\/uploads\/2019\/02\/la-falacia-del-instinto-maternal.jpg","keywords":["#AbortoLegal","Maternidad","Mujeres","ni\u00f1as no madres"],"articleSection":["Mujeres"],"inLanguage":"es","potentialAction":[{"@type":"CommentAction","name":"Comment","target":["https:\/\/diariofemenino.com.ar\/df\/las-mujeres-tenemos-instinto-materno\/#respond"]}]},{"@type":"WebPage","@id":"https:\/\/diariofemenino.com.ar\/df\/las-mujeres-tenemos-instinto-materno\/","url":"https:\/\/diariofemenino.com.ar\/df\/las-mujeres-tenemos-instinto-materno\/","name":"\u00bfLas mujeres tenemos instinto materno? - Diario Digital Femenino","isPartOf":{"@id":"https:\/\/diariofemenino.com.ar\/df\/#website"},"primaryImageOfPage":{"@id":"https:\/\/diariofemenino.com.ar\/df\/las-mujeres-tenemos-instinto-materno\/#primaryimage"},"image":{"@id":"https:\/\/diariofemenino.com.ar\/df\/las-mujeres-tenemos-instinto-materno\/#primaryimage"},"thumbnailUrl":"https:\/\/diariofemenino.com.ar\/df\/wp-content\/uploads\/2019\/02\/la-falacia-del-instinto-maternal.jpg","datePublished":"2019-02-28T20:38:36+00:00","dateModified":"2021-04-08T13:05:21+00:00","description":"\u00bfLas mujeres tenemos instinto materno? Hablamos con Cintia Gonz\u00e1lez Oviedo, psic\u00f3loga con un posgrado en psicolog\u00eda perinatal, quien nos respondi\u00f3 la duda","breadcrumb":{"@id":"https:\/\/diariofemenino.com.ar\/df\/las-mujeres-tenemos-instinto-materno\/#breadcrumb"},"inLanguage":"es","potentialAction":[{"@type":"ReadAction","target":["https:\/\/diariofemenino.com.ar\/df\/las-mujeres-tenemos-instinto-materno\/"]}]},{"@type":"ImageObject","inLanguage":"es","@id":"https:\/\/diariofemenino.com.ar\/df\/las-mujeres-tenemos-instinto-materno\/#primaryimage","url":"https:\/\/diariofemenino.com.ar\/df\/wp-content\/uploads\/2019\/02\/la-falacia-del-instinto-maternal.jpg","contentUrl":"https:\/\/diariofemenino.com.ar\/df\/wp-content\/uploads\/2019\/02\/la-falacia-del-instinto-maternal.jpg","width":1230,"height":627,"caption":"\u00bfLas mujeres tenemos instinto materno?"},{"@type":"BreadcrumbList","@id":"https:\/\/diariofemenino.com.ar\/df\/las-mujeres-tenemos-instinto-materno\/#breadcrumb","itemListElement":[{"@type":"ListItem","position":1,"name":"Portada","item":"https:\/\/diariofemenino.com.ar\/df\/"},{"@type":"ListItem","position":2,"name":"\u00bfLas mujeres tenemos instinto materno?"}]},{"@type":"WebSite","@id":"https:\/\/diariofemenino.com.ar\/df\/#website","url":"https:\/\/diariofemenino.com.ar\/df\/","name":"Diario Digital Femenino","description":"Cuesti\u00f3n de G\u00e9nero","publisher":{"@id":"https:\/\/diariofemenino.com.ar\/df\/#organization"},"potentialAction":[{"@type":"SearchAction","target":{"@type":"EntryPoint","urlTemplate":"https:\/\/diariofemenino.com.ar\/df\/?s={search_term_string}"},"query-input":{"@type":"PropertyValueSpecification","valueRequired":true,"valueName":"search_term_string"}}],"inLanguage":"es"},{"@type":"Organization","@id":"https:\/\/diariofemenino.com.ar\/df\/#organization","name":"Diario Femenino","url":"https:\/\/diariofemenino.com.ar\/df\/","logo":{"@type":"ImageObject","inLanguage":"es","@id":"https:\/\/diariofemenino.com.ar\/df\/#\/schema\/logo\/image\/","url":"https:\/\/diariofemenino.com.ar\/df\/wp-content\/uploads\/2018\/10\/logo.png","contentUrl":"https:\/\/diariofemenino.com.ar\/df\/wp-content\/uploads\/2018\/10\/logo.png","width":500,"height":92,"caption":"Diario Femenino"},"image":{"@id":"https:\/\/diariofemenino.com.ar\/df\/#\/schema\/logo\/image\/"},"sameAs":["https:\/\/www.facebook.com\/DiarioDigitaFemenino\/","https:\/\/x.com\/DiarioFemenino1"]},{"@type":"Person","@id":"https:\/\/diariofemenino.com.ar\/df\/#\/schema\/person\/1c36bc3bf394d8ec320814298b4fdd3f","name":"Admin","image":{"@type":"ImageObject","inLanguage":"es","@id":"https:\/\/diariofemenino.com.ar\/df\/wp-content\/uploads\/2018\/12\/favicon-150x150.jpg","url":"https:\/\/diariofemenino.com.ar\/df\/wp-content\/uploads\/2018\/12\/favicon-150x150.jpg","contentUrl":"https:\/\/diariofemenino.com.ar\/df\/wp-content\/uploads\/2018\/12\/favicon-150x150.jpg","caption":"Admin"},"url":"https:\/\/diariofemenino.com.ar\/df\/author\/sofiperez\/"}]}},"jetpack_featured_media_url":"https:\/\/diariofemenino.com.ar\/df\/wp-content\/uploads\/2019\/02\/la-falacia-del-instinto-maternal.jpg","jetpack_sharing_enabled":true,"rttpg_featured_image_url":{"full":["https:\/\/diariofemenino.com.ar\/df\/wp-content\/uploads\/2019\/02\/la-falacia-del-instinto-maternal.jpg",1230,627,false],"landscape":["https:\/\/diariofemenino.com.ar\/df\/wp-content\/uploads\/2019\/02\/la-falacia-del-instinto-maternal.jpg",1230,627,false],"portraits":["https:\/\/diariofemenino.com.ar\/df\/wp-content\/uploads\/2019\/02\/la-falacia-del-instinto-maternal.jpg",1230,627,false],"thumbnail":["https:\/\/diariofemenino.com.ar\/df\/wp-content\/uploads\/2019\/02\/la-falacia-del-instinto-maternal-150x150.jpg",150,150,true],"medium":["https:\/\/diariofemenino.com.ar\/df\/wp-content\/uploads\/2019\/02\/la-falacia-del-instinto-maternal-300x153.jpg",300,153,true],"large":["https:\/\/diariofemenino.com.ar\/df\/wp-content\/uploads\/2019\/02\/la-falacia-del-instinto-maternal-1024x522.jpg",1024,522,true],"1536x1536":["https:\/\/diariofemenino.com.ar\/df\/wp-content\/uploads\/2019\/02\/la-falacia-del-instinto-maternal.jpg",1230,627,false],"2048x2048":["https:\/\/diariofemenino.com.ar\/df\/wp-content\/uploads\/2019\/02\/la-falacia-del-instinto-maternal.jpg",1230,627,false]},"rttpg_author":{"display_name":"Admin","author_link":"https:\/\/diariofemenino.com.ar\/df\/author\/sofiperez\/"},"rttpg_comment":0,"rttpg_category":"<a href=\"https:\/\/diariofemenino.com.ar\/df\/category\/mujeres\/\" rel=\"category tag\">Mujeres<\/a>","rttpg_excerpt":"Hablamos con Cintia Gonz\u00e1lez Oviedo, psic\u00f3loga con un posgrado en psicolog\u00eda perinatal, quien nos respondi\u00f3 la duda:\u00a0\u00bflas mujeres tenemos instinto materno? Por\u00a0B\u00e1rbara Simeoni\u00a0 Ten\u00e9s 7 a\u00f1os y esper\u00e1s el d\u00eda de tu cumplea\u00f1os con las mismas ansias que quer\u00e9s las vacaciones escolares. Llega el d\u00eda y tu casa se llena de obsequios empapelados. Abr\u00eds uno&hellip;","_links":{"self":[{"href":"https:\/\/diariofemenino.com.ar\/df\/wp-json\/wp\/v2\/posts\/32221","targetHints":{"allow":["GET"]}}],"collection":[{"href":"https:\/\/diariofemenino.com.ar\/df\/wp-json\/wp\/v2\/posts"}],"about":[{"href":"https:\/\/diariofemenino.com.ar\/df\/wp-json\/wp\/v2\/types\/post"}],"author":[{"embeddable":true,"href":"https:\/\/diariofemenino.com.ar\/df\/wp-json\/wp\/v2\/users\/3"}],"replies":[{"embeddable":true,"href":"https:\/\/diariofemenino.com.ar\/df\/wp-json\/wp\/v2\/comments?post=32221"}],"version-history":[{"count":0,"href":"https:\/\/diariofemenino.com.ar\/df\/wp-json\/wp\/v2\/posts\/32221\/revisions"}],"wp:featuredmedia":[{"embeddable":true,"href":"https:\/\/diariofemenino.com.ar\/df\/wp-json\/wp\/v2\/media\/57165"}],"wp:attachment":[{"href":"https:\/\/diariofemenino.com.ar\/df\/wp-json\/wp\/v2\/media?parent=32221"}],"wp:term":[{"taxonomy":"category","embeddable":true,"href":"https:\/\/diariofemenino.com.ar\/df\/wp-json\/wp\/v2\/categories?post=32221"},{"taxonomy":"post_tag","embeddable":true,"href":"https:\/\/diariofemenino.com.ar\/df\/wp-json\/wp\/v2\/tags?post=32221"}],"curies":[{"name":"wp","href":"https:\/\/api.w.org\/{rel}","templated":true}]}}