{"id":32214,"date":"2019-02-28T17:38:55","date_gmt":"2019-02-28T20:38:55","guid":{"rendered":"https:\/\/diariofemenino.com.ar\/?p=32214"},"modified":"2019-02-28T17:38:55","modified_gmt":"2019-02-28T20:38:55","slug":"la-romantizacion-del-trabajo-domestico","status":"publish","type":"post","link":"https:\/\/diariofemenino.com.ar\/df\/la-romantizacion-del-trabajo-domestico\/","title":{"rendered":"La Roma(ntizaci\u00f3n) del trabajo dom\u00e9stico"},"content":{"rendered":"<p>Roma (2018) es una de las pel\u00edculas m\u00e1s aclamadas del \u00faltimo a\u00f1o y llega a los premios Oscar con 10 nominaciones. La pel\u00edcula mexicana de Alfonso Cuar\u00f3n aparece apenas unos meses antes que el nuevo gobierno en M\u00e9xico, con Andr\u00e9s Manuel L\u00f3pez Obrador (AMLO) como presidente y con paridad de g\u00e9nero por primera vez en el Congreso y el Senado, as\u00ed como tambi\u00e9n en el gabinete de ministres de gobierno.\u00a0<strong>\u00bfC\u00f3mo se encuentran (o desencuentran) Roma y los debates feministas?<\/strong><\/p>\n<p>Por\u00a0<a href=\"https:\/\/twitter.com\/dalesmm\">Mercedes D\u2019Alessandro<\/a>\u00a0y\u00a0<a href=\"https:\/\/twitter.com\/SolAndaluz\">Sol Minoldo<\/a><\/p>\n<p>La pel\u00edcula est\u00e1 centrada en la vida cotidiana de una mujer ind\u00edgena que trabaja como empleada dom\u00e9stica, Yalitza Aparicio en el papel de Cleo, cuya historia aparece rodeada de otras mujeres. Todas las protagonistas nos muestran rasgos de opresi\u00f3n en un mundo patriarcal aunque encarnan realidades de clase dispares. Sin hacer alarde, Roma muestra lo valioso e imprescindible que es el trabajo dom\u00e9stico, poniendo en primer plano esa esfera privada en la que muchas veces pareciera no pasar nada importante para la econom\u00eda.\u00a0<strong>La historia de Cleo trabajando de sol a sol con la familia que la emplea, narra una realidad bastante conocida y que poco ha cambiado para las trabajadoras de los hogares desde la \u00e9poca en que est\u00e1 situada la pel\u00edcula (los a\u00f1os setenta) y el presente<\/strong>.<\/p>\n<p>Como menciona Marta\u00a0<a href=\"https:\/\/ilsb.org.mx\/wp-content\/uploads\/2016\/03\/TH_01_DIGITAL.pdf\">Cebollada Gay<\/a>\u00a0en un informe que present\u00f3 en el Sindicato de trabajadoras de los hogares, seg\u00fan datos del INEGI, en M\u00e9xico hay m\u00e1s de 2 millones de personas que trabajan en el sector de servicios dom\u00e9sticos de manera remunerada. Esto representa al 4,21 por ciento de la poblaci\u00f3n ocupada. M\u00e1s del 91,2 por ciento de estas personas son mujeres. Adem\u00e1s,\u00a0<strong>99 de cada 100 est\u00e1 sin contrato y, por lo tanto, sin gozar de derechos laborales<\/strong>\u00a0(cobertura de sanidad p\u00fablica y ahorro para la pensi\u00f3n, entre otros). \u201cM\u00e9xico es, seg\u00fan la Organizaci\u00f3n Internacional del Trabajo, el pa\u00eds de Am\u00e9rica Latina con la peor tasa de formalizaci\u00f3n laboral de trabajadores del hogar remunerados. El porcentaje de los y las trabajadores del hogar remunerado se ha reducido a la mitad en los \u00faltimos 10 a\u00f1os\u201d, afirma Cebollada Gay. En 2017, m\u00e1s de un tercio de estas personas ganaba alrededor de un salario m\u00ednimo, es decir 88 pesos mexicanos por d\u00eda (4,53 d\u00f3lares diarios). El 80 por ciento de ellas, menos de dos salarios m\u00ednimos. Solo en la Ciudad de M\u00e9xico hay 225.000 de estas trabajadoras, en donde el 90 por ciento son mujeres ind\u00edgenas que, como Cleo, se han movido de zonas rurales hacia las ciudades en busca de oportunidades.<\/p>\n<figure class=\"wp-block-image\"><img decoding=\"async\" src=\"https:\/\/lh6.googleusercontent.com\/e1bVBwN5U5P06QI-pIPdEWAKvp6Ff_qLk9MJU_NQb1_Hu9vnsF8Wve1clf-NiMYoultoro8sxI21zz-yxSDPRQsxgODOyvWc-lcUJOiCaI3eDNL-bM8dq5rbzUdmTFTV6mkkm2ks\" alt=\"\" \/><\/figure>\n<figure class=\"wp-block-image\"><img decoding=\"async\" src=\"https:\/\/lh4.googleusercontent.com\/MDwZSGjboqkTQLe9HtgKXUGRGh7WUPRN5KefgCB4I6k7mQRm111iS9AVb0WEHGk4fXcmRrBekHowEv5o15K_FRkIsJHM5_VAKTgtJFHKx7hIV3X0eixBdN4AYRTyhvVbZxee4kTr\" alt=\"\" \/><\/figure>\n<p class=\"has-small-font-size\">Fuente: Cebollada Gay, Martha (2018) El trabajo del hogar remunerado en M\u00e9xico: situaci\u00f3n actual.<\/p>\n<p>Cuando el amor nos cega<\/p>\n<p>Gran parte de las cr\u00edticas que ha recibido Alfonso Cuar\u00f3n por Roma remiten a una \u201cromantizaci\u00f3n de la pobreza\u201d y de las relaciones entre patrones y patronas con sus empleados y empleadas. Si al comienzo de la pel\u00edcula chocan las jerarqu\u00edas y destratos de parte de la patrona hacia quienes trabajan para ella, parecer\u00eda que el amor consigue trascender las diferencias de clase. Sin embargo, nada ha cambiado para la realidad de Cleo en lo que respecta a las distancias que se nos hac\u00edan odiosas y pon\u00edan el dedo en la llaga de la asimetr\u00eda: siguen all\u00ed las diferencias de poder y oportunidades, y las eventuales injusticias de una relaci\u00f3n laboral casi servil, con jornadas que parecieran durar hasta el instante previo al de acostarse. De nuevo, tampoco en la realidad mexicana las cosas parecen haber cambiado en todos estos a\u00f1os: seg\u00fan explica Cebollada Gay, \u201cen M\u00e9xico el trabajo del hogar remunerado est\u00e1 regulado por la Ley Federal del Trabajo que reconoce las [12] horas de descanso de este colectivo, pero no establece una duraci\u00f3n m\u00e1xima de la jornada laboral (pudiendo entonces obligar a trabajar las doce horas que restan de los periodos de descanso establecidos) ni la remuneraci\u00f3n de horas extras.\u201d<\/p>\n<p>En efecto, puede que la pel\u00edcula contribuya a una visi\u00f3n rom\u00e1ntica de la pobreza. Sin embargo, y m\u00e1s all\u00e1 de la pel\u00edcula, l<strong>a romantizaci\u00f3n de la relaci\u00f3n entre las mujeres y el trabajo dom\u00e9stico es algo que se extiende desde el trabajo del ama de casa no paga al de estas trabajadoras que, como Cleo, comparten techo con las familias que las emplean.<\/strong>\u00a0Ese aspecto de la pel\u00edcula, en donde muchas veces el amor parecer\u00eda sobreponerse a las asimetr\u00edas de clase, se desarrolla con la supuesta integraci\u00f3n afectiva de Cleo como una amiga, compa\u00f1era de juegos, hija o madre, de los diferentes miembros de la familia. El l\u00edmite entre el trabajo y el cuidado amoroso es difuso en muchos momentos pero se hace n\u00edtido en cuando hay una necesidad concreta. Por ejemplo, en la escena en que todes miran la televisi\u00f3n ri\u00e9ndose a carcajadas hasta que alguien necesita un t\u00e9 y, por supuesto, ser\u00e1 Cleo quien interrumpa su momento de ocio para servirlo. Este borroso l\u00edmite refleja un fen\u00f3meno que se estudia bastante en la econom\u00eda feminista y que refiere a esa relaci\u00f3n entre tareas de cuidado y amor, donde\u00a0<strong>pareciera que por haber amor no hubiera del todo trabajo<\/strong>. As\u00ed, por un lado, son las mujeres las que realizan la mayor parte de los trabajos dom\u00e9sticos y de cuidados, que son tareas esenciales para la reproducci\u00f3n y la vida. Pero por otro lado, confundido con \u201cactos de amor\u201d, queda invisibilizado o desvalorizado como tal y, como vimos antes, mal pagos cuando se trata de servicios.<\/p>\n<p>En definitiva,\u00a0<strong>la asimetr\u00eda en los v\u00ednculos no se diluye por m\u00e1s que la empleada sea tratada con cari\u00f1o<\/strong>. Viajes de fin de a\u00f1o y vacaciones de Cleo con la familia para la que trabaja, la muestran como si formara parte de ella. Sin embargo, otra vez, es Cleo es quien -en tiempo que parecer\u00eda ser de ocio- carga las maletas y se ocupa de los cuidados de los ni\u00f1os, a\u00fan estando embarazada.<\/p>\n<p>\u00bfC\u00f3mo se podr\u00eda haber resuelto este conflicto amoroso entre la pobreza y la explotaci\u00f3n? \u00bfPodr\u00edamos imaginarnos un final feminista en donde Cleo se organiza en un sindicato para pelear por sus derechos? \u00bfPodemos esperar un final as\u00ed en un cine que suele mostrarnos la realidad desde el punto de vista de un var\u00f3n blanco privilegiado?<\/p>\n<figure class=\"wp-block-embed-youtube wp-block-embed is-type-video is-provider-youtube wp-embed-aspect-16-9 wp-has-aspect-ratio\">\n<div class=\"wp-block-embed__wrapper\">\n<div class=\"avia-iframe-wrap\"><iframe loading=\"lazy\" src=\"https:\/\/www.youtube.com\/embed\/37ivysoNkHQ?feature=oembed&amp;wmode=opaque\" width=\"1500\" height=\"844\" frameborder=\"0\" allowfullscreen=\"allowfullscreen\" data-mce-fragment=\"1\"><\/iframe><\/div>\n<\/div>\n<\/figure>\n<p class=\"has-medium-font-size\">Las mujeres en escena<\/p>\n<p>Muches festejan que Roma haya puesto a las mujeres y sus realidades cotidianas como protagonistas. En un ejercicio contemplativo, las rutinas de Cleo no son simple contexto, sino la trama misma que la pel\u00edcula nos propone. El trabajo dom\u00e9stico, tan frecuentemente invisibilizado, acapara la pantalla sin prisas, para descubrirnos el mundo de la mujer protagonista. Pero\u00a0<strong>\u00bfalcanza con tener m\u00e1s mujeres en escena para que podamos hablar de igualdad?<\/strong>\u00a0<strong>Tanto en el plano de la ficci\u00f3n como en lo pol\u00edtico y econ\u00f3mico, es una condici\u00f3n necesaria aunque no suficiente<\/strong>.<\/p>\n<p>Entre los hitos de la pel\u00edcula, se menciona la participaci\u00f3n protag\u00f3nica de Yalitza Aparicio, una maestra de pre-escolar, de or\u00edgenes mixtecas, que sin experiencia previa en la actuaci\u00f3n se gan\u00f3 una nominaci\u00f3n como mejor actriz, y es la\u00a0<a href=\"https:\/\/www.latimes.com\/espanol\/entretenimiento\/la-es-yalitza-aparicio-se-convierte-en-la-primera-actriz-indigena-nominada-al-oscar-20190122-story.html\">primera mujer ind\u00edgena nominada a un Oscar<\/a>.\u00a0<strong>\u00bfLograr\u00e1n las trabajadoras de los hogares ser ellas tambi\u00e9n protagonistas y galardonadas finalmente como actrices sociales con el \u201cpremio\u201d de sus derechos laborales?<\/strong><\/p>\n<p><strong>La puesta en escena de las relaciones econ\u00f3micas que se entrelazan en ese espacio que suele aparecer como privado y fuera de la \u00f3rbita del Estado pudo ser aprovechada por las trabajadoras de los hogares en la lucha por sus derechos econ\u00f3micos<\/strong>. A partir de los debates, que se amplificaron cuando Roma lleg\u00f3 a Netflix en diciembre de 2018 y se hizo realmente masiva, AMLO tuvo que ratificar el Convenio 189 de la OIT, que exige a los Estados adoptar medidas para garantizar sus derechos. En su\u00a0<a href=\"https:\/\/lopezobrador.org.mx\/temas\/trabajadores-domesticos\/\">sitio oficial<\/a>\u00a0se puede leer: \u201cLo vamos a hacer. Se va a ratificar el convenio. Voy a hablar con la secretar\u00eda del Trabajo para ponernos de acuerdo y cumplir con este acuerdo\u201d. Adem\u00e1s, celebr\u00f3 la decisi\u00f3n de la Suprema Corte de Justicia de la Naci\u00f3n (SCJN) de declarar inconstitucional que las trabajadoras dom\u00e9sticas queden excluidas del r\u00e9gimen obligatorio de la seguridad social, por ser discriminatorio, y orden\u00f3 que se implemente un programa que regule esta actividad.<\/p>\n<p><strong>La explotaci\u00f3n laboral que enfrentan muchas de las trabajadoras de los hogares no es un problema solamente de M\u00e9xico<\/strong>. Seg\u00fan la OIT, en toda Am\u00e9rica Latina, hay m\u00e1s de 14 millones de mujeres que trabajan remuneradamente para una familia. Aunque es una de las principales salidas laborales para las mujeres,\u00a0<strong>el empleo dom\u00e9stico es una de las ocupaciones con peor calidad<\/strong>: extensas jornadas, bajos salarios, poca seguridad social y alto nivel de incumplimiento de las normas laborales.<br \/>\nEl trabajo dom\u00e9stico, pago y no pago, ha sido asociado a lo largo del tiempo con las mujeres. Su romantizaci\u00f3n, adem\u00e1s, ha desdibujado por d\u00e9cadas el valor y el aporte social del trabajo dom\u00e9stico en general. Quiz\u00e1s, la mayor visibilizaci\u00f3n de estas trabajadoras en pantalla gigante y en melanc\u00f3lico blanco y negro, sea una excelente\u00a0<strong>oportunidad para poner en cuesti\u00f3n la situaci\u00f3n de desventaja que enfrentan las mujeres como Cleo, cuyos derechos laborales son vulnerados todos los d\u00edas en la realidad multicolor<\/strong>.<\/p>\n<p>&nbsp;<\/p>\n<p>Fuente: <a href=\"http:\/\/economiafeminita.com\/la-romantizacion-del-trabajo-domestico\/\">Economia Femini(s)ta<\/a><\/p>\n","protected":false},"excerpt":{"rendered":"<p>Roma (2018) es una de las pel\u00edculas m\u00e1s aclamadas del \u00faltimo a\u00f1o y llega a los premios Oscar con 10 nominaciones. La pel\u00edcula mexicana de Alfonso Cuar\u00f3n aparece apenas unos meses antes que el nuevo gobierno en M\u00e9xico, con Andr\u00e9s Manuel L\u00f3pez Obrador (AMLO) como presidente y con paridad de g\u00e9nero por primera vez en [&hellip;]<\/p>\n","protected":false},"author":3,"featured_media":32219,"comment_status":"open","ping_status":"open","sticky":false,"template":"","format":"standard","meta":{"iawp_total_views":40,"footnotes":""},"categories":[178],"tags":[31,130,791],"class_list":["post-32214","post","type-post","status-publish","format-standard","has-post-thumbnail","hentry","category-articulos-y-comunicados","tag-cine","tag-mujeres","tag-trabajo-domestico"],"nelio_content":{"autoShareEndMode":"never","automationSources":{"useCustomSentences":false,"customSentences":[]},"efiAlt":"","efiUrl":"","followers":[3],"highlights":[],"isAutoShareEnabled":true,"networkImageIds":[],"permalinkQueryArgs":[],"series":[],"suggestedReferences":[]},"yoast_head":"<!-- This site is optimized with the Yoast SEO plugin v27.5 - https:\/\/yoast.com\/product\/yoast-seo-wordpress\/ -->\n<title>La Roma(ntizaci\u00f3n) del trabajo dom\u00e9stico - Diario Digital Femenino<\/title>\n<meta name=\"description\" content=\"La pel\u00edcula est\u00e1 centrada en la vida cotidiana de una mujer ind\u00edgena que trabaja como empleada dom\u00e9stica. Roma es una de las pel\u00edculas m\u00e1s aclamadas del2018\" \/>\n<meta name=\"robots\" content=\"index, follow, max-snippet:-1, max-image-preview:large, max-video-preview:-1\" \/>\n<link rel=\"canonical\" href=\"https:\/\/diariofemenino.com.ar\/df\/la-romantizacion-del-trabajo-domestico\/\" \/>\n<meta property=\"og:locale\" content=\"es_ES\" \/>\n<meta property=\"og:type\" content=\"article\" \/>\n<meta property=\"og:title\" content=\"La Roma(ntizaci\u00f3n) del trabajo dom\u00e9stico - Diario Digital Femenino\" \/>\n<meta property=\"og:description\" content=\"La pel\u00edcula est\u00e1 centrada en la vida cotidiana de una mujer ind\u00edgena que trabaja como empleada dom\u00e9stica. Roma es una de las pel\u00edculas m\u00e1s aclamadas del2018\" \/>\n<meta property=\"og:url\" content=\"https:\/\/diariofemenino.com.ar\/df\/la-romantizacion-del-trabajo-domestico\/\" \/>\n<meta property=\"og:site_name\" content=\"Diario Digital Femenino\" \/>\n<meta property=\"article:publisher\" content=\"https:\/\/www.facebook.com\/DiarioDigitaFemenino\/\" \/>\n<meta property=\"article:published_time\" content=\"2019-02-28T20:38:55+00:00\" \/>\n<meta property=\"og:image\" content=\"https:\/\/diariofemenino.com.ar\/df\/wp-content\/uploads\/2019\/02\/hipocritas-columna-paola-ochoa-cuaron-empleadas-domesticas-netflix-roma.jpg\" \/>\n\t<meta property=\"og:image:width\" content=\"635\" \/>\n\t<meta property=\"og:image:height\" content=\"356\" \/>\n\t<meta property=\"og:image:type\" content=\"image\/jpeg\" \/>\n<meta name=\"author\" content=\"Admin\" \/>\n<meta name=\"twitter:card\" content=\"summary_large_image\" \/>\n<meta name=\"twitter:creator\" content=\"@DiarioFemenino1\" \/>\n<meta name=\"twitter:site\" content=\"@DiarioFemenino1\" \/>\n<meta name=\"twitter:label1\" content=\"Escrito por\" \/>\n\t<meta name=\"twitter:data1\" content=\"Admin\" \/>\n\t<meta name=\"twitter:label2\" content=\"Tiempo de lectura\" \/>\n\t<meta name=\"twitter:data2\" content=\"8 minutos\" \/>\n<script type=\"application\/ld+json\" class=\"yoast-schema-graph\">{\"@context\":\"https:\\\/\\\/schema.org\",\"@graph\":[{\"@type\":\"Article\",\"@id\":\"https:\\\/\\\/diariofemenino.com.ar\\\/df\\\/la-romantizacion-del-trabajo-domestico\\\/#article\",\"isPartOf\":{\"@id\":\"https:\\\/\\\/diariofemenino.com.ar\\\/df\\\/la-romantizacion-del-trabajo-domestico\\\/\"},\"author\":{\"name\":\"Admin\",\"@id\":\"https:\\\/\\\/diariofemenino.com.ar\\\/df\\\/#\\\/schema\\\/person\\\/1c36bc3bf394d8ec320814298b4fdd3f\"},\"headline\":\"La Roma(ntizaci\u00f3n) del trabajo dom\u00e9stico\",\"datePublished\":\"2019-02-28T20:38:55+00:00\",\"mainEntityOfPage\":{\"@id\":\"https:\\\/\\\/diariofemenino.com.ar\\\/df\\\/la-romantizacion-del-trabajo-domestico\\\/\"},\"wordCount\":1647,\"commentCount\":0,\"publisher\":{\"@id\":\"https:\\\/\\\/diariofemenino.com.ar\\\/df\\\/#organization\"},\"image\":{\"@id\":\"https:\\\/\\\/diariofemenino.com.ar\\\/df\\\/la-romantizacion-del-trabajo-domestico\\\/#primaryimage\"},\"thumbnailUrl\":\"https:\\\/\\\/diariofemenino.com.ar\\\/df\\\/wp-content\\\/uploads\\\/2019\\\/02\\\/hipocritas-columna-paola-ochoa-cuaron-empleadas-domesticas-netflix-roma.jpg\",\"keywords\":[\"Cine\",\"Mujeres\",\"trabajo domestico\"],\"articleSection\":[\"Art\u00edculos y Comunicados\"],\"inLanguage\":\"es\",\"potentialAction\":[{\"@type\":\"CommentAction\",\"name\":\"Comment\",\"target\":[\"https:\\\/\\\/diariofemenino.com.ar\\\/df\\\/la-romantizacion-del-trabajo-domestico\\\/#respond\"]}]},{\"@type\":\"WebPage\",\"@id\":\"https:\\\/\\\/diariofemenino.com.ar\\\/df\\\/la-romantizacion-del-trabajo-domestico\\\/\",\"url\":\"https:\\\/\\\/diariofemenino.com.ar\\\/df\\\/la-romantizacion-del-trabajo-domestico\\\/\",\"name\":\"La Roma(ntizaci\u00f3n) del trabajo dom\u00e9stico - Diario Digital Femenino\",\"isPartOf\":{\"@id\":\"https:\\\/\\\/diariofemenino.com.ar\\\/df\\\/#website\"},\"primaryImageOfPage\":{\"@id\":\"https:\\\/\\\/diariofemenino.com.ar\\\/df\\\/la-romantizacion-del-trabajo-domestico\\\/#primaryimage\"},\"image\":{\"@id\":\"https:\\\/\\\/diariofemenino.com.ar\\\/df\\\/la-romantizacion-del-trabajo-domestico\\\/#primaryimage\"},\"thumbnailUrl\":\"https:\\\/\\\/diariofemenino.com.ar\\\/df\\\/wp-content\\\/uploads\\\/2019\\\/02\\\/hipocritas-columna-paola-ochoa-cuaron-empleadas-domesticas-netflix-roma.jpg\",\"datePublished\":\"2019-02-28T20:38:55+00:00\",\"description\":\"La pel\u00edcula est\u00e1 centrada en la vida cotidiana de una mujer ind\u00edgena que trabaja como empleada dom\u00e9stica. Roma es una de las pel\u00edculas m\u00e1s aclamadas del2018\",\"breadcrumb\":{\"@id\":\"https:\\\/\\\/diariofemenino.com.ar\\\/df\\\/la-romantizacion-del-trabajo-domestico\\\/#breadcrumb\"},\"inLanguage\":\"es\",\"potentialAction\":[{\"@type\":\"ReadAction\",\"target\":[\"https:\\\/\\\/diariofemenino.com.ar\\\/df\\\/la-romantizacion-del-trabajo-domestico\\\/\"]}]},{\"@type\":\"ImageObject\",\"inLanguage\":\"es\",\"@id\":\"https:\\\/\\\/diariofemenino.com.ar\\\/df\\\/la-romantizacion-del-trabajo-domestico\\\/#primaryimage\",\"url\":\"https:\\\/\\\/diariofemenino.com.ar\\\/df\\\/wp-content\\\/uploads\\\/2019\\\/02\\\/hipocritas-columna-paola-ochoa-cuaron-empleadas-domesticas-netflix-roma.jpg\",\"contentUrl\":\"https:\\\/\\\/diariofemenino.com.ar\\\/df\\\/wp-content\\\/uploads\\\/2019\\\/02\\\/hipocritas-columna-paola-ochoa-cuaron-empleadas-domesticas-netflix-roma.jpg\",\"width\":635,\"height\":356},{\"@type\":\"BreadcrumbList\",\"@id\":\"https:\\\/\\\/diariofemenino.com.ar\\\/df\\\/la-romantizacion-del-trabajo-domestico\\\/#breadcrumb\",\"itemListElement\":[{\"@type\":\"ListItem\",\"position\":1,\"name\":\"Portada\",\"item\":\"https:\\\/\\\/diariofemenino.com.ar\\\/df\\\/\"},{\"@type\":\"ListItem\",\"position\":2,\"name\":\"La Roma(ntizaci\u00f3n) del trabajo dom\u00e9stico\"}]},{\"@type\":\"WebSite\",\"@id\":\"https:\\\/\\\/diariofemenino.com.ar\\\/df\\\/#website\",\"url\":\"https:\\\/\\\/diariofemenino.com.ar\\\/df\\\/\",\"name\":\"Diario Digital Femenino\",\"description\":\"Cuesti\u00f3n de G\u00e9nero\",\"publisher\":{\"@id\":\"https:\\\/\\\/diariofemenino.com.ar\\\/df\\\/#organization\"},\"potentialAction\":[{\"@type\":\"SearchAction\",\"target\":{\"@type\":\"EntryPoint\",\"urlTemplate\":\"https:\\\/\\\/diariofemenino.com.ar\\\/df\\\/?s={search_term_string}\"},\"query-input\":{\"@type\":\"PropertyValueSpecification\",\"valueRequired\":true,\"valueName\":\"search_term_string\"}}],\"inLanguage\":\"es\"},{\"@type\":\"Organization\",\"@id\":\"https:\\\/\\\/diariofemenino.com.ar\\\/df\\\/#organization\",\"name\":\"Diario Femenino\",\"url\":\"https:\\\/\\\/diariofemenino.com.ar\\\/df\\\/\",\"logo\":{\"@type\":\"ImageObject\",\"inLanguage\":\"es\",\"@id\":\"https:\\\/\\\/diariofemenino.com.ar\\\/df\\\/#\\\/schema\\\/logo\\\/image\\\/\",\"url\":\"https:\\\/\\\/diariofemenino.com.ar\\\/df\\\/wp-content\\\/uploads\\\/2018\\\/10\\\/logo.png\",\"contentUrl\":\"https:\\\/\\\/diariofemenino.com.ar\\\/df\\\/wp-content\\\/uploads\\\/2018\\\/10\\\/logo.png\",\"width\":500,\"height\":92,\"caption\":\"Diario Femenino\"},\"image\":{\"@id\":\"https:\\\/\\\/diariofemenino.com.ar\\\/df\\\/#\\\/schema\\\/logo\\\/image\\\/\"},\"sameAs\":[\"https:\\\/\\\/www.facebook.com\\\/DiarioDigitaFemenino\\\/\",\"https:\\\/\\\/x.com\\\/DiarioFemenino1\"]},{\"@type\":\"Person\",\"@id\":\"https:\\\/\\\/diariofemenino.com.ar\\\/df\\\/#\\\/schema\\\/person\\\/1c36bc3bf394d8ec320814298b4fdd3f\",\"name\":\"Admin\",\"image\":{\"@type\":\"ImageObject\",\"inLanguage\":\"es\",\"@id\":\"https:\\\/\\\/diariofemenino.com.ar\\\/df\\\/wp-content\\\/uploads\\\/2018\\\/12\\\/favicon-150x150.jpg\",\"url\":\"https:\\\/\\\/diariofemenino.com.ar\\\/df\\\/wp-content\\\/uploads\\\/2018\\\/12\\\/favicon-150x150.jpg\",\"contentUrl\":\"https:\\\/\\\/diariofemenino.com.ar\\\/df\\\/wp-content\\\/uploads\\\/2018\\\/12\\\/favicon-150x150.jpg\",\"caption\":\"Admin\"},\"url\":\"https:\\\/\\\/diariofemenino.com.ar\\\/df\\\/author\\\/sofiperez\\\/\"}]}<\/script>\n<!-- \/ Yoast SEO plugin. -->","yoast_head_json":{"title":"La Roma(ntizaci\u00f3n) del trabajo dom\u00e9stico - Diario Digital Femenino","description":"La pel\u00edcula est\u00e1 centrada en la vida cotidiana de una mujer ind\u00edgena que trabaja como empleada dom\u00e9stica. Roma es una de las pel\u00edculas m\u00e1s aclamadas del2018","robots":{"index":"index","follow":"follow","max-snippet":"max-snippet:-1","max-image-preview":"max-image-preview:large","max-video-preview":"max-video-preview:-1"},"canonical":"https:\/\/diariofemenino.com.ar\/df\/la-romantizacion-del-trabajo-domestico\/","og_locale":"es_ES","og_type":"article","og_title":"La Roma(ntizaci\u00f3n) del trabajo dom\u00e9stico - Diario Digital Femenino","og_description":"La pel\u00edcula est\u00e1 centrada en la vida cotidiana de una mujer ind\u00edgena que trabaja como empleada dom\u00e9stica. Roma es una de las pel\u00edculas m\u00e1s aclamadas del2018","og_url":"https:\/\/diariofemenino.com.ar\/df\/la-romantizacion-del-trabajo-domestico\/","og_site_name":"Diario Digital Femenino","article_publisher":"https:\/\/www.facebook.com\/DiarioDigitaFemenino\/","article_published_time":"2019-02-28T20:38:55+00:00","og_image":[{"width":635,"height":356,"url":"https:\/\/diariofemenino.com.ar\/df\/wp-content\/uploads\/2019\/02\/hipocritas-columna-paola-ochoa-cuaron-empleadas-domesticas-netflix-roma.jpg","type":"image\/jpeg"}],"author":"Admin","twitter_card":"summary_large_image","twitter_creator":"@DiarioFemenino1","twitter_site":"@DiarioFemenino1","twitter_misc":{"Escrito por":"Admin","Tiempo de lectura":"8 minutos"},"schema":{"@context":"https:\/\/schema.org","@graph":[{"@type":"Article","@id":"https:\/\/diariofemenino.com.ar\/df\/la-romantizacion-del-trabajo-domestico\/#article","isPartOf":{"@id":"https:\/\/diariofemenino.com.ar\/df\/la-romantizacion-del-trabajo-domestico\/"},"author":{"name":"Admin","@id":"https:\/\/diariofemenino.com.ar\/df\/#\/schema\/person\/1c36bc3bf394d8ec320814298b4fdd3f"},"headline":"La Roma(ntizaci\u00f3n) del trabajo dom\u00e9stico","datePublished":"2019-02-28T20:38:55+00:00","mainEntityOfPage":{"@id":"https:\/\/diariofemenino.com.ar\/df\/la-romantizacion-del-trabajo-domestico\/"},"wordCount":1647,"commentCount":0,"publisher":{"@id":"https:\/\/diariofemenino.com.ar\/df\/#organization"},"image":{"@id":"https:\/\/diariofemenino.com.ar\/df\/la-romantizacion-del-trabajo-domestico\/#primaryimage"},"thumbnailUrl":"https:\/\/diariofemenino.com.ar\/df\/wp-content\/uploads\/2019\/02\/hipocritas-columna-paola-ochoa-cuaron-empleadas-domesticas-netflix-roma.jpg","keywords":["Cine","Mujeres","trabajo domestico"],"articleSection":["Art\u00edculos y Comunicados"],"inLanguage":"es","potentialAction":[{"@type":"CommentAction","name":"Comment","target":["https:\/\/diariofemenino.com.ar\/df\/la-romantizacion-del-trabajo-domestico\/#respond"]}]},{"@type":"WebPage","@id":"https:\/\/diariofemenino.com.ar\/df\/la-romantizacion-del-trabajo-domestico\/","url":"https:\/\/diariofemenino.com.ar\/df\/la-romantizacion-del-trabajo-domestico\/","name":"La Roma(ntizaci\u00f3n) del trabajo dom\u00e9stico - Diario Digital Femenino","isPartOf":{"@id":"https:\/\/diariofemenino.com.ar\/df\/#website"},"primaryImageOfPage":{"@id":"https:\/\/diariofemenino.com.ar\/df\/la-romantizacion-del-trabajo-domestico\/#primaryimage"},"image":{"@id":"https:\/\/diariofemenino.com.ar\/df\/la-romantizacion-del-trabajo-domestico\/#primaryimage"},"thumbnailUrl":"https:\/\/diariofemenino.com.ar\/df\/wp-content\/uploads\/2019\/02\/hipocritas-columna-paola-ochoa-cuaron-empleadas-domesticas-netflix-roma.jpg","datePublished":"2019-02-28T20:38:55+00:00","description":"La pel\u00edcula est\u00e1 centrada en la vida cotidiana de una mujer ind\u00edgena que trabaja como empleada dom\u00e9stica. Roma es una de las pel\u00edculas m\u00e1s aclamadas del2018","breadcrumb":{"@id":"https:\/\/diariofemenino.com.ar\/df\/la-romantizacion-del-trabajo-domestico\/#breadcrumb"},"inLanguage":"es","potentialAction":[{"@type":"ReadAction","target":["https:\/\/diariofemenino.com.ar\/df\/la-romantizacion-del-trabajo-domestico\/"]}]},{"@type":"ImageObject","inLanguage":"es","@id":"https:\/\/diariofemenino.com.ar\/df\/la-romantizacion-del-trabajo-domestico\/#primaryimage","url":"https:\/\/diariofemenino.com.ar\/df\/wp-content\/uploads\/2019\/02\/hipocritas-columna-paola-ochoa-cuaron-empleadas-domesticas-netflix-roma.jpg","contentUrl":"https:\/\/diariofemenino.com.ar\/df\/wp-content\/uploads\/2019\/02\/hipocritas-columna-paola-ochoa-cuaron-empleadas-domesticas-netflix-roma.jpg","width":635,"height":356},{"@type":"BreadcrumbList","@id":"https:\/\/diariofemenino.com.ar\/df\/la-romantizacion-del-trabajo-domestico\/#breadcrumb","itemListElement":[{"@type":"ListItem","position":1,"name":"Portada","item":"https:\/\/diariofemenino.com.ar\/df\/"},{"@type":"ListItem","position":2,"name":"La Roma(ntizaci\u00f3n) del trabajo dom\u00e9stico"}]},{"@type":"WebSite","@id":"https:\/\/diariofemenino.com.ar\/df\/#website","url":"https:\/\/diariofemenino.com.ar\/df\/","name":"Diario Digital Femenino","description":"Cuesti\u00f3n de G\u00e9nero","publisher":{"@id":"https:\/\/diariofemenino.com.ar\/df\/#organization"},"potentialAction":[{"@type":"SearchAction","target":{"@type":"EntryPoint","urlTemplate":"https:\/\/diariofemenino.com.ar\/df\/?s={search_term_string}"},"query-input":{"@type":"PropertyValueSpecification","valueRequired":true,"valueName":"search_term_string"}}],"inLanguage":"es"},{"@type":"Organization","@id":"https:\/\/diariofemenino.com.ar\/df\/#organization","name":"Diario Femenino","url":"https:\/\/diariofemenino.com.ar\/df\/","logo":{"@type":"ImageObject","inLanguage":"es","@id":"https:\/\/diariofemenino.com.ar\/df\/#\/schema\/logo\/image\/","url":"https:\/\/diariofemenino.com.ar\/df\/wp-content\/uploads\/2018\/10\/logo.png","contentUrl":"https:\/\/diariofemenino.com.ar\/df\/wp-content\/uploads\/2018\/10\/logo.png","width":500,"height":92,"caption":"Diario Femenino"},"image":{"@id":"https:\/\/diariofemenino.com.ar\/df\/#\/schema\/logo\/image\/"},"sameAs":["https:\/\/www.facebook.com\/DiarioDigitaFemenino\/","https:\/\/x.com\/DiarioFemenino1"]},{"@type":"Person","@id":"https:\/\/diariofemenino.com.ar\/df\/#\/schema\/person\/1c36bc3bf394d8ec320814298b4fdd3f","name":"Admin","image":{"@type":"ImageObject","inLanguage":"es","@id":"https:\/\/diariofemenino.com.ar\/df\/wp-content\/uploads\/2018\/12\/favicon-150x150.jpg","url":"https:\/\/diariofemenino.com.ar\/df\/wp-content\/uploads\/2018\/12\/favicon-150x150.jpg","contentUrl":"https:\/\/diariofemenino.com.ar\/df\/wp-content\/uploads\/2018\/12\/favicon-150x150.jpg","caption":"Admin"},"url":"https:\/\/diariofemenino.com.ar\/df\/author\/sofiperez\/"}]}},"jetpack_featured_media_url":"https:\/\/diariofemenino.com.ar\/df\/wp-content\/uploads\/2019\/02\/hipocritas-columna-paola-ochoa-cuaron-empleadas-domesticas-netflix-roma.jpg","jetpack_sharing_enabled":true,"rttpg_featured_image_url":{"full":["https:\/\/diariofemenino.com.ar\/df\/wp-content\/uploads\/2019\/02\/hipocritas-columna-paola-ochoa-cuaron-empleadas-domesticas-netflix-roma.jpg",635,356,false],"landscape":["https:\/\/diariofemenino.com.ar\/df\/wp-content\/uploads\/2019\/02\/hipocritas-columna-paola-ochoa-cuaron-empleadas-domesticas-netflix-roma.jpg",635,356,false],"portraits":["https:\/\/diariofemenino.com.ar\/df\/wp-content\/uploads\/2019\/02\/hipocritas-columna-paola-ochoa-cuaron-empleadas-domesticas-netflix-roma.jpg",635,356,false],"thumbnail":["https:\/\/diariofemenino.com.ar\/df\/wp-content\/uploads\/2019\/02\/hipocritas-columna-paola-ochoa-cuaron-empleadas-domesticas-netflix-roma-150x150.jpg",150,150,true],"medium":["https:\/\/diariofemenino.com.ar\/df\/wp-content\/uploads\/2019\/02\/hipocritas-columna-paola-ochoa-cuaron-empleadas-domesticas-netflix-roma-300x168.jpg",300,168,true],"large":["https:\/\/diariofemenino.com.ar\/df\/wp-content\/uploads\/2019\/02\/hipocritas-columna-paola-ochoa-cuaron-empleadas-domesticas-netflix-roma.jpg",635,356,false],"1536x1536":["https:\/\/diariofemenino.com.ar\/df\/wp-content\/uploads\/2019\/02\/hipocritas-columna-paola-ochoa-cuaron-empleadas-domesticas-netflix-roma.jpg",635,356,false],"2048x2048":["https:\/\/diariofemenino.com.ar\/df\/wp-content\/uploads\/2019\/02\/hipocritas-columna-paola-ochoa-cuaron-empleadas-domesticas-netflix-roma.jpg",635,356,false]},"rttpg_author":{"display_name":"Admin","author_link":"https:\/\/diariofemenino.com.ar\/df\/author\/sofiperez\/"},"rttpg_comment":0,"rttpg_category":"<a href=\"https:\/\/diariofemenino.com.ar\/df\/category\/articulos-y-comunicados\/\" rel=\"category tag\">Art\u00edculos y Comunicados<\/a>","rttpg_excerpt":"Roma (2018) es una de las pel\u00edculas m\u00e1s aclamadas del \u00faltimo a\u00f1o y llega a los premios Oscar con 10 nominaciones. La pel\u00edcula mexicana de Alfonso Cuar\u00f3n aparece apenas unos meses antes que el nuevo gobierno en M\u00e9xico, con Andr\u00e9s Manuel L\u00f3pez Obrador (AMLO) como presidente y con paridad de g\u00e9nero por primera vez en&hellip;","_links":{"self":[{"href":"https:\/\/diariofemenino.com.ar\/df\/wp-json\/wp\/v2\/posts\/32214","targetHints":{"allow":["GET"]}}],"collection":[{"href":"https:\/\/diariofemenino.com.ar\/df\/wp-json\/wp\/v2\/posts"}],"about":[{"href":"https:\/\/diariofemenino.com.ar\/df\/wp-json\/wp\/v2\/types\/post"}],"author":[{"embeddable":true,"href":"https:\/\/diariofemenino.com.ar\/df\/wp-json\/wp\/v2\/users\/3"}],"replies":[{"embeddable":true,"href":"https:\/\/diariofemenino.com.ar\/df\/wp-json\/wp\/v2\/comments?post=32214"}],"version-history":[{"count":0,"href":"https:\/\/diariofemenino.com.ar\/df\/wp-json\/wp\/v2\/posts\/32214\/revisions"}],"wp:featuredmedia":[{"embeddable":true,"href":"https:\/\/diariofemenino.com.ar\/df\/wp-json\/wp\/v2\/media\/32219"}],"wp:attachment":[{"href":"https:\/\/diariofemenino.com.ar\/df\/wp-json\/wp\/v2\/media?parent=32214"}],"wp:term":[{"taxonomy":"category","embeddable":true,"href":"https:\/\/diariofemenino.com.ar\/df\/wp-json\/wp\/v2\/categories?post=32214"},{"taxonomy":"post_tag","embeddable":true,"href":"https:\/\/diariofemenino.com.ar\/df\/wp-json\/wp\/v2\/tags?post=32214"}],"curies":[{"name":"wp","href":"https:\/\/api.w.org\/{rel}","templated":true}]}}