{"id":32210,"date":"2019-02-28T17:40:43","date_gmt":"2019-02-28T20:40:43","guid":{"rendered":"https:\/\/diariofemenino.com.ar\/?p=32210"},"modified":"2019-02-28T17:40:43","modified_gmt":"2019-02-28T20:40:43","slug":"violencia-familiar-y-de-genero-afinan-detalles-para-un-protocolo","status":"publish","type":"post","link":"https:\/\/diariofemenino.com.ar\/df\/violencia-familiar-y-de-genero-afinan-detalles-para-un-protocolo\/","title":{"rendered":"Violencia familiar y de g\u00e9nero: afinan detalles para un protocolo"},"content":{"rendered":"<p><strong>El fiscal Marcos Sacco y Emanuel Soria -de la Secretar\u00eda de Pol\u00edtica Criminal del Ministerio P\u00fablico-<\/strong>\u00a0se reunieron para ultimar los detalles referidos al documento que se presentar\u00e1 en las VIII Jornadas Internacionales de Vilencia de G\u00e9nero y Delitos Conexos.<\/p>\n<p>El fiscal Marcos Sacco, perteneciente a la fiscal\u00eda de Violencia Familiar y de G\u00e9nero, junto a Emanuel Soria, miembro de la Secretar\u00eda General de Pol\u00edtica Criminal, Gesti\u00f3n y Planificaci\u00f3n Estrat\u00e9gica del Ministerio P\u00fablico, se reunieron para ultimar detalles en el protocolo que ser\u00e1 presentado en la VIII Jornadas Internacionales de Violencia de G\u00e9nero y Delitos Conexos.<\/p>\n<p>Ambos representantes del Ministerio P\u00fablico son referentes del Observatorio de Violencia de G\u00e9nero de los Ministerios P\u00fablicos y forman parte de la comisi\u00f3n redactora del modelo de estandarizaci\u00f3n de registros de femicidios a nivel federal. Este Registro incluye protocolos de investigaci\u00f3n de las muertes violentas de mujeres por razones de g\u00e9nero de todos los MP del pa\u00eds.<\/p>\n<p>Para la realizaci\u00f3n de este modelo, se tomaron las experiencias del Ministerio P\u00fablico de La Pampa, pionera en la elaboraci\u00f3n de un protocolo de investigaci\u00f3n de femicidios, del Ministerio P\u00fablico de Buenos\u00a0Aires y de la Procuraci\u00f3n General de la Naci\u00f3n.<\/p>\n<p>El documento final ser\u00e1 presentado en el marco de las VIII Jornadas Internacionales de Violencia de G\u00e9nero y Delitos Conexos, que se llevar\u00e1 a cabo en Mendoza el 24, 25 y 26 de abril pr\u00f3ximo.<\/p>\n<p>El fiscal general M\u00e1ximo Paulucci junto a los fiscales de Violencia Familiar y de G\u00e9nero Walter Antonio Martos y Marcos Sacco, expondr\u00e1n durante la Jornada sobre una experiencia en la que se aplic\u00f3 el \u00abProtocolo de Investigaci\u00f3n de las Muertes Violentas de Mujeres por Razones de G\u00e9nero (femicidio)\u00bb.<\/p>\n<p>Mediante este trabajo se busca establecer una serie pautas conceptuales, metodol\u00f3gicas y pr\u00e1cticas que permitan estandarizar a nivel nacional la medici\u00f3n de las muertes violentas de mujeres bajo una perspectiva de g\u00e9nero que aporte al an\u00e1lisis criminal de este tipo de criminalidad espec\u00edfica, y a partir de ello lograr la generaci\u00f3n y publicaci\u00f3n de informes provinciales que contengan informaci\u00f3n unificada y comparable.<\/p>\n<p>&nbsp;<\/p>\n<p>Fuente: <a href=\"https:\/\/www.eldiariodelapampa.com.ar\/index.php\/portada\/108-terciario\/57527-violencia-familiar-y-de-genero-afinan-detalles-para-un-protocolo\">El Diario<\/a><\/p>\n","protected":false},"excerpt":{"rendered":"<p>El fiscal Marcos Sacco y Emanuel Soria -de la Secretar\u00eda de Pol\u00edtica Criminal del Ministerio P\u00fablico-\u00a0se reunieron para ultimar los detalles referidos al documento que se presentar\u00e1 en las VIII Jornadas Internacionales de Vilencia de G\u00e9nero y Delitos Conexos. El fiscal Marcos Sacco, perteneciente a la fiscal\u00eda de Violencia Familiar y de G\u00e9nero, junto a [&hellip;]<\/p>\n","protected":false},"author":3,"featured_media":32212,"comment_status":"open","ping_status":"open","sticky":false,"template":"","format":"standard","meta":{"iawp_total_views":12,"footnotes":""},"categories":[592],"tags":[231,130,758,790],"class_list":["post-32210","post","type-post","status-publish","format-standard","has-post-thumbnail","hentry","category-violencias","tag-politicasdegenero","tag-mujeres","tag-protocolos","tag-violecia-de-genero"],"nelio_content":{"autoShareEndMode":"never","automationSources":{"useCustomSentences":false,"customSentences":[]},"efiAlt":"","efiUrl":"","followers":[3],"highlights":[],"isAutoShareEnabled":true,"networkImageIds":[],"permalinkQueryArgs":[],"series":[],"suggestedReferences":[]},"yoast_head":"<!-- This site is optimized with the Yoast SEO plugin v27.5 - https:\/\/yoast.com\/product\/yoast-seo-wordpress\/ -->\n<title>Violencia familiar y de g\u00e9nero: afinan detalles para un protocolo - Diario Digital Femenino<\/title>\n<meta name=\"description\" content=\"El fiscal Marcos Sacco y Emanuel Soria se reunieron para afinan detalles para un protocolo Violencia familiar y de g\u00e9nero.\" \/>\n<meta name=\"robots\" content=\"index, follow, max-snippet:-1, max-image-preview:large, max-video-preview:-1\" \/>\n<link rel=\"canonical\" href=\"https:\/\/diariofemenino.com.ar\/df\/violencia-familiar-y-de-genero-afinan-detalles-para-un-protocolo\/\" \/>\n<meta property=\"og:locale\" content=\"es_ES\" \/>\n<meta property=\"og:type\" content=\"article\" \/>\n<meta property=\"og:title\" content=\"Violencia familiar y de g\u00e9nero: afinan detalles para un protocolo - Diario Digital Femenino\" \/>\n<meta property=\"og:description\" content=\"El fiscal Marcos Sacco y Emanuel Soria se reunieron para afinan detalles para un protocolo Violencia familiar y de g\u00e9nero.\" \/>\n<meta property=\"og:url\" content=\"https:\/\/diariofemenino.com.ar\/df\/violencia-familiar-y-de-genero-afinan-detalles-para-un-protocolo\/\" \/>\n<meta property=\"og:site_name\" content=\"Diario Digital Femenino\" \/>\n<meta property=\"article:publisher\" content=\"https:\/\/www.facebook.com\/DiarioDigitaFemenino\/\" \/>\n<meta property=\"article:published_time\" content=\"2019-02-28T20:40:43+00:00\" \/>\n<meta property=\"og:image\" content=\"https:\/\/diariofemenino.com.ar\/df\/wp-content\/uploads\/2019\/02\/saccoy.jpg\" \/>\n\t<meta property=\"og:image:width\" content=\"650\" \/>\n\t<meta property=\"og:image:height\" content=\"433\" \/>\n\t<meta property=\"og:image:type\" content=\"image\/jpeg\" \/>\n<meta name=\"author\" content=\"Admin\" \/>\n<meta name=\"twitter:card\" content=\"summary_large_image\" \/>\n<meta name=\"twitter:creator\" content=\"@DiarioFemenino1\" \/>\n<meta name=\"twitter:site\" content=\"@DiarioFemenino1\" \/>\n<meta name=\"twitter:label1\" content=\"Escrito por\" \/>\n\t<meta name=\"twitter:data1\" content=\"Admin\" \/>\n\t<meta name=\"twitter:label2\" content=\"Tiempo de lectura\" \/>\n\t<meta name=\"twitter:data2\" content=\"2 minutos\" \/>\n<script type=\"application\/ld+json\" class=\"yoast-schema-graph\">{\"@context\":\"https:\\\/\\\/schema.org\",\"@graph\":[{\"@type\":\"Article\",\"@id\":\"https:\\\/\\\/diariofemenino.com.ar\\\/df\\\/violencia-familiar-y-de-genero-afinan-detalles-para-un-protocolo\\\/#article\",\"isPartOf\":{\"@id\":\"https:\\\/\\\/diariofemenino.com.ar\\\/df\\\/violencia-familiar-y-de-genero-afinan-detalles-para-un-protocolo\\\/\"},\"author\":{\"name\":\"Admin\",\"@id\":\"https:\\\/\\\/diariofemenino.com.ar\\\/df\\\/#\\\/schema\\\/person\\\/1c36bc3bf394d8ec320814298b4fdd3f\"},\"headline\":\"Violencia familiar y de g\u00e9nero: afinan detalles para un protocolo\",\"datePublished\":\"2019-02-28T20:40:43+00:00\",\"mainEntityOfPage\":{\"@id\":\"https:\\\/\\\/diariofemenino.com.ar\\\/df\\\/violencia-familiar-y-de-genero-afinan-detalles-para-un-protocolo\\\/\"},\"wordCount\":395,\"commentCount\":0,\"publisher\":{\"@id\":\"https:\\\/\\\/diariofemenino.com.ar\\\/df\\\/#organization\"},\"image\":{\"@id\":\"https:\\\/\\\/diariofemenino.com.ar\\\/df\\\/violencia-familiar-y-de-genero-afinan-detalles-para-un-protocolo\\\/#primaryimage\"},\"thumbnailUrl\":\"https:\\\/\\\/diariofemenino.com.ar\\\/df\\\/wp-content\\\/uploads\\\/2019\\\/02\\\/saccoy.jpg\",\"keywords\":[\"#politicasdegenero\",\"Mujeres\",\"protocolos\",\"violecia de genero\"],\"articleSection\":[\"Violencias\"],\"inLanguage\":\"es\",\"potentialAction\":[{\"@type\":\"CommentAction\",\"name\":\"Comment\",\"target\":[\"https:\\\/\\\/diariofemenino.com.ar\\\/df\\\/violencia-familiar-y-de-genero-afinan-detalles-para-un-protocolo\\\/#respond\"]}]},{\"@type\":\"WebPage\",\"@id\":\"https:\\\/\\\/diariofemenino.com.ar\\\/df\\\/violencia-familiar-y-de-genero-afinan-detalles-para-un-protocolo\\\/\",\"url\":\"https:\\\/\\\/diariofemenino.com.ar\\\/df\\\/violencia-familiar-y-de-genero-afinan-detalles-para-un-protocolo\\\/\",\"name\":\"Violencia familiar y de g\u00e9nero: afinan detalles para un protocolo - Diario Digital Femenino\",\"isPartOf\":{\"@id\":\"https:\\\/\\\/diariofemenino.com.ar\\\/df\\\/#website\"},\"primaryImageOfPage\":{\"@id\":\"https:\\\/\\\/diariofemenino.com.ar\\\/df\\\/violencia-familiar-y-de-genero-afinan-detalles-para-un-protocolo\\\/#primaryimage\"},\"image\":{\"@id\":\"https:\\\/\\\/diariofemenino.com.ar\\\/df\\\/violencia-familiar-y-de-genero-afinan-detalles-para-un-protocolo\\\/#primaryimage\"},\"thumbnailUrl\":\"https:\\\/\\\/diariofemenino.com.ar\\\/df\\\/wp-content\\\/uploads\\\/2019\\\/02\\\/saccoy.jpg\",\"datePublished\":\"2019-02-28T20:40:43+00:00\",\"description\":\"El fiscal Marcos Sacco y Emanuel Soria se reunieron para afinan detalles para un protocolo Violencia familiar y de g\u00e9nero.\",\"breadcrumb\":{\"@id\":\"https:\\\/\\\/diariofemenino.com.ar\\\/df\\\/violencia-familiar-y-de-genero-afinan-detalles-para-un-protocolo\\\/#breadcrumb\"},\"inLanguage\":\"es\",\"potentialAction\":[{\"@type\":\"ReadAction\",\"target\":[\"https:\\\/\\\/diariofemenino.com.ar\\\/df\\\/violencia-familiar-y-de-genero-afinan-detalles-para-un-protocolo\\\/\"]}]},{\"@type\":\"ImageObject\",\"inLanguage\":\"es\",\"@id\":\"https:\\\/\\\/diariofemenino.com.ar\\\/df\\\/violencia-familiar-y-de-genero-afinan-detalles-para-un-protocolo\\\/#primaryimage\",\"url\":\"https:\\\/\\\/diariofemenino.com.ar\\\/df\\\/wp-content\\\/uploads\\\/2019\\\/02\\\/saccoy.jpg\",\"contentUrl\":\"https:\\\/\\\/diariofemenino.com.ar\\\/df\\\/wp-content\\\/uploads\\\/2019\\\/02\\\/saccoy.jpg\",\"width\":650,\"height\":433},{\"@type\":\"BreadcrumbList\",\"@id\":\"https:\\\/\\\/diariofemenino.com.ar\\\/df\\\/violencia-familiar-y-de-genero-afinan-detalles-para-un-protocolo\\\/#breadcrumb\",\"itemListElement\":[{\"@type\":\"ListItem\",\"position\":1,\"name\":\"Portada\",\"item\":\"https:\\\/\\\/diariofemenino.com.ar\\\/df\\\/\"},{\"@type\":\"ListItem\",\"position\":2,\"name\":\"Violencia familiar y de g\u00e9nero: afinan detalles para un protocolo\"}]},{\"@type\":\"WebSite\",\"@id\":\"https:\\\/\\\/diariofemenino.com.ar\\\/df\\\/#website\",\"url\":\"https:\\\/\\\/diariofemenino.com.ar\\\/df\\\/\",\"name\":\"Diario Digital Femenino\",\"description\":\"Cuesti\u00f3n de G\u00e9nero\",\"publisher\":{\"@id\":\"https:\\\/\\\/diariofemenino.com.ar\\\/df\\\/#organization\"},\"potentialAction\":[{\"@type\":\"SearchAction\",\"target\":{\"@type\":\"EntryPoint\",\"urlTemplate\":\"https:\\\/\\\/diariofemenino.com.ar\\\/df\\\/?s={search_term_string}\"},\"query-input\":{\"@type\":\"PropertyValueSpecification\",\"valueRequired\":true,\"valueName\":\"search_term_string\"}}],\"inLanguage\":\"es\"},{\"@type\":\"Organization\",\"@id\":\"https:\\\/\\\/diariofemenino.com.ar\\\/df\\\/#organization\",\"name\":\"Diario Femenino\",\"url\":\"https:\\\/\\\/diariofemenino.com.ar\\\/df\\\/\",\"logo\":{\"@type\":\"ImageObject\",\"inLanguage\":\"es\",\"@id\":\"https:\\\/\\\/diariofemenino.com.ar\\\/df\\\/#\\\/schema\\\/logo\\\/image\\\/\",\"url\":\"https:\\\/\\\/diariofemenino.com.ar\\\/df\\\/wp-content\\\/uploads\\\/2018\\\/10\\\/logo.png\",\"contentUrl\":\"https:\\\/\\\/diariofemenino.com.ar\\\/df\\\/wp-content\\\/uploads\\\/2018\\\/10\\\/logo.png\",\"width\":500,\"height\":92,\"caption\":\"Diario Femenino\"},\"image\":{\"@id\":\"https:\\\/\\\/diariofemenino.com.ar\\\/df\\\/#\\\/schema\\\/logo\\\/image\\\/\"},\"sameAs\":[\"https:\\\/\\\/www.facebook.com\\\/DiarioDigitaFemenino\\\/\",\"https:\\\/\\\/x.com\\\/DiarioFemenino1\"]},{\"@type\":\"Person\",\"@id\":\"https:\\\/\\\/diariofemenino.com.ar\\\/df\\\/#\\\/schema\\\/person\\\/1c36bc3bf394d8ec320814298b4fdd3f\",\"name\":\"Admin\",\"image\":{\"@type\":\"ImageObject\",\"inLanguage\":\"es\",\"@id\":\"https:\\\/\\\/diariofemenino.com.ar\\\/df\\\/wp-content\\\/uploads\\\/2018\\\/12\\\/favicon-150x150.jpg\",\"url\":\"https:\\\/\\\/diariofemenino.com.ar\\\/df\\\/wp-content\\\/uploads\\\/2018\\\/12\\\/favicon-150x150.jpg\",\"contentUrl\":\"https:\\\/\\\/diariofemenino.com.ar\\\/df\\\/wp-content\\\/uploads\\\/2018\\\/12\\\/favicon-150x150.jpg\",\"caption\":\"Admin\"},\"url\":\"https:\\\/\\\/diariofemenino.com.ar\\\/df\\\/author\\\/sofiperez\\\/\"}]}<\/script>\n<!-- \/ Yoast SEO plugin. -->","yoast_head_json":{"title":"Violencia familiar y de g\u00e9nero: afinan detalles para un protocolo - Diario Digital Femenino","description":"El fiscal Marcos Sacco y Emanuel Soria se reunieron para afinan detalles para un protocolo Violencia familiar y de g\u00e9nero.","robots":{"index":"index","follow":"follow","max-snippet":"max-snippet:-1","max-image-preview":"max-image-preview:large","max-video-preview":"max-video-preview:-1"},"canonical":"https:\/\/diariofemenino.com.ar\/df\/violencia-familiar-y-de-genero-afinan-detalles-para-un-protocolo\/","og_locale":"es_ES","og_type":"article","og_title":"Violencia familiar y de g\u00e9nero: afinan detalles para un protocolo - Diario Digital Femenino","og_description":"El fiscal Marcos Sacco y Emanuel Soria se reunieron para afinan detalles para un protocolo Violencia familiar y de g\u00e9nero.","og_url":"https:\/\/diariofemenino.com.ar\/df\/violencia-familiar-y-de-genero-afinan-detalles-para-un-protocolo\/","og_site_name":"Diario Digital Femenino","article_publisher":"https:\/\/www.facebook.com\/DiarioDigitaFemenino\/","article_published_time":"2019-02-28T20:40:43+00:00","og_image":[{"width":650,"height":433,"url":"https:\/\/diariofemenino.com.ar\/df\/wp-content\/uploads\/2019\/02\/saccoy.jpg","type":"image\/jpeg"}],"author":"Admin","twitter_card":"summary_large_image","twitter_creator":"@DiarioFemenino1","twitter_site":"@DiarioFemenino1","twitter_misc":{"Escrito por":"Admin","Tiempo de lectura":"2 minutos"},"schema":{"@context":"https:\/\/schema.org","@graph":[{"@type":"Article","@id":"https:\/\/diariofemenino.com.ar\/df\/violencia-familiar-y-de-genero-afinan-detalles-para-un-protocolo\/#article","isPartOf":{"@id":"https:\/\/diariofemenino.com.ar\/df\/violencia-familiar-y-de-genero-afinan-detalles-para-un-protocolo\/"},"author":{"name":"Admin","@id":"https:\/\/diariofemenino.com.ar\/df\/#\/schema\/person\/1c36bc3bf394d8ec320814298b4fdd3f"},"headline":"Violencia familiar y de g\u00e9nero: afinan detalles para un protocolo","datePublished":"2019-02-28T20:40:43+00:00","mainEntityOfPage":{"@id":"https:\/\/diariofemenino.com.ar\/df\/violencia-familiar-y-de-genero-afinan-detalles-para-un-protocolo\/"},"wordCount":395,"commentCount":0,"publisher":{"@id":"https:\/\/diariofemenino.com.ar\/df\/#organization"},"image":{"@id":"https:\/\/diariofemenino.com.ar\/df\/violencia-familiar-y-de-genero-afinan-detalles-para-un-protocolo\/#primaryimage"},"thumbnailUrl":"https:\/\/diariofemenino.com.ar\/df\/wp-content\/uploads\/2019\/02\/saccoy.jpg","keywords":["#politicasdegenero","Mujeres","protocolos","violecia de genero"],"articleSection":["Violencias"],"inLanguage":"es","potentialAction":[{"@type":"CommentAction","name":"Comment","target":["https:\/\/diariofemenino.com.ar\/df\/violencia-familiar-y-de-genero-afinan-detalles-para-un-protocolo\/#respond"]}]},{"@type":"WebPage","@id":"https:\/\/diariofemenino.com.ar\/df\/violencia-familiar-y-de-genero-afinan-detalles-para-un-protocolo\/","url":"https:\/\/diariofemenino.com.ar\/df\/violencia-familiar-y-de-genero-afinan-detalles-para-un-protocolo\/","name":"Violencia familiar y de g\u00e9nero: afinan detalles para un protocolo - Diario Digital Femenino","isPartOf":{"@id":"https:\/\/diariofemenino.com.ar\/df\/#website"},"primaryImageOfPage":{"@id":"https:\/\/diariofemenino.com.ar\/df\/violencia-familiar-y-de-genero-afinan-detalles-para-un-protocolo\/#primaryimage"},"image":{"@id":"https:\/\/diariofemenino.com.ar\/df\/violencia-familiar-y-de-genero-afinan-detalles-para-un-protocolo\/#primaryimage"},"thumbnailUrl":"https:\/\/diariofemenino.com.ar\/df\/wp-content\/uploads\/2019\/02\/saccoy.jpg","datePublished":"2019-02-28T20:40:43+00:00","description":"El fiscal Marcos Sacco y Emanuel Soria se reunieron para afinan detalles para un protocolo Violencia familiar y de g\u00e9nero.","breadcrumb":{"@id":"https:\/\/diariofemenino.com.ar\/df\/violencia-familiar-y-de-genero-afinan-detalles-para-un-protocolo\/#breadcrumb"},"inLanguage":"es","potentialAction":[{"@type":"ReadAction","target":["https:\/\/diariofemenino.com.ar\/df\/violencia-familiar-y-de-genero-afinan-detalles-para-un-protocolo\/"]}]},{"@type":"ImageObject","inLanguage":"es","@id":"https:\/\/diariofemenino.com.ar\/df\/violencia-familiar-y-de-genero-afinan-detalles-para-un-protocolo\/#primaryimage","url":"https:\/\/diariofemenino.com.ar\/df\/wp-content\/uploads\/2019\/02\/saccoy.jpg","contentUrl":"https:\/\/diariofemenino.com.ar\/df\/wp-content\/uploads\/2019\/02\/saccoy.jpg","width":650,"height":433},{"@type":"BreadcrumbList","@id":"https:\/\/diariofemenino.com.ar\/df\/violencia-familiar-y-de-genero-afinan-detalles-para-un-protocolo\/#breadcrumb","itemListElement":[{"@type":"ListItem","position":1,"name":"Portada","item":"https:\/\/diariofemenino.com.ar\/df\/"},{"@type":"ListItem","position":2,"name":"Violencia familiar y de g\u00e9nero: afinan detalles para un protocolo"}]},{"@type":"WebSite","@id":"https:\/\/diariofemenino.com.ar\/df\/#website","url":"https:\/\/diariofemenino.com.ar\/df\/","name":"Diario Digital Femenino","description":"Cuesti\u00f3n de G\u00e9nero","publisher":{"@id":"https:\/\/diariofemenino.com.ar\/df\/#organization"},"potentialAction":[{"@type":"SearchAction","target":{"@type":"EntryPoint","urlTemplate":"https:\/\/diariofemenino.com.ar\/df\/?s={search_term_string}"},"query-input":{"@type":"PropertyValueSpecification","valueRequired":true,"valueName":"search_term_string"}}],"inLanguage":"es"},{"@type":"Organization","@id":"https:\/\/diariofemenino.com.ar\/df\/#organization","name":"Diario Femenino","url":"https:\/\/diariofemenino.com.ar\/df\/","logo":{"@type":"ImageObject","inLanguage":"es","@id":"https:\/\/diariofemenino.com.ar\/df\/#\/schema\/logo\/image\/","url":"https:\/\/diariofemenino.com.ar\/df\/wp-content\/uploads\/2018\/10\/logo.png","contentUrl":"https:\/\/diariofemenino.com.ar\/df\/wp-content\/uploads\/2018\/10\/logo.png","width":500,"height":92,"caption":"Diario Femenino"},"image":{"@id":"https:\/\/diariofemenino.com.ar\/df\/#\/schema\/logo\/image\/"},"sameAs":["https:\/\/www.facebook.com\/DiarioDigitaFemenino\/","https:\/\/x.com\/DiarioFemenino1"]},{"@type":"Person","@id":"https:\/\/diariofemenino.com.ar\/df\/#\/schema\/person\/1c36bc3bf394d8ec320814298b4fdd3f","name":"Admin","image":{"@type":"ImageObject","inLanguage":"es","@id":"https:\/\/diariofemenino.com.ar\/df\/wp-content\/uploads\/2018\/12\/favicon-150x150.jpg","url":"https:\/\/diariofemenino.com.ar\/df\/wp-content\/uploads\/2018\/12\/favicon-150x150.jpg","contentUrl":"https:\/\/diariofemenino.com.ar\/df\/wp-content\/uploads\/2018\/12\/favicon-150x150.jpg","caption":"Admin"},"url":"https:\/\/diariofemenino.com.ar\/df\/author\/sofiperez\/"}]}},"jetpack_featured_media_url":"https:\/\/diariofemenino.com.ar\/df\/wp-content\/uploads\/2019\/02\/saccoy.jpg","jetpack_sharing_enabled":true,"rttpg_featured_image_url":{"full":["https:\/\/diariofemenino.com.ar\/df\/wp-content\/uploads\/2019\/02\/saccoy.jpg",650,433,false],"landscape":["https:\/\/diariofemenino.com.ar\/df\/wp-content\/uploads\/2019\/02\/saccoy.jpg",650,433,false],"portraits":["https:\/\/diariofemenino.com.ar\/df\/wp-content\/uploads\/2019\/02\/saccoy.jpg",650,433,false],"thumbnail":["https:\/\/diariofemenino.com.ar\/df\/wp-content\/uploads\/2019\/02\/saccoy-150x150.jpg",150,150,true],"medium":["https:\/\/diariofemenino.com.ar\/df\/wp-content\/uploads\/2019\/02\/saccoy-300x200.jpg",300,200,true],"large":["https:\/\/diariofemenino.com.ar\/df\/wp-content\/uploads\/2019\/02\/saccoy.jpg",650,433,false],"1536x1536":["https:\/\/diariofemenino.com.ar\/df\/wp-content\/uploads\/2019\/02\/saccoy.jpg",650,433,false],"2048x2048":["https:\/\/diariofemenino.com.ar\/df\/wp-content\/uploads\/2019\/02\/saccoy.jpg",650,433,false]},"rttpg_author":{"display_name":"Admin","author_link":"https:\/\/diariofemenino.com.ar\/df\/author\/sofiperez\/"},"rttpg_comment":0,"rttpg_category":"<a href=\"https:\/\/diariofemenino.com.ar\/df\/category\/violencias\/\" rel=\"category tag\">Violencias<\/a>","rttpg_excerpt":"El fiscal Marcos Sacco y Emanuel Soria -de la Secretar\u00eda de Pol\u00edtica Criminal del Ministerio P\u00fablico-\u00a0se reunieron para ultimar los detalles referidos al documento que se presentar\u00e1 en las VIII Jornadas Internacionales de Vilencia de G\u00e9nero y Delitos Conexos. El fiscal Marcos Sacco, perteneciente a la fiscal\u00eda de Violencia Familiar y de G\u00e9nero, junto a&hellip;","_links":{"self":[{"href":"https:\/\/diariofemenino.com.ar\/df\/wp-json\/wp\/v2\/posts\/32210","targetHints":{"allow":["GET"]}}],"collection":[{"href":"https:\/\/diariofemenino.com.ar\/df\/wp-json\/wp\/v2\/posts"}],"about":[{"href":"https:\/\/diariofemenino.com.ar\/df\/wp-json\/wp\/v2\/types\/post"}],"author":[{"embeddable":true,"href":"https:\/\/diariofemenino.com.ar\/df\/wp-json\/wp\/v2\/users\/3"}],"replies":[{"embeddable":true,"href":"https:\/\/diariofemenino.com.ar\/df\/wp-json\/wp\/v2\/comments?post=32210"}],"version-history":[{"count":0,"href":"https:\/\/diariofemenino.com.ar\/df\/wp-json\/wp\/v2\/posts\/32210\/revisions"}],"wp:featuredmedia":[{"embeddable":true,"href":"https:\/\/diariofemenino.com.ar\/df\/wp-json\/wp\/v2\/media\/32212"}],"wp:attachment":[{"href":"https:\/\/diariofemenino.com.ar\/df\/wp-json\/wp\/v2\/media?parent=32210"}],"wp:term":[{"taxonomy":"category","embeddable":true,"href":"https:\/\/diariofemenino.com.ar\/df\/wp-json\/wp\/v2\/categories?post=32210"},{"taxonomy":"post_tag","embeddable":true,"href":"https:\/\/diariofemenino.com.ar\/df\/wp-json\/wp\/v2\/tags?post=32210"}],"curies":[{"name":"wp","href":"https:\/\/api.w.org\/{rel}","templated":true}]}}