{"id":3216,"date":"2012-08-16T12:54:15","date_gmt":"2012-08-16T15:54:15","guid":{"rendered":"http:\/\/www.diariofemenino.com.ar\/?p=3216"},"modified":"2012-08-16T12:54:15","modified_gmt":"2012-08-16T15:54:15","slug":"continuan-realizandose-talleres-de-genero-en-todo-el-pais","status":"publish","type":"post","link":"https:\/\/diariofemenino.com.ar\/df\/continuan-realizandose-talleres-de-genero-en-todo-el-pais\/","title":{"rendered":"Contin\u00faan realiz\u00e1ndose talleres de g\u00e9nero en todo el pa\u00eds"},"content":{"rendered":"<p>&nbsp;<br \/>\n&nbsp;<\/p>\n<div>\n<div><em>Tuvieron lugar el 9 y 10 de agosto en Tucum\u00e1n y el 4 de agosto en la localidad de Merlo, provincia de Buenos Aires. Estos encuentros brindaron un espacio de participaci\u00f3n colectiva destinado a erradicar la violencia de contra las mujeres.\u00a0<\/em><\/div>\n<\/div>\n<div><\/div>\n<div><a href=\"http:\/\/www.diariofemenino.com.ar\/wp-content\/uploads\/5748_raw.jpg\"><img loading=\"lazy\" decoding=\"async\" class=\"alignleft size-full wp-image-3217\" src=\"http:\/\/www.diariofemenino.com.ar\/wp-content\/uploads\/5748_raw.jpg\" alt=\"\" width=\"595\" height=\"390\" \/><\/a><\/div>\n<div><\/div>\n<div><\/div>\n<div><\/div>\n<div><\/div>\n<div><\/div>\n<div><\/div>\n<div><\/div>\n<div><\/div>\n<div><\/div>\n<div><\/div>\n<div><\/div>\n<div><\/div>\n<div><\/div>\n<div><\/div>\n<div><\/div>\n<div><\/div>\n<div><\/div>\n<div><\/div>\n<div><\/div>\n<div><\/div>\n<div><\/div>\n<div><\/div>\n<div>\n<div>15 de agosto de 2012. Los talleres de sensibilizaci\u00f3n sobre perspectiva de g\u00e9nero, organizados por el <a title=\"Ir al sitio del CNM\" href=\"http:\/\/www.cnm.gov.ar\/\" target=\"_blank\">Consejo Nacional de las Mujeres<\/a> (CNM), contin\u00faan realiz\u00e1ndose en todo el territorio nacional. Durante los mismos, los participantes <strong>reflexionaron<\/strong> sobre la problem\u00e1tica de la violencia de g\u00e9nero y se <strong>capacitaron<\/strong> sobre los derechos de las mujeres.<br \/>\nEn la ciudad tucumana de Montero, en la Feria del Libro Infanto-juvenil, se dictaron cinco talleres donde participaron <strong>240 j\u00f3venes y estudiantes<\/strong> secundarios de las ciudades de Monteros y R\u00edo Seco. En ellos, se trabaj\u00f3 sobre las tem\u00e1ticas de violencia en los noviazgos adolescentes, sensibilizaci\u00f3n y perspectiva de g\u00e9nero y derechos de las mujeres.<br \/>\nA su vez, en la localidad de Merlo, provincia de Buenos Aires el taller realiz\u00f3 un recorrido hist\u00f3rico de los avances de los derechos de las mujeres a nivel nacional e internacional, trabajando con diferentes t\u00e9cnicas y <strong>din\u00e1micas participativas<\/strong> para que los y las asistentes puedan replicar los contenidos en sus respectivas comunidades.<br \/>\nPor otra parte, el equipo de la Direcci\u00f3n de Gesti\u00f3n Administrativa y Programas Especiales del Consejo (CNM) recorri\u00f3 ayer el partido de general Belgrano, provincia de Buenos Aires y se reuni\u00f3 con el intendente, Jorge Eijo, con el objetivo de promover la <strong>creaci\u00f3n de un \u00c1rea Mujer<\/strong> en el municipio.<br \/>\nEste tipo de iniciativas de <strong>debate<\/strong> y <strong>construcci\u00f3n colectiva<\/strong> se realizan en el marco de las pol\u00edticas p\u00fablicas que promueve el Gobierno nacional, destinadas a <strong>reconocer y respetar<\/strong> los derechos de todas y todos los ciudadanos de nuestro pa\u00eds.<\/div>\n<\/div>\n<div><\/div>\n<div><\/div>\n<div><\/div>\n<div><\/div>\n<div><\/div>\n<div><\/div>\n<div>Fuente: \u00a0<a href=\"http:\/\/www.desarrollosocial.gov.ar\/Noticia\/talleresgeneromerlotucuman\/1421\" target=\"_blank\">Ministerio de Desarrollo Social<\/a><\/div>\n","protected":false},"excerpt":{"rendered":"<p>&nbsp; &nbsp; Tuvieron lugar el 9 y 10 de agosto en Tucum\u00e1n y el 4 de agosto en la localidad de Merlo, provincia de Buenos Aires. Estos encuentros brindaron un espacio de participaci\u00f3n colectiva destinado a erradicar la violencia de contra las mujeres.\u00a0 15 de agosto de 2012. Los talleres de sensibilizaci\u00f3n sobre perspectiva de [&hellip;]<\/p>\n","protected":false},"author":1,"featured_media":0,"comment_status":"open","ping_status":"open","sticky":false,"template":"","format":"standard","meta":{"iawp_total_views":1,"footnotes":""},"categories":[4,13],"tags":[],"class_list":["post-3216","post","type-post","status-publish","format-standard","hentry","category-medios","category-mujeres-sindicalistas"],"nelio_content":{"autoShareEndMode":"never","automationSources":{"useCustomSentences":false,"customSentences":[]},"efiAlt":"","efiUrl":"","followers":[],"highlights":[],"isAutoShareEnabled":true,"networkImageIds":[],"permalinkQueryArgs":[],"series":[],"suggestedReferences":[]},"yoast_head":"<!-- This site is optimized with the Yoast SEO plugin v27.4 - https:\/\/yoast.com\/product\/yoast-seo-wordpress\/ -->\n<title>Contin\u00faan realiz\u00e1ndose talleres de g\u00e9nero en todo el pa\u00eds - Diario Digital Femenino<\/title>\n<meta name=\"robots\" content=\"index, follow, max-snippet:-1, max-image-preview:large, max-video-preview:-1\" \/>\n<link rel=\"canonical\" href=\"https:\/\/diariofemenino.com.ar\/df\/continuan-realizandose-talleres-de-genero-en-todo-el-pais\/\" \/>\n<meta property=\"og:locale\" content=\"es_ES\" \/>\n<meta property=\"og:type\" content=\"article\" \/>\n<meta property=\"og:title\" content=\"Contin\u00faan realiz\u00e1ndose talleres de g\u00e9nero en todo el pa\u00eds - Diario Digital Femenino\" \/>\n<meta property=\"og:description\" content=\"&nbsp; &nbsp; Tuvieron lugar el 9 y 10 de agosto en Tucum\u00e1n y el 4 de agosto en la localidad de Merlo, provincia de Buenos Aires. Estos encuentros brindaron un espacio de participaci\u00f3n colectiva destinado a erradicar la violencia de contra las mujeres.\u00a0 15 de agosto de 2012. Los talleres de sensibilizaci\u00f3n sobre perspectiva de [&hellip;]\" \/>\n<meta property=\"og:url\" content=\"https:\/\/diariofemenino.com.ar\/df\/continuan-realizandose-talleres-de-genero-en-todo-el-pais\/\" \/>\n<meta property=\"og:site_name\" content=\"Diario Digital Femenino\" \/>\n<meta property=\"article:publisher\" content=\"https:\/\/www.facebook.com\/DiarioDigitaFemenino\/\" \/>\n<meta property=\"article:published_time\" content=\"2012-08-16T15:54:15+00:00\" \/>\n<meta property=\"og:image\" content=\"http:\/\/www.diariofemenino.com.ar\/wp-content\/uploads\/5748_raw.jpg\" \/>\n<meta name=\"author\" content=\"Admin\" \/>\n<meta name=\"twitter:card\" content=\"summary_large_image\" \/>\n<meta name=\"twitter:creator\" content=\"@DiarioFemenino1\" \/>\n<meta name=\"twitter:site\" content=\"@DiarioFemenino1\" \/>\n<meta name=\"twitter:label1\" content=\"Escrito por\" \/>\n\t<meta name=\"twitter:data1\" content=\"Admin\" \/>\n\t<meta name=\"twitter:label2\" content=\"Tiempo de lectura\" \/>\n\t<meta name=\"twitter:data2\" content=\"2 minutos\" \/>\n<script type=\"application\/ld+json\" class=\"yoast-schema-graph\">{\"@context\":\"https:\\\/\\\/schema.org\",\"@graph\":[{\"@type\":\"Article\",\"@id\":\"https:\\\/\\\/diariofemenino.com.ar\\\/df\\\/continuan-realizandose-talleres-de-genero-en-todo-el-pais\\\/#article\",\"isPartOf\":{\"@id\":\"https:\\\/\\\/diariofemenino.com.ar\\\/df\\\/continuan-realizandose-talleres-de-genero-en-todo-el-pais\\\/\"},\"author\":{\"name\":\"Admin\",\"@id\":\"https:\\\/\\\/diariofemenino.com.ar\\\/df\\\/#\\\/schema\\\/person\\\/38f54b3bfd13f561de2460ba95c169c6\"},\"headline\":\"Contin\u00faan realiz\u00e1ndose talleres de g\u00e9nero en todo el pa\u00eds\",\"datePublished\":\"2012-08-16T15:54:15+00:00\",\"mainEntityOfPage\":{\"@id\":\"https:\\\/\\\/diariofemenino.com.ar\\\/df\\\/continuan-realizandose-talleres-de-genero-en-todo-el-pais\\\/\"},\"wordCount\":326,\"commentCount\":0,\"publisher\":{\"@id\":\"https:\\\/\\\/diariofemenino.com.ar\\\/df\\\/#organization\"},\"image\":{\"@id\":\"https:\\\/\\\/diariofemenino.com.ar\\\/df\\\/continuan-realizandose-talleres-de-genero-en-todo-el-pais\\\/#primaryimage\"},\"thumbnailUrl\":\"http:\\\/\\\/www.diariofemenino.com.ar\\\/wp-content\\\/uploads\\\/5748_raw.jpg\",\"articleSection\":[\"Medios\",\"Mujeres Sindicalistas\"],\"inLanguage\":\"es\",\"potentialAction\":[{\"@type\":\"CommentAction\",\"name\":\"Comment\",\"target\":[\"https:\\\/\\\/diariofemenino.com.ar\\\/df\\\/continuan-realizandose-talleres-de-genero-en-todo-el-pais\\\/#respond\"]}]},{\"@type\":\"WebPage\",\"@id\":\"https:\\\/\\\/diariofemenino.com.ar\\\/df\\\/continuan-realizandose-talleres-de-genero-en-todo-el-pais\\\/\",\"url\":\"https:\\\/\\\/diariofemenino.com.ar\\\/df\\\/continuan-realizandose-talleres-de-genero-en-todo-el-pais\\\/\",\"name\":\"Contin\u00faan realiz\u00e1ndose talleres de g\u00e9nero en todo el pa\u00eds - Diario Digital Femenino\",\"isPartOf\":{\"@id\":\"https:\\\/\\\/diariofemenino.com.ar\\\/df\\\/#website\"},\"primaryImageOfPage\":{\"@id\":\"https:\\\/\\\/diariofemenino.com.ar\\\/df\\\/continuan-realizandose-talleres-de-genero-en-todo-el-pais\\\/#primaryimage\"},\"image\":{\"@id\":\"https:\\\/\\\/diariofemenino.com.ar\\\/df\\\/continuan-realizandose-talleres-de-genero-en-todo-el-pais\\\/#primaryimage\"},\"thumbnailUrl\":\"http:\\\/\\\/www.diariofemenino.com.ar\\\/wp-content\\\/uploads\\\/5748_raw.jpg\",\"datePublished\":\"2012-08-16T15:54:15+00:00\",\"breadcrumb\":{\"@id\":\"https:\\\/\\\/diariofemenino.com.ar\\\/df\\\/continuan-realizandose-talleres-de-genero-en-todo-el-pais\\\/#breadcrumb\"},\"inLanguage\":\"es\",\"potentialAction\":[{\"@type\":\"ReadAction\",\"target\":[\"https:\\\/\\\/diariofemenino.com.ar\\\/df\\\/continuan-realizandose-talleres-de-genero-en-todo-el-pais\\\/\"]}]},{\"@type\":\"ImageObject\",\"inLanguage\":\"es\",\"@id\":\"https:\\\/\\\/diariofemenino.com.ar\\\/df\\\/continuan-realizandose-talleres-de-genero-en-todo-el-pais\\\/#primaryimage\",\"url\":\"http:\\\/\\\/www.diariofemenino.com.ar\\\/wp-content\\\/uploads\\\/5748_raw.jpg\",\"contentUrl\":\"http:\\\/\\\/www.diariofemenino.com.ar\\\/wp-content\\\/uploads\\\/5748_raw.jpg\"},{\"@type\":\"BreadcrumbList\",\"@id\":\"https:\\\/\\\/diariofemenino.com.ar\\\/df\\\/continuan-realizandose-talleres-de-genero-en-todo-el-pais\\\/#breadcrumb\",\"itemListElement\":[{\"@type\":\"ListItem\",\"position\":1,\"name\":\"Portada\",\"item\":\"https:\\\/\\\/diariofemenino.com.ar\\\/df\\\/\"},{\"@type\":\"ListItem\",\"position\":2,\"name\":\"Contin\u00faan realiz\u00e1ndose talleres de g\u00e9nero en todo el pa\u00eds\"}]},{\"@type\":\"WebSite\",\"@id\":\"https:\\\/\\\/diariofemenino.com.ar\\\/df\\\/#website\",\"url\":\"https:\\\/\\\/diariofemenino.com.ar\\\/df\\\/\",\"name\":\"Diario Digital Femenino\",\"description\":\"Cuesti\u00f3n de G\u00e9nero\",\"publisher\":{\"@id\":\"https:\\\/\\\/diariofemenino.com.ar\\\/df\\\/#organization\"},\"potentialAction\":[{\"@type\":\"SearchAction\",\"target\":{\"@type\":\"EntryPoint\",\"urlTemplate\":\"https:\\\/\\\/diariofemenino.com.ar\\\/df\\\/?s={search_term_string}\"},\"query-input\":{\"@type\":\"PropertyValueSpecification\",\"valueRequired\":true,\"valueName\":\"search_term_string\"}}],\"inLanguage\":\"es\"},{\"@type\":\"Organization\",\"@id\":\"https:\\\/\\\/diariofemenino.com.ar\\\/df\\\/#organization\",\"name\":\"Diario Femenino\",\"url\":\"https:\\\/\\\/diariofemenino.com.ar\\\/df\\\/\",\"logo\":{\"@type\":\"ImageObject\",\"inLanguage\":\"es\",\"@id\":\"https:\\\/\\\/diariofemenino.com.ar\\\/df\\\/#\\\/schema\\\/logo\\\/image\\\/\",\"url\":\"https:\\\/\\\/diariofemenino.com.ar\\\/df\\\/wp-content\\\/uploads\\\/2018\\\/10\\\/logo.png\",\"contentUrl\":\"https:\\\/\\\/diariofemenino.com.ar\\\/df\\\/wp-content\\\/uploads\\\/2018\\\/10\\\/logo.png\",\"width\":500,\"height\":92,\"caption\":\"Diario Femenino\"},\"image\":{\"@id\":\"https:\\\/\\\/diariofemenino.com.ar\\\/df\\\/#\\\/schema\\\/logo\\\/image\\\/\"},\"sameAs\":[\"https:\\\/\\\/www.facebook.com\\\/DiarioDigitaFemenino\\\/\",\"https:\\\/\\\/x.com\\\/DiarioFemenino1\"]},{\"@type\":\"Person\",\"@id\":\"https:\\\/\\\/diariofemenino.com.ar\\\/df\\\/#\\\/schema\\\/person\\\/38f54b3bfd13f561de2460ba95c169c6\",\"name\":\"Admin\",\"image\":{\"@type\":\"ImageObject\",\"inLanguage\":\"es\",\"@id\":\"https:\\\/\\\/diariofemenino.com.ar\\\/df\\\/wp-content\\\/uploads\\\/2018\\\/12\\\/favicon-150x150.jpg\",\"url\":\"https:\\\/\\\/diariofemenino.com.ar\\\/df\\\/wp-content\\\/uploads\\\/2018\\\/12\\\/favicon-150x150.jpg\",\"contentUrl\":\"https:\\\/\\\/diariofemenino.com.ar\\\/df\\\/wp-content\\\/uploads\\\/2018\\\/12\\\/favicon-150x150.jpg\",\"caption\":\"Admin\"},\"url\":\"https:\\\/\\\/diariofemenino.com.ar\\\/df\\\/author\\\/adm18df\\\/\"}]}<\/script>\n<!-- \/ Yoast SEO plugin. -->","yoast_head_json":{"title":"Contin\u00faan realiz\u00e1ndose talleres de g\u00e9nero en todo el pa\u00eds - Diario Digital Femenino","robots":{"index":"index","follow":"follow","max-snippet":"max-snippet:-1","max-image-preview":"max-image-preview:large","max-video-preview":"max-video-preview:-1"},"canonical":"https:\/\/diariofemenino.com.ar\/df\/continuan-realizandose-talleres-de-genero-en-todo-el-pais\/","og_locale":"es_ES","og_type":"article","og_title":"Contin\u00faan realiz\u00e1ndose talleres de g\u00e9nero en todo el pa\u00eds - Diario Digital Femenino","og_description":"&nbsp; &nbsp; Tuvieron lugar el 9 y 10 de agosto en Tucum\u00e1n y el 4 de agosto en la localidad de Merlo, provincia de Buenos Aires. Estos encuentros brindaron un espacio de participaci\u00f3n colectiva destinado a erradicar la violencia de contra las mujeres.\u00a0 15 de agosto de 2012. Los talleres de sensibilizaci\u00f3n sobre perspectiva de [&hellip;]","og_url":"https:\/\/diariofemenino.com.ar\/df\/continuan-realizandose-talleres-de-genero-en-todo-el-pais\/","og_site_name":"Diario Digital Femenino","article_publisher":"https:\/\/www.facebook.com\/DiarioDigitaFemenino\/","article_published_time":"2012-08-16T15:54:15+00:00","og_image":[{"url":"http:\/\/www.diariofemenino.com.ar\/wp-content\/uploads\/5748_raw.jpg","type":"","width":"","height":""}],"author":"Admin","twitter_card":"summary_large_image","twitter_creator":"@DiarioFemenino1","twitter_site":"@DiarioFemenino1","twitter_misc":{"Escrito por":"Admin","Tiempo de lectura":"2 minutos"},"schema":{"@context":"https:\/\/schema.org","@graph":[{"@type":"Article","@id":"https:\/\/diariofemenino.com.ar\/df\/continuan-realizandose-talleres-de-genero-en-todo-el-pais\/#article","isPartOf":{"@id":"https:\/\/diariofemenino.com.ar\/df\/continuan-realizandose-talleres-de-genero-en-todo-el-pais\/"},"author":{"name":"Admin","@id":"https:\/\/diariofemenino.com.ar\/df\/#\/schema\/person\/38f54b3bfd13f561de2460ba95c169c6"},"headline":"Contin\u00faan realiz\u00e1ndose talleres de g\u00e9nero en todo el pa\u00eds","datePublished":"2012-08-16T15:54:15+00:00","mainEntityOfPage":{"@id":"https:\/\/diariofemenino.com.ar\/df\/continuan-realizandose-talleres-de-genero-en-todo-el-pais\/"},"wordCount":326,"commentCount":0,"publisher":{"@id":"https:\/\/diariofemenino.com.ar\/df\/#organization"},"image":{"@id":"https:\/\/diariofemenino.com.ar\/df\/continuan-realizandose-talleres-de-genero-en-todo-el-pais\/#primaryimage"},"thumbnailUrl":"http:\/\/www.diariofemenino.com.ar\/wp-content\/uploads\/5748_raw.jpg","articleSection":["Medios","Mujeres Sindicalistas"],"inLanguage":"es","potentialAction":[{"@type":"CommentAction","name":"Comment","target":["https:\/\/diariofemenino.com.ar\/df\/continuan-realizandose-talleres-de-genero-en-todo-el-pais\/#respond"]}]},{"@type":"WebPage","@id":"https:\/\/diariofemenino.com.ar\/df\/continuan-realizandose-talleres-de-genero-en-todo-el-pais\/","url":"https:\/\/diariofemenino.com.ar\/df\/continuan-realizandose-talleres-de-genero-en-todo-el-pais\/","name":"Contin\u00faan realiz\u00e1ndose talleres de g\u00e9nero en todo el pa\u00eds - Diario Digital Femenino","isPartOf":{"@id":"https:\/\/diariofemenino.com.ar\/df\/#website"},"primaryImageOfPage":{"@id":"https:\/\/diariofemenino.com.ar\/df\/continuan-realizandose-talleres-de-genero-en-todo-el-pais\/#primaryimage"},"image":{"@id":"https:\/\/diariofemenino.com.ar\/df\/continuan-realizandose-talleres-de-genero-en-todo-el-pais\/#primaryimage"},"thumbnailUrl":"http:\/\/www.diariofemenino.com.ar\/wp-content\/uploads\/5748_raw.jpg","datePublished":"2012-08-16T15:54:15+00:00","breadcrumb":{"@id":"https:\/\/diariofemenino.com.ar\/df\/continuan-realizandose-talleres-de-genero-en-todo-el-pais\/#breadcrumb"},"inLanguage":"es","potentialAction":[{"@type":"ReadAction","target":["https:\/\/diariofemenino.com.ar\/df\/continuan-realizandose-talleres-de-genero-en-todo-el-pais\/"]}]},{"@type":"ImageObject","inLanguage":"es","@id":"https:\/\/diariofemenino.com.ar\/df\/continuan-realizandose-talleres-de-genero-en-todo-el-pais\/#primaryimage","url":"http:\/\/www.diariofemenino.com.ar\/wp-content\/uploads\/5748_raw.jpg","contentUrl":"http:\/\/www.diariofemenino.com.ar\/wp-content\/uploads\/5748_raw.jpg"},{"@type":"BreadcrumbList","@id":"https:\/\/diariofemenino.com.ar\/df\/continuan-realizandose-talleres-de-genero-en-todo-el-pais\/#breadcrumb","itemListElement":[{"@type":"ListItem","position":1,"name":"Portada","item":"https:\/\/diariofemenino.com.ar\/df\/"},{"@type":"ListItem","position":2,"name":"Contin\u00faan realiz\u00e1ndose talleres de g\u00e9nero en todo el pa\u00eds"}]},{"@type":"WebSite","@id":"https:\/\/diariofemenino.com.ar\/df\/#website","url":"https:\/\/diariofemenino.com.ar\/df\/","name":"Diario Digital Femenino","description":"Cuesti\u00f3n de G\u00e9nero","publisher":{"@id":"https:\/\/diariofemenino.com.ar\/df\/#organization"},"potentialAction":[{"@type":"SearchAction","target":{"@type":"EntryPoint","urlTemplate":"https:\/\/diariofemenino.com.ar\/df\/?s={search_term_string}"},"query-input":{"@type":"PropertyValueSpecification","valueRequired":true,"valueName":"search_term_string"}}],"inLanguage":"es"},{"@type":"Organization","@id":"https:\/\/diariofemenino.com.ar\/df\/#organization","name":"Diario Femenino","url":"https:\/\/diariofemenino.com.ar\/df\/","logo":{"@type":"ImageObject","inLanguage":"es","@id":"https:\/\/diariofemenino.com.ar\/df\/#\/schema\/logo\/image\/","url":"https:\/\/diariofemenino.com.ar\/df\/wp-content\/uploads\/2018\/10\/logo.png","contentUrl":"https:\/\/diariofemenino.com.ar\/df\/wp-content\/uploads\/2018\/10\/logo.png","width":500,"height":92,"caption":"Diario Femenino"},"image":{"@id":"https:\/\/diariofemenino.com.ar\/df\/#\/schema\/logo\/image\/"},"sameAs":["https:\/\/www.facebook.com\/DiarioDigitaFemenino\/","https:\/\/x.com\/DiarioFemenino1"]},{"@type":"Person","@id":"https:\/\/diariofemenino.com.ar\/df\/#\/schema\/person\/38f54b3bfd13f561de2460ba95c169c6","name":"Admin","image":{"@type":"ImageObject","inLanguage":"es","@id":"https:\/\/diariofemenino.com.ar\/df\/wp-content\/uploads\/2018\/12\/favicon-150x150.jpg","url":"https:\/\/diariofemenino.com.ar\/df\/wp-content\/uploads\/2018\/12\/favicon-150x150.jpg","contentUrl":"https:\/\/diariofemenino.com.ar\/df\/wp-content\/uploads\/2018\/12\/favicon-150x150.jpg","caption":"Admin"},"url":"https:\/\/diariofemenino.com.ar\/df\/author\/adm18df\/"}]}},"jetpack_featured_media_url":"","jetpack_sharing_enabled":true,"rttpg_featured_image_url":null,"rttpg_author":{"display_name":"Admin","author_link":"https:\/\/diariofemenino.com.ar\/df\/author\/adm18df\/"},"rttpg_comment":0,"rttpg_category":"<a href=\"https:\/\/diariofemenino.com.ar\/df\/category\/medios\/\" rel=\"category tag\">Medios<\/a> <a href=\"https:\/\/diariofemenino.com.ar\/df\/category\/mujeres-sindicalistas\/\" rel=\"category tag\">Mujeres Sindicalistas<\/a>","rttpg_excerpt":"&nbsp; &nbsp; Tuvieron lugar el 9 y 10 de agosto en Tucum\u00e1n y el 4 de agosto en la localidad de Merlo, provincia de Buenos Aires. Estos encuentros brindaron un espacio de participaci\u00f3n colectiva destinado a erradicar la violencia de contra las mujeres.\u00a0 15 de agosto de 2012. Los talleres de sensibilizaci\u00f3n sobre perspectiva de&hellip;","_links":{"self":[{"href":"https:\/\/diariofemenino.com.ar\/df\/wp-json\/wp\/v2\/posts\/3216","targetHints":{"allow":["GET"]}}],"collection":[{"href":"https:\/\/diariofemenino.com.ar\/df\/wp-json\/wp\/v2\/posts"}],"about":[{"href":"https:\/\/diariofemenino.com.ar\/df\/wp-json\/wp\/v2\/types\/post"}],"author":[{"embeddable":true,"href":"https:\/\/diariofemenino.com.ar\/df\/wp-json\/wp\/v2\/users\/1"}],"replies":[{"embeddable":true,"href":"https:\/\/diariofemenino.com.ar\/df\/wp-json\/wp\/v2\/comments?post=3216"}],"version-history":[{"count":0,"href":"https:\/\/diariofemenino.com.ar\/df\/wp-json\/wp\/v2\/posts\/3216\/revisions"}],"wp:attachment":[{"href":"https:\/\/diariofemenino.com.ar\/df\/wp-json\/wp\/v2\/media?parent=3216"}],"wp:term":[{"taxonomy":"category","embeddable":true,"href":"https:\/\/diariofemenino.com.ar\/df\/wp-json\/wp\/v2\/categories?post=3216"},{"taxonomy":"post_tag","embeddable":true,"href":"https:\/\/diariofemenino.com.ar\/df\/wp-json\/wp\/v2\/tags?post=3216"}],"curies":[{"name":"wp","href":"https:\/\/api.w.org\/{rel}","templated":true}]}}