{"id":3212,"date":"2012-08-16T12:15:33","date_gmt":"2012-08-16T15:15:33","guid":{"rendered":"http:\/\/www.diariofemenino.com.ar\/?p=3212"},"modified":"2012-08-16T12:15:33","modified_gmt":"2012-08-16T15:15:33","slug":"denunciaron-por-violencia-de-genero-a-diego-arnedo-de-divididos","status":"publish","type":"post","link":"https:\/\/diariofemenino.com.ar\/df\/denunciaron-por-violencia-de-genero-a-diego-arnedo-de-divididos\/","title":{"rendered":"Denunciaron por violencia de g\u00e9nero a Diego Arnedo, de Divididos"},"content":{"rendered":"<p>&nbsp;<br \/>\n&nbsp;<br \/>\n<em>Tiene prohibido acercarse a menos de 100 metros del hogar. Su pareja lo acus\u00f3 de haberle propinado una golpiza.<\/em><br \/>\n&nbsp;<br \/>\n<a href=\"http:\/\/www.diariofemenino.com.ar\/wp-content\/uploads\/505986_20120815183904.jpg\"><img loading=\"lazy\" decoding=\"async\" class=\"alignleft size-medium wp-image-3213\" src=\"http:\/\/www.diariofemenino.com.ar\/wp-content\/uploads\/505986_20120815183904-202x300.jpg\" alt=\"\" width=\"202\" height=\"300\" \/><\/a><br \/>\n&nbsp;<br \/>\n&nbsp;<br \/>\n&nbsp;<br \/>\n&nbsp;<br \/>\n&nbsp;<br \/>\n&nbsp;<br \/>\n&nbsp;<br \/>\n&nbsp;<br \/>\n&nbsp;<br \/>\n&nbsp;<br \/>\n16 de agosto de 2012. \u00a0El bajista del grupo de rock\u00a0<strong>Divididos<\/strong>,<strong>Diego Arnedo<\/strong>, de 58 a\u00f1os, fue excluido de su domicilio y tiene prohibido por orden judicial acercarse a menos de 100 metros del hogar luego de que su pareja lo denunciara por<strong>violencia de g\u00e9nero<\/strong>. Seg\u00fan trascendi\u00f3, su pareja, la cantante\u00a0<strong>Andrea Joga<\/strong>, de 32 a\u00f1os, lo acus\u00f3 de haberle propinado una golpiza.<br \/>\nA ra\u00edz de la denuncia, el juez de garant\u00edas de Mor\u00f3n Alfredo Meadae dict\u00f3 la medida preventiva. Seg\u00fan trascendi\u00f3, en la causa ya declararon una hija de Joga, fruto de otro matrimonio, y tambi\u00e9n otros testigos, quienes confirmaron las lesiones recibidas por la mujer. Adem\u00e1s, en la causa constan algunos de los llamados telef\u00f3nicos que el m\u00fasico mantuvo con su pareja, y en los cuales se dar\u00eda evidencias del maltrato denunciado.<br \/>\nEl bajista form\u00f3 la banda en 1988, poco tiempo despu\u00e9s de la disoluci\u00f3n de Sumo (el grupo que lideraba el desaparecido cantante Luca Prodan), donde tambi\u00e9n participaba el guitarrista y vocalista de Divididos, Ricardo Mollo, pareja de la actriz Natalia Oreiro. (NA)<br \/>\n&nbsp;<br \/>\n&nbsp;<br \/>\n&nbsp;<br \/>\nFuente: <a href=\"http:\/\/www.lagaceta.com.ar\/nota\/505986\/policiales\/denunciaron-violencia-genero-diego-arnedo-divididos.html\" target=\"_blank\">\u00a0La Gaceta<\/a><br \/>\n&nbsp;<\/p>\n","protected":false},"excerpt":{"rendered":"<p>&nbsp; &nbsp; Tiene prohibido acercarse a menos de 100 metros del hogar. Su pareja lo acus\u00f3 de haberle propinado una golpiza. &nbsp; &nbsp; &nbsp; &nbsp; &nbsp; &nbsp; &nbsp; &nbsp; &nbsp; &nbsp; &nbsp; 16 de agosto de 2012. \u00a0El bajista del grupo de rock\u00a0Divididos,Diego Arnedo, de 58 a\u00f1os, fue excluido de su domicilio y tiene prohibido [&hellip;]<\/p>\n","protected":false},"author":1,"featured_media":0,"comment_status":"open","ping_status":"open","sticky":false,"template":"","format":"standard","meta":{"iawp_total_views":86,"footnotes":""},"categories":[4,13],"tags":[],"class_list":["post-3212","post","type-post","status-publish","format-standard","hentry","category-medios","category-mujeres-sindicalistas"],"nelio_content":{"autoShareEndMode":"never","automationSources":{"useCustomSentences":false,"customSentences":[]},"efiAlt":"","efiUrl":"","followers":[],"highlights":[],"isAutoShareEnabled":true,"networkImageIds":[],"permalinkQueryArgs":[],"series":[],"suggestedReferences":[]},"yoast_head":"<!-- This site is optimized with the Yoast SEO plugin v27.4 - https:\/\/yoast.com\/product\/yoast-seo-wordpress\/ -->\n<title>Denunciaron por violencia de g\u00e9nero a Diego Arnedo, de Divididos - Diario Digital Femenino<\/title>\n<meta name=\"robots\" content=\"index, follow, max-snippet:-1, max-image-preview:large, max-video-preview:-1\" \/>\n<link rel=\"canonical\" href=\"https:\/\/diariofemenino.com.ar\/df\/denunciaron-por-violencia-de-genero-a-diego-arnedo-de-divididos\/\" \/>\n<meta property=\"og:locale\" content=\"es_ES\" \/>\n<meta property=\"og:type\" content=\"article\" \/>\n<meta property=\"og:title\" content=\"Denunciaron por violencia de g\u00e9nero a Diego Arnedo, de Divididos - Diario Digital Femenino\" \/>\n<meta property=\"og:description\" content=\"&nbsp; &nbsp; Tiene prohibido acercarse a menos de 100 metros del hogar. Su pareja lo acus\u00f3 de haberle propinado una golpiza. &nbsp; &nbsp; &nbsp; &nbsp; &nbsp; &nbsp; &nbsp; &nbsp; &nbsp; &nbsp; &nbsp; 16 de agosto de 2012. \u00a0El bajista del grupo de rock\u00a0Divididos,Diego Arnedo, de 58 a\u00f1os, fue excluido de su domicilio y tiene prohibido [&hellip;]\" \/>\n<meta property=\"og:url\" content=\"https:\/\/diariofemenino.com.ar\/df\/denunciaron-por-violencia-de-genero-a-diego-arnedo-de-divididos\/\" \/>\n<meta property=\"og:site_name\" content=\"Diario Digital Femenino\" \/>\n<meta property=\"article:publisher\" content=\"https:\/\/www.facebook.com\/DiarioDigitaFemenino\/\" \/>\n<meta property=\"article:published_time\" content=\"2012-08-16T15:15:33+00:00\" \/>\n<meta property=\"og:image\" content=\"http:\/\/www.diariofemenino.com.ar\/wp-content\/uploads\/505986_20120815183904-202x300.jpg\" \/>\n<meta name=\"author\" content=\"Admin\" \/>\n<meta name=\"twitter:card\" content=\"summary_large_image\" \/>\n<meta name=\"twitter:creator\" content=\"@DiarioFemenino1\" \/>\n<meta name=\"twitter:site\" content=\"@DiarioFemenino1\" \/>\n<meta name=\"twitter:label1\" content=\"Escrito por\" \/>\n\t<meta name=\"twitter:data1\" content=\"Admin\" \/>\n\t<meta name=\"twitter:label2\" content=\"Tiempo de lectura\" \/>\n\t<meta name=\"twitter:data2\" content=\"1 minuto\" \/>\n<script type=\"application\/ld+json\" class=\"yoast-schema-graph\">{\"@context\":\"https:\\\/\\\/schema.org\",\"@graph\":[{\"@type\":\"Article\",\"@id\":\"https:\\\/\\\/diariofemenino.com.ar\\\/df\\\/denunciaron-por-violencia-de-genero-a-diego-arnedo-de-divididos\\\/#article\",\"isPartOf\":{\"@id\":\"https:\\\/\\\/diariofemenino.com.ar\\\/df\\\/denunciaron-por-violencia-de-genero-a-diego-arnedo-de-divididos\\\/\"},\"author\":{\"name\":\"Admin\",\"@id\":\"https:\\\/\\\/diariofemenino.com.ar\\\/df\\\/#\\\/schema\\\/person\\\/38f54b3bfd13f561de2460ba95c169c6\"},\"headline\":\"Denunciaron por violencia de g\u00e9nero a Diego Arnedo, de Divididos\",\"datePublished\":\"2012-08-16T15:15:33+00:00\",\"mainEntityOfPage\":{\"@id\":\"https:\\\/\\\/diariofemenino.com.ar\\\/df\\\/denunciaron-por-violencia-de-genero-a-diego-arnedo-de-divididos\\\/\"},\"wordCount\":236,\"commentCount\":0,\"publisher\":{\"@id\":\"https:\\\/\\\/diariofemenino.com.ar\\\/df\\\/#organization\"},\"image\":{\"@id\":\"https:\\\/\\\/diariofemenino.com.ar\\\/df\\\/denunciaron-por-violencia-de-genero-a-diego-arnedo-de-divididos\\\/#primaryimage\"},\"thumbnailUrl\":\"http:\\\/\\\/www.diariofemenino.com.ar\\\/wp-content\\\/uploads\\\/505986_20120815183904-202x300.jpg\",\"articleSection\":[\"Medios\",\"Mujeres Sindicalistas\"],\"inLanguage\":\"es\",\"potentialAction\":[{\"@type\":\"CommentAction\",\"name\":\"Comment\",\"target\":[\"https:\\\/\\\/diariofemenino.com.ar\\\/df\\\/denunciaron-por-violencia-de-genero-a-diego-arnedo-de-divididos\\\/#respond\"]}]},{\"@type\":\"WebPage\",\"@id\":\"https:\\\/\\\/diariofemenino.com.ar\\\/df\\\/denunciaron-por-violencia-de-genero-a-diego-arnedo-de-divididos\\\/\",\"url\":\"https:\\\/\\\/diariofemenino.com.ar\\\/df\\\/denunciaron-por-violencia-de-genero-a-diego-arnedo-de-divididos\\\/\",\"name\":\"Denunciaron por violencia de g\u00e9nero a Diego Arnedo, de Divididos - Diario Digital Femenino\",\"isPartOf\":{\"@id\":\"https:\\\/\\\/diariofemenino.com.ar\\\/df\\\/#website\"},\"primaryImageOfPage\":{\"@id\":\"https:\\\/\\\/diariofemenino.com.ar\\\/df\\\/denunciaron-por-violencia-de-genero-a-diego-arnedo-de-divididos\\\/#primaryimage\"},\"image\":{\"@id\":\"https:\\\/\\\/diariofemenino.com.ar\\\/df\\\/denunciaron-por-violencia-de-genero-a-diego-arnedo-de-divididos\\\/#primaryimage\"},\"thumbnailUrl\":\"http:\\\/\\\/www.diariofemenino.com.ar\\\/wp-content\\\/uploads\\\/505986_20120815183904-202x300.jpg\",\"datePublished\":\"2012-08-16T15:15:33+00:00\",\"breadcrumb\":{\"@id\":\"https:\\\/\\\/diariofemenino.com.ar\\\/df\\\/denunciaron-por-violencia-de-genero-a-diego-arnedo-de-divididos\\\/#breadcrumb\"},\"inLanguage\":\"es\",\"potentialAction\":[{\"@type\":\"ReadAction\",\"target\":[\"https:\\\/\\\/diariofemenino.com.ar\\\/df\\\/denunciaron-por-violencia-de-genero-a-diego-arnedo-de-divididos\\\/\"]}]},{\"@type\":\"ImageObject\",\"inLanguage\":\"es\",\"@id\":\"https:\\\/\\\/diariofemenino.com.ar\\\/df\\\/denunciaron-por-violencia-de-genero-a-diego-arnedo-de-divididos\\\/#primaryimage\",\"url\":\"http:\\\/\\\/www.diariofemenino.com.ar\\\/wp-content\\\/uploads\\\/505986_20120815183904-202x300.jpg\",\"contentUrl\":\"http:\\\/\\\/www.diariofemenino.com.ar\\\/wp-content\\\/uploads\\\/505986_20120815183904-202x300.jpg\"},{\"@type\":\"BreadcrumbList\",\"@id\":\"https:\\\/\\\/diariofemenino.com.ar\\\/df\\\/denunciaron-por-violencia-de-genero-a-diego-arnedo-de-divididos\\\/#breadcrumb\",\"itemListElement\":[{\"@type\":\"ListItem\",\"position\":1,\"name\":\"Portada\",\"item\":\"https:\\\/\\\/diariofemenino.com.ar\\\/df\\\/\"},{\"@type\":\"ListItem\",\"position\":2,\"name\":\"Denunciaron por violencia de g\u00e9nero a Diego Arnedo, de Divididos\"}]},{\"@type\":\"WebSite\",\"@id\":\"https:\\\/\\\/diariofemenino.com.ar\\\/df\\\/#website\",\"url\":\"https:\\\/\\\/diariofemenino.com.ar\\\/df\\\/\",\"name\":\"Diario Digital Femenino\",\"description\":\"Cuesti\u00f3n de G\u00e9nero\",\"publisher\":{\"@id\":\"https:\\\/\\\/diariofemenino.com.ar\\\/df\\\/#organization\"},\"potentialAction\":[{\"@type\":\"SearchAction\",\"target\":{\"@type\":\"EntryPoint\",\"urlTemplate\":\"https:\\\/\\\/diariofemenino.com.ar\\\/df\\\/?s={search_term_string}\"},\"query-input\":{\"@type\":\"PropertyValueSpecification\",\"valueRequired\":true,\"valueName\":\"search_term_string\"}}],\"inLanguage\":\"es\"},{\"@type\":\"Organization\",\"@id\":\"https:\\\/\\\/diariofemenino.com.ar\\\/df\\\/#organization\",\"name\":\"Diario Femenino\",\"url\":\"https:\\\/\\\/diariofemenino.com.ar\\\/df\\\/\",\"logo\":{\"@type\":\"ImageObject\",\"inLanguage\":\"es\",\"@id\":\"https:\\\/\\\/diariofemenino.com.ar\\\/df\\\/#\\\/schema\\\/logo\\\/image\\\/\",\"url\":\"https:\\\/\\\/diariofemenino.com.ar\\\/df\\\/wp-content\\\/uploads\\\/2018\\\/10\\\/logo.png\",\"contentUrl\":\"https:\\\/\\\/diariofemenino.com.ar\\\/df\\\/wp-content\\\/uploads\\\/2018\\\/10\\\/logo.png\",\"width\":500,\"height\":92,\"caption\":\"Diario Femenino\"},\"image\":{\"@id\":\"https:\\\/\\\/diariofemenino.com.ar\\\/df\\\/#\\\/schema\\\/logo\\\/image\\\/\"},\"sameAs\":[\"https:\\\/\\\/www.facebook.com\\\/DiarioDigitaFemenino\\\/\",\"https:\\\/\\\/x.com\\\/DiarioFemenino1\"]},{\"@type\":\"Person\",\"@id\":\"https:\\\/\\\/diariofemenino.com.ar\\\/df\\\/#\\\/schema\\\/person\\\/38f54b3bfd13f561de2460ba95c169c6\",\"name\":\"Admin\",\"image\":{\"@type\":\"ImageObject\",\"inLanguage\":\"es\",\"@id\":\"https:\\\/\\\/diariofemenino.com.ar\\\/df\\\/wp-content\\\/uploads\\\/2018\\\/12\\\/favicon-150x150.jpg\",\"url\":\"https:\\\/\\\/diariofemenino.com.ar\\\/df\\\/wp-content\\\/uploads\\\/2018\\\/12\\\/favicon-150x150.jpg\",\"contentUrl\":\"https:\\\/\\\/diariofemenino.com.ar\\\/df\\\/wp-content\\\/uploads\\\/2018\\\/12\\\/favicon-150x150.jpg\",\"caption\":\"Admin\"},\"url\":\"https:\\\/\\\/diariofemenino.com.ar\\\/df\\\/author\\\/adm18df\\\/\"}]}<\/script>\n<!-- \/ Yoast SEO plugin. -->","yoast_head_json":{"title":"Denunciaron por violencia de g\u00e9nero a Diego Arnedo, de Divididos - Diario Digital Femenino","robots":{"index":"index","follow":"follow","max-snippet":"max-snippet:-1","max-image-preview":"max-image-preview:large","max-video-preview":"max-video-preview:-1"},"canonical":"https:\/\/diariofemenino.com.ar\/df\/denunciaron-por-violencia-de-genero-a-diego-arnedo-de-divididos\/","og_locale":"es_ES","og_type":"article","og_title":"Denunciaron por violencia de g\u00e9nero a Diego Arnedo, de Divididos - Diario Digital Femenino","og_description":"&nbsp; &nbsp; Tiene prohibido acercarse a menos de 100 metros del hogar. Su pareja lo acus\u00f3 de haberle propinado una golpiza. &nbsp; &nbsp; &nbsp; &nbsp; &nbsp; &nbsp; &nbsp; &nbsp; &nbsp; &nbsp; &nbsp; 16 de agosto de 2012. \u00a0El bajista del grupo de rock\u00a0Divididos,Diego Arnedo, de 58 a\u00f1os, fue excluido de su domicilio y tiene prohibido [&hellip;]","og_url":"https:\/\/diariofemenino.com.ar\/df\/denunciaron-por-violencia-de-genero-a-diego-arnedo-de-divididos\/","og_site_name":"Diario Digital Femenino","article_publisher":"https:\/\/www.facebook.com\/DiarioDigitaFemenino\/","article_published_time":"2012-08-16T15:15:33+00:00","og_image":[{"url":"http:\/\/www.diariofemenino.com.ar\/wp-content\/uploads\/505986_20120815183904-202x300.jpg","type":"","width":"","height":""}],"author":"Admin","twitter_card":"summary_large_image","twitter_creator":"@DiarioFemenino1","twitter_site":"@DiarioFemenino1","twitter_misc":{"Escrito por":"Admin","Tiempo de lectura":"1 minuto"},"schema":{"@context":"https:\/\/schema.org","@graph":[{"@type":"Article","@id":"https:\/\/diariofemenino.com.ar\/df\/denunciaron-por-violencia-de-genero-a-diego-arnedo-de-divididos\/#article","isPartOf":{"@id":"https:\/\/diariofemenino.com.ar\/df\/denunciaron-por-violencia-de-genero-a-diego-arnedo-de-divididos\/"},"author":{"name":"Admin","@id":"https:\/\/diariofemenino.com.ar\/df\/#\/schema\/person\/38f54b3bfd13f561de2460ba95c169c6"},"headline":"Denunciaron por violencia de g\u00e9nero a Diego Arnedo, de Divididos","datePublished":"2012-08-16T15:15:33+00:00","mainEntityOfPage":{"@id":"https:\/\/diariofemenino.com.ar\/df\/denunciaron-por-violencia-de-genero-a-diego-arnedo-de-divididos\/"},"wordCount":236,"commentCount":0,"publisher":{"@id":"https:\/\/diariofemenino.com.ar\/df\/#organization"},"image":{"@id":"https:\/\/diariofemenino.com.ar\/df\/denunciaron-por-violencia-de-genero-a-diego-arnedo-de-divididos\/#primaryimage"},"thumbnailUrl":"http:\/\/www.diariofemenino.com.ar\/wp-content\/uploads\/505986_20120815183904-202x300.jpg","articleSection":["Medios","Mujeres Sindicalistas"],"inLanguage":"es","potentialAction":[{"@type":"CommentAction","name":"Comment","target":["https:\/\/diariofemenino.com.ar\/df\/denunciaron-por-violencia-de-genero-a-diego-arnedo-de-divididos\/#respond"]}]},{"@type":"WebPage","@id":"https:\/\/diariofemenino.com.ar\/df\/denunciaron-por-violencia-de-genero-a-diego-arnedo-de-divididos\/","url":"https:\/\/diariofemenino.com.ar\/df\/denunciaron-por-violencia-de-genero-a-diego-arnedo-de-divididos\/","name":"Denunciaron por violencia de g\u00e9nero a Diego Arnedo, de Divididos - Diario Digital Femenino","isPartOf":{"@id":"https:\/\/diariofemenino.com.ar\/df\/#website"},"primaryImageOfPage":{"@id":"https:\/\/diariofemenino.com.ar\/df\/denunciaron-por-violencia-de-genero-a-diego-arnedo-de-divididos\/#primaryimage"},"image":{"@id":"https:\/\/diariofemenino.com.ar\/df\/denunciaron-por-violencia-de-genero-a-diego-arnedo-de-divididos\/#primaryimage"},"thumbnailUrl":"http:\/\/www.diariofemenino.com.ar\/wp-content\/uploads\/505986_20120815183904-202x300.jpg","datePublished":"2012-08-16T15:15:33+00:00","breadcrumb":{"@id":"https:\/\/diariofemenino.com.ar\/df\/denunciaron-por-violencia-de-genero-a-diego-arnedo-de-divididos\/#breadcrumb"},"inLanguage":"es","potentialAction":[{"@type":"ReadAction","target":["https:\/\/diariofemenino.com.ar\/df\/denunciaron-por-violencia-de-genero-a-diego-arnedo-de-divididos\/"]}]},{"@type":"ImageObject","inLanguage":"es","@id":"https:\/\/diariofemenino.com.ar\/df\/denunciaron-por-violencia-de-genero-a-diego-arnedo-de-divididos\/#primaryimage","url":"http:\/\/www.diariofemenino.com.ar\/wp-content\/uploads\/505986_20120815183904-202x300.jpg","contentUrl":"http:\/\/www.diariofemenino.com.ar\/wp-content\/uploads\/505986_20120815183904-202x300.jpg"},{"@type":"BreadcrumbList","@id":"https:\/\/diariofemenino.com.ar\/df\/denunciaron-por-violencia-de-genero-a-diego-arnedo-de-divididos\/#breadcrumb","itemListElement":[{"@type":"ListItem","position":1,"name":"Portada","item":"https:\/\/diariofemenino.com.ar\/df\/"},{"@type":"ListItem","position":2,"name":"Denunciaron por violencia de g\u00e9nero a Diego Arnedo, de Divididos"}]},{"@type":"WebSite","@id":"https:\/\/diariofemenino.com.ar\/df\/#website","url":"https:\/\/diariofemenino.com.ar\/df\/","name":"Diario Digital Femenino","description":"Cuesti\u00f3n de G\u00e9nero","publisher":{"@id":"https:\/\/diariofemenino.com.ar\/df\/#organization"},"potentialAction":[{"@type":"SearchAction","target":{"@type":"EntryPoint","urlTemplate":"https:\/\/diariofemenino.com.ar\/df\/?s={search_term_string}"},"query-input":{"@type":"PropertyValueSpecification","valueRequired":true,"valueName":"search_term_string"}}],"inLanguage":"es"},{"@type":"Organization","@id":"https:\/\/diariofemenino.com.ar\/df\/#organization","name":"Diario Femenino","url":"https:\/\/diariofemenino.com.ar\/df\/","logo":{"@type":"ImageObject","inLanguage":"es","@id":"https:\/\/diariofemenino.com.ar\/df\/#\/schema\/logo\/image\/","url":"https:\/\/diariofemenino.com.ar\/df\/wp-content\/uploads\/2018\/10\/logo.png","contentUrl":"https:\/\/diariofemenino.com.ar\/df\/wp-content\/uploads\/2018\/10\/logo.png","width":500,"height":92,"caption":"Diario Femenino"},"image":{"@id":"https:\/\/diariofemenino.com.ar\/df\/#\/schema\/logo\/image\/"},"sameAs":["https:\/\/www.facebook.com\/DiarioDigitaFemenino\/","https:\/\/x.com\/DiarioFemenino1"]},{"@type":"Person","@id":"https:\/\/diariofemenino.com.ar\/df\/#\/schema\/person\/38f54b3bfd13f561de2460ba95c169c6","name":"Admin","image":{"@type":"ImageObject","inLanguage":"es","@id":"https:\/\/diariofemenino.com.ar\/df\/wp-content\/uploads\/2018\/12\/favicon-150x150.jpg","url":"https:\/\/diariofemenino.com.ar\/df\/wp-content\/uploads\/2018\/12\/favicon-150x150.jpg","contentUrl":"https:\/\/diariofemenino.com.ar\/df\/wp-content\/uploads\/2018\/12\/favicon-150x150.jpg","caption":"Admin"},"url":"https:\/\/diariofemenino.com.ar\/df\/author\/adm18df\/"}]}},"jetpack_featured_media_url":"","jetpack_sharing_enabled":true,"rttpg_featured_image_url":null,"rttpg_author":{"display_name":"Admin","author_link":"https:\/\/diariofemenino.com.ar\/df\/author\/adm18df\/"},"rttpg_comment":0,"rttpg_category":"<a href=\"https:\/\/diariofemenino.com.ar\/df\/category\/medios\/\" rel=\"category tag\">Medios<\/a> <a href=\"https:\/\/diariofemenino.com.ar\/df\/category\/mujeres-sindicalistas\/\" rel=\"category tag\">Mujeres Sindicalistas<\/a>","rttpg_excerpt":"&nbsp; &nbsp; Tiene prohibido acercarse a menos de 100 metros del hogar. Su pareja lo acus\u00f3 de haberle propinado una golpiza. &nbsp; &nbsp; &nbsp; &nbsp; &nbsp; &nbsp; &nbsp; &nbsp; &nbsp; &nbsp; &nbsp; 16 de agosto de 2012. \u00a0El bajista del grupo de rock\u00a0Divididos,Diego Arnedo, de 58 a\u00f1os, fue excluido de su domicilio y tiene prohibido&hellip;","_links":{"self":[{"href":"https:\/\/diariofemenino.com.ar\/df\/wp-json\/wp\/v2\/posts\/3212","targetHints":{"allow":["GET"]}}],"collection":[{"href":"https:\/\/diariofemenino.com.ar\/df\/wp-json\/wp\/v2\/posts"}],"about":[{"href":"https:\/\/diariofemenino.com.ar\/df\/wp-json\/wp\/v2\/types\/post"}],"author":[{"embeddable":true,"href":"https:\/\/diariofemenino.com.ar\/df\/wp-json\/wp\/v2\/users\/1"}],"replies":[{"embeddable":true,"href":"https:\/\/diariofemenino.com.ar\/df\/wp-json\/wp\/v2\/comments?post=3212"}],"version-history":[{"count":0,"href":"https:\/\/diariofemenino.com.ar\/df\/wp-json\/wp\/v2\/posts\/3212\/revisions"}],"wp:attachment":[{"href":"https:\/\/diariofemenino.com.ar\/df\/wp-json\/wp\/v2\/media?parent=3212"}],"wp:term":[{"taxonomy":"category","embeddable":true,"href":"https:\/\/diariofemenino.com.ar\/df\/wp-json\/wp\/v2\/categories?post=3212"},{"taxonomy":"post_tag","embeddable":true,"href":"https:\/\/diariofemenino.com.ar\/df\/wp-json\/wp\/v2\/tags?post=3212"}],"curies":[{"name":"wp","href":"https:\/\/api.w.org\/{rel}","templated":true}]}}