{"id":3208,"date":"2012-08-16T11:28:45","date_gmt":"2012-08-16T14:28:45","guid":{"rendered":"http:\/\/www.diariofemenino.com.ar\/?p=3208"},"modified":"2012-08-16T11:28:45","modified_gmt":"2012-08-16T14:28:45","slug":"los-derechos-de-las-mujeres-indigenas-rurales-bajo-el-escrutinio-de-la-onu-recomendaciones-del-comite-de-la-cedaw-a-mexico","status":"publish","type":"post","link":"https:\/\/diariofemenino.com.ar\/df\/los-derechos-de-las-mujeres-indigenas-rurales-bajo-el-escrutinio-de-la-onu-recomendaciones-del-comite-de-la-cedaw-a-mexico\/","title":{"rendered":"Los Derechos de las Mujeres Ind\u00edgenas Rurales Bajo el Escrutinio de la ONU &#8211; Recomendaciones del Comit\u00e9 de la CEDAW a M\u00e9xico"},"content":{"rendered":"<p>&nbsp;<br \/>\n&nbsp;<br \/>\nCon el lanzamiento de sus observaciones finales dirigidas a M\u00e9xico, el Comit\u00e9 de la ONU sobre la Eliminaci\u00f3n de todas las formas de Discriminaci\u00f3n contra la Mujer (CEDAW) expresa su preocupaci\u00f3n por las pr\u00e1cticas culturales nocivas y la violencia dirigidas a las mujeres ind\u00edgenas rurales, as\u00ed como su falta de acceso a la tierra, la propiedad y la justicia y pide una mejor implementaci\u00f3n de los derechos de las mujeres en el pa\u00eds.<br \/>\n<a href=\"http:\/\/www.diariofemenino.com.ar\/wp-content\/uploads\/untitled2.png\"><img loading=\"lazy\" decoding=\"async\" class=\"alignnone size-full wp-image-3209\" title=\"untitled\" src=\"http:\/\/www.diariofemenino.com.ar\/wp-content\/uploads\/untitled2.png\" alt=\"\" width=\"275\" height=\"184\" \/><\/a><br \/>\nEn M\u00e9xico, 28 millones de personas carecen de acceso a una nutrici\u00f3n adecuada. De los 18,1 millones de personas que viven en municipios que se considera tienen un alto o muy alton nivel de marginaci\u00f3n, el 80,6 por ciento vive en zonas rurales. Si bien los datos sobre cu\u00e1ntas mujeres se ven afectadas por la desnutrici\u00f3n no es de f\u00e1cil acceso, FIAN M\u00e9xico llev\u00f3 a cabo asambleas comunitarias con la participaci\u00f3n de 171 mujeres de los estados de Guerrero y Morelos en materia de derecho de las mujeres rurales e ind\u00edgenas a una alimentaci\u00f3n adecuada y determin\u00f3 una serie de obst\u00e1culos a la realizaci\u00f3n de este derecho.<br \/>\nEl Comit\u00e9 examina peri\u00f3dicamente informes de los Estados y de la sociedad civil con el objetivo de poner de relieve las deficiencias y fallas en el cumplimiento de las obligaciones internacionales de los Estados Partes en la Convenci\u00f3n de la CEDAW.<br \/>\nFIAN M\u00e9xico, con el apoyo de FIAN Internacional, present\u00f3 declaraciones escritas y orales sobre el derecho a una alimentaci\u00f3n adecuada en M\u00e9xico, poniendo de relieve las deficiencias graves en la realizaci\u00f3n de este derecho. Estos incluyen el acceso insuficiente e inseguro a programas de apoyo a la producci\u00f3n agricola y a la propiedad y titularidad de la tierra; las pr\u00e1cticas culturales nocivas y patriarcales; la violencia contra las mujeres ind\u00edgenas rurales defensoras de derechos humanos; y la incapacidad de mujeres solteras y mujeres responsables del cuidado de las personas con discapacidad de ejercer su derecho a una alimentaci\u00f3n adecuada.<br \/>\nEn sus observaciones finales sobre M\u00e9xico, el Comit\u00e9 de la CEDAW expres\u00f3 su preocupaci\u00f3n por \u00abla falta de acceso de las mujeres rurales ind\u00edgenas a la tierra, la propiedad y la justicia,\u00bb en particular en lo que respecta a las mujeres en los estados de Guerrero, Chiapas y Oaxaca.<br \/>\nEl Comit\u00e9 de la CEDAW recomienda al gobierno de M\u00e9xico \u00abadoptar medidas especiales temporales para hacer frente a las desigualdades que enfrentan las mujeres ind\u00edgenas rurales con respecto al acceso a la tierra y la propiedad, as\u00ed como a los servicios sociales b\u00e1sicos, incluyendo la educaci\u00f3n y salud, y a la participaci\u00f3n en los procesos de decisi\u00f3n.\u00bb<br \/>\nLas preocupaciones tambi\u00e9n se plantearon con respecto a \u00abinformaci\u00f3n que indica que la pol\u00edtica p\u00fablica de seguridad del Estado Parte contra el crimen organizado ha impactado negativamente a mujeres ind\u00edgenas rurales, quienes han sido sometidas a altos niveles de violencia,\u00bb y recomienda que el Estado \u00abadopte todas las medidas necesarias para garantizar la aplicaci\u00f3n efectiva de la legislaci\u00f3n pertinente para prevenir la violencia contra las mujeres ind\u00edgenas, investigar, enjuiciar y castigar a los perpetradores de violencia contra las mujeres ind\u00edgenas, y asegurar el acceso efectivo y oportuno a la justicia a las v\u00edctimas, incluyendo a los mecanismos de reparaci\u00f3n.\u00bb<br \/>\nPor \u00faltimo, las observaciones de la CEDAW recomiendan que M\u00e9xico \u00abponga en marcha una estrategia global con miras a la eliminaci\u00f3n de pr\u00e1cticas nocivas que discriminan a las mujeres ind\u00edgenas rurales, incluyendo mediante la realizaci\u00f3n de campa\u00f1as de sensibilizaci\u00f3n dirigidas a comunidades ind\u00edgenas en colaboraci\u00f3n con la sociedad civil y organizaciones de mujeres, para mejorar una imagen positiva y no estereotipada de la mujer.\u00bb<br \/>\nFIAN Internacional acoge con satisfacci\u00f3n las observaciones del Comit\u00e9 y, junto con FIAN M\u00e9xico, seguir\u00e1 de cerca la acci\u00f3n del Estado a nivel nacional en lo que respecta al cumplimiento de las recomendaciones formuladas por el Comit\u00e9 de la CEDAW.<\/p>\n<h6>Leer: Contribuci\u00f3n escrita de mujeres rurales, campesinas e ind\u00edgenas de los estados de Guerrero y Morelos, en M\u00e9xico, preparada con el apoyo de FIAN Internacional (pdf abajo)<\/h6>\n<p><a href=\"http:\/\/www.fian.org\/noticias\/noticias\/los-derechos-de-las-mujeres-indigenas-rurales-bajo-el-escrutinio-de-la-onu-recomendaciones-del-comite-de-la-cedaw-a-mexico\/pdf\">Documento<\/a><br \/>\n&nbsp;<br \/>\n&nbsp;<br \/>\nFuente: <a href=\"http:\/\/www.fian.org\/noticias\/noticias\/los-derechos-de-las-mujeres-indigenas-rurales-bajo-el-escrutinio-de-la-onu-recomendaciones-del-comite-de-la-cedaw-a-mexico\">FIAN.org<\/a><br \/>\n&nbsp;<br \/>\n&nbsp;<\/p>\n","protected":false},"excerpt":{"rendered":"<p>&nbsp; &nbsp; Con el lanzamiento de sus observaciones finales dirigidas a M\u00e9xico, el Comit\u00e9 de la ONU sobre la Eliminaci\u00f3n de todas las formas de Discriminaci\u00f3n contra la Mujer (CEDAW) expresa su preocupaci\u00f3n por las pr\u00e1cticas culturales nocivas y la violencia dirigidas a las mujeres ind\u00edgenas rurales, as\u00ed como su falta de acceso a la [&hellip;]<\/p>\n","protected":false},"author":1,"featured_media":0,"comment_status":"open","ping_status":"open","sticky":false,"template":"","format":"standard","meta":{"iawp_total_views":4,"footnotes":""},"categories":[3,4],"tags":[],"class_list":["post-3208","post","type-post","status-publish","format-standard","hentry","category-de-la-revolucion-al-reaprendizaje","category-medios"],"nelio_content":{"autoShareEndMode":"never","automationSources":{"useCustomSentences":false,"customSentences":[]},"efiAlt":"","efiUrl":"","followers":[],"highlights":[],"isAutoShareEnabled":true,"networkImageIds":[],"permalinkQueryArgs":[],"series":[],"suggestedReferences":[]},"yoast_head":"<!-- This site is optimized with the Yoast SEO plugin v27.4 - https:\/\/yoast.com\/product\/yoast-seo-wordpress\/ -->\n<title>Los Derechos de las Mujeres Ind\u00edgenas Rurales Bajo el Escrutinio de la ONU - Recomendaciones del Comit\u00e9 de la CEDAW a M\u00e9xico - Diario Digital Femenino<\/title>\n<meta name=\"robots\" content=\"index, follow, max-snippet:-1, max-image-preview:large, max-video-preview:-1\" \/>\n<link rel=\"canonical\" href=\"https:\/\/diariofemenino.com.ar\/df\/los-derechos-de-las-mujeres-indigenas-rurales-bajo-el-escrutinio-de-la-onu-recomendaciones-del-comite-de-la-cedaw-a-mexico\/\" \/>\n<meta property=\"og:locale\" content=\"es_ES\" \/>\n<meta property=\"og:type\" content=\"article\" \/>\n<meta property=\"og:title\" content=\"Los Derechos de las Mujeres Ind\u00edgenas Rurales Bajo el Escrutinio de la ONU - Recomendaciones del Comit\u00e9 de la CEDAW a M\u00e9xico - Diario Digital Femenino\" \/>\n<meta property=\"og:description\" content=\"&nbsp; &nbsp; Con el lanzamiento de sus observaciones finales dirigidas a M\u00e9xico, el Comit\u00e9 de la ONU sobre la Eliminaci\u00f3n de todas las formas de Discriminaci\u00f3n contra la Mujer (CEDAW) expresa su preocupaci\u00f3n por las pr\u00e1cticas culturales nocivas y la violencia dirigidas a las mujeres ind\u00edgenas rurales, as\u00ed como su falta de acceso a la [&hellip;]\" \/>\n<meta property=\"og:url\" content=\"https:\/\/diariofemenino.com.ar\/df\/los-derechos-de-las-mujeres-indigenas-rurales-bajo-el-escrutinio-de-la-onu-recomendaciones-del-comite-de-la-cedaw-a-mexico\/\" \/>\n<meta property=\"og:site_name\" content=\"Diario Digital Femenino\" \/>\n<meta property=\"article:publisher\" content=\"https:\/\/www.facebook.com\/DiarioDigitaFemenino\/\" \/>\n<meta property=\"article:published_time\" content=\"2012-08-16T14:28:45+00:00\" \/>\n<meta property=\"og:image\" content=\"http:\/\/www.diariofemenino.com.ar\/wp-content\/uploads\/untitled2.png\" \/>\n<meta name=\"author\" content=\"Admin\" \/>\n<meta name=\"twitter:card\" content=\"summary_large_image\" \/>\n<meta name=\"twitter:creator\" content=\"@DiarioFemenino1\" \/>\n<meta name=\"twitter:site\" content=\"@DiarioFemenino1\" \/>\n<meta name=\"twitter:label1\" content=\"Escrito por\" \/>\n\t<meta name=\"twitter:data1\" content=\"Admin\" \/>\n\t<meta name=\"twitter:label2\" content=\"Tiempo de lectura\" \/>\n\t<meta name=\"twitter:data2\" content=\"4 minutos\" \/>\n<script type=\"application\/ld+json\" class=\"yoast-schema-graph\">{\"@context\":\"https:\\\/\\\/schema.org\",\"@graph\":[{\"@type\":\"Article\",\"@id\":\"https:\\\/\\\/diariofemenino.com.ar\\\/df\\\/los-derechos-de-las-mujeres-indigenas-rurales-bajo-el-escrutinio-de-la-onu-recomendaciones-del-comite-de-la-cedaw-a-mexico\\\/#article\",\"isPartOf\":{\"@id\":\"https:\\\/\\\/diariofemenino.com.ar\\\/df\\\/los-derechos-de-las-mujeres-indigenas-rurales-bajo-el-escrutinio-de-la-onu-recomendaciones-del-comite-de-la-cedaw-a-mexico\\\/\"},\"author\":{\"name\":\"Admin\",\"@id\":\"https:\\\/\\\/diariofemenino.com.ar\\\/df\\\/#\\\/schema\\\/person\\\/38f54b3bfd13f561de2460ba95c169c6\"},\"headline\":\"Los Derechos de las Mujeres Ind\u00edgenas Rurales Bajo el Escrutinio de la ONU &#8211; Recomendaciones del Comit\u00e9 de la CEDAW a M\u00e9xico\",\"datePublished\":\"2012-08-16T14:28:45+00:00\",\"mainEntityOfPage\":{\"@id\":\"https:\\\/\\\/diariofemenino.com.ar\\\/df\\\/los-derechos-de-las-mujeres-indigenas-rurales-bajo-el-escrutinio-de-la-onu-recomendaciones-del-comite-de-la-cedaw-a-mexico\\\/\"},\"wordCount\":751,\"commentCount\":0,\"publisher\":{\"@id\":\"https:\\\/\\\/diariofemenino.com.ar\\\/df\\\/#organization\"},\"image\":{\"@id\":\"https:\\\/\\\/diariofemenino.com.ar\\\/df\\\/los-derechos-de-las-mujeres-indigenas-rurales-bajo-el-escrutinio-de-la-onu-recomendaciones-del-comite-de-la-cedaw-a-mexico\\\/#primaryimage\"},\"thumbnailUrl\":\"http:\\\/\\\/www.diariofemenino.com.ar\\\/wp-content\\\/uploads\\\/untitled2.png\",\"articleSection\":[\"De la Revoluci\u00f3n al Reaprendizaje\",\"Medios\"],\"inLanguage\":\"es\",\"potentialAction\":[{\"@type\":\"CommentAction\",\"name\":\"Comment\",\"target\":[\"https:\\\/\\\/diariofemenino.com.ar\\\/df\\\/los-derechos-de-las-mujeres-indigenas-rurales-bajo-el-escrutinio-de-la-onu-recomendaciones-del-comite-de-la-cedaw-a-mexico\\\/#respond\"]}]},{\"@type\":\"WebPage\",\"@id\":\"https:\\\/\\\/diariofemenino.com.ar\\\/df\\\/los-derechos-de-las-mujeres-indigenas-rurales-bajo-el-escrutinio-de-la-onu-recomendaciones-del-comite-de-la-cedaw-a-mexico\\\/\",\"url\":\"https:\\\/\\\/diariofemenino.com.ar\\\/df\\\/los-derechos-de-las-mujeres-indigenas-rurales-bajo-el-escrutinio-de-la-onu-recomendaciones-del-comite-de-la-cedaw-a-mexico\\\/\",\"name\":\"Los Derechos de las Mujeres Ind\u00edgenas Rurales Bajo el Escrutinio de la ONU - Recomendaciones del Comit\u00e9 de la CEDAW a M\u00e9xico - Diario Digital Femenino\",\"isPartOf\":{\"@id\":\"https:\\\/\\\/diariofemenino.com.ar\\\/df\\\/#website\"},\"primaryImageOfPage\":{\"@id\":\"https:\\\/\\\/diariofemenino.com.ar\\\/df\\\/los-derechos-de-las-mujeres-indigenas-rurales-bajo-el-escrutinio-de-la-onu-recomendaciones-del-comite-de-la-cedaw-a-mexico\\\/#primaryimage\"},\"image\":{\"@id\":\"https:\\\/\\\/diariofemenino.com.ar\\\/df\\\/los-derechos-de-las-mujeres-indigenas-rurales-bajo-el-escrutinio-de-la-onu-recomendaciones-del-comite-de-la-cedaw-a-mexico\\\/#primaryimage\"},\"thumbnailUrl\":\"http:\\\/\\\/www.diariofemenino.com.ar\\\/wp-content\\\/uploads\\\/untitled2.png\",\"datePublished\":\"2012-08-16T14:28:45+00:00\",\"breadcrumb\":{\"@id\":\"https:\\\/\\\/diariofemenino.com.ar\\\/df\\\/los-derechos-de-las-mujeres-indigenas-rurales-bajo-el-escrutinio-de-la-onu-recomendaciones-del-comite-de-la-cedaw-a-mexico\\\/#breadcrumb\"},\"inLanguage\":\"es\",\"potentialAction\":[{\"@type\":\"ReadAction\",\"target\":[\"https:\\\/\\\/diariofemenino.com.ar\\\/df\\\/los-derechos-de-las-mujeres-indigenas-rurales-bajo-el-escrutinio-de-la-onu-recomendaciones-del-comite-de-la-cedaw-a-mexico\\\/\"]}]},{\"@type\":\"ImageObject\",\"inLanguage\":\"es\",\"@id\":\"https:\\\/\\\/diariofemenino.com.ar\\\/df\\\/los-derechos-de-las-mujeres-indigenas-rurales-bajo-el-escrutinio-de-la-onu-recomendaciones-del-comite-de-la-cedaw-a-mexico\\\/#primaryimage\",\"url\":\"http:\\\/\\\/www.diariofemenino.com.ar\\\/wp-content\\\/uploads\\\/untitled2.png\",\"contentUrl\":\"http:\\\/\\\/www.diariofemenino.com.ar\\\/wp-content\\\/uploads\\\/untitled2.png\"},{\"@type\":\"BreadcrumbList\",\"@id\":\"https:\\\/\\\/diariofemenino.com.ar\\\/df\\\/los-derechos-de-las-mujeres-indigenas-rurales-bajo-el-escrutinio-de-la-onu-recomendaciones-del-comite-de-la-cedaw-a-mexico\\\/#breadcrumb\",\"itemListElement\":[{\"@type\":\"ListItem\",\"position\":1,\"name\":\"Portada\",\"item\":\"https:\\\/\\\/diariofemenino.com.ar\\\/df\\\/\"},{\"@type\":\"ListItem\",\"position\":2,\"name\":\"Los Derechos de las Mujeres Ind\u00edgenas Rurales Bajo el Escrutinio de la ONU &#8211; Recomendaciones del Comit\u00e9 de la CEDAW a M\u00e9xico\"}]},{\"@type\":\"WebSite\",\"@id\":\"https:\\\/\\\/diariofemenino.com.ar\\\/df\\\/#website\",\"url\":\"https:\\\/\\\/diariofemenino.com.ar\\\/df\\\/\",\"name\":\"Diario Digital Femenino\",\"description\":\"Cuesti\u00f3n de G\u00e9nero\",\"publisher\":{\"@id\":\"https:\\\/\\\/diariofemenino.com.ar\\\/df\\\/#organization\"},\"potentialAction\":[{\"@type\":\"SearchAction\",\"target\":{\"@type\":\"EntryPoint\",\"urlTemplate\":\"https:\\\/\\\/diariofemenino.com.ar\\\/df\\\/?s={search_term_string}\"},\"query-input\":{\"@type\":\"PropertyValueSpecification\",\"valueRequired\":true,\"valueName\":\"search_term_string\"}}],\"inLanguage\":\"es\"},{\"@type\":\"Organization\",\"@id\":\"https:\\\/\\\/diariofemenino.com.ar\\\/df\\\/#organization\",\"name\":\"Diario Femenino\",\"url\":\"https:\\\/\\\/diariofemenino.com.ar\\\/df\\\/\",\"logo\":{\"@type\":\"ImageObject\",\"inLanguage\":\"es\",\"@id\":\"https:\\\/\\\/diariofemenino.com.ar\\\/df\\\/#\\\/schema\\\/logo\\\/image\\\/\",\"url\":\"https:\\\/\\\/diariofemenino.com.ar\\\/df\\\/wp-content\\\/uploads\\\/2018\\\/10\\\/logo.png\",\"contentUrl\":\"https:\\\/\\\/diariofemenino.com.ar\\\/df\\\/wp-content\\\/uploads\\\/2018\\\/10\\\/logo.png\",\"width\":500,\"height\":92,\"caption\":\"Diario Femenino\"},\"image\":{\"@id\":\"https:\\\/\\\/diariofemenino.com.ar\\\/df\\\/#\\\/schema\\\/logo\\\/image\\\/\"},\"sameAs\":[\"https:\\\/\\\/www.facebook.com\\\/DiarioDigitaFemenino\\\/\",\"https:\\\/\\\/x.com\\\/DiarioFemenino1\"]},{\"@type\":\"Person\",\"@id\":\"https:\\\/\\\/diariofemenino.com.ar\\\/df\\\/#\\\/schema\\\/person\\\/38f54b3bfd13f561de2460ba95c169c6\",\"name\":\"Admin\",\"image\":{\"@type\":\"ImageObject\",\"inLanguage\":\"es\",\"@id\":\"https:\\\/\\\/diariofemenino.com.ar\\\/df\\\/wp-content\\\/uploads\\\/2018\\\/12\\\/favicon-150x150.jpg\",\"url\":\"https:\\\/\\\/diariofemenino.com.ar\\\/df\\\/wp-content\\\/uploads\\\/2018\\\/12\\\/favicon-150x150.jpg\",\"contentUrl\":\"https:\\\/\\\/diariofemenino.com.ar\\\/df\\\/wp-content\\\/uploads\\\/2018\\\/12\\\/favicon-150x150.jpg\",\"caption\":\"Admin\"},\"url\":\"https:\\\/\\\/diariofemenino.com.ar\\\/df\\\/author\\\/adm18df\\\/\"}]}<\/script>\n<!-- \/ Yoast SEO plugin. -->","yoast_head_json":{"title":"Los Derechos de las Mujeres Ind\u00edgenas Rurales Bajo el Escrutinio de la ONU - Recomendaciones del Comit\u00e9 de la CEDAW a M\u00e9xico - Diario Digital Femenino","robots":{"index":"index","follow":"follow","max-snippet":"max-snippet:-1","max-image-preview":"max-image-preview:large","max-video-preview":"max-video-preview:-1"},"canonical":"https:\/\/diariofemenino.com.ar\/df\/los-derechos-de-las-mujeres-indigenas-rurales-bajo-el-escrutinio-de-la-onu-recomendaciones-del-comite-de-la-cedaw-a-mexico\/","og_locale":"es_ES","og_type":"article","og_title":"Los Derechos de las Mujeres Ind\u00edgenas Rurales Bajo el Escrutinio de la ONU - Recomendaciones del Comit\u00e9 de la CEDAW a M\u00e9xico - Diario Digital Femenino","og_description":"&nbsp; &nbsp; Con el lanzamiento de sus observaciones finales dirigidas a M\u00e9xico, el Comit\u00e9 de la ONU sobre la Eliminaci\u00f3n de todas las formas de Discriminaci\u00f3n contra la Mujer (CEDAW) expresa su preocupaci\u00f3n por las pr\u00e1cticas culturales nocivas y la violencia dirigidas a las mujeres ind\u00edgenas rurales, as\u00ed como su falta de acceso a la [&hellip;]","og_url":"https:\/\/diariofemenino.com.ar\/df\/los-derechos-de-las-mujeres-indigenas-rurales-bajo-el-escrutinio-de-la-onu-recomendaciones-del-comite-de-la-cedaw-a-mexico\/","og_site_name":"Diario Digital Femenino","article_publisher":"https:\/\/www.facebook.com\/DiarioDigitaFemenino\/","article_published_time":"2012-08-16T14:28:45+00:00","og_image":[{"url":"http:\/\/www.diariofemenino.com.ar\/wp-content\/uploads\/untitled2.png","type":"","width":"","height":""}],"author":"Admin","twitter_card":"summary_large_image","twitter_creator":"@DiarioFemenino1","twitter_site":"@DiarioFemenino1","twitter_misc":{"Escrito por":"Admin","Tiempo de lectura":"4 minutos"},"schema":{"@context":"https:\/\/schema.org","@graph":[{"@type":"Article","@id":"https:\/\/diariofemenino.com.ar\/df\/los-derechos-de-las-mujeres-indigenas-rurales-bajo-el-escrutinio-de-la-onu-recomendaciones-del-comite-de-la-cedaw-a-mexico\/#article","isPartOf":{"@id":"https:\/\/diariofemenino.com.ar\/df\/los-derechos-de-las-mujeres-indigenas-rurales-bajo-el-escrutinio-de-la-onu-recomendaciones-del-comite-de-la-cedaw-a-mexico\/"},"author":{"name":"Admin","@id":"https:\/\/diariofemenino.com.ar\/df\/#\/schema\/person\/38f54b3bfd13f561de2460ba95c169c6"},"headline":"Los Derechos de las Mujeres Ind\u00edgenas Rurales Bajo el Escrutinio de la ONU &#8211; Recomendaciones del Comit\u00e9 de la CEDAW a M\u00e9xico","datePublished":"2012-08-16T14:28:45+00:00","mainEntityOfPage":{"@id":"https:\/\/diariofemenino.com.ar\/df\/los-derechos-de-las-mujeres-indigenas-rurales-bajo-el-escrutinio-de-la-onu-recomendaciones-del-comite-de-la-cedaw-a-mexico\/"},"wordCount":751,"commentCount":0,"publisher":{"@id":"https:\/\/diariofemenino.com.ar\/df\/#organization"},"image":{"@id":"https:\/\/diariofemenino.com.ar\/df\/los-derechos-de-las-mujeres-indigenas-rurales-bajo-el-escrutinio-de-la-onu-recomendaciones-del-comite-de-la-cedaw-a-mexico\/#primaryimage"},"thumbnailUrl":"http:\/\/www.diariofemenino.com.ar\/wp-content\/uploads\/untitled2.png","articleSection":["De la Revoluci\u00f3n al Reaprendizaje","Medios"],"inLanguage":"es","potentialAction":[{"@type":"CommentAction","name":"Comment","target":["https:\/\/diariofemenino.com.ar\/df\/los-derechos-de-las-mujeres-indigenas-rurales-bajo-el-escrutinio-de-la-onu-recomendaciones-del-comite-de-la-cedaw-a-mexico\/#respond"]}]},{"@type":"WebPage","@id":"https:\/\/diariofemenino.com.ar\/df\/los-derechos-de-las-mujeres-indigenas-rurales-bajo-el-escrutinio-de-la-onu-recomendaciones-del-comite-de-la-cedaw-a-mexico\/","url":"https:\/\/diariofemenino.com.ar\/df\/los-derechos-de-las-mujeres-indigenas-rurales-bajo-el-escrutinio-de-la-onu-recomendaciones-del-comite-de-la-cedaw-a-mexico\/","name":"Los Derechos de las Mujeres Ind\u00edgenas Rurales Bajo el Escrutinio de la ONU - Recomendaciones del Comit\u00e9 de la CEDAW a M\u00e9xico - Diario Digital Femenino","isPartOf":{"@id":"https:\/\/diariofemenino.com.ar\/df\/#website"},"primaryImageOfPage":{"@id":"https:\/\/diariofemenino.com.ar\/df\/los-derechos-de-las-mujeres-indigenas-rurales-bajo-el-escrutinio-de-la-onu-recomendaciones-del-comite-de-la-cedaw-a-mexico\/#primaryimage"},"image":{"@id":"https:\/\/diariofemenino.com.ar\/df\/los-derechos-de-las-mujeres-indigenas-rurales-bajo-el-escrutinio-de-la-onu-recomendaciones-del-comite-de-la-cedaw-a-mexico\/#primaryimage"},"thumbnailUrl":"http:\/\/www.diariofemenino.com.ar\/wp-content\/uploads\/untitled2.png","datePublished":"2012-08-16T14:28:45+00:00","breadcrumb":{"@id":"https:\/\/diariofemenino.com.ar\/df\/los-derechos-de-las-mujeres-indigenas-rurales-bajo-el-escrutinio-de-la-onu-recomendaciones-del-comite-de-la-cedaw-a-mexico\/#breadcrumb"},"inLanguage":"es","potentialAction":[{"@type":"ReadAction","target":["https:\/\/diariofemenino.com.ar\/df\/los-derechos-de-las-mujeres-indigenas-rurales-bajo-el-escrutinio-de-la-onu-recomendaciones-del-comite-de-la-cedaw-a-mexico\/"]}]},{"@type":"ImageObject","inLanguage":"es","@id":"https:\/\/diariofemenino.com.ar\/df\/los-derechos-de-las-mujeres-indigenas-rurales-bajo-el-escrutinio-de-la-onu-recomendaciones-del-comite-de-la-cedaw-a-mexico\/#primaryimage","url":"http:\/\/www.diariofemenino.com.ar\/wp-content\/uploads\/untitled2.png","contentUrl":"http:\/\/www.diariofemenino.com.ar\/wp-content\/uploads\/untitled2.png"},{"@type":"BreadcrumbList","@id":"https:\/\/diariofemenino.com.ar\/df\/los-derechos-de-las-mujeres-indigenas-rurales-bajo-el-escrutinio-de-la-onu-recomendaciones-del-comite-de-la-cedaw-a-mexico\/#breadcrumb","itemListElement":[{"@type":"ListItem","position":1,"name":"Portada","item":"https:\/\/diariofemenino.com.ar\/df\/"},{"@type":"ListItem","position":2,"name":"Los Derechos de las Mujeres Ind\u00edgenas Rurales Bajo el Escrutinio de la ONU &#8211; Recomendaciones del Comit\u00e9 de la CEDAW a M\u00e9xico"}]},{"@type":"WebSite","@id":"https:\/\/diariofemenino.com.ar\/df\/#website","url":"https:\/\/diariofemenino.com.ar\/df\/","name":"Diario Digital Femenino","description":"Cuesti\u00f3n de G\u00e9nero","publisher":{"@id":"https:\/\/diariofemenino.com.ar\/df\/#organization"},"potentialAction":[{"@type":"SearchAction","target":{"@type":"EntryPoint","urlTemplate":"https:\/\/diariofemenino.com.ar\/df\/?s={search_term_string}"},"query-input":{"@type":"PropertyValueSpecification","valueRequired":true,"valueName":"search_term_string"}}],"inLanguage":"es"},{"@type":"Organization","@id":"https:\/\/diariofemenino.com.ar\/df\/#organization","name":"Diario Femenino","url":"https:\/\/diariofemenino.com.ar\/df\/","logo":{"@type":"ImageObject","inLanguage":"es","@id":"https:\/\/diariofemenino.com.ar\/df\/#\/schema\/logo\/image\/","url":"https:\/\/diariofemenino.com.ar\/df\/wp-content\/uploads\/2018\/10\/logo.png","contentUrl":"https:\/\/diariofemenino.com.ar\/df\/wp-content\/uploads\/2018\/10\/logo.png","width":500,"height":92,"caption":"Diario Femenino"},"image":{"@id":"https:\/\/diariofemenino.com.ar\/df\/#\/schema\/logo\/image\/"},"sameAs":["https:\/\/www.facebook.com\/DiarioDigitaFemenino\/","https:\/\/x.com\/DiarioFemenino1"]},{"@type":"Person","@id":"https:\/\/diariofemenino.com.ar\/df\/#\/schema\/person\/38f54b3bfd13f561de2460ba95c169c6","name":"Admin","image":{"@type":"ImageObject","inLanguage":"es","@id":"https:\/\/diariofemenino.com.ar\/df\/wp-content\/uploads\/2018\/12\/favicon-150x150.jpg","url":"https:\/\/diariofemenino.com.ar\/df\/wp-content\/uploads\/2018\/12\/favicon-150x150.jpg","contentUrl":"https:\/\/diariofemenino.com.ar\/df\/wp-content\/uploads\/2018\/12\/favicon-150x150.jpg","caption":"Admin"},"url":"https:\/\/diariofemenino.com.ar\/df\/author\/adm18df\/"}]}},"jetpack_featured_media_url":"","jetpack_sharing_enabled":true,"rttpg_featured_image_url":null,"rttpg_author":{"display_name":"Admin","author_link":"https:\/\/diariofemenino.com.ar\/df\/author\/adm18df\/"},"rttpg_comment":0,"rttpg_category":"<a href=\"https:\/\/diariofemenino.com.ar\/df\/category\/de-la-revolucion-al-reaprendizaje\/\" rel=\"category tag\">De la Revoluci\u00f3n al Reaprendizaje<\/a> <a href=\"https:\/\/diariofemenino.com.ar\/df\/category\/medios\/\" rel=\"category tag\">Medios<\/a>","rttpg_excerpt":"&nbsp; &nbsp; Con el lanzamiento de sus observaciones finales dirigidas a M\u00e9xico, el Comit\u00e9 de la ONU sobre la Eliminaci\u00f3n de todas las formas de Discriminaci\u00f3n contra la Mujer (CEDAW) expresa su preocupaci\u00f3n por las pr\u00e1cticas culturales nocivas y la violencia dirigidas a las mujeres ind\u00edgenas rurales, as\u00ed como su falta de acceso a la&hellip;","_links":{"self":[{"href":"https:\/\/diariofemenino.com.ar\/df\/wp-json\/wp\/v2\/posts\/3208","targetHints":{"allow":["GET"]}}],"collection":[{"href":"https:\/\/diariofemenino.com.ar\/df\/wp-json\/wp\/v2\/posts"}],"about":[{"href":"https:\/\/diariofemenino.com.ar\/df\/wp-json\/wp\/v2\/types\/post"}],"author":[{"embeddable":true,"href":"https:\/\/diariofemenino.com.ar\/df\/wp-json\/wp\/v2\/users\/1"}],"replies":[{"embeddable":true,"href":"https:\/\/diariofemenino.com.ar\/df\/wp-json\/wp\/v2\/comments?post=3208"}],"version-history":[{"count":0,"href":"https:\/\/diariofemenino.com.ar\/df\/wp-json\/wp\/v2\/posts\/3208\/revisions"}],"wp:attachment":[{"href":"https:\/\/diariofemenino.com.ar\/df\/wp-json\/wp\/v2\/media?parent=3208"}],"wp:term":[{"taxonomy":"category","embeddable":true,"href":"https:\/\/diariofemenino.com.ar\/df\/wp-json\/wp\/v2\/categories?post=3208"},{"taxonomy":"post_tag","embeddable":true,"href":"https:\/\/diariofemenino.com.ar\/df\/wp-json\/wp\/v2\/tags?post=3208"}],"curies":[{"name":"wp","href":"https:\/\/api.w.org\/{rel}","templated":true}]}}