{"id":32045,"date":"2019-02-23T10:34:39","date_gmt":"2019-02-23T13:34:39","guid":{"rendered":"https:\/\/diariofemenino.com.ar\/?p=32045"},"modified":"2019-02-23T10:34:39","modified_gmt":"2019-02-23T13:34:39","slug":"anticipo-de-pelota-de-papel-3-cuando-las-mujeres-comienzan-a-contar","status":"publish","type":"post","link":"https:\/\/diariofemenino.com.ar\/df\/anticipo-de-pelota-de-papel-3-cuando-las-mujeres-comienzan-a-contar\/","title":{"rendered":"Anticipo de \u00abPelota de papel 3\u00bb: cuando las mujeres comienzan a contar"},"content":{"rendered":"<p>Los libros de \u00abPelota de papel\u00bb, que re\u00fanen relatos de futbolistas con hermosas ilustraciones, se hacen con fines solidarios. <a href=\"https:\/\/www.infobae.com\/cultura\/2019\/02\/23\/anticipo-de-pelota-de-papel-3-cuando-las-mujeres-comienzan-a-contar\/\">Infobae Cultura<\/a> reproduce el pr\u00f3logo de Claudia Pi\u00f1eiro para el volumen 3 de esta iniciativa, que en esta oportunidad fue escrito por futbolistas mujeres<\/p>\n<div class=\"row pb-content-type-text\">\n<div class=\"col-xs-12 col-print-12\">\n<p class=\"element element-paragraph\">Por\u00a0<strong>Claudia Pi\u00f1eiro<\/strong><\/p>\n<div id=\"hybs-mslot-2fd2b8cf-0\" class=\"hybs-mslot\"><\/div>\n<\/div>\n<\/div>\n<div class=\"row pb-content-type-image\">\n<figure class=\"element element-image col-xs-12\">\n<div class=\"single-image\">\n<div class=\"shares\">\n<div class=\"share-button facebook\" data-url=\"https:\/\/www.infobae.com\/cultura\/2019\/02\/23\/anticipo-de-pelota-de-papel-3-cuando-las-mujeres-comienzan-a-contar\/%235XZBRAPHFBEDDJYLGC5SR3WFPY\" data-original=\"https:\/\/s3.amazonaws.com\/arc-wordpress-client-uploads\/infobae-wp\/wp-content\/uploads\/2019\/02\/22150616\/Pelota-de-papel-3-6.jpg\"><\/div>\n<\/div>\n<p><img decoding=\"async\" id=\"5XZBRAPHFBEDDJYLGC5SR3WFPY\" class=\"image-lazy\" src=\"https:\/\/www.infobae.com\/new-resizer\/WSxTc79Fa3VBCDX3raVTElVgNwo=\/750x0\/filters:quality(100)\/s3.amazonaws.com\/arc-wordpress-client-uploads\/infobae-wp\/wp-content\/uploads\/2019\/02\/22150616\/Pelota-de-papel-3-6.jpg\" alt=\"\" width=\"750\" height=\"1149.7005988023952\" data-url=\"https:\/\/www.infobae.com\/cultura\/2019\/02\/23\/anticipo-de-pelota-de-papel-3-cuando-las-mujeres-comienzan-a-contar\/%235XZBRAPHFBEDDJYLGC5SR3WFPY\" data-original=\"https:\/\/www.infobae.com\/new-resizer\/WSxTc79Fa3VBCDX3raVTElVgNwo=\/750x0\/filters:quality(100)\/s3.amazonaws.com\/arc-wordpress-client-uploads\/infobae-wp\/wp-content\/uploads\/2019\/02\/22150616\/Pelota-de-papel-3-6.jpg\" \/><\/div><figcaption class=\"\"><\/figcaption><\/figure>\n<\/div>\n<div class=\"row pb-content-type-text\">\n<div class=\"col-xs-12 col-print-12\">\n<p class=\"element element-paragraph\"><em><strong>Pelota de papel 3, Cuentos escritos por mujeres futbolistas<\/strong><\/em>, es como un juego de cajas chinas. O mamushkas. Prefiero mamushkas, porque es el producto superpuesto del arte y la palabra de distintas mujeres: deportistas, artistas, periodistas, escritoras, militantes. Uno abre cada una de las veintinueve mamushkas con entusiasmo lector y se encuentra con que dentro no hay solo una historia. Hay veintinueve historias, veintinueve presentaciones, veintinueve ilustraciones. Pero tambi\u00e9n hay sue\u00f1os, lucha, esperanzas, decepciones, amistad, amor, camino recorrido. Y f\u00fatbol, mucho f\u00fatbol.<\/p>\n<\/div>\n<\/div>\n<div class=\"row pb-content-type-text\">\n<div class=\"col-xs-12 col-print-12\">\n<p class=\"element element-paragraph\">Aunque claro, el camino recorrido por mujeres en el mundo de este deporte tiene sus particularidades. No solo se trata de buscar el lugar propio en base a talento, fuerza de voluntad, pasi\u00f3n, entrenamiento.\u00a0<strong>Se trata tambi\u00e9n, y antes que nada, de luchar por conseguir un lugar en territorio prohibido<\/strong>, un territorio deportivo reservado por y para hombres. Pero las mujeres nos cansamos de que los hombres nos se\u00f1alen prohibiciones. Las historias de\u00a0<strong><em>Pelota de papel 3<\/em><\/strong>\u00a0son, entonces, historias de f\u00fatbol pero tambi\u00e9n historias de lucha de mujeres por sus derechos.<\/p>\n<\/div>\n<\/div>\n<div class=\"row pb-content-type-image\">\n<figure class=\"element element-image col-xs-12\">\n<div class=\"single-image\">\n<div class=\"shares\">\n<div class=\"share-button facebook\" data-url=\"https:\/\/www.infobae.com\/cultura\/2019\/02\/23\/anticipo-de-pelota-de-papel-3-cuando-las-mujeres-comienzan-a-contar\/%23DDTOTBQISFBE3FN6DKCRWIKCHU\" data-original=\"https:\/\/s3.amazonaws.com\/arc-wordpress-client-uploads\/infobae-wp\/wp-content\/uploads\/2019\/02\/22150607\/Pelota-de-papel-3-5.jpg\"><\/div>\n<\/div>\n<p><img decoding=\"async\" id=\"DDTOTBQISFBE3FN6DKCRWIKCHU\" class=\"image-lazy\" src=\"https:\/\/www.infobae.com\/new-resizer\/ME8Y2WvVp_c0khhJXQsWvjuKbSI=\/750x0\/filters:quality(100)\/s3.amazonaws.com\/arc-wordpress-client-uploads\/infobae-wp\/wp-content\/uploads\/2019\/02\/22150607\/Pelota-de-papel-3-5.jpg\" alt=\"\" width=\"750\" height=\"1149.7005988023952\" data-url=\"https:\/\/www.infobae.com\/cultura\/2019\/02\/23\/anticipo-de-pelota-de-papel-3-cuando-las-mujeres-comienzan-a-contar\/%23DDTOTBQISFBE3FN6DKCRWIKCHU\" data-original=\"https:\/\/www.infobae.com\/new-resizer\/ME8Y2WvVp_c0khhJXQsWvjuKbSI=\/750x0\/filters:quality(100)\/s3.amazonaws.com\/arc-wordpress-client-uploads\/infobae-wp\/wp-content\/uploads\/2019\/02\/22150607\/Pelota-de-papel-3-5.jpg\" \/><\/div><figcaption class=\"\"><\/figcaption><\/figure>\n<\/div>\n<div class=\"row pb-content-type-text\">\n<div id=\"\" class=\"wrapper clearfix pb-feature pb-layout-item pb-f-ads-dfp left-align\">\n<div id=\"inline\" class=\"ad-slot\">\n<div id=\"inline_ad\" data-google-query-id=\"CKyd_I_60eACFZN-wQodWAoH7Q\">\n<div id=\"google_ads_iframe_\/1058609\/infobae\/cultura\/nota\/inline_0__container__\"><iframe id=\"google_ads_iframe_\/1058609\/infobae\/cultura\/nota\/inline_0\" title=\"3rd party ad content\" name=\"google_ads_iframe_\/1058609\/infobae\/cultura\/nota\/inline_0\" width=\"1\" height=\"1\" frameborder=\"0\" marginwidth=\"0\" marginheight=\"0\" scrolling=\"no\" data-google-container-id=\"6\" data-load-complete=\"true\" data-mce-fragment=\"1\"><\/iframe><\/div>\n<\/div>\n<\/div>\n<\/div>\n<div class=\"col-xs-12 col-print-12\">\n<p class=\"element element-paragraph\">Todo conmueve, todo ilumina. Me gustar\u00eda nombrar a cada una de las autoras.\u00a0<strong>Norma Saralegui<\/strong>, que rescata la historia de jugadoras de selecci\u00f3n que cantaban boleros del Tr\u00edo los Panchos en un restaurante en Ciudad de M\u00e9xico para ganarse la comida despu\u00e9s de que el \u00abempresario\u00bb que las llev\u00f3 las abandonara.\u00a0<strong>Juliana Rom\u00e1n Lozano<\/strong>\u00a0y su camino en el f\u00fatbol desde el exilio en Suecia hasta el barrio Padre Mugica en nuestro pa\u00eds.\u00a0<strong>Camila G\u00f3mez<\/strong><strong>Ares<\/strong>\u00a0y la exclusi\u00f3n de un partido en su ni\u00f1ez que la marc\u00f3 para siempre.\u00a0<strong>Andressa Alves<\/strong>, la jugadora brasile\u00f1a que empez\u00f3 jugando por una gaseosa fr\u00eda.\u00a0<strong>M\u00f3nica Santino<\/strong>, con el recuerdo de la aventura adolescente durante un viaje a Necochea.\u00a0<strong>Aldi Cometti<\/strong>\u00a0y la detallada descripci\u00f3n de qu\u00e9 se siente al patear un penal y al atajarlo.\u00a0<strong>Alba Palacios<\/strong>, que arranca con \u00ab\u00e9rase una vez una ni\u00f1a\u00bb, para sumergirnos en su relato que no es un cuento de hadas sino de lucha y de deseo.\u00a0<strong>Natalia Guitler<\/strong>, quien con obstinaci\u00f3n sigui\u00f3 a sus hermanos a cada uno de sus partidos hasta que le hicieron un lugar.\u00a0<strong>Mar\u00eda Bel\u00e9n Potassa<\/strong>, que empez\u00f3 jugando en su Ca\u00f1ada Rosqu\u00edn, donde el entrenador premiaba cada logro con mandarinas.\u00a0<strong>Ayel\u00e9n Pujol<\/strong>, jugadora del equipo Norita F\u00fatbol Club \u2014nombre en honor a Nora Corti\u00f1as\u2014, quien rescata el jugar bien por sobre el resultado.\u00a0<strong>Bel\u00e9n Soto<\/strong>, que usa el \u00abImagine\u00bb de Lennon para contar c\u00f3mo su sue\u00f1o se cumpli\u00f3 en su propio barrio.\u00a0<strong>Gabriela Garton<\/strong>, que cuenta la historia de otra jugadora, la delantera Florencia Bonsegundo, quien qued\u00f3 en la Selecci\u00f3n gracias a un feliz error.\u00a0<strong>Katherine Alvarado<\/strong>, que relata c\u00f3mo se gan\u00f3 el respeto jugando al f\u00fatbol con varones en el patio de la escuela.<strong>\u00a0Pamela Visciarelli<\/strong>\u00a0y un encuentro que arranc\u00f3 con rivalidad y termin\u00f3 siendo una verdadera historia de amor.\u00a0<strong>Luri Sorroche<\/strong>, que cuenta c\u00f3mo es jugar al f\u00fatbol en la India.\u00a0<strong>Evelina Cabrera<\/strong>\u00a0con su historia de quien se perdi\u00f3 ver el Mundial 86 y todo lo que gan\u00f3 despu\u00e9s.\u00a0<strong>Stefan\u00eda Maggiolini Fort<\/strong>\u00a0y la despedida de su familia en Uruguay para irse a jugar a Espa\u00f1a.<\/p>\n<\/div>\n<\/div>\n<div class=\"row pb-content-type-image\">\n<figure class=\"element element-image col-xs-12\">\n<div class=\"single-image\">\n<div class=\"shares\">\n<div class=\"share-button facebook\" data-url=\"https:\/\/www.infobae.com\/cultura\/2019\/02\/23\/anticipo-de-pelota-de-papel-3-cuando-las-mujeres-comienzan-a-contar\/%23Y53NUZAO3VHRPKI3A74UXWN7Z4\" data-original=\"https:\/\/s3.amazonaws.com\/arc-wordpress-client-uploads\/infobae-wp\/wp-content\/uploads\/2019\/02\/22150557\/Pelota-de-papel-3-4.jpg\"><\/div>\n<\/div>\n<p><img decoding=\"async\" id=\"Y53NUZAO3VHRPKI3A74UXWN7Z4\" class=\"image-lazy\" src=\"https:\/\/www.infobae.com\/new-resizer\/v49jFL_tJb-uMExwcoojcX5x-o8=\/750x0\/filters:quality(100)\/s3.amazonaws.com\/arc-wordpress-client-uploads\/infobae-wp\/wp-content\/uploads\/2019\/02\/22150557\/Pelota-de-papel-3-4.jpg\" alt=\"\" width=\"750\" height=\"1005.2356020942409\" data-url=\"https:\/\/www.infobae.com\/cultura\/2019\/02\/23\/anticipo-de-pelota-de-papel-3-cuando-las-mujeres-comienzan-a-contar\/%23Y53NUZAO3VHRPKI3A74UXWN7Z4\" data-original=\"https:\/\/www.infobae.com\/new-resizer\/v49jFL_tJb-uMExwcoojcX5x-o8=\/750x0\/filters:quality(100)\/s3.amazonaws.com\/arc-wordpress-client-uploads\/infobae-wp\/wp-content\/uploads\/2019\/02\/22150557\/Pelota-de-papel-3-4.jpg\" \/><\/div><figcaption class=\"\"><\/figcaption><\/figure>\n<\/div>\n<div class=\"row pb-content-type-text\">\n<div class=\"col-xs-12 col-print-12\">\n<p class=\"element element-paragraph\"><strong>Carolina Mendes<\/strong>, que trae la historia del equipo de f\u00fatbol femenino ruso que qued\u00f3 encerrado por horas en una torre porque hab\u00eda una reuni\u00f3n de la mafia.\u00a0<strong>Virginia Salera<\/strong>\u00a0y el desaf\u00edo de armar un equipo hasta llegar a competir en un cl\u00e1sico.\u00a0<strong>Sol Dom\u00ednguez<\/strong>, que se atreve a la ficci\u00f3n, con una pelota que se detiene en el aire por el fortuito encuentro de un hombre y una mujer.\u00a0<strong>Lucila Sandoval<\/strong>, con el uso del lenguaje y el insulto contados con maestr\u00eda: el \u00abmarimacho\u00bb que le gritaban en su pueblo.\u00a0<strong>Mili Oliver<\/strong>\u00a0y la lograda voz de un relator para mezclar ficci\u00f3n y realidad.\u00a0<strong>Vanessa Arauz<\/strong>, contando la necesidad de compartir el grito de triunfo con otro.\u00a0<strong>Delfina Corti<\/strong>, con el entra\u00f1able perfil de su abuela hincha de Boca.\u00a0<strong>Leila Ponzetti<\/strong>, que nos deja una poes\u00eda pero tambi\u00e9n un manifiesto.\u00a0<strong>Rosana G\u00f3mez<\/strong>\u00a0y su cuento de Navidad y de lucha de su mam\u00e1.\u00a0<strong>Sof\u00eda Rodr\u00edguez Cuggia<\/strong>, sobre c\u00f3mo este deporte la ayud\u00f3 teniendo diabetes.\u00a0<strong>Eugenia Nardone<\/strong>, que se pregunta si su historia habr\u00eda sido la misma de no haber estado all\u00ed su mam\u00e1.\u00a0<strong>Marina Nogueyra<\/strong>\u00a0y su periplo que arranca en Fiorito \u2014a metros de la casa de los Maradona\u2014 y termina en Nueva York.<\/p>\n<\/div>\n<\/div>\n<div class=\"row pb-content-type-image\">\n<figure class=\"element element-image col-xs-12\">\n<div class=\"single-image\">\n<div class=\"shares\">\n<div class=\"share-button facebook\" data-url=\"https:\/\/www.infobae.com\/cultura\/2019\/02\/23\/anticipo-de-pelota-de-papel-3-cuando-las-mujeres-comienzan-a-contar\/%23ZJBPBVOAKNGA3PAHOAKANQRVWI\" data-original=\"https:\/\/s3.amazonaws.com\/arc-wordpress-client-uploads\/infobae-wp\/wp-content\/uploads\/2019\/02\/22150624\/Pelota-de-papel-3-7.jpg\"><\/div>\n<\/div>\n<p><img decoding=\"async\" id=\"ZJBPBVOAKNGA3PAHOAKANQRVWI\" class=\"image-lazy\" src=\"https:\/\/www.infobae.com\/new-resizer\/YY5umA9RTc64d8n3JVn2alUhhUw=\/750x0\/filters:quality(100)\/s3.amazonaws.com\/arc-wordpress-client-uploads\/infobae-wp\/wp-content\/uploads\/2019\/02\/22150624\/Pelota-de-papel-3-7.jpg\" alt=\"\" width=\"750\" height=\"1149.7005988023952\" data-url=\"https:\/\/www.infobae.com\/cultura\/2019\/02\/23\/anticipo-de-pelota-de-papel-3-cuando-las-mujeres-comienzan-a-contar\/%23ZJBPBVOAKNGA3PAHOAKANQRVWI\" data-original=\"https:\/\/www.infobae.com\/new-resizer\/YY5umA9RTc64d8n3JVn2alUhhUw=\/750x0\/filters:quality(100)\/s3.amazonaws.com\/arc-wordpress-client-uploads\/infobae-wp\/wp-content\/uploads\/2019\/02\/22150624\/Pelota-de-papel-3-7.jpg\" \/><\/div><figcaption class=\"\"><\/figcaption><\/figure>\n<\/div>\n<div class=\"row pb-content-type-text\">\n<div class=\"col-xs-12 col-print-12\">\n<p class=\"element element-paragraph\">Y por cada historia, la perla de una presentaci\u00f3n y una ilustraci\u00f3n, relato y arte una vez m\u00e1s.<\/p>\n<\/div>\n<\/div>\n<div class=\"row pb-content-type-image\">\n<figure class=\"element element-image col-xs-12\">\n<div class=\"single-image\">\n<div class=\"shares\">\n<div class=\"share-button facebook\" data-url=\"https:\/\/www.infobae.com\/cultura\/2019\/02\/23\/anticipo-de-pelota-de-papel-3-cuando-las-mujeres-comienzan-a-contar\/%23OYJDI45MZVB3JDC3YR52MYA6GM\" data-original=\"https:\/\/s3.amazonaws.com\/arc-wordpress-client-uploads\/infobae-wp\/wp-content\/uploads\/2019\/02\/22150548\/Pelota-de-papel-3-3.jpg\"><\/div>\n<\/div>\n<p><img decoding=\"async\" id=\"OYJDI45MZVB3JDC3YR52MYA6GM\" class=\"image-lazy\" src=\"https:\/\/www.infobae.com\/new-resizer\/QOl0gruQSqRQ2BI4jdvbJftI31A=\/750x0\/filters:quality(100)\/s3.amazonaws.com\/arc-wordpress-client-uploads\/infobae-wp\/wp-content\/uploads\/2019\/02\/22150548\/Pelota-de-papel-3-3.jpg\" alt=\"\" width=\"750\" height=\"1149.7005988023952\" data-url=\"https:\/\/www.infobae.com\/cultura\/2019\/02\/23\/anticipo-de-pelota-de-papel-3-cuando-las-mujeres-comienzan-a-contar\/%23OYJDI45MZVB3JDC3YR52MYA6GM\" data-original=\"https:\/\/www.infobae.com\/new-resizer\/QOl0gruQSqRQ2BI4jdvbJftI31A=\/750x0\/filters:quality(100)\/s3.amazonaws.com\/arc-wordpress-client-uploads\/infobae-wp\/wp-content\/uploads\/2019\/02\/22150548\/Pelota-de-papel-3-3.jpg\" \/><\/div><figcaption class=\"\"><\/figcaption><\/figure>\n<\/div>\n<div class=\"row pb-content-type-text\">\n<div class=\"col-xs-12 col-print-12\">\n<p class=\"element element-paragraph\"><em><strong>Pelota de papel 3<\/strong><\/em>\u00a0es un libro para leer, mirar, disfrutar, emocionarse.<br \/>\nUna mamushka casi al infinito. (<a href=\"https:\/\/www.infobae.com\/cultura\/2019\/02\/23\/anticipo-de-pelota-de-papel-3-cuando-las-mujeres-comienzan-a-contar\/\">Infobae<\/a>)<\/p>\n<\/div>\n<\/div>\n","protected":false},"excerpt":{"rendered":"<p>Los libros de \u00abPelota de papel\u00bb, que re\u00fanen relatos de futbolistas con hermosas ilustraciones, se hacen con fines solidarios. Infobae Cultura reproduce el pr\u00f3logo de Claudia Pi\u00f1eiro para el volumen 3 de esta iniciativa, que en esta oportunidad fue escrito por futbolistas mujeres Por\u00a0Claudia Pi\u00f1eiro Pelota de papel 3, Cuentos escritos por mujeres futbolistas, es [&hellip;]<\/p>\n","protected":false},"author":4,"featured_media":32046,"comment_status":"open","ping_status":"open","sticky":false,"template":"","format":"standard","meta":{"iawp_total_views":12,"footnotes":""},"categories":[19],"tags":[],"class_list":["post-32045","post","type-post","status-publish","format-standard","has-post-thumbnail","hentry","category-biblioteca"],"nelio_content":{"autoShareEndMode":"never","automationSources":{"useCustomSentences":false,"customSentences":[]},"efiAlt":"","efiUrl":"","followers":[4],"highlights":[],"isAutoShareEnabled":true,"networkImageIds":[],"permalinkQueryArgs":[],"series":[],"suggestedReferences":[]},"yoast_head":"<!-- This site is optimized with the Yoast SEO plugin v27.5 - https:\/\/yoast.com\/product\/yoast-seo-wordpress\/ -->\n<title>Anticipo de &quot;Pelota de papel 3&quot;: cuando las mujeres comienzan a contar - Diario Digital Femenino<\/title>\n<meta name=\"description\" content=\"Anticipo de &quot;Pelota de papel 3&quot;: cuando las mujeres comienzan a contar\" \/>\n<meta name=\"robots\" content=\"index, follow, max-snippet:-1, max-image-preview:large, max-video-preview:-1\" \/>\n<link rel=\"canonical\" href=\"https:\/\/diariofemenino.com.ar\/df\/anticipo-de-pelota-de-papel-3-cuando-las-mujeres-comienzan-a-contar\/\" \/>\n<meta property=\"og:locale\" content=\"es_ES\" \/>\n<meta property=\"og:type\" content=\"article\" \/>\n<meta property=\"og:title\" content=\"Anticipo de &quot;Pelota de papel 3&quot;: cuando las mujeres comienzan a contar - Diario Digital Femenino\" \/>\n<meta property=\"og:description\" content=\"Anticipo de &quot;Pelota de papel 3&quot;: cuando las mujeres comienzan a contar\" \/>\n<meta property=\"og:url\" content=\"https:\/\/diariofemenino.com.ar\/df\/anticipo-de-pelota-de-papel-3-cuando-las-mujeres-comienzan-a-contar\/\" \/>\n<meta property=\"og:site_name\" content=\"Diario Digital Femenino\" \/>\n<meta property=\"article:publisher\" content=\"https:\/\/www.facebook.com\/DiarioDigitaFemenino\/\" \/>\n<meta property=\"article:published_time\" content=\"2019-02-23T13:34:39+00:00\" \/>\n<meta property=\"og:image\" content=\"https:\/\/diariofemenino.com.ar\/df\/wp-content\/uploads\/2019\/02\/D0F1Vt2XcAA-lNF.jpg\" \/>\n\t<meta property=\"og:image:width\" content=\"1080\" \/>\n\t<meta property=\"og:image:height\" content=\"1085\" \/>\n\t<meta property=\"og:image:type\" content=\"image\/jpeg\" \/>\n<meta name=\"author\" content=\"Admin\" \/>\n<meta name=\"twitter:card\" content=\"summary_large_image\" \/>\n<meta name=\"twitter:creator\" content=\"@DiarioFemenino1\" \/>\n<meta name=\"twitter:site\" content=\"@DiarioFemenino1\" \/>\n<meta name=\"twitter:label1\" content=\"Escrito por\" \/>\n\t<meta name=\"twitter:data1\" content=\"Admin\" \/>\n\t<meta name=\"twitter:label2\" content=\"Tiempo de lectura\" \/>\n\t<meta name=\"twitter:data2\" content=\"4 minutos\" \/>\n<script type=\"application\/ld+json\" class=\"yoast-schema-graph\">{\"@context\":\"https:\\\/\\\/schema.org\",\"@graph\":[{\"@type\":\"Article\",\"@id\":\"https:\\\/\\\/diariofemenino.com.ar\\\/df\\\/anticipo-de-pelota-de-papel-3-cuando-las-mujeres-comienzan-a-contar\\\/#article\",\"isPartOf\":{\"@id\":\"https:\\\/\\\/diariofemenino.com.ar\\\/df\\\/anticipo-de-pelota-de-papel-3-cuando-las-mujeres-comienzan-a-contar\\\/\"},\"author\":{\"name\":\"Admin\",\"@id\":\"https:\\\/\\\/diariofemenino.com.ar\\\/df\\\/#\\\/schema\\\/person\\\/bf6199e8158c657ea6f789b11ec85509\"},\"headline\":\"Anticipo de \u00abPelota de papel 3\u00bb: cuando las mujeres comienzan a contar\",\"datePublished\":\"2019-02-23T13:34:39+00:00\",\"mainEntityOfPage\":{\"@id\":\"https:\\\/\\\/diariofemenino.com.ar\\\/df\\\/anticipo-de-pelota-de-papel-3-cuando-las-mujeres-comienzan-a-contar\\\/\"},\"wordCount\":886,\"commentCount\":0,\"publisher\":{\"@id\":\"https:\\\/\\\/diariofemenino.com.ar\\\/df\\\/#organization\"},\"image\":{\"@id\":\"https:\\\/\\\/diariofemenino.com.ar\\\/df\\\/anticipo-de-pelota-de-papel-3-cuando-las-mujeres-comienzan-a-contar\\\/#primaryimage\"},\"thumbnailUrl\":\"https:\\\/\\\/diariofemenino.com.ar\\\/df\\\/wp-content\\\/uploads\\\/2019\\\/02\\\/D0F1Vt2XcAA-lNF.jpg\",\"articleSection\":[\"Biblioteca Virtual\"],\"inLanguage\":\"es\",\"potentialAction\":[{\"@type\":\"CommentAction\",\"name\":\"Comment\",\"target\":[\"https:\\\/\\\/diariofemenino.com.ar\\\/df\\\/anticipo-de-pelota-de-papel-3-cuando-las-mujeres-comienzan-a-contar\\\/#respond\"]}]},{\"@type\":\"WebPage\",\"@id\":\"https:\\\/\\\/diariofemenino.com.ar\\\/df\\\/anticipo-de-pelota-de-papel-3-cuando-las-mujeres-comienzan-a-contar\\\/\",\"url\":\"https:\\\/\\\/diariofemenino.com.ar\\\/df\\\/anticipo-de-pelota-de-papel-3-cuando-las-mujeres-comienzan-a-contar\\\/\",\"name\":\"Anticipo de \\\"Pelota de papel 3\\\": cuando las mujeres comienzan a contar - Diario Digital Femenino\",\"isPartOf\":{\"@id\":\"https:\\\/\\\/diariofemenino.com.ar\\\/df\\\/#website\"},\"primaryImageOfPage\":{\"@id\":\"https:\\\/\\\/diariofemenino.com.ar\\\/df\\\/anticipo-de-pelota-de-papel-3-cuando-las-mujeres-comienzan-a-contar\\\/#primaryimage\"},\"image\":{\"@id\":\"https:\\\/\\\/diariofemenino.com.ar\\\/df\\\/anticipo-de-pelota-de-papel-3-cuando-las-mujeres-comienzan-a-contar\\\/#primaryimage\"},\"thumbnailUrl\":\"https:\\\/\\\/diariofemenino.com.ar\\\/df\\\/wp-content\\\/uploads\\\/2019\\\/02\\\/D0F1Vt2XcAA-lNF.jpg\",\"datePublished\":\"2019-02-23T13:34:39+00:00\",\"description\":\"Anticipo de \\\"Pelota de papel 3\\\": cuando las mujeres comienzan a contar\",\"breadcrumb\":{\"@id\":\"https:\\\/\\\/diariofemenino.com.ar\\\/df\\\/anticipo-de-pelota-de-papel-3-cuando-las-mujeres-comienzan-a-contar\\\/#breadcrumb\"},\"inLanguage\":\"es\",\"potentialAction\":[{\"@type\":\"ReadAction\",\"target\":[\"https:\\\/\\\/diariofemenino.com.ar\\\/df\\\/anticipo-de-pelota-de-papel-3-cuando-las-mujeres-comienzan-a-contar\\\/\"]}]},{\"@type\":\"ImageObject\",\"inLanguage\":\"es\",\"@id\":\"https:\\\/\\\/diariofemenino.com.ar\\\/df\\\/anticipo-de-pelota-de-papel-3-cuando-las-mujeres-comienzan-a-contar\\\/#primaryimage\",\"url\":\"https:\\\/\\\/diariofemenino.com.ar\\\/df\\\/wp-content\\\/uploads\\\/2019\\\/02\\\/D0F1Vt2XcAA-lNF.jpg\",\"contentUrl\":\"https:\\\/\\\/diariofemenino.com.ar\\\/df\\\/wp-content\\\/uploads\\\/2019\\\/02\\\/D0F1Vt2XcAA-lNF.jpg\",\"width\":1080,\"height\":1085,\"caption\":\"Anticipo de \\\"Pelota de papel 3\\\": cuando las mujeres comienzan a contar\"},{\"@type\":\"BreadcrumbList\",\"@id\":\"https:\\\/\\\/diariofemenino.com.ar\\\/df\\\/anticipo-de-pelota-de-papel-3-cuando-las-mujeres-comienzan-a-contar\\\/#breadcrumb\",\"itemListElement\":[{\"@type\":\"ListItem\",\"position\":1,\"name\":\"Portada\",\"item\":\"https:\\\/\\\/diariofemenino.com.ar\\\/df\\\/\"},{\"@type\":\"ListItem\",\"position\":2,\"name\":\"Anticipo de \u00abPelota de papel 3\u00bb: cuando las mujeres comienzan a contar\"}]},{\"@type\":\"WebSite\",\"@id\":\"https:\\\/\\\/diariofemenino.com.ar\\\/df\\\/#website\",\"url\":\"https:\\\/\\\/diariofemenino.com.ar\\\/df\\\/\",\"name\":\"Diario Digital Femenino\",\"description\":\"Cuesti\u00f3n de G\u00e9nero\",\"publisher\":{\"@id\":\"https:\\\/\\\/diariofemenino.com.ar\\\/df\\\/#organization\"},\"potentialAction\":[{\"@type\":\"SearchAction\",\"target\":{\"@type\":\"EntryPoint\",\"urlTemplate\":\"https:\\\/\\\/diariofemenino.com.ar\\\/df\\\/?s={search_term_string}\"},\"query-input\":{\"@type\":\"PropertyValueSpecification\",\"valueRequired\":true,\"valueName\":\"search_term_string\"}}],\"inLanguage\":\"es\"},{\"@type\":\"Organization\",\"@id\":\"https:\\\/\\\/diariofemenino.com.ar\\\/df\\\/#organization\",\"name\":\"Diario Femenino\",\"url\":\"https:\\\/\\\/diariofemenino.com.ar\\\/df\\\/\",\"logo\":{\"@type\":\"ImageObject\",\"inLanguage\":\"es\",\"@id\":\"https:\\\/\\\/diariofemenino.com.ar\\\/df\\\/#\\\/schema\\\/logo\\\/image\\\/\",\"url\":\"https:\\\/\\\/diariofemenino.com.ar\\\/df\\\/wp-content\\\/uploads\\\/2018\\\/10\\\/logo.png\",\"contentUrl\":\"https:\\\/\\\/diariofemenino.com.ar\\\/df\\\/wp-content\\\/uploads\\\/2018\\\/10\\\/logo.png\",\"width\":500,\"height\":92,\"caption\":\"Diario Femenino\"},\"image\":{\"@id\":\"https:\\\/\\\/diariofemenino.com.ar\\\/df\\\/#\\\/schema\\\/logo\\\/image\\\/\"},\"sameAs\":[\"https:\\\/\\\/www.facebook.com\\\/DiarioDigitaFemenino\\\/\",\"https:\\\/\\\/x.com\\\/DiarioFemenino1\"]},{\"@type\":\"Person\",\"@id\":\"https:\\\/\\\/diariofemenino.com.ar\\\/df\\\/#\\\/schema\\\/person\\\/bf6199e8158c657ea6f789b11ec85509\",\"name\":\"Admin\",\"image\":{\"@type\":\"ImageObject\",\"inLanguage\":\"es\",\"@id\":\"https:\\\/\\\/diariofemenino.com.ar\\\/df\\\/wp-content\\\/uploads\\\/2018\\\/12\\\/favicon-150x150.jpg\",\"url\":\"https:\\\/\\\/diariofemenino.com.ar\\\/df\\\/wp-content\\\/uploads\\\/2018\\\/12\\\/favicon-150x150.jpg\",\"contentUrl\":\"https:\\\/\\\/diariofemenino.com.ar\\\/df\\\/wp-content\\\/uploads\\\/2018\\\/12\\\/favicon-150x150.jpg\",\"caption\":\"Admin\"},\"url\":\"https:\\\/\\\/diariofemenino.com.ar\\\/df\\\/author\\\/lenny\\\/\"}]}<\/script>\n<!-- \/ Yoast SEO plugin. -->","yoast_head_json":{"title":"Anticipo de \"Pelota de papel 3\": cuando las mujeres comienzan a contar - Diario Digital Femenino","description":"Anticipo de \"Pelota de papel 3\": cuando las mujeres comienzan a contar","robots":{"index":"index","follow":"follow","max-snippet":"max-snippet:-1","max-image-preview":"max-image-preview:large","max-video-preview":"max-video-preview:-1"},"canonical":"https:\/\/diariofemenino.com.ar\/df\/anticipo-de-pelota-de-papel-3-cuando-las-mujeres-comienzan-a-contar\/","og_locale":"es_ES","og_type":"article","og_title":"Anticipo de \"Pelota de papel 3\": cuando las mujeres comienzan a contar - Diario Digital Femenino","og_description":"Anticipo de \"Pelota de papel 3\": cuando las mujeres comienzan a contar","og_url":"https:\/\/diariofemenino.com.ar\/df\/anticipo-de-pelota-de-papel-3-cuando-las-mujeres-comienzan-a-contar\/","og_site_name":"Diario Digital Femenino","article_publisher":"https:\/\/www.facebook.com\/DiarioDigitaFemenino\/","article_published_time":"2019-02-23T13:34:39+00:00","og_image":[{"width":1080,"height":1085,"url":"https:\/\/diariofemenino.com.ar\/df\/wp-content\/uploads\/2019\/02\/D0F1Vt2XcAA-lNF.jpg","type":"image\/jpeg"}],"author":"Admin","twitter_card":"summary_large_image","twitter_creator":"@DiarioFemenino1","twitter_site":"@DiarioFemenino1","twitter_misc":{"Escrito por":"Admin","Tiempo de lectura":"4 minutos"},"schema":{"@context":"https:\/\/schema.org","@graph":[{"@type":"Article","@id":"https:\/\/diariofemenino.com.ar\/df\/anticipo-de-pelota-de-papel-3-cuando-las-mujeres-comienzan-a-contar\/#article","isPartOf":{"@id":"https:\/\/diariofemenino.com.ar\/df\/anticipo-de-pelota-de-papel-3-cuando-las-mujeres-comienzan-a-contar\/"},"author":{"name":"Admin","@id":"https:\/\/diariofemenino.com.ar\/df\/#\/schema\/person\/bf6199e8158c657ea6f789b11ec85509"},"headline":"Anticipo de \u00abPelota de papel 3\u00bb: cuando las mujeres comienzan a contar","datePublished":"2019-02-23T13:34:39+00:00","mainEntityOfPage":{"@id":"https:\/\/diariofemenino.com.ar\/df\/anticipo-de-pelota-de-papel-3-cuando-las-mujeres-comienzan-a-contar\/"},"wordCount":886,"commentCount":0,"publisher":{"@id":"https:\/\/diariofemenino.com.ar\/df\/#organization"},"image":{"@id":"https:\/\/diariofemenino.com.ar\/df\/anticipo-de-pelota-de-papel-3-cuando-las-mujeres-comienzan-a-contar\/#primaryimage"},"thumbnailUrl":"https:\/\/diariofemenino.com.ar\/df\/wp-content\/uploads\/2019\/02\/D0F1Vt2XcAA-lNF.jpg","articleSection":["Biblioteca Virtual"],"inLanguage":"es","potentialAction":[{"@type":"CommentAction","name":"Comment","target":["https:\/\/diariofemenino.com.ar\/df\/anticipo-de-pelota-de-papel-3-cuando-las-mujeres-comienzan-a-contar\/#respond"]}]},{"@type":"WebPage","@id":"https:\/\/diariofemenino.com.ar\/df\/anticipo-de-pelota-de-papel-3-cuando-las-mujeres-comienzan-a-contar\/","url":"https:\/\/diariofemenino.com.ar\/df\/anticipo-de-pelota-de-papel-3-cuando-las-mujeres-comienzan-a-contar\/","name":"Anticipo de \"Pelota de papel 3\": cuando las mujeres comienzan a contar - Diario Digital Femenino","isPartOf":{"@id":"https:\/\/diariofemenino.com.ar\/df\/#website"},"primaryImageOfPage":{"@id":"https:\/\/diariofemenino.com.ar\/df\/anticipo-de-pelota-de-papel-3-cuando-las-mujeres-comienzan-a-contar\/#primaryimage"},"image":{"@id":"https:\/\/diariofemenino.com.ar\/df\/anticipo-de-pelota-de-papel-3-cuando-las-mujeres-comienzan-a-contar\/#primaryimage"},"thumbnailUrl":"https:\/\/diariofemenino.com.ar\/df\/wp-content\/uploads\/2019\/02\/D0F1Vt2XcAA-lNF.jpg","datePublished":"2019-02-23T13:34:39+00:00","description":"Anticipo de \"Pelota de papel 3\": cuando las mujeres comienzan a contar","breadcrumb":{"@id":"https:\/\/diariofemenino.com.ar\/df\/anticipo-de-pelota-de-papel-3-cuando-las-mujeres-comienzan-a-contar\/#breadcrumb"},"inLanguage":"es","potentialAction":[{"@type":"ReadAction","target":["https:\/\/diariofemenino.com.ar\/df\/anticipo-de-pelota-de-papel-3-cuando-las-mujeres-comienzan-a-contar\/"]}]},{"@type":"ImageObject","inLanguage":"es","@id":"https:\/\/diariofemenino.com.ar\/df\/anticipo-de-pelota-de-papel-3-cuando-las-mujeres-comienzan-a-contar\/#primaryimage","url":"https:\/\/diariofemenino.com.ar\/df\/wp-content\/uploads\/2019\/02\/D0F1Vt2XcAA-lNF.jpg","contentUrl":"https:\/\/diariofemenino.com.ar\/df\/wp-content\/uploads\/2019\/02\/D0F1Vt2XcAA-lNF.jpg","width":1080,"height":1085,"caption":"Anticipo de \"Pelota de papel 3\": cuando las mujeres comienzan a contar"},{"@type":"BreadcrumbList","@id":"https:\/\/diariofemenino.com.ar\/df\/anticipo-de-pelota-de-papel-3-cuando-las-mujeres-comienzan-a-contar\/#breadcrumb","itemListElement":[{"@type":"ListItem","position":1,"name":"Portada","item":"https:\/\/diariofemenino.com.ar\/df\/"},{"@type":"ListItem","position":2,"name":"Anticipo de \u00abPelota de papel 3\u00bb: cuando las mujeres comienzan a contar"}]},{"@type":"WebSite","@id":"https:\/\/diariofemenino.com.ar\/df\/#website","url":"https:\/\/diariofemenino.com.ar\/df\/","name":"Diario Digital Femenino","description":"Cuesti\u00f3n de G\u00e9nero","publisher":{"@id":"https:\/\/diariofemenino.com.ar\/df\/#organization"},"potentialAction":[{"@type":"SearchAction","target":{"@type":"EntryPoint","urlTemplate":"https:\/\/diariofemenino.com.ar\/df\/?s={search_term_string}"},"query-input":{"@type":"PropertyValueSpecification","valueRequired":true,"valueName":"search_term_string"}}],"inLanguage":"es"},{"@type":"Organization","@id":"https:\/\/diariofemenino.com.ar\/df\/#organization","name":"Diario Femenino","url":"https:\/\/diariofemenino.com.ar\/df\/","logo":{"@type":"ImageObject","inLanguage":"es","@id":"https:\/\/diariofemenino.com.ar\/df\/#\/schema\/logo\/image\/","url":"https:\/\/diariofemenino.com.ar\/df\/wp-content\/uploads\/2018\/10\/logo.png","contentUrl":"https:\/\/diariofemenino.com.ar\/df\/wp-content\/uploads\/2018\/10\/logo.png","width":500,"height":92,"caption":"Diario Femenino"},"image":{"@id":"https:\/\/diariofemenino.com.ar\/df\/#\/schema\/logo\/image\/"},"sameAs":["https:\/\/www.facebook.com\/DiarioDigitaFemenino\/","https:\/\/x.com\/DiarioFemenino1"]},{"@type":"Person","@id":"https:\/\/diariofemenino.com.ar\/df\/#\/schema\/person\/bf6199e8158c657ea6f789b11ec85509","name":"Admin","image":{"@type":"ImageObject","inLanguage":"es","@id":"https:\/\/diariofemenino.com.ar\/df\/wp-content\/uploads\/2018\/12\/favicon-150x150.jpg","url":"https:\/\/diariofemenino.com.ar\/df\/wp-content\/uploads\/2018\/12\/favicon-150x150.jpg","contentUrl":"https:\/\/diariofemenino.com.ar\/df\/wp-content\/uploads\/2018\/12\/favicon-150x150.jpg","caption":"Admin"},"url":"https:\/\/diariofemenino.com.ar\/df\/author\/lenny\/"}]}},"jetpack_featured_media_url":"https:\/\/diariofemenino.com.ar\/df\/wp-content\/uploads\/2019\/02\/D0F1Vt2XcAA-lNF.jpg","jetpack_sharing_enabled":true,"rttpg_featured_image_url":{"full":["https:\/\/diariofemenino.com.ar\/df\/wp-content\/uploads\/2019\/02\/D0F1Vt2XcAA-lNF.jpg",1080,1085,false],"landscape":["https:\/\/diariofemenino.com.ar\/df\/wp-content\/uploads\/2019\/02\/D0F1Vt2XcAA-lNF.jpg",1080,1085,false],"portraits":["https:\/\/diariofemenino.com.ar\/df\/wp-content\/uploads\/2019\/02\/D0F1Vt2XcAA-lNF.jpg",1080,1085,false],"thumbnail":["https:\/\/diariofemenino.com.ar\/df\/wp-content\/uploads\/2019\/02\/D0F1Vt2XcAA-lNF-150x150.jpg",150,150,true],"medium":["https:\/\/diariofemenino.com.ar\/df\/wp-content\/uploads\/2019\/02\/D0F1Vt2XcAA-lNF-300x300.jpg",300,300,true],"large":["https:\/\/diariofemenino.com.ar\/df\/wp-content\/uploads\/2019\/02\/D0F1Vt2XcAA-lNF-1019x1024.jpg",1019,1024,true],"1536x1536":["https:\/\/diariofemenino.com.ar\/df\/wp-content\/uploads\/2019\/02\/D0F1Vt2XcAA-lNF.jpg",1080,1085,false],"2048x2048":["https:\/\/diariofemenino.com.ar\/df\/wp-content\/uploads\/2019\/02\/D0F1Vt2XcAA-lNF.jpg",1080,1085,false]},"rttpg_author":{"display_name":"Admin","author_link":"https:\/\/diariofemenino.com.ar\/df\/author\/lenny\/"},"rttpg_comment":0,"rttpg_category":"<a href=\"https:\/\/diariofemenino.com.ar\/df\/category\/biblioteca\/\" rel=\"category tag\">Biblioteca Virtual<\/a>","rttpg_excerpt":"Los libros de \u00abPelota de papel\u00bb, que re\u00fanen relatos de futbolistas con hermosas ilustraciones, se hacen con fines solidarios. Infobae Cultura reproduce el pr\u00f3logo de Claudia Pi\u00f1eiro para el volumen 3 de esta iniciativa, que en esta oportunidad fue escrito por futbolistas mujeres Por\u00a0Claudia Pi\u00f1eiro Pelota de papel 3, Cuentos escritos por mujeres futbolistas, es&hellip;","_links":{"self":[{"href":"https:\/\/diariofemenino.com.ar\/df\/wp-json\/wp\/v2\/posts\/32045","targetHints":{"allow":["GET"]}}],"collection":[{"href":"https:\/\/diariofemenino.com.ar\/df\/wp-json\/wp\/v2\/posts"}],"about":[{"href":"https:\/\/diariofemenino.com.ar\/df\/wp-json\/wp\/v2\/types\/post"}],"author":[{"embeddable":true,"href":"https:\/\/diariofemenino.com.ar\/df\/wp-json\/wp\/v2\/users\/4"}],"replies":[{"embeddable":true,"href":"https:\/\/diariofemenino.com.ar\/df\/wp-json\/wp\/v2\/comments?post=32045"}],"version-history":[{"count":0,"href":"https:\/\/diariofemenino.com.ar\/df\/wp-json\/wp\/v2\/posts\/32045\/revisions"}],"wp:featuredmedia":[{"embeddable":true,"href":"https:\/\/diariofemenino.com.ar\/df\/wp-json\/wp\/v2\/media\/32046"}],"wp:attachment":[{"href":"https:\/\/diariofemenino.com.ar\/df\/wp-json\/wp\/v2\/media?parent=32045"}],"wp:term":[{"taxonomy":"category","embeddable":true,"href":"https:\/\/diariofemenino.com.ar\/df\/wp-json\/wp\/v2\/categories?post=32045"},{"taxonomy":"post_tag","embeddable":true,"href":"https:\/\/diariofemenino.com.ar\/df\/wp-json\/wp\/v2\/tags?post=32045"}],"curies":[{"name":"wp","href":"https:\/\/api.w.org\/{rel}","templated":true}]}}