{"id":3204,"date":"2012-08-16T11:12:18","date_gmt":"2012-08-16T14:12:18","guid":{"rendered":"http:\/\/www.diariofemenino.com.ar\/?p=3204"},"modified":"2012-08-16T11:12:18","modified_gmt":"2012-08-16T14:12:18","slug":"la-matriz-del-sistema-penal-es-de-corte-machista","status":"publish","type":"post","link":"https:\/\/diariofemenino.com.ar\/df\/la-matriz-del-sistema-penal-es-de-corte-machista\/","title":{"rendered":"\u201cLa matriz del sistema penal es de corte machista\u201d"},"content":{"rendered":"<h5><\/h5>\n<h5><\/h5>\n<h5><\/h5>\n<h5>UN JUEZ ANALIZA LAS HERRAMIENTAS Y LOS LIMITES DE LA JUSTICIA PARA DEFENDER A LAS MUJERES<\/h5>\n<p><strong>A partir de la repercusi\u00f3n que tuvo el caso de la mujer en Bah\u00eda Blanca que debi\u00f3 filmar la agresi\u00f3n de su ex marido para que la Justicia le creyera, el juez de Bariloche Mart\u00edn Lozada reflexiona sobre la relaci\u00f3n del sistema judicial con la violencia de g\u00e9nero.<\/strong><br \/>\n<a href=\"http:\/\/www.diariofemenino.com.ar\/wp-content\/uploads\/na21fo011.jpg\"><img loading=\"lazy\" decoding=\"async\" class=\"alignnone  wp-image-3205\" title=\"na21fo01\" src=\"http:\/\/www.diariofemenino.com.ar\/wp-content\/uploads\/na21fo011.jpg\" alt=\"\" width=\"232\" height=\"168\" \/><\/a><br \/>\nPor Mariana Carbajal<\/p>\n<div id=\"cuerpo\">\nLa inacci\u00f3n judicial para proteger a mujeres v\u00edctimas de violencia de g\u00e9nero qued\u00f3 en el centro de la pol\u00e9mica luego de conocerse que la joven que grab\u00f3 los golpes que le propin\u00f3 su ex marido en la puerta de su casa y delante de su hija, en Bah\u00eda Blanca, hab\u00eda hecho quince denuncias en la polic\u00eda y no hab\u00eda tenido eco. En otras jurisdicciones, sin embargo, hay magistrados que muestran otro compromiso para enfrentar el problema. Como en Bariloche, donde el juez de Instrucci\u00f3n en lo Penal N\u00ba 2, Mart\u00edn Lozada, conocido por su clara postura de defensa de los derechos humanos, orden\u00f3 la detenci\u00f3n en las \u00faltimas semanas de tres hombres que maltrataban a sus esposas o ex parejas: uno lleg\u00f3 a quemarla con un hierro candente, otro la roci\u00f3 con nafta y el tercero pretendi\u00f3 prenderle fuego. En una entrevista con P\u00e1gina\/12, Lozada analiz\u00f3 las herramientas y los l\u00edmites de la Justicia para defender a las mujeres. \u201cLa matriz del sistema penal es de un manifiesto corte machista y patriarcal. De modo que no es esperable que el \u00e1mbito penal sea por s\u00ed mismo un campo de activismo en pos de la igualdad de trato y el respeto de los derechos de las mujeres v\u00edctimas\u201d, afirm\u00f3 Lozada. Tambi\u00e9n reflexion\u00f3 sobre el perfil de los perpetradores y la brutalidad de los ataques.<br \/>\n<strong>\u2013\u00bfA qu\u00e9 adjudica tanta violencia de g\u00e9nero? \u00bfSe est\u00e1 visibilizando m\u00e1s a partir de que las mujeres se atreven a denunciar situaciones que antes se silenciaban?<\/strong><br \/>\n\u2013Tengo la impresi\u00f3n de que ese n\u00famero cada vez mayor de mujeres que denuncian las violencias que padecen anima y estimula a las restantes v\u00edctimas a hacer lo mismo. Se tratar\u00eda de una \u201cnaturalizaci\u00f3n positiva\u201d de esas violencias, es decir, de un espacio de reconocimiento y de difusi\u00f3n de los mecanismos de sometimiento en vigencia. Otro punto, relativo a la escenificaci\u00f3n violenta propia de quien echa mano a un bid\u00f3n de combustible para rociar a su v\u00edctima o calienta un hierro para quemarla luego, podr\u00eda estar vinculado con lo que Zygmunt Bauman llama la \u201csociedad sin-\u00f3ptica\u201d. En este modelo social, opuesto al pan\u00f3ptico de Jerem\u00edas Bentham, en donde pocos observaban el comportamiento y los gestos de muchos, somos multitud los que miramos de modo diario y acr\u00edtico la conducta y devenir de pocos. Me refiero, fundamentalmente, que a trav\u00e9s de diversos dispositivos tecnol\u00f3gicos verificamos cotidianamente las formas precisas que van adoptando las manifestaciones de violencia en general, y de las violencias y ultrajes en contra de las mujeres en particular. Si actualmente las quemaduras con combustibles se propagan como manifestaci\u00f3n violenta, acaso ello se deba al proceso de \u201ccopia\u201d consciente, semiconsciente o, en su caso, inconsciente, por parte del perpetrador. Un perpetrador que ha aprendido, tal cual lo hacen los chicos, a trav\u00e9s del proceso de imagen-refleja, c\u00f3mo y a trav\u00e9s de qu\u00e9 pasos se concreta un resultado. En este caso, un resultado negativo de violencia f\u00edsica y psicol\u00f3gica.<br \/>\n<strong>\u2013Una mujer en Bah\u00eda Blanca tiene que llegar al extremo de tener que grabar un video para hacer p\u00fablica la violencia que sufre de parte de su ex marido luego de realizar quince denuncias y no recibir protecci\u00f3n. Es tambi\u00e9n frecuente que mujeres que terminan asesinadas por parejas hayan hecho previamente varias denuncias contra el agresor. \u00bfQu\u00e9 es lo que est\u00e1 funcionando mal?<\/strong><br \/>\n\u2013Tambi\u00e9n aqu\u00ed se da una pluralidad de factores. Uno de ellos fuertemente afincado en el universo de las creencias personales, en relaci\u00f3n con la posibilidad de poseer y controlar a nuestro antojo, sin l\u00edmite intersubjetivo alguno, a la mujer que nos acompa\u00f1a. Otro de naturaleza social, que sobredimensiona el alcance del universo masculino y lo coloca una y otra vez en una situaci\u00f3n de supremac\u00eda por sobre el femenino. Si \u00e9sos son los patrones que ordenan el mundo en el que vivo, pues cualquier alteraci\u00f3n de ese modelo de organizaci\u00f3n va a ser digno de respuesta. Y de respuesta violenta, por supuesto, pues se trata de volver las cosas al lugar de donde nunca debieron salir: el sojuzgamiento y la dominaci\u00f3n de la mujer a trav\u00e9s de cualquier dispositivo, aun aquellos llamados a ejercer dolor sobre su cuerpo y su esp\u00edritu.<br \/>\n<strong>\u2013\u00bfPor qu\u00e9 hay operadores de la Justicia penal que minimizan la gravedad de una amenaza o golpes en situaciones de violencia dom\u00e9stica?<\/strong><br \/>\n\u2013Dir\u00eda que la matriz del sistema penal es de un manifiesto corte machista y patriarcal. De modo que no es esperable que el \u00e1mbito penal sea por s\u00ed mismo un campo de activismo en pos de la igualdad de trato y el respeto de los derechos de las mujeres v\u00edctimas. Quienes operamos desde el sistema penal, a veces sin ser demasiados conscientes, solemos reproducir formas de desprecio por las asimetr\u00edas que rigen las relaciones de g\u00e9nero en nuestra sociedad. Y esa indiferencia contamina el trabajo diario y hace de la mujer, en ocasiones, un ente cosificado. Llamado a reproducir actitudes y roles propios de una sociedad vertical y machista.<br \/>\n<strong>\u2013\u00bfQu\u00e9 puede hacer el Poder Judicial frente a un caso en el que la mujer denuncia a su pareja o ex pareja por violencia?<\/strong><br \/>\n\u2013Afortunadamente los poderes judiciales vienen percibiendo las transformaciones sociales que se vienen operando en relaci\u00f3n con los derechos de las minor\u00edas. A partir de ello se advierte un proceso de sensibilizaci\u00f3n o empat\u00eda para con quienes resultan sometidas por mecanismos de dominaci\u00f3n tan estrictos como los expuestos por la violencia dom\u00e9stica y de g\u00e9nero. Si ello es as\u00ed, entonces los poderes judiciales pueden servir no s\u00f3lo para dar voz a las v\u00edctimas, sino tambi\u00e9n para visibilizar los procesos sociales que permiten tales formas de sojuzgamiento y violencia. Y m\u00e1s a\u00fan, para marcar un rumbo respecto de aquellas dimensiones de violencia que, ya sea en el \u00e1mbito familiar, en el trabajo o en la escuela, no resultan convenientes de ser toleradas.<br \/>\n<strong>\u2013Usted se enfrenta con frecuencia con un hombre que golpea a su esposa o ex pareja. \u00bfQu\u00e9 caracter\u00edsticas tienen?<\/strong><br \/>\n\u2013Los perpetradores son miembros de una sociedad que, como sabemos, viene menospreciando de diversos modos la feminidad. Acaso ellos no lo manifiestan de modo elaborado y sofisticado, como otros que s\u00ed pueden hacerlo, y lo materialicen de modo bestial y altamente doloroso. Quiero decir con esto que no son seres de otro planeta y sociedad, sino personas que de modo \u00edntimo o manifiesto tienen la creencia en torno de una cierta supremac\u00eda de lo varonil por sobre lo femenino. Sus actitudes, entonces, suelen oscilar entre el \u201cnegacionismo\u201d y el \u201cjustificacionismo\u201d. Entre la hip\u00f3tesis de la invenci\u00f3n victimizada por parte de la mujer delirante y el argumento de que esas cuotas de violencia eran indispensables para reencauzar una noci\u00f3n de orden por ellos imaginada.<br \/>\n<strong>\u2013\u00bfMuestran arrepentimiento? \u00bfCuentan por qu\u00e9 tienen esa conducta?<\/strong><br \/>\n\u2013En mi caso particular, la aproximaci\u00f3n al perpetrador se produce en un contexto que tambi\u00e9n se encuentra marcado por la violencia y la coerci\u00f3n. Me refiero a que para entonces se trata de un individuo que ha sido neutralizado por el poder punitivo del Estado, quien puede acaso encontrarse privado de su libertad, por lo que su reacci\u00f3n suele estar condicionada por la intenci\u00f3n de mejorar su suerte en el proceso penal que se sigue en su contra. Sin embargo, tambi\u00e9n en ese escenario se suele producir una suerte de catarsis en la cual la persona expresa de modo definitivamente emocional su situaci\u00f3n existencial. Y, en general, las historias de vida que presentan suelen estar marcadas tambi\u00e9n por la violencia sufrida o atestiguada.<br \/>\n&nbsp;<br \/>\n&nbsp;<br \/>\nFuente: <a href=\"http:\/\/www.pagina12.com.ar\/diario\/sociedad\/3-201193-2012-08-16.html\">P\u00e1gina12<\/a><br \/>\n&nbsp;<br \/>\n&nbsp;\n<\/div>\n","protected":false},"excerpt":{"rendered":"<p>UN JUEZ ANALIZA LAS HERRAMIENTAS Y LOS LIMITES DE LA JUSTICIA PARA DEFENDER A LAS MUJERES A partir de la repercusi\u00f3n que tuvo el caso de la mujer en Bah\u00eda Blanca que debi\u00f3 filmar la agresi\u00f3n de su ex marido para que la Justicia le creyera, el juez de Bariloche Mart\u00edn Lozada reflexiona sobre la [&hellip;]<\/p>\n","protected":false},"author":1,"featured_media":0,"comment_status":"open","ping_status":"open","sticky":false,"template":"","format":"standard","meta":{"iawp_total_views":1,"footnotes":""},"categories":[4,21],"tags":[],"class_list":["post-3204","post","type-post","status-publish","format-standard","hentry","category-medios","category-noticias"],"nelio_content":{"autoShareEndMode":"never","automationSources":{"useCustomSentences":false,"customSentences":[]},"efiAlt":"","efiUrl":"","followers":[],"highlights":[],"isAutoShareEnabled":true,"networkImageIds":[],"permalinkQueryArgs":[],"series":[],"suggestedReferences":[]},"yoast_head":"<!-- This site is optimized with the Yoast SEO plugin v27.4 - https:\/\/yoast.com\/product\/yoast-seo-wordpress\/ -->\n<title>\u201cLa matriz del sistema penal es de corte machista\u201d - Diario Digital Femenino<\/title>\n<meta name=\"robots\" content=\"index, follow, max-snippet:-1, max-image-preview:large, max-video-preview:-1\" \/>\n<link rel=\"canonical\" href=\"https:\/\/diariofemenino.com.ar\/df\/la-matriz-del-sistema-penal-es-de-corte-machista\/\" \/>\n<meta property=\"og:locale\" content=\"es_ES\" \/>\n<meta property=\"og:type\" content=\"article\" \/>\n<meta property=\"og:title\" content=\"\u201cLa matriz del sistema penal es de corte machista\u201d - Diario Digital Femenino\" \/>\n<meta property=\"og:description\" content=\"UN JUEZ ANALIZA LAS HERRAMIENTAS Y LOS LIMITES DE LA JUSTICIA PARA DEFENDER A LAS MUJERES A partir de la repercusi\u00f3n que tuvo el caso de la mujer en Bah\u00eda Blanca que debi\u00f3 filmar la agresi\u00f3n de su ex marido para que la Justicia le creyera, el juez de Bariloche Mart\u00edn Lozada reflexiona sobre la [&hellip;]\" \/>\n<meta property=\"og:url\" content=\"https:\/\/diariofemenino.com.ar\/df\/la-matriz-del-sistema-penal-es-de-corte-machista\/\" \/>\n<meta property=\"og:site_name\" content=\"Diario Digital Femenino\" \/>\n<meta property=\"article:publisher\" content=\"https:\/\/www.facebook.com\/DiarioDigitaFemenino\/\" \/>\n<meta property=\"article:published_time\" content=\"2012-08-16T14:12:18+00:00\" \/>\n<meta property=\"og:image\" content=\"http:\/\/www.diariofemenino.com.ar\/wp-content\/uploads\/na21fo011.jpg\" \/>\n<meta name=\"author\" content=\"Admin\" \/>\n<meta name=\"twitter:card\" content=\"summary_large_image\" \/>\n<meta name=\"twitter:creator\" content=\"@DiarioFemenino1\" \/>\n<meta name=\"twitter:site\" content=\"@DiarioFemenino1\" \/>\n<meta name=\"twitter:label1\" content=\"Escrito por\" \/>\n\t<meta name=\"twitter:data1\" content=\"Admin\" \/>\n\t<meta name=\"twitter:label2\" content=\"Tiempo de lectura\" \/>\n\t<meta name=\"twitter:data2\" content=\"7 minutos\" \/>\n<script type=\"application\/ld+json\" class=\"yoast-schema-graph\">{\"@context\":\"https:\\\/\\\/schema.org\",\"@graph\":[{\"@type\":\"Article\",\"@id\":\"https:\\\/\\\/diariofemenino.com.ar\\\/df\\\/la-matriz-del-sistema-penal-es-de-corte-machista\\\/#article\",\"isPartOf\":{\"@id\":\"https:\\\/\\\/diariofemenino.com.ar\\\/df\\\/la-matriz-del-sistema-penal-es-de-corte-machista\\\/\"},\"author\":{\"name\":\"Admin\",\"@id\":\"https:\\\/\\\/diariofemenino.com.ar\\\/df\\\/#\\\/schema\\\/person\\\/38f54b3bfd13f561de2460ba95c169c6\"},\"headline\":\"\u201cLa matriz del sistema penal es de corte machista\u201d\",\"datePublished\":\"2012-08-16T14:12:18+00:00\",\"mainEntityOfPage\":{\"@id\":\"https:\\\/\\\/diariofemenino.com.ar\\\/df\\\/la-matriz-del-sistema-penal-es-de-corte-machista\\\/\"},\"wordCount\":1412,\"commentCount\":1,\"publisher\":{\"@id\":\"https:\\\/\\\/diariofemenino.com.ar\\\/df\\\/#organization\"},\"image\":{\"@id\":\"https:\\\/\\\/diariofemenino.com.ar\\\/df\\\/la-matriz-del-sistema-penal-es-de-corte-machista\\\/#primaryimage\"},\"thumbnailUrl\":\"http:\\\/\\\/www.diariofemenino.com.ar\\\/wp-content\\\/uploads\\\/na21fo011.jpg\",\"articleSection\":[\"Medios\",\"Noticias\"],\"inLanguage\":\"es\",\"potentialAction\":[{\"@type\":\"CommentAction\",\"name\":\"Comment\",\"target\":[\"https:\\\/\\\/diariofemenino.com.ar\\\/df\\\/la-matriz-del-sistema-penal-es-de-corte-machista\\\/#respond\"]}]},{\"@type\":\"WebPage\",\"@id\":\"https:\\\/\\\/diariofemenino.com.ar\\\/df\\\/la-matriz-del-sistema-penal-es-de-corte-machista\\\/\",\"url\":\"https:\\\/\\\/diariofemenino.com.ar\\\/df\\\/la-matriz-del-sistema-penal-es-de-corte-machista\\\/\",\"name\":\"\u201cLa matriz del sistema penal es de corte machista\u201d - Diario Digital Femenino\",\"isPartOf\":{\"@id\":\"https:\\\/\\\/diariofemenino.com.ar\\\/df\\\/#website\"},\"primaryImageOfPage\":{\"@id\":\"https:\\\/\\\/diariofemenino.com.ar\\\/df\\\/la-matriz-del-sistema-penal-es-de-corte-machista\\\/#primaryimage\"},\"image\":{\"@id\":\"https:\\\/\\\/diariofemenino.com.ar\\\/df\\\/la-matriz-del-sistema-penal-es-de-corte-machista\\\/#primaryimage\"},\"thumbnailUrl\":\"http:\\\/\\\/www.diariofemenino.com.ar\\\/wp-content\\\/uploads\\\/na21fo011.jpg\",\"datePublished\":\"2012-08-16T14:12:18+00:00\",\"breadcrumb\":{\"@id\":\"https:\\\/\\\/diariofemenino.com.ar\\\/df\\\/la-matriz-del-sistema-penal-es-de-corte-machista\\\/#breadcrumb\"},\"inLanguage\":\"es\",\"potentialAction\":[{\"@type\":\"ReadAction\",\"target\":[\"https:\\\/\\\/diariofemenino.com.ar\\\/df\\\/la-matriz-del-sistema-penal-es-de-corte-machista\\\/\"]}]},{\"@type\":\"ImageObject\",\"inLanguage\":\"es\",\"@id\":\"https:\\\/\\\/diariofemenino.com.ar\\\/df\\\/la-matriz-del-sistema-penal-es-de-corte-machista\\\/#primaryimage\",\"url\":\"http:\\\/\\\/www.diariofemenino.com.ar\\\/wp-content\\\/uploads\\\/na21fo011.jpg\",\"contentUrl\":\"http:\\\/\\\/www.diariofemenino.com.ar\\\/wp-content\\\/uploads\\\/na21fo011.jpg\"},{\"@type\":\"BreadcrumbList\",\"@id\":\"https:\\\/\\\/diariofemenino.com.ar\\\/df\\\/la-matriz-del-sistema-penal-es-de-corte-machista\\\/#breadcrumb\",\"itemListElement\":[{\"@type\":\"ListItem\",\"position\":1,\"name\":\"Portada\",\"item\":\"https:\\\/\\\/diariofemenino.com.ar\\\/df\\\/\"},{\"@type\":\"ListItem\",\"position\":2,\"name\":\"\u201cLa matriz del sistema penal es de corte machista\u201d\"}]},{\"@type\":\"WebSite\",\"@id\":\"https:\\\/\\\/diariofemenino.com.ar\\\/df\\\/#website\",\"url\":\"https:\\\/\\\/diariofemenino.com.ar\\\/df\\\/\",\"name\":\"Diario Digital Femenino\",\"description\":\"Cuesti\u00f3n de G\u00e9nero\",\"publisher\":{\"@id\":\"https:\\\/\\\/diariofemenino.com.ar\\\/df\\\/#organization\"},\"potentialAction\":[{\"@type\":\"SearchAction\",\"target\":{\"@type\":\"EntryPoint\",\"urlTemplate\":\"https:\\\/\\\/diariofemenino.com.ar\\\/df\\\/?s={search_term_string}\"},\"query-input\":{\"@type\":\"PropertyValueSpecification\",\"valueRequired\":true,\"valueName\":\"search_term_string\"}}],\"inLanguage\":\"es\"},{\"@type\":\"Organization\",\"@id\":\"https:\\\/\\\/diariofemenino.com.ar\\\/df\\\/#organization\",\"name\":\"Diario Femenino\",\"url\":\"https:\\\/\\\/diariofemenino.com.ar\\\/df\\\/\",\"logo\":{\"@type\":\"ImageObject\",\"inLanguage\":\"es\",\"@id\":\"https:\\\/\\\/diariofemenino.com.ar\\\/df\\\/#\\\/schema\\\/logo\\\/image\\\/\",\"url\":\"https:\\\/\\\/diariofemenino.com.ar\\\/df\\\/wp-content\\\/uploads\\\/2018\\\/10\\\/logo.png\",\"contentUrl\":\"https:\\\/\\\/diariofemenino.com.ar\\\/df\\\/wp-content\\\/uploads\\\/2018\\\/10\\\/logo.png\",\"width\":500,\"height\":92,\"caption\":\"Diario Femenino\"},\"image\":{\"@id\":\"https:\\\/\\\/diariofemenino.com.ar\\\/df\\\/#\\\/schema\\\/logo\\\/image\\\/\"},\"sameAs\":[\"https:\\\/\\\/www.facebook.com\\\/DiarioDigitaFemenino\\\/\",\"https:\\\/\\\/x.com\\\/DiarioFemenino1\"]},{\"@type\":\"Person\",\"@id\":\"https:\\\/\\\/diariofemenino.com.ar\\\/df\\\/#\\\/schema\\\/person\\\/38f54b3bfd13f561de2460ba95c169c6\",\"name\":\"Admin\",\"image\":{\"@type\":\"ImageObject\",\"inLanguage\":\"es\",\"@id\":\"https:\\\/\\\/diariofemenino.com.ar\\\/df\\\/wp-content\\\/uploads\\\/2018\\\/12\\\/favicon-150x150.jpg\",\"url\":\"https:\\\/\\\/diariofemenino.com.ar\\\/df\\\/wp-content\\\/uploads\\\/2018\\\/12\\\/favicon-150x150.jpg\",\"contentUrl\":\"https:\\\/\\\/diariofemenino.com.ar\\\/df\\\/wp-content\\\/uploads\\\/2018\\\/12\\\/favicon-150x150.jpg\",\"caption\":\"Admin\"},\"url\":\"https:\\\/\\\/diariofemenino.com.ar\\\/df\\\/author\\\/adm18df\\\/\"}]}<\/script>\n<!-- \/ Yoast SEO plugin. -->","yoast_head_json":{"title":"\u201cLa matriz del sistema penal es de corte machista\u201d - Diario Digital Femenino","robots":{"index":"index","follow":"follow","max-snippet":"max-snippet:-1","max-image-preview":"max-image-preview:large","max-video-preview":"max-video-preview:-1"},"canonical":"https:\/\/diariofemenino.com.ar\/df\/la-matriz-del-sistema-penal-es-de-corte-machista\/","og_locale":"es_ES","og_type":"article","og_title":"\u201cLa matriz del sistema penal es de corte machista\u201d - Diario Digital Femenino","og_description":"UN JUEZ ANALIZA LAS HERRAMIENTAS Y LOS LIMITES DE LA JUSTICIA PARA DEFENDER A LAS MUJERES A partir de la repercusi\u00f3n que tuvo el caso de la mujer en Bah\u00eda Blanca que debi\u00f3 filmar la agresi\u00f3n de su ex marido para que la Justicia le creyera, el juez de Bariloche Mart\u00edn Lozada reflexiona sobre la [&hellip;]","og_url":"https:\/\/diariofemenino.com.ar\/df\/la-matriz-del-sistema-penal-es-de-corte-machista\/","og_site_name":"Diario Digital Femenino","article_publisher":"https:\/\/www.facebook.com\/DiarioDigitaFemenino\/","article_published_time":"2012-08-16T14:12:18+00:00","og_image":[{"url":"http:\/\/www.diariofemenino.com.ar\/wp-content\/uploads\/na21fo011.jpg","type":"","width":"","height":""}],"author":"Admin","twitter_card":"summary_large_image","twitter_creator":"@DiarioFemenino1","twitter_site":"@DiarioFemenino1","twitter_misc":{"Escrito por":"Admin","Tiempo de lectura":"7 minutos"},"schema":{"@context":"https:\/\/schema.org","@graph":[{"@type":"Article","@id":"https:\/\/diariofemenino.com.ar\/df\/la-matriz-del-sistema-penal-es-de-corte-machista\/#article","isPartOf":{"@id":"https:\/\/diariofemenino.com.ar\/df\/la-matriz-del-sistema-penal-es-de-corte-machista\/"},"author":{"name":"Admin","@id":"https:\/\/diariofemenino.com.ar\/df\/#\/schema\/person\/38f54b3bfd13f561de2460ba95c169c6"},"headline":"\u201cLa matriz del sistema penal es de corte machista\u201d","datePublished":"2012-08-16T14:12:18+00:00","mainEntityOfPage":{"@id":"https:\/\/diariofemenino.com.ar\/df\/la-matriz-del-sistema-penal-es-de-corte-machista\/"},"wordCount":1412,"commentCount":1,"publisher":{"@id":"https:\/\/diariofemenino.com.ar\/df\/#organization"},"image":{"@id":"https:\/\/diariofemenino.com.ar\/df\/la-matriz-del-sistema-penal-es-de-corte-machista\/#primaryimage"},"thumbnailUrl":"http:\/\/www.diariofemenino.com.ar\/wp-content\/uploads\/na21fo011.jpg","articleSection":["Medios","Noticias"],"inLanguage":"es","potentialAction":[{"@type":"CommentAction","name":"Comment","target":["https:\/\/diariofemenino.com.ar\/df\/la-matriz-del-sistema-penal-es-de-corte-machista\/#respond"]}]},{"@type":"WebPage","@id":"https:\/\/diariofemenino.com.ar\/df\/la-matriz-del-sistema-penal-es-de-corte-machista\/","url":"https:\/\/diariofemenino.com.ar\/df\/la-matriz-del-sistema-penal-es-de-corte-machista\/","name":"\u201cLa matriz del sistema penal es de corte machista\u201d - Diario Digital Femenino","isPartOf":{"@id":"https:\/\/diariofemenino.com.ar\/df\/#website"},"primaryImageOfPage":{"@id":"https:\/\/diariofemenino.com.ar\/df\/la-matriz-del-sistema-penal-es-de-corte-machista\/#primaryimage"},"image":{"@id":"https:\/\/diariofemenino.com.ar\/df\/la-matriz-del-sistema-penal-es-de-corte-machista\/#primaryimage"},"thumbnailUrl":"http:\/\/www.diariofemenino.com.ar\/wp-content\/uploads\/na21fo011.jpg","datePublished":"2012-08-16T14:12:18+00:00","breadcrumb":{"@id":"https:\/\/diariofemenino.com.ar\/df\/la-matriz-del-sistema-penal-es-de-corte-machista\/#breadcrumb"},"inLanguage":"es","potentialAction":[{"@type":"ReadAction","target":["https:\/\/diariofemenino.com.ar\/df\/la-matriz-del-sistema-penal-es-de-corte-machista\/"]}]},{"@type":"ImageObject","inLanguage":"es","@id":"https:\/\/diariofemenino.com.ar\/df\/la-matriz-del-sistema-penal-es-de-corte-machista\/#primaryimage","url":"http:\/\/www.diariofemenino.com.ar\/wp-content\/uploads\/na21fo011.jpg","contentUrl":"http:\/\/www.diariofemenino.com.ar\/wp-content\/uploads\/na21fo011.jpg"},{"@type":"BreadcrumbList","@id":"https:\/\/diariofemenino.com.ar\/df\/la-matriz-del-sistema-penal-es-de-corte-machista\/#breadcrumb","itemListElement":[{"@type":"ListItem","position":1,"name":"Portada","item":"https:\/\/diariofemenino.com.ar\/df\/"},{"@type":"ListItem","position":2,"name":"\u201cLa matriz del sistema penal es de corte machista\u201d"}]},{"@type":"WebSite","@id":"https:\/\/diariofemenino.com.ar\/df\/#website","url":"https:\/\/diariofemenino.com.ar\/df\/","name":"Diario Digital Femenino","description":"Cuesti\u00f3n de G\u00e9nero","publisher":{"@id":"https:\/\/diariofemenino.com.ar\/df\/#organization"},"potentialAction":[{"@type":"SearchAction","target":{"@type":"EntryPoint","urlTemplate":"https:\/\/diariofemenino.com.ar\/df\/?s={search_term_string}"},"query-input":{"@type":"PropertyValueSpecification","valueRequired":true,"valueName":"search_term_string"}}],"inLanguage":"es"},{"@type":"Organization","@id":"https:\/\/diariofemenino.com.ar\/df\/#organization","name":"Diario Femenino","url":"https:\/\/diariofemenino.com.ar\/df\/","logo":{"@type":"ImageObject","inLanguage":"es","@id":"https:\/\/diariofemenino.com.ar\/df\/#\/schema\/logo\/image\/","url":"https:\/\/diariofemenino.com.ar\/df\/wp-content\/uploads\/2018\/10\/logo.png","contentUrl":"https:\/\/diariofemenino.com.ar\/df\/wp-content\/uploads\/2018\/10\/logo.png","width":500,"height":92,"caption":"Diario Femenino"},"image":{"@id":"https:\/\/diariofemenino.com.ar\/df\/#\/schema\/logo\/image\/"},"sameAs":["https:\/\/www.facebook.com\/DiarioDigitaFemenino\/","https:\/\/x.com\/DiarioFemenino1"]},{"@type":"Person","@id":"https:\/\/diariofemenino.com.ar\/df\/#\/schema\/person\/38f54b3bfd13f561de2460ba95c169c6","name":"Admin","image":{"@type":"ImageObject","inLanguage":"es","@id":"https:\/\/diariofemenino.com.ar\/df\/wp-content\/uploads\/2018\/12\/favicon-150x150.jpg","url":"https:\/\/diariofemenino.com.ar\/df\/wp-content\/uploads\/2018\/12\/favicon-150x150.jpg","contentUrl":"https:\/\/diariofemenino.com.ar\/df\/wp-content\/uploads\/2018\/12\/favicon-150x150.jpg","caption":"Admin"},"url":"https:\/\/diariofemenino.com.ar\/df\/author\/adm18df\/"}]}},"jetpack_featured_media_url":"","jetpack_sharing_enabled":true,"rttpg_featured_image_url":null,"rttpg_author":{"display_name":"Admin","author_link":"https:\/\/diariofemenino.com.ar\/df\/author\/adm18df\/"},"rttpg_comment":1,"rttpg_category":"<a href=\"https:\/\/diariofemenino.com.ar\/df\/category\/medios\/\" rel=\"category tag\">Medios<\/a> <a href=\"https:\/\/diariofemenino.com.ar\/df\/category\/noticias\/\" rel=\"category tag\">Noticias<\/a>","rttpg_excerpt":"UN JUEZ ANALIZA LAS HERRAMIENTAS Y LOS LIMITES DE LA JUSTICIA PARA DEFENDER A LAS MUJERES A partir de la repercusi\u00f3n que tuvo el caso de la mujer en Bah\u00eda Blanca que debi\u00f3 filmar la agresi\u00f3n de su ex marido para que la Justicia le creyera, el juez de Bariloche Mart\u00edn Lozada reflexiona sobre la&hellip;","_links":{"self":[{"href":"https:\/\/diariofemenino.com.ar\/df\/wp-json\/wp\/v2\/posts\/3204","targetHints":{"allow":["GET"]}}],"collection":[{"href":"https:\/\/diariofemenino.com.ar\/df\/wp-json\/wp\/v2\/posts"}],"about":[{"href":"https:\/\/diariofemenino.com.ar\/df\/wp-json\/wp\/v2\/types\/post"}],"author":[{"embeddable":true,"href":"https:\/\/diariofemenino.com.ar\/df\/wp-json\/wp\/v2\/users\/1"}],"replies":[{"embeddable":true,"href":"https:\/\/diariofemenino.com.ar\/df\/wp-json\/wp\/v2\/comments?post=3204"}],"version-history":[{"count":0,"href":"https:\/\/diariofemenino.com.ar\/df\/wp-json\/wp\/v2\/posts\/3204\/revisions"}],"wp:attachment":[{"href":"https:\/\/diariofemenino.com.ar\/df\/wp-json\/wp\/v2\/media?parent=3204"}],"wp:term":[{"taxonomy":"category","embeddable":true,"href":"https:\/\/diariofemenino.com.ar\/df\/wp-json\/wp\/v2\/categories?post=3204"},{"taxonomy":"post_tag","embeddable":true,"href":"https:\/\/diariofemenino.com.ar\/df\/wp-json\/wp\/v2\/tags?post=3204"}],"curies":[{"name":"wp","href":"https:\/\/api.w.org\/{rel}","templated":true}]}}