{"id":32038,"date":"2019-02-22T18:13:46","date_gmt":"2019-02-22T21:13:46","guid":{"rendered":"https:\/\/diariofemenino.com.ar\/?p=32038"},"modified":"2019-02-22T18:13:46","modified_gmt":"2019-02-22T21:13:46","slug":"urbanismo-de-genero-o-como-las-mujeres-redisenan-la-ciudad","status":"publish","type":"post","link":"https:\/\/diariofemenino.com.ar\/df\/urbanismo-de-genero-o-como-las-mujeres-redisenan-la-ciudad\/","title":{"rendered":"Urbanismo de g\u00e9nero o c\u00f3mo las mujeres redise\u00f1an la ciudad"},"content":{"rendered":"<p>Mejorar la iluminaci\u00f3n de las calles, hacer\u00a0m\u00e1s visibles las zonas m\u00e1s inseguras o aumentar la frecuencia de paso de los autobuses intraurbanos en algunas zonas m\u00e1s aisladas. Se basan en el\u00a0<strong>\u00aburbanismo de g\u00e9nero\u00bb<\/strong>, que promueve la incorporaci\u00f3n de la visi\u00f3n de g\u00e9nero, en especial, de la mujer, en la organizaci\u00f3n urban\u00edstica y la gesti\u00f3n del espacio p\u00fablico.<\/p>\n<p>Por\u00a0<span class=\"name\"><em>BEATRIZ G\u00c1LVEZ GARC\u00c9S<\/em><\/span><\/p>\n<p>Incluir las\u00a0necesidades de la vida cotidiana\u00a0de las mujeres ha sido una de las asignaturas pendientes de muchas administraciones locales. En Madrid, Valencia y Barcelona ya han tomado medidas para que deje de ser as\u00ed.<\/p>\n<p>En Barcelona, desde marzo de 2017 incluyen reformas como estas en todas sus pol\u00edticas urban\u00edsticas para \u201cconseguir una ciudad m\u00e1s justa, igualitaria, segura y sin barreras\u201d. En la\u00a0<strong>Colonia Santiveri<\/strong>,\u00a0<strong>en la Zona Franca de Barcelona<\/strong>, \u00faltimo reducto habitado de la ciudad entre varios pol\u00edgonos industriales inundados de f\u00e1bricas y almacenes, han comenzado a hacer aceras m\u00e1s anchas y a incorporar escaleras mec\u00e1nicas.<\/p>\n<p>Unas remodelaciones que se han llevado a cabo con<strong>\u00a0la participaci\u00f3n de las propias mujeres<\/strong>. Se han organizado en diez grupos de diferentes barrios e iniciaron las \u00abmarchas exploratorias de vida cotidiana\u00bb,\u00a0<strong>visitas\u00a0<em>in situ<\/em>\u00a0con t\u00e9cnicos municipales con el objetivo de se\u00f1alar los puntos que cre\u00edan que se deb\u00edan reformar<\/strong>. \u00abTodos los puntos m\u00e1s conflictivos, que estaban m\u00e1s escondidos se han quedado m\u00e1s visibles m\u00e1s iluminados\u00bb, reconoce una vecina del barrio de La Marina.<\/p>\n<blockquote><p><span class=\"q1\">\u201c<\/span>Cuando tienes miedo, t\u00fa misma te censuras y tienes miedo, no vas o no pasas por ese lugar<span class=\"q2\">\u201c<\/span><\/p><\/blockquote>\n<p>En Madrid, tambi\u00e9n se organizan desde hace tiempo en barrios como Usera, Fuencarral o Chamart\u00edn.<strong>\u00a0Seg\u00fan cuenta a RTVE.es In\u00e9s S\u00e1nchez de Madariaga<\/strong>, la actual directora de c\u00e1tedra UNESCO de g\u00e9nero del departamento de urbanismo de la Universidad Polit\u00e9cnica de Madrid y asesora de la directora ejecutiva de ONU Habitat,\u00a0estas marchas mezclan una metodolog\u00eda interesante:\u00a0<strong>\u00abEs una combinaci\u00f3n de los conocimientos de los t\u00e9cnicos de los ayuntamientos y la experiencia de las mujeres\u00bb<\/strong>.<\/p>\n<p>S\u00e1nchez recuerda que la percepci\u00f3n de la seguridad de las mujeres afecta al uso de los espacios urbanos.\u00a0<strong>\u00abCuando tienes miedo, t\u00fa\u00a0misma te censuras y tienes miedo, no vas o no pasas por ese lugar\u00bb<\/strong>, alerta.<\/p>\n<div class=\"section\">\n<h3><span class=\"ladillo\">Una vieja reivindicaci\u00f3n que da sus primeros pasos\u00a0<\/span><\/h3>\n<p>Tradicionalmente,<strong>\u00a0el dise\u00f1o urban\u00edstico siempre ha mirado de lejos la incorporaci\u00f3n de la igualdad de g\u00e9nero\u00a0<\/strong>en la planificaci\u00f3n urbana y en la legislaci\u00f3n. Seg\u00fan la propia\u00a0UNESCO, debido a la r\u00e1pida urbanizaci\u00f3n de las ciudades. Un fen\u00f3meno que ha causado obst\u00e1culos en el d\u00eda a d\u00eda de las mujeres.<\/p>\n<p>\u00abLas ciudades se han construido priorizando lo productivo, vinculada al mercado laboral, mientras que lo vinculado con lo reproductivo y con las actividades comunitarias, pol\u00edticas y personales, se ha dejado a un lado\u00bb, denuncia Blanca Valdivia, investigadora de \u00abg\u00e9nero del espacio\u00bb y miembro del\u00a0colectivo P6.<\/p>\n<p>A nivel internacional, las pol\u00edticas de g\u00e9nero empezaron a integrarse en las pol\u00edticas p\u00fablicas a ra\u00edz de la Conferencia Mundial sobre la Mujer en Pek\u00edn de 1995 y se fortalecieron con el Tratado de \u00c1msterdam en 1999.<\/p>\n<p><strong>En Espa\u00f1a, a finales de los a\u00f1os 90, ya empezaron las primeras investigaciones sobre \u00aburbanismo y g\u00e9nero\u00bb<\/strong>. En 2003 se elabor\u00f3 el primer manual de urbanismo con perspectiva de g\u00e9nero y se empez\u00f3 a promover una red de expertas sobre este tema en toda Europa; todo ello\u00a0impulsado por In\u00e9s S\u00e1nchez de Madariaga.\u00a0Sus estudios son pioneros a nivel europeo y a nivel mundial.<\/p>\n<p>La trasposici\u00f3n de una directiva europea\u00a0<strong>en 2003\u00a0introdujo la exigencia del informe de impacto por raz\u00f3n de g\u00e9nero en los planes de urbanismo<\/strong>. Desde entonces, aunque todos los planes urban\u00edsticos estaban obligados a cumplir este requisito, no se hab\u00eda aplicado.\u00a0<strong>A ra\u00edz de la sentencia del Tribunal Superior de Justicia de Madrid, que anul\u00f3 el plan general de ordenaci\u00f3n urbana de Boadilla del Monte<\/strong>\u00a0en 2018 por no contar con el informe de \u00abimpacto de g\u00e9nero\u00bb,\u00a0<strong>los consistorios ya lo est\u00e1n haciendo<\/strong>. S\u00e1nchez pone como ejemplo Extremadura, donde est\u00e1n pendientes de la aprobaci\u00f3n de la incorporaci\u00f3n de un anexo t\u00e9cnico sobre g\u00e9nero en las leyes de ordenaci\u00f3n territorial y urban\u00edstica sostenible.<\/p>\n<\/div>\n<div class=\"section\">\n<h3><span class=\"ladillo\">M\u00e1s all\u00e1 del urbanismo feminista<\/span><\/h3>\n<p>Aunque los expertos en arquitectura denuncian que cuesta llegar los equipos t\u00e9cnicos de los ayuntamientos para incorporar las necesidades del d\u00eda a d\u00eda de las mujeres en las normativas, ahora, empiezan a introducirlo a nivel legislativo.<\/p>\n<blockquote><p><span class=\"q1\">\u201c<\/span>Ahora hay mucho inter\u00e9s por parte de responsables t\u00e9cnicos por saber c\u00f3mo se vive la ciudad como mujer<span class=\"q2\">\u201c<\/span><\/p><\/blockquote>\n<p>Para este cambio, dice S\u00e1nchez,\u00a0<strong>ha sido vital la incorporaci\u00f3n de la mujer con capacidad de decisi\u00f3n en los consistorios<\/strong>: \u201cHace 15 a\u00f1os, tan s\u00f3lo participaba en charlas como experta, ahora encuentro bastante receptividad y mucho inter\u00e9s por parte de responsables t\u00e9cnicos por saber c\u00f3mo se vive la ciudad como mujer\u201d.<\/p>\n<p>Seg\u00fan la arquitecta que persigue la aplicaci\u00f3n del enfoque de\u00a0g\u00e9nero, Zaida Mux\u00ed, el objetivo es poner en igualdad de condiciones esas necesidades que derivan del rol de g\u00e9nero. \u00ab<strong>Poner el centro la vida de las personas. Con ello, el objetivo es descubrir y trabajar cuales son estas necesidades para dar respuesta<\/strong>. Por ejemplo, tener en cuenta qui\u00e9n hace las tareas dom\u00e9sticas, los cuidados de las personas mayores o ni\u00f1os para adecuar el acceso o el transporte p\u00fablico\u00bb, aclara Mux\u00ed.<\/p>\n<p>Adem\u00e1s, siempre se puede ir m\u00e1s all\u00e1 e incorporar m\u00e1s sectores de la sociedad en las normativas. \u00abHay una primera diferencia que tiene que ver con los roles de g\u00e9nero hombre-mujer. Despu\u00e9s, puedes agregar edades, capacidades, econom\u00eda\u00bb, confirma Zaida Mux\u00ed.<\/p>\n<p>En definitiva, mirar el dise\u00f1o de las ciudades para contribuir a mejor las vidas de las personas.<\/p>\n<\/div>\n<p>&nbsp;<\/p>\n<p>Fuente: <a href=\"http:\/\/www.rtve.es\/noticias\/20190214\/urbanismo-genero-como-mujeres-viven-ciudad\/1883800.shtml\">RTV<\/a><\/p>\n","protected":false},"excerpt":{"rendered":"<p>Mejorar la iluminaci\u00f3n de las calles, hacer\u00a0m\u00e1s visibles las zonas m\u00e1s inseguras o aumentar la frecuencia de paso de los autobuses intraurbanos en algunas zonas m\u00e1s aisladas. Se basan en el\u00a0\u00aburbanismo de g\u00e9nero\u00bb, que promueve la incorporaci\u00f3n de la visi\u00f3n de g\u00e9nero, en especial, de la mujer, en la organizaci\u00f3n urban\u00edstica y la gesti\u00f3n del [&hellip;]<\/p>\n","protected":false},"author":3,"featured_media":32042,"comment_status":"open","ping_status":"open","sticky":false,"template":"","format":"standard","meta":{"iawp_total_views":8,"footnotes":""},"categories":[178],"tags":[25,53,130],"class_list":["post-32038","post","type-post","status-publish","format-standard","has-post-thumbnail","hentry","category-articulos-y-comunicados","tag-activismo","tag-derechos-de-las-mujeres","tag-mujeres"],"nelio_content":{"autoShareEndMode":"never","automationSources":{"useCustomSentences":false,"customSentences":[]},"efiAlt":"","efiUrl":"","followers":[3],"highlights":[],"isAutoShareEnabled":true,"networkImageIds":[],"permalinkQueryArgs":[],"series":[],"suggestedReferences":[]},"yoast_head":"<!-- This site is optimized with the Yoast SEO plugin v27.5 - https:\/\/yoast.com\/product\/yoast-seo-wordpress\/ -->\n<title>Urbanismo de g\u00e9nero o c\u00f3mo las mujeres redise\u00f1an la ciudad - Diario Digital Femenino<\/title>\n<meta name=\"description\" content=\"El &quot;urbanismo de g\u00e9nero&quot;, que promueve la visi\u00f3n de g\u00e9nero, en especial, de la mujer, en la organizaci\u00f3n urban\u00edstica y la gesti\u00f3n del espacio p\u00fablico.\" \/>\n<meta name=\"robots\" content=\"index, follow, max-snippet:-1, max-image-preview:large, max-video-preview:-1\" \/>\n<link rel=\"canonical\" href=\"https:\/\/diariofemenino.com.ar\/df\/urbanismo-de-genero-o-como-las-mujeres-redisenan-la-ciudad\/\" \/>\n<meta property=\"og:locale\" content=\"es_ES\" \/>\n<meta property=\"og:type\" content=\"article\" \/>\n<meta property=\"og:title\" content=\"Urbanismo de g\u00e9nero o c\u00f3mo las mujeres redise\u00f1an la ciudad - Diario Digital Femenino\" \/>\n<meta property=\"og:description\" content=\"El &quot;urbanismo de g\u00e9nero&quot;, que promueve la visi\u00f3n de g\u00e9nero, en especial, de la mujer, en la organizaci\u00f3n urban\u00edstica y la gesti\u00f3n del espacio p\u00fablico.\" \/>\n<meta property=\"og:url\" content=\"https:\/\/diariofemenino.com.ar\/df\/urbanismo-de-genero-o-como-las-mujeres-redisenan-la-ciudad\/\" \/>\n<meta property=\"og:site_name\" content=\"Diario Digital Femenino\" \/>\n<meta property=\"article:publisher\" content=\"https:\/\/www.facebook.com\/DiarioDigitaFemenino\/\" \/>\n<meta property=\"article:published_time\" content=\"2019-02-22T21:13:46+00:00\" \/>\n<meta property=\"og:image\" content=\"https:\/\/diariofemenino.com.ar\/df\/wp-content\/uploads\/2019\/02\/4985278.jpg\" \/>\n\t<meta property=\"og:image:width\" content=\"1600\" \/>\n\t<meta property=\"og:image:height\" content=\"900\" \/>\n\t<meta property=\"og:image:type\" content=\"image\/jpeg\" \/>\n<meta name=\"author\" content=\"Admin\" \/>\n<meta name=\"twitter:card\" content=\"summary_large_image\" \/>\n<meta name=\"twitter:creator\" content=\"@DiarioFemenino1\" \/>\n<meta name=\"twitter:site\" content=\"@DiarioFemenino1\" \/>\n<meta name=\"twitter:label1\" content=\"Escrito por\" \/>\n\t<meta name=\"twitter:data1\" content=\"Admin\" \/>\n\t<meta name=\"twitter:label2\" content=\"Tiempo de lectura\" \/>\n\t<meta name=\"twitter:data2\" content=\"5 minutos\" \/>\n<script type=\"application\/ld+json\" class=\"yoast-schema-graph\">{\"@context\":\"https:\\\/\\\/schema.org\",\"@graph\":[{\"@type\":\"Article\",\"@id\":\"https:\\\/\\\/diariofemenino.com.ar\\\/df\\\/urbanismo-de-genero-o-como-las-mujeres-redisenan-la-ciudad\\\/#article\",\"isPartOf\":{\"@id\":\"https:\\\/\\\/diariofemenino.com.ar\\\/df\\\/urbanismo-de-genero-o-como-las-mujeres-redisenan-la-ciudad\\\/\"},\"author\":{\"name\":\"Admin\",\"@id\":\"https:\\\/\\\/diariofemenino.com.ar\\\/df\\\/#\\\/schema\\\/person\\\/1c36bc3bf394d8ec320814298b4fdd3f\"},\"headline\":\"Urbanismo de g\u00e9nero o c\u00f3mo las mujeres redise\u00f1an la ciudad\",\"datePublished\":\"2019-02-22T21:13:46+00:00\",\"mainEntityOfPage\":{\"@id\":\"https:\\\/\\\/diariofemenino.com.ar\\\/df\\\/urbanismo-de-genero-o-como-las-mujeres-redisenan-la-ciudad\\\/\"},\"wordCount\":1057,\"commentCount\":0,\"publisher\":{\"@id\":\"https:\\\/\\\/diariofemenino.com.ar\\\/df\\\/#organization\"},\"image\":{\"@id\":\"https:\\\/\\\/diariofemenino.com.ar\\\/df\\\/urbanismo-de-genero-o-como-las-mujeres-redisenan-la-ciudad\\\/#primaryimage\"},\"thumbnailUrl\":\"https:\\\/\\\/diariofemenino.com.ar\\\/df\\\/wp-content\\\/uploads\\\/2019\\\/02\\\/4985278.jpg\",\"keywords\":[\"Activismo\",\"Derechos de las mujeres\",\"Mujeres\"],\"articleSection\":[\"Art\u00edculos y Comunicados\"],\"inLanguage\":\"es\",\"potentialAction\":[{\"@type\":\"CommentAction\",\"name\":\"Comment\",\"target\":[\"https:\\\/\\\/diariofemenino.com.ar\\\/df\\\/urbanismo-de-genero-o-como-las-mujeres-redisenan-la-ciudad\\\/#respond\"]}]},{\"@type\":\"WebPage\",\"@id\":\"https:\\\/\\\/diariofemenino.com.ar\\\/df\\\/urbanismo-de-genero-o-como-las-mujeres-redisenan-la-ciudad\\\/\",\"url\":\"https:\\\/\\\/diariofemenino.com.ar\\\/df\\\/urbanismo-de-genero-o-como-las-mujeres-redisenan-la-ciudad\\\/\",\"name\":\"Urbanismo de g\u00e9nero o c\u00f3mo las mujeres redise\u00f1an la ciudad - Diario Digital Femenino\",\"isPartOf\":{\"@id\":\"https:\\\/\\\/diariofemenino.com.ar\\\/df\\\/#website\"},\"primaryImageOfPage\":{\"@id\":\"https:\\\/\\\/diariofemenino.com.ar\\\/df\\\/urbanismo-de-genero-o-como-las-mujeres-redisenan-la-ciudad\\\/#primaryimage\"},\"image\":{\"@id\":\"https:\\\/\\\/diariofemenino.com.ar\\\/df\\\/urbanismo-de-genero-o-como-las-mujeres-redisenan-la-ciudad\\\/#primaryimage\"},\"thumbnailUrl\":\"https:\\\/\\\/diariofemenino.com.ar\\\/df\\\/wp-content\\\/uploads\\\/2019\\\/02\\\/4985278.jpg\",\"datePublished\":\"2019-02-22T21:13:46+00:00\",\"description\":\"El \\\"urbanismo de g\u00e9nero\\\", que promueve la visi\u00f3n de g\u00e9nero, en especial, de la mujer, en la organizaci\u00f3n urban\u00edstica y la gesti\u00f3n del espacio p\u00fablico.\",\"breadcrumb\":{\"@id\":\"https:\\\/\\\/diariofemenino.com.ar\\\/df\\\/urbanismo-de-genero-o-como-las-mujeres-redisenan-la-ciudad\\\/#breadcrumb\"},\"inLanguage\":\"es\",\"potentialAction\":[{\"@type\":\"ReadAction\",\"target\":[\"https:\\\/\\\/diariofemenino.com.ar\\\/df\\\/urbanismo-de-genero-o-como-las-mujeres-redisenan-la-ciudad\\\/\"]}]},{\"@type\":\"ImageObject\",\"inLanguage\":\"es\",\"@id\":\"https:\\\/\\\/diariofemenino.com.ar\\\/df\\\/urbanismo-de-genero-o-como-las-mujeres-redisenan-la-ciudad\\\/#primaryimage\",\"url\":\"https:\\\/\\\/diariofemenino.com.ar\\\/df\\\/wp-content\\\/uploads\\\/2019\\\/02\\\/4985278.jpg\",\"contentUrl\":\"https:\\\/\\\/diariofemenino.com.ar\\\/df\\\/wp-content\\\/uploads\\\/2019\\\/02\\\/4985278.jpg\",\"width\":1600,\"height\":900},{\"@type\":\"BreadcrumbList\",\"@id\":\"https:\\\/\\\/diariofemenino.com.ar\\\/df\\\/urbanismo-de-genero-o-como-las-mujeres-redisenan-la-ciudad\\\/#breadcrumb\",\"itemListElement\":[{\"@type\":\"ListItem\",\"position\":1,\"name\":\"Portada\",\"item\":\"https:\\\/\\\/diariofemenino.com.ar\\\/df\\\/\"},{\"@type\":\"ListItem\",\"position\":2,\"name\":\"Urbanismo de g\u00e9nero o c\u00f3mo las mujeres redise\u00f1an la ciudad\"}]},{\"@type\":\"WebSite\",\"@id\":\"https:\\\/\\\/diariofemenino.com.ar\\\/df\\\/#website\",\"url\":\"https:\\\/\\\/diariofemenino.com.ar\\\/df\\\/\",\"name\":\"Diario Digital Femenino\",\"description\":\"Cuesti\u00f3n de G\u00e9nero\",\"publisher\":{\"@id\":\"https:\\\/\\\/diariofemenino.com.ar\\\/df\\\/#organization\"},\"potentialAction\":[{\"@type\":\"SearchAction\",\"target\":{\"@type\":\"EntryPoint\",\"urlTemplate\":\"https:\\\/\\\/diariofemenino.com.ar\\\/df\\\/?s={search_term_string}\"},\"query-input\":{\"@type\":\"PropertyValueSpecification\",\"valueRequired\":true,\"valueName\":\"search_term_string\"}}],\"inLanguage\":\"es\"},{\"@type\":\"Organization\",\"@id\":\"https:\\\/\\\/diariofemenino.com.ar\\\/df\\\/#organization\",\"name\":\"Diario Femenino\",\"url\":\"https:\\\/\\\/diariofemenino.com.ar\\\/df\\\/\",\"logo\":{\"@type\":\"ImageObject\",\"inLanguage\":\"es\",\"@id\":\"https:\\\/\\\/diariofemenino.com.ar\\\/df\\\/#\\\/schema\\\/logo\\\/image\\\/\",\"url\":\"https:\\\/\\\/diariofemenino.com.ar\\\/df\\\/wp-content\\\/uploads\\\/2018\\\/10\\\/logo.png\",\"contentUrl\":\"https:\\\/\\\/diariofemenino.com.ar\\\/df\\\/wp-content\\\/uploads\\\/2018\\\/10\\\/logo.png\",\"width\":500,\"height\":92,\"caption\":\"Diario Femenino\"},\"image\":{\"@id\":\"https:\\\/\\\/diariofemenino.com.ar\\\/df\\\/#\\\/schema\\\/logo\\\/image\\\/\"},\"sameAs\":[\"https:\\\/\\\/www.facebook.com\\\/DiarioDigitaFemenino\\\/\",\"https:\\\/\\\/x.com\\\/DiarioFemenino1\"]},{\"@type\":\"Person\",\"@id\":\"https:\\\/\\\/diariofemenino.com.ar\\\/df\\\/#\\\/schema\\\/person\\\/1c36bc3bf394d8ec320814298b4fdd3f\",\"name\":\"Admin\",\"image\":{\"@type\":\"ImageObject\",\"inLanguage\":\"es\",\"@id\":\"https:\\\/\\\/diariofemenino.com.ar\\\/df\\\/wp-content\\\/uploads\\\/2018\\\/12\\\/favicon-150x150.jpg\",\"url\":\"https:\\\/\\\/diariofemenino.com.ar\\\/df\\\/wp-content\\\/uploads\\\/2018\\\/12\\\/favicon-150x150.jpg\",\"contentUrl\":\"https:\\\/\\\/diariofemenino.com.ar\\\/df\\\/wp-content\\\/uploads\\\/2018\\\/12\\\/favicon-150x150.jpg\",\"caption\":\"Admin\"},\"url\":\"https:\\\/\\\/diariofemenino.com.ar\\\/df\\\/author\\\/sofiperez\\\/\"}]}<\/script>\n<!-- \/ Yoast SEO plugin. -->","yoast_head_json":{"title":"Urbanismo de g\u00e9nero o c\u00f3mo las mujeres redise\u00f1an la ciudad - Diario Digital Femenino","description":"El \"urbanismo de g\u00e9nero\", que promueve la visi\u00f3n de g\u00e9nero, en especial, de la mujer, en la organizaci\u00f3n urban\u00edstica y la gesti\u00f3n del espacio p\u00fablico.","robots":{"index":"index","follow":"follow","max-snippet":"max-snippet:-1","max-image-preview":"max-image-preview:large","max-video-preview":"max-video-preview:-1"},"canonical":"https:\/\/diariofemenino.com.ar\/df\/urbanismo-de-genero-o-como-las-mujeres-redisenan-la-ciudad\/","og_locale":"es_ES","og_type":"article","og_title":"Urbanismo de g\u00e9nero o c\u00f3mo las mujeres redise\u00f1an la ciudad - Diario Digital Femenino","og_description":"El \"urbanismo de g\u00e9nero\", que promueve la visi\u00f3n de g\u00e9nero, en especial, de la mujer, en la organizaci\u00f3n urban\u00edstica y la gesti\u00f3n del espacio p\u00fablico.","og_url":"https:\/\/diariofemenino.com.ar\/df\/urbanismo-de-genero-o-como-las-mujeres-redisenan-la-ciudad\/","og_site_name":"Diario Digital Femenino","article_publisher":"https:\/\/www.facebook.com\/DiarioDigitaFemenino\/","article_published_time":"2019-02-22T21:13:46+00:00","og_image":[{"width":1600,"height":900,"url":"https:\/\/diariofemenino.com.ar\/df\/wp-content\/uploads\/2019\/02\/4985278.jpg","type":"image\/jpeg"}],"author":"Admin","twitter_card":"summary_large_image","twitter_creator":"@DiarioFemenino1","twitter_site":"@DiarioFemenino1","twitter_misc":{"Escrito por":"Admin","Tiempo de lectura":"5 minutos"},"schema":{"@context":"https:\/\/schema.org","@graph":[{"@type":"Article","@id":"https:\/\/diariofemenino.com.ar\/df\/urbanismo-de-genero-o-como-las-mujeres-redisenan-la-ciudad\/#article","isPartOf":{"@id":"https:\/\/diariofemenino.com.ar\/df\/urbanismo-de-genero-o-como-las-mujeres-redisenan-la-ciudad\/"},"author":{"name":"Admin","@id":"https:\/\/diariofemenino.com.ar\/df\/#\/schema\/person\/1c36bc3bf394d8ec320814298b4fdd3f"},"headline":"Urbanismo de g\u00e9nero o c\u00f3mo las mujeres redise\u00f1an la ciudad","datePublished":"2019-02-22T21:13:46+00:00","mainEntityOfPage":{"@id":"https:\/\/diariofemenino.com.ar\/df\/urbanismo-de-genero-o-como-las-mujeres-redisenan-la-ciudad\/"},"wordCount":1057,"commentCount":0,"publisher":{"@id":"https:\/\/diariofemenino.com.ar\/df\/#organization"},"image":{"@id":"https:\/\/diariofemenino.com.ar\/df\/urbanismo-de-genero-o-como-las-mujeres-redisenan-la-ciudad\/#primaryimage"},"thumbnailUrl":"https:\/\/diariofemenino.com.ar\/df\/wp-content\/uploads\/2019\/02\/4985278.jpg","keywords":["Activismo","Derechos de las mujeres","Mujeres"],"articleSection":["Art\u00edculos y Comunicados"],"inLanguage":"es","potentialAction":[{"@type":"CommentAction","name":"Comment","target":["https:\/\/diariofemenino.com.ar\/df\/urbanismo-de-genero-o-como-las-mujeres-redisenan-la-ciudad\/#respond"]}]},{"@type":"WebPage","@id":"https:\/\/diariofemenino.com.ar\/df\/urbanismo-de-genero-o-como-las-mujeres-redisenan-la-ciudad\/","url":"https:\/\/diariofemenino.com.ar\/df\/urbanismo-de-genero-o-como-las-mujeres-redisenan-la-ciudad\/","name":"Urbanismo de g\u00e9nero o c\u00f3mo las mujeres redise\u00f1an la ciudad - Diario Digital Femenino","isPartOf":{"@id":"https:\/\/diariofemenino.com.ar\/df\/#website"},"primaryImageOfPage":{"@id":"https:\/\/diariofemenino.com.ar\/df\/urbanismo-de-genero-o-como-las-mujeres-redisenan-la-ciudad\/#primaryimage"},"image":{"@id":"https:\/\/diariofemenino.com.ar\/df\/urbanismo-de-genero-o-como-las-mujeres-redisenan-la-ciudad\/#primaryimage"},"thumbnailUrl":"https:\/\/diariofemenino.com.ar\/df\/wp-content\/uploads\/2019\/02\/4985278.jpg","datePublished":"2019-02-22T21:13:46+00:00","description":"El \"urbanismo de g\u00e9nero\", que promueve la visi\u00f3n de g\u00e9nero, en especial, de la mujer, en la organizaci\u00f3n urban\u00edstica y la gesti\u00f3n del espacio p\u00fablico.","breadcrumb":{"@id":"https:\/\/diariofemenino.com.ar\/df\/urbanismo-de-genero-o-como-las-mujeres-redisenan-la-ciudad\/#breadcrumb"},"inLanguage":"es","potentialAction":[{"@type":"ReadAction","target":["https:\/\/diariofemenino.com.ar\/df\/urbanismo-de-genero-o-como-las-mujeres-redisenan-la-ciudad\/"]}]},{"@type":"ImageObject","inLanguage":"es","@id":"https:\/\/diariofemenino.com.ar\/df\/urbanismo-de-genero-o-como-las-mujeres-redisenan-la-ciudad\/#primaryimage","url":"https:\/\/diariofemenino.com.ar\/df\/wp-content\/uploads\/2019\/02\/4985278.jpg","contentUrl":"https:\/\/diariofemenino.com.ar\/df\/wp-content\/uploads\/2019\/02\/4985278.jpg","width":1600,"height":900},{"@type":"BreadcrumbList","@id":"https:\/\/diariofemenino.com.ar\/df\/urbanismo-de-genero-o-como-las-mujeres-redisenan-la-ciudad\/#breadcrumb","itemListElement":[{"@type":"ListItem","position":1,"name":"Portada","item":"https:\/\/diariofemenino.com.ar\/df\/"},{"@type":"ListItem","position":2,"name":"Urbanismo de g\u00e9nero o c\u00f3mo las mujeres redise\u00f1an la ciudad"}]},{"@type":"WebSite","@id":"https:\/\/diariofemenino.com.ar\/df\/#website","url":"https:\/\/diariofemenino.com.ar\/df\/","name":"Diario Digital Femenino","description":"Cuesti\u00f3n de G\u00e9nero","publisher":{"@id":"https:\/\/diariofemenino.com.ar\/df\/#organization"},"potentialAction":[{"@type":"SearchAction","target":{"@type":"EntryPoint","urlTemplate":"https:\/\/diariofemenino.com.ar\/df\/?s={search_term_string}"},"query-input":{"@type":"PropertyValueSpecification","valueRequired":true,"valueName":"search_term_string"}}],"inLanguage":"es"},{"@type":"Organization","@id":"https:\/\/diariofemenino.com.ar\/df\/#organization","name":"Diario Femenino","url":"https:\/\/diariofemenino.com.ar\/df\/","logo":{"@type":"ImageObject","inLanguage":"es","@id":"https:\/\/diariofemenino.com.ar\/df\/#\/schema\/logo\/image\/","url":"https:\/\/diariofemenino.com.ar\/df\/wp-content\/uploads\/2018\/10\/logo.png","contentUrl":"https:\/\/diariofemenino.com.ar\/df\/wp-content\/uploads\/2018\/10\/logo.png","width":500,"height":92,"caption":"Diario Femenino"},"image":{"@id":"https:\/\/diariofemenino.com.ar\/df\/#\/schema\/logo\/image\/"},"sameAs":["https:\/\/www.facebook.com\/DiarioDigitaFemenino\/","https:\/\/x.com\/DiarioFemenino1"]},{"@type":"Person","@id":"https:\/\/diariofemenino.com.ar\/df\/#\/schema\/person\/1c36bc3bf394d8ec320814298b4fdd3f","name":"Admin","image":{"@type":"ImageObject","inLanguage":"es","@id":"https:\/\/diariofemenino.com.ar\/df\/wp-content\/uploads\/2018\/12\/favicon-150x150.jpg","url":"https:\/\/diariofemenino.com.ar\/df\/wp-content\/uploads\/2018\/12\/favicon-150x150.jpg","contentUrl":"https:\/\/diariofemenino.com.ar\/df\/wp-content\/uploads\/2018\/12\/favicon-150x150.jpg","caption":"Admin"},"url":"https:\/\/diariofemenino.com.ar\/df\/author\/sofiperez\/"}]}},"jetpack_featured_media_url":"https:\/\/diariofemenino.com.ar\/df\/wp-content\/uploads\/2019\/02\/4985278.jpg","jetpack_sharing_enabled":true,"rttpg_featured_image_url":{"full":["https:\/\/diariofemenino.com.ar\/df\/wp-content\/uploads\/2019\/02\/4985278.jpg",1600,900,false],"landscape":["https:\/\/diariofemenino.com.ar\/df\/wp-content\/uploads\/2019\/02\/4985278.jpg",1600,900,false],"portraits":["https:\/\/diariofemenino.com.ar\/df\/wp-content\/uploads\/2019\/02\/4985278.jpg",1600,900,false],"thumbnail":["https:\/\/diariofemenino.com.ar\/df\/wp-content\/uploads\/2019\/02\/4985278-150x150.jpg",150,150,true],"medium":["https:\/\/diariofemenino.com.ar\/df\/wp-content\/uploads\/2019\/02\/4985278-300x169.jpg",300,169,true],"large":["https:\/\/diariofemenino.com.ar\/df\/wp-content\/uploads\/2019\/02\/4985278-1024x576.jpg",1024,576,true],"1536x1536":["https:\/\/diariofemenino.com.ar\/df\/wp-content\/uploads\/2019\/02\/4985278.jpg",1536,864,false],"2048x2048":["https:\/\/diariofemenino.com.ar\/df\/wp-content\/uploads\/2019\/02\/4985278.jpg",1600,900,false]},"rttpg_author":{"display_name":"Admin","author_link":"https:\/\/diariofemenino.com.ar\/df\/author\/sofiperez\/"},"rttpg_comment":0,"rttpg_category":"<a href=\"https:\/\/diariofemenino.com.ar\/df\/category\/articulos-y-comunicados\/\" rel=\"category tag\">Art\u00edculos y Comunicados<\/a>","rttpg_excerpt":"Mejorar la iluminaci\u00f3n de las calles, hacer\u00a0m\u00e1s visibles las zonas m\u00e1s inseguras o aumentar la frecuencia de paso de los autobuses intraurbanos en algunas zonas m\u00e1s aisladas. Se basan en el\u00a0\u00aburbanismo de g\u00e9nero\u00bb, que promueve la incorporaci\u00f3n de la visi\u00f3n de g\u00e9nero, en especial, de la mujer, en la organizaci\u00f3n urban\u00edstica y la gesti\u00f3n del&hellip;","_links":{"self":[{"href":"https:\/\/diariofemenino.com.ar\/df\/wp-json\/wp\/v2\/posts\/32038","targetHints":{"allow":["GET"]}}],"collection":[{"href":"https:\/\/diariofemenino.com.ar\/df\/wp-json\/wp\/v2\/posts"}],"about":[{"href":"https:\/\/diariofemenino.com.ar\/df\/wp-json\/wp\/v2\/types\/post"}],"author":[{"embeddable":true,"href":"https:\/\/diariofemenino.com.ar\/df\/wp-json\/wp\/v2\/users\/3"}],"replies":[{"embeddable":true,"href":"https:\/\/diariofemenino.com.ar\/df\/wp-json\/wp\/v2\/comments?post=32038"}],"version-history":[{"count":0,"href":"https:\/\/diariofemenino.com.ar\/df\/wp-json\/wp\/v2\/posts\/32038\/revisions"}],"wp:featuredmedia":[{"embeddable":true,"href":"https:\/\/diariofemenino.com.ar\/df\/wp-json\/wp\/v2\/media\/32042"}],"wp:attachment":[{"href":"https:\/\/diariofemenino.com.ar\/df\/wp-json\/wp\/v2\/media?parent=32038"}],"wp:term":[{"taxonomy":"category","embeddable":true,"href":"https:\/\/diariofemenino.com.ar\/df\/wp-json\/wp\/v2\/categories?post=32038"},{"taxonomy":"post_tag","embeddable":true,"href":"https:\/\/diariofemenino.com.ar\/df\/wp-json\/wp\/v2\/tags?post=32038"}],"curies":[{"name":"wp","href":"https:\/\/api.w.org\/{rel}","templated":true}]}}