{"id":3190,"date":"2012-08-16T00:20:26","date_gmt":"2012-08-16T03:20:26","guid":{"rendered":"http:\/\/www.diariofemenino.com.ar\/?p=3190"},"modified":"2012-08-16T00:20:26","modified_gmt":"2012-08-16T03:20:26","slug":"nombre-de-destacadas-mujeres-en-el-50-de-las-calles","status":"publish","type":"post","link":"https:\/\/diariofemenino.com.ar\/df\/nombre-de-destacadas-mujeres-en-el-50-de-las-calles\/","title":{"rendered":"Nombre de destacadas mujeres en el 50% de las calles"},"content":{"rendered":"<p>&nbsp;<br \/>\n<em>Vuoto: \u00abLas Mujeres son un eslab\u00f3n fundamental para la construcci\u00f3n de la sociedad\u201d<\/em><br \/>\n&nbsp;<br \/>\n<a href=\"http:\/\/www.diariofemenino.com.ar\/wp-content\/uploads\/view_vuoto-las-mujeres-son-un-eslabon-fundamental-para-la-construccion-de-la-sociedad_10475.jpg\"><img loading=\"lazy\" decoding=\"async\" class=\"alignleft size-full wp-image-3191\" src=\"http:\/\/www.diariofemenino.com.ar\/wp-content\/uploads\/view_vuoto-las-mujeres-son-un-eslabon-fundamental-para-la-construccion-de-la-sociedad_10475.jpg\" alt=\"\" width=\"450\" height=\"344\" \/><\/a><br \/>\n&nbsp;<br \/>\n&nbsp;<br \/>\n&nbsp;<br \/>\n&nbsp;<br \/>\n&nbsp;<br \/>\n&nbsp;<br \/>\n&nbsp;<br \/>\n&nbsp;<br \/>\n&nbsp;<br \/>\n&nbsp;<br \/>\n&nbsp;<br \/>\n&nbsp;<br \/>\nSe trasform\u00f3 en ordenanza la iniciativa elaborada por el referente de La C\u00e1mpora Tierra del Fuego y Concejal del FPV Walter vuoto, es por ello que el 50 por ciento de las calles llevar\u00e1n el nombre de mujeres que han marcado una huella a lo largo de la historia \u201cEs momento de reconocer a las mujeres que hicieron grande nuestra patria\u201d\u00a0 destac\u00f3 \u00e9l Ed\u00edl.<br \/>\nDesde el bloque del Frente para la Victoria, a trav\u00e9s de una iniciativa elaborada en conjunto por la secretaria \u00a0y ex Legisladora (MC), Mar\u00eda Teresa M\u00e9ndez, se present\u00f3 un Proyecto de Ordenanza que modifica el articulo N\u00b0 2 de la Ordenanza Municipal 1625, referido a \u00a0los nombres de las calles de la ciudad, y anuncia que el 50% de las calles de Ushuaia deber\u00e1n llevar nombres de mujeres destacadas<br \/>\nSe fundament\u00f3 este proyecto con el objetivo de recordar a mujeres, que han cargado un enorme peso y responsabilidad al romper estructuras que pretend\u00edan imponerles.<br \/>\nA su vez \u00a0se reconoci\u00f3 que Las mujeres fueron desde la antig\u00fcedad, \u201corigen del pecado\u201d, \u201cmalvados seres\u201d que tentaban a los hombres, \u201cblasfemas\u201d, \u201cencarnaci\u00f3n del demonio\u201d, que merec\u00edan como \u00fanico destino la esclavitud, la tortura y la hoguera. Visi\u00f3n lleg\u00f3 a Am\u00e9rica, y por lo tanto, aqu\u00ed sufrieron un doble castigo, ser originarias y ser mujeres. Hasta el d\u00eda de hoy, se pretende hablar de mestizaje como fruto de una uni\u00f3n del amor entre el conquistador y la conquistada; no se dice del car\u00e1cter violento de esa uni\u00f3n, que eran nada mas ni nada menos que constantes violaciones que le permit\u00edan al invasor marcar con contundencia su poder. Muchas veces estas razones llevaron a las mujeres a rebeliones que demostraban claramente su negativa a unirse a los vencedores.<br \/>\nTambi\u00e9n se \u00a0record\u00f3 a aquellas capaces de marcar un rumbo a trav\u00e9s de sus ideas y acci\u00f3n en un mundo que no fue concebido para ellas; aun as\u00ed, lograron imponer su lucha por la igualdad de oportunidades. Ellas han construido una verdadera identidad a trav\u00e9s del trabajo, y la toma de decisiones con inteligencia.<br \/>\nPara finalizar el Concejal Walter Vuoto declar\u00f3 \u201cSe trata, de recuperar en esta memoria, la dignidad de todas las mujeres, desde las originarias hasta las actuales, verdaderas luchadoras y verdaderas trabajadoras en una sociedad que debe ser mas justa\u201d y sum\u00f3 \u201cDesde muy peque\u00f1o he admirado a Eva Duarte, Evita, y hablando en t\u00e9rminos contempor\u00e1neos debemos reconocer, sean partidarios o no, el liderazgo excepcional de la Presidente Cristina Fernandez \u201c cerr\u00f3.<br \/>\n&nbsp;<br \/>\n&nbsp;<br \/>\n&nbsp;<br \/>\nFuente: \u00a0<a href=\"http:\/\/www.ushuaianoticias.com\/noticias\/leer\/10475-vuoto-las-mujeres-son-un-eslabon-fundamental-para-la-construccion-de-la-sociedad.html\" target=\"_blank\">Ushuaia Noticias<\/a><\/p>\n","protected":false},"excerpt":{"rendered":"<p>&nbsp; Vuoto: \u00abLas Mujeres son un eslab\u00f3n fundamental para la construcci\u00f3n de la sociedad\u201d &nbsp; &nbsp; &nbsp; &nbsp; &nbsp; &nbsp; &nbsp; &nbsp; &nbsp; &nbsp; &nbsp; &nbsp; &nbsp; Se trasform\u00f3 en ordenanza la iniciativa elaborada por el referente de La C\u00e1mpora Tierra del Fuego y Concejal del FPV Walter vuoto, es por ello que el 50 [&hellip;]<\/p>\n","protected":false},"author":1,"featured_media":0,"comment_status":"open","ping_status":"open","sticky":false,"template":"","format":"standard","meta":{"iawp_total_views":3,"footnotes":""},"categories":[4],"tags":[],"class_list":["post-3190","post","type-post","status-publish","format-standard","hentry","category-medios"],"nelio_content":{"autoShareEndMode":"never","automationSources":{"useCustomSentences":false,"customSentences":[]},"efiAlt":"","efiUrl":"","followers":[],"highlights":[],"isAutoShareEnabled":true,"networkImageIds":[],"permalinkQueryArgs":[],"series":[],"suggestedReferences":[]},"yoast_head":"<!-- This site is optimized with the Yoast SEO plugin v27.4 - https:\/\/yoast.com\/product\/yoast-seo-wordpress\/ -->\n<title>Nombre de destacadas mujeres en el 50% de las calles - Diario Digital Femenino<\/title>\n<meta name=\"robots\" content=\"index, follow, max-snippet:-1, max-image-preview:large, max-video-preview:-1\" \/>\n<link rel=\"canonical\" href=\"https:\/\/diariofemenino.com.ar\/df\/nombre-de-destacadas-mujeres-en-el-50-de-las-calles\/\" \/>\n<meta property=\"og:locale\" content=\"es_ES\" \/>\n<meta property=\"og:type\" content=\"article\" \/>\n<meta property=\"og:title\" content=\"Nombre de destacadas mujeres en el 50% de las calles - Diario Digital Femenino\" \/>\n<meta property=\"og:description\" content=\"&nbsp; Vuoto: \u00abLas Mujeres son un eslab\u00f3n fundamental para la construcci\u00f3n de la sociedad\u201d &nbsp; &nbsp; &nbsp; &nbsp; &nbsp; &nbsp; &nbsp; &nbsp; &nbsp; &nbsp; &nbsp; &nbsp; &nbsp; Se trasform\u00f3 en ordenanza la iniciativa elaborada por el referente de La C\u00e1mpora Tierra del Fuego y Concejal del FPV Walter vuoto, es por ello que el 50 [&hellip;]\" \/>\n<meta property=\"og:url\" content=\"https:\/\/diariofemenino.com.ar\/df\/nombre-de-destacadas-mujeres-en-el-50-de-las-calles\/\" \/>\n<meta property=\"og:site_name\" content=\"Diario Digital Femenino\" \/>\n<meta property=\"article:publisher\" content=\"https:\/\/www.facebook.com\/DiarioDigitaFemenino\/\" \/>\n<meta property=\"article:published_time\" content=\"2012-08-16T03:20:26+00:00\" \/>\n<meta property=\"og:image\" content=\"http:\/\/www.diariofemenino.com.ar\/wp-content\/uploads\/view_vuoto-las-mujeres-son-un-eslabon-fundamental-para-la-construccion-de-la-sociedad_10475.jpg\" \/>\n<meta name=\"author\" content=\"Admin\" \/>\n<meta name=\"twitter:card\" content=\"summary_large_image\" \/>\n<meta name=\"twitter:creator\" content=\"@DiarioFemenino1\" \/>\n<meta name=\"twitter:site\" content=\"@DiarioFemenino1\" \/>\n<meta name=\"twitter:label1\" content=\"Escrito por\" \/>\n\t<meta name=\"twitter:data1\" content=\"Admin\" \/>\n\t<meta name=\"twitter:label2\" content=\"Tiempo de lectura\" \/>\n\t<meta name=\"twitter:data2\" content=\"2 minutos\" \/>\n<script type=\"application\/ld+json\" class=\"yoast-schema-graph\">{\"@context\":\"https:\\\/\\\/schema.org\",\"@graph\":[{\"@type\":\"Article\",\"@id\":\"https:\\\/\\\/diariofemenino.com.ar\\\/df\\\/nombre-de-destacadas-mujeres-en-el-50-de-las-calles\\\/#article\",\"isPartOf\":{\"@id\":\"https:\\\/\\\/diariofemenino.com.ar\\\/df\\\/nombre-de-destacadas-mujeres-en-el-50-de-las-calles\\\/\"},\"author\":{\"name\":\"Admin\",\"@id\":\"https:\\\/\\\/diariofemenino.com.ar\\\/df\\\/#\\\/schema\\\/person\\\/38f54b3bfd13f561de2460ba95c169c6\"},\"headline\":\"Nombre de destacadas mujeres en el 50% de las calles\",\"datePublished\":\"2012-08-16T03:20:26+00:00\",\"mainEntityOfPage\":{\"@id\":\"https:\\\/\\\/diariofemenino.com.ar\\\/df\\\/nombre-de-destacadas-mujeres-en-el-50-de-las-calles\\\/\"},\"wordCount\":475,\"commentCount\":0,\"publisher\":{\"@id\":\"https:\\\/\\\/diariofemenino.com.ar\\\/df\\\/#organization\"},\"image\":{\"@id\":\"https:\\\/\\\/diariofemenino.com.ar\\\/df\\\/nombre-de-destacadas-mujeres-en-el-50-de-las-calles\\\/#primaryimage\"},\"thumbnailUrl\":\"http:\\\/\\\/www.diariofemenino.com.ar\\\/wp-content\\\/uploads\\\/view_vuoto-las-mujeres-son-un-eslabon-fundamental-para-la-construccion-de-la-sociedad_10475.jpg\",\"articleSection\":[\"Medios\"],\"inLanguage\":\"es\",\"potentialAction\":[{\"@type\":\"CommentAction\",\"name\":\"Comment\",\"target\":[\"https:\\\/\\\/diariofemenino.com.ar\\\/df\\\/nombre-de-destacadas-mujeres-en-el-50-de-las-calles\\\/#respond\"]}]},{\"@type\":\"WebPage\",\"@id\":\"https:\\\/\\\/diariofemenino.com.ar\\\/df\\\/nombre-de-destacadas-mujeres-en-el-50-de-las-calles\\\/\",\"url\":\"https:\\\/\\\/diariofemenino.com.ar\\\/df\\\/nombre-de-destacadas-mujeres-en-el-50-de-las-calles\\\/\",\"name\":\"Nombre de destacadas mujeres en el 50% de las calles - Diario Digital Femenino\",\"isPartOf\":{\"@id\":\"https:\\\/\\\/diariofemenino.com.ar\\\/df\\\/#website\"},\"primaryImageOfPage\":{\"@id\":\"https:\\\/\\\/diariofemenino.com.ar\\\/df\\\/nombre-de-destacadas-mujeres-en-el-50-de-las-calles\\\/#primaryimage\"},\"image\":{\"@id\":\"https:\\\/\\\/diariofemenino.com.ar\\\/df\\\/nombre-de-destacadas-mujeres-en-el-50-de-las-calles\\\/#primaryimage\"},\"thumbnailUrl\":\"http:\\\/\\\/www.diariofemenino.com.ar\\\/wp-content\\\/uploads\\\/view_vuoto-las-mujeres-son-un-eslabon-fundamental-para-la-construccion-de-la-sociedad_10475.jpg\",\"datePublished\":\"2012-08-16T03:20:26+00:00\",\"breadcrumb\":{\"@id\":\"https:\\\/\\\/diariofemenino.com.ar\\\/df\\\/nombre-de-destacadas-mujeres-en-el-50-de-las-calles\\\/#breadcrumb\"},\"inLanguage\":\"es\",\"potentialAction\":[{\"@type\":\"ReadAction\",\"target\":[\"https:\\\/\\\/diariofemenino.com.ar\\\/df\\\/nombre-de-destacadas-mujeres-en-el-50-de-las-calles\\\/\"]}]},{\"@type\":\"ImageObject\",\"inLanguage\":\"es\",\"@id\":\"https:\\\/\\\/diariofemenino.com.ar\\\/df\\\/nombre-de-destacadas-mujeres-en-el-50-de-las-calles\\\/#primaryimage\",\"url\":\"http:\\\/\\\/www.diariofemenino.com.ar\\\/wp-content\\\/uploads\\\/view_vuoto-las-mujeres-son-un-eslabon-fundamental-para-la-construccion-de-la-sociedad_10475.jpg\",\"contentUrl\":\"http:\\\/\\\/www.diariofemenino.com.ar\\\/wp-content\\\/uploads\\\/view_vuoto-las-mujeres-son-un-eslabon-fundamental-para-la-construccion-de-la-sociedad_10475.jpg\"},{\"@type\":\"BreadcrumbList\",\"@id\":\"https:\\\/\\\/diariofemenino.com.ar\\\/df\\\/nombre-de-destacadas-mujeres-en-el-50-de-las-calles\\\/#breadcrumb\",\"itemListElement\":[{\"@type\":\"ListItem\",\"position\":1,\"name\":\"Portada\",\"item\":\"https:\\\/\\\/diariofemenino.com.ar\\\/df\\\/\"},{\"@type\":\"ListItem\",\"position\":2,\"name\":\"Nombre de destacadas mujeres en el 50% de las calles\"}]},{\"@type\":\"WebSite\",\"@id\":\"https:\\\/\\\/diariofemenino.com.ar\\\/df\\\/#website\",\"url\":\"https:\\\/\\\/diariofemenino.com.ar\\\/df\\\/\",\"name\":\"Diario Digital Femenino\",\"description\":\"Cuesti\u00f3n de G\u00e9nero\",\"publisher\":{\"@id\":\"https:\\\/\\\/diariofemenino.com.ar\\\/df\\\/#organization\"},\"potentialAction\":[{\"@type\":\"SearchAction\",\"target\":{\"@type\":\"EntryPoint\",\"urlTemplate\":\"https:\\\/\\\/diariofemenino.com.ar\\\/df\\\/?s={search_term_string}\"},\"query-input\":{\"@type\":\"PropertyValueSpecification\",\"valueRequired\":true,\"valueName\":\"search_term_string\"}}],\"inLanguage\":\"es\"},{\"@type\":\"Organization\",\"@id\":\"https:\\\/\\\/diariofemenino.com.ar\\\/df\\\/#organization\",\"name\":\"Diario Femenino\",\"url\":\"https:\\\/\\\/diariofemenino.com.ar\\\/df\\\/\",\"logo\":{\"@type\":\"ImageObject\",\"inLanguage\":\"es\",\"@id\":\"https:\\\/\\\/diariofemenino.com.ar\\\/df\\\/#\\\/schema\\\/logo\\\/image\\\/\",\"url\":\"https:\\\/\\\/diariofemenino.com.ar\\\/df\\\/wp-content\\\/uploads\\\/2018\\\/10\\\/logo.png\",\"contentUrl\":\"https:\\\/\\\/diariofemenino.com.ar\\\/df\\\/wp-content\\\/uploads\\\/2018\\\/10\\\/logo.png\",\"width\":500,\"height\":92,\"caption\":\"Diario Femenino\"},\"image\":{\"@id\":\"https:\\\/\\\/diariofemenino.com.ar\\\/df\\\/#\\\/schema\\\/logo\\\/image\\\/\"},\"sameAs\":[\"https:\\\/\\\/www.facebook.com\\\/DiarioDigitaFemenino\\\/\",\"https:\\\/\\\/x.com\\\/DiarioFemenino1\"]},{\"@type\":\"Person\",\"@id\":\"https:\\\/\\\/diariofemenino.com.ar\\\/df\\\/#\\\/schema\\\/person\\\/38f54b3bfd13f561de2460ba95c169c6\",\"name\":\"Admin\",\"image\":{\"@type\":\"ImageObject\",\"inLanguage\":\"es\",\"@id\":\"https:\\\/\\\/diariofemenino.com.ar\\\/df\\\/wp-content\\\/uploads\\\/2018\\\/12\\\/favicon-150x150.jpg\",\"url\":\"https:\\\/\\\/diariofemenino.com.ar\\\/df\\\/wp-content\\\/uploads\\\/2018\\\/12\\\/favicon-150x150.jpg\",\"contentUrl\":\"https:\\\/\\\/diariofemenino.com.ar\\\/df\\\/wp-content\\\/uploads\\\/2018\\\/12\\\/favicon-150x150.jpg\",\"caption\":\"Admin\"},\"url\":\"https:\\\/\\\/diariofemenino.com.ar\\\/df\\\/author\\\/adm18df\\\/\"}]}<\/script>\n<!-- \/ Yoast SEO plugin. -->","yoast_head_json":{"title":"Nombre de destacadas mujeres en el 50% de las calles - Diario Digital Femenino","robots":{"index":"index","follow":"follow","max-snippet":"max-snippet:-1","max-image-preview":"max-image-preview:large","max-video-preview":"max-video-preview:-1"},"canonical":"https:\/\/diariofemenino.com.ar\/df\/nombre-de-destacadas-mujeres-en-el-50-de-las-calles\/","og_locale":"es_ES","og_type":"article","og_title":"Nombre de destacadas mujeres en el 50% de las calles - Diario Digital Femenino","og_description":"&nbsp; Vuoto: \u00abLas Mujeres son un eslab\u00f3n fundamental para la construcci\u00f3n de la sociedad\u201d &nbsp; &nbsp; &nbsp; &nbsp; &nbsp; &nbsp; &nbsp; &nbsp; &nbsp; &nbsp; &nbsp; &nbsp; &nbsp; Se trasform\u00f3 en ordenanza la iniciativa elaborada por el referente de La C\u00e1mpora Tierra del Fuego y Concejal del FPV Walter vuoto, es por ello que el 50 [&hellip;]","og_url":"https:\/\/diariofemenino.com.ar\/df\/nombre-de-destacadas-mujeres-en-el-50-de-las-calles\/","og_site_name":"Diario Digital Femenino","article_publisher":"https:\/\/www.facebook.com\/DiarioDigitaFemenino\/","article_published_time":"2012-08-16T03:20:26+00:00","og_image":[{"url":"http:\/\/www.diariofemenino.com.ar\/wp-content\/uploads\/view_vuoto-las-mujeres-son-un-eslabon-fundamental-para-la-construccion-de-la-sociedad_10475.jpg","type":"","width":"","height":""}],"author":"Admin","twitter_card":"summary_large_image","twitter_creator":"@DiarioFemenino1","twitter_site":"@DiarioFemenino1","twitter_misc":{"Escrito por":"Admin","Tiempo de lectura":"2 minutos"},"schema":{"@context":"https:\/\/schema.org","@graph":[{"@type":"Article","@id":"https:\/\/diariofemenino.com.ar\/df\/nombre-de-destacadas-mujeres-en-el-50-de-las-calles\/#article","isPartOf":{"@id":"https:\/\/diariofemenino.com.ar\/df\/nombre-de-destacadas-mujeres-en-el-50-de-las-calles\/"},"author":{"name":"Admin","@id":"https:\/\/diariofemenino.com.ar\/df\/#\/schema\/person\/38f54b3bfd13f561de2460ba95c169c6"},"headline":"Nombre de destacadas mujeres en el 50% de las calles","datePublished":"2012-08-16T03:20:26+00:00","mainEntityOfPage":{"@id":"https:\/\/diariofemenino.com.ar\/df\/nombre-de-destacadas-mujeres-en-el-50-de-las-calles\/"},"wordCount":475,"commentCount":0,"publisher":{"@id":"https:\/\/diariofemenino.com.ar\/df\/#organization"},"image":{"@id":"https:\/\/diariofemenino.com.ar\/df\/nombre-de-destacadas-mujeres-en-el-50-de-las-calles\/#primaryimage"},"thumbnailUrl":"http:\/\/www.diariofemenino.com.ar\/wp-content\/uploads\/view_vuoto-las-mujeres-son-un-eslabon-fundamental-para-la-construccion-de-la-sociedad_10475.jpg","articleSection":["Medios"],"inLanguage":"es","potentialAction":[{"@type":"CommentAction","name":"Comment","target":["https:\/\/diariofemenino.com.ar\/df\/nombre-de-destacadas-mujeres-en-el-50-de-las-calles\/#respond"]}]},{"@type":"WebPage","@id":"https:\/\/diariofemenino.com.ar\/df\/nombre-de-destacadas-mujeres-en-el-50-de-las-calles\/","url":"https:\/\/diariofemenino.com.ar\/df\/nombre-de-destacadas-mujeres-en-el-50-de-las-calles\/","name":"Nombre de destacadas mujeres en el 50% de las calles - Diario Digital Femenino","isPartOf":{"@id":"https:\/\/diariofemenino.com.ar\/df\/#website"},"primaryImageOfPage":{"@id":"https:\/\/diariofemenino.com.ar\/df\/nombre-de-destacadas-mujeres-en-el-50-de-las-calles\/#primaryimage"},"image":{"@id":"https:\/\/diariofemenino.com.ar\/df\/nombre-de-destacadas-mujeres-en-el-50-de-las-calles\/#primaryimage"},"thumbnailUrl":"http:\/\/www.diariofemenino.com.ar\/wp-content\/uploads\/view_vuoto-las-mujeres-son-un-eslabon-fundamental-para-la-construccion-de-la-sociedad_10475.jpg","datePublished":"2012-08-16T03:20:26+00:00","breadcrumb":{"@id":"https:\/\/diariofemenino.com.ar\/df\/nombre-de-destacadas-mujeres-en-el-50-de-las-calles\/#breadcrumb"},"inLanguage":"es","potentialAction":[{"@type":"ReadAction","target":["https:\/\/diariofemenino.com.ar\/df\/nombre-de-destacadas-mujeres-en-el-50-de-las-calles\/"]}]},{"@type":"ImageObject","inLanguage":"es","@id":"https:\/\/diariofemenino.com.ar\/df\/nombre-de-destacadas-mujeres-en-el-50-de-las-calles\/#primaryimage","url":"http:\/\/www.diariofemenino.com.ar\/wp-content\/uploads\/view_vuoto-las-mujeres-son-un-eslabon-fundamental-para-la-construccion-de-la-sociedad_10475.jpg","contentUrl":"http:\/\/www.diariofemenino.com.ar\/wp-content\/uploads\/view_vuoto-las-mujeres-son-un-eslabon-fundamental-para-la-construccion-de-la-sociedad_10475.jpg"},{"@type":"BreadcrumbList","@id":"https:\/\/diariofemenino.com.ar\/df\/nombre-de-destacadas-mujeres-en-el-50-de-las-calles\/#breadcrumb","itemListElement":[{"@type":"ListItem","position":1,"name":"Portada","item":"https:\/\/diariofemenino.com.ar\/df\/"},{"@type":"ListItem","position":2,"name":"Nombre de destacadas mujeres en el 50% de las calles"}]},{"@type":"WebSite","@id":"https:\/\/diariofemenino.com.ar\/df\/#website","url":"https:\/\/diariofemenino.com.ar\/df\/","name":"Diario Digital Femenino","description":"Cuesti\u00f3n de G\u00e9nero","publisher":{"@id":"https:\/\/diariofemenino.com.ar\/df\/#organization"},"potentialAction":[{"@type":"SearchAction","target":{"@type":"EntryPoint","urlTemplate":"https:\/\/diariofemenino.com.ar\/df\/?s={search_term_string}"},"query-input":{"@type":"PropertyValueSpecification","valueRequired":true,"valueName":"search_term_string"}}],"inLanguage":"es"},{"@type":"Organization","@id":"https:\/\/diariofemenino.com.ar\/df\/#organization","name":"Diario Femenino","url":"https:\/\/diariofemenino.com.ar\/df\/","logo":{"@type":"ImageObject","inLanguage":"es","@id":"https:\/\/diariofemenino.com.ar\/df\/#\/schema\/logo\/image\/","url":"https:\/\/diariofemenino.com.ar\/df\/wp-content\/uploads\/2018\/10\/logo.png","contentUrl":"https:\/\/diariofemenino.com.ar\/df\/wp-content\/uploads\/2018\/10\/logo.png","width":500,"height":92,"caption":"Diario Femenino"},"image":{"@id":"https:\/\/diariofemenino.com.ar\/df\/#\/schema\/logo\/image\/"},"sameAs":["https:\/\/www.facebook.com\/DiarioDigitaFemenino\/","https:\/\/x.com\/DiarioFemenino1"]},{"@type":"Person","@id":"https:\/\/diariofemenino.com.ar\/df\/#\/schema\/person\/38f54b3bfd13f561de2460ba95c169c6","name":"Admin","image":{"@type":"ImageObject","inLanguage":"es","@id":"https:\/\/diariofemenino.com.ar\/df\/wp-content\/uploads\/2018\/12\/favicon-150x150.jpg","url":"https:\/\/diariofemenino.com.ar\/df\/wp-content\/uploads\/2018\/12\/favicon-150x150.jpg","contentUrl":"https:\/\/diariofemenino.com.ar\/df\/wp-content\/uploads\/2018\/12\/favicon-150x150.jpg","caption":"Admin"},"url":"https:\/\/diariofemenino.com.ar\/df\/author\/adm18df\/"}]}},"jetpack_featured_media_url":"","jetpack_sharing_enabled":true,"rttpg_featured_image_url":null,"rttpg_author":{"display_name":"Admin","author_link":"https:\/\/diariofemenino.com.ar\/df\/author\/adm18df\/"},"rttpg_comment":0,"rttpg_category":"<a href=\"https:\/\/diariofemenino.com.ar\/df\/category\/medios\/\" rel=\"category tag\">Medios<\/a>","rttpg_excerpt":"&nbsp; Vuoto: \u00abLas Mujeres son un eslab\u00f3n fundamental para la construcci\u00f3n de la sociedad\u201d &nbsp; &nbsp; &nbsp; &nbsp; &nbsp; &nbsp; &nbsp; &nbsp; &nbsp; &nbsp; &nbsp; &nbsp; &nbsp; Se trasform\u00f3 en ordenanza la iniciativa elaborada por el referente de La C\u00e1mpora Tierra del Fuego y Concejal del FPV Walter vuoto, es por ello que el 50&hellip;","_links":{"self":[{"href":"https:\/\/diariofemenino.com.ar\/df\/wp-json\/wp\/v2\/posts\/3190","targetHints":{"allow":["GET"]}}],"collection":[{"href":"https:\/\/diariofemenino.com.ar\/df\/wp-json\/wp\/v2\/posts"}],"about":[{"href":"https:\/\/diariofemenino.com.ar\/df\/wp-json\/wp\/v2\/types\/post"}],"author":[{"embeddable":true,"href":"https:\/\/diariofemenino.com.ar\/df\/wp-json\/wp\/v2\/users\/1"}],"replies":[{"embeddable":true,"href":"https:\/\/diariofemenino.com.ar\/df\/wp-json\/wp\/v2\/comments?post=3190"}],"version-history":[{"count":0,"href":"https:\/\/diariofemenino.com.ar\/df\/wp-json\/wp\/v2\/posts\/3190\/revisions"}],"wp:attachment":[{"href":"https:\/\/diariofemenino.com.ar\/df\/wp-json\/wp\/v2\/media?parent=3190"}],"wp:term":[{"taxonomy":"category","embeddable":true,"href":"https:\/\/diariofemenino.com.ar\/df\/wp-json\/wp\/v2\/categories?post=3190"},{"taxonomy":"post_tag","embeddable":true,"href":"https:\/\/diariofemenino.com.ar\/df\/wp-json\/wp\/v2\/tags?post=3190"}],"curies":[{"name":"wp","href":"https:\/\/api.w.org\/{rel}","templated":true}]}}