{"id":31770,"date":"2019-02-11T16:18:57","date_gmt":"2019-02-11T19:18:57","guid":{"rendered":"https:\/\/diariofemenino.com.ar\/?p=31770"},"modified":"2019-02-11T16:18:57","modified_gmt":"2019-02-11T19:18:57","slug":"lanzan-campana-para-prevenir-acosos-en-los-corsos-portenos","status":"publish","type":"post","link":"https:\/\/diariofemenino.com.ar\/df\/lanzan-campana-para-prevenir-acosos-en-los-corsos-portenos\/","title":{"rendered":"Lanzan campa\u00f1a para prevenir acosos en los corsos porte\u00f1os"},"content":{"rendered":"<p>Arrancaron los corsos en la Ciudad de Buenos Aires y la organizaci\u00f3n pol\u00edtica Seamos Libres , en conjunto con corseros y murgas, lanzaron la campa\u00f1a #CorsosLibresdeAcoso para actuar frente a situaciones de violencia hacia mujeres, lesbianas, trans y travestis durante estos festejos.<\/p>\n<p>La campa\u00f1a consta de dos partes: la realizaci\u00f3n de formaciones sobre seguridad con perspectiva de g\u00e9nero para los y las trabajadoras de prevenci\u00f3n de los corsos y la difusi\u00f3n de materiales para visibilizar y erradicar la violencia de g\u00e9nero y el acoso durante los corsos. En dicho material se se\u00f1ala: \u201cEl carnaval porte\u00f1o es una gran fiesta popular. Todxs tenemos los mismos derechos a ser libres, celebrar el encuentro y divertirnos. Aqu\u00ed no hay lugar para los prejuicios, lo que prima es el consentimiento, elegir c\u00f3mo y con qui\u00e9n bailar y compartir. Construir un corso libre de acoso es responsabilidad de todxs\u201d<\/p>\n<p>Jonathan Thea, dirigente de Seamos Libres e impulsor de la propuesta, expres\u00f3: \u201cLos corsos porte\u00f1os son un s\u00edmbolo de cultura popular y tradici\u00f3n, por eso es importante que todas y todos podamos compartir y disfrutar de esta fiesta, pero tambi\u00e9n cuidarnos y cuidar al otro\u201d.<\/p>\n<p>Durante este primer fin de semana, la campa\u00f1a se realiz\u00f3 en los corsos de Boedo, Almagro, Palermo y Paternal. En las pr\u00f3ximas semanas, m\u00e1s corsos se sumar\u00e1n al despliegue.<\/p>\n<p>Por \u00faltimo, Thea agreg\u00f3 \u201cEsta campa\u00f1a la venimos realizando a pulm\u00f3n con compa\u00f1eras y compa\u00f1eros que con profesionalismo y voluntad la llevan a cabo, pero sabemos que para erradicar la violencia contra las mujeres, este tipo de actividades deber\u00eda ser una pol\u00edtica del gobierno de la ciudad\u201d.<\/p>\n<p>&nbsp;<\/p>\n<p>Fuente: <a href=\"https:\/\/www.datadiario.com\/2019\/02\/06\/lanzan-campana-para-prevenir-acosos-en-los-corsos-portenos\/\">Data Diario<\/a><\/p>\n","protected":false},"excerpt":{"rendered":"<p>Arrancaron los corsos en la Ciudad de Buenos Aires y la organizaci\u00f3n pol\u00edtica Seamos Libres , en conjunto con corseros y murgas, lanzaron la campa\u00f1a #CorsosLibresdeAcoso para actuar frente a situaciones de violencia hacia mujeres, lesbianas, trans y travestis durante estos festejos. La campa\u00f1a consta de dos partes: la realizaci\u00f3n de formaciones sobre seguridad con [&hellip;]<\/p>\n","protected":false},"author":3,"featured_media":31772,"comment_status":"open","ping_status":"open","sticky":false,"template":"","format":"standard","meta":{"iawp_total_views":2,"footnotes":""},"categories":[7],"tags":[91,130,138],"class_list":["post-31770","post","type-post","status-publish","format-standard","has-post-thumbnail","hentry","category-actividades","tag-acoso","tag-mujeres","tag-violencia"],"nelio_content":{"autoShareEndMode":"never","automationSources":{"useCustomSentences":false,"customSentences":[]},"efiAlt":"","efiUrl":"","followers":[3],"highlights":[],"isAutoShareEnabled":true,"networkImageIds":[],"permalinkQueryArgs":[],"series":[],"suggestedReferences":[]},"yoast_head":"<!-- This site is optimized with the Yoast SEO plugin v27.5 - https:\/\/yoast.com\/product\/yoast-seo-wordpress\/ -->\n<title>Lanzan campa\u00f1a para prevenir acosos en los corsos porte\u00f1os - Diario Digital Femenino<\/title>\n<meta name=\"description\" content=\"La organizaci\u00f3n Seamos Libres , en conjunto con corseros y murgas, lanzaron la campa\u00f1a #CorsosLibresdeAcoso para actuar frente a situaciones de violencia .\" \/>\n<meta name=\"robots\" content=\"index, follow, max-snippet:-1, max-image-preview:large, max-video-preview:-1\" \/>\n<link rel=\"canonical\" href=\"https:\/\/diariofemenino.com.ar\/df\/lanzan-campana-para-prevenir-acosos-en-los-corsos-portenos\/\" \/>\n<meta property=\"og:locale\" content=\"es_ES\" \/>\n<meta property=\"og:type\" content=\"article\" \/>\n<meta property=\"og:title\" content=\"Lanzan campa\u00f1a para prevenir acosos en los corsos porte\u00f1os - Diario Digital Femenino\" \/>\n<meta property=\"og:description\" content=\"La organizaci\u00f3n Seamos Libres , en conjunto con corseros y murgas, lanzaron la campa\u00f1a #CorsosLibresdeAcoso para actuar frente a situaciones de violencia .\" \/>\n<meta property=\"og:url\" content=\"https:\/\/diariofemenino.com.ar\/df\/lanzan-campana-para-prevenir-acosos-en-los-corsos-portenos\/\" \/>\n<meta property=\"og:site_name\" content=\"Diario Digital Femenino\" \/>\n<meta property=\"article:publisher\" content=\"https:\/\/www.facebook.com\/DiarioDigitaFemenino\/\" \/>\n<meta property=\"article:published_time\" content=\"2019-02-11T19:18:57+00:00\" \/>\n<meta property=\"og:image\" content=\"https:\/\/diariofemenino.com.ar\/df\/wp-content\/uploads\/2019\/02\/carnaval_buenos_aires.jpg\" \/>\n\t<meta property=\"og:image:width\" content=\"310\" \/>\n\t<meta property=\"og:image:height\" content=\"205\" \/>\n\t<meta property=\"og:image:type\" content=\"image\/jpeg\" \/>\n<meta name=\"author\" content=\"Admin\" \/>\n<meta name=\"twitter:card\" content=\"summary_large_image\" \/>\n<meta name=\"twitter:creator\" content=\"@DiarioFemenino1\" \/>\n<meta name=\"twitter:site\" content=\"@DiarioFemenino1\" \/>\n<meta name=\"twitter:label1\" content=\"Escrito por\" \/>\n\t<meta name=\"twitter:data1\" content=\"Admin\" \/>\n\t<meta name=\"twitter:label2\" content=\"Tiempo de lectura\" \/>\n\t<meta name=\"twitter:data2\" content=\"1 minuto\" \/>\n<script type=\"application\/ld+json\" class=\"yoast-schema-graph\">{\"@context\":\"https:\\\/\\\/schema.org\",\"@graph\":[{\"@type\":\"Article\",\"@id\":\"https:\\\/\\\/diariofemenino.com.ar\\\/df\\\/lanzan-campana-para-prevenir-acosos-en-los-corsos-portenos\\\/#article\",\"isPartOf\":{\"@id\":\"https:\\\/\\\/diariofemenino.com.ar\\\/df\\\/lanzan-campana-para-prevenir-acosos-en-los-corsos-portenos\\\/\"},\"author\":{\"name\":\"Admin\",\"@id\":\"https:\\\/\\\/diariofemenino.com.ar\\\/df\\\/#\\\/schema\\\/person\\\/1c36bc3bf394d8ec320814298b4fdd3f\"},\"headline\":\"Lanzan campa\u00f1a para prevenir acosos en los corsos porte\u00f1os\",\"datePublished\":\"2019-02-11T19:18:57+00:00\",\"mainEntityOfPage\":{\"@id\":\"https:\\\/\\\/diariofemenino.com.ar\\\/df\\\/lanzan-campana-para-prevenir-acosos-en-los-corsos-portenos\\\/\"},\"wordCount\":306,\"commentCount\":0,\"publisher\":{\"@id\":\"https:\\\/\\\/diariofemenino.com.ar\\\/df\\\/#organization\"},\"image\":{\"@id\":\"https:\\\/\\\/diariofemenino.com.ar\\\/df\\\/lanzan-campana-para-prevenir-acosos-en-los-corsos-portenos\\\/#primaryimage\"},\"thumbnailUrl\":\"https:\\\/\\\/diariofemenino.com.ar\\\/df\\\/wp-content\\\/uploads\\\/2019\\\/02\\\/carnaval_buenos_aires.jpg\",\"keywords\":[\"Acoso\",\"Mujeres\",\"Violencia\"],\"articleSection\":[\"Actividades\"],\"inLanguage\":\"es\",\"potentialAction\":[{\"@type\":\"CommentAction\",\"name\":\"Comment\",\"target\":[\"https:\\\/\\\/diariofemenino.com.ar\\\/df\\\/lanzan-campana-para-prevenir-acosos-en-los-corsos-portenos\\\/#respond\"]}]},{\"@type\":\"WebPage\",\"@id\":\"https:\\\/\\\/diariofemenino.com.ar\\\/df\\\/lanzan-campana-para-prevenir-acosos-en-los-corsos-portenos\\\/\",\"url\":\"https:\\\/\\\/diariofemenino.com.ar\\\/df\\\/lanzan-campana-para-prevenir-acosos-en-los-corsos-portenos\\\/\",\"name\":\"Lanzan campa\u00f1a para prevenir acosos en los corsos porte\u00f1os - Diario Digital Femenino\",\"isPartOf\":{\"@id\":\"https:\\\/\\\/diariofemenino.com.ar\\\/df\\\/#website\"},\"primaryImageOfPage\":{\"@id\":\"https:\\\/\\\/diariofemenino.com.ar\\\/df\\\/lanzan-campana-para-prevenir-acosos-en-los-corsos-portenos\\\/#primaryimage\"},\"image\":{\"@id\":\"https:\\\/\\\/diariofemenino.com.ar\\\/df\\\/lanzan-campana-para-prevenir-acosos-en-los-corsos-portenos\\\/#primaryimage\"},\"thumbnailUrl\":\"https:\\\/\\\/diariofemenino.com.ar\\\/df\\\/wp-content\\\/uploads\\\/2019\\\/02\\\/carnaval_buenos_aires.jpg\",\"datePublished\":\"2019-02-11T19:18:57+00:00\",\"description\":\"La organizaci\u00f3n Seamos Libres , en conjunto con corseros y murgas, lanzaron la campa\u00f1a #CorsosLibresdeAcoso para actuar frente a situaciones de violencia .\",\"breadcrumb\":{\"@id\":\"https:\\\/\\\/diariofemenino.com.ar\\\/df\\\/lanzan-campana-para-prevenir-acosos-en-los-corsos-portenos\\\/#breadcrumb\"},\"inLanguage\":\"es\",\"potentialAction\":[{\"@type\":\"ReadAction\",\"target\":[\"https:\\\/\\\/diariofemenino.com.ar\\\/df\\\/lanzan-campana-para-prevenir-acosos-en-los-corsos-portenos\\\/\"]}]},{\"@type\":\"ImageObject\",\"inLanguage\":\"es\",\"@id\":\"https:\\\/\\\/diariofemenino.com.ar\\\/df\\\/lanzan-campana-para-prevenir-acosos-en-los-corsos-portenos\\\/#primaryimage\",\"url\":\"https:\\\/\\\/diariofemenino.com.ar\\\/df\\\/wp-content\\\/uploads\\\/2019\\\/02\\\/carnaval_buenos_aires.jpg\",\"contentUrl\":\"https:\\\/\\\/diariofemenino.com.ar\\\/df\\\/wp-content\\\/uploads\\\/2019\\\/02\\\/carnaval_buenos_aires.jpg\",\"width\":310,\"height\":205},{\"@type\":\"BreadcrumbList\",\"@id\":\"https:\\\/\\\/diariofemenino.com.ar\\\/df\\\/lanzan-campana-para-prevenir-acosos-en-los-corsos-portenos\\\/#breadcrumb\",\"itemListElement\":[{\"@type\":\"ListItem\",\"position\":1,\"name\":\"Portada\",\"item\":\"https:\\\/\\\/diariofemenino.com.ar\\\/df\\\/\"},{\"@type\":\"ListItem\",\"position\":2,\"name\":\"Lanzan campa\u00f1a para prevenir acosos en los corsos porte\u00f1os\"}]},{\"@type\":\"WebSite\",\"@id\":\"https:\\\/\\\/diariofemenino.com.ar\\\/df\\\/#website\",\"url\":\"https:\\\/\\\/diariofemenino.com.ar\\\/df\\\/\",\"name\":\"Diario Digital Femenino\",\"description\":\"Cuesti\u00f3n de G\u00e9nero\",\"publisher\":{\"@id\":\"https:\\\/\\\/diariofemenino.com.ar\\\/df\\\/#organization\"},\"potentialAction\":[{\"@type\":\"SearchAction\",\"target\":{\"@type\":\"EntryPoint\",\"urlTemplate\":\"https:\\\/\\\/diariofemenino.com.ar\\\/df\\\/?s={search_term_string}\"},\"query-input\":{\"@type\":\"PropertyValueSpecification\",\"valueRequired\":true,\"valueName\":\"search_term_string\"}}],\"inLanguage\":\"es\"},{\"@type\":\"Organization\",\"@id\":\"https:\\\/\\\/diariofemenino.com.ar\\\/df\\\/#organization\",\"name\":\"Diario Femenino\",\"url\":\"https:\\\/\\\/diariofemenino.com.ar\\\/df\\\/\",\"logo\":{\"@type\":\"ImageObject\",\"inLanguage\":\"es\",\"@id\":\"https:\\\/\\\/diariofemenino.com.ar\\\/df\\\/#\\\/schema\\\/logo\\\/image\\\/\",\"url\":\"https:\\\/\\\/diariofemenino.com.ar\\\/df\\\/wp-content\\\/uploads\\\/2018\\\/10\\\/logo.png\",\"contentUrl\":\"https:\\\/\\\/diariofemenino.com.ar\\\/df\\\/wp-content\\\/uploads\\\/2018\\\/10\\\/logo.png\",\"width\":500,\"height\":92,\"caption\":\"Diario Femenino\"},\"image\":{\"@id\":\"https:\\\/\\\/diariofemenino.com.ar\\\/df\\\/#\\\/schema\\\/logo\\\/image\\\/\"},\"sameAs\":[\"https:\\\/\\\/www.facebook.com\\\/DiarioDigitaFemenino\\\/\",\"https:\\\/\\\/x.com\\\/DiarioFemenino1\"]},{\"@type\":\"Person\",\"@id\":\"https:\\\/\\\/diariofemenino.com.ar\\\/df\\\/#\\\/schema\\\/person\\\/1c36bc3bf394d8ec320814298b4fdd3f\",\"name\":\"Admin\",\"image\":{\"@type\":\"ImageObject\",\"inLanguage\":\"es\",\"@id\":\"https:\\\/\\\/diariofemenino.com.ar\\\/df\\\/wp-content\\\/uploads\\\/2018\\\/12\\\/favicon-150x150.jpg\",\"url\":\"https:\\\/\\\/diariofemenino.com.ar\\\/df\\\/wp-content\\\/uploads\\\/2018\\\/12\\\/favicon-150x150.jpg\",\"contentUrl\":\"https:\\\/\\\/diariofemenino.com.ar\\\/df\\\/wp-content\\\/uploads\\\/2018\\\/12\\\/favicon-150x150.jpg\",\"caption\":\"Admin\"},\"url\":\"https:\\\/\\\/diariofemenino.com.ar\\\/df\\\/author\\\/sofiperez\\\/\"}]}<\/script>\n<!-- \/ Yoast SEO plugin. -->","yoast_head_json":{"title":"Lanzan campa\u00f1a para prevenir acosos en los corsos porte\u00f1os - Diario Digital Femenino","description":"La organizaci\u00f3n Seamos Libres , en conjunto con corseros y murgas, lanzaron la campa\u00f1a #CorsosLibresdeAcoso para actuar frente a situaciones de violencia .","robots":{"index":"index","follow":"follow","max-snippet":"max-snippet:-1","max-image-preview":"max-image-preview:large","max-video-preview":"max-video-preview:-1"},"canonical":"https:\/\/diariofemenino.com.ar\/df\/lanzan-campana-para-prevenir-acosos-en-los-corsos-portenos\/","og_locale":"es_ES","og_type":"article","og_title":"Lanzan campa\u00f1a para prevenir acosos en los corsos porte\u00f1os - Diario Digital Femenino","og_description":"La organizaci\u00f3n Seamos Libres , en conjunto con corseros y murgas, lanzaron la campa\u00f1a #CorsosLibresdeAcoso para actuar frente a situaciones de violencia .","og_url":"https:\/\/diariofemenino.com.ar\/df\/lanzan-campana-para-prevenir-acosos-en-los-corsos-portenos\/","og_site_name":"Diario Digital Femenino","article_publisher":"https:\/\/www.facebook.com\/DiarioDigitaFemenino\/","article_published_time":"2019-02-11T19:18:57+00:00","og_image":[{"width":310,"height":205,"url":"https:\/\/diariofemenino.com.ar\/df\/wp-content\/uploads\/2019\/02\/carnaval_buenos_aires.jpg","type":"image\/jpeg"}],"author":"Admin","twitter_card":"summary_large_image","twitter_creator":"@DiarioFemenino1","twitter_site":"@DiarioFemenino1","twitter_misc":{"Escrito por":"Admin","Tiempo de lectura":"1 minuto"},"schema":{"@context":"https:\/\/schema.org","@graph":[{"@type":"Article","@id":"https:\/\/diariofemenino.com.ar\/df\/lanzan-campana-para-prevenir-acosos-en-los-corsos-portenos\/#article","isPartOf":{"@id":"https:\/\/diariofemenino.com.ar\/df\/lanzan-campana-para-prevenir-acosos-en-los-corsos-portenos\/"},"author":{"name":"Admin","@id":"https:\/\/diariofemenino.com.ar\/df\/#\/schema\/person\/1c36bc3bf394d8ec320814298b4fdd3f"},"headline":"Lanzan campa\u00f1a para prevenir acosos en los corsos porte\u00f1os","datePublished":"2019-02-11T19:18:57+00:00","mainEntityOfPage":{"@id":"https:\/\/diariofemenino.com.ar\/df\/lanzan-campana-para-prevenir-acosos-en-los-corsos-portenos\/"},"wordCount":306,"commentCount":0,"publisher":{"@id":"https:\/\/diariofemenino.com.ar\/df\/#organization"},"image":{"@id":"https:\/\/diariofemenino.com.ar\/df\/lanzan-campana-para-prevenir-acosos-en-los-corsos-portenos\/#primaryimage"},"thumbnailUrl":"https:\/\/diariofemenino.com.ar\/df\/wp-content\/uploads\/2019\/02\/carnaval_buenos_aires.jpg","keywords":["Acoso","Mujeres","Violencia"],"articleSection":["Actividades"],"inLanguage":"es","potentialAction":[{"@type":"CommentAction","name":"Comment","target":["https:\/\/diariofemenino.com.ar\/df\/lanzan-campana-para-prevenir-acosos-en-los-corsos-portenos\/#respond"]}]},{"@type":"WebPage","@id":"https:\/\/diariofemenino.com.ar\/df\/lanzan-campana-para-prevenir-acosos-en-los-corsos-portenos\/","url":"https:\/\/diariofemenino.com.ar\/df\/lanzan-campana-para-prevenir-acosos-en-los-corsos-portenos\/","name":"Lanzan campa\u00f1a para prevenir acosos en los corsos porte\u00f1os - Diario Digital Femenino","isPartOf":{"@id":"https:\/\/diariofemenino.com.ar\/df\/#website"},"primaryImageOfPage":{"@id":"https:\/\/diariofemenino.com.ar\/df\/lanzan-campana-para-prevenir-acosos-en-los-corsos-portenos\/#primaryimage"},"image":{"@id":"https:\/\/diariofemenino.com.ar\/df\/lanzan-campana-para-prevenir-acosos-en-los-corsos-portenos\/#primaryimage"},"thumbnailUrl":"https:\/\/diariofemenino.com.ar\/df\/wp-content\/uploads\/2019\/02\/carnaval_buenos_aires.jpg","datePublished":"2019-02-11T19:18:57+00:00","description":"La organizaci\u00f3n Seamos Libres , en conjunto con corseros y murgas, lanzaron la campa\u00f1a #CorsosLibresdeAcoso para actuar frente a situaciones de violencia .","breadcrumb":{"@id":"https:\/\/diariofemenino.com.ar\/df\/lanzan-campana-para-prevenir-acosos-en-los-corsos-portenos\/#breadcrumb"},"inLanguage":"es","potentialAction":[{"@type":"ReadAction","target":["https:\/\/diariofemenino.com.ar\/df\/lanzan-campana-para-prevenir-acosos-en-los-corsos-portenos\/"]}]},{"@type":"ImageObject","inLanguage":"es","@id":"https:\/\/diariofemenino.com.ar\/df\/lanzan-campana-para-prevenir-acosos-en-los-corsos-portenos\/#primaryimage","url":"https:\/\/diariofemenino.com.ar\/df\/wp-content\/uploads\/2019\/02\/carnaval_buenos_aires.jpg","contentUrl":"https:\/\/diariofemenino.com.ar\/df\/wp-content\/uploads\/2019\/02\/carnaval_buenos_aires.jpg","width":310,"height":205},{"@type":"BreadcrumbList","@id":"https:\/\/diariofemenino.com.ar\/df\/lanzan-campana-para-prevenir-acosos-en-los-corsos-portenos\/#breadcrumb","itemListElement":[{"@type":"ListItem","position":1,"name":"Portada","item":"https:\/\/diariofemenino.com.ar\/df\/"},{"@type":"ListItem","position":2,"name":"Lanzan campa\u00f1a para prevenir acosos en los corsos porte\u00f1os"}]},{"@type":"WebSite","@id":"https:\/\/diariofemenino.com.ar\/df\/#website","url":"https:\/\/diariofemenino.com.ar\/df\/","name":"Diario Digital Femenino","description":"Cuesti\u00f3n de G\u00e9nero","publisher":{"@id":"https:\/\/diariofemenino.com.ar\/df\/#organization"},"potentialAction":[{"@type":"SearchAction","target":{"@type":"EntryPoint","urlTemplate":"https:\/\/diariofemenino.com.ar\/df\/?s={search_term_string}"},"query-input":{"@type":"PropertyValueSpecification","valueRequired":true,"valueName":"search_term_string"}}],"inLanguage":"es"},{"@type":"Organization","@id":"https:\/\/diariofemenino.com.ar\/df\/#organization","name":"Diario Femenino","url":"https:\/\/diariofemenino.com.ar\/df\/","logo":{"@type":"ImageObject","inLanguage":"es","@id":"https:\/\/diariofemenino.com.ar\/df\/#\/schema\/logo\/image\/","url":"https:\/\/diariofemenino.com.ar\/df\/wp-content\/uploads\/2018\/10\/logo.png","contentUrl":"https:\/\/diariofemenino.com.ar\/df\/wp-content\/uploads\/2018\/10\/logo.png","width":500,"height":92,"caption":"Diario Femenino"},"image":{"@id":"https:\/\/diariofemenino.com.ar\/df\/#\/schema\/logo\/image\/"},"sameAs":["https:\/\/www.facebook.com\/DiarioDigitaFemenino\/","https:\/\/x.com\/DiarioFemenino1"]},{"@type":"Person","@id":"https:\/\/diariofemenino.com.ar\/df\/#\/schema\/person\/1c36bc3bf394d8ec320814298b4fdd3f","name":"Admin","image":{"@type":"ImageObject","inLanguage":"es","@id":"https:\/\/diariofemenino.com.ar\/df\/wp-content\/uploads\/2018\/12\/favicon-150x150.jpg","url":"https:\/\/diariofemenino.com.ar\/df\/wp-content\/uploads\/2018\/12\/favicon-150x150.jpg","contentUrl":"https:\/\/diariofemenino.com.ar\/df\/wp-content\/uploads\/2018\/12\/favicon-150x150.jpg","caption":"Admin"},"url":"https:\/\/diariofemenino.com.ar\/df\/author\/sofiperez\/"}]}},"jetpack_featured_media_url":"https:\/\/diariofemenino.com.ar\/df\/wp-content\/uploads\/2019\/02\/carnaval_buenos_aires.jpg","jetpack_sharing_enabled":true,"rttpg_featured_image_url":{"full":["https:\/\/diariofemenino.com.ar\/df\/wp-content\/uploads\/2019\/02\/carnaval_buenos_aires.jpg",310,205,false],"landscape":["https:\/\/diariofemenino.com.ar\/df\/wp-content\/uploads\/2019\/02\/carnaval_buenos_aires.jpg",310,205,false],"portraits":["https:\/\/diariofemenino.com.ar\/df\/wp-content\/uploads\/2019\/02\/carnaval_buenos_aires.jpg",310,205,false],"thumbnail":["https:\/\/diariofemenino.com.ar\/df\/wp-content\/uploads\/2019\/02\/carnaval_buenos_aires-150x150.jpg",150,150,true],"medium":["https:\/\/diariofemenino.com.ar\/df\/wp-content\/uploads\/2019\/02\/carnaval_buenos_aires-300x198.jpg",300,198,true],"large":["https:\/\/diariofemenino.com.ar\/df\/wp-content\/uploads\/2019\/02\/carnaval_buenos_aires.jpg",310,205,false],"1536x1536":["https:\/\/diariofemenino.com.ar\/df\/wp-content\/uploads\/2019\/02\/carnaval_buenos_aires.jpg",310,205,false],"2048x2048":["https:\/\/diariofemenino.com.ar\/df\/wp-content\/uploads\/2019\/02\/carnaval_buenos_aires.jpg",310,205,false]},"rttpg_author":{"display_name":"Admin","author_link":"https:\/\/diariofemenino.com.ar\/df\/author\/sofiperez\/"},"rttpg_comment":0,"rttpg_category":"<a href=\"https:\/\/diariofemenino.com.ar\/df\/category\/actividades\/\" rel=\"category tag\">Actividades<\/a>","rttpg_excerpt":"Arrancaron los corsos en la Ciudad de Buenos Aires y la organizaci\u00f3n pol\u00edtica Seamos Libres , en conjunto con corseros y murgas, lanzaron la campa\u00f1a #CorsosLibresdeAcoso para actuar frente a situaciones de violencia hacia mujeres, lesbianas, trans y travestis durante estos festejos. La campa\u00f1a consta de dos partes: la realizaci\u00f3n de formaciones sobre seguridad con&hellip;","_links":{"self":[{"href":"https:\/\/diariofemenino.com.ar\/df\/wp-json\/wp\/v2\/posts\/31770","targetHints":{"allow":["GET"]}}],"collection":[{"href":"https:\/\/diariofemenino.com.ar\/df\/wp-json\/wp\/v2\/posts"}],"about":[{"href":"https:\/\/diariofemenino.com.ar\/df\/wp-json\/wp\/v2\/types\/post"}],"author":[{"embeddable":true,"href":"https:\/\/diariofemenino.com.ar\/df\/wp-json\/wp\/v2\/users\/3"}],"replies":[{"embeddable":true,"href":"https:\/\/diariofemenino.com.ar\/df\/wp-json\/wp\/v2\/comments?post=31770"}],"version-history":[{"count":0,"href":"https:\/\/diariofemenino.com.ar\/df\/wp-json\/wp\/v2\/posts\/31770\/revisions"}],"wp:featuredmedia":[{"embeddable":true,"href":"https:\/\/diariofemenino.com.ar\/df\/wp-json\/wp\/v2\/media\/31772"}],"wp:attachment":[{"href":"https:\/\/diariofemenino.com.ar\/df\/wp-json\/wp\/v2\/media?parent=31770"}],"wp:term":[{"taxonomy":"category","embeddable":true,"href":"https:\/\/diariofemenino.com.ar\/df\/wp-json\/wp\/v2\/categories?post=31770"},{"taxonomy":"post_tag","embeddable":true,"href":"https:\/\/diariofemenino.com.ar\/df\/wp-json\/wp\/v2\/tags?post=31770"}],"curies":[{"name":"wp","href":"https:\/\/api.w.org\/{rel}","templated":true}]}}