{"id":31739,"date":"2019-02-11T10:22:05","date_gmt":"2019-02-11T13:22:05","guid":{"rendered":"https:\/\/diariofemenino.com.ar\/?p=31739"},"modified":"2019-02-11T10:25:30","modified_gmt":"2019-02-11T13:25:30","slug":"insultar-en-redes-es-delito","status":"publish","type":"post","link":"https:\/\/diariofemenino.com.ar\/df\/insultar-en-redes-es-delito\/","title":{"rendered":"Insultar en redes es delito, y si te insultan as\u00ed es como debes actuar"},"content":{"rendered":"<h4 class=\"story-leaf-title col-xs-12 col-md-10\" style=\"text-align: center;\">Insultar en redes es delito, y si te insultan as\u00ed es como debes actuar<\/h4>\n<p>Por <a href=\"https:\/\/www.lavanguardia.com\/autores\/romina-valles.html\">Romina Vall\u00e9s<\/a><\/p>\n<p>Una popular influencer sube a Instagram una foto con su nuevo corte de pelo. Al momento, se multiplican por decenas los comentarios del tipo \u201cHorrible\u201d; \u201cAunque la mona se vista de seda\u2026\u201d; \u201cme sangran los ojos\u201d o \u201cqu\u00e9 mal me cae esta pava\u201d. En ese mismo instante, en el Facebook de La Vanguardia, se emite una entrevista en directo a un actor y humorista. Nada m\u00e1s empezar la conexi\u00f3n, aparecen en pantalla comentarios como \u201cTiene cara de haber estado de juerga la noche anterior\u201d; \u201cMenuda \u2018gilipoyez\u2019\u201d, as\u00ed escrito, o toda una ristra de comentarios de alto contenido sexual dirigidos a la periodista.<\/p>\n<p>En las siguientes capturas de pantalla, el lector puede comprobar c\u00f3mo estos ejemplos son casos reales y leer los comentarios que acabamos de mencionar, adem\u00e1s de otros.<\/p>\n<p>El hater, traducido literalmente como \u201codiador\u201d, es aquel que ataca con comentarios negativos\/ofensivos a alguien a trav\u00e9s de las redes sociales. Sin m\u00e1s. Porque aquel personaje p\u00fablico le cae mal, porque no comparte sus ideas o por el motivo que sea. Hay decenas de casos de personajes famosos que han sufrido estos ataques. Solo algunos ejemplos: la bloguera Lovely Pepa recibi\u00f3 ataques en bloque durante a\u00f1os a trav\u00e9s de un foro de una publicaci\u00f3n de moda. La influencer Dulceida fue duramente criticada en su Instagram por ponerse un vestido que dejaba al descubierto sus piernas en la pasada gala de los Goya. Aitana de O.T. se encontr\u00f3 con despiadados comentarios al publicar su primer libro.<\/p>\n<div id=\"hybs-mslot-b398df30-0\" class=\"hybs-mslot\"><\/div>\n<figure class=\"story-leaf-body-image\"><img decoding=\"async\" class=\"img-responsive\" src=\"https:\/\/www.lavanguardia.com\/r\/GODO\/LV\/p5\/WebSite\/2018\/12\/15\/Recortada\/img_abarredo_20181216-125819_imagenes_lv_terceros_download_9-kL3E--656x220@LaVanguardia-Web.jpeg\" alt=\"Comentarios en Instagram de Laura Escanes\" \/><figcaption>Comentarios en Instagram de Laura Escanes (LV)<\/figcaption>&nbsp;<\/figure>\n<figure class=\"story-leaf-body-image\"><img decoding=\"async\" class=\"img-responsive\" src=\"https:\/\/www.lavanguardia.com\/r\/GODO\/LV\/p5\/WebSite\/2018\/12\/15\/Recortada\/img_abarredo_20181216-125848_imagenes_lv_terceros_download_10-kL3E--656x259@LaVanguardia-Web.jpeg\" alt=\"Emisi\u00f3n en directo La Vanguardia\" \/><figcaption>Emisi\u00f3n en directo La Vanguardia (LV)<\/figcaption><\/figure>\n<div id=\"google_ads_iframe_\/55964524\/lv_detalle\/tecnologia\/n_7__container__\"><iframe id=\"google_ads_iframe_\/55964524\/lv_detalle\/tecnologia\/n_7\" title=\"3rd party ad content\" name=\"google_ads_iframe_\/55964524\/lv_detalle\/tecnologia\/n_7\" width=\"300\" height=\"0\" frameborder=\"0\" marginwidth=\"0\" marginheight=\"0\" scrolling=\"no\" data-google-container-id=\"8\" data-load-complete=\"true\" data-mce-fragment=\"1\"><\/iframe><\/div>\n<p>&nbsp;<\/p>\n<figure class=\"story-leaf-body-image\"><img decoding=\"async\" class=\"img-responsive\" src=\"https:\/\/www.lavanguardia.com\/r\/GODO\/LV\/p5\/WebSite\/2018\/12\/15\/Recortada\/img_abarredo_20181216-125849_imagenes_lv_terceros_download_11-kL3E--656x269@LaVanguardia-Web.jpeg\" alt=\"Emisi\u00f3n en directo La Vanguardia\" \/><figcaption>Emisi\u00f3n en directo La Vanguardia (LV)<\/figcaption><\/figure>\n<p>Se suman los casos de Youtubers que han tenido que pedir respeto en varias ocasiones a su audiencia. Incluso est\u00e1n esas terceras personas que han sufrido palos virtuales por acciones ajenas a ellas, como por ejemplo, la novia de Dani Mateo, Yasmina Paiman, que recibi\u00f3 un aluvi\u00f3n de ataques en su Instagram por el mero hecho de ser la pareja del humorista que se son\u00f3 con la bandera espa\u00f1ola.<\/p>\n<p>El hater act\u00faa escudado por una pantalla de ordenador o de m\u00f3vil, \u201csin ser consciente de las consecuencias de sus ataques. Porque las tienen, y pueden ser muy graves\u201d, explica Sara Garc\u00eda Ant\u00fanez, abogada de Stop Haters, la primera asociaci\u00f3n creada hace apenas un a\u00f1o para defender a las personas afectadas por el acoso en internet. En ese tiempo ya han recibido m\u00e1s de 1300 peticiones de ayuda contra el ciberacoso.<\/p>\n<figure class=\"story-leaf-body-image\"><img decoding=\"async\" class=\"img-responsive\" src=\"https:\/\/www.lavanguardia.com\/r\/GODO\/LV\/p5\/WebSite\/2018\/12\/15\/Recortada\/img_abarredo_20181216-125734_imagenes_lv_terceros_aitana-kL3E--656x352@LaVanguardia-Web.jpeg\" alt=\"Instagram de Aitana\" \/><\/p>\n<div class=\"seedtag-gohan seedtag-adunit st-in-image\">\n<div class=\"st-container\"><\/div>\n<\/div><figcaption>Instagram de Aitana (LV)<\/figcaption>&nbsp;<\/figure>\n<p>\u201cEl hater, cuando ataca m\u00e1s de tres veces, ya sea en el perfil de la v\u00edctima, por email o en sus propias redes (ofendiendo, haciendo un llamamiento contra la v\u00edctima o contra un colectivo, por ejemplo, el LGTB) es denunciable, porque entonces ya se considera acoso, y eso es un delito\u201d, explica Garc\u00eda. As\u00ed, una cosa es opinar -algo que puede molestar al receptor- y la otra ofender de forma reiterada para denigrar e injuriar, o sea, atentar contra la dignidad e integridad f\u00edsica o moral o la reputaci\u00f3n de la v\u00edctima -bastante m\u00e1s all\u00e1 de la mera molestia-.<\/p>\n<blockquote><p>\u201cSi el hater ataca m\u00e1s de tres veces se consideran delito\u201d<\/p><\/blockquote>\n<p>\u201cNos encontramos de todo, desde una cuenta que roba fotos a alguien para hacerse un perfil de Badoo u otra red social para ligar, a un perfil que constantemente acusa de maltratador o estafador a alguien. Estos casos no son demasiado graves, pero a veces nos llegan personas realmente asustadas, como una chica que recib\u00eda fotos de un individuo desde la puerta del trabajo de ella, de su casa, de los sitios que la joven frecuentaba, y le dec\u00eda \u2018mira d\u00f3nde estoy, estoy aqu\u00ed mismo\u2019. Resulta que \u00e9l ni siquiera viv\u00eda en Espa\u00f1a. Lo que pasaba es que ella pon\u00eda sus ubicaciones en Instagram, entonces \u00e9l iba a Google Maps y cog\u00eda las fotos de esos mismos sitios y se las mandaba. Para que veas que realmente no somos conscientes de la informaci\u00f3n personal que publicamos en nuestras redes sociales. Al final, nos pusimos en contacto con el acosador, le dijimos que sab\u00edamos lo que estaba haciendo y que emprender\u00edamos acciones legales. Se muri\u00f3 de miedo y desapareci\u00f3\u201d, explica Sara.<\/p>\n<p><strong>\u00bfY c\u00f3mo se localiza al hater?<\/strong><\/p>\n<p>Pues es muy f\u00e1cil, m\u00e1s de lo que pensamos. Hoy en d\u00eda, con la direcci\u00f3n IP (un n\u00famero asociado a nuestra red de internet, para que nos entendamos) se puede descubrir cualquier pastel, se puede saber el origen de cualquier cosa que escribas en internet, un comentario, un email, una foto\u2026porque absolutamente todo queda registrado. Dejamos un rastro virtual, estamos asociados a un email desde donde hemos creado un perfil, a una geolocalizaci\u00f3n\u2026 etc. Adem\u00e1s, hay m\u00e1s factores que nos pueden dar pistas: \u201cTodo hater tipo tiene un perfil falso y otro real y siempre, siempre se acaban conectando por lo que sea: por la IP, por el tipo de comentarios, por las horas de publicaci\u00f3n, por el uso del mismo lenguaje, hasta por las mismas faltas de ortograf\u00eda\u2026 Muy profesional tiene que ser el hater para no ser desenmascarado\u201d.<\/p>\n<p>Y una vez desenmascarado, sucede algo \u201csorprendente\u201d, seg\u00fan la abogada: \u201cHay algunos que, ante nuestro toque de alarma, no contestan, aunque no es lo m\u00e1s frecuente; otros se enfadan como si aquello no fuera con ellos y entonces les tienes que explicar un poco m\u00e1s las consecuencias de sus actos. Pero, por lo general, cuando al acosador le preguntas: \u2018\u00bfSi a esta persona la tuvieras delante, cara a cara, le dir\u00edas lo mismo?\u2019, la respuesta es rotunda: \u2018No\u2019. As\u00ed que no lo vuelve a hacer, deja de acosar\u201d.<\/p>\n<blockquote><p>\u201cPensamos que en internet podemos hacer todo lo que queramos pero estamos absolutamente controlados\u201d<\/p><\/blockquote>\n<p>El problema de este ciberacoso es que muchas veces no se es consciente de que se est\u00e1 sufriendo hasta que es demasiado tarde. \u201cNuestra asociaci\u00f3n naci\u00f3 precisamente por eso, para concienciar de este peligro y para guiar a la v\u00edctima, adem\u00e1s de darle apoyo psicol\u00f3gico, recopilar informaci\u00f3n y certificarla por un perito, y decidir qu\u00e9 procedimiento se tira adelante (denuncia o querella -proceso judicial m\u00e1s complejo-). A veces, o no se tienen pruebas suficientes para aportar a la Polic\u00eda Nacional, que es quien investiga estos casos, y otras hay \u201cpruebas\u201d, entre comillas, porque carecen de valor judicial\u201d, dice Sara.<\/p>\n<p>He aqu\u00ed algunas capturas de pantalla aportadas por las v\u00edctimas a Stop Haters. Entre otras cosas, podemos ver c\u00f3mo un hater insulta dura y repetidamente a un usuario de Instagram o a una persona enviando wasaps sin cesar a la nueva pareja de su ex en que ataca y acusa a este de maltratador.<\/p>\n<figure class=\"story-leaf-body-image\"><img decoding=\"async\" class=\"img-responsive\" src=\"https:\/\/www.lavanguardia.com\/r\/GODO\/LV\/p5\/WebSite\/2018\/12\/15\/Recortada\/img_abarredo_20181215-172120_imagenes_lv_terceros_download_6-kLCI--656x389@LaVanguardia-Web.jpeg\" alt=\"Odio en redes sociales\" \/><\/p>\n<div class=\"seedtag-gohan seedtag-adunit st-in-image\">\n<div class=\"st-container\"><\/div>\n<\/div>\n<\/figure>\n<p><strong>\u00bfQu\u00e9 hay que hacer ante los ataques en redes sociales?<\/strong><\/p>\n<p>\u201cLo primero es responder al hater y decirle que no nos ha gustado su comentario, email, la acci\u00f3n que sea y que deje de hacerlo. Eso tendr\u00e1 validez si luego necesitamos denunciar: ser\u00e1 un hecho feaciente que hemos rechazado ese comportamiento. Luego, hay que evitar alimentar m\u00e1s al troll, y no volver a contestarle por mucho que siga atacando. Si sigue, entonces tenemos que bloquearlo. Y si a\u00fan as\u00ed, sigue atacando, ah\u00ed entonces hay que denunciar no solo a la polic\u00eda sino a ese perfil, denunci\u00e1ndolo\/report\u00e1ndolo en la red social que sea, todas ofrecen esa opci\u00f3n\u201d.<\/p>\n<p><strong>Detr\u00e1s del hater<\/strong><\/p>\n<p>Pero, \u00bfqui\u00e9n se esconde realmente detr\u00e1s de un hater (su objetivo es degradar, hacer bajar la autoestima, perjudicar a alguien), troll (solo comenta por molestar un rato pero no suele ir a m\u00e1s) o ciberacosador (es reincidente)? Intentamos construir su retrato robot con la ayuda de un psic\u00f3logo.<\/p>\n<p>\u201cHablar de un perfil de hater es complicado porque no es como hablar, por ejemplo, de un perfil de un drogadicto. Pero lo que est\u00e1 claro es que son personas que se esconden detr\u00e1s de una pantalla para cometer ese tipo de acoso. Machacan por machacar, digas blanco o digas negro, Y lo hacen sistem\u00e1ticamente\u201d, explica Marc Masip, psic\u00f3logo especializado en redes sociales y director del programa Deconect@, cuyo objetivo es que los j\u00f3venes aprendan a hacer un uso adecuado del m\u00f3vil, las redes sociales y los videojuegos.<\/p>\n<blockquote><p>\u201cUn hater suele ser una persona cobarde. Alguien altamente frustrado que, posiblemente tenga pocos intereses o cosas que hacer en la vida\u201d<\/p><\/blockquote>\n<p>\u201cAs\u00ed, un hater es, para empezar, una persona cobarde. T\u00fa puedes hacer una cr\u00edtica de cualquier cosa, que, en principio, deber\u00eda ser constructiva, aunque sabemos que, por desgracia, no es as\u00ed. Para el hater no existe la constructividad: \u00e9l va m\u00e1s all\u00e1: critica y persigue desde la cobard\u00eda que implica tener una pantalla de por medio. Suele ser alguien altamente frustrado que, posiblemente tenga pocos intereses o cosas que hacer en su vida anodina (laboral, social, de pareja\u2026). Esto se junta con una baja autoestima. Y mucho tiempo libre. Por eso puede estar tan pendiente de las redes sociales y de su v\u00edctima o v\u00edctimas\u201d.<\/p>\n<p><strong>El ciberacoso es un delito penal que puede acarrear c\u00e1rcel, con penas de prisi\u00f3n de tres meses a dos a\u00f1os, o multa de seis a 24 meses<\/strong><\/p>\n<p>El que la acci\u00f3n del hater no vaya a m\u00e1s, depende tambi\u00e9n, seg\u00fan Masip, de nuestra responsabilidad en las redes sociales: \u201cEs penoso que un ataque virtual se haga divertido y que la gente a veces promueva a estos haters compartiendo sus ataques, retuiteando, dando un me gusta\u2026 solo por hacer broma. Cuando damos bombo a los haters, estamos haciendo de haters. Deber\u00edan existir leyes m\u00e1s duras que condenen nuestro mal comportamiento tecnol\u00f3gico. Si conduces con el m\u00f3vil te quitan seis puntos, \u00bfverdad?. Pues tendr\u00eda que ser lo mismo en las infracciones de internet\u201d. A eso vamos a continuaci\u00f3n. \u00bfQu\u00e9 castigo tiene insultar en internet?<\/p>\n<p><strong>El castigo a los haters<\/strong><\/p>\n<p>El ciberacoso es un delito penal. Puede acarrear c\u00e1rcel, con penas de prisi\u00f3n de tres meses a dos a\u00f1os, o multa de seis a 24 meses. La pena variar\u00e1 en funci\u00f3n de los agravantes de cada caso. Si las injurias est\u00e1n hechas con publicidad (si se propagan en una red social), la pena ser\u00e1 mayor. El stalking, por ejemplo, (vigilancia de una persona, contacto o intento de contacto con la misma, uso indebido de los datos personales de un tercero o un atentado contra la libertad personal) puede conllevar una pena de 3 meses a 2 a\u00f1os de prisi\u00f3n, o una multa de 6 a 24 meses. El sexting (env\u00edo de contenidos sexuales que posteriormente son difundidos sin consentimiento) pueden ser de 3 meses a un a\u00f1o de prisi\u00f3n, o una multa de 6 a 12 meses, pena que se ampl\u00eda de 2 a 5 a\u00f1os de prisi\u00f3n en los casos de difusi\u00f3n de im\u00e1genes que se hayan obtenido sin el consentimiento de la v\u00edctima.<\/p>\n<p><strong>La soluci\u00f3n<\/strong><\/p>\n<p>\u201cQuiero pensar que la soluci\u00f3n est\u00e1 en la educaci\u00f3n\u201d, explica Sara Garc\u00eda de Stop Haters. \u201cLos menores deben ser conscientes de que desde detr\u00e1s de una pantalla se puede hacer el mismo da\u00f1o que en persona. Los adultos tienen que entender de una vez por todas que no se pueden apoyar en la libertad de expresi\u00f3n para insultar, que tu libertad de expresi\u00f3n termina donde empieza la m\u00eda, y que insultar es un delito. Lo alentador es que cada vez tenemos m\u00e1s llamadas de colegios y eso me parece muy relevante porque significa que la propia sociedad quiere saber qu\u00e9 est\u00e1 pasando aqu\u00ed\u201d.<\/p>\n<blockquote><p>\u201cLos menores deben saber que desde detr\u00e1s de una pantalla se puede hacer el mismo da\u00f1o que en persona. Los adultos, entender que no se pueden apoyar en la libertad de expresi\u00f3n para insultar\u201d<\/p><\/blockquote>\n<p>Otra de las soluciones para acabar con los haters es la prevenci\u00f3n: \u201cUbicarte en determinado lugar cuando est\u00e1s de vacaciones es pon\u00e9rselo a huevo a los amigos de los ajeno\u201d. Aunque sea de caj\u00f3n, a veces parece que nos vaya la vida en el hecho de ubicarnos. \u201cHay que tener cuidado con esto, ya seas famoso o no. A veces nos vienen influencers, actores, personajes famosos\u2026 a consultarnos y siempre les decimos lo mismo: \u2018\u00bfEs realmente importante que pongas tu ubicaci\u00f3n cuando asistes a tal o cual evento?\u2019\u201d.<\/p>\n<p>Adem\u00e1s, es b\u00e1sico leerse el apartado de \u201cPrivacidad\u201d que hay en cualquier red social o evitar responder a mensajes de desconocidos, sobre todo si se ve claramente que tienen un fin sexual. El sentido com\u00fan, ese gran olvidado muchas veces, es el mejor aliado, tanto de las v\u00edctimas potenciales de un hater, como del propio hater: sabiendo ahora que su acci\u00f3n es delito, mejor contar hasta diez antes de odiar.<\/p>\n<p><a href=\"https:\/\/www.lavanguardia.com\/tecnologia\/20181216\/453556967580\/insultar-redes-acoso-denuncia.html\">La Vanguardia<\/a><\/p>\n","protected":false},"excerpt":{"rendered":"<p>Insultar en redes es delito, y si te insultan as\u00ed es como debes actuar Por Romina Vall\u00e9s Una popular influencer sube a Instagram una foto con su nuevo corte de pelo. Al momento, se multiplican por decenas los comentarios del tipo \u201cHorrible\u201d; \u201cAunque la mona se vista de seda\u2026\u201d; \u201cme sangran los ojos\u201d o \u201cqu\u00e9 [&hellip;]<\/p>\n","protected":false},"author":4,"featured_media":31741,"comment_status":"open","ping_status":"open","sticky":false,"template":"","format":"standard","meta":{"iawp_total_views":183,"footnotes":""},"categories":[7],"tags":[743,742],"class_list":["post-31739","post","type-post","status-publish","format-standard","has-post-thumbnail","hentry","category-actividades","tag-hater","tag-insultar-en-redes"],"nelio_content":{"autoShareEndMode":"never","automationSources":{"useCustomSentences":false,"customSentences":[]},"efiAlt":"","efiUrl":"","followers":[4],"highlights":[],"isAutoShareEnabled":true,"networkImageIds":[],"permalinkQueryArgs":[],"series":[],"suggestedReferences":[]},"yoast_head":"<!-- This site is optimized with the Yoast SEO plugin v27.5 - https:\/\/yoast.com\/product\/yoast-seo-wordpress\/ -->\n<title>Insultar en redes es delito, y si te insultan as\u00ed es como debes actuar - Diario Digital Femenino<\/title>\n<meta name=\"description\" content=\"Insultar en redes es delito, y si te insultan as\u00ed es como debes actuar. Un retrato robot psicol\u00f3gico del hater y explicamos c\u00f3mo protegerse de sus ataques\" \/>\n<meta name=\"robots\" content=\"index, follow, max-snippet:-1, max-image-preview:large, max-video-preview:-1\" \/>\n<link rel=\"canonical\" href=\"https:\/\/diariofemenino.com.ar\/df\/insultar-en-redes-es-delito\/\" \/>\n<meta property=\"og:locale\" content=\"es_ES\" \/>\n<meta property=\"og:type\" content=\"article\" \/>\n<meta property=\"og:title\" content=\"Insultar en redes es delito, y si te insultan as\u00ed es como debes actuar - Diario Digital Femenino\" \/>\n<meta property=\"og:description\" content=\"Insultar en redes es delito, y si te insultan as\u00ed es como debes actuar. Un retrato robot psicol\u00f3gico del hater y explicamos c\u00f3mo protegerse de sus ataques\" \/>\n<meta property=\"og:url\" content=\"https:\/\/diariofemenino.com.ar\/df\/insultar-en-redes-es-delito\/\" \/>\n<meta property=\"og:site_name\" content=\"Diario Digital Femenino\" \/>\n<meta property=\"article:publisher\" content=\"https:\/\/www.facebook.com\/DiarioDigitaFemenino\/\" \/>\n<meta property=\"article:published_time\" content=\"2019-02-11T13:22:05+00:00\" \/>\n<meta property=\"article:modified_time\" content=\"2019-02-11T13:25:30+00:00\" \/>\n<meta property=\"og:image\" content=\"https:\/\/diariofemenino.com.ar\/df\/wp-content\/uploads\/2019\/02\/img_econcejo_20180713-110159_imagenes_lv_terceros_istock-935941772_4_5_868235502-kLCI-U4535569675804oH-992x558@LaVanguardia-Web.jpg\" \/>\n\t<meta property=\"og:image:width\" content=\"992\" \/>\n\t<meta property=\"og:image:height\" content=\"558\" \/>\n\t<meta property=\"og:image:type\" content=\"image\/jpeg\" \/>\n<meta name=\"author\" content=\"Admin\" \/>\n<meta name=\"twitter:card\" content=\"summary_large_image\" \/>\n<meta name=\"twitter:creator\" content=\"@DiarioFemenino1\" \/>\n<meta name=\"twitter:site\" content=\"@DiarioFemenino1\" \/>\n<meta name=\"twitter:label1\" content=\"Escrito por\" \/>\n\t<meta name=\"twitter:data1\" content=\"Admin\" \/>\n\t<meta name=\"twitter:label2\" content=\"Tiempo de lectura\" \/>\n\t<meta name=\"twitter:data2\" content=\"11 minutos\" \/>\n<script type=\"application\/ld+json\" class=\"yoast-schema-graph\">{\"@context\":\"https:\\\/\\\/schema.org\",\"@graph\":[{\"@type\":\"Article\",\"@id\":\"https:\\\/\\\/diariofemenino.com.ar\\\/df\\\/insultar-en-redes-es-delito\\\/#article\",\"isPartOf\":{\"@id\":\"https:\\\/\\\/diariofemenino.com.ar\\\/df\\\/insultar-en-redes-es-delito\\\/\"},\"author\":{\"name\":\"Admin\",\"@id\":\"https:\\\/\\\/diariofemenino.com.ar\\\/df\\\/#\\\/schema\\\/person\\\/bf6199e8158c657ea6f789b11ec85509\"},\"headline\":\"Insultar en redes es delito, y si te insultan as\u00ed es como debes actuar\",\"datePublished\":\"2019-02-11T13:22:05+00:00\",\"dateModified\":\"2019-02-11T13:25:30+00:00\",\"mainEntityOfPage\":{\"@id\":\"https:\\\/\\\/diariofemenino.com.ar\\\/df\\\/insultar-en-redes-es-delito\\\/\"},\"wordCount\":2228,\"commentCount\":0,\"publisher\":{\"@id\":\"https:\\\/\\\/diariofemenino.com.ar\\\/df\\\/#organization\"},\"image\":{\"@id\":\"https:\\\/\\\/diariofemenino.com.ar\\\/df\\\/insultar-en-redes-es-delito\\\/#primaryimage\"},\"thumbnailUrl\":\"https:\\\/\\\/diariofemenino.com.ar\\\/df\\\/wp-content\\\/uploads\\\/2019\\\/02\\\/img_econcejo_20180713-110159_imagenes_lv_terceros_istock-935941772_4_5_868235502-kLCI-U4535569675804oH-992x558@LaVanguardia-Web.jpg\",\"keywords\":[\"Hater\",\"Insultar en redes\"],\"articleSection\":[\"Actividades\"],\"inLanguage\":\"es\",\"potentialAction\":[{\"@type\":\"CommentAction\",\"name\":\"Comment\",\"target\":[\"https:\\\/\\\/diariofemenino.com.ar\\\/df\\\/insultar-en-redes-es-delito\\\/#respond\"]}]},{\"@type\":\"WebPage\",\"@id\":\"https:\\\/\\\/diariofemenino.com.ar\\\/df\\\/insultar-en-redes-es-delito\\\/\",\"url\":\"https:\\\/\\\/diariofemenino.com.ar\\\/df\\\/insultar-en-redes-es-delito\\\/\",\"name\":\"Insultar en redes es delito, y si te insultan as\u00ed es como debes actuar - Diario Digital Femenino\",\"isPartOf\":{\"@id\":\"https:\\\/\\\/diariofemenino.com.ar\\\/df\\\/#website\"},\"primaryImageOfPage\":{\"@id\":\"https:\\\/\\\/diariofemenino.com.ar\\\/df\\\/insultar-en-redes-es-delito\\\/#primaryimage\"},\"image\":{\"@id\":\"https:\\\/\\\/diariofemenino.com.ar\\\/df\\\/insultar-en-redes-es-delito\\\/#primaryimage\"},\"thumbnailUrl\":\"https:\\\/\\\/diariofemenino.com.ar\\\/df\\\/wp-content\\\/uploads\\\/2019\\\/02\\\/img_econcejo_20180713-110159_imagenes_lv_terceros_istock-935941772_4_5_868235502-kLCI-U4535569675804oH-992x558@LaVanguardia-Web.jpg\",\"datePublished\":\"2019-02-11T13:22:05+00:00\",\"dateModified\":\"2019-02-11T13:25:30+00:00\",\"description\":\"Insultar en redes es delito, y si te insultan as\u00ed es como debes actuar. Un retrato robot psicol\u00f3gico del hater y explicamos c\u00f3mo protegerse de sus ataques\",\"breadcrumb\":{\"@id\":\"https:\\\/\\\/diariofemenino.com.ar\\\/df\\\/insultar-en-redes-es-delito\\\/#breadcrumb\"},\"inLanguage\":\"es\",\"potentialAction\":[{\"@type\":\"ReadAction\",\"target\":[\"https:\\\/\\\/diariofemenino.com.ar\\\/df\\\/insultar-en-redes-es-delito\\\/\"]}]},{\"@type\":\"ImageObject\",\"inLanguage\":\"es\",\"@id\":\"https:\\\/\\\/diariofemenino.com.ar\\\/df\\\/insultar-en-redes-es-delito\\\/#primaryimage\",\"url\":\"https:\\\/\\\/diariofemenino.com.ar\\\/df\\\/wp-content\\\/uploads\\\/2019\\\/02\\\/img_econcejo_20180713-110159_imagenes_lv_terceros_istock-935941772_4_5_868235502-kLCI-U4535569675804oH-992x558@LaVanguardia-Web.jpg\",\"contentUrl\":\"https:\\\/\\\/diariofemenino.com.ar\\\/df\\\/wp-content\\\/uploads\\\/2019\\\/02\\\/img_econcejo_20180713-110159_imagenes_lv_terceros_istock-935941772_4_5_868235502-kLCI-U4535569675804oH-992x558@LaVanguardia-Web.jpg\",\"width\":992,\"height\":558,\"caption\":\"Insultar en redes es delito, y si te insultan as\u00ed es como debes actuar\"},{\"@type\":\"BreadcrumbList\",\"@id\":\"https:\\\/\\\/diariofemenino.com.ar\\\/df\\\/insultar-en-redes-es-delito\\\/#breadcrumb\",\"itemListElement\":[{\"@type\":\"ListItem\",\"position\":1,\"name\":\"Portada\",\"item\":\"https:\\\/\\\/diariofemenino.com.ar\\\/df\\\/\"},{\"@type\":\"ListItem\",\"position\":2,\"name\":\"Insultar en redes es delito, y si te insultan as\u00ed es como debes actuar\"}]},{\"@type\":\"WebSite\",\"@id\":\"https:\\\/\\\/diariofemenino.com.ar\\\/df\\\/#website\",\"url\":\"https:\\\/\\\/diariofemenino.com.ar\\\/df\\\/\",\"name\":\"Diario Digital Femenino\",\"description\":\"Cuesti\u00f3n de G\u00e9nero\",\"publisher\":{\"@id\":\"https:\\\/\\\/diariofemenino.com.ar\\\/df\\\/#organization\"},\"potentialAction\":[{\"@type\":\"SearchAction\",\"target\":{\"@type\":\"EntryPoint\",\"urlTemplate\":\"https:\\\/\\\/diariofemenino.com.ar\\\/df\\\/?s={search_term_string}\"},\"query-input\":{\"@type\":\"PropertyValueSpecification\",\"valueRequired\":true,\"valueName\":\"search_term_string\"}}],\"inLanguage\":\"es\"},{\"@type\":\"Organization\",\"@id\":\"https:\\\/\\\/diariofemenino.com.ar\\\/df\\\/#organization\",\"name\":\"Diario Femenino\",\"url\":\"https:\\\/\\\/diariofemenino.com.ar\\\/df\\\/\",\"logo\":{\"@type\":\"ImageObject\",\"inLanguage\":\"es\",\"@id\":\"https:\\\/\\\/diariofemenino.com.ar\\\/df\\\/#\\\/schema\\\/logo\\\/image\\\/\",\"url\":\"https:\\\/\\\/diariofemenino.com.ar\\\/df\\\/wp-content\\\/uploads\\\/2018\\\/10\\\/logo.png\",\"contentUrl\":\"https:\\\/\\\/diariofemenino.com.ar\\\/df\\\/wp-content\\\/uploads\\\/2018\\\/10\\\/logo.png\",\"width\":500,\"height\":92,\"caption\":\"Diario Femenino\"},\"image\":{\"@id\":\"https:\\\/\\\/diariofemenino.com.ar\\\/df\\\/#\\\/schema\\\/logo\\\/image\\\/\"},\"sameAs\":[\"https:\\\/\\\/www.facebook.com\\\/DiarioDigitaFemenino\\\/\",\"https:\\\/\\\/x.com\\\/DiarioFemenino1\"]},{\"@type\":\"Person\",\"@id\":\"https:\\\/\\\/diariofemenino.com.ar\\\/df\\\/#\\\/schema\\\/person\\\/bf6199e8158c657ea6f789b11ec85509\",\"name\":\"Admin\",\"image\":{\"@type\":\"ImageObject\",\"inLanguage\":\"es\",\"@id\":\"https:\\\/\\\/diariofemenino.com.ar\\\/df\\\/wp-content\\\/uploads\\\/2018\\\/12\\\/favicon-150x150.jpg\",\"url\":\"https:\\\/\\\/diariofemenino.com.ar\\\/df\\\/wp-content\\\/uploads\\\/2018\\\/12\\\/favicon-150x150.jpg\",\"contentUrl\":\"https:\\\/\\\/diariofemenino.com.ar\\\/df\\\/wp-content\\\/uploads\\\/2018\\\/12\\\/favicon-150x150.jpg\",\"caption\":\"Admin\"},\"url\":\"https:\\\/\\\/diariofemenino.com.ar\\\/df\\\/author\\\/lenny\\\/\"}]}<\/script>\n<!-- \/ Yoast SEO plugin. -->","yoast_head_json":{"title":"Insultar en redes es delito, y si te insultan as\u00ed es como debes actuar - Diario Digital Femenino","description":"Insultar en redes es delito, y si te insultan as\u00ed es como debes actuar. Un retrato robot psicol\u00f3gico del hater y explicamos c\u00f3mo protegerse de sus ataques","robots":{"index":"index","follow":"follow","max-snippet":"max-snippet:-1","max-image-preview":"max-image-preview:large","max-video-preview":"max-video-preview:-1"},"canonical":"https:\/\/diariofemenino.com.ar\/df\/insultar-en-redes-es-delito\/","og_locale":"es_ES","og_type":"article","og_title":"Insultar en redes es delito, y si te insultan as\u00ed es como debes actuar - Diario Digital Femenino","og_description":"Insultar en redes es delito, y si te insultan as\u00ed es como debes actuar. Un retrato robot psicol\u00f3gico del hater y explicamos c\u00f3mo protegerse de sus ataques","og_url":"https:\/\/diariofemenino.com.ar\/df\/insultar-en-redes-es-delito\/","og_site_name":"Diario Digital Femenino","article_publisher":"https:\/\/www.facebook.com\/DiarioDigitaFemenino\/","article_published_time":"2019-02-11T13:22:05+00:00","article_modified_time":"2019-02-11T13:25:30+00:00","og_image":[{"width":992,"height":558,"url":"https:\/\/diariofemenino.com.ar\/df\/wp-content\/uploads\/2019\/02\/img_econcejo_20180713-110159_imagenes_lv_terceros_istock-935941772_4_5_868235502-kLCI-U4535569675804oH-992x558@LaVanguardia-Web.jpg","type":"image\/jpeg"}],"author":"Admin","twitter_card":"summary_large_image","twitter_creator":"@DiarioFemenino1","twitter_site":"@DiarioFemenino1","twitter_misc":{"Escrito por":"Admin","Tiempo de lectura":"11 minutos"},"schema":{"@context":"https:\/\/schema.org","@graph":[{"@type":"Article","@id":"https:\/\/diariofemenino.com.ar\/df\/insultar-en-redes-es-delito\/#article","isPartOf":{"@id":"https:\/\/diariofemenino.com.ar\/df\/insultar-en-redes-es-delito\/"},"author":{"name":"Admin","@id":"https:\/\/diariofemenino.com.ar\/df\/#\/schema\/person\/bf6199e8158c657ea6f789b11ec85509"},"headline":"Insultar en redes es delito, y si te insultan as\u00ed es como debes actuar","datePublished":"2019-02-11T13:22:05+00:00","dateModified":"2019-02-11T13:25:30+00:00","mainEntityOfPage":{"@id":"https:\/\/diariofemenino.com.ar\/df\/insultar-en-redes-es-delito\/"},"wordCount":2228,"commentCount":0,"publisher":{"@id":"https:\/\/diariofemenino.com.ar\/df\/#organization"},"image":{"@id":"https:\/\/diariofemenino.com.ar\/df\/insultar-en-redes-es-delito\/#primaryimage"},"thumbnailUrl":"https:\/\/diariofemenino.com.ar\/df\/wp-content\/uploads\/2019\/02\/img_econcejo_20180713-110159_imagenes_lv_terceros_istock-935941772_4_5_868235502-kLCI-U4535569675804oH-992x558@LaVanguardia-Web.jpg","keywords":["Hater","Insultar en redes"],"articleSection":["Actividades"],"inLanguage":"es","potentialAction":[{"@type":"CommentAction","name":"Comment","target":["https:\/\/diariofemenino.com.ar\/df\/insultar-en-redes-es-delito\/#respond"]}]},{"@type":"WebPage","@id":"https:\/\/diariofemenino.com.ar\/df\/insultar-en-redes-es-delito\/","url":"https:\/\/diariofemenino.com.ar\/df\/insultar-en-redes-es-delito\/","name":"Insultar en redes es delito, y si te insultan as\u00ed es como debes actuar - Diario Digital Femenino","isPartOf":{"@id":"https:\/\/diariofemenino.com.ar\/df\/#website"},"primaryImageOfPage":{"@id":"https:\/\/diariofemenino.com.ar\/df\/insultar-en-redes-es-delito\/#primaryimage"},"image":{"@id":"https:\/\/diariofemenino.com.ar\/df\/insultar-en-redes-es-delito\/#primaryimage"},"thumbnailUrl":"https:\/\/diariofemenino.com.ar\/df\/wp-content\/uploads\/2019\/02\/img_econcejo_20180713-110159_imagenes_lv_terceros_istock-935941772_4_5_868235502-kLCI-U4535569675804oH-992x558@LaVanguardia-Web.jpg","datePublished":"2019-02-11T13:22:05+00:00","dateModified":"2019-02-11T13:25:30+00:00","description":"Insultar en redes es delito, y si te insultan as\u00ed es como debes actuar. Un retrato robot psicol\u00f3gico del hater y explicamos c\u00f3mo protegerse de sus ataques","breadcrumb":{"@id":"https:\/\/diariofemenino.com.ar\/df\/insultar-en-redes-es-delito\/#breadcrumb"},"inLanguage":"es","potentialAction":[{"@type":"ReadAction","target":["https:\/\/diariofemenino.com.ar\/df\/insultar-en-redes-es-delito\/"]}]},{"@type":"ImageObject","inLanguage":"es","@id":"https:\/\/diariofemenino.com.ar\/df\/insultar-en-redes-es-delito\/#primaryimage","url":"https:\/\/diariofemenino.com.ar\/df\/wp-content\/uploads\/2019\/02\/img_econcejo_20180713-110159_imagenes_lv_terceros_istock-935941772_4_5_868235502-kLCI-U4535569675804oH-992x558@LaVanguardia-Web.jpg","contentUrl":"https:\/\/diariofemenino.com.ar\/df\/wp-content\/uploads\/2019\/02\/img_econcejo_20180713-110159_imagenes_lv_terceros_istock-935941772_4_5_868235502-kLCI-U4535569675804oH-992x558@LaVanguardia-Web.jpg","width":992,"height":558,"caption":"Insultar en redes es delito, y si te insultan as\u00ed es como debes actuar"},{"@type":"BreadcrumbList","@id":"https:\/\/diariofemenino.com.ar\/df\/insultar-en-redes-es-delito\/#breadcrumb","itemListElement":[{"@type":"ListItem","position":1,"name":"Portada","item":"https:\/\/diariofemenino.com.ar\/df\/"},{"@type":"ListItem","position":2,"name":"Insultar en redes es delito, y si te insultan as\u00ed es como debes actuar"}]},{"@type":"WebSite","@id":"https:\/\/diariofemenino.com.ar\/df\/#website","url":"https:\/\/diariofemenino.com.ar\/df\/","name":"Diario Digital Femenino","description":"Cuesti\u00f3n de G\u00e9nero","publisher":{"@id":"https:\/\/diariofemenino.com.ar\/df\/#organization"},"potentialAction":[{"@type":"SearchAction","target":{"@type":"EntryPoint","urlTemplate":"https:\/\/diariofemenino.com.ar\/df\/?s={search_term_string}"},"query-input":{"@type":"PropertyValueSpecification","valueRequired":true,"valueName":"search_term_string"}}],"inLanguage":"es"},{"@type":"Organization","@id":"https:\/\/diariofemenino.com.ar\/df\/#organization","name":"Diario Femenino","url":"https:\/\/diariofemenino.com.ar\/df\/","logo":{"@type":"ImageObject","inLanguage":"es","@id":"https:\/\/diariofemenino.com.ar\/df\/#\/schema\/logo\/image\/","url":"https:\/\/diariofemenino.com.ar\/df\/wp-content\/uploads\/2018\/10\/logo.png","contentUrl":"https:\/\/diariofemenino.com.ar\/df\/wp-content\/uploads\/2018\/10\/logo.png","width":500,"height":92,"caption":"Diario Femenino"},"image":{"@id":"https:\/\/diariofemenino.com.ar\/df\/#\/schema\/logo\/image\/"},"sameAs":["https:\/\/www.facebook.com\/DiarioDigitaFemenino\/","https:\/\/x.com\/DiarioFemenino1"]},{"@type":"Person","@id":"https:\/\/diariofemenino.com.ar\/df\/#\/schema\/person\/bf6199e8158c657ea6f789b11ec85509","name":"Admin","image":{"@type":"ImageObject","inLanguage":"es","@id":"https:\/\/diariofemenino.com.ar\/df\/wp-content\/uploads\/2018\/12\/favicon-150x150.jpg","url":"https:\/\/diariofemenino.com.ar\/df\/wp-content\/uploads\/2018\/12\/favicon-150x150.jpg","contentUrl":"https:\/\/diariofemenino.com.ar\/df\/wp-content\/uploads\/2018\/12\/favicon-150x150.jpg","caption":"Admin"},"url":"https:\/\/diariofemenino.com.ar\/df\/author\/lenny\/"}]}},"jetpack_featured_media_url":"https:\/\/diariofemenino.com.ar\/df\/wp-content\/uploads\/2019\/02\/img_econcejo_20180713-110159_imagenes_lv_terceros_istock-935941772_4_5_868235502-kLCI-U4535569675804oH-992x558@LaVanguardia-Web.jpg","jetpack_sharing_enabled":true,"rttpg_featured_image_url":{"full":["https:\/\/diariofemenino.com.ar\/df\/wp-content\/uploads\/2019\/02\/img_econcejo_20180713-110159_imagenes_lv_terceros_istock-935941772_4_5_868235502-kLCI-U4535569675804oH-992x558@LaVanguardia-Web.jpg",992,558,false],"landscape":["https:\/\/diariofemenino.com.ar\/df\/wp-content\/uploads\/2019\/02\/img_econcejo_20180713-110159_imagenes_lv_terceros_istock-935941772_4_5_868235502-kLCI-U4535569675804oH-992x558@LaVanguardia-Web.jpg",992,558,false],"portraits":["https:\/\/diariofemenino.com.ar\/df\/wp-content\/uploads\/2019\/02\/img_econcejo_20180713-110159_imagenes_lv_terceros_istock-935941772_4_5_868235502-kLCI-U4535569675804oH-992x558@LaVanguardia-Web.jpg",992,558,false],"thumbnail":["https:\/\/diariofemenino.com.ar\/df\/wp-content\/uploads\/2019\/02\/img_econcejo_20180713-110159_imagenes_lv_terceros_istock-935941772_4_5_868235502-kLCI-U4535569675804oH-992x558@LaVanguardia-Web-150x150.jpg",150,150,true],"medium":["https:\/\/diariofemenino.com.ar\/df\/wp-content\/uploads\/2019\/02\/img_econcejo_20180713-110159_imagenes_lv_terceros_istock-935941772_4_5_868235502-kLCI-U4535569675804oH-992x558@LaVanguardia-Web-300x169.jpg",300,169,true],"large":["https:\/\/diariofemenino.com.ar\/df\/wp-content\/uploads\/2019\/02\/img_econcejo_20180713-110159_imagenes_lv_terceros_istock-935941772_4_5_868235502-kLCI-U4535569675804oH-992x558@LaVanguardia-Web.jpg",992,558,false],"1536x1536":["https:\/\/diariofemenino.com.ar\/df\/wp-content\/uploads\/2019\/02\/img_econcejo_20180713-110159_imagenes_lv_terceros_istock-935941772_4_5_868235502-kLCI-U4535569675804oH-992x558@LaVanguardia-Web.jpg",992,558,false],"2048x2048":["https:\/\/diariofemenino.com.ar\/df\/wp-content\/uploads\/2019\/02\/img_econcejo_20180713-110159_imagenes_lv_terceros_istock-935941772_4_5_868235502-kLCI-U4535569675804oH-992x558@LaVanguardia-Web.jpg",992,558,false]},"rttpg_author":{"display_name":"Admin","author_link":"https:\/\/diariofemenino.com.ar\/df\/author\/lenny\/"},"rttpg_comment":0,"rttpg_category":"<a href=\"https:\/\/diariofemenino.com.ar\/df\/category\/actividades\/\" rel=\"category tag\">Actividades<\/a>","rttpg_excerpt":"Insultar en redes es delito, y si te insultan as\u00ed es como debes actuar Por Romina Vall\u00e9s Una popular influencer sube a Instagram una foto con su nuevo corte de pelo. Al momento, se multiplican por decenas los comentarios del tipo \u201cHorrible\u201d; \u201cAunque la mona se vista de seda\u2026\u201d; \u201cme sangran los ojos\u201d o \u201cqu\u00e9&hellip;","_links":{"self":[{"href":"https:\/\/diariofemenino.com.ar\/df\/wp-json\/wp\/v2\/posts\/31739","targetHints":{"allow":["GET"]}}],"collection":[{"href":"https:\/\/diariofemenino.com.ar\/df\/wp-json\/wp\/v2\/posts"}],"about":[{"href":"https:\/\/diariofemenino.com.ar\/df\/wp-json\/wp\/v2\/types\/post"}],"author":[{"embeddable":true,"href":"https:\/\/diariofemenino.com.ar\/df\/wp-json\/wp\/v2\/users\/4"}],"replies":[{"embeddable":true,"href":"https:\/\/diariofemenino.com.ar\/df\/wp-json\/wp\/v2\/comments?post=31739"}],"version-history":[{"count":0,"href":"https:\/\/diariofemenino.com.ar\/df\/wp-json\/wp\/v2\/posts\/31739\/revisions"}],"wp:featuredmedia":[{"embeddable":true,"href":"https:\/\/diariofemenino.com.ar\/df\/wp-json\/wp\/v2\/media\/31741"}],"wp:attachment":[{"href":"https:\/\/diariofemenino.com.ar\/df\/wp-json\/wp\/v2\/media?parent=31739"}],"wp:term":[{"taxonomy":"category","embeddable":true,"href":"https:\/\/diariofemenino.com.ar\/df\/wp-json\/wp\/v2\/categories?post=31739"},{"taxonomy":"post_tag","embeddable":true,"href":"https:\/\/diariofemenino.com.ar\/df\/wp-json\/wp\/v2\/tags?post=31739"}],"curies":[{"name":"wp","href":"https:\/\/api.w.org\/{rel}","templated":true}]}}