{"id":31716,"date":"2019-02-09T23:28:22","date_gmt":"2019-02-10T02:28:22","guid":{"rendered":"https:\/\/diariofemenino.com.ar\/?p=31716"},"modified":"2019-02-09T23:29:11","modified_gmt":"2019-02-10T02:29:11","slug":"las-muertes-trans","status":"publish","type":"post","link":"https:\/\/diariofemenino.com.ar\/df\/las-muertes-trans\/","title":{"rendered":"Las muertes trans, por asesinatos o exclusi\u00f3n"},"content":{"rendered":"<div class=\"q_17juoqsc1o b_17juoql-rt clearfix\">\n<div class=\"clearfix w_17juoqsd4r\">\n<div class=\"clearfix _42ef\">\n<div class=\"x_17juoqsd4k\">\n<div>\n<div class=\"_6a _5u5j\">\n<div class=\"_6a _5u5j _6b\"><\/div>\n<\/div>\n<\/div>\n<\/div>\n<\/div>\n<\/div>\n<\/div>\n<div id=\"js_1qs\" class=\"_5pbx userContent _3576\" data-ft=\"{&quot;tn&quot;:&quot;K&quot;}\">\n<div id=\"id_5c5f87a6baccf0975409360\" class=\"text_exposed_root text_exposed\">\n<p>Las muertes trans, por asesinatos o exclusi\u00f3n en el sistema de salud, no ocupan lugar en la agenda pol\u00edtica del pa\u00eds. Solamente las activistas trans somos las que llevamos la cuenta de 15 muertes trans en Argentina en 39 d\u00edas del <a href=\"https:\/\/diariofemenino.com.ar\/estos-son-los-femicidas-y-transfemicidas\/\">2019<\/a>&#8230;<\/p>\n<p>\u00bfCr\u00edmenes de Odio?<\/p>\n<p>Se considera crimen de odio, a aquellos cr\u00edmenes que son motivados por el odio que el agresor siente hacia las caracter\u00edsticas f\u00edsicas de una v\u00edctima perteneciente al colectivo trans.<\/p>\n<p>Por\u00a0<a href=\"https:\/\/www.facebook.com\/profile.php?id=100014560659577&amp;__tn__=%2CdC-R-R&amp;eid=ARAj_XZ9MpsVZwQKi9tGS6rxjpJwvsKJw2zQqoBZSjJzeec0xNRnXiXiLZv21jkVdLv0LCEym3KNk4gi&amp;hc_ref=ARQ9mHarXQ5rKLrlSFxPBfkzIArW44W-DjgCEuarURSiD3i-9Z659QD36Lt1vlT7JKU&amp;fref=nf\" data-hovercard=\"\/ajax\/hovercard\/user.php?id=100014560659577&amp;extragetparams=%7B%22__tn__%22%3A%22%2CdC-R-R%22%2C%22eid%22%3A%22ARAj_XZ9MpsVZwQKi9tGS6rxjpJwvsKJw2zQqoBZSjJzeec0xNRnXiXiLZv21jkVdLv0LCEym3KNk4gi%22%2C%22hc_ref%22%3A%22ARQ9mHarXQ5rKLrlSFxPBfkzIArW44W-DjgCEuarURSiD3i-9Z659QD36Lt1vlT7JKU%22%2C%22fref%22%3A%22nf%22%7D\" data-hovercard-prefer-more-content-show=\"1\" data-hovercard-referer=\"ARQ9mHarXQ5rKLrlSFxPBfkzIArW44W-DjgCEuarURSiD3i-9Z659QD36Lt1vlT7JKU\">Beatriz Evelyn Silva *<\/a><\/p>\n<div id=\"js_1qs\" class=\"_5pbx userContent _3576\" data-ft=\"{&quot;tn&quot;:&quot;K&quot;}\">\n<div id=\"id_5c5f87a6baccf0975409360\" class=\"text_exposed_root text_exposed\">\n<p>01: Mariana Quinteros&#8230;<br \/>\nLa Rioja&#8230;<br \/>\n48 a\u00f1os de edad&#8230;<span class=\"text_exposed_show\"><br \/>\nFalleci\u00f3 el 01\/01\/2019 por enfermedad&#8230;<\/span><\/p>\n<div class=\"text_exposed_show\">\n<p>02: Jessica Paola Ochoa&#8230;<br \/>\nBuenos Aires&#8230;<br \/>\n36 a\u00f1os de edad&#8230;<br \/>\nFalleci\u00f3 el 04\/01\/2019 por enfermedad&#8230;<\/p>\n<p>03: Carolay&#8230;<br \/>\nBuenos Aires&#8230;<br \/>\n46 a\u00f1os de edad&#8230;<br \/>\nFalleci\u00f3 el 14\/01\/2019 por enfermedad&#8230;<\/p>\n<p>04: Yamile&#8230;<br \/>\nBuenos Aires&#8230;<br \/>\n24 a\u00f1os de edad&#8230;<br \/>\nFalleci\u00f3 el 17\/01\/2019 por enfermedad&#8230;<\/p>\n<p>05: Sandra Cantero&#8230;<br \/>\nSanta Fe&#8230;<br \/>\n56 a\u00f1os de edad&#8230;<br \/>\nFalleci\u00f3 el 19\/01\/2019 por enfermedad&#8230;<\/p>\n<p>06: Grace Gabriela Farias&#8230;<br \/>\nBuenos Aires&#8230;<br \/>\n57 a\u00f1os de edad&#8230;<br \/>\nFalleci\u00f3 el 23\/01\/2019 por enfermedad&#8230;<\/p>\n<p>07: Jessica Benavidez&#8230;<br \/>\nEntre R\u00edos&#8230;<br \/>\n33 a\u00f1os de edad&#8230;<br \/>\nFalleci\u00f3 el 24\/01\/2019 asesinada&#8230;<\/p>\n<p>08: Jessica Neira&#8230;<br \/>\nChubut&#8230;<br \/>\n56 a\u00f1os de edad&#8230;<br \/>\nFalleci\u00f3 el 25\/01\/2019 por enfermedad&#8230;<\/p>\n<p>09: Mirna Antonella Di Marzo&#8230;<br \/>\nSalta&#8230;<br \/>\n30 a\u00f1os de edad&#8230;<br \/>\nFalleci\u00f3 el 27\/01\/2019 asesinada&#8230;<\/p>\n<p>10: Luciana Anah\u00ed Huanuco&#8230;<br \/>\nBuenos Aires&#8230;<br \/>\n28 a\u00f1os de edad&#8230;<br \/>\nFalleci\u00f3 el 28\/01\/2019 por enfermedad&#8230;<\/p>\n<p>11: Laly Sonia Heredia&#8230;<br \/>\nBuenos Aires&#8230;<br \/>\n35 a\u00f1os de edad&#8230;<br \/>\nFalleci\u00f3 el 02\/02\/2019 asesinada&#8230;<\/p>\n<p>12: Polaca Chaparro&#8230;<br \/>\nSantiago del Estero&#8230;<br \/>\n60 a\u00f1os de edad&#8230;<br \/>\nFalleci\u00f3 el 06\/02\/2019 por enfermedad&#8230;<\/p>\n<p>13: Marimar Flores&#8230;<br \/>\nBuenos Aires&#8230;<br \/>\n29 a\u00f1os de edad&#8230;<br \/>\nFalleci\u00f3 el 07\/02\/2019 por enfermedad&#8230;<\/p>\n<p>14: Nicol Estrella Figueroa&#8230;<br \/>\nBuenos Aires&#8230;<br \/>\n22 a\u00f1os de edad&#8230;<br \/>\nFalleci\u00f3 el 07\/02\/2019 por enfermedad&#8230;<\/p>\n<p>15: Soe Caucota&#8230;<br \/>\nBuenos Aires&#8230;<br \/>\n33 a\u00f1os de edad&#8230;<br \/>\nFalleci\u00f3 el 08\/02\/2019 por enfermedad&#8230;<\/p>\n<\/div>\n<p>*Activista por la Igualdad de G\u00e9nero, Abolicionista y Luchadora por los Derechos de la Comunidad Trans<\/p>\n<p><img loading=\"lazy\" decoding=\"async\" class=\"aligncenter size-full wp-image-31717\" src=\"https:\/\/diariofemenino.com.ar\/df\/wp-content\/uploads\/2019\/02\/51571747_546648609163823_851974962947293184_n.jpg\" alt=\"Im\u00e1genes de mujeres trans muerta. Recopilaci\u00f3n de Beatriz Evelyn Silva\" width=\"960\" height=\"960\" srcset=\"https:\/\/diariofemenino.com.ar\/df\/wp-content\/uploads\/2019\/02\/51571747_546648609163823_851974962947293184_n.jpg 960w, https:\/\/diariofemenino.com.ar\/df\/wp-content\/uploads\/2019\/02\/51571747_546648609163823_851974962947293184_n-150x150.jpg 150w, https:\/\/diariofemenino.com.ar\/df\/wp-content\/uploads\/2019\/02\/51571747_546648609163823_851974962947293184_n-300x300.jpg 300w, https:\/\/diariofemenino.com.ar\/df\/wp-content\/uploads\/2019\/02\/51571747_546648609163823_851974962947293184_n-768x768.jpg 768w\" sizes=\"auto, (max-width: 960px) 100vw, 960px\" \/><\/p>\n<p>&nbsp;<\/p>\n<\/div>\n<\/div>\n<\/div>\n<\/div>\n","protected":false},"excerpt":{"rendered":"<p>Las muertes trans, por asesinatos o exclusi\u00f3n en el sistema de salud, no ocupan lugar en la agenda pol\u00edtica del pa\u00eds. Solamente las activistas trans somos las que llevamos la cuenta de 15 muertes trans en Argentina en 39 d\u00edas del 2019&#8230; \u00bfCr\u00edmenes de Odio? Se considera crimen de odio, a aquellos cr\u00edmenes que son [&hellip;]<\/p>\n","protected":false},"author":4,"featured_media":31717,"comment_status":"open","ping_status":"open","sticky":false,"template":"","format":"standard","meta":{"iawp_total_views":13,"footnotes":""},"categories":[21,23,592],"tags":[737,736],"class_list":["post-31716","post","type-post","status-publish","format-standard","has-post-thumbnail","hentry","category-noticias","category-salud","category-violencias","tag-beatriz-evelyn-silva","tag-las-muertes-trans"],"nelio_content":{"autoShareEndMode":"never","automationSources":{"useCustomSentences":false,"customSentences":[]},"efiAlt":"","efiUrl":"","followers":[4],"highlights":[],"isAutoShareEnabled":true,"networkImageIds":[],"permalinkQueryArgs":[],"series":[],"suggestedReferences":[]},"yoast_head":"<!-- This site is optimized with the Yoast SEO plugin v27.5 - https:\/\/yoast.com\/product\/yoast-seo-wordpress\/ -->\n<title>Las muertes trans, por asesinatos o exclusi\u00f3n - Diario Digital Femenino<\/title>\n<meta name=\"description\" content=\"Las muertes trans, por asesinatos o exclusi\u00f3n en el sistema de salud, no ocupan lugar en la agenda pol\u00edtica del pa\u00eds. Por Beatriz Evelyn Silva.\" \/>\n<meta name=\"robots\" content=\"index, follow, max-snippet:-1, max-image-preview:large, max-video-preview:-1\" \/>\n<link rel=\"canonical\" href=\"https:\/\/diariofemenino.com.ar\/df\/las-muertes-trans\/\" \/>\n<meta property=\"og:locale\" content=\"es_ES\" \/>\n<meta property=\"og:type\" content=\"article\" \/>\n<meta property=\"og:title\" content=\"Las muertes trans, por asesinatos o exclusi\u00f3n - Diario Digital Femenino\" \/>\n<meta property=\"og:description\" content=\"Las muertes trans, por asesinatos o exclusi\u00f3n en el sistema de salud, no ocupan lugar en la agenda pol\u00edtica del pa\u00eds. Por Beatriz Evelyn Silva.\" \/>\n<meta property=\"og:url\" content=\"https:\/\/diariofemenino.com.ar\/df\/las-muertes-trans\/\" \/>\n<meta property=\"og:site_name\" content=\"Diario Digital Femenino\" \/>\n<meta property=\"article:publisher\" content=\"https:\/\/www.facebook.com\/DiarioDigitaFemenino\/\" \/>\n<meta property=\"article:published_time\" content=\"2019-02-10T02:28:22+00:00\" \/>\n<meta property=\"article:modified_time\" content=\"2019-02-10T02:29:11+00:00\" \/>\n<meta property=\"og:image\" content=\"https:\/\/diariofemenino.com.ar\/df\/wp-content\/uploads\/2019\/02\/51571747_546648609163823_851974962947293184_n.jpg\" \/>\n\t<meta property=\"og:image:width\" content=\"960\" \/>\n\t<meta property=\"og:image:height\" content=\"960\" \/>\n\t<meta property=\"og:image:type\" content=\"image\/jpeg\" \/>\n<meta name=\"author\" content=\"Admin\" \/>\n<meta name=\"twitter:card\" content=\"summary_large_image\" \/>\n<meta name=\"twitter:creator\" content=\"@DiarioFemenino1\" \/>\n<meta name=\"twitter:site\" content=\"@DiarioFemenino1\" \/>\n<meta name=\"twitter:label1\" content=\"Escrito por\" \/>\n\t<meta name=\"twitter:data1\" content=\"Admin\" \/>\n\t<meta name=\"twitter:label2\" content=\"Tiempo de lectura\" \/>\n\t<meta name=\"twitter:data2\" content=\"1 minuto\" \/>\n<script type=\"application\/ld+json\" class=\"yoast-schema-graph\">{\"@context\":\"https:\\\/\\\/schema.org\",\"@graph\":[{\"@type\":\"Article\",\"@id\":\"https:\\\/\\\/diariofemenino.com.ar\\\/df\\\/las-muertes-trans\\\/#article\",\"isPartOf\":{\"@id\":\"https:\\\/\\\/diariofemenino.com.ar\\\/df\\\/las-muertes-trans\\\/\"},\"author\":{\"name\":\"Admin\",\"@id\":\"https:\\\/\\\/diariofemenino.com.ar\\\/df\\\/#\\\/schema\\\/person\\\/bf6199e8158c657ea6f789b11ec85509\"},\"headline\":\"Las muertes trans, por asesinatos o exclusi\u00f3n\",\"datePublished\":\"2019-02-10T02:28:22+00:00\",\"dateModified\":\"2019-02-10T02:29:11+00:00\",\"mainEntityOfPage\":{\"@id\":\"https:\\\/\\\/diariofemenino.com.ar\\\/df\\\/las-muertes-trans\\\/\"},\"wordCount\":292,\"commentCount\":0,\"publisher\":{\"@id\":\"https:\\\/\\\/diariofemenino.com.ar\\\/df\\\/#organization\"},\"image\":{\"@id\":\"https:\\\/\\\/diariofemenino.com.ar\\\/df\\\/las-muertes-trans\\\/#primaryimage\"},\"thumbnailUrl\":\"https:\\\/\\\/diariofemenino.com.ar\\\/df\\\/wp-content\\\/uploads\\\/2019\\\/02\\\/51571747_546648609163823_851974962947293184_n.jpg\",\"keywords\":[\"Beatriz Evelyn Silva\",\"Las muertes trans\"],\"articleSection\":[\"Noticias\",\"Salud\",\"Violencias\"],\"inLanguage\":\"es\",\"potentialAction\":[{\"@type\":\"CommentAction\",\"name\":\"Comment\",\"target\":[\"https:\\\/\\\/diariofemenino.com.ar\\\/df\\\/las-muertes-trans\\\/#respond\"]}]},{\"@type\":\"WebPage\",\"@id\":\"https:\\\/\\\/diariofemenino.com.ar\\\/df\\\/las-muertes-trans\\\/\",\"url\":\"https:\\\/\\\/diariofemenino.com.ar\\\/df\\\/las-muertes-trans\\\/\",\"name\":\"Las muertes trans, por asesinatos o exclusi\u00f3n - Diario Digital Femenino\",\"isPartOf\":{\"@id\":\"https:\\\/\\\/diariofemenino.com.ar\\\/df\\\/#website\"},\"primaryImageOfPage\":{\"@id\":\"https:\\\/\\\/diariofemenino.com.ar\\\/df\\\/las-muertes-trans\\\/#primaryimage\"},\"image\":{\"@id\":\"https:\\\/\\\/diariofemenino.com.ar\\\/df\\\/las-muertes-trans\\\/#primaryimage\"},\"thumbnailUrl\":\"https:\\\/\\\/diariofemenino.com.ar\\\/df\\\/wp-content\\\/uploads\\\/2019\\\/02\\\/51571747_546648609163823_851974962947293184_n.jpg\",\"datePublished\":\"2019-02-10T02:28:22+00:00\",\"dateModified\":\"2019-02-10T02:29:11+00:00\",\"description\":\"Las muertes trans, por asesinatos o exclusi\u00f3n en el sistema de salud, no ocupan lugar en la agenda pol\u00edtica del pa\u00eds. Por Beatriz Evelyn Silva.\",\"breadcrumb\":{\"@id\":\"https:\\\/\\\/diariofemenino.com.ar\\\/df\\\/las-muertes-trans\\\/#breadcrumb\"},\"inLanguage\":\"es\",\"potentialAction\":[{\"@type\":\"ReadAction\",\"target\":[\"https:\\\/\\\/diariofemenino.com.ar\\\/df\\\/las-muertes-trans\\\/\"]}]},{\"@type\":\"ImageObject\",\"inLanguage\":\"es\",\"@id\":\"https:\\\/\\\/diariofemenino.com.ar\\\/df\\\/las-muertes-trans\\\/#primaryimage\",\"url\":\"https:\\\/\\\/diariofemenino.com.ar\\\/df\\\/wp-content\\\/uploads\\\/2019\\\/02\\\/51571747_546648609163823_851974962947293184_n.jpg\",\"contentUrl\":\"https:\\\/\\\/diariofemenino.com.ar\\\/df\\\/wp-content\\\/uploads\\\/2019\\\/02\\\/51571747_546648609163823_851974962947293184_n.jpg\",\"width\":960,\"height\":960,\"caption\":\"Im\u00e1genes de mujeres trans muerta. Recopilaci\u00f3n de Beatriz Evelyn Silva\"},{\"@type\":\"BreadcrumbList\",\"@id\":\"https:\\\/\\\/diariofemenino.com.ar\\\/df\\\/las-muertes-trans\\\/#breadcrumb\",\"itemListElement\":[{\"@type\":\"ListItem\",\"position\":1,\"name\":\"Portada\",\"item\":\"https:\\\/\\\/diariofemenino.com.ar\\\/df\\\/\"},{\"@type\":\"ListItem\",\"position\":2,\"name\":\"Las muertes trans, por asesinatos o exclusi\u00f3n\"}]},{\"@type\":\"WebSite\",\"@id\":\"https:\\\/\\\/diariofemenino.com.ar\\\/df\\\/#website\",\"url\":\"https:\\\/\\\/diariofemenino.com.ar\\\/df\\\/\",\"name\":\"Diario Digital Femenino\",\"description\":\"Cuesti\u00f3n de G\u00e9nero\",\"publisher\":{\"@id\":\"https:\\\/\\\/diariofemenino.com.ar\\\/df\\\/#organization\"},\"potentialAction\":[{\"@type\":\"SearchAction\",\"target\":{\"@type\":\"EntryPoint\",\"urlTemplate\":\"https:\\\/\\\/diariofemenino.com.ar\\\/df\\\/?s={search_term_string}\"},\"query-input\":{\"@type\":\"PropertyValueSpecification\",\"valueRequired\":true,\"valueName\":\"search_term_string\"}}],\"inLanguage\":\"es\"},{\"@type\":\"Organization\",\"@id\":\"https:\\\/\\\/diariofemenino.com.ar\\\/df\\\/#organization\",\"name\":\"Diario Femenino\",\"url\":\"https:\\\/\\\/diariofemenino.com.ar\\\/df\\\/\",\"logo\":{\"@type\":\"ImageObject\",\"inLanguage\":\"es\",\"@id\":\"https:\\\/\\\/diariofemenino.com.ar\\\/df\\\/#\\\/schema\\\/logo\\\/image\\\/\",\"url\":\"https:\\\/\\\/diariofemenino.com.ar\\\/df\\\/wp-content\\\/uploads\\\/2018\\\/10\\\/logo.png\",\"contentUrl\":\"https:\\\/\\\/diariofemenino.com.ar\\\/df\\\/wp-content\\\/uploads\\\/2018\\\/10\\\/logo.png\",\"width\":500,\"height\":92,\"caption\":\"Diario Femenino\"},\"image\":{\"@id\":\"https:\\\/\\\/diariofemenino.com.ar\\\/df\\\/#\\\/schema\\\/logo\\\/image\\\/\"},\"sameAs\":[\"https:\\\/\\\/www.facebook.com\\\/DiarioDigitaFemenino\\\/\",\"https:\\\/\\\/x.com\\\/DiarioFemenino1\"]},{\"@type\":\"Person\",\"@id\":\"https:\\\/\\\/diariofemenino.com.ar\\\/df\\\/#\\\/schema\\\/person\\\/bf6199e8158c657ea6f789b11ec85509\",\"name\":\"Admin\",\"image\":{\"@type\":\"ImageObject\",\"inLanguage\":\"es\",\"@id\":\"https:\\\/\\\/diariofemenino.com.ar\\\/df\\\/wp-content\\\/uploads\\\/2018\\\/12\\\/favicon-150x150.jpg\",\"url\":\"https:\\\/\\\/diariofemenino.com.ar\\\/df\\\/wp-content\\\/uploads\\\/2018\\\/12\\\/favicon-150x150.jpg\",\"contentUrl\":\"https:\\\/\\\/diariofemenino.com.ar\\\/df\\\/wp-content\\\/uploads\\\/2018\\\/12\\\/favicon-150x150.jpg\",\"caption\":\"Admin\"},\"url\":\"https:\\\/\\\/diariofemenino.com.ar\\\/df\\\/author\\\/lenny\\\/\"}]}<\/script>\n<!-- \/ Yoast SEO plugin. -->","yoast_head_json":{"title":"Las muertes trans, por asesinatos o exclusi\u00f3n - Diario Digital Femenino","description":"Las muertes trans, por asesinatos o exclusi\u00f3n en el sistema de salud, no ocupan lugar en la agenda pol\u00edtica del pa\u00eds. Por Beatriz Evelyn Silva.","robots":{"index":"index","follow":"follow","max-snippet":"max-snippet:-1","max-image-preview":"max-image-preview:large","max-video-preview":"max-video-preview:-1"},"canonical":"https:\/\/diariofemenino.com.ar\/df\/las-muertes-trans\/","og_locale":"es_ES","og_type":"article","og_title":"Las muertes trans, por asesinatos o exclusi\u00f3n - Diario Digital Femenino","og_description":"Las muertes trans, por asesinatos o exclusi\u00f3n en el sistema de salud, no ocupan lugar en la agenda pol\u00edtica del pa\u00eds. Por Beatriz Evelyn Silva.","og_url":"https:\/\/diariofemenino.com.ar\/df\/las-muertes-trans\/","og_site_name":"Diario Digital Femenino","article_publisher":"https:\/\/www.facebook.com\/DiarioDigitaFemenino\/","article_published_time":"2019-02-10T02:28:22+00:00","article_modified_time":"2019-02-10T02:29:11+00:00","og_image":[{"width":960,"height":960,"url":"https:\/\/diariofemenino.com.ar\/df\/wp-content\/uploads\/2019\/02\/51571747_546648609163823_851974962947293184_n.jpg","type":"image\/jpeg"}],"author":"Admin","twitter_card":"summary_large_image","twitter_creator":"@DiarioFemenino1","twitter_site":"@DiarioFemenino1","twitter_misc":{"Escrito por":"Admin","Tiempo de lectura":"1 minuto"},"schema":{"@context":"https:\/\/schema.org","@graph":[{"@type":"Article","@id":"https:\/\/diariofemenino.com.ar\/df\/las-muertes-trans\/#article","isPartOf":{"@id":"https:\/\/diariofemenino.com.ar\/df\/las-muertes-trans\/"},"author":{"name":"Admin","@id":"https:\/\/diariofemenino.com.ar\/df\/#\/schema\/person\/bf6199e8158c657ea6f789b11ec85509"},"headline":"Las muertes trans, por asesinatos o exclusi\u00f3n","datePublished":"2019-02-10T02:28:22+00:00","dateModified":"2019-02-10T02:29:11+00:00","mainEntityOfPage":{"@id":"https:\/\/diariofemenino.com.ar\/df\/las-muertes-trans\/"},"wordCount":292,"commentCount":0,"publisher":{"@id":"https:\/\/diariofemenino.com.ar\/df\/#organization"},"image":{"@id":"https:\/\/diariofemenino.com.ar\/df\/las-muertes-trans\/#primaryimage"},"thumbnailUrl":"https:\/\/diariofemenino.com.ar\/df\/wp-content\/uploads\/2019\/02\/51571747_546648609163823_851974962947293184_n.jpg","keywords":["Beatriz Evelyn Silva","Las muertes trans"],"articleSection":["Noticias","Salud","Violencias"],"inLanguage":"es","potentialAction":[{"@type":"CommentAction","name":"Comment","target":["https:\/\/diariofemenino.com.ar\/df\/las-muertes-trans\/#respond"]}]},{"@type":"WebPage","@id":"https:\/\/diariofemenino.com.ar\/df\/las-muertes-trans\/","url":"https:\/\/diariofemenino.com.ar\/df\/las-muertes-trans\/","name":"Las muertes trans, por asesinatos o exclusi\u00f3n - Diario Digital Femenino","isPartOf":{"@id":"https:\/\/diariofemenino.com.ar\/df\/#website"},"primaryImageOfPage":{"@id":"https:\/\/diariofemenino.com.ar\/df\/las-muertes-trans\/#primaryimage"},"image":{"@id":"https:\/\/diariofemenino.com.ar\/df\/las-muertes-trans\/#primaryimage"},"thumbnailUrl":"https:\/\/diariofemenino.com.ar\/df\/wp-content\/uploads\/2019\/02\/51571747_546648609163823_851974962947293184_n.jpg","datePublished":"2019-02-10T02:28:22+00:00","dateModified":"2019-02-10T02:29:11+00:00","description":"Las muertes trans, por asesinatos o exclusi\u00f3n en el sistema de salud, no ocupan lugar en la agenda pol\u00edtica del pa\u00eds. Por Beatriz Evelyn Silva.","breadcrumb":{"@id":"https:\/\/diariofemenino.com.ar\/df\/las-muertes-trans\/#breadcrumb"},"inLanguage":"es","potentialAction":[{"@type":"ReadAction","target":["https:\/\/diariofemenino.com.ar\/df\/las-muertes-trans\/"]}]},{"@type":"ImageObject","inLanguage":"es","@id":"https:\/\/diariofemenino.com.ar\/df\/las-muertes-trans\/#primaryimage","url":"https:\/\/diariofemenino.com.ar\/df\/wp-content\/uploads\/2019\/02\/51571747_546648609163823_851974962947293184_n.jpg","contentUrl":"https:\/\/diariofemenino.com.ar\/df\/wp-content\/uploads\/2019\/02\/51571747_546648609163823_851974962947293184_n.jpg","width":960,"height":960,"caption":"Im\u00e1genes de mujeres trans muerta. Recopilaci\u00f3n de Beatriz Evelyn Silva"},{"@type":"BreadcrumbList","@id":"https:\/\/diariofemenino.com.ar\/df\/las-muertes-trans\/#breadcrumb","itemListElement":[{"@type":"ListItem","position":1,"name":"Portada","item":"https:\/\/diariofemenino.com.ar\/df\/"},{"@type":"ListItem","position":2,"name":"Las muertes trans, por asesinatos o exclusi\u00f3n"}]},{"@type":"WebSite","@id":"https:\/\/diariofemenino.com.ar\/df\/#website","url":"https:\/\/diariofemenino.com.ar\/df\/","name":"Diario Digital Femenino","description":"Cuesti\u00f3n de G\u00e9nero","publisher":{"@id":"https:\/\/diariofemenino.com.ar\/df\/#organization"},"potentialAction":[{"@type":"SearchAction","target":{"@type":"EntryPoint","urlTemplate":"https:\/\/diariofemenino.com.ar\/df\/?s={search_term_string}"},"query-input":{"@type":"PropertyValueSpecification","valueRequired":true,"valueName":"search_term_string"}}],"inLanguage":"es"},{"@type":"Organization","@id":"https:\/\/diariofemenino.com.ar\/df\/#organization","name":"Diario Femenino","url":"https:\/\/diariofemenino.com.ar\/df\/","logo":{"@type":"ImageObject","inLanguage":"es","@id":"https:\/\/diariofemenino.com.ar\/df\/#\/schema\/logo\/image\/","url":"https:\/\/diariofemenino.com.ar\/df\/wp-content\/uploads\/2018\/10\/logo.png","contentUrl":"https:\/\/diariofemenino.com.ar\/df\/wp-content\/uploads\/2018\/10\/logo.png","width":500,"height":92,"caption":"Diario Femenino"},"image":{"@id":"https:\/\/diariofemenino.com.ar\/df\/#\/schema\/logo\/image\/"},"sameAs":["https:\/\/www.facebook.com\/DiarioDigitaFemenino\/","https:\/\/x.com\/DiarioFemenino1"]},{"@type":"Person","@id":"https:\/\/diariofemenino.com.ar\/df\/#\/schema\/person\/bf6199e8158c657ea6f789b11ec85509","name":"Admin","image":{"@type":"ImageObject","inLanguage":"es","@id":"https:\/\/diariofemenino.com.ar\/df\/wp-content\/uploads\/2018\/12\/favicon-150x150.jpg","url":"https:\/\/diariofemenino.com.ar\/df\/wp-content\/uploads\/2018\/12\/favicon-150x150.jpg","contentUrl":"https:\/\/diariofemenino.com.ar\/df\/wp-content\/uploads\/2018\/12\/favicon-150x150.jpg","caption":"Admin"},"url":"https:\/\/diariofemenino.com.ar\/df\/author\/lenny\/"}]}},"jetpack_featured_media_url":"https:\/\/diariofemenino.com.ar\/df\/wp-content\/uploads\/2019\/02\/51571747_546648609163823_851974962947293184_n.jpg","jetpack_sharing_enabled":true,"rttpg_featured_image_url":{"full":["https:\/\/diariofemenino.com.ar\/df\/wp-content\/uploads\/2019\/02\/51571747_546648609163823_851974962947293184_n.jpg",960,960,false],"landscape":["https:\/\/diariofemenino.com.ar\/df\/wp-content\/uploads\/2019\/02\/51571747_546648609163823_851974962947293184_n.jpg",960,960,false],"portraits":["https:\/\/diariofemenino.com.ar\/df\/wp-content\/uploads\/2019\/02\/51571747_546648609163823_851974962947293184_n.jpg",960,960,false],"thumbnail":["https:\/\/diariofemenino.com.ar\/df\/wp-content\/uploads\/2019\/02\/51571747_546648609163823_851974962947293184_n-150x150.jpg",150,150,true],"medium":["https:\/\/diariofemenino.com.ar\/df\/wp-content\/uploads\/2019\/02\/51571747_546648609163823_851974962947293184_n-300x300.jpg",300,300,true],"large":["https:\/\/diariofemenino.com.ar\/df\/wp-content\/uploads\/2019\/02\/51571747_546648609163823_851974962947293184_n.jpg",960,960,false],"1536x1536":["https:\/\/diariofemenino.com.ar\/df\/wp-content\/uploads\/2019\/02\/51571747_546648609163823_851974962947293184_n.jpg",960,960,false],"2048x2048":["https:\/\/diariofemenino.com.ar\/df\/wp-content\/uploads\/2019\/02\/51571747_546648609163823_851974962947293184_n.jpg",960,960,false]},"rttpg_author":{"display_name":"Admin","author_link":"https:\/\/diariofemenino.com.ar\/df\/author\/lenny\/"},"rttpg_comment":0,"rttpg_category":"<a href=\"https:\/\/diariofemenino.com.ar\/df\/category\/noticias\/\" rel=\"category tag\">Noticias<\/a> <a href=\"https:\/\/diariofemenino.com.ar\/df\/category\/salud\/\" rel=\"category tag\">Salud<\/a> <a href=\"https:\/\/diariofemenino.com.ar\/df\/category\/violencias\/\" rel=\"category tag\">Violencias<\/a>","rttpg_excerpt":"Las muertes trans, por asesinatos o exclusi\u00f3n en el sistema de salud, no ocupan lugar en la agenda pol\u00edtica del pa\u00eds. Solamente las activistas trans somos las que llevamos la cuenta de 15 muertes trans en Argentina en 39 d\u00edas del 2019&#8230; \u00bfCr\u00edmenes de Odio? Se considera crimen de odio, a aquellos cr\u00edmenes que son&hellip;","_links":{"self":[{"href":"https:\/\/diariofemenino.com.ar\/df\/wp-json\/wp\/v2\/posts\/31716","targetHints":{"allow":["GET"]}}],"collection":[{"href":"https:\/\/diariofemenino.com.ar\/df\/wp-json\/wp\/v2\/posts"}],"about":[{"href":"https:\/\/diariofemenino.com.ar\/df\/wp-json\/wp\/v2\/types\/post"}],"author":[{"embeddable":true,"href":"https:\/\/diariofemenino.com.ar\/df\/wp-json\/wp\/v2\/users\/4"}],"replies":[{"embeddable":true,"href":"https:\/\/diariofemenino.com.ar\/df\/wp-json\/wp\/v2\/comments?post=31716"}],"version-history":[{"count":0,"href":"https:\/\/diariofemenino.com.ar\/df\/wp-json\/wp\/v2\/posts\/31716\/revisions"}],"wp:featuredmedia":[{"embeddable":true,"href":"https:\/\/diariofemenino.com.ar\/df\/wp-json\/wp\/v2\/media\/31717"}],"wp:attachment":[{"href":"https:\/\/diariofemenino.com.ar\/df\/wp-json\/wp\/v2\/media?parent=31716"}],"wp:term":[{"taxonomy":"category","embeddable":true,"href":"https:\/\/diariofemenino.com.ar\/df\/wp-json\/wp\/v2\/categories?post=31716"},{"taxonomy":"post_tag","embeddable":true,"href":"https:\/\/diariofemenino.com.ar\/df\/wp-json\/wp\/v2\/tags?post=31716"}],"curies":[{"name":"wp","href":"https:\/\/api.w.org\/{rel}","templated":true}]}}