{"id":3168,"date":"2012-08-15T23:38:07","date_gmt":"2012-08-16T02:38:07","guid":{"rendered":"http:\/\/www.diariofemenino.com.ar\/?p=3168"},"modified":"2012-08-15T23:38:07","modified_gmt":"2012-08-16T02:38:07","slug":"3168-2","status":"publish","type":"post","link":"https:\/\/diariofemenino.com.ar\/df\/3168-2\/","title":{"rendered":"Argentina: Centros de Atenci\u00f3n a las V\u00edctimas de Violencia en todo el pa\u00eds"},"content":{"rendered":"<p>&nbsp;<\/p>\n<table width=\"569\" border=\"1\" cellspacing=\"0\" cellpadding=\"0\">\n<tbody>\n<tr>\n<td colspan=\"7\" valign=\"bottom\" width=\"569\">\n<p align=\"center\"><strong>Centros de atenci\u00f3n\/derivaci\u00f3n a las V\u00cdCTIMAS DE VIOLENCIA<\/strong><\/p>\n<\/td>\n<\/tr>\n<tr>\n<td colspan=\"7\" valign=\"bottom\" width=\"569\">\n<p align=\"center\"><strong>N\u00fameros telef\u00f3nicos de atenci\u00f3n:<\/strong><\/p>\n<\/td>\n<\/tr>\n<tr>\n<td valign=\"bottom\" width=\"41\">\n<p align=\"center\"><strong>Provincia<\/strong><\/p>\n<\/td>\n<td valign=\"bottom\" width=\"62\">\n<p align=\"center\"><strong>\u00c1rea<\/strong><\/p>\n<\/td>\n<td valign=\"bottom\" width=\"45\">\n<p align=\"center\"><strong>Localidad<\/strong><\/p>\n<\/td>\n<td valign=\"bottom\" width=\"55\">\n<p align=\"center\"><strong>Domicilio<\/strong><\/p>\n<\/td>\n<td valign=\"bottom\" width=\"97\">\n<p align=\"center\"><strong>Tel\u00e9fono<\/strong><\/p>\n<\/td>\n<td valign=\"bottom\" width=\"203\">\n<p align=\"center\"><strong>e_mail<\/strong><\/p>\n<\/td>\n<td valign=\"bottom\" width=\"67\">\n<p align=\"center\"><strong>Prestaciones<\/strong><\/p>\n<\/td>\n<\/tr>\n<tr>\n<td valign=\"bottom\" width=\"41\">Buenos Aires<\/td>\n<td valign=\"bottom\" width=\"62\">Programa de Atenci\u00f3n a Mujeres V\u00edctimas de Violencia (AVM) Secretar\u00eda de Derechos Humanos<\/td>\n<td valign=\"bottom\" width=\"45\"><\/td>\n<td valign=\"bottom\" width=\"55\"><\/td>\n<td valign=\"bottom\" width=\"97\">911 y\u00a0<strong>\u00a0\u00a0\u00a0\u00a0\u00a0\u00a0\u00a0\u00a0\u00a0\u00a0\u00a0\u00a00800-555-0137\u00a0\u00a0\u00a0\u00a0\u00a0\u00a0<\/strong>las 24 hs. los 365 d\u00edas del a\u00f1o<\/td>\n<td valign=\"bottom\" width=\"203\"><\/td>\n<td valign=\"bottom\" width=\"67\"><\/td>\n<\/tr>\n<tr>\n<td valign=\"bottom\" width=\"41\">Buenos Aires<\/td>\n<td valign=\"bottom\" width=\"62\">Consejo provincial de la familia y desarrollo humano. Gobernaci\u00f3n de la Provincia de Buenos Aires<\/td>\n<td valign=\"bottom\" width=\"45\"><\/td>\n<td valign=\"bottom\" width=\"55\"><\/td>\n<td valign=\"bottom\" width=\"97\">0800 666 5065 de lunes a viernes de 8 a 16 hs.<\/td>\n<td valign=\"bottom\" width=\"203\"><\/td>\n<td valign=\"bottom\" width=\"67\"><\/td>\n<\/tr>\n<tr>\n<td valign=\"bottom\" width=\"41\">Catamarca<\/td>\n<td valign=\"bottom\" width=\"62\">Programa Provincial de Prevenci\u00f3n y Asistencia a las V\u00edctimas de Delitos Sexuales en el \u00e1mbito del Ministerio de Salud<\/td>\n<td valign=\"bottom\" width=\"45\"><\/td>\n<td valign=\"bottom\" width=\"55\"><\/td>\n<td valign=\"bottom\" width=\"97\">(03833) 43 &#8211; 7533<\/td>\n<td valign=\"bottom\" width=\"203\"><\/td>\n<td valign=\"bottom\" width=\"67\"><\/td>\n<\/tr>\n<tr>\n<td valign=\"bottom\" width=\"41\">Ciudad Aut\u00f3noma de Buenos Aires<\/td>\n<td valign=\"bottom\" width=\"62\">Direcci\u00f3n General de la Mujer Gobierno de la Ciudad de Buenos Aires<\/td>\n<td valign=\"bottom\" width=\"45\"><\/td>\n<td valign=\"bottom\" width=\"55\"><\/td>\n<td valign=\"bottom\" width=\"97\">CENTRAL DE LLAMADAS. L\u00cdNEA MUJER<strong>\u00a0\u00a0\u00a0\u00a0\u00a0\u00a0\u00a0\u00a0\u00a0\u00a0\u00a0\u00a00800 666 8537\u00a0\u00a0\u00a0\u00a0\u00a0\u00a0<\/strong>(l\u00ednea Gratuita) LAS 24 HS LOS 365 D\u00cdAS DEL A\u00d1O<\/td>\n<td valign=\"bottom\" width=\"203\"><\/td>\n<td valign=\"bottom\" width=\"67\"><\/td>\n<\/tr>\n<tr>\n<td valign=\"bottom\" width=\"41\">Ciudad Aut\u00f3noma de Buenos Aires<\/td>\n<td valign=\"bottom\" width=\"62\">Programa Las V\u00edctimas contra las Violencias. Ministerio de Justicia, Seguridad y Derechos Humanos de la Naci\u00f3n<\/td>\n<td valign=\"bottom\" width=\"45\"><\/td>\n<td valign=\"bottom\" width=\"55\"><\/td>\n<td valign=\"bottom\" width=\"97\">\u00abL\u00cdNEA 137-VIOLENCIA FAMILIAR Y ABUSOS (L\u00ednea Gratuita)<\/td>\n<td valign=\"bottom\" width=\"203\"><\/td>\n<td valign=\"bottom\" width=\"67\">Las 24 hs los 365 d\u00edas del a\u00f1o &#8211; BRIGADA DE INTERVENCIONES URGENTES.\u00bb<\/td>\n<\/tr>\n<tr>\n<td valign=\"bottom\" width=\"41\">Ciudad Aut\u00f3noma de Buenos Aires<\/td>\n<td valign=\"bottom\" width=\"62\">Oficina de Violencia Dom\u00e9stica de la Corte Suprema de la Naci\u00f3n<\/td>\n<td valign=\"bottom\" width=\"45\"><\/td>\n<td valign=\"bottom\" width=\"55\">LAVALLE 1250 PB.<\/td>\n<td valign=\"bottom\" width=\"97\"><strong>\u00a0\u00a0\u00a0\u00a0\u00a0\u00a0\u00a0\u00a0\u00a0\u00a0\u00a0\u00a04370-4600\u00a0\u00a0\u00a0\u00a0\u00a0\u00a0<\/strong>\u00a0(int. 4510 al 4513)<strong><\/strong><\/td>\n<td valign=\"bottom\" width=\"203\"><\/td>\n<td valign=\"bottom\" width=\"67\">ATENCI\u00d3N especializada las 24 hs. del d\u00eda los 365 d\u00edas del a\u00f1o. LOS 7 D\u00cdAS DE LA SEMANA, DURANTE LAS 24 HS.<\/td>\n<\/tr>\n<tr>\n<td colspan=\"7\" valign=\"bottom\" width=\"569\"><\/td>\n<\/tr>\n<tr>\n<td colspan=\"7\" valign=\"bottom\" width=\"569\">\n<p align=\"center\"><strong>Centros de Atenci\u00f3n en todo el pa\u00eds<\/strong><\/p>\n<\/td>\n<\/tr>\n<tr>\n<td valign=\"bottom\" width=\"41\">\n<p align=\"center\"><strong>Provincia<\/strong><\/p>\n<\/td>\n<td valign=\"bottom\" width=\"62\">\n<p align=\"center\"><strong>\u00c1rea<\/strong><\/p>\n<\/td>\n<td valign=\"bottom\" width=\"45\">\n<p align=\"center\"><strong>Localidad<\/strong><\/p>\n<\/td>\n<td valign=\"bottom\" width=\"55\">\n<p align=\"center\"><strong>Domicilio<\/strong><\/p>\n<\/td>\n<td valign=\"bottom\" width=\"97\">\n<p align=\"center\"><strong>Tel\u00e9fono<\/strong><\/p>\n<\/td>\n<td valign=\"bottom\" width=\"203\">\n<p align=\"center\"><strong>e_mail<\/strong><\/p>\n<\/td>\n<td valign=\"bottom\" width=\"67\">\n<p align=\"center\"><strong>Prestaciones<\/strong><\/p>\n<\/td>\n<\/tr>\n<tr>\n<td valign=\"bottom\" width=\"41\">Buenos Aires<\/td>\n<td valign=\"bottom\" width=\"62\">Programa de Atenci\u00f3n a Mujeres V\u00edctimas de Violencia (AVM) Secretar\u00eda de Derechos Humanos<\/td>\n<td valign=\"bottom\" width=\"45\"><\/td>\n<td valign=\"bottom\" width=\"55\"><\/td>\n<td valign=\"bottom\" width=\"97\">911 y\u00a0<strong>\u00a0\u00a0\u00a0\u00a0\u00a0\u00a0\u00a0\u00a0\u00a0\u00a0\u00a0\u00a00800-555-0137\u00a0\u00a0\u00a0\u00a0\u00a0\u00a0<\/strong>las 24 hs. los 365 d\u00edas del a\u00f1o<\/td>\n<td valign=\"bottom\" width=\"203\"><\/td>\n<td valign=\"bottom\" width=\"67\"><\/td>\n<\/tr>\n<tr>\n<td valign=\"bottom\" width=\"41\">Buenos Aires<\/td>\n<td valign=\"bottom\" width=\"62\">Consejo provincial de la familia y desarrollo humano. Gobernaci\u00f3n de la Provincia de Buenos Aires<\/td>\n<td valign=\"bottom\" width=\"45\"><\/td>\n<td valign=\"bottom\" width=\"55\"><\/td>\n<td valign=\"bottom\" width=\"97\"><strong>\u00a0\u00a0\u00a0\u00a0\u00a0\u00a0\u00a0\u00a0\u00a0\u00a0\u00a0\u00a00800 666 5065\u00a0\u00a0\u00a0\u00a0\u00a0\u00a0<\/strong>\u00a0de lunes a viernes de 8 a 16 hs.<strong><\/strong><\/td>\n<td valign=\"bottom\" width=\"203\"><\/td>\n<td valign=\"bottom\" width=\"67\"><\/td>\n<\/tr>\n<tr>\n<td valign=\"bottom\" width=\"41\">Buenos Aires<\/td>\n<td valign=\"bottom\" width=\"62\">Servicio local de proteccion del Ni\u00f1o y la Familia<\/td>\n<td valign=\"bottom\" width=\"45\">Balcarce<\/td>\n<td valign=\"bottom\" width=\"55\">Calle 23 entre 18 y 20<\/td>\n<td valign=\"bottom\" width=\"97\">T.E.: (02266) 42-0026<\/td>\n<td valign=\"bottom\" width=\"203\"><\/td>\n<td valign=\"bottom\" width=\"67\"><\/td>\n<\/tr>\n<tr>\n<td valign=\"bottom\" width=\"41\">Buenos Aires<\/td>\n<td valign=\"bottom\" width=\"62\">Fundaci\u00f3n Propuesta<\/td>\n<td valign=\"bottom\" width=\"45\">Lan\u00fas Este<\/td>\n<td valign=\"bottom\" width=\"55\">Arias 2001 (Club Polideportivo de Lan\u00fas)<\/td>\n<td valign=\"bottom\" width=\"97\"><strong>\u00a0\u00a0\u00a0\u00a0\u00a0\u00a0\u00a0\u00a0\u00a0\u00a0\u00a0\u00a04247-0966\u00a0\u00a0\u00a0\u00a0\u00a0\u00a0<\/strong>\u00a0(de 10 a 14 hs)<strong><\/strong><\/td>\n<td valign=\"bottom\" width=\"203\"><\/td>\n<td valign=\"bottom\" width=\"67\">Atienden y derivan casos de violencia hacia las Mujeres\/ Grupos de ayuda mutua<\/td>\n<\/tr>\n<tr>\n<td valign=\"bottom\" width=\"41\">Buenos Aires<\/td>\n<td valign=\"bottom\" width=\"62\">Fundaci\u00f3n Propuesta<\/td>\n<td valign=\"bottom\" width=\"45\">Remedios de Escalada<\/td>\n<td valign=\"bottom\" width=\"55\">Scalabrini Ortiz 243<\/td>\n<td valign=\"bottom\" width=\"97\"><strong>\u00a0\u00a0\u00a0\u00a0\u00a0\u00a0\u00a0\u00a0\u00a0\u00a0\u00a0\u00a04241-9065\u00a0\u00a0\u00a0\u00a0\u00a0\u00a0<\/strong>\u00a0(Lunes de 10 a 16 hs. y Vie de 12 a 16:30 hs)<strong><\/strong><\/td>\n<td valign=\"bottom\" width=\"203\"><\/td>\n<td valign=\"bottom\" width=\"67\">Coordinan grupos de reflexion, empleo y genero.<\/td>\n<\/tr>\n<tr>\n<td valign=\"bottom\" width=\"41\">Buenos Aires<\/td>\n<td valign=\"bottom\" width=\"62\">Comisar\u00eda de la familia y de la mujer<\/td>\n<td valign=\"bottom\" width=\"45\">Berazategui<\/td>\n<td valign=\"bottom\" width=\"55\">160 entre 24 y 25; Villa Mitre<\/td>\n<td valign=\"bottom\" width=\"97\"><strong>\u00a0\u00a0\u00a0\u00a0\u00a0\u00a0\u00a0\u00a0\u00a0\u00a0\u00a0\u00a0011-4395-1283\u00a0\u00a0\u00a0\u00a0\u00a0\u00a0<\/strong>\u00a0<strong><\/strong><\/td>\n<td valign=\"bottom\" width=\"203\"><\/td>\n<td valign=\"bottom\" width=\"67\"><\/td>\n<\/tr>\n<tr>\n<td valign=\"bottom\" width=\"41\">Buenos Aires<\/td>\n<td valign=\"bottom\" width=\"62\">Subdirecci\u00f3n de infancia, adolescencia y familia<\/td>\n<td valign=\"bottom\" width=\"45\">Campana<\/td>\n<td valign=\"bottom\" width=\"55\">Colon 697<\/td>\n<td valign=\"bottom\" width=\"97\">(03489) 43-2872Lunes a Viernes de 8.00 a 14.00 hs.<\/td>\n<td valign=\"bottom\" width=\"203\"><\/td>\n<td valign=\"bottom\" width=\"67\">asesoramiento legal psicologica trabajadora<\/td>\n<\/tr>\n<tr>\n<td valign=\"bottom\" width=\"41\">Buenos Aires<\/td>\n<td valign=\"bottom\" width=\"62\">Direcci\u00f3n de Acci\u00f3n Social. Servicio de prevenci\u00f3n y asistencia de la violencia dom\u00e9stica<\/td>\n<td valign=\"bottom\" width=\"45\">Coronel Su\u00e1rez<\/td>\n<td valign=\"bottom\" width=\"55\">Rivas 560<\/td>\n<td valign=\"bottom\" width=\"97\">(02926) 43-2038\/1505 int. 443Lunes a viernes de 8:00 a 13:00 hs.<\/td>\n<td valign=\"bottom\" width=\"203\"><\/td>\n<td valign=\"bottom\" width=\"67\"><\/td>\n<\/tr>\n<tr>\n<td valign=\"bottom\" width=\"41\">Buenos Aires<\/td>\n<td valign=\"bottom\" width=\"62\">Casa de la Familia<\/td>\n<td valign=\"bottom\" width=\"45\">Del Viso<\/td>\n<td valign=\"bottom\" width=\"55\">Del Buceo y Arata<\/td>\n<td valign=\"bottom\" width=\"97\"><strong>\u00a0\u00a0\u00a0\u00a0\u00a0\u00a0\u00a0\u00a0\u00a0\u00a0\u00a0\u00a002320-475888\u00a0\u00a0\u00a0\u00a0\u00a0\u00a0<\/strong>\u00a0Lunes a Viernes de 08.00 16.00<strong><\/strong><\/td>\n<td valign=\"bottom\" width=\"203\">psicologica<\/td>\n<td valign=\"bottom\" width=\"67\"><\/td>\n<\/tr>\n<tr>\n<td valign=\"bottom\" width=\"41\">Buenos Aires<\/td>\n<td valign=\"bottom\" width=\"62\">Comisar\u00eda de la familia y de la mujer<\/td>\n<td valign=\"bottom\" width=\"45\">Florencio Varela<\/td>\n<td valign=\"bottom\" width=\"55\">Sargento Cabral y Alfonsina Storni<\/td>\n<td valign=\"bottom\" width=\"97\">011-4275-7185\/8208<\/td>\n<td valign=\"bottom\" width=\"203\"><\/td>\n<td valign=\"bottom\" width=\"67\"><\/td>\n<\/tr>\n<tr>\n<td valign=\"bottom\" width=\"41\">Buenos Aires<\/td>\n<td valign=\"bottom\" width=\"62\">Direcci\u00f3n Integral de Ni\u00f1ez, Adolescencia y Familia de la Municipalidad de Jos\u00e9 C. Paz<\/td>\n<td valign=\"bottom\" width=\"45\">Jos\u00e9 C Paz<\/td>\n<td valign=\"bottom\" width=\"55\">Zuvir\u00eda 4800 (frente al hospital del Diab\u00e9tico)<\/td>\n<td valign=\"bottom\" width=\"97\"><strong>\u00a0\u00a0\u00a0\u00a0\u00a0\u00a0\u00a0\u00a0\u00a0\u00a0\u00a0\u00a002320-423290\u00a0\u00a0\u00a0\u00a0\u00a0\u00a0<\/strong>. Lunes a Viernes de 8.00 a 11.00<strong><\/strong><\/td>\n<td valign=\"bottom\" width=\"203\"><\/td>\n<td valign=\"bottom\" width=\"67\">Terapia grupal &#8211; Derivaciones<\/td>\n<\/tr>\n<tr>\n<td valign=\"bottom\" width=\"41\">Buenos Aires<\/td>\n<td valign=\"bottom\" width=\"62\">Comisar\u00eda de la familia y de la mujer<\/td>\n<td valign=\"bottom\" width=\"45\">La Matanza<\/td>\n<td valign=\"bottom\" width=\"55\">Omb\u00fa 3720<\/td>\n<td valign=\"bottom\" width=\"97\"><strong>\u00a0\u00a0\u00a0\u00a0\u00a0\u00a0\u00a0\u00a0\u00a0\u00a0\u00a0\u00a0011-4484-5826\u00a0\u00a0\u00a0\u00a0\u00a0\u00a0<\/strong>\u00a0<strong><\/strong><\/td>\n<td valign=\"bottom\" width=\"203\"><\/td>\n<td valign=\"bottom\" width=\"67\"><\/td>\n<\/tr>\n<tr>\n<td valign=\"bottom\" width=\"41\">Buenos Aires<\/td>\n<td valign=\"bottom\" width=\"62\">Comisar\u00eda de la familia y de la mujer<\/td>\n<td valign=\"bottom\" width=\"45\">La Plata<\/td>\n<td valign=\"bottom\" width=\"55\">1 entre 42 y 43 N\u00ba 523<\/td>\n<td valign=\"bottom\" width=\"97\">(0221) 423-1826<\/td>\n<td valign=\"bottom\" width=\"203\"><\/td>\n<td valign=\"bottom\" width=\"67\"><\/td>\n<\/tr>\n<tr>\n<td valign=\"bottom\" width=\"41\">Buenos Aires<\/td>\n<td valign=\"bottom\" width=\"62\">Consejo de la Mujer de la Municipalidad de La Plata, Asesor\u00eda de la Mujer<\/td>\n<td valign=\"bottom\" width=\"45\">La Plata<\/td>\n<td valign=\"bottom\" width=\"55\">Pasaje Dardo Rocha (50 e\/6 y 7), 1er. Piso<\/td>\n<td valign=\"bottom\" width=\"97\">Lunes, Martes, Jueves y Viernes de 10 a 14 hs. Tel\u00e9fono<strong>\u00a0\u00a0\u00a0\u00a0\u00a0\u00a0\u00a0\u00a0\u00a0\u00a0\u00a0\u00a0(0221) 427-0393\u00a0\u00a0\u00a0\u00a0\u00a0\u00a0<\/strong><\/td>\n<td valign=\"bottom\" width=\"203\"><span style=\"text-decoration: underline;\"><a href=\"mailto:cmujer@laplata.gov.ar\">cmujer@laplata.gov.ar<\/a><\/span><\/td>\n<td valign=\"bottom\" width=\"67\"><\/td>\n<\/tr>\n<tr>\n<td valign=\"bottom\" width=\"41\">Buenos Aires<\/td>\n<td valign=\"bottom\" width=\"62\">Comisar\u00eda de la Mujer<\/td>\n<td valign=\"bottom\" width=\"45\">La Plata<\/td>\n<td valign=\"bottom\" width=\"55\">Calle 1 N\u00ba 523 (E\/ 42 Y 43)<\/td>\n<td valign=\"bottom\" width=\"97\"><strong>\u00a0\u00a0\u00a0\u00a0\u00a0\u00a0\u00a0\u00a0\u00a0\u00a0\u00a0\u00a0(0221) 423-1826\u00a0\u00a0\u00a0\u00a0\u00a0\u00a0<\/strong><\/td>\n<td valign=\"bottom\" width=\"203\"><\/td>\n<td valign=\"bottom\" width=\"67\"><\/td>\n<\/tr>\n<tr>\n<td rowspan=\"3\" valign=\"bottom\" width=\"41\">Buenos Aires<\/td>\n<td valign=\"bottom\" width=\"62\">Direcci\u00f3n de<\/td>\n<td rowspan=\"3\" valign=\"bottom\" width=\"45\">La Plata<\/td>\n<td rowspan=\"3\" valign=\"bottom\" width=\"55\">Calle 55 N\u00ba 590 La Plata<\/td>\n<td valign=\"bottom\" width=\"97\"><strong>\u00a0\u00a0\u00a0\u00a0\u00a0\u00a0\u00a0\u00a0\u00a0\u00a0\u00a0\u00a00221-4296736\u00a0\u00a0\u00a0\u00a0\u00a0\u00a0<\/strong><\/td>\n<td valign=\"bottom\" width=\"203\"><span style=\"text-decoration: underline;\"><a href=\"mailto:cjmujerbsas@cnm.gov.ar\">cjmujerbsas@cnm.gov.ar<\/a><\/span><\/td>\n<td rowspan=\"3\" valign=\"bottom\" width=\"67\"><\/td>\n<\/tr>\n<tr>\n<td valign=\"bottom\" width=\"62\">Pol\u00edticas de g\u00e9nero<\/td>\n<td valign=\"bottom\" width=\"97\"><strong>\u00a0\u00a0\u00a0\u00a0\u00a0\u00a0\u00a0\u00a0\u00a0\u00a0\u00a0\u00a00800-666-5065\u00a0\u00a0\u00a0\u00a0\u00a0\u00a0<\/strong><\/td>\n<td valign=\"bottom\" width=\"203\"><span style=\"text-decoration: underline;\"><a href=\"mailto:politicasdegenero@mds.gba.gov.ar\">politicasde<\/a><\/span><\/td>\n<\/tr>\n<tr>\n<td valign=\"bottom\" width=\"62\">Ministerio de Desarrollo Social<\/td>\n<td valign=\"bottom\" width=\"97\"><strong>\u00a0<\/strong><\/td>\n<td valign=\"bottom\" width=\"203\"><span style=\"text-decoration: underline;\"><a href=\"mailto:politicasdegenero@mds.gba.gov.ar\">genero@mds.gba.gov.ar<\/a><\/span><\/td>\n<\/tr>\n<tr>\n<td valign=\"bottom\" width=\"41\">Buenos Aires<\/td>\n<td valign=\"bottom\" width=\"62\">Direcci\u00f3n de Pol\u00edticas de G\u00e9nero &#8211; Municipalidad de Lan\u00fas<\/td>\n<td valign=\"bottom\" width=\"45\">Lan\u00fas Oeste<\/td>\n<td valign=\"bottom\" width=\"55\">Dr. Melo 1669<\/td>\n<td valign=\"bottom\" width=\"97\"><strong>\u00a0\u00a0\u00a0\u00a0\u00a0\u00a0\u00a0\u00a0\u00a0\u00a0\u00a0\u00a0011-4247-2726\u00a0\u00a0\u00a0\u00a0\u00a0\u00a0<\/strong>\u00a0\/<strong>\u00a0\u00a0\u00a0\u00a0\u00a0\u00a0\u00a0\u00a0\u00a0\u00a0\u00a0\u00a04247-2564\u00a0\u00a0\u00a0\u00a0\u00a0\u00a0<\/strong><\/td>\n<td valign=\"bottom\" width=\"203\"><\/td>\n<td valign=\"bottom\" width=\"67\"><\/td>\n<\/tr>\n<tr>\n<td rowspan=\"2\" valign=\"bottom\" width=\"41\">Buenos Aires<\/td>\n<td rowspan=\"2\" valign=\"bottom\" width=\"62\">Direcci\u00f3n de promoci\u00f3n familiar y comunitaria<\/td>\n<td rowspan=\"2\" valign=\"bottom\" width=\"45\">Lomas de Zamora<\/td>\n<td rowspan=\"2\" valign=\"bottom\" width=\"55\">Siria y Boedo, 1\u00b0 piso<\/td>\n<td rowspan=\"2\" valign=\"bottom\" width=\"97\">011-4239-9643\/4 D\u00edas de derivaci\u00f3n: Lu, Ma, Ju y Vie de 9 a 12hs.<\/td>\n<td valign=\"bottom\" width=\"203\"><span style=\"text-decoration: underline;\"><a href=\"mailto:promocionfamiliarlomasa@yahoo.com.ar\">promocionfamiliar<\/a><\/span><\/td>\n<td rowspan=\"2\" valign=\"bottom\" width=\"67\"><\/td>\n<\/tr>\n<tr>\n<td valign=\"bottom\" width=\"203\"><span style=\"text-decoration: underline;\"><a href=\"mailto:promocionfamiliarlomasa@yahoo.com.ar\">lomasa@yahoo.com.ar<\/a><\/span><\/td>\n<\/tr>\n<tr>\n<td valign=\"bottom\" width=\"41\">Buenos Aires<\/td>\n<td valign=\"bottom\" width=\"62\">Comisar\u00eda de la familia y de la mujer<\/td>\n<td valign=\"bottom\" width=\"45\">Malvinas Argentinas<\/td>\n<td valign=\"bottom\" width=\"55\">Grand Bourg, rutas 8 y 197<\/td>\n<td valign=\"bottom\" width=\"97\"><strong>\u00a0\u00a0\u00a0\u00a0\u00a0\u00a0\u00a0\u00a0\u00a0\u00a0\u00a0\u00a0(02320) 423-193\u00a0\u00a0\u00a0\u00a0\u00a0\u00a0<\/strong>\u00a0<strong><\/strong><\/td>\n<td valign=\"bottom\" width=\"203\"><\/td>\n<td valign=\"bottom\" width=\"67\"><\/td>\n<\/tr>\n<tr>\n<td valign=\"bottom\" width=\"41\">Buenos Aires<\/td>\n<td valign=\"bottom\" width=\"62\">Comisar\u00eda de la familia y de la mujer<\/td>\n<td valign=\"bottom\" width=\"45\">Mar del Plata<\/td>\n<td valign=\"bottom\" width=\"55\">Independencia 2474,piso 2\u00b0<\/td>\n<td valign=\"bottom\" width=\"97\">(0223) 492-0019<\/td>\n<td valign=\"bottom\" width=\"203\"><\/td>\n<td valign=\"bottom\" width=\"67\"><\/td>\n<\/tr>\n<tr>\n<td valign=\"bottom\" width=\"41\">Buenos Aires<\/td>\n<td valign=\"bottom\" width=\"62\">Comisar\u00eda de la familia y de la mujer<\/td>\n<td valign=\"bottom\" width=\"45\">Merlo<\/td>\n<td valign=\"bottom\" width=\"55\">Juncal 363 e\/ Bolivar y Chacabuco<\/td>\n<td valign=\"bottom\" width=\"97\">(0220) 483-6060<\/td>\n<td valign=\"bottom\" width=\"203\"><\/td>\n<td valign=\"bottom\" width=\"67\"><\/td>\n<\/tr>\n<tr>\n<td valign=\"bottom\" width=\"41\">Buenos Aires<\/td>\n<td valign=\"bottom\" width=\"62\">Mujeres al Oeste<\/td>\n<td valign=\"bottom\" width=\"45\">Mor\u00f3n<\/td>\n<td valign=\"bottom\" width=\"55\">Direcci\u00f3n: 25 de mayo 256 Dep. 5<\/td>\n<td valign=\"bottom\" width=\"97\">TE.:\u00a0<strong>\u00a0\u00a0\u00a0\u00a0\u00a0\u00a0\u00a0\u00a0\u00a0\u00a0\u00a0\u00a0011-4489-3330\u00a0\u00a0\u00a0\u00a0\u00a0\u00a0<\/strong>Mi\u00e9rcoles de 11 a 13.30<\/td>\n<td valign=\"bottom\" width=\"203\"><span style=\"text-decoration: underline;\"><a href=\"mailto:mujoeste@lvd.com.ar\">mujoeste@lvd.com.ar<\/a><\/span><\/td>\n<td valign=\"bottom\" width=\"67\">Denuncias y consultas<\/td>\n<\/tr>\n<tr>\n<td valign=\"bottom\" width=\"41\">Buenos Aires<\/td>\n<td valign=\"bottom\" width=\"62\">Direcci\u00f3n General de Acci\u00f3n Social &#8211; Orientaci\u00f3n social<\/td>\n<td valign=\"bottom\" width=\"45\">Mor\u00f3n<\/td>\n<td valign=\"bottom\" width=\"55\">Buen Viaje 967<\/td>\n<td valign=\"bottom\" width=\"97\">011-4484-777 int. 5060<\/td>\n<td valign=\"bottom\" width=\"203\"><\/td>\n<td valign=\"bottom\" width=\"67\">Derivaciones<\/td>\n<\/tr>\n<tr>\n<td valign=\"bottom\" width=\"41\">Buenos Aires<\/td>\n<td valign=\"bottom\" width=\"62\">Centro de atenci\u00f3n a v\u00edctimas de violencia &#8211; Municipalidad de Mor\u00f3n<\/td>\n<td valign=\"bottom\" width=\"45\">Mor\u00f3n<\/td>\n<td valign=\"bottom\" width=\"55\">Mendoza 289<\/td>\n<td valign=\"bottom\" width=\"97\"><strong>\u00a0\u00a0\u00a0\u00a0\u00a0\u00a0\u00a0\u00a0\u00a0\u00a0\u00a0\u00a00810-345-6853\u00a0\u00a0\u00a0\u00a0\u00a0\u00a0<\/strong><\/td>\n<td valign=\"bottom\" width=\"203\"><\/td>\n<td valign=\"bottom\" width=\"67\">Derivaciones<\/td>\n<\/tr>\n<tr>\n<td valign=\"bottom\" width=\"41\">Buenos Aires<\/td>\n<td valign=\"bottom\" width=\"62\">Centro Municipal de la Mujer de Vicente L\u00f3pez<\/td>\n<td valign=\"bottom\" width=\"45\">Olivos<\/td>\n<td valign=\"bottom\" width=\"55\">Juan de Garay 3137<\/td>\n<td valign=\"bottom\" width=\"97\"><strong>\u00a0\u00a0\u00a0\u00a0\u00a0\u00a0\u00a0\u00a0\u00a0\u00a0\u00a0\u00a00810-444-68537\u00a0\u00a0\u00a0\u00a0\u00a0\u00a0<\/strong>(MUJER)4794-6604\/5 de 8 a 19hs.Turnos: int. 3132 de 8 a 14hs.<strong><\/strong><\/td>\n<td valign=\"bottom\" width=\"203\"><\/td>\n<td valign=\"bottom\" width=\"67\"><\/td>\n<\/tr>\n<tr>\n<td valign=\"bottom\" width=\"41\">Buenos Aires<\/td>\n<td valign=\"bottom\" width=\"62\">Comisar\u00eda de la Mujer<\/td>\n<td valign=\"bottom\" width=\"45\">Quilmes<\/td>\n<td valign=\"bottom\" width=\"55\">Pilcomayo 69 &#8211; Don Bosco<\/td>\n<td valign=\"bottom\" width=\"97\">011-4252-0033\/6006las 24hs.<\/td>\n<td valign=\"bottom\" width=\"203\"><\/td>\n<td valign=\"bottom\" width=\"67\"><\/td>\n<\/tr>\n<tr>\n<td rowspan=\"5\" valign=\"bottom\" width=\"41\">Buenos Aires<\/td>\n<td rowspan=\"5\" valign=\"bottom\" width=\"62\">CEDEM-Centro de la Mujer de San Fernando<\/td>\n<td rowspan=\"5\" valign=\"bottom\" width=\"45\">San Fernando<\/td>\n<td rowspan=\"5\" valign=\"bottom\" width=\"55\">Cordero 3491<\/td>\n<td rowspan=\"5\" valign=\"bottom\" width=\"97\"><strong>\u00a0\u00a0\u00a0\u00a0\u00a0\u00a0\u00a0\u00a0\u00a0\u00a0\u00a0\u00a0011-4549-0909\u00a0\u00a0\u00a0\u00a0\u00a0\u00a0<\/strong>Miercoles de 15 a 18 hs. Jueves de 9:30 a 12:30<strong><\/strong><\/td>\n<td valign=\"bottom\" width=\"203\"><span style=\"text-decoration: underline;\"><a href=\"mailto:cedemsf@yahoo.com.ar\">cedemsf@yahoo.com.ar<\/a><\/span><\/td>\n<td valign=\"bottom\" width=\"67\">Atenci\u00f3n m\u00e9dica, psicol\u00f3gica y jur\u00eddica<\/td>\n<\/tr>\n<tr>\n<td valign=\"bottom\" width=\"203\"><\/td>\n<td valign=\"bottom\" width=\"67\">Aranceles gratuitos<\/td>\n<\/tr>\n<tr>\n<td valign=\"bottom\" width=\"203\"><span style=\"text-decoration: underline;\"><a href=\"mailto:defensoriasf@hotmail.com\">defensoriasf@hotmail.com<\/a><\/span><\/td>\n<td valign=\"bottom\" width=\"67\">Atenci\u00f3n de violencia<\/td>\n<\/tr>\n<tr>\n<td valign=\"bottom\" width=\"203\"><\/td>\n<td valign=\"bottom\" width=\"67\">Atenci\u00f3n a menores<\/td>\n<\/tr>\n<tr>\n<td valign=\"bottom\" width=\"203\"><span style=\"text-decoration: underline;\"><a href=\"http:\/\/www.cedem.org.ar\/\" target=\"_blank\">www.cedem.org.ar\/<\/a><\/span><\/td>\n<td valign=\"bottom\" width=\"67\"><\/td>\n<\/tr>\n<tr>\n<td rowspan=\"4\" valign=\"bottom\" width=\"41\">Buenos Aires<\/td>\n<td rowspan=\"4\" valign=\"bottom\" width=\"62\">\u00c1rea de Violencia &#8211; Municipalidad de San Fernando<\/td>\n<td rowspan=\"4\" valign=\"bottom\" width=\"45\">San Fernando<\/td>\n<td rowspan=\"4\" valign=\"bottom\" width=\"55\">Sarmiento 1042<\/td>\n<td rowspan=\"4\" valign=\"bottom\" width=\"97\">0800-444-32644725-1475\/1892<\/td>\n<td rowspan=\"4\" valign=\"bottom\" width=\"203\"><\/td>\n<td valign=\"bottom\" width=\"67\">Atencion juridica y psicologica<\/td>\n<\/tr>\n<tr>\n<td valign=\"bottom\" width=\"67\">Atencion de violencia<\/td>\n<\/tr>\n<tr>\n<td valign=\"bottom\" width=\"67\">Atencion a menores<\/td>\n<\/tr>\n<tr>\n<td valign=\"bottom\" width=\"67\">Municipal de la Familia y Desarrollo Humano de Chacabuco donde hacen los grupos de autoayuda. Atienden adicciones<\/td>\n<\/tr>\n<tr>\n<td valign=\"bottom\" width=\"41\">Buenos Aires<\/td>\n<td valign=\"bottom\" width=\"62\">Comisar\u00eda de la familia y de la mujer<\/td>\n<td valign=\"bottom\" width=\"45\">Martinez<\/td>\n<td valign=\"bottom\" width=\"55\">Juncal 46<\/td>\n<td valign=\"bottom\" width=\"97\"><strong>\u00a0\u00a0\u00a0\u00a0\u00a0\u00a0\u00a0\u00a0\u00a0\u00a0\u00a0\u00a0011-4512-2345\u00a0\u00a0\u00a0\u00a0\u00a0\u00a0<\/strong>\u00a0<strong><\/strong><\/td>\n<td valign=\"bottom\" width=\"203\"><\/td>\n<td valign=\"bottom\" width=\"67\"><\/td>\n<\/tr>\n<tr>\n<td valign=\"bottom\" width=\"41\">Buenos Aires<\/td>\n<td valign=\"bottom\" width=\"62\">Comisar\u00eda de la Mujer<\/td>\n<td valign=\"bottom\" width=\"45\">San Mart\u00edn<\/td>\n<td valign=\"bottom\" width=\"55\">Mitre ex 703 o 4512 esq. Avellaneda<\/td>\n<td valign=\"bottom\" width=\"97\">011-4512-6712\/ 6714<\/td>\n<td valign=\"bottom\" width=\"203\"><\/td>\n<td valign=\"bottom\" width=\"67\"><\/td>\n<\/tr>\n<tr>\n<td valign=\"bottom\" width=\"41\">Buenos Aires<\/td>\n<td valign=\"bottom\" width=\"62\">Programa de prevenci\u00f3n y asistencia en violencia familiar &#8211; Municipalidad de Tigre<\/td>\n<td valign=\"bottom\" width=\"45\">Tigre<\/td>\n<td valign=\"bottom\" width=\"55\">Maip\u00fa 257 y Casaretto, Hospital Comunal, Tigre centro<\/td>\n<td valign=\"bottom\" width=\"97\"><strong>\u00a0\u00a0\u00a0\u00a0\u00a0\u00a0\u00a0\u00a0\u00a0\u00a0\u00a0\u00a0011-4731-7644\u00a0\u00a0\u00a0\u00a0\u00a0\u00a0<\/strong>\u00a0Lu a Vi de 8 a 16hs.<strong><\/strong><\/td>\n<td valign=\"bottom\" width=\"203\"><\/td>\n<td valign=\"bottom\" width=\"67\">Asistencia legal y psicosocial &#8211; Gabinete interdisciplinario<\/td>\n<\/tr>\n<tr>\n<td valign=\"bottom\" width=\"41\">Catamarca<\/td>\n<td valign=\"bottom\" width=\"62\">Programa Provincial de Prevenci\u00f3n y Asistencia a las V\u00edctimas de Delitos Sexuales en el \u00e1mbito del Ministerio de Salud<\/td>\n<td valign=\"bottom\" width=\"45\"><\/td>\n<td valign=\"bottom\" width=\"55\"><\/td>\n<td valign=\"bottom\" width=\"97\">(03833) 43 &#8211; 7533<\/td>\n<td valign=\"bottom\" width=\"203\"><\/td>\n<td valign=\"bottom\" width=\"67\"><\/td>\n<\/tr>\n<tr>\n<td valign=\"bottom\" width=\"41\">Ciudad Aut\u00f3noma de Buenos Aires<\/td>\n<td valign=\"bottom\" width=\"62\">Direcci\u00f3n General de la Mujer Gobierno de la Ciudad de Buenos Aires<\/td>\n<td valign=\"bottom\" width=\"45\"><\/td>\n<td valign=\"bottom\" width=\"55\"><\/td>\n<td valign=\"bottom\" width=\"97\">CENTRAL DE LLAMADAS. L\u00cdNEA MUJER<strong>\u00a0\u00a0\u00a0\u00a0\u00a0\u00a0\u00a0\u00a0\u00a0\u00a0\u00a0\u00a00800 666 8537\u00a0\u00a0\u00a0\u00a0\u00a0\u00a0<\/strong>(l\u00ednea Gratuita) LAS 24 HS LOS 365 D\u00cdAS DEL A\u00d1O<\/td>\n<td valign=\"bottom\" width=\"203\"><\/td>\n<td valign=\"bottom\" width=\"67\"><\/td>\n<\/tr>\n<tr>\n<td valign=\"bottom\" width=\"41\">Ciudad Aut\u00f3noma de Buenos Aires<\/td>\n<td valign=\"bottom\" width=\"62\">Programa LaS V\u00edctimas contra laS ViolenciaS. Ministerio de Justicia, Seguridad y Derechos Humanos de la Naci\u00f3n<\/td>\n<td valign=\"bottom\" width=\"45\"><\/td>\n<td valign=\"bottom\" width=\"55\"><\/td>\n<td valign=\"bottom\" width=\"97\">\u00abL\u00cdNEA 137-VIOLENCIA FAMILIAR Y ABUSOS (L\u00ednea Gratuita)<\/td>\n<td valign=\"bottom\" width=\"203\"><\/td>\n<td valign=\"bottom\" width=\"67\">Las 24 hs los 365 d\u00edas del a\u00f1o &#8211; BRIGADA DE INTERVENCIONES URGENTES.\u00bb<\/td>\n<\/tr>\n<tr>\n<td valign=\"bottom\" width=\"41\">Ciudad Aut\u00f3noma de Buenos Aires<\/td>\n<td valign=\"bottom\" width=\"62\">Oficina de Violencia Dom\u00e9stica de la Corte Suprema de la Naci\u00f3n<\/td>\n<td valign=\"bottom\" width=\"45\"><\/td>\n<td valign=\"bottom\" width=\"55\">LAVALLE 1250 PB.<\/td>\n<td valign=\"bottom\" width=\"97\"><strong>\u00a0\u00a0\u00a0\u00a0\u00a0\u00a0\u00a0\u00a0\u00a0\u00a0\u00a0\u00a04370-4600\u00a0\u00a0\u00a0\u00a0\u00a0\u00a0<\/strong>\u00a0(int. 4510 al 4513)<strong><\/strong><\/td>\n<td valign=\"bottom\" width=\"203\"><\/td>\n<td valign=\"bottom\" width=\"67\">ATENCI\u00d3N especializada las 24 hs. del d\u00eda los 365 d\u00edas del a\u00f1o. LOS 7 D\u00cdAS DE LA SEMANA, DURANTE LAS 24 HS.<\/td>\n<\/tr>\n<tr>\n<td valign=\"bottom\" width=\"41\">Ciudad Aut\u00f3noma<\/td>\n<td rowspan=\"2\" valign=\"bottom\" width=\"62\">Direcci\u00f3n Gral. De la Mujer<\/td>\n<td rowspan=\"2\" valign=\"bottom\" width=\"45\">Capital<\/td>\n<td rowspan=\"2\" valign=\"bottom\" width=\"55\">Carlos Pellegrini 211 7\u00ba piso<\/td>\n<td valign=\"bottom\" width=\"97\">011-43936462\/6<\/td>\n<td valign=\"bottom\" width=\"203\"><span style=\"text-decoration: underline;\"><a href=\"mailto:dgmuj@buenosaires.gov.ar\">dgmuj@buenosaires.gov.ar<\/a><\/span><\/td>\n<td rowspan=\"2\" valign=\"bottom\" width=\"67\"><\/td>\n<\/tr>\n<tr>\n<td valign=\"bottom\" width=\"41\">de Buenos Aires<\/td>\n<td valign=\"bottom\" width=\"97\"><strong>\u00a0\u00a0\u00a0\u00a0\u00a0\u00a0\u00a0\u00a0\u00a0\u00a0\u00a0\u00a00800-666-8537\u00a0\u00a0\u00a0\u00a0\u00a0\u00a0<\/strong><\/td>\n<td valign=\"bottom\" width=\"203\"><span style=\"text-decoration: underline;\"><a href=\"mailto:mujer@buenosaires.gov.ar\">mujer@buenosaires.gov.ar<\/a><\/span><\/td>\n<\/tr>\n<tr>\n<td valign=\"bottom\" width=\"41\">Ciudad Aut\u00f3noma<\/td>\n<td rowspan=\"2\" valign=\"bottom\" width=\"62\">Asociaci\u00f3n \u00abPablo Bessan\u00bb.Centro de desarrollo Social<\/td>\n<td rowspan=\"2\" valign=\"bottom\" width=\"45\">Capital<\/td>\n<td rowspan=\"2\" valign=\"bottom\" width=\"55\">Uruguay 167\u00b0Piso Ofic 70<\/td>\n<td valign=\"bottom\" width=\"97\"><strong>\u00a0\u00a0\u00a0\u00a0\u00a0\u00a0\u00a0\u00a0\u00a0\u00a0\u00a0\u00a04381-2807\u00a0\u00a0\u00a0\u00a0\u00a0\u00a0<\/strong><\/td>\n<td rowspan=\"2\" valign=\"bottom\" width=\"203\"><\/td>\n<td valign=\"bottom\" width=\"67\">Atenci\u00f3n a V\u00edctimas de Violencia Dom\u00e9stica Evang\u00e9licas<\/td>\n<\/tr>\n<tr>\n<td valign=\"bottom\" width=\"41\">de Buenos Aires<\/td>\n<td valign=\"bottom\" width=\"97\">\n<p align=\"right\">1549482807<\/p>\n<\/td>\n<td valign=\"bottom\" width=\"67\">Atenci\u00f3n Integral Psico-socio-legal-Individual y Grupal.<\/td>\n<\/tr>\n<tr>\n<td valign=\"bottom\" width=\"41\">Ciudad Aut\u00f3noma<\/td>\n<td rowspan=\"2\" valign=\"bottom\" width=\"62\">Fundaci\u00f3n Alicia Moreau de Justo<\/td>\n<td rowspan=\"2\" valign=\"bottom\" width=\"45\">Capital<\/td>\n<td rowspan=\"2\" valign=\"bottom\" width=\"55\">Pasaje del Progreso 948 (Bis)- de 15 a 18 horas<\/td>\n<td rowspan=\"2\" valign=\"bottom\" width=\"97\"><strong>\u00a0\u00a0\u00a0\u00a0\u00a0\u00a0\u00a0\u00a0\u00a0\u00a0\u00a0\u00a0011-4924-2660\u00a0\u00a0\u00a0\u00a0\u00a0\u00a0<\/strong><\/td>\n<td rowspan=\"2\" valign=\"bottom\" width=\"203\"><\/td>\n<td rowspan=\"2\" valign=\"bottom\" width=\"67\"><\/td>\n<\/tr>\n<tr>\n<td valign=\"bottom\" width=\"41\">de Buenos Aires<\/td>\n<\/tr>\n<tr>\n<td rowspan=\"5\" valign=\"bottom\" width=\"41\">C\u00f3rdoba<\/td>\n<td valign=\"bottom\" width=\"62\">Subsecretar\u00eda de la Mujer<\/td>\n<td rowspan=\"5\" valign=\"bottom\" width=\"45\">Capital<\/td>\n<td valign=\"bottom\" width=\"55\">Hip\u00f3lito Yrigoyen 494<\/td>\n<td valign=\"bottom\" width=\"97\">0351-4343456\/59<\/td>\n<td rowspan=\"5\" valign=\"bottom\" width=\"203\"><span style=\"text-decoration: underline;\"><a href=\"mailto:graciela.ruiz@cba.gov.ar\">graciela.ruiz@cba.gov.ar<\/a><\/span><\/td>\n<td rowspan=\"5\" valign=\"bottom\" width=\"67\">Contenci\u00f3n, alojamiento temporal y asistencia legal y psicol\u00f3gica para las v\u00edctimas directas e indirectas de delitos contra la integridad sexual<\/td>\n<\/tr>\n<tr>\n<td valign=\"bottom\" width=\"62\">Secretar\u00eda de la<\/td>\n<td valign=\"bottom\" width=\"55\">Alvear 150<\/td>\n<td valign=\"bottom\" width=\"97\"><strong>\u00a0\u00a0\u00a0\u00a0\u00a0\u00a0\u00a0\u00a0\u00a0\u00a0\u00a0\u00a00800-888-9898\u00a0\u00a0\u00a0\u00a0\u00a0\u00a0<\/strong><\/td>\n<\/tr>\n<tr>\n<td valign=\"bottom\" width=\"62\">Mujer, Ni\u00f1ez, Adolescencia y Flia<\/td>\n<td valign=\"bottom\" width=\"55\">Rondeu 258<\/td>\n<td valign=\"bottom\" width=\"97\"><strong>\u00a0\u00a0\u00a0\u00a0\u00a0\u00a0\u00a0\u00a0\u00a0\u00a0\u00a0\u00a00800-555-68537\u00a0\u00a0\u00a0\u00a0\u00a0\u00a0<\/strong><\/td>\n<\/tr>\n<tr>\n<td valign=\"bottom\" width=\"62\">Centro de atenci\u00f3n a la violencia familiar<\/td>\n<td valign=\"bottom\" width=\"55\"><\/td>\n<td valign=\"bottom\" width=\"97\"><strong>\u00a0\u00a0\u00a0\u00a0\u00a0\u00a0\u00a0\u00a0\u00a0\u00a0\u00a0\u00a00800-555-58342\u00a0\u00a0\u00a0\u00a0\u00a0\u00a0<\/strong>(unidad judicial)<strong><\/strong><\/td>\n<\/tr>\n<tr>\n<td valign=\"bottom\" width=\"62\">Centro de atenci\u00f3n violencia sexual<\/td>\n<td valign=\"bottom\" width=\"55\"><\/td>\n<td valign=\"bottom\" width=\"97\"><strong>\u00a0<\/strong><\/td>\n<\/tr>\n<tr>\n<td valign=\"bottom\" width=\"41\">C\u00f3rdoba<\/td>\n<td valign=\"bottom\" width=\"62\">Direccion de Violencia Familiar &#8211; Programa contra la violencia<\/td>\n<td valign=\"bottom\" width=\"45\">Cordoba<\/td>\n<td valign=\"bottom\" width=\"55\">Gral Alvear 150<\/td>\n<td valign=\"bottom\" width=\"97\"><strong>\u00a0\u00a0\u00a0\u00a0\u00a0\u00a0\u00a0\u00a0\u00a0\u00a0\u00a0\u00a00351-434-2113\u00a0\u00a0\u00a0\u00a0\u00a0\u00a0<\/strong><\/td>\n<td valign=\"bottom\" width=\"203\"><\/td>\n<td valign=\"bottom\" width=\"67\"><\/td>\n<\/tr>\n<tr>\n<td valign=\"bottom\" width=\"41\">C\u00f3rdoba<\/td>\n<td valign=\"bottom\" width=\"62\">Mesa de Entrada de Violencia Familiar<\/td>\n<td valign=\"bottom\" width=\"45\">Cordoba<\/td>\n<td valign=\"bottom\" width=\"55\">Duarte Quir\u00f3s 650<\/td>\n<td valign=\"bottom\" width=\"97\"><strong>\u00a0\u00a0\u00a0\u00a0\u00a0\u00a0\u00a0\u00a0\u00a0\u00a0\u00a0\u00a00351-429-8011\u00a0\u00a0\u00a0\u00a0\u00a0\u00a0<\/strong>\u00a0de 8 a 20hs.<strong><\/strong><\/td>\n<td valign=\"bottom\" width=\"203\"><\/td>\n<td valign=\"bottom\" width=\"67\"><\/td>\n<\/tr>\n<tr>\n<td valign=\"bottom\" width=\"41\">C\u00f3rdoba<\/td>\n<td valign=\"bottom\" width=\"62\">Unidad Judicial de Violencia Familiar<\/td>\n<td valign=\"bottom\" width=\"45\">Cordoba<\/td>\n<td valign=\"bottom\" width=\"55\">Duarte Quir\u00f3s 650<\/td>\n<td valign=\"bottom\" width=\"97\"><strong>\u00a0\u00a0\u00a0\u00a0\u00a0\u00a0\u00a0\u00a0\u00a0\u00a0\u00a0\u00a00351-433-1635\u00a0\u00a0\u00a0\u00a0\u00a0\u00a0<\/strong>\u00a0las 24hs<strong><\/strong><\/td>\n<td valign=\"bottom\" width=\"203\"><\/td>\n<td valign=\"bottom\" width=\"67\"><\/td>\n<\/tr>\n<tr>\n<td valign=\"bottom\" width=\"41\">C\u00f3rdoba<\/td>\n<td valign=\"bottom\" width=\"62\">Centro de Atenci\u00f3n Interdiciplinaria para V\u00edctimas de delitos contra la integridad sexual<\/td>\n<td valign=\"bottom\" width=\"45\">R\u00edo Segundo<\/td>\n<td valign=\"bottom\" width=\"55\">Hip\u00f3lito Irigoyen 679 &#8211; Ex Escuela Besso<\/td>\n<td valign=\"bottom\" width=\"97\"><strong>0351-152567895<\/strong><\/td>\n<td valign=\"bottom\" width=\"203\"><span style=\"text-decoration: underline;\"><a href=\"mailto:riosegundo@consejodelamujercba.gov.ar\">riosegundo@consejodelamujercba.gov.ar<\/a><\/span><\/td>\n<td valign=\"bottom\" width=\"67\"><\/td>\n<\/tr>\n<tr>\n<td valign=\"bottom\" width=\"41\">C\u00f3rdoba<\/td>\n<td valign=\"bottom\" width=\"62\">Centro de Atenci\u00f3n Interdiciplinaria para V\u00edctimas de delitos contra la integridad sexual<\/td>\n<td valign=\"bottom\" width=\"45\">Villa Dolores<\/td>\n<td valign=\"bottom\" width=\"55\">Hospital Regional de Villa Dolores. Av. Belgrano 1800<\/td>\n<td valign=\"bottom\" width=\"97\"><strong>0351-152567898<\/strong><\/td>\n<td valign=\"bottom\" width=\"203\"><span style=\"text-decoration: underline;\"><a href=\"mailto:villadolores@consejodelamujercba.gov.ar\">villadolores@consejodelamujercba.gov.ar<\/a><\/span><\/td>\n<td valign=\"bottom\" width=\"67\"><\/td>\n<\/tr>\n<tr>\n<td valign=\"bottom\" width=\"41\">C\u00f3rdoba<\/td>\n<td valign=\"bottom\" width=\"62\">Centro de Atenci\u00f3n Interdiciplinaria para V\u00edctimas de delitos contra la integridad sexual<\/td>\n<td valign=\"bottom\" width=\"45\">Villa del Rosario<\/td>\n<td valign=\"bottom\" width=\"55\">Hospital San Vicente de Paul. Bv. Sobremonte 550<\/td>\n<td valign=\"bottom\" width=\"97\"><strong>0351-152567897<\/strong><\/td>\n<td valign=\"bottom\" width=\"203\"><span style=\"text-decoration: underline;\"><a href=\"mailto:villadelrosario@consejodelamujercba.gov.ar\">villadelrosario@consejodelamujercba.gov.ar<\/a><\/span><\/td>\n<td valign=\"bottom\" width=\"67\"><\/td>\n<\/tr>\n<tr>\n<td valign=\"bottom\" width=\"41\">C\u00f3rdoba<\/td>\n<td valign=\"bottom\" width=\"62\">Centro de Atenci\u00f3n Interdiciplinaria para V\u00edctimas de delitos contra la integridad sexual<\/td>\n<td valign=\"bottom\" width=\"45\">De\u00e1n Funes<\/td>\n<td valign=\"bottom\" width=\"55\">Hospital Dr. Ernesto Romagosa. Col\u00f3n 247<\/td>\n<td valign=\"bottom\" width=\"97\"><strong>0351-152567893<\/strong><\/td>\n<td valign=\"bottom\" width=\"203\"><span style=\"text-decoration: underline;\"><a href=\"mailto:deanfunes@consejodelamujercba.gov.ar\">deanfunes@consejodelamujercba.gov.ar<\/a><\/span><\/td>\n<td valign=\"bottom\" width=\"67\"><\/td>\n<\/tr>\n<tr>\n<td valign=\"bottom\" width=\"41\">C\u00f3rdoba<\/td>\n<td valign=\"bottom\" width=\"62\">Centro de Atenci\u00f3n Interdiciplinaria para V\u00edctimas de delitos contra la integridad sexual<\/td>\n<td valign=\"bottom\" width=\"45\">Villa Mar\u00eda<\/td>\n<td valign=\"bottom\" width=\"55\">Instalaciones del Centro de Asistencia a la V\u00edctima del Delito dependiente de la Municipalidad. San Mart\u00edn esq. Bv. Sarmiento<\/td>\n<td valign=\"bottom\" width=\"97\"><strong>0353-4533396 0351-152567894<\/strong><\/td>\n<td valign=\"bottom\" width=\"203\"><span style=\"text-decoration: underline;\"><a href=\"mailto:villamaria@consejodelamujercba.gov.ar\">villamaria@consejodelamujercba.gov.ar<\/a><\/span><\/td>\n<td valign=\"bottom\" width=\"67\"><\/td>\n<\/tr>\n<tr>\n<td valign=\"bottom\" width=\"41\">C\u00f3rdoba<\/td>\n<td valign=\"bottom\" width=\"62\">Centro de Atenci\u00f3n Interdiciplinaria para V\u00edctimas de delitos contra la integridad sexual<\/td>\n<td valign=\"bottom\" width=\"45\">R\u00edo Cuarto<\/td>\n<td valign=\"bottom\" width=\"55\">Av Gral Mosconi 486 (dentro del predio de Atenci\u00f3n Primaria de la Salud del Viejo Hospital Central<\/td>\n<td valign=\"bottom\" width=\"97\"><strong>0351-152567896<\/strong><\/td>\n<td valign=\"bottom\" width=\"203\"><span style=\"text-decoration: underline;\"><a href=\"mailto:riocuarto@consejodelamujercba.gov.ar\">riocuarto@consejodelamujercba.gov.ar<\/a><\/span><\/td>\n<td valign=\"bottom\" width=\"67\"><\/td>\n<\/tr>\n<tr>\n<td valign=\"bottom\" width=\"41\">C\u00f3rdoba<\/td>\n<td valign=\"bottom\" width=\"62\">Centro de Atenci\u00f3n Interdiciplinaria para V\u00edctimas de delitos contra la integridad sexual<\/td>\n<td valign=\"bottom\" width=\"45\">San Francisco<\/td>\n<td valign=\"bottom\" width=\"55\">Avellaneda 648 2do piso (Casa del Ni\u00f1o)<\/td>\n<td valign=\"bottom\" width=\"97\"><strong>0351-152567892 03564-498282<\/strong><\/td>\n<td valign=\"bottom\" width=\"203\"><span style=\"text-decoration: underline;\"><a href=\"mailto:sanfrancisco@consejodelamujercba.gov.ar\">sanfrancisco@consejodelamujercba.gov.ar<\/a><\/span><\/td>\n<td valign=\"bottom\" width=\"67\"><\/td>\n<\/tr>\n<tr>\n<td valign=\"bottom\" width=\"41\">C\u00f3rdoba<\/td>\n<td valign=\"bottom\" width=\"62\">Centro de Atenci\u00f3n Interdiciplinaria para V\u00edctimas de delitos contra la integridad sexual<\/td>\n<td valign=\"bottom\" width=\"45\">Cruz del Eje<\/td>\n<td valign=\"bottom\" width=\"55\">Comisar\u00eda de distrito y Unidad Judicial. Thomas Edison entre Felix C\u00e1ceres y V\u00e9lez S\u00e1rsfield<\/td>\n<td valign=\"bottom\" width=\"97\"><strong>0351-152567901 0351-153425227<\/strong><\/td>\n<td valign=\"bottom\" width=\"203\"><span style=\"text-decoration: underline;\"><a href=\"mailto:cruzdeleje@consejodelamujercba.gov.ar\">cruzdeleje@consejodelamujercba.gov.ar<\/a><\/span><\/td>\n<td valign=\"bottom\" width=\"67\"><\/td>\n<\/tr>\n<tr>\n<td valign=\"bottom\" width=\"41\">Chaco<\/td>\n<td valign=\"bottom\" width=\"62\">Direcci\u00f3n de la Mujer de la Provincia de Chaco<\/td>\n<td valign=\"bottom\" width=\"45\">ResistenciaVilelas<br \/>\nFontana<br \/>\nBarranqueras<\/td>\n<td valign=\"bottom\" width=\"55\">Santa Mar\u00eda de Oro 229<\/td>\n<td valign=\"bottom\" width=\"97\"><strong>Linea gratuita 137 las 24 hs los 365 d\u00edas del a\u00f1o<\/strong><\/td>\n<td valign=\"bottom\" width=\"203\"><span style=\"text-decoration: underline;\">\u00a0<\/span><\/td>\n<td valign=\"bottom\" width=\"67\">Auxilio a las v\u00edctimas en su domicilio y se acompa\u00f1a en los tr\u00e1mites que sean necesarios<\/td>\n<\/tr>\n<tr>\n<td rowspan=\"4\" valign=\"bottom\" width=\"41\">Chubut<\/td>\n<td valign=\"bottom\" width=\"62\">Subsecretar\u00eda de<\/td>\n<td rowspan=\"4\" valign=\"bottom\" width=\"45\">Rawson<\/td>\n<td rowspan=\"4\" valign=\"bottom\" width=\"55\">Av. 9 de Julio 280<\/td>\n<td rowspan=\"4\" valign=\"bottom\" width=\"97\"><strong>\u00a0\u00a0\u00a0\u00a0\u00a0\u00a0\u00a0\u00a0\u00a0\u00a0\u00a0\u00a002965-485721\u00a0\u00a0\u00a0\u00a0\u00a0\u00a0<\/strong><\/td>\n<td valign=\"bottom\" width=\"203\"><span style=\"text-decoration: underline;\"><a href=\"mailto:aageneroyequidad@yahoo.com.ar\">aageneroy<\/a><\/span><\/td>\n<td rowspan=\"4\" valign=\"bottom\" width=\"67\"><\/td>\n<\/tr>\n<tr>\n<td valign=\"bottom\" width=\"62\">Desarrollo Humano<\/td>\n<td valign=\"bottom\" width=\"203\">equidad@yahoo.com.ars<br \/>\ndesarrollo@chubut.gov.ar<\/td>\n<\/tr>\n<tr>\n<td valign=\"bottom\" width=\"62\">y Familia<\/td>\n<td valign=\"bottom\" width=\"203\"><\/td>\n<\/tr>\n<tr>\n<td valign=\"bottom\" width=\"62\">Ministerio de la Familia<\/td>\n<td valign=\"bottom\" width=\"203\"><\/td>\n<\/tr>\n<tr>\n<td valign=\"bottom\" width=\"41\">Chubut<\/td>\n<td valign=\"bottom\" width=\"62\">Area Mujer<\/td>\n<td valign=\"bottom\" width=\"45\">Colonia Sarmiento<\/td>\n<td valign=\"bottom\" width=\"55\">San Mart\u00edn 722<\/td>\n<td valign=\"bottom\" width=\"97\"><strong>\u00a0\u00a0\u00a0\u00a0\u00a0\u00a0\u00a0\u00a0\u00a0\u00a0\u00a0\u00a00297-489-3451\u00a0\u00a0\u00a0\u00a0\u00a0\u00a0<\/strong><\/td>\n<td valign=\"bottom\" width=\"203\"><\/td>\n<td valign=\"bottom\" width=\"67\"><\/td>\n<\/tr>\n<tr>\n<td valign=\"bottom\" width=\"41\">Chubut<\/td>\n<td valign=\"bottom\" width=\"62\">Comisar\u00eda de la Mujer<\/td>\n<td valign=\"bottom\" width=\"45\">Puerto Madryn<\/td>\n<td valign=\"bottom\" width=\"55\">Hipolito Yrigoyen 2200<\/td>\n<td valign=\"bottom\" width=\"97\"><strong>\u00a0\u00a0\u00a0\u00a0\u00a0\u00a0\u00a0\u00a0\u00a0\u00a0\u00a0\u00a00800-333-6853\u00a0\u00a0\u00a0\u00a0\u00a0\u00a0\u00a0\u00a0\u00a0\u00a0\u00a0\u00a0\u00a0\u00a0\u00a0\u00a0\u00a0\u00a00297-447-1994\u00a0\u00a0\u00a0\u00a0\u00a0\u00a0<\/strong><\/td>\n<td valign=\"bottom\" width=\"203\"><\/td>\n<td valign=\"bottom\" width=\"67\"><\/td>\n<\/tr>\n<tr>\n<td valign=\"bottom\" width=\"41\">Entre Rios<\/td>\n<td valign=\"bottom\" width=\"62\">Direccion General de Asistencia Integral a la Victima del Delito<\/td>\n<td valign=\"bottom\" width=\"45\">Paran\u00e1<\/td>\n<td valign=\"bottom\" width=\"55\">Corrientes 526<\/td>\n<td valign=\"bottom\" width=\"97\"><\/td>\n<td valign=\"bottom\" width=\"203\"><\/td>\n<td valign=\"bottom\" width=\"67\"><\/td>\n<\/tr>\n<tr>\n<td rowspan=\"6\" valign=\"bottom\" width=\"41\">Entre R\u00edos<\/td>\n<td valign=\"bottom\" width=\"62\">Direcci\u00f3n Provincial<\/td>\n<td rowspan=\"6\" valign=\"bottom\" width=\"45\">Paran\u00e1<\/td>\n<td rowspan=\"6\" valign=\"bottom\" width=\"55\">Ecuador 60<\/td>\n<td rowspan=\"6\" valign=\"bottom\" width=\"97\"><strong>\u00a0\u00a0\u00a0\u00a0\u00a0\u00a0\u00a0\u00a0\u00a0\u00a0\u00a0\u00a00343-4208826\u00a0\u00a0\u00a0\u00a0\u00a0\u00a0<\/strong><\/td>\n<td rowspan=\"6\" valign=\"bottom\" width=\"203\"><span style=\"text-decoration: underline;\"><a href=\"mailto:direccionmujer@gmail.com\">direccionmujer@gmail.com<\/a><\/span><\/td>\n<td rowspan=\"6\" valign=\"bottom\" width=\"67\"><\/td>\n<\/tr>\n<tr>\n<td valign=\"bottom\" width=\"62\">de la Mujer<\/td>\n<\/tr>\n<tr>\n<td valign=\"bottom\" width=\"62\">Secretar\u00eda de<\/td>\n<\/tr>\n<tr>\n<td valign=\"bottom\" width=\"62\">Desarrollo Social<\/td>\n<\/tr>\n<tr>\n<td valign=\"bottom\" width=\"62\">Ministerio de Salud<\/td>\n<\/tr>\n<tr>\n<td valign=\"bottom\" width=\"62\">y Acci\u00f3n Social<\/td>\n<\/tr>\n<tr>\n<td rowspan=\"2\" valign=\"bottom\" width=\"41\">Formosa<\/td>\n<td rowspan=\"2\" valign=\"bottom\" width=\"62\">Secretar\u00eda de la Mujer<\/td>\n<td rowspan=\"2\" valign=\"bottom\" width=\"45\">Capital<\/td>\n<td rowspan=\"2\" valign=\"bottom\" width=\"55\">Espa\u00f1a 73 Alto<\/td>\n<td rowspan=\"2\" valign=\"bottom\" width=\"97\">03717-436372\/427591<\/td>\n<td valign=\"bottom\" width=\"203\"><span style=\"text-decoration: underline;\"><a href=\"mailto:secretariadelamujer@formosa.gov.ar\">secretariadela<\/a><\/span><\/td>\n<td rowspan=\"2\" valign=\"bottom\" width=\"67\"><\/td>\n<\/tr>\n<tr>\n<td valign=\"bottom\" width=\"203\"><span style=\"text-decoration: underline;\"><a href=\"mailto:secretariadelamujer@formosa.gov.ar\">mujer@formosa.gov.ar<\/a><\/span><\/td>\n<\/tr>\n<tr>\n<td rowspan=\"2\" valign=\"bottom\" width=\"41\">Jujuy<\/td>\n<td valign=\"bottom\" width=\"62\">Secretaria de<\/td>\n<td rowspan=\"2\" valign=\"bottom\" width=\"45\">Capital<\/td>\n<td rowspan=\"2\" valign=\"bottom\" width=\"55\">H.Yrigoyen 636<\/td>\n<td rowspan=\"2\" valign=\"bottom\" width=\"97\">0388-4235877\/4235887<\/td>\n<td rowspan=\"2\" valign=\"bottom\" width=\"203\"><span style=\"text-decoration: underline;\"><a href=\"mailto:sddhhjujuy@yahoo.com.ar\">sddhhjujuy@yahoo.com.ar<\/a><\/span><\/td>\n<td rowspan=\"2\" valign=\"bottom\" width=\"67\">Asistencia psicol\u00f3gica -Denuncias -Asesoramiento legal -Seguimiento de expedientes<\/td>\n<\/tr>\n<tr>\n<td valign=\"bottom\" width=\"62\">Derechos Humanos<\/td>\n<\/tr>\n<tr>\n<td rowspan=\"4\" valign=\"bottom\" width=\"41\">La Pampa<\/td>\n<td valign=\"bottom\" width=\"62\">Direcci\u00f3n de<\/td>\n<td rowspan=\"4\" valign=\"bottom\" width=\"45\">Capital<\/td>\n<td rowspan=\"4\" valign=\"bottom\" width=\"55\">Olascua 430<\/td>\n<td rowspan=\"4\" valign=\"bottom\" width=\"97\">02954-458043\/423580<\/td>\n<td valign=\"bottom\" width=\"203\"><span style=\"text-decoration: underline;\"><a href=\"mailto:dpaviolenciafamiliar@lapampa.gov.ar\">dpaviolencia<\/a><\/span><\/td>\n<td rowspan=\"4\" valign=\"bottom\" width=\"67\"><\/td>\n<\/tr>\n<tr>\n<td valign=\"bottom\" width=\"62\">Violencia Familiar<\/td>\n<td valign=\"bottom\" width=\"203\"><span style=\"text-decoration: underline;\"><a href=\"mailto:dpaviolenciafamiliar@lapampa.gov.ar\">familiar@lapampa.gov.ar<\/a><\/span><\/td>\n<\/tr>\n<tr>\n<td valign=\"bottom\" width=\"62\">Ministerio de<\/td>\n<td valign=\"bottom\" width=\"203\"><\/td>\n<\/tr>\n<tr>\n<td valign=\"bottom\" width=\"62\">Bienestar social<\/td>\n<td valign=\"bottom\" width=\"203\"><\/td>\n<\/tr>\n<tr>\n<td valign=\"bottom\" width=\"41\">La Pampa<\/td>\n<td valign=\"bottom\" width=\"62\">Centro de la Mujer- Municipalidad<\/td>\n<td valign=\"bottom\" width=\"45\">Santa Rosa<\/td>\n<td valign=\"bottom\" width=\"55\">Brasil 755<\/td>\n<td valign=\"bottom\" width=\"97\"><strong>\u00a0\u00a0\u00a0\u00a0\u00a0\u00a0\u00a0\u00a0\u00a0\u00a0\u00a0\u00a002954-45-5365\u00a0\u00a0\u00a0\u00a0\u00a0\u00a0<\/strong><\/td>\n<td valign=\"bottom\" width=\"203\"><\/td>\n<td valign=\"bottom\" width=\"67\"><\/td>\n<\/tr>\n<tr>\n<td rowspan=\"3\" valign=\"bottom\" width=\"41\">La Rioja<\/td>\n<td valign=\"bottom\" width=\"62\">Secretar\u00eda de la Mujer<\/td>\n<td rowspan=\"3\" valign=\"bottom\" width=\"45\">Capital<\/td>\n<td rowspan=\"3\" valign=\"bottom\" width=\"55\">Benjam\u00edn de la Vega 76<\/td>\n<td rowspan=\"3\" valign=\"bottom\" width=\"97\"><strong>\u00a0\u00a0\u00a0\u00a0\u00a0\u00a0\u00a0\u00a0\u00a0\u00a0\u00a0\u00a003822-468480\u00a0\u00a0\u00a0\u00a0\u00a0\u00a0<\/strong><\/td>\n<td valign=\"bottom\" width=\"203\">personal<\/td>\n<td rowspan=\"3\" valign=\"bottom\" width=\"67\"><\/td>\n<\/tr>\n<tr>\n<td valign=\"bottom\" width=\"62\">Secretar\u00eda General<\/td>\n<td valign=\"bottom\" width=\"203\"><span style=\"text-decoration: underline;\"><a href=\"mailto:lattucagabriela@yahoo.com.ar\">lattucagabriela@yahoo.com.ar<\/a><\/span><\/td>\n<\/tr>\n<tr>\n<td valign=\"bottom\" width=\"62\">de la Gobernaci\u00f3n<\/td>\n<td valign=\"bottom\" width=\"203\"><\/td>\n<\/tr>\n<tr>\n<td rowspan=\"3\" valign=\"bottom\" width=\"41\">Mendoza<\/td>\n<td valign=\"bottom\" width=\"62\">Instituto Provincial de la Mujer<\/td>\n<td rowspan=\"3\" valign=\"bottom\" width=\"45\">Capital<\/td>\n<td rowspan=\"3\" valign=\"bottom\" width=\"55\">Palacio de Gobierno ala este 1\u00ba piso<\/td>\n<td rowspan=\"3\" valign=\"bottom\" width=\"97\">0261-4492102\/08<\/td>\n<td valign=\"bottom\" width=\"203\"><span style=\"text-decoration: underline;\"><a href=\"mailto:institutodelamujer@mendoza.gov.ar\">institutodela<\/a><\/span><\/td>\n<td rowspan=\"3\" valign=\"bottom\" width=\"67\"><\/td>\n<\/tr>\n<tr>\n<td valign=\"bottom\" width=\"62\">Ministerio de Desarrollo Humano<\/td>\n<td valign=\"bottom\" width=\"203\"><span style=\"text-decoration: underline;\"><a href=\"mailto:institutodelamujer@mendoza.gov.ar\">mujer@mendoza.gov.ar<\/a><\/span><\/td>\n<\/tr>\n<tr>\n<td valign=\"bottom\" width=\"62\">Flia., y Comunidad<\/td>\n<td valign=\"bottom\" width=\"203\"><\/td>\n<\/tr>\n<tr>\n<td valign=\"bottom\" width=\"41\">Mendoza<\/td>\n<td valign=\"bottom\" width=\"62\">Atenci\u00f3n V\u00edctimas del Delito &#8211; Ministerio de Seguridad &#8211; Subsecretar\u00eda de Relaciones con la Comunidad<\/td>\n<td valign=\"bottom\" width=\"45\">Godoy Cruz<\/td>\n<td valign=\"bottom\" width=\"55\">Salta 678<\/td>\n<td valign=\"bottom\" width=\"97\">(0261) 4499427 \/ 9428<\/td>\n<td valign=\"bottom\" width=\"203\"><\/td>\n<td valign=\"bottom\" width=\"67\">atenci\u00f3n a v\u00edctimas de violaciones y abusos sexuales<\/td>\n<\/tr>\n<tr>\n<td rowspan=\"2\" valign=\"bottom\" width=\"41\">Mendoza<\/td>\n<td valign=\"bottom\" width=\"62\">Juzgado de Familia:<\/td>\n<td rowspan=\"2\" valign=\"bottom\" width=\"45\">Mendoza<\/td>\n<td rowspan=\"2\" valign=\"bottom\" width=\"55\">Mitre y Montevideo<\/td>\n<td valign=\"bottom\" width=\"97\">(0261) 4498010 \u00f3 4497902 \u00f3 4498011<\/td>\n<td rowspan=\"2\" valign=\"bottom\" width=\"203\"><\/td>\n<td rowspan=\"2\" valign=\"bottom\" width=\"67\"><\/td>\n<\/tr>\n<tr>\n<td valign=\"bottom\" width=\"62\">Secretar\u00eda Tutelar<\/td>\n<td valign=\"bottom\" width=\"97\">Urgencias: 156-540659<\/td>\n<\/tr>\n<tr>\n<td valign=\"bottom\" width=\"41\">Mendoza<\/td>\n<td valign=\"bottom\" width=\"62\">AMMAR Sindicato de Trabajadoras Sexuales<\/td>\n<td valign=\"bottom\" width=\"45\">Mendoza<\/td>\n<td valign=\"bottom\" width=\"55\">Patricias Mendocinas 1664 (Sal\u00f3n SUTE)<\/td>\n<td valign=\"bottom\" width=\"97\">(0261) 4258781<\/td>\n<td valign=\"bottom\" width=\"203\"><span style=\"text-decoration: underline;\"><a href=\"mailto:ammarmendoza@hotmail.com\">ammarmendoza@hotmail.com<\/a><\/span><\/td>\n<td valign=\"bottom\" width=\"67\"><\/td>\n<\/tr>\n<tr>\n<td valign=\"bottom\" width=\"41\">Mendoza<\/td>\n<td valign=\"bottom\" width=\"62\">Departamento Familia, Ni\u00f1ez y Adolescencia<\/td>\n<td valign=\"bottom\" width=\"45\">Mendoza Capital<\/td>\n<td valign=\"bottom\" width=\"55\">9 de Julio 500, Tercer Piso<\/td>\n<td valign=\"bottom\" width=\"97\">(0261) 4495164<\/td>\n<td valign=\"bottom\" width=\"203\"><\/td>\n<td valign=\"bottom\" width=\"67\">atenci\u00f3n directa a cargo de un equipo interdisciplinario (psic\u00f3loga, abogada, trabajadora social)<\/td>\n<\/tr>\n<tr>\n<td rowspan=\"4\" valign=\"bottom\" width=\"41\">Misiones<\/td>\n<td valign=\"bottom\" width=\"62\">Subsecretar\u00eda de la Mujer<\/td>\n<td rowspan=\"4\" valign=\"bottom\" width=\"45\">Capital<\/td>\n<td valign=\"bottom\" width=\"55\">Miguel D\u00e1vila 1056 Ctro, C\u00edvico<\/td>\n<td rowspan=\"4\" valign=\"bottom\" width=\"97\">03752-447228\/38<\/td>\n<td rowspan=\"4\" valign=\"bottom\" width=\"203\"><span style=\"text-decoration: underline;\"><a href=\"mailto:subsecretmyf@yahoo.com.ar\">subsecretmyf@yahoo.com.ar<\/a><\/span><\/td>\n<td rowspan=\"4\" valign=\"bottom\" width=\"67\"><\/td>\n<\/tr>\n<tr>\n<td valign=\"bottom\" width=\"62\">y la Familia<\/td>\n<td valign=\"bottom\" width=\"55\">Edificio II Piso 1\u00ba Tiro Federal<\/td>\n<\/tr>\n<tr>\n<td valign=\"bottom\" width=\"62\">Ministerio de Desarrollo Social<\/td>\n<td valign=\"bottom\" width=\"55\"><\/td>\n<\/tr>\n<tr>\n<td valign=\"bottom\" width=\"62\">Mujer y Juventud<\/td>\n<td valign=\"bottom\" width=\"55\"><\/td>\n<\/tr>\n<tr>\n<td rowspan=\"2\" valign=\"bottom\" width=\"41\">Misiones<\/td>\n<td valign=\"bottom\" width=\"62\">Direcci\u00f3n de Violencia Familiar y de G\u00e9nero (L\u00ednea 102)<\/td>\n<td rowspan=\"2\" valign=\"bottom\" width=\"45\">Posadas<\/td>\n<td valign=\"bottom\" width=\"55\">F\u00e9lix de Azara 1321, 1\u00ba y 2\u00ba Piso<\/td>\n<td rowspan=\"2\" valign=\"bottom\" width=\"97\"><strong>\u00a0\u00a0\u00a0\u00a0\u00a0\u00a0\u00a0\u00a0\u00a0\u00a0\u00a0\u00a003752-447257\u00a0\u00a0\u00a0\u00a0\u00a0\u00a0<\/strong><\/td>\n<td rowspan=\"2\" valign=\"bottom\" width=\"203\"><span style=\"text-decoration: underline;\"><a href=\"mailto:gloriabaez@arnet.com.ar\">gloriabaez@arnet.com.ar<\/a><\/span><\/td>\n<td rowspan=\"2\" valign=\"bottom\" width=\"67\"><\/td>\n<\/tr>\n<tr>\n<td valign=\"bottom\" width=\"62\">Ministerio de Bienestar Social, de la Mujer y de la Juventud<\/td>\n<td valign=\"bottom\" width=\"55\">C.P. 3300<\/td>\n<\/tr>\n<tr>\n<td rowspan=\"2\" valign=\"bottom\" width=\"41\">Neuqu\u00e9n<\/td>\n<td valign=\"bottom\" width=\"62\">Consejo Provincial de las Mujeres<\/td>\n<td rowspan=\"2\" valign=\"bottom\" width=\"45\">Capital<\/td>\n<td valign=\"bottom\" width=\"55\">Alderete 401<\/td>\n<td rowspan=\"2\" valign=\"bottom\" width=\"97\">0299-4483905\/4480659<\/td>\n<td valign=\"bottom\" width=\"203\"><span style=\"text-decoration: underline;\"><a href=\"mailto:consejodelasmujeresneuquen@hotmail.com\">consejodelasmujeres<\/a><\/span><\/td>\n<td rowspan=\"2\" valign=\"bottom\" width=\"67\"><\/td>\n<\/tr>\n<tr>\n<td valign=\"bottom\" width=\"62\">Ministerio de Desarrollo Social<\/td>\n<td valign=\"bottom\" width=\"55\">(esq. Mendoza)<\/td>\n<td valign=\"bottom\" width=\"203\"><span style=\"text-decoration: underline;\"><a href=\"mailto:consejodelasmujeresneuquen@hotmail.com\">neuquen@hotmail.com<\/a><\/span><\/td>\n<\/tr>\n<tr>\n<td valign=\"bottom\" width=\"41\">Neuqu\u00e9n<\/td>\n<td valign=\"bottom\" width=\"62\">Servicio de Violencia Familiar Subsecretar\u00eda de Acci\u00f3n Social<\/td>\n<td valign=\"bottom\" width=\"45\">Neuqu\u00e9n Capital<\/td>\n<td valign=\"bottom\" width=\"55\">Teniente Ib\u00e1\u00f1ez 524<\/td>\n<td valign=\"bottom\" width=\"97\">(0299) 4424282<\/td>\n<td valign=\"bottom\" width=\"203\"><\/td>\n<td valign=\"bottom\" width=\"67\">atenci\u00f3n directa a cargo de un equipo interdisciplinario (psic\u00f3loga, abogada, trabajadora social)<\/td>\n<\/tr>\n<tr>\n<td valign=\"bottom\" width=\"41\">R\u00edo Negro<\/td>\n<td valign=\"bottom\" width=\"62\">Hospital Allen<\/td>\n<td valign=\"bottom\" width=\"45\">Allen<\/td>\n<td valign=\"bottom\" width=\"55\">Quesuel S\/N C\u00f3digo Postal 8328<\/td>\n<td valign=\"bottom\" width=\"97\"><strong>\u00a0\u00a0\u00a0\u00a0\u00a0\u00a0\u00a0\u00a0\u00a0\u00a0\u00a0\u00a0<\/strong><strong>(02941) 458530\u00a0\u00a0\u00a0\u00a0\u00a0\u00a0<\/strong><\/td>\n<td valign=\"bottom\" width=\"203\"><\/td>\n<td valign=\"bottom\" width=\"67\"><\/td>\n<\/tr>\n<tr>\n<td valign=\"bottom\" width=\"41\">R\u00edo Negro<\/td>\n<td valign=\"bottom\" width=\"62\">Grupo de Ayuda Mutua ante la Violencia Familiar \u00abManos Entrelazadas\u00bb Hogar La Casita de la Mujer &#8211; Centro Comunitario San Pantale\u00f3n<\/td>\n<td valign=\"bottom\" width=\"45\">Allen<\/td>\n<td valign=\"bottom\" width=\"55\">14 de Abril 567 B\u00ba del Pinomir<\/td>\n<td valign=\"bottom\" width=\"97\">(02941) 450106 \/ 52547<\/td>\n<td valign=\"bottom\" width=\"203\"><span style=\"text-decoration: underline;\"><a href=\"mailto:silydor@yahoo.com.ar\">silydor@yahoo.com.ar<\/a><\/span><\/td>\n<td valign=\"bottom\" width=\"67\">atenci\u00f3n directa a cargo de una psic\u00f3loga y dos trabajadoras sociales<\/td>\n<\/tr>\n<tr>\n<td rowspan=\"2\" valign=\"bottom\" width=\"41\">R\u00edo Negro<\/td>\n<td valign=\"bottom\" width=\"62\">Consejo Provincial de la Mujer<\/td>\n<td rowspan=\"2\" valign=\"bottom\" width=\"45\">Capital<\/td>\n<td rowspan=\"2\" valign=\"bottom\" width=\"55\">Laprida 240 1\u00ba piso<\/td>\n<td rowspan=\"2\" valign=\"bottom\" width=\"97\"><strong>\u00a0\u00a0\u00a0\u00a0\u00a0\u00a0\u00a0\u00a0\u00a0\u00a0\u00a0\u00a002920-427894\u00a0\u00a0\u00a0\u00a0\u00a0\u00a0<\/strong><\/td>\n<td valign=\"bottom\" width=\"203\"><span style=\"text-decoration: underline;\"><a href=\"mailto:consejodelamujer@familia.gov.ar\">consejodela<\/a><\/span><\/td>\n<td rowspan=\"2\" valign=\"bottom\" width=\"67\"><\/td>\n<\/tr>\n<tr>\n<td valign=\"bottom\" width=\"62\">Ministerio de la Flia<\/td>\n<td valign=\"bottom\" width=\"203\"><span style=\"text-decoration: underline;\"><a href=\"mailto:consejodelamujer@familia.gov.ar\">mujer@familia.gov.ar<\/a><\/span><\/td>\n<\/tr>\n<tr>\n<td rowspan=\"4\" valign=\"bottom\" width=\"41\">Salta<\/td>\n<td valign=\"bottom\" width=\"62\">Consejo Provincial<\/td>\n<td rowspan=\"4\" valign=\"bottom\" width=\"45\">Salta Capital<\/td>\n<td rowspan=\"4\" valign=\"bottom\" width=\"55\">Guemes 562<\/td>\n<td rowspan=\"4\" valign=\"bottom\" width=\"97\">(0387) 4317130<\/td>\n<td valign=\"bottom\" width=\"203\"><span style=\"text-decoration: underline;\"><a href=\"mailto:programaviolenciafamiliarsalta@yahoo.com.ar\">cpmujer@salta.gov.ar\u00a0\/\u00a0<\/a><\/span><\/td>\n<td rowspan=\"4\" valign=\"bottom\" width=\"67\">atenci\u00f3n directa a cargo de un equipo interdisciplinario (psic\u00f3loga, abogada, trabajadora social) de lunes a viernes de 7 a 18hs<\/td>\n<\/tr>\n<tr>\n<td valign=\"bottom\" width=\"62\">de la Mujer<\/td>\n<td valign=\"bottom\" width=\"203\"><span style=\"text-decoration: underline;\"><a href=\"mailto:programaviolenciafamiliarsalta@yahoo.com.ar\">programaviolencia<\/a><\/span><\/td>\n<\/tr>\n<tr>\n<td valign=\"bottom\" width=\"62\">Ministerio de<\/td>\n<td valign=\"bottom\" width=\"203\"><span style=\"text-decoration: underline;\"><a href=\"mailto:programaviolenciafamiliarsalta@yahoo.com.ar\">familiarsalta@yahoo.com.ar<\/a><\/span><\/td>\n<\/tr>\n<tr>\n<td valign=\"bottom\" width=\"62\">Desarrollo Humano &#8211; Programa Violencia Familiar. Secretar\u00eda de Derechos Humanos<\/td>\n<td valign=\"bottom\" width=\"203\"><\/td>\n<\/tr>\n<tr>\n<td valign=\"bottom\" width=\"41\">Salta<\/td>\n<td valign=\"bottom\" width=\"62\">Area Municipal de la Mujer<\/td>\n<td valign=\"bottom\" width=\"45\">Salta Capital<\/td>\n<td valign=\"bottom\" width=\"55\">Mendoza 50<\/td>\n<td valign=\"bottom\" width=\"97\"><strong>\u00a0\u00a0\u00a0\u00a0\u00a0\u00a0\u00a0\u00a0\u00a0\u00a0\u00a0\u00a00387-437-3496\u00a0\u00a0\u00a0\u00a0\u00a0\u00a0<\/strong><\/td>\n<td valign=\"bottom\" width=\"203\"><span style=\"text-decoration: underline;\"><a href=\"mailto:aremujer.salta@gmail.com\">aremujer.salta@gmail.com<\/a><\/span><\/td>\n<td valign=\"bottom\" width=\"67\"><\/td>\n<\/tr>\n<tr>\n<td rowspan=\"5\" valign=\"bottom\" width=\"41\">San Juan<\/td>\n<td valign=\"bottom\" width=\"62\">Direcci\u00f3n de la mujer<\/td>\n<td rowspan=\"5\" valign=\"bottom\" width=\"45\">San Juan Capital<\/td>\n<td rowspan=\"5\" valign=\"bottom\" width=\"55\">25 de Mayo 451 oeste<\/td>\n<td rowspan=\"5\" valign=\"bottom\" width=\"97\">(0264) 4222713 \/<strong>\u00a0\u00a0\u00a0\u00a0\u00a0\u00a0\u00a0\u00a0\u00a0\u00a0\u00a0\u00a00800-6666-351\u00a0\u00a0\u00a0\u00a0\u00a0\u00a0<\/strong><\/td>\n<td rowspan=\"5\" valign=\"bottom\" width=\"203\"><span style=\"text-decoration: underline;\"><a href=\"mailto:sanjuanmujer@gmail.com\">sanjuanmujer@gmail.com<\/a><\/span><\/td>\n<td rowspan=\"5\" valign=\"bottom\" width=\"67\">atenci\u00f3n directa a cargo de un equipo interdisciplinario (psic\u00f3loga, abogada, trabajadora social) de lunes a viernes de 7 a 13hs<\/td>\n<\/tr>\n<tr>\n<td valign=\"bottom\" width=\"62\">y la familia<\/td>\n<\/tr>\n<tr>\n<td valign=\"bottom\" width=\"62\">Ministerio de<\/td>\n<\/tr>\n<tr>\n<td valign=\"bottom\" width=\"62\">Desarrollo Humano y<\/td>\n<\/tr>\n<tr>\n<td valign=\"bottom\" width=\"62\">Promoci\u00f3n Social<\/td>\n<\/tr>\n<tr>\n<td rowspan=\"4\" valign=\"bottom\" width=\"41\">San Luis<\/td>\n<td valign=\"bottom\" width=\"62\">Mujer y Comunidad Programa de Protecci\u00f3n Social y<\/td>\n<td rowspan=\"4\" valign=\"bottom\" width=\"45\">San Luis Capital<\/td>\n<td valign=\"bottom\" width=\"55\">Edificio Administrativo 5\u00ba Piso<\/td>\n<td rowspan=\"4\" valign=\"bottom\" width=\"97\">(02652) 451128 \/ 29<\/td>\n<td valign=\"bottom\" width=\"203\"><span style=\"text-decoration: underline;\"><a href=\"mailto:mujerycomunidadmp@yahoo.com.ar\">mujerycomunida<\/a><\/span><\/td>\n<td rowspan=\"4\" valign=\"bottom\" width=\"67\">atenci\u00f3n directa a cargo de un equipo interdisciplinario (psic\u00f3loga, abogada, trabajadora social) de lunes a viernes de 7 a 13hs<\/td>\n<\/tr>\n<tr>\n<td valign=\"bottom\" width=\"62\">Desarrollo Humano<\/td>\n<td valign=\"bottom\" width=\"55\">Casa de Gobierno<\/td>\n<td valign=\"bottom\" width=\"203\"><span style=\"text-decoration: underline;\"><a href=\"mailto:mujerycomunidadmp@yahoo.com.ar\">dmp@yahoo.com.ar<\/a><\/span><\/td>\n<\/tr>\n<tr>\n<td valign=\"bottom\" width=\"62\">Ministerio de Inclusi\u00f3n Social<\/td>\n<td valign=\"bottom\" width=\"55\"><\/td>\n<td valign=\"bottom\" width=\"203\"><\/td>\n<\/tr>\n<tr>\n<td valign=\"bottom\" width=\"62\">y Desarrollo Humano<\/td>\n<td valign=\"bottom\" width=\"55\"><\/td>\n<td valign=\"bottom\" width=\"203\"><\/td>\n<\/tr>\n<tr>\n<td valign=\"bottom\" width=\"41\">Santa Fe<\/td>\n<td valign=\"bottom\" width=\"62\">Centro de orientaci\u00f3n a la v\u00edctima de delitos sexuales<\/td>\n<td valign=\"bottom\" width=\"45\">Rosario<\/td>\n<td valign=\"bottom\" width=\"55\">Italia 2153, Planta Alta (Comisar\u00eda 5ta &#8211; Comisar\u00eda de la Mujer)<\/td>\n<td valign=\"bottom\" width=\"97\">(0341) 4728523<\/td>\n<td valign=\"bottom\" width=\"203\"><\/td>\n<td valign=\"bottom\" width=\"67\">atenci\u00f3n a v\u00edctimas de violaciones y abusos sexuales<\/td>\n<\/tr>\n<tr>\n<td rowspan=\"2\" valign=\"bottom\" width=\"41\">Santa Fe<\/td>\n<td rowspan=\"2\" valign=\"bottom\" width=\"62\">Casa de la Mujer<\/td>\n<td rowspan=\"2\" valign=\"bottom\" width=\"45\">Rosario<\/td>\n<td rowspan=\"2\" valign=\"bottom\" width=\"55\">San Nicol\u00e1s 281<\/td>\n<td valign=\"bottom\" width=\"97\"><strong>\u00a0\u00a0\u00a0\u00a0\u00a0\u00a0\u00a0\u00a0\u00a0\u00a0\u00a0\u00a00341-4302341\u00a0\u00a0\u00a0\u00a0\u00a0\u00a0<\/strong><\/td>\n<td valign=\"bottom\" width=\"203\"><span style=\"text-decoration: underline;\"><a href=\"mailto:casadelamujer@sinectis.com.ar\">casadela<\/a><\/span><\/td>\n<td rowspan=\"2\" valign=\"bottom\" width=\"67\"><\/td>\n<\/tr>\n<tr>\n<td valign=\"bottom\" width=\"97\">Lunes a viernes de 9hs a 14hs<\/td>\n<td valign=\"bottom\" width=\"203\"><span style=\"text-decoration: underline;\"><a href=\"mailto:casadelamujer@sinectis.com.ar\">mujer@sinectis.com.ar<\/a><\/span><\/td>\n<\/tr>\n<tr>\n<td rowspan=\"2\" valign=\"bottom\" width=\"41\">Santa Fe<\/td>\n<td rowspan=\"2\" valign=\"bottom\" width=\"62\">Centro Comunitario Alicia Moreau<\/td>\n<td rowspan=\"2\" valign=\"bottom\" width=\"45\">Rosario<\/td>\n<td rowspan=\"2\" valign=\"bottom\" width=\"55\">La Rep\u00fablica 6130<\/td>\n<td rowspan=\"2\" valign=\"bottom\" width=\"97\">(0341) 4399508<\/td>\n<td valign=\"bottom\" width=\"203\"><span style=\"text-decoration: underline;\"><a href=\"mailto:aliciamoreaucc@yahoo.com.ar\">aliciamoreau<\/a><\/span><\/td>\n<td rowspan=\"2\" valign=\"bottom\" width=\"67\">atenci\u00f3n directa a cargo de un equipo interdisciplinario (psic\u00f3loga, abogada, trabajadora social)<\/td>\n<\/tr>\n<tr>\n<td valign=\"bottom\" width=\"203\"><span style=\"text-decoration: underline;\"><a href=\"mailto:aliciamoreaucc@yahoo.com.ar\">cc@yahoo.com.ar<\/a><\/span><\/td>\n<\/tr>\n<tr>\n<td rowspan=\"2\" valign=\"bottom\" width=\"41\">Santa Fe<\/td>\n<td rowspan=\"2\" valign=\"bottom\" width=\"62\">Defensor\u00eda del Pueblo &#8211; Centro de asistencia a la v\u00edctima y al testigo<\/td>\n<td rowspan=\"2\" valign=\"bottom\" width=\"45\">Rosario<\/td>\n<td rowspan=\"2\" valign=\"bottom\" width=\"55\">Pje. \u00c1lvarez 1516 (C\u00f3rdoba y Pte. Roca)<\/td>\n<td rowspan=\"2\" valign=\"bottom\" width=\"97\">(0341) 4721112<\/td>\n<td valign=\"bottom\" width=\"203\"><span style=\"text-decoration: underline;\"><a href=\"mailto:cavrosario@defensorsantafe.gov.ar\">cavrosario@defensor<\/a><\/span><\/td>\n<td rowspan=\"2\" valign=\"bottom\" width=\"67\">atenci\u00f3n directa a cargo de un equipo interdisciplinario (psic\u00f3loga, abogada, trabajadora social) de lunes a viernes de 7 a 14hs<\/td>\n<\/tr>\n<tr>\n<td valign=\"bottom\" width=\"203\"><span style=\"text-decoration: underline;\"><a href=\"mailto:cavrosario@defensorsantafe.gov.ar\">santafe.gov.ar<\/a><\/span><\/td>\n<\/tr>\n<tr>\n<td valign=\"bottom\" width=\"41\">Santa Fe<\/td>\n<td valign=\"bottom\" width=\"62\">Programa Grupo El Refugio \u00abPrevenci\u00f3n de las relaciones afectivas violentas\u00bb (para adolescentes) (gratuito) \/ Casa de la Mujer<\/td>\n<td valign=\"bottom\" width=\"45\">Rosario<\/td>\n<td valign=\"bottom\" width=\"55\">San Nicol\u00e1s 281<\/td>\n<td valign=\"bottom\" width=\"97\">(0341) 4302341<\/td>\n<td valign=\"bottom\" width=\"203\"><\/td>\n<td valign=\"bottom\" width=\"67\">atenci\u00f3n directa a cargo de un equipo interdisciplinario (psic\u00f3loga, abogada, trabajadora social) de lunes a viernes de 9 a 14hs<\/td>\n<\/tr>\n<tr>\n<td rowspan=\"3\" valign=\"bottom\" width=\"41\">Santa Fe<\/td>\n<td valign=\"bottom\" width=\"62\">Programa de prevenci\u00f3n y atenci\u00f3n en<\/td>\n<td rowspan=\"3\" valign=\"bottom\" width=\"45\">Rosario<\/td>\n<td rowspan=\"3\" valign=\"bottom\" width=\"55\">Santa Fe 638<\/td>\n<td valign=\"bottom\" width=\"97\">Tel\u00e9fono Verde, l\u00ednea gratuita<\/td>\n<td rowspan=\"3\" valign=\"bottom\" width=\"203\"><\/td>\n<td rowspan=\"3\" valign=\"bottom\" width=\"67\"><\/td>\n<\/tr>\n<tr>\n<td valign=\"bottom\" width=\"62\">Violencia Familiar, Area de la Mujer,<\/td>\n<td valign=\"bottom\" width=\"97\"><strong>\u00a0\u00a0\u00a0\u00a0\u00a0\u00a0\u00a0\u00a0\u00a0\u00a0\u00a0\u00a00800-444-0420\u00a0\u00a0\u00a0\u00a0\u00a0\u00a0<\/strong><\/td>\n<\/tr>\n<tr>\n<td valign=\"bottom\" width=\"62\">Secretar\u00eda de Promoci\u00f3n Social, Municipalidad.<\/td>\n<td valign=\"bottom\" width=\"97\"><strong>\u00a0\u00a0\u00a0\u00a0\u00a0\u00a0\u00a0\u00a0\u00a0\u00a0\u00a0\u00a00341-480-2446\u00a0\u00a0\u00a0\u00a0\u00a0\u00a0<\/strong><\/td>\n<\/tr>\n<tr>\n<td rowspan=\"5\" valign=\"bottom\" width=\"41\">Santa Fe<\/td>\n<td valign=\"bottom\" width=\"62\">Equipo Interdisciplinario de Violencia Familiar<\/td>\n<td rowspan=\"5\" valign=\"bottom\" width=\"45\">Santa F\u00e9<\/td>\n<td rowspan=\"5\" valign=\"bottom\" width=\"55\">San Jos\u00e9 1701<\/td>\n<td rowspan=\"5\" valign=\"bottom\" width=\"97\"><strong>\u00a0\u00a0\u00a0\u00a0\u00a0\u00a0\u00a0\u00a0\u00a0\u00a0\u00a0\u00a00342-4572888\u00a0\u00a0\u00a0\u00a0\u00a0\u00a0<\/strong><\/td>\n<td rowspan=\"5\" valign=\"bottom\" width=\"203\"><\/td>\n<td rowspan=\"5\" valign=\"bottom\" width=\"67\"><\/td>\n<\/tr>\n<tr>\n<td valign=\"bottom\" width=\"62\">Direcci\u00f3n Provincial del Menor, la Mujer y<\/td>\n<\/tr>\n<tr>\n<td valign=\"bottom\" width=\"62\">la Familia<\/td>\n<\/tr>\n<tr>\n<td valign=\"bottom\" width=\"62\">Secretar\u00eda de Estado de Promoci\u00f3n<\/td>\n<\/tr>\n<tr>\n<td valign=\"bottom\" width=\"62\">Comunitaria<\/td>\n<\/tr>\n<tr>\n<td rowspan=\"6\" valign=\"bottom\" width=\"41\">Santa F\u00e9<\/td>\n<td valign=\"bottom\" width=\"62\">Direcci\u00f3n Provincial de las<\/td>\n<td rowspan=\"6\" valign=\"bottom\" width=\"45\">Rosario<\/td>\n<td rowspan=\"6\" valign=\"bottom\" width=\"55\">Mendoza 1085 6\u00ba Piso &#8211; Rosario<\/td>\n<td rowspan=\"6\" valign=\"bottom\" width=\"97\"><strong>\u00a0\u00a0\u00a0\u00a0\u00a0\u00a0\u00a0\u00a0\u00a0\u00a0\u00a0\u00a00342-4721800\u00a0\u00a0\u00a0\u00a0\u00a0\u00a0<\/strong><\/td>\n<td valign=\"bottom\" width=\"203\"><span style=\"text-decoration: underline;\"><a href=\"mailto:direccionprovincialdelasmujeres@santafe.gov.ar\">direccionprovincialdelas<\/a><\/span><\/td>\n<td rowspan=\"6\" valign=\"bottom\" width=\"67\"><\/td>\n<\/tr>\n<tr>\n<td valign=\"bottom\" width=\"62\">Mujeres<\/td>\n<td valign=\"bottom\" width=\"203\"><span style=\"text-decoration: underline;\"><a href=\"mailto:direccionprovincialdelasmujeres@santafe.gov.ar\">mujeres@santafe.gov.ar<\/a><\/span><\/td>\n<\/tr>\n<tr>\n<td valign=\"bottom\" width=\"62\">Secretar\u00eda de Desarrollo<\/td>\n<td valign=\"bottom\" width=\"203\"><\/td>\n<\/tr>\n<tr>\n<td valign=\"bottom\" width=\"62\">para la Ciudadan\u00eda<\/td>\n<td valign=\"bottom\" width=\"203\"><\/td>\n<\/tr>\n<tr>\n<td valign=\"bottom\" width=\"62\">Ministerio de Desarrollo<\/td>\n<td valign=\"bottom\" width=\"203\"><\/td>\n<\/tr>\n<tr>\n<td valign=\"bottom\" width=\"62\">Social<\/td>\n<td valign=\"bottom\" width=\"203\"><\/td>\n<\/tr>\n<tr>\n<td valign=\"bottom\" width=\"41\">Santiago del Estero<\/td>\n<td valign=\"bottom\" width=\"62\">Programa de atencion a la Mujer Victima de Violencias- Subsecretaria de Derechos Humanos<\/td>\n<td valign=\"bottom\" width=\"45\">Capital<\/td>\n<td valign=\"bottom\" width=\"55\">Salta al 326<\/td>\n<td valign=\"bottom\" width=\"97\">0385-450-4448\/6<\/td>\n<td valign=\"bottom\" width=\"203\"><\/td>\n<td valign=\"bottom\" width=\"67\"><\/td>\n<\/tr>\n<tr>\n<td valign=\"bottom\" width=\"41\">Santiago<\/td>\n<td valign=\"bottom\" width=\"62\">Secretar\u00eda de<\/td>\n<td rowspan=\"2\" valign=\"bottom\" width=\"45\">Capital<\/td>\n<td rowspan=\"2\" valign=\"bottom\" width=\"55\">Salta 326<\/td>\n<td rowspan=\"2\" valign=\"bottom\" width=\"97\">0385-4504448\/6<\/td>\n<td rowspan=\"2\" valign=\"bottom\" width=\"203\"><\/td>\n<td rowspan=\"2\" valign=\"bottom\" width=\"67\"><\/td>\n<\/tr>\n<tr>\n<td valign=\"bottom\" width=\"41\">del Estero<\/td>\n<td valign=\"bottom\" width=\"62\">Derechos Humanos<\/td>\n<\/tr>\n<tr>\n<td rowspan=\"2\" valign=\"bottom\" width=\"41\">Sta Cruz<\/td>\n<td valign=\"bottom\" width=\"62\">Subsecretar\u00eda de la Mujer<\/td>\n<td rowspan=\"2\" valign=\"bottom\" width=\"45\">R\u00edo Gallegos<\/td>\n<td rowspan=\"2\" valign=\"bottom\" width=\"55\">Perito Moreno 175<\/td>\n<td rowspan=\"2\" valign=\"bottom\" width=\"97\">02966-436811\/436831<\/td>\n<td valign=\"bottom\" width=\"203\"><span style=\"text-decoration: underline;\"><a href=\"mailto:mujerycomunidadmp@yahoo.com.ar\">mujerycomunidad<\/a><\/span><\/td>\n<td rowspan=\"2\" valign=\"bottom\" width=\"67\"><\/td>\n<\/tr>\n<tr>\n<td valign=\"bottom\" width=\"62\">Ministerio de Gobierno<\/td>\n<td valign=\"bottom\" width=\"203\"><span style=\"text-decoration: underline;\"><a href=\"mailto:mujerycomunidadmp@yahoo.com.ar\">mp@yahoo.com.ar<\/a><\/span><\/td>\n<\/tr>\n<tr>\n<td rowspan=\"2\" valign=\"bottom\" width=\"41\">Tierra del Fuego<\/td>\n<td valign=\"bottom\" width=\"62\">Consejo Provincial de la Mujer<\/td>\n<td rowspan=\"2\" valign=\"bottom\" width=\"45\">R\u00edo grande<\/td>\n<td rowspan=\"2\" valign=\"bottom\" width=\"55\">Prefectura Naval 377 R\u00edo Grande<\/td>\n<td rowspan=\"2\" valign=\"bottom\" width=\"97\"><strong>\u00a0\u00a0\u00a0\u00a0\u00a0\u00a0\u00a0\u00a0\u00a0\u00a0\u00a0\u00a002964-444507\u00a0\u00a0\u00a0\u00a0\u00a0\u00a0<\/strong><\/td>\n<td rowspan=\"2\" valign=\"bottom\" width=\"203\"><span style=\"text-decoration: underline;\"><a href=\"mailto:cprmtdf@hotmail.com\">cprmtdf@hotmail.com<\/a><\/span><\/td>\n<td rowspan=\"2\" valign=\"bottom\" width=\"67\"><\/td>\n<\/tr>\n<tr>\n<td valign=\"bottom\" width=\"62\">Ministerio de Desarrollo Social<\/td>\n<\/tr>\n<tr>\n<td rowspan=\"2\" valign=\"bottom\" width=\"41\">Tucum\u00e1n<\/td>\n<td rowspan=\"2\" valign=\"bottom\" width=\"62\">Comisi\u00f3n Interministerial de Acciones para la mujer Ministerio de Desarrollo Social<\/td>\n<td rowspan=\"2\" valign=\"bottom\" width=\"45\">San Miguel de Tucum\u00e1n<\/td>\n<td valign=\"bottom\" width=\"55\">25 de Mayo 90<\/td>\n<td rowspan=\"2\" valign=\"bottom\" width=\"97\"><strong>\u00a0\u00a0\u00a0\u00a0\u00a0\u00a0\u00a0\u00a0\u00a0\u00a0\u00a0\u00a00381-4844000\u00a0\u00a0\u00a0\u00a0\u00a0\u00a0<\/strong><\/td>\n<td valign=\"bottom\" width=\"203\"><span style=\"text-decoration: underline;\"><a href=\"mailto:areamujertucuman@cnm.gov.ar\">areamujer<\/a><\/span><\/td>\n<td rowspan=\"2\" valign=\"bottom\" width=\"67\"><\/td>\n<\/tr>\n<tr>\n<td valign=\"bottom\" width=\"55\">Casa de Gobierno<\/td>\n<td valign=\"bottom\" width=\"203\"><span style=\"text-decoration: underline;\"><a href=\"mailto:areamujertucuman@cnm.gov.ar\">tucuman@cnm.gov.ar<\/a><\/span><\/td>\n<\/tr>\n<tr>\n<td valign=\"bottom\" width=\"41\">Tucum\u00e1n<\/td>\n<td valign=\"bottom\" width=\"62\">DEPARTAMENTO DE VIOLENCIA, MUJER Y DERECHOS HUMANOS &#8211; (Municipalidad de San Miguel de Tucum\u00e1n)<\/td>\n<td valign=\"bottom\" width=\"45\">San Miguel de Tucum\u00e1n<\/td>\n<td valign=\"bottom\" width=\"55\">Av. Roca 255<\/td>\n<td valign=\"bottom\" width=\"97\">Tel\u00e9fonos:<strong>\u00a0\u00a0\u00a0\u00a0\u00a0\u00a0\u00a0\u00a0\u00a0\u00a0\u00a0\u00a0(0381) 4525643\u00a0\u00a0\u00a0\u00a0\u00a0\u00a0<\/strong><\/td>\n<td valign=\"bottom\" width=\"203\"><\/td>\n<td valign=\"bottom\" width=\"67\"><\/td>\n<\/tr>\n<\/tbody>\n<\/table>\n<p>&nbsp;<\/p>\n","protected":false},"excerpt":{"rendered":"<p>&nbsp; Centros de atenci\u00f3n\/derivaci\u00f3n a las V\u00cdCTIMAS DE VIOLENCIA N\u00fameros telef\u00f3nicos de atenci\u00f3n: Provincia \u00c1rea Localidad Domicilio Tel\u00e9fono e_mail Prestaciones Buenos Aires Programa de Atenci\u00f3n a Mujeres V\u00edctimas de Violencia (AVM) Secretar\u00eda de Derechos Humanos 911 y\u00a0\u00a0\u00a0\u00a0\u00a0\u00a0\u00a0\u00a0\u00a0\u00a0\u00a0\u00a0\u00a00800-555-0137\u00a0\u00a0\u00a0\u00a0\u00a0\u00a0las 24 hs. los 365 d\u00edas del a\u00f1o Buenos Aires Consejo provincial de la familia y desarrollo humano. Gobernaci\u00f3n [&hellip;]<\/p>\n","protected":false},"author":1,"featured_media":0,"comment_status":"open","ping_status":"open","sticky":false,"template":"","format":"standard","meta":{"iawp_total_views":19,"footnotes":""},"categories":[4,13,2],"tags":[],"class_list":["post-3168","post","type-post","status-publish","format-standard","hentry","category-medios","category-mujeres-sindicalistas","category-sin-categoria"],"nelio_content":{"autoShareEndMode":"never","automationSources":{"useCustomSentences":false,"customSentences":[]},"efiAlt":"","efiUrl":"","followers":[],"highlights":[],"isAutoShareEnabled":true,"networkImageIds":[],"permalinkQueryArgs":[],"series":[],"suggestedReferences":[]},"yoast_head":"<!-- This site is optimized with the Yoast SEO plugin v27.4 - https:\/\/yoast.com\/product\/yoast-seo-wordpress\/ -->\n<title>Argentina: Centros de Atenci\u00f3n a las V\u00edctimas de Violencia en todo el pa\u00eds - Diario Digital Femenino<\/title>\n<meta name=\"robots\" content=\"index, follow, max-snippet:-1, max-image-preview:large, max-video-preview:-1\" \/>\n<link rel=\"canonical\" href=\"https:\/\/diariofemenino.com.ar\/df\/3168-2\/\" \/>\n<meta property=\"og:locale\" content=\"es_ES\" \/>\n<meta property=\"og:type\" content=\"article\" \/>\n<meta property=\"og:title\" content=\"Argentina: Centros de Atenci\u00f3n a las V\u00edctimas de Violencia en todo el pa\u00eds - Diario Digital Femenino\" \/>\n<meta property=\"og:description\" content=\"&nbsp; Centros de atenci\u00f3n\/derivaci\u00f3n a las V\u00cdCTIMAS DE VIOLENCIA N\u00fameros telef\u00f3nicos de atenci\u00f3n: Provincia \u00c1rea Localidad Domicilio Tel\u00e9fono e_mail Prestaciones Buenos Aires Programa de Atenci\u00f3n a Mujeres V\u00edctimas de Violencia (AVM) Secretar\u00eda de Derechos Humanos 911 y\u00a0\u00a0\u00a0\u00a0\u00a0\u00a0\u00a0\u00a0\u00a0\u00a0\u00a0\u00a0\u00a00800-555-0137\u00a0\u00a0\u00a0\u00a0\u00a0\u00a0las 24 hs. los 365 d\u00edas del a\u00f1o Buenos Aires Consejo provincial de la familia y desarrollo humano. Gobernaci\u00f3n [&hellip;]\" \/>\n<meta property=\"og:url\" content=\"https:\/\/diariofemenino.com.ar\/df\/3168-2\/\" \/>\n<meta property=\"og:site_name\" content=\"Diario Digital Femenino\" \/>\n<meta property=\"article:publisher\" content=\"https:\/\/www.facebook.com\/DiarioDigitaFemenino\/\" \/>\n<meta property=\"article:published_time\" content=\"2012-08-16T02:38:07+00:00\" \/>\n<meta property=\"og:image\" content=\"https:\/\/diariofemenino.com.ar\/df\/wp-content\/uploads\/2016\/10\/logo-negro.png\" \/>\n\t<meta property=\"og:image:width\" content=\"855\" \/>\n\t<meta property=\"og:image:height\" content=\"319\" \/>\n\t<meta property=\"og:image:type\" content=\"image\/png\" \/>\n<meta name=\"author\" content=\"Admin\" \/>\n<meta name=\"twitter:card\" content=\"summary_large_image\" \/>\n<meta name=\"twitter:creator\" content=\"@DiarioFemenino1\" \/>\n<meta name=\"twitter:site\" content=\"@DiarioFemenino1\" \/>\n<meta name=\"twitter:label1\" content=\"Escrito por\" \/>\n\t<meta name=\"twitter:data1\" content=\"Admin\" \/>\n\t<meta name=\"twitter:label2\" content=\"Tiempo de lectura\" \/>\n\t<meta name=\"twitter:data2\" content=\"14 minutos\" \/>\n<script type=\"application\/ld+json\" class=\"yoast-schema-graph\">{\"@context\":\"https:\\\/\\\/schema.org\",\"@graph\":[{\"@type\":\"Article\",\"@id\":\"https:\\\/\\\/diariofemenino.com.ar\\\/df\\\/3168-2\\\/#article\",\"isPartOf\":{\"@id\":\"https:\\\/\\\/diariofemenino.com.ar\\\/df\\\/3168-2\\\/\"},\"author\":{\"name\":\"Admin\",\"@id\":\"https:\\\/\\\/diariofemenino.com.ar\\\/df\\\/#\\\/schema\\\/person\\\/38f54b3bfd13f561de2460ba95c169c6\"},\"headline\":\"Argentina: Centros de Atenci\u00f3n a las V\u00edctimas de Violencia en todo el pa\u00eds\",\"datePublished\":\"2012-08-16T02:38:07+00:00\",\"mainEntityOfPage\":{\"@id\":\"https:\\\/\\\/diariofemenino.com.ar\\\/df\\\/3168-2\\\/\"},\"wordCount\":2839,\"commentCount\":1,\"publisher\":{\"@id\":\"https:\\\/\\\/diariofemenino.com.ar\\\/df\\\/#organization\"},\"articleSection\":[\"Medios\",\"Mujeres Sindicalistas\"],\"inLanguage\":\"es\",\"potentialAction\":[{\"@type\":\"CommentAction\",\"name\":\"Comment\",\"target\":[\"https:\\\/\\\/diariofemenino.com.ar\\\/df\\\/3168-2\\\/#respond\"]}]},{\"@type\":\"WebPage\",\"@id\":\"https:\\\/\\\/diariofemenino.com.ar\\\/df\\\/3168-2\\\/\",\"url\":\"https:\\\/\\\/diariofemenino.com.ar\\\/df\\\/3168-2\\\/\",\"name\":\"Argentina: Centros de Atenci\u00f3n a las V\u00edctimas de Violencia en todo el pa\u00eds - Diario Digital Femenino\",\"isPartOf\":{\"@id\":\"https:\\\/\\\/diariofemenino.com.ar\\\/df\\\/#website\"},\"datePublished\":\"2012-08-16T02:38:07+00:00\",\"breadcrumb\":{\"@id\":\"https:\\\/\\\/diariofemenino.com.ar\\\/df\\\/3168-2\\\/#breadcrumb\"},\"inLanguage\":\"es\",\"potentialAction\":[{\"@type\":\"ReadAction\",\"target\":[\"https:\\\/\\\/diariofemenino.com.ar\\\/df\\\/3168-2\\\/\"]}]},{\"@type\":\"BreadcrumbList\",\"@id\":\"https:\\\/\\\/diariofemenino.com.ar\\\/df\\\/3168-2\\\/#breadcrumb\",\"itemListElement\":[{\"@type\":\"ListItem\",\"position\":1,\"name\":\"Portada\",\"item\":\"https:\\\/\\\/diariofemenino.com.ar\\\/df\\\/\"},{\"@type\":\"ListItem\",\"position\":2,\"name\":\"Argentina: Centros de Atenci\u00f3n a las V\u00edctimas de Violencia en todo el pa\u00eds\"}]},{\"@type\":\"WebSite\",\"@id\":\"https:\\\/\\\/diariofemenino.com.ar\\\/df\\\/#website\",\"url\":\"https:\\\/\\\/diariofemenino.com.ar\\\/df\\\/\",\"name\":\"Diario Digital Femenino\",\"description\":\"Cuesti\u00f3n de G\u00e9nero\",\"publisher\":{\"@id\":\"https:\\\/\\\/diariofemenino.com.ar\\\/df\\\/#organization\"},\"potentialAction\":[{\"@type\":\"SearchAction\",\"target\":{\"@type\":\"EntryPoint\",\"urlTemplate\":\"https:\\\/\\\/diariofemenino.com.ar\\\/df\\\/?s={search_term_string}\"},\"query-input\":{\"@type\":\"PropertyValueSpecification\",\"valueRequired\":true,\"valueName\":\"search_term_string\"}}],\"inLanguage\":\"es\"},{\"@type\":\"Organization\",\"@id\":\"https:\\\/\\\/diariofemenino.com.ar\\\/df\\\/#organization\",\"name\":\"Diario Femenino\",\"url\":\"https:\\\/\\\/diariofemenino.com.ar\\\/df\\\/\",\"logo\":{\"@type\":\"ImageObject\",\"inLanguage\":\"es\",\"@id\":\"https:\\\/\\\/diariofemenino.com.ar\\\/df\\\/#\\\/schema\\\/logo\\\/image\\\/\",\"url\":\"https:\\\/\\\/diariofemenino.com.ar\\\/df\\\/wp-content\\\/uploads\\\/2018\\\/10\\\/logo.png\",\"contentUrl\":\"https:\\\/\\\/diariofemenino.com.ar\\\/df\\\/wp-content\\\/uploads\\\/2018\\\/10\\\/logo.png\",\"width\":500,\"height\":92,\"caption\":\"Diario Femenino\"},\"image\":{\"@id\":\"https:\\\/\\\/diariofemenino.com.ar\\\/df\\\/#\\\/schema\\\/logo\\\/image\\\/\"},\"sameAs\":[\"https:\\\/\\\/www.facebook.com\\\/DiarioDigitaFemenino\\\/\",\"https:\\\/\\\/x.com\\\/DiarioFemenino1\"]},{\"@type\":\"Person\",\"@id\":\"https:\\\/\\\/diariofemenino.com.ar\\\/df\\\/#\\\/schema\\\/person\\\/38f54b3bfd13f561de2460ba95c169c6\",\"name\":\"Admin\",\"image\":{\"@type\":\"ImageObject\",\"inLanguage\":\"es\",\"@id\":\"https:\\\/\\\/diariofemenino.com.ar\\\/df\\\/wp-content\\\/uploads\\\/2018\\\/12\\\/favicon-150x150.jpg\",\"url\":\"https:\\\/\\\/diariofemenino.com.ar\\\/df\\\/wp-content\\\/uploads\\\/2018\\\/12\\\/favicon-150x150.jpg\",\"contentUrl\":\"https:\\\/\\\/diariofemenino.com.ar\\\/df\\\/wp-content\\\/uploads\\\/2018\\\/12\\\/favicon-150x150.jpg\",\"caption\":\"Admin\"},\"url\":\"https:\\\/\\\/diariofemenino.com.ar\\\/df\\\/author\\\/adm18df\\\/\"}]}<\/script>\n<!-- \/ Yoast SEO plugin. -->","yoast_head_json":{"title":"Argentina: Centros de Atenci\u00f3n a las V\u00edctimas de Violencia en todo el pa\u00eds - Diario Digital Femenino","robots":{"index":"index","follow":"follow","max-snippet":"max-snippet:-1","max-image-preview":"max-image-preview:large","max-video-preview":"max-video-preview:-1"},"canonical":"https:\/\/diariofemenino.com.ar\/df\/3168-2\/","og_locale":"es_ES","og_type":"article","og_title":"Argentina: Centros de Atenci\u00f3n a las V\u00edctimas de Violencia en todo el pa\u00eds - Diario Digital Femenino","og_description":"&nbsp; Centros de atenci\u00f3n\/derivaci\u00f3n a las V\u00cdCTIMAS DE VIOLENCIA N\u00fameros telef\u00f3nicos de atenci\u00f3n: Provincia \u00c1rea Localidad Domicilio Tel\u00e9fono e_mail Prestaciones Buenos Aires Programa de Atenci\u00f3n a Mujeres V\u00edctimas de Violencia (AVM) Secretar\u00eda de Derechos Humanos 911 y\u00a0\u00a0\u00a0\u00a0\u00a0\u00a0\u00a0\u00a0\u00a0\u00a0\u00a0\u00a0\u00a00800-555-0137\u00a0\u00a0\u00a0\u00a0\u00a0\u00a0las 24 hs. los 365 d\u00edas del a\u00f1o Buenos Aires Consejo provincial de la familia y desarrollo humano. Gobernaci\u00f3n [&hellip;]","og_url":"https:\/\/diariofemenino.com.ar\/df\/3168-2\/","og_site_name":"Diario Digital Femenino","article_publisher":"https:\/\/www.facebook.com\/DiarioDigitaFemenino\/","article_published_time":"2012-08-16T02:38:07+00:00","og_image":[{"width":855,"height":319,"url":"https:\/\/diariofemenino.com.ar\/df\/wp-content\/uploads\/2016\/10\/logo-negro.png","type":"image\/png"}],"author":"Admin","twitter_card":"summary_large_image","twitter_creator":"@DiarioFemenino1","twitter_site":"@DiarioFemenino1","twitter_misc":{"Escrito por":"Admin","Tiempo de lectura":"14 minutos"},"schema":{"@context":"https:\/\/schema.org","@graph":[{"@type":"Article","@id":"https:\/\/diariofemenino.com.ar\/df\/3168-2\/#article","isPartOf":{"@id":"https:\/\/diariofemenino.com.ar\/df\/3168-2\/"},"author":{"name":"Admin","@id":"https:\/\/diariofemenino.com.ar\/df\/#\/schema\/person\/38f54b3bfd13f561de2460ba95c169c6"},"headline":"Argentina: Centros de Atenci\u00f3n a las V\u00edctimas de Violencia en todo el pa\u00eds","datePublished":"2012-08-16T02:38:07+00:00","mainEntityOfPage":{"@id":"https:\/\/diariofemenino.com.ar\/df\/3168-2\/"},"wordCount":2839,"commentCount":1,"publisher":{"@id":"https:\/\/diariofemenino.com.ar\/df\/#organization"},"articleSection":["Medios","Mujeres Sindicalistas"],"inLanguage":"es","potentialAction":[{"@type":"CommentAction","name":"Comment","target":["https:\/\/diariofemenino.com.ar\/df\/3168-2\/#respond"]}]},{"@type":"WebPage","@id":"https:\/\/diariofemenino.com.ar\/df\/3168-2\/","url":"https:\/\/diariofemenino.com.ar\/df\/3168-2\/","name":"Argentina: Centros de Atenci\u00f3n a las V\u00edctimas de Violencia en todo el pa\u00eds - Diario Digital Femenino","isPartOf":{"@id":"https:\/\/diariofemenino.com.ar\/df\/#website"},"datePublished":"2012-08-16T02:38:07+00:00","breadcrumb":{"@id":"https:\/\/diariofemenino.com.ar\/df\/3168-2\/#breadcrumb"},"inLanguage":"es","potentialAction":[{"@type":"ReadAction","target":["https:\/\/diariofemenino.com.ar\/df\/3168-2\/"]}]},{"@type":"BreadcrumbList","@id":"https:\/\/diariofemenino.com.ar\/df\/3168-2\/#breadcrumb","itemListElement":[{"@type":"ListItem","position":1,"name":"Portada","item":"https:\/\/diariofemenino.com.ar\/df\/"},{"@type":"ListItem","position":2,"name":"Argentina: Centros de Atenci\u00f3n a las V\u00edctimas de Violencia en todo el pa\u00eds"}]},{"@type":"WebSite","@id":"https:\/\/diariofemenino.com.ar\/df\/#website","url":"https:\/\/diariofemenino.com.ar\/df\/","name":"Diario Digital Femenino","description":"Cuesti\u00f3n de G\u00e9nero","publisher":{"@id":"https:\/\/diariofemenino.com.ar\/df\/#organization"},"potentialAction":[{"@type":"SearchAction","target":{"@type":"EntryPoint","urlTemplate":"https:\/\/diariofemenino.com.ar\/df\/?s={search_term_string}"},"query-input":{"@type":"PropertyValueSpecification","valueRequired":true,"valueName":"search_term_string"}}],"inLanguage":"es"},{"@type":"Organization","@id":"https:\/\/diariofemenino.com.ar\/df\/#organization","name":"Diario Femenino","url":"https:\/\/diariofemenino.com.ar\/df\/","logo":{"@type":"ImageObject","inLanguage":"es","@id":"https:\/\/diariofemenino.com.ar\/df\/#\/schema\/logo\/image\/","url":"https:\/\/diariofemenino.com.ar\/df\/wp-content\/uploads\/2018\/10\/logo.png","contentUrl":"https:\/\/diariofemenino.com.ar\/df\/wp-content\/uploads\/2018\/10\/logo.png","width":500,"height":92,"caption":"Diario Femenino"},"image":{"@id":"https:\/\/diariofemenino.com.ar\/df\/#\/schema\/logo\/image\/"},"sameAs":["https:\/\/www.facebook.com\/DiarioDigitaFemenino\/","https:\/\/x.com\/DiarioFemenino1"]},{"@type":"Person","@id":"https:\/\/diariofemenino.com.ar\/df\/#\/schema\/person\/38f54b3bfd13f561de2460ba95c169c6","name":"Admin","image":{"@type":"ImageObject","inLanguage":"es","@id":"https:\/\/diariofemenino.com.ar\/df\/wp-content\/uploads\/2018\/12\/favicon-150x150.jpg","url":"https:\/\/diariofemenino.com.ar\/df\/wp-content\/uploads\/2018\/12\/favicon-150x150.jpg","contentUrl":"https:\/\/diariofemenino.com.ar\/df\/wp-content\/uploads\/2018\/12\/favicon-150x150.jpg","caption":"Admin"},"url":"https:\/\/diariofemenino.com.ar\/df\/author\/adm18df\/"}]}},"jetpack_featured_media_url":"","jetpack_sharing_enabled":true,"rttpg_featured_image_url":null,"rttpg_author":{"display_name":"Admin","author_link":"https:\/\/diariofemenino.com.ar\/df\/author\/adm18df\/"},"rttpg_comment":1,"rttpg_category":"<a href=\"https:\/\/diariofemenino.com.ar\/df\/category\/medios\/\" rel=\"category tag\">Medios<\/a> <a href=\"https:\/\/diariofemenino.com.ar\/df\/category\/mujeres-sindicalistas\/\" rel=\"category tag\">Mujeres Sindicalistas<\/a> <a href=\"https:\/\/diariofemenino.com.ar\/df\/category\/sin-categoria\/\" rel=\"category tag\">Sin categor\u00eda<\/a>","rttpg_excerpt":"&nbsp; Centros de atenci\u00f3n\/derivaci\u00f3n a las V\u00cdCTIMAS DE VIOLENCIA N\u00fameros telef\u00f3nicos de atenci\u00f3n: Provincia \u00c1rea Localidad Domicilio Tel\u00e9fono e_mail Prestaciones Buenos Aires Programa de Atenci\u00f3n a Mujeres V\u00edctimas de Violencia (AVM) Secretar\u00eda de Derechos Humanos 911 y\u00a0\u00a0\u00a0\u00a0\u00a0\u00a0\u00a0\u00a0\u00a0\u00a0\u00a0\u00a0\u00a00800-555-0137\u00a0\u00a0\u00a0\u00a0\u00a0\u00a0las 24 hs. los 365 d\u00edas del a\u00f1o Buenos Aires Consejo provincial de la familia y desarrollo humano. Gobernaci\u00f3n&hellip;","_links":{"self":[{"href":"https:\/\/diariofemenino.com.ar\/df\/wp-json\/wp\/v2\/posts\/3168","targetHints":{"allow":["GET"]}}],"collection":[{"href":"https:\/\/diariofemenino.com.ar\/df\/wp-json\/wp\/v2\/posts"}],"about":[{"href":"https:\/\/diariofemenino.com.ar\/df\/wp-json\/wp\/v2\/types\/post"}],"author":[{"embeddable":true,"href":"https:\/\/diariofemenino.com.ar\/df\/wp-json\/wp\/v2\/users\/1"}],"replies":[{"embeddable":true,"href":"https:\/\/diariofemenino.com.ar\/df\/wp-json\/wp\/v2\/comments?post=3168"}],"version-history":[{"count":0,"href":"https:\/\/diariofemenino.com.ar\/df\/wp-json\/wp\/v2\/posts\/3168\/revisions"}],"wp:attachment":[{"href":"https:\/\/diariofemenino.com.ar\/df\/wp-json\/wp\/v2\/media?parent=3168"}],"wp:term":[{"taxonomy":"category","embeddable":true,"href":"https:\/\/diariofemenino.com.ar\/df\/wp-json\/wp\/v2\/categories?post=3168"},{"taxonomy":"post_tag","embeddable":true,"href":"https:\/\/diariofemenino.com.ar\/df\/wp-json\/wp\/v2\/tags?post=3168"}],"curies":[{"name":"wp","href":"https:\/\/api.w.org\/{rel}","templated":true}]}}