{"id":31673,"date":"2019-02-07T22:14:49","date_gmt":"2019-02-08T01:14:49","guid":{"rendered":"https:\/\/diariofemenino.com.ar\/?p=31673"},"modified":"2019-02-07T22:14:49","modified_gmt":"2019-02-08T01:14:49","slug":"por-que-el-feminismo-si-debe-llamarse-feminismo","status":"publish","type":"post","link":"https:\/\/diariofemenino.com.ar\/df\/por-que-el-feminismo-si-debe-llamarse-feminismo\/","title":{"rendered":"\u00bfPor qu\u00e9 el Feminismo s\u00ed debe llamarse Feminismo?"},"content":{"rendered":"<p><span style=\"font-weight: 400;\">Cada dos por tres aparecen en este blog o me encuentro en Twitter y Facebook \u00a0comentarios que repiten una misma falacia \u00ab<\/span><i><span style=\"font-weight: 400;\">el Feminismo no puede querer la Igualdad, para eso tendr\u00eda que llamarse igualismo<\/span><\/i><span style=\"font-weight: 400;\">\u00ab. O bien: \u00ab<\/span><i><span style=\"font-weight: 400;\">es que no pueden estar fuera los hombres y feminismo solo hace referencia a mujeres<\/span><\/i><span style=\"font-weight: 400;\">\u00ab. Nunca faltan sugerencias de cambio: deber\u00eda ser humanismo, deber\u00edamos hablar de personas, deber\u00edamos hablar de seres humanos&#8230; cualquier cosa menos identificarse con algo que a las claras nos remite a femenino, a f\u00e9mina, a mujer.\u00a0<\/span><a href=\"http:\/\/cvc.cervantes.es\/el_rinconete\/anteriores\/marzo_06\/08032006_01.htm\"><span style=\"font-weight: 400;\">Vade retro, Satan\u00e1s.<\/span><\/a><span style=\"font-weight: 400;\">\u00a0<\/span><\/p>\n<p><img loading=\"lazy\" decoding=\"async\" class=\"alignnone size-full wp-image-31680 aligncenter\" src=\"https:\/\/diariofemenino.com.ar\/df\/wp-content\/uploads\/2019\/02\/Fem1.jpg\" alt=\"\" width=\"401\" height=\"268\" srcset=\"https:\/\/diariofemenino.com.ar\/df\/wp-content\/uploads\/2019\/02\/Fem1.jpg 401w, https:\/\/diariofemenino.com.ar\/df\/wp-content\/uploads\/2019\/02\/Fem1-300x200.jpg 300w\" sizes=\"auto, (max-width: 401px) 100vw, 401px\" \/><\/p>\n<p>Por\u00a0<span style=\"font-weight: 400;\">Mar\u00eda S. Mart\u00edn Barranco<br \/>\n<\/span><span style=\"font-weight: 400;\">@generoenaccion<\/span><\/p>\n<p><span style=\"font-weight: 400;\">Sepan no obstante, queridas y queridos, que cada vez que alguien habla del g\u00e9nero humano, las mujeres quedamos invisibilizadas bajo el paradigma androc\u00e9ntrico (lo masculino como gen\u00e9rico). Hasta que ese paradigma no desaparezca, hablar de g\u00e9nero humano solo entorpece nuestra labor para hacernos con la parte de gen\u00e9ricamente humana que el patriarcado lleva ocupando al completo desde tiempo inmemorial. Pueden escucharlo perfectamente argumentado por la fil\u00f3sofa\u00a0<\/span><b>Celia Amor\u00f3s<\/b><span style=\"font-weight: 400;\">.\u00a0<\/span><\/p>\n<p><span style=\"font-weight: 400;\">Normalmente, este tipo de comentarios llega desde los t\u00edpicos machistas reconocidos y reconocibles, de formas autoritarias, despectivas y denigratorias con las mujeres y el feminismo. Por parte de es@s que nos llaman con palabras que solo pretenden enfrentar a unas mujeres con otras. Hacer clasificaciones versi\u00f3n\u00a0<\/span><i><span style=\"font-weight: 400;\">revisitada<\/span><\/i><span style=\"font-weight: 400;\">\u00a0de \u00abbuenas y malas\u00bb, y ser, preferiblemente ell@s, quienes ponen la etiqueta.<\/span><\/p>\n<p><span style=\"font-weight: 400;\">Sin embargo, cuando llegan de hombres o mujeres que sabes que se creen la igualdad pero que no son capaces de ver hasta qu\u00e9 punto la parte privilegiada de un sistema no puede ser quien decida las reglas del juego de la totalidad, me sorprende (y me molesta, para qu\u00e9 negarlo) m\u00e1s. Me refiero a conversaciones como esta:<\/span><\/p>\n<p><img loading=\"lazy\" decoding=\"async\" class=\"aligncenter size-full wp-image-31681\" src=\"https:\/\/diariofemenino.com.ar\/df\/wp-content\/uploads\/2019\/02\/Fem2.jpg\" alt=\"\" width=\"398\" height=\"193\" srcset=\"https:\/\/diariofemenino.com.ar\/df\/wp-content\/uploads\/2019\/02\/Fem2.jpg 398w, https:\/\/diariofemenino.com.ar\/df\/wp-content\/uploads\/2019\/02\/Fem2-300x145.jpg 300w\" sizes=\"auto, (max-width: 398px) 100vw, 398px\" \/><\/p>\n<p><span style=\"font-weight: 400;\">Ser \u00abfirmemente feminista\u00bb y \u00absentirse inc\u00f3modo con el nombre\u00bb es una contradicci\u00f3n absoluta. \u00bf\u00bb<\/span><a href=\"http:\/\/cvc.cervantes.es\/el_rinconete\/anteriores\/marzo_06\/08032006_01.htm\"><span style=\"font-weight: 400;\">Etimol\u00f3gicamente<\/span><\/a><span style=\"font-weight: 400;\">\u00bb es incorrecto que la c\u00f3moda se llame c\u00f3moda cuando lo c\u00f3modo es la cama? El feminismo no \u00ablucha\u00bb contra nada (eso es una visi\u00f3n absolutamente patriarcal) el feminismo trabaja por una sociedad en la que nacer mujer no suponga una menor capacidad legal ni real de disfrutar de la ciudadan\u00eda y de la vida. Los hombres son parte activa en la soluci\u00f3n y, a la vez, la parte privilegiada del sistema y parte muy activa del problema. Por eso, del mismo modo que un juez se inhibe cuando es\u00a0<\/span><i><span style=\"font-weight: 400;\">juez y parte<\/span><\/i><span style=\"font-weight: 400;\">\u00a0muchos hombres deber\u00edan saber tomar parte en ese trabajo por un mundo mejor sin tener que ser, como siempre, quienes definen cu\u00e1ndo, c\u00f3mo y por qu\u00e9. Lo dem\u00e1s, por mucho que se adorme no es sino el ya famoso e improductivo \u00ab<\/span><i><span style=\"font-weight: 400;\">S\u00ed, pero..<\/span><\/i><span style=\"font-weight: 400;\">.\u00bb<\/span><\/p>\n<p><span style=\"font-weight: 400;\">Las declaraciones de intenciones sobre seres humanos viviendo en armon\u00eda molan un mont\u00f3n, pero al final tienen una traducci\u00f3n cotidiana muy simple. Yo las escucho y mi cerebro traduce de nuevo \u00ab<\/span><i><span style=\"font-weight: 400;\">S\u00ed, pero&#8230;<\/span><\/i><span style=\"font-weight: 400;\">\u00bb Y no voy a esperar a que llegue el mundo ideal, a que los peros desaparezcan solos, a que la igualdad llegue como el advenimiento del Esp\u00edritu Santo, ni voy a dejar que lo construyan por m\u00ed mientras hacen declaraciones de intenciones. Aqu\u00ed, o nos arremangamos en el d\u00eda a d\u00eda, damos la cara ante el sexismo cotidiano, salimos a la vez y en el mismo n\u00famero hombres y mujeres a quejarnos por la diferencia salarial, por la sexualizaci\u00f3n de las ni\u00f1as, por el uso de mujeres como esclavas sexuales, porque en Espa\u00f1a (desde donde escribo) seamos el pa\u00eds con mayor demanda de prostituci\u00f3n de Europa, por el derecho a decidir sobre nuestro propio cuerpo, por los feminicidios, a formarnos en g\u00e9nero, a acudir a las citas del cole de nuestras criaturas, a no re\u00edrnos de chistes sexistas y a afearlos a quienes los hacen, a usar lenguaje inclusivo, a negarnos a comprar libros de texto donde las mujeres solo aparezcan fregando&#8230; Cuando masas cr\u00edticas de hombres hagan todo eso y tanto m\u00e1s imposible de enumerar que hacemos LAS FEMINISTAS todos los d\u00edas, me permitir\u00e9 tener en cuenta los \u00abconsejos\u00bb sobre \u00abc\u00f3mo deber\u00edamos llamarnos\u00bb o c\u00f3mo \u00abdeber\u00edamos hacer\u00bb las cosas. Mientras tanto, queridos&#8230; perdonen si hago caso omiso. No es tozudez. Es, por desgracia, la voz de la experiencia.\u00a0<\/span><\/p>\n<p><span style=\"font-weight: 400;\">Afortunadamente, no soy la \u00fanica que piensa as\u00ed. Esto no hace mis motivos mejores, ni me da la raz\u00f3n, ni la quiero tener. Solo me hace sentir menos sola en las inquietudes y planteamientos cotidianos.\u00a0<\/span><\/p>\n<p>&nbsp;<\/p>\n<table class=\" aligncenter\">\n<tbody>\n<tr>\n<td><img loading=\"lazy\" decoding=\"async\" class=\"size-full wp-image-31682 alignnone\" src=\"https:\/\/diariofemenino.com.ar\/df\/wp-content\/uploads\/2019\/02\/Fem3.jpg\" alt=\"\" width=\"318\" height=\"315\" srcset=\"https:\/\/diariofemenino.com.ar\/df\/wp-content\/uploads\/2019\/02\/Fem3.jpg 318w, https:\/\/diariofemenino.com.ar\/df\/wp-content\/uploads\/2019\/02\/Fem3-150x150.jpg 150w, https:\/\/diariofemenino.com.ar\/df\/wp-content\/uploads\/2019\/02\/Fem3-300x297.jpg 300w\" sizes=\"auto, (max-width: 318px) 100vw, 318px\" \/><\/td>\n<\/tr>\n<tr>\n<td><span style=\"font-weight: 400;\">Fuente:\u00a0<\/span><a href=\"http:\/\/manysmallvoices.wordpress.com\/tag\/sir-patrick-stewart\/\"><span style=\"font-weight: 400;\">ManySmallVoices<\/span><\/a><\/td>\n<\/tr>\n<\/tbody>\n<\/table>\n<p><a href=\"http:\/\/www.huffingtonpost.com\/ariel-chesler\/\"><span style=\"font-weight: 400;\">Ariel Chesler<\/span><\/a><span style=\"font-weight: 400;\">, hijo de una feminista norteamericana de la segunda ola, exploraba en un art\u00edculo publicado hace unos d\u00edas en\u00a0<\/span><a href=\"http:\/\/goodmenproject.com\/ethics-values\/what-is-a-mans-role-in-the-feminist-movement-hesaid\/\"><i><span style=\"font-weight: 400;\">Good men project<\/span><\/i><\/a><span style=\"font-weight: 400;\">\u00a0el papel que los aliados masculinos deben tomar en el movimiento feminista.\u00a0<\/span><\/p>\n<p><i><span style=\"font-weight: 400;\">\u00abAunque creo que los hombres, incluido yo mismo, son y pueden ser feministas, tambi\u00e9n tenemos que caminar una l\u00ednea muy cuidadosa. En Twitter, como en cualquier espacio p\u00fablico, voces masculinas a menudo se escuchar\u00e1n con mayor volumen. Y, por desgracia, para algunos escuchar los mensajes importantes, el mensajero debe ser un hombre. Es crucial recordar que a veces la mejor manera para que los hombres apoyen a las mujeres y el feminismo es por escuchar o amplificar las voces de las mujeres\u00bb<\/span><\/i><\/p>\n<p><span style=\"font-weight: 400;\">Escucharlas y amplificarlas. No definirlas ni reconducirlas. Esto llev\u00f3 a debatir en las propias redes sobre si los hombres pueden ser l\u00edderes feministas o incluso feministas en todo, o si es preferible llamarse aliados o pro-feministas.<\/span><\/p>\n<p><span style=\"font-weight: 400;\">Por supuesto, debemos recordar que muchas de las personas que encabezaron movimientos abolicionistas eran blancas. Del mismo modo, los hombres siempre han sido parte del movimiento de mujeres, como nos recordaba Nuria Varela de Jhon Stuart Mill en\u00a0<\/span><a href=\"http:\/\/nuriavarela.com\/tag\/el-marido-de-la-feminista\/\"><span style=\"font-weight: 400;\">\u00abEl marido de la feminista\u00bb<\/span><\/a><span style=\"font-weight: 400;\">. Nuestro objetivo colectivo debe ser que quienes legislan, aplican las leyes, hacen que se cumplan, las ense\u00f1en ya sean hombres o mujeres, sean feministas. Despu\u00e9s de todo, no todas las mujeres son feministas.\u00a0<\/span><\/p>\n<p><span style=\"font-weight: 400;\">Las pol\u00e9micas tras recientes fen\u00f3menos en Twitter como #YesAllwomen o<\/span><a href=\"http:\/\/nuriavarela.com\/tag\/el-marido-de-la-feminista\/\"><span style=\"font-weight: 400;\">#MissUSA<\/span><\/a><span style=\"font-weight: 400;\">\u00a0dejaba muchas preguntas. Como cualquier debate, es m\u00e1s productivo cuantas m\u00e1s cuestiones genere. Algunas fueron: \u00bfQui\u00e9n tiene la propiedad de un movimiento? \u00bfY de un nombre? \u00bfC\u00f3mo pueden los hombres que se identifican como feministas o que apoyan a las feministas navegar por las aguas revueltas de las redes sociales y el activismo feminista? \u00bfC\u00f3mo usar ese \u00abaltavoz\u00bb sin<\/span><a href=\"http:\/\/shriverreport.org\/how-to-talk-like-a-feminist-if-youre-a-guy\/\"><span style=\"font-weight: 400;\">\u00a0acallar la voz de las mujeres<\/span><\/a><span style=\"font-weight: 400;\">?<\/span><\/p>\n<table>\n<tbody>\n<tr>\n<td><img loading=\"lazy\" decoding=\"async\" class=\"aligncenter size-full wp-image-31683\" src=\"https:\/\/diariofemenino.com.ar\/df\/wp-content\/uploads\/2019\/02\/Fem4.jpg\" alt=\"\" width=\"318\" height=\"215\" srcset=\"https:\/\/diariofemenino.com.ar\/df\/wp-content\/uploads\/2019\/02\/Fem4.jpg 318w, https:\/\/diariofemenino.com.ar\/df\/wp-content\/uploads\/2019\/02\/Fem4-300x203.jpg 300w\" sizes=\"auto, (max-width: 318px) 100vw, 318px\" \/><\/td>\n<\/tr>\n<tr>\n<td><span style=\"font-weight: 400;\">Imagen: Feminismo Unizar<\/span><\/td>\n<\/tr>\n<\/tbody>\n<\/table>\n<p>&nbsp;<\/p>\n<p><span style=\"font-weight: 400;\">Desde luego, no abriendo debates cerrados. El Feminismo se llama Feminismo. Nos gusta el nombre. Lo queremos. No estamos dispuestas a permitir que sig\u00e1is cargando de connotaciones negativas cualquier cosa que \u00absuene\u00bb a mujer. Casi lo hab\u00e9is conseguido con\u00a0<\/span><i><span style=\"font-weight: 400;\">femenino<\/span><\/i><span style=\"font-weight: 400;\">, borrando del mapa todas las acepciones posibles excepto esa esencialista que nos condena a una feminidad dise\u00f1ada, concebida y practicada por \u00a0y para el hombre. Si quieres debatir, debate con otros hombres sobre el feminismo, las masculinidades, la violencia masculina. Abre tantos debates como quieras sobre los privilegios masculinos, sobre el trasfondo de opresi\u00f3n gen\u00e9rica que subyace a las sociedades capitalistas (y a todas las dem\u00e1s), sobre c\u00f3mo la misoginia y el machismo tambi\u00e9n perjudican y matan hombres. \u00a0Habla de los niveles de amenazas y hostigamiento que soportamos las mujeres en las redes, en las calles, en la vida.<\/span><\/p>\n<p><span style=\"font-weight: 400;\">Habla de lo que quieras, pero no me digas de qu\u00e9 tengo que hablar yo. \u00a0Ni c\u00f3mo tengo que llamarme para que me \u00abhagas el favor\u00bb de ser feminista.<\/span><\/p>\n<p>&nbsp;<\/p>\n","protected":false},"excerpt":{"rendered":"<p>Cada dos por tres aparecen en este blog o me encuentro en Twitter y Facebook \u00a0comentarios que repiten una misma falacia \u00abel Feminismo no puede querer la Igualdad, para eso tendr\u00eda que llamarse igualismo\u00ab. O bien: \u00abes que no pueden estar fuera los hombres y feminismo solo hace referencia a mujeres\u00ab. Nunca faltan sugerencias de [&hellip;]<\/p>\n","protected":false},"author":4,"featured_media":31683,"comment_status":"open","ping_status":"open","sticky":false,"template":"","format":"standard","meta":{"iawp_total_views":12,"footnotes":""},"categories":[178],"tags":[599,730],"class_list":["post-31673","post","type-post","status-publish","format-standard","has-post-thumbnail","hentry","category-articulos-y-comunicados","tag-feminismos","tag-maria-s-martin-barranco"],"nelio_content":{"autoShareEndMode":"never","automationSources":{"useCustomSentences":false,"customSentences":[]},"efiAlt":"","efiUrl":"","followers":[4],"highlights":[],"isAutoShareEnabled":true,"networkImageIds":[],"permalinkQueryArgs":[],"series":[],"suggestedReferences":[]},"yoast_head":"<!-- This site is optimized with the Yoast SEO plugin v27.5 - https:\/\/yoast.com\/product\/yoast-seo-wordpress\/ -->\n<title>\u00bfPor qu\u00e9 el Feminismo s\u00ed debe llamarse Feminismo? - Diario Digital Femenino<\/title>\n<meta name=\"description\" content=\"\u00bfPor qu\u00e9 el Feminismo s\u00ed debe llamarse Feminismo? Por\u00a0Mar\u00eda S. Mart\u00edn Barranco sobre preguntas y publicaciones en facebook y twitter\" \/>\n<meta name=\"robots\" content=\"index, follow, max-snippet:-1, max-image-preview:large, max-video-preview:-1\" \/>\n<link rel=\"canonical\" href=\"https:\/\/diariofemenino.com.ar\/df\/por-que-el-feminismo-si-debe-llamarse-feminismo\/\" \/>\n<meta property=\"og:locale\" content=\"es_ES\" \/>\n<meta property=\"og:type\" content=\"article\" \/>\n<meta property=\"og:title\" content=\"\u00bfPor qu\u00e9 el Feminismo s\u00ed debe llamarse Feminismo? - Diario Digital Femenino\" \/>\n<meta property=\"og:description\" content=\"\u00bfPor qu\u00e9 el Feminismo s\u00ed debe llamarse Feminismo? Por\u00a0Mar\u00eda S. Mart\u00edn Barranco sobre preguntas y publicaciones en facebook y twitter\" \/>\n<meta property=\"og:url\" content=\"https:\/\/diariofemenino.com.ar\/df\/por-que-el-feminismo-si-debe-llamarse-feminismo\/\" \/>\n<meta property=\"og:site_name\" content=\"Diario Digital Femenino\" \/>\n<meta property=\"article:publisher\" content=\"https:\/\/www.facebook.com\/DiarioDigitaFemenino\/\" \/>\n<meta property=\"article:published_time\" content=\"2019-02-08T01:14:49+00:00\" \/>\n<meta property=\"og:image\" content=\"https:\/\/diariofemenino.com.ar\/df\/wp-content\/uploads\/2019\/02\/Fem4.jpg\" \/>\n\t<meta property=\"og:image:width\" content=\"318\" \/>\n\t<meta property=\"og:image:height\" content=\"215\" \/>\n\t<meta property=\"og:image:type\" content=\"image\/jpeg\" \/>\n<meta name=\"author\" content=\"Admin\" \/>\n<meta name=\"twitter:card\" content=\"summary_large_image\" \/>\n<meta name=\"twitter:creator\" content=\"@DiarioFemenino1\" \/>\n<meta name=\"twitter:site\" content=\"@DiarioFemenino1\" \/>\n<meta name=\"twitter:label1\" content=\"Escrito por\" \/>\n\t<meta name=\"twitter:data1\" content=\"Admin\" \/>\n\t<meta name=\"twitter:label2\" content=\"Tiempo de lectura\" \/>\n\t<meta name=\"twitter:data2\" content=\"6 minutos\" \/>\n<script type=\"application\/ld+json\" class=\"yoast-schema-graph\">{\"@context\":\"https:\\\/\\\/schema.org\",\"@graph\":[{\"@type\":\"Article\",\"@id\":\"https:\\\/\\\/diariofemenino.com.ar\\\/df\\\/por-que-el-feminismo-si-debe-llamarse-feminismo\\\/#article\",\"isPartOf\":{\"@id\":\"https:\\\/\\\/diariofemenino.com.ar\\\/df\\\/por-que-el-feminismo-si-debe-llamarse-feminismo\\\/\"},\"author\":{\"name\":\"Admin\",\"@id\":\"https:\\\/\\\/diariofemenino.com.ar\\\/df\\\/#\\\/schema\\\/person\\\/bf6199e8158c657ea6f789b11ec85509\"},\"headline\":\"\u00bfPor qu\u00e9 el Feminismo s\u00ed debe llamarse Feminismo?\",\"datePublished\":\"2019-02-08T01:14:49+00:00\",\"mainEntityOfPage\":{\"@id\":\"https:\\\/\\\/diariofemenino.com.ar\\\/df\\\/por-que-el-feminismo-si-debe-llamarse-feminismo\\\/\"},\"wordCount\":1285,\"commentCount\":0,\"publisher\":{\"@id\":\"https:\\\/\\\/diariofemenino.com.ar\\\/df\\\/#organization\"},\"image\":{\"@id\":\"https:\\\/\\\/diariofemenino.com.ar\\\/df\\\/por-que-el-feminismo-si-debe-llamarse-feminismo\\\/#primaryimage\"},\"thumbnailUrl\":\"https:\\\/\\\/diariofemenino.com.ar\\\/df\\\/wp-content\\\/uploads\\\/2019\\\/02\\\/Fem4.jpg\",\"keywords\":[\"Feminismos\",\"Mar\u00eda S. Mart\u00edn Barranco\"],\"articleSection\":[\"Art\u00edculos y Comunicados\"],\"inLanguage\":\"es\",\"potentialAction\":[{\"@type\":\"CommentAction\",\"name\":\"Comment\",\"target\":[\"https:\\\/\\\/diariofemenino.com.ar\\\/df\\\/por-que-el-feminismo-si-debe-llamarse-feminismo\\\/#respond\"]}]},{\"@type\":\"WebPage\",\"@id\":\"https:\\\/\\\/diariofemenino.com.ar\\\/df\\\/por-que-el-feminismo-si-debe-llamarse-feminismo\\\/\",\"url\":\"https:\\\/\\\/diariofemenino.com.ar\\\/df\\\/por-que-el-feminismo-si-debe-llamarse-feminismo\\\/\",\"name\":\"\u00bfPor qu\u00e9 el Feminismo s\u00ed debe llamarse Feminismo? - Diario Digital Femenino\",\"isPartOf\":{\"@id\":\"https:\\\/\\\/diariofemenino.com.ar\\\/df\\\/#website\"},\"primaryImageOfPage\":{\"@id\":\"https:\\\/\\\/diariofemenino.com.ar\\\/df\\\/por-que-el-feminismo-si-debe-llamarse-feminismo\\\/#primaryimage\"},\"image\":{\"@id\":\"https:\\\/\\\/diariofemenino.com.ar\\\/df\\\/por-que-el-feminismo-si-debe-llamarse-feminismo\\\/#primaryimage\"},\"thumbnailUrl\":\"https:\\\/\\\/diariofemenino.com.ar\\\/df\\\/wp-content\\\/uploads\\\/2019\\\/02\\\/Fem4.jpg\",\"datePublished\":\"2019-02-08T01:14:49+00:00\",\"description\":\"\u00bfPor qu\u00e9 el Feminismo s\u00ed debe llamarse Feminismo? Por\u00a0Mar\u00eda S. Mart\u00edn Barranco sobre preguntas y publicaciones en facebook y twitter\",\"breadcrumb\":{\"@id\":\"https:\\\/\\\/diariofemenino.com.ar\\\/df\\\/por-que-el-feminismo-si-debe-llamarse-feminismo\\\/#breadcrumb\"},\"inLanguage\":\"es\",\"potentialAction\":[{\"@type\":\"ReadAction\",\"target\":[\"https:\\\/\\\/diariofemenino.com.ar\\\/df\\\/por-que-el-feminismo-si-debe-llamarse-feminismo\\\/\"]}]},{\"@type\":\"ImageObject\",\"inLanguage\":\"es\",\"@id\":\"https:\\\/\\\/diariofemenino.com.ar\\\/df\\\/por-que-el-feminismo-si-debe-llamarse-feminismo\\\/#primaryimage\",\"url\":\"https:\\\/\\\/diariofemenino.com.ar\\\/df\\\/wp-content\\\/uploads\\\/2019\\\/02\\\/Fem4.jpg\",\"contentUrl\":\"https:\\\/\\\/diariofemenino.com.ar\\\/df\\\/wp-content\\\/uploads\\\/2019\\\/02\\\/Fem4.jpg\",\"width\":318,\"height\":215},{\"@type\":\"BreadcrumbList\",\"@id\":\"https:\\\/\\\/diariofemenino.com.ar\\\/df\\\/por-que-el-feminismo-si-debe-llamarse-feminismo\\\/#breadcrumb\",\"itemListElement\":[{\"@type\":\"ListItem\",\"position\":1,\"name\":\"Portada\",\"item\":\"https:\\\/\\\/diariofemenino.com.ar\\\/df\\\/\"},{\"@type\":\"ListItem\",\"position\":2,\"name\":\"\u00bfPor qu\u00e9 el Feminismo s\u00ed debe llamarse Feminismo?\"}]},{\"@type\":\"WebSite\",\"@id\":\"https:\\\/\\\/diariofemenino.com.ar\\\/df\\\/#website\",\"url\":\"https:\\\/\\\/diariofemenino.com.ar\\\/df\\\/\",\"name\":\"Diario Digital Femenino\",\"description\":\"Cuesti\u00f3n de G\u00e9nero\",\"publisher\":{\"@id\":\"https:\\\/\\\/diariofemenino.com.ar\\\/df\\\/#organization\"},\"potentialAction\":[{\"@type\":\"SearchAction\",\"target\":{\"@type\":\"EntryPoint\",\"urlTemplate\":\"https:\\\/\\\/diariofemenino.com.ar\\\/df\\\/?s={search_term_string}\"},\"query-input\":{\"@type\":\"PropertyValueSpecification\",\"valueRequired\":true,\"valueName\":\"search_term_string\"}}],\"inLanguage\":\"es\"},{\"@type\":\"Organization\",\"@id\":\"https:\\\/\\\/diariofemenino.com.ar\\\/df\\\/#organization\",\"name\":\"Diario Femenino\",\"url\":\"https:\\\/\\\/diariofemenino.com.ar\\\/df\\\/\",\"logo\":{\"@type\":\"ImageObject\",\"inLanguage\":\"es\",\"@id\":\"https:\\\/\\\/diariofemenino.com.ar\\\/df\\\/#\\\/schema\\\/logo\\\/image\\\/\",\"url\":\"https:\\\/\\\/diariofemenino.com.ar\\\/df\\\/wp-content\\\/uploads\\\/2018\\\/10\\\/logo.png\",\"contentUrl\":\"https:\\\/\\\/diariofemenino.com.ar\\\/df\\\/wp-content\\\/uploads\\\/2018\\\/10\\\/logo.png\",\"width\":500,\"height\":92,\"caption\":\"Diario Femenino\"},\"image\":{\"@id\":\"https:\\\/\\\/diariofemenino.com.ar\\\/df\\\/#\\\/schema\\\/logo\\\/image\\\/\"},\"sameAs\":[\"https:\\\/\\\/www.facebook.com\\\/DiarioDigitaFemenino\\\/\",\"https:\\\/\\\/x.com\\\/DiarioFemenino1\"]},{\"@type\":\"Person\",\"@id\":\"https:\\\/\\\/diariofemenino.com.ar\\\/df\\\/#\\\/schema\\\/person\\\/bf6199e8158c657ea6f789b11ec85509\",\"name\":\"Admin\",\"image\":{\"@type\":\"ImageObject\",\"inLanguage\":\"es\",\"@id\":\"https:\\\/\\\/diariofemenino.com.ar\\\/df\\\/wp-content\\\/uploads\\\/2018\\\/12\\\/favicon-150x150.jpg\",\"url\":\"https:\\\/\\\/diariofemenino.com.ar\\\/df\\\/wp-content\\\/uploads\\\/2018\\\/12\\\/favicon-150x150.jpg\",\"contentUrl\":\"https:\\\/\\\/diariofemenino.com.ar\\\/df\\\/wp-content\\\/uploads\\\/2018\\\/12\\\/favicon-150x150.jpg\",\"caption\":\"Admin\"},\"url\":\"https:\\\/\\\/diariofemenino.com.ar\\\/df\\\/author\\\/lenny\\\/\"}]}<\/script>\n<!-- \/ Yoast SEO plugin. -->","yoast_head_json":{"title":"\u00bfPor qu\u00e9 el Feminismo s\u00ed debe llamarse Feminismo? - Diario Digital Femenino","description":"\u00bfPor qu\u00e9 el Feminismo s\u00ed debe llamarse Feminismo? Por\u00a0Mar\u00eda S. Mart\u00edn Barranco sobre preguntas y publicaciones en facebook y twitter","robots":{"index":"index","follow":"follow","max-snippet":"max-snippet:-1","max-image-preview":"max-image-preview:large","max-video-preview":"max-video-preview:-1"},"canonical":"https:\/\/diariofemenino.com.ar\/df\/por-que-el-feminismo-si-debe-llamarse-feminismo\/","og_locale":"es_ES","og_type":"article","og_title":"\u00bfPor qu\u00e9 el Feminismo s\u00ed debe llamarse Feminismo? - Diario Digital Femenino","og_description":"\u00bfPor qu\u00e9 el Feminismo s\u00ed debe llamarse Feminismo? Por\u00a0Mar\u00eda S. Mart\u00edn Barranco sobre preguntas y publicaciones en facebook y twitter","og_url":"https:\/\/diariofemenino.com.ar\/df\/por-que-el-feminismo-si-debe-llamarse-feminismo\/","og_site_name":"Diario Digital Femenino","article_publisher":"https:\/\/www.facebook.com\/DiarioDigitaFemenino\/","article_published_time":"2019-02-08T01:14:49+00:00","og_image":[{"width":318,"height":215,"url":"https:\/\/diariofemenino.com.ar\/df\/wp-content\/uploads\/2019\/02\/Fem4.jpg","type":"image\/jpeg"}],"author":"Admin","twitter_card":"summary_large_image","twitter_creator":"@DiarioFemenino1","twitter_site":"@DiarioFemenino1","twitter_misc":{"Escrito por":"Admin","Tiempo de lectura":"6 minutos"},"schema":{"@context":"https:\/\/schema.org","@graph":[{"@type":"Article","@id":"https:\/\/diariofemenino.com.ar\/df\/por-que-el-feminismo-si-debe-llamarse-feminismo\/#article","isPartOf":{"@id":"https:\/\/diariofemenino.com.ar\/df\/por-que-el-feminismo-si-debe-llamarse-feminismo\/"},"author":{"name":"Admin","@id":"https:\/\/diariofemenino.com.ar\/df\/#\/schema\/person\/bf6199e8158c657ea6f789b11ec85509"},"headline":"\u00bfPor qu\u00e9 el Feminismo s\u00ed debe llamarse Feminismo?","datePublished":"2019-02-08T01:14:49+00:00","mainEntityOfPage":{"@id":"https:\/\/diariofemenino.com.ar\/df\/por-que-el-feminismo-si-debe-llamarse-feminismo\/"},"wordCount":1285,"commentCount":0,"publisher":{"@id":"https:\/\/diariofemenino.com.ar\/df\/#organization"},"image":{"@id":"https:\/\/diariofemenino.com.ar\/df\/por-que-el-feminismo-si-debe-llamarse-feminismo\/#primaryimage"},"thumbnailUrl":"https:\/\/diariofemenino.com.ar\/df\/wp-content\/uploads\/2019\/02\/Fem4.jpg","keywords":["Feminismos","Mar\u00eda S. Mart\u00edn Barranco"],"articleSection":["Art\u00edculos y Comunicados"],"inLanguage":"es","potentialAction":[{"@type":"CommentAction","name":"Comment","target":["https:\/\/diariofemenino.com.ar\/df\/por-que-el-feminismo-si-debe-llamarse-feminismo\/#respond"]}]},{"@type":"WebPage","@id":"https:\/\/diariofemenino.com.ar\/df\/por-que-el-feminismo-si-debe-llamarse-feminismo\/","url":"https:\/\/diariofemenino.com.ar\/df\/por-que-el-feminismo-si-debe-llamarse-feminismo\/","name":"\u00bfPor qu\u00e9 el Feminismo s\u00ed debe llamarse Feminismo? - Diario Digital Femenino","isPartOf":{"@id":"https:\/\/diariofemenino.com.ar\/df\/#website"},"primaryImageOfPage":{"@id":"https:\/\/diariofemenino.com.ar\/df\/por-que-el-feminismo-si-debe-llamarse-feminismo\/#primaryimage"},"image":{"@id":"https:\/\/diariofemenino.com.ar\/df\/por-que-el-feminismo-si-debe-llamarse-feminismo\/#primaryimage"},"thumbnailUrl":"https:\/\/diariofemenino.com.ar\/df\/wp-content\/uploads\/2019\/02\/Fem4.jpg","datePublished":"2019-02-08T01:14:49+00:00","description":"\u00bfPor qu\u00e9 el Feminismo s\u00ed debe llamarse Feminismo? Por\u00a0Mar\u00eda S. Mart\u00edn Barranco sobre preguntas y publicaciones en facebook y twitter","breadcrumb":{"@id":"https:\/\/diariofemenino.com.ar\/df\/por-que-el-feminismo-si-debe-llamarse-feminismo\/#breadcrumb"},"inLanguage":"es","potentialAction":[{"@type":"ReadAction","target":["https:\/\/diariofemenino.com.ar\/df\/por-que-el-feminismo-si-debe-llamarse-feminismo\/"]}]},{"@type":"ImageObject","inLanguage":"es","@id":"https:\/\/diariofemenino.com.ar\/df\/por-que-el-feminismo-si-debe-llamarse-feminismo\/#primaryimage","url":"https:\/\/diariofemenino.com.ar\/df\/wp-content\/uploads\/2019\/02\/Fem4.jpg","contentUrl":"https:\/\/diariofemenino.com.ar\/df\/wp-content\/uploads\/2019\/02\/Fem4.jpg","width":318,"height":215},{"@type":"BreadcrumbList","@id":"https:\/\/diariofemenino.com.ar\/df\/por-que-el-feminismo-si-debe-llamarse-feminismo\/#breadcrumb","itemListElement":[{"@type":"ListItem","position":1,"name":"Portada","item":"https:\/\/diariofemenino.com.ar\/df\/"},{"@type":"ListItem","position":2,"name":"\u00bfPor qu\u00e9 el Feminismo s\u00ed debe llamarse Feminismo?"}]},{"@type":"WebSite","@id":"https:\/\/diariofemenino.com.ar\/df\/#website","url":"https:\/\/diariofemenino.com.ar\/df\/","name":"Diario Digital Femenino","description":"Cuesti\u00f3n de G\u00e9nero","publisher":{"@id":"https:\/\/diariofemenino.com.ar\/df\/#organization"},"potentialAction":[{"@type":"SearchAction","target":{"@type":"EntryPoint","urlTemplate":"https:\/\/diariofemenino.com.ar\/df\/?s={search_term_string}"},"query-input":{"@type":"PropertyValueSpecification","valueRequired":true,"valueName":"search_term_string"}}],"inLanguage":"es"},{"@type":"Organization","@id":"https:\/\/diariofemenino.com.ar\/df\/#organization","name":"Diario Femenino","url":"https:\/\/diariofemenino.com.ar\/df\/","logo":{"@type":"ImageObject","inLanguage":"es","@id":"https:\/\/diariofemenino.com.ar\/df\/#\/schema\/logo\/image\/","url":"https:\/\/diariofemenino.com.ar\/df\/wp-content\/uploads\/2018\/10\/logo.png","contentUrl":"https:\/\/diariofemenino.com.ar\/df\/wp-content\/uploads\/2018\/10\/logo.png","width":500,"height":92,"caption":"Diario Femenino"},"image":{"@id":"https:\/\/diariofemenino.com.ar\/df\/#\/schema\/logo\/image\/"},"sameAs":["https:\/\/www.facebook.com\/DiarioDigitaFemenino\/","https:\/\/x.com\/DiarioFemenino1"]},{"@type":"Person","@id":"https:\/\/diariofemenino.com.ar\/df\/#\/schema\/person\/bf6199e8158c657ea6f789b11ec85509","name":"Admin","image":{"@type":"ImageObject","inLanguage":"es","@id":"https:\/\/diariofemenino.com.ar\/df\/wp-content\/uploads\/2018\/12\/favicon-150x150.jpg","url":"https:\/\/diariofemenino.com.ar\/df\/wp-content\/uploads\/2018\/12\/favicon-150x150.jpg","contentUrl":"https:\/\/diariofemenino.com.ar\/df\/wp-content\/uploads\/2018\/12\/favicon-150x150.jpg","caption":"Admin"},"url":"https:\/\/diariofemenino.com.ar\/df\/author\/lenny\/"}]}},"jetpack_featured_media_url":"https:\/\/diariofemenino.com.ar\/df\/wp-content\/uploads\/2019\/02\/Fem4.jpg","jetpack_sharing_enabled":true,"rttpg_featured_image_url":{"full":["https:\/\/diariofemenino.com.ar\/df\/wp-content\/uploads\/2019\/02\/Fem4.jpg",318,215,false],"landscape":["https:\/\/diariofemenino.com.ar\/df\/wp-content\/uploads\/2019\/02\/Fem4.jpg",318,215,false],"portraits":["https:\/\/diariofemenino.com.ar\/df\/wp-content\/uploads\/2019\/02\/Fem4.jpg",318,215,false],"thumbnail":["https:\/\/diariofemenino.com.ar\/df\/wp-content\/uploads\/2019\/02\/Fem4-150x150.jpg",150,150,true],"medium":["https:\/\/diariofemenino.com.ar\/df\/wp-content\/uploads\/2019\/02\/Fem4-300x203.jpg",300,203,true],"large":["https:\/\/diariofemenino.com.ar\/df\/wp-content\/uploads\/2019\/02\/Fem4.jpg",318,215,false],"1536x1536":["https:\/\/diariofemenino.com.ar\/df\/wp-content\/uploads\/2019\/02\/Fem4.jpg",318,215,false],"2048x2048":["https:\/\/diariofemenino.com.ar\/df\/wp-content\/uploads\/2019\/02\/Fem4.jpg",318,215,false]},"rttpg_author":{"display_name":"Admin","author_link":"https:\/\/diariofemenino.com.ar\/df\/author\/lenny\/"},"rttpg_comment":0,"rttpg_category":"<a href=\"https:\/\/diariofemenino.com.ar\/df\/category\/articulos-y-comunicados\/\" rel=\"category tag\">Art\u00edculos y Comunicados<\/a>","rttpg_excerpt":"Cada dos por tres aparecen en este blog o me encuentro en Twitter y Facebook \u00a0comentarios que repiten una misma falacia \u00abel Feminismo no puede querer la Igualdad, para eso tendr\u00eda que llamarse igualismo\u00ab. O bien: \u00abes que no pueden estar fuera los hombres y feminismo solo hace referencia a mujeres\u00ab. Nunca faltan sugerencias de&hellip;","_links":{"self":[{"href":"https:\/\/diariofemenino.com.ar\/df\/wp-json\/wp\/v2\/posts\/31673","targetHints":{"allow":["GET"]}}],"collection":[{"href":"https:\/\/diariofemenino.com.ar\/df\/wp-json\/wp\/v2\/posts"}],"about":[{"href":"https:\/\/diariofemenino.com.ar\/df\/wp-json\/wp\/v2\/types\/post"}],"author":[{"embeddable":true,"href":"https:\/\/diariofemenino.com.ar\/df\/wp-json\/wp\/v2\/users\/4"}],"replies":[{"embeddable":true,"href":"https:\/\/diariofemenino.com.ar\/df\/wp-json\/wp\/v2\/comments?post=31673"}],"version-history":[{"count":0,"href":"https:\/\/diariofemenino.com.ar\/df\/wp-json\/wp\/v2\/posts\/31673\/revisions"}],"wp:featuredmedia":[{"embeddable":true,"href":"https:\/\/diariofemenino.com.ar\/df\/wp-json\/wp\/v2\/media\/31683"}],"wp:attachment":[{"href":"https:\/\/diariofemenino.com.ar\/df\/wp-json\/wp\/v2\/media?parent=31673"}],"wp:term":[{"taxonomy":"category","embeddable":true,"href":"https:\/\/diariofemenino.com.ar\/df\/wp-json\/wp\/v2\/categories?post=31673"},{"taxonomy":"post_tag","embeddable":true,"href":"https:\/\/diariofemenino.com.ar\/df\/wp-json\/wp\/v2\/tags?post=31673"}],"curies":[{"name":"wp","href":"https:\/\/api.w.org\/{rel}","templated":true}]}}