{"id":3155,"date":"2012-08-15T21:50:26","date_gmt":"2012-08-16T00:50:26","guid":{"rendered":"http:\/\/www.diariofemenino.com.ar\/?p=3155"},"modified":"2012-08-15T21:50:26","modified_gmt":"2012-08-16T00:50:26","slug":"3o-congreso-nacional-y-1o-del-mercosur-contra-la-trata-y-el-trafico-de-personas-villa-maria-2012","status":"publish","type":"post","link":"https:\/\/diariofemenino.com.ar\/df\/3o-congreso-nacional-y-1o-del-mercosur-contra-la-trata-y-el-trafico-de-personas-villa-maria-2012\/","title":{"rendered":"3\u00ba Congreso Nacional y 1\u00ba del Mercosur contra la Trata y el Tr\u00e1fico de Personas Villa Mar\u00eda 2012"},"content":{"rendered":"<p>&nbsp;<br \/>\n&nbsp;<br \/>\n&nbsp;<br \/>\n<a href=\"http:\/\/www.diariofemenino.com.ar\/wp-content\/uploads\/tn.jpg\"><img loading=\"lazy\" decoding=\"async\" class=\"alignnone size-full wp-image-3157\" title=\"tn\" src=\"http:\/\/www.diariofemenino.com.ar\/wp-content\/uploads\/tn.jpg\" alt=\"\" width=\"600\" height=\"338\" \/><\/a><br \/>\nEs organizado por V\u00ednculos en Red, Asoc. Civil sin fines de lucro de C\u00f3rdoba y Acci\u00f3n Educativa de Santa Fe.<br \/>\nEn esta instancia, se espera que la participaci\u00f3n supere \u00e1mpliamente la edici\u00f3n anterior.<br \/>\nParticipar\u00e1n Organizaciones territoriales de toda Argentina, Chile, Brasil, Paraguay, Uruguay, Bolivia.<br \/>\nSe entregar\u00e1 diploma certificado por la Universidad Nacional de Villa Mar\u00eda, pionera en el trabajo abordando esta problem\u00e1tica jusnto a las Ong\u00b4s de territorio desde hace varios a\u00f1os.<br \/>\nInformes e Inscripciones: <a href=\"mailto:congresotrata2012@gmail.com\">congresotrata2012@gmail.com<\/a> Lxs esperamos porque queremos \u00abotras miradas&#8230; Todas las miradas&#8230;\u00bb Tel de contacto &#8211; 0353-154087978<br \/>\n&nbsp;<br \/>\n&nbsp;<\/p>\n","protected":false},"excerpt":{"rendered":"<p>&nbsp; &nbsp; &nbsp; Es organizado por V\u00ednculos en Red, Asoc. Civil sin fines de lucro de C\u00f3rdoba y Acci\u00f3n Educativa de Santa Fe. En esta instancia, se espera que la participaci\u00f3n supere \u00e1mpliamente la edici\u00f3n anterior. Participar\u00e1n Organizaciones territoriales de toda Argentina, Chile, Brasil, Paraguay, Uruguay, Bolivia. Se entregar\u00e1 diploma certificado por la Universidad Nacional [&hellip;]<\/p>\n","protected":false},"author":1,"featured_media":0,"comment_status":"open","ping_status":"open","sticky":false,"template":"","format":"standard","meta":{"iawp_total_views":1,"footnotes":""},"categories":[4,15],"tags":[],"class_list":["post-3155","post","type-post","status-publish","format-standard","hentry","category-medios","category-trata-de-personas"],"nelio_content":{"autoShareEndMode":"never","automationSources":{"useCustomSentences":false,"customSentences":[]},"efiAlt":"","efiUrl":"","followers":[],"highlights":[],"isAutoShareEnabled":true,"networkImageIds":[],"permalinkQueryArgs":[],"series":[],"suggestedReferences":[]},"yoast_head":"<!-- This site is optimized with the Yoast SEO plugin v27.4 - https:\/\/yoast.com\/product\/yoast-seo-wordpress\/ -->\n<title>3\u00ba Congreso Nacional y 1\u00ba del Mercosur contra la Trata y el Tr\u00e1fico de Personas Villa Mar\u00eda 2012 - Diario Digital Femenino<\/title>\n<meta name=\"robots\" content=\"index, follow, max-snippet:-1, max-image-preview:large, max-video-preview:-1\" \/>\n<link rel=\"canonical\" href=\"https:\/\/diariofemenino.com.ar\/df\/3o-congreso-nacional-y-1o-del-mercosur-contra-la-trata-y-el-trafico-de-personas-villa-maria-2012\/\" \/>\n<meta property=\"og:locale\" content=\"es_ES\" \/>\n<meta property=\"og:type\" content=\"article\" \/>\n<meta property=\"og:title\" content=\"3\u00ba Congreso Nacional y 1\u00ba del Mercosur contra la Trata y el Tr\u00e1fico de Personas Villa Mar\u00eda 2012 - Diario Digital Femenino\" \/>\n<meta property=\"og:description\" content=\"&nbsp; &nbsp; &nbsp; Es organizado por V\u00ednculos en Red, Asoc. Civil sin fines de lucro de C\u00f3rdoba y Acci\u00f3n Educativa de Santa Fe. En esta instancia, se espera que la participaci\u00f3n supere \u00e1mpliamente la edici\u00f3n anterior. Participar\u00e1n Organizaciones territoriales de toda Argentina, Chile, Brasil, Paraguay, Uruguay, Bolivia. Se entregar\u00e1 diploma certificado por la Universidad Nacional [&hellip;]\" \/>\n<meta property=\"og:url\" content=\"https:\/\/diariofemenino.com.ar\/df\/3o-congreso-nacional-y-1o-del-mercosur-contra-la-trata-y-el-trafico-de-personas-villa-maria-2012\/\" \/>\n<meta property=\"og:site_name\" content=\"Diario Digital Femenino\" \/>\n<meta property=\"article:publisher\" content=\"https:\/\/www.facebook.com\/DiarioDigitaFemenino\/\" \/>\n<meta property=\"article:published_time\" content=\"2012-08-16T00:50:26+00:00\" \/>\n<meta property=\"og:image\" content=\"http:\/\/www.diariofemenino.com.ar\/wp-content\/uploads\/tn.jpg\" \/>\n<meta name=\"author\" content=\"Admin\" \/>\n<meta name=\"twitter:card\" content=\"summary_large_image\" \/>\n<meta name=\"twitter:creator\" content=\"@DiarioFemenino1\" \/>\n<meta name=\"twitter:site\" content=\"@DiarioFemenino1\" \/>\n<meta name=\"twitter:label1\" content=\"Escrito por\" \/>\n\t<meta name=\"twitter:data1\" content=\"Admin\" \/>\n\t<meta name=\"twitter:label2\" content=\"Tiempo de lectura\" \/>\n\t<meta name=\"twitter:data2\" content=\"1 minuto\" \/>\n<script type=\"application\/ld+json\" class=\"yoast-schema-graph\">{\"@context\":\"https:\\\/\\\/schema.org\",\"@graph\":[{\"@type\":\"Article\",\"@id\":\"https:\\\/\\\/diariofemenino.com.ar\\\/df\\\/3o-congreso-nacional-y-1o-del-mercosur-contra-la-trata-y-el-trafico-de-personas-villa-maria-2012\\\/#article\",\"isPartOf\":{\"@id\":\"https:\\\/\\\/diariofemenino.com.ar\\\/df\\\/3o-congreso-nacional-y-1o-del-mercosur-contra-la-trata-y-el-trafico-de-personas-villa-maria-2012\\\/\"},\"author\":{\"name\":\"Admin\",\"@id\":\"https:\\\/\\\/diariofemenino.com.ar\\\/df\\\/#\\\/schema\\\/person\\\/38f54b3bfd13f561de2460ba95c169c6\"},\"headline\":\"3\u00ba Congreso Nacional y 1\u00ba del Mercosur contra la Trata y el Tr\u00e1fico de Personas Villa Mar\u00eda 2012\",\"datePublished\":\"2012-08-16T00:50:26+00:00\",\"mainEntityOfPage\":{\"@id\":\"https:\\\/\\\/diariofemenino.com.ar\\\/df\\\/3o-congreso-nacional-y-1o-del-mercosur-contra-la-trata-y-el-trafico-de-personas-villa-maria-2012\\\/\"},\"wordCount\":124,\"commentCount\":0,\"publisher\":{\"@id\":\"https:\\\/\\\/diariofemenino.com.ar\\\/df\\\/#organization\"},\"image\":{\"@id\":\"https:\\\/\\\/diariofemenino.com.ar\\\/df\\\/3o-congreso-nacional-y-1o-del-mercosur-contra-la-trata-y-el-trafico-de-personas-villa-maria-2012\\\/#primaryimage\"},\"thumbnailUrl\":\"http:\\\/\\\/www.diariofemenino.com.ar\\\/wp-content\\\/uploads\\\/tn.jpg\",\"articleSection\":[\"Medios\",\"Trata de Pers.\"],\"inLanguage\":\"es\",\"potentialAction\":[{\"@type\":\"CommentAction\",\"name\":\"Comment\",\"target\":[\"https:\\\/\\\/diariofemenino.com.ar\\\/df\\\/3o-congreso-nacional-y-1o-del-mercosur-contra-la-trata-y-el-trafico-de-personas-villa-maria-2012\\\/#respond\"]}]},{\"@type\":\"WebPage\",\"@id\":\"https:\\\/\\\/diariofemenino.com.ar\\\/df\\\/3o-congreso-nacional-y-1o-del-mercosur-contra-la-trata-y-el-trafico-de-personas-villa-maria-2012\\\/\",\"url\":\"https:\\\/\\\/diariofemenino.com.ar\\\/df\\\/3o-congreso-nacional-y-1o-del-mercosur-contra-la-trata-y-el-trafico-de-personas-villa-maria-2012\\\/\",\"name\":\"3\u00ba Congreso Nacional y 1\u00ba del Mercosur contra la Trata y el Tr\u00e1fico de Personas Villa Mar\u00eda 2012 - Diario Digital Femenino\",\"isPartOf\":{\"@id\":\"https:\\\/\\\/diariofemenino.com.ar\\\/df\\\/#website\"},\"primaryImageOfPage\":{\"@id\":\"https:\\\/\\\/diariofemenino.com.ar\\\/df\\\/3o-congreso-nacional-y-1o-del-mercosur-contra-la-trata-y-el-trafico-de-personas-villa-maria-2012\\\/#primaryimage\"},\"image\":{\"@id\":\"https:\\\/\\\/diariofemenino.com.ar\\\/df\\\/3o-congreso-nacional-y-1o-del-mercosur-contra-la-trata-y-el-trafico-de-personas-villa-maria-2012\\\/#primaryimage\"},\"thumbnailUrl\":\"http:\\\/\\\/www.diariofemenino.com.ar\\\/wp-content\\\/uploads\\\/tn.jpg\",\"datePublished\":\"2012-08-16T00:50:26+00:00\",\"breadcrumb\":{\"@id\":\"https:\\\/\\\/diariofemenino.com.ar\\\/df\\\/3o-congreso-nacional-y-1o-del-mercosur-contra-la-trata-y-el-trafico-de-personas-villa-maria-2012\\\/#breadcrumb\"},\"inLanguage\":\"es\",\"potentialAction\":[{\"@type\":\"ReadAction\",\"target\":[\"https:\\\/\\\/diariofemenino.com.ar\\\/df\\\/3o-congreso-nacional-y-1o-del-mercosur-contra-la-trata-y-el-trafico-de-personas-villa-maria-2012\\\/\"]}]},{\"@type\":\"ImageObject\",\"inLanguage\":\"es\",\"@id\":\"https:\\\/\\\/diariofemenino.com.ar\\\/df\\\/3o-congreso-nacional-y-1o-del-mercosur-contra-la-trata-y-el-trafico-de-personas-villa-maria-2012\\\/#primaryimage\",\"url\":\"http:\\\/\\\/www.diariofemenino.com.ar\\\/wp-content\\\/uploads\\\/tn.jpg\",\"contentUrl\":\"http:\\\/\\\/www.diariofemenino.com.ar\\\/wp-content\\\/uploads\\\/tn.jpg\"},{\"@type\":\"BreadcrumbList\",\"@id\":\"https:\\\/\\\/diariofemenino.com.ar\\\/df\\\/3o-congreso-nacional-y-1o-del-mercosur-contra-la-trata-y-el-trafico-de-personas-villa-maria-2012\\\/#breadcrumb\",\"itemListElement\":[{\"@type\":\"ListItem\",\"position\":1,\"name\":\"Portada\",\"item\":\"https:\\\/\\\/diariofemenino.com.ar\\\/df\\\/\"},{\"@type\":\"ListItem\",\"position\":2,\"name\":\"3\u00ba Congreso Nacional y 1\u00ba del Mercosur contra la Trata y el Tr\u00e1fico de Personas Villa Mar\u00eda 2012\"}]},{\"@type\":\"WebSite\",\"@id\":\"https:\\\/\\\/diariofemenino.com.ar\\\/df\\\/#website\",\"url\":\"https:\\\/\\\/diariofemenino.com.ar\\\/df\\\/\",\"name\":\"Diario Digital Femenino\",\"description\":\"Cuesti\u00f3n de G\u00e9nero\",\"publisher\":{\"@id\":\"https:\\\/\\\/diariofemenino.com.ar\\\/df\\\/#organization\"},\"potentialAction\":[{\"@type\":\"SearchAction\",\"target\":{\"@type\":\"EntryPoint\",\"urlTemplate\":\"https:\\\/\\\/diariofemenino.com.ar\\\/df\\\/?s={search_term_string}\"},\"query-input\":{\"@type\":\"PropertyValueSpecification\",\"valueRequired\":true,\"valueName\":\"search_term_string\"}}],\"inLanguage\":\"es\"},{\"@type\":\"Organization\",\"@id\":\"https:\\\/\\\/diariofemenino.com.ar\\\/df\\\/#organization\",\"name\":\"Diario Femenino\",\"url\":\"https:\\\/\\\/diariofemenino.com.ar\\\/df\\\/\",\"logo\":{\"@type\":\"ImageObject\",\"inLanguage\":\"es\",\"@id\":\"https:\\\/\\\/diariofemenino.com.ar\\\/df\\\/#\\\/schema\\\/logo\\\/image\\\/\",\"url\":\"https:\\\/\\\/diariofemenino.com.ar\\\/df\\\/wp-content\\\/uploads\\\/2018\\\/10\\\/logo.png\",\"contentUrl\":\"https:\\\/\\\/diariofemenino.com.ar\\\/df\\\/wp-content\\\/uploads\\\/2018\\\/10\\\/logo.png\",\"width\":500,\"height\":92,\"caption\":\"Diario Femenino\"},\"image\":{\"@id\":\"https:\\\/\\\/diariofemenino.com.ar\\\/df\\\/#\\\/schema\\\/logo\\\/image\\\/\"},\"sameAs\":[\"https:\\\/\\\/www.facebook.com\\\/DiarioDigitaFemenino\\\/\",\"https:\\\/\\\/x.com\\\/DiarioFemenino1\"]},{\"@type\":\"Person\",\"@id\":\"https:\\\/\\\/diariofemenino.com.ar\\\/df\\\/#\\\/schema\\\/person\\\/38f54b3bfd13f561de2460ba95c169c6\",\"name\":\"Admin\",\"image\":{\"@type\":\"ImageObject\",\"inLanguage\":\"es\",\"@id\":\"https:\\\/\\\/diariofemenino.com.ar\\\/df\\\/wp-content\\\/uploads\\\/2018\\\/12\\\/favicon-150x150.jpg\",\"url\":\"https:\\\/\\\/diariofemenino.com.ar\\\/df\\\/wp-content\\\/uploads\\\/2018\\\/12\\\/favicon-150x150.jpg\",\"contentUrl\":\"https:\\\/\\\/diariofemenino.com.ar\\\/df\\\/wp-content\\\/uploads\\\/2018\\\/12\\\/favicon-150x150.jpg\",\"caption\":\"Admin\"},\"url\":\"https:\\\/\\\/diariofemenino.com.ar\\\/df\\\/author\\\/adm18df\\\/\"}]}<\/script>\n<!-- \/ Yoast SEO plugin. -->","yoast_head_json":{"title":"3\u00ba Congreso Nacional y 1\u00ba del Mercosur contra la Trata y el Tr\u00e1fico de Personas Villa Mar\u00eda 2012 - Diario Digital Femenino","robots":{"index":"index","follow":"follow","max-snippet":"max-snippet:-1","max-image-preview":"max-image-preview:large","max-video-preview":"max-video-preview:-1"},"canonical":"https:\/\/diariofemenino.com.ar\/df\/3o-congreso-nacional-y-1o-del-mercosur-contra-la-trata-y-el-trafico-de-personas-villa-maria-2012\/","og_locale":"es_ES","og_type":"article","og_title":"3\u00ba Congreso Nacional y 1\u00ba del Mercosur contra la Trata y el Tr\u00e1fico de Personas Villa Mar\u00eda 2012 - Diario Digital Femenino","og_description":"&nbsp; &nbsp; &nbsp; Es organizado por V\u00ednculos en Red, Asoc. Civil sin fines de lucro de C\u00f3rdoba y Acci\u00f3n Educativa de Santa Fe. En esta instancia, se espera que la participaci\u00f3n supere \u00e1mpliamente la edici\u00f3n anterior. Participar\u00e1n Organizaciones territoriales de toda Argentina, Chile, Brasil, Paraguay, Uruguay, Bolivia. Se entregar\u00e1 diploma certificado por la Universidad Nacional [&hellip;]","og_url":"https:\/\/diariofemenino.com.ar\/df\/3o-congreso-nacional-y-1o-del-mercosur-contra-la-trata-y-el-trafico-de-personas-villa-maria-2012\/","og_site_name":"Diario Digital Femenino","article_publisher":"https:\/\/www.facebook.com\/DiarioDigitaFemenino\/","article_published_time":"2012-08-16T00:50:26+00:00","og_image":[{"url":"http:\/\/www.diariofemenino.com.ar\/wp-content\/uploads\/tn.jpg","type":"","width":"","height":""}],"author":"Admin","twitter_card":"summary_large_image","twitter_creator":"@DiarioFemenino1","twitter_site":"@DiarioFemenino1","twitter_misc":{"Escrito por":"Admin","Tiempo de lectura":"1 minuto"},"schema":{"@context":"https:\/\/schema.org","@graph":[{"@type":"Article","@id":"https:\/\/diariofemenino.com.ar\/df\/3o-congreso-nacional-y-1o-del-mercosur-contra-la-trata-y-el-trafico-de-personas-villa-maria-2012\/#article","isPartOf":{"@id":"https:\/\/diariofemenino.com.ar\/df\/3o-congreso-nacional-y-1o-del-mercosur-contra-la-trata-y-el-trafico-de-personas-villa-maria-2012\/"},"author":{"name":"Admin","@id":"https:\/\/diariofemenino.com.ar\/df\/#\/schema\/person\/38f54b3bfd13f561de2460ba95c169c6"},"headline":"3\u00ba Congreso Nacional y 1\u00ba del Mercosur contra la Trata y el Tr\u00e1fico de Personas Villa Mar\u00eda 2012","datePublished":"2012-08-16T00:50:26+00:00","mainEntityOfPage":{"@id":"https:\/\/diariofemenino.com.ar\/df\/3o-congreso-nacional-y-1o-del-mercosur-contra-la-trata-y-el-trafico-de-personas-villa-maria-2012\/"},"wordCount":124,"commentCount":0,"publisher":{"@id":"https:\/\/diariofemenino.com.ar\/df\/#organization"},"image":{"@id":"https:\/\/diariofemenino.com.ar\/df\/3o-congreso-nacional-y-1o-del-mercosur-contra-la-trata-y-el-trafico-de-personas-villa-maria-2012\/#primaryimage"},"thumbnailUrl":"http:\/\/www.diariofemenino.com.ar\/wp-content\/uploads\/tn.jpg","articleSection":["Medios","Trata de Pers."],"inLanguage":"es","potentialAction":[{"@type":"CommentAction","name":"Comment","target":["https:\/\/diariofemenino.com.ar\/df\/3o-congreso-nacional-y-1o-del-mercosur-contra-la-trata-y-el-trafico-de-personas-villa-maria-2012\/#respond"]}]},{"@type":"WebPage","@id":"https:\/\/diariofemenino.com.ar\/df\/3o-congreso-nacional-y-1o-del-mercosur-contra-la-trata-y-el-trafico-de-personas-villa-maria-2012\/","url":"https:\/\/diariofemenino.com.ar\/df\/3o-congreso-nacional-y-1o-del-mercosur-contra-la-trata-y-el-trafico-de-personas-villa-maria-2012\/","name":"3\u00ba Congreso Nacional y 1\u00ba del Mercosur contra la Trata y el Tr\u00e1fico de Personas Villa Mar\u00eda 2012 - Diario Digital Femenino","isPartOf":{"@id":"https:\/\/diariofemenino.com.ar\/df\/#website"},"primaryImageOfPage":{"@id":"https:\/\/diariofemenino.com.ar\/df\/3o-congreso-nacional-y-1o-del-mercosur-contra-la-trata-y-el-trafico-de-personas-villa-maria-2012\/#primaryimage"},"image":{"@id":"https:\/\/diariofemenino.com.ar\/df\/3o-congreso-nacional-y-1o-del-mercosur-contra-la-trata-y-el-trafico-de-personas-villa-maria-2012\/#primaryimage"},"thumbnailUrl":"http:\/\/www.diariofemenino.com.ar\/wp-content\/uploads\/tn.jpg","datePublished":"2012-08-16T00:50:26+00:00","breadcrumb":{"@id":"https:\/\/diariofemenino.com.ar\/df\/3o-congreso-nacional-y-1o-del-mercosur-contra-la-trata-y-el-trafico-de-personas-villa-maria-2012\/#breadcrumb"},"inLanguage":"es","potentialAction":[{"@type":"ReadAction","target":["https:\/\/diariofemenino.com.ar\/df\/3o-congreso-nacional-y-1o-del-mercosur-contra-la-trata-y-el-trafico-de-personas-villa-maria-2012\/"]}]},{"@type":"ImageObject","inLanguage":"es","@id":"https:\/\/diariofemenino.com.ar\/df\/3o-congreso-nacional-y-1o-del-mercosur-contra-la-trata-y-el-trafico-de-personas-villa-maria-2012\/#primaryimage","url":"http:\/\/www.diariofemenino.com.ar\/wp-content\/uploads\/tn.jpg","contentUrl":"http:\/\/www.diariofemenino.com.ar\/wp-content\/uploads\/tn.jpg"},{"@type":"BreadcrumbList","@id":"https:\/\/diariofemenino.com.ar\/df\/3o-congreso-nacional-y-1o-del-mercosur-contra-la-trata-y-el-trafico-de-personas-villa-maria-2012\/#breadcrumb","itemListElement":[{"@type":"ListItem","position":1,"name":"Portada","item":"https:\/\/diariofemenino.com.ar\/df\/"},{"@type":"ListItem","position":2,"name":"3\u00ba Congreso Nacional y 1\u00ba del Mercosur contra la Trata y el Tr\u00e1fico de Personas Villa Mar\u00eda 2012"}]},{"@type":"WebSite","@id":"https:\/\/diariofemenino.com.ar\/df\/#website","url":"https:\/\/diariofemenino.com.ar\/df\/","name":"Diario Digital Femenino","description":"Cuesti\u00f3n de G\u00e9nero","publisher":{"@id":"https:\/\/diariofemenino.com.ar\/df\/#organization"},"potentialAction":[{"@type":"SearchAction","target":{"@type":"EntryPoint","urlTemplate":"https:\/\/diariofemenino.com.ar\/df\/?s={search_term_string}"},"query-input":{"@type":"PropertyValueSpecification","valueRequired":true,"valueName":"search_term_string"}}],"inLanguage":"es"},{"@type":"Organization","@id":"https:\/\/diariofemenino.com.ar\/df\/#organization","name":"Diario Femenino","url":"https:\/\/diariofemenino.com.ar\/df\/","logo":{"@type":"ImageObject","inLanguage":"es","@id":"https:\/\/diariofemenino.com.ar\/df\/#\/schema\/logo\/image\/","url":"https:\/\/diariofemenino.com.ar\/df\/wp-content\/uploads\/2018\/10\/logo.png","contentUrl":"https:\/\/diariofemenino.com.ar\/df\/wp-content\/uploads\/2018\/10\/logo.png","width":500,"height":92,"caption":"Diario Femenino"},"image":{"@id":"https:\/\/diariofemenino.com.ar\/df\/#\/schema\/logo\/image\/"},"sameAs":["https:\/\/www.facebook.com\/DiarioDigitaFemenino\/","https:\/\/x.com\/DiarioFemenino1"]},{"@type":"Person","@id":"https:\/\/diariofemenino.com.ar\/df\/#\/schema\/person\/38f54b3bfd13f561de2460ba95c169c6","name":"Admin","image":{"@type":"ImageObject","inLanguage":"es","@id":"https:\/\/diariofemenino.com.ar\/df\/wp-content\/uploads\/2018\/12\/favicon-150x150.jpg","url":"https:\/\/diariofemenino.com.ar\/df\/wp-content\/uploads\/2018\/12\/favicon-150x150.jpg","contentUrl":"https:\/\/diariofemenino.com.ar\/df\/wp-content\/uploads\/2018\/12\/favicon-150x150.jpg","caption":"Admin"},"url":"https:\/\/diariofemenino.com.ar\/df\/author\/adm18df\/"}]}},"jetpack_featured_media_url":"","jetpack_sharing_enabled":true,"rttpg_featured_image_url":null,"rttpg_author":{"display_name":"Admin","author_link":"https:\/\/diariofemenino.com.ar\/df\/author\/adm18df\/"},"rttpg_comment":0,"rttpg_category":"<a href=\"https:\/\/diariofemenino.com.ar\/df\/category\/medios\/\" rel=\"category tag\">Medios<\/a> <a href=\"https:\/\/diariofemenino.com.ar\/df\/category\/trata-de-personas\/\" rel=\"category tag\">Trata de Pers.<\/a>","rttpg_excerpt":"&nbsp; &nbsp; &nbsp; Es organizado por V\u00ednculos en Red, Asoc. Civil sin fines de lucro de C\u00f3rdoba y Acci\u00f3n Educativa de Santa Fe. En esta instancia, se espera que la participaci\u00f3n supere \u00e1mpliamente la edici\u00f3n anterior. Participar\u00e1n Organizaciones territoriales de toda Argentina, Chile, Brasil, Paraguay, Uruguay, Bolivia. Se entregar\u00e1 diploma certificado por la Universidad Nacional&hellip;","_links":{"self":[{"href":"https:\/\/diariofemenino.com.ar\/df\/wp-json\/wp\/v2\/posts\/3155","targetHints":{"allow":["GET"]}}],"collection":[{"href":"https:\/\/diariofemenino.com.ar\/df\/wp-json\/wp\/v2\/posts"}],"about":[{"href":"https:\/\/diariofemenino.com.ar\/df\/wp-json\/wp\/v2\/types\/post"}],"author":[{"embeddable":true,"href":"https:\/\/diariofemenino.com.ar\/df\/wp-json\/wp\/v2\/users\/1"}],"replies":[{"embeddable":true,"href":"https:\/\/diariofemenino.com.ar\/df\/wp-json\/wp\/v2\/comments?post=3155"}],"version-history":[{"count":0,"href":"https:\/\/diariofemenino.com.ar\/df\/wp-json\/wp\/v2\/posts\/3155\/revisions"}],"wp:attachment":[{"href":"https:\/\/diariofemenino.com.ar\/df\/wp-json\/wp\/v2\/media?parent=3155"}],"wp:term":[{"taxonomy":"category","embeddable":true,"href":"https:\/\/diariofemenino.com.ar\/df\/wp-json\/wp\/v2\/categories?post=3155"},{"taxonomy":"post_tag","embeddable":true,"href":"https:\/\/diariofemenino.com.ar\/df\/wp-json\/wp\/v2\/tags?post=3155"}],"curies":[{"name":"wp","href":"https:\/\/api.w.org\/{rel}","templated":true}]}}