{"id":3143,"date":"2012-08-15T21:31:30","date_gmt":"2012-08-16T00:31:30","guid":{"rendered":"http:\/\/www.diariofemenino.com.ar\/?p=3143"},"modified":"2012-08-15T21:31:30","modified_gmt":"2012-08-16T00:31:30","slug":"violencia-de-genero-crecieron-un-57-los-casos-denunciados","status":"publish","type":"post","link":"https:\/\/diariofemenino.com.ar\/df\/violencia-de-genero-crecieron-un-57-los-casos-denunciados\/","title":{"rendered":"Violencia de g\u00e9nero: crecieron un 57% los casos denunciados"},"content":{"rendered":"<p>&nbsp;<br \/>\n&nbsp;<\/p>\n<p><em>La cifra es de los dos \u00faltimos a\u00f1os. En nueve de cada diez hechos, los agresores son varones. Esta semana una mujer fue filmada cuando era golpeada por su ex marido en Bah\u00eda Blanca.<\/em><\/p>\n<p>&nbsp;<br \/>\n<a href=\"http:\/\/www.diariofemenino.com.ar\/wp-content\/uploads\/PRE-violenciadegenero.jpg_673786789.jpg\"><img loading=\"lazy\" decoding=\"async\" class=\"alignleft size-full wp-image-3147\" src=\"http:\/\/www.diariofemenino.com.ar\/wp-content\/uploads\/PRE-violenciadegenero.jpg_673786789.jpg\" alt=\"\" width=\"600\" height=\"375\" \/><\/a><br \/>\n&nbsp;<\/p>\n<div>\n<div>\n<div><\/div>\n<div><\/div>\n<div><\/div>\n<div><\/div>\n<div><\/div>\n<div><\/div>\n<div><\/div>\n<div><\/div>\n<div><\/div>\n<div><\/div>\n<div><\/div>\n<div><\/div>\n<div><\/div>\n<div><\/div>\n<div><\/div>\n<div><\/div>\n<div><\/div>\n<div><\/div>\n<div><\/div>\n<div>15 de agosto de 2012. Las denuncias por casos de violencia de g\u00e9nero crecieron un 57 por ciento en los dos \u00faltimos a\u00f1os, y en nueve de cada diez hechos los agresores son varones, ya sean ex parejas, novios, concubinos o c\u00f3nyuges, seg\u00fan datos de la Corte Suprema de Justicia.<br \/>\nAl respecto, la ministra de Desarrollo Social, Alicia Kirchner, se\u00f1al\u00f3 este mi\u00e9rcoles que \u00abla violencia de g\u00e9nero es una problem\u00e1tica hist\u00f3rica y cultural que trasciende barreras sociales y econ\u00f3micas\u00bb. \u00abS\u00f3lo con el compromiso y la responsabilidad de toda la sociedad podremos acabar con este flagelo que atenta contra los derechos de las mujeres. No puede ser una lucha de unos pocos, sino un desaf\u00edo colectivo para alcanzar una patria m\u00e1s justa e inclusiva\u00bb, indic\u00f3.<br \/>\nLa titular de la Corriente de Liberaci\u00f3n Integraci\u00f3n Nacional (KOLINA) sostuvo que \u00abel primer paso para transformar una realidad es hacerla visible ante la sociedad\u00bb.<br \/>\nPor su parte, la diputada nacional Celia Arena, autora de uno de los proyectos tratados para la incorporaci\u00f3n del femicidio al C\u00f3digo Penal, afirm\u00f3 que es necesario \u00abprofundizar las medidas de prevenci\u00f3n y atenci\u00f3n efectiva, perfeccionando los mecanismos para abordar la violencia de g\u00e9nero\u00bb.<br \/>\nDe ese modo, la diputada se refiri\u00f3, entre otros, al caso de la mujer que dio a conocer un video que registra el momento en el que es golpeada por su ex pareja delante de su hija de seis a\u00f1os.<br \/>\nArena, vicepresidenta de la Comisi\u00f3n de Familia de la C\u00e1mara de Diputados, enfatiz\u00f3: \u00abResulta inadmisible que una mujer que ha realizado m\u00e1s de una decena de denuncias nunca haya sido escuchada ni tenida en cuenta por las autoridades\u00bb.<br \/>\nTambi\u00e9n destac\u00f3 la necesidad de tomar medidas \u00abactivas\u00bb para prevenir los casos como el de Mariana Elizabeth El\u00edas de Avellaneda, que fue torturada por su ex pareja, o el de Natalia Riquelme, filmada mientras era golpeada en Bah\u00eda Blanca, donde se registraron varias denuncias previas contra los agresores, sin que esto alcanzara para prevenir los ataques.<br \/>\nEn los \u00faltimos a\u00f1os se han incrementado notablemente los casos de femicidio y cr\u00edmenes de g\u00e9nero en la Argentina.<br \/>\nSeg\u00fan datos del Observatorio de Femicidios Ana Maricel Zambrano, s\u00f3lo en el a\u00f1o 2011 se constataron 282 casos de asesinatos de mujeres.\n<\/div>\n<\/div>\n<\/div>\n<p>&nbsp;<br \/>\n&nbsp;<br \/>\n&nbsp;<br \/>\nFuente: <a href=\"http:\/\/www.lt10digital.com.ar\/noticia\/idnot\/151168\/violenciadegenerocrecieronun57loscasosdenunciados.html\" target=\"_blank\">\u00a0lt10digital<\/a><br \/>\nFuente de la imagen: \u00a0<a href=\"http:\/\/www.lacapital.com.ar\/canales\/mujer\/contenidos\/2012\/03\/07\/568-ViolenciadeGenero.html\" target=\"_blank\">lacapital<\/a><br \/>\n&nbsp;<\/p>\n","protected":false},"excerpt":{"rendered":"<p>&nbsp; &nbsp; La cifra es de los dos \u00faltimos a\u00f1os. En nueve de cada diez hechos, los agresores son varones. Esta semana una mujer fue filmada cuando era golpeada por su ex marido en Bah\u00eda Blanca. &nbsp; &nbsp; 15 de agosto de 2012. Las denuncias por casos de violencia de g\u00e9nero crecieron un 57 por [&hellip;]<\/p>\n","protected":false},"author":1,"featured_media":0,"comment_status":"open","ping_status":"open","sticky":false,"template":"","format":"standard","meta":{"iawp_total_views":1,"footnotes":""},"categories":[4,13],"tags":[],"class_list":["post-3143","post","type-post","status-publish","format-standard","hentry","category-medios","category-mujeres-sindicalistas"],"nelio_content":{"autoShareEndMode":"never","automationSources":{"useCustomSentences":false,"customSentences":[]},"efiAlt":"","efiUrl":"","followers":[],"highlights":[],"isAutoShareEnabled":true,"networkImageIds":[],"permalinkQueryArgs":[],"series":[],"suggestedReferences":[]},"yoast_head":"<!-- This site is optimized with the Yoast SEO plugin v27.4 - https:\/\/yoast.com\/product\/yoast-seo-wordpress\/ -->\n<title>Violencia de g\u00e9nero: crecieron un 57% los casos denunciados - Diario Digital Femenino<\/title>\n<meta name=\"robots\" content=\"index, follow, max-snippet:-1, max-image-preview:large, max-video-preview:-1\" \/>\n<link rel=\"canonical\" href=\"https:\/\/diariofemenino.com.ar\/df\/violencia-de-genero-crecieron-un-57-los-casos-denunciados\/\" \/>\n<meta property=\"og:locale\" content=\"es_ES\" \/>\n<meta property=\"og:type\" content=\"article\" \/>\n<meta property=\"og:title\" content=\"Violencia de g\u00e9nero: crecieron un 57% los casos denunciados - Diario Digital Femenino\" \/>\n<meta property=\"og:description\" content=\"&nbsp; &nbsp; La cifra es de los dos \u00faltimos a\u00f1os. En nueve de cada diez hechos, los agresores son varones. Esta semana una mujer fue filmada cuando era golpeada por su ex marido en Bah\u00eda Blanca. &nbsp; &nbsp; 15 de agosto de 2012. Las denuncias por casos de violencia de g\u00e9nero crecieron un 57 por [&hellip;]\" \/>\n<meta property=\"og:url\" content=\"https:\/\/diariofemenino.com.ar\/df\/violencia-de-genero-crecieron-un-57-los-casos-denunciados\/\" \/>\n<meta property=\"og:site_name\" content=\"Diario Digital Femenino\" \/>\n<meta property=\"article:publisher\" content=\"https:\/\/www.facebook.com\/DiarioDigitaFemenino\/\" \/>\n<meta property=\"article:published_time\" content=\"2012-08-16T00:31:30+00:00\" \/>\n<meta property=\"og:image\" content=\"http:\/\/www.diariofemenino.com.ar\/wp-content\/uploads\/PRE-violenciadegenero.jpg_673786789.jpg\" \/>\n<meta name=\"author\" content=\"Admin\" \/>\n<meta name=\"twitter:card\" content=\"summary_large_image\" \/>\n<meta name=\"twitter:creator\" content=\"@DiarioFemenino1\" \/>\n<meta name=\"twitter:site\" content=\"@DiarioFemenino1\" \/>\n<meta name=\"twitter:label1\" content=\"Escrito por\" \/>\n\t<meta name=\"twitter:data1\" content=\"Admin\" \/>\n\t<meta name=\"twitter:label2\" content=\"Tiempo de lectura\" \/>\n\t<meta name=\"twitter:data2\" content=\"2 minutos\" \/>\n<script type=\"application\/ld+json\" class=\"yoast-schema-graph\">{\"@context\":\"https:\\\/\\\/schema.org\",\"@graph\":[{\"@type\":\"Article\",\"@id\":\"https:\\\/\\\/diariofemenino.com.ar\\\/df\\\/violencia-de-genero-crecieron-un-57-los-casos-denunciados\\\/#article\",\"isPartOf\":{\"@id\":\"https:\\\/\\\/diariofemenino.com.ar\\\/df\\\/violencia-de-genero-crecieron-un-57-los-casos-denunciados\\\/\"},\"author\":{\"name\":\"Admin\",\"@id\":\"https:\\\/\\\/diariofemenino.com.ar\\\/df\\\/#\\\/schema\\\/person\\\/38f54b3bfd13f561de2460ba95c169c6\"},\"headline\":\"Violencia de g\u00e9nero: crecieron un 57% los casos denunciados\",\"datePublished\":\"2012-08-16T00:31:30+00:00\",\"mainEntityOfPage\":{\"@id\":\"https:\\\/\\\/diariofemenino.com.ar\\\/df\\\/violencia-de-genero-crecieron-un-57-los-casos-denunciados\\\/\"},\"wordCount\":457,\"commentCount\":0,\"publisher\":{\"@id\":\"https:\\\/\\\/diariofemenino.com.ar\\\/df\\\/#organization\"},\"image\":{\"@id\":\"https:\\\/\\\/diariofemenino.com.ar\\\/df\\\/violencia-de-genero-crecieron-un-57-los-casos-denunciados\\\/#primaryimage\"},\"thumbnailUrl\":\"http:\\\/\\\/www.diariofemenino.com.ar\\\/wp-content\\\/uploads\\\/PRE-violenciadegenero.jpg_673786789.jpg\",\"articleSection\":[\"Medios\",\"Mujeres Sindicalistas\"],\"inLanguage\":\"es\",\"potentialAction\":[{\"@type\":\"CommentAction\",\"name\":\"Comment\",\"target\":[\"https:\\\/\\\/diariofemenino.com.ar\\\/df\\\/violencia-de-genero-crecieron-un-57-los-casos-denunciados\\\/#respond\"]}]},{\"@type\":\"WebPage\",\"@id\":\"https:\\\/\\\/diariofemenino.com.ar\\\/df\\\/violencia-de-genero-crecieron-un-57-los-casos-denunciados\\\/\",\"url\":\"https:\\\/\\\/diariofemenino.com.ar\\\/df\\\/violencia-de-genero-crecieron-un-57-los-casos-denunciados\\\/\",\"name\":\"Violencia de g\u00e9nero: crecieron un 57% los casos denunciados - Diario Digital Femenino\",\"isPartOf\":{\"@id\":\"https:\\\/\\\/diariofemenino.com.ar\\\/df\\\/#website\"},\"primaryImageOfPage\":{\"@id\":\"https:\\\/\\\/diariofemenino.com.ar\\\/df\\\/violencia-de-genero-crecieron-un-57-los-casos-denunciados\\\/#primaryimage\"},\"image\":{\"@id\":\"https:\\\/\\\/diariofemenino.com.ar\\\/df\\\/violencia-de-genero-crecieron-un-57-los-casos-denunciados\\\/#primaryimage\"},\"thumbnailUrl\":\"http:\\\/\\\/www.diariofemenino.com.ar\\\/wp-content\\\/uploads\\\/PRE-violenciadegenero.jpg_673786789.jpg\",\"datePublished\":\"2012-08-16T00:31:30+00:00\",\"breadcrumb\":{\"@id\":\"https:\\\/\\\/diariofemenino.com.ar\\\/df\\\/violencia-de-genero-crecieron-un-57-los-casos-denunciados\\\/#breadcrumb\"},\"inLanguage\":\"es\",\"potentialAction\":[{\"@type\":\"ReadAction\",\"target\":[\"https:\\\/\\\/diariofemenino.com.ar\\\/df\\\/violencia-de-genero-crecieron-un-57-los-casos-denunciados\\\/\"]}]},{\"@type\":\"ImageObject\",\"inLanguage\":\"es\",\"@id\":\"https:\\\/\\\/diariofemenino.com.ar\\\/df\\\/violencia-de-genero-crecieron-un-57-los-casos-denunciados\\\/#primaryimage\",\"url\":\"http:\\\/\\\/www.diariofemenino.com.ar\\\/wp-content\\\/uploads\\\/PRE-violenciadegenero.jpg_673786789.jpg\",\"contentUrl\":\"http:\\\/\\\/www.diariofemenino.com.ar\\\/wp-content\\\/uploads\\\/PRE-violenciadegenero.jpg_673786789.jpg\"},{\"@type\":\"BreadcrumbList\",\"@id\":\"https:\\\/\\\/diariofemenino.com.ar\\\/df\\\/violencia-de-genero-crecieron-un-57-los-casos-denunciados\\\/#breadcrumb\",\"itemListElement\":[{\"@type\":\"ListItem\",\"position\":1,\"name\":\"Portada\",\"item\":\"https:\\\/\\\/diariofemenino.com.ar\\\/df\\\/\"},{\"@type\":\"ListItem\",\"position\":2,\"name\":\"Violencia de g\u00e9nero: crecieron un 57% los casos denunciados\"}]},{\"@type\":\"WebSite\",\"@id\":\"https:\\\/\\\/diariofemenino.com.ar\\\/df\\\/#website\",\"url\":\"https:\\\/\\\/diariofemenino.com.ar\\\/df\\\/\",\"name\":\"Diario Digital Femenino\",\"description\":\"Cuesti\u00f3n de G\u00e9nero\",\"publisher\":{\"@id\":\"https:\\\/\\\/diariofemenino.com.ar\\\/df\\\/#organization\"},\"potentialAction\":[{\"@type\":\"SearchAction\",\"target\":{\"@type\":\"EntryPoint\",\"urlTemplate\":\"https:\\\/\\\/diariofemenino.com.ar\\\/df\\\/?s={search_term_string}\"},\"query-input\":{\"@type\":\"PropertyValueSpecification\",\"valueRequired\":true,\"valueName\":\"search_term_string\"}}],\"inLanguage\":\"es\"},{\"@type\":\"Organization\",\"@id\":\"https:\\\/\\\/diariofemenino.com.ar\\\/df\\\/#organization\",\"name\":\"Diario Femenino\",\"url\":\"https:\\\/\\\/diariofemenino.com.ar\\\/df\\\/\",\"logo\":{\"@type\":\"ImageObject\",\"inLanguage\":\"es\",\"@id\":\"https:\\\/\\\/diariofemenino.com.ar\\\/df\\\/#\\\/schema\\\/logo\\\/image\\\/\",\"url\":\"https:\\\/\\\/diariofemenino.com.ar\\\/df\\\/wp-content\\\/uploads\\\/2018\\\/10\\\/logo.png\",\"contentUrl\":\"https:\\\/\\\/diariofemenino.com.ar\\\/df\\\/wp-content\\\/uploads\\\/2018\\\/10\\\/logo.png\",\"width\":500,\"height\":92,\"caption\":\"Diario Femenino\"},\"image\":{\"@id\":\"https:\\\/\\\/diariofemenino.com.ar\\\/df\\\/#\\\/schema\\\/logo\\\/image\\\/\"},\"sameAs\":[\"https:\\\/\\\/www.facebook.com\\\/DiarioDigitaFemenino\\\/\",\"https:\\\/\\\/x.com\\\/DiarioFemenino1\"]},{\"@type\":\"Person\",\"@id\":\"https:\\\/\\\/diariofemenino.com.ar\\\/df\\\/#\\\/schema\\\/person\\\/38f54b3bfd13f561de2460ba95c169c6\",\"name\":\"Admin\",\"image\":{\"@type\":\"ImageObject\",\"inLanguage\":\"es\",\"@id\":\"https:\\\/\\\/diariofemenino.com.ar\\\/df\\\/wp-content\\\/uploads\\\/2018\\\/12\\\/favicon-150x150.jpg\",\"url\":\"https:\\\/\\\/diariofemenino.com.ar\\\/df\\\/wp-content\\\/uploads\\\/2018\\\/12\\\/favicon-150x150.jpg\",\"contentUrl\":\"https:\\\/\\\/diariofemenino.com.ar\\\/df\\\/wp-content\\\/uploads\\\/2018\\\/12\\\/favicon-150x150.jpg\",\"caption\":\"Admin\"},\"url\":\"https:\\\/\\\/diariofemenino.com.ar\\\/df\\\/author\\\/adm18df\\\/\"}]}<\/script>\n<!-- \/ Yoast SEO plugin. -->","yoast_head_json":{"title":"Violencia de g\u00e9nero: crecieron un 57% los casos denunciados - Diario Digital Femenino","robots":{"index":"index","follow":"follow","max-snippet":"max-snippet:-1","max-image-preview":"max-image-preview:large","max-video-preview":"max-video-preview:-1"},"canonical":"https:\/\/diariofemenino.com.ar\/df\/violencia-de-genero-crecieron-un-57-los-casos-denunciados\/","og_locale":"es_ES","og_type":"article","og_title":"Violencia de g\u00e9nero: crecieron un 57% los casos denunciados - Diario Digital Femenino","og_description":"&nbsp; &nbsp; La cifra es de los dos \u00faltimos a\u00f1os. En nueve de cada diez hechos, los agresores son varones. Esta semana una mujer fue filmada cuando era golpeada por su ex marido en Bah\u00eda Blanca. &nbsp; &nbsp; 15 de agosto de 2012. Las denuncias por casos de violencia de g\u00e9nero crecieron un 57 por [&hellip;]","og_url":"https:\/\/diariofemenino.com.ar\/df\/violencia-de-genero-crecieron-un-57-los-casos-denunciados\/","og_site_name":"Diario Digital Femenino","article_publisher":"https:\/\/www.facebook.com\/DiarioDigitaFemenino\/","article_published_time":"2012-08-16T00:31:30+00:00","og_image":[{"url":"http:\/\/www.diariofemenino.com.ar\/wp-content\/uploads\/PRE-violenciadegenero.jpg_673786789.jpg","type":"","width":"","height":""}],"author":"Admin","twitter_card":"summary_large_image","twitter_creator":"@DiarioFemenino1","twitter_site":"@DiarioFemenino1","twitter_misc":{"Escrito por":"Admin","Tiempo de lectura":"2 minutos"},"schema":{"@context":"https:\/\/schema.org","@graph":[{"@type":"Article","@id":"https:\/\/diariofemenino.com.ar\/df\/violencia-de-genero-crecieron-un-57-los-casos-denunciados\/#article","isPartOf":{"@id":"https:\/\/diariofemenino.com.ar\/df\/violencia-de-genero-crecieron-un-57-los-casos-denunciados\/"},"author":{"name":"Admin","@id":"https:\/\/diariofemenino.com.ar\/df\/#\/schema\/person\/38f54b3bfd13f561de2460ba95c169c6"},"headline":"Violencia de g\u00e9nero: crecieron un 57% los casos denunciados","datePublished":"2012-08-16T00:31:30+00:00","mainEntityOfPage":{"@id":"https:\/\/diariofemenino.com.ar\/df\/violencia-de-genero-crecieron-un-57-los-casos-denunciados\/"},"wordCount":457,"commentCount":0,"publisher":{"@id":"https:\/\/diariofemenino.com.ar\/df\/#organization"},"image":{"@id":"https:\/\/diariofemenino.com.ar\/df\/violencia-de-genero-crecieron-un-57-los-casos-denunciados\/#primaryimage"},"thumbnailUrl":"http:\/\/www.diariofemenino.com.ar\/wp-content\/uploads\/PRE-violenciadegenero.jpg_673786789.jpg","articleSection":["Medios","Mujeres Sindicalistas"],"inLanguage":"es","potentialAction":[{"@type":"CommentAction","name":"Comment","target":["https:\/\/diariofemenino.com.ar\/df\/violencia-de-genero-crecieron-un-57-los-casos-denunciados\/#respond"]}]},{"@type":"WebPage","@id":"https:\/\/diariofemenino.com.ar\/df\/violencia-de-genero-crecieron-un-57-los-casos-denunciados\/","url":"https:\/\/diariofemenino.com.ar\/df\/violencia-de-genero-crecieron-un-57-los-casos-denunciados\/","name":"Violencia de g\u00e9nero: crecieron un 57% los casos denunciados - Diario Digital Femenino","isPartOf":{"@id":"https:\/\/diariofemenino.com.ar\/df\/#website"},"primaryImageOfPage":{"@id":"https:\/\/diariofemenino.com.ar\/df\/violencia-de-genero-crecieron-un-57-los-casos-denunciados\/#primaryimage"},"image":{"@id":"https:\/\/diariofemenino.com.ar\/df\/violencia-de-genero-crecieron-un-57-los-casos-denunciados\/#primaryimage"},"thumbnailUrl":"http:\/\/www.diariofemenino.com.ar\/wp-content\/uploads\/PRE-violenciadegenero.jpg_673786789.jpg","datePublished":"2012-08-16T00:31:30+00:00","breadcrumb":{"@id":"https:\/\/diariofemenino.com.ar\/df\/violencia-de-genero-crecieron-un-57-los-casos-denunciados\/#breadcrumb"},"inLanguage":"es","potentialAction":[{"@type":"ReadAction","target":["https:\/\/diariofemenino.com.ar\/df\/violencia-de-genero-crecieron-un-57-los-casos-denunciados\/"]}]},{"@type":"ImageObject","inLanguage":"es","@id":"https:\/\/diariofemenino.com.ar\/df\/violencia-de-genero-crecieron-un-57-los-casos-denunciados\/#primaryimage","url":"http:\/\/www.diariofemenino.com.ar\/wp-content\/uploads\/PRE-violenciadegenero.jpg_673786789.jpg","contentUrl":"http:\/\/www.diariofemenino.com.ar\/wp-content\/uploads\/PRE-violenciadegenero.jpg_673786789.jpg"},{"@type":"BreadcrumbList","@id":"https:\/\/diariofemenino.com.ar\/df\/violencia-de-genero-crecieron-un-57-los-casos-denunciados\/#breadcrumb","itemListElement":[{"@type":"ListItem","position":1,"name":"Portada","item":"https:\/\/diariofemenino.com.ar\/df\/"},{"@type":"ListItem","position":2,"name":"Violencia de g\u00e9nero: crecieron un 57% los casos denunciados"}]},{"@type":"WebSite","@id":"https:\/\/diariofemenino.com.ar\/df\/#website","url":"https:\/\/diariofemenino.com.ar\/df\/","name":"Diario Digital Femenino","description":"Cuesti\u00f3n de G\u00e9nero","publisher":{"@id":"https:\/\/diariofemenino.com.ar\/df\/#organization"},"potentialAction":[{"@type":"SearchAction","target":{"@type":"EntryPoint","urlTemplate":"https:\/\/diariofemenino.com.ar\/df\/?s={search_term_string}"},"query-input":{"@type":"PropertyValueSpecification","valueRequired":true,"valueName":"search_term_string"}}],"inLanguage":"es"},{"@type":"Organization","@id":"https:\/\/diariofemenino.com.ar\/df\/#organization","name":"Diario Femenino","url":"https:\/\/diariofemenino.com.ar\/df\/","logo":{"@type":"ImageObject","inLanguage":"es","@id":"https:\/\/diariofemenino.com.ar\/df\/#\/schema\/logo\/image\/","url":"https:\/\/diariofemenino.com.ar\/df\/wp-content\/uploads\/2018\/10\/logo.png","contentUrl":"https:\/\/diariofemenino.com.ar\/df\/wp-content\/uploads\/2018\/10\/logo.png","width":500,"height":92,"caption":"Diario Femenino"},"image":{"@id":"https:\/\/diariofemenino.com.ar\/df\/#\/schema\/logo\/image\/"},"sameAs":["https:\/\/www.facebook.com\/DiarioDigitaFemenino\/","https:\/\/x.com\/DiarioFemenino1"]},{"@type":"Person","@id":"https:\/\/diariofemenino.com.ar\/df\/#\/schema\/person\/38f54b3bfd13f561de2460ba95c169c6","name":"Admin","image":{"@type":"ImageObject","inLanguage":"es","@id":"https:\/\/diariofemenino.com.ar\/df\/wp-content\/uploads\/2018\/12\/favicon-150x150.jpg","url":"https:\/\/diariofemenino.com.ar\/df\/wp-content\/uploads\/2018\/12\/favicon-150x150.jpg","contentUrl":"https:\/\/diariofemenino.com.ar\/df\/wp-content\/uploads\/2018\/12\/favicon-150x150.jpg","caption":"Admin"},"url":"https:\/\/diariofemenino.com.ar\/df\/author\/adm18df\/"}]}},"jetpack_featured_media_url":"","jetpack_sharing_enabled":true,"rttpg_featured_image_url":null,"rttpg_author":{"display_name":"Admin","author_link":"https:\/\/diariofemenino.com.ar\/df\/author\/adm18df\/"},"rttpg_comment":0,"rttpg_category":"<a href=\"https:\/\/diariofemenino.com.ar\/df\/category\/medios\/\" rel=\"category tag\">Medios<\/a> <a href=\"https:\/\/diariofemenino.com.ar\/df\/category\/mujeres-sindicalistas\/\" rel=\"category tag\">Mujeres Sindicalistas<\/a>","rttpg_excerpt":"&nbsp; &nbsp; La cifra es de los dos \u00faltimos a\u00f1os. En nueve de cada diez hechos, los agresores son varones. Esta semana una mujer fue filmada cuando era golpeada por su ex marido en Bah\u00eda Blanca. &nbsp; &nbsp; 15 de agosto de 2012. Las denuncias por casos de violencia de g\u00e9nero crecieron un 57 por&hellip;","_links":{"self":[{"href":"https:\/\/diariofemenino.com.ar\/df\/wp-json\/wp\/v2\/posts\/3143","targetHints":{"allow":["GET"]}}],"collection":[{"href":"https:\/\/diariofemenino.com.ar\/df\/wp-json\/wp\/v2\/posts"}],"about":[{"href":"https:\/\/diariofemenino.com.ar\/df\/wp-json\/wp\/v2\/types\/post"}],"author":[{"embeddable":true,"href":"https:\/\/diariofemenino.com.ar\/df\/wp-json\/wp\/v2\/users\/1"}],"replies":[{"embeddable":true,"href":"https:\/\/diariofemenino.com.ar\/df\/wp-json\/wp\/v2\/comments?post=3143"}],"version-history":[{"count":0,"href":"https:\/\/diariofemenino.com.ar\/df\/wp-json\/wp\/v2\/posts\/3143\/revisions"}],"wp:attachment":[{"href":"https:\/\/diariofemenino.com.ar\/df\/wp-json\/wp\/v2\/media?parent=3143"}],"wp:term":[{"taxonomy":"category","embeddable":true,"href":"https:\/\/diariofemenino.com.ar\/df\/wp-json\/wp\/v2\/categories?post=3143"},{"taxonomy":"post_tag","embeddable":true,"href":"https:\/\/diariofemenino.com.ar\/df\/wp-json\/wp\/v2\/tags?post=3143"}],"curies":[{"name":"wp","href":"https:\/\/api.w.org\/{rel}","templated":true}]}}