{"id":31374,"date":"2019-02-02T20:26:35","date_gmt":"2019-02-02T23:26:35","guid":{"rendered":"https:\/\/diariofemenino.com.ar\/?p=31374"},"modified":"2019-02-02T20:26:35","modified_gmt":"2019-02-02T23:26:35","slug":"dora-barrancos-el-diario-la-nacion-ha-cometido-una-injuria-gravisima","status":"publish","type":"post","link":"https:\/\/diariofemenino.com.ar\/df\/dora-barrancos-el-diario-la-nacion-ha-cometido-una-injuria-gravisima\/","title":{"rendered":"Dora Barrancos: \u00abEl diario La Naci\u00f3n ha cometido una injuria grav\u00edsima\u00bb"},"content":{"rendered":"<p><strong>La editorial publicada por el diario La Naci\u00f3n el d\u00eda viernes 1 de febrero, titulada \u00abNi\u00f1as madres con may\u00fasculas\u00bb, cosech\u00f3 repudios de organizaciones nacionales e internacionales, referentes de los derechos humanos, derechos de la mujer y la infancia, y hasta de los trabajadores del mismo medio. La investigadora y feminista Dora Barrancos fue categ\u00f3rica al criticar el texto que romantiza la violaci\u00f3n y maternidad forzada de ni\u00f1as.<\/strong><\/p>\n<section class=\"bloque audios fullpost__audios\">\n<div class=\"contenido-bloque\">Despu\u00e9s de un 2018 marcado por la marea verde que instal\u00f3 el debate por la legalizaci\u00f3n del aborto -proyecto que volver\u00e1 a presentarse en el mes de marzo en el Congreso- el diario La Naci\u00f3n sali\u00f3 con una editorial que intenta atacar al movimiento feminista, romantizando situaciones de violaciones a ni\u00f1as y embarazos forzados, y que termina siendo contrario a los derechos de ni\u00f1as, adolescentes y mujeres.<\/div>\n<\/section>\n<div class=\"cuerpo fullpost__cuerpo\">\n<p>Sin tapujos el diario retrocede 100 a\u00f1os en la historia y defiende la maternidad de las ni\u00f1as que han sido violadas, ignorando que el c\u00f3digo penal de nuestro pa\u00eds contempla desde 1.921 el aborto no punible para esas situaciones.<\/p>\n<p>La editorial en cuesti\u00f3n puede ser vista como apolog\u00eda al abuso infantil, entre otras afirmaciones se refiere a los embarazos infantiles como aquello<em>\u00a0\u00abque es natural en la mujer, lo que le viene de su instinto de madre, lo que le nace de sus ovarios casi infantiles\u00bb,<\/em>\u00a0ignorando ex profeso\u00a0 que\u00a0 las ni\u00f1as no eligen ser madres y que si existe un embarazo es porque necesariamente hubo una violaci\u00f3n.<\/p>\n<p>La investigadora, soci\u00f3loga y militante feminista -Dora Barrancos- entrevistada por Las 40! critic\u00f3 la postura del diario e inst\u00f3 a que\u00a0<em>\u00abLa Naci\u00f3n declare quien ha sido el autor y que se haga responsable, no se puede soportar la impunidad de esta nota\u00bb.<\/em><\/p>\n<p>Para Barrancos la editorial del diario es es sorprendente en el actual contexto aunque record\u00f3 el esp\u00edritu liberal que lo caracteriz\u00f3 desde el comienzo, y compar\u00f3 la l\u00ednea de la editorial con los argumentos de algunos legisladores en el Congreso cuando se trat\u00f3 el proyecto por la interrupci\u00f3n voluntaria del embarazo:\u00a0\u00ab<em>La mala enjundia liberal que caracteriza a los liberales de la Argentina\u00bb.<\/em><\/p>\n<p>Para la investigadora la situaci\u00f3n es a\u00fan m\u00e1s grave al no estar firmada la nota que\u00a0<em>\u00abSe contrapone a todos los st\u00e1ndares internacionales de derechos\u00bb. \u00abEs algo indignante, hay una aver\u00eda de fondo a la concepci\u00f3n de los derechos de las mujeres\u00bb<\/em>, indic\u00f3 Barrancos que adem\u00e1s\u00a0 se esperanz\u00f3 con la posibilidad de que en 2019 finalmente sea ley en el pa\u00eds la legalizaci\u00f3n del aborto.<\/p>\n<p>Escuch\u00e1 aqu\u00ed la nota completa.<\/p>\n<section class=\"bloque audios fullpost__audios\">\n<div class=\"contenido-bloque\">\n<article class=\"audio\">\n<h1 class=\"titulo\">Audio<\/h1>\n<p><audio src=\"https:\/\/las40.com.ar\/download\/multimedia.audio.a6817048f23b7f2c.42617272616e636f734f4b2e6d7033.mp3\" preload=\"none\" controls=\"controls\" data-mce-fragment=\"1\"><\/audio><\/p>\n<\/article>\n<\/div>\n<\/section>\n<div class=\"cuerpo fullpost__cuerpo\">\n<p>&nbsp;<\/p>\n<\/div>\n<\/div>\n<p><a href=\"https:\/\/las40.com.ar\/noticia\/1030\/dora-barrancos-el-diario-la-nacion-a-cometido-una-injuria-gravisima\">Las 40<\/a><\/p>\n","protected":false},"excerpt":{"rendered":"<p>La editorial publicada por el diario La Naci\u00f3n el d\u00eda viernes 1 de febrero, titulada \u00abNi\u00f1as madres con may\u00fasculas\u00bb, cosech\u00f3 repudios de organizaciones nacionales e internacionales, referentes de los derechos humanos, derechos de la mujer y la infancia, y hasta de los trabajadores del mismo medio. La investigadora y feminista Dora Barrancos fue categ\u00f3rica al [&hellip;]<\/p>\n","protected":false},"author":4,"featured_media":31376,"comment_status":"open","ping_status":"open","sticky":false,"template":"","format":"standard","meta":{"iawp_total_views":3,"footnotes":""},"categories":[7,581,8],"tags":[],"class_list":["post-31374","post","type-post","status-publish","format-standard","has-post-thumbnail","hentry","category-actividades","category-azul-profundo","category-entrevistas"],"nelio_content":{"autoShareEndMode":"never","automationSources":{"useCustomSentences":false,"customSentences":[]},"efiAlt":"","efiUrl":"","followers":[4],"highlights":[],"isAutoShareEnabled":true,"networkImageIds":[],"permalinkQueryArgs":[],"series":[],"suggestedReferences":[]},"yoast_head":"<!-- This site is optimized with the Yoast SEO plugin v27.4 - https:\/\/yoast.com\/product\/yoast-seo-wordpress\/ -->\n<title>Dora Barrancos: &quot;El diario La Naci\u00f3n ha cometido una injuria grav\u00edsima&quot; - Diario Digital Femenino<\/title>\n<meta name=\"description\" content=\"Dora Barrancos: &quot;El diario La Naci\u00f3n ha cometido una injuria grav\u00edsima&quot;. Investigadora, soci\u00f3loga y feminista habla con Felicitas Bonavitta en Las 40\" \/>\n<meta name=\"robots\" content=\"index, follow, max-snippet:-1, max-image-preview:large, max-video-preview:-1\" \/>\n<link rel=\"canonical\" href=\"https:\/\/diariofemenino.com.ar\/df\/dora-barrancos-el-diario-la-nacion-ha-cometido-una-injuria-gravisima\/\" \/>\n<meta property=\"og:locale\" content=\"es_ES\" \/>\n<meta property=\"og:type\" content=\"article\" \/>\n<meta property=\"og:title\" content=\"Dora Barrancos: &quot;El diario La Naci\u00f3n ha cometido una injuria grav\u00edsima&quot; - Diario Digital Femenino\" \/>\n<meta property=\"og:description\" content=\"Dora Barrancos: &quot;El diario La Naci\u00f3n ha cometido una injuria grav\u00edsima&quot;. Investigadora, soci\u00f3loga y feminista habla con Felicitas Bonavitta en Las 40\" \/>\n<meta property=\"og:url\" content=\"https:\/\/diariofemenino.com.ar\/df\/dora-barrancos-el-diario-la-nacion-ha-cometido-una-injuria-gravisima\/\" \/>\n<meta property=\"og:site_name\" content=\"Diario Digital Femenino\" \/>\n<meta property=\"article:publisher\" content=\"https:\/\/www.facebook.com\/DiarioDigitaFemenino\/\" \/>\n<meta property=\"article:published_time\" content=\"2019-02-02T23:26:35+00:00\" \/>\n<meta property=\"og:image\" content=\"https:\/\/diariofemenino.com.ar\/df\/wp-content\/uploads\/2019\/02\/multimedia.normal.98363d4dad1acd57.446f72612062617272616e636f735f6e6f726d616c2e6a7067.jpg\" \/>\n\t<meta property=\"og:image:width\" content=\"693\" \/>\n\t<meta property=\"og:image:height\" content=\"398\" \/>\n\t<meta property=\"og:image:type\" content=\"image\/jpeg\" \/>\n<meta name=\"author\" content=\"Admin\" \/>\n<meta name=\"twitter:card\" content=\"summary_large_image\" \/>\n<meta name=\"twitter:creator\" content=\"@DiarioFemenino1\" \/>\n<meta name=\"twitter:site\" content=\"@DiarioFemenino1\" \/>\n<meta name=\"twitter:label1\" content=\"Escrito por\" \/>\n\t<meta name=\"twitter:data1\" content=\"Admin\" \/>\n\t<meta name=\"twitter:label2\" content=\"Tiempo de lectura\" \/>\n\t<meta name=\"twitter:data2\" content=\"2 minutos\" \/>\n<script type=\"application\/ld+json\" class=\"yoast-schema-graph\">{\"@context\":\"https:\\\/\\\/schema.org\",\"@graph\":[{\"@type\":\"Article\",\"@id\":\"https:\\\/\\\/diariofemenino.com.ar\\\/df\\\/dora-barrancos-el-diario-la-nacion-ha-cometido-una-injuria-gravisima\\\/#article\",\"isPartOf\":{\"@id\":\"https:\\\/\\\/diariofemenino.com.ar\\\/df\\\/dora-barrancos-el-diario-la-nacion-ha-cometido-una-injuria-gravisima\\\/\"},\"author\":{\"name\":\"Admin\",\"@id\":\"https:\\\/\\\/diariofemenino.com.ar\\\/df\\\/#\\\/schema\\\/person\\\/bf6199e8158c657ea6f789b11ec85509\"},\"headline\":\"Dora Barrancos: \u00abEl diario La Naci\u00f3n ha cometido una injuria grav\u00edsima\u00bb\",\"datePublished\":\"2019-02-02T23:26:35+00:00\",\"mainEntityOfPage\":{\"@id\":\"https:\\\/\\\/diariofemenino.com.ar\\\/df\\\/dora-barrancos-el-diario-la-nacion-ha-cometido-una-injuria-gravisima\\\/\"},\"wordCount\":462,\"commentCount\":0,\"publisher\":{\"@id\":\"https:\\\/\\\/diariofemenino.com.ar\\\/df\\\/#organization\"},\"image\":{\"@id\":\"https:\\\/\\\/diariofemenino.com.ar\\\/df\\\/dora-barrancos-el-diario-la-nacion-ha-cometido-una-injuria-gravisima\\\/#primaryimage\"},\"thumbnailUrl\":\"https:\\\/\\\/diariofemenino.com.ar\\\/df\\\/wp-content\\\/uploads\\\/2019\\\/02\\\/multimedia.normal.98363d4dad1acd57.446f72612062617272616e636f735f6e6f726d616c2e6a7067.jpg\",\"articleSection\":[\"Actividades\",\"Azul Profundo\",\"Entrevistas\"],\"inLanguage\":\"es\",\"potentialAction\":[{\"@type\":\"CommentAction\",\"name\":\"Comment\",\"target\":[\"https:\\\/\\\/diariofemenino.com.ar\\\/df\\\/dora-barrancos-el-diario-la-nacion-ha-cometido-una-injuria-gravisima\\\/#respond\"]}]},{\"@type\":\"WebPage\",\"@id\":\"https:\\\/\\\/diariofemenino.com.ar\\\/df\\\/dora-barrancos-el-diario-la-nacion-ha-cometido-una-injuria-gravisima\\\/\",\"url\":\"https:\\\/\\\/diariofemenino.com.ar\\\/df\\\/dora-barrancos-el-diario-la-nacion-ha-cometido-una-injuria-gravisima\\\/\",\"name\":\"Dora Barrancos: \\\"El diario La Naci\u00f3n ha cometido una injuria grav\u00edsima\\\" - Diario Digital Femenino\",\"isPartOf\":{\"@id\":\"https:\\\/\\\/diariofemenino.com.ar\\\/df\\\/#website\"},\"primaryImageOfPage\":{\"@id\":\"https:\\\/\\\/diariofemenino.com.ar\\\/df\\\/dora-barrancos-el-diario-la-nacion-ha-cometido-una-injuria-gravisima\\\/#primaryimage\"},\"image\":{\"@id\":\"https:\\\/\\\/diariofemenino.com.ar\\\/df\\\/dora-barrancos-el-diario-la-nacion-ha-cometido-una-injuria-gravisima\\\/#primaryimage\"},\"thumbnailUrl\":\"https:\\\/\\\/diariofemenino.com.ar\\\/df\\\/wp-content\\\/uploads\\\/2019\\\/02\\\/multimedia.normal.98363d4dad1acd57.446f72612062617272616e636f735f6e6f726d616c2e6a7067.jpg\",\"datePublished\":\"2019-02-02T23:26:35+00:00\",\"description\":\"Dora Barrancos: \\\"El diario La Naci\u00f3n ha cometido una injuria grav\u00edsima\\\". Investigadora, soci\u00f3loga y feminista habla con Felicitas Bonavitta en Las 40\",\"breadcrumb\":{\"@id\":\"https:\\\/\\\/diariofemenino.com.ar\\\/df\\\/dora-barrancos-el-diario-la-nacion-ha-cometido-una-injuria-gravisima\\\/#breadcrumb\"},\"inLanguage\":\"es\",\"potentialAction\":[{\"@type\":\"ReadAction\",\"target\":[\"https:\\\/\\\/diariofemenino.com.ar\\\/df\\\/dora-barrancos-el-diario-la-nacion-ha-cometido-una-injuria-gravisima\\\/\"]}]},{\"@type\":\"ImageObject\",\"inLanguage\":\"es\",\"@id\":\"https:\\\/\\\/diariofemenino.com.ar\\\/df\\\/dora-barrancos-el-diario-la-nacion-ha-cometido-una-injuria-gravisima\\\/#primaryimage\",\"url\":\"https:\\\/\\\/diariofemenino.com.ar\\\/df\\\/wp-content\\\/uploads\\\/2019\\\/02\\\/multimedia.normal.98363d4dad1acd57.446f72612062617272616e636f735f6e6f726d616c2e6a7067.jpg\",\"contentUrl\":\"https:\\\/\\\/diariofemenino.com.ar\\\/df\\\/wp-content\\\/uploads\\\/2019\\\/02\\\/multimedia.normal.98363d4dad1acd57.446f72612062617272616e636f735f6e6f726d616c2e6a7067.jpg\",\"width\":693,\"height\":398},{\"@type\":\"BreadcrumbList\",\"@id\":\"https:\\\/\\\/diariofemenino.com.ar\\\/df\\\/dora-barrancos-el-diario-la-nacion-ha-cometido-una-injuria-gravisima\\\/#breadcrumb\",\"itemListElement\":[{\"@type\":\"ListItem\",\"position\":1,\"name\":\"Portada\",\"item\":\"https:\\\/\\\/diariofemenino.com.ar\\\/df\\\/\"},{\"@type\":\"ListItem\",\"position\":2,\"name\":\"Dora Barrancos: \u00abEl diario La Naci\u00f3n ha cometido una injuria grav\u00edsima\u00bb\"}]},{\"@type\":\"WebSite\",\"@id\":\"https:\\\/\\\/diariofemenino.com.ar\\\/df\\\/#website\",\"url\":\"https:\\\/\\\/diariofemenino.com.ar\\\/df\\\/\",\"name\":\"Diario Digital Femenino\",\"description\":\"Cuesti\u00f3n de G\u00e9nero\",\"publisher\":{\"@id\":\"https:\\\/\\\/diariofemenino.com.ar\\\/df\\\/#organization\"},\"potentialAction\":[{\"@type\":\"SearchAction\",\"target\":{\"@type\":\"EntryPoint\",\"urlTemplate\":\"https:\\\/\\\/diariofemenino.com.ar\\\/df\\\/?s={search_term_string}\"},\"query-input\":{\"@type\":\"PropertyValueSpecification\",\"valueRequired\":true,\"valueName\":\"search_term_string\"}}],\"inLanguage\":\"es\"},{\"@type\":\"Organization\",\"@id\":\"https:\\\/\\\/diariofemenino.com.ar\\\/df\\\/#organization\",\"name\":\"Diario Femenino\",\"url\":\"https:\\\/\\\/diariofemenino.com.ar\\\/df\\\/\",\"logo\":{\"@type\":\"ImageObject\",\"inLanguage\":\"es\",\"@id\":\"https:\\\/\\\/diariofemenino.com.ar\\\/df\\\/#\\\/schema\\\/logo\\\/image\\\/\",\"url\":\"https:\\\/\\\/diariofemenino.com.ar\\\/df\\\/wp-content\\\/uploads\\\/2018\\\/10\\\/logo.png\",\"contentUrl\":\"https:\\\/\\\/diariofemenino.com.ar\\\/df\\\/wp-content\\\/uploads\\\/2018\\\/10\\\/logo.png\",\"width\":500,\"height\":92,\"caption\":\"Diario Femenino\"},\"image\":{\"@id\":\"https:\\\/\\\/diariofemenino.com.ar\\\/df\\\/#\\\/schema\\\/logo\\\/image\\\/\"},\"sameAs\":[\"https:\\\/\\\/www.facebook.com\\\/DiarioDigitaFemenino\\\/\",\"https:\\\/\\\/x.com\\\/DiarioFemenino1\"]},{\"@type\":\"Person\",\"@id\":\"https:\\\/\\\/diariofemenino.com.ar\\\/df\\\/#\\\/schema\\\/person\\\/bf6199e8158c657ea6f789b11ec85509\",\"name\":\"Admin\",\"image\":{\"@type\":\"ImageObject\",\"inLanguage\":\"es\",\"@id\":\"https:\\\/\\\/diariofemenino.com.ar\\\/df\\\/wp-content\\\/uploads\\\/2018\\\/12\\\/favicon-150x150.jpg\",\"url\":\"https:\\\/\\\/diariofemenino.com.ar\\\/df\\\/wp-content\\\/uploads\\\/2018\\\/12\\\/favicon-150x150.jpg\",\"contentUrl\":\"https:\\\/\\\/diariofemenino.com.ar\\\/df\\\/wp-content\\\/uploads\\\/2018\\\/12\\\/favicon-150x150.jpg\",\"caption\":\"Admin\"},\"url\":\"https:\\\/\\\/diariofemenino.com.ar\\\/df\\\/author\\\/lenny\\\/\"}]}<\/script>\n<!-- \/ Yoast SEO plugin. -->","yoast_head_json":{"title":"Dora Barrancos: \"El diario La Naci\u00f3n ha cometido una injuria grav\u00edsima\" - Diario Digital Femenino","description":"Dora Barrancos: \"El diario La Naci\u00f3n ha cometido una injuria grav\u00edsima\". Investigadora, soci\u00f3loga y feminista habla con Felicitas Bonavitta en Las 40","robots":{"index":"index","follow":"follow","max-snippet":"max-snippet:-1","max-image-preview":"max-image-preview:large","max-video-preview":"max-video-preview:-1"},"canonical":"https:\/\/diariofemenino.com.ar\/df\/dora-barrancos-el-diario-la-nacion-ha-cometido-una-injuria-gravisima\/","og_locale":"es_ES","og_type":"article","og_title":"Dora Barrancos: \"El diario La Naci\u00f3n ha cometido una injuria grav\u00edsima\" - Diario Digital Femenino","og_description":"Dora Barrancos: \"El diario La Naci\u00f3n ha cometido una injuria grav\u00edsima\". Investigadora, soci\u00f3loga y feminista habla con Felicitas Bonavitta en Las 40","og_url":"https:\/\/diariofemenino.com.ar\/df\/dora-barrancos-el-diario-la-nacion-ha-cometido-una-injuria-gravisima\/","og_site_name":"Diario Digital Femenino","article_publisher":"https:\/\/www.facebook.com\/DiarioDigitaFemenino\/","article_published_time":"2019-02-02T23:26:35+00:00","og_image":[{"width":693,"height":398,"url":"https:\/\/diariofemenino.com.ar\/df\/wp-content\/uploads\/2019\/02\/multimedia.normal.98363d4dad1acd57.446f72612062617272616e636f735f6e6f726d616c2e6a7067.jpg","type":"image\/jpeg"}],"author":"Admin","twitter_card":"summary_large_image","twitter_creator":"@DiarioFemenino1","twitter_site":"@DiarioFemenino1","twitter_misc":{"Escrito por":"Admin","Tiempo de lectura":"2 minutos"},"schema":{"@context":"https:\/\/schema.org","@graph":[{"@type":"Article","@id":"https:\/\/diariofemenino.com.ar\/df\/dora-barrancos-el-diario-la-nacion-ha-cometido-una-injuria-gravisima\/#article","isPartOf":{"@id":"https:\/\/diariofemenino.com.ar\/df\/dora-barrancos-el-diario-la-nacion-ha-cometido-una-injuria-gravisima\/"},"author":{"name":"Admin","@id":"https:\/\/diariofemenino.com.ar\/df\/#\/schema\/person\/bf6199e8158c657ea6f789b11ec85509"},"headline":"Dora Barrancos: \u00abEl diario La Naci\u00f3n ha cometido una injuria grav\u00edsima\u00bb","datePublished":"2019-02-02T23:26:35+00:00","mainEntityOfPage":{"@id":"https:\/\/diariofemenino.com.ar\/df\/dora-barrancos-el-diario-la-nacion-ha-cometido-una-injuria-gravisima\/"},"wordCount":462,"commentCount":0,"publisher":{"@id":"https:\/\/diariofemenino.com.ar\/df\/#organization"},"image":{"@id":"https:\/\/diariofemenino.com.ar\/df\/dora-barrancos-el-diario-la-nacion-ha-cometido-una-injuria-gravisima\/#primaryimage"},"thumbnailUrl":"https:\/\/diariofemenino.com.ar\/df\/wp-content\/uploads\/2019\/02\/multimedia.normal.98363d4dad1acd57.446f72612062617272616e636f735f6e6f726d616c2e6a7067.jpg","articleSection":["Actividades","Azul Profundo","Entrevistas"],"inLanguage":"es","potentialAction":[{"@type":"CommentAction","name":"Comment","target":["https:\/\/diariofemenino.com.ar\/df\/dora-barrancos-el-diario-la-nacion-ha-cometido-una-injuria-gravisima\/#respond"]}]},{"@type":"WebPage","@id":"https:\/\/diariofemenino.com.ar\/df\/dora-barrancos-el-diario-la-nacion-ha-cometido-una-injuria-gravisima\/","url":"https:\/\/diariofemenino.com.ar\/df\/dora-barrancos-el-diario-la-nacion-ha-cometido-una-injuria-gravisima\/","name":"Dora Barrancos: \"El diario La Naci\u00f3n ha cometido una injuria grav\u00edsima\" - Diario Digital Femenino","isPartOf":{"@id":"https:\/\/diariofemenino.com.ar\/df\/#website"},"primaryImageOfPage":{"@id":"https:\/\/diariofemenino.com.ar\/df\/dora-barrancos-el-diario-la-nacion-ha-cometido-una-injuria-gravisima\/#primaryimage"},"image":{"@id":"https:\/\/diariofemenino.com.ar\/df\/dora-barrancos-el-diario-la-nacion-ha-cometido-una-injuria-gravisima\/#primaryimage"},"thumbnailUrl":"https:\/\/diariofemenino.com.ar\/df\/wp-content\/uploads\/2019\/02\/multimedia.normal.98363d4dad1acd57.446f72612062617272616e636f735f6e6f726d616c2e6a7067.jpg","datePublished":"2019-02-02T23:26:35+00:00","description":"Dora Barrancos: \"El diario La Naci\u00f3n ha cometido una injuria grav\u00edsima\". Investigadora, soci\u00f3loga y feminista habla con Felicitas Bonavitta en Las 40","breadcrumb":{"@id":"https:\/\/diariofemenino.com.ar\/df\/dora-barrancos-el-diario-la-nacion-ha-cometido-una-injuria-gravisima\/#breadcrumb"},"inLanguage":"es","potentialAction":[{"@type":"ReadAction","target":["https:\/\/diariofemenino.com.ar\/df\/dora-barrancos-el-diario-la-nacion-ha-cometido-una-injuria-gravisima\/"]}]},{"@type":"ImageObject","inLanguage":"es","@id":"https:\/\/diariofemenino.com.ar\/df\/dora-barrancos-el-diario-la-nacion-ha-cometido-una-injuria-gravisima\/#primaryimage","url":"https:\/\/diariofemenino.com.ar\/df\/wp-content\/uploads\/2019\/02\/multimedia.normal.98363d4dad1acd57.446f72612062617272616e636f735f6e6f726d616c2e6a7067.jpg","contentUrl":"https:\/\/diariofemenino.com.ar\/df\/wp-content\/uploads\/2019\/02\/multimedia.normal.98363d4dad1acd57.446f72612062617272616e636f735f6e6f726d616c2e6a7067.jpg","width":693,"height":398},{"@type":"BreadcrumbList","@id":"https:\/\/diariofemenino.com.ar\/df\/dora-barrancos-el-diario-la-nacion-ha-cometido-una-injuria-gravisima\/#breadcrumb","itemListElement":[{"@type":"ListItem","position":1,"name":"Portada","item":"https:\/\/diariofemenino.com.ar\/df\/"},{"@type":"ListItem","position":2,"name":"Dora Barrancos: \u00abEl diario La Naci\u00f3n ha cometido una injuria grav\u00edsima\u00bb"}]},{"@type":"WebSite","@id":"https:\/\/diariofemenino.com.ar\/df\/#website","url":"https:\/\/diariofemenino.com.ar\/df\/","name":"Diario Digital Femenino","description":"Cuesti\u00f3n de G\u00e9nero","publisher":{"@id":"https:\/\/diariofemenino.com.ar\/df\/#organization"},"potentialAction":[{"@type":"SearchAction","target":{"@type":"EntryPoint","urlTemplate":"https:\/\/diariofemenino.com.ar\/df\/?s={search_term_string}"},"query-input":{"@type":"PropertyValueSpecification","valueRequired":true,"valueName":"search_term_string"}}],"inLanguage":"es"},{"@type":"Organization","@id":"https:\/\/diariofemenino.com.ar\/df\/#organization","name":"Diario Femenino","url":"https:\/\/diariofemenino.com.ar\/df\/","logo":{"@type":"ImageObject","inLanguage":"es","@id":"https:\/\/diariofemenino.com.ar\/df\/#\/schema\/logo\/image\/","url":"https:\/\/diariofemenino.com.ar\/df\/wp-content\/uploads\/2018\/10\/logo.png","contentUrl":"https:\/\/diariofemenino.com.ar\/df\/wp-content\/uploads\/2018\/10\/logo.png","width":500,"height":92,"caption":"Diario Femenino"},"image":{"@id":"https:\/\/diariofemenino.com.ar\/df\/#\/schema\/logo\/image\/"},"sameAs":["https:\/\/www.facebook.com\/DiarioDigitaFemenino\/","https:\/\/x.com\/DiarioFemenino1"]},{"@type":"Person","@id":"https:\/\/diariofemenino.com.ar\/df\/#\/schema\/person\/bf6199e8158c657ea6f789b11ec85509","name":"Admin","image":{"@type":"ImageObject","inLanguage":"es","@id":"https:\/\/diariofemenino.com.ar\/df\/wp-content\/uploads\/2018\/12\/favicon-150x150.jpg","url":"https:\/\/diariofemenino.com.ar\/df\/wp-content\/uploads\/2018\/12\/favicon-150x150.jpg","contentUrl":"https:\/\/diariofemenino.com.ar\/df\/wp-content\/uploads\/2018\/12\/favicon-150x150.jpg","caption":"Admin"},"url":"https:\/\/diariofemenino.com.ar\/df\/author\/lenny\/"}]}},"jetpack_featured_media_url":"https:\/\/diariofemenino.com.ar\/df\/wp-content\/uploads\/2019\/02\/multimedia.normal.98363d4dad1acd57.446f72612062617272616e636f735f6e6f726d616c2e6a7067.jpg","jetpack_sharing_enabled":true,"rttpg_featured_image_url":{"full":["https:\/\/diariofemenino.com.ar\/df\/wp-content\/uploads\/2019\/02\/multimedia.normal.98363d4dad1acd57.446f72612062617272616e636f735f6e6f726d616c2e6a7067.jpg",693,398,false],"landscape":["https:\/\/diariofemenino.com.ar\/df\/wp-content\/uploads\/2019\/02\/multimedia.normal.98363d4dad1acd57.446f72612062617272616e636f735f6e6f726d616c2e6a7067.jpg",693,398,false],"portraits":["https:\/\/diariofemenino.com.ar\/df\/wp-content\/uploads\/2019\/02\/multimedia.normal.98363d4dad1acd57.446f72612062617272616e636f735f6e6f726d616c2e6a7067.jpg",693,398,false],"thumbnail":["https:\/\/diariofemenino.com.ar\/df\/wp-content\/uploads\/2019\/02\/multimedia.normal.98363d4dad1acd57.446f72612062617272616e636f735f6e6f726d616c2e6a7067-150x150.jpg",150,150,true],"medium":["https:\/\/diariofemenino.com.ar\/df\/wp-content\/uploads\/2019\/02\/multimedia.normal.98363d4dad1acd57.446f72612062617272616e636f735f6e6f726d616c2e6a7067-300x172.jpg",300,172,true],"large":["https:\/\/diariofemenino.com.ar\/df\/wp-content\/uploads\/2019\/02\/multimedia.normal.98363d4dad1acd57.446f72612062617272616e636f735f6e6f726d616c2e6a7067.jpg",693,398,false],"1536x1536":["https:\/\/diariofemenino.com.ar\/df\/wp-content\/uploads\/2019\/02\/multimedia.normal.98363d4dad1acd57.446f72612062617272616e636f735f6e6f726d616c2e6a7067.jpg",693,398,false],"2048x2048":["https:\/\/diariofemenino.com.ar\/df\/wp-content\/uploads\/2019\/02\/multimedia.normal.98363d4dad1acd57.446f72612062617272616e636f735f6e6f726d616c2e6a7067.jpg",693,398,false]},"rttpg_author":{"display_name":"Admin","author_link":"https:\/\/diariofemenino.com.ar\/df\/author\/lenny\/"},"rttpg_comment":0,"rttpg_category":"<a href=\"https:\/\/diariofemenino.com.ar\/df\/category\/actividades\/\" rel=\"category tag\">Actividades<\/a> <a href=\"https:\/\/diariofemenino.com.ar\/df\/category\/azul-profundo\/\" rel=\"category tag\">Azul Profundo<\/a> <a href=\"https:\/\/diariofemenino.com.ar\/df\/category\/entrevistas\/\" rel=\"category tag\">Entrevistas<\/a>","rttpg_excerpt":"La editorial publicada por el diario La Naci\u00f3n el d\u00eda viernes 1 de febrero, titulada \u00abNi\u00f1as madres con may\u00fasculas\u00bb, cosech\u00f3 repudios de organizaciones nacionales e internacionales, referentes de los derechos humanos, derechos de la mujer y la infancia, y hasta de los trabajadores del mismo medio. La investigadora y feminista Dora Barrancos fue categ\u00f3rica al&hellip;","_links":{"self":[{"href":"https:\/\/diariofemenino.com.ar\/df\/wp-json\/wp\/v2\/posts\/31374","targetHints":{"allow":["GET"]}}],"collection":[{"href":"https:\/\/diariofemenino.com.ar\/df\/wp-json\/wp\/v2\/posts"}],"about":[{"href":"https:\/\/diariofemenino.com.ar\/df\/wp-json\/wp\/v2\/types\/post"}],"author":[{"embeddable":true,"href":"https:\/\/diariofemenino.com.ar\/df\/wp-json\/wp\/v2\/users\/4"}],"replies":[{"embeddable":true,"href":"https:\/\/diariofemenino.com.ar\/df\/wp-json\/wp\/v2\/comments?post=31374"}],"version-history":[{"count":0,"href":"https:\/\/diariofemenino.com.ar\/df\/wp-json\/wp\/v2\/posts\/31374\/revisions"}],"wp:featuredmedia":[{"embeddable":true,"href":"https:\/\/diariofemenino.com.ar\/df\/wp-json\/wp\/v2\/media\/31376"}],"wp:attachment":[{"href":"https:\/\/diariofemenino.com.ar\/df\/wp-json\/wp\/v2\/media?parent=31374"}],"wp:term":[{"taxonomy":"category","embeddable":true,"href":"https:\/\/diariofemenino.com.ar\/df\/wp-json\/wp\/v2\/categories?post=31374"},{"taxonomy":"post_tag","embeddable":true,"href":"https:\/\/diariofemenino.com.ar\/df\/wp-json\/wp\/v2\/tags?post=31374"}],"curies":[{"name":"wp","href":"https:\/\/api.w.org\/{rel}","templated":true}]}}