{"id":31369,"date":"2019-02-02T20:02:49","date_gmt":"2019-02-02T23:02:49","guid":{"rendered":"https:\/\/diariofemenino.com.ar\/?p=31369"},"modified":"2019-02-02T20:02:49","modified_gmt":"2019-02-02T23:02:49","slug":"liberacion-de-uso-de-armas-mas-peligro-para-las-mujeres","status":"publish","type":"post","link":"https:\/\/diariofemenino.com.ar\/df\/liberacion-de-uso-de-armas-mas-peligro-para-las-mujeres\/","title":{"rendered":"Liberaci\u00f3n de uso de armas: m\u00e1s peligro para las mujeres"},"content":{"rendered":"<p><strong>El presidente brasile\u00f1o, el ultraderechista, mis\u00f3gino y racista Jair Bolsonaro, aprob\u00f3 por decreto la liberaci\u00f3n de portaci\u00f3n y uso de armas en el pa\u00eds, que es el quinto en el mundo\u00a0con m\u00e1s muertes de mujeres mediante la violencia. Cuando la decisi\u00f3n del nuevo gobierno estaba siendo conocida, hubo al menos tres femicidios en pocas horas.<\/strong><\/p>\n<p>La historiadora y ensayista Patr\u00edcia Valim advirti\u00f3 en una nota en Brasil de Fato que la medida presidencial representa un peligro directo para las\u00a0mujeres, un contexto que es negado sistem\u00e1ticamente por los dispositivos medi\u00e1ticos que en ese pa\u00eds y en Am\u00e9rica Latina trabajaron\u00a0para la toma del poder por Bolsonaro y ahora la respaldan.<\/p>\n<p>Varios de los aspectos de la medida est\u00e1n siendo ocultados a la poblaci\u00f3n latinoamericana. En la Argentina en especial, ya que el gobierno de Mauricio\u00a0Macri, apoyado por los medios en posici\u00f3n dominante, desarrolla una l\u00ednea represiva dura y su ministra de Seguridad, Patricia Bullrich, se pronunci\u00f3\u00a0alegremente a favor de que porten armas todos los ciudadanos que lo deseen.<\/p>\n<p>En una nota titulada \u201cEl infierno son los otros: armas de fuego, mujeres y barbarie\u201d, Valim dice que el decreto de Bolsonaro permite la posesi\u00f3n de hasta\u00a0cuatro armas por ciudadano, sin establecer requisitos para ello; reduce de 25 a 21 a\u00f1os la edad m\u00ednima para comprar armas; y extiende la portaci\u00f3n a\u00a0autoridades pol\u00edticas y a personas que est\u00e9n involucradas en procesos criminales e incluso a quienes hayan sido condenadas por crimen culposo.<\/p>\n<p>Agrega que tras el anuncio, las acciones preferenciales y ordinarias de Taurus, empresa brasile\u00f1a fabricante de armamentos, tuvieron un ascenso significativo de cotizaci\u00f3n.<\/p>\n<p>El mismo d\u00eda en que se conoci\u00f3 el decreto, 15 de enero, informa, Alighiery de Oliveira, de 25 a\u00f1os, ingres\u00f3 armado a un centro comercial de Fortaleza y\u00a0asesin\u00f3 a su ex compa\u00f1era, Lidyanne Gomes da Silva, de 22 a\u00f1os, con tres tiros a corta distancia. Luego se suicid\u00f3. Por la noche, dos mujeres fueron\u00a0asesinadas en la regi\u00f3n metropolitana de Recife.<\/p>\n<p>\u201cEsas tres tragedias informadas en un \u00fanico d\u00eda demuestran que las mujeres podr\u00e1n ser las mayores v\u00edctimas de la barbarie legitimada por decreto. Si\u00a0agregamos los datos sobre feminicidios en el pa\u00eds -crimen contra la mujer por el motivo de ser mujer- desde 2015\u201d, cuando se aprob\u00f3 una ley sobre el tema, \u201cse\u00a0constata que Brasil es el quinto pa\u00eds que m\u00e1s mata a las mujeres en el mundo. La mayor\u00eda de esos feminicidios fueron con armas de fuego, dentro de las\u00a0casas y cometidos por ex compa\u00f1eros, compa\u00f1eros o parientes de las v\u00edctimas\u201d.<\/p>\n<p>Si la pol\u00edtica para que la poblaci\u00f3n se arme se combina con estos \u00edndices, prosigue, \u201ctenemos una realidad tr\u00e1gica y la posibilidad de un futuro todav\u00eda peor\u201d.<\/p>\n<p>La especialista, que es acad\u00e9mica en la Universidad Federal de Bah\u00eda, enmarca luego la situaci\u00f3n en un recorrido hist\u00f3rico en el que examina que las estructuras de las relaciones sociales tienen su origen\u00a0en la dominaci\u00f3n colonial y las potestades completamente abusivas que los conquistadores se atribu\u00edan no solo para tomar posesi\u00f3n del\u00a0 territorio y\u00a0sus riquezas, sino tambi\u00e9n de la poblaci\u00f3n y, m\u00e1s directamente, del cuerpo de las mujeres.<\/p>\n<p>La base jur\u00eddica desigual y retr\u00f3grada que Bolsonaro est\u00e1 restaurando se inspira en un c\u00f3digo legal de la \u201cprimera modernidad\u201d, dice Valim. Ese c\u00f3digo\u00a0\u201cregulaba la vida en la sociedad de Portugal y sus dominios ultramarinos y aseguraba al marido el derecho de matar a la mujer\u201d, por ejemplo ante un acto\u00a0de adulterio, real o supuesto.<\/p>\n<p>Entre otros precedentes, menciona que la teor\u00eda de la \u201cleg\u00edtima defensa de la honra\u201d tiene larga vida en Brasil. Desde mediados del siglo XIX hasta cerca de 1970, varios casos de feminicidio llevados a juicio terminaron en absoluci\u00f3n, \u201cen raz\u00f3n, sobre todo, del clamor de la sociedad, que as\u00ed mataba a\u00a0su v\u00edctima dos veces\u201d.<\/p>\n<p>Valim dice en Brasil de Fato que las organizaciones civiles lucharon y lograron conquistas, pero la continuidad de los cr\u00edmenes demuestra que \u201cla\u00a0violencia y la desigualdad a\u00fan est\u00e1n vigentes y que las conquistas de la ciudadan\u00eda son un proceso transitorio, con flujos y reflujos\u201d.<\/p>\n<p>Adem\u00e1s, advierte que el asesinato es el punto \u00faltimo de un proceso, \u201ces la escalada final, antecedida por una serie de actos violentos como la presi\u00f3n\u00a0psicol\u00f3gica, la humillaci\u00f3n, el estupro, la agresi\u00f3n f\u00edsica y verbal, la calumnia, la difamaci\u00f3n de la moral y del car\u00e1cter femenino\u201d. (<a href=\"http:\/\/www.comunanet.com.ar\/liberacion-de-uso-de-armas-mas-peligro-para-las-mujeres\/\">Comuna<\/a>)<\/p>\n<p>&nbsp;<\/p>\n<p>La nota original de Brasil de Fato, en este enlace:<br \/>\n<a href=\"https:\/\/www.brasildefato.com.br\/2019\/01\/22\/o-inferno-sao-os-outros-armas-de-fogo-mulheres-e-barbarie\/\">https:\/\/www.brasildefato.com.br\/2019\/01\/22\/o-inferno-sao-os-outros-armas-de-fogo-mulheres-e-barbarie\/<\/a><\/p>\n","protected":false},"excerpt":{"rendered":"<p>El presidente brasile\u00f1o, el ultraderechista, mis\u00f3gino y racista Jair Bolsonaro, aprob\u00f3 por decreto la liberaci\u00f3n de portaci\u00f3n y uso de armas en el pa\u00eds, que es el quinto en el mundo\u00a0con m\u00e1s muertes de mujeres mediante la violencia. Cuando la decisi\u00f3n del nuevo gobierno estaba siendo conocida, hubo al menos tres femicidios en pocas horas. [&hellip;]<\/p>\n","protected":false},"author":4,"featured_media":31372,"comment_status":"open","ping_status":"open","sticky":false,"template":"","format":"standard","meta":{"iawp_total_views":8,"footnotes":""},"categories":[32,592],"tags":[],"class_list":["post-31369","post","type-post","status-publish","format-standard","has-post-thumbnail","hentry","category-mujeres","category-violencias"],"nelio_content":{"autoShareEndMode":"never","automationSources":{"useCustomSentences":false,"customSentences":[]},"efiAlt":"","efiUrl":"","followers":[4],"highlights":[],"isAutoShareEnabled":true,"networkImageIds":[],"permalinkQueryArgs":[],"series":[],"suggestedReferences":[]},"yoast_head":"<!-- This site is optimized with the Yoast SEO plugin v27.4 - https:\/\/yoast.com\/product\/yoast-seo-wordpress\/ -->\n<title>Liberaci\u00f3n de uso de armas: m\u00e1s peligro para las mujeres - Diario Digital Femenino<\/title>\n<meta name=\"description\" content=\"Liberaci\u00f3n de uso de armas: m\u00e1s peligro para las mujeres. La historiadora y ensayista Patr\u00edcia Valim advirti\u00f3 en una nota en Brasil de Fato.\" \/>\n<meta name=\"robots\" content=\"index, follow, max-snippet:-1, max-image-preview:large, max-video-preview:-1\" \/>\n<link rel=\"canonical\" href=\"https:\/\/diariofemenino.com.ar\/df\/liberacion-de-uso-de-armas-mas-peligro-para-las-mujeres\/\" \/>\n<meta property=\"og:locale\" content=\"es_ES\" \/>\n<meta property=\"og:type\" content=\"article\" \/>\n<meta property=\"og:title\" content=\"Liberaci\u00f3n de uso de armas: m\u00e1s peligro para las mujeres - Diario Digital Femenino\" \/>\n<meta property=\"og:description\" content=\"Liberaci\u00f3n de uso de armas: m\u00e1s peligro para las mujeres. La historiadora y ensayista Patr\u00edcia Valim advirti\u00f3 en una nota en Brasil de Fato.\" \/>\n<meta property=\"og:url\" content=\"https:\/\/diariofemenino.com.ar\/df\/liberacion-de-uso-de-armas-mas-peligro-para-las-mujeres\/\" \/>\n<meta property=\"og:site_name\" content=\"Diario Digital Femenino\" \/>\n<meta property=\"article:publisher\" content=\"https:\/\/www.facebook.com\/DiarioDigitaFemenino\/\" \/>\n<meta property=\"article:published_time\" content=\"2019-02-02T23:02:49+00:00\" \/>\n<meta property=\"og:image\" content=\"https:\/\/diariofemenino.com.ar\/df\/wp-content\/uploads\/2019\/02\/bolsonaro-armado.jpeg_541755376-768x432.jpeg\" \/>\n\t<meta property=\"og:image:width\" content=\"768\" \/>\n\t<meta property=\"og:image:height\" content=\"432\" \/>\n\t<meta property=\"og:image:type\" content=\"image\/jpeg\" \/>\n<meta name=\"author\" content=\"Admin\" \/>\n<meta name=\"twitter:card\" content=\"summary_large_image\" \/>\n<meta name=\"twitter:creator\" content=\"@DiarioFemenino1\" \/>\n<meta name=\"twitter:site\" content=\"@DiarioFemenino1\" \/>\n<meta name=\"twitter:label1\" content=\"Escrito por\" \/>\n\t<meta name=\"twitter:data1\" content=\"Admin\" \/>\n\t<meta name=\"twitter:label2\" content=\"Tiempo de lectura\" \/>\n\t<meta name=\"twitter:data2\" content=\"4 minutos\" \/>\n<script type=\"application\/ld+json\" class=\"yoast-schema-graph\">{\"@context\":\"https:\\\/\\\/schema.org\",\"@graph\":[{\"@type\":\"Article\",\"@id\":\"https:\\\/\\\/diariofemenino.com.ar\\\/df\\\/liberacion-de-uso-de-armas-mas-peligro-para-las-mujeres\\\/#article\",\"isPartOf\":{\"@id\":\"https:\\\/\\\/diariofemenino.com.ar\\\/df\\\/liberacion-de-uso-de-armas-mas-peligro-para-las-mujeres\\\/\"},\"author\":{\"name\":\"Admin\",\"@id\":\"https:\\\/\\\/diariofemenino.com.ar\\\/df\\\/#\\\/schema\\\/person\\\/bf6199e8158c657ea6f789b11ec85509\"},\"headline\":\"Liberaci\u00f3n de uso de armas: m\u00e1s peligro para las mujeres\",\"datePublished\":\"2019-02-02T23:02:49+00:00\",\"mainEntityOfPage\":{\"@id\":\"https:\\\/\\\/diariofemenino.com.ar\\\/df\\\/liberacion-de-uso-de-armas-mas-peligro-para-las-mujeres\\\/\"},\"wordCount\":822,\"commentCount\":0,\"publisher\":{\"@id\":\"https:\\\/\\\/diariofemenino.com.ar\\\/df\\\/#organization\"},\"image\":{\"@id\":\"https:\\\/\\\/diariofemenino.com.ar\\\/df\\\/liberacion-de-uso-de-armas-mas-peligro-para-las-mujeres\\\/#primaryimage\"},\"thumbnailUrl\":\"https:\\\/\\\/diariofemenino.com.ar\\\/df\\\/wp-content\\\/uploads\\\/2019\\\/02\\\/bolsonaro-armado.jpeg_541755376-768x432.jpeg\",\"articleSection\":[\"Mujeres\",\"Violencias\"],\"inLanguage\":\"es\",\"potentialAction\":[{\"@type\":\"CommentAction\",\"name\":\"Comment\",\"target\":[\"https:\\\/\\\/diariofemenino.com.ar\\\/df\\\/liberacion-de-uso-de-armas-mas-peligro-para-las-mujeres\\\/#respond\"]}]},{\"@type\":\"WebPage\",\"@id\":\"https:\\\/\\\/diariofemenino.com.ar\\\/df\\\/liberacion-de-uso-de-armas-mas-peligro-para-las-mujeres\\\/\",\"url\":\"https:\\\/\\\/diariofemenino.com.ar\\\/df\\\/liberacion-de-uso-de-armas-mas-peligro-para-las-mujeres\\\/\",\"name\":\"Liberaci\u00f3n de uso de armas: m\u00e1s peligro para las mujeres - Diario Digital Femenino\",\"isPartOf\":{\"@id\":\"https:\\\/\\\/diariofemenino.com.ar\\\/df\\\/#website\"},\"primaryImageOfPage\":{\"@id\":\"https:\\\/\\\/diariofemenino.com.ar\\\/df\\\/liberacion-de-uso-de-armas-mas-peligro-para-las-mujeres\\\/#primaryimage\"},\"image\":{\"@id\":\"https:\\\/\\\/diariofemenino.com.ar\\\/df\\\/liberacion-de-uso-de-armas-mas-peligro-para-las-mujeres\\\/#primaryimage\"},\"thumbnailUrl\":\"https:\\\/\\\/diariofemenino.com.ar\\\/df\\\/wp-content\\\/uploads\\\/2019\\\/02\\\/bolsonaro-armado.jpeg_541755376-768x432.jpeg\",\"datePublished\":\"2019-02-02T23:02:49+00:00\",\"description\":\"Liberaci\u00f3n de uso de armas: m\u00e1s peligro para las mujeres. La historiadora y ensayista Patr\u00edcia Valim advirti\u00f3 en una nota en Brasil de Fato.\",\"breadcrumb\":{\"@id\":\"https:\\\/\\\/diariofemenino.com.ar\\\/df\\\/liberacion-de-uso-de-armas-mas-peligro-para-las-mujeres\\\/#breadcrumb\"},\"inLanguage\":\"es\",\"potentialAction\":[{\"@type\":\"ReadAction\",\"target\":[\"https:\\\/\\\/diariofemenino.com.ar\\\/df\\\/liberacion-de-uso-de-armas-mas-peligro-para-las-mujeres\\\/\"]}]},{\"@type\":\"ImageObject\",\"inLanguage\":\"es\",\"@id\":\"https:\\\/\\\/diariofemenino.com.ar\\\/df\\\/liberacion-de-uso-de-armas-mas-peligro-para-las-mujeres\\\/#primaryimage\",\"url\":\"https:\\\/\\\/diariofemenino.com.ar\\\/df\\\/wp-content\\\/uploads\\\/2019\\\/02\\\/bolsonaro-armado.jpeg_541755376-768x432.jpeg\",\"contentUrl\":\"https:\\\/\\\/diariofemenino.com.ar\\\/df\\\/wp-content\\\/uploads\\\/2019\\\/02\\\/bolsonaro-armado.jpeg_541755376-768x432.jpeg\",\"width\":768,\"height\":432},{\"@type\":\"BreadcrumbList\",\"@id\":\"https:\\\/\\\/diariofemenino.com.ar\\\/df\\\/liberacion-de-uso-de-armas-mas-peligro-para-las-mujeres\\\/#breadcrumb\",\"itemListElement\":[{\"@type\":\"ListItem\",\"position\":1,\"name\":\"Portada\",\"item\":\"https:\\\/\\\/diariofemenino.com.ar\\\/df\\\/\"},{\"@type\":\"ListItem\",\"position\":2,\"name\":\"Liberaci\u00f3n de uso de armas: m\u00e1s peligro para las mujeres\"}]},{\"@type\":\"WebSite\",\"@id\":\"https:\\\/\\\/diariofemenino.com.ar\\\/df\\\/#website\",\"url\":\"https:\\\/\\\/diariofemenino.com.ar\\\/df\\\/\",\"name\":\"Diario Digital Femenino\",\"description\":\"Cuesti\u00f3n de G\u00e9nero\",\"publisher\":{\"@id\":\"https:\\\/\\\/diariofemenino.com.ar\\\/df\\\/#organization\"},\"potentialAction\":[{\"@type\":\"SearchAction\",\"target\":{\"@type\":\"EntryPoint\",\"urlTemplate\":\"https:\\\/\\\/diariofemenino.com.ar\\\/df\\\/?s={search_term_string}\"},\"query-input\":{\"@type\":\"PropertyValueSpecification\",\"valueRequired\":true,\"valueName\":\"search_term_string\"}}],\"inLanguage\":\"es\"},{\"@type\":\"Organization\",\"@id\":\"https:\\\/\\\/diariofemenino.com.ar\\\/df\\\/#organization\",\"name\":\"Diario Femenino\",\"url\":\"https:\\\/\\\/diariofemenino.com.ar\\\/df\\\/\",\"logo\":{\"@type\":\"ImageObject\",\"inLanguage\":\"es\",\"@id\":\"https:\\\/\\\/diariofemenino.com.ar\\\/df\\\/#\\\/schema\\\/logo\\\/image\\\/\",\"url\":\"https:\\\/\\\/diariofemenino.com.ar\\\/df\\\/wp-content\\\/uploads\\\/2018\\\/10\\\/logo.png\",\"contentUrl\":\"https:\\\/\\\/diariofemenino.com.ar\\\/df\\\/wp-content\\\/uploads\\\/2018\\\/10\\\/logo.png\",\"width\":500,\"height\":92,\"caption\":\"Diario Femenino\"},\"image\":{\"@id\":\"https:\\\/\\\/diariofemenino.com.ar\\\/df\\\/#\\\/schema\\\/logo\\\/image\\\/\"},\"sameAs\":[\"https:\\\/\\\/www.facebook.com\\\/DiarioDigitaFemenino\\\/\",\"https:\\\/\\\/x.com\\\/DiarioFemenino1\"]},{\"@type\":\"Person\",\"@id\":\"https:\\\/\\\/diariofemenino.com.ar\\\/df\\\/#\\\/schema\\\/person\\\/bf6199e8158c657ea6f789b11ec85509\",\"name\":\"Admin\",\"image\":{\"@type\":\"ImageObject\",\"inLanguage\":\"es\",\"@id\":\"https:\\\/\\\/diariofemenino.com.ar\\\/df\\\/wp-content\\\/uploads\\\/2018\\\/12\\\/favicon-150x150.jpg\",\"url\":\"https:\\\/\\\/diariofemenino.com.ar\\\/df\\\/wp-content\\\/uploads\\\/2018\\\/12\\\/favicon-150x150.jpg\",\"contentUrl\":\"https:\\\/\\\/diariofemenino.com.ar\\\/df\\\/wp-content\\\/uploads\\\/2018\\\/12\\\/favicon-150x150.jpg\",\"caption\":\"Admin\"},\"url\":\"https:\\\/\\\/diariofemenino.com.ar\\\/df\\\/author\\\/lenny\\\/\"}]}<\/script>\n<!-- \/ Yoast SEO plugin. -->","yoast_head_json":{"title":"Liberaci\u00f3n de uso de armas: m\u00e1s peligro para las mujeres - Diario Digital Femenino","description":"Liberaci\u00f3n de uso de armas: m\u00e1s peligro para las mujeres. La historiadora y ensayista Patr\u00edcia Valim advirti\u00f3 en una nota en Brasil de Fato.","robots":{"index":"index","follow":"follow","max-snippet":"max-snippet:-1","max-image-preview":"max-image-preview:large","max-video-preview":"max-video-preview:-1"},"canonical":"https:\/\/diariofemenino.com.ar\/df\/liberacion-de-uso-de-armas-mas-peligro-para-las-mujeres\/","og_locale":"es_ES","og_type":"article","og_title":"Liberaci\u00f3n de uso de armas: m\u00e1s peligro para las mujeres - Diario Digital Femenino","og_description":"Liberaci\u00f3n de uso de armas: m\u00e1s peligro para las mujeres. La historiadora y ensayista Patr\u00edcia Valim advirti\u00f3 en una nota en Brasil de Fato.","og_url":"https:\/\/diariofemenino.com.ar\/df\/liberacion-de-uso-de-armas-mas-peligro-para-las-mujeres\/","og_site_name":"Diario Digital Femenino","article_publisher":"https:\/\/www.facebook.com\/DiarioDigitaFemenino\/","article_published_time":"2019-02-02T23:02:49+00:00","og_image":[{"width":768,"height":432,"url":"https:\/\/diariofemenino.com.ar\/df\/wp-content\/uploads\/2019\/02\/bolsonaro-armado.jpeg_541755376-768x432.jpeg","type":"image\/jpeg"}],"author":"Admin","twitter_card":"summary_large_image","twitter_creator":"@DiarioFemenino1","twitter_site":"@DiarioFemenino1","twitter_misc":{"Escrito por":"Admin","Tiempo de lectura":"4 minutos"},"schema":{"@context":"https:\/\/schema.org","@graph":[{"@type":"Article","@id":"https:\/\/diariofemenino.com.ar\/df\/liberacion-de-uso-de-armas-mas-peligro-para-las-mujeres\/#article","isPartOf":{"@id":"https:\/\/diariofemenino.com.ar\/df\/liberacion-de-uso-de-armas-mas-peligro-para-las-mujeres\/"},"author":{"name":"Admin","@id":"https:\/\/diariofemenino.com.ar\/df\/#\/schema\/person\/bf6199e8158c657ea6f789b11ec85509"},"headline":"Liberaci\u00f3n de uso de armas: m\u00e1s peligro para las mujeres","datePublished":"2019-02-02T23:02:49+00:00","mainEntityOfPage":{"@id":"https:\/\/diariofemenino.com.ar\/df\/liberacion-de-uso-de-armas-mas-peligro-para-las-mujeres\/"},"wordCount":822,"commentCount":0,"publisher":{"@id":"https:\/\/diariofemenino.com.ar\/df\/#organization"},"image":{"@id":"https:\/\/diariofemenino.com.ar\/df\/liberacion-de-uso-de-armas-mas-peligro-para-las-mujeres\/#primaryimage"},"thumbnailUrl":"https:\/\/diariofemenino.com.ar\/df\/wp-content\/uploads\/2019\/02\/bolsonaro-armado.jpeg_541755376-768x432.jpeg","articleSection":["Mujeres","Violencias"],"inLanguage":"es","potentialAction":[{"@type":"CommentAction","name":"Comment","target":["https:\/\/diariofemenino.com.ar\/df\/liberacion-de-uso-de-armas-mas-peligro-para-las-mujeres\/#respond"]}]},{"@type":"WebPage","@id":"https:\/\/diariofemenino.com.ar\/df\/liberacion-de-uso-de-armas-mas-peligro-para-las-mujeres\/","url":"https:\/\/diariofemenino.com.ar\/df\/liberacion-de-uso-de-armas-mas-peligro-para-las-mujeres\/","name":"Liberaci\u00f3n de uso de armas: m\u00e1s peligro para las mujeres - Diario Digital Femenino","isPartOf":{"@id":"https:\/\/diariofemenino.com.ar\/df\/#website"},"primaryImageOfPage":{"@id":"https:\/\/diariofemenino.com.ar\/df\/liberacion-de-uso-de-armas-mas-peligro-para-las-mujeres\/#primaryimage"},"image":{"@id":"https:\/\/diariofemenino.com.ar\/df\/liberacion-de-uso-de-armas-mas-peligro-para-las-mujeres\/#primaryimage"},"thumbnailUrl":"https:\/\/diariofemenino.com.ar\/df\/wp-content\/uploads\/2019\/02\/bolsonaro-armado.jpeg_541755376-768x432.jpeg","datePublished":"2019-02-02T23:02:49+00:00","description":"Liberaci\u00f3n de uso de armas: m\u00e1s peligro para las mujeres. La historiadora y ensayista Patr\u00edcia Valim advirti\u00f3 en una nota en Brasil de Fato.","breadcrumb":{"@id":"https:\/\/diariofemenino.com.ar\/df\/liberacion-de-uso-de-armas-mas-peligro-para-las-mujeres\/#breadcrumb"},"inLanguage":"es","potentialAction":[{"@type":"ReadAction","target":["https:\/\/diariofemenino.com.ar\/df\/liberacion-de-uso-de-armas-mas-peligro-para-las-mujeres\/"]}]},{"@type":"ImageObject","inLanguage":"es","@id":"https:\/\/diariofemenino.com.ar\/df\/liberacion-de-uso-de-armas-mas-peligro-para-las-mujeres\/#primaryimage","url":"https:\/\/diariofemenino.com.ar\/df\/wp-content\/uploads\/2019\/02\/bolsonaro-armado.jpeg_541755376-768x432.jpeg","contentUrl":"https:\/\/diariofemenino.com.ar\/df\/wp-content\/uploads\/2019\/02\/bolsonaro-armado.jpeg_541755376-768x432.jpeg","width":768,"height":432},{"@type":"BreadcrumbList","@id":"https:\/\/diariofemenino.com.ar\/df\/liberacion-de-uso-de-armas-mas-peligro-para-las-mujeres\/#breadcrumb","itemListElement":[{"@type":"ListItem","position":1,"name":"Portada","item":"https:\/\/diariofemenino.com.ar\/df\/"},{"@type":"ListItem","position":2,"name":"Liberaci\u00f3n de uso de armas: m\u00e1s peligro para las mujeres"}]},{"@type":"WebSite","@id":"https:\/\/diariofemenino.com.ar\/df\/#website","url":"https:\/\/diariofemenino.com.ar\/df\/","name":"Diario Digital Femenino","description":"Cuesti\u00f3n de G\u00e9nero","publisher":{"@id":"https:\/\/diariofemenino.com.ar\/df\/#organization"},"potentialAction":[{"@type":"SearchAction","target":{"@type":"EntryPoint","urlTemplate":"https:\/\/diariofemenino.com.ar\/df\/?s={search_term_string}"},"query-input":{"@type":"PropertyValueSpecification","valueRequired":true,"valueName":"search_term_string"}}],"inLanguage":"es"},{"@type":"Organization","@id":"https:\/\/diariofemenino.com.ar\/df\/#organization","name":"Diario Femenino","url":"https:\/\/diariofemenino.com.ar\/df\/","logo":{"@type":"ImageObject","inLanguage":"es","@id":"https:\/\/diariofemenino.com.ar\/df\/#\/schema\/logo\/image\/","url":"https:\/\/diariofemenino.com.ar\/df\/wp-content\/uploads\/2018\/10\/logo.png","contentUrl":"https:\/\/diariofemenino.com.ar\/df\/wp-content\/uploads\/2018\/10\/logo.png","width":500,"height":92,"caption":"Diario Femenino"},"image":{"@id":"https:\/\/diariofemenino.com.ar\/df\/#\/schema\/logo\/image\/"},"sameAs":["https:\/\/www.facebook.com\/DiarioDigitaFemenino\/","https:\/\/x.com\/DiarioFemenino1"]},{"@type":"Person","@id":"https:\/\/diariofemenino.com.ar\/df\/#\/schema\/person\/bf6199e8158c657ea6f789b11ec85509","name":"Admin","image":{"@type":"ImageObject","inLanguage":"es","@id":"https:\/\/diariofemenino.com.ar\/df\/wp-content\/uploads\/2018\/12\/favicon-150x150.jpg","url":"https:\/\/diariofemenino.com.ar\/df\/wp-content\/uploads\/2018\/12\/favicon-150x150.jpg","contentUrl":"https:\/\/diariofemenino.com.ar\/df\/wp-content\/uploads\/2018\/12\/favicon-150x150.jpg","caption":"Admin"},"url":"https:\/\/diariofemenino.com.ar\/df\/author\/lenny\/"}]}},"jetpack_featured_media_url":"https:\/\/diariofemenino.com.ar\/df\/wp-content\/uploads\/2019\/02\/bolsonaro-armado.jpeg_541755376-768x432.jpeg","jetpack_sharing_enabled":true,"rttpg_featured_image_url":{"full":["https:\/\/diariofemenino.com.ar\/df\/wp-content\/uploads\/2019\/02\/bolsonaro-armado.jpeg_541755376-768x432.jpeg",768,432,false],"landscape":["https:\/\/diariofemenino.com.ar\/df\/wp-content\/uploads\/2019\/02\/bolsonaro-armado.jpeg_541755376-768x432.jpeg",768,432,false],"portraits":["https:\/\/diariofemenino.com.ar\/df\/wp-content\/uploads\/2019\/02\/bolsonaro-armado.jpeg_541755376-768x432.jpeg",768,432,false],"thumbnail":["https:\/\/diariofemenino.com.ar\/df\/wp-content\/uploads\/2019\/02\/bolsonaro-armado.jpeg_541755376-768x432-150x150.jpeg",150,150,true],"medium":["https:\/\/diariofemenino.com.ar\/df\/wp-content\/uploads\/2019\/02\/bolsonaro-armado.jpeg_541755376-768x432-300x169.jpeg",300,169,true],"large":["https:\/\/diariofemenino.com.ar\/df\/wp-content\/uploads\/2019\/02\/bolsonaro-armado.jpeg_541755376-768x432.jpeg",768,432,false],"1536x1536":["https:\/\/diariofemenino.com.ar\/df\/wp-content\/uploads\/2019\/02\/bolsonaro-armado.jpeg_541755376-768x432.jpeg",768,432,false],"2048x2048":["https:\/\/diariofemenino.com.ar\/df\/wp-content\/uploads\/2019\/02\/bolsonaro-armado.jpeg_541755376-768x432.jpeg",768,432,false]},"rttpg_author":{"display_name":"Admin","author_link":"https:\/\/diariofemenino.com.ar\/df\/author\/lenny\/"},"rttpg_comment":0,"rttpg_category":"<a href=\"https:\/\/diariofemenino.com.ar\/df\/category\/mujeres\/\" rel=\"category tag\">Mujeres<\/a> <a href=\"https:\/\/diariofemenino.com.ar\/df\/category\/violencias\/\" rel=\"category tag\">Violencias<\/a>","rttpg_excerpt":"El presidente brasile\u00f1o, el ultraderechista, mis\u00f3gino y racista Jair Bolsonaro, aprob\u00f3 por decreto la liberaci\u00f3n de portaci\u00f3n y uso de armas en el pa\u00eds, que es el quinto en el mundo\u00a0con m\u00e1s muertes de mujeres mediante la violencia. Cuando la decisi\u00f3n del nuevo gobierno estaba siendo conocida, hubo al menos tres femicidios en pocas horas.&hellip;","_links":{"self":[{"href":"https:\/\/diariofemenino.com.ar\/df\/wp-json\/wp\/v2\/posts\/31369","targetHints":{"allow":["GET"]}}],"collection":[{"href":"https:\/\/diariofemenino.com.ar\/df\/wp-json\/wp\/v2\/posts"}],"about":[{"href":"https:\/\/diariofemenino.com.ar\/df\/wp-json\/wp\/v2\/types\/post"}],"author":[{"embeddable":true,"href":"https:\/\/diariofemenino.com.ar\/df\/wp-json\/wp\/v2\/users\/4"}],"replies":[{"embeddable":true,"href":"https:\/\/diariofemenino.com.ar\/df\/wp-json\/wp\/v2\/comments?post=31369"}],"version-history":[{"count":0,"href":"https:\/\/diariofemenino.com.ar\/df\/wp-json\/wp\/v2\/posts\/31369\/revisions"}],"wp:featuredmedia":[{"embeddable":true,"href":"https:\/\/diariofemenino.com.ar\/df\/wp-json\/wp\/v2\/media\/31372"}],"wp:attachment":[{"href":"https:\/\/diariofemenino.com.ar\/df\/wp-json\/wp\/v2\/media?parent=31369"}],"wp:term":[{"taxonomy":"category","embeddable":true,"href":"https:\/\/diariofemenino.com.ar\/df\/wp-json\/wp\/v2\/categories?post=31369"},{"taxonomy":"post_tag","embeddable":true,"href":"https:\/\/diariofemenino.com.ar\/df\/wp-json\/wp\/v2\/tags?post=31369"}],"curies":[{"name":"wp","href":"https:\/\/api.w.org\/{rel}","templated":true}]}}