{"id":31355,"date":"2019-02-02T11:48:35","date_gmt":"2019-02-02T14:48:35","guid":{"rendered":"https:\/\/diariofemenino.com.ar\/?p=31355"},"modified":"2019-02-02T11:48:35","modified_gmt":"2019-02-02T14:48:35","slug":"fuerte-cuestionamiento-al-editorial-del-diario-la-nacion-del-1-de-febrero-de-2019","status":"publish","type":"post","link":"https:\/\/diariofemenino.com.ar\/df\/fuerte-cuestionamiento-al-editorial-del-diario-la-nacion-del-1-de-febrero-de-2019\/","title":{"rendered":"Fuerte cuestionamiento al editorial del Diario la Naci\u00f3n del 1 de febrero de 2019"},"content":{"rendered":"<p>Mar\u00eda Elena Naddeo*<\/p>\n<p>Los repudios al editorial del diario La Naci\u00f3n se sumaron en un amplio arco pol\u00edtico y de la sociedad civil. APDH, Defensor\u00eda del Pueblo, UNICEF, Amnist\u00eda, entre las primeras voces se\u00f1alando que la nota violenta principios b\u00e1sicos de los derechos de la infancia, en especial la protecci\u00f3n contra el abuso sexual en la infancia y el derecho a la autonom\u00eda de los cuerpos femeninos a decidir con libertad la interrupci\u00f3n o no de un embarazo no deseado, mas aun cuando es producto de una violaci\u00f3n.<\/p>\n<p>Aqu\u00ed van los fundamentos esgrimidos desde APDH y la Defensor\u00eda del Pueblo de la Ciudad de Bs.As.<\/p>\n<p><strong>Banalizaci\u00f3n del abuso sexual, exaltaci\u00f3n del embarazo adolescente<\/strong><\/p>\n<p>Argentina tiene un porcentaje alt\u00edsimo de embarazo adolescente, un 15%, estable desde hace d\u00e9cadas. Y dentro de ese porcentaje las ni\u00f1as embarazadas menores de 15 a\u00f1os llegan a una cantidad de 3000. Estas cifras han generado iniciativas diversas de pol\u00edticas p\u00fablicas en los \u00e1mbitos nacionales y provinciales sin que se haya podido reducir sustancialmente esta problem\u00e1tica.<\/p>\n<p>Pensamos que sobran razones para alarmarse por estos datos: el embarazo adolescente adem\u00e1s de contener un riesgo f\u00edsico y ps\u00edquico por la escasa madurez del cuerpo de la gestante implica, en muchas situaciones, a futuro y de llegar a t\u00e9rmino el parto, la interrupci\u00f3n del proyecto de vida de la joven, tanto en sus estudios como en su vida familiar y social.\u00a0 Por otra parte, en la mayor\u00eda de los casos de las chicas de temprana edad, los embarazos provienen de abuso sexual en el \u00e1mbito familiar o de violaciones, delitos grav\u00edsimos que deben ser perseguidos y condenados, adem\u00e1s de producir traumas y huellas profundas en las victimas, las cuales deben ser contenidas y escuchadas con especial atenci\u00f3n y eficacia.<\/p>\n<p>Despu\u00e9s del fuert\u00edsimo debate suscitado por la interrupci\u00f3n del embarazo de la ni\u00f1a violada en la provincia de Jujuy surgieron algunas conclusiones de elemental l\u00f3gica legal e institucional: centrar la energ\u00eda pol\u00edtica y profesional en la prevenci\u00f3n del abuso sexual en la infancia y de\u00a0 las violaciones en general,\u00a0 hacer cumplir claramente los procedimientos que rigen ya en nuestro pa\u00eds a partir del fallo FAL de la Corte Suprema de Justicia de la Naci\u00f3n en funci\u00f3n del art. 26 del C\u00f3digo Penal argentino y la ley de Educaci\u00f3n sexual integral.<\/p>\n<p>Muy por el contrario, la desastrosa nota del diario La Naci\u00f3n coloca el debate en el peor de los escenarios: la banalizaci\u00f3n del abuso sexual, y la exaltaci\u00f3n del embarazo adolescente. Es parte de la vieja visi\u00f3n del patriarcado de considerar a las ni\u00f1as como cuerpos al servicio de la reproducci\u00f3n, negando o ignorando el conjunto de sus derechos. Su capacidad para decidir, su proyecto de vida aut\u00f3nomo.\u00a0 La nota se\u00f1ala claramente que no importa c\u00f3mo se gestaron los embarazos adolescentes, parecen ignorar las situaciones de abuso sexual y violaciones en la infancia. No es ingenuidad profesional, se est\u00e1 haciendo de manera indirecta una apolog\u00eda del abuso sexual porque hay una amplia legislaci\u00f3n que los considera delitos agravados por la edad temprana de las ni\u00f1as. Nuestra jurisprudencia legaliza el aborto legal en esos casos sin limitaciones. Por supuesto que el requisito principal es escuchar la voz y contar con el consentimiento de la ni\u00f1a. Lo que se oculta en la nota del Diario La Naci\u00f3n son las operaciones obstructivas realizadas por los sectores anti derechos, \u00a0en todos aquellos casos en que las ni\u00f1as quisieron interrumpir el embarazo y se los impidieron con estas argumentaciones medievales.<\/p>\n<p>Hay una carga de odio mis\u00f3gino inaceptable contra los pa\u00f1uelos verdes. Contra las luchas y los ideales del movimiento de mujeres. \u00a0Los pa\u00f1uelos verdes brillan y se multiplican en la Argentina del siglo XXI porque tienen la luz de la autonom\u00eda y la libertad de los cuerpos femeninos, porque encarnan el derecho a decidir, sin imponer ni obligar a ninguna mujer a ninguna ni\u00f1a. Posibilitarle con legalidad y atenci\u00f3n sanitaria el ejercicio de su libertad.<\/p>\n<p>&nbsp;<\/p>\n<p>*Co-presidenta de la Asamblea Permanente por los derechos humanos titular del \u00e1rea de Ni\u00f1ez. Adolescencia y Genero de la Defensor\u00eda del Pueblo.<\/p>\n<p>&nbsp;<\/p>\n","protected":false},"excerpt":{"rendered":"<p>Mar\u00eda Elena Naddeo* Los repudios al editorial del diario La Naci\u00f3n se sumaron en un amplio arco pol\u00edtico y de la sociedad civil. APDH, Defensor\u00eda del Pueblo, UNICEF, Amnist\u00eda, entre las primeras voces se\u00f1alando que la nota violenta principios b\u00e1sicos de los derechos de la infancia, en especial la protecci\u00f3n contra el abuso sexual en [&hellip;]<\/p>\n","protected":false},"author":4,"featured_media":31356,"comment_status":"open","ping_status":"open","sticky":false,"template":"","format":"standard","meta":{"iawp_total_views":6,"footnotes":""},"categories":[627],"tags":[684,685,686],"class_list":["post-31355","post","type-post","status-publish","format-standard","has-post-thumbnail","hentry","category-genero-y-derechos-humanos","tag-fuerte-cuestionamiento","tag-genero-y-derechos-humanos","tag-maria-elena-naddeo"],"nelio_content":{"autoShareEndMode":"never","automationSources":{"useCustomSentences":false,"customSentences":[]},"efiAlt":"","efiUrl":"","followers":[4],"highlights":[],"isAutoShareEnabled":true,"networkImageIds":[],"permalinkQueryArgs":[],"series":[],"suggestedReferences":[]},"yoast_head":"<!-- This site is optimized with the Yoast SEO plugin v27.4 - https:\/\/yoast.com\/product\/yoast-seo-wordpress\/ -->\n<title>Fuerte cuestionamiento al editorial del Diario la Naci\u00f3n del 1 de febrero de 2019 - Diario Digital Femenino<\/title>\n<meta name=\"description\" content=\"Fuerte cuestionamiento al editorial del Diario la Naci\u00f3n, por Mar\u00eda Elena Naddeo, a cargo de la columna G\u00e9nero y DD HH, Diario Digital Femenino\" \/>\n<meta name=\"robots\" content=\"index, follow, max-snippet:-1, max-image-preview:large, max-video-preview:-1\" \/>\n<link rel=\"canonical\" href=\"https:\/\/diariofemenino.com.ar\/df\/fuerte-cuestionamiento-al-editorial-del-diario-la-nacion-del-1-de-febrero-de-2019\/\" \/>\n<meta property=\"og:locale\" content=\"es_ES\" \/>\n<meta property=\"og:type\" content=\"article\" \/>\n<meta property=\"og:title\" content=\"Fuerte cuestionamiento al editorial del Diario la Naci\u00f3n del 1 de febrero de 2019 - Diario Digital Femenino\" \/>\n<meta property=\"og:description\" content=\"Fuerte cuestionamiento al editorial del Diario la Naci\u00f3n, por Mar\u00eda Elena Naddeo, a cargo de la columna G\u00e9nero y DD HH, Diario Digital Femenino\" \/>\n<meta property=\"og:url\" content=\"https:\/\/diariofemenino.com.ar\/df\/fuerte-cuestionamiento-al-editorial-del-diario-la-nacion-del-1-de-febrero-de-2019\/\" \/>\n<meta property=\"og:site_name\" content=\"Diario Digital Femenino\" \/>\n<meta property=\"article:publisher\" content=\"https:\/\/www.facebook.com\/DiarioDigitaFemenino\/\" \/>\n<meta property=\"article:published_time\" content=\"2019-02-02T14:48:35+00:00\" \/>\n<meta property=\"og:image\" content=\"https:\/\/diariofemenino.com.ar\/df\/wp-content\/uploads\/2019\/02\/Ni\u00f1as.jpg\" \/>\n\t<meta property=\"og:image:width\" content=\"742\" \/>\n\t<meta property=\"og:image:height\" content=\"444\" \/>\n\t<meta property=\"og:image:type\" content=\"image\/jpeg\" \/>\n<meta name=\"author\" content=\"Admin\" \/>\n<meta name=\"twitter:card\" content=\"summary_large_image\" \/>\n<meta name=\"twitter:creator\" content=\"@DiarioFemenino1\" \/>\n<meta name=\"twitter:site\" content=\"@DiarioFemenino1\" \/>\n<meta name=\"twitter:label1\" content=\"Escrito por\" \/>\n\t<meta name=\"twitter:data1\" content=\"Admin\" \/>\n\t<meta name=\"twitter:label2\" content=\"Tiempo de lectura\" \/>\n\t<meta name=\"twitter:data2\" content=\"4 minutos\" \/>\n<script type=\"application\/ld+json\" class=\"yoast-schema-graph\">{\"@context\":\"https:\\\/\\\/schema.org\",\"@graph\":[{\"@type\":\"Article\",\"@id\":\"https:\\\/\\\/diariofemenino.com.ar\\\/df\\\/fuerte-cuestionamiento-al-editorial-del-diario-la-nacion-del-1-de-febrero-de-2019\\\/#article\",\"isPartOf\":{\"@id\":\"https:\\\/\\\/diariofemenino.com.ar\\\/df\\\/fuerte-cuestionamiento-al-editorial-del-diario-la-nacion-del-1-de-febrero-de-2019\\\/\"},\"author\":{\"name\":\"Admin\",\"@id\":\"https:\\\/\\\/diariofemenino.com.ar\\\/df\\\/#\\\/schema\\\/person\\\/bf6199e8158c657ea6f789b11ec85509\"},\"headline\":\"Fuerte cuestionamiento al editorial del Diario la Naci\u00f3n del 1 de febrero de 2019\",\"datePublished\":\"2019-02-02T14:48:35+00:00\",\"mainEntityOfPage\":{\"@id\":\"https:\\\/\\\/diariofemenino.com.ar\\\/df\\\/fuerte-cuestionamiento-al-editorial-del-diario-la-nacion-del-1-de-febrero-de-2019\\\/\"},\"wordCount\":749,\"commentCount\":0,\"publisher\":{\"@id\":\"https:\\\/\\\/diariofemenino.com.ar\\\/df\\\/#organization\"},\"image\":{\"@id\":\"https:\\\/\\\/diariofemenino.com.ar\\\/df\\\/fuerte-cuestionamiento-al-editorial-del-diario-la-nacion-del-1-de-febrero-de-2019\\\/#primaryimage\"},\"thumbnailUrl\":\"https:\\\/\\\/diariofemenino.com.ar\\\/df\\\/wp-content\\\/uploads\\\/2019\\\/02\\\/Ni\u00f1as.jpg\",\"keywords\":[\"Fuerte cuestionamiento\",\"G\u00e9nero y Derechos Humanos\",\"Mar\u00eda Elena Naddeo\"],\"articleSection\":[\"G\u00e9nero y Derechos Humanos\"],\"inLanguage\":\"es\",\"potentialAction\":[{\"@type\":\"CommentAction\",\"name\":\"Comment\",\"target\":[\"https:\\\/\\\/diariofemenino.com.ar\\\/df\\\/fuerte-cuestionamiento-al-editorial-del-diario-la-nacion-del-1-de-febrero-de-2019\\\/#respond\"]}]},{\"@type\":\"WebPage\",\"@id\":\"https:\\\/\\\/diariofemenino.com.ar\\\/df\\\/fuerte-cuestionamiento-al-editorial-del-diario-la-nacion-del-1-de-febrero-de-2019\\\/\",\"url\":\"https:\\\/\\\/diariofemenino.com.ar\\\/df\\\/fuerte-cuestionamiento-al-editorial-del-diario-la-nacion-del-1-de-febrero-de-2019\\\/\",\"name\":\"Fuerte cuestionamiento al editorial del Diario la Naci\u00f3n del 1 de febrero de 2019 - Diario Digital Femenino\",\"isPartOf\":{\"@id\":\"https:\\\/\\\/diariofemenino.com.ar\\\/df\\\/#website\"},\"primaryImageOfPage\":{\"@id\":\"https:\\\/\\\/diariofemenino.com.ar\\\/df\\\/fuerte-cuestionamiento-al-editorial-del-diario-la-nacion-del-1-de-febrero-de-2019\\\/#primaryimage\"},\"image\":{\"@id\":\"https:\\\/\\\/diariofemenino.com.ar\\\/df\\\/fuerte-cuestionamiento-al-editorial-del-diario-la-nacion-del-1-de-febrero-de-2019\\\/#primaryimage\"},\"thumbnailUrl\":\"https:\\\/\\\/diariofemenino.com.ar\\\/df\\\/wp-content\\\/uploads\\\/2019\\\/02\\\/Ni\u00f1as.jpg\",\"datePublished\":\"2019-02-02T14:48:35+00:00\",\"description\":\"Fuerte cuestionamiento al editorial del Diario la Naci\u00f3n, por Mar\u00eda Elena Naddeo, a cargo de la columna G\u00e9nero y DD HH, Diario Digital Femenino\",\"breadcrumb\":{\"@id\":\"https:\\\/\\\/diariofemenino.com.ar\\\/df\\\/fuerte-cuestionamiento-al-editorial-del-diario-la-nacion-del-1-de-febrero-de-2019\\\/#breadcrumb\"},\"inLanguage\":\"es\",\"potentialAction\":[{\"@type\":\"ReadAction\",\"target\":[\"https:\\\/\\\/diariofemenino.com.ar\\\/df\\\/fuerte-cuestionamiento-al-editorial-del-diario-la-nacion-del-1-de-febrero-de-2019\\\/\"]}]},{\"@type\":\"ImageObject\",\"inLanguage\":\"es\",\"@id\":\"https:\\\/\\\/diariofemenino.com.ar\\\/df\\\/fuerte-cuestionamiento-al-editorial-del-diario-la-nacion-del-1-de-febrero-de-2019\\\/#primaryimage\",\"url\":\"https:\\\/\\\/diariofemenino.com.ar\\\/df\\\/wp-content\\\/uploads\\\/2019\\\/02\\\/Ni\u00f1as.jpg\",\"contentUrl\":\"https:\\\/\\\/diariofemenino.com.ar\\\/df\\\/wp-content\\\/uploads\\\/2019\\\/02\\\/Ni\u00f1as.jpg\",\"width\":742,\"height\":444},{\"@type\":\"BreadcrumbList\",\"@id\":\"https:\\\/\\\/diariofemenino.com.ar\\\/df\\\/fuerte-cuestionamiento-al-editorial-del-diario-la-nacion-del-1-de-febrero-de-2019\\\/#breadcrumb\",\"itemListElement\":[{\"@type\":\"ListItem\",\"position\":1,\"name\":\"Portada\",\"item\":\"https:\\\/\\\/diariofemenino.com.ar\\\/df\\\/\"},{\"@type\":\"ListItem\",\"position\":2,\"name\":\"Fuerte cuestionamiento al editorial del Diario la Naci\u00f3n del 1 de febrero de 2019\"}]},{\"@type\":\"WebSite\",\"@id\":\"https:\\\/\\\/diariofemenino.com.ar\\\/df\\\/#website\",\"url\":\"https:\\\/\\\/diariofemenino.com.ar\\\/df\\\/\",\"name\":\"Diario Digital Femenino\",\"description\":\"Cuesti\u00f3n de G\u00e9nero\",\"publisher\":{\"@id\":\"https:\\\/\\\/diariofemenino.com.ar\\\/df\\\/#organization\"},\"potentialAction\":[{\"@type\":\"SearchAction\",\"target\":{\"@type\":\"EntryPoint\",\"urlTemplate\":\"https:\\\/\\\/diariofemenino.com.ar\\\/df\\\/?s={search_term_string}\"},\"query-input\":{\"@type\":\"PropertyValueSpecification\",\"valueRequired\":true,\"valueName\":\"search_term_string\"}}],\"inLanguage\":\"es\"},{\"@type\":\"Organization\",\"@id\":\"https:\\\/\\\/diariofemenino.com.ar\\\/df\\\/#organization\",\"name\":\"Diario Femenino\",\"url\":\"https:\\\/\\\/diariofemenino.com.ar\\\/df\\\/\",\"logo\":{\"@type\":\"ImageObject\",\"inLanguage\":\"es\",\"@id\":\"https:\\\/\\\/diariofemenino.com.ar\\\/df\\\/#\\\/schema\\\/logo\\\/image\\\/\",\"url\":\"https:\\\/\\\/diariofemenino.com.ar\\\/df\\\/wp-content\\\/uploads\\\/2018\\\/10\\\/logo.png\",\"contentUrl\":\"https:\\\/\\\/diariofemenino.com.ar\\\/df\\\/wp-content\\\/uploads\\\/2018\\\/10\\\/logo.png\",\"width\":500,\"height\":92,\"caption\":\"Diario Femenino\"},\"image\":{\"@id\":\"https:\\\/\\\/diariofemenino.com.ar\\\/df\\\/#\\\/schema\\\/logo\\\/image\\\/\"},\"sameAs\":[\"https:\\\/\\\/www.facebook.com\\\/DiarioDigitaFemenino\\\/\",\"https:\\\/\\\/x.com\\\/DiarioFemenino1\"]},{\"@type\":\"Person\",\"@id\":\"https:\\\/\\\/diariofemenino.com.ar\\\/df\\\/#\\\/schema\\\/person\\\/bf6199e8158c657ea6f789b11ec85509\",\"name\":\"Admin\",\"image\":{\"@type\":\"ImageObject\",\"inLanguage\":\"es\",\"@id\":\"https:\\\/\\\/diariofemenino.com.ar\\\/df\\\/wp-content\\\/uploads\\\/2018\\\/12\\\/favicon-150x150.jpg\",\"url\":\"https:\\\/\\\/diariofemenino.com.ar\\\/df\\\/wp-content\\\/uploads\\\/2018\\\/12\\\/favicon-150x150.jpg\",\"contentUrl\":\"https:\\\/\\\/diariofemenino.com.ar\\\/df\\\/wp-content\\\/uploads\\\/2018\\\/12\\\/favicon-150x150.jpg\",\"caption\":\"Admin\"},\"url\":\"https:\\\/\\\/diariofemenino.com.ar\\\/df\\\/author\\\/lenny\\\/\"}]}<\/script>\n<!-- \/ Yoast SEO plugin. -->","yoast_head_json":{"title":"Fuerte cuestionamiento al editorial del Diario la Naci\u00f3n del 1 de febrero de 2019 - Diario Digital Femenino","description":"Fuerte cuestionamiento al editorial del Diario la Naci\u00f3n, por Mar\u00eda Elena Naddeo, a cargo de la columna G\u00e9nero y DD HH, Diario Digital Femenino","robots":{"index":"index","follow":"follow","max-snippet":"max-snippet:-1","max-image-preview":"max-image-preview:large","max-video-preview":"max-video-preview:-1"},"canonical":"https:\/\/diariofemenino.com.ar\/df\/fuerte-cuestionamiento-al-editorial-del-diario-la-nacion-del-1-de-febrero-de-2019\/","og_locale":"es_ES","og_type":"article","og_title":"Fuerte cuestionamiento al editorial del Diario la Naci\u00f3n del 1 de febrero de 2019 - Diario Digital Femenino","og_description":"Fuerte cuestionamiento al editorial del Diario la Naci\u00f3n, por Mar\u00eda Elena Naddeo, a cargo de la columna G\u00e9nero y DD HH, Diario Digital Femenino","og_url":"https:\/\/diariofemenino.com.ar\/df\/fuerte-cuestionamiento-al-editorial-del-diario-la-nacion-del-1-de-febrero-de-2019\/","og_site_name":"Diario Digital Femenino","article_publisher":"https:\/\/www.facebook.com\/DiarioDigitaFemenino\/","article_published_time":"2019-02-02T14:48:35+00:00","og_image":[{"width":742,"height":444,"url":"https:\/\/diariofemenino.com.ar\/df\/wp-content\/uploads\/2019\/02\/Ni\u00f1as.jpg","type":"image\/jpeg"}],"author":"Admin","twitter_card":"summary_large_image","twitter_creator":"@DiarioFemenino1","twitter_site":"@DiarioFemenino1","twitter_misc":{"Escrito por":"Admin","Tiempo de lectura":"4 minutos"},"schema":{"@context":"https:\/\/schema.org","@graph":[{"@type":"Article","@id":"https:\/\/diariofemenino.com.ar\/df\/fuerte-cuestionamiento-al-editorial-del-diario-la-nacion-del-1-de-febrero-de-2019\/#article","isPartOf":{"@id":"https:\/\/diariofemenino.com.ar\/df\/fuerte-cuestionamiento-al-editorial-del-diario-la-nacion-del-1-de-febrero-de-2019\/"},"author":{"name":"Admin","@id":"https:\/\/diariofemenino.com.ar\/df\/#\/schema\/person\/bf6199e8158c657ea6f789b11ec85509"},"headline":"Fuerte cuestionamiento al editorial del Diario la Naci\u00f3n del 1 de febrero de 2019","datePublished":"2019-02-02T14:48:35+00:00","mainEntityOfPage":{"@id":"https:\/\/diariofemenino.com.ar\/df\/fuerte-cuestionamiento-al-editorial-del-diario-la-nacion-del-1-de-febrero-de-2019\/"},"wordCount":749,"commentCount":0,"publisher":{"@id":"https:\/\/diariofemenino.com.ar\/df\/#organization"},"image":{"@id":"https:\/\/diariofemenino.com.ar\/df\/fuerte-cuestionamiento-al-editorial-del-diario-la-nacion-del-1-de-febrero-de-2019\/#primaryimage"},"thumbnailUrl":"https:\/\/diariofemenino.com.ar\/df\/wp-content\/uploads\/2019\/02\/Ni\u00f1as.jpg","keywords":["Fuerte cuestionamiento","G\u00e9nero y Derechos Humanos","Mar\u00eda Elena Naddeo"],"articleSection":["G\u00e9nero y Derechos Humanos"],"inLanguage":"es","potentialAction":[{"@type":"CommentAction","name":"Comment","target":["https:\/\/diariofemenino.com.ar\/df\/fuerte-cuestionamiento-al-editorial-del-diario-la-nacion-del-1-de-febrero-de-2019\/#respond"]}]},{"@type":"WebPage","@id":"https:\/\/diariofemenino.com.ar\/df\/fuerte-cuestionamiento-al-editorial-del-diario-la-nacion-del-1-de-febrero-de-2019\/","url":"https:\/\/diariofemenino.com.ar\/df\/fuerte-cuestionamiento-al-editorial-del-diario-la-nacion-del-1-de-febrero-de-2019\/","name":"Fuerte cuestionamiento al editorial del Diario la Naci\u00f3n del 1 de febrero de 2019 - Diario Digital Femenino","isPartOf":{"@id":"https:\/\/diariofemenino.com.ar\/df\/#website"},"primaryImageOfPage":{"@id":"https:\/\/diariofemenino.com.ar\/df\/fuerte-cuestionamiento-al-editorial-del-diario-la-nacion-del-1-de-febrero-de-2019\/#primaryimage"},"image":{"@id":"https:\/\/diariofemenino.com.ar\/df\/fuerte-cuestionamiento-al-editorial-del-diario-la-nacion-del-1-de-febrero-de-2019\/#primaryimage"},"thumbnailUrl":"https:\/\/diariofemenino.com.ar\/df\/wp-content\/uploads\/2019\/02\/Ni\u00f1as.jpg","datePublished":"2019-02-02T14:48:35+00:00","description":"Fuerte cuestionamiento al editorial del Diario la Naci\u00f3n, por Mar\u00eda Elena Naddeo, a cargo de la columna G\u00e9nero y DD HH, Diario Digital Femenino","breadcrumb":{"@id":"https:\/\/diariofemenino.com.ar\/df\/fuerte-cuestionamiento-al-editorial-del-diario-la-nacion-del-1-de-febrero-de-2019\/#breadcrumb"},"inLanguage":"es","potentialAction":[{"@type":"ReadAction","target":["https:\/\/diariofemenino.com.ar\/df\/fuerte-cuestionamiento-al-editorial-del-diario-la-nacion-del-1-de-febrero-de-2019\/"]}]},{"@type":"ImageObject","inLanguage":"es","@id":"https:\/\/diariofemenino.com.ar\/df\/fuerte-cuestionamiento-al-editorial-del-diario-la-nacion-del-1-de-febrero-de-2019\/#primaryimage","url":"https:\/\/diariofemenino.com.ar\/df\/wp-content\/uploads\/2019\/02\/Ni\u00f1as.jpg","contentUrl":"https:\/\/diariofemenino.com.ar\/df\/wp-content\/uploads\/2019\/02\/Ni\u00f1as.jpg","width":742,"height":444},{"@type":"BreadcrumbList","@id":"https:\/\/diariofemenino.com.ar\/df\/fuerte-cuestionamiento-al-editorial-del-diario-la-nacion-del-1-de-febrero-de-2019\/#breadcrumb","itemListElement":[{"@type":"ListItem","position":1,"name":"Portada","item":"https:\/\/diariofemenino.com.ar\/df\/"},{"@type":"ListItem","position":2,"name":"Fuerte cuestionamiento al editorial del Diario la Naci\u00f3n del 1 de febrero de 2019"}]},{"@type":"WebSite","@id":"https:\/\/diariofemenino.com.ar\/df\/#website","url":"https:\/\/diariofemenino.com.ar\/df\/","name":"Diario Digital Femenino","description":"Cuesti\u00f3n de G\u00e9nero","publisher":{"@id":"https:\/\/diariofemenino.com.ar\/df\/#organization"},"potentialAction":[{"@type":"SearchAction","target":{"@type":"EntryPoint","urlTemplate":"https:\/\/diariofemenino.com.ar\/df\/?s={search_term_string}"},"query-input":{"@type":"PropertyValueSpecification","valueRequired":true,"valueName":"search_term_string"}}],"inLanguage":"es"},{"@type":"Organization","@id":"https:\/\/diariofemenino.com.ar\/df\/#organization","name":"Diario Femenino","url":"https:\/\/diariofemenino.com.ar\/df\/","logo":{"@type":"ImageObject","inLanguage":"es","@id":"https:\/\/diariofemenino.com.ar\/df\/#\/schema\/logo\/image\/","url":"https:\/\/diariofemenino.com.ar\/df\/wp-content\/uploads\/2018\/10\/logo.png","contentUrl":"https:\/\/diariofemenino.com.ar\/df\/wp-content\/uploads\/2018\/10\/logo.png","width":500,"height":92,"caption":"Diario Femenino"},"image":{"@id":"https:\/\/diariofemenino.com.ar\/df\/#\/schema\/logo\/image\/"},"sameAs":["https:\/\/www.facebook.com\/DiarioDigitaFemenino\/","https:\/\/x.com\/DiarioFemenino1"]},{"@type":"Person","@id":"https:\/\/diariofemenino.com.ar\/df\/#\/schema\/person\/bf6199e8158c657ea6f789b11ec85509","name":"Admin","image":{"@type":"ImageObject","inLanguage":"es","@id":"https:\/\/diariofemenino.com.ar\/df\/wp-content\/uploads\/2018\/12\/favicon-150x150.jpg","url":"https:\/\/diariofemenino.com.ar\/df\/wp-content\/uploads\/2018\/12\/favicon-150x150.jpg","contentUrl":"https:\/\/diariofemenino.com.ar\/df\/wp-content\/uploads\/2018\/12\/favicon-150x150.jpg","caption":"Admin"},"url":"https:\/\/diariofemenino.com.ar\/df\/author\/lenny\/"}]}},"jetpack_featured_media_url":"https:\/\/diariofemenino.com.ar\/df\/wp-content\/uploads\/2019\/02\/Ni\u00f1as.jpg","jetpack_sharing_enabled":true,"rttpg_featured_image_url":{"full":["https:\/\/diariofemenino.com.ar\/df\/wp-content\/uploads\/2019\/02\/Ni\u00f1as.jpg",742,444,false],"landscape":["https:\/\/diariofemenino.com.ar\/df\/wp-content\/uploads\/2019\/02\/Ni\u00f1as.jpg",742,444,false],"portraits":["https:\/\/diariofemenino.com.ar\/df\/wp-content\/uploads\/2019\/02\/Ni\u00f1as.jpg",742,444,false],"thumbnail":["https:\/\/diariofemenino.com.ar\/df\/wp-content\/uploads\/2019\/02\/Ni\u00f1as-150x150.jpg",150,150,true],"medium":["https:\/\/diariofemenino.com.ar\/df\/wp-content\/uploads\/2019\/02\/Ni\u00f1as-300x180.jpg",300,180,true],"large":["https:\/\/diariofemenino.com.ar\/df\/wp-content\/uploads\/2019\/02\/Ni\u00f1as.jpg",742,444,false],"1536x1536":["https:\/\/diariofemenino.com.ar\/df\/wp-content\/uploads\/2019\/02\/Ni\u00f1as.jpg",742,444,false],"2048x2048":["https:\/\/diariofemenino.com.ar\/df\/wp-content\/uploads\/2019\/02\/Ni\u00f1as.jpg",742,444,false]},"rttpg_author":{"display_name":"Admin","author_link":"https:\/\/diariofemenino.com.ar\/df\/author\/lenny\/"},"rttpg_comment":0,"rttpg_category":"<a href=\"https:\/\/diariofemenino.com.ar\/df\/category\/genero-y-derechos-humanos\/\" rel=\"category tag\">G\u00e9nero y Derechos Humanos<\/a>","rttpg_excerpt":"Mar\u00eda Elena Naddeo* Los repudios al editorial del diario La Naci\u00f3n se sumaron en un amplio arco pol\u00edtico y de la sociedad civil. APDH, Defensor\u00eda del Pueblo, UNICEF, Amnist\u00eda, entre las primeras voces se\u00f1alando que la nota violenta principios b\u00e1sicos de los derechos de la infancia, en especial la protecci\u00f3n contra el abuso sexual en&hellip;","_links":{"self":[{"href":"https:\/\/diariofemenino.com.ar\/df\/wp-json\/wp\/v2\/posts\/31355","targetHints":{"allow":["GET"]}}],"collection":[{"href":"https:\/\/diariofemenino.com.ar\/df\/wp-json\/wp\/v2\/posts"}],"about":[{"href":"https:\/\/diariofemenino.com.ar\/df\/wp-json\/wp\/v2\/types\/post"}],"author":[{"embeddable":true,"href":"https:\/\/diariofemenino.com.ar\/df\/wp-json\/wp\/v2\/users\/4"}],"replies":[{"embeddable":true,"href":"https:\/\/diariofemenino.com.ar\/df\/wp-json\/wp\/v2\/comments?post=31355"}],"version-history":[{"count":0,"href":"https:\/\/diariofemenino.com.ar\/df\/wp-json\/wp\/v2\/posts\/31355\/revisions"}],"wp:featuredmedia":[{"embeddable":true,"href":"https:\/\/diariofemenino.com.ar\/df\/wp-json\/wp\/v2\/media\/31356"}],"wp:attachment":[{"href":"https:\/\/diariofemenino.com.ar\/df\/wp-json\/wp\/v2\/media?parent=31355"}],"wp:term":[{"taxonomy":"category","embeddable":true,"href":"https:\/\/diariofemenino.com.ar\/df\/wp-json\/wp\/v2\/categories?post=31355"},{"taxonomy":"post_tag","embeddable":true,"href":"https:\/\/diariofemenino.com.ar\/df\/wp-json\/wp\/v2\/tags?post=31355"}],"curies":[{"name":"wp","href":"https:\/\/api.w.org\/{rel}","templated":true}]}}