{"id":31344,"date":"2019-02-02T09:29:49","date_gmt":"2019-02-02T12:29:49","guid":{"rendered":"https:\/\/diariofemenino.com.ar\/?p=31344"},"modified":"2019-02-02T09:29:49","modified_gmt":"2019-02-02T12:29:49","slug":"registro-de-violadores","status":"publish","type":"post","link":"https:\/\/diariofemenino.com.ar\/df\/registro-de-violadores\/","title":{"rendered":"Registro de violadores: por qu\u00e9 la base de datos con el material gen\u00e9tico de todos los condenados crece tan lento"},"content":{"rendered":"<p><strong>Seg\u00fan datos oficiales, de mayo de 2018 a enero de 2019 se enviaron 10.992 solicitudes a los magistrados. S\u00f3lo respondieron 857<\/p>\n<p>Por\u00a0<a class=\"author-name\" href=\"https:\/\/www.infobae.com\/autor\/mart%C3%ADn-candalaf\/\" rel=\"author\">Mart\u00edn Candalaft<\/a><br \/>\n<\/strong><\/p>\n<div class=\"single-image\"><img decoding=\"async\" id=\"ZIQHHTVI5ZATTL6QUCLHXFAXIY\" class=\"image-lazy\" src=\"https:\/\/www.infobae.com\/new-resizer\/bfu5qSXIgPJmWKV06i4-Vy1Ue7c=\/750x0\/filters:quality(100)\/s3.amazonaws.com\/arc-wordpress-client-uploads\/infobae-wp\/wp-content\/uploads\/2016\/07\/12155348\/626.jpg\" alt=\"Jorge Mangeri,\u00a0condenado a prisi\u00f3n perpetua por abusar y luego asesinar a \u00c1ngeles Rawson\" width=\"750\" height=\"421.875\" data-url=\"https:\/\/www.infobae.com\/sociedad\/policiales\/2019\/02\/01\/registro-de-violadores-por-que-la-base-de-datos-con-el-material-genetico-de-todos-los-condenados-crece-tan-lento\/%23ZIQHHTVI5ZATTL6QUCLHXFAXIY\" data-original=\"https:\/\/www.infobae.com\/new-resizer\/bfu5qSXIgPJmWKV06i4-Vy1Ue7c=\/750x0\/filters:quality(100)\/s3.amazonaws.com\/arc-wordpress-client-uploads\/infobae-wp\/wp-content\/uploads\/2016\/07\/12155348\/626.jpg\" \/><\/div>\n<p><span class=\"credit\" style=\"color: #808080;\">Jorge Mangeri,\u00a0condenado a prisi\u00f3n perpetua por abusar y luego asesinar a \u00c1ngeles Rawson<\/span><\/p>\n<div class=\"row pb-content-type-text\">\n<div class=\"col-xs-12 col-print-12\">\n<p class=\"element element-paragraph\">\u00ab\u00bfPor qu\u00e9 los jueces se reh\u00fasan?\u00bb. La pregunta la hacen las Madres del Dolor. No hay mucha explicaci\u00f3n. La justicia no tiene argumentos. La creaci\u00f3n del \u00abRegistro de violadores\u00bb fue sancionada por el Congreso en el a\u00f1o 2013. La idea fue implementar una<strong>base de datos con el material gen\u00e9tico de todos los condenados por delitos sexuales<\/strong>. Reci\u00e9n comenz\u00f3 a funcionar en mayo del 2018. En los 9 meses que lleva vigente, los jueces respondieron s\u00f3lo un 7% de las solicitudes que recibieron para autorizar la extracci\u00f3n de la muestra de ADN a los sentenciados. El resto est\u00e1n guardadas en un caj\u00f3n. La indignaci\u00f3n del Gobierno y de los familiares de las v\u00edctimas va en aumento.\u00a0<strong>Infobae<\/strong>\u00a0accedi\u00f3 a la totalidad de los datos.<\/p>\n<\/div>\n<\/div>\n<div class=\"row pb-content-type-text\">\n<div class=\"col-xs-12 col-print-12\">\n<p class=\"element element-paragraph\">La letra de la ley 26.879 es clara. El art\u00edculo 5 se\u00f1ala que para que una persona aparezca en el registro deber\u00e1 tener sentencia firme en un caso de delito sexual. Tambi\u00e9n indica que s\u00f3lo el juez puede autorizar la extracci\u00f3n de la muestra para incluirlos. Seg\u00fan datos oficiales, de mayo de 2018 a enero de 2019\u00a0<strong>se enviaron 10.992 solicitudes a los magistrados. S\u00f3lo respondieron 857.<\/strong><\/p>\n<\/div>\n<\/div>\n<div class=\"row pb-content-type-text\">\n<div class=\"col-xs-12 col-print-12\">\n<p class=\"element element-paragraph\">El Registro Nacional de Datos Gen\u00e9ticos (RNDG) fue creado por el Ministerio de Justicia para recopilar la informaci\u00f3n de aquellas personas que est\u00e1n en condiciones de integrar el registro. Trabaja en colaboraci\u00f3n con otras \u00e1reas a las que le solicitan informaci\u00f3n para completar los datos de cada individuo. Nombre, DNI, nacionalidad, antecedentes, domicilio, alias, etc. Tambi\u00e9n se trabaja para conocer cu\u00e1l es su localizaci\u00f3n actual. Si permanece en alguna c\u00e1rcel o tiene libertad condicional. Una vez que esa \u00abficha\u00bb est\u00e1 completa se env\u00eda el pedido al juez que lleva adelante la causa del delincuente condenado para que firme la autorizaci\u00f3n.\u00a0<strong>La gran mayor\u00eda est\u00e1n cajoneadas. No las responden.<\/strong><\/p>\n<\/div>\n<\/div>\n<div class=\"row pb-content-type-image\">\n<figure class=\"element element-image col-xs-12\">\n<div class=\"single-image\">\n<div class=\"shares\"><\/div>\n<\/div>\n<\/figure>\n<\/div>\n<div class=\"row pb-content-type-text\">\n<div id=\"\" class=\"wrapper clearfix pb-feature pb-layout-item pb-f-ads-dfp left-align\">\n<div id=\"inline\" class=\"ad-slot\">\n<div id=\"inline_ad\" data-google-query-id=\"CKi8-e2DneACFURmwQodXlgNRQ\">\n<div id=\"google_ads_iframe_\/1058609\/infobae\/sociedad\/policiales\/nota\/inline_0__container__\">Peor a\u00fan. No s\u00f3lo en los ya condenados los magistrados evitan autorizar las extracciones. En las personas que fueron sentenciadas despu\u00e9s de puesta en funcionamiento la ley, tambi\u00e9n. En el texto se establece que el juez \u00abdeber\u00e1 disponer dentro de los cinco d\u00edas h\u00e1biles posteriores a quedar firme la sentencia, la\u00a0<strong>obtenci\u00f3n del perfil gen\u00e9tico del condenado<\/strong>\u00ab. En el tiempo que lleva funcionando este banco de datos, se firmaron menos de 10 permisos. Cifras muy escasas.<\/div>\n<\/div>\n<\/div>\n<\/div>\n<\/div>\n<div class=\"row pb-content-type-text\">\n<div class=\"col-xs-12 col-print-12\">\n<p class=\"element element-paragraph\">\u00abEntendemos que para los jueces tambi\u00e9n es un cambio. Es algo nuevo que antes no se hac\u00eda. Yo me encargo muchas veces de llamar a los juzgados para\u00a0<strong>pedirles a los magistrados que autoricen las extracciones.<\/strong>\u00a0Parte de mi equipo en determinadas ocasiones recorre juzgados para ayudar a que el tr\u00e1mite se agilice\u00bb, se\u00f1ala Jorge Dotto, m\u00e9dico genetista y titular del Registro.<\/p>\n<\/div>\n<\/div>\n<div class=\"row pb-content-type-text\">\n<div class=\"col-xs-12 col-print-12\">\n<p class=\"element element-paragraph\">La toma de la muestra propiamente dicha, consiste en introducir en la boca del violador un hisopo para sacar una gota de saliva. Eso alcanza para enviarlo al laboratorio y producir el perfil gen\u00e9tico. No resulta invasivo. Sin embargo, no todos los detenidos se prestan. Uno de los que se rehus\u00f3 fue Jorge Mangeri.<strong>\u00a0El portero del edificio de Ravignani 2360, condenado a prisi\u00f3n perpetua por abusar y luego asesinar a \u00c1ngeles Rawson se neg\u00f3.<\/strong>\u00a0Se espera que luego de la feria, el juez de ejecuci\u00f3n a cargo ordene que el perfil de Mangeri se genere con el material gen\u00e9tico que consta en la causa. Es decir, el que se encontr\u00f3 en el cuerpo de la v\u00edctima.<\/p>\n<\/div>\n<\/div>\n<div class=\"row pb-content-type-text\">\n<div class=\"col-xs-12 col-print-12\">\n<p class=\"element element-paragraph\">\u00abPara que le enviemos el pedido al juez tienen que estar todos los datos del individuo completos.\u00a0<strong>Una vez que el magistrado lo autoriza se verifica si el violador est\u00e1 detenido.<\/strong>\u00a0En caso de que lo est\u00e9, el personal m\u00e9dico del Servicio Penitenciario toma la muestra. Luego ese material gen\u00e9tico se env\u00eda a un laboratorio que genera el perfil y finalmente nosotros lo ingresamos a un sistema llamado CoDIS, que fue provisto gratuitamente por el FBI norteamericano\u00bb, aclara Dotto.<\/p>\n<\/div>\n<\/div>\n<div class=\"row pb-content-type-text\">\n<div class=\"col-xs-12 col-print-12\">\n<p class=\"element element-paragraph\">Ante la pobre respuesta del poder judicial a las solicitudes, hace dos semanas el Ministro de justicia Germ\u00e1n Garavano, mantuvo una reuni\u00f3n con Juan Carlos Gemignani, presidente de la C\u00e1mara de Casaci\u00f3n Penal. El objetivo de la reuni\u00f3n fue interiorizar al magistrado de la situaci\u00f3n y presionar para que los magistrados comiencen a cumplir la ley. Los presentes en ese despacho se\u00f1alan que el flamante titular de Casaci\u00f3n qued\u00f3 impactado ante los datos.<\/p>\n<\/div>\n<\/div>\n<div class=\"row pb-content-type-image\">\n<figure class=\"element element-image col-xs-12\">\n<div class=\"single-image\">\n<div class=\"shares\">\n<div class=\"share-button facebook\" data-url=\"https:\/\/www.infobae.com\/sociedad\/policiales\/2019\/02\/01\/registro-de-violadores-por-que-la-base-de-datos-con-el-material-genetico-de-todos-los-condenados-crece-tan-lento\/%23ABGPOI3VIZAE5GB6SHTOM2ZXAU\" data-original=\"https:\/\/s3.amazonaws.com\/arc-wordpress-client-uploads\/infobae-wp\/wp-content\/uploads\/2018\/11\/30204726\/teatro-colon-28.jpg\"><\/div>\n<\/div>\n<p><img decoding=\"async\" id=\"ABGPOI3VIZAE5GB6SHTOM2ZXAU\" class=\"image-lazy\" src=\"https:\/\/www.infobae.com\/new-resizer\/F_UCeEK8eSCTjfubtc3uliMbf88=\/750x0\/filters:quality(100)\/s3.amazonaws.com\/arc-wordpress-client-uploads\/infobae-wp\/wp-content\/uploads\/2018\/11\/30204726\/teatro-colon-28.jpg\" alt=\"El ministro de Justicia, Germ\u00e1n Garavano\" width=\"750\" height=\"421.875\" data-url=\"https:\/\/www.infobae.com\/sociedad\/policiales\/2019\/02\/01\/registro-de-violadores-por-que-la-base-de-datos-con-el-material-genetico-de-todos-los-condenados-crece-tan-lento\/%23ABGPOI3VIZAE5GB6SHTOM2ZXAU\" data-original=\"https:\/\/www.infobae.com\/new-resizer\/F_UCeEK8eSCTjfubtc3uliMbf88=\/750x0\/filters:quality(100)\/s3.amazonaws.com\/arc-wordpress-client-uploads\/infobae-wp\/wp-content\/uploads\/2018\/11\/30204726\/teatro-colon-28.jpg\" \/><\/div><figcaption class=\"\"><span class=\"credit\">El ministro de Justicia, Germ\u00e1n Garavano<\/span><\/figcaption><\/figure>\n<\/div>\n<div class=\"row pb-content-type-text\">\n<div class=\"col-xs-12 col-print-12\">\n<p class=\"element element-paragraph\">Tambi\u00e9n estuvieron presentes algunas representantes de Madres del Dolor, como Silvia Irigaray. \u00ab<strong>Le planteamos nuestra preocupaci\u00f3n por la falta de compromiso de los jueces<\/strong>\u00a0\u00bfporque se niegan a cuidarnos?. El Dr. Gemignani se comprometi\u00f3 con nosotras a reunirse con los jueces para que no se reh\u00fasen m\u00e1s a fortalecer el Registro\u00bb.<\/p>\n<\/div>\n<\/div>\n<div class=\"row pb-content-type-text\">\n<div class=\"col-xs-12 col-print-12\">\n<p class=\"element element-paragraph\">Quiz\u00e1s el caso m\u00e1s emblem\u00e1tico para entender la importancia del \u00abRegistro de violadores\u00bb es el de<strong>\u00a0Lucila Yaconis<\/strong>. Hace casi 16 a\u00f1os, a pocos metros de las v\u00edas del Tren Mitre, en N\u00fa\u00f1ez, la joven de 16 a\u00f1os fue atacada por un hombre. Intent\u00f3 violarla y como se resisti\u00f3 la asesin\u00f3. A\u00fan sigue sin saberse qui\u00e9n fue el responsable.<\/p>\n<\/div>\n<\/div>\n<div class=\"row pb-content-type-text\">\n<div class=\"col-xs-12 col-print-12\">\n<p class=\"element element-paragraph\">\u00abEra abril de 2003. Me costaba respirar. El asesino de mi hija hab\u00eda dejado material gen\u00e9tico para realizar un ADN. Poco sirvi\u00f3 lograr ese hallazgo. La muestra s\u00f3lo se pudo cruzar con una peque\u00f1a cantidad de condenados sexuales que hab\u00edan recuperado su libertad.\u00a0<strong>C\u00f3mo no hab\u00eda un registro de condenados por delitos sexuales, era imposible encontrar al autor del hecho<\/strong>\u00ab, dijo Isabel, la mam\u00e1 de Lucila.<\/p>\n<\/div>\n<\/div>\n<div class=\"row pb-content-type-text\">\n<div class=\"col-xs-12 col-print-12\">\n<p class=\"element element-paragraph\">En el caso de Lucila, ese ADN sin identificar encontrado en su cuerpo, integra actualmente una parte del registro. La esperanza de esta mujer es que cuando la base de datos comience a nutrirse aparezca una coincidencia para de una vez por todas\u00a0<strong>ponerle nombre y apellido al asesino de su hija.<\/strong> (<a href=\"https:\/\/www.infobae.com\/sociedad\/policiales\/2019\/02\/01\/registro-de-violadores-por-que-la-base-de-datos-con-el-material-genetico-de-todos-los-condenados-crece-tan-lento\/\">Infobae<\/a>)<\/p>\n<\/div>\n<\/div>\n","protected":false},"excerpt":{"rendered":"<p>Seg\u00fan datos oficiales, de mayo de 2018 a enero de 2019 se enviaron 10.992 solicitudes a los magistrados. S\u00f3lo respondieron 857 Por\u00a0Mart\u00edn Candalaft Jorge Mangeri,\u00a0condenado a prisi\u00f3n perpetua por abusar y luego asesinar a \u00c1ngeles Rawson \u00ab\u00bfPor qu\u00e9 los jueces se reh\u00fasan?\u00bb. La pregunta la hacen las Madres del Dolor. No hay mucha explicaci\u00f3n. La [&hellip;]<\/p>\n","protected":false},"author":4,"featured_media":31348,"comment_status":"open","ping_status":"open","sticky":false,"template":"","format":"standard","meta":{"iawp_total_views":8,"footnotes":""},"categories":[32],"tags":[66,119,36],"class_list":["post-31344","post","type-post","status-publish","format-standard","has-post-thumbnail","hentry","category-mujeres","tag-femicidios","tag-injusticia","tag-violencia-sexual"],"nelio_content":{"autoShareEndMode":"never","automationSources":{"useCustomSentences":false,"customSentences":[]},"efiAlt":"","efiUrl":"","followers":[4],"highlights":[],"isAutoShareEnabled":true,"networkImageIds":[],"permalinkQueryArgs":[],"series":[],"suggestedReferences":[]},"yoast_head":"<!-- This site is optimized with the Yoast SEO plugin v27.4 - https:\/\/yoast.com\/product\/yoast-seo-wordpress\/ -->\n<title>Registro de violadores: por qu\u00e9 la base de datos con el material gen\u00e9tico de todos los condenados crece tan lento - Diario Digital Femenino<\/title>\n<meta name=\"description\" content=\"Registro de violadores: por qu\u00e9 la base de datos con el material gen\u00e9tico de los condenados no crece .De 2018 a 2019, de 10.992 solicitudes, respondieron 857\" \/>\n<meta name=\"robots\" content=\"index, follow, max-snippet:-1, max-image-preview:large, max-video-preview:-1\" \/>\n<link rel=\"canonical\" href=\"https:\/\/diariofemenino.com.ar\/df\/registro-de-violadores\/\" \/>\n<meta property=\"og:locale\" content=\"es_ES\" \/>\n<meta property=\"og:type\" content=\"article\" \/>\n<meta property=\"og:title\" content=\"Registro de violadores: por qu\u00e9 la base de datos con el material gen\u00e9tico de todos los condenados crece tan lento - Diario Digital Femenino\" \/>\n<meta property=\"og:description\" content=\"Registro de violadores: por qu\u00e9 la base de datos con el material gen\u00e9tico de los condenados no crece .De 2018 a 2019, de 10.992 solicitudes, respondieron 857\" \/>\n<meta property=\"og:url\" content=\"https:\/\/diariofemenino.com.ar\/df\/registro-de-violadores\/\" \/>\n<meta property=\"og:site_name\" content=\"Diario Digital Femenino\" \/>\n<meta property=\"article:publisher\" content=\"https:\/\/www.facebook.com\/DiarioDigitaFemenino\/\" \/>\n<meta property=\"article:published_time\" content=\"2019-02-02T12:29:49+00:00\" \/>\n<meta property=\"og:image\" content=\"https:\/\/diariofemenino.com.ar\/df\/wp-content\/uploads\/2019\/02\/Violadores.jpg\" \/>\n\t<meta property=\"og:image:width\" content=\"723\" \/>\n\t<meta property=\"og:image:height\" content=\"405\" \/>\n\t<meta property=\"og:image:type\" content=\"image\/jpeg\" \/>\n<meta name=\"author\" content=\"Admin\" \/>\n<meta name=\"twitter:card\" content=\"summary_large_image\" \/>\n<meta name=\"twitter:creator\" content=\"@DiarioFemenino1\" \/>\n<meta name=\"twitter:site\" content=\"@DiarioFemenino1\" \/>\n<meta name=\"twitter:label1\" content=\"Escrito por\" \/>\n\t<meta name=\"twitter:data1\" content=\"Admin\" \/>\n\t<meta name=\"twitter:label2\" content=\"Tiempo de lectura\" \/>\n\t<meta name=\"twitter:data2\" content=\"5 minutos\" \/>\n<script type=\"application\/ld+json\" class=\"yoast-schema-graph\">{\"@context\":\"https:\\\/\\\/schema.org\",\"@graph\":[{\"@type\":\"Article\",\"@id\":\"https:\\\/\\\/diariofemenino.com.ar\\\/df\\\/registro-de-violadores\\\/#article\",\"isPartOf\":{\"@id\":\"https:\\\/\\\/diariofemenino.com.ar\\\/df\\\/registro-de-violadores\\\/\"},\"author\":{\"name\":\"Admin\",\"@id\":\"https:\\\/\\\/diariofemenino.com.ar\\\/df\\\/#\\\/schema\\\/person\\\/bf6199e8158c657ea6f789b11ec85509\"},\"headline\":\"Registro de violadores: por qu\u00e9 la base de datos con el material gen\u00e9tico de todos los condenados crece tan lento\",\"datePublished\":\"2019-02-02T12:29:49+00:00\",\"mainEntityOfPage\":{\"@id\":\"https:\\\/\\\/diariofemenino.com.ar\\\/df\\\/registro-de-violadores\\\/\"},\"wordCount\":1066,\"commentCount\":0,\"publisher\":{\"@id\":\"https:\\\/\\\/diariofemenino.com.ar\\\/df\\\/#organization\"},\"image\":{\"@id\":\"https:\\\/\\\/diariofemenino.com.ar\\\/df\\\/registro-de-violadores\\\/#primaryimage\"},\"thumbnailUrl\":\"https:\\\/\\\/diariofemenino.com.ar\\\/df\\\/wp-content\\\/uploads\\\/2019\\\/02\\\/Violadores.jpg\",\"keywords\":[\"Femicidios\",\"injusticia\",\"Violencia Sexual\"],\"articleSection\":[\"Mujeres\"],\"inLanguage\":\"es\",\"potentialAction\":[{\"@type\":\"CommentAction\",\"name\":\"Comment\",\"target\":[\"https:\\\/\\\/diariofemenino.com.ar\\\/df\\\/registro-de-violadores\\\/#respond\"]}]},{\"@type\":\"WebPage\",\"@id\":\"https:\\\/\\\/diariofemenino.com.ar\\\/df\\\/registro-de-violadores\\\/\",\"url\":\"https:\\\/\\\/diariofemenino.com.ar\\\/df\\\/registro-de-violadores\\\/\",\"name\":\"Registro de violadores: por qu\u00e9 la base de datos con el material gen\u00e9tico de todos los condenados crece tan lento - Diario Digital Femenino\",\"isPartOf\":{\"@id\":\"https:\\\/\\\/diariofemenino.com.ar\\\/df\\\/#website\"},\"primaryImageOfPage\":{\"@id\":\"https:\\\/\\\/diariofemenino.com.ar\\\/df\\\/registro-de-violadores\\\/#primaryimage\"},\"image\":{\"@id\":\"https:\\\/\\\/diariofemenino.com.ar\\\/df\\\/registro-de-violadores\\\/#primaryimage\"},\"thumbnailUrl\":\"https:\\\/\\\/diariofemenino.com.ar\\\/df\\\/wp-content\\\/uploads\\\/2019\\\/02\\\/Violadores.jpg\",\"datePublished\":\"2019-02-02T12:29:49+00:00\",\"description\":\"Registro de violadores: por qu\u00e9 la base de datos con el material gen\u00e9tico de los condenados no crece .De 2018 a 2019, de 10.992 solicitudes, respondieron 857\",\"breadcrumb\":{\"@id\":\"https:\\\/\\\/diariofemenino.com.ar\\\/df\\\/registro-de-violadores\\\/#breadcrumb\"},\"inLanguage\":\"es\",\"potentialAction\":[{\"@type\":\"ReadAction\",\"target\":[\"https:\\\/\\\/diariofemenino.com.ar\\\/df\\\/registro-de-violadores\\\/\"]}]},{\"@type\":\"ImageObject\",\"inLanguage\":\"es\",\"@id\":\"https:\\\/\\\/diariofemenino.com.ar\\\/df\\\/registro-de-violadores\\\/#primaryimage\",\"url\":\"https:\\\/\\\/diariofemenino.com.ar\\\/df\\\/wp-content\\\/uploads\\\/2019\\\/02\\\/Violadores.jpg\",\"contentUrl\":\"https:\\\/\\\/diariofemenino.com.ar\\\/df\\\/wp-content\\\/uploads\\\/2019\\\/02\\\/Violadores.jpg\",\"width\":723,\"height\":405},{\"@type\":\"BreadcrumbList\",\"@id\":\"https:\\\/\\\/diariofemenino.com.ar\\\/df\\\/registro-de-violadores\\\/#breadcrumb\",\"itemListElement\":[{\"@type\":\"ListItem\",\"position\":1,\"name\":\"Portada\",\"item\":\"https:\\\/\\\/diariofemenino.com.ar\\\/df\\\/\"},{\"@type\":\"ListItem\",\"position\":2,\"name\":\"Registro de violadores: por qu\u00e9 la base de datos con el material gen\u00e9tico de todos los condenados crece tan lento\"}]},{\"@type\":\"WebSite\",\"@id\":\"https:\\\/\\\/diariofemenino.com.ar\\\/df\\\/#website\",\"url\":\"https:\\\/\\\/diariofemenino.com.ar\\\/df\\\/\",\"name\":\"Diario Digital Femenino\",\"description\":\"Cuesti\u00f3n de G\u00e9nero\",\"publisher\":{\"@id\":\"https:\\\/\\\/diariofemenino.com.ar\\\/df\\\/#organization\"},\"potentialAction\":[{\"@type\":\"SearchAction\",\"target\":{\"@type\":\"EntryPoint\",\"urlTemplate\":\"https:\\\/\\\/diariofemenino.com.ar\\\/df\\\/?s={search_term_string}\"},\"query-input\":{\"@type\":\"PropertyValueSpecification\",\"valueRequired\":true,\"valueName\":\"search_term_string\"}}],\"inLanguage\":\"es\"},{\"@type\":\"Organization\",\"@id\":\"https:\\\/\\\/diariofemenino.com.ar\\\/df\\\/#organization\",\"name\":\"Diario Femenino\",\"url\":\"https:\\\/\\\/diariofemenino.com.ar\\\/df\\\/\",\"logo\":{\"@type\":\"ImageObject\",\"inLanguage\":\"es\",\"@id\":\"https:\\\/\\\/diariofemenino.com.ar\\\/df\\\/#\\\/schema\\\/logo\\\/image\\\/\",\"url\":\"https:\\\/\\\/diariofemenino.com.ar\\\/df\\\/wp-content\\\/uploads\\\/2018\\\/10\\\/logo.png\",\"contentUrl\":\"https:\\\/\\\/diariofemenino.com.ar\\\/df\\\/wp-content\\\/uploads\\\/2018\\\/10\\\/logo.png\",\"width\":500,\"height\":92,\"caption\":\"Diario Femenino\"},\"image\":{\"@id\":\"https:\\\/\\\/diariofemenino.com.ar\\\/df\\\/#\\\/schema\\\/logo\\\/image\\\/\"},\"sameAs\":[\"https:\\\/\\\/www.facebook.com\\\/DiarioDigitaFemenino\\\/\",\"https:\\\/\\\/x.com\\\/DiarioFemenino1\"]},{\"@type\":\"Person\",\"@id\":\"https:\\\/\\\/diariofemenino.com.ar\\\/df\\\/#\\\/schema\\\/person\\\/bf6199e8158c657ea6f789b11ec85509\",\"name\":\"Admin\",\"image\":{\"@type\":\"ImageObject\",\"inLanguage\":\"es\",\"@id\":\"https:\\\/\\\/diariofemenino.com.ar\\\/df\\\/wp-content\\\/uploads\\\/2018\\\/12\\\/favicon-150x150.jpg\",\"url\":\"https:\\\/\\\/diariofemenino.com.ar\\\/df\\\/wp-content\\\/uploads\\\/2018\\\/12\\\/favicon-150x150.jpg\",\"contentUrl\":\"https:\\\/\\\/diariofemenino.com.ar\\\/df\\\/wp-content\\\/uploads\\\/2018\\\/12\\\/favicon-150x150.jpg\",\"caption\":\"Admin\"},\"url\":\"https:\\\/\\\/diariofemenino.com.ar\\\/df\\\/author\\\/lenny\\\/\"}]}<\/script>\n<!-- \/ Yoast SEO plugin. -->","yoast_head_json":{"title":"Registro de violadores: por qu\u00e9 la base de datos con el material gen\u00e9tico de todos los condenados crece tan lento - Diario Digital Femenino","description":"Registro de violadores: por qu\u00e9 la base de datos con el material gen\u00e9tico de los condenados no crece .De 2018 a 2019, de 10.992 solicitudes, respondieron 857","robots":{"index":"index","follow":"follow","max-snippet":"max-snippet:-1","max-image-preview":"max-image-preview:large","max-video-preview":"max-video-preview:-1"},"canonical":"https:\/\/diariofemenino.com.ar\/df\/registro-de-violadores\/","og_locale":"es_ES","og_type":"article","og_title":"Registro de violadores: por qu\u00e9 la base de datos con el material gen\u00e9tico de todos los condenados crece tan lento - Diario Digital Femenino","og_description":"Registro de violadores: por qu\u00e9 la base de datos con el material gen\u00e9tico de los condenados no crece .De 2018 a 2019, de 10.992 solicitudes, respondieron 857","og_url":"https:\/\/diariofemenino.com.ar\/df\/registro-de-violadores\/","og_site_name":"Diario Digital Femenino","article_publisher":"https:\/\/www.facebook.com\/DiarioDigitaFemenino\/","article_published_time":"2019-02-02T12:29:49+00:00","og_image":[{"width":723,"height":405,"url":"https:\/\/diariofemenino.com.ar\/df\/wp-content\/uploads\/2019\/02\/Violadores.jpg","type":"image\/jpeg"}],"author":"Admin","twitter_card":"summary_large_image","twitter_creator":"@DiarioFemenino1","twitter_site":"@DiarioFemenino1","twitter_misc":{"Escrito por":"Admin","Tiempo de lectura":"5 minutos"},"schema":{"@context":"https:\/\/schema.org","@graph":[{"@type":"Article","@id":"https:\/\/diariofemenino.com.ar\/df\/registro-de-violadores\/#article","isPartOf":{"@id":"https:\/\/diariofemenino.com.ar\/df\/registro-de-violadores\/"},"author":{"name":"Admin","@id":"https:\/\/diariofemenino.com.ar\/df\/#\/schema\/person\/bf6199e8158c657ea6f789b11ec85509"},"headline":"Registro de violadores: por qu\u00e9 la base de datos con el material gen\u00e9tico de todos los condenados crece tan lento","datePublished":"2019-02-02T12:29:49+00:00","mainEntityOfPage":{"@id":"https:\/\/diariofemenino.com.ar\/df\/registro-de-violadores\/"},"wordCount":1066,"commentCount":0,"publisher":{"@id":"https:\/\/diariofemenino.com.ar\/df\/#organization"},"image":{"@id":"https:\/\/diariofemenino.com.ar\/df\/registro-de-violadores\/#primaryimage"},"thumbnailUrl":"https:\/\/diariofemenino.com.ar\/df\/wp-content\/uploads\/2019\/02\/Violadores.jpg","keywords":["Femicidios","injusticia","Violencia Sexual"],"articleSection":["Mujeres"],"inLanguage":"es","potentialAction":[{"@type":"CommentAction","name":"Comment","target":["https:\/\/diariofemenino.com.ar\/df\/registro-de-violadores\/#respond"]}]},{"@type":"WebPage","@id":"https:\/\/diariofemenino.com.ar\/df\/registro-de-violadores\/","url":"https:\/\/diariofemenino.com.ar\/df\/registro-de-violadores\/","name":"Registro de violadores: por qu\u00e9 la base de datos con el material gen\u00e9tico de todos los condenados crece tan lento - Diario Digital Femenino","isPartOf":{"@id":"https:\/\/diariofemenino.com.ar\/df\/#website"},"primaryImageOfPage":{"@id":"https:\/\/diariofemenino.com.ar\/df\/registro-de-violadores\/#primaryimage"},"image":{"@id":"https:\/\/diariofemenino.com.ar\/df\/registro-de-violadores\/#primaryimage"},"thumbnailUrl":"https:\/\/diariofemenino.com.ar\/df\/wp-content\/uploads\/2019\/02\/Violadores.jpg","datePublished":"2019-02-02T12:29:49+00:00","description":"Registro de violadores: por qu\u00e9 la base de datos con el material gen\u00e9tico de los condenados no crece .De 2018 a 2019, de 10.992 solicitudes, respondieron 857","breadcrumb":{"@id":"https:\/\/diariofemenino.com.ar\/df\/registro-de-violadores\/#breadcrumb"},"inLanguage":"es","potentialAction":[{"@type":"ReadAction","target":["https:\/\/diariofemenino.com.ar\/df\/registro-de-violadores\/"]}]},{"@type":"ImageObject","inLanguage":"es","@id":"https:\/\/diariofemenino.com.ar\/df\/registro-de-violadores\/#primaryimage","url":"https:\/\/diariofemenino.com.ar\/df\/wp-content\/uploads\/2019\/02\/Violadores.jpg","contentUrl":"https:\/\/diariofemenino.com.ar\/df\/wp-content\/uploads\/2019\/02\/Violadores.jpg","width":723,"height":405},{"@type":"BreadcrumbList","@id":"https:\/\/diariofemenino.com.ar\/df\/registro-de-violadores\/#breadcrumb","itemListElement":[{"@type":"ListItem","position":1,"name":"Portada","item":"https:\/\/diariofemenino.com.ar\/df\/"},{"@type":"ListItem","position":2,"name":"Registro de violadores: por qu\u00e9 la base de datos con el material gen\u00e9tico de todos los condenados crece tan lento"}]},{"@type":"WebSite","@id":"https:\/\/diariofemenino.com.ar\/df\/#website","url":"https:\/\/diariofemenino.com.ar\/df\/","name":"Diario Digital Femenino","description":"Cuesti\u00f3n de G\u00e9nero","publisher":{"@id":"https:\/\/diariofemenino.com.ar\/df\/#organization"},"potentialAction":[{"@type":"SearchAction","target":{"@type":"EntryPoint","urlTemplate":"https:\/\/diariofemenino.com.ar\/df\/?s={search_term_string}"},"query-input":{"@type":"PropertyValueSpecification","valueRequired":true,"valueName":"search_term_string"}}],"inLanguage":"es"},{"@type":"Organization","@id":"https:\/\/diariofemenino.com.ar\/df\/#organization","name":"Diario Femenino","url":"https:\/\/diariofemenino.com.ar\/df\/","logo":{"@type":"ImageObject","inLanguage":"es","@id":"https:\/\/diariofemenino.com.ar\/df\/#\/schema\/logo\/image\/","url":"https:\/\/diariofemenino.com.ar\/df\/wp-content\/uploads\/2018\/10\/logo.png","contentUrl":"https:\/\/diariofemenino.com.ar\/df\/wp-content\/uploads\/2018\/10\/logo.png","width":500,"height":92,"caption":"Diario Femenino"},"image":{"@id":"https:\/\/diariofemenino.com.ar\/df\/#\/schema\/logo\/image\/"},"sameAs":["https:\/\/www.facebook.com\/DiarioDigitaFemenino\/","https:\/\/x.com\/DiarioFemenino1"]},{"@type":"Person","@id":"https:\/\/diariofemenino.com.ar\/df\/#\/schema\/person\/bf6199e8158c657ea6f789b11ec85509","name":"Admin","image":{"@type":"ImageObject","inLanguage":"es","@id":"https:\/\/diariofemenino.com.ar\/df\/wp-content\/uploads\/2018\/12\/favicon-150x150.jpg","url":"https:\/\/diariofemenino.com.ar\/df\/wp-content\/uploads\/2018\/12\/favicon-150x150.jpg","contentUrl":"https:\/\/diariofemenino.com.ar\/df\/wp-content\/uploads\/2018\/12\/favicon-150x150.jpg","caption":"Admin"},"url":"https:\/\/diariofemenino.com.ar\/df\/author\/lenny\/"}]}},"jetpack_featured_media_url":"https:\/\/diariofemenino.com.ar\/df\/wp-content\/uploads\/2019\/02\/Violadores.jpg","jetpack_sharing_enabled":true,"rttpg_featured_image_url":{"full":["https:\/\/diariofemenino.com.ar\/df\/wp-content\/uploads\/2019\/02\/Violadores.jpg",723,405,false],"landscape":["https:\/\/diariofemenino.com.ar\/df\/wp-content\/uploads\/2019\/02\/Violadores.jpg",723,405,false],"portraits":["https:\/\/diariofemenino.com.ar\/df\/wp-content\/uploads\/2019\/02\/Violadores.jpg",723,405,false],"thumbnail":["https:\/\/diariofemenino.com.ar\/df\/wp-content\/uploads\/2019\/02\/Violadores-150x150.jpg",150,150,true],"medium":["https:\/\/diariofemenino.com.ar\/df\/wp-content\/uploads\/2019\/02\/Violadores-300x168.jpg",300,168,true],"large":["https:\/\/diariofemenino.com.ar\/df\/wp-content\/uploads\/2019\/02\/Violadores.jpg",723,405,false],"1536x1536":["https:\/\/diariofemenino.com.ar\/df\/wp-content\/uploads\/2019\/02\/Violadores.jpg",723,405,false],"2048x2048":["https:\/\/diariofemenino.com.ar\/df\/wp-content\/uploads\/2019\/02\/Violadores.jpg",723,405,false]},"rttpg_author":{"display_name":"Admin","author_link":"https:\/\/diariofemenino.com.ar\/df\/author\/lenny\/"},"rttpg_comment":0,"rttpg_category":"<a href=\"https:\/\/diariofemenino.com.ar\/df\/category\/mujeres\/\" rel=\"category tag\">Mujeres<\/a>","rttpg_excerpt":"Seg\u00fan datos oficiales, de mayo de 2018 a enero de 2019 se enviaron 10.992 solicitudes a los magistrados. S\u00f3lo respondieron 857 Por\u00a0Mart\u00edn Candalaft Jorge Mangeri,\u00a0condenado a prisi\u00f3n perpetua por abusar y luego asesinar a \u00c1ngeles Rawson \u00ab\u00bfPor qu\u00e9 los jueces se reh\u00fasan?\u00bb. La pregunta la hacen las Madres del Dolor. No hay mucha explicaci\u00f3n. La&hellip;","_links":{"self":[{"href":"https:\/\/diariofemenino.com.ar\/df\/wp-json\/wp\/v2\/posts\/31344","targetHints":{"allow":["GET"]}}],"collection":[{"href":"https:\/\/diariofemenino.com.ar\/df\/wp-json\/wp\/v2\/posts"}],"about":[{"href":"https:\/\/diariofemenino.com.ar\/df\/wp-json\/wp\/v2\/types\/post"}],"author":[{"embeddable":true,"href":"https:\/\/diariofemenino.com.ar\/df\/wp-json\/wp\/v2\/users\/4"}],"replies":[{"embeddable":true,"href":"https:\/\/diariofemenino.com.ar\/df\/wp-json\/wp\/v2\/comments?post=31344"}],"version-history":[{"count":0,"href":"https:\/\/diariofemenino.com.ar\/df\/wp-json\/wp\/v2\/posts\/31344\/revisions"}],"wp:featuredmedia":[{"embeddable":true,"href":"https:\/\/diariofemenino.com.ar\/df\/wp-json\/wp\/v2\/media\/31348"}],"wp:attachment":[{"href":"https:\/\/diariofemenino.com.ar\/df\/wp-json\/wp\/v2\/media?parent=31344"}],"wp:term":[{"taxonomy":"category","embeddable":true,"href":"https:\/\/diariofemenino.com.ar\/df\/wp-json\/wp\/v2\/categories?post=31344"},{"taxonomy":"post_tag","embeddable":true,"href":"https:\/\/diariofemenino.com.ar\/df\/wp-json\/wp\/v2\/tags?post=31344"}],"curies":[{"name":"wp","href":"https:\/\/api.w.org\/{rel}","templated":true}]}}