{"id":3131,"date":"2012-08-15T21:08:53","date_gmt":"2012-08-16T00:08:53","guid":{"rendered":"http:\/\/www.diariofemenino.com.ar\/?p=3131"},"modified":"2012-08-15T21:08:53","modified_gmt":"2012-08-16T00:08:53","slug":"buscan-garantizar-los-derechos-de-identidad-de-genero-en-rio-negro","status":"publish","type":"post","link":"https:\/\/diariofemenino.com.ar\/df\/buscan-garantizar-los-derechos-de-identidad-de-genero-en-rio-negro\/","title":{"rendered":"Buscan garantizar los derechos de identidad de g\u00e9nero en R\u00edo Negro"},"content":{"rendered":"<p>&nbsp;<br \/>\n&nbsp;<br \/>\n&nbsp;<br \/>\n<strong>La legisladora Susana Dieguez (FpV) present\u00f3 una iniciativa de ley para garantizar en la Provincia el cumplimiento de los derechos consagrados en la ley nacional de Identidad de G\u00e9nero (Ley 26.743), sancionada el 9 de mayo de este a\u00f1o por el Congreso de la Naci\u00f3n.<\/strong><br \/>\n<a href=\"http:\/\/www.diariofemenino.com.ar\/wp-content\/uploads\/Sin-t\u00edtulo2.jpg\"><img loading=\"lazy\" decoding=\"async\" class=\"alignnone size-full wp-image-3136\" title=\"Sin t\u00edtulo\" src=\"http:\/\/www.diariofemenino.com.ar\/wp-content\/uploads\/Sin-t\u00edtulo2.jpg\" alt=\"\" width=\"419\" height=\"239\" \/><\/a><br \/>\nDieguez explic\u00f3 que esta norma y la denominada Ley de Matrimonio Igualitario, se enmarcan en las pol\u00edticas p\u00fablicas inclusivas que desde el gobierno nacional se impulsan y que constituyen una \u201creparaci\u00f3n de derechos negados hasta hoy\u201d.<br \/>\nAdem\u00e1s de reconocer el derecho a la identidad de g\u00e9nero, se\u00f1al\u00f3 que la normativa establece los mecanismos para la rectificaci\u00f3n registral del sexo, el cambio de nombre de pila e imagen de las personas que lo soliciten ante el Registro Nacional de las Personas, sin necesidad de tr\u00e1mite judicial que lo autorice.<br \/>\nAsimismo, define la gesti\u00f3n a seguir en caso de que el interesado sea menor de edad y normativiza sobre los efectos legales de la rectificaci\u00f3n del sexo y nombre.<br \/>\nLa legisladora indic\u00f3 que en la cotidianeidad existen otros efectos que repercuten en el ejercicio pleno del derecho a la identidad de g\u00e9nero autopercibida, que ameritan la intervenci\u00f3n del Estado provincial para erradicar todo tipo de restricci\u00f3n al mismo.<br \/>\n&nbsp;<br \/>\n&nbsp;<br \/>\nFuente: <a href=\"http:\/\/www.anbariloche.com.ar\/noticia.php?nota=30600\">ANBariloche<\/a><br \/>\n&nbsp;<br \/>\n&nbsp;<br \/>\n&nbsp;<\/p>\n","protected":false},"excerpt":{"rendered":"<p>&nbsp; &nbsp; &nbsp; La legisladora Susana Dieguez (FpV) present\u00f3 una iniciativa de ley para garantizar en la Provincia el cumplimiento de los derechos consagrados en la ley nacional de Identidad de G\u00e9nero (Ley 26.743), sancionada el 9 de mayo de este a\u00f1o por el Congreso de la Naci\u00f3n. Dieguez explic\u00f3 que esta norma y la [&hellip;]<\/p>\n","protected":false},"author":1,"featured_media":0,"comment_status":"open","ping_status":"open","sticky":false,"template":"","format":"standard","meta":{"iawp_total_views":1,"footnotes":""},"categories":[4],"tags":[],"class_list":["post-3131","post","type-post","status-publish","format-standard","hentry","category-medios"],"nelio_content":{"autoShareEndMode":"never","automationSources":{"useCustomSentences":false,"customSentences":[]},"efiAlt":"","efiUrl":"","followers":[],"highlights":[],"isAutoShareEnabled":true,"networkImageIds":[],"permalinkQueryArgs":[],"series":[],"suggestedReferences":[]},"yoast_head":"<!-- This site is optimized with the Yoast SEO plugin v27.4 - https:\/\/yoast.com\/product\/yoast-seo-wordpress\/ -->\n<title>Buscan garantizar los derechos de identidad de g\u00e9nero en R\u00edo Negro - Diario Digital Femenino<\/title>\n<meta name=\"robots\" content=\"index, follow, max-snippet:-1, max-image-preview:large, max-video-preview:-1\" \/>\n<link rel=\"canonical\" href=\"https:\/\/diariofemenino.com.ar\/df\/buscan-garantizar-los-derechos-de-identidad-de-genero-en-rio-negro\/\" \/>\n<meta property=\"og:locale\" content=\"es_ES\" \/>\n<meta property=\"og:type\" content=\"article\" \/>\n<meta property=\"og:title\" content=\"Buscan garantizar los derechos de identidad de g\u00e9nero en R\u00edo Negro - Diario Digital Femenino\" \/>\n<meta property=\"og:description\" content=\"&nbsp; &nbsp; &nbsp; La legisladora Susana Dieguez (FpV) present\u00f3 una iniciativa de ley para garantizar en la Provincia el cumplimiento de los derechos consagrados en la ley nacional de Identidad de G\u00e9nero (Ley 26.743), sancionada el 9 de mayo de este a\u00f1o por el Congreso de la Naci\u00f3n. Dieguez explic\u00f3 que esta norma y la [&hellip;]\" \/>\n<meta property=\"og:url\" content=\"https:\/\/diariofemenino.com.ar\/df\/buscan-garantizar-los-derechos-de-identidad-de-genero-en-rio-negro\/\" \/>\n<meta property=\"og:site_name\" content=\"Diario Digital Femenino\" \/>\n<meta property=\"article:publisher\" content=\"https:\/\/www.facebook.com\/DiarioDigitaFemenino\/\" \/>\n<meta property=\"article:published_time\" content=\"2012-08-16T00:08:53+00:00\" \/>\n<meta property=\"og:image\" content=\"https:\/\/diariofemenino.com.ar\/df\/wp-content\/uploads\/2016\/10\/logo-negro.png\" \/>\n\t<meta property=\"og:image:width\" content=\"855\" \/>\n\t<meta property=\"og:image:height\" content=\"319\" \/>\n\t<meta property=\"og:image:type\" content=\"image\/png\" \/>\n<meta name=\"author\" content=\"Admin\" \/>\n<meta name=\"twitter:card\" content=\"summary_large_image\" \/>\n<meta name=\"twitter:creator\" content=\"@DiarioFemenino1\" \/>\n<meta name=\"twitter:site\" content=\"@DiarioFemenino1\" \/>\n<meta name=\"twitter:label1\" content=\"Escrito por\" \/>\n\t<meta name=\"twitter:data1\" content=\"Admin\" \/>\n\t<meta name=\"twitter:label2\" content=\"Tiempo de lectura\" \/>\n\t<meta name=\"twitter:data2\" content=\"1 minuto\" \/>\n<script type=\"application\/ld+json\" class=\"yoast-schema-graph\">{\"@context\":\"https:\\\/\\\/schema.org\",\"@graph\":[{\"@type\":\"Article\",\"@id\":\"https:\\\/\\\/diariofemenino.com.ar\\\/df\\\/buscan-garantizar-los-derechos-de-identidad-de-genero-en-rio-negro\\\/#article\",\"isPartOf\":{\"@id\":\"https:\\\/\\\/diariofemenino.com.ar\\\/df\\\/buscan-garantizar-los-derechos-de-identidad-de-genero-en-rio-negro\\\/\"},\"author\":{\"name\":\"Admin\",\"@id\":\"https:\\\/\\\/diariofemenino.com.ar\\\/df\\\/#\\\/schema\\\/person\\\/38f54b3bfd13f561de2460ba95c169c6\"},\"headline\":\"Buscan garantizar los derechos de identidad de g\u00e9nero en R\u00edo Negro\",\"datePublished\":\"2012-08-16T00:08:53+00:00\",\"mainEntityOfPage\":{\"@id\":\"https:\\\/\\\/diariofemenino.com.ar\\\/df\\\/buscan-garantizar-los-derechos-de-identidad-de-genero-en-rio-negro\\\/\"},\"wordCount\":238,\"commentCount\":0,\"publisher\":{\"@id\":\"https:\\\/\\\/diariofemenino.com.ar\\\/df\\\/#organization\"},\"articleSection\":[\"Medios\"],\"inLanguage\":\"es\",\"potentialAction\":[{\"@type\":\"CommentAction\",\"name\":\"Comment\",\"target\":[\"https:\\\/\\\/diariofemenino.com.ar\\\/df\\\/buscan-garantizar-los-derechos-de-identidad-de-genero-en-rio-negro\\\/#respond\"]}]},{\"@type\":\"WebPage\",\"@id\":\"https:\\\/\\\/diariofemenino.com.ar\\\/df\\\/buscan-garantizar-los-derechos-de-identidad-de-genero-en-rio-negro\\\/\",\"url\":\"https:\\\/\\\/diariofemenino.com.ar\\\/df\\\/buscan-garantizar-los-derechos-de-identidad-de-genero-en-rio-negro\\\/\",\"name\":\"Buscan garantizar los derechos de identidad de g\u00e9nero en R\u00edo Negro - Diario Digital Femenino\",\"isPartOf\":{\"@id\":\"https:\\\/\\\/diariofemenino.com.ar\\\/df\\\/#website\"},\"datePublished\":\"2012-08-16T00:08:53+00:00\",\"breadcrumb\":{\"@id\":\"https:\\\/\\\/diariofemenino.com.ar\\\/df\\\/buscan-garantizar-los-derechos-de-identidad-de-genero-en-rio-negro\\\/#breadcrumb\"},\"inLanguage\":\"es\",\"potentialAction\":[{\"@type\":\"ReadAction\",\"target\":[\"https:\\\/\\\/diariofemenino.com.ar\\\/df\\\/buscan-garantizar-los-derechos-de-identidad-de-genero-en-rio-negro\\\/\"]}]},{\"@type\":\"BreadcrumbList\",\"@id\":\"https:\\\/\\\/diariofemenino.com.ar\\\/df\\\/buscan-garantizar-los-derechos-de-identidad-de-genero-en-rio-negro\\\/#breadcrumb\",\"itemListElement\":[{\"@type\":\"ListItem\",\"position\":1,\"name\":\"Portada\",\"item\":\"https:\\\/\\\/diariofemenino.com.ar\\\/df\\\/\"},{\"@type\":\"ListItem\",\"position\":2,\"name\":\"Buscan garantizar los derechos de identidad de g\u00e9nero en R\u00edo Negro\"}]},{\"@type\":\"WebSite\",\"@id\":\"https:\\\/\\\/diariofemenino.com.ar\\\/df\\\/#website\",\"url\":\"https:\\\/\\\/diariofemenino.com.ar\\\/df\\\/\",\"name\":\"Diario Digital Femenino\",\"description\":\"Cuesti\u00f3n de G\u00e9nero\",\"publisher\":{\"@id\":\"https:\\\/\\\/diariofemenino.com.ar\\\/df\\\/#organization\"},\"potentialAction\":[{\"@type\":\"SearchAction\",\"target\":{\"@type\":\"EntryPoint\",\"urlTemplate\":\"https:\\\/\\\/diariofemenino.com.ar\\\/df\\\/?s={search_term_string}\"},\"query-input\":{\"@type\":\"PropertyValueSpecification\",\"valueRequired\":true,\"valueName\":\"search_term_string\"}}],\"inLanguage\":\"es\"},{\"@type\":\"Organization\",\"@id\":\"https:\\\/\\\/diariofemenino.com.ar\\\/df\\\/#organization\",\"name\":\"Diario Femenino\",\"url\":\"https:\\\/\\\/diariofemenino.com.ar\\\/df\\\/\",\"logo\":{\"@type\":\"ImageObject\",\"inLanguage\":\"es\",\"@id\":\"https:\\\/\\\/diariofemenino.com.ar\\\/df\\\/#\\\/schema\\\/logo\\\/image\\\/\",\"url\":\"https:\\\/\\\/diariofemenino.com.ar\\\/df\\\/wp-content\\\/uploads\\\/2018\\\/10\\\/logo.png\",\"contentUrl\":\"https:\\\/\\\/diariofemenino.com.ar\\\/df\\\/wp-content\\\/uploads\\\/2018\\\/10\\\/logo.png\",\"width\":500,\"height\":92,\"caption\":\"Diario Femenino\"},\"image\":{\"@id\":\"https:\\\/\\\/diariofemenino.com.ar\\\/df\\\/#\\\/schema\\\/logo\\\/image\\\/\"},\"sameAs\":[\"https:\\\/\\\/www.facebook.com\\\/DiarioDigitaFemenino\\\/\",\"https:\\\/\\\/x.com\\\/DiarioFemenino1\"]},{\"@type\":\"Person\",\"@id\":\"https:\\\/\\\/diariofemenino.com.ar\\\/df\\\/#\\\/schema\\\/person\\\/38f54b3bfd13f561de2460ba95c169c6\",\"name\":\"Admin\",\"image\":{\"@type\":\"ImageObject\",\"inLanguage\":\"es\",\"@id\":\"https:\\\/\\\/diariofemenino.com.ar\\\/df\\\/wp-content\\\/uploads\\\/2018\\\/12\\\/favicon-150x150.jpg\",\"url\":\"https:\\\/\\\/diariofemenino.com.ar\\\/df\\\/wp-content\\\/uploads\\\/2018\\\/12\\\/favicon-150x150.jpg\",\"contentUrl\":\"https:\\\/\\\/diariofemenino.com.ar\\\/df\\\/wp-content\\\/uploads\\\/2018\\\/12\\\/favicon-150x150.jpg\",\"caption\":\"Admin\"},\"url\":\"https:\\\/\\\/diariofemenino.com.ar\\\/df\\\/author\\\/adm18df\\\/\"}]}<\/script>\n<!-- \/ Yoast SEO plugin. -->","yoast_head_json":{"title":"Buscan garantizar los derechos de identidad de g\u00e9nero en R\u00edo Negro - Diario Digital Femenino","robots":{"index":"index","follow":"follow","max-snippet":"max-snippet:-1","max-image-preview":"max-image-preview:large","max-video-preview":"max-video-preview:-1"},"canonical":"https:\/\/diariofemenino.com.ar\/df\/buscan-garantizar-los-derechos-de-identidad-de-genero-en-rio-negro\/","og_locale":"es_ES","og_type":"article","og_title":"Buscan garantizar los derechos de identidad de g\u00e9nero en R\u00edo Negro - Diario Digital Femenino","og_description":"&nbsp; &nbsp; &nbsp; La legisladora Susana Dieguez (FpV) present\u00f3 una iniciativa de ley para garantizar en la Provincia el cumplimiento de los derechos consagrados en la ley nacional de Identidad de G\u00e9nero (Ley 26.743), sancionada el 9 de mayo de este a\u00f1o por el Congreso de la Naci\u00f3n. Dieguez explic\u00f3 que esta norma y la [&hellip;]","og_url":"https:\/\/diariofemenino.com.ar\/df\/buscan-garantizar-los-derechos-de-identidad-de-genero-en-rio-negro\/","og_site_name":"Diario Digital Femenino","article_publisher":"https:\/\/www.facebook.com\/DiarioDigitaFemenino\/","article_published_time":"2012-08-16T00:08:53+00:00","og_image":[{"width":855,"height":319,"url":"https:\/\/diariofemenino.com.ar\/df\/wp-content\/uploads\/2016\/10\/logo-negro.png","type":"image\/png"}],"author":"Admin","twitter_card":"summary_large_image","twitter_creator":"@DiarioFemenino1","twitter_site":"@DiarioFemenino1","twitter_misc":{"Escrito por":"Admin","Tiempo de lectura":"1 minuto"},"schema":{"@context":"https:\/\/schema.org","@graph":[{"@type":"Article","@id":"https:\/\/diariofemenino.com.ar\/df\/buscan-garantizar-los-derechos-de-identidad-de-genero-en-rio-negro\/#article","isPartOf":{"@id":"https:\/\/diariofemenino.com.ar\/df\/buscan-garantizar-los-derechos-de-identidad-de-genero-en-rio-negro\/"},"author":{"name":"Admin","@id":"https:\/\/diariofemenino.com.ar\/df\/#\/schema\/person\/38f54b3bfd13f561de2460ba95c169c6"},"headline":"Buscan garantizar los derechos de identidad de g\u00e9nero en R\u00edo Negro","datePublished":"2012-08-16T00:08:53+00:00","mainEntityOfPage":{"@id":"https:\/\/diariofemenino.com.ar\/df\/buscan-garantizar-los-derechos-de-identidad-de-genero-en-rio-negro\/"},"wordCount":238,"commentCount":0,"publisher":{"@id":"https:\/\/diariofemenino.com.ar\/df\/#organization"},"articleSection":["Medios"],"inLanguage":"es","potentialAction":[{"@type":"CommentAction","name":"Comment","target":["https:\/\/diariofemenino.com.ar\/df\/buscan-garantizar-los-derechos-de-identidad-de-genero-en-rio-negro\/#respond"]}]},{"@type":"WebPage","@id":"https:\/\/diariofemenino.com.ar\/df\/buscan-garantizar-los-derechos-de-identidad-de-genero-en-rio-negro\/","url":"https:\/\/diariofemenino.com.ar\/df\/buscan-garantizar-los-derechos-de-identidad-de-genero-en-rio-negro\/","name":"Buscan garantizar los derechos de identidad de g\u00e9nero en R\u00edo Negro - Diario Digital Femenino","isPartOf":{"@id":"https:\/\/diariofemenino.com.ar\/df\/#website"},"datePublished":"2012-08-16T00:08:53+00:00","breadcrumb":{"@id":"https:\/\/diariofemenino.com.ar\/df\/buscan-garantizar-los-derechos-de-identidad-de-genero-en-rio-negro\/#breadcrumb"},"inLanguage":"es","potentialAction":[{"@type":"ReadAction","target":["https:\/\/diariofemenino.com.ar\/df\/buscan-garantizar-los-derechos-de-identidad-de-genero-en-rio-negro\/"]}]},{"@type":"BreadcrumbList","@id":"https:\/\/diariofemenino.com.ar\/df\/buscan-garantizar-los-derechos-de-identidad-de-genero-en-rio-negro\/#breadcrumb","itemListElement":[{"@type":"ListItem","position":1,"name":"Portada","item":"https:\/\/diariofemenino.com.ar\/df\/"},{"@type":"ListItem","position":2,"name":"Buscan garantizar los derechos de identidad de g\u00e9nero en R\u00edo Negro"}]},{"@type":"WebSite","@id":"https:\/\/diariofemenino.com.ar\/df\/#website","url":"https:\/\/diariofemenino.com.ar\/df\/","name":"Diario Digital Femenino","description":"Cuesti\u00f3n de G\u00e9nero","publisher":{"@id":"https:\/\/diariofemenino.com.ar\/df\/#organization"},"potentialAction":[{"@type":"SearchAction","target":{"@type":"EntryPoint","urlTemplate":"https:\/\/diariofemenino.com.ar\/df\/?s={search_term_string}"},"query-input":{"@type":"PropertyValueSpecification","valueRequired":true,"valueName":"search_term_string"}}],"inLanguage":"es"},{"@type":"Organization","@id":"https:\/\/diariofemenino.com.ar\/df\/#organization","name":"Diario Femenino","url":"https:\/\/diariofemenino.com.ar\/df\/","logo":{"@type":"ImageObject","inLanguage":"es","@id":"https:\/\/diariofemenino.com.ar\/df\/#\/schema\/logo\/image\/","url":"https:\/\/diariofemenino.com.ar\/df\/wp-content\/uploads\/2018\/10\/logo.png","contentUrl":"https:\/\/diariofemenino.com.ar\/df\/wp-content\/uploads\/2018\/10\/logo.png","width":500,"height":92,"caption":"Diario Femenino"},"image":{"@id":"https:\/\/diariofemenino.com.ar\/df\/#\/schema\/logo\/image\/"},"sameAs":["https:\/\/www.facebook.com\/DiarioDigitaFemenino\/","https:\/\/x.com\/DiarioFemenino1"]},{"@type":"Person","@id":"https:\/\/diariofemenino.com.ar\/df\/#\/schema\/person\/38f54b3bfd13f561de2460ba95c169c6","name":"Admin","image":{"@type":"ImageObject","inLanguage":"es","@id":"https:\/\/diariofemenino.com.ar\/df\/wp-content\/uploads\/2018\/12\/favicon-150x150.jpg","url":"https:\/\/diariofemenino.com.ar\/df\/wp-content\/uploads\/2018\/12\/favicon-150x150.jpg","contentUrl":"https:\/\/diariofemenino.com.ar\/df\/wp-content\/uploads\/2018\/12\/favicon-150x150.jpg","caption":"Admin"},"url":"https:\/\/diariofemenino.com.ar\/df\/author\/adm18df\/"}]}},"jetpack_featured_media_url":"","jetpack_sharing_enabled":true,"rttpg_featured_image_url":null,"rttpg_author":{"display_name":"Admin","author_link":"https:\/\/diariofemenino.com.ar\/df\/author\/adm18df\/"},"rttpg_comment":0,"rttpg_category":"<a href=\"https:\/\/diariofemenino.com.ar\/df\/category\/medios\/\" rel=\"category tag\">Medios<\/a>","rttpg_excerpt":"&nbsp; &nbsp; &nbsp; La legisladora Susana Dieguez (FpV) present\u00f3 una iniciativa de ley para garantizar en la Provincia el cumplimiento de los derechos consagrados en la ley nacional de Identidad de G\u00e9nero (Ley 26.743), sancionada el 9 de mayo de este a\u00f1o por el Congreso de la Naci\u00f3n. Dieguez explic\u00f3 que esta norma y la&hellip;","_links":{"self":[{"href":"https:\/\/diariofemenino.com.ar\/df\/wp-json\/wp\/v2\/posts\/3131","targetHints":{"allow":["GET"]}}],"collection":[{"href":"https:\/\/diariofemenino.com.ar\/df\/wp-json\/wp\/v2\/posts"}],"about":[{"href":"https:\/\/diariofemenino.com.ar\/df\/wp-json\/wp\/v2\/types\/post"}],"author":[{"embeddable":true,"href":"https:\/\/diariofemenino.com.ar\/df\/wp-json\/wp\/v2\/users\/1"}],"replies":[{"embeddable":true,"href":"https:\/\/diariofemenino.com.ar\/df\/wp-json\/wp\/v2\/comments?post=3131"}],"version-history":[{"count":0,"href":"https:\/\/diariofemenino.com.ar\/df\/wp-json\/wp\/v2\/posts\/3131\/revisions"}],"wp:attachment":[{"href":"https:\/\/diariofemenino.com.ar\/df\/wp-json\/wp\/v2\/media?parent=3131"}],"wp:term":[{"taxonomy":"category","embeddable":true,"href":"https:\/\/diariofemenino.com.ar\/df\/wp-json\/wp\/v2\/categories?post=3131"},{"taxonomy":"post_tag","embeddable":true,"href":"https:\/\/diariofemenino.com.ar\/df\/wp-json\/wp\/v2\/tags?post=3131"}],"curies":[{"name":"wp","href":"https:\/\/api.w.org\/{rel}","templated":true}]}}