{"id":3112,"date":"2012-08-15T15:17:08","date_gmt":"2012-08-15T18:17:08","guid":{"rendered":"http:\/\/www.diariofemenino.com.ar\/?p=3112"},"modified":"2012-08-15T15:17:08","modified_gmt":"2012-08-15T18:17:08","slug":"mapa-de-la-violencia-de-genero-en-la-argentina","status":"publish","type":"post","link":"https:\/\/diariofemenino.com.ar\/df\/mapa-de-la-violencia-de-genero-en-la-argentina\/","title":{"rendered":"Mapa de la violencia de g\u00e9nero en la Argentina"},"content":{"rendered":"<p>&nbsp;<br \/>\n&nbsp;<\/p>\n<div>\n<div><a title=\"Aumentar tama\u00f1o del texto\" onclick=\"txt_more()\" href=\"javascript:;\"><br \/>\n<\/a><\/div>\n<div><\/div>\n<\/div>\n<p>&nbsp;<\/p>\n<div id=\"cuerpo\">\n<ul>\n<li>S.O.S. adolescentes: se debe prestar especial atenci\u00f3n y desarrollar pol\u00edticas respecto de las mujeres adolescentes y j\u00f3venes, que son el principal grupo de riesgo, tanto de homicidios como de suicidios y violaciones.<\/li>\n<li>Test de alcoholemia: el abuso de alcohol aparece explicando en buena medida diferentes formas de violencia de g\u00e9nero y exige una seria pol\u00edtica en el tema.<\/li>\n<li>M\u00e1s pobreza, m\u00e1s vulnerabilidad: la pobreza aparece como factor estructural estrechamente vinculado con mayores niveles de violencia.<\/li>\n<li>Mujeres asesinadas: en la Argentina, de 1997 a 2010, ocurrieron 6077 homicidios de mujeres, que representan el 14 por ciento del total de homicidios.<\/li>\n<li>El riesgo de las m\u00e1s j\u00f3venes: el principal grupo de riesgo de homicidios y suicidios de mujeres son las j\u00f3venes de 15 a 19 a\u00f1os.<\/li>\n<li>Las formas de la violencia: los homicidios de mujeres en Argentina parecen estar vinculados con dos din\u00e1micas distintas: por un lado, el robo y violencia en las grandes urbes y, por el otro, la violencia de g\u00e9nero.<\/li>\n<li>Otras armas: el 58 por ciento de los homicidios de mujeres son cometidos con armas de fuego, porcentaje menor en comparaci\u00f3n con el de dicho tipo de cr\u00edmenes en los varones.<\/li>\n<li>M\u00e1s violencia de g\u00e9nero que robos: en una investigaci\u00f3n de la Corte Suprema se corrobor\u00f3 la doble din\u00e1mica de los homicidios de mujeres, ya que el 50 por ciento fueron motivados por violencia intrafamiliar y el 27 por ciento en ocasi\u00f3n de robo, en la ciudad de Buenos Aires, en el a\u00f1o 2010.<\/li>\n<li>El norte y el sur en alerta: las provincias con tasas m\u00e1s altas de homicidios de mujeres son las del norte y las de la Patagonia. Lo llamativo es que son zonas con bajos \u00edndices de robos y violentos y uso de armas de fuego, lo que deja suponer que no se trata de simples homicidios sino de femicidios.<\/li>\n<li>Parejas peligrosas: el 21 por ciento de las lesiones por agresi\u00f3n de mujeres fueron causadas por su actual o ex pareja, pero, en realidad, ese porcentaje puede ser mayor, ya que hay casos que prefieren no informar sobre el autor de las agresiones.<\/li>\n<li>Mucho m\u00e1s que un golpe: las lesiones de mujeres causadas por sus parejas fueron en un 78 por ciento mediante golpes, mientras que la proporci\u00f3n de armas de fuego es peque\u00f1a, s\u00f3lo un 1 por ciento del total.<\/li>\n<li>Domingo de riesgo: la mayor\u00eda de las lesiones causadas a mujeres por sus parejas fueron provocadas el fin de semana.<\/li>\n<li>Los robos desconocidos: el 26 por ciento de las lesiones fueron causados por desconocidos y muchos de esos casos est\u00e1n vinculados con robos.<\/li>\n<li>Otra vez las m\u00e1s chicas son las m\u00e1s vulnerables: las mujeres j\u00f3venes son las principales v\u00edctimas de la lesiones causadas por las parejas, as\u00ed el grupo de 15 a 34 a\u00f1os representa el 69 por ciento del total.<\/li>\n<li>M\u00e1s violaciones en el norte: las provincias del norte tienen las tasas m\u00e1s altas de violaciones, las que llegan a ser 10 veces mayores que en las provincias con cifras bajas. Por ejemplo, las tasas de violaci\u00f3n de Santiago del Estero y Jujuy son 27 y 21, respectivamente, y la de Chubut 2,2 cada 100 mil habitantes.<\/li>\n<li>Los golpes machistas: en la Argentina, en el a\u00f1o 2009, 461 mil mujeres habr\u00edan sido golpeadas, de las cuales 275 mil no lo fueron en casos vinculados con robos y, posiblemente, est\u00e1n m\u00e1s relacionados con violencia social o de g\u00e9nero.<\/li>\n<li>La Capital y el norte en rojo: las jurisdicciones con mayores porcentajes de mujeres golpeadas son la ciudad de Buenos Aires y las provincias del norte.<\/li>\n<\/ul>\n<p>Fuente: \u201cMapa de violencia de g\u00e9nero en Argentina\u201d, de la Asociaci\u00f3n para Pol\u00edticas P\u00fablicas (APP), con el auspicio de la Embajada de Noruega, por Diego Fleitas Ortiz de Rozas y Alejandra Otamendi, 1\u00ba de marzo del 2012, sobre la base de investigaciones con la Universidad de San Andr\u00e9s y del Ministerio de Salud.\n<\/p><\/div>\n<div>\n<div><a title=\"Aumentar tama\u00f1o del texto\" onclick=\"txt_more()\" href=\"javascript:;\"><br \/>\n<\/a><\/div>\n<\/div>\n","protected":false},"excerpt":{"rendered":"<p>&nbsp; &nbsp; &nbsp; S.O.S. adolescentes: se debe prestar especial atenci\u00f3n y desarrollar pol\u00edticas respecto de las mujeres adolescentes y j\u00f3venes, que son el principal grupo de riesgo, tanto de homicidios como de suicidios y violaciones. Test de alcoholemia: el abuso de alcohol aparece explicando en buena medida diferentes formas de violencia de g\u00e9nero y exige [&hellip;]<\/p>\n","protected":false},"author":1,"featured_media":3114,"comment_status":"open","ping_status":"open","sticky":false,"template":"","format":"standard","meta":{"iawp_total_views":4,"footnotes":""},"categories":[4,13],"tags":[],"class_list":["post-3112","post","type-post","status-publish","format-standard","has-post-thumbnail","hentry","category-medios","category-mujeres-sindicalistas"],"nelio_content":{"autoShareEndMode":"never","automationSources":{"useCustomSentences":false,"customSentences":[]},"efiAlt":"","efiUrl":"","followers":[],"highlights":[],"isAutoShareEnabled":true,"networkImageIds":[],"permalinkQueryArgs":[],"series":[],"suggestedReferences":[]},"yoast_head":"<!-- This site is optimized with the Yoast SEO plugin v27.4 - https:\/\/yoast.com\/product\/yoast-seo-wordpress\/ -->\n<title>Mapa de la violencia de g\u00e9nero en la Argentina - Diario Digital Femenino<\/title>\n<meta name=\"robots\" content=\"index, follow, max-snippet:-1, max-image-preview:large, max-video-preview:-1\" \/>\n<link rel=\"canonical\" href=\"https:\/\/diariofemenino.com.ar\/df\/mapa-de-la-violencia-de-genero-en-la-argentina\/\" \/>\n<meta property=\"og:locale\" content=\"es_ES\" \/>\n<meta property=\"og:type\" content=\"article\" \/>\n<meta property=\"og:title\" content=\"Mapa de la violencia de g\u00e9nero en la Argentina - Diario Digital Femenino\" \/>\n<meta property=\"og:description\" content=\"&nbsp; &nbsp; &nbsp; S.O.S. adolescentes: se debe prestar especial atenci\u00f3n y desarrollar pol\u00edticas respecto de las mujeres adolescentes y j\u00f3venes, que son el principal grupo de riesgo, tanto de homicidios como de suicidios y violaciones. Test de alcoholemia: el abuso de alcohol aparece explicando en buena medida diferentes formas de violencia de g\u00e9nero y exige [&hellip;]\" \/>\n<meta property=\"og:url\" content=\"https:\/\/diariofemenino.com.ar\/df\/mapa-de-la-violencia-de-genero-en-la-argentina\/\" \/>\n<meta property=\"og:site_name\" content=\"Diario Digital Femenino\" \/>\n<meta property=\"article:publisher\" content=\"https:\/\/www.facebook.com\/DiarioDigitaFemenino\/\" \/>\n<meta property=\"article:published_time\" content=\"2012-08-15T18:17:08+00:00\" \/>\n<meta property=\"og:image\" content=\"https:\/\/diariofemenino.com.ar\/df\/wp-content\/uploads\/2016\/10\/logo-negro.png\" \/>\n\t<meta property=\"og:image:width\" content=\"855\" \/>\n\t<meta property=\"og:image:height\" content=\"319\" \/>\n\t<meta property=\"og:image:type\" content=\"image\/png\" \/>\n<meta name=\"author\" content=\"Admin\" \/>\n<meta name=\"twitter:card\" content=\"summary_large_image\" \/>\n<meta name=\"twitter:creator\" content=\"@DiarioFemenino1\" \/>\n<meta name=\"twitter:site\" content=\"@DiarioFemenino1\" \/>\n<meta name=\"twitter:label1\" content=\"Escrito por\" \/>\n\t<meta name=\"twitter:data1\" content=\"Admin\" \/>\n\t<meta name=\"twitter:label2\" content=\"Tiempo de lectura\" \/>\n\t<meta name=\"twitter:data2\" content=\"3 minutos\" \/>\n<script type=\"application\/ld+json\" class=\"yoast-schema-graph\">{\"@context\":\"https:\\\/\\\/schema.org\",\"@graph\":[{\"@type\":\"Article\",\"@id\":\"https:\\\/\\\/diariofemenino.com.ar\\\/df\\\/mapa-de-la-violencia-de-genero-en-la-argentina\\\/#article\",\"isPartOf\":{\"@id\":\"https:\\\/\\\/diariofemenino.com.ar\\\/df\\\/mapa-de-la-violencia-de-genero-en-la-argentina\\\/\"},\"author\":{\"name\":\"Admin\",\"@id\":\"https:\\\/\\\/diariofemenino.com.ar\\\/df\\\/#\\\/schema\\\/person\\\/38f54b3bfd13f561de2460ba95c169c6\"},\"headline\":\"Mapa de la violencia de g\u00e9nero en la Argentina\",\"datePublished\":\"2012-08-15T18:17:08+00:00\",\"mainEntityOfPage\":{\"@id\":\"https:\\\/\\\/diariofemenino.com.ar\\\/df\\\/mapa-de-la-violencia-de-genero-en-la-argentina\\\/\"},\"wordCount\":677,\"commentCount\":0,\"publisher\":{\"@id\":\"https:\\\/\\\/diariofemenino.com.ar\\\/df\\\/#organization\"},\"image\":{\"@id\":\"https:\\\/\\\/diariofemenino.com.ar\\\/df\\\/mapa-de-la-violencia-de-genero-en-la-argentina\\\/#primaryimage\"},\"thumbnailUrl\":\"\",\"articleSection\":[\"Medios\",\"Mujeres Sindicalistas\"],\"inLanguage\":\"es\",\"potentialAction\":[{\"@type\":\"CommentAction\",\"name\":\"Comment\",\"target\":[\"https:\\\/\\\/diariofemenino.com.ar\\\/df\\\/mapa-de-la-violencia-de-genero-en-la-argentina\\\/#respond\"]}]},{\"@type\":\"WebPage\",\"@id\":\"https:\\\/\\\/diariofemenino.com.ar\\\/df\\\/mapa-de-la-violencia-de-genero-en-la-argentina\\\/\",\"url\":\"https:\\\/\\\/diariofemenino.com.ar\\\/df\\\/mapa-de-la-violencia-de-genero-en-la-argentina\\\/\",\"name\":\"Mapa de la violencia de g\u00e9nero en la Argentina - Diario Digital Femenino\",\"isPartOf\":{\"@id\":\"https:\\\/\\\/diariofemenino.com.ar\\\/df\\\/#website\"},\"primaryImageOfPage\":{\"@id\":\"https:\\\/\\\/diariofemenino.com.ar\\\/df\\\/mapa-de-la-violencia-de-genero-en-la-argentina\\\/#primaryimage\"},\"image\":{\"@id\":\"https:\\\/\\\/diariofemenino.com.ar\\\/df\\\/mapa-de-la-violencia-de-genero-en-la-argentina\\\/#primaryimage\"},\"thumbnailUrl\":\"\",\"datePublished\":\"2012-08-15T18:17:08+00:00\",\"breadcrumb\":{\"@id\":\"https:\\\/\\\/diariofemenino.com.ar\\\/df\\\/mapa-de-la-violencia-de-genero-en-la-argentina\\\/#breadcrumb\"},\"inLanguage\":\"es\",\"potentialAction\":[{\"@type\":\"ReadAction\",\"target\":[\"https:\\\/\\\/diariofemenino.com.ar\\\/df\\\/mapa-de-la-violencia-de-genero-en-la-argentina\\\/\"]}]},{\"@type\":\"ImageObject\",\"inLanguage\":\"es\",\"@id\":\"https:\\\/\\\/diariofemenino.com.ar\\\/df\\\/mapa-de-la-violencia-de-genero-en-la-argentina\\\/#primaryimage\",\"url\":\"\",\"contentUrl\":\"\"},{\"@type\":\"BreadcrumbList\",\"@id\":\"https:\\\/\\\/diariofemenino.com.ar\\\/df\\\/mapa-de-la-violencia-de-genero-en-la-argentina\\\/#breadcrumb\",\"itemListElement\":[{\"@type\":\"ListItem\",\"position\":1,\"name\":\"Portada\",\"item\":\"https:\\\/\\\/diariofemenino.com.ar\\\/df\\\/\"},{\"@type\":\"ListItem\",\"position\":2,\"name\":\"Mapa de la violencia de g\u00e9nero en la Argentina\"}]},{\"@type\":\"WebSite\",\"@id\":\"https:\\\/\\\/diariofemenino.com.ar\\\/df\\\/#website\",\"url\":\"https:\\\/\\\/diariofemenino.com.ar\\\/df\\\/\",\"name\":\"Diario Digital Femenino\",\"description\":\"Cuesti\u00f3n de G\u00e9nero\",\"publisher\":{\"@id\":\"https:\\\/\\\/diariofemenino.com.ar\\\/df\\\/#organization\"},\"potentialAction\":[{\"@type\":\"SearchAction\",\"target\":{\"@type\":\"EntryPoint\",\"urlTemplate\":\"https:\\\/\\\/diariofemenino.com.ar\\\/df\\\/?s={search_term_string}\"},\"query-input\":{\"@type\":\"PropertyValueSpecification\",\"valueRequired\":true,\"valueName\":\"search_term_string\"}}],\"inLanguage\":\"es\"},{\"@type\":\"Organization\",\"@id\":\"https:\\\/\\\/diariofemenino.com.ar\\\/df\\\/#organization\",\"name\":\"Diario Femenino\",\"url\":\"https:\\\/\\\/diariofemenino.com.ar\\\/df\\\/\",\"logo\":{\"@type\":\"ImageObject\",\"inLanguage\":\"es\",\"@id\":\"https:\\\/\\\/diariofemenino.com.ar\\\/df\\\/#\\\/schema\\\/logo\\\/image\\\/\",\"url\":\"https:\\\/\\\/diariofemenino.com.ar\\\/df\\\/wp-content\\\/uploads\\\/2018\\\/10\\\/logo.png\",\"contentUrl\":\"https:\\\/\\\/diariofemenino.com.ar\\\/df\\\/wp-content\\\/uploads\\\/2018\\\/10\\\/logo.png\",\"width\":500,\"height\":92,\"caption\":\"Diario Femenino\"},\"image\":{\"@id\":\"https:\\\/\\\/diariofemenino.com.ar\\\/df\\\/#\\\/schema\\\/logo\\\/image\\\/\"},\"sameAs\":[\"https:\\\/\\\/www.facebook.com\\\/DiarioDigitaFemenino\\\/\",\"https:\\\/\\\/x.com\\\/DiarioFemenino1\"]},{\"@type\":\"Person\",\"@id\":\"https:\\\/\\\/diariofemenino.com.ar\\\/df\\\/#\\\/schema\\\/person\\\/38f54b3bfd13f561de2460ba95c169c6\",\"name\":\"Admin\",\"image\":{\"@type\":\"ImageObject\",\"inLanguage\":\"es\",\"@id\":\"https:\\\/\\\/diariofemenino.com.ar\\\/df\\\/wp-content\\\/uploads\\\/2018\\\/12\\\/favicon-150x150.jpg\",\"url\":\"https:\\\/\\\/diariofemenino.com.ar\\\/df\\\/wp-content\\\/uploads\\\/2018\\\/12\\\/favicon-150x150.jpg\",\"contentUrl\":\"https:\\\/\\\/diariofemenino.com.ar\\\/df\\\/wp-content\\\/uploads\\\/2018\\\/12\\\/favicon-150x150.jpg\",\"caption\":\"Admin\"},\"url\":\"https:\\\/\\\/diariofemenino.com.ar\\\/df\\\/author\\\/adm18df\\\/\"}]}<\/script>\n<!-- \/ Yoast SEO plugin. -->","yoast_head_json":{"title":"Mapa de la violencia de g\u00e9nero en la Argentina - Diario Digital Femenino","robots":{"index":"index","follow":"follow","max-snippet":"max-snippet:-1","max-image-preview":"max-image-preview:large","max-video-preview":"max-video-preview:-1"},"canonical":"https:\/\/diariofemenino.com.ar\/df\/mapa-de-la-violencia-de-genero-en-la-argentina\/","og_locale":"es_ES","og_type":"article","og_title":"Mapa de la violencia de g\u00e9nero en la Argentina - Diario Digital Femenino","og_description":"&nbsp; &nbsp; &nbsp; S.O.S. adolescentes: se debe prestar especial atenci\u00f3n y desarrollar pol\u00edticas respecto de las mujeres adolescentes y j\u00f3venes, que son el principal grupo de riesgo, tanto de homicidios como de suicidios y violaciones. Test de alcoholemia: el abuso de alcohol aparece explicando en buena medida diferentes formas de violencia de g\u00e9nero y exige [&hellip;]","og_url":"https:\/\/diariofemenino.com.ar\/df\/mapa-de-la-violencia-de-genero-en-la-argentina\/","og_site_name":"Diario Digital Femenino","article_publisher":"https:\/\/www.facebook.com\/DiarioDigitaFemenino\/","article_published_time":"2012-08-15T18:17:08+00:00","og_image":[{"width":855,"height":319,"url":"https:\/\/diariofemenino.com.ar\/df\/wp-content\/uploads\/2016\/10\/logo-negro.png","type":"image\/png"}],"author":"Admin","twitter_card":"summary_large_image","twitter_creator":"@DiarioFemenino1","twitter_site":"@DiarioFemenino1","twitter_misc":{"Escrito por":"Admin","Tiempo de lectura":"3 minutos"},"schema":{"@context":"https:\/\/schema.org","@graph":[{"@type":"Article","@id":"https:\/\/diariofemenino.com.ar\/df\/mapa-de-la-violencia-de-genero-en-la-argentina\/#article","isPartOf":{"@id":"https:\/\/diariofemenino.com.ar\/df\/mapa-de-la-violencia-de-genero-en-la-argentina\/"},"author":{"name":"Admin","@id":"https:\/\/diariofemenino.com.ar\/df\/#\/schema\/person\/38f54b3bfd13f561de2460ba95c169c6"},"headline":"Mapa de la violencia de g\u00e9nero en la Argentina","datePublished":"2012-08-15T18:17:08+00:00","mainEntityOfPage":{"@id":"https:\/\/diariofemenino.com.ar\/df\/mapa-de-la-violencia-de-genero-en-la-argentina\/"},"wordCount":677,"commentCount":0,"publisher":{"@id":"https:\/\/diariofemenino.com.ar\/df\/#organization"},"image":{"@id":"https:\/\/diariofemenino.com.ar\/df\/mapa-de-la-violencia-de-genero-en-la-argentina\/#primaryimage"},"thumbnailUrl":"","articleSection":["Medios","Mujeres Sindicalistas"],"inLanguage":"es","potentialAction":[{"@type":"CommentAction","name":"Comment","target":["https:\/\/diariofemenino.com.ar\/df\/mapa-de-la-violencia-de-genero-en-la-argentina\/#respond"]}]},{"@type":"WebPage","@id":"https:\/\/diariofemenino.com.ar\/df\/mapa-de-la-violencia-de-genero-en-la-argentina\/","url":"https:\/\/diariofemenino.com.ar\/df\/mapa-de-la-violencia-de-genero-en-la-argentina\/","name":"Mapa de la violencia de g\u00e9nero en la Argentina - Diario Digital Femenino","isPartOf":{"@id":"https:\/\/diariofemenino.com.ar\/df\/#website"},"primaryImageOfPage":{"@id":"https:\/\/diariofemenino.com.ar\/df\/mapa-de-la-violencia-de-genero-en-la-argentina\/#primaryimage"},"image":{"@id":"https:\/\/diariofemenino.com.ar\/df\/mapa-de-la-violencia-de-genero-en-la-argentina\/#primaryimage"},"thumbnailUrl":"","datePublished":"2012-08-15T18:17:08+00:00","breadcrumb":{"@id":"https:\/\/diariofemenino.com.ar\/df\/mapa-de-la-violencia-de-genero-en-la-argentina\/#breadcrumb"},"inLanguage":"es","potentialAction":[{"@type":"ReadAction","target":["https:\/\/diariofemenino.com.ar\/df\/mapa-de-la-violencia-de-genero-en-la-argentina\/"]}]},{"@type":"ImageObject","inLanguage":"es","@id":"https:\/\/diariofemenino.com.ar\/df\/mapa-de-la-violencia-de-genero-en-la-argentina\/#primaryimage","url":"","contentUrl":""},{"@type":"BreadcrumbList","@id":"https:\/\/diariofemenino.com.ar\/df\/mapa-de-la-violencia-de-genero-en-la-argentina\/#breadcrumb","itemListElement":[{"@type":"ListItem","position":1,"name":"Portada","item":"https:\/\/diariofemenino.com.ar\/df\/"},{"@type":"ListItem","position":2,"name":"Mapa de la violencia de g\u00e9nero en la Argentina"}]},{"@type":"WebSite","@id":"https:\/\/diariofemenino.com.ar\/df\/#website","url":"https:\/\/diariofemenino.com.ar\/df\/","name":"Diario Digital Femenino","description":"Cuesti\u00f3n de G\u00e9nero","publisher":{"@id":"https:\/\/diariofemenino.com.ar\/df\/#organization"},"potentialAction":[{"@type":"SearchAction","target":{"@type":"EntryPoint","urlTemplate":"https:\/\/diariofemenino.com.ar\/df\/?s={search_term_string}"},"query-input":{"@type":"PropertyValueSpecification","valueRequired":true,"valueName":"search_term_string"}}],"inLanguage":"es"},{"@type":"Organization","@id":"https:\/\/diariofemenino.com.ar\/df\/#organization","name":"Diario Femenino","url":"https:\/\/diariofemenino.com.ar\/df\/","logo":{"@type":"ImageObject","inLanguage":"es","@id":"https:\/\/diariofemenino.com.ar\/df\/#\/schema\/logo\/image\/","url":"https:\/\/diariofemenino.com.ar\/df\/wp-content\/uploads\/2018\/10\/logo.png","contentUrl":"https:\/\/diariofemenino.com.ar\/df\/wp-content\/uploads\/2018\/10\/logo.png","width":500,"height":92,"caption":"Diario Femenino"},"image":{"@id":"https:\/\/diariofemenino.com.ar\/df\/#\/schema\/logo\/image\/"},"sameAs":["https:\/\/www.facebook.com\/DiarioDigitaFemenino\/","https:\/\/x.com\/DiarioFemenino1"]},{"@type":"Person","@id":"https:\/\/diariofemenino.com.ar\/df\/#\/schema\/person\/38f54b3bfd13f561de2460ba95c169c6","name":"Admin","image":{"@type":"ImageObject","inLanguage":"es","@id":"https:\/\/diariofemenino.com.ar\/df\/wp-content\/uploads\/2018\/12\/favicon-150x150.jpg","url":"https:\/\/diariofemenino.com.ar\/df\/wp-content\/uploads\/2018\/12\/favicon-150x150.jpg","contentUrl":"https:\/\/diariofemenino.com.ar\/df\/wp-content\/uploads\/2018\/12\/favicon-150x150.jpg","caption":"Admin"},"url":"https:\/\/diariofemenino.com.ar\/df\/author\/adm18df\/"}]}},"jetpack_featured_media_url":"","jetpack_sharing_enabled":true,"rttpg_featured_image_url":null,"rttpg_author":{"display_name":"Admin","author_link":"https:\/\/diariofemenino.com.ar\/df\/author\/adm18df\/"},"rttpg_comment":0,"rttpg_category":"<a href=\"https:\/\/diariofemenino.com.ar\/df\/category\/medios\/\" rel=\"category tag\">Medios<\/a> <a href=\"https:\/\/diariofemenino.com.ar\/df\/category\/mujeres-sindicalistas\/\" rel=\"category tag\">Mujeres Sindicalistas<\/a>","rttpg_excerpt":"&nbsp; &nbsp; &nbsp; S.O.S. adolescentes: se debe prestar especial atenci\u00f3n y desarrollar pol\u00edticas respecto de las mujeres adolescentes y j\u00f3venes, que son el principal grupo de riesgo, tanto de homicidios como de suicidios y violaciones. Test de alcoholemia: el abuso de alcohol aparece explicando en buena medida diferentes formas de violencia de g\u00e9nero y exige&hellip;","_links":{"self":[{"href":"https:\/\/diariofemenino.com.ar\/df\/wp-json\/wp\/v2\/posts\/3112","targetHints":{"allow":["GET"]}}],"collection":[{"href":"https:\/\/diariofemenino.com.ar\/df\/wp-json\/wp\/v2\/posts"}],"about":[{"href":"https:\/\/diariofemenino.com.ar\/df\/wp-json\/wp\/v2\/types\/post"}],"author":[{"embeddable":true,"href":"https:\/\/diariofemenino.com.ar\/df\/wp-json\/wp\/v2\/users\/1"}],"replies":[{"embeddable":true,"href":"https:\/\/diariofemenino.com.ar\/df\/wp-json\/wp\/v2\/comments?post=3112"}],"version-history":[{"count":0,"href":"https:\/\/diariofemenino.com.ar\/df\/wp-json\/wp\/v2\/posts\/3112\/revisions"}],"wp:featuredmedia":[{"embeddable":true,"href":"https:\/\/diariofemenino.com.ar\/df\/wp-json\/"}],"wp:attachment":[{"href":"https:\/\/diariofemenino.com.ar\/df\/wp-json\/wp\/v2\/media?parent=3112"}],"wp:term":[{"taxonomy":"category","embeddable":true,"href":"https:\/\/diariofemenino.com.ar\/df\/wp-json\/wp\/v2\/categories?post=3112"},{"taxonomy":"post_tag","embeddable":true,"href":"https:\/\/diariofemenino.com.ar\/df\/wp-json\/wp\/v2\/tags?post=3112"}],"curies":[{"name":"wp","href":"https:\/\/api.w.org\/{rel}","templated":true}]}}