{"id":3110,"date":"2012-08-15T14:51:44","date_gmt":"2012-08-15T17:51:44","guid":{"rendered":"http:\/\/www.diariofemenino.com.ar\/?p=3110"},"modified":"2012-08-15T14:51:44","modified_gmt":"2012-08-15T17:51:44","slug":"onu-mujeres-se-congratula-de-la-primera-orden-de-reparaciones-decretada-por-la-corte-penal-internacional","status":"publish","type":"post","link":"https:\/\/diariofemenino.com.ar\/df\/onu-mujeres-se-congratula-de-la-primera-orden-de-reparaciones-decretada-por-la-corte-penal-internacional\/","title":{"rendered":"ONU Mujeres se congratula de la primera orden de reparaciones decretada por la Corte Penal Internacional"},"content":{"rendered":"<p>&nbsp;<br \/>\n&nbsp;<br \/>\n&nbsp;<br \/>\n<strong><em>La hist\u00f3rica decisi\u00f3n allana el camino para mejorar el acceso de las mujeres a la justicia en caso de delitos relacionados con los conflictos.<\/em><\/strong><br \/>\n<strong><em>Naciones Unidas, Nueva York Agosto 2012 <\/em><\/strong>\u2014 La resoluci\u00f3n tomada por la Corte Penal Internacional esta semana en el caso del ex comandante de las milicias congolesas, Thomas Lubanga, que ha sido condenado por cr\u00edmenes de guerra, refleja el creciente reconocimiento de la ley internacional de que la justicia debe de ir m\u00e1s all\u00e1 de los simples juicios donde se pone el \u00e9nfasis sobre los culpables, para dar un \u00e9nfasis igual a los derechos de las v\u00edctimas a un desagravio y una reparaci\u00f3n.<br \/>\nEs la primera vez que la CPI ha tomado una decisi\u00f3n en materia de reparaciones y ONU Mujeres se congratula que se haya incluido palabras particularmente claras sobre aspectos de la sensibilidad de g\u00e9nero y de la inclusi\u00f3n de las mujeres.<br \/>\nLa Directora Ejecutiva Adjunta de ONU Mujeres, Lakshmi Puri, dice que esta resoluci\u00f3n marca un precedente para las futuras decisiones de la Corte. \u201cEn tanto que mecanismo de justicia, las reparaciones son de particular importancia para las mujeres v\u00edctimas de los conflictos\u201d, dijo la Sra. Puri. \u201cLas reparaciones tienen el potencial de dar reconocimiento a los derechos de las mujeres como ciudadanas iguales, de reconocer el da\u00f1o que han sufrido, y de contribuir de manera concreta a la recuperaci\u00f3n de la v\u00edctima\u201d, a\u00f1adi\u00f3.<br \/>\nEn el pasado los programas de reparaciones tend\u00edan a marginar y excluir a las mujeres, que tienen que ser las principales beneficiarias. Los principios pronunciados por la CPI en el caso Lubanga contribuir\u00e1n de manera considerable a remediar algunas de estas deficiencias, en especial fortaleciendo el acceso de las mujeres a la justicia para los delitos relacionados con los conflictos.<br \/>\nLa decisi\u00f3n destaca en especial el imperativo de prestar una atenci\u00f3n particular a las necesidades de las supervivientes de delitos sexuales y de g\u00e9nero, destacando que \u201cla paridad de g\u00e9nero en todos los aspectos de las reparaciones es una meta importante de la Corte\u201d, y detalla recomendaciones innovadoras relacionadas con los obst\u00e1culos administrativos que encuentran las mujeres, como la obligaci\u00f3n de poseer documentos formales de identificaci\u00f3n.<br \/>\nMuchas de las recomendaciones de la Corte constituyen los cimientos de los esfuerzos de ONU Mujeres por apoyar y fortalecer los programas de reparaciones, y por garantizar que se ejecuten de manera de beneficiar a las mujeres.<br \/>\nONU Mujeres, conjuntamente con la Oficina del Alto Comisionado para los Derechos Humanos (OHCHR), est\u00e1 terminando en la actualidad las directrices en materia de reparaciones para las supervivientes de violencia sexual relacionada con un conflicto. Estas directrices se basar\u00e1n en los importantes principios establecidos por la Corte Penal Internacional y se har\u00e1 recomendaciones para ponerlos en pr\u00e1ctica. ONU Mujeres tambi\u00e9n est\u00e1 trabajando con el Programa de las Naciones Unidas para el Desarrollo (PNUD) para sensibilizar a los que trabajan en el desarrollo y en los procesos de justicia sobre las necesidades de las mujeres, y para instar a que se hagan reparaciones que tengan un impacto importante sobre las vidas de las v\u00edctimas, especialmente de las mujeres y las ni\u00f1as.<br \/>\n<strong>NOTA PARA LOS PERIODISTAS<\/strong><br \/>\nLa Entidad de las Naciones Unidas para la Igualdad de G\u00e9nero y el Empoderamiento de las Mujeres (ONU Mujeres) es el organismo de la ONU dedicado a la igualdad de g\u00e9nero y el empoderamiento de las mujeres. Defensora mundial de las mujeres y de las ni\u00f1as, ONU Mujeres fue creada para acelerar los progresos en colmar sus necesidades en todo el mundo. Creada por la Asamblea General de la ONU en julio de 2010, ONU Mujeres entr\u00f3 en operaciones el 1\u00ba de enero de 2011. ONU Mujeres apoya a los Estados Miembros de la ONU a la hora de establecer normas universales con el fin de lograr la igualdad de g\u00e9nero, y trabaja con los gobiernos y con la sociedad civil para establecer leyes, pol\u00edticas, programas y servicios necesarios para implementar dichas normas.<br \/>\nONU Mujeres defiende la participaci\u00f3n equitativa de las mujeres en todos los aspectos de la vida, centr\u00e1ndose en seis \u00e1reas prioritarias: aumentar el liderazgo y la participaci\u00f3n de las mujeres; erradicar la violencia contra las mujeres; hacer participar a las mujeres en todos los aspectos de los procesos de paz y de seguridad; mejorar el empoderamiento econ\u00f3mico de las mujeres; poner a la igualdad de g\u00e9nero en el centro de los planes y presupuestos nacionales de desarrollo; y aumentar la coordinaci\u00f3n y la rendici\u00f3n de cuentas en todo el sistema de la ONU en materia de igualdad de g\u00e9nero.<br \/>\nContacto para los medios: Mandy Kibel , +1 646 781-4522<br \/>\n<a href=\"mailto:mandy.kibel@unwomen.org\">mandy.kibel@unwomen.org<\/a> \u00a0<a href=\"mailto:mandy.kibel@unwomen.org\">mandy.kibel@unwomen.org<\/a><br \/>\nM\u00e1s informaci\u00f3n sobre ONU Mujeres en <a href=\"http:\/\/www.unwomen.org\">www.unwomen.org<\/a><br \/>\n&nbsp;<\/p>\n","protected":false},"excerpt":{"rendered":"<p>&nbsp; &nbsp; &nbsp; La hist\u00f3rica decisi\u00f3n allana el camino para mejorar el acceso de las mujeres a la justicia en caso de delitos relacionados con los conflictos. Naciones Unidas, Nueva York Agosto 2012 \u2014 La resoluci\u00f3n tomada por la Corte Penal Internacional esta semana en el caso del ex comandante de las milicias congolesas, Thomas [&hellip;]<\/p>\n","protected":false},"author":1,"featured_media":0,"comment_status":"open","ping_status":"open","sticky":false,"template":"","format":"standard","meta":{"iawp_total_views":2,"footnotes":""},"categories":[3,4,21],"tags":[],"class_list":["post-3110","post","type-post","status-publish","format-standard","hentry","category-de-la-revolucion-al-reaprendizaje","category-medios","category-noticias"],"nelio_content":{"autoShareEndMode":"never","automationSources":{"useCustomSentences":false,"customSentences":[]},"efiAlt":"","efiUrl":"","followers":[],"highlights":[],"isAutoShareEnabled":true,"networkImageIds":[],"permalinkQueryArgs":[],"series":[],"suggestedReferences":[]},"yoast_head":"<!-- This site is optimized with the Yoast SEO plugin v27.4 - https:\/\/yoast.com\/product\/yoast-seo-wordpress\/ -->\n<title>ONU Mujeres se congratula de la primera orden de reparaciones decretada por la Corte Penal Internacional - Diario Digital Femenino<\/title>\n<meta name=\"robots\" content=\"index, follow, max-snippet:-1, max-image-preview:large, max-video-preview:-1\" \/>\n<link rel=\"canonical\" href=\"https:\/\/diariofemenino.com.ar\/df\/onu-mujeres-se-congratula-de-la-primera-orden-de-reparaciones-decretada-por-la-corte-penal-internacional\/\" \/>\n<meta property=\"og:locale\" content=\"es_ES\" \/>\n<meta property=\"og:type\" content=\"article\" \/>\n<meta property=\"og:title\" content=\"ONU Mujeres se congratula de la primera orden de reparaciones decretada por la Corte Penal Internacional - Diario Digital Femenino\" \/>\n<meta property=\"og:description\" content=\"&nbsp; &nbsp; &nbsp; La hist\u00f3rica decisi\u00f3n allana el camino para mejorar el acceso de las mujeres a la justicia en caso de delitos relacionados con los conflictos. Naciones Unidas, Nueva York Agosto 2012 \u2014 La resoluci\u00f3n tomada por la Corte Penal Internacional esta semana en el caso del ex comandante de las milicias congolesas, Thomas [&hellip;]\" \/>\n<meta property=\"og:url\" content=\"https:\/\/diariofemenino.com.ar\/df\/onu-mujeres-se-congratula-de-la-primera-orden-de-reparaciones-decretada-por-la-corte-penal-internacional\/\" \/>\n<meta property=\"og:site_name\" content=\"Diario Digital Femenino\" \/>\n<meta property=\"article:publisher\" content=\"https:\/\/www.facebook.com\/DiarioDigitaFemenino\/\" \/>\n<meta property=\"article:published_time\" content=\"2012-08-15T17:51:44+00:00\" \/>\n<meta property=\"og:image\" content=\"https:\/\/diariofemenino.com.ar\/df\/wp-content\/uploads\/2016\/10\/logo-negro.png\" \/>\n\t<meta property=\"og:image:width\" content=\"855\" \/>\n\t<meta property=\"og:image:height\" content=\"319\" \/>\n\t<meta property=\"og:image:type\" content=\"image\/png\" \/>\n<meta name=\"author\" content=\"Admin\" \/>\n<meta name=\"twitter:card\" content=\"summary_large_image\" \/>\n<meta name=\"twitter:creator\" content=\"@DiarioFemenino1\" \/>\n<meta name=\"twitter:site\" content=\"@DiarioFemenino1\" \/>\n<meta name=\"twitter:label1\" content=\"Escrito por\" \/>\n\t<meta name=\"twitter:data1\" content=\"Admin\" \/>\n\t<meta name=\"twitter:label2\" content=\"Tiempo de lectura\" \/>\n\t<meta name=\"twitter:data2\" content=\"4 minutos\" \/>\n<script type=\"application\/ld+json\" class=\"yoast-schema-graph\">{\"@context\":\"https:\\\/\\\/schema.org\",\"@graph\":[{\"@type\":\"Article\",\"@id\":\"https:\\\/\\\/diariofemenino.com.ar\\\/df\\\/onu-mujeres-se-congratula-de-la-primera-orden-de-reparaciones-decretada-por-la-corte-penal-internacional\\\/#article\",\"isPartOf\":{\"@id\":\"https:\\\/\\\/diariofemenino.com.ar\\\/df\\\/onu-mujeres-se-congratula-de-la-primera-orden-de-reparaciones-decretada-por-la-corte-penal-internacional\\\/\"},\"author\":{\"name\":\"Admin\",\"@id\":\"https:\\\/\\\/diariofemenino.com.ar\\\/df\\\/#\\\/schema\\\/person\\\/38f54b3bfd13f561de2460ba95c169c6\"},\"headline\":\"ONU Mujeres se congratula de la primera orden de reparaciones decretada por la Corte Penal Internacional\",\"datePublished\":\"2012-08-15T17:51:44+00:00\",\"mainEntityOfPage\":{\"@id\":\"https:\\\/\\\/diariofemenino.com.ar\\\/df\\\/onu-mujeres-se-congratula-de-la-primera-orden-de-reparaciones-decretada-por-la-corte-penal-internacional\\\/\"},\"wordCount\":834,\"commentCount\":0,\"publisher\":{\"@id\":\"https:\\\/\\\/diariofemenino.com.ar\\\/df\\\/#organization\"},\"articleSection\":[\"De la Revoluci\u00f3n al Reaprendizaje\",\"Medios\",\"Noticias\"],\"inLanguage\":\"es\",\"potentialAction\":[{\"@type\":\"CommentAction\",\"name\":\"Comment\",\"target\":[\"https:\\\/\\\/diariofemenino.com.ar\\\/df\\\/onu-mujeres-se-congratula-de-la-primera-orden-de-reparaciones-decretada-por-la-corte-penal-internacional\\\/#respond\"]}]},{\"@type\":\"WebPage\",\"@id\":\"https:\\\/\\\/diariofemenino.com.ar\\\/df\\\/onu-mujeres-se-congratula-de-la-primera-orden-de-reparaciones-decretada-por-la-corte-penal-internacional\\\/\",\"url\":\"https:\\\/\\\/diariofemenino.com.ar\\\/df\\\/onu-mujeres-se-congratula-de-la-primera-orden-de-reparaciones-decretada-por-la-corte-penal-internacional\\\/\",\"name\":\"ONU Mujeres se congratula de la primera orden de reparaciones decretada por la Corte Penal Internacional - Diario Digital Femenino\",\"isPartOf\":{\"@id\":\"https:\\\/\\\/diariofemenino.com.ar\\\/df\\\/#website\"},\"datePublished\":\"2012-08-15T17:51:44+00:00\",\"breadcrumb\":{\"@id\":\"https:\\\/\\\/diariofemenino.com.ar\\\/df\\\/onu-mujeres-se-congratula-de-la-primera-orden-de-reparaciones-decretada-por-la-corte-penal-internacional\\\/#breadcrumb\"},\"inLanguage\":\"es\",\"potentialAction\":[{\"@type\":\"ReadAction\",\"target\":[\"https:\\\/\\\/diariofemenino.com.ar\\\/df\\\/onu-mujeres-se-congratula-de-la-primera-orden-de-reparaciones-decretada-por-la-corte-penal-internacional\\\/\"]}]},{\"@type\":\"BreadcrumbList\",\"@id\":\"https:\\\/\\\/diariofemenino.com.ar\\\/df\\\/onu-mujeres-se-congratula-de-la-primera-orden-de-reparaciones-decretada-por-la-corte-penal-internacional\\\/#breadcrumb\",\"itemListElement\":[{\"@type\":\"ListItem\",\"position\":1,\"name\":\"Portada\",\"item\":\"https:\\\/\\\/diariofemenino.com.ar\\\/df\\\/\"},{\"@type\":\"ListItem\",\"position\":2,\"name\":\"ONU Mujeres se congratula de la primera orden de reparaciones decretada por la Corte Penal Internacional\"}]},{\"@type\":\"WebSite\",\"@id\":\"https:\\\/\\\/diariofemenino.com.ar\\\/df\\\/#website\",\"url\":\"https:\\\/\\\/diariofemenino.com.ar\\\/df\\\/\",\"name\":\"Diario Digital Femenino\",\"description\":\"Cuesti\u00f3n de G\u00e9nero\",\"publisher\":{\"@id\":\"https:\\\/\\\/diariofemenino.com.ar\\\/df\\\/#organization\"},\"potentialAction\":[{\"@type\":\"SearchAction\",\"target\":{\"@type\":\"EntryPoint\",\"urlTemplate\":\"https:\\\/\\\/diariofemenino.com.ar\\\/df\\\/?s={search_term_string}\"},\"query-input\":{\"@type\":\"PropertyValueSpecification\",\"valueRequired\":true,\"valueName\":\"search_term_string\"}}],\"inLanguage\":\"es\"},{\"@type\":\"Organization\",\"@id\":\"https:\\\/\\\/diariofemenino.com.ar\\\/df\\\/#organization\",\"name\":\"Diario Femenino\",\"url\":\"https:\\\/\\\/diariofemenino.com.ar\\\/df\\\/\",\"logo\":{\"@type\":\"ImageObject\",\"inLanguage\":\"es\",\"@id\":\"https:\\\/\\\/diariofemenino.com.ar\\\/df\\\/#\\\/schema\\\/logo\\\/image\\\/\",\"url\":\"https:\\\/\\\/diariofemenino.com.ar\\\/df\\\/wp-content\\\/uploads\\\/2018\\\/10\\\/logo.png\",\"contentUrl\":\"https:\\\/\\\/diariofemenino.com.ar\\\/df\\\/wp-content\\\/uploads\\\/2018\\\/10\\\/logo.png\",\"width\":500,\"height\":92,\"caption\":\"Diario Femenino\"},\"image\":{\"@id\":\"https:\\\/\\\/diariofemenino.com.ar\\\/df\\\/#\\\/schema\\\/logo\\\/image\\\/\"},\"sameAs\":[\"https:\\\/\\\/www.facebook.com\\\/DiarioDigitaFemenino\\\/\",\"https:\\\/\\\/x.com\\\/DiarioFemenino1\"]},{\"@type\":\"Person\",\"@id\":\"https:\\\/\\\/diariofemenino.com.ar\\\/df\\\/#\\\/schema\\\/person\\\/38f54b3bfd13f561de2460ba95c169c6\",\"name\":\"Admin\",\"image\":{\"@type\":\"ImageObject\",\"inLanguage\":\"es\",\"@id\":\"https:\\\/\\\/diariofemenino.com.ar\\\/df\\\/wp-content\\\/uploads\\\/2018\\\/12\\\/favicon-150x150.jpg\",\"url\":\"https:\\\/\\\/diariofemenino.com.ar\\\/df\\\/wp-content\\\/uploads\\\/2018\\\/12\\\/favicon-150x150.jpg\",\"contentUrl\":\"https:\\\/\\\/diariofemenino.com.ar\\\/df\\\/wp-content\\\/uploads\\\/2018\\\/12\\\/favicon-150x150.jpg\",\"caption\":\"Admin\"},\"url\":\"https:\\\/\\\/diariofemenino.com.ar\\\/df\\\/author\\\/adm18df\\\/\"}]}<\/script>\n<!-- \/ Yoast SEO plugin. -->","yoast_head_json":{"title":"ONU Mujeres se congratula de la primera orden de reparaciones decretada por la Corte Penal Internacional - Diario Digital Femenino","robots":{"index":"index","follow":"follow","max-snippet":"max-snippet:-1","max-image-preview":"max-image-preview:large","max-video-preview":"max-video-preview:-1"},"canonical":"https:\/\/diariofemenino.com.ar\/df\/onu-mujeres-se-congratula-de-la-primera-orden-de-reparaciones-decretada-por-la-corte-penal-internacional\/","og_locale":"es_ES","og_type":"article","og_title":"ONU Mujeres se congratula de la primera orden de reparaciones decretada por la Corte Penal Internacional - Diario Digital Femenino","og_description":"&nbsp; &nbsp; &nbsp; La hist\u00f3rica decisi\u00f3n allana el camino para mejorar el acceso de las mujeres a la justicia en caso de delitos relacionados con los conflictos. Naciones Unidas, Nueva York Agosto 2012 \u2014 La resoluci\u00f3n tomada por la Corte Penal Internacional esta semana en el caso del ex comandante de las milicias congolesas, Thomas [&hellip;]","og_url":"https:\/\/diariofemenino.com.ar\/df\/onu-mujeres-se-congratula-de-la-primera-orden-de-reparaciones-decretada-por-la-corte-penal-internacional\/","og_site_name":"Diario Digital Femenino","article_publisher":"https:\/\/www.facebook.com\/DiarioDigitaFemenino\/","article_published_time":"2012-08-15T17:51:44+00:00","og_image":[{"width":855,"height":319,"url":"https:\/\/diariofemenino.com.ar\/df\/wp-content\/uploads\/2016\/10\/logo-negro.png","type":"image\/png"}],"author":"Admin","twitter_card":"summary_large_image","twitter_creator":"@DiarioFemenino1","twitter_site":"@DiarioFemenino1","twitter_misc":{"Escrito por":"Admin","Tiempo de lectura":"4 minutos"},"schema":{"@context":"https:\/\/schema.org","@graph":[{"@type":"Article","@id":"https:\/\/diariofemenino.com.ar\/df\/onu-mujeres-se-congratula-de-la-primera-orden-de-reparaciones-decretada-por-la-corte-penal-internacional\/#article","isPartOf":{"@id":"https:\/\/diariofemenino.com.ar\/df\/onu-mujeres-se-congratula-de-la-primera-orden-de-reparaciones-decretada-por-la-corte-penal-internacional\/"},"author":{"name":"Admin","@id":"https:\/\/diariofemenino.com.ar\/df\/#\/schema\/person\/38f54b3bfd13f561de2460ba95c169c6"},"headline":"ONU Mujeres se congratula de la primera orden de reparaciones decretada por la Corte Penal Internacional","datePublished":"2012-08-15T17:51:44+00:00","mainEntityOfPage":{"@id":"https:\/\/diariofemenino.com.ar\/df\/onu-mujeres-se-congratula-de-la-primera-orden-de-reparaciones-decretada-por-la-corte-penal-internacional\/"},"wordCount":834,"commentCount":0,"publisher":{"@id":"https:\/\/diariofemenino.com.ar\/df\/#organization"},"articleSection":["De la Revoluci\u00f3n al Reaprendizaje","Medios","Noticias"],"inLanguage":"es","potentialAction":[{"@type":"CommentAction","name":"Comment","target":["https:\/\/diariofemenino.com.ar\/df\/onu-mujeres-se-congratula-de-la-primera-orden-de-reparaciones-decretada-por-la-corte-penal-internacional\/#respond"]}]},{"@type":"WebPage","@id":"https:\/\/diariofemenino.com.ar\/df\/onu-mujeres-se-congratula-de-la-primera-orden-de-reparaciones-decretada-por-la-corte-penal-internacional\/","url":"https:\/\/diariofemenino.com.ar\/df\/onu-mujeres-se-congratula-de-la-primera-orden-de-reparaciones-decretada-por-la-corte-penal-internacional\/","name":"ONU Mujeres se congratula de la primera orden de reparaciones decretada por la Corte Penal Internacional - Diario Digital Femenino","isPartOf":{"@id":"https:\/\/diariofemenino.com.ar\/df\/#website"},"datePublished":"2012-08-15T17:51:44+00:00","breadcrumb":{"@id":"https:\/\/diariofemenino.com.ar\/df\/onu-mujeres-se-congratula-de-la-primera-orden-de-reparaciones-decretada-por-la-corte-penal-internacional\/#breadcrumb"},"inLanguage":"es","potentialAction":[{"@type":"ReadAction","target":["https:\/\/diariofemenino.com.ar\/df\/onu-mujeres-se-congratula-de-la-primera-orden-de-reparaciones-decretada-por-la-corte-penal-internacional\/"]}]},{"@type":"BreadcrumbList","@id":"https:\/\/diariofemenino.com.ar\/df\/onu-mujeres-se-congratula-de-la-primera-orden-de-reparaciones-decretada-por-la-corte-penal-internacional\/#breadcrumb","itemListElement":[{"@type":"ListItem","position":1,"name":"Portada","item":"https:\/\/diariofemenino.com.ar\/df\/"},{"@type":"ListItem","position":2,"name":"ONU Mujeres se congratula de la primera orden de reparaciones decretada por la Corte Penal Internacional"}]},{"@type":"WebSite","@id":"https:\/\/diariofemenino.com.ar\/df\/#website","url":"https:\/\/diariofemenino.com.ar\/df\/","name":"Diario Digital Femenino","description":"Cuesti\u00f3n de G\u00e9nero","publisher":{"@id":"https:\/\/diariofemenino.com.ar\/df\/#organization"},"potentialAction":[{"@type":"SearchAction","target":{"@type":"EntryPoint","urlTemplate":"https:\/\/diariofemenino.com.ar\/df\/?s={search_term_string}"},"query-input":{"@type":"PropertyValueSpecification","valueRequired":true,"valueName":"search_term_string"}}],"inLanguage":"es"},{"@type":"Organization","@id":"https:\/\/diariofemenino.com.ar\/df\/#organization","name":"Diario Femenino","url":"https:\/\/diariofemenino.com.ar\/df\/","logo":{"@type":"ImageObject","inLanguage":"es","@id":"https:\/\/diariofemenino.com.ar\/df\/#\/schema\/logo\/image\/","url":"https:\/\/diariofemenino.com.ar\/df\/wp-content\/uploads\/2018\/10\/logo.png","contentUrl":"https:\/\/diariofemenino.com.ar\/df\/wp-content\/uploads\/2018\/10\/logo.png","width":500,"height":92,"caption":"Diario Femenino"},"image":{"@id":"https:\/\/diariofemenino.com.ar\/df\/#\/schema\/logo\/image\/"},"sameAs":["https:\/\/www.facebook.com\/DiarioDigitaFemenino\/","https:\/\/x.com\/DiarioFemenino1"]},{"@type":"Person","@id":"https:\/\/diariofemenino.com.ar\/df\/#\/schema\/person\/38f54b3bfd13f561de2460ba95c169c6","name":"Admin","image":{"@type":"ImageObject","inLanguage":"es","@id":"https:\/\/diariofemenino.com.ar\/df\/wp-content\/uploads\/2018\/12\/favicon-150x150.jpg","url":"https:\/\/diariofemenino.com.ar\/df\/wp-content\/uploads\/2018\/12\/favicon-150x150.jpg","contentUrl":"https:\/\/diariofemenino.com.ar\/df\/wp-content\/uploads\/2018\/12\/favicon-150x150.jpg","caption":"Admin"},"url":"https:\/\/diariofemenino.com.ar\/df\/author\/adm18df\/"}]}},"jetpack_featured_media_url":"","jetpack_sharing_enabled":true,"rttpg_featured_image_url":null,"rttpg_author":{"display_name":"Admin","author_link":"https:\/\/diariofemenino.com.ar\/df\/author\/adm18df\/"},"rttpg_comment":0,"rttpg_category":"<a href=\"https:\/\/diariofemenino.com.ar\/df\/category\/de-la-revolucion-al-reaprendizaje\/\" rel=\"category tag\">De la Revoluci\u00f3n al Reaprendizaje<\/a> <a href=\"https:\/\/diariofemenino.com.ar\/df\/category\/medios\/\" rel=\"category tag\">Medios<\/a> <a href=\"https:\/\/diariofemenino.com.ar\/df\/category\/noticias\/\" rel=\"category tag\">Noticias<\/a>","rttpg_excerpt":"&nbsp; &nbsp; &nbsp; La hist\u00f3rica decisi\u00f3n allana el camino para mejorar el acceso de las mujeres a la justicia en caso de delitos relacionados con los conflictos. Naciones Unidas, Nueva York Agosto 2012 \u2014 La resoluci\u00f3n tomada por la Corte Penal Internacional esta semana en el caso del ex comandante de las milicias congolesas, Thomas&hellip;","_links":{"self":[{"href":"https:\/\/diariofemenino.com.ar\/df\/wp-json\/wp\/v2\/posts\/3110","targetHints":{"allow":["GET"]}}],"collection":[{"href":"https:\/\/diariofemenino.com.ar\/df\/wp-json\/wp\/v2\/posts"}],"about":[{"href":"https:\/\/diariofemenino.com.ar\/df\/wp-json\/wp\/v2\/types\/post"}],"author":[{"embeddable":true,"href":"https:\/\/diariofemenino.com.ar\/df\/wp-json\/wp\/v2\/users\/1"}],"replies":[{"embeddable":true,"href":"https:\/\/diariofemenino.com.ar\/df\/wp-json\/wp\/v2\/comments?post=3110"}],"version-history":[{"count":0,"href":"https:\/\/diariofemenino.com.ar\/df\/wp-json\/wp\/v2\/posts\/3110\/revisions"}],"wp:attachment":[{"href":"https:\/\/diariofemenino.com.ar\/df\/wp-json\/wp\/v2\/media?parent=3110"}],"wp:term":[{"taxonomy":"category","embeddable":true,"href":"https:\/\/diariofemenino.com.ar\/df\/wp-json\/wp\/v2\/categories?post=3110"},{"taxonomy":"post_tag","embeddable":true,"href":"https:\/\/diariofemenino.com.ar\/df\/wp-json\/wp\/v2\/tags?post=3110"}],"curies":[{"name":"wp","href":"https:\/\/api.w.org\/{rel}","templated":true}]}}