{"id":30927,"date":"2019-01-22T18:36:49","date_gmt":"2019-01-22T21:36:49","guid":{"rendered":"https:\/\/diariofemenino.com.ar\/?p=30927"},"modified":"2019-01-22T18:36:49","modified_gmt":"2019-01-22T21:36:49","slug":"primeros-pasos-inclusion-del-enfoque-de-genero-en-educacion-inicial-para-descargar","status":"publish","type":"post","link":"https:\/\/diariofemenino.com.ar\/df\/primeros-pasos-inclusion-del-enfoque-de-genero-en-educacion-inicial-para-descargar\/","title":{"rendered":"Primeros pasos. Inclusi\u00f3n del enfoque de g\u00e9nero en educaci\u00f3n inicial &#8211; Para descargar"},"content":{"rendered":"<p><strong>Presentaci\u00f3n<\/strong><\/p>\n<p><span style=\"color: #808080;\">(descargar en Portada)<\/span><\/p>\n<p><a href=\"https:\/\/diariofemenino.com.ar\/df\/wp-content\/uploads\/2019\/01\/primeros-pasos-inclusion-del-enfoque-de-genero-en-educacion-inicial-INMUJERES.pdf\"><img loading=\"lazy\" decoding=\"async\" class=\"alignleft size-full wp-image-30930\" src=\"https:\/\/diariofemenino.com.ar\/df\/wp-content\/uploads\/2019\/01\/primeros-pasos.jpg\" alt=\"\" width=\"372\" height=\"528\" srcset=\"https:\/\/diariofemenino.com.ar\/df\/wp-content\/uploads\/2019\/01\/primeros-pasos.jpg 372w, https:\/\/diariofemenino.com.ar\/df\/wp-content\/uploads\/2019\/01\/primeros-pasos-211x300.jpg 211w\" sizes=\"auto, (max-width: 372px) 100vw, 372px\" \/><\/a>El Instituto Nacional de las Mujeres del\u00a0Ministerio de Desarrollo Social (Uruguay) presenta\u00a0el Manual para docentes, educadoras y\u00a0educadores. Primeros pasos. Este material\u00a0aborda el desaf\u00edo de incluir la perspectiva\u00a0de g\u00e9nero en la educaci\u00f3n inicial de ni\u00f1os\u00a0y ni\u00f1as con el objetivo de avanzar hacia\u00a0una pedagog\u00eda no discriminatoria.<\/p>\n<p>Este manual se elabora en el marco de\u00a0la implementaci\u00f3n de pol\u00edticas p\u00fablicas\u00a0fundamentales para el desarrollo del<br \/>\npa\u00eds, como es el caso de las pol\u00edticas de\u00a0educaci\u00f3n. As\u00ed fueron consignadas en\u00a0el Primer Plan Nacional de Igualdad de<br \/>\nOportunidades y Derechos en sus l\u00edneas\u00a0estrat\u00e9gicas para la igualdad.<\/p>\n<p>Las acciones que desarrolla el Instituto\u00a0Nacional de las Mujeres buscan incorporar la perspectiva de g\u00e9nero en la<br \/>\neducaci\u00f3n, revertir las desigualdades por\u00a0razones de g\u00e9nero en el sistema educativo\u00a0y promover pr\u00e1cticas educativas tendientes a combatir los estereotipos y la discriminaci\u00f3n, as\u00ed como elaborar propuestas\u00a0educativas que fomenten cambios en las\u00a0relaciones de g\u00e9nero dominantes, con el\u00a0convencimiento de que esto nos har\u00e1 una\u00a0sociedad mejor.<\/p>\n<p>Est\u00e1 dirigido a todas aquellas personas\u00a0que trabajan en el campo de la educaci\u00f3n, especialmente a quienes trabajan\u00a0con ni\u00f1os y ni\u00f1as en sus primeros a\u00f1os\u00a0de vida. Tambi\u00e9n ser\u00e1 de utilidad para\u00a0personas que participan en otros espacios de socializaci\u00f3n de ni\u00f1os y ni\u00f1as.<\/p>\n<p>El contenido del manual presenta el marco conceptual de derechos y g\u00e9nero desde\u00a0el que partimos; problematiza la tarea\u00a0y la pr\u00e1ctica cotidiana de educadores y\u00a0educadoras como forma de avanzar hacia\u00a0una pedagog\u00eda m\u00e1s inclusiva y nos invita\u00a0a repensar la funci\u00f3n e importancia del\u00a0centro educativo de primera infancia en la\u00a0comunidad.<\/p>\n<p>Este trabajo tambi\u00e9n busca contribuir\u00a0al reconocimiento, integraci\u00f3n y respeto de los diferentes arreglos familiares<br \/>\ndesde la pr\u00e1ctica educativa en primera\u00a0infancia y promover sujetos m\u00e1s libres de\u00a0condicionamientos hist\u00f3ricos y cr\u00edticos\u00a0de los determinismos sexistas. Para eso\u00a0es fundamental incorporar esta mirada\u00a0desde los primeros pasos, en el proceso\u00a0de aprendizaje, en los juegos, en las experiencias con el mundo&#8230;<\/p>\n<p>Por \u00faltimo, el manual sugiere instrumentos y materiales did\u00e1cticos para la tarea\u00a0cotidiana de educadores y educadoras\u00a0en los distintos momentos de ense\u00f1anza,\u00a0para el trabajo en equipo, as\u00ed como para la\u00a0interacci\u00f3n con las familias y la comunidad.<\/p>\n","protected":false},"excerpt":{"rendered":"<p>Presentaci\u00f3n (descargar en Portada) El Instituto Nacional de las Mujeres del\u00a0Ministerio de Desarrollo Social (Uruguay) presenta\u00a0el Manual para docentes, educadoras y\u00a0educadores. Primeros pasos. Este material\u00a0aborda el desaf\u00edo de incluir la perspectiva\u00a0de g\u00e9nero en la educaci\u00f3n inicial de ni\u00f1os\u00a0y ni\u00f1as con el objetivo de avanzar hacia\u00a0una pedagog\u00eda no discriminatoria. Este manual se elabora en el marco [&hellip;]<\/p>\n","protected":false},"author":4,"featured_media":30931,"comment_status":"open","ping_status":"open","sticky":false,"template":"","format":"standard","meta":{"iawp_total_views":132,"footnotes":""},"categories":[19],"tags":[],"class_list":["post-30927","post","type-post","status-publish","format-standard","has-post-thumbnail","hentry","category-biblioteca"],"nelio_content":{"autoShareEndMode":"never","automationSources":{"useCustomSentences":false,"customSentences":[]},"efiAlt":"","efiUrl":"","followers":[4],"highlights":[],"isAutoShareEnabled":true,"networkImageIds":[],"permalinkQueryArgs":[],"series":[],"suggestedReferences":[]},"yoast_head":"<!-- This site is optimized with the Yoast SEO plugin v27.5 - https:\/\/yoast.com\/product\/yoast-seo-wordpress\/ -->\n<title>Primeros pasos. Inclusi\u00f3n del enfoque de g\u00e9nero en educaci\u00f3n inicial - Para descargar - Diario Digital Femenino<\/title>\n<meta name=\"description\" content=\"Primeros pasos. Inclusi\u00f3n del enfoque de g\u00e9nero en educaci\u00f3n inicial - Manual para docentes, educadoras y\u00a0educadores. Para descargar\" \/>\n<meta name=\"robots\" content=\"index, follow, max-snippet:-1, max-image-preview:large, max-video-preview:-1\" \/>\n<link rel=\"canonical\" href=\"https:\/\/diariofemenino.com.ar\/df\/primeros-pasos-inclusion-del-enfoque-de-genero-en-educacion-inicial-para-descargar\/\" \/>\n<meta property=\"og:locale\" content=\"es_ES\" \/>\n<meta property=\"og:type\" content=\"article\" \/>\n<meta property=\"og:title\" content=\"Primeros pasos. Inclusi\u00f3n del enfoque de g\u00e9nero en educaci\u00f3n inicial - Para descargar - Diario Digital Femenino\" \/>\n<meta property=\"og:description\" content=\"Primeros pasos. Inclusi\u00f3n del enfoque de g\u00e9nero en educaci\u00f3n inicial - Manual para docentes, educadoras y\u00a0educadores. Para descargar\" \/>\n<meta property=\"og:url\" content=\"https:\/\/diariofemenino.com.ar\/df\/primeros-pasos-inclusion-del-enfoque-de-genero-en-educacion-inicial-para-descargar\/\" \/>\n<meta property=\"og:site_name\" content=\"Diario Digital Femenino\" \/>\n<meta property=\"article:publisher\" content=\"https:\/\/www.facebook.com\/DiarioDigitaFemenino\/\" \/>\n<meta property=\"article:published_time\" content=\"2019-01-22T21:36:49+00:00\" \/>\n<meta property=\"og:image\" content=\"https:\/\/diariofemenino.com.ar\/df\/wp-content\/uploads\/2019\/01\/primeros-pasos1.jpg\" \/>\n\t<meta property=\"og:image:width\" content=\"558\" \/>\n\t<meta property=\"og:image:height\" content=\"375\" \/>\n\t<meta property=\"og:image:type\" content=\"image\/jpeg\" \/>\n<meta name=\"author\" content=\"Admin\" \/>\n<meta name=\"twitter:card\" content=\"summary_large_image\" \/>\n<meta name=\"twitter:creator\" content=\"@DiarioFemenino1\" \/>\n<meta name=\"twitter:site\" content=\"@DiarioFemenino1\" \/>\n<meta name=\"twitter:label1\" content=\"Escrito por\" \/>\n\t<meta name=\"twitter:data1\" content=\"Admin\" \/>\n\t<meta name=\"twitter:label2\" content=\"Tiempo de lectura\" \/>\n\t<meta name=\"twitter:data2\" content=\"2 minutos\" \/>\n<script type=\"application\/ld+json\" class=\"yoast-schema-graph\">{\"@context\":\"https:\\\/\\\/schema.org\",\"@graph\":[{\"@type\":\"Article\",\"@id\":\"https:\\\/\\\/diariofemenino.com.ar\\\/df\\\/primeros-pasos-inclusion-del-enfoque-de-genero-en-educacion-inicial-para-descargar\\\/#article\",\"isPartOf\":{\"@id\":\"https:\\\/\\\/diariofemenino.com.ar\\\/df\\\/primeros-pasos-inclusion-del-enfoque-de-genero-en-educacion-inicial-para-descargar\\\/\"},\"author\":{\"name\":\"Admin\",\"@id\":\"https:\\\/\\\/diariofemenino.com.ar\\\/df\\\/#\\\/schema\\\/person\\\/bf6199e8158c657ea6f789b11ec85509\"},\"headline\":\"Primeros pasos. Inclusi\u00f3n del enfoque de g\u00e9nero en educaci\u00f3n inicial &#8211; Para descargar\",\"datePublished\":\"2019-01-22T21:36:49+00:00\",\"mainEntityOfPage\":{\"@id\":\"https:\\\/\\\/diariofemenino.com.ar\\\/df\\\/primeros-pasos-inclusion-del-enfoque-de-genero-en-educacion-inicial-para-descargar\\\/\"},\"wordCount\":429,\"commentCount\":0,\"publisher\":{\"@id\":\"https:\\\/\\\/diariofemenino.com.ar\\\/df\\\/#organization\"},\"image\":{\"@id\":\"https:\\\/\\\/diariofemenino.com.ar\\\/df\\\/primeros-pasos-inclusion-del-enfoque-de-genero-en-educacion-inicial-para-descargar\\\/#primaryimage\"},\"thumbnailUrl\":\"https:\\\/\\\/diariofemenino.com.ar\\\/df\\\/wp-content\\\/uploads\\\/2019\\\/01\\\/primeros-pasos1.jpg\",\"articleSection\":[\"Biblioteca Virtual\"],\"inLanguage\":\"es\",\"potentialAction\":[{\"@type\":\"CommentAction\",\"name\":\"Comment\",\"target\":[\"https:\\\/\\\/diariofemenino.com.ar\\\/df\\\/primeros-pasos-inclusion-del-enfoque-de-genero-en-educacion-inicial-para-descargar\\\/#respond\"]}]},{\"@type\":\"WebPage\",\"@id\":\"https:\\\/\\\/diariofemenino.com.ar\\\/df\\\/primeros-pasos-inclusion-del-enfoque-de-genero-en-educacion-inicial-para-descargar\\\/\",\"url\":\"https:\\\/\\\/diariofemenino.com.ar\\\/df\\\/primeros-pasos-inclusion-del-enfoque-de-genero-en-educacion-inicial-para-descargar\\\/\",\"name\":\"Primeros pasos. Inclusi\u00f3n del enfoque de g\u00e9nero en educaci\u00f3n inicial - Para descargar - Diario Digital Femenino\",\"isPartOf\":{\"@id\":\"https:\\\/\\\/diariofemenino.com.ar\\\/df\\\/#website\"},\"primaryImageOfPage\":{\"@id\":\"https:\\\/\\\/diariofemenino.com.ar\\\/df\\\/primeros-pasos-inclusion-del-enfoque-de-genero-en-educacion-inicial-para-descargar\\\/#primaryimage\"},\"image\":{\"@id\":\"https:\\\/\\\/diariofemenino.com.ar\\\/df\\\/primeros-pasos-inclusion-del-enfoque-de-genero-en-educacion-inicial-para-descargar\\\/#primaryimage\"},\"thumbnailUrl\":\"https:\\\/\\\/diariofemenino.com.ar\\\/df\\\/wp-content\\\/uploads\\\/2019\\\/01\\\/primeros-pasos1.jpg\",\"datePublished\":\"2019-01-22T21:36:49+00:00\",\"description\":\"Primeros pasos. Inclusi\u00f3n del enfoque de g\u00e9nero en educaci\u00f3n inicial - Manual para docentes, educadoras y\u00a0educadores. Para descargar\",\"breadcrumb\":{\"@id\":\"https:\\\/\\\/diariofemenino.com.ar\\\/df\\\/primeros-pasos-inclusion-del-enfoque-de-genero-en-educacion-inicial-para-descargar\\\/#breadcrumb\"},\"inLanguage\":\"es\",\"potentialAction\":[{\"@type\":\"ReadAction\",\"target\":[\"https:\\\/\\\/diariofemenino.com.ar\\\/df\\\/primeros-pasos-inclusion-del-enfoque-de-genero-en-educacion-inicial-para-descargar\\\/\"]}]},{\"@type\":\"ImageObject\",\"inLanguage\":\"es\",\"@id\":\"https:\\\/\\\/diariofemenino.com.ar\\\/df\\\/primeros-pasos-inclusion-del-enfoque-de-genero-en-educacion-inicial-para-descargar\\\/#primaryimage\",\"url\":\"https:\\\/\\\/diariofemenino.com.ar\\\/df\\\/wp-content\\\/uploads\\\/2019\\\/01\\\/primeros-pasos1.jpg\",\"contentUrl\":\"https:\\\/\\\/diariofemenino.com.ar\\\/df\\\/wp-content\\\/uploads\\\/2019\\\/01\\\/primeros-pasos1.jpg\",\"width\":558,\"height\":375},{\"@type\":\"BreadcrumbList\",\"@id\":\"https:\\\/\\\/diariofemenino.com.ar\\\/df\\\/primeros-pasos-inclusion-del-enfoque-de-genero-en-educacion-inicial-para-descargar\\\/#breadcrumb\",\"itemListElement\":[{\"@type\":\"ListItem\",\"position\":1,\"name\":\"Portada\",\"item\":\"https:\\\/\\\/diariofemenino.com.ar\\\/df\\\/\"},{\"@type\":\"ListItem\",\"position\":2,\"name\":\"Primeros pasos. Inclusi\u00f3n del enfoque de g\u00e9nero en educaci\u00f3n inicial &#8211; Para descargar\"}]},{\"@type\":\"WebSite\",\"@id\":\"https:\\\/\\\/diariofemenino.com.ar\\\/df\\\/#website\",\"url\":\"https:\\\/\\\/diariofemenino.com.ar\\\/df\\\/\",\"name\":\"Diario Digital Femenino\",\"description\":\"Cuesti\u00f3n de G\u00e9nero\",\"publisher\":{\"@id\":\"https:\\\/\\\/diariofemenino.com.ar\\\/df\\\/#organization\"},\"potentialAction\":[{\"@type\":\"SearchAction\",\"target\":{\"@type\":\"EntryPoint\",\"urlTemplate\":\"https:\\\/\\\/diariofemenino.com.ar\\\/df\\\/?s={search_term_string}\"},\"query-input\":{\"@type\":\"PropertyValueSpecification\",\"valueRequired\":true,\"valueName\":\"search_term_string\"}}],\"inLanguage\":\"es\"},{\"@type\":\"Organization\",\"@id\":\"https:\\\/\\\/diariofemenino.com.ar\\\/df\\\/#organization\",\"name\":\"Diario Femenino\",\"url\":\"https:\\\/\\\/diariofemenino.com.ar\\\/df\\\/\",\"logo\":{\"@type\":\"ImageObject\",\"inLanguage\":\"es\",\"@id\":\"https:\\\/\\\/diariofemenino.com.ar\\\/df\\\/#\\\/schema\\\/logo\\\/image\\\/\",\"url\":\"https:\\\/\\\/diariofemenino.com.ar\\\/df\\\/wp-content\\\/uploads\\\/2018\\\/10\\\/logo.png\",\"contentUrl\":\"https:\\\/\\\/diariofemenino.com.ar\\\/df\\\/wp-content\\\/uploads\\\/2018\\\/10\\\/logo.png\",\"width\":500,\"height\":92,\"caption\":\"Diario Femenino\"},\"image\":{\"@id\":\"https:\\\/\\\/diariofemenino.com.ar\\\/df\\\/#\\\/schema\\\/logo\\\/image\\\/\"},\"sameAs\":[\"https:\\\/\\\/www.facebook.com\\\/DiarioDigitaFemenino\\\/\",\"https:\\\/\\\/x.com\\\/DiarioFemenino1\"]},{\"@type\":\"Person\",\"@id\":\"https:\\\/\\\/diariofemenino.com.ar\\\/df\\\/#\\\/schema\\\/person\\\/bf6199e8158c657ea6f789b11ec85509\",\"name\":\"Admin\",\"image\":{\"@type\":\"ImageObject\",\"inLanguage\":\"es\",\"@id\":\"https:\\\/\\\/diariofemenino.com.ar\\\/df\\\/wp-content\\\/uploads\\\/2018\\\/12\\\/favicon-150x150.jpg\",\"url\":\"https:\\\/\\\/diariofemenino.com.ar\\\/df\\\/wp-content\\\/uploads\\\/2018\\\/12\\\/favicon-150x150.jpg\",\"contentUrl\":\"https:\\\/\\\/diariofemenino.com.ar\\\/df\\\/wp-content\\\/uploads\\\/2018\\\/12\\\/favicon-150x150.jpg\",\"caption\":\"Admin\"},\"url\":\"https:\\\/\\\/diariofemenino.com.ar\\\/df\\\/author\\\/lenny\\\/\"}]}<\/script>\n<!-- \/ Yoast SEO plugin. -->","yoast_head_json":{"title":"Primeros pasos. Inclusi\u00f3n del enfoque de g\u00e9nero en educaci\u00f3n inicial - Para descargar - Diario Digital Femenino","description":"Primeros pasos. Inclusi\u00f3n del enfoque de g\u00e9nero en educaci\u00f3n inicial - Manual para docentes, educadoras y\u00a0educadores. Para descargar","robots":{"index":"index","follow":"follow","max-snippet":"max-snippet:-1","max-image-preview":"max-image-preview:large","max-video-preview":"max-video-preview:-1"},"canonical":"https:\/\/diariofemenino.com.ar\/df\/primeros-pasos-inclusion-del-enfoque-de-genero-en-educacion-inicial-para-descargar\/","og_locale":"es_ES","og_type":"article","og_title":"Primeros pasos. Inclusi\u00f3n del enfoque de g\u00e9nero en educaci\u00f3n inicial - Para descargar - Diario Digital Femenino","og_description":"Primeros pasos. Inclusi\u00f3n del enfoque de g\u00e9nero en educaci\u00f3n inicial - Manual para docentes, educadoras y\u00a0educadores. Para descargar","og_url":"https:\/\/diariofemenino.com.ar\/df\/primeros-pasos-inclusion-del-enfoque-de-genero-en-educacion-inicial-para-descargar\/","og_site_name":"Diario Digital Femenino","article_publisher":"https:\/\/www.facebook.com\/DiarioDigitaFemenino\/","article_published_time":"2019-01-22T21:36:49+00:00","og_image":[{"width":558,"height":375,"url":"https:\/\/diariofemenino.com.ar\/df\/wp-content\/uploads\/2019\/01\/primeros-pasos1.jpg","type":"image\/jpeg"}],"author":"Admin","twitter_card":"summary_large_image","twitter_creator":"@DiarioFemenino1","twitter_site":"@DiarioFemenino1","twitter_misc":{"Escrito por":"Admin","Tiempo de lectura":"2 minutos"},"schema":{"@context":"https:\/\/schema.org","@graph":[{"@type":"Article","@id":"https:\/\/diariofemenino.com.ar\/df\/primeros-pasos-inclusion-del-enfoque-de-genero-en-educacion-inicial-para-descargar\/#article","isPartOf":{"@id":"https:\/\/diariofemenino.com.ar\/df\/primeros-pasos-inclusion-del-enfoque-de-genero-en-educacion-inicial-para-descargar\/"},"author":{"name":"Admin","@id":"https:\/\/diariofemenino.com.ar\/df\/#\/schema\/person\/bf6199e8158c657ea6f789b11ec85509"},"headline":"Primeros pasos. Inclusi\u00f3n del enfoque de g\u00e9nero en educaci\u00f3n inicial &#8211; Para descargar","datePublished":"2019-01-22T21:36:49+00:00","mainEntityOfPage":{"@id":"https:\/\/diariofemenino.com.ar\/df\/primeros-pasos-inclusion-del-enfoque-de-genero-en-educacion-inicial-para-descargar\/"},"wordCount":429,"commentCount":0,"publisher":{"@id":"https:\/\/diariofemenino.com.ar\/df\/#organization"},"image":{"@id":"https:\/\/diariofemenino.com.ar\/df\/primeros-pasos-inclusion-del-enfoque-de-genero-en-educacion-inicial-para-descargar\/#primaryimage"},"thumbnailUrl":"https:\/\/diariofemenino.com.ar\/df\/wp-content\/uploads\/2019\/01\/primeros-pasos1.jpg","articleSection":["Biblioteca Virtual"],"inLanguage":"es","potentialAction":[{"@type":"CommentAction","name":"Comment","target":["https:\/\/diariofemenino.com.ar\/df\/primeros-pasos-inclusion-del-enfoque-de-genero-en-educacion-inicial-para-descargar\/#respond"]}]},{"@type":"WebPage","@id":"https:\/\/diariofemenino.com.ar\/df\/primeros-pasos-inclusion-del-enfoque-de-genero-en-educacion-inicial-para-descargar\/","url":"https:\/\/diariofemenino.com.ar\/df\/primeros-pasos-inclusion-del-enfoque-de-genero-en-educacion-inicial-para-descargar\/","name":"Primeros pasos. Inclusi\u00f3n del enfoque de g\u00e9nero en educaci\u00f3n inicial - Para descargar - Diario Digital Femenino","isPartOf":{"@id":"https:\/\/diariofemenino.com.ar\/df\/#website"},"primaryImageOfPage":{"@id":"https:\/\/diariofemenino.com.ar\/df\/primeros-pasos-inclusion-del-enfoque-de-genero-en-educacion-inicial-para-descargar\/#primaryimage"},"image":{"@id":"https:\/\/diariofemenino.com.ar\/df\/primeros-pasos-inclusion-del-enfoque-de-genero-en-educacion-inicial-para-descargar\/#primaryimage"},"thumbnailUrl":"https:\/\/diariofemenino.com.ar\/df\/wp-content\/uploads\/2019\/01\/primeros-pasos1.jpg","datePublished":"2019-01-22T21:36:49+00:00","description":"Primeros pasos. Inclusi\u00f3n del enfoque de g\u00e9nero en educaci\u00f3n inicial - Manual para docentes, educadoras y\u00a0educadores. Para descargar","breadcrumb":{"@id":"https:\/\/diariofemenino.com.ar\/df\/primeros-pasos-inclusion-del-enfoque-de-genero-en-educacion-inicial-para-descargar\/#breadcrumb"},"inLanguage":"es","potentialAction":[{"@type":"ReadAction","target":["https:\/\/diariofemenino.com.ar\/df\/primeros-pasos-inclusion-del-enfoque-de-genero-en-educacion-inicial-para-descargar\/"]}]},{"@type":"ImageObject","inLanguage":"es","@id":"https:\/\/diariofemenino.com.ar\/df\/primeros-pasos-inclusion-del-enfoque-de-genero-en-educacion-inicial-para-descargar\/#primaryimage","url":"https:\/\/diariofemenino.com.ar\/df\/wp-content\/uploads\/2019\/01\/primeros-pasos1.jpg","contentUrl":"https:\/\/diariofemenino.com.ar\/df\/wp-content\/uploads\/2019\/01\/primeros-pasos1.jpg","width":558,"height":375},{"@type":"BreadcrumbList","@id":"https:\/\/diariofemenino.com.ar\/df\/primeros-pasos-inclusion-del-enfoque-de-genero-en-educacion-inicial-para-descargar\/#breadcrumb","itemListElement":[{"@type":"ListItem","position":1,"name":"Portada","item":"https:\/\/diariofemenino.com.ar\/df\/"},{"@type":"ListItem","position":2,"name":"Primeros pasos. Inclusi\u00f3n del enfoque de g\u00e9nero en educaci\u00f3n inicial &#8211; Para descargar"}]},{"@type":"WebSite","@id":"https:\/\/diariofemenino.com.ar\/df\/#website","url":"https:\/\/diariofemenino.com.ar\/df\/","name":"Diario Digital Femenino","description":"Cuesti\u00f3n de G\u00e9nero","publisher":{"@id":"https:\/\/diariofemenino.com.ar\/df\/#organization"},"potentialAction":[{"@type":"SearchAction","target":{"@type":"EntryPoint","urlTemplate":"https:\/\/diariofemenino.com.ar\/df\/?s={search_term_string}"},"query-input":{"@type":"PropertyValueSpecification","valueRequired":true,"valueName":"search_term_string"}}],"inLanguage":"es"},{"@type":"Organization","@id":"https:\/\/diariofemenino.com.ar\/df\/#organization","name":"Diario Femenino","url":"https:\/\/diariofemenino.com.ar\/df\/","logo":{"@type":"ImageObject","inLanguage":"es","@id":"https:\/\/diariofemenino.com.ar\/df\/#\/schema\/logo\/image\/","url":"https:\/\/diariofemenino.com.ar\/df\/wp-content\/uploads\/2018\/10\/logo.png","contentUrl":"https:\/\/diariofemenino.com.ar\/df\/wp-content\/uploads\/2018\/10\/logo.png","width":500,"height":92,"caption":"Diario Femenino"},"image":{"@id":"https:\/\/diariofemenino.com.ar\/df\/#\/schema\/logo\/image\/"},"sameAs":["https:\/\/www.facebook.com\/DiarioDigitaFemenino\/","https:\/\/x.com\/DiarioFemenino1"]},{"@type":"Person","@id":"https:\/\/diariofemenino.com.ar\/df\/#\/schema\/person\/bf6199e8158c657ea6f789b11ec85509","name":"Admin","image":{"@type":"ImageObject","inLanguage":"es","@id":"https:\/\/diariofemenino.com.ar\/df\/wp-content\/uploads\/2018\/12\/favicon-150x150.jpg","url":"https:\/\/diariofemenino.com.ar\/df\/wp-content\/uploads\/2018\/12\/favicon-150x150.jpg","contentUrl":"https:\/\/diariofemenino.com.ar\/df\/wp-content\/uploads\/2018\/12\/favicon-150x150.jpg","caption":"Admin"},"url":"https:\/\/diariofemenino.com.ar\/df\/author\/lenny\/"}]}},"jetpack_featured_media_url":"https:\/\/diariofemenino.com.ar\/df\/wp-content\/uploads\/2019\/01\/primeros-pasos1.jpg","jetpack_sharing_enabled":true,"rttpg_featured_image_url":{"full":["https:\/\/diariofemenino.com.ar\/df\/wp-content\/uploads\/2019\/01\/primeros-pasos1.jpg",558,375,false],"landscape":["https:\/\/diariofemenino.com.ar\/df\/wp-content\/uploads\/2019\/01\/primeros-pasos1.jpg",558,375,false],"portraits":["https:\/\/diariofemenino.com.ar\/df\/wp-content\/uploads\/2019\/01\/primeros-pasos1.jpg",558,375,false],"thumbnail":["https:\/\/diariofemenino.com.ar\/df\/wp-content\/uploads\/2019\/01\/primeros-pasos1-150x150.jpg",150,150,true],"medium":["https:\/\/diariofemenino.com.ar\/df\/wp-content\/uploads\/2019\/01\/primeros-pasos1-300x202.jpg",300,202,true],"large":["https:\/\/diariofemenino.com.ar\/df\/wp-content\/uploads\/2019\/01\/primeros-pasos1.jpg",558,375,false],"1536x1536":["https:\/\/diariofemenino.com.ar\/df\/wp-content\/uploads\/2019\/01\/primeros-pasos1.jpg",558,375,false],"2048x2048":["https:\/\/diariofemenino.com.ar\/df\/wp-content\/uploads\/2019\/01\/primeros-pasos1.jpg",558,375,false]},"rttpg_author":{"display_name":"Admin","author_link":"https:\/\/diariofemenino.com.ar\/df\/author\/lenny\/"},"rttpg_comment":1,"rttpg_category":"<a href=\"https:\/\/diariofemenino.com.ar\/df\/category\/biblioteca\/\" rel=\"category tag\">Biblioteca Virtual<\/a>","rttpg_excerpt":"Presentaci\u00f3n (descargar en Portada) El Instituto Nacional de las Mujeres del\u00a0Ministerio de Desarrollo Social (Uruguay) presenta\u00a0el Manual para docentes, educadoras y\u00a0educadores. Primeros pasos. Este material\u00a0aborda el desaf\u00edo de incluir la perspectiva\u00a0de g\u00e9nero en la educaci\u00f3n inicial de ni\u00f1os\u00a0y ni\u00f1as con el objetivo de avanzar hacia\u00a0una pedagog\u00eda no discriminatoria. Este manual se elabora en el marco&hellip;","_links":{"self":[{"href":"https:\/\/diariofemenino.com.ar\/df\/wp-json\/wp\/v2\/posts\/30927","targetHints":{"allow":["GET"]}}],"collection":[{"href":"https:\/\/diariofemenino.com.ar\/df\/wp-json\/wp\/v2\/posts"}],"about":[{"href":"https:\/\/diariofemenino.com.ar\/df\/wp-json\/wp\/v2\/types\/post"}],"author":[{"embeddable":true,"href":"https:\/\/diariofemenino.com.ar\/df\/wp-json\/wp\/v2\/users\/4"}],"replies":[{"embeddable":true,"href":"https:\/\/diariofemenino.com.ar\/df\/wp-json\/wp\/v2\/comments?post=30927"}],"version-history":[{"count":0,"href":"https:\/\/diariofemenino.com.ar\/df\/wp-json\/wp\/v2\/posts\/30927\/revisions"}],"wp:featuredmedia":[{"embeddable":true,"href":"https:\/\/diariofemenino.com.ar\/df\/wp-json\/wp\/v2\/media\/30931"}],"wp:attachment":[{"href":"https:\/\/diariofemenino.com.ar\/df\/wp-json\/wp\/v2\/media?parent=30927"}],"wp:term":[{"taxonomy":"category","embeddable":true,"href":"https:\/\/diariofemenino.com.ar\/df\/wp-json\/wp\/v2\/categories?post=30927"},{"taxonomy":"post_tag","embeddable":true,"href":"https:\/\/diariofemenino.com.ar\/df\/wp-json\/wp\/v2\/tags?post=30927"}],"curies":[{"name":"wp","href":"https:\/\/api.w.org\/{rel}","templated":true}]}}