{"id":30923,"date":"2019-01-22T18:15:53","date_gmt":"2019-01-22T21:15:53","guid":{"rendered":"https:\/\/diariofemenino.com.ar\/?p=30923"},"modified":"2019-01-22T18:15:53","modified_gmt":"2019-01-22T21:15:53","slug":"las-mujeres-ya-no-nos-callamos-mas","status":"publish","type":"post","link":"https:\/\/diariofemenino.com.ar\/df\/las-mujeres-ya-no-nos-callamos-mas\/","title":{"rendered":"\u201cLas mujeres ya no nos callamos m\u00e1s\u201d"},"content":{"rendered":"<p>\u201cLas mujeres ya no nos callamos m\u00e1s\u201d, se\u00f1al\u00f3 Norma Durango, senadora del PJ pampeano. La legisladora es presidenta de la Banca de la Mujer \u201cque representa a todas las mujeres del recinto sin importar el partido\u201d, y de la Comisi\u00f3n Bicameral que tiene a su cargo la elecci\u00f3n del defensor de ni\u00f1os, ni\u00f1as y adolescentes. \u201cEs probable que haya que discutir un r\u00e9gimen penal juvenil, pero hay que hacerlo dentro del marco de los derechos humanos\u201d, destac\u00f3 Durango sobre el proyecto del gobierno nacional para bajar la edad de imputabilidad de los menores y agreg\u00f3 que no se puede discutir ese tema siempre en a\u00f1os electorales.<\/p>\n<p>Por\u00a0<a href=\"https:\/\/www.pagina12.com.ar\/autores\/868-julian-bruschtein\">Juli\u00e1n Bruschtein<\/a><\/p>\n<p><strong>\u2013La Pampa fue el primer distrito donde el peronismo cerr\u00f3 filas junto a sus aliados para enfrentar al macrismo. \u00bfSe replicar\u00e1 en todo el pa\u00eds?<\/strong><\/p>\n<p>\u2013Coincidimos en los objetivos fundamentales que son en primer lugar defender a la provincia de La Pampa y en segundo lugar lograr una unidad para poder enfrentar al gobierno nacional. Nosotros como provincia nos hemos sentido muy discriminados por este Gobierno y hemos tenido que hacer frente a la gesti\u00f3n del gobierno provincial con presupuestos propios. Es una provincia que no tiene deudas, que nunca tom\u00f3 cr\u00e9ditos, que tiene una administraci\u00f3n absolutamente prolija. Hemos sentido muy poca colaboraci\u00f3n del gobierno nacional. Esto ha hecho que podamos unirnos en las cosas que coincidimos y dejar de lado algunas diferencias. Ojal\u00e1 esto pueda replicarse a nivel nacional, (el ex gobernador pampeano, Rub\u00e9n) Mar\u00edn es el secretario de Acci\u00f3n Pol\u00edtica en el PJ y est\u00e1 trabajando arduamente con el presidente (Jos\u00e9 Luis) Gioja. Ojal\u00e1 se puedan dejar de lado las diferencias y unirnos en lo que nos preocupa, que es la econom\u00eda que est\u00e1 cada vez m\u00e1s dif\u00edcil porque seguramente va a costar mucho tiempo reflotar a este pa\u00eds despu\u00e9s de los que estamos pasando.<\/p>\n<p><strong>\u2013Usted es presidenta de la banca de la Mujer. \u00bfComo se traduce el movimiento feminista en el Senado?<\/strong><\/p>\n<p>\u2013La Banca de la Mujer es casi \u00fanica en el mundo. Est\u00e1 constituida por todas las mujeres que integramos el Senado. A pesar de que la ley sobre el aborto no sali\u00f3, nosotras no nos consideramos derrotadas. Creemos que no alcanz\u00f3 para tener los votos, pero s\u00ed alcanz\u00f3 para visibilizar una problem\u00e1tica que preocupa a gran parte de la poblaci\u00f3n. Por otro lado, trabajamos en la vulneraci\u00f3n de los derechos de las mujeres y, en ese sentido, hemos logrado algunos dict\u00e1menes como el de violencia pol\u00edtica hacia las mujeres, que la hemos sufrido la mayor\u00eda de las mujeres que hacemos pol\u00edtica, y la de acoso callejero, que es una ley para visibilizar y concientizar. Argentina tiene muy buena legislaci\u00f3n sobre estos temas, la cuesti\u00f3n es qui\u00e9n controla el cumplimiento de las leyes. En ese sentido tenemos un desaf\u00edo importante y ahora con mayor importancia, porque entendemos que tenemos el apoyo de la comunidad.<\/p>\n<p><strong>\u2013Hubo un caso resonante en el Senado de acoso sexual y existe una tendencia en la pol\u00edtica a esconder estos casos. \u00bfEl impulso feminista puede romper esto?<\/strong><\/p>\n<p>\u2013En principio nos solidarizamos con las mujeres que han sido abusadas o acosadas, con las que est\u00e1n prostituidas y con las que est\u00e1n explotadas. Hicimos un comunicado apoyado por todas mujeres del Senado, en el que recalcamos que no es no, y el \u201cno es no\u201d debe ser respetado por todos los hombres. Las mujeres ya no nos callamos m\u00e1s, estamos pidiendo en la Justicia que se condenen estos hechos que est\u00e1n ocurriendo y que est\u00e1n saliendo a la luz gracias a la visibilizaci\u00f3n de muchas mujeres que se han animado a contar lo que en algunos casos han sido padecimientos de a\u00f1os. Nosotros les creemos a las v\u00edctimas y creemos que esto tiene que ser un impulso para que todas las mujeres que sufren puedan decirlo y denunciarlo.<\/p>\n<p><strong>\u2013Es presidenta de la Bicameral para elegir al defensor de los derechos de los ni\u00f1os, ni\u00f1as y adolescentes. \u00bfQu\u00e9 piensa de la baja de la imputabilidad que propone el Gobierno?.\u00a0<\/strong><\/p>\n<p>\u2013Es absolutamente de campa\u00f1a, pero tiene un objetivo principal que es profundizar pol\u00edticas punitivas sobre las y los j\u00f3venes. Esto no es nuevo. Lo intentaron en el 2015, en el 2017, y se confunde a la ciudadan\u00eda porque le hacen creer que reformar la legislaci\u00f3n va a tener mayor posibilidades de seguridad. Los chicos tienen que estar en la escuela y no en la c\u00e1rcel, porque adem\u00e1s el sistema carcelario argentino no recupera a nadie. La educaci\u00f3n es el \u00fanico camino que tienen, no solo para un ascenso social, sino para un crecimiento personal. Tenemos educaci\u00f3n gratuita y de muy buen nivel en todas las provincias y est\u00e1 comprobado que bajar la edad no trae mayores niveles de seguridad. Es probable que haya que discutir un r\u00e9gimen penal juvenil, pero hacerlo dentro del marco de los derechos humanos. La selecci\u00f3n del defensor est\u00e1 parada porque nos impugnaron sectores antiderechos por haber impulsado el derecho de las mujeres a decidir y la despenalizaci\u00f3n del aborto.<\/p>\n<p>&nbsp;<\/p>\n<p>&nbsp;<\/p>\n<p>&nbsp;<\/p>\n<p>Fuente: <a href=\"https:\/\/www.pagina12.com.ar\/169985-las-mujeres-ya-no-nos-callamos-mas\">P\u00e1gina12<\/a><\/p>\n","protected":false},"excerpt":{"rendered":"<p>\u201cLas mujeres ya no nos callamos m\u00e1s\u201d, se\u00f1al\u00f3 Norma Durango, senadora del PJ pampeano. La legisladora es presidenta de la Banca de la Mujer \u201cque representa a todas las mujeres del recinto sin importar el partido\u201d, y de la Comisi\u00f3n Bicameral que tiene a su cargo la elecci\u00f3n del defensor de ni\u00f1os, ni\u00f1as y adolescentes. [&hellip;]<\/p>\n","protected":false},"author":3,"featured_media":30926,"comment_status":"open","ping_status":"open","sticky":false,"template":"","format":"standard","meta":{"iawp_total_views":2,"footnotes":""},"categories":[32],"tags":[214,66,130,44],"class_list":["post-30923","post","type-post","status-publish","format-standard","has-post-thumbnail","hentry","category-mujeres","tag-nonoscallamosmas","tag-femicidios","tag-mujeres","tag-politica"],"nelio_content":{"autoShareEndMode":"never","automationSources":{"useCustomSentences":false,"customSentences":[]},"efiAlt":"","efiUrl":"","followers":[3],"highlights":[],"isAutoShareEnabled":true,"networkImageIds":[],"permalinkQueryArgs":[],"series":[],"suggestedReferences":[]},"yoast_head":"<!-- This site is optimized with the Yoast SEO plugin v27.5 - https:\/\/yoast.com\/product\/yoast-seo-wordpress\/ -->\n<title>\u201cLas mujeres ya no nos callamos m\u00e1s\u201d - Diario Digital Femenino<\/title>\n<meta name=\"description\" content=\"La legisladora es presidenta de la Banca de la Mujer \u201cque representa a todas las mujeres del recinto sin importar el partido\u201d\" \/>\n<meta name=\"robots\" content=\"index, follow, max-snippet:-1, max-image-preview:large, max-video-preview:-1\" \/>\n<link rel=\"canonical\" href=\"https:\/\/diariofemenino.com.ar\/df\/las-mujeres-ya-no-nos-callamos-mas\/\" \/>\n<meta property=\"og:locale\" content=\"es_ES\" \/>\n<meta property=\"og:type\" content=\"article\" \/>\n<meta property=\"og:title\" content=\"\u201cLas mujeres ya no nos callamos m\u00e1s\u201d - Diario Digital Femenino\" \/>\n<meta property=\"og:description\" content=\"La legisladora es presidenta de la Banca de la Mujer \u201cque representa a todas las mujeres del recinto sin importar el partido\u201d\" \/>\n<meta property=\"og:url\" content=\"https:\/\/diariofemenino.com.ar\/df\/las-mujeres-ya-no-nos-callamos-mas\/\" \/>\n<meta property=\"og:site_name\" content=\"Diario Digital Femenino\" \/>\n<meta property=\"article:publisher\" content=\"https:\/\/www.facebook.com\/DiarioDigitaFemenino\/\" \/>\n<meta property=\"article:published_time\" content=\"2019-01-22T21:15:53+00:00\" \/>\n<meta property=\"og:image\" content=\"https:\/\/diariofemenino.com.ar\/df\/wp-content\/uploads\/2019\/01\/na09fo02_4.jpg\" \/>\n\t<meta property=\"og:image:width\" content=\"960\" \/>\n\t<meta property=\"og:image:height\" content=\"540\" \/>\n\t<meta property=\"og:image:type\" content=\"image\/jpeg\" \/>\n<meta name=\"author\" content=\"Admin\" \/>\n<meta name=\"twitter:card\" content=\"summary_large_image\" \/>\n<meta name=\"twitter:creator\" content=\"@DiarioFemenino1\" \/>\n<meta name=\"twitter:site\" content=\"@DiarioFemenino1\" \/>\n<meta name=\"twitter:label1\" content=\"Escrito por\" \/>\n\t<meta name=\"twitter:data1\" content=\"Admin\" \/>\n\t<meta name=\"twitter:label2\" content=\"Tiempo de lectura\" \/>\n\t<meta name=\"twitter:data2\" content=\"4 minutos\" \/>\n<script type=\"application\/ld+json\" class=\"yoast-schema-graph\">{\"@context\":\"https:\\\/\\\/schema.org\",\"@graph\":[{\"@type\":\"Article\",\"@id\":\"https:\\\/\\\/diariofemenino.com.ar\\\/df\\\/las-mujeres-ya-no-nos-callamos-mas\\\/#article\",\"isPartOf\":{\"@id\":\"https:\\\/\\\/diariofemenino.com.ar\\\/df\\\/las-mujeres-ya-no-nos-callamos-mas\\\/\"},\"author\":{\"name\":\"Admin\",\"@id\":\"https:\\\/\\\/diariofemenino.com.ar\\\/df\\\/#\\\/schema\\\/person\\\/1c36bc3bf394d8ec320814298b4fdd3f\"},\"headline\":\"\u201cLas mujeres ya no nos callamos m\u00e1s\u201d\",\"datePublished\":\"2019-01-22T21:15:53+00:00\",\"mainEntityOfPage\":{\"@id\":\"https:\\\/\\\/diariofemenino.com.ar\\\/df\\\/las-mujeres-ya-no-nos-callamos-mas\\\/\"},\"wordCount\":896,\"commentCount\":0,\"publisher\":{\"@id\":\"https:\\\/\\\/diariofemenino.com.ar\\\/df\\\/#organization\"},\"image\":{\"@id\":\"https:\\\/\\\/diariofemenino.com.ar\\\/df\\\/las-mujeres-ya-no-nos-callamos-mas\\\/#primaryimage\"},\"thumbnailUrl\":\"https:\\\/\\\/diariofemenino.com.ar\\\/df\\\/wp-content\\\/uploads\\\/2019\\\/01\\\/na09fo02_4.jpg\",\"keywords\":[\"#NoNosCallamosMas\",\"Femicidios\",\"Mujeres\",\"Pol\u00edtica\"],\"articleSection\":[\"Mujeres\"],\"inLanguage\":\"es\",\"potentialAction\":[{\"@type\":\"CommentAction\",\"name\":\"Comment\",\"target\":[\"https:\\\/\\\/diariofemenino.com.ar\\\/df\\\/las-mujeres-ya-no-nos-callamos-mas\\\/#respond\"]}]},{\"@type\":\"WebPage\",\"@id\":\"https:\\\/\\\/diariofemenino.com.ar\\\/df\\\/las-mujeres-ya-no-nos-callamos-mas\\\/\",\"url\":\"https:\\\/\\\/diariofemenino.com.ar\\\/df\\\/las-mujeres-ya-no-nos-callamos-mas\\\/\",\"name\":\"\u201cLas mujeres ya no nos callamos m\u00e1s\u201d - Diario Digital Femenino\",\"isPartOf\":{\"@id\":\"https:\\\/\\\/diariofemenino.com.ar\\\/df\\\/#website\"},\"primaryImageOfPage\":{\"@id\":\"https:\\\/\\\/diariofemenino.com.ar\\\/df\\\/las-mujeres-ya-no-nos-callamos-mas\\\/#primaryimage\"},\"image\":{\"@id\":\"https:\\\/\\\/diariofemenino.com.ar\\\/df\\\/las-mujeres-ya-no-nos-callamos-mas\\\/#primaryimage\"},\"thumbnailUrl\":\"https:\\\/\\\/diariofemenino.com.ar\\\/df\\\/wp-content\\\/uploads\\\/2019\\\/01\\\/na09fo02_4.jpg\",\"datePublished\":\"2019-01-22T21:15:53+00:00\",\"description\":\"La legisladora es presidenta de la Banca de la Mujer \u201cque representa a todas las mujeres del recinto sin importar el partido\u201d\",\"breadcrumb\":{\"@id\":\"https:\\\/\\\/diariofemenino.com.ar\\\/df\\\/las-mujeres-ya-no-nos-callamos-mas\\\/#breadcrumb\"},\"inLanguage\":\"es\",\"potentialAction\":[{\"@type\":\"ReadAction\",\"target\":[\"https:\\\/\\\/diariofemenino.com.ar\\\/df\\\/las-mujeres-ya-no-nos-callamos-mas\\\/\"]}]},{\"@type\":\"ImageObject\",\"inLanguage\":\"es\",\"@id\":\"https:\\\/\\\/diariofemenino.com.ar\\\/df\\\/las-mujeres-ya-no-nos-callamos-mas\\\/#primaryimage\",\"url\":\"https:\\\/\\\/diariofemenino.com.ar\\\/df\\\/wp-content\\\/uploads\\\/2019\\\/01\\\/na09fo02_4.jpg\",\"contentUrl\":\"https:\\\/\\\/diariofemenino.com.ar\\\/df\\\/wp-content\\\/uploads\\\/2019\\\/01\\\/na09fo02_4.jpg\",\"width\":960,\"height\":540},{\"@type\":\"BreadcrumbList\",\"@id\":\"https:\\\/\\\/diariofemenino.com.ar\\\/df\\\/las-mujeres-ya-no-nos-callamos-mas\\\/#breadcrumb\",\"itemListElement\":[{\"@type\":\"ListItem\",\"position\":1,\"name\":\"Portada\",\"item\":\"https:\\\/\\\/diariofemenino.com.ar\\\/df\\\/\"},{\"@type\":\"ListItem\",\"position\":2,\"name\":\"\u201cLas mujeres ya no nos callamos m\u00e1s\u201d\"}]},{\"@type\":\"WebSite\",\"@id\":\"https:\\\/\\\/diariofemenino.com.ar\\\/df\\\/#website\",\"url\":\"https:\\\/\\\/diariofemenino.com.ar\\\/df\\\/\",\"name\":\"Diario Digital Femenino\",\"description\":\"Cuesti\u00f3n de G\u00e9nero\",\"publisher\":{\"@id\":\"https:\\\/\\\/diariofemenino.com.ar\\\/df\\\/#organization\"},\"potentialAction\":[{\"@type\":\"SearchAction\",\"target\":{\"@type\":\"EntryPoint\",\"urlTemplate\":\"https:\\\/\\\/diariofemenino.com.ar\\\/df\\\/?s={search_term_string}\"},\"query-input\":{\"@type\":\"PropertyValueSpecification\",\"valueRequired\":true,\"valueName\":\"search_term_string\"}}],\"inLanguage\":\"es\"},{\"@type\":\"Organization\",\"@id\":\"https:\\\/\\\/diariofemenino.com.ar\\\/df\\\/#organization\",\"name\":\"Diario Femenino\",\"url\":\"https:\\\/\\\/diariofemenino.com.ar\\\/df\\\/\",\"logo\":{\"@type\":\"ImageObject\",\"inLanguage\":\"es\",\"@id\":\"https:\\\/\\\/diariofemenino.com.ar\\\/df\\\/#\\\/schema\\\/logo\\\/image\\\/\",\"url\":\"https:\\\/\\\/diariofemenino.com.ar\\\/df\\\/wp-content\\\/uploads\\\/2018\\\/10\\\/logo.png\",\"contentUrl\":\"https:\\\/\\\/diariofemenino.com.ar\\\/df\\\/wp-content\\\/uploads\\\/2018\\\/10\\\/logo.png\",\"width\":500,\"height\":92,\"caption\":\"Diario Femenino\"},\"image\":{\"@id\":\"https:\\\/\\\/diariofemenino.com.ar\\\/df\\\/#\\\/schema\\\/logo\\\/image\\\/\"},\"sameAs\":[\"https:\\\/\\\/www.facebook.com\\\/DiarioDigitaFemenino\\\/\",\"https:\\\/\\\/x.com\\\/DiarioFemenino1\"]},{\"@type\":\"Person\",\"@id\":\"https:\\\/\\\/diariofemenino.com.ar\\\/df\\\/#\\\/schema\\\/person\\\/1c36bc3bf394d8ec320814298b4fdd3f\",\"name\":\"Admin\",\"image\":{\"@type\":\"ImageObject\",\"inLanguage\":\"es\",\"@id\":\"https:\\\/\\\/diariofemenino.com.ar\\\/df\\\/wp-content\\\/uploads\\\/2018\\\/12\\\/favicon-150x150.jpg\",\"url\":\"https:\\\/\\\/diariofemenino.com.ar\\\/df\\\/wp-content\\\/uploads\\\/2018\\\/12\\\/favicon-150x150.jpg\",\"contentUrl\":\"https:\\\/\\\/diariofemenino.com.ar\\\/df\\\/wp-content\\\/uploads\\\/2018\\\/12\\\/favicon-150x150.jpg\",\"caption\":\"Admin\"},\"url\":\"https:\\\/\\\/diariofemenino.com.ar\\\/df\\\/author\\\/sofiperez\\\/\"}]}<\/script>\n<!-- \/ Yoast SEO plugin. -->","yoast_head_json":{"title":"\u201cLas mujeres ya no nos callamos m\u00e1s\u201d - Diario Digital Femenino","description":"La legisladora es presidenta de la Banca de la Mujer \u201cque representa a todas las mujeres del recinto sin importar el partido\u201d","robots":{"index":"index","follow":"follow","max-snippet":"max-snippet:-1","max-image-preview":"max-image-preview:large","max-video-preview":"max-video-preview:-1"},"canonical":"https:\/\/diariofemenino.com.ar\/df\/las-mujeres-ya-no-nos-callamos-mas\/","og_locale":"es_ES","og_type":"article","og_title":"\u201cLas mujeres ya no nos callamos m\u00e1s\u201d - Diario Digital Femenino","og_description":"La legisladora es presidenta de la Banca de la Mujer \u201cque representa a todas las mujeres del recinto sin importar el partido\u201d","og_url":"https:\/\/diariofemenino.com.ar\/df\/las-mujeres-ya-no-nos-callamos-mas\/","og_site_name":"Diario Digital Femenino","article_publisher":"https:\/\/www.facebook.com\/DiarioDigitaFemenino\/","article_published_time":"2019-01-22T21:15:53+00:00","og_image":[{"width":960,"height":540,"url":"https:\/\/diariofemenino.com.ar\/df\/wp-content\/uploads\/2019\/01\/na09fo02_4.jpg","type":"image\/jpeg"}],"author":"Admin","twitter_card":"summary_large_image","twitter_creator":"@DiarioFemenino1","twitter_site":"@DiarioFemenino1","twitter_misc":{"Escrito por":"Admin","Tiempo de lectura":"4 minutos"},"schema":{"@context":"https:\/\/schema.org","@graph":[{"@type":"Article","@id":"https:\/\/diariofemenino.com.ar\/df\/las-mujeres-ya-no-nos-callamos-mas\/#article","isPartOf":{"@id":"https:\/\/diariofemenino.com.ar\/df\/las-mujeres-ya-no-nos-callamos-mas\/"},"author":{"name":"Admin","@id":"https:\/\/diariofemenino.com.ar\/df\/#\/schema\/person\/1c36bc3bf394d8ec320814298b4fdd3f"},"headline":"\u201cLas mujeres ya no nos callamos m\u00e1s\u201d","datePublished":"2019-01-22T21:15:53+00:00","mainEntityOfPage":{"@id":"https:\/\/diariofemenino.com.ar\/df\/las-mujeres-ya-no-nos-callamos-mas\/"},"wordCount":896,"commentCount":0,"publisher":{"@id":"https:\/\/diariofemenino.com.ar\/df\/#organization"},"image":{"@id":"https:\/\/diariofemenino.com.ar\/df\/las-mujeres-ya-no-nos-callamos-mas\/#primaryimage"},"thumbnailUrl":"https:\/\/diariofemenino.com.ar\/df\/wp-content\/uploads\/2019\/01\/na09fo02_4.jpg","keywords":["#NoNosCallamosMas","Femicidios","Mujeres","Pol\u00edtica"],"articleSection":["Mujeres"],"inLanguage":"es","potentialAction":[{"@type":"CommentAction","name":"Comment","target":["https:\/\/diariofemenino.com.ar\/df\/las-mujeres-ya-no-nos-callamos-mas\/#respond"]}]},{"@type":"WebPage","@id":"https:\/\/diariofemenino.com.ar\/df\/las-mujeres-ya-no-nos-callamos-mas\/","url":"https:\/\/diariofemenino.com.ar\/df\/las-mujeres-ya-no-nos-callamos-mas\/","name":"\u201cLas mujeres ya no nos callamos m\u00e1s\u201d - Diario Digital Femenino","isPartOf":{"@id":"https:\/\/diariofemenino.com.ar\/df\/#website"},"primaryImageOfPage":{"@id":"https:\/\/diariofemenino.com.ar\/df\/las-mujeres-ya-no-nos-callamos-mas\/#primaryimage"},"image":{"@id":"https:\/\/diariofemenino.com.ar\/df\/las-mujeres-ya-no-nos-callamos-mas\/#primaryimage"},"thumbnailUrl":"https:\/\/diariofemenino.com.ar\/df\/wp-content\/uploads\/2019\/01\/na09fo02_4.jpg","datePublished":"2019-01-22T21:15:53+00:00","description":"La legisladora es presidenta de la Banca de la Mujer \u201cque representa a todas las mujeres del recinto sin importar el partido\u201d","breadcrumb":{"@id":"https:\/\/diariofemenino.com.ar\/df\/las-mujeres-ya-no-nos-callamos-mas\/#breadcrumb"},"inLanguage":"es","potentialAction":[{"@type":"ReadAction","target":["https:\/\/diariofemenino.com.ar\/df\/las-mujeres-ya-no-nos-callamos-mas\/"]}]},{"@type":"ImageObject","inLanguage":"es","@id":"https:\/\/diariofemenino.com.ar\/df\/las-mujeres-ya-no-nos-callamos-mas\/#primaryimage","url":"https:\/\/diariofemenino.com.ar\/df\/wp-content\/uploads\/2019\/01\/na09fo02_4.jpg","contentUrl":"https:\/\/diariofemenino.com.ar\/df\/wp-content\/uploads\/2019\/01\/na09fo02_4.jpg","width":960,"height":540},{"@type":"BreadcrumbList","@id":"https:\/\/diariofemenino.com.ar\/df\/las-mujeres-ya-no-nos-callamos-mas\/#breadcrumb","itemListElement":[{"@type":"ListItem","position":1,"name":"Portada","item":"https:\/\/diariofemenino.com.ar\/df\/"},{"@type":"ListItem","position":2,"name":"\u201cLas mujeres ya no nos callamos m\u00e1s\u201d"}]},{"@type":"WebSite","@id":"https:\/\/diariofemenino.com.ar\/df\/#website","url":"https:\/\/diariofemenino.com.ar\/df\/","name":"Diario Digital Femenino","description":"Cuesti\u00f3n de G\u00e9nero","publisher":{"@id":"https:\/\/diariofemenino.com.ar\/df\/#organization"},"potentialAction":[{"@type":"SearchAction","target":{"@type":"EntryPoint","urlTemplate":"https:\/\/diariofemenino.com.ar\/df\/?s={search_term_string}"},"query-input":{"@type":"PropertyValueSpecification","valueRequired":true,"valueName":"search_term_string"}}],"inLanguage":"es"},{"@type":"Organization","@id":"https:\/\/diariofemenino.com.ar\/df\/#organization","name":"Diario Femenino","url":"https:\/\/diariofemenino.com.ar\/df\/","logo":{"@type":"ImageObject","inLanguage":"es","@id":"https:\/\/diariofemenino.com.ar\/df\/#\/schema\/logo\/image\/","url":"https:\/\/diariofemenino.com.ar\/df\/wp-content\/uploads\/2018\/10\/logo.png","contentUrl":"https:\/\/diariofemenino.com.ar\/df\/wp-content\/uploads\/2018\/10\/logo.png","width":500,"height":92,"caption":"Diario Femenino"},"image":{"@id":"https:\/\/diariofemenino.com.ar\/df\/#\/schema\/logo\/image\/"},"sameAs":["https:\/\/www.facebook.com\/DiarioDigitaFemenino\/","https:\/\/x.com\/DiarioFemenino1"]},{"@type":"Person","@id":"https:\/\/diariofemenino.com.ar\/df\/#\/schema\/person\/1c36bc3bf394d8ec320814298b4fdd3f","name":"Admin","image":{"@type":"ImageObject","inLanguage":"es","@id":"https:\/\/diariofemenino.com.ar\/df\/wp-content\/uploads\/2018\/12\/favicon-150x150.jpg","url":"https:\/\/diariofemenino.com.ar\/df\/wp-content\/uploads\/2018\/12\/favicon-150x150.jpg","contentUrl":"https:\/\/diariofemenino.com.ar\/df\/wp-content\/uploads\/2018\/12\/favicon-150x150.jpg","caption":"Admin"},"url":"https:\/\/diariofemenino.com.ar\/df\/author\/sofiperez\/"}]}},"jetpack_featured_media_url":"https:\/\/diariofemenino.com.ar\/df\/wp-content\/uploads\/2019\/01\/na09fo02_4.jpg","jetpack_sharing_enabled":true,"rttpg_featured_image_url":{"full":["https:\/\/diariofemenino.com.ar\/df\/wp-content\/uploads\/2019\/01\/na09fo02_4.jpg",960,540,false],"landscape":["https:\/\/diariofemenino.com.ar\/df\/wp-content\/uploads\/2019\/01\/na09fo02_4.jpg",960,540,false],"portraits":["https:\/\/diariofemenino.com.ar\/df\/wp-content\/uploads\/2019\/01\/na09fo02_4.jpg",960,540,false],"thumbnail":["https:\/\/diariofemenino.com.ar\/df\/wp-content\/uploads\/2019\/01\/na09fo02_4-150x150.jpg",150,150,true],"medium":["https:\/\/diariofemenino.com.ar\/df\/wp-content\/uploads\/2019\/01\/na09fo02_4-300x169.jpg",300,169,true],"large":["https:\/\/diariofemenino.com.ar\/df\/wp-content\/uploads\/2019\/01\/na09fo02_4.jpg",960,540,false],"1536x1536":["https:\/\/diariofemenino.com.ar\/df\/wp-content\/uploads\/2019\/01\/na09fo02_4.jpg",960,540,false],"2048x2048":["https:\/\/diariofemenino.com.ar\/df\/wp-content\/uploads\/2019\/01\/na09fo02_4.jpg",960,540,false]},"rttpg_author":{"display_name":"Admin","author_link":"https:\/\/diariofemenino.com.ar\/df\/author\/sofiperez\/"},"rttpg_comment":0,"rttpg_category":"<a href=\"https:\/\/diariofemenino.com.ar\/df\/category\/mujeres\/\" rel=\"category tag\">Mujeres<\/a>","rttpg_excerpt":"\u201cLas mujeres ya no nos callamos m\u00e1s\u201d, se\u00f1al\u00f3 Norma Durango, senadora del PJ pampeano. La legisladora es presidenta de la Banca de la Mujer \u201cque representa a todas las mujeres del recinto sin importar el partido\u201d, y de la Comisi\u00f3n Bicameral que tiene a su cargo la elecci\u00f3n del defensor de ni\u00f1os, ni\u00f1as y adolescentes.&hellip;","_links":{"self":[{"href":"https:\/\/diariofemenino.com.ar\/df\/wp-json\/wp\/v2\/posts\/30923","targetHints":{"allow":["GET"]}}],"collection":[{"href":"https:\/\/diariofemenino.com.ar\/df\/wp-json\/wp\/v2\/posts"}],"about":[{"href":"https:\/\/diariofemenino.com.ar\/df\/wp-json\/wp\/v2\/types\/post"}],"author":[{"embeddable":true,"href":"https:\/\/diariofemenino.com.ar\/df\/wp-json\/wp\/v2\/users\/3"}],"replies":[{"embeddable":true,"href":"https:\/\/diariofemenino.com.ar\/df\/wp-json\/wp\/v2\/comments?post=30923"}],"version-history":[{"count":0,"href":"https:\/\/diariofemenino.com.ar\/df\/wp-json\/wp\/v2\/posts\/30923\/revisions"}],"wp:featuredmedia":[{"embeddable":true,"href":"https:\/\/diariofemenino.com.ar\/df\/wp-json\/wp\/v2\/media\/30926"}],"wp:attachment":[{"href":"https:\/\/diariofemenino.com.ar\/df\/wp-json\/wp\/v2\/media?parent=30923"}],"wp:term":[{"taxonomy":"category","embeddable":true,"href":"https:\/\/diariofemenino.com.ar\/df\/wp-json\/wp\/v2\/categories?post=30923"},{"taxonomy":"post_tag","embeddable":true,"href":"https:\/\/diariofemenino.com.ar\/df\/wp-json\/wp\/v2\/tags?post=30923"}],"curies":[{"name":"wp","href":"https:\/\/api.w.org\/{rel}","templated":true}]}}