{"id":30918,"date":"2019-01-22T17:15:33","date_gmt":"2019-01-22T20:15:33","guid":{"rendered":"https:\/\/diariofemenino.com.ar\/?p=30918"},"modified":"2019-01-22T17:15:33","modified_gmt":"2019-01-22T20:15:33","slug":"cuanto-vale-una-mujer","status":"publish","type":"post","link":"https:\/\/diariofemenino.com.ar\/df\/cuanto-vale-una-mujer\/","title":{"rendered":"\u00bfCu\u00e1nto vale una mujer?"},"content":{"rendered":"<p>Por Susana Guzner<\/p>\n<p>Frente a mi casa, seis metros calle de por medio, vive un sujeto sumamente violento, salvaje, borracho perenne. Desde su ventana blasfema, arroja objetos contundentes a nuestras casas y a lxs peatones, atruena d\u00eda y noche con sus insultos e intimidaciones y tiene en su haber cientos de denuncias del vecindario, las cuales constan tanto en la polic\u00eda como en los Servicios Sociales del Distrito. Dependemos de sus crisis para hacer nuestra vida normal: si est\u00e1 tranquilo paseamos, comemos y dormimos en paz. De lo contrario, en los alrededores nadie pega ojo. Para mayor desdicha nuestra sociedad es extremadamente permisiva con estos cr\u00e1pulas, y aunque sufren, buen n\u00famero de personas lo excusan y me aconsejan: \u201cNo le des importancia, perro ladrador poco mordedor, ya se sabe, los borrachos\u2026\u201d y dudan o se niegan a firmar peticiones colectivas que, con suerte, quiz\u00e1s acaben con esta pesadilla. Pero hay muchos perros que ladran, muerden y matan.<\/p>\n<p>Porque ahora me ha tocado a m\u00ed. Desde hace un tiempo amenaza con matarme. Nunca hemos intercambiado una palabra, pero sabe m\u00e1s de m\u00ed que yo misma, a tenor de las \u201crazones\u201d que esgrime para asesinarme. Perpleja y estremecida por ser la diana predilecta de su odio le escucho aullar a toda hora: \u201c\u00a1Est\u00e1s muerta, rubia, te voy a matar, s\u00e9 que vives sola, no tienes qui\u00e9n te defienda, tortillera, prepara tu velorio!\u201d. L\u00f3gicamente lo he denunciado. Pero si la denuncia es l\u00f3gica, no lo son los dos juicios r\u00e1pidos que ya se han celebrado. Incluso aportando testigxs, los jueces han considerado el temible acoso y derribo del que soy objeto como \u201cfalta leve\u201d, lo han multado con 50 euros y la libertad sin condiciones. Puesto que no tengo relaci\u00f3n sentimental con este energ\u00fameno una orden de alejamiento \u201cno ha lugar\u201d.<br \/>\nLe pregunt\u00e9 al juez:<br \/>\n&#8211; Se\u00f1or\u00eda\u2026 \u00bfLo deja ir sin m\u00e1s? Hay testigxs de sus amenazas de muerte.<br \/>\nRespondi\u00f3 sin dignarse a mirarme:<br \/>\n&#8211; S\u00ed, pero han o\u00eddo, no han visto.<br \/>\n&#8211; \u00bfY qu\u00e9 tienen que ver, mi cad\u00e1ver sobre un charco de sangre? \u2013 repliqu\u00e9 sin disimular mi ira.<br \/>\nSu respuesta fue antol\u00f3gica:<br \/>\n&#8211; Se\u00f1ora, o se retira de la sala o la encierro por desacato.<br \/>\nEso a m\u00ed, que soy la v\u00edctima. De modo que por ley tiene la facultad de mandar a prisi\u00f3n a una acosada, pero no la de encerrar al acosador. Huelgan los comentarios. \u201cSi fueras mujer y tu vida pendiera de un hilo otro gallo cantar\u00eda\u201d \u2013 pienso mordi\u00e9ndome la lengua.<br \/>\nDe modo y manera que eso es lo que vale mi vida al d\u00eda de hoy: 50 euros. Dar\u00eda risa si no fuera para llorar. Mientras \u00e9l, que a todas luces no est\u00e1 en condiciones de convivir pac\u00edficamente con sus semejantes, se crece ante cada sentencia favorable. Es intocable, inimputable, cada vez m\u00e1s peligroso.<br \/>\n\u00bfD\u00f3nde est\u00e1n las nuevas leyes contra la Violencia de g\u00e9nero? \u00bfQui\u00e9n, d\u00f3nde y c\u00f3mo se aplican? En los Juzgados de mi ciudad no, desde luego. He hablado con muchas mujeres en igualdad de condiciones y estamos perdidas, asustadas, pero sobre todo indefensas.<\/p>\n<p>El Instituto de la Mujer ha abierto un servicio jur\u00eddico para atender casos de malos tratos. En busca de un apoyo para capear mi angustiosa situaci\u00f3n recurro a sus abogadas. Me aconsejan que denuncie una, y otra, y otra y otra vez hasta que alg\u00fan juez se aperciba que amenazar de muerte a una mujer es el pr\u00f3logo de su fin. D\u00e9bil consuelo ante la magnitud de la tragedia: las estigmatizadas deseamos vivir, no \u201cconstar en acta\u201d en forma de cad\u00e1ver.<br \/>\nEsta misma ma\u00f1ana me cruc\u00e9 con \u00e9l en la plazoleta cercana, iba sobrio, y aunque procur\u00e9 esquivarlo me encar\u00f3 y sin mediar palabra hizo el gesto inequ\u00edvoco de apu\u00f1alarme repetidamente en el vientre. De inmediato me plant\u00e9 otra vez en la comisar\u00eda, claro est\u00e1, a\u00fan temblando. Pero cuando estaba exponiendo los hechos escuch\u00e9 at\u00f3nita el consejo de un polic\u00eda: \u201cno crea en la justicia, se\u00f1ora, no har\u00e1n nada. O se muda de casa o le suelta doscientos euros a unos moros del puerto y lo liquidan a palos\u201d.<\/p>\n<p>Desvalida como me siento y ansiosa por dar fin a tal infame estado de cosas, reflexiono y calculo si la inversi\u00f3n merece la pena.<\/p>\n<p>\u00bfPero qu\u00e9 estoy diciendo? \u00bfContratar matones para que maten a un ser humano? \u00bfEn qu\u00e9 cabeza cabe? En la de los asesinos, no en las nuestras. Nosotras creemos que la vida vale y mucho y es merecedora de todos los respetos y festejos. No solo la creamos: la conservamos como el bien m\u00e1s precioso.<br \/>\nEntonces se piensa en los Medios. Un buen art\u00edculo a toda p\u00e1gina en alg\u00fan peri\u00f3dico y el indeseable sujeto ser\u00eda retirado de circulaci\u00f3n. Pero es que hay mucha informaci\u00f3n al respecto, son tantas las denuncias que la dram\u00e1tica reiteraci\u00f3n de una mujer violentada, amenazada, maltratada y exterminada ya ni siquiera es noticia. Los Medios se nutren de carnaza fresca, no de comida vieja.<\/p>\n<p>Y ninguno recoge tu pasmo, tu miedo cotidiano, la boca abierta como en el cuadro del El Grito de Munch implorando a voces un auxilio que nadie escucha. Pienso y me solidarizo apasionadamente con tantas y tantas mujeres compartiendo forzosamente techo con su verdugo, viviendo en un sin vivir a sabiendas de que ma\u00f1ana, dentro de un mes o cuando el asesino decida, no ser\u00e1n sino un doloroso recuerdo. Bien mirado soy una privilegiada: este terrorista no es mi marido, ni mi amante, ni mi \u201ccompa\u00f1ero sentimental\u201d. Pero\u2026 \u00bfNo hay jurisprudencia prevista cuando el acosador es un cualquiera?<br \/>\nMi asesinato, de consumarse, no engrosar\u00e1 las listas de la hip\u00f3critamente llamada \u201cviolencia dom\u00e9stica\u201d &#8211; como si un homicidio entre cuatro paredes fuera diferente al perpetrado en un callej\u00f3n o en la parada de autob\u00fas\u2026 -. \u00bfViolencia \u201cdom\u00e9stica\u201d? \u00a1Cu\u00e1nta falacia! Una expresi\u00f3n comod\u00edn aparentemente ingenua, pero que en este mundo de machos se usa adrede porque induce a pensar en desavenencias de pareja: \u201cVete a saber, el matrimonio se llevar\u00eda mal, mejor no intervenir, son cosas privadas\u2026\u201d Y se hacen o\u00eddos sordos a las miles de denuncias o se intenta atajar la hemorragia con in\u00fatiles vendas. Si este animal me mata ser\u00e9 una occisa\u2026casual, an\u00f3nima, ni siquiera \u201cdom\u00e9stica\u201d.<br \/>\n\u00bfAlguien conoce la soluci\u00f3n para semejante desprop\u00f3sito? Ni la ley, ni la polic\u00eda, ni las consejerxs jur\u00eddicxs, ni los medios de comunicaci\u00f3n atinan, o no desean atinar con el remedio adecuado.<br \/>\nResignada, me he comprado una pistola de juguete a 1 euro. Ser\u00e9 tonta, pero sujetarla en la mano me da cierta seguridad. Aunque sin balas, y si valgo cincuenta euros (con pistola cincuenta y uno)\u2026 \u00bfCu\u00e1nto dar\u00e1n por m\u00ed, por los cad\u00e1veres de tantas amenazadas a quienes la justicia no ha querido o\u00edr permitiendo que el verdugo salga indemne de su delito?<\/p>\n<p>Lo m\u00e1s seguro es que nadie pague un c\u00e9ntimo en alguna escuela de medicina, viernes por las ma\u00f1anas, a las 11 horas, c\u00e1tedra de patolog\u00eda forense.<\/p>\n<p>&nbsp;<\/p>\n<p>De la antolog\u00eda espa\u00f1ola \u00abNo s\u00f3lo duelen los golpes\u00bb, una reflexi\u00f3n sobre la violencia contra las mujeres en colaboraci\u00f3n con \u00c1ngeles Caso, Rosa Montero, Rosa Reg\u00e1s, Cristina Peri Rossi, Espido Freire, Soledad Pu\u00e9rtolas e Isabel Coixet, entre otras. Pr\u00f3logo de M\u00aa Teresa Fern\u00e1ndez de la Vega, Ministra de la Presidencia de Espa\u00f1a. Servicio de Publicaciones, Universidad de C\u00f3rdoba, Espa\u00f1a, 2008. ISBN: 978-84-7801-884-0. Direcci\u00f3n: Javier Montilla.<\/p>\n<p>&nbsp;<\/p>\n","protected":false},"excerpt":{"rendered":"<p>Por Susana Guzner Frente a mi casa, seis metros calle de por medio, vive un sujeto sumamente violento, salvaje, borracho perenne. Desde su ventana blasfema, arroja objetos contundentes a nuestras casas y a lxs peatones, atruena d\u00eda y noche con sus insultos e intimidaciones y tiene en su haber cientos de denuncias del vecindario, las [&hellip;]<\/p>\n","protected":false},"author":4,"featured_media":30919,"comment_status":"open","ping_status":"open","sticky":false,"template":"","format":"standard","meta":{"iawp_total_views":65,"footnotes":""},"categories":[32],"tags":[],"class_list":["post-30918","post","type-post","status-publish","format-standard","has-post-thumbnail","hentry","category-mujeres"],"nelio_content":{"autoShareEndMode":"never","automationSources":{"useCustomSentences":false,"customSentences":[]},"efiAlt":"","efiUrl":"","followers":[4],"highlights":[],"isAutoShareEnabled":true,"networkImageIds":[],"permalinkQueryArgs":[],"series":[],"suggestedReferences":[]},"yoast_head":"<!-- This site is optimized with the Yoast SEO plugin v27.5 - https:\/\/yoast.com\/product\/yoast-seo-wordpress\/ -->\n<title>\u00bfCu\u00e1nto vale una mujer? - Diario Digital Femenino<\/title>\n<meta name=\"description\" content=\"\u00bfCu\u00e1nto vale una mujer? Por Susana Guzner. De la antolog\u00eda espa\u00f1ola &quot;No s\u00f3lo duelen los golpes&quot;, una reflexi\u00f3n sobre la violencia contra las mujeres.\" \/>\n<meta name=\"robots\" content=\"index, follow, max-snippet:-1, max-image-preview:large, max-video-preview:-1\" \/>\n<link rel=\"canonical\" href=\"https:\/\/diariofemenino.com.ar\/df\/cuanto-vale-una-mujer\/\" \/>\n<meta property=\"og:locale\" content=\"es_ES\" \/>\n<meta property=\"og:type\" content=\"article\" \/>\n<meta property=\"og:title\" content=\"\u00bfCu\u00e1nto vale una mujer? - Diario Digital Femenino\" \/>\n<meta property=\"og:description\" content=\"\u00bfCu\u00e1nto vale una mujer? Por Susana Guzner. De la antolog\u00eda espa\u00f1ola &quot;No s\u00f3lo duelen los golpes&quot;, una reflexi\u00f3n sobre la violencia contra las mujeres.\" \/>\n<meta property=\"og:url\" content=\"https:\/\/diariofemenino.com.ar\/df\/cuanto-vale-una-mujer\/\" \/>\n<meta property=\"og:site_name\" content=\"Diario Digital Femenino\" \/>\n<meta property=\"article:publisher\" content=\"https:\/\/www.facebook.com\/DiarioDigitaFemenino\/\" \/>\n<meta property=\"article:published_time\" content=\"2019-01-22T20:15:33+00:00\" \/>\n<meta property=\"og:image\" content=\"https:\/\/diariofemenino.com.ar\/df\/wp-content\/uploads\/2019\/01\/49589698_1262465300568493_4291617131314806784_n.jpg\" \/>\n\t<meta property=\"og:image:width\" content=\"700\" \/>\n\t<meta property=\"og:image:height\" content=\"907\" \/>\n\t<meta property=\"og:image:type\" content=\"image\/jpeg\" \/>\n<meta name=\"author\" content=\"Admin\" \/>\n<meta name=\"twitter:card\" content=\"summary_large_image\" \/>\n<meta name=\"twitter:creator\" content=\"@DiarioFemenino1\" \/>\n<meta name=\"twitter:site\" content=\"@DiarioFemenino1\" \/>\n<meta name=\"twitter:label1\" content=\"Escrito por\" \/>\n\t<meta name=\"twitter:data1\" content=\"Admin\" \/>\n\t<meta name=\"twitter:label2\" content=\"Tiempo de lectura\" \/>\n\t<meta name=\"twitter:data2\" content=\"7 minutos\" \/>\n<script type=\"application\/ld+json\" class=\"yoast-schema-graph\">{\"@context\":\"https:\\\/\\\/schema.org\",\"@graph\":[{\"@type\":\"Article\",\"@id\":\"https:\\\/\\\/diariofemenino.com.ar\\\/df\\\/cuanto-vale-una-mujer\\\/#article\",\"isPartOf\":{\"@id\":\"https:\\\/\\\/diariofemenino.com.ar\\\/df\\\/cuanto-vale-una-mujer\\\/\"},\"author\":{\"name\":\"Admin\",\"@id\":\"https:\\\/\\\/diariofemenino.com.ar\\\/df\\\/#\\\/schema\\\/person\\\/bf6199e8158c657ea6f789b11ec85509\"},\"headline\":\"\u00bfCu\u00e1nto vale una mujer?\",\"datePublished\":\"2019-01-22T20:15:33+00:00\",\"mainEntityOfPage\":{\"@id\":\"https:\\\/\\\/diariofemenino.com.ar\\\/df\\\/cuanto-vale-una-mujer\\\/\"},\"wordCount\":1318,\"commentCount\":0,\"publisher\":{\"@id\":\"https:\\\/\\\/diariofemenino.com.ar\\\/df\\\/#organization\"},\"image\":{\"@id\":\"https:\\\/\\\/diariofemenino.com.ar\\\/df\\\/cuanto-vale-una-mujer\\\/#primaryimage\"},\"thumbnailUrl\":\"https:\\\/\\\/diariofemenino.com.ar\\\/df\\\/wp-content\\\/uploads\\\/2019\\\/01\\\/49589698_1262465300568493_4291617131314806784_n.jpg\",\"articleSection\":[\"Mujeres\"],\"inLanguage\":\"es\",\"potentialAction\":[{\"@type\":\"CommentAction\",\"name\":\"Comment\",\"target\":[\"https:\\\/\\\/diariofemenino.com.ar\\\/df\\\/cuanto-vale-una-mujer\\\/#respond\"]}]},{\"@type\":\"WebPage\",\"@id\":\"https:\\\/\\\/diariofemenino.com.ar\\\/df\\\/cuanto-vale-una-mujer\\\/\",\"url\":\"https:\\\/\\\/diariofemenino.com.ar\\\/df\\\/cuanto-vale-una-mujer\\\/\",\"name\":\"\u00bfCu\u00e1nto vale una mujer? - Diario Digital Femenino\",\"isPartOf\":{\"@id\":\"https:\\\/\\\/diariofemenino.com.ar\\\/df\\\/#website\"},\"primaryImageOfPage\":{\"@id\":\"https:\\\/\\\/diariofemenino.com.ar\\\/df\\\/cuanto-vale-una-mujer\\\/#primaryimage\"},\"image\":{\"@id\":\"https:\\\/\\\/diariofemenino.com.ar\\\/df\\\/cuanto-vale-una-mujer\\\/#primaryimage\"},\"thumbnailUrl\":\"https:\\\/\\\/diariofemenino.com.ar\\\/df\\\/wp-content\\\/uploads\\\/2019\\\/01\\\/49589698_1262465300568493_4291617131314806784_n.jpg\",\"datePublished\":\"2019-01-22T20:15:33+00:00\",\"description\":\"\u00bfCu\u00e1nto vale una mujer? Por Susana Guzner. De la antolog\u00eda espa\u00f1ola \\\"No s\u00f3lo duelen los golpes\\\", una reflexi\u00f3n sobre la violencia contra las mujeres.\",\"breadcrumb\":{\"@id\":\"https:\\\/\\\/diariofemenino.com.ar\\\/df\\\/cuanto-vale-una-mujer\\\/#breadcrumb\"},\"inLanguage\":\"es\",\"potentialAction\":[{\"@type\":\"ReadAction\",\"target\":[\"https:\\\/\\\/diariofemenino.com.ar\\\/df\\\/cuanto-vale-una-mujer\\\/\"]}]},{\"@type\":\"ImageObject\",\"inLanguage\":\"es\",\"@id\":\"https:\\\/\\\/diariofemenino.com.ar\\\/df\\\/cuanto-vale-una-mujer\\\/#primaryimage\",\"url\":\"https:\\\/\\\/diariofemenino.com.ar\\\/df\\\/wp-content\\\/uploads\\\/2019\\\/01\\\/49589698_1262465300568493_4291617131314806784_n.jpg\",\"contentUrl\":\"https:\\\/\\\/diariofemenino.com.ar\\\/df\\\/wp-content\\\/uploads\\\/2019\\\/01\\\/49589698_1262465300568493_4291617131314806784_n.jpg\",\"width\":700,\"height\":907},{\"@type\":\"BreadcrumbList\",\"@id\":\"https:\\\/\\\/diariofemenino.com.ar\\\/df\\\/cuanto-vale-una-mujer\\\/#breadcrumb\",\"itemListElement\":[{\"@type\":\"ListItem\",\"position\":1,\"name\":\"Portada\",\"item\":\"https:\\\/\\\/diariofemenino.com.ar\\\/df\\\/\"},{\"@type\":\"ListItem\",\"position\":2,\"name\":\"\u00bfCu\u00e1nto vale una mujer?\"}]},{\"@type\":\"WebSite\",\"@id\":\"https:\\\/\\\/diariofemenino.com.ar\\\/df\\\/#website\",\"url\":\"https:\\\/\\\/diariofemenino.com.ar\\\/df\\\/\",\"name\":\"Diario Digital Femenino\",\"description\":\"Cuesti\u00f3n de G\u00e9nero\",\"publisher\":{\"@id\":\"https:\\\/\\\/diariofemenino.com.ar\\\/df\\\/#organization\"},\"potentialAction\":[{\"@type\":\"SearchAction\",\"target\":{\"@type\":\"EntryPoint\",\"urlTemplate\":\"https:\\\/\\\/diariofemenino.com.ar\\\/df\\\/?s={search_term_string}\"},\"query-input\":{\"@type\":\"PropertyValueSpecification\",\"valueRequired\":true,\"valueName\":\"search_term_string\"}}],\"inLanguage\":\"es\"},{\"@type\":\"Organization\",\"@id\":\"https:\\\/\\\/diariofemenino.com.ar\\\/df\\\/#organization\",\"name\":\"Diario Femenino\",\"url\":\"https:\\\/\\\/diariofemenino.com.ar\\\/df\\\/\",\"logo\":{\"@type\":\"ImageObject\",\"inLanguage\":\"es\",\"@id\":\"https:\\\/\\\/diariofemenino.com.ar\\\/df\\\/#\\\/schema\\\/logo\\\/image\\\/\",\"url\":\"https:\\\/\\\/diariofemenino.com.ar\\\/df\\\/wp-content\\\/uploads\\\/2018\\\/10\\\/logo.png\",\"contentUrl\":\"https:\\\/\\\/diariofemenino.com.ar\\\/df\\\/wp-content\\\/uploads\\\/2018\\\/10\\\/logo.png\",\"width\":500,\"height\":92,\"caption\":\"Diario Femenino\"},\"image\":{\"@id\":\"https:\\\/\\\/diariofemenino.com.ar\\\/df\\\/#\\\/schema\\\/logo\\\/image\\\/\"},\"sameAs\":[\"https:\\\/\\\/www.facebook.com\\\/DiarioDigitaFemenino\\\/\",\"https:\\\/\\\/x.com\\\/DiarioFemenino1\"]},{\"@type\":\"Person\",\"@id\":\"https:\\\/\\\/diariofemenino.com.ar\\\/df\\\/#\\\/schema\\\/person\\\/bf6199e8158c657ea6f789b11ec85509\",\"name\":\"Admin\",\"image\":{\"@type\":\"ImageObject\",\"inLanguage\":\"es\",\"@id\":\"https:\\\/\\\/diariofemenino.com.ar\\\/df\\\/wp-content\\\/uploads\\\/2018\\\/12\\\/favicon-150x150.jpg\",\"url\":\"https:\\\/\\\/diariofemenino.com.ar\\\/df\\\/wp-content\\\/uploads\\\/2018\\\/12\\\/favicon-150x150.jpg\",\"contentUrl\":\"https:\\\/\\\/diariofemenino.com.ar\\\/df\\\/wp-content\\\/uploads\\\/2018\\\/12\\\/favicon-150x150.jpg\",\"caption\":\"Admin\"},\"url\":\"https:\\\/\\\/diariofemenino.com.ar\\\/df\\\/author\\\/lenny\\\/\"}]}<\/script>\n<!-- \/ Yoast SEO plugin. -->","yoast_head_json":{"title":"\u00bfCu\u00e1nto vale una mujer? - Diario Digital Femenino","description":"\u00bfCu\u00e1nto vale una mujer? Por Susana Guzner. De la antolog\u00eda espa\u00f1ola \"No s\u00f3lo duelen los golpes\", una reflexi\u00f3n sobre la violencia contra las mujeres.","robots":{"index":"index","follow":"follow","max-snippet":"max-snippet:-1","max-image-preview":"max-image-preview:large","max-video-preview":"max-video-preview:-1"},"canonical":"https:\/\/diariofemenino.com.ar\/df\/cuanto-vale-una-mujer\/","og_locale":"es_ES","og_type":"article","og_title":"\u00bfCu\u00e1nto vale una mujer? - Diario Digital Femenino","og_description":"\u00bfCu\u00e1nto vale una mujer? Por Susana Guzner. De la antolog\u00eda espa\u00f1ola \"No s\u00f3lo duelen los golpes\", una reflexi\u00f3n sobre la violencia contra las mujeres.","og_url":"https:\/\/diariofemenino.com.ar\/df\/cuanto-vale-una-mujer\/","og_site_name":"Diario Digital Femenino","article_publisher":"https:\/\/www.facebook.com\/DiarioDigitaFemenino\/","article_published_time":"2019-01-22T20:15:33+00:00","og_image":[{"width":700,"height":907,"url":"https:\/\/diariofemenino.com.ar\/df\/wp-content\/uploads\/2019\/01\/49589698_1262465300568493_4291617131314806784_n.jpg","type":"image\/jpeg"}],"author":"Admin","twitter_card":"summary_large_image","twitter_creator":"@DiarioFemenino1","twitter_site":"@DiarioFemenino1","twitter_misc":{"Escrito por":"Admin","Tiempo de lectura":"7 minutos"},"schema":{"@context":"https:\/\/schema.org","@graph":[{"@type":"Article","@id":"https:\/\/diariofemenino.com.ar\/df\/cuanto-vale-una-mujer\/#article","isPartOf":{"@id":"https:\/\/diariofemenino.com.ar\/df\/cuanto-vale-una-mujer\/"},"author":{"name":"Admin","@id":"https:\/\/diariofemenino.com.ar\/df\/#\/schema\/person\/bf6199e8158c657ea6f789b11ec85509"},"headline":"\u00bfCu\u00e1nto vale una mujer?","datePublished":"2019-01-22T20:15:33+00:00","mainEntityOfPage":{"@id":"https:\/\/diariofemenino.com.ar\/df\/cuanto-vale-una-mujer\/"},"wordCount":1318,"commentCount":0,"publisher":{"@id":"https:\/\/diariofemenino.com.ar\/df\/#organization"},"image":{"@id":"https:\/\/diariofemenino.com.ar\/df\/cuanto-vale-una-mujer\/#primaryimage"},"thumbnailUrl":"https:\/\/diariofemenino.com.ar\/df\/wp-content\/uploads\/2019\/01\/49589698_1262465300568493_4291617131314806784_n.jpg","articleSection":["Mujeres"],"inLanguage":"es","potentialAction":[{"@type":"CommentAction","name":"Comment","target":["https:\/\/diariofemenino.com.ar\/df\/cuanto-vale-una-mujer\/#respond"]}]},{"@type":"WebPage","@id":"https:\/\/diariofemenino.com.ar\/df\/cuanto-vale-una-mujer\/","url":"https:\/\/diariofemenino.com.ar\/df\/cuanto-vale-una-mujer\/","name":"\u00bfCu\u00e1nto vale una mujer? - Diario Digital Femenino","isPartOf":{"@id":"https:\/\/diariofemenino.com.ar\/df\/#website"},"primaryImageOfPage":{"@id":"https:\/\/diariofemenino.com.ar\/df\/cuanto-vale-una-mujer\/#primaryimage"},"image":{"@id":"https:\/\/diariofemenino.com.ar\/df\/cuanto-vale-una-mujer\/#primaryimage"},"thumbnailUrl":"https:\/\/diariofemenino.com.ar\/df\/wp-content\/uploads\/2019\/01\/49589698_1262465300568493_4291617131314806784_n.jpg","datePublished":"2019-01-22T20:15:33+00:00","description":"\u00bfCu\u00e1nto vale una mujer? Por Susana Guzner. De la antolog\u00eda espa\u00f1ola \"No s\u00f3lo duelen los golpes\", una reflexi\u00f3n sobre la violencia contra las mujeres.","breadcrumb":{"@id":"https:\/\/diariofemenino.com.ar\/df\/cuanto-vale-una-mujer\/#breadcrumb"},"inLanguage":"es","potentialAction":[{"@type":"ReadAction","target":["https:\/\/diariofemenino.com.ar\/df\/cuanto-vale-una-mujer\/"]}]},{"@type":"ImageObject","inLanguage":"es","@id":"https:\/\/diariofemenino.com.ar\/df\/cuanto-vale-una-mujer\/#primaryimage","url":"https:\/\/diariofemenino.com.ar\/df\/wp-content\/uploads\/2019\/01\/49589698_1262465300568493_4291617131314806784_n.jpg","contentUrl":"https:\/\/diariofemenino.com.ar\/df\/wp-content\/uploads\/2019\/01\/49589698_1262465300568493_4291617131314806784_n.jpg","width":700,"height":907},{"@type":"BreadcrumbList","@id":"https:\/\/diariofemenino.com.ar\/df\/cuanto-vale-una-mujer\/#breadcrumb","itemListElement":[{"@type":"ListItem","position":1,"name":"Portada","item":"https:\/\/diariofemenino.com.ar\/df\/"},{"@type":"ListItem","position":2,"name":"\u00bfCu\u00e1nto vale una mujer?"}]},{"@type":"WebSite","@id":"https:\/\/diariofemenino.com.ar\/df\/#website","url":"https:\/\/diariofemenino.com.ar\/df\/","name":"Diario Digital Femenino","description":"Cuesti\u00f3n de G\u00e9nero","publisher":{"@id":"https:\/\/diariofemenino.com.ar\/df\/#organization"},"potentialAction":[{"@type":"SearchAction","target":{"@type":"EntryPoint","urlTemplate":"https:\/\/diariofemenino.com.ar\/df\/?s={search_term_string}"},"query-input":{"@type":"PropertyValueSpecification","valueRequired":true,"valueName":"search_term_string"}}],"inLanguage":"es"},{"@type":"Organization","@id":"https:\/\/diariofemenino.com.ar\/df\/#organization","name":"Diario Femenino","url":"https:\/\/diariofemenino.com.ar\/df\/","logo":{"@type":"ImageObject","inLanguage":"es","@id":"https:\/\/diariofemenino.com.ar\/df\/#\/schema\/logo\/image\/","url":"https:\/\/diariofemenino.com.ar\/df\/wp-content\/uploads\/2018\/10\/logo.png","contentUrl":"https:\/\/diariofemenino.com.ar\/df\/wp-content\/uploads\/2018\/10\/logo.png","width":500,"height":92,"caption":"Diario Femenino"},"image":{"@id":"https:\/\/diariofemenino.com.ar\/df\/#\/schema\/logo\/image\/"},"sameAs":["https:\/\/www.facebook.com\/DiarioDigitaFemenino\/","https:\/\/x.com\/DiarioFemenino1"]},{"@type":"Person","@id":"https:\/\/diariofemenino.com.ar\/df\/#\/schema\/person\/bf6199e8158c657ea6f789b11ec85509","name":"Admin","image":{"@type":"ImageObject","inLanguage":"es","@id":"https:\/\/diariofemenino.com.ar\/df\/wp-content\/uploads\/2018\/12\/favicon-150x150.jpg","url":"https:\/\/diariofemenino.com.ar\/df\/wp-content\/uploads\/2018\/12\/favicon-150x150.jpg","contentUrl":"https:\/\/diariofemenino.com.ar\/df\/wp-content\/uploads\/2018\/12\/favicon-150x150.jpg","caption":"Admin"},"url":"https:\/\/diariofemenino.com.ar\/df\/author\/lenny\/"}]}},"jetpack_featured_media_url":"https:\/\/diariofemenino.com.ar\/df\/wp-content\/uploads\/2019\/01\/49589698_1262465300568493_4291617131314806784_n.jpg","jetpack_sharing_enabled":true,"rttpg_featured_image_url":{"full":["https:\/\/diariofemenino.com.ar\/df\/wp-content\/uploads\/2019\/01\/49589698_1262465300568493_4291617131314806784_n.jpg",700,907,false],"landscape":["https:\/\/diariofemenino.com.ar\/df\/wp-content\/uploads\/2019\/01\/49589698_1262465300568493_4291617131314806784_n.jpg",700,907,false],"portraits":["https:\/\/diariofemenino.com.ar\/df\/wp-content\/uploads\/2019\/01\/49589698_1262465300568493_4291617131314806784_n.jpg",700,907,false],"thumbnail":["https:\/\/diariofemenino.com.ar\/df\/wp-content\/uploads\/2019\/01\/49589698_1262465300568493_4291617131314806784_n-150x150.jpg",150,150,true],"medium":["https:\/\/diariofemenino.com.ar\/df\/wp-content\/uploads\/2019\/01\/49589698_1262465300568493_4291617131314806784_n-232x300.jpg",232,300,true],"large":["https:\/\/diariofemenino.com.ar\/df\/wp-content\/uploads\/2019\/01\/49589698_1262465300568493_4291617131314806784_n.jpg",700,907,false],"1536x1536":["https:\/\/diariofemenino.com.ar\/df\/wp-content\/uploads\/2019\/01\/49589698_1262465300568493_4291617131314806784_n.jpg",700,907,false],"2048x2048":["https:\/\/diariofemenino.com.ar\/df\/wp-content\/uploads\/2019\/01\/49589698_1262465300568493_4291617131314806784_n.jpg",700,907,false]},"rttpg_author":{"display_name":"Admin","author_link":"https:\/\/diariofemenino.com.ar\/df\/author\/lenny\/"},"rttpg_comment":0,"rttpg_category":"<a href=\"https:\/\/diariofemenino.com.ar\/df\/category\/mujeres\/\" rel=\"category tag\">Mujeres<\/a>","rttpg_excerpt":"Por Susana Guzner Frente a mi casa, seis metros calle de por medio, vive un sujeto sumamente violento, salvaje, borracho perenne. Desde su ventana blasfema, arroja objetos contundentes a nuestras casas y a lxs peatones, atruena d\u00eda y noche con sus insultos e intimidaciones y tiene en su haber cientos de denuncias del vecindario, las&hellip;","_links":{"self":[{"href":"https:\/\/diariofemenino.com.ar\/df\/wp-json\/wp\/v2\/posts\/30918","targetHints":{"allow":["GET"]}}],"collection":[{"href":"https:\/\/diariofemenino.com.ar\/df\/wp-json\/wp\/v2\/posts"}],"about":[{"href":"https:\/\/diariofemenino.com.ar\/df\/wp-json\/wp\/v2\/types\/post"}],"author":[{"embeddable":true,"href":"https:\/\/diariofemenino.com.ar\/df\/wp-json\/wp\/v2\/users\/4"}],"replies":[{"embeddable":true,"href":"https:\/\/diariofemenino.com.ar\/df\/wp-json\/wp\/v2\/comments?post=30918"}],"version-history":[{"count":0,"href":"https:\/\/diariofemenino.com.ar\/df\/wp-json\/wp\/v2\/posts\/30918\/revisions"}],"wp:featuredmedia":[{"embeddable":true,"href":"https:\/\/diariofemenino.com.ar\/df\/wp-json\/wp\/v2\/media\/30919"}],"wp:attachment":[{"href":"https:\/\/diariofemenino.com.ar\/df\/wp-json\/wp\/v2\/media?parent=30918"}],"wp:term":[{"taxonomy":"category","embeddable":true,"href":"https:\/\/diariofemenino.com.ar\/df\/wp-json\/wp\/v2\/categories?post=30918"},{"taxonomy":"post_tag","embeddable":true,"href":"https:\/\/diariofemenino.com.ar\/df\/wp-json\/wp\/v2\/tags?post=30918"}],"curies":[{"name":"wp","href":"https:\/\/api.w.org\/{rel}","templated":true}]}}