{"id":30914,"date":"2019-01-21T11:56:58","date_gmt":"2019-01-21T14:56:58","guid":{"rendered":"https:\/\/diariofemenino.com.ar\/?p=30914"},"modified":"2019-01-21T11:56:58","modified_gmt":"2019-01-21T14:56:58","slug":"9-razones-de-por-que-importa-la-perspectiva-de-genero","status":"publish","type":"post","link":"https:\/\/diariofemenino.com.ar\/df\/9-razones-de-por-que-importa-la-perspectiva-de-genero\/","title":{"rendered":"9 razones de por qu\u00e9 importa la perspectiva de g\u00e9nero"},"content":{"rendered":"<p>Intentamos de manera clara, explicar en apenas nueve puntos por qu\u00e9 es importante para todas las personas formarse con perspectiva de g\u00e9nero desde edad temprana. Este punteo seguramente necesita ampliarse, contamos con los conocimientos e investigaciones de nuestras\/os lectoras\/es para ofrecer una m\u00e1s actualizada e inclusiva mirada sobre el tema.<\/p>\n<blockquote><p><em>\u201cEl g\u00e9nero es una categor\u00eda construida, no natural, que atraviesa tanto la esfera individual<\/em><br \/>\n<em>como la social (\u2026) influye de forma cr\u00edtica en la divisi\u00f3n sexual del trabajo, la distribuci\u00f3n<\/em><br \/>\n<em>de los recursos y la definici\u00f3n de jerarqu\u00edas entre hombres y mujeres en cada sociedad.<\/em><br \/>\n<em>En suma, la construcci\u00f3n social y cultural de las identidades y relaciones sociales de<\/em><br \/>\n<em>g\u00e9nero redunda en el modo diferencial en que hombres y mujeres pueden desarrollarse<\/em><br \/>\n<em>en el marco de las sociedades de pertenencia, a trav\u00e9s de su participaci\u00f3n en la esfera<\/em><br \/>\n<em>familiar, laboral, comunitaria y pol\u00edtica. De este modo, la configuraci\u00f3n de la organizaci\u00f3n<\/em><br \/>\n<em>social de relaciones de g\u00e9nero incide sustantivamente en el ejercicio pleno de los<\/em><br \/>\n<em>derechos humanos de mujeres y varones\u201d<\/em><br \/>\nFaur, E. Desaf\u00edos para la igualdad de g\u00e9nero en la Argentina. &#8211; 1a ed. &#8211; Buenos Aires: Programa Naciones Unidas\u00a0para el Desarrollo &#8211; PNUD, 2008.<\/p><\/blockquote>\n<p><strong>#1.<\/strong>\u00a0Ense\u00f1a a ni\u00f1as y ni\u00f1os a entender que son diferentes entre s\u00ed y que ser diferentes no es malo.<\/p>\n<p><strong>#2.<\/strong>\u00a0Fomenta el respeto y el di\u00e1logo como herramientas para relacionarse m\u00e1s all\u00e1 de las diferencias.<\/p>\n<p><strong>#3.<\/strong>\u00a0\u00a0Resalta el potencial de todas y todos, y elimina las barreras al desarrollo acad\u00e9mico y humano que son creadas por estereotipos de g\u00e9nero.<\/p>\n<p><strong>#4.<\/strong>\u00a0Fomenta pr\u00e1cticas educativas inclusivas en las que se da \u00e9nfasis a la idea de que ni\u00f1as y ni\u00f1os pueden ser igualmente buenos en todas las disciplinas acad\u00e9micas, deportivas y art\u00edsticas.<\/p>\n<p><strong>#5.<\/strong>\u00a0Previene el acoso escolar, la violencia en relaciones de pareja de j\u00f3venes y m\u00e1s tarde en parejas de adultas y adultos.<\/p>\n<p><strong>#6.<\/strong>\u00a0Da a ni\u00f1as y ni\u00f1os las herramientas necesarias para autoevaluarse y superar sus prejuicios.<\/p>\n<p><strong>#7.<\/strong>\u00a0Crea espacios de reflexi\u00f3n para que ni\u00f1as, ni\u00f1os y j\u00f3venes identifiquen la violencia de g\u00e9nero en sus hogares y comunidades y puedan ser agentes de prevenci\u00f3n y transformaci\u00f3n.<\/p>\n<p><strong>#8.<\/strong>\u00a0Aumentar\u00e1 el acceso de ni\u00f1as a oficios y profesiones no tradicionales, y dar\u00e1 espacio a los ni\u00f1os para que escojan carreras que sean afines con su personalidad y capacidades.<\/p>\n<p><strong>#9.<\/strong>\u00a0Ense\u00f1ar\u00e1 el reconocimiento y manejo adecuado de emociones a todas y todos y, con esto, reducir\u00e1 la violencia.<\/p>\n<p>&nbsp;<\/p>\n<p><a href=\"http:\/\/www.indicepr.com\/noticias\/2015\/02\/17\/news\/36861\/9-razones-de-por-que-importa-la-perspectiva-de-genero\/\">Fuente<\/a><\/p>\n","protected":false},"excerpt":{"rendered":"<p>Intentamos de manera clara, explicar en apenas nueve puntos por qu\u00e9 es importante para todas las personas formarse con perspectiva de g\u00e9nero desde edad temprana. Este punteo seguramente necesita ampliarse, contamos con los conocimientos e investigaciones de nuestras\/os lectoras\/es para ofrecer una m\u00e1s actualizada e inclusiva mirada sobre el tema. \u201cEl g\u00e9nero es una categor\u00eda [&hellip;]<\/p>\n","protected":false},"author":4,"featured_media":30916,"comment_status":"open","ping_status":"open","sticky":false,"template":"","format":"standard","meta":{"iawp_total_views":75,"footnotes":""},"categories":[581],"tags":[188],"class_list":["post-30914","post","type-post","status-publish","format-standard","has-post-thumbnail","hentry","category-azul-profundo","tag-perspectiva-de-genero"],"nelio_content":{"autoShareEndMode":"never","automationSources":{"useCustomSentences":false,"customSentences":[]},"efiAlt":"","efiUrl":"","followers":[4],"highlights":[],"isAutoShareEnabled":true,"networkImageIds":[],"permalinkQueryArgs":[],"series":[],"suggestedReferences":[]},"yoast_head":"<!-- This site is optimized with the Yoast SEO plugin v27.5 - https:\/\/yoast.com\/product\/yoast-seo-wordpress\/ -->\n<title>9 razones de por qu\u00e9 importa la perspectiva de g\u00e9nero - Diario Digital Femenino<\/title>\n<meta name=\"description\" content=\"9 razones de por qu\u00e9 importa la perspectiva de g\u00e9nero.\" \/>\n<meta name=\"robots\" content=\"index, follow, max-snippet:-1, max-image-preview:large, max-video-preview:-1\" \/>\n<link rel=\"canonical\" href=\"https:\/\/diariofemenino.com.ar\/df\/9-razones-de-por-que-importa-la-perspectiva-de-genero\/\" \/>\n<meta property=\"og:locale\" content=\"es_ES\" \/>\n<meta property=\"og:type\" content=\"article\" \/>\n<meta property=\"og:title\" content=\"9 razones de por qu\u00e9 importa la perspectiva de g\u00e9nero - Diario Digital Femenino\" \/>\n<meta property=\"og:description\" content=\"9 razones de por qu\u00e9 importa la perspectiva de g\u00e9nero.\" \/>\n<meta property=\"og:url\" content=\"https:\/\/diariofemenino.com.ar\/df\/9-razones-de-por-que-importa-la-perspectiva-de-genero\/\" \/>\n<meta property=\"og:site_name\" content=\"Diario Digital Femenino\" \/>\n<meta property=\"article:publisher\" content=\"https:\/\/www.facebook.com\/DiarioDigitaFemenino\/\" \/>\n<meta property=\"article:published_time\" content=\"2019-01-21T14:56:58+00:00\" \/>\n<meta property=\"og:image\" content=\"https:\/\/diariofemenino.com.ar\/df\/wp-content\/uploads\/2019\/01\/gafas-igualdad1.jpg\" \/>\n\t<meta property=\"og:image:width\" content=\"999\" \/>\n\t<meta property=\"og:image:height\" content=\"381\" \/>\n\t<meta property=\"og:image:type\" content=\"image\/jpeg\" \/>\n<meta name=\"author\" content=\"Admin\" \/>\n<meta name=\"twitter:card\" content=\"summary_large_image\" \/>\n<meta name=\"twitter:creator\" content=\"@DiarioFemenino1\" \/>\n<meta name=\"twitter:site\" content=\"@DiarioFemenino1\" \/>\n<meta name=\"twitter:label1\" content=\"Escrito por\" \/>\n\t<meta name=\"twitter:data1\" content=\"Admin\" \/>\n\t<meta name=\"twitter:label2\" content=\"Tiempo de lectura\" \/>\n\t<meta name=\"twitter:data2\" content=\"2 minutos\" \/>\n<script type=\"application\/ld+json\" class=\"yoast-schema-graph\">{\"@context\":\"https:\\\/\\\/schema.org\",\"@graph\":[{\"@type\":\"Article\",\"@id\":\"https:\\\/\\\/diariofemenino.com.ar\\\/df\\\/9-razones-de-por-que-importa-la-perspectiva-de-genero\\\/#article\",\"isPartOf\":{\"@id\":\"https:\\\/\\\/diariofemenino.com.ar\\\/df\\\/9-razones-de-por-que-importa-la-perspectiva-de-genero\\\/\"},\"author\":{\"name\":\"Admin\",\"@id\":\"https:\\\/\\\/diariofemenino.com.ar\\\/df\\\/#\\\/schema\\\/person\\\/bf6199e8158c657ea6f789b11ec85509\"},\"headline\":\"9 razones de por qu\u00e9 importa la perspectiva de g\u00e9nero\",\"datePublished\":\"2019-01-21T14:56:58+00:00\",\"mainEntityOfPage\":{\"@id\":\"https:\\\/\\\/diariofemenino.com.ar\\\/df\\\/9-razones-de-por-que-importa-la-perspectiva-de-genero\\\/\"},\"wordCount\":450,\"commentCount\":0,\"publisher\":{\"@id\":\"https:\\\/\\\/diariofemenino.com.ar\\\/df\\\/#organization\"},\"image\":{\"@id\":\"https:\\\/\\\/diariofemenino.com.ar\\\/df\\\/9-razones-de-por-que-importa-la-perspectiva-de-genero\\\/#primaryimage\"},\"thumbnailUrl\":\"https:\\\/\\\/diariofemenino.com.ar\\\/df\\\/wp-content\\\/uploads\\\/2019\\\/01\\\/gafas-igualdad1.jpg\",\"keywords\":[\"Perspectiva de g\u00e9nero\"],\"articleSection\":[\"Azul Profundo\"],\"inLanguage\":\"es\",\"potentialAction\":[{\"@type\":\"CommentAction\",\"name\":\"Comment\",\"target\":[\"https:\\\/\\\/diariofemenino.com.ar\\\/df\\\/9-razones-de-por-que-importa-la-perspectiva-de-genero\\\/#respond\"]}]},{\"@type\":\"WebPage\",\"@id\":\"https:\\\/\\\/diariofemenino.com.ar\\\/df\\\/9-razones-de-por-que-importa-la-perspectiva-de-genero\\\/\",\"url\":\"https:\\\/\\\/diariofemenino.com.ar\\\/df\\\/9-razones-de-por-que-importa-la-perspectiva-de-genero\\\/\",\"name\":\"9 razones de por qu\u00e9 importa la perspectiva de g\u00e9nero - Diario Digital Femenino\",\"isPartOf\":{\"@id\":\"https:\\\/\\\/diariofemenino.com.ar\\\/df\\\/#website\"},\"primaryImageOfPage\":{\"@id\":\"https:\\\/\\\/diariofemenino.com.ar\\\/df\\\/9-razones-de-por-que-importa-la-perspectiva-de-genero\\\/#primaryimage\"},\"image\":{\"@id\":\"https:\\\/\\\/diariofemenino.com.ar\\\/df\\\/9-razones-de-por-que-importa-la-perspectiva-de-genero\\\/#primaryimage\"},\"thumbnailUrl\":\"https:\\\/\\\/diariofemenino.com.ar\\\/df\\\/wp-content\\\/uploads\\\/2019\\\/01\\\/gafas-igualdad1.jpg\",\"datePublished\":\"2019-01-21T14:56:58+00:00\",\"description\":\"9 razones de por qu\u00e9 importa la perspectiva de g\u00e9nero.\",\"breadcrumb\":{\"@id\":\"https:\\\/\\\/diariofemenino.com.ar\\\/df\\\/9-razones-de-por-que-importa-la-perspectiva-de-genero\\\/#breadcrumb\"},\"inLanguage\":\"es\",\"potentialAction\":[{\"@type\":\"ReadAction\",\"target\":[\"https:\\\/\\\/diariofemenino.com.ar\\\/df\\\/9-razones-de-por-que-importa-la-perspectiva-de-genero\\\/\"]}]},{\"@type\":\"ImageObject\",\"inLanguage\":\"es\",\"@id\":\"https:\\\/\\\/diariofemenino.com.ar\\\/df\\\/9-razones-de-por-que-importa-la-perspectiva-de-genero\\\/#primaryimage\",\"url\":\"https:\\\/\\\/diariofemenino.com.ar\\\/df\\\/wp-content\\\/uploads\\\/2019\\\/01\\\/gafas-igualdad1.jpg\",\"contentUrl\":\"https:\\\/\\\/diariofemenino.com.ar\\\/df\\\/wp-content\\\/uploads\\\/2019\\\/01\\\/gafas-igualdad1.jpg\",\"width\":999,\"height\":381},{\"@type\":\"BreadcrumbList\",\"@id\":\"https:\\\/\\\/diariofemenino.com.ar\\\/df\\\/9-razones-de-por-que-importa-la-perspectiva-de-genero\\\/#breadcrumb\",\"itemListElement\":[{\"@type\":\"ListItem\",\"position\":1,\"name\":\"Portada\",\"item\":\"https:\\\/\\\/diariofemenino.com.ar\\\/df\\\/\"},{\"@type\":\"ListItem\",\"position\":2,\"name\":\"9 razones de por qu\u00e9 importa la perspectiva de g\u00e9nero\"}]},{\"@type\":\"WebSite\",\"@id\":\"https:\\\/\\\/diariofemenino.com.ar\\\/df\\\/#website\",\"url\":\"https:\\\/\\\/diariofemenino.com.ar\\\/df\\\/\",\"name\":\"Diario Digital Femenino\",\"description\":\"Cuesti\u00f3n de G\u00e9nero\",\"publisher\":{\"@id\":\"https:\\\/\\\/diariofemenino.com.ar\\\/df\\\/#organization\"},\"potentialAction\":[{\"@type\":\"SearchAction\",\"target\":{\"@type\":\"EntryPoint\",\"urlTemplate\":\"https:\\\/\\\/diariofemenino.com.ar\\\/df\\\/?s={search_term_string}\"},\"query-input\":{\"@type\":\"PropertyValueSpecification\",\"valueRequired\":true,\"valueName\":\"search_term_string\"}}],\"inLanguage\":\"es\"},{\"@type\":\"Organization\",\"@id\":\"https:\\\/\\\/diariofemenino.com.ar\\\/df\\\/#organization\",\"name\":\"Diario Femenino\",\"url\":\"https:\\\/\\\/diariofemenino.com.ar\\\/df\\\/\",\"logo\":{\"@type\":\"ImageObject\",\"inLanguage\":\"es\",\"@id\":\"https:\\\/\\\/diariofemenino.com.ar\\\/df\\\/#\\\/schema\\\/logo\\\/image\\\/\",\"url\":\"https:\\\/\\\/diariofemenino.com.ar\\\/df\\\/wp-content\\\/uploads\\\/2018\\\/10\\\/logo.png\",\"contentUrl\":\"https:\\\/\\\/diariofemenino.com.ar\\\/df\\\/wp-content\\\/uploads\\\/2018\\\/10\\\/logo.png\",\"width\":500,\"height\":92,\"caption\":\"Diario Femenino\"},\"image\":{\"@id\":\"https:\\\/\\\/diariofemenino.com.ar\\\/df\\\/#\\\/schema\\\/logo\\\/image\\\/\"},\"sameAs\":[\"https:\\\/\\\/www.facebook.com\\\/DiarioDigitaFemenino\\\/\",\"https:\\\/\\\/x.com\\\/DiarioFemenino1\"]},{\"@type\":\"Person\",\"@id\":\"https:\\\/\\\/diariofemenino.com.ar\\\/df\\\/#\\\/schema\\\/person\\\/bf6199e8158c657ea6f789b11ec85509\",\"name\":\"Admin\",\"image\":{\"@type\":\"ImageObject\",\"inLanguage\":\"es\",\"@id\":\"https:\\\/\\\/diariofemenino.com.ar\\\/df\\\/wp-content\\\/uploads\\\/2018\\\/12\\\/favicon-150x150.jpg\",\"url\":\"https:\\\/\\\/diariofemenino.com.ar\\\/df\\\/wp-content\\\/uploads\\\/2018\\\/12\\\/favicon-150x150.jpg\",\"contentUrl\":\"https:\\\/\\\/diariofemenino.com.ar\\\/df\\\/wp-content\\\/uploads\\\/2018\\\/12\\\/favicon-150x150.jpg\",\"caption\":\"Admin\"},\"url\":\"https:\\\/\\\/diariofemenino.com.ar\\\/df\\\/author\\\/lenny\\\/\"}]}<\/script>\n<!-- \/ Yoast SEO plugin. -->","yoast_head_json":{"title":"9 razones de por qu\u00e9 importa la perspectiva de g\u00e9nero - Diario Digital Femenino","description":"9 razones de por qu\u00e9 importa la perspectiva de g\u00e9nero.","robots":{"index":"index","follow":"follow","max-snippet":"max-snippet:-1","max-image-preview":"max-image-preview:large","max-video-preview":"max-video-preview:-1"},"canonical":"https:\/\/diariofemenino.com.ar\/df\/9-razones-de-por-que-importa-la-perspectiva-de-genero\/","og_locale":"es_ES","og_type":"article","og_title":"9 razones de por qu\u00e9 importa la perspectiva de g\u00e9nero - Diario Digital Femenino","og_description":"9 razones de por qu\u00e9 importa la perspectiva de g\u00e9nero.","og_url":"https:\/\/diariofemenino.com.ar\/df\/9-razones-de-por-que-importa-la-perspectiva-de-genero\/","og_site_name":"Diario Digital Femenino","article_publisher":"https:\/\/www.facebook.com\/DiarioDigitaFemenino\/","article_published_time":"2019-01-21T14:56:58+00:00","og_image":[{"width":999,"height":381,"url":"https:\/\/diariofemenino.com.ar\/df\/wp-content\/uploads\/2019\/01\/gafas-igualdad1.jpg","type":"image\/jpeg"}],"author":"Admin","twitter_card":"summary_large_image","twitter_creator":"@DiarioFemenino1","twitter_site":"@DiarioFemenino1","twitter_misc":{"Escrito por":"Admin","Tiempo de lectura":"2 minutos"},"schema":{"@context":"https:\/\/schema.org","@graph":[{"@type":"Article","@id":"https:\/\/diariofemenino.com.ar\/df\/9-razones-de-por-que-importa-la-perspectiva-de-genero\/#article","isPartOf":{"@id":"https:\/\/diariofemenino.com.ar\/df\/9-razones-de-por-que-importa-la-perspectiva-de-genero\/"},"author":{"name":"Admin","@id":"https:\/\/diariofemenino.com.ar\/df\/#\/schema\/person\/bf6199e8158c657ea6f789b11ec85509"},"headline":"9 razones de por qu\u00e9 importa la perspectiva de g\u00e9nero","datePublished":"2019-01-21T14:56:58+00:00","mainEntityOfPage":{"@id":"https:\/\/diariofemenino.com.ar\/df\/9-razones-de-por-que-importa-la-perspectiva-de-genero\/"},"wordCount":450,"commentCount":0,"publisher":{"@id":"https:\/\/diariofemenino.com.ar\/df\/#organization"},"image":{"@id":"https:\/\/diariofemenino.com.ar\/df\/9-razones-de-por-que-importa-la-perspectiva-de-genero\/#primaryimage"},"thumbnailUrl":"https:\/\/diariofemenino.com.ar\/df\/wp-content\/uploads\/2019\/01\/gafas-igualdad1.jpg","keywords":["Perspectiva de g\u00e9nero"],"articleSection":["Azul Profundo"],"inLanguage":"es","potentialAction":[{"@type":"CommentAction","name":"Comment","target":["https:\/\/diariofemenino.com.ar\/df\/9-razones-de-por-que-importa-la-perspectiva-de-genero\/#respond"]}]},{"@type":"WebPage","@id":"https:\/\/diariofemenino.com.ar\/df\/9-razones-de-por-que-importa-la-perspectiva-de-genero\/","url":"https:\/\/diariofemenino.com.ar\/df\/9-razones-de-por-que-importa-la-perspectiva-de-genero\/","name":"9 razones de por qu\u00e9 importa la perspectiva de g\u00e9nero - Diario Digital Femenino","isPartOf":{"@id":"https:\/\/diariofemenino.com.ar\/df\/#website"},"primaryImageOfPage":{"@id":"https:\/\/diariofemenino.com.ar\/df\/9-razones-de-por-que-importa-la-perspectiva-de-genero\/#primaryimage"},"image":{"@id":"https:\/\/diariofemenino.com.ar\/df\/9-razones-de-por-que-importa-la-perspectiva-de-genero\/#primaryimage"},"thumbnailUrl":"https:\/\/diariofemenino.com.ar\/df\/wp-content\/uploads\/2019\/01\/gafas-igualdad1.jpg","datePublished":"2019-01-21T14:56:58+00:00","description":"9 razones de por qu\u00e9 importa la perspectiva de g\u00e9nero.","breadcrumb":{"@id":"https:\/\/diariofemenino.com.ar\/df\/9-razones-de-por-que-importa-la-perspectiva-de-genero\/#breadcrumb"},"inLanguage":"es","potentialAction":[{"@type":"ReadAction","target":["https:\/\/diariofemenino.com.ar\/df\/9-razones-de-por-que-importa-la-perspectiva-de-genero\/"]}]},{"@type":"ImageObject","inLanguage":"es","@id":"https:\/\/diariofemenino.com.ar\/df\/9-razones-de-por-que-importa-la-perspectiva-de-genero\/#primaryimage","url":"https:\/\/diariofemenino.com.ar\/df\/wp-content\/uploads\/2019\/01\/gafas-igualdad1.jpg","contentUrl":"https:\/\/diariofemenino.com.ar\/df\/wp-content\/uploads\/2019\/01\/gafas-igualdad1.jpg","width":999,"height":381},{"@type":"BreadcrumbList","@id":"https:\/\/diariofemenino.com.ar\/df\/9-razones-de-por-que-importa-la-perspectiva-de-genero\/#breadcrumb","itemListElement":[{"@type":"ListItem","position":1,"name":"Portada","item":"https:\/\/diariofemenino.com.ar\/df\/"},{"@type":"ListItem","position":2,"name":"9 razones de por qu\u00e9 importa la perspectiva de g\u00e9nero"}]},{"@type":"WebSite","@id":"https:\/\/diariofemenino.com.ar\/df\/#website","url":"https:\/\/diariofemenino.com.ar\/df\/","name":"Diario Digital Femenino","description":"Cuesti\u00f3n de G\u00e9nero","publisher":{"@id":"https:\/\/diariofemenino.com.ar\/df\/#organization"},"potentialAction":[{"@type":"SearchAction","target":{"@type":"EntryPoint","urlTemplate":"https:\/\/diariofemenino.com.ar\/df\/?s={search_term_string}"},"query-input":{"@type":"PropertyValueSpecification","valueRequired":true,"valueName":"search_term_string"}}],"inLanguage":"es"},{"@type":"Organization","@id":"https:\/\/diariofemenino.com.ar\/df\/#organization","name":"Diario Femenino","url":"https:\/\/diariofemenino.com.ar\/df\/","logo":{"@type":"ImageObject","inLanguage":"es","@id":"https:\/\/diariofemenino.com.ar\/df\/#\/schema\/logo\/image\/","url":"https:\/\/diariofemenino.com.ar\/df\/wp-content\/uploads\/2018\/10\/logo.png","contentUrl":"https:\/\/diariofemenino.com.ar\/df\/wp-content\/uploads\/2018\/10\/logo.png","width":500,"height":92,"caption":"Diario Femenino"},"image":{"@id":"https:\/\/diariofemenino.com.ar\/df\/#\/schema\/logo\/image\/"},"sameAs":["https:\/\/www.facebook.com\/DiarioDigitaFemenino\/","https:\/\/x.com\/DiarioFemenino1"]},{"@type":"Person","@id":"https:\/\/diariofemenino.com.ar\/df\/#\/schema\/person\/bf6199e8158c657ea6f789b11ec85509","name":"Admin","image":{"@type":"ImageObject","inLanguage":"es","@id":"https:\/\/diariofemenino.com.ar\/df\/wp-content\/uploads\/2018\/12\/favicon-150x150.jpg","url":"https:\/\/diariofemenino.com.ar\/df\/wp-content\/uploads\/2018\/12\/favicon-150x150.jpg","contentUrl":"https:\/\/diariofemenino.com.ar\/df\/wp-content\/uploads\/2018\/12\/favicon-150x150.jpg","caption":"Admin"},"url":"https:\/\/diariofemenino.com.ar\/df\/author\/lenny\/"}]}},"jetpack_featured_media_url":"https:\/\/diariofemenino.com.ar\/df\/wp-content\/uploads\/2019\/01\/gafas-igualdad1.jpg","jetpack_sharing_enabled":true,"rttpg_featured_image_url":{"full":["https:\/\/diariofemenino.com.ar\/df\/wp-content\/uploads\/2019\/01\/gafas-igualdad1.jpg",999,381,false],"landscape":["https:\/\/diariofemenino.com.ar\/df\/wp-content\/uploads\/2019\/01\/gafas-igualdad1.jpg",999,381,false],"portraits":["https:\/\/diariofemenino.com.ar\/df\/wp-content\/uploads\/2019\/01\/gafas-igualdad1.jpg",999,381,false],"thumbnail":["https:\/\/diariofemenino.com.ar\/df\/wp-content\/uploads\/2019\/01\/gafas-igualdad1-150x150.jpg",150,150,true],"medium":["https:\/\/diariofemenino.com.ar\/df\/wp-content\/uploads\/2019\/01\/gafas-igualdad1-300x114.jpg",300,114,true],"large":["https:\/\/diariofemenino.com.ar\/df\/wp-content\/uploads\/2019\/01\/gafas-igualdad1.jpg",999,381,false],"1536x1536":["https:\/\/diariofemenino.com.ar\/df\/wp-content\/uploads\/2019\/01\/gafas-igualdad1.jpg",999,381,false],"2048x2048":["https:\/\/diariofemenino.com.ar\/df\/wp-content\/uploads\/2019\/01\/gafas-igualdad1.jpg",999,381,false]},"rttpg_author":{"display_name":"Admin","author_link":"https:\/\/diariofemenino.com.ar\/df\/author\/lenny\/"},"rttpg_comment":0,"rttpg_category":"<a href=\"https:\/\/diariofemenino.com.ar\/df\/category\/azul-profundo\/\" rel=\"category tag\">Azul Profundo<\/a>","rttpg_excerpt":"Intentamos de manera clara, explicar en apenas nueve puntos por qu\u00e9 es importante para todas las personas formarse con perspectiva de g\u00e9nero desde edad temprana. Este punteo seguramente necesita ampliarse, contamos con los conocimientos e investigaciones de nuestras\/os lectoras\/es para ofrecer una m\u00e1s actualizada e inclusiva mirada sobre el tema. \u201cEl g\u00e9nero es una categor\u00eda&hellip;","_links":{"self":[{"href":"https:\/\/diariofemenino.com.ar\/df\/wp-json\/wp\/v2\/posts\/30914","targetHints":{"allow":["GET"]}}],"collection":[{"href":"https:\/\/diariofemenino.com.ar\/df\/wp-json\/wp\/v2\/posts"}],"about":[{"href":"https:\/\/diariofemenino.com.ar\/df\/wp-json\/wp\/v2\/types\/post"}],"author":[{"embeddable":true,"href":"https:\/\/diariofemenino.com.ar\/df\/wp-json\/wp\/v2\/users\/4"}],"replies":[{"embeddable":true,"href":"https:\/\/diariofemenino.com.ar\/df\/wp-json\/wp\/v2\/comments?post=30914"}],"version-history":[{"count":0,"href":"https:\/\/diariofemenino.com.ar\/df\/wp-json\/wp\/v2\/posts\/30914\/revisions"}],"wp:featuredmedia":[{"embeddable":true,"href":"https:\/\/diariofemenino.com.ar\/df\/wp-json\/wp\/v2\/media\/30916"}],"wp:attachment":[{"href":"https:\/\/diariofemenino.com.ar\/df\/wp-json\/wp\/v2\/media?parent=30914"}],"wp:term":[{"taxonomy":"category","embeddable":true,"href":"https:\/\/diariofemenino.com.ar\/df\/wp-json\/wp\/v2\/categories?post=30914"},{"taxonomy":"post_tag","embeddable":true,"href":"https:\/\/diariofemenino.com.ar\/df\/wp-json\/wp\/v2\/tags?post=30914"}],"curies":[{"name":"wp","href":"https:\/\/api.w.org\/{rel}","templated":true}]}}