{"id":308,"date":"2012-05-09T18:55:19","date_gmt":"2012-05-09T21:55:19","guid":{"rendered":"http:\/\/www.diariofemenino.com.ar\/?p=308"},"modified":"2012-05-09T18:55:19","modified_gmt":"2012-05-09T21:55:19","slug":"abal-medina-recibio-a-susana-trimarco","status":"publish","type":"post","link":"https:\/\/diariofemenino.com.ar\/df\/abal-medina-recibio-a-susana-trimarco\/","title":{"rendered":"Abal Medina recibi\u00f3 a Susana Trimarco"},"content":{"rendered":"<p><strong>El jefe de Gabinete se reuni\u00f3 con la madre de Marita Ver\u00f3n, la joven secuestrada y desaparecida en 2002, para ratificar el respaldo del gobierno nacional a sus esfuerzos en la b\u00fasqueda de su hija y la lucha contra la trata de personas y la prostituci\u00f3n. Durante el encuentro, concretado en la Casa de Gobierno, Trimarco expres\u00f3 su agradecimiento y coincidieron en la importancia que tiene el trabajo conjunto entre la sociedad civil y los gobiernos ante un flagelo tan grave.<\/strong><br \/>\n<strong><a href=\"http:\/\/www.diariofemenino.com.ar\/wp-content\/uploads\/abalmedina.jpg\"><img loading=\"lazy\" decoding=\"async\" class=\"size-full wp-image-309 aligncenter\" title=\"abalmedina\" src=\"http:\/\/www.diariofemenino.com.ar\/wp-content\/uploads\/abalmedina.jpg\" alt=\"\" width=\"232\" height=\"164\" \/><\/a><\/strong><br \/>\nAbal Medina destac\u00f3 la adopci\u00f3n de medidas como el decreto de Protecci\u00f3n Integral a las Mujeres, que proh\u00edbe avisos que promuevan la oferta de servicios sexuales en los medios de comunicaci\u00f3n, anunciada por la Presidenta en su primer mandato, mientras que Trimarco resalt\u00f3 que la primera persona que la ayud\u00f3 en la b\u00fasqueda fue el entonces presidente N\u00e9stor Kirchner.<br \/>\nEn la b\u00fasqueda de su hija, Susana Trimarco logr\u00f3 recuperar la libertad de m\u00e1s de un centenar de mujeres secuestradas por las redes de trata. En 2007, cre\u00f3 la Fundaci\u00f3n Mar\u00eda de los \u00c1ngeles en donde se reciben denuncias y se brinda asistencia a las v\u00edctimas de trata de personas.<br \/>\n&nbsp;<br \/>\n&nbsp;<br \/>\nFuente: <a href=\"http:\/\/www.pagina12.com.ar\/diario\/ultimas\/20-193645-2012-05-09.html\">P\u00e1gina12<\/a><br \/>\n&nbsp;<\/p>\n","protected":false},"excerpt":{"rendered":"<p>El jefe de Gabinete se reuni\u00f3 con la madre de Marita Ver\u00f3n, la joven secuestrada y desaparecida en 2002, para ratificar el respaldo del gobierno nacional a sus esfuerzos en la b\u00fasqueda de su hija y la lucha contra la trata de personas y la prostituci\u00f3n. Durante el encuentro, concretado en la Casa de Gobierno, [&hellip;]<\/p>\n","protected":false},"author":1,"featured_media":309,"comment_status":"open","ping_status":"open","sticky":false,"template":"","format":"standard","meta":{"iawp_total_views":1,"footnotes":""},"categories":[4,15],"tags":[],"class_list":["post-308","post","type-post","status-publish","format-standard","has-post-thumbnail","hentry","category-medios","category-trata-de-personas"],"nelio_content":{"autoShareEndMode":"never","automationSources":{"useCustomSentences":false,"customSentences":[]},"efiAlt":"","efiUrl":"","followers":[],"highlights":[],"isAutoShareEnabled":true,"networkImageIds":[],"permalinkQueryArgs":[],"series":[],"suggestedReferences":[]},"yoast_head":"<!-- This site is optimized with the Yoast SEO plugin v27.5 - https:\/\/yoast.com\/product\/yoast-seo-wordpress\/ -->\n<title>Abal Medina recibi\u00f3 a Susana Trimarco - Diario Digital Femenino<\/title>\n<meta name=\"robots\" content=\"index, follow, max-snippet:-1, max-image-preview:large, max-video-preview:-1\" \/>\n<link rel=\"canonical\" href=\"https:\/\/diariofemenino.com.ar\/df\/abal-medina-recibio-a-susana-trimarco\/\" \/>\n<meta property=\"og:locale\" content=\"es_ES\" \/>\n<meta property=\"og:type\" content=\"article\" \/>\n<meta property=\"og:title\" content=\"Abal Medina recibi\u00f3 a Susana Trimarco - Diario Digital Femenino\" \/>\n<meta property=\"og:description\" content=\"El jefe de Gabinete se reuni\u00f3 con la madre de Marita Ver\u00f3n, la joven secuestrada y desaparecida en 2002, para ratificar el respaldo del gobierno nacional a sus esfuerzos en la b\u00fasqueda de su hija y la lucha contra la trata de personas y la prostituci\u00f3n. Durante el encuentro, concretado en la Casa de Gobierno, [&hellip;]\" \/>\n<meta property=\"og:url\" content=\"https:\/\/diariofemenino.com.ar\/df\/abal-medina-recibio-a-susana-trimarco\/\" \/>\n<meta property=\"og:site_name\" content=\"Diario Digital Femenino\" \/>\n<meta property=\"article:publisher\" content=\"https:\/\/www.facebook.com\/DiarioDigitaFemenino\/\" \/>\n<meta property=\"article:published_time\" content=\"2012-05-09T21:55:19+00:00\" \/>\n<meta property=\"og:image\" content=\"https:\/\/diariofemenino.com.ar\/df\/wp-content\/uploads\/2016\/10\/logo-negro.png\" \/>\n\t<meta property=\"og:image:width\" content=\"855\" \/>\n\t<meta property=\"og:image:height\" content=\"319\" \/>\n\t<meta property=\"og:image:type\" content=\"image\/png\" \/>\n<meta name=\"author\" content=\"Admin\" \/>\n<meta name=\"twitter:card\" content=\"summary_large_image\" \/>\n<meta name=\"twitter:creator\" content=\"@DiarioFemenino1\" \/>\n<meta name=\"twitter:site\" content=\"@DiarioFemenino1\" \/>\n<meta name=\"twitter:label1\" content=\"Escrito por\" \/>\n\t<meta name=\"twitter:data1\" content=\"Admin\" \/>\n\t<meta name=\"twitter:label2\" content=\"Tiempo de lectura\" \/>\n\t<meta name=\"twitter:data2\" content=\"1 minuto\" \/>\n<script type=\"application\/ld+json\" class=\"yoast-schema-graph\">{\"@context\":\"https:\\\/\\\/schema.org\",\"@graph\":[{\"@type\":\"Article\",\"@id\":\"https:\\\/\\\/diariofemenino.com.ar\\\/df\\\/abal-medina-recibio-a-susana-trimarco\\\/#article\",\"isPartOf\":{\"@id\":\"https:\\\/\\\/diariofemenino.com.ar\\\/df\\\/abal-medina-recibio-a-susana-trimarco\\\/\"},\"author\":{\"name\":\"Admin\",\"@id\":\"https:\\\/\\\/diariofemenino.com.ar\\\/df\\\/#\\\/schema\\\/person\\\/38f54b3bfd13f561de2460ba95c169c6\"},\"headline\":\"Abal Medina recibi\u00f3 a Susana Trimarco\",\"datePublished\":\"2012-05-09T21:55:19+00:00\",\"mainEntityOfPage\":{\"@id\":\"https:\\\/\\\/diariofemenino.com.ar\\\/df\\\/abal-medina-recibio-a-susana-trimarco\\\/\"},\"wordCount\":214,\"commentCount\":0,\"publisher\":{\"@id\":\"https:\\\/\\\/diariofemenino.com.ar\\\/df\\\/#organization\"},\"image\":{\"@id\":\"https:\\\/\\\/diariofemenino.com.ar\\\/df\\\/abal-medina-recibio-a-susana-trimarco\\\/#primaryimage\"},\"thumbnailUrl\":\"\",\"articleSection\":[\"Medios\",\"Trata de Pers.\"],\"inLanguage\":\"es\",\"potentialAction\":[{\"@type\":\"CommentAction\",\"name\":\"Comment\",\"target\":[\"https:\\\/\\\/diariofemenino.com.ar\\\/df\\\/abal-medina-recibio-a-susana-trimarco\\\/#respond\"]}]},{\"@type\":\"WebPage\",\"@id\":\"https:\\\/\\\/diariofemenino.com.ar\\\/df\\\/abal-medina-recibio-a-susana-trimarco\\\/\",\"url\":\"https:\\\/\\\/diariofemenino.com.ar\\\/df\\\/abal-medina-recibio-a-susana-trimarco\\\/\",\"name\":\"Abal Medina recibi\u00f3 a Susana Trimarco - Diario Digital Femenino\",\"isPartOf\":{\"@id\":\"https:\\\/\\\/diariofemenino.com.ar\\\/df\\\/#website\"},\"primaryImageOfPage\":{\"@id\":\"https:\\\/\\\/diariofemenino.com.ar\\\/df\\\/abal-medina-recibio-a-susana-trimarco\\\/#primaryimage\"},\"image\":{\"@id\":\"https:\\\/\\\/diariofemenino.com.ar\\\/df\\\/abal-medina-recibio-a-susana-trimarco\\\/#primaryimage\"},\"thumbnailUrl\":\"\",\"datePublished\":\"2012-05-09T21:55:19+00:00\",\"breadcrumb\":{\"@id\":\"https:\\\/\\\/diariofemenino.com.ar\\\/df\\\/abal-medina-recibio-a-susana-trimarco\\\/#breadcrumb\"},\"inLanguage\":\"es\",\"potentialAction\":[{\"@type\":\"ReadAction\",\"target\":[\"https:\\\/\\\/diariofemenino.com.ar\\\/df\\\/abal-medina-recibio-a-susana-trimarco\\\/\"]}]},{\"@type\":\"ImageObject\",\"inLanguage\":\"es\",\"@id\":\"https:\\\/\\\/diariofemenino.com.ar\\\/df\\\/abal-medina-recibio-a-susana-trimarco\\\/#primaryimage\",\"url\":\"\",\"contentUrl\":\"\"},{\"@type\":\"BreadcrumbList\",\"@id\":\"https:\\\/\\\/diariofemenino.com.ar\\\/df\\\/abal-medina-recibio-a-susana-trimarco\\\/#breadcrumb\",\"itemListElement\":[{\"@type\":\"ListItem\",\"position\":1,\"name\":\"Portada\",\"item\":\"https:\\\/\\\/diariofemenino.com.ar\\\/df\\\/\"},{\"@type\":\"ListItem\",\"position\":2,\"name\":\"Abal Medina recibi\u00f3 a Susana Trimarco\"}]},{\"@type\":\"WebSite\",\"@id\":\"https:\\\/\\\/diariofemenino.com.ar\\\/df\\\/#website\",\"url\":\"https:\\\/\\\/diariofemenino.com.ar\\\/df\\\/\",\"name\":\"Diario Digital Femenino\",\"description\":\"Cuesti\u00f3n de G\u00e9nero\",\"publisher\":{\"@id\":\"https:\\\/\\\/diariofemenino.com.ar\\\/df\\\/#organization\"},\"potentialAction\":[{\"@type\":\"SearchAction\",\"target\":{\"@type\":\"EntryPoint\",\"urlTemplate\":\"https:\\\/\\\/diariofemenino.com.ar\\\/df\\\/?s={search_term_string}\"},\"query-input\":{\"@type\":\"PropertyValueSpecification\",\"valueRequired\":true,\"valueName\":\"search_term_string\"}}],\"inLanguage\":\"es\"},{\"@type\":\"Organization\",\"@id\":\"https:\\\/\\\/diariofemenino.com.ar\\\/df\\\/#organization\",\"name\":\"Diario Femenino\",\"url\":\"https:\\\/\\\/diariofemenino.com.ar\\\/df\\\/\",\"logo\":{\"@type\":\"ImageObject\",\"inLanguage\":\"es\",\"@id\":\"https:\\\/\\\/diariofemenino.com.ar\\\/df\\\/#\\\/schema\\\/logo\\\/image\\\/\",\"url\":\"https:\\\/\\\/diariofemenino.com.ar\\\/df\\\/wp-content\\\/uploads\\\/2018\\\/10\\\/logo.png\",\"contentUrl\":\"https:\\\/\\\/diariofemenino.com.ar\\\/df\\\/wp-content\\\/uploads\\\/2018\\\/10\\\/logo.png\",\"width\":500,\"height\":92,\"caption\":\"Diario Femenino\"},\"image\":{\"@id\":\"https:\\\/\\\/diariofemenino.com.ar\\\/df\\\/#\\\/schema\\\/logo\\\/image\\\/\"},\"sameAs\":[\"https:\\\/\\\/www.facebook.com\\\/DiarioDigitaFemenino\\\/\",\"https:\\\/\\\/x.com\\\/DiarioFemenino1\"]},{\"@type\":\"Person\",\"@id\":\"https:\\\/\\\/diariofemenino.com.ar\\\/df\\\/#\\\/schema\\\/person\\\/38f54b3bfd13f561de2460ba95c169c6\",\"name\":\"Admin\",\"image\":{\"@type\":\"ImageObject\",\"inLanguage\":\"es\",\"@id\":\"https:\\\/\\\/diariofemenino.com.ar\\\/df\\\/wp-content\\\/uploads\\\/2018\\\/12\\\/favicon-150x150.jpg\",\"url\":\"https:\\\/\\\/diariofemenino.com.ar\\\/df\\\/wp-content\\\/uploads\\\/2018\\\/12\\\/favicon-150x150.jpg\",\"contentUrl\":\"https:\\\/\\\/diariofemenino.com.ar\\\/df\\\/wp-content\\\/uploads\\\/2018\\\/12\\\/favicon-150x150.jpg\",\"caption\":\"Admin\"},\"url\":\"https:\\\/\\\/diariofemenino.com.ar\\\/df\\\/author\\\/adm18df\\\/\"}]}<\/script>\n<!-- \/ Yoast SEO plugin. -->","yoast_head_json":{"title":"Abal Medina recibi\u00f3 a Susana Trimarco - Diario Digital Femenino","robots":{"index":"index","follow":"follow","max-snippet":"max-snippet:-1","max-image-preview":"max-image-preview:large","max-video-preview":"max-video-preview:-1"},"canonical":"https:\/\/diariofemenino.com.ar\/df\/abal-medina-recibio-a-susana-trimarco\/","og_locale":"es_ES","og_type":"article","og_title":"Abal Medina recibi\u00f3 a Susana Trimarco - Diario Digital Femenino","og_description":"El jefe de Gabinete se reuni\u00f3 con la madre de Marita Ver\u00f3n, la joven secuestrada y desaparecida en 2002, para ratificar el respaldo del gobierno nacional a sus esfuerzos en la b\u00fasqueda de su hija y la lucha contra la trata de personas y la prostituci\u00f3n. Durante el encuentro, concretado en la Casa de Gobierno, [&hellip;]","og_url":"https:\/\/diariofemenino.com.ar\/df\/abal-medina-recibio-a-susana-trimarco\/","og_site_name":"Diario Digital Femenino","article_publisher":"https:\/\/www.facebook.com\/DiarioDigitaFemenino\/","article_published_time":"2012-05-09T21:55:19+00:00","og_image":[{"width":855,"height":319,"url":"https:\/\/diariofemenino.com.ar\/df\/wp-content\/uploads\/2016\/10\/logo-negro.png","type":"image\/png"}],"author":"Admin","twitter_card":"summary_large_image","twitter_creator":"@DiarioFemenino1","twitter_site":"@DiarioFemenino1","twitter_misc":{"Escrito por":"Admin","Tiempo de lectura":"1 minuto"},"schema":{"@context":"https:\/\/schema.org","@graph":[{"@type":"Article","@id":"https:\/\/diariofemenino.com.ar\/df\/abal-medina-recibio-a-susana-trimarco\/#article","isPartOf":{"@id":"https:\/\/diariofemenino.com.ar\/df\/abal-medina-recibio-a-susana-trimarco\/"},"author":{"name":"Admin","@id":"https:\/\/diariofemenino.com.ar\/df\/#\/schema\/person\/38f54b3bfd13f561de2460ba95c169c6"},"headline":"Abal Medina recibi\u00f3 a Susana Trimarco","datePublished":"2012-05-09T21:55:19+00:00","mainEntityOfPage":{"@id":"https:\/\/diariofemenino.com.ar\/df\/abal-medina-recibio-a-susana-trimarco\/"},"wordCount":214,"commentCount":0,"publisher":{"@id":"https:\/\/diariofemenino.com.ar\/df\/#organization"},"image":{"@id":"https:\/\/diariofemenino.com.ar\/df\/abal-medina-recibio-a-susana-trimarco\/#primaryimage"},"thumbnailUrl":"","articleSection":["Medios","Trata de Pers."],"inLanguage":"es","potentialAction":[{"@type":"CommentAction","name":"Comment","target":["https:\/\/diariofemenino.com.ar\/df\/abal-medina-recibio-a-susana-trimarco\/#respond"]}]},{"@type":"WebPage","@id":"https:\/\/diariofemenino.com.ar\/df\/abal-medina-recibio-a-susana-trimarco\/","url":"https:\/\/diariofemenino.com.ar\/df\/abal-medina-recibio-a-susana-trimarco\/","name":"Abal Medina recibi\u00f3 a Susana Trimarco - Diario Digital Femenino","isPartOf":{"@id":"https:\/\/diariofemenino.com.ar\/df\/#website"},"primaryImageOfPage":{"@id":"https:\/\/diariofemenino.com.ar\/df\/abal-medina-recibio-a-susana-trimarco\/#primaryimage"},"image":{"@id":"https:\/\/diariofemenino.com.ar\/df\/abal-medina-recibio-a-susana-trimarco\/#primaryimage"},"thumbnailUrl":"","datePublished":"2012-05-09T21:55:19+00:00","breadcrumb":{"@id":"https:\/\/diariofemenino.com.ar\/df\/abal-medina-recibio-a-susana-trimarco\/#breadcrumb"},"inLanguage":"es","potentialAction":[{"@type":"ReadAction","target":["https:\/\/diariofemenino.com.ar\/df\/abal-medina-recibio-a-susana-trimarco\/"]}]},{"@type":"ImageObject","inLanguage":"es","@id":"https:\/\/diariofemenino.com.ar\/df\/abal-medina-recibio-a-susana-trimarco\/#primaryimage","url":"","contentUrl":""},{"@type":"BreadcrumbList","@id":"https:\/\/diariofemenino.com.ar\/df\/abal-medina-recibio-a-susana-trimarco\/#breadcrumb","itemListElement":[{"@type":"ListItem","position":1,"name":"Portada","item":"https:\/\/diariofemenino.com.ar\/df\/"},{"@type":"ListItem","position":2,"name":"Abal Medina recibi\u00f3 a Susana Trimarco"}]},{"@type":"WebSite","@id":"https:\/\/diariofemenino.com.ar\/df\/#website","url":"https:\/\/diariofemenino.com.ar\/df\/","name":"Diario Digital Femenino","description":"Cuesti\u00f3n de G\u00e9nero","publisher":{"@id":"https:\/\/diariofemenino.com.ar\/df\/#organization"},"potentialAction":[{"@type":"SearchAction","target":{"@type":"EntryPoint","urlTemplate":"https:\/\/diariofemenino.com.ar\/df\/?s={search_term_string}"},"query-input":{"@type":"PropertyValueSpecification","valueRequired":true,"valueName":"search_term_string"}}],"inLanguage":"es"},{"@type":"Organization","@id":"https:\/\/diariofemenino.com.ar\/df\/#organization","name":"Diario Femenino","url":"https:\/\/diariofemenino.com.ar\/df\/","logo":{"@type":"ImageObject","inLanguage":"es","@id":"https:\/\/diariofemenino.com.ar\/df\/#\/schema\/logo\/image\/","url":"https:\/\/diariofemenino.com.ar\/df\/wp-content\/uploads\/2018\/10\/logo.png","contentUrl":"https:\/\/diariofemenino.com.ar\/df\/wp-content\/uploads\/2018\/10\/logo.png","width":500,"height":92,"caption":"Diario Femenino"},"image":{"@id":"https:\/\/diariofemenino.com.ar\/df\/#\/schema\/logo\/image\/"},"sameAs":["https:\/\/www.facebook.com\/DiarioDigitaFemenino\/","https:\/\/x.com\/DiarioFemenino1"]},{"@type":"Person","@id":"https:\/\/diariofemenino.com.ar\/df\/#\/schema\/person\/38f54b3bfd13f561de2460ba95c169c6","name":"Admin","image":{"@type":"ImageObject","inLanguage":"es","@id":"https:\/\/diariofemenino.com.ar\/df\/wp-content\/uploads\/2018\/12\/favicon-150x150.jpg","url":"https:\/\/diariofemenino.com.ar\/df\/wp-content\/uploads\/2018\/12\/favicon-150x150.jpg","contentUrl":"https:\/\/diariofemenino.com.ar\/df\/wp-content\/uploads\/2018\/12\/favicon-150x150.jpg","caption":"Admin"},"url":"https:\/\/diariofemenino.com.ar\/df\/author\/adm18df\/"}]}},"jetpack_featured_media_url":"","jetpack_sharing_enabled":true,"rttpg_featured_image_url":null,"rttpg_author":{"display_name":"Admin","author_link":"https:\/\/diariofemenino.com.ar\/df\/author\/adm18df\/"},"rttpg_comment":0,"rttpg_category":"<a href=\"https:\/\/diariofemenino.com.ar\/df\/category\/medios\/\" rel=\"category tag\">Medios<\/a> <a href=\"https:\/\/diariofemenino.com.ar\/df\/category\/trata-de-personas\/\" rel=\"category tag\">Trata de Pers.<\/a>","rttpg_excerpt":"El jefe de Gabinete se reuni\u00f3 con la madre de Marita Ver\u00f3n, la joven secuestrada y desaparecida en 2002, para ratificar el respaldo del gobierno nacional a sus esfuerzos en la b\u00fasqueda de su hija y la lucha contra la trata de personas y la prostituci\u00f3n. Durante el encuentro, concretado en la Casa de Gobierno,&hellip;","_links":{"self":[{"href":"https:\/\/diariofemenino.com.ar\/df\/wp-json\/wp\/v2\/posts\/308","targetHints":{"allow":["GET"]}}],"collection":[{"href":"https:\/\/diariofemenino.com.ar\/df\/wp-json\/wp\/v2\/posts"}],"about":[{"href":"https:\/\/diariofemenino.com.ar\/df\/wp-json\/wp\/v2\/types\/post"}],"author":[{"embeddable":true,"href":"https:\/\/diariofemenino.com.ar\/df\/wp-json\/wp\/v2\/users\/1"}],"replies":[{"embeddable":true,"href":"https:\/\/diariofemenino.com.ar\/df\/wp-json\/wp\/v2\/comments?post=308"}],"version-history":[{"count":0,"href":"https:\/\/diariofemenino.com.ar\/df\/wp-json\/wp\/v2\/posts\/308\/revisions"}],"wp:featuredmedia":[{"embeddable":true,"href":"https:\/\/diariofemenino.com.ar\/df\/wp-json\/"}],"wp:attachment":[{"href":"https:\/\/diariofemenino.com.ar\/df\/wp-json\/wp\/v2\/media?parent=308"}],"wp:term":[{"taxonomy":"category","embeddable":true,"href":"https:\/\/diariofemenino.com.ar\/df\/wp-json\/wp\/v2\/categories?post=308"},{"taxonomy":"post_tag","embeddable":true,"href":"https:\/\/diariofemenino.com.ar\/df\/wp-json\/wp\/v2\/tags?post=308"}],"curies":[{"name":"wp","href":"https:\/\/api.w.org\/{rel}","templated":true}]}}