{"id":3079,"date":"2012-08-14T23:22:58","date_gmt":"2012-08-15T02:22:58","guid":{"rendered":"http:\/\/www.diariofemenino.com.ar\/?p=3079"},"modified":"2012-08-14T23:22:58","modified_gmt":"2012-08-15T02:22:58","slug":"la-legislatura-de-tucuman-buscara-convertir-en-ley-el-proyecto-de-prostibulos-cero","status":"publish","type":"post","link":"https:\/\/diariofemenino.com.ar\/df\/la-legislatura-de-tucuman-buscara-convertir-en-ley-el-proyecto-de-prostibulos-cero\/","title":{"rendered":"La Legislatura de Tucum\u00e1n buscar\u00e1 convertir en ley el proyecto de \u201cprost\u00edbulos cero\u201d"},"content":{"rendered":"<p>&nbsp;<br \/>\n&nbsp;<br \/>\n&nbsp;<br \/>\nLa Legislatura provincial sesionar\u00e1 este mi\u00e9rcoles para convertir en ley un proyecto elaborado por el Poder Ejecutivo que busca poner fin al funcionamiento de prost\u00edbulos en la provincia, como una medida para combatir la trata de personas.<\/p>\n<div>\nEl proyecto fue elaborado tomando como base una iniciativa anterior redactada por el diputado provincial Jes\u00fas Salim, quien trabaj\u00f3 en su elaboraci\u00f3n junto a Susana Trimarco, madre de Marita Ver\u00f3n, la joven desaparecida en 2002 v\u00edctima de una red de trata de personas.<br \/>\nLas comisiones de Derechos Humanos y de Seguridad y Justicia le dieron el visto bueno al texto que ser\u00e1 debatido este mi\u00e9rcoles y se espera que sea aprobado por el cuerpo legislativo.<br \/>\nLa iniciativa, que consta de 11 art\u00edculos, proh\u00edbe en todo el territorio provincial el funcionamiento de lugares en los que se practique o se facilite el ejercicio de la prostituci\u00f3n bajo la modalidad de wisquer\u00edas, cabarets, clubes nocturnos, boites, saunas o locales de alterne.<br \/>\nCuando la ley entre en vigencia se prohibir\u00e1 \u00abla instalaci\u00f3n, el funcionamiento, el regenteo, el sostenimiento, la promoci\u00f3n, la publicidad, la administraci\u00f3n y\/o la explotaci\u00f3n bajo cualquier forma, modalidad o denominaci\u00f3n de lugares en los que se facilite, tolere, promocione, regentee, organice, desarrolle y\/o se obtenga provecho de la explotaci\u00f3n de la prostituci\u00f3n ajena, hayan prestado o no las personas explotadas su consentimiento para ello\u00bb, seg\u00fan se\u00f1ala el texto.<br \/>\nTambi\u00e9n dispone la inmediata clausura y cierre definitivo de los locales mencionados apenas entre en vigencia de la ley, que se conoce como \u00abProst\u00edbulos cero\u00bb.<br \/>\nUno de los art\u00edculos establece que \u00aben todos los procedimientos que se realicen con motivo de la aplicaci\u00f3n de la Ley se deber\u00e1n resguardar de manera integral los derechos de las personas que se encuentren en el lugar ejerciendo, ofreciendo o con el prop\u00f3sito de ejercer la prostituci\u00f3n de manera voluntaria\u00bb.<br \/>\nCuando \u00e9stas no puedan acreditar su identidad y domicilio, ser\u00e1n tenidas como v\u00edctimas de la trata de personas y recibir\u00e1n protecci\u00f3n y contenci\u00f3n mientras su situaci\u00f3n es puesta en conocimiento de las autoridades judiciales y administrativas competentes.<br \/>\nLa iniciativa oficialista implica graves penas para quienes sean propietarios o exploten locales donde se ejerza la prostituci\u00f3n ajena (hasta 60 d\u00edas de arresto), y que las sanciones no puedan ser subsanadas mediante el pago de una multa.<br \/>\nAdem\u00e1s, prev\u00e9 la creaci\u00f3n de un \u00abcomisi\u00f3n provincial de lucha contra la trata de personas y de contenci\u00f3n y recuperaci\u00f3n de v\u00edctimas de la explotaci\u00f3n sexual\u00bb, cuyos integrantes, funciones y atribuciones ser\u00e1n dispuestos por v\u00eda reglamentaria.<br \/>\nFinalmente, dispone que el Ministerio de Desarrollo Social provincial asista desde distintas \u00e1reas a las v\u00edctimas.<br \/>\nSusana Trimarco, madre de Marita Ver\u00f3n, la joven secuestrada hace 10 a\u00f1os, cuya lucha por encontrar a su hija se transform\u00f3 en un s\u00edmbolo de la lucha contra la trata de personas, se reuni\u00f3 con el gobernador Jos\u00e9 Alperovich para ofrecer su ayuda.<br \/>\n\u00abQueremos ser parte de esto, porque hemos trabajado mucho para contrarrestar estos delitos\u00bb, explic\u00f3 Trimarco.<br \/>\n\u00abPodemos decir cu\u00e1les ser\u00e1n las necesidades y problemas que se van a plantear con el cierre de los prost\u00edbulos, y c\u00f3mo se podr\u00edan resolver\u00bb, se\u00f1al\u00f3 y destac\u00f3 que \u00abel gobernador es una persona que sabe escuchar y trabajar y por eso va a hacer las cosas bien\u00bb.<br \/>\nEntre otros puntos, la madre de Marita propone que los servicios del equipo de profesionales de la Fundaci\u00f3n Mar\u00eda de los \u00c1ngeles, que ha fundado y preside, se sumen a la iniciativa oficial.<br \/>\n\u00abEs la instituci\u00f3n adecuada para intervenir porque nos est\u00e1n llamando de todo el pa\u00eds para trabajar y estamos a punto de firmar convenios con algunas de ellas\u00bb, se\u00f1al\u00f3 la mujer, premiada en Estados Unidos y en Europa por su lucha contra la trata.<br \/>\nTrimarco sostuvo que la tem\u00e1tica es compleja y explic\u00f3 que \u00absi se saca una ley de cierre de prost\u00edbulos habr\u00e1 muchas otros aspectos en las que se deber\u00e1 trabajar\u00bb.<br \/>\nEn ese sentido, el abogado de la Fundaci\u00f3n Mar\u00eda de los Angeles, Carlos Garmendia, destac\u00f3 que acordaron con Alperovich que \u00abuna vez aprobada la ley vamos a colaborar con su reglamentaci\u00f3n, volcando nuestra experiencia en el tema\u00bb.<br \/>\nConsultado por T\u00e9lam, Garmendia se\u00f1al\u00f3 que en la capital tucumana funcionan actualmente 17 prost\u00edbulos, mientras seg\u00fan los datos aportados por el legislador Guillermo Gassenbauer, quien present\u00f3 el proyecto impulsado por el Ejecutivo, se estima que siguen funcionando 15 locales.<br \/>\n\u00abAlgunos ya fueron cerrados, pero se reinventaron con una nueva nominaci\u00f3n, mientras que otros funcionan en forma temporaria para evitar ser identificados\u00bb, se\u00f1al\u00f3 Garmendia (Telam)<br \/>\n&nbsp;<br \/>\n&nbsp;<br \/>\n&nbsp;<br \/>\n&nbsp;\n<\/div>\n","protected":false},"excerpt":{"rendered":"<p>&nbsp; &nbsp; &nbsp; La Legislatura provincial sesionar\u00e1 este mi\u00e9rcoles para convertir en ley un proyecto elaborado por el Poder Ejecutivo que busca poner fin al funcionamiento de prost\u00edbulos en la provincia, como una medida para combatir la trata de personas. El proyecto fue elaborado tomando como base una iniciativa anterior redactada por el diputado provincial [&hellip;]<\/p>\n","protected":false},"author":1,"featured_media":0,"comment_status":"open","ping_status":"open","sticky":false,"template":"","format":"standard","meta":{"iawp_total_views":2,"footnotes":""},"categories":[4,21,15],"tags":[],"class_list":["post-3079","post","type-post","status-publish","format-standard","hentry","category-medios","category-noticias","category-trata-de-personas"],"nelio_content":{"autoShareEndMode":"never","automationSources":{"useCustomSentences":false,"customSentences":[]},"efiAlt":"","efiUrl":"","followers":[],"highlights":[],"isAutoShareEnabled":true,"networkImageIds":[],"permalinkQueryArgs":[],"series":[],"suggestedReferences":[]},"yoast_head":"<!-- This site is optimized with the Yoast SEO plugin v27.4 - https:\/\/yoast.com\/product\/yoast-seo-wordpress\/ -->\n<title>La Legislatura de Tucum\u00e1n buscar\u00e1 convertir en ley el proyecto de \u201cprost\u00edbulos cero\u201d - Diario Digital Femenino<\/title>\n<meta name=\"robots\" content=\"index, follow, max-snippet:-1, max-image-preview:large, max-video-preview:-1\" \/>\n<link rel=\"canonical\" href=\"https:\/\/diariofemenino.com.ar\/df\/la-legislatura-de-tucuman-buscara-convertir-en-ley-el-proyecto-de-prostibulos-cero\/\" \/>\n<meta property=\"og:locale\" content=\"es_ES\" \/>\n<meta property=\"og:type\" content=\"article\" \/>\n<meta property=\"og:title\" content=\"La Legislatura de Tucum\u00e1n buscar\u00e1 convertir en ley el proyecto de \u201cprost\u00edbulos cero\u201d - Diario Digital Femenino\" \/>\n<meta property=\"og:description\" content=\"&nbsp; &nbsp; &nbsp; La Legislatura provincial sesionar\u00e1 este mi\u00e9rcoles para convertir en ley un proyecto elaborado por el Poder Ejecutivo que busca poner fin al funcionamiento de prost\u00edbulos en la provincia, como una medida para combatir la trata de personas. El proyecto fue elaborado tomando como base una iniciativa anterior redactada por el diputado provincial [&hellip;]\" \/>\n<meta property=\"og:url\" content=\"https:\/\/diariofemenino.com.ar\/df\/la-legislatura-de-tucuman-buscara-convertir-en-ley-el-proyecto-de-prostibulos-cero\/\" \/>\n<meta property=\"og:site_name\" content=\"Diario Digital Femenino\" \/>\n<meta property=\"article:publisher\" content=\"https:\/\/www.facebook.com\/DiarioDigitaFemenino\/\" \/>\n<meta property=\"article:published_time\" content=\"2012-08-15T02:22:58+00:00\" \/>\n<meta property=\"og:image\" content=\"https:\/\/diariofemenino.com.ar\/df\/wp-content\/uploads\/2016\/10\/logo-negro.png\" \/>\n\t<meta property=\"og:image:width\" content=\"855\" \/>\n\t<meta property=\"og:image:height\" content=\"319\" \/>\n\t<meta property=\"og:image:type\" content=\"image\/png\" \/>\n<meta name=\"author\" content=\"Admin\" \/>\n<meta name=\"twitter:card\" content=\"summary_large_image\" \/>\n<meta name=\"twitter:creator\" content=\"@DiarioFemenino1\" \/>\n<meta name=\"twitter:site\" content=\"@DiarioFemenino1\" \/>\n<meta name=\"twitter:label1\" content=\"Escrito por\" \/>\n\t<meta name=\"twitter:data1\" content=\"Admin\" \/>\n\t<meta name=\"twitter:label2\" content=\"Tiempo de lectura\" \/>\n\t<meta name=\"twitter:data2\" content=\"4 minutos\" \/>\n<script type=\"application\/ld+json\" class=\"yoast-schema-graph\">{\"@context\":\"https:\\\/\\\/schema.org\",\"@graph\":[{\"@type\":\"Article\",\"@id\":\"https:\\\/\\\/diariofemenino.com.ar\\\/df\\\/la-legislatura-de-tucuman-buscara-convertir-en-ley-el-proyecto-de-prostibulos-cero\\\/#article\",\"isPartOf\":{\"@id\":\"https:\\\/\\\/diariofemenino.com.ar\\\/df\\\/la-legislatura-de-tucuman-buscara-convertir-en-ley-el-proyecto-de-prostibulos-cero\\\/\"},\"author\":{\"name\":\"Admin\",\"@id\":\"https:\\\/\\\/diariofemenino.com.ar\\\/df\\\/#\\\/schema\\\/person\\\/38f54b3bfd13f561de2460ba95c169c6\"},\"headline\":\"La Legislatura de Tucum\u00e1n buscar\u00e1 convertir en ley el proyecto de \u201cprost\u00edbulos cero\u201d\",\"datePublished\":\"2012-08-15T02:22:58+00:00\",\"mainEntityOfPage\":{\"@id\":\"https:\\\/\\\/diariofemenino.com.ar\\\/df\\\/la-legislatura-de-tucuman-buscara-convertir-en-ley-el-proyecto-de-prostibulos-cero\\\/\"},\"wordCount\":828,\"commentCount\":0,\"publisher\":{\"@id\":\"https:\\\/\\\/diariofemenino.com.ar\\\/df\\\/#organization\"},\"articleSection\":[\"Medios\",\"Noticias\",\"Trata de Pers.\"],\"inLanguage\":\"es\",\"potentialAction\":[{\"@type\":\"CommentAction\",\"name\":\"Comment\",\"target\":[\"https:\\\/\\\/diariofemenino.com.ar\\\/df\\\/la-legislatura-de-tucuman-buscara-convertir-en-ley-el-proyecto-de-prostibulos-cero\\\/#respond\"]}]},{\"@type\":\"WebPage\",\"@id\":\"https:\\\/\\\/diariofemenino.com.ar\\\/df\\\/la-legislatura-de-tucuman-buscara-convertir-en-ley-el-proyecto-de-prostibulos-cero\\\/\",\"url\":\"https:\\\/\\\/diariofemenino.com.ar\\\/df\\\/la-legislatura-de-tucuman-buscara-convertir-en-ley-el-proyecto-de-prostibulos-cero\\\/\",\"name\":\"La Legislatura de Tucum\u00e1n buscar\u00e1 convertir en ley el proyecto de \u201cprost\u00edbulos cero\u201d - Diario Digital Femenino\",\"isPartOf\":{\"@id\":\"https:\\\/\\\/diariofemenino.com.ar\\\/df\\\/#website\"},\"datePublished\":\"2012-08-15T02:22:58+00:00\",\"breadcrumb\":{\"@id\":\"https:\\\/\\\/diariofemenino.com.ar\\\/df\\\/la-legislatura-de-tucuman-buscara-convertir-en-ley-el-proyecto-de-prostibulos-cero\\\/#breadcrumb\"},\"inLanguage\":\"es\",\"potentialAction\":[{\"@type\":\"ReadAction\",\"target\":[\"https:\\\/\\\/diariofemenino.com.ar\\\/df\\\/la-legislatura-de-tucuman-buscara-convertir-en-ley-el-proyecto-de-prostibulos-cero\\\/\"]}]},{\"@type\":\"BreadcrumbList\",\"@id\":\"https:\\\/\\\/diariofemenino.com.ar\\\/df\\\/la-legislatura-de-tucuman-buscara-convertir-en-ley-el-proyecto-de-prostibulos-cero\\\/#breadcrumb\",\"itemListElement\":[{\"@type\":\"ListItem\",\"position\":1,\"name\":\"Portada\",\"item\":\"https:\\\/\\\/diariofemenino.com.ar\\\/df\\\/\"},{\"@type\":\"ListItem\",\"position\":2,\"name\":\"La Legislatura de Tucum\u00e1n buscar\u00e1 convertir en ley el proyecto de \u201cprost\u00edbulos cero\u201d\"}]},{\"@type\":\"WebSite\",\"@id\":\"https:\\\/\\\/diariofemenino.com.ar\\\/df\\\/#website\",\"url\":\"https:\\\/\\\/diariofemenino.com.ar\\\/df\\\/\",\"name\":\"Diario Digital Femenino\",\"description\":\"Cuesti\u00f3n de G\u00e9nero\",\"publisher\":{\"@id\":\"https:\\\/\\\/diariofemenino.com.ar\\\/df\\\/#organization\"},\"potentialAction\":[{\"@type\":\"SearchAction\",\"target\":{\"@type\":\"EntryPoint\",\"urlTemplate\":\"https:\\\/\\\/diariofemenino.com.ar\\\/df\\\/?s={search_term_string}\"},\"query-input\":{\"@type\":\"PropertyValueSpecification\",\"valueRequired\":true,\"valueName\":\"search_term_string\"}}],\"inLanguage\":\"es\"},{\"@type\":\"Organization\",\"@id\":\"https:\\\/\\\/diariofemenino.com.ar\\\/df\\\/#organization\",\"name\":\"Diario Femenino\",\"url\":\"https:\\\/\\\/diariofemenino.com.ar\\\/df\\\/\",\"logo\":{\"@type\":\"ImageObject\",\"inLanguage\":\"es\",\"@id\":\"https:\\\/\\\/diariofemenino.com.ar\\\/df\\\/#\\\/schema\\\/logo\\\/image\\\/\",\"url\":\"https:\\\/\\\/diariofemenino.com.ar\\\/df\\\/wp-content\\\/uploads\\\/2018\\\/10\\\/logo.png\",\"contentUrl\":\"https:\\\/\\\/diariofemenino.com.ar\\\/df\\\/wp-content\\\/uploads\\\/2018\\\/10\\\/logo.png\",\"width\":500,\"height\":92,\"caption\":\"Diario Femenino\"},\"image\":{\"@id\":\"https:\\\/\\\/diariofemenino.com.ar\\\/df\\\/#\\\/schema\\\/logo\\\/image\\\/\"},\"sameAs\":[\"https:\\\/\\\/www.facebook.com\\\/DiarioDigitaFemenino\\\/\",\"https:\\\/\\\/x.com\\\/DiarioFemenino1\"]},{\"@type\":\"Person\",\"@id\":\"https:\\\/\\\/diariofemenino.com.ar\\\/df\\\/#\\\/schema\\\/person\\\/38f54b3bfd13f561de2460ba95c169c6\",\"name\":\"Admin\",\"image\":{\"@type\":\"ImageObject\",\"inLanguage\":\"es\",\"@id\":\"https:\\\/\\\/diariofemenino.com.ar\\\/df\\\/wp-content\\\/uploads\\\/2018\\\/12\\\/favicon-150x150.jpg\",\"url\":\"https:\\\/\\\/diariofemenino.com.ar\\\/df\\\/wp-content\\\/uploads\\\/2018\\\/12\\\/favicon-150x150.jpg\",\"contentUrl\":\"https:\\\/\\\/diariofemenino.com.ar\\\/df\\\/wp-content\\\/uploads\\\/2018\\\/12\\\/favicon-150x150.jpg\",\"caption\":\"Admin\"},\"url\":\"https:\\\/\\\/diariofemenino.com.ar\\\/df\\\/author\\\/adm18df\\\/\"}]}<\/script>\n<!-- \/ Yoast SEO plugin. -->","yoast_head_json":{"title":"La Legislatura de Tucum\u00e1n buscar\u00e1 convertir en ley el proyecto de \u201cprost\u00edbulos cero\u201d - Diario Digital Femenino","robots":{"index":"index","follow":"follow","max-snippet":"max-snippet:-1","max-image-preview":"max-image-preview:large","max-video-preview":"max-video-preview:-1"},"canonical":"https:\/\/diariofemenino.com.ar\/df\/la-legislatura-de-tucuman-buscara-convertir-en-ley-el-proyecto-de-prostibulos-cero\/","og_locale":"es_ES","og_type":"article","og_title":"La Legislatura de Tucum\u00e1n buscar\u00e1 convertir en ley el proyecto de \u201cprost\u00edbulos cero\u201d - Diario Digital Femenino","og_description":"&nbsp; &nbsp; &nbsp; La Legislatura provincial sesionar\u00e1 este mi\u00e9rcoles para convertir en ley un proyecto elaborado por el Poder Ejecutivo que busca poner fin al funcionamiento de prost\u00edbulos en la provincia, como una medida para combatir la trata de personas. El proyecto fue elaborado tomando como base una iniciativa anterior redactada por el diputado provincial [&hellip;]","og_url":"https:\/\/diariofemenino.com.ar\/df\/la-legislatura-de-tucuman-buscara-convertir-en-ley-el-proyecto-de-prostibulos-cero\/","og_site_name":"Diario Digital Femenino","article_publisher":"https:\/\/www.facebook.com\/DiarioDigitaFemenino\/","article_published_time":"2012-08-15T02:22:58+00:00","og_image":[{"width":855,"height":319,"url":"https:\/\/diariofemenino.com.ar\/df\/wp-content\/uploads\/2016\/10\/logo-negro.png","type":"image\/png"}],"author":"Admin","twitter_card":"summary_large_image","twitter_creator":"@DiarioFemenino1","twitter_site":"@DiarioFemenino1","twitter_misc":{"Escrito por":"Admin","Tiempo de lectura":"4 minutos"},"schema":{"@context":"https:\/\/schema.org","@graph":[{"@type":"Article","@id":"https:\/\/diariofemenino.com.ar\/df\/la-legislatura-de-tucuman-buscara-convertir-en-ley-el-proyecto-de-prostibulos-cero\/#article","isPartOf":{"@id":"https:\/\/diariofemenino.com.ar\/df\/la-legislatura-de-tucuman-buscara-convertir-en-ley-el-proyecto-de-prostibulos-cero\/"},"author":{"name":"Admin","@id":"https:\/\/diariofemenino.com.ar\/df\/#\/schema\/person\/38f54b3bfd13f561de2460ba95c169c6"},"headline":"La Legislatura de Tucum\u00e1n buscar\u00e1 convertir en ley el proyecto de \u201cprost\u00edbulos cero\u201d","datePublished":"2012-08-15T02:22:58+00:00","mainEntityOfPage":{"@id":"https:\/\/diariofemenino.com.ar\/df\/la-legislatura-de-tucuman-buscara-convertir-en-ley-el-proyecto-de-prostibulos-cero\/"},"wordCount":828,"commentCount":0,"publisher":{"@id":"https:\/\/diariofemenino.com.ar\/df\/#organization"},"articleSection":["Medios","Noticias","Trata de Pers."],"inLanguage":"es","potentialAction":[{"@type":"CommentAction","name":"Comment","target":["https:\/\/diariofemenino.com.ar\/df\/la-legislatura-de-tucuman-buscara-convertir-en-ley-el-proyecto-de-prostibulos-cero\/#respond"]}]},{"@type":"WebPage","@id":"https:\/\/diariofemenino.com.ar\/df\/la-legislatura-de-tucuman-buscara-convertir-en-ley-el-proyecto-de-prostibulos-cero\/","url":"https:\/\/diariofemenino.com.ar\/df\/la-legislatura-de-tucuman-buscara-convertir-en-ley-el-proyecto-de-prostibulos-cero\/","name":"La Legislatura de Tucum\u00e1n buscar\u00e1 convertir en ley el proyecto de \u201cprost\u00edbulos cero\u201d - Diario Digital Femenino","isPartOf":{"@id":"https:\/\/diariofemenino.com.ar\/df\/#website"},"datePublished":"2012-08-15T02:22:58+00:00","breadcrumb":{"@id":"https:\/\/diariofemenino.com.ar\/df\/la-legislatura-de-tucuman-buscara-convertir-en-ley-el-proyecto-de-prostibulos-cero\/#breadcrumb"},"inLanguage":"es","potentialAction":[{"@type":"ReadAction","target":["https:\/\/diariofemenino.com.ar\/df\/la-legislatura-de-tucuman-buscara-convertir-en-ley-el-proyecto-de-prostibulos-cero\/"]}]},{"@type":"BreadcrumbList","@id":"https:\/\/diariofemenino.com.ar\/df\/la-legislatura-de-tucuman-buscara-convertir-en-ley-el-proyecto-de-prostibulos-cero\/#breadcrumb","itemListElement":[{"@type":"ListItem","position":1,"name":"Portada","item":"https:\/\/diariofemenino.com.ar\/df\/"},{"@type":"ListItem","position":2,"name":"La Legislatura de Tucum\u00e1n buscar\u00e1 convertir en ley el proyecto de \u201cprost\u00edbulos cero\u201d"}]},{"@type":"WebSite","@id":"https:\/\/diariofemenino.com.ar\/df\/#website","url":"https:\/\/diariofemenino.com.ar\/df\/","name":"Diario Digital Femenino","description":"Cuesti\u00f3n de G\u00e9nero","publisher":{"@id":"https:\/\/diariofemenino.com.ar\/df\/#organization"},"potentialAction":[{"@type":"SearchAction","target":{"@type":"EntryPoint","urlTemplate":"https:\/\/diariofemenino.com.ar\/df\/?s={search_term_string}"},"query-input":{"@type":"PropertyValueSpecification","valueRequired":true,"valueName":"search_term_string"}}],"inLanguage":"es"},{"@type":"Organization","@id":"https:\/\/diariofemenino.com.ar\/df\/#organization","name":"Diario Femenino","url":"https:\/\/diariofemenino.com.ar\/df\/","logo":{"@type":"ImageObject","inLanguage":"es","@id":"https:\/\/diariofemenino.com.ar\/df\/#\/schema\/logo\/image\/","url":"https:\/\/diariofemenino.com.ar\/df\/wp-content\/uploads\/2018\/10\/logo.png","contentUrl":"https:\/\/diariofemenino.com.ar\/df\/wp-content\/uploads\/2018\/10\/logo.png","width":500,"height":92,"caption":"Diario Femenino"},"image":{"@id":"https:\/\/diariofemenino.com.ar\/df\/#\/schema\/logo\/image\/"},"sameAs":["https:\/\/www.facebook.com\/DiarioDigitaFemenino\/","https:\/\/x.com\/DiarioFemenino1"]},{"@type":"Person","@id":"https:\/\/diariofemenino.com.ar\/df\/#\/schema\/person\/38f54b3bfd13f561de2460ba95c169c6","name":"Admin","image":{"@type":"ImageObject","inLanguage":"es","@id":"https:\/\/diariofemenino.com.ar\/df\/wp-content\/uploads\/2018\/12\/favicon-150x150.jpg","url":"https:\/\/diariofemenino.com.ar\/df\/wp-content\/uploads\/2018\/12\/favicon-150x150.jpg","contentUrl":"https:\/\/diariofemenino.com.ar\/df\/wp-content\/uploads\/2018\/12\/favicon-150x150.jpg","caption":"Admin"},"url":"https:\/\/diariofemenino.com.ar\/df\/author\/adm18df\/"}]}},"jetpack_featured_media_url":"","jetpack_sharing_enabled":true,"rttpg_featured_image_url":null,"rttpg_author":{"display_name":"Admin","author_link":"https:\/\/diariofemenino.com.ar\/df\/author\/adm18df\/"},"rttpg_comment":0,"rttpg_category":"<a href=\"https:\/\/diariofemenino.com.ar\/df\/category\/medios\/\" rel=\"category tag\">Medios<\/a> <a href=\"https:\/\/diariofemenino.com.ar\/df\/category\/noticias\/\" rel=\"category tag\">Noticias<\/a> <a href=\"https:\/\/diariofemenino.com.ar\/df\/category\/trata-de-personas\/\" rel=\"category tag\">Trata de Pers.<\/a>","rttpg_excerpt":"&nbsp; &nbsp; &nbsp; La Legislatura provincial sesionar\u00e1 este mi\u00e9rcoles para convertir en ley un proyecto elaborado por el Poder Ejecutivo que busca poner fin al funcionamiento de prost\u00edbulos en la provincia, como una medida para combatir la trata de personas. El proyecto fue elaborado tomando como base una iniciativa anterior redactada por el diputado provincial&hellip;","_links":{"self":[{"href":"https:\/\/diariofemenino.com.ar\/df\/wp-json\/wp\/v2\/posts\/3079","targetHints":{"allow":["GET"]}}],"collection":[{"href":"https:\/\/diariofemenino.com.ar\/df\/wp-json\/wp\/v2\/posts"}],"about":[{"href":"https:\/\/diariofemenino.com.ar\/df\/wp-json\/wp\/v2\/types\/post"}],"author":[{"embeddable":true,"href":"https:\/\/diariofemenino.com.ar\/df\/wp-json\/wp\/v2\/users\/1"}],"replies":[{"embeddable":true,"href":"https:\/\/diariofemenino.com.ar\/df\/wp-json\/wp\/v2\/comments?post=3079"}],"version-history":[{"count":0,"href":"https:\/\/diariofemenino.com.ar\/df\/wp-json\/wp\/v2\/posts\/3079\/revisions"}],"wp:attachment":[{"href":"https:\/\/diariofemenino.com.ar\/df\/wp-json\/wp\/v2\/media?parent=3079"}],"wp:term":[{"taxonomy":"category","embeddable":true,"href":"https:\/\/diariofemenino.com.ar\/df\/wp-json\/wp\/v2\/categories?post=3079"},{"taxonomy":"post_tag","embeddable":true,"href":"https:\/\/diariofemenino.com.ar\/df\/wp-json\/wp\/v2\/tags?post=3079"}],"curies":[{"name":"wp","href":"https:\/\/api.w.org\/{rel}","templated":true}]}}