{"id":30724,"date":"2019-01-14T18:23:31","date_gmt":"2019-01-14T21:23:31","guid":{"rendered":"http:\/\/diariofemenino.com.ar\/v2\/?p=30657"},"modified":"2019-01-16T15:33:10","modified_gmt":"2019-01-16T18:33:10","slug":"victima-de-femicidio-encontraron-el-cuerpo-de-la-joven-desaparecida-en-santa-fe","status":"publish","type":"post","link":"https:\/\/diariofemenino.com.ar\/df\/victima-de-femicidio-encontraron-el-cuerpo-de-la-joven-desaparecida-en-santa-fe\/","title":{"rendered":"V\u00edctima de femicidio: encontraron el cuerpo de la joven desaparecida en Santa Fe"},"content":{"rendered":"<p>Durante la ma\u00f1ana del lunes fue hallado el cuerpo de Agustina Imvinkelried, de 17 a\u00f1os, en un descampado. Estaba desaparecida desde el domingo a la madrugada cuando se la vio por \u00faltima vez a la salida del boliche Teos. El hombre se\u00f1alado como responsable del femicidio, Pablo Trionfini (39), se suicid\u00f3 en su casa tiempo antes de que la polic\u00eda llegue para interrogarlo.<\/p>\n<p>Se trata del\u00a0<a title=\"Alarmante: el 2019 empez\u00f3 con un femicidio cada 34 horas\" href=\"http:\/\/notasperiodismopopular.com.ar\/2019\/01\/07\/alarmante-2019-empezo-femicidio-cada-34-horas\/\" target=\"_blank\" rel=\"noopener\">s\u00e9ptimo femicidio<\/a>\u00a0en los 14 d\u00edas que lleva de iniciado el 2019. Agustina hab\u00eda sido vista por \u00faltima vez a las 5:54 de la madrugada del domingo en el boliche ubicado a la vera de la ruta provincial 6 y la avenida de los Colonizadores, seg\u00fan registros de c\u00e1maras de seguridad del lugar. La familia de la joven hizo la denuncia el domingo cuando pasaron horas sin que volviera a su casa.<\/p>\n<p>De esta manera, se activ\u00f3 la b\u00fasqueda y se revelaron las c\u00e1maras de seguridad del boliche, que sirvieron como elementos en la investigaci\u00f3n judicial. En una de las filmaciones se la ve\u00eda hablando con un Trionfini. En paralelo los familiares instalaron su imagen en las redes sociales pidiendo difunsi\u00f3n y cualquier informaci\u00f3n que pudiera ayudar a encontrarla.<\/p>\n<p>En el proceso se logr\u00f3 dar con la identidad del hombre y personal policial de la Unidad Regional XI del departamento Las Colonias se dirigi\u00f3 a su casa con una orden de allanamiento, pero al llegar al lugar encontr\u00f3 a Trionfini ahorcado con una soga.<\/p>\n<p>La investigaci\u00f3n por la desaparici\u00f3n seguida de muerte est\u00e1 a cargo de la fiscal Mar\u00eda Laura Urquiza.<\/p>\n<p>nota en desarollo<\/p>\n<p>&nbsp;<\/p>\n<p>Fuente: <a href=\"https:\/\/notasperiodismopopular.com.ar\/2019\/01\/14\/victima-femicidio-encontraron-cuerpo-joven-desaparecida-santa-fe\/\">Notas Periodismos Popular<\/a><\/p>\n","protected":false},"excerpt":{"rendered":"<p>Durante la ma\u00f1ana del lunes fue hallado el cuerpo de Agustina Imvinkelried, de 17 a\u00f1os, en un descampado. Estaba desaparecida desde el domingo a la madrugada cuando se la vio por \u00faltima vez a la salida del boliche Teos. El hombre se\u00f1alado como responsable del femicidio, Pablo Trionfini (39), se suicid\u00f3 en su casa tiempo [&hellip;]<\/p>\n","protected":false},"author":3,"featured_media":30669,"comment_status":"closed","ping_status":"closed","sticky":false,"template":"","format":"standard","meta":{"iawp_total_views":4,"footnotes":""},"categories":[21],"tags":[208,27,39,37,34,130,16],"class_list":["post-30724","post","type-post","status-publish","format-standard","has-post-thumbnail","hentry","category-noticias","tag-femicidio","tag-abuso","tag-justicia","tag-juventud","tag-machismo","tag-mujeres","tag-violencia-de-genero"],"nelio_content":{"autoShareEndMode":"never","automationSources":{"useCustomSentences":false,"customSentences":[]},"efiAlt":"","efiUrl":"","followers":[1,3],"highlights":[],"isAutoShareEnabled":true,"networkImageIds":[],"permalinkQueryArgs":[],"series":[],"suggestedReferences":[]},"yoast_head":"<!-- This site is optimized with the Yoast SEO plugin v27.5 - https:\/\/yoast.com\/product\/yoast-seo-wordpress\/ -->\n<title>V\u00edctima de femicidio: encontraron el cuerpo de la joven desaparecida en Santa Fe - Diario Digital Femenino<\/title>\n<meta name=\"robots\" content=\"index, follow, max-snippet:-1, max-image-preview:large, max-video-preview:-1\" \/>\n<link rel=\"canonical\" href=\"https:\/\/diariofemenino.com.ar\/df\/victima-de-femicidio-encontraron-el-cuerpo-de-la-joven-desaparecida-en-santa-fe\/\" \/>\n<meta property=\"og:locale\" content=\"es_ES\" \/>\n<meta property=\"og:type\" content=\"article\" \/>\n<meta property=\"og:title\" content=\"V\u00edctima de femicidio: encontraron el cuerpo de la joven desaparecida en Santa Fe - Diario Digital Femenino\" \/>\n<meta property=\"og:description\" content=\"Durante la ma\u00f1ana del lunes fue hallado el cuerpo de Agustina Imvinkelried, de 17 a\u00f1os, en un descampado. Estaba desaparecida desde el domingo a la madrugada cuando se la vio por \u00faltima vez a la salida del boliche Teos. El hombre se\u00f1alado como responsable del femicidio, Pablo Trionfini (39), se suicid\u00f3 en su casa tiempo [&hellip;]\" \/>\n<meta property=\"og:url\" content=\"https:\/\/diariofemenino.com.ar\/df\/victima-de-femicidio-encontraron-el-cuerpo-de-la-joven-desaparecida-en-santa-fe\/\" \/>\n<meta property=\"og:site_name\" content=\"Diario Digital Femenino\" \/>\n<meta property=\"article:publisher\" content=\"https:\/\/www.facebook.com\/DiarioDigitaFemenino\/\" \/>\n<meta property=\"article:published_time\" content=\"2019-01-14T21:23:31+00:00\" \/>\n<meta property=\"article:modified_time\" content=\"2019-01-16T18:33:10+00:00\" \/>\n<meta property=\"og:image\" content=\"https:\/\/diariofemenino.com.ar\/df\/wp-content\/uploads\/2019\/01\/femicidio-agustina-680x365.jpg\" \/>\n\t<meta property=\"og:image:width\" content=\"680\" \/>\n\t<meta property=\"og:image:height\" content=\"365\" \/>\n\t<meta property=\"og:image:type\" content=\"image\/jpeg\" \/>\n<meta name=\"author\" content=\"Admin\" \/>\n<meta name=\"twitter:card\" content=\"summary_large_image\" \/>\n<meta name=\"twitter:creator\" content=\"@DiarioFemenino1\" \/>\n<meta name=\"twitter:site\" content=\"@DiarioFemenino1\" \/>\n<meta name=\"twitter:label1\" content=\"Escrito por\" \/>\n\t<meta name=\"twitter:data1\" content=\"Admin\" \/>\n\t<meta name=\"twitter:label2\" content=\"Tiempo de lectura\" \/>\n\t<meta name=\"twitter:data2\" content=\"1 minuto\" \/>\n<script type=\"application\/ld+json\" class=\"yoast-schema-graph\">{\"@context\":\"https:\\\/\\\/schema.org\",\"@graph\":[{\"@type\":\"Article\",\"@id\":\"https:\\\/\\\/diariofemenino.com.ar\\\/df\\\/victima-de-femicidio-encontraron-el-cuerpo-de-la-joven-desaparecida-en-santa-fe\\\/#article\",\"isPartOf\":{\"@id\":\"https:\\\/\\\/diariofemenino.com.ar\\\/df\\\/victima-de-femicidio-encontraron-el-cuerpo-de-la-joven-desaparecida-en-santa-fe\\\/\"},\"author\":{\"name\":\"Admin\",\"@id\":\"https:\\\/\\\/diariofemenino.com.ar\\\/df\\\/#\\\/schema\\\/person\\\/1c36bc3bf394d8ec320814298b4fdd3f\"},\"headline\":\"V\u00edctima de femicidio: encontraron el cuerpo de la joven desaparecida en Santa Fe\",\"datePublished\":\"2019-01-14T21:23:31+00:00\",\"dateModified\":\"2019-01-16T18:33:10+00:00\",\"mainEntityOfPage\":{\"@id\":\"https:\\\/\\\/diariofemenino.com.ar\\\/df\\\/victima-de-femicidio-encontraron-el-cuerpo-de-la-joven-desaparecida-en-santa-fe\\\/\"},\"wordCount\":291,\"publisher\":{\"@id\":\"https:\\\/\\\/diariofemenino.com.ar\\\/df\\\/#organization\"},\"image\":{\"@id\":\"https:\\\/\\\/diariofemenino.com.ar\\\/df\\\/victima-de-femicidio-encontraron-el-cuerpo-de-la-joven-desaparecida-en-santa-fe\\\/#primaryimage\"},\"thumbnailUrl\":\"https:\\\/\\\/diariofemenino.com.ar\\\/df\\\/wp-content\\\/uploads\\\/2019\\\/01\\\/femicidio-agustina-680x365.jpg\",\"keywords\":[\"#femicidio\",\"Abuso\",\"Justicia\",\"Juventud\",\"Machismo\",\"Mujeres\",\"Violencia de g\u00e9nero\"],\"articleSection\":[\"Noticias\"],\"inLanguage\":\"es\"},{\"@type\":\"WebPage\",\"@id\":\"https:\\\/\\\/diariofemenino.com.ar\\\/df\\\/victima-de-femicidio-encontraron-el-cuerpo-de-la-joven-desaparecida-en-santa-fe\\\/\",\"url\":\"https:\\\/\\\/diariofemenino.com.ar\\\/df\\\/victima-de-femicidio-encontraron-el-cuerpo-de-la-joven-desaparecida-en-santa-fe\\\/\",\"name\":\"V\u00edctima de femicidio: encontraron el cuerpo de la joven desaparecida en Santa Fe - Diario Digital Femenino\",\"isPartOf\":{\"@id\":\"https:\\\/\\\/diariofemenino.com.ar\\\/df\\\/#website\"},\"primaryImageOfPage\":{\"@id\":\"https:\\\/\\\/diariofemenino.com.ar\\\/df\\\/victima-de-femicidio-encontraron-el-cuerpo-de-la-joven-desaparecida-en-santa-fe\\\/#primaryimage\"},\"image\":{\"@id\":\"https:\\\/\\\/diariofemenino.com.ar\\\/df\\\/victima-de-femicidio-encontraron-el-cuerpo-de-la-joven-desaparecida-en-santa-fe\\\/#primaryimage\"},\"thumbnailUrl\":\"https:\\\/\\\/diariofemenino.com.ar\\\/df\\\/wp-content\\\/uploads\\\/2019\\\/01\\\/femicidio-agustina-680x365.jpg\",\"datePublished\":\"2019-01-14T21:23:31+00:00\",\"dateModified\":\"2019-01-16T18:33:10+00:00\",\"breadcrumb\":{\"@id\":\"https:\\\/\\\/diariofemenino.com.ar\\\/df\\\/victima-de-femicidio-encontraron-el-cuerpo-de-la-joven-desaparecida-en-santa-fe\\\/#breadcrumb\"},\"inLanguage\":\"es\",\"potentialAction\":[{\"@type\":\"ReadAction\",\"target\":[\"https:\\\/\\\/diariofemenino.com.ar\\\/df\\\/victima-de-femicidio-encontraron-el-cuerpo-de-la-joven-desaparecida-en-santa-fe\\\/\"]}]},{\"@type\":\"ImageObject\",\"inLanguage\":\"es\",\"@id\":\"https:\\\/\\\/diariofemenino.com.ar\\\/df\\\/victima-de-femicidio-encontraron-el-cuerpo-de-la-joven-desaparecida-en-santa-fe\\\/#primaryimage\",\"url\":\"https:\\\/\\\/diariofemenino.com.ar\\\/df\\\/wp-content\\\/uploads\\\/2019\\\/01\\\/femicidio-agustina-680x365.jpg\",\"contentUrl\":\"https:\\\/\\\/diariofemenino.com.ar\\\/df\\\/wp-content\\\/uploads\\\/2019\\\/01\\\/femicidio-agustina-680x365.jpg\",\"width\":680,\"height\":365},{\"@type\":\"BreadcrumbList\",\"@id\":\"https:\\\/\\\/diariofemenino.com.ar\\\/df\\\/victima-de-femicidio-encontraron-el-cuerpo-de-la-joven-desaparecida-en-santa-fe\\\/#breadcrumb\",\"itemListElement\":[{\"@type\":\"ListItem\",\"position\":1,\"name\":\"Portada\",\"item\":\"https:\\\/\\\/diariofemenino.com.ar\\\/df\\\/\"},{\"@type\":\"ListItem\",\"position\":2,\"name\":\"V\u00edctima de femicidio: encontraron el cuerpo de la joven desaparecida en Santa Fe\"}]},{\"@type\":\"WebSite\",\"@id\":\"https:\\\/\\\/diariofemenino.com.ar\\\/df\\\/#website\",\"url\":\"https:\\\/\\\/diariofemenino.com.ar\\\/df\\\/\",\"name\":\"Diario Digital Femenino\",\"description\":\"Cuesti\u00f3n de G\u00e9nero\",\"publisher\":{\"@id\":\"https:\\\/\\\/diariofemenino.com.ar\\\/df\\\/#organization\"},\"potentialAction\":[{\"@type\":\"SearchAction\",\"target\":{\"@type\":\"EntryPoint\",\"urlTemplate\":\"https:\\\/\\\/diariofemenino.com.ar\\\/df\\\/?s={search_term_string}\"},\"query-input\":{\"@type\":\"PropertyValueSpecification\",\"valueRequired\":true,\"valueName\":\"search_term_string\"}}],\"inLanguage\":\"es\"},{\"@type\":\"Organization\",\"@id\":\"https:\\\/\\\/diariofemenino.com.ar\\\/df\\\/#organization\",\"name\":\"Diario Femenino\",\"url\":\"https:\\\/\\\/diariofemenino.com.ar\\\/df\\\/\",\"logo\":{\"@type\":\"ImageObject\",\"inLanguage\":\"es\",\"@id\":\"https:\\\/\\\/diariofemenino.com.ar\\\/df\\\/#\\\/schema\\\/logo\\\/image\\\/\",\"url\":\"https:\\\/\\\/diariofemenino.com.ar\\\/df\\\/wp-content\\\/uploads\\\/2018\\\/10\\\/logo.png\",\"contentUrl\":\"https:\\\/\\\/diariofemenino.com.ar\\\/df\\\/wp-content\\\/uploads\\\/2018\\\/10\\\/logo.png\",\"width\":500,\"height\":92,\"caption\":\"Diario Femenino\"},\"image\":{\"@id\":\"https:\\\/\\\/diariofemenino.com.ar\\\/df\\\/#\\\/schema\\\/logo\\\/image\\\/\"},\"sameAs\":[\"https:\\\/\\\/www.facebook.com\\\/DiarioDigitaFemenino\\\/\",\"https:\\\/\\\/x.com\\\/DiarioFemenino1\"]},{\"@type\":\"Person\",\"@id\":\"https:\\\/\\\/diariofemenino.com.ar\\\/df\\\/#\\\/schema\\\/person\\\/1c36bc3bf394d8ec320814298b4fdd3f\",\"name\":\"Admin\",\"image\":{\"@type\":\"ImageObject\",\"inLanguage\":\"es\",\"@id\":\"https:\\\/\\\/diariofemenino.com.ar\\\/df\\\/wp-content\\\/uploads\\\/2018\\\/12\\\/favicon-150x150.jpg\",\"url\":\"https:\\\/\\\/diariofemenino.com.ar\\\/df\\\/wp-content\\\/uploads\\\/2018\\\/12\\\/favicon-150x150.jpg\",\"contentUrl\":\"https:\\\/\\\/diariofemenino.com.ar\\\/df\\\/wp-content\\\/uploads\\\/2018\\\/12\\\/favicon-150x150.jpg\",\"caption\":\"Admin\"},\"url\":\"https:\\\/\\\/diariofemenino.com.ar\\\/df\\\/author\\\/sofiperez\\\/\"}]}<\/script>\n<!-- \/ Yoast SEO plugin. -->","yoast_head_json":{"title":"V\u00edctima de femicidio: encontraron el cuerpo de la joven desaparecida en Santa Fe - Diario Digital Femenino","robots":{"index":"index","follow":"follow","max-snippet":"max-snippet:-1","max-image-preview":"max-image-preview:large","max-video-preview":"max-video-preview:-1"},"canonical":"https:\/\/diariofemenino.com.ar\/df\/victima-de-femicidio-encontraron-el-cuerpo-de-la-joven-desaparecida-en-santa-fe\/","og_locale":"es_ES","og_type":"article","og_title":"V\u00edctima de femicidio: encontraron el cuerpo de la joven desaparecida en Santa Fe - Diario Digital Femenino","og_description":"Durante la ma\u00f1ana del lunes fue hallado el cuerpo de Agustina Imvinkelried, de 17 a\u00f1os, en un descampado. Estaba desaparecida desde el domingo a la madrugada cuando se la vio por \u00faltima vez a la salida del boliche Teos. El hombre se\u00f1alado como responsable del femicidio, Pablo Trionfini (39), se suicid\u00f3 en su casa tiempo [&hellip;]","og_url":"https:\/\/diariofemenino.com.ar\/df\/victima-de-femicidio-encontraron-el-cuerpo-de-la-joven-desaparecida-en-santa-fe\/","og_site_name":"Diario Digital Femenino","article_publisher":"https:\/\/www.facebook.com\/DiarioDigitaFemenino\/","article_published_time":"2019-01-14T21:23:31+00:00","article_modified_time":"2019-01-16T18:33:10+00:00","og_image":[{"width":680,"height":365,"url":"https:\/\/diariofemenino.com.ar\/df\/wp-content\/uploads\/2019\/01\/femicidio-agustina-680x365.jpg","type":"image\/jpeg"}],"author":"Admin","twitter_card":"summary_large_image","twitter_creator":"@DiarioFemenino1","twitter_site":"@DiarioFemenino1","twitter_misc":{"Escrito por":"Admin","Tiempo de lectura":"1 minuto"},"schema":{"@context":"https:\/\/schema.org","@graph":[{"@type":"Article","@id":"https:\/\/diariofemenino.com.ar\/df\/victima-de-femicidio-encontraron-el-cuerpo-de-la-joven-desaparecida-en-santa-fe\/#article","isPartOf":{"@id":"https:\/\/diariofemenino.com.ar\/df\/victima-de-femicidio-encontraron-el-cuerpo-de-la-joven-desaparecida-en-santa-fe\/"},"author":{"name":"Admin","@id":"https:\/\/diariofemenino.com.ar\/df\/#\/schema\/person\/1c36bc3bf394d8ec320814298b4fdd3f"},"headline":"V\u00edctima de femicidio: encontraron el cuerpo de la joven desaparecida en Santa Fe","datePublished":"2019-01-14T21:23:31+00:00","dateModified":"2019-01-16T18:33:10+00:00","mainEntityOfPage":{"@id":"https:\/\/diariofemenino.com.ar\/df\/victima-de-femicidio-encontraron-el-cuerpo-de-la-joven-desaparecida-en-santa-fe\/"},"wordCount":291,"publisher":{"@id":"https:\/\/diariofemenino.com.ar\/df\/#organization"},"image":{"@id":"https:\/\/diariofemenino.com.ar\/df\/victima-de-femicidio-encontraron-el-cuerpo-de-la-joven-desaparecida-en-santa-fe\/#primaryimage"},"thumbnailUrl":"https:\/\/diariofemenino.com.ar\/df\/wp-content\/uploads\/2019\/01\/femicidio-agustina-680x365.jpg","keywords":["#femicidio","Abuso","Justicia","Juventud","Machismo","Mujeres","Violencia de g\u00e9nero"],"articleSection":["Noticias"],"inLanguage":"es"},{"@type":"WebPage","@id":"https:\/\/diariofemenino.com.ar\/df\/victima-de-femicidio-encontraron-el-cuerpo-de-la-joven-desaparecida-en-santa-fe\/","url":"https:\/\/diariofemenino.com.ar\/df\/victima-de-femicidio-encontraron-el-cuerpo-de-la-joven-desaparecida-en-santa-fe\/","name":"V\u00edctima de femicidio: encontraron el cuerpo de la joven desaparecida en Santa Fe - Diario Digital Femenino","isPartOf":{"@id":"https:\/\/diariofemenino.com.ar\/df\/#website"},"primaryImageOfPage":{"@id":"https:\/\/diariofemenino.com.ar\/df\/victima-de-femicidio-encontraron-el-cuerpo-de-la-joven-desaparecida-en-santa-fe\/#primaryimage"},"image":{"@id":"https:\/\/diariofemenino.com.ar\/df\/victima-de-femicidio-encontraron-el-cuerpo-de-la-joven-desaparecida-en-santa-fe\/#primaryimage"},"thumbnailUrl":"https:\/\/diariofemenino.com.ar\/df\/wp-content\/uploads\/2019\/01\/femicidio-agustina-680x365.jpg","datePublished":"2019-01-14T21:23:31+00:00","dateModified":"2019-01-16T18:33:10+00:00","breadcrumb":{"@id":"https:\/\/diariofemenino.com.ar\/df\/victima-de-femicidio-encontraron-el-cuerpo-de-la-joven-desaparecida-en-santa-fe\/#breadcrumb"},"inLanguage":"es","potentialAction":[{"@type":"ReadAction","target":["https:\/\/diariofemenino.com.ar\/df\/victima-de-femicidio-encontraron-el-cuerpo-de-la-joven-desaparecida-en-santa-fe\/"]}]},{"@type":"ImageObject","inLanguage":"es","@id":"https:\/\/diariofemenino.com.ar\/df\/victima-de-femicidio-encontraron-el-cuerpo-de-la-joven-desaparecida-en-santa-fe\/#primaryimage","url":"https:\/\/diariofemenino.com.ar\/df\/wp-content\/uploads\/2019\/01\/femicidio-agustina-680x365.jpg","contentUrl":"https:\/\/diariofemenino.com.ar\/df\/wp-content\/uploads\/2019\/01\/femicidio-agustina-680x365.jpg","width":680,"height":365},{"@type":"BreadcrumbList","@id":"https:\/\/diariofemenino.com.ar\/df\/victima-de-femicidio-encontraron-el-cuerpo-de-la-joven-desaparecida-en-santa-fe\/#breadcrumb","itemListElement":[{"@type":"ListItem","position":1,"name":"Portada","item":"https:\/\/diariofemenino.com.ar\/df\/"},{"@type":"ListItem","position":2,"name":"V\u00edctima de femicidio: encontraron el cuerpo de la joven desaparecida en Santa Fe"}]},{"@type":"WebSite","@id":"https:\/\/diariofemenino.com.ar\/df\/#website","url":"https:\/\/diariofemenino.com.ar\/df\/","name":"Diario Digital Femenino","description":"Cuesti\u00f3n de G\u00e9nero","publisher":{"@id":"https:\/\/diariofemenino.com.ar\/df\/#organization"},"potentialAction":[{"@type":"SearchAction","target":{"@type":"EntryPoint","urlTemplate":"https:\/\/diariofemenino.com.ar\/df\/?s={search_term_string}"},"query-input":{"@type":"PropertyValueSpecification","valueRequired":true,"valueName":"search_term_string"}}],"inLanguage":"es"},{"@type":"Organization","@id":"https:\/\/diariofemenino.com.ar\/df\/#organization","name":"Diario Femenino","url":"https:\/\/diariofemenino.com.ar\/df\/","logo":{"@type":"ImageObject","inLanguage":"es","@id":"https:\/\/diariofemenino.com.ar\/df\/#\/schema\/logo\/image\/","url":"https:\/\/diariofemenino.com.ar\/df\/wp-content\/uploads\/2018\/10\/logo.png","contentUrl":"https:\/\/diariofemenino.com.ar\/df\/wp-content\/uploads\/2018\/10\/logo.png","width":500,"height":92,"caption":"Diario Femenino"},"image":{"@id":"https:\/\/diariofemenino.com.ar\/df\/#\/schema\/logo\/image\/"},"sameAs":["https:\/\/www.facebook.com\/DiarioDigitaFemenino\/","https:\/\/x.com\/DiarioFemenino1"]},{"@type":"Person","@id":"https:\/\/diariofemenino.com.ar\/df\/#\/schema\/person\/1c36bc3bf394d8ec320814298b4fdd3f","name":"Admin","image":{"@type":"ImageObject","inLanguage":"es","@id":"https:\/\/diariofemenino.com.ar\/df\/wp-content\/uploads\/2018\/12\/favicon-150x150.jpg","url":"https:\/\/diariofemenino.com.ar\/df\/wp-content\/uploads\/2018\/12\/favicon-150x150.jpg","contentUrl":"https:\/\/diariofemenino.com.ar\/df\/wp-content\/uploads\/2018\/12\/favicon-150x150.jpg","caption":"Admin"},"url":"https:\/\/diariofemenino.com.ar\/df\/author\/sofiperez\/"}]}},"jetpack_featured_media_url":"https:\/\/diariofemenino.com.ar\/df\/wp-content\/uploads\/2019\/01\/femicidio-agustina-680x365.jpg","jetpack_sharing_enabled":true,"rttpg_featured_image_url":{"full":["https:\/\/diariofemenino.com.ar\/df\/wp-content\/uploads\/2019\/01\/femicidio-agustina-680x365.jpg",680,365,false],"landscape":["https:\/\/diariofemenino.com.ar\/df\/wp-content\/uploads\/2019\/01\/femicidio-agustina-680x365.jpg",680,365,false],"portraits":["https:\/\/diariofemenino.com.ar\/df\/wp-content\/uploads\/2019\/01\/femicidio-agustina-680x365.jpg",680,365,false],"thumbnail":["https:\/\/diariofemenino.com.ar\/df\/wp-content\/uploads\/2019\/01\/femicidio-agustina-680x365-150x150.jpg",150,150,true],"medium":["https:\/\/diariofemenino.com.ar\/df\/wp-content\/uploads\/2019\/01\/femicidio-agustina-680x365-300x161.jpg",300,161,true],"large":["https:\/\/diariofemenino.com.ar\/df\/wp-content\/uploads\/2019\/01\/femicidio-agustina-680x365.jpg",680,365,false],"1536x1536":["https:\/\/diariofemenino.com.ar\/df\/wp-content\/uploads\/2019\/01\/femicidio-agustina-680x365.jpg",680,365,false],"2048x2048":["https:\/\/diariofemenino.com.ar\/df\/wp-content\/uploads\/2019\/01\/femicidio-agustina-680x365.jpg",680,365,false]},"rttpg_author":{"display_name":"Admin","author_link":"https:\/\/diariofemenino.com.ar\/df\/author\/sofiperez\/"},"rttpg_comment":0,"rttpg_category":"<a href=\"https:\/\/diariofemenino.com.ar\/df\/category\/noticias\/\" rel=\"category tag\">Noticias<\/a>","rttpg_excerpt":"Durante la ma\u00f1ana del lunes fue hallado el cuerpo de Agustina Imvinkelried, de 17 a\u00f1os, en un descampado. Estaba desaparecida desde el domingo a la madrugada cuando se la vio por \u00faltima vez a la salida del boliche Teos. El hombre se\u00f1alado como responsable del femicidio, Pablo Trionfini (39), se suicid\u00f3 en su casa tiempo&hellip;","_links":{"self":[{"href":"https:\/\/diariofemenino.com.ar\/df\/wp-json\/wp\/v2\/posts\/30724","targetHints":{"allow":["GET"]}}],"collection":[{"href":"https:\/\/diariofemenino.com.ar\/df\/wp-json\/wp\/v2\/posts"}],"about":[{"href":"https:\/\/diariofemenino.com.ar\/df\/wp-json\/wp\/v2\/types\/post"}],"author":[{"embeddable":true,"href":"https:\/\/diariofemenino.com.ar\/df\/wp-json\/wp\/v2\/users\/3"}],"replies":[{"embeddable":true,"href":"https:\/\/diariofemenino.com.ar\/df\/wp-json\/wp\/v2\/comments?post=30724"}],"version-history":[{"count":0,"href":"https:\/\/diariofemenino.com.ar\/df\/wp-json\/wp\/v2\/posts\/30724\/revisions"}],"wp:featuredmedia":[{"embeddable":true,"href":"https:\/\/diariofemenino.com.ar\/df\/wp-json\/wp\/v2\/media\/30669"}],"wp:attachment":[{"href":"https:\/\/diariofemenino.com.ar\/df\/wp-json\/wp\/v2\/media?parent=30724"}],"wp:term":[{"taxonomy":"category","embeddable":true,"href":"https:\/\/diariofemenino.com.ar\/df\/wp-json\/wp\/v2\/categories?post=30724"},{"taxonomy":"post_tag","embeddable":true,"href":"https:\/\/diariofemenino.com.ar\/df\/wp-json\/wp\/v2\/tags?post=30724"}],"curies":[{"name":"wp","href":"https:\/\/api.w.org\/{rel}","templated":true}]}}