{"id":3071,"date":"2012-08-14T23:03:40","date_gmt":"2012-08-15T02:03:40","guid":{"rendered":"http:\/\/www.diariofemenino.com.ar\/?p=3071"},"modified":"2012-08-14T23:03:40","modified_gmt":"2012-08-15T02:03:40","slug":"se-realizara-el-tercer-encuentro-de-mujeres-pampeanas-2012","status":"publish","type":"post","link":"https:\/\/diariofemenino.com.ar\/df\/se-realizara-el-tercer-encuentro-de-mujeres-pampeanas-2012\/","title":{"rendered":"Se realizar\u00e1 el Tercer Encuentro de Mujeres Pampeanas 2012"},"content":{"rendered":"<p>&nbsp;<br \/>\n&nbsp;<br \/>\n<strong><\/strong><br \/>\n<strong><a href=\"http:\/\/www.diariofemenino.com.ar\/wp-content\/uploads\/aficheencuentro11.jpg\"><img loading=\"lazy\" decoding=\"async\" class=\"alignnone size-full wp-image-3076\" title=\"aficheencuentro1\" src=\"http:\/\/www.diariofemenino.com.ar\/wp-content\/uploads\/aficheencuentro11.jpg\" alt=\"\" width=\"440\" height=\"622\" \/><\/a><\/strong><br \/>\n<strong>PROGRAMA III ENCUENTRO DE MUJERES PAMPEANAS 2012 8 Y 9 DE SEPTIEMBRE DE 2012 SANTA ROSA- LA PAMPA<\/strong><br \/>\n<strong>8 DE SEPTIEMBRE<\/strong><br \/>\n<strong>08:00 HORAS:<\/strong> ACREDITACI\u00d3N- TEATRO ESPA\u00d1OL- H. LAGOS 50 <strong>09:30 HORAS:<\/strong> APERTURA \u2013 TEATRO ESPA\u00d1OL- H. LAGOS 50<br \/>\n<strong>Conferencia Inaugural a cargo de: <\/strong> <strong>Mar\u00eda Isabel Giachino de Ribet:<\/strong> Coordinadora Nacional de Modalidad \u201cEducaci\u00f3n en Contextos de Encierro\u201d. Maestra Normal, Nacional, Licenciada, Profesora y Doctoranda en Sociolog\u00eda, Universidad Cat\u00f3lica Argentina. Es Especialista en Planificaci\u00f3n y Formulaci\u00f3n de Pol\u00edticas Educativas, IIPE-UNESCO. En el \u00e1mbito universitario, es Profesora Titular de las C\u00e1tedras de Psicolog\u00eda Social, Sociolog\u00eda General y de la Educaci\u00f3n, de la Carrera de Ciencias de la Educaci\u00f3n de la Universidad Cat\u00f3lica Argentina. Entre las publicaciones m\u00e1s recientes es posible mencionar: Alas de tiza para la esperanza, (Novedades Educativas), De rincones y caminos (Aique), Pol\u00edticas p\u00fablicas de alfabetizaci\u00f3n y educaci\u00f3n b\u00e1sica en contextos de encierro (Santillana), Pol\u00edticas educativas en contextos de encierro para la inclusi\u00f3n social (IDIE \u2013 MERCOSUR), Pedagog\u00eda del Encierro (Universidad de C\u00f3rdoba). <strong>Lohana Berkins:<\/strong> Fund\u00f3 la Asociaci\u00f3n de Lucha por la Identidad Travesti y Transexual (ALITT), que preside hasta la actualidad. Fue impulsora de la ley 3062 de respeto a la identidad adoptada por travestis y transexuales, ha sido asesora en la\u00a0 legislatura nacional, lidera la creaci\u00f3n de la coop. textil Nadia Echaz\u00fa, entre otras muchas actividades que desarrolla por los derechos de las personas trans. <strong>ROSA MIRTA PAZ:<\/strong> Vive en Charata (Chaco). A los 12 a\u00f1os perdi\u00f3 ambos miembros\u00a0 superiores, a consecuencia de un accidente rural. En la primera etapa de rehabilitaci\u00f3n, le ense\u00f1aron a escribir con la boca para poder terminar la escuela primaria. En el a\u00f1o 1983 ingreso a la V.D.M.F.K., Asociaci\u00f3n Mundial de Artistas que pintan con la boca y los pies. Actualmente es la representante provincial de la asociaci\u00f3n. En Charata tiene a su cargo un taller donde trabaja con discapacidad mental.<br \/>\n<strong>15:30 HORAS:<\/strong> TALLERES- ESCUELA NORMAL SUPERIOR- AVDA. ROCA 384<br \/>\n<strong>TALLERES:<br \/>\n1- MUJERES Y VIOLENCIA DE G\u00c9NERO<br \/>\n2- MUJERES EN EL \u00c1MBITO RURAL<br \/>\n3- MUJERES Y PARTICIPACI\u00d3N CIUDADANA, ORGANIZACIONES SOCIALES, BARRIALES Y POL\u00cdTICAS<br \/>\n4- SALUD INTEGRAL, SEXUAL Y REPRODUCTIVA<br \/>\n5- DIVERSIDAD SEXUAL<br \/>\n6- ADOLESCENCIA, JUVENTUD Y MILITANCIA<br \/>\n7- MUJERES Y TRABAJO (ACCESO, DESIGUALDADES Y OTRAS FORMAS DE TRABAJO)<br \/>\n8- ADULTAS MAYORES<br \/>\n9- MUJERES, PROSTITUCI\u00d3N, TRATA Y EXPLOTACI\u00d3N SEXUAL 1<br \/>\n0- MUJERES Y ACCESO A LA JUSTICIA<br \/>\n11- MUJERES Y PUEBLOS ORIGINARIOS 1<br \/>\n2- MUJERES, EDUCACI\u00d3N Y CULTURA<br \/>\n13- MUJERES Y DISCAPACIDAD<br \/>\n14- MUJERES Y CONTEXTOS DE ENCIERRO<br \/>\n15- MUJERES Y MEDIOS DE COMUNICACI\u00d3N<\/strong><br \/>\n<strong>22:00 HORAS:<\/strong> PE\u00d1A- BAILE- COMEDOR CENTRO RECREATIVO DON TOM\u00c1S<br \/>\n<strong>9 DE SEPTIEMBRE 09:00 HORAS:<\/strong> CIERRE DE TALLERES- ESCUELA NORMAL SUPERIOR<br \/>\n<strong>11:00 HORAS:<\/strong> LECTURA CONCLUSIONES- TEATRO ESPA\u00d1OL<br \/>\n<strong>12:00 HORAS:<\/strong> CIERRE- TEATRO ESPA\u00d1OL- ESPECT\u00c1CULO<br \/>\n<strong>Contacto:<\/strong> Subdirecci\u00f3n de Pol\u00edticas de G\u00e9nero- Brasil 755- Tel. 02954 455356\/ 421963 Mail:<br \/>\n<a href=\"mailto:politicasdegenero.msr@gmail.com\">politicasdegenero.msr@gmail.com<\/a><br \/>\nEsta direcci\u00f3n electr\u00f3nica esta protegida contra spambots. Es necesario activar Javascript para visualizarla<br \/>\nP\u00e1g. Web: www.santarosa.gov.ar\/genero Facebook: Pol\u00edticas de G\u00e9nero Municipalidad de Santa Rosa<br \/>\n&nbsp;<br \/>\n&nbsp;<br \/>\n&nbsp;<br \/>\n&nbsp;<br \/>\n&nbsp;<br \/>\n&nbsp;<br \/>\n&nbsp;<\/p>\n","protected":false},"excerpt":{"rendered":"<p>&nbsp; &nbsp; PROGRAMA III ENCUENTRO DE MUJERES PAMPEANAS 2012 8 Y 9 DE SEPTIEMBRE DE 2012 SANTA ROSA- LA PAMPA 8 DE SEPTIEMBRE 08:00 HORAS: ACREDITACI\u00d3N- TEATRO ESPA\u00d1OL- H. LAGOS 50 09:30 HORAS: APERTURA \u2013 TEATRO ESPA\u00d1OL- H. LAGOS 50 Conferencia Inaugural a cargo de: Mar\u00eda Isabel Giachino de Ribet: Coordinadora Nacional de Modalidad \u201cEducaci\u00f3n [&hellip;]<\/p>\n","protected":false},"author":1,"featured_media":0,"comment_status":"open","ping_status":"open","sticky":false,"template":"","format":"standard","meta":{"iawp_total_views":1,"footnotes":""},"categories":[7,4],"tags":[],"class_list":["post-3071","post","type-post","status-publish","format-standard","hentry","category-actividades","category-medios"],"nelio_content":{"autoShareEndMode":"never","automationSources":{"useCustomSentences":false,"customSentences":[]},"efiAlt":"","efiUrl":"","followers":[],"highlights":[],"isAutoShareEnabled":true,"networkImageIds":[],"permalinkQueryArgs":[],"series":[],"suggestedReferences":[]},"yoast_head":"<!-- This site is optimized with the Yoast SEO plugin v27.4 - https:\/\/yoast.com\/product\/yoast-seo-wordpress\/ -->\n<title>Se realizar\u00e1 el Tercer Encuentro de Mujeres Pampeanas 2012 - Diario Digital Femenino<\/title>\n<meta name=\"robots\" content=\"index, follow, max-snippet:-1, max-image-preview:large, max-video-preview:-1\" \/>\n<link rel=\"canonical\" href=\"https:\/\/diariofemenino.com.ar\/df\/se-realizara-el-tercer-encuentro-de-mujeres-pampeanas-2012\/\" \/>\n<meta property=\"og:locale\" content=\"es_ES\" \/>\n<meta property=\"og:type\" content=\"article\" \/>\n<meta property=\"og:title\" content=\"Se realizar\u00e1 el Tercer Encuentro de Mujeres Pampeanas 2012 - Diario Digital Femenino\" \/>\n<meta property=\"og:description\" content=\"&nbsp; &nbsp; PROGRAMA III ENCUENTRO DE MUJERES PAMPEANAS 2012 8 Y 9 DE SEPTIEMBRE DE 2012 SANTA ROSA- LA PAMPA 8 DE SEPTIEMBRE 08:00 HORAS: ACREDITACI\u00d3N- TEATRO ESPA\u00d1OL- H. LAGOS 50 09:30 HORAS: APERTURA \u2013 TEATRO ESPA\u00d1OL- H. LAGOS 50 Conferencia Inaugural a cargo de: Mar\u00eda Isabel Giachino de Ribet: Coordinadora Nacional de Modalidad \u201cEducaci\u00f3n [&hellip;]\" \/>\n<meta property=\"og:url\" content=\"https:\/\/diariofemenino.com.ar\/df\/se-realizara-el-tercer-encuentro-de-mujeres-pampeanas-2012\/\" \/>\n<meta property=\"og:site_name\" content=\"Diario Digital Femenino\" \/>\n<meta property=\"article:publisher\" content=\"https:\/\/www.facebook.com\/DiarioDigitaFemenino\/\" \/>\n<meta property=\"article:published_time\" content=\"2012-08-15T02:03:40+00:00\" \/>\n<meta property=\"og:image\" content=\"http:\/\/www.diariofemenino.com.ar\/wp-content\/uploads\/aficheencuentro11.jpg\" \/>\n<meta name=\"author\" content=\"Admin\" \/>\n<meta name=\"twitter:card\" content=\"summary_large_image\" \/>\n<meta name=\"twitter:creator\" content=\"@DiarioFemenino1\" \/>\n<meta name=\"twitter:site\" content=\"@DiarioFemenino1\" \/>\n<meta name=\"twitter:label1\" content=\"Escrito por\" \/>\n\t<meta name=\"twitter:data1\" content=\"Admin\" \/>\n\t<meta name=\"twitter:label2\" content=\"Tiempo de lectura\" \/>\n\t<meta name=\"twitter:data2\" content=\"3 minutos\" \/>\n<script type=\"application\/ld+json\" class=\"yoast-schema-graph\">{\"@context\":\"https:\\\/\\\/schema.org\",\"@graph\":[{\"@type\":\"Article\",\"@id\":\"https:\\\/\\\/diariofemenino.com.ar\\\/df\\\/se-realizara-el-tercer-encuentro-de-mujeres-pampeanas-2012\\\/#article\",\"isPartOf\":{\"@id\":\"https:\\\/\\\/diariofemenino.com.ar\\\/df\\\/se-realizara-el-tercer-encuentro-de-mujeres-pampeanas-2012\\\/\"},\"author\":{\"name\":\"Admin\",\"@id\":\"https:\\\/\\\/diariofemenino.com.ar\\\/df\\\/#\\\/schema\\\/person\\\/38f54b3bfd13f561de2460ba95c169c6\"},\"headline\":\"Se realizar\u00e1 el Tercer Encuentro de Mujeres Pampeanas 2012\",\"datePublished\":\"2012-08-15T02:03:40+00:00\",\"mainEntityOfPage\":{\"@id\":\"https:\\\/\\\/diariofemenino.com.ar\\\/df\\\/se-realizara-el-tercer-encuentro-de-mujeres-pampeanas-2012\\\/\"},\"wordCount\":536,\"commentCount\":0,\"publisher\":{\"@id\":\"https:\\\/\\\/diariofemenino.com.ar\\\/df\\\/#organization\"},\"image\":{\"@id\":\"https:\\\/\\\/diariofemenino.com.ar\\\/df\\\/se-realizara-el-tercer-encuentro-de-mujeres-pampeanas-2012\\\/#primaryimage\"},\"thumbnailUrl\":\"http:\\\/\\\/www.diariofemenino.com.ar\\\/wp-content\\\/uploads\\\/aficheencuentro11.jpg\",\"articleSection\":[\"Actividades\",\"Medios\"],\"inLanguage\":\"es\",\"potentialAction\":[{\"@type\":\"CommentAction\",\"name\":\"Comment\",\"target\":[\"https:\\\/\\\/diariofemenino.com.ar\\\/df\\\/se-realizara-el-tercer-encuentro-de-mujeres-pampeanas-2012\\\/#respond\"]}]},{\"@type\":\"WebPage\",\"@id\":\"https:\\\/\\\/diariofemenino.com.ar\\\/df\\\/se-realizara-el-tercer-encuentro-de-mujeres-pampeanas-2012\\\/\",\"url\":\"https:\\\/\\\/diariofemenino.com.ar\\\/df\\\/se-realizara-el-tercer-encuentro-de-mujeres-pampeanas-2012\\\/\",\"name\":\"Se realizar\u00e1 el Tercer Encuentro de Mujeres Pampeanas 2012 - Diario Digital Femenino\",\"isPartOf\":{\"@id\":\"https:\\\/\\\/diariofemenino.com.ar\\\/df\\\/#website\"},\"primaryImageOfPage\":{\"@id\":\"https:\\\/\\\/diariofemenino.com.ar\\\/df\\\/se-realizara-el-tercer-encuentro-de-mujeres-pampeanas-2012\\\/#primaryimage\"},\"image\":{\"@id\":\"https:\\\/\\\/diariofemenino.com.ar\\\/df\\\/se-realizara-el-tercer-encuentro-de-mujeres-pampeanas-2012\\\/#primaryimage\"},\"thumbnailUrl\":\"http:\\\/\\\/www.diariofemenino.com.ar\\\/wp-content\\\/uploads\\\/aficheencuentro11.jpg\",\"datePublished\":\"2012-08-15T02:03:40+00:00\",\"breadcrumb\":{\"@id\":\"https:\\\/\\\/diariofemenino.com.ar\\\/df\\\/se-realizara-el-tercer-encuentro-de-mujeres-pampeanas-2012\\\/#breadcrumb\"},\"inLanguage\":\"es\",\"potentialAction\":[{\"@type\":\"ReadAction\",\"target\":[\"https:\\\/\\\/diariofemenino.com.ar\\\/df\\\/se-realizara-el-tercer-encuentro-de-mujeres-pampeanas-2012\\\/\"]}]},{\"@type\":\"ImageObject\",\"inLanguage\":\"es\",\"@id\":\"https:\\\/\\\/diariofemenino.com.ar\\\/df\\\/se-realizara-el-tercer-encuentro-de-mujeres-pampeanas-2012\\\/#primaryimage\",\"url\":\"http:\\\/\\\/www.diariofemenino.com.ar\\\/wp-content\\\/uploads\\\/aficheencuentro11.jpg\",\"contentUrl\":\"http:\\\/\\\/www.diariofemenino.com.ar\\\/wp-content\\\/uploads\\\/aficheencuentro11.jpg\"},{\"@type\":\"BreadcrumbList\",\"@id\":\"https:\\\/\\\/diariofemenino.com.ar\\\/df\\\/se-realizara-el-tercer-encuentro-de-mujeres-pampeanas-2012\\\/#breadcrumb\",\"itemListElement\":[{\"@type\":\"ListItem\",\"position\":1,\"name\":\"Portada\",\"item\":\"https:\\\/\\\/diariofemenino.com.ar\\\/df\\\/\"},{\"@type\":\"ListItem\",\"position\":2,\"name\":\"Se realizar\u00e1 el Tercer Encuentro de Mujeres Pampeanas 2012\"}]},{\"@type\":\"WebSite\",\"@id\":\"https:\\\/\\\/diariofemenino.com.ar\\\/df\\\/#website\",\"url\":\"https:\\\/\\\/diariofemenino.com.ar\\\/df\\\/\",\"name\":\"Diario Digital Femenino\",\"description\":\"Cuesti\u00f3n de G\u00e9nero\",\"publisher\":{\"@id\":\"https:\\\/\\\/diariofemenino.com.ar\\\/df\\\/#organization\"},\"potentialAction\":[{\"@type\":\"SearchAction\",\"target\":{\"@type\":\"EntryPoint\",\"urlTemplate\":\"https:\\\/\\\/diariofemenino.com.ar\\\/df\\\/?s={search_term_string}\"},\"query-input\":{\"@type\":\"PropertyValueSpecification\",\"valueRequired\":true,\"valueName\":\"search_term_string\"}}],\"inLanguage\":\"es\"},{\"@type\":\"Organization\",\"@id\":\"https:\\\/\\\/diariofemenino.com.ar\\\/df\\\/#organization\",\"name\":\"Diario Femenino\",\"url\":\"https:\\\/\\\/diariofemenino.com.ar\\\/df\\\/\",\"logo\":{\"@type\":\"ImageObject\",\"inLanguage\":\"es\",\"@id\":\"https:\\\/\\\/diariofemenino.com.ar\\\/df\\\/#\\\/schema\\\/logo\\\/image\\\/\",\"url\":\"https:\\\/\\\/diariofemenino.com.ar\\\/df\\\/wp-content\\\/uploads\\\/2018\\\/10\\\/logo.png\",\"contentUrl\":\"https:\\\/\\\/diariofemenino.com.ar\\\/df\\\/wp-content\\\/uploads\\\/2018\\\/10\\\/logo.png\",\"width\":500,\"height\":92,\"caption\":\"Diario Femenino\"},\"image\":{\"@id\":\"https:\\\/\\\/diariofemenino.com.ar\\\/df\\\/#\\\/schema\\\/logo\\\/image\\\/\"},\"sameAs\":[\"https:\\\/\\\/www.facebook.com\\\/DiarioDigitaFemenino\\\/\",\"https:\\\/\\\/x.com\\\/DiarioFemenino1\"]},{\"@type\":\"Person\",\"@id\":\"https:\\\/\\\/diariofemenino.com.ar\\\/df\\\/#\\\/schema\\\/person\\\/38f54b3bfd13f561de2460ba95c169c6\",\"name\":\"Admin\",\"image\":{\"@type\":\"ImageObject\",\"inLanguage\":\"es\",\"@id\":\"https:\\\/\\\/diariofemenino.com.ar\\\/df\\\/wp-content\\\/uploads\\\/2018\\\/12\\\/favicon-150x150.jpg\",\"url\":\"https:\\\/\\\/diariofemenino.com.ar\\\/df\\\/wp-content\\\/uploads\\\/2018\\\/12\\\/favicon-150x150.jpg\",\"contentUrl\":\"https:\\\/\\\/diariofemenino.com.ar\\\/df\\\/wp-content\\\/uploads\\\/2018\\\/12\\\/favicon-150x150.jpg\",\"caption\":\"Admin\"},\"url\":\"https:\\\/\\\/diariofemenino.com.ar\\\/df\\\/author\\\/adm18df\\\/\"}]}<\/script>\n<!-- \/ Yoast SEO plugin. -->","yoast_head_json":{"title":"Se realizar\u00e1 el Tercer Encuentro de Mujeres Pampeanas 2012 - Diario Digital Femenino","robots":{"index":"index","follow":"follow","max-snippet":"max-snippet:-1","max-image-preview":"max-image-preview:large","max-video-preview":"max-video-preview:-1"},"canonical":"https:\/\/diariofemenino.com.ar\/df\/se-realizara-el-tercer-encuentro-de-mujeres-pampeanas-2012\/","og_locale":"es_ES","og_type":"article","og_title":"Se realizar\u00e1 el Tercer Encuentro de Mujeres Pampeanas 2012 - Diario Digital Femenino","og_description":"&nbsp; &nbsp; PROGRAMA III ENCUENTRO DE MUJERES PAMPEANAS 2012 8 Y 9 DE SEPTIEMBRE DE 2012 SANTA ROSA- LA PAMPA 8 DE SEPTIEMBRE 08:00 HORAS: ACREDITACI\u00d3N- TEATRO ESPA\u00d1OL- H. LAGOS 50 09:30 HORAS: APERTURA \u2013 TEATRO ESPA\u00d1OL- H. LAGOS 50 Conferencia Inaugural a cargo de: Mar\u00eda Isabel Giachino de Ribet: Coordinadora Nacional de Modalidad \u201cEducaci\u00f3n [&hellip;]","og_url":"https:\/\/diariofemenino.com.ar\/df\/se-realizara-el-tercer-encuentro-de-mujeres-pampeanas-2012\/","og_site_name":"Diario Digital Femenino","article_publisher":"https:\/\/www.facebook.com\/DiarioDigitaFemenino\/","article_published_time":"2012-08-15T02:03:40+00:00","og_image":[{"url":"http:\/\/www.diariofemenino.com.ar\/wp-content\/uploads\/aficheencuentro11.jpg","type":"","width":"","height":""}],"author":"Admin","twitter_card":"summary_large_image","twitter_creator":"@DiarioFemenino1","twitter_site":"@DiarioFemenino1","twitter_misc":{"Escrito por":"Admin","Tiempo de lectura":"3 minutos"},"schema":{"@context":"https:\/\/schema.org","@graph":[{"@type":"Article","@id":"https:\/\/diariofemenino.com.ar\/df\/se-realizara-el-tercer-encuentro-de-mujeres-pampeanas-2012\/#article","isPartOf":{"@id":"https:\/\/diariofemenino.com.ar\/df\/se-realizara-el-tercer-encuentro-de-mujeres-pampeanas-2012\/"},"author":{"name":"Admin","@id":"https:\/\/diariofemenino.com.ar\/df\/#\/schema\/person\/38f54b3bfd13f561de2460ba95c169c6"},"headline":"Se realizar\u00e1 el Tercer Encuentro de Mujeres Pampeanas 2012","datePublished":"2012-08-15T02:03:40+00:00","mainEntityOfPage":{"@id":"https:\/\/diariofemenino.com.ar\/df\/se-realizara-el-tercer-encuentro-de-mujeres-pampeanas-2012\/"},"wordCount":536,"commentCount":0,"publisher":{"@id":"https:\/\/diariofemenino.com.ar\/df\/#organization"},"image":{"@id":"https:\/\/diariofemenino.com.ar\/df\/se-realizara-el-tercer-encuentro-de-mujeres-pampeanas-2012\/#primaryimage"},"thumbnailUrl":"http:\/\/www.diariofemenino.com.ar\/wp-content\/uploads\/aficheencuentro11.jpg","articleSection":["Actividades","Medios"],"inLanguage":"es","potentialAction":[{"@type":"CommentAction","name":"Comment","target":["https:\/\/diariofemenino.com.ar\/df\/se-realizara-el-tercer-encuentro-de-mujeres-pampeanas-2012\/#respond"]}]},{"@type":"WebPage","@id":"https:\/\/diariofemenino.com.ar\/df\/se-realizara-el-tercer-encuentro-de-mujeres-pampeanas-2012\/","url":"https:\/\/diariofemenino.com.ar\/df\/se-realizara-el-tercer-encuentro-de-mujeres-pampeanas-2012\/","name":"Se realizar\u00e1 el Tercer Encuentro de Mujeres Pampeanas 2012 - Diario Digital Femenino","isPartOf":{"@id":"https:\/\/diariofemenino.com.ar\/df\/#website"},"primaryImageOfPage":{"@id":"https:\/\/diariofemenino.com.ar\/df\/se-realizara-el-tercer-encuentro-de-mujeres-pampeanas-2012\/#primaryimage"},"image":{"@id":"https:\/\/diariofemenino.com.ar\/df\/se-realizara-el-tercer-encuentro-de-mujeres-pampeanas-2012\/#primaryimage"},"thumbnailUrl":"http:\/\/www.diariofemenino.com.ar\/wp-content\/uploads\/aficheencuentro11.jpg","datePublished":"2012-08-15T02:03:40+00:00","breadcrumb":{"@id":"https:\/\/diariofemenino.com.ar\/df\/se-realizara-el-tercer-encuentro-de-mujeres-pampeanas-2012\/#breadcrumb"},"inLanguage":"es","potentialAction":[{"@type":"ReadAction","target":["https:\/\/diariofemenino.com.ar\/df\/se-realizara-el-tercer-encuentro-de-mujeres-pampeanas-2012\/"]}]},{"@type":"ImageObject","inLanguage":"es","@id":"https:\/\/diariofemenino.com.ar\/df\/se-realizara-el-tercer-encuentro-de-mujeres-pampeanas-2012\/#primaryimage","url":"http:\/\/www.diariofemenino.com.ar\/wp-content\/uploads\/aficheencuentro11.jpg","contentUrl":"http:\/\/www.diariofemenino.com.ar\/wp-content\/uploads\/aficheencuentro11.jpg"},{"@type":"BreadcrumbList","@id":"https:\/\/diariofemenino.com.ar\/df\/se-realizara-el-tercer-encuentro-de-mujeres-pampeanas-2012\/#breadcrumb","itemListElement":[{"@type":"ListItem","position":1,"name":"Portada","item":"https:\/\/diariofemenino.com.ar\/df\/"},{"@type":"ListItem","position":2,"name":"Se realizar\u00e1 el Tercer Encuentro de Mujeres Pampeanas 2012"}]},{"@type":"WebSite","@id":"https:\/\/diariofemenino.com.ar\/df\/#website","url":"https:\/\/diariofemenino.com.ar\/df\/","name":"Diario Digital Femenino","description":"Cuesti\u00f3n de G\u00e9nero","publisher":{"@id":"https:\/\/diariofemenino.com.ar\/df\/#organization"},"potentialAction":[{"@type":"SearchAction","target":{"@type":"EntryPoint","urlTemplate":"https:\/\/diariofemenino.com.ar\/df\/?s={search_term_string}"},"query-input":{"@type":"PropertyValueSpecification","valueRequired":true,"valueName":"search_term_string"}}],"inLanguage":"es"},{"@type":"Organization","@id":"https:\/\/diariofemenino.com.ar\/df\/#organization","name":"Diario Femenino","url":"https:\/\/diariofemenino.com.ar\/df\/","logo":{"@type":"ImageObject","inLanguage":"es","@id":"https:\/\/diariofemenino.com.ar\/df\/#\/schema\/logo\/image\/","url":"https:\/\/diariofemenino.com.ar\/df\/wp-content\/uploads\/2018\/10\/logo.png","contentUrl":"https:\/\/diariofemenino.com.ar\/df\/wp-content\/uploads\/2018\/10\/logo.png","width":500,"height":92,"caption":"Diario Femenino"},"image":{"@id":"https:\/\/diariofemenino.com.ar\/df\/#\/schema\/logo\/image\/"},"sameAs":["https:\/\/www.facebook.com\/DiarioDigitaFemenino\/","https:\/\/x.com\/DiarioFemenino1"]},{"@type":"Person","@id":"https:\/\/diariofemenino.com.ar\/df\/#\/schema\/person\/38f54b3bfd13f561de2460ba95c169c6","name":"Admin","image":{"@type":"ImageObject","inLanguage":"es","@id":"https:\/\/diariofemenino.com.ar\/df\/wp-content\/uploads\/2018\/12\/favicon-150x150.jpg","url":"https:\/\/diariofemenino.com.ar\/df\/wp-content\/uploads\/2018\/12\/favicon-150x150.jpg","contentUrl":"https:\/\/diariofemenino.com.ar\/df\/wp-content\/uploads\/2018\/12\/favicon-150x150.jpg","caption":"Admin"},"url":"https:\/\/diariofemenino.com.ar\/df\/author\/adm18df\/"}]}},"jetpack_featured_media_url":"","jetpack_sharing_enabled":true,"rttpg_featured_image_url":null,"rttpg_author":{"display_name":"Admin","author_link":"https:\/\/diariofemenino.com.ar\/df\/author\/adm18df\/"},"rttpg_comment":0,"rttpg_category":"<a href=\"https:\/\/diariofemenino.com.ar\/df\/category\/actividades\/\" rel=\"category tag\">Actividades<\/a> <a href=\"https:\/\/diariofemenino.com.ar\/df\/category\/medios\/\" rel=\"category tag\">Medios<\/a>","rttpg_excerpt":"&nbsp; &nbsp; PROGRAMA III ENCUENTRO DE MUJERES PAMPEANAS 2012 8 Y 9 DE SEPTIEMBRE DE 2012 SANTA ROSA- LA PAMPA 8 DE SEPTIEMBRE 08:00 HORAS: ACREDITACI\u00d3N- TEATRO ESPA\u00d1OL- H. LAGOS 50 09:30 HORAS: APERTURA \u2013 TEATRO ESPA\u00d1OL- H. LAGOS 50 Conferencia Inaugural a cargo de: Mar\u00eda Isabel Giachino de Ribet: Coordinadora Nacional de Modalidad \u201cEducaci\u00f3n&hellip;","_links":{"self":[{"href":"https:\/\/diariofemenino.com.ar\/df\/wp-json\/wp\/v2\/posts\/3071","targetHints":{"allow":["GET"]}}],"collection":[{"href":"https:\/\/diariofemenino.com.ar\/df\/wp-json\/wp\/v2\/posts"}],"about":[{"href":"https:\/\/diariofemenino.com.ar\/df\/wp-json\/wp\/v2\/types\/post"}],"author":[{"embeddable":true,"href":"https:\/\/diariofemenino.com.ar\/df\/wp-json\/wp\/v2\/users\/1"}],"replies":[{"embeddable":true,"href":"https:\/\/diariofemenino.com.ar\/df\/wp-json\/wp\/v2\/comments?post=3071"}],"version-history":[{"count":0,"href":"https:\/\/diariofemenino.com.ar\/df\/wp-json\/wp\/v2\/posts\/3071\/revisions"}],"wp:attachment":[{"href":"https:\/\/diariofemenino.com.ar\/df\/wp-json\/wp\/v2\/media?parent=3071"}],"wp:term":[{"taxonomy":"category","embeddable":true,"href":"https:\/\/diariofemenino.com.ar\/df\/wp-json\/wp\/v2\/categories?post=3071"},{"taxonomy":"post_tag","embeddable":true,"href":"https:\/\/diariofemenino.com.ar\/df\/wp-json\/wp\/v2\/tags?post=3071"}],"curies":[{"name":"wp","href":"https:\/\/api.w.org\/{rel}","templated":true}]}}