{"id":30680,"date":"2019-01-13T13:41:56","date_gmt":"2019-01-13T16:41:56","guid":{"rendered":"http:\/\/diariofemenino.com.ar\/v2\/?p=30642"},"modified":"2019-01-13T13:41:56","modified_gmt":"2019-01-13T16:41:56","slug":"la-respuesta-ante-este-intento-por-cortar-los-lazos-de-solidaridad-entre-mujeres-es-estar-unidas-entre-nosotras","status":"publish","type":"post","link":"https:\/\/diariofemenino.com.ar\/df\/la-respuesta-ante-este-intento-por-cortar-los-lazos-de-solidaridad-entre-mujeres-es-estar-unidas-entre-nosotras\/","title":{"rendered":"\u00abLa respuesta ante este intento por cortar los lazos de solidaridad entre mujeres es estar unidas entre nosotras\u00bb"},"content":{"rendered":"<p>A ra\u00edz del audio enviado por Carla Lezcao, la media\u00a0 hermana de\u00a0Thelma Fardin, donde asegura que la actriz minti\u00f3 sobre la denuncia que hizo contra Juan Darth\u00e9s por violaci\u00f3n.\u00a0Sabrina Cartabia\u00a0aclar\u00f3 algunas cuestiones de la causa en el comunicado que se puede leer a continuaci\u00f3n.<\/p>\n<p><strong>Comunicado Completo:<\/strong><\/p>\n<p><em>En relaci\u00f3n con la difusi\u00f3n de un audio donde una persona del entorno familiar de Thelma Fardin dice \u201cno creer\u201d en su denuncia, queremos aportar algunas precisiones.<\/em><\/p>\n<p><em>1. Este audio no ha sido aportado a la causa. Hacerlo debe ser una decisi\u00f3n de la defensa. Para que tenga validez en el marco del proceso, entonces, debe ser primero presentado en la causa. Luego, ser\u00e1 ponderado junto con las otras pruebas por el \u00f3rgano que investiga y juzga para obtener la verdad procesal.<\/em><\/p>\n<p><em>2. Procesalmente, las creencias constituyen una prueba muy d\u00e9bil. Quien se ha expresado, adem\u00e1s, no estuvo en el lugar de los hechos ni cuenta con un conocimiento sobre lo ocurrido en Nicaragua.<\/em><\/p>\n<p><em>3. El proceso que se est\u00e1 llevando adelante cuenta con reglas procesales estrictas. La definici\u00f3n de la investigaci\u00f3n no se decide en base a creencias, sino con pruebas.<\/em><\/p>\n<p><em>4. El equipo que lleva adelante la denuncia cuenta tanto con prueba testimonial como pericial, que confirman lo que ha denunciado Thelma. Hemos tomado la decisi\u00f3n de llevar esos testimonios a la justicia para que sean asentados en el lugar correspondiente.<\/em><\/p>\n<p><em>5. Quienes trabajamos y luchamos por los derechos de las mujeres sabemos que en el camino existe la revictimizaci\u00f3n. Se manifiesta de diferentes maneras: se descree de nuestras denuncias, se busca desprestigiarnos y esto nos sucede a\u00fan dentro de nuestras familias, grupos de amigos, de trabajo. La respuesta ante este intento por cortar los lazos de solidaridad entre mujeres es estar unidas entre nosotras, incluso con quienes pueden dudar.<\/em><\/p>\n<p><em>Sabrina A. Cartabia, abogada, miembro del equipo que patrocina la denuncia de Thelma Fardin.<\/em><\/p>\n","protected":false},"excerpt":{"rendered":"<p>A ra\u00edz del audio enviado por Carla Lezcao, la media\u00a0 hermana de\u00a0Thelma Fardin, donde asegura que la actriz minti\u00f3 sobre la denuncia que hizo contra Juan Darth\u00e9s por violaci\u00f3n.\u00a0Sabrina Cartabia\u00a0aclar\u00f3 algunas cuestiones de la causa en el comunicado que se puede leer a continuaci\u00f3n. Comunicado Completo: En relaci\u00f3n con la difusi\u00f3n de un audio donde [&hellip;]<\/p>\n","protected":false},"author":3,"featured_media":30643,"comment_status":"closed","ping_status":"closed","sticky":false,"template":"","format":"standard","meta":{"iawp_total_views":4,"footnotes":""},"categories":[178],"tags":[53,37,34,17,130,36],"class_list":["post-30680","post","type-post","status-publish","format-standard","has-post-thumbnail","hentry","category-articulos-y-comunicados","tag-derechos-de-las-mujeres","tag-juventud","tag-machismo","tag-maltrato","tag-mujeres","tag-violencia-sexual"],"nelio_content":{"autoShareEndMode":"never","automationSources":{"useCustomSentences":false,"customSentences":[]},"efiAlt":"","efiUrl":"","followers":[1,3],"highlights":[],"isAutoShareEnabled":true,"networkImageIds":[],"permalinkQueryArgs":[],"series":[],"suggestedReferences":[]},"yoast_head":"<!-- This site is optimized with the Yoast SEO plugin v27.5 - https:\/\/yoast.com\/product\/yoast-seo-wordpress\/ -->\n<title>&quot;La respuesta ante este intento por cortar los lazos de solidaridad entre mujeres es estar unidas entre nosotras&quot; - Diario Digital Femenino<\/title>\n<meta name=\"robots\" content=\"index, follow, max-snippet:-1, max-image-preview:large, max-video-preview:-1\" \/>\n<link rel=\"canonical\" href=\"https:\/\/diariofemenino.com.ar\/df\/la-respuesta-ante-este-intento-por-cortar-los-lazos-de-solidaridad-entre-mujeres-es-estar-unidas-entre-nosotras\/\" \/>\n<meta property=\"og:locale\" content=\"es_ES\" \/>\n<meta property=\"og:type\" content=\"article\" \/>\n<meta property=\"og:title\" content=\"&quot;La respuesta ante este intento por cortar los lazos de solidaridad entre mujeres es estar unidas entre nosotras&quot; - Diario Digital Femenino\" \/>\n<meta property=\"og:description\" content=\"A ra\u00edz del audio enviado por Carla Lezcao, la media\u00a0 hermana de\u00a0Thelma Fardin, donde asegura que la actriz minti\u00f3 sobre la denuncia que hizo contra Juan Darth\u00e9s por violaci\u00f3n.\u00a0Sabrina Cartabia\u00a0aclar\u00f3 algunas cuestiones de la causa en el comunicado que se puede leer a continuaci\u00f3n. Comunicado Completo: En relaci\u00f3n con la difusi\u00f3n de un audio donde [&hellip;]\" \/>\n<meta property=\"og:url\" content=\"https:\/\/diariofemenino.com.ar\/df\/la-respuesta-ante-este-intento-por-cortar-los-lazos-de-solidaridad-entre-mujeres-es-estar-unidas-entre-nosotras\/\" \/>\n<meta property=\"og:site_name\" content=\"Diario Digital Femenino\" \/>\n<meta property=\"article:publisher\" content=\"https:\/\/www.facebook.com\/DiarioDigitaFemenino\/\" \/>\n<meta property=\"article:published_time\" content=\"2019-01-13T16:41:56+00:00\" \/>\n<meta property=\"og:image\" content=\"https:\/\/diariofemenino.com.ar\/df\/wp-content\/uploads\/2019\/01\/10-razones-para-odiarte-1999.jpg\" \/>\n\t<meta property=\"og:image:width\" content=\"768\" \/>\n\t<meta property=\"og:image:height\" content=\"576\" \/>\n\t<meta property=\"og:image:type\" content=\"image\/jpeg\" \/>\n<meta name=\"author\" content=\"Admin\" \/>\n<meta name=\"twitter:card\" content=\"summary_large_image\" \/>\n<meta name=\"twitter:creator\" content=\"@DiarioFemenino1\" \/>\n<meta name=\"twitter:site\" content=\"@DiarioFemenino1\" \/>\n<meta name=\"twitter:label1\" content=\"Escrito por\" \/>\n\t<meta name=\"twitter:data1\" content=\"Admin\" \/>\n\t<meta name=\"twitter:label2\" content=\"Tiempo de lectura\" \/>\n\t<meta name=\"twitter:data2\" content=\"2 minutos\" \/>\n<script type=\"application\/ld+json\" class=\"yoast-schema-graph\">{\"@context\":\"https:\\\/\\\/schema.org\",\"@graph\":[{\"@type\":\"Article\",\"@id\":\"https:\\\/\\\/diariofemenino.com.ar\\\/df\\\/la-respuesta-ante-este-intento-por-cortar-los-lazos-de-solidaridad-entre-mujeres-es-estar-unidas-entre-nosotras\\\/#article\",\"isPartOf\":{\"@id\":\"https:\\\/\\\/diariofemenino.com.ar\\\/df\\\/la-respuesta-ante-este-intento-por-cortar-los-lazos-de-solidaridad-entre-mujeres-es-estar-unidas-entre-nosotras\\\/\"},\"author\":{\"name\":\"Admin\",\"@id\":\"https:\\\/\\\/diariofemenino.com.ar\\\/df\\\/#\\\/schema\\\/person\\\/1c36bc3bf394d8ec320814298b4fdd3f\"},\"headline\":\"\u00abLa respuesta ante este intento por cortar los lazos de solidaridad entre mujeres es estar unidas entre nosotras\u00bb\",\"datePublished\":\"2019-01-13T16:41:56+00:00\",\"mainEntityOfPage\":{\"@id\":\"https:\\\/\\\/diariofemenino.com.ar\\\/df\\\/la-respuesta-ante-este-intento-por-cortar-los-lazos-de-solidaridad-entre-mujeres-es-estar-unidas-entre-nosotras\\\/\"},\"wordCount\":342,\"publisher\":{\"@id\":\"https:\\\/\\\/diariofemenino.com.ar\\\/df\\\/#organization\"},\"image\":{\"@id\":\"https:\\\/\\\/diariofemenino.com.ar\\\/df\\\/la-respuesta-ante-este-intento-por-cortar-los-lazos-de-solidaridad-entre-mujeres-es-estar-unidas-entre-nosotras\\\/#primaryimage\"},\"thumbnailUrl\":\"https:\\\/\\\/diariofemenino.com.ar\\\/df\\\/wp-content\\\/uploads\\\/2019\\\/01\\\/10-razones-para-odiarte-1999.jpg\",\"keywords\":[\"Derechos de las mujeres\",\"Juventud\",\"Machismo\",\"Maltrato\",\"Mujeres\",\"Violencia Sexual\"],\"articleSection\":[\"Art\u00edculos y Comunicados\"],\"inLanguage\":\"es\"},{\"@type\":\"WebPage\",\"@id\":\"https:\\\/\\\/diariofemenino.com.ar\\\/df\\\/la-respuesta-ante-este-intento-por-cortar-los-lazos-de-solidaridad-entre-mujeres-es-estar-unidas-entre-nosotras\\\/\",\"url\":\"https:\\\/\\\/diariofemenino.com.ar\\\/df\\\/la-respuesta-ante-este-intento-por-cortar-los-lazos-de-solidaridad-entre-mujeres-es-estar-unidas-entre-nosotras\\\/\",\"name\":\"\\\"La respuesta ante este intento por cortar los lazos de solidaridad entre mujeres es estar unidas entre nosotras\\\" - Diario Digital Femenino\",\"isPartOf\":{\"@id\":\"https:\\\/\\\/diariofemenino.com.ar\\\/df\\\/#website\"},\"primaryImageOfPage\":{\"@id\":\"https:\\\/\\\/diariofemenino.com.ar\\\/df\\\/la-respuesta-ante-este-intento-por-cortar-los-lazos-de-solidaridad-entre-mujeres-es-estar-unidas-entre-nosotras\\\/#primaryimage\"},\"image\":{\"@id\":\"https:\\\/\\\/diariofemenino.com.ar\\\/df\\\/la-respuesta-ante-este-intento-por-cortar-los-lazos-de-solidaridad-entre-mujeres-es-estar-unidas-entre-nosotras\\\/#primaryimage\"},\"thumbnailUrl\":\"https:\\\/\\\/diariofemenino.com.ar\\\/df\\\/wp-content\\\/uploads\\\/2019\\\/01\\\/10-razones-para-odiarte-1999.jpg\",\"datePublished\":\"2019-01-13T16:41:56+00:00\",\"breadcrumb\":{\"@id\":\"https:\\\/\\\/diariofemenino.com.ar\\\/df\\\/la-respuesta-ante-este-intento-por-cortar-los-lazos-de-solidaridad-entre-mujeres-es-estar-unidas-entre-nosotras\\\/#breadcrumb\"},\"inLanguage\":\"es\",\"potentialAction\":[{\"@type\":\"ReadAction\",\"target\":[\"https:\\\/\\\/diariofemenino.com.ar\\\/df\\\/la-respuesta-ante-este-intento-por-cortar-los-lazos-de-solidaridad-entre-mujeres-es-estar-unidas-entre-nosotras\\\/\"]}]},{\"@type\":\"ImageObject\",\"inLanguage\":\"es\",\"@id\":\"https:\\\/\\\/diariofemenino.com.ar\\\/df\\\/la-respuesta-ante-este-intento-por-cortar-los-lazos-de-solidaridad-entre-mujeres-es-estar-unidas-entre-nosotras\\\/#primaryimage\",\"url\":\"https:\\\/\\\/diariofemenino.com.ar\\\/df\\\/wp-content\\\/uploads\\\/2019\\\/01\\\/10-razones-para-odiarte-1999.jpg\",\"contentUrl\":\"https:\\\/\\\/diariofemenino.com.ar\\\/df\\\/wp-content\\\/uploads\\\/2019\\\/01\\\/10-razones-para-odiarte-1999.jpg\",\"width\":768,\"height\":576},{\"@type\":\"BreadcrumbList\",\"@id\":\"https:\\\/\\\/diariofemenino.com.ar\\\/df\\\/la-respuesta-ante-este-intento-por-cortar-los-lazos-de-solidaridad-entre-mujeres-es-estar-unidas-entre-nosotras\\\/#breadcrumb\",\"itemListElement\":[{\"@type\":\"ListItem\",\"position\":1,\"name\":\"Portada\",\"item\":\"https:\\\/\\\/diariofemenino.com.ar\\\/df\\\/\"},{\"@type\":\"ListItem\",\"position\":2,\"name\":\"\u00abLa respuesta ante este intento por cortar los lazos de solidaridad entre mujeres es estar unidas entre nosotras\u00bb\"}]},{\"@type\":\"WebSite\",\"@id\":\"https:\\\/\\\/diariofemenino.com.ar\\\/df\\\/#website\",\"url\":\"https:\\\/\\\/diariofemenino.com.ar\\\/df\\\/\",\"name\":\"Diario Digital Femenino\",\"description\":\"Cuesti\u00f3n de G\u00e9nero\",\"publisher\":{\"@id\":\"https:\\\/\\\/diariofemenino.com.ar\\\/df\\\/#organization\"},\"potentialAction\":[{\"@type\":\"SearchAction\",\"target\":{\"@type\":\"EntryPoint\",\"urlTemplate\":\"https:\\\/\\\/diariofemenino.com.ar\\\/df\\\/?s={search_term_string}\"},\"query-input\":{\"@type\":\"PropertyValueSpecification\",\"valueRequired\":true,\"valueName\":\"search_term_string\"}}],\"inLanguage\":\"es\"},{\"@type\":\"Organization\",\"@id\":\"https:\\\/\\\/diariofemenino.com.ar\\\/df\\\/#organization\",\"name\":\"Diario Femenino\",\"url\":\"https:\\\/\\\/diariofemenino.com.ar\\\/df\\\/\",\"logo\":{\"@type\":\"ImageObject\",\"inLanguage\":\"es\",\"@id\":\"https:\\\/\\\/diariofemenino.com.ar\\\/df\\\/#\\\/schema\\\/logo\\\/image\\\/\",\"url\":\"https:\\\/\\\/diariofemenino.com.ar\\\/df\\\/wp-content\\\/uploads\\\/2018\\\/10\\\/logo.png\",\"contentUrl\":\"https:\\\/\\\/diariofemenino.com.ar\\\/df\\\/wp-content\\\/uploads\\\/2018\\\/10\\\/logo.png\",\"width\":500,\"height\":92,\"caption\":\"Diario Femenino\"},\"image\":{\"@id\":\"https:\\\/\\\/diariofemenino.com.ar\\\/df\\\/#\\\/schema\\\/logo\\\/image\\\/\"},\"sameAs\":[\"https:\\\/\\\/www.facebook.com\\\/DiarioDigitaFemenino\\\/\",\"https:\\\/\\\/x.com\\\/DiarioFemenino1\"]},{\"@type\":\"Person\",\"@id\":\"https:\\\/\\\/diariofemenino.com.ar\\\/df\\\/#\\\/schema\\\/person\\\/1c36bc3bf394d8ec320814298b4fdd3f\",\"name\":\"Admin\",\"image\":{\"@type\":\"ImageObject\",\"inLanguage\":\"es\",\"@id\":\"https:\\\/\\\/diariofemenino.com.ar\\\/df\\\/wp-content\\\/uploads\\\/2018\\\/12\\\/favicon-150x150.jpg\",\"url\":\"https:\\\/\\\/diariofemenino.com.ar\\\/df\\\/wp-content\\\/uploads\\\/2018\\\/12\\\/favicon-150x150.jpg\",\"contentUrl\":\"https:\\\/\\\/diariofemenino.com.ar\\\/df\\\/wp-content\\\/uploads\\\/2018\\\/12\\\/favicon-150x150.jpg\",\"caption\":\"Admin\"},\"url\":\"https:\\\/\\\/diariofemenino.com.ar\\\/df\\\/author\\\/sofiperez\\\/\"}]}<\/script>\n<!-- \/ Yoast SEO plugin. -->","yoast_head_json":{"title":"\"La respuesta ante este intento por cortar los lazos de solidaridad entre mujeres es estar unidas entre nosotras\" - Diario Digital Femenino","robots":{"index":"index","follow":"follow","max-snippet":"max-snippet:-1","max-image-preview":"max-image-preview:large","max-video-preview":"max-video-preview:-1"},"canonical":"https:\/\/diariofemenino.com.ar\/df\/la-respuesta-ante-este-intento-por-cortar-los-lazos-de-solidaridad-entre-mujeres-es-estar-unidas-entre-nosotras\/","og_locale":"es_ES","og_type":"article","og_title":"\"La respuesta ante este intento por cortar los lazos de solidaridad entre mujeres es estar unidas entre nosotras\" - Diario Digital Femenino","og_description":"A ra\u00edz del audio enviado por Carla Lezcao, la media\u00a0 hermana de\u00a0Thelma Fardin, donde asegura que la actriz minti\u00f3 sobre la denuncia que hizo contra Juan Darth\u00e9s por violaci\u00f3n.\u00a0Sabrina Cartabia\u00a0aclar\u00f3 algunas cuestiones de la causa en el comunicado que se puede leer a continuaci\u00f3n. Comunicado Completo: En relaci\u00f3n con la difusi\u00f3n de un audio donde [&hellip;]","og_url":"https:\/\/diariofemenino.com.ar\/df\/la-respuesta-ante-este-intento-por-cortar-los-lazos-de-solidaridad-entre-mujeres-es-estar-unidas-entre-nosotras\/","og_site_name":"Diario Digital Femenino","article_publisher":"https:\/\/www.facebook.com\/DiarioDigitaFemenino\/","article_published_time":"2019-01-13T16:41:56+00:00","og_image":[{"width":768,"height":576,"url":"https:\/\/diariofemenino.com.ar\/df\/wp-content\/uploads\/2019\/01\/10-razones-para-odiarte-1999.jpg","type":"image\/jpeg"}],"author":"Admin","twitter_card":"summary_large_image","twitter_creator":"@DiarioFemenino1","twitter_site":"@DiarioFemenino1","twitter_misc":{"Escrito por":"Admin","Tiempo de lectura":"2 minutos"},"schema":{"@context":"https:\/\/schema.org","@graph":[{"@type":"Article","@id":"https:\/\/diariofemenino.com.ar\/df\/la-respuesta-ante-este-intento-por-cortar-los-lazos-de-solidaridad-entre-mujeres-es-estar-unidas-entre-nosotras\/#article","isPartOf":{"@id":"https:\/\/diariofemenino.com.ar\/df\/la-respuesta-ante-este-intento-por-cortar-los-lazos-de-solidaridad-entre-mujeres-es-estar-unidas-entre-nosotras\/"},"author":{"name":"Admin","@id":"https:\/\/diariofemenino.com.ar\/df\/#\/schema\/person\/1c36bc3bf394d8ec320814298b4fdd3f"},"headline":"\u00abLa respuesta ante este intento por cortar los lazos de solidaridad entre mujeres es estar unidas entre nosotras\u00bb","datePublished":"2019-01-13T16:41:56+00:00","mainEntityOfPage":{"@id":"https:\/\/diariofemenino.com.ar\/df\/la-respuesta-ante-este-intento-por-cortar-los-lazos-de-solidaridad-entre-mujeres-es-estar-unidas-entre-nosotras\/"},"wordCount":342,"publisher":{"@id":"https:\/\/diariofemenino.com.ar\/df\/#organization"},"image":{"@id":"https:\/\/diariofemenino.com.ar\/df\/la-respuesta-ante-este-intento-por-cortar-los-lazos-de-solidaridad-entre-mujeres-es-estar-unidas-entre-nosotras\/#primaryimage"},"thumbnailUrl":"https:\/\/diariofemenino.com.ar\/df\/wp-content\/uploads\/2019\/01\/10-razones-para-odiarte-1999.jpg","keywords":["Derechos de las mujeres","Juventud","Machismo","Maltrato","Mujeres","Violencia Sexual"],"articleSection":["Art\u00edculos y Comunicados"],"inLanguage":"es"},{"@type":"WebPage","@id":"https:\/\/diariofemenino.com.ar\/df\/la-respuesta-ante-este-intento-por-cortar-los-lazos-de-solidaridad-entre-mujeres-es-estar-unidas-entre-nosotras\/","url":"https:\/\/diariofemenino.com.ar\/df\/la-respuesta-ante-este-intento-por-cortar-los-lazos-de-solidaridad-entre-mujeres-es-estar-unidas-entre-nosotras\/","name":"\"La respuesta ante este intento por cortar los lazos de solidaridad entre mujeres es estar unidas entre nosotras\" - Diario Digital Femenino","isPartOf":{"@id":"https:\/\/diariofemenino.com.ar\/df\/#website"},"primaryImageOfPage":{"@id":"https:\/\/diariofemenino.com.ar\/df\/la-respuesta-ante-este-intento-por-cortar-los-lazos-de-solidaridad-entre-mujeres-es-estar-unidas-entre-nosotras\/#primaryimage"},"image":{"@id":"https:\/\/diariofemenino.com.ar\/df\/la-respuesta-ante-este-intento-por-cortar-los-lazos-de-solidaridad-entre-mujeres-es-estar-unidas-entre-nosotras\/#primaryimage"},"thumbnailUrl":"https:\/\/diariofemenino.com.ar\/df\/wp-content\/uploads\/2019\/01\/10-razones-para-odiarte-1999.jpg","datePublished":"2019-01-13T16:41:56+00:00","breadcrumb":{"@id":"https:\/\/diariofemenino.com.ar\/df\/la-respuesta-ante-este-intento-por-cortar-los-lazos-de-solidaridad-entre-mujeres-es-estar-unidas-entre-nosotras\/#breadcrumb"},"inLanguage":"es","potentialAction":[{"@type":"ReadAction","target":["https:\/\/diariofemenino.com.ar\/df\/la-respuesta-ante-este-intento-por-cortar-los-lazos-de-solidaridad-entre-mujeres-es-estar-unidas-entre-nosotras\/"]}]},{"@type":"ImageObject","inLanguage":"es","@id":"https:\/\/diariofemenino.com.ar\/df\/la-respuesta-ante-este-intento-por-cortar-los-lazos-de-solidaridad-entre-mujeres-es-estar-unidas-entre-nosotras\/#primaryimage","url":"https:\/\/diariofemenino.com.ar\/df\/wp-content\/uploads\/2019\/01\/10-razones-para-odiarte-1999.jpg","contentUrl":"https:\/\/diariofemenino.com.ar\/df\/wp-content\/uploads\/2019\/01\/10-razones-para-odiarte-1999.jpg","width":768,"height":576},{"@type":"BreadcrumbList","@id":"https:\/\/diariofemenino.com.ar\/df\/la-respuesta-ante-este-intento-por-cortar-los-lazos-de-solidaridad-entre-mujeres-es-estar-unidas-entre-nosotras\/#breadcrumb","itemListElement":[{"@type":"ListItem","position":1,"name":"Portada","item":"https:\/\/diariofemenino.com.ar\/df\/"},{"@type":"ListItem","position":2,"name":"\u00abLa respuesta ante este intento por cortar los lazos de solidaridad entre mujeres es estar unidas entre nosotras\u00bb"}]},{"@type":"WebSite","@id":"https:\/\/diariofemenino.com.ar\/df\/#website","url":"https:\/\/diariofemenino.com.ar\/df\/","name":"Diario Digital Femenino","description":"Cuesti\u00f3n de G\u00e9nero","publisher":{"@id":"https:\/\/diariofemenino.com.ar\/df\/#organization"},"potentialAction":[{"@type":"SearchAction","target":{"@type":"EntryPoint","urlTemplate":"https:\/\/diariofemenino.com.ar\/df\/?s={search_term_string}"},"query-input":{"@type":"PropertyValueSpecification","valueRequired":true,"valueName":"search_term_string"}}],"inLanguage":"es"},{"@type":"Organization","@id":"https:\/\/diariofemenino.com.ar\/df\/#organization","name":"Diario Femenino","url":"https:\/\/diariofemenino.com.ar\/df\/","logo":{"@type":"ImageObject","inLanguage":"es","@id":"https:\/\/diariofemenino.com.ar\/df\/#\/schema\/logo\/image\/","url":"https:\/\/diariofemenino.com.ar\/df\/wp-content\/uploads\/2018\/10\/logo.png","contentUrl":"https:\/\/diariofemenino.com.ar\/df\/wp-content\/uploads\/2018\/10\/logo.png","width":500,"height":92,"caption":"Diario Femenino"},"image":{"@id":"https:\/\/diariofemenino.com.ar\/df\/#\/schema\/logo\/image\/"},"sameAs":["https:\/\/www.facebook.com\/DiarioDigitaFemenino\/","https:\/\/x.com\/DiarioFemenino1"]},{"@type":"Person","@id":"https:\/\/diariofemenino.com.ar\/df\/#\/schema\/person\/1c36bc3bf394d8ec320814298b4fdd3f","name":"Admin","image":{"@type":"ImageObject","inLanguage":"es","@id":"https:\/\/diariofemenino.com.ar\/df\/wp-content\/uploads\/2018\/12\/favicon-150x150.jpg","url":"https:\/\/diariofemenino.com.ar\/df\/wp-content\/uploads\/2018\/12\/favicon-150x150.jpg","contentUrl":"https:\/\/diariofemenino.com.ar\/df\/wp-content\/uploads\/2018\/12\/favicon-150x150.jpg","caption":"Admin"},"url":"https:\/\/diariofemenino.com.ar\/df\/author\/sofiperez\/"}]}},"jetpack_featured_media_url":"https:\/\/diariofemenino.com.ar\/df\/wp-content\/uploads\/2019\/01\/10-razones-para-odiarte-1999.jpg","jetpack_sharing_enabled":true,"rttpg_featured_image_url":{"full":["https:\/\/diariofemenino.com.ar\/df\/wp-content\/uploads\/2019\/01\/10-razones-para-odiarte-1999.jpg",768,576,false],"landscape":["https:\/\/diariofemenino.com.ar\/df\/wp-content\/uploads\/2019\/01\/10-razones-para-odiarte-1999.jpg",768,576,false],"portraits":["https:\/\/diariofemenino.com.ar\/df\/wp-content\/uploads\/2019\/01\/10-razones-para-odiarte-1999.jpg",768,576,false],"thumbnail":["https:\/\/diariofemenino.com.ar\/df\/wp-content\/uploads\/2019\/01\/10-razones-para-odiarte-1999-150x150.jpg",150,150,true],"medium":["https:\/\/diariofemenino.com.ar\/df\/wp-content\/uploads\/2019\/01\/10-razones-para-odiarte-1999-300x225.jpg",300,225,true],"large":["https:\/\/diariofemenino.com.ar\/df\/wp-content\/uploads\/2019\/01\/10-razones-para-odiarte-1999.jpg",768,576,false],"1536x1536":["https:\/\/diariofemenino.com.ar\/df\/wp-content\/uploads\/2019\/01\/10-razones-para-odiarte-1999.jpg",768,576,false],"2048x2048":["https:\/\/diariofemenino.com.ar\/df\/wp-content\/uploads\/2019\/01\/10-razones-para-odiarte-1999.jpg",768,576,false]},"rttpg_author":{"display_name":"Admin","author_link":"https:\/\/diariofemenino.com.ar\/df\/author\/sofiperez\/"},"rttpg_comment":0,"rttpg_category":"<a href=\"https:\/\/diariofemenino.com.ar\/df\/category\/articulos-y-comunicados\/\" rel=\"category tag\">Art\u00edculos y Comunicados<\/a>","rttpg_excerpt":"A ra\u00edz del audio enviado por Carla Lezcao, la media\u00a0 hermana de\u00a0Thelma Fardin, donde asegura que la actriz minti\u00f3 sobre la denuncia que hizo contra Juan Darth\u00e9s por violaci\u00f3n.\u00a0Sabrina Cartabia\u00a0aclar\u00f3 algunas cuestiones de la causa en el comunicado que se puede leer a continuaci\u00f3n. Comunicado Completo: En relaci\u00f3n con la difusi\u00f3n de un audio donde&hellip;","_links":{"self":[{"href":"https:\/\/diariofemenino.com.ar\/df\/wp-json\/wp\/v2\/posts\/30680","targetHints":{"allow":["GET"]}}],"collection":[{"href":"https:\/\/diariofemenino.com.ar\/df\/wp-json\/wp\/v2\/posts"}],"about":[{"href":"https:\/\/diariofemenino.com.ar\/df\/wp-json\/wp\/v2\/types\/post"}],"author":[{"embeddable":true,"href":"https:\/\/diariofemenino.com.ar\/df\/wp-json\/wp\/v2\/users\/3"}],"replies":[{"embeddable":true,"href":"https:\/\/diariofemenino.com.ar\/df\/wp-json\/wp\/v2\/comments?post=30680"}],"version-history":[{"count":0,"href":"https:\/\/diariofemenino.com.ar\/df\/wp-json\/wp\/v2\/posts\/30680\/revisions"}],"wp:featuredmedia":[{"embeddable":true,"href":"https:\/\/diariofemenino.com.ar\/df\/wp-json\/wp\/v2\/media\/30643"}],"wp:attachment":[{"href":"https:\/\/diariofemenino.com.ar\/df\/wp-json\/wp\/v2\/media?parent=30680"}],"wp:term":[{"taxonomy":"category","embeddable":true,"href":"https:\/\/diariofemenino.com.ar\/df\/wp-json\/wp\/v2\/categories?post=30680"},{"taxonomy":"post_tag","embeddable":true,"href":"https:\/\/diariofemenino.com.ar\/df\/wp-json\/wp\/v2\/tags?post=30680"}],"curies":[{"name":"wp","href":"https:\/\/api.w.org\/{rel}","templated":true}]}}