{"id":30679,"date":"2019-01-09T14:16:32","date_gmt":"2019-01-09T17:16:32","guid":{"rendered":"http:\/\/diariofemenino.com.ar\/v2\/?p=30544"},"modified":"2019-01-18T20:23:55","modified_gmt":"2019-01-18T23:23:55","slug":"quien-es-simone-de-beauvoir-y-por-que-es-tan-importante-para-el-feminismo-de-hoy","status":"publish","type":"post","link":"https:\/\/diariofemenino.com.ar\/df\/quien-es-simone-de-beauvoir-y-por-que-es-tan-importante-para-el-feminismo-de-hoy\/","title":{"rendered":"Qui\u00e9n es Simone de Beauvoir y por qu\u00e9 es tan importante para el feminismo de hoy"},"content":{"rendered":"<p><a title=\"Simone de Beauvoir\" href=\"http:\/\/www.lasexta.com\/temas\/simone_de_beauvoir-1\" target=\"_blank\" rel=\"noopener\"><b>Simone de Beauvoir<\/b><\/a>\u00a0naci\u00f3 el 9 de enero de 1908 en Par\u00eds, y el 111 aniversario de nacimiento ha servido para que muchos est\u00e9n recordando su figura. Fue clave para el\u00a0<a title=\"feminismo\" href=\"http:\/\/www.lasexta.com\/temas\/feminismo-1\" target=\"_blank\" rel=\"noopener\"><b>feminismo<\/b><\/a>\u00a0desde su obra &#8216;El Segundo Sexo&#8217;, considerada una especie de Biblia en esta materia.<\/p>\n<p>Se cumplen 111 a\u00f1os del nacimiento de Simone de Beauvoir, una figura clave para el\u00a0<a title=\"feminismo \" href=\"http:\/\/www.lasexta.com\/temas\/feminismo-1\" target=\"_blank\" rel=\"noopener\"><b>feminismo\u00a0<\/b><\/a>desde su obra &#8216;El Segundo Sexo&#8217;, considerada una especie de Biblia en esta materia.<\/p>\n<p>Se trata de una escritora, profesora y fil\u00f3sofa que se caracteriz\u00f3 por defender los derechos humanos y es precursora del feminismo tal y como lo conocemos hoy en d\u00eda. Adem\u00e1s, su obra &#8216;El Segundo Sexo&#8217; se considera como una de las m\u00e1s importantes del feminismo ya que<b>\u00a0rompi\u00f3 con la vertiente cl\u00e1sica.<\/b><\/p>\n<p>En este ensayo, la autora\u00a0<b>critica la opresi\u00f3n a la que es sometida la mujer\u00a0<\/b>por parte del sexo masculino y por c\u00f3mo est\u00e1 organizada la sociedad. Adem\u00e1s, estudia temas como la &#8216;correcci\u00f3n&#8217; del matrimonio o c\u00f3mo predomina la visi\u00f3n masculina como la general.<\/p>\n<p>Simone mantuvo\u00a0<b>una relaci\u00f3n sentimental con Jean-Paul Sartre<\/b>, que fue muy controvertida en la \u00e9poca. Ambos decidieron no casarse y no tener hijos, adem\u00e1s de mantener relaciones abiertas con terceras personas. La propia de Beauvoir calific\u00f3 de \u00e9xito total esta relaci\u00f3n.<\/p>\n<p>Estas son\u00a0<b>algunas de sus citas m\u00e1s destacadas<\/b>:<\/p>\n<p><i>&#8211; \u00abEl problema de la mujer siempre ha sido un problema de hombres\u00bb<\/i><\/p>\n<p><i>&#8211; \u00abEl opresor no ser\u00eda tan fuerte si no tuviese c\u00f3mplices entre los propios oprimidos\u00bb<\/i><\/p>\n<p><i>&#8211; \u00abConocerse a s\u00ed mismo no es garant\u00eda de felicidad, pero est\u00e1 del lado de la felicidad y puede darnos el coraje para luchar por ella\u00bb<\/i><\/p>\n<p><i>&#8211; \u00abCuando era ni\u00f1a, cuando era adolescente, los libros me salvaron de la desesperaci\u00f3n: eso me convenci\u00f3 de que la cultura era el valor m\u00e1s alto\u00bb<\/i><\/p>\n<p><i>&#8211; \u00abEl m\u00e1s mediocre de los hombres se considera frente a las mujeres un semidi\u00f3s\u00bb<\/i><\/p>\n<p><i>&#8211; \u00abEl d\u00eda que una mujer pueda no amar con su debilidad sino con su fuerza, no escapar de s\u00ed misma sino encontrarse, no humillarse sino afirmarse, ese d\u00eda el amor ser\u00e1 para ella, como para el hombre, fuente de vida y no un peligro mortal\u00bb<\/i><\/p>\n<p><i>&#8211; \u00abEl feminismo es una forma de vivir individualmente y de luchar colectivamente\u00bb.<\/i><\/p>\n<p><i>&#8211; \u00abEncanto es lo que tienen algunos hasta que empiezan a cre\u00e9rselo\u00bb<\/i><\/p>\n<p><i>&#8211; \u00abQue nada nos limite. Que nada nos defina. Que nada nos sujete. Que la libertad sea nuestra propia sustancia\u00bb<\/i><\/p>\n<p>&nbsp;<\/p>\n<p>&nbsp;<\/p>\n<p>Fuente: <a href=\"https:\/\/www.lasexta.com\/noticias\/cultura\/quien-simone-beauvoir-que-tan-importante-feminismo-hoy_201901095c35cac60cf2efceec9f4736.html?fbclid=IwAR2uXVTDlauhZCBoL8Zq2VCQU0d7OzNx0f7_DvulsL-2yroFTgxBZxmjnaQ\">LaSexa<\/a><\/p>\n","protected":false},"excerpt":{"rendered":"<p>Simone de Beauvoir\u00a0naci\u00f3 el 9 de enero de 1908 en Par\u00eds, y el 111 aniversario de nacimiento ha servido para que muchos est\u00e9n recordando su figura. Fue clave para el\u00a0feminismo\u00a0desde su obra &#8216;El Segundo Sexo&#8217;, considerada una especie de Biblia en esta materia. Se cumplen 111 a\u00f1os del nacimiento de Simone de Beauvoir, una figura [&hellip;]<\/p>\n","protected":false},"author":3,"featured_media":30545,"comment_status":"closed","ping_status":"closed","sticky":false,"template":"","format":"standard","meta":{"iawp_total_views":12,"footnotes":""},"categories":[32],"tags":[53,26,130],"class_list":["post-30679","post","type-post","status-publish","format-standard","has-post-thumbnail","hentry","category-mujeres","tag-derechos-de-las-mujeres","tag-feminismo","tag-mujeres"],"nelio_content":{"autoShareEndMode":"never","automationSources":{"useCustomSentences":false,"customSentences":[]},"efiAlt":"","efiUrl":"","followers":[1,4,3],"highlights":[],"isAutoShareEnabled":true,"networkImageIds":[],"permalinkQueryArgs":[],"series":[],"suggestedReferences":[]},"yoast_head":"<!-- This site is optimized with the Yoast SEO plugin v27.5 - https:\/\/yoast.com\/product\/yoast-seo-wordpress\/ -->\n<title>Qui\u00e9n es Simone de Beauvoir y por qu\u00e9 es tan importante para el feminismo de hoy - Diario Digital Femenino<\/title>\n<meta name=\"description\" content=\"Qui\u00e9n es Simone de Beauvoir y por qu\u00e9 es tan importante para el feminismo de hoy. Fue clave para el\u00a0feminismo\u00a0desde su obra &#039;El Segundo Sexo&#039;\" \/>\n<meta name=\"robots\" content=\"index, follow, max-snippet:-1, max-image-preview:large, max-video-preview:-1\" \/>\n<link rel=\"canonical\" href=\"https:\/\/diariofemenino.com.ar\/df\/quien-es-simone-de-beauvoir-y-por-que-es-tan-importante-para-el-feminismo-de-hoy\/\" \/>\n<meta property=\"og:locale\" content=\"es_ES\" \/>\n<meta property=\"og:type\" content=\"article\" \/>\n<meta property=\"og:title\" content=\"Qui\u00e9n es Simone de Beauvoir y por qu\u00e9 es tan importante para el feminismo de hoy - Diario Digital Femenino\" \/>\n<meta property=\"og:description\" content=\"Qui\u00e9n es Simone de Beauvoir y por qu\u00e9 es tan importante para el feminismo de hoy. Fue clave para el\u00a0feminismo\u00a0desde su obra &#039;El Segundo Sexo&#039;\" \/>\n<meta property=\"og:url\" content=\"https:\/\/diariofemenino.com.ar\/df\/quien-es-simone-de-beauvoir-y-por-que-es-tan-importante-para-el-feminismo-de-hoy\/\" \/>\n<meta property=\"og:site_name\" content=\"Diario Digital Femenino\" \/>\n<meta property=\"article:publisher\" content=\"https:\/\/www.facebook.com\/DiarioDigitaFemenino\/\" \/>\n<meta property=\"article:published_time\" content=\"2019-01-09T17:16:32+00:00\" \/>\n<meta property=\"article:modified_time\" content=\"2019-01-18T23:23:55+00:00\" \/>\n<meta property=\"og:image\" content=\"https:\/\/diariofemenino.com.ar\/df\/wp-content\/uploads\/2019\/01\/60.jpg\" \/>\n\t<meta property=\"og:image:width\" content=\"640\" \/>\n\t<meta property=\"og:image:height\" content=\"360\" \/>\n\t<meta property=\"og:image:type\" content=\"image\/jpeg\" \/>\n<meta name=\"author\" content=\"Admin\" \/>\n<meta name=\"twitter:card\" content=\"summary_large_image\" \/>\n<meta name=\"twitter:creator\" content=\"@DiarioFemenino1\" \/>\n<meta name=\"twitter:site\" content=\"@DiarioFemenino1\" \/>\n<meta name=\"twitter:label1\" content=\"Escrito por\" \/>\n\t<meta name=\"twitter:data1\" content=\"Admin\" \/>\n\t<meta name=\"twitter:label2\" content=\"Tiempo de lectura\" \/>\n\t<meta name=\"twitter:data2\" content=\"2 minutos\" \/>\n<script type=\"application\/ld+json\" class=\"yoast-schema-graph\">{\"@context\":\"https:\\\/\\\/schema.org\",\"@graph\":[{\"@type\":\"Article\",\"@id\":\"https:\\\/\\\/diariofemenino.com.ar\\\/df\\\/quien-es-simone-de-beauvoir-y-por-que-es-tan-importante-para-el-feminismo-de-hoy\\\/#article\",\"isPartOf\":{\"@id\":\"https:\\\/\\\/diariofemenino.com.ar\\\/df\\\/quien-es-simone-de-beauvoir-y-por-que-es-tan-importante-para-el-feminismo-de-hoy\\\/\"},\"author\":{\"name\":\"Admin\",\"@id\":\"https:\\\/\\\/diariofemenino.com.ar\\\/df\\\/#\\\/schema\\\/person\\\/1c36bc3bf394d8ec320814298b4fdd3f\"},\"headline\":\"Qui\u00e9n es Simone de Beauvoir y por qu\u00e9 es tan importante para el feminismo de hoy\",\"datePublished\":\"2019-01-09T17:16:32+00:00\",\"dateModified\":\"2019-01-18T23:23:55+00:00\",\"mainEntityOfPage\":{\"@id\":\"https:\\\/\\\/diariofemenino.com.ar\\\/df\\\/quien-es-simone-de-beauvoir-y-por-que-es-tan-importante-para-el-feminismo-de-hoy\\\/\"},\"wordCount\":453,\"publisher\":{\"@id\":\"https:\\\/\\\/diariofemenino.com.ar\\\/df\\\/#organization\"},\"image\":{\"@id\":\"https:\\\/\\\/diariofemenino.com.ar\\\/df\\\/quien-es-simone-de-beauvoir-y-por-que-es-tan-importante-para-el-feminismo-de-hoy\\\/#primaryimage\"},\"thumbnailUrl\":\"https:\\\/\\\/diariofemenino.com.ar\\\/df\\\/wp-content\\\/uploads\\\/2019\\\/01\\\/60.jpg\",\"keywords\":[\"Derechos de las mujeres\",\"Feminismo\",\"Mujeres\"],\"articleSection\":[\"Mujeres\"],\"inLanguage\":\"es\"},{\"@type\":\"WebPage\",\"@id\":\"https:\\\/\\\/diariofemenino.com.ar\\\/df\\\/quien-es-simone-de-beauvoir-y-por-que-es-tan-importante-para-el-feminismo-de-hoy\\\/\",\"url\":\"https:\\\/\\\/diariofemenino.com.ar\\\/df\\\/quien-es-simone-de-beauvoir-y-por-que-es-tan-importante-para-el-feminismo-de-hoy\\\/\",\"name\":\"Qui\u00e9n es Simone de Beauvoir y por qu\u00e9 es tan importante para el feminismo de hoy - Diario Digital Femenino\",\"isPartOf\":{\"@id\":\"https:\\\/\\\/diariofemenino.com.ar\\\/df\\\/#website\"},\"primaryImageOfPage\":{\"@id\":\"https:\\\/\\\/diariofemenino.com.ar\\\/df\\\/quien-es-simone-de-beauvoir-y-por-que-es-tan-importante-para-el-feminismo-de-hoy\\\/#primaryimage\"},\"image\":{\"@id\":\"https:\\\/\\\/diariofemenino.com.ar\\\/df\\\/quien-es-simone-de-beauvoir-y-por-que-es-tan-importante-para-el-feminismo-de-hoy\\\/#primaryimage\"},\"thumbnailUrl\":\"https:\\\/\\\/diariofemenino.com.ar\\\/df\\\/wp-content\\\/uploads\\\/2019\\\/01\\\/60.jpg\",\"datePublished\":\"2019-01-09T17:16:32+00:00\",\"dateModified\":\"2019-01-18T23:23:55+00:00\",\"description\":\"Qui\u00e9n es Simone de Beauvoir y por qu\u00e9 es tan importante para el feminismo de hoy. Fue clave para el\u00a0feminismo\u00a0desde su obra 'El Segundo Sexo'\",\"breadcrumb\":{\"@id\":\"https:\\\/\\\/diariofemenino.com.ar\\\/df\\\/quien-es-simone-de-beauvoir-y-por-que-es-tan-importante-para-el-feminismo-de-hoy\\\/#breadcrumb\"},\"inLanguage\":\"es\",\"potentialAction\":[{\"@type\":\"ReadAction\",\"target\":[\"https:\\\/\\\/diariofemenino.com.ar\\\/df\\\/quien-es-simone-de-beauvoir-y-por-que-es-tan-importante-para-el-feminismo-de-hoy\\\/\"]}]},{\"@type\":\"ImageObject\",\"inLanguage\":\"es\",\"@id\":\"https:\\\/\\\/diariofemenino.com.ar\\\/df\\\/quien-es-simone-de-beauvoir-y-por-que-es-tan-importante-para-el-feminismo-de-hoy\\\/#primaryimage\",\"url\":\"https:\\\/\\\/diariofemenino.com.ar\\\/df\\\/wp-content\\\/uploads\\\/2019\\\/01\\\/60.jpg\",\"contentUrl\":\"https:\\\/\\\/diariofemenino.com.ar\\\/df\\\/wp-content\\\/uploads\\\/2019\\\/01\\\/60.jpg\",\"width\":640,\"height\":360},{\"@type\":\"BreadcrumbList\",\"@id\":\"https:\\\/\\\/diariofemenino.com.ar\\\/df\\\/quien-es-simone-de-beauvoir-y-por-que-es-tan-importante-para-el-feminismo-de-hoy\\\/#breadcrumb\",\"itemListElement\":[{\"@type\":\"ListItem\",\"position\":1,\"name\":\"Portada\",\"item\":\"https:\\\/\\\/diariofemenino.com.ar\\\/df\\\/\"},{\"@type\":\"ListItem\",\"position\":2,\"name\":\"Qui\u00e9n es Simone de Beauvoir y por qu\u00e9 es tan importante para el feminismo de hoy\"}]},{\"@type\":\"WebSite\",\"@id\":\"https:\\\/\\\/diariofemenino.com.ar\\\/df\\\/#website\",\"url\":\"https:\\\/\\\/diariofemenino.com.ar\\\/df\\\/\",\"name\":\"Diario Digital Femenino\",\"description\":\"Cuesti\u00f3n de G\u00e9nero\",\"publisher\":{\"@id\":\"https:\\\/\\\/diariofemenino.com.ar\\\/df\\\/#organization\"},\"potentialAction\":[{\"@type\":\"SearchAction\",\"target\":{\"@type\":\"EntryPoint\",\"urlTemplate\":\"https:\\\/\\\/diariofemenino.com.ar\\\/df\\\/?s={search_term_string}\"},\"query-input\":{\"@type\":\"PropertyValueSpecification\",\"valueRequired\":true,\"valueName\":\"search_term_string\"}}],\"inLanguage\":\"es\"},{\"@type\":\"Organization\",\"@id\":\"https:\\\/\\\/diariofemenino.com.ar\\\/df\\\/#organization\",\"name\":\"Diario Femenino\",\"url\":\"https:\\\/\\\/diariofemenino.com.ar\\\/df\\\/\",\"logo\":{\"@type\":\"ImageObject\",\"inLanguage\":\"es\",\"@id\":\"https:\\\/\\\/diariofemenino.com.ar\\\/df\\\/#\\\/schema\\\/logo\\\/image\\\/\",\"url\":\"https:\\\/\\\/diariofemenino.com.ar\\\/df\\\/wp-content\\\/uploads\\\/2018\\\/10\\\/logo.png\",\"contentUrl\":\"https:\\\/\\\/diariofemenino.com.ar\\\/df\\\/wp-content\\\/uploads\\\/2018\\\/10\\\/logo.png\",\"width\":500,\"height\":92,\"caption\":\"Diario Femenino\"},\"image\":{\"@id\":\"https:\\\/\\\/diariofemenino.com.ar\\\/df\\\/#\\\/schema\\\/logo\\\/image\\\/\"},\"sameAs\":[\"https:\\\/\\\/www.facebook.com\\\/DiarioDigitaFemenino\\\/\",\"https:\\\/\\\/x.com\\\/DiarioFemenino1\"]},{\"@type\":\"Person\",\"@id\":\"https:\\\/\\\/diariofemenino.com.ar\\\/df\\\/#\\\/schema\\\/person\\\/1c36bc3bf394d8ec320814298b4fdd3f\",\"name\":\"Admin\",\"image\":{\"@type\":\"ImageObject\",\"inLanguage\":\"es\",\"@id\":\"https:\\\/\\\/diariofemenino.com.ar\\\/df\\\/wp-content\\\/uploads\\\/2018\\\/12\\\/favicon-150x150.jpg\",\"url\":\"https:\\\/\\\/diariofemenino.com.ar\\\/df\\\/wp-content\\\/uploads\\\/2018\\\/12\\\/favicon-150x150.jpg\",\"contentUrl\":\"https:\\\/\\\/diariofemenino.com.ar\\\/df\\\/wp-content\\\/uploads\\\/2018\\\/12\\\/favicon-150x150.jpg\",\"caption\":\"Admin\"},\"url\":\"https:\\\/\\\/diariofemenino.com.ar\\\/df\\\/author\\\/sofiperez\\\/\"}]}<\/script>\n<!-- \/ Yoast SEO plugin. -->","yoast_head_json":{"title":"Qui\u00e9n es Simone de Beauvoir y por qu\u00e9 es tan importante para el feminismo de hoy - Diario Digital Femenino","description":"Qui\u00e9n es Simone de Beauvoir y por qu\u00e9 es tan importante para el feminismo de hoy. Fue clave para el\u00a0feminismo\u00a0desde su obra 'El Segundo Sexo'","robots":{"index":"index","follow":"follow","max-snippet":"max-snippet:-1","max-image-preview":"max-image-preview:large","max-video-preview":"max-video-preview:-1"},"canonical":"https:\/\/diariofemenino.com.ar\/df\/quien-es-simone-de-beauvoir-y-por-que-es-tan-importante-para-el-feminismo-de-hoy\/","og_locale":"es_ES","og_type":"article","og_title":"Qui\u00e9n es Simone de Beauvoir y por qu\u00e9 es tan importante para el feminismo de hoy - Diario Digital Femenino","og_description":"Qui\u00e9n es Simone de Beauvoir y por qu\u00e9 es tan importante para el feminismo de hoy. Fue clave para el\u00a0feminismo\u00a0desde su obra 'El Segundo Sexo'","og_url":"https:\/\/diariofemenino.com.ar\/df\/quien-es-simone-de-beauvoir-y-por-que-es-tan-importante-para-el-feminismo-de-hoy\/","og_site_name":"Diario Digital Femenino","article_publisher":"https:\/\/www.facebook.com\/DiarioDigitaFemenino\/","article_published_time":"2019-01-09T17:16:32+00:00","article_modified_time":"2019-01-18T23:23:55+00:00","og_image":[{"width":640,"height":360,"url":"https:\/\/diariofemenino.com.ar\/df\/wp-content\/uploads\/2019\/01\/60.jpg","type":"image\/jpeg"}],"author":"Admin","twitter_card":"summary_large_image","twitter_creator":"@DiarioFemenino1","twitter_site":"@DiarioFemenino1","twitter_misc":{"Escrito por":"Admin","Tiempo de lectura":"2 minutos"},"schema":{"@context":"https:\/\/schema.org","@graph":[{"@type":"Article","@id":"https:\/\/diariofemenino.com.ar\/df\/quien-es-simone-de-beauvoir-y-por-que-es-tan-importante-para-el-feminismo-de-hoy\/#article","isPartOf":{"@id":"https:\/\/diariofemenino.com.ar\/df\/quien-es-simone-de-beauvoir-y-por-que-es-tan-importante-para-el-feminismo-de-hoy\/"},"author":{"name":"Admin","@id":"https:\/\/diariofemenino.com.ar\/df\/#\/schema\/person\/1c36bc3bf394d8ec320814298b4fdd3f"},"headline":"Qui\u00e9n es Simone de Beauvoir y por qu\u00e9 es tan importante para el feminismo de hoy","datePublished":"2019-01-09T17:16:32+00:00","dateModified":"2019-01-18T23:23:55+00:00","mainEntityOfPage":{"@id":"https:\/\/diariofemenino.com.ar\/df\/quien-es-simone-de-beauvoir-y-por-que-es-tan-importante-para-el-feminismo-de-hoy\/"},"wordCount":453,"publisher":{"@id":"https:\/\/diariofemenino.com.ar\/df\/#organization"},"image":{"@id":"https:\/\/diariofemenino.com.ar\/df\/quien-es-simone-de-beauvoir-y-por-que-es-tan-importante-para-el-feminismo-de-hoy\/#primaryimage"},"thumbnailUrl":"https:\/\/diariofemenino.com.ar\/df\/wp-content\/uploads\/2019\/01\/60.jpg","keywords":["Derechos de las mujeres","Feminismo","Mujeres"],"articleSection":["Mujeres"],"inLanguage":"es"},{"@type":"WebPage","@id":"https:\/\/diariofemenino.com.ar\/df\/quien-es-simone-de-beauvoir-y-por-que-es-tan-importante-para-el-feminismo-de-hoy\/","url":"https:\/\/diariofemenino.com.ar\/df\/quien-es-simone-de-beauvoir-y-por-que-es-tan-importante-para-el-feminismo-de-hoy\/","name":"Qui\u00e9n es Simone de Beauvoir y por qu\u00e9 es tan importante para el feminismo de hoy - Diario Digital Femenino","isPartOf":{"@id":"https:\/\/diariofemenino.com.ar\/df\/#website"},"primaryImageOfPage":{"@id":"https:\/\/diariofemenino.com.ar\/df\/quien-es-simone-de-beauvoir-y-por-que-es-tan-importante-para-el-feminismo-de-hoy\/#primaryimage"},"image":{"@id":"https:\/\/diariofemenino.com.ar\/df\/quien-es-simone-de-beauvoir-y-por-que-es-tan-importante-para-el-feminismo-de-hoy\/#primaryimage"},"thumbnailUrl":"https:\/\/diariofemenino.com.ar\/df\/wp-content\/uploads\/2019\/01\/60.jpg","datePublished":"2019-01-09T17:16:32+00:00","dateModified":"2019-01-18T23:23:55+00:00","description":"Qui\u00e9n es Simone de Beauvoir y por qu\u00e9 es tan importante para el feminismo de hoy. Fue clave para el\u00a0feminismo\u00a0desde su obra 'El Segundo Sexo'","breadcrumb":{"@id":"https:\/\/diariofemenino.com.ar\/df\/quien-es-simone-de-beauvoir-y-por-que-es-tan-importante-para-el-feminismo-de-hoy\/#breadcrumb"},"inLanguage":"es","potentialAction":[{"@type":"ReadAction","target":["https:\/\/diariofemenino.com.ar\/df\/quien-es-simone-de-beauvoir-y-por-que-es-tan-importante-para-el-feminismo-de-hoy\/"]}]},{"@type":"ImageObject","inLanguage":"es","@id":"https:\/\/diariofemenino.com.ar\/df\/quien-es-simone-de-beauvoir-y-por-que-es-tan-importante-para-el-feminismo-de-hoy\/#primaryimage","url":"https:\/\/diariofemenino.com.ar\/df\/wp-content\/uploads\/2019\/01\/60.jpg","contentUrl":"https:\/\/diariofemenino.com.ar\/df\/wp-content\/uploads\/2019\/01\/60.jpg","width":640,"height":360},{"@type":"BreadcrumbList","@id":"https:\/\/diariofemenino.com.ar\/df\/quien-es-simone-de-beauvoir-y-por-que-es-tan-importante-para-el-feminismo-de-hoy\/#breadcrumb","itemListElement":[{"@type":"ListItem","position":1,"name":"Portada","item":"https:\/\/diariofemenino.com.ar\/df\/"},{"@type":"ListItem","position":2,"name":"Qui\u00e9n es Simone de Beauvoir y por qu\u00e9 es tan importante para el feminismo de hoy"}]},{"@type":"WebSite","@id":"https:\/\/diariofemenino.com.ar\/df\/#website","url":"https:\/\/diariofemenino.com.ar\/df\/","name":"Diario Digital Femenino","description":"Cuesti\u00f3n de G\u00e9nero","publisher":{"@id":"https:\/\/diariofemenino.com.ar\/df\/#organization"},"potentialAction":[{"@type":"SearchAction","target":{"@type":"EntryPoint","urlTemplate":"https:\/\/diariofemenino.com.ar\/df\/?s={search_term_string}"},"query-input":{"@type":"PropertyValueSpecification","valueRequired":true,"valueName":"search_term_string"}}],"inLanguage":"es"},{"@type":"Organization","@id":"https:\/\/diariofemenino.com.ar\/df\/#organization","name":"Diario Femenino","url":"https:\/\/diariofemenino.com.ar\/df\/","logo":{"@type":"ImageObject","inLanguage":"es","@id":"https:\/\/diariofemenino.com.ar\/df\/#\/schema\/logo\/image\/","url":"https:\/\/diariofemenino.com.ar\/df\/wp-content\/uploads\/2018\/10\/logo.png","contentUrl":"https:\/\/diariofemenino.com.ar\/df\/wp-content\/uploads\/2018\/10\/logo.png","width":500,"height":92,"caption":"Diario Femenino"},"image":{"@id":"https:\/\/diariofemenino.com.ar\/df\/#\/schema\/logo\/image\/"},"sameAs":["https:\/\/www.facebook.com\/DiarioDigitaFemenino\/","https:\/\/x.com\/DiarioFemenino1"]},{"@type":"Person","@id":"https:\/\/diariofemenino.com.ar\/df\/#\/schema\/person\/1c36bc3bf394d8ec320814298b4fdd3f","name":"Admin","image":{"@type":"ImageObject","inLanguage":"es","@id":"https:\/\/diariofemenino.com.ar\/df\/wp-content\/uploads\/2018\/12\/favicon-150x150.jpg","url":"https:\/\/diariofemenino.com.ar\/df\/wp-content\/uploads\/2018\/12\/favicon-150x150.jpg","contentUrl":"https:\/\/diariofemenino.com.ar\/df\/wp-content\/uploads\/2018\/12\/favicon-150x150.jpg","caption":"Admin"},"url":"https:\/\/diariofemenino.com.ar\/df\/author\/sofiperez\/"}]}},"jetpack_featured_media_url":"https:\/\/diariofemenino.com.ar\/df\/wp-content\/uploads\/2019\/01\/60.jpg","jetpack_sharing_enabled":true,"rttpg_featured_image_url":{"full":["https:\/\/diariofemenino.com.ar\/df\/wp-content\/uploads\/2019\/01\/60.jpg",640,360,false],"landscape":["https:\/\/diariofemenino.com.ar\/df\/wp-content\/uploads\/2019\/01\/60.jpg",640,360,false],"portraits":["https:\/\/diariofemenino.com.ar\/df\/wp-content\/uploads\/2019\/01\/60.jpg",640,360,false],"thumbnail":["https:\/\/diariofemenino.com.ar\/df\/wp-content\/uploads\/2019\/01\/60-150x150.jpg",150,150,true],"medium":["https:\/\/diariofemenino.com.ar\/df\/wp-content\/uploads\/2019\/01\/60-300x169.jpg",300,169,true],"large":["https:\/\/diariofemenino.com.ar\/df\/wp-content\/uploads\/2019\/01\/60.jpg",640,360,false],"1536x1536":["https:\/\/diariofemenino.com.ar\/df\/wp-content\/uploads\/2019\/01\/60.jpg",640,360,false],"2048x2048":["https:\/\/diariofemenino.com.ar\/df\/wp-content\/uploads\/2019\/01\/60.jpg",640,360,false]},"rttpg_author":{"display_name":"Admin","author_link":"https:\/\/diariofemenino.com.ar\/df\/author\/sofiperez\/"},"rttpg_comment":0,"rttpg_category":"<a href=\"https:\/\/diariofemenino.com.ar\/df\/category\/mujeres\/\" rel=\"category tag\">Mujeres<\/a>","rttpg_excerpt":"Simone de Beauvoir\u00a0naci\u00f3 el 9 de enero de 1908 en Par\u00eds, y el 111 aniversario de nacimiento ha servido para que muchos est\u00e9n recordando su figura. Fue clave para el\u00a0feminismo\u00a0desde su obra &#8216;El Segundo Sexo&#8217;, considerada una especie de Biblia en esta materia. Se cumplen 111 a\u00f1os del nacimiento de Simone de Beauvoir, una figura&hellip;","_links":{"self":[{"href":"https:\/\/diariofemenino.com.ar\/df\/wp-json\/wp\/v2\/posts\/30679","targetHints":{"allow":["GET"]}}],"collection":[{"href":"https:\/\/diariofemenino.com.ar\/df\/wp-json\/wp\/v2\/posts"}],"about":[{"href":"https:\/\/diariofemenino.com.ar\/df\/wp-json\/wp\/v2\/types\/post"}],"author":[{"embeddable":true,"href":"https:\/\/diariofemenino.com.ar\/df\/wp-json\/wp\/v2\/users\/3"}],"replies":[{"embeddable":true,"href":"https:\/\/diariofemenino.com.ar\/df\/wp-json\/wp\/v2\/comments?post=30679"}],"version-history":[{"count":0,"href":"https:\/\/diariofemenino.com.ar\/df\/wp-json\/wp\/v2\/posts\/30679\/revisions"}],"wp:featuredmedia":[{"embeddable":true,"href":"https:\/\/diariofemenino.com.ar\/df\/wp-json\/wp\/v2\/media\/30545"}],"wp:attachment":[{"href":"https:\/\/diariofemenino.com.ar\/df\/wp-json\/wp\/v2\/media?parent=30679"}],"wp:term":[{"taxonomy":"category","embeddable":true,"href":"https:\/\/diariofemenino.com.ar\/df\/wp-json\/wp\/v2\/categories?post=30679"},{"taxonomy":"post_tag","embeddable":true,"href":"https:\/\/diariofemenino.com.ar\/df\/wp-json\/wp\/v2\/tags?post=30679"}],"curies":[{"name":"wp","href":"https:\/\/api.w.org\/{rel}","templated":true}]}}