{"id":3066,"date":"2012-08-14T22:34:21","date_gmt":"2012-08-15T01:34:21","guid":{"rendered":"http:\/\/www.diariofemenino.com.ar\/?p=3066"},"modified":"2012-08-14T22:34:21","modified_gmt":"2012-08-15T01:34:21","slug":"un-proyecto-de-ordenanza-impulsa-la-adhesiin-municipal-de-parana-a-la-ley-nacional-de-identidad-de-genero","status":"publish","type":"post","link":"https:\/\/diariofemenino.com.ar\/df\/un-proyecto-de-ordenanza-impulsa-la-adhesiin-municipal-de-parana-a-la-ley-nacional-de-identidad-de-genero\/","title":{"rendered":"Un proyecto de Ordenanza impulsa la adhesi\u00f3n Municipal de Paran\u00e1 a la Ley Nacional de Identidad de G\u00e9nero"},"content":{"rendered":"<p>&nbsp;<br \/>\n&nbsp;<br \/>\n<strong>El concejal Gabriel Pac\u00edfico (FJPV) es autor de un proyecto de ordenanza propiciando la adhesi\u00f3n de la Municipalidad de Paran\u00e1, a la ley nacional N\u00ba 26743, de reciente promulgaci\u00f3n, se inform\u00f3 a <a href=\"http:\/\/www.apfdigital.com.ar\/despachos.asp?cod_des=195751&amp;ID_Seccion=12\">APF<\/a> en un comunicado.<\/strong><br \/>\nLa misma establece que toda persona tiene derecho al reconocimiento de su identidad de g\u00e9nero; al libre desarrollo de su persona conforme a la misma; a ser tratada de acuerdo con su identidad de g\u00e9nero y, en particular, a ser identificada de ese modo en los instrumentos que acreditan su identidad respecto de el\/los nombres de pila, imagen y sexo, con los que all\u00ed es registrada.<br \/>\nLa iniciativa hace propia la definici\u00f3n establecida en la ley, que entiende por identidad de g\u00e9nero a la vivencia interna e individual del g\u00e9nero tal como la persona la siente, la cual puede corresponder o no con el sexo asignado al momento del nacimiento, incluyendo la vivencia personal del cuerpo.<br \/>\nAl elevar el proyecto a consideraci\u00f3n del cuerpo legislativo, Pac\u00edfico se\u00f1ala que el mismo \u201ces consecuente en el plano \u00e9tico, con el esp\u00edritu inclusivo que rige el perfil pol\u00edtico de nuestro gobierno, que nos impone participar y alentar todo proceso de ampliaci\u00f3n de los derechos civiles, que redundar\u00e1n en mayores niveles de integraci\u00f3n y cohesi\u00f3n social\u201d.<br \/>\nEn esa l\u00ednea de pensamiento, el edil oficialista considera \u201cnecesario y urgente la reversi\u00f3n de todo contexto pasible de ser calificado como discriminatorio, en el \u00e1mbito de la Municipalidad de Paran\u00e1\u201d.<br \/>\n&nbsp;<br \/>\n&nbsp;<br \/>\n&nbsp;<br \/>\n&nbsp;<br \/>\n&nbsp;<br \/>\n&nbsp;<\/p>\n","protected":false},"excerpt":{"rendered":"<p>&nbsp; &nbsp; El concejal Gabriel Pac\u00edfico (FJPV) es autor de un proyecto de ordenanza propiciando la adhesi\u00f3n de la Municipalidad de Paran\u00e1, a la ley nacional N\u00ba 26743, de reciente promulgaci\u00f3n, se inform\u00f3 a APF en un comunicado. La misma establece que toda persona tiene derecho al reconocimiento de su identidad de g\u00e9nero; al libre [&hellip;]<\/p>\n","protected":false},"author":1,"featured_media":0,"comment_status":"open","ping_status":"open","sticky":false,"template":"","format":"standard","meta":{"iawp_total_views":3,"footnotes":""},"categories":[4,21],"tags":[],"class_list":["post-3066","post","type-post","status-publish","format-standard","hentry","category-medios","category-noticias"],"nelio_content":{"autoShareEndMode":"never","automationSources":{"useCustomSentences":false,"customSentences":[]},"efiAlt":"","efiUrl":"","followers":[],"highlights":[],"isAutoShareEnabled":true,"networkImageIds":[],"permalinkQueryArgs":[],"series":[],"suggestedReferences":[]},"yoast_head":"<!-- This site is optimized with the Yoast SEO plugin v27.4 - https:\/\/yoast.com\/product\/yoast-seo-wordpress\/ -->\n<title>Un proyecto de Ordenanza impulsa la adhesi\u00f3n Municipal de Paran\u00e1 a la Ley Nacional de Identidad de G\u00e9nero - Diario Digital Femenino<\/title>\n<meta name=\"robots\" content=\"index, follow, max-snippet:-1, max-image-preview:large, max-video-preview:-1\" \/>\n<link rel=\"canonical\" href=\"https:\/\/diariofemenino.com.ar\/df\/un-proyecto-de-ordenanza-impulsa-la-adhesiin-municipal-de-parana-a-la-ley-nacional-de-identidad-de-genero\/\" \/>\n<meta property=\"og:locale\" content=\"es_ES\" \/>\n<meta property=\"og:type\" content=\"article\" \/>\n<meta property=\"og:title\" content=\"Un proyecto de Ordenanza impulsa la adhesi\u00f3n Municipal de Paran\u00e1 a la Ley Nacional de Identidad de G\u00e9nero - Diario Digital Femenino\" \/>\n<meta property=\"og:description\" content=\"&nbsp; &nbsp; El concejal Gabriel Pac\u00edfico (FJPV) es autor de un proyecto de ordenanza propiciando la adhesi\u00f3n de la Municipalidad de Paran\u00e1, a la ley nacional N\u00ba 26743, de reciente promulgaci\u00f3n, se inform\u00f3 a APF en un comunicado. La misma establece que toda persona tiene derecho al reconocimiento de su identidad de g\u00e9nero; al libre [&hellip;]\" \/>\n<meta property=\"og:url\" content=\"https:\/\/diariofemenino.com.ar\/df\/un-proyecto-de-ordenanza-impulsa-la-adhesiin-municipal-de-parana-a-la-ley-nacional-de-identidad-de-genero\/\" \/>\n<meta property=\"og:site_name\" content=\"Diario Digital Femenino\" \/>\n<meta property=\"article:publisher\" content=\"https:\/\/www.facebook.com\/DiarioDigitaFemenino\/\" \/>\n<meta property=\"article:published_time\" content=\"2012-08-15T01:34:21+00:00\" \/>\n<meta property=\"og:image\" content=\"https:\/\/diariofemenino.com.ar\/df\/wp-content\/uploads\/2016\/10\/logo-negro.png\" \/>\n\t<meta property=\"og:image:width\" content=\"855\" \/>\n\t<meta property=\"og:image:height\" content=\"319\" \/>\n\t<meta property=\"og:image:type\" content=\"image\/png\" \/>\n<meta name=\"author\" content=\"Admin\" \/>\n<meta name=\"twitter:card\" content=\"summary_large_image\" \/>\n<meta name=\"twitter:creator\" content=\"@DiarioFemenino1\" \/>\n<meta name=\"twitter:site\" content=\"@DiarioFemenino1\" \/>\n<meta name=\"twitter:label1\" content=\"Escrito por\" \/>\n\t<meta name=\"twitter:data1\" content=\"Admin\" \/>\n\t<meta name=\"twitter:label2\" content=\"Tiempo de lectura\" \/>\n\t<meta name=\"twitter:data2\" content=\"1 minuto\" \/>\n<script type=\"application\/ld+json\" class=\"yoast-schema-graph\">{\"@context\":\"https:\\\/\\\/schema.org\",\"@graph\":[{\"@type\":\"Article\",\"@id\":\"https:\\\/\\\/diariofemenino.com.ar\\\/df\\\/un-proyecto-de-ordenanza-impulsa-la-adhesiin-municipal-de-parana-a-la-ley-nacional-de-identidad-de-genero\\\/#article\",\"isPartOf\":{\"@id\":\"https:\\\/\\\/diariofemenino.com.ar\\\/df\\\/un-proyecto-de-ordenanza-impulsa-la-adhesiin-municipal-de-parana-a-la-ley-nacional-de-identidad-de-genero\\\/\"},\"author\":{\"name\":\"Admin\",\"@id\":\"https:\\\/\\\/diariofemenino.com.ar\\\/df\\\/#\\\/schema\\\/person\\\/38f54b3bfd13f561de2460ba95c169c6\"},\"headline\":\"Un proyecto de Ordenanza impulsa la adhesi\u00f3n Municipal de Paran\u00e1 a la Ley Nacional de Identidad de G\u00e9nero\",\"datePublished\":\"2012-08-15T01:34:21+00:00\",\"mainEntityOfPage\":{\"@id\":\"https:\\\/\\\/diariofemenino.com.ar\\\/df\\\/un-proyecto-de-ordenanza-impulsa-la-adhesiin-municipal-de-parana-a-la-ley-nacional-de-identidad-de-genero\\\/\"},\"wordCount\":286,\"commentCount\":0,\"publisher\":{\"@id\":\"https:\\\/\\\/diariofemenino.com.ar\\\/df\\\/#organization\"},\"articleSection\":[\"Medios\",\"Noticias\"],\"inLanguage\":\"es\",\"potentialAction\":[{\"@type\":\"CommentAction\",\"name\":\"Comment\",\"target\":[\"https:\\\/\\\/diariofemenino.com.ar\\\/df\\\/un-proyecto-de-ordenanza-impulsa-la-adhesiin-municipal-de-parana-a-la-ley-nacional-de-identidad-de-genero\\\/#respond\"]}]},{\"@type\":\"WebPage\",\"@id\":\"https:\\\/\\\/diariofemenino.com.ar\\\/df\\\/un-proyecto-de-ordenanza-impulsa-la-adhesiin-municipal-de-parana-a-la-ley-nacional-de-identidad-de-genero\\\/\",\"url\":\"https:\\\/\\\/diariofemenino.com.ar\\\/df\\\/un-proyecto-de-ordenanza-impulsa-la-adhesiin-municipal-de-parana-a-la-ley-nacional-de-identidad-de-genero\\\/\",\"name\":\"Un proyecto de Ordenanza impulsa la adhesi\u00f3n Municipal de Paran\u00e1 a la Ley Nacional de Identidad de G\u00e9nero - Diario Digital Femenino\",\"isPartOf\":{\"@id\":\"https:\\\/\\\/diariofemenino.com.ar\\\/df\\\/#website\"},\"datePublished\":\"2012-08-15T01:34:21+00:00\",\"breadcrumb\":{\"@id\":\"https:\\\/\\\/diariofemenino.com.ar\\\/df\\\/un-proyecto-de-ordenanza-impulsa-la-adhesiin-municipal-de-parana-a-la-ley-nacional-de-identidad-de-genero\\\/#breadcrumb\"},\"inLanguage\":\"es\",\"potentialAction\":[{\"@type\":\"ReadAction\",\"target\":[\"https:\\\/\\\/diariofemenino.com.ar\\\/df\\\/un-proyecto-de-ordenanza-impulsa-la-adhesiin-municipal-de-parana-a-la-ley-nacional-de-identidad-de-genero\\\/\"]}]},{\"@type\":\"BreadcrumbList\",\"@id\":\"https:\\\/\\\/diariofemenino.com.ar\\\/df\\\/un-proyecto-de-ordenanza-impulsa-la-adhesiin-municipal-de-parana-a-la-ley-nacional-de-identidad-de-genero\\\/#breadcrumb\",\"itemListElement\":[{\"@type\":\"ListItem\",\"position\":1,\"name\":\"Portada\",\"item\":\"https:\\\/\\\/diariofemenino.com.ar\\\/df\\\/\"},{\"@type\":\"ListItem\",\"position\":2,\"name\":\"Un proyecto de Ordenanza impulsa la adhesi\u00f3n Municipal de Paran\u00e1 a la Ley Nacional de Identidad de G\u00e9nero\"}]},{\"@type\":\"WebSite\",\"@id\":\"https:\\\/\\\/diariofemenino.com.ar\\\/df\\\/#website\",\"url\":\"https:\\\/\\\/diariofemenino.com.ar\\\/df\\\/\",\"name\":\"Diario Digital Femenino\",\"description\":\"Cuesti\u00f3n de G\u00e9nero\",\"publisher\":{\"@id\":\"https:\\\/\\\/diariofemenino.com.ar\\\/df\\\/#organization\"},\"potentialAction\":[{\"@type\":\"SearchAction\",\"target\":{\"@type\":\"EntryPoint\",\"urlTemplate\":\"https:\\\/\\\/diariofemenino.com.ar\\\/df\\\/?s={search_term_string}\"},\"query-input\":{\"@type\":\"PropertyValueSpecification\",\"valueRequired\":true,\"valueName\":\"search_term_string\"}}],\"inLanguage\":\"es\"},{\"@type\":\"Organization\",\"@id\":\"https:\\\/\\\/diariofemenino.com.ar\\\/df\\\/#organization\",\"name\":\"Diario Femenino\",\"url\":\"https:\\\/\\\/diariofemenino.com.ar\\\/df\\\/\",\"logo\":{\"@type\":\"ImageObject\",\"inLanguage\":\"es\",\"@id\":\"https:\\\/\\\/diariofemenino.com.ar\\\/df\\\/#\\\/schema\\\/logo\\\/image\\\/\",\"url\":\"https:\\\/\\\/diariofemenino.com.ar\\\/df\\\/wp-content\\\/uploads\\\/2018\\\/10\\\/logo.png\",\"contentUrl\":\"https:\\\/\\\/diariofemenino.com.ar\\\/df\\\/wp-content\\\/uploads\\\/2018\\\/10\\\/logo.png\",\"width\":500,\"height\":92,\"caption\":\"Diario Femenino\"},\"image\":{\"@id\":\"https:\\\/\\\/diariofemenino.com.ar\\\/df\\\/#\\\/schema\\\/logo\\\/image\\\/\"},\"sameAs\":[\"https:\\\/\\\/www.facebook.com\\\/DiarioDigitaFemenino\\\/\",\"https:\\\/\\\/x.com\\\/DiarioFemenino1\"]},{\"@type\":\"Person\",\"@id\":\"https:\\\/\\\/diariofemenino.com.ar\\\/df\\\/#\\\/schema\\\/person\\\/38f54b3bfd13f561de2460ba95c169c6\",\"name\":\"Admin\",\"image\":{\"@type\":\"ImageObject\",\"inLanguage\":\"es\",\"@id\":\"https:\\\/\\\/diariofemenino.com.ar\\\/df\\\/wp-content\\\/uploads\\\/2018\\\/12\\\/favicon-150x150.jpg\",\"url\":\"https:\\\/\\\/diariofemenino.com.ar\\\/df\\\/wp-content\\\/uploads\\\/2018\\\/12\\\/favicon-150x150.jpg\",\"contentUrl\":\"https:\\\/\\\/diariofemenino.com.ar\\\/df\\\/wp-content\\\/uploads\\\/2018\\\/12\\\/favicon-150x150.jpg\",\"caption\":\"Admin\"},\"url\":\"https:\\\/\\\/diariofemenino.com.ar\\\/df\\\/author\\\/adm18df\\\/\"}]}<\/script>\n<!-- \/ Yoast SEO plugin. -->","yoast_head_json":{"title":"Un proyecto de Ordenanza impulsa la adhesi\u00f3n Municipal de Paran\u00e1 a la Ley Nacional de Identidad de G\u00e9nero - Diario Digital Femenino","robots":{"index":"index","follow":"follow","max-snippet":"max-snippet:-1","max-image-preview":"max-image-preview:large","max-video-preview":"max-video-preview:-1"},"canonical":"https:\/\/diariofemenino.com.ar\/df\/un-proyecto-de-ordenanza-impulsa-la-adhesiin-municipal-de-parana-a-la-ley-nacional-de-identidad-de-genero\/","og_locale":"es_ES","og_type":"article","og_title":"Un proyecto de Ordenanza impulsa la adhesi\u00f3n Municipal de Paran\u00e1 a la Ley Nacional de Identidad de G\u00e9nero - Diario Digital Femenino","og_description":"&nbsp; &nbsp; El concejal Gabriel Pac\u00edfico (FJPV) es autor de un proyecto de ordenanza propiciando la adhesi\u00f3n de la Municipalidad de Paran\u00e1, a la ley nacional N\u00ba 26743, de reciente promulgaci\u00f3n, se inform\u00f3 a APF en un comunicado. La misma establece que toda persona tiene derecho al reconocimiento de su identidad de g\u00e9nero; al libre [&hellip;]","og_url":"https:\/\/diariofemenino.com.ar\/df\/un-proyecto-de-ordenanza-impulsa-la-adhesiin-municipal-de-parana-a-la-ley-nacional-de-identidad-de-genero\/","og_site_name":"Diario Digital Femenino","article_publisher":"https:\/\/www.facebook.com\/DiarioDigitaFemenino\/","article_published_time":"2012-08-15T01:34:21+00:00","og_image":[{"width":855,"height":319,"url":"https:\/\/diariofemenino.com.ar\/df\/wp-content\/uploads\/2016\/10\/logo-negro.png","type":"image\/png"}],"author":"Admin","twitter_card":"summary_large_image","twitter_creator":"@DiarioFemenino1","twitter_site":"@DiarioFemenino1","twitter_misc":{"Escrito por":"Admin","Tiempo de lectura":"1 minuto"},"schema":{"@context":"https:\/\/schema.org","@graph":[{"@type":"Article","@id":"https:\/\/diariofemenino.com.ar\/df\/un-proyecto-de-ordenanza-impulsa-la-adhesiin-municipal-de-parana-a-la-ley-nacional-de-identidad-de-genero\/#article","isPartOf":{"@id":"https:\/\/diariofemenino.com.ar\/df\/un-proyecto-de-ordenanza-impulsa-la-adhesiin-municipal-de-parana-a-la-ley-nacional-de-identidad-de-genero\/"},"author":{"name":"Admin","@id":"https:\/\/diariofemenino.com.ar\/df\/#\/schema\/person\/38f54b3bfd13f561de2460ba95c169c6"},"headline":"Un proyecto de Ordenanza impulsa la adhesi\u00f3n Municipal de Paran\u00e1 a la Ley Nacional de Identidad de G\u00e9nero","datePublished":"2012-08-15T01:34:21+00:00","mainEntityOfPage":{"@id":"https:\/\/diariofemenino.com.ar\/df\/un-proyecto-de-ordenanza-impulsa-la-adhesiin-municipal-de-parana-a-la-ley-nacional-de-identidad-de-genero\/"},"wordCount":286,"commentCount":0,"publisher":{"@id":"https:\/\/diariofemenino.com.ar\/df\/#organization"},"articleSection":["Medios","Noticias"],"inLanguage":"es","potentialAction":[{"@type":"CommentAction","name":"Comment","target":["https:\/\/diariofemenino.com.ar\/df\/un-proyecto-de-ordenanza-impulsa-la-adhesiin-municipal-de-parana-a-la-ley-nacional-de-identidad-de-genero\/#respond"]}]},{"@type":"WebPage","@id":"https:\/\/diariofemenino.com.ar\/df\/un-proyecto-de-ordenanza-impulsa-la-adhesiin-municipal-de-parana-a-la-ley-nacional-de-identidad-de-genero\/","url":"https:\/\/diariofemenino.com.ar\/df\/un-proyecto-de-ordenanza-impulsa-la-adhesiin-municipal-de-parana-a-la-ley-nacional-de-identidad-de-genero\/","name":"Un proyecto de Ordenanza impulsa la adhesi\u00f3n Municipal de Paran\u00e1 a la Ley Nacional de Identidad de G\u00e9nero - Diario Digital Femenino","isPartOf":{"@id":"https:\/\/diariofemenino.com.ar\/df\/#website"},"datePublished":"2012-08-15T01:34:21+00:00","breadcrumb":{"@id":"https:\/\/diariofemenino.com.ar\/df\/un-proyecto-de-ordenanza-impulsa-la-adhesiin-municipal-de-parana-a-la-ley-nacional-de-identidad-de-genero\/#breadcrumb"},"inLanguage":"es","potentialAction":[{"@type":"ReadAction","target":["https:\/\/diariofemenino.com.ar\/df\/un-proyecto-de-ordenanza-impulsa-la-adhesiin-municipal-de-parana-a-la-ley-nacional-de-identidad-de-genero\/"]}]},{"@type":"BreadcrumbList","@id":"https:\/\/diariofemenino.com.ar\/df\/un-proyecto-de-ordenanza-impulsa-la-adhesiin-municipal-de-parana-a-la-ley-nacional-de-identidad-de-genero\/#breadcrumb","itemListElement":[{"@type":"ListItem","position":1,"name":"Portada","item":"https:\/\/diariofemenino.com.ar\/df\/"},{"@type":"ListItem","position":2,"name":"Un proyecto de Ordenanza impulsa la adhesi\u00f3n Municipal de Paran\u00e1 a la Ley Nacional de Identidad de G\u00e9nero"}]},{"@type":"WebSite","@id":"https:\/\/diariofemenino.com.ar\/df\/#website","url":"https:\/\/diariofemenino.com.ar\/df\/","name":"Diario Digital Femenino","description":"Cuesti\u00f3n de G\u00e9nero","publisher":{"@id":"https:\/\/diariofemenino.com.ar\/df\/#organization"},"potentialAction":[{"@type":"SearchAction","target":{"@type":"EntryPoint","urlTemplate":"https:\/\/diariofemenino.com.ar\/df\/?s={search_term_string}"},"query-input":{"@type":"PropertyValueSpecification","valueRequired":true,"valueName":"search_term_string"}}],"inLanguage":"es"},{"@type":"Organization","@id":"https:\/\/diariofemenino.com.ar\/df\/#organization","name":"Diario Femenino","url":"https:\/\/diariofemenino.com.ar\/df\/","logo":{"@type":"ImageObject","inLanguage":"es","@id":"https:\/\/diariofemenino.com.ar\/df\/#\/schema\/logo\/image\/","url":"https:\/\/diariofemenino.com.ar\/df\/wp-content\/uploads\/2018\/10\/logo.png","contentUrl":"https:\/\/diariofemenino.com.ar\/df\/wp-content\/uploads\/2018\/10\/logo.png","width":500,"height":92,"caption":"Diario Femenino"},"image":{"@id":"https:\/\/diariofemenino.com.ar\/df\/#\/schema\/logo\/image\/"},"sameAs":["https:\/\/www.facebook.com\/DiarioDigitaFemenino\/","https:\/\/x.com\/DiarioFemenino1"]},{"@type":"Person","@id":"https:\/\/diariofemenino.com.ar\/df\/#\/schema\/person\/38f54b3bfd13f561de2460ba95c169c6","name":"Admin","image":{"@type":"ImageObject","inLanguage":"es","@id":"https:\/\/diariofemenino.com.ar\/df\/wp-content\/uploads\/2018\/12\/favicon-150x150.jpg","url":"https:\/\/diariofemenino.com.ar\/df\/wp-content\/uploads\/2018\/12\/favicon-150x150.jpg","contentUrl":"https:\/\/diariofemenino.com.ar\/df\/wp-content\/uploads\/2018\/12\/favicon-150x150.jpg","caption":"Admin"},"url":"https:\/\/diariofemenino.com.ar\/df\/author\/adm18df\/"}]}},"jetpack_featured_media_url":"","jetpack_sharing_enabled":true,"rttpg_featured_image_url":null,"rttpg_author":{"display_name":"Admin","author_link":"https:\/\/diariofemenino.com.ar\/df\/author\/adm18df\/"},"rttpg_comment":0,"rttpg_category":"<a href=\"https:\/\/diariofemenino.com.ar\/df\/category\/medios\/\" rel=\"category tag\">Medios<\/a> <a href=\"https:\/\/diariofemenino.com.ar\/df\/category\/noticias\/\" rel=\"category tag\">Noticias<\/a>","rttpg_excerpt":"&nbsp; &nbsp; El concejal Gabriel Pac\u00edfico (FJPV) es autor de un proyecto de ordenanza propiciando la adhesi\u00f3n de la Municipalidad de Paran\u00e1, a la ley nacional N\u00ba 26743, de reciente promulgaci\u00f3n, se inform\u00f3 a APF en un comunicado. La misma establece que toda persona tiene derecho al reconocimiento de su identidad de g\u00e9nero; al libre&hellip;","_links":{"self":[{"href":"https:\/\/diariofemenino.com.ar\/df\/wp-json\/wp\/v2\/posts\/3066","targetHints":{"allow":["GET"]}}],"collection":[{"href":"https:\/\/diariofemenino.com.ar\/df\/wp-json\/wp\/v2\/posts"}],"about":[{"href":"https:\/\/diariofemenino.com.ar\/df\/wp-json\/wp\/v2\/types\/post"}],"author":[{"embeddable":true,"href":"https:\/\/diariofemenino.com.ar\/df\/wp-json\/wp\/v2\/users\/1"}],"replies":[{"embeddable":true,"href":"https:\/\/diariofemenino.com.ar\/df\/wp-json\/wp\/v2\/comments?post=3066"}],"version-history":[{"count":0,"href":"https:\/\/diariofemenino.com.ar\/df\/wp-json\/wp\/v2\/posts\/3066\/revisions"}],"wp:attachment":[{"href":"https:\/\/diariofemenino.com.ar\/df\/wp-json\/wp\/v2\/media?parent=3066"}],"wp:term":[{"taxonomy":"category","embeddable":true,"href":"https:\/\/diariofemenino.com.ar\/df\/wp-json\/wp\/v2\/categories?post=3066"},{"taxonomy":"post_tag","embeddable":true,"href":"https:\/\/diariofemenino.com.ar\/df\/wp-json\/wp\/v2\/tags?post=3066"}],"curies":[{"name":"wp","href":"https:\/\/api.w.org\/{rel}","templated":true}]}}