{"id":3059,"date":"2012-08-12T23:45:19","date_gmt":"2012-08-13T02:45:19","guid":{"rendered":"http:\/\/www.diariofemenino.com.ar\/?p=3059"},"modified":"2012-08-12T23:45:19","modified_gmt":"2012-08-13T02:45:19","slug":"medios-de-comunicacion-fomentan-violencia-de-genero","status":"publish","type":"post","link":"https:\/\/diariofemenino.com.ar\/df\/medios-de-comunicacion-fomentan-violencia-de-genero\/","title":{"rendered":"Medios de comunicaci\u00f3n fomentan violencia de g\u00e9nero"},"content":{"rendered":"<p>&nbsp;<br \/>\n&nbsp;<br \/>\n<em>Presentan documental \u00bfA poco est\u00e1 tan buena? En el evento Ana Buquet, coordinadora del Programa de Equidad de G\u00e9nero de la UNAM, explic\u00f3 que la insistencia de los medios de comunicaci\u00f3n en repetir los estereotipos y emitir juicios morales sobre el comportamiento de las mujeres responde a que no se han dado cuenta que las mujeres \u201cya est\u00e1n en todos lados y hay cambios sociales\u201d.<\/em><br \/>\n<em>\u00bfA poco est\u00e1 tan buena? se proyectar\u00e1 en diversos festivales de documentales, entre ellos DocsDF y estar\u00e1 disponible pr\u00f3ximamente en la p\u00e1gina de internet www.conavim.gob.mx<\/em><br \/>\n<a href=\"http:\/\/www.diariofemenino.com.ar\/wp-content\/uploads\/estabuena.jpg\"><img loading=\"lazy\" decoding=\"async\" class=\"alignleft size-full wp-image-3060\" src=\"http:\/\/www.diariofemenino.com.ar\/wp-content\/uploads\/estabuena.jpg\" alt=\"\" width=\"488\" height=\"274\" \/><\/a><br \/>\n&nbsp;<br \/>\n&nbsp;<br \/>\n&nbsp;<br \/>\n&nbsp;<br \/>\n&nbsp;<br \/>\n&nbsp;<br \/>\n&nbsp;<br \/>\n&nbsp;<br \/>\n&nbsp;<br \/>\n<em>Por Leonardo Bastida Aguilar<\/em><br \/>\nLos estereotipos son los mecanismos m\u00e1s eficientes para preservar la desigualdad social entre hombres y mujeres, y los medios de comunicaci\u00f3n se encargan de preservarla en los contenidos de sus publicaciones o producciones televisivas mediante la reproducci\u00f3n constantes de \u00e9stos, asegur\u00f3 la psic\u00f3loga docente de la Universidad Nacional Aut\u00f3noma de M\u00e9xico (UNAM), Olga Bustos Romero, durante la presentaci\u00f3n del documental \u00bfA poco est\u00e1 tan buena?<br \/>\nEn el evento llevado a cabo en el Cine Lido del Fondo de Cultura Econ\u00f3mica, Ana Buquet, coordinadora del Programa de Equidad de G\u00e9nero de la UNAM, explic\u00f3 que la insistencia de los medios de comunicaci\u00f3n en repetir los estereotipos y emitir juicios morales sobre el comportamiento de las mujeres responde a que no se han dado cuenta que las mujeres \u201cya est\u00e1n en todos lados y hay cambios sociales\u201d.<br \/>\nLa soci\u00f3loga asegur\u00f3 que el hecho de que en los contenidos se reproduzca la idea de que la mujer es la encargada del hogar, y en la publicidad de productos dom\u00e9sticos sea siempre una mujer quien hace las tareas, provoca fen\u00f3menos como la doble jornada de trabajo, consistente en que una mujer despu\u00e9s de regresar de trabajar tiene que hacerse cargo de las labores dom\u00e9sticas mientras que los hombres pueden descansar.<br \/>\nAnte esta realidad, Bustos Romero se\u00f1al\u00f3 que los medios de comunicaci\u00f3n se han negado a respetar la Ley General de Acceso de las Mujeres a un Vida Libre de Violencia, que en sus art\u00edculos 38, 41 y 42 estipula que \u00e9stos deben erradicar de sus contenidos cualquier acci\u00f3n o idea que fomente la violencia de g\u00e9nero.<br \/>\nAl respecto, Dilcya Samantha Garc\u00eda Espinosa, titular de la Comisi\u00f3n Nacional para Prevenir y Erradicar la Violencia contra las Mujeres (Conavim), de la Secretar\u00eda de Gobernaci\u00f3n, se\u00f1al\u00f3 que a\u00fan hay pendientes para homologar la Ley Federal de Radio y Televisi\u00f3n y la de Cinematograf\u00eda con la de Acceso de las Mujeres a una Vida Libre de Violencia.<br \/>\nLa funcionaria p\u00fablica refiri\u00f3 que por el momento su dependencia trabaja en la creaci\u00f3n de un observatorio de monitoreo de medios cuya finalidad ser\u00e1 detectar los contenidos que fomenten la discriminaci\u00f3n y desigualdad de las mujeres para as\u00ed emitir sanciones y recomendaciones.<br \/>\nA\u00f1adi\u00f3 que si bien estas medidas, en algunas ocasiones, han sido interpretadas como violatorias a la libertad de expresi\u00f3n, en realidad, no reducen este derecho, sino por el contrario fomentan el respeto y la equidad.<br \/>\n<strong>\u00bfA poco est\u00e1 tan buena?<\/strong><br \/>\nAnuncios de la d\u00e9cada de los a\u00f1os 50 del siglo pasado en el que aparecen mujeres sometidas a sus esposos y las tareas del hogar son el marco introductorio a una serie de entrevistas a mujeres trabajadoras de todas las clases sociales en las que explican su rutina diaria.<br \/>\nMuchas de ellas aseguran levantarse antes que sus parejas y ser las \u00faltimas de la casa en dormir, adem\u00e1s de llevar una jornada laboral de m\u00e1s de ocho horas y realizar tareas dom\u00e9sticas por las tardes.<br \/>\nPosteriormente, se muestra una colecci\u00f3n de fragmentos de programas de televisi\u00f3n, entre ellos Cosas de la Vida de TV Azteca y Laura de Am\u00e9rica de Televisa,\u00a0 en los que se juzga a las mujeres por no responder a una \u201cbuena\u201d moral.<br \/>\nAdem\u00e1s, por medio de estos fragmentos, se muestra c\u00f3mo la publicidad no ha tenido un cambio en los \u00faltimos 50 a\u00f1os debido a que los comerciales actuales reproducen este modelo de la mujer sumisa y dedicada a las tareas del hogar.<br \/>\nOtro aspecto que se revisa es la visi\u00f3n de la mujer como un objeto sexual, pues se muestra como en programas como El Ma\u00f1anero o Guerra de Chistes, se utiliza la figura de una mujer para captar la atenci\u00f3n con poca ropa o se le pone en un papel denigrante como en el video de la canci\u00f3n \u201cPamela Chu\u201d de Vaqueros Musical.<br \/>\nDespu\u00e9s de esta mezcla de fragmentos, el documental cuestiona por medio de un collage de im\u00e1genes de \u201cmujeres del mundo de la far\u00e1ndula\u201d y de otras en actividades cotidianas cu\u00e1l debe ser la verdadera imagen de la mujer.<br \/>\nProducido por la Conavim, \u00bfA poco est\u00e1 tan buena? se proyectar\u00e1 en diversos festivales de documentales, entre ellos DocsDF y estar\u00e1 disponible pr\u00f3ximamente en la p\u00e1gina de internet www.conavim.gob.mx<br \/>\n&nbsp;<br \/>\nTr\u00e1ilers disponibles en:<br \/>\n<em><a href=\"http:\/\/www.notiese.org\/videos.php?vd_id=54\">http:\/\/www.notiese.org\/videos.php?vd_id=54<\/a> <\/em><br \/>\n<em><a href=\"http:\/\/www.notiese.org\/videos.php?vd_id=55\">http:\/\/www.notiese.org\/videos.php?vd_id=55<\/a><\/em><br \/>\n<em><a href=\"http:\/\/www.notiese.org\/videos.php?vd_id=56\">http:\/\/www.notiese.org\/videos.php?vd_id=56<\/a><\/em><br \/>\n&nbsp;<br \/>\n&nbsp;<br \/>\n&nbsp;<br \/>\nFuente: <a href=\"http:\/\/bitacoracultural.com\/index.php?option=com_content&amp;view=article&amp;id=7739:medios-de-comunicacion-fomentan-violencia-de-genero-academicas-y-funcionaria-publica&amp;catid=173:estudios-de-genero&amp;Itemid=59\" target=\"_blank\">\u00a0Bit\u00e1cora Cultural<\/a><br \/>\n&nbsp;<br \/>\n&nbsp;<br \/>\n&nbsp;<\/p>\n","protected":false},"excerpt":{"rendered":"<p>&nbsp; &nbsp; Presentan documental \u00bfA poco est\u00e1 tan buena? En el evento Ana Buquet, coordinadora del Programa de Equidad de G\u00e9nero de la UNAM, explic\u00f3 que la insistencia de los medios de comunicaci\u00f3n en repetir los estereotipos y emitir juicios morales sobre el comportamiento de las mujeres responde a que no se han dado cuenta [&hellip;]<\/p>\n","protected":false},"author":1,"featured_media":0,"comment_status":"open","ping_status":"open","sticky":false,"template":"","format":"standard","meta":{"iawp_total_views":6,"footnotes":""},"categories":[3,4,13],"tags":[],"class_list":["post-3059","post","type-post","status-publish","format-standard","hentry","category-de-la-revolucion-al-reaprendizaje","category-medios","category-mujeres-sindicalistas"],"nelio_content":{"autoShareEndMode":"never","automationSources":{"useCustomSentences":false,"customSentences":[]},"efiAlt":"","efiUrl":"","followers":[],"highlights":[],"isAutoShareEnabled":true,"networkImageIds":[],"permalinkQueryArgs":[],"series":[],"suggestedReferences":[]},"yoast_head":"<!-- This site is optimized with the Yoast SEO plugin v27.4 - https:\/\/yoast.com\/product\/yoast-seo-wordpress\/ -->\n<title>Medios de comunicaci\u00f3n fomentan violencia de g\u00e9nero - Diario Digital Femenino<\/title>\n<meta name=\"robots\" content=\"index, follow, max-snippet:-1, max-image-preview:large, max-video-preview:-1\" \/>\n<link rel=\"canonical\" href=\"https:\/\/diariofemenino.com.ar\/df\/medios-de-comunicacion-fomentan-violencia-de-genero\/\" \/>\n<meta property=\"og:locale\" content=\"es_ES\" \/>\n<meta property=\"og:type\" content=\"article\" \/>\n<meta property=\"og:title\" content=\"Medios de comunicaci\u00f3n fomentan violencia de g\u00e9nero - Diario Digital Femenino\" \/>\n<meta property=\"og:description\" content=\"&nbsp; &nbsp; Presentan documental \u00bfA poco est\u00e1 tan buena? En el evento Ana Buquet, coordinadora del Programa de Equidad de G\u00e9nero de la UNAM, explic\u00f3 que la insistencia de los medios de comunicaci\u00f3n en repetir los estereotipos y emitir juicios morales sobre el comportamiento de las mujeres responde a que no se han dado cuenta [&hellip;]\" \/>\n<meta property=\"og:url\" content=\"https:\/\/diariofemenino.com.ar\/df\/medios-de-comunicacion-fomentan-violencia-de-genero\/\" \/>\n<meta property=\"og:site_name\" content=\"Diario Digital Femenino\" \/>\n<meta property=\"article:publisher\" content=\"https:\/\/www.facebook.com\/DiarioDigitaFemenino\/\" \/>\n<meta property=\"article:published_time\" content=\"2012-08-13T02:45:19+00:00\" \/>\n<meta property=\"og:image\" content=\"http:\/\/www.diariofemenino.com.ar\/wp-content\/uploads\/estabuena.jpg\" \/>\n<meta name=\"author\" content=\"Admin\" \/>\n<meta name=\"twitter:card\" content=\"summary_large_image\" \/>\n<meta name=\"twitter:creator\" content=\"@DiarioFemenino1\" \/>\n<meta name=\"twitter:site\" content=\"@DiarioFemenino1\" \/>\n<meta name=\"twitter:label1\" content=\"Escrito por\" \/>\n\t<meta name=\"twitter:data1\" content=\"Admin\" \/>\n\t<meta name=\"twitter:label2\" content=\"Tiempo de lectura\" \/>\n\t<meta name=\"twitter:data2\" content=\"5 minutos\" \/>\n<script type=\"application\/ld+json\" class=\"yoast-schema-graph\">{\"@context\":\"https:\\\/\\\/schema.org\",\"@graph\":[{\"@type\":\"Article\",\"@id\":\"https:\\\/\\\/diariofemenino.com.ar\\\/df\\\/medios-de-comunicacion-fomentan-violencia-de-genero\\\/#article\",\"isPartOf\":{\"@id\":\"https:\\\/\\\/diariofemenino.com.ar\\\/df\\\/medios-de-comunicacion-fomentan-violencia-de-genero\\\/\"},\"author\":{\"name\":\"Admin\",\"@id\":\"https:\\\/\\\/diariofemenino.com.ar\\\/df\\\/#\\\/schema\\\/person\\\/38f54b3bfd13f561de2460ba95c169c6\"},\"headline\":\"Medios de comunicaci\u00f3n fomentan violencia de g\u00e9nero\",\"datePublished\":\"2012-08-13T02:45:19+00:00\",\"mainEntityOfPage\":{\"@id\":\"https:\\\/\\\/diariofemenino.com.ar\\\/df\\\/medios-de-comunicacion-fomentan-violencia-de-genero\\\/\"},\"wordCount\":911,\"commentCount\":0,\"publisher\":{\"@id\":\"https:\\\/\\\/diariofemenino.com.ar\\\/df\\\/#organization\"},\"image\":{\"@id\":\"https:\\\/\\\/diariofemenino.com.ar\\\/df\\\/medios-de-comunicacion-fomentan-violencia-de-genero\\\/#primaryimage\"},\"thumbnailUrl\":\"http:\\\/\\\/www.diariofemenino.com.ar\\\/wp-content\\\/uploads\\\/estabuena.jpg\",\"articleSection\":[\"De la Revoluci\u00f3n al Reaprendizaje\",\"Medios\",\"Mujeres Sindicalistas\"],\"inLanguage\":\"es\",\"potentialAction\":[{\"@type\":\"CommentAction\",\"name\":\"Comment\",\"target\":[\"https:\\\/\\\/diariofemenino.com.ar\\\/df\\\/medios-de-comunicacion-fomentan-violencia-de-genero\\\/#respond\"]}]},{\"@type\":\"WebPage\",\"@id\":\"https:\\\/\\\/diariofemenino.com.ar\\\/df\\\/medios-de-comunicacion-fomentan-violencia-de-genero\\\/\",\"url\":\"https:\\\/\\\/diariofemenino.com.ar\\\/df\\\/medios-de-comunicacion-fomentan-violencia-de-genero\\\/\",\"name\":\"Medios de comunicaci\u00f3n fomentan violencia de g\u00e9nero - Diario Digital Femenino\",\"isPartOf\":{\"@id\":\"https:\\\/\\\/diariofemenino.com.ar\\\/df\\\/#website\"},\"primaryImageOfPage\":{\"@id\":\"https:\\\/\\\/diariofemenino.com.ar\\\/df\\\/medios-de-comunicacion-fomentan-violencia-de-genero\\\/#primaryimage\"},\"image\":{\"@id\":\"https:\\\/\\\/diariofemenino.com.ar\\\/df\\\/medios-de-comunicacion-fomentan-violencia-de-genero\\\/#primaryimage\"},\"thumbnailUrl\":\"http:\\\/\\\/www.diariofemenino.com.ar\\\/wp-content\\\/uploads\\\/estabuena.jpg\",\"datePublished\":\"2012-08-13T02:45:19+00:00\",\"breadcrumb\":{\"@id\":\"https:\\\/\\\/diariofemenino.com.ar\\\/df\\\/medios-de-comunicacion-fomentan-violencia-de-genero\\\/#breadcrumb\"},\"inLanguage\":\"es\",\"potentialAction\":[{\"@type\":\"ReadAction\",\"target\":[\"https:\\\/\\\/diariofemenino.com.ar\\\/df\\\/medios-de-comunicacion-fomentan-violencia-de-genero\\\/\"]}]},{\"@type\":\"ImageObject\",\"inLanguage\":\"es\",\"@id\":\"https:\\\/\\\/diariofemenino.com.ar\\\/df\\\/medios-de-comunicacion-fomentan-violencia-de-genero\\\/#primaryimage\",\"url\":\"http:\\\/\\\/www.diariofemenino.com.ar\\\/wp-content\\\/uploads\\\/estabuena.jpg\",\"contentUrl\":\"http:\\\/\\\/www.diariofemenino.com.ar\\\/wp-content\\\/uploads\\\/estabuena.jpg\"},{\"@type\":\"BreadcrumbList\",\"@id\":\"https:\\\/\\\/diariofemenino.com.ar\\\/df\\\/medios-de-comunicacion-fomentan-violencia-de-genero\\\/#breadcrumb\",\"itemListElement\":[{\"@type\":\"ListItem\",\"position\":1,\"name\":\"Portada\",\"item\":\"https:\\\/\\\/diariofemenino.com.ar\\\/df\\\/\"},{\"@type\":\"ListItem\",\"position\":2,\"name\":\"Medios de comunicaci\u00f3n fomentan violencia de g\u00e9nero\"}]},{\"@type\":\"WebSite\",\"@id\":\"https:\\\/\\\/diariofemenino.com.ar\\\/df\\\/#website\",\"url\":\"https:\\\/\\\/diariofemenino.com.ar\\\/df\\\/\",\"name\":\"Diario Digital Femenino\",\"description\":\"Cuesti\u00f3n de G\u00e9nero\",\"publisher\":{\"@id\":\"https:\\\/\\\/diariofemenino.com.ar\\\/df\\\/#organization\"},\"potentialAction\":[{\"@type\":\"SearchAction\",\"target\":{\"@type\":\"EntryPoint\",\"urlTemplate\":\"https:\\\/\\\/diariofemenino.com.ar\\\/df\\\/?s={search_term_string}\"},\"query-input\":{\"@type\":\"PropertyValueSpecification\",\"valueRequired\":true,\"valueName\":\"search_term_string\"}}],\"inLanguage\":\"es\"},{\"@type\":\"Organization\",\"@id\":\"https:\\\/\\\/diariofemenino.com.ar\\\/df\\\/#organization\",\"name\":\"Diario Femenino\",\"url\":\"https:\\\/\\\/diariofemenino.com.ar\\\/df\\\/\",\"logo\":{\"@type\":\"ImageObject\",\"inLanguage\":\"es\",\"@id\":\"https:\\\/\\\/diariofemenino.com.ar\\\/df\\\/#\\\/schema\\\/logo\\\/image\\\/\",\"url\":\"https:\\\/\\\/diariofemenino.com.ar\\\/df\\\/wp-content\\\/uploads\\\/2018\\\/10\\\/logo.png\",\"contentUrl\":\"https:\\\/\\\/diariofemenino.com.ar\\\/df\\\/wp-content\\\/uploads\\\/2018\\\/10\\\/logo.png\",\"width\":500,\"height\":92,\"caption\":\"Diario Femenino\"},\"image\":{\"@id\":\"https:\\\/\\\/diariofemenino.com.ar\\\/df\\\/#\\\/schema\\\/logo\\\/image\\\/\"},\"sameAs\":[\"https:\\\/\\\/www.facebook.com\\\/DiarioDigitaFemenino\\\/\",\"https:\\\/\\\/x.com\\\/DiarioFemenino1\"]},{\"@type\":\"Person\",\"@id\":\"https:\\\/\\\/diariofemenino.com.ar\\\/df\\\/#\\\/schema\\\/person\\\/38f54b3bfd13f561de2460ba95c169c6\",\"name\":\"Admin\",\"image\":{\"@type\":\"ImageObject\",\"inLanguage\":\"es\",\"@id\":\"https:\\\/\\\/diariofemenino.com.ar\\\/df\\\/wp-content\\\/uploads\\\/2018\\\/12\\\/favicon-150x150.jpg\",\"url\":\"https:\\\/\\\/diariofemenino.com.ar\\\/df\\\/wp-content\\\/uploads\\\/2018\\\/12\\\/favicon-150x150.jpg\",\"contentUrl\":\"https:\\\/\\\/diariofemenino.com.ar\\\/df\\\/wp-content\\\/uploads\\\/2018\\\/12\\\/favicon-150x150.jpg\",\"caption\":\"Admin\"},\"url\":\"https:\\\/\\\/diariofemenino.com.ar\\\/df\\\/author\\\/adm18df\\\/\"}]}<\/script>\n<!-- \/ Yoast SEO plugin. -->","yoast_head_json":{"title":"Medios de comunicaci\u00f3n fomentan violencia de g\u00e9nero - Diario Digital Femenino","robots":{"index":"index","follow":"follow","max-snippet":"max-snippet:-1","max-image-preview":"max-image-preview:large","max-video-preview":"max-video-preview:-1"},"canonical":"https:\/\/diariofemenino.com.ar\/df\/medios-de-comunicacion-fomentan-violencia-de-genero\/","og_locale":"es_ES","og_type":"article","og_title":"Medios de comunicaci\u00f3n fomentan violencia de g\u00e9nero - Diario Digital Femenino","og_description":"&nbsp; &nbsp; Presentan documental \u00bfA poco est\u00e1 tan buena? En el evento Ana Buquet, coordinadora del Programa de Equidad de G\u00e9nero de la UNAM, explic\u00f3 que la insistencia de los medios de comunicaci\u00f3n en repetir los estereotipos y emitir juicios morales sobre el comportamiento de las mujeres responde a que no se han dado cuenta [&hellip;]","og_url":"https:\/\/diariofemenino.com.ar\/df\/medios-de-comunicacion-fomentan-violencia-de-genero\/","og_site_name":"Diario Digital Femenino","article_publisher":"https:\/\/www.facebook.com\/DiarioDigitaFemenino\/","article_published_time":"2012-08-13T02:45:19+00:00","og_image":[{"url":"http:\/\/www.diariofemenino.com.ar\/wp-content\/uploads\/estabuena.jpg","type":"","width":"","height":""}],"author":"Admin","twitter_card":"summary_large_image","twitter_creator":"@DiarioFemenino1","twitter_site":"@DiarioFemenino1","twitter_misc":{"Escrito por":"Admin","Tiempo de lectura":"5 minutos"},"schema":{"@context":"https:\/\/schema.org","@graph":[{"@type":"Article","@id":"https:\/\/diariofemenino.com.ar\/df\/medios-de-comunicacion-fomentan-violencia-de-genero\/#article","isPartOf":{"@id":"https:\/\/diariofemenino.com.ar\/df\/medios-de-comunicacion-fomentan-violencia-de-genero\/"},"author":{"name":"Admin","@id":"https:\/\/diariofemenino.com.ar\/df\/#\/schema\/person\/38f54b3bfd13f561de2460ba95c169c6"},"headline":"Medios de comunicaci\u00f3n fomentan violencia de g\u00e9nero","datePublished":"2012-08-13T02:45:19+00:00","mainEntityOfPage":{"@id":"https:\/\/diariofemenino.com.ar\/df\/medios-de-comunicacion-fomentan-violencia-de-genero\/"},"wordCount":911,"commentCount":0,"publisher":{"@id":"https:\/\/diariofemenino.com.ar\/df\/#organization"},"image":{"@id":"https:\/\/diariofemenino.com.ar\/df\/medios-de-comunicacion-fomentan-violencia-de-genero\/#primaryimage"},"thumbnailUrl":"http:\/\/www.diariofemenino.com.ar\/wp-content\/uploads\/estabuena.jpg","articleSection":["De la Revoluci\u00f3n al Reaprendizaje","Medios","Mujeres Sindicalistas"],"inLanguage":"es","potentialAction":[{"@type":"CommentAction","name":"Comment","target":["https:\/\/diariofemenino.com.ar\/df\/medios-de-comunicacion-fomentan-violencia-de-genero\/#respond"]}]},{"@type":"WebPage","@id":"https:\/\/diariofemenino.com.ar\/df\/medios-de-comunicacion-fomentan-violencia-de-genero\/","url":"https:\/\/diariofemenino.com.ar\/df\/medios-de-comunicacion-fomentan-violencia-de-genero\/","name":"Medios de comunicaci\u00f3n fomentan violencia de g\u00e9nero - Diario Digital Femenino","isPartOf":{"@id":"https:\/\/diariofemenino.com.ar\/df\/#website"},"primaryImageOfPage":{"@id":"https:\/\/diariofemenino.com.ar\/df\/medios-de-comunicacion-fomentan-violencia-de-genero\/#primaryimage"},"image":{"@id":"https:\/\/diariofemenino.com.ar\/df\/medios-de-comunicacion-fomentan-violencia-de-genero\/#primaryimage"},"thumbnailUrl":"http:\/\/www.diariofemenino.com.ar\/wp-content\/uploads\/estabuena.jpg","datePublished":"2012-08-13T02:45:19+00:00","breadcrumb":{"@id":"https:\/\/diariofemenino.com.ar\/df\/medios-de-comunicacion-fomentan-violencia-de-genero\/#breadcrumb"},"inLanguage":"es","potentialAction":[{"@type":"ReadAction","target":["https:\/\/diariofemenino.com.ar\/df\/medios-de-comunicacion-fomentan-violencia-de-genero\/"]}]},{"@type":"ImageObject","inLanguage":"es","@id":"https:\/\/diariofemenino.com.ar\/df\/medios-de-comunicacion-fomentan-violencia-de-genero\/#primaryimage","url":"http:\/\/www.diariofemenino.com.ar\/wp-content\/uploads\/estabuena.jpg","contentUrl":"http:\/\/www.diariofemenino.com.ar\/wp-content\/uploads\/estabuena.jpg"},{"@type":"BreadcrumbList","@id":"https:\/\/diariofemenino.com.ar\/df\/medios-de-comunicacion-fomentan-violencia-de-genero\/#breadcrumb","itemListElement":[{"@type":"ListItem","position":1,"name":"Portada","item":"https:\/\/diariofemenino.com.ar\/df\/"},{"@type":"ListItem","position":2,"name":"Medios de comunicaci\u00f3n fomentan violencia de g\u00e9nero"}]},{"@type":"WebSite","@id":"https:\/\/diariofemenino.com.ar\/df\/#website","url":"https:\/\/diariofemenino.com.ar\/df\/","name":"Diario Digital Femenino","description":"Cuesti\u00f3n de G\u00e9nero","publisher":{"@id":"https:\/\/diariofemenino.com.ar\/df\/#organization"},"potentialAction":[{"@type":"SearchAction","target":{"@type":"EntryPoint","urlTemplate":"https:\/\/diariofemenino.com.ar\/df\/?s={search_term_string}"},"query-input":{"@type":"PropertyValueSpecification","valueRequired":true,"valueName":"search_term_string"}}],"inLanguage":"es"},{"@type":"Organization","@id":"https:\/\/diariofemenino.com.ar\/df\/#organization","name":"Diario Femenino","url":"https:\/\/diariofemenino.com.ar\/df\/","logo":{"@type":"ImageObject","inLanguage":"es","@id":"https:\/\/diariofemenino.com.ar\/df\/#\/schema\/logo\/image\/","url":"https:\/\/diariofemenino.com.ar\/df\/wp-content\/uploads\/2018\/10\/logo.png","contentUrl":"https:\/\/diariofemenino.com.ar\/df\/wp-content\/uploads\/2018\/10\/logo.png","width":500,"height":92,"caption":"Diario Femenino"},"image":{"@id":"https:\/\/diariofemenino.com.ar\/df\/#\/schema\/logo\/image\/"},"sameAs":["https:\/\/www.facebook.com\/DiarioDigitaFemenino\/","https:\/\/x.com\/DiarioFemenino1"]},{"@type":"Person","@id":"https:\/\/diariofemenino.com.ar\/df\/#\/schema\/person\/38f54b3bfd13f561de2460ba95c169c6","name":"Admin","image":{"@type":"ImageObject","inLanguage":"es","@id":"https:\/\/diariofemenino.com.ar\/df\/wp-content\/uploads\/2018\/12\/favicon-150x150.jpg","url":"https:\/\/diariofemenino.com.ar\/df\/wp-content\/uploads\/2018\/12\/favicon-150x150.jpg","contentUrl":"https:\/\/diariofemenino.com.ar\/df\/wp-content\/uploads\/2018\/12\/favicon-150x150.jpg","caption":"Admin"},"url":"https:\/\/diariofemenino.com.ar\/df\/author\/adm18df\/"}]}},"jetpack_featured_media_url":"","jetpack_sharing_enabled":true,"rttpg_featured_image_url":null,"rttpg_author":{"display_name":"Admin","author_link":"https:\/\/diariofemenino.com.ar\/df\/author\/adm18df\/"},"rttpg_comment":0,"rttpg_category":"<a href=\"https:\/\/diariofemenino.com.ar\/df\/category\/de-la-revolucion-al-reaprendizaje\/\" rel=\"category tag\">De la Revoluci\u00f3n al Reaprendizaje<\/a> <a href=\"https:\/\/diariofemenino.com.ar\/df\/category\/medios\/\" rel=\"category tag\">Medios<\/a> <a href=\"https:\/\/diariofemenino.com.ar\/df\/category\/mujeres-sindicalistas\/\" rel=\"category tag\">Mujeres Sindicalistas<\/a>","rttpg_excerpt":"&nbsp; &nbsp; Presentan documental \u00bfA poco est\u00e1 tan buena? En el evento Ana Buquet, coordinadora del Programa de Equidad de G\u00e9nero de la UNAM, explic\u00f3 que la insistencia de los medios de comunicaci\u00f3n en repetir los estereotipos y emitir juicios morales sobre el comportamiento de las mujeres responde a que no se han dado cuenta&hellip;","_links":{"self":[{"href":"https:\/\/diariofemenino.com.ar\/df\/wp-json\/wp\/v2\/posts\/3059","targetHints":{"allow":["GET"]}}],"collection":[{"href":"https:\/\/diariofemenino.com.ar\/df\/wp-json\/wp\/v2\/posts"}],"about":[{"href":"https:\/\/diariofemenino.com.ar\/df\/wp-json\/wp\/v2\/types\/post"}],"author":[{"embeddable":true,"href":"https:\/\/diariofemenino.com.ar\/df\/wp-json\/wp\/v2\/users\/1"}],"replies":[{"embeddable":true,"href":"https:\/\/diariofemenino.com.ar\/df\/wp-json\/wp\/v2\/comments?post=3059"}],"version-history":[{"count":0,"href":"https:\/\/diariofemenino.com.ar\/df\/wp-json\/wp\/v2\/posts\/3059\/revisions"}],"wp:attachment":[{"href":"https:\/\/diariofemenino.com.ar\/df\/wp-json\/wp\/v2\/media?parent=3059"}],"wp:term":[{"taxonomy":"category","embeddable":true,"href":"https:\/\/diariofemenino.com.ar\/df\/wp-json\/wp\/v2\/categories?post=3059"},{"taxonomy":"post_tag","embeddable":true,"href":"https:\/\/diariofemenino.com.ar\/df\/wp-json\/wp\/v2\/tags?post=3059"}],"curies":[{"name":"wp","href":"https:\/\/api.w.org\/{rel}","templated":true}]}}