{"id":30580,"date":"2019-01-11T20:53:33","date_gmt":"2019-01-11T23:53:33","guid":{"rendered":"http:\/\/diariofemenino.com.ar\/v2\/?p=30580"},"modified":"2019-01-11T20:53:33","modified_gmt":"2019-01-11T23:53:33","slug":"el-feminismo-mediatico-de-cambiemos","status":"publish","type":"post","link":"https:\/\/diariofemenino.com.ar\/df\/el-feminismo-mediatico-de-cambiemos\/","title":{"rendered":"El feminismo (medi\u00e1tico) de Cambiemos"},"content":{"rendered":"<p><strong>\u201cEl presidente Mauricio Macri lanzaba, un par de d\u00edas despu\u00e9s de la irrupci\u00f3n potente de la denuncia de Thelma Fard\u00edn ante Juan Darth\u00e9s, el\u00a0Plan de Igualdad de Oportunidades y Derechos\u00a0(PIOD 2018-2020), a trav\u00e9s del cual el gobierno impulsar\u00e1 un conjunto de pol\u00edticas p\u00fablicas \u2013 muy poco claras \u2013 para\u00a0promover y\u00a0garantizar la igualdad de g\u00e9nero. Paradojalmente, el anuncio lo hizo \u00e9l parado ante un grupo \u2013 en su mayor\u00eda, mujeres \u2013 todas sentadas rode\u00e1ndolo en la Quinta de Olivos, demostrando una imagen que contradice plenamente sus dichos, y que refuerza m\u00e1s las jerarqu\u00edas de un mundo al que los gobiernos neoliberales y sus agendas adscriben: el poder y el saber son vertidos por el hombre. \u00bfPor qu\u00e9 un gobierno de derecha, neoliberal, busca apropiarse de demandas del feminismo?\u201d.\u00a0<em>Por Ivan Isolani (Corriendo La Voz).<\/em><\/strong><\/p>\n<hr \/>\n<p>\u201c<em>Es un orgullo estar todos juntos en una semana especial que estamos viviendo en la Argentina. Todos tenemos que entender que esta revoluci\u00f3n de las mujeres es hoy un eje del siglo XXI que estamos viviendo. Estamos asumiendo ese desaf\u00edo y esto que nos pasa nos incluye absolutamente a todos<\/em>\u201c. Con estas palabras, el presidente\u00a0<strong>Mauricio Macri<\/strong>lanzaba, un par de d\u00edas despu\u00e9s de la irrupci\u00f3n potente de la denuncia de<strong>\u00a0Thelma Fard\u00edn<\/strong>\u00a0ante\u00a0<strong>Juan Darth\u00e9s<\/strong>, el\u00a0<strong><a href=\"https:\/\/www.youtube.com\/watch?v=1DdGewvZUrc\" target=\"_blank\" rel=\"noopener\">Plan de Igualdad de Oportunidades y Derechos\u00a0(PIOD 2018-2020),<\/a><\/strong>\u00a0a trav\u00e9s del cual el gobierno\u00a0<a href=\"https:\/\/www.argentina.gob.ar\/noticias\/plan-nacional-de-igualdad-de-oportunidades-y-derechos-2018-2020\" target=\"_blank\" rel=\"noopener\">impulsar\u00e1 un conjunto de pol\u00edticas p\u00fablicas -muy poco claras- coordinadas<\/a>\u00a0entre todos los Ministerios para\u00a0promover y\u00a0<strong>garantizar la igualdad de g\u00e9nero<\/strong>. Paradojalmente, el anuncio lo hizo \u00e9l parado ante un grupo \u2013en su mayor\u00eda, mujeres- todas sentadas rode\u00e1ndolo en la Quinta de Olivos, demostrando una imagen que contradice plenamente sus dichos, y que refuerza m\u00e1s las jerarqu\u00edas de un mundo al que los gobiernos neoliberales y sus agendas adscriben: el poder y el saber son vertidos por el hombre.<\/p>\n<p>Por su parte, la Gobernadora de la Provincia de Buenos Aires, Mar\u00eda Eugenia Vidal, tambi\u00e9n aprovech\u00f3 la coyuntura para hablar al respecto en sus cuenta de Twitter: \u201c<a href=\"https:\/\/twitter.com\/mariuvidal\/status\/1073007132457472001?ref_src=twsrc%5Etfw%7Ctwcamp%5Etweetembed%7Ctwterm%5E1073007132457472001&amp;ref_url=https%3A%2F%2Finfocielo.com%2Fnota%2F99443%2Fvidal_sobre_la_denuncia_de_violacion_contra_darthes_no_tenemos_por_que_s\" target=\"_blank\" rel=\"noopener\">Desde el Estado estamos acompa\u00f1ando para que las mujeres no est\u00e9n solas. Tenemos la aplicaci\u00f3n Seguridad Provincia para que las v\u00edctimas de violencia puedan hacer denuncias an\u00f3nimas y sin ir a la comisar\u00eda, y la l\u00ednea 144\u201d.<\/a><\/p>\n<p><img loading=\"lazy\" decoding=\"async\" class=\"aligncenter size-full wp-image-108970\" src=\"https:\/\/www.anred.org\/wp-content\/uploads\/2019\/01\/TAPA-2-6.jpg\" sizes=\"auto, (max-width: 658px) 100vw, 658px\" srcset=\"https:\/\/www.anred.org\/wp-content\/uploads\/2019\/01\/TAPA-2-6.jpg 658w, https:\/\/www.anred.org\/wp-content\/uploads\/2019\/01\/TAPA-2-6-510x313.jpg 510w\" alt=\"\" width=\"658\" height=\"404\" \/><\/p>\n<p>Ante esta inclusi\u00f3n en la econom\u00eda discursiva oficialista de los temas de g\u00e9nero,\u00a0<strong>\u00bfpor qu\u00e9 un gobierno de derecha, neoliberal, busca apropiarse de demandas del feminismo? \u00bfAnte qu\u00e9 operaciones de construcci\u00f3n de sentido nos enfrentamos?<\/strong>\u00a0\u00bfEstamos ante un cambio de rumbo en las pol\u00edticas p\u00fablicas de un gobierno que desfinanci\u00f3 a\u00f1o a a\u00f1o todo tipo de programas para combatir y erradicar las violencias hacia las mujeres, o estamos ante una nueva adaptaci\u00f3n del relato hegem\u00f3nico para engordar el sentido com\u00fan, haci\u00e9ndose eco de ciertas demandas pero no atacando las l\u00f3gicas fundantes del sistema opresivo?<\/p>\n<p>Como sostiene\u00a0<strong>Michel Foucault<\/strong>, siempre que hay poder, hay resistencia. Ante la irrupci\u00f3n de les feminismos como sujetxs que vienen a repolitizar una escena despolitizada por el poder y las elites, \u00bfc\u00f3mo la derecha dominante busca nutrirse de estas resistencias para hacerla funcional al poder?<\/p>\n<p><strong>\u00bfPor qu\u00e9 Cambiemos levanta esta bandera ahora?<\/strong><\/p>\n<p>En principio, porque le conviene. Anteriormente,\u00a0<a href=\"http:\/\/corriendolavoz.com.ar\/el-discurso-del-macrismo-entre-la-individualizacion-y-el-vos\/\" target=\"_blank\" rel=\"noopener\">en CLV le\u00edste un muy buen an\u00e1lisis sobre c\u00f3mo Cambiemos va de la individualizaci\u00f3n al \u2018vos\u2019<\/a>. Todes sabemos que el relato macrista se construye mediante encuestas, focus group y big data. Para quienes perge\u00f1an el rumbo de la coalici\u00f3n, hoy se asiste a una nueva preeminencia de las pol\u00edticas de la reputaci\u00f3n, donde les pol\u00edtiques se vuelven, sobre todo, superficies. Seres mirades, calificades y rankeades en el espect\u00e1culo del mundo.<\/p>\n<p>Los discursos no son ni neutros ni transparentes, todo el tiempo est\u00e1n siendo puestos en juego y tensionando sentidos desde posiciones asim\u00e9tricas de poder, en determinado momento y bajo determinadas condiciones hist\u00f3ricas. Posterior al\u00a0<strong>G-20<\/strong>, las palabras de<strong>\u00a0Mauricio Macri<\/strong>, acerca de su esposa\u00a0<strong>Juliana Awada<\/strong>, son gr\u00e1ficas:\u00a0<em>\u201cLas mujeres estaban encantadas. La mujer tiene un rol fundamental en la familia, en la vida de los l\u00edderes\u201d<\/em>. Y remat\u00f3, en\u00a0<a href=\"https:\/\/www.youtube.com\/watch?v=LQ4FkXTQ2yo\">TN<\/a>, cu\u00e1l es el rol en su vida:\u00a0<em>\u201cNo en lo que hago y las decisiones que tomo, sino justamente en mi estado de \u00e1nimo\u201d<\/em>. La derecha conservadora no se permite pensar a las mujeres por fuera del orden familiarista de los mandatos tradicionales: esposas, madres.<\/p>\n<p>En 2018 donde salieron a flor de piel un conjunto de desequilibrios econ\u00f3micos, muchos profundizados o autogenerados por las pol\u00edticas de transferencia de ingresos aplicadas por el gobierno. Seg\u00fan lo informado por el\u00a0<a href=\"https:\/\/drive.google.com\/file\/d\/1Ar8NZBXn3ER6143ywEdYGI9V5C5-qrUY\/view\" target=\"_blank\" rel=\"noopener\">Indec<\/a>\u00a0hace unos d\u00edas, la econom\u00eda Argentina est\u00e1 en recesi\u00f3n y lo estar\u00e1, seg\u00fan el relato oficial, hasta mitad del a\u00f1o que viene. \u00bfQu\u00e9 significa esto? Cuando se hilvanan dos trimestres seguidos con p\u00e9rdida del\u00a0<strong>Producto Nacional (PN)<\/strong>, la econom\u00eda de un pa\u00eds cae en recesi\u00f3n. A la ca\u00edda interanual del 4,2% registrada en el segundo trimestre del a\u00f1o, se le suma la de 3,5% en el tercer trimestre.<\/p>\n<p><strong>La inflaci\u00f3n de 2018 ser\u00e1 mayor de 45%, la m\u00e1s alta desde aquel 84% de 1991, momentos en que la econom\u00eda argentina hab\u00eda virado hacia una convertibilidad que instaur\u00f3 que un peso val\u00eda lo mismo que un d\u00f3lar, y que deriv\u00f3 en la hecatombe econ\u00f3mico-pol\u00edtico-social de inicios de este siglo<\/strong>. Adem\u00e1s,\u00a0<strong>si medimos el acumulado en 3 a\u00f1os de gesti\u00f3n Cambiemos, el n\u00famero de la inflaci\u00f3n asciende a 163%, contra un 121% de incremento de los salarios registrados del sector privado.<\/strong>\u00a0A eso, hay que sumar que el peso se devalu\u00f3 un 100% en lo que va del a\u00f1o, s\u00f3lo superado en el mundo por la moneda venezolana.<\/p>\n<p>El Ministro de Producci\u00f3n y Trabajo,\u00a0<strong>Dante Sica<\/strong>, anunci\u00f3 que para el 2019, las paritarias no deber\u00edan (y no deber\u00e1n, seg\u00fan el prisma neoliberal con que este gobierno ve la realidad) superar la \u2018base\u2019 del 23% previsto como inflaci\u00f3n para el a\u00f1o que viene. A lo sumo, cl\u00e1usula de revisi\u00f3n, que no tiene la obligatoriedad de ejecutarse como la cl\u00e1usula gatillo. Mientras tanto, seg\u00fan datos oficiales del \u00edndice de\u00a0<strong>Remuneraci\u00f3n Imponible Promedio de Trabajadores Registrados (RIPTE)<\/strong>\u00a0que elabora la secretar\u00eda de trabajo, entre enero y octubre de este a\u00f1o, los salarios de la econom\u00eda formal subieron, en promedio, 26,2% contra el 45,9% de inflaci\u00f3n en el mismo per\u00edodo. Es decir, un 19,7% de p\u00e9rdida de salario real acumulado, algo que no se ve\u00eda desde 2002, cuando la ca\u00edda fue del 20%.<\/p>\n<p>Con una desocupaci\u00f3n en ascenso (<a href=\"https:\/\/www.indec.gov.ar\/uploads\/informesdeprensa\/mercado_trabajo_eph_3trim18.pdf\" target=\"_blank\" rel=\"noopener\">el a\u00f1o cierra con un d\u00edgito: 9%<\/a>), el dato de que por cada puesto formal\/registrado que se perdi\u00f3 en el per\u00edodo septiembre 2017-octubre 2018, se crearon cinco en negro.\u00a0 Ni hablar de les jubilades, que tras la modificaci\u00f3n de la movilidad jubilatoria avalada por la fracci\u00f3n del bloque de poder que representa en Congreso los intereses del capital local del \u00edndice y que la va de opositor (deber\u00eda ser llamado\u00a0<em>opooficialismo<\/em>), son el material de descarte. Seg\u00fan el informe\u00a0<a href=\"http:\/\/www.bcra.gob.ar\/Pdfs\/PublicacionesEstadisticas\/REM181031%20Resultados%20web.pdf\" target=\"_blank\" rel=\"noopener\">Resultados del Relevamiento de Expectativas de Mercado (REM)<\/a>\u00a0publicado a principios de noviembre por el Banco Central, en el a\u00f1o las jubilaciones se incrementaron un 28,47%, contra la inflaci\u00f3n, lo que implicar\u00eda, posiblemente, entre un 15 a un 20% de ca\u00edda real.<\/p>\n<p>Si nos regimos por los datos oficiales del Ministerio de Hacienda,\u00a0<a href=\"http:\/\/www.minfinanzas.gob.ar\/documentos\/Presentacion_Grafica_Deuda_31-12-2015.pdf\" target=\"_blank\" rel=\"noopener\">la deuda p\u00fablica a fines de 2015 era de u$s 240 mil millones, un 53,6\u00a0% del Producto Bruto Interno (PBI)<\/a>. El \u00faltimo dato oficial, del segundo trimestre de 2018,\u00a0<a href=\"https:\/\/www.argentina.gob.ar\/sites\/default\/files\/presentacion_grafica_de_la_deuda_30-06-2018_2.pdf\" target=\"_blank\" rel=\"noopener\">muestra que la deuda trep\u00f3 al 77,4\u00a0% del PBI y un monto total de u$s 327 mil millones<\/a>.<\/p>\n<p>Con estos n\u00fameros, c\u00f3mo pod\u00e9s hablarle a una sociedad en t\u00e9rminos de futuro, cuando casi la mitad de les ni\u00f1es y adolescentes que en un lustro o menos se insertar\u00e1n al mercado laboral, son pobres seg\u00fan un\u00a0<a href=\"https:\/\/www.unicef.org\/argentina\/sites\/unicef.org.argentina\/files\/2018-12\/PobrezaYPrivaciones_WEB.pdf\">informe de UNICEF<\/a>. El documento no s\u00f3lo se refiere a los aspectos econ\u00f3micos, sino a derechos b\u00e1sicos para el bienestar, como la educaci\u00f3n, protecci\u00f3n social, vivienda adecuada, saneamiento b\u00e1sico, acceso al agua segura y un h\u00e1bitat. Adem\u00e1s, seg\u00fan lo estimado por\u00a0<strong>El Observatorio de la Deuda Social de la Universidad Cat\u00f3lica Argentina (UCA)<\/strong>,<strong>\u00a013.2 millones de personas se encuentran bajo la l\u00ednea de pobreza (33,6% de la poblaci\u00f3n) o bien, viven en la condici\u00f3n de indigencia (6,1%).<\/strong>\u00a0Vale recordar que, el mismo observatorio hab\u00eda estimado que, tras la salida en 2015 del gobierno Kirchnerista, la pobreza era del 29,7% y la indigencia, del 5,7%.<\/p>\n<p>Como se ve, a medida que se van apilando n\u00fameros desastroso, y tomando como antesala las elecciones venideras, la derecha dominante busca producir e instalar en las subjetividades, una realidad tomada como verdadera, donde la recesi\u00f3n sea vista como inevitable, al igual que la transferencia de recursos del sector trabajo al sector capital y legitimar la frase del Ministro de Hacienda,<strong>\u00a0Nicol\u00e1s Dujovne<\/strong>:<em>\u00a0\u201cEn la Argentina nunca se hizo un ajuste de esta magnitud sin que caiga el Gobierno\u201d<\/em>. As\u00ed, una semana es el protocolo de Bullrich, y otra es ponerse el traje de feminista. Todo suma para modelar subjetividades.<\/p>\n<p><strong>Discursos vs Pol\u00edticas P\u00fablicas<\/strong><\/p>\n<p>En sus 3 a\u00f1os de gobierno, la coalici\u00f3n Cambiemos ha ido disminuyendo, de manera constante, las partidas espec\u00edficas para financiar pol\u00edticas p\u00fablicas de g\u00e9nero. Sin m\u00e1s, de los casi $4 billones que figuran en el\u00a0<a href=\"https:\/\/www.minhacienda.gob.ar\/onp\/documentos\/presutexto\/ley2019\/ley\/ley2019.pdf\" target=\"_blank\" rel=\"noopener\">presupuesto votado por el Congreso para el a\u00f1o 2019<\/a>, solo el 0,13% ser\u00e1 destinado a distintos programas ministeriales que buscan activamente disminuir las brechas de g\u00e9nero que hay en Argentina. Asimismo, tomando el total de programas que contienen pol\u00edticas destinadas al \u00e1rea para el a\u00f1o siguiente, y si lo comparamos con el presupuesto de 2018, se verifica una ca\u00edda en t\u00e9rminos reales de 19,1%. Lean este dato por dem\u00e1s contundente:\u00a0<strong>en 2019,<\/strong>\u00a0<strong>por cada mujer, el Estado Nacional gastar\u00e1 $11,36, menos que el precio de un boleto m\u00ednimo de colectivo en AMBA.<\/strong><\/p>\n<p>Sigamos con el presupuesto de 2019, que todav\u00eda tiene m\u00e1s datos que tirar\u00edan por la borda la idea de un Gobierno macrista con perspectiva de g\u00e9nero, lo que motiv\u00f3\u00a0<a href=\"http:\/\/www.parlamentario.com\/db\/000\/000692_carta_sobre_presupuesto_2019.pdf\" target=\"_blank\" rel=\"noopener\">un reclamo formulado distintas organizaciones que trabajan la tem\u00e1tica de g\u00e9nero<\/a>. En un acto del 8 marzo de 2018, la\u00a0<strong>Directora del Instituto Nacional de las Mujeres (INAM)<\/strong>presentaba a Mauricio Macri como \u201c<em>el feminista menos pensado<\/em>\u201d. Justamente,\u00a0<strong>para 2019, el Instituto tendr\u00e1 un presupuesto de $234 millones, aproximadamente $23 millones m\u00e1s de lo que recibi\u00f3 en 2018. Esa plata ser\u00eda, en t\u00e9rminos nominales, un aumento del 10,78%, pero si agregamos el promedio de la inflaci\u00f3n empleado por el propio Ejecutivo para elaborar el presupuesto (34,8%), el INAM perder\u00eda, en t\u00e9rminos reales, alrededor de 17,8% de presupuesto<\/strong>. Seg\u00fan\u00a0<a href=\"http:\/\/www.ela.org.ar\/a2\/objetos\/adjunto.cfm?codcontenido=3314&amp;codcampo=20&amp;aplicacion=app187&amp;cnl=15&amp;opc=49\" target=\"_blank\" rel=\"noopener\">el an\u00e1lisis comparativo que realiz\u00f3 el Equipo Latinoamericano de Justicia y G\u00e9nero (ELA)<\/a>, mientras el presupuesto para el INAM en 2018 representaba el 0,006% del presupuesto nacional total, para 2019 representa un 0,00005%.<\/p>\n<p>Recientemente, se aprob\u00f3 en sesiones extraordinarias del Congreso la\u00a0<strong>\u2018Ley Micaela\u2019<\/strong>, que lleva el nombre de la\u00a0<a href=\"http:\/\/corriendolavoz.com.ar\/tag\/micaela-garcia\/\" target=\"_blank\" rel=\"noopener\">joven entrerriana Micaela Garc\u00eda<\/a>, asesinada en abril de 2017 y\u00a0<a href=\"http:\/\/corriendolavoz.com.ar\/por-mica-por-todas-las-que-no-estan-y-para-que-no-falte-ninguna-mas\/\" target=\"_blank\" rel=\"noopener\">vuelta a ser asesinada varias veces m\u00e1s por una justicia machista y patriarcal<\/a>. En ella, se obliga a todes les funcionaries p\u00fablicos que componen los tres poder del Estado (poderes Ejecutivo, Legislativo y Judicial) a recibir formaci\u00f3n y capacitaci\u00f3n en perspectiva de g\u00e9nero, que estar\u00e1 a cargo del Ministerio de Modernizaci\u00f3n y del Instituto Nacional de Mujeres. A\u00fan no se conoce si habr\u00e1 una partida extra para el INAM, o si deber\u00e1 afrontarlo con el presupuesto antes descrito.<\/p>\n<p>Adem\u00e1s, las\u00a0<strong>l\u00edneas 137<\/strong>\u00a0(atenci\u00f3n a v\u00edctimas de violencia familiar) y\u00a0<strong>0800\u2013222\u20131717<\/strong>\u00a0(contra el Abuso Sexual Infantil), ambas dependientes del Ministerio de Justicia de la Naci\u00f3n, contar\u00e1n con un 24% menos en t\u00e9rminos reales, respecto de 2018. Mientras que, lo destinado a la implementaci\u00f3n del\u00a0<strong>Plan Nacional de Acci\u00f3n contra las Violencias<\/strong>\u00a0tendr\u00e1 una reducci\u00f3n presupuestaria del 55%, en t\u00e9rminos reales.<\/p>\n<p>En la Provincia de Buenos Aires, tambi\u00e9n hay una distancia entre lo medi\u00e1tico y lo concreto. Desde el a\u00f1o 2016, con la gesti\u00f3n de la\u00a0<strong>gobernadora Vidal se inici\u00f3 un proceso de precarizaci\u00f3n laboral dentro de la l\u00ednea 144<\/strong>. La l\u00ednea est\u00e1 formada por un equipo interdisciplinario. Hay compa\u00f1eras psic\u00f3logas, abogadas, comunicadoras, soci\u00f3logas, trabajadoras sociales seleccionadas por su experiencia en el tema. Por un lado, la Secretar\u00eda terceriz\u00f3 la atenci\u00f3n telef\u00f3nica a trav\u00e9s de\u00a0<em>Provincia Net<\/em>, una empresa del Banco Provincia que se hace cargo de brindar los insumos para la puesta en marcha de la l\u00ednea, al tiempo que contrata a quienes la atienden a trav\u00e9s de contratos aut\u00f3nomos e inscriptas como empleadas de comercio.<\/p>\n<p><strong>Cintia Nucifora<\/strong>, delegada de\u00a0<strong>ATE<\/strong>\u00a0en la l\u00ednea 144, en di\u00e1logo con\u00a0<em>Radio Sur 88.3<\/em>, fue clara cuando le preguntaron por los dichos de Vidal:\u00a0<em>\u201cNo tenemos di\u00e1logo con Vidal. Hay un compa\u00f1era que sigue despedida, en mayo nos despidieron cinco compa\u00f1eras por luchar por la estatizaci\u00f3n de la l\u00ednea. Con toda la solidaridad entre compa\u00f1eras logramos reincorporarlas pero nos queda una por la que todav\u00eda no tuvimos respuesta. Y las chicas que fueron reincorporadas, no fueron reincorporadas a la l\u00ednea. Por eso pongo en duda el compromiso de lo que se est\u00e1 planteando\u201d<\/em>. Les trabajadores de la l\u00ednea hab\u00edan sido despedides por participar en medidas de fuerza, sufrieron sanciones y descuentos salariales, de parte del gobierno provincial.<\/p>\n<p><a href=\"http:\/\/www.dpn.gob.ar\/documentos\/20180814_31445_557403.pdf\" target=\"_blank\" rel=\"noopener\">Seg\u00fan un informe del Observatorio de Femicidios del Defensor del Pueblo de la Naci\u00f3n<\/a>, entre el 1 de enero y el 30 de junio de 2018, hubo 139 v\u00edctimas de femicidios, siendo la provincia de Buenos Aires la que lidera los n\u00fameros, con 42. Adem\u00e1s, Mar\u00eda Eugenia Vidal desarticul\u00f3 y quit\u00f3 presupuesto a varios programas relacionados con la tem\u00e1tica de g\u00e9nero. Adem\u00e1s,\u00a0desvincul\u00f3\u00a0<strong>Estela S\u00e1nchez<\/strong>, responsable del Programa de Salud Sexual y Reproductiva de la Regi\u00f3n V, una zona que trabaja sobre una poblaci\u00f3n de 845 mil mujeres en edad f\u00e9rtil.<\/p>\n<p><strong>Lo personal es pol\u00edtico<\/strong><\/p>\n<p>En momentos donde el poder y las elites necesitan que se instale en el sentido com\u00fan una visi\u00f3n cr\u00edtica de la pol\u00edtica tradicional, se torna necesario repolitizar la escena. Y hoy en d\u00eda, nadie expresa mejor esta lucha que el feminismo, porque act\u00faa como una resistencia que disputa sentidos a esa visi\u00f3n despolitizadora de lo cotidiano que busca el poder. Y est\u00e1 m\u00e1s que claro que, quien se considere candidatx presidenciable para 2019, deber\u00e1 incluir en su agenda la perspectiva de g\u00e9nero.<\/p>\n<p>En su libro \u201cLa guerra contra las mujeres\u201d, la antrop\u00f3loga Rita Segato afirma que el Estado es siempre patriarcal, y pese a su capacidad de captura, no puede secuestrar las luchas feministas por entero, ni monopolizar la pol\u00edtica. Como bien dijo en una\u00a0<a href=\"https:\/\/www.pagina12.com.ar\/162518-el-problema-de-la-violencia-sexual-es-politico-no-moral\" target=\"_blank\" rel=\"noopener\">entrevista a P\u00e1gina 12<\/a>, \u201cEl problema de la violencia sexual es pol\u00edtico, no moral\u201d. Y las mujeres est\u00e1n descubriendo su capacidad pol\u00edtica para disputar sentidos para primero deconstruir esas pedagog\u00edas de la crueldad, y luego, construir una contra-pedagog\u00eda.<\/p>\n<p>&nbsp;<\/p>\n<p>&nbsp;<\/p>\n<p>&nbsp;<\/p>\n<p>Fuente: <a href=\"https:\/\/www.anred.org\/?p=108969\">Anred<\/a><\/p>\n","protected":false},"excerpt":{"rendered":"<p>\u201cEl presidente Mauricio Macri lanzaba, un par de d\u00edas despu\u00e9s de la irrupci\u00f3n potente de la denuncia de Thelma Fard\u00edn ante Juan Darth\u00e9s, el\u00a0Plan de Igualdad de Oportunidades y Derechos\u00a0(PIOD 2018-2020), a trav\u00e9s del cual el gobierno impulsar\u00e1 un conjunto de pol\u00edticas p\u00fablicas \u2013 muy poco claras \u2013 para\u00a0promover y\u00a0garantizar la igualdad de g\u00e9nero. Paradojalmente, [&hellip;]<\/p>\n","protected":false},"author":3,"featured_media":30582,"comment_status":"closed","ping_status":"closed","sticky":false,"template":"","format":"standard","meta":{"iawp_total_views":4,"footnotes":""},"categories":[4],"tags":[26,34,130,44],"class_list":["post-30580","post","type-post","status-publish","format-standard","has-post-thumbnail","hentry","category-medios","tag-feminismo","tag-machismo","tag-mujeres","tag-politica"],"nelio_content":{"autoShareEndMode":"never","automationSources":{"useCustomSentences":false,"customSentences":[]},"efiAlt":"","efiUrl":"","followers":[1,3],"highlights":[],"isAutoShareEnabled":true,"networkImageIds":[],"permalinkQueryArgs":[],"series":[],"suggestedReferences":[]},"yoast_head":"<!-- This site is optimized with the Yoast SEO plugin v27.5 - https:\/\/yoast.com\/product\/yoast-seo-wordpress\/ -->\n<title>El feminismo (medi\u00e1tico) de Cambiemos - Diario Digital Femenino<\/title>\n<meta name=\"robots\" content=\"index, follow, max-snippet:-1, max-image-preview:large, max-video-preview:-1\" \/>\n<link rel=\"canonical\" href=\"https:\/\/diariofemenino.com.ar\/df\/el-feminismo-mediatico-de-cambiemos\/\" \/>\n<meta property=\"og:locale\" content=\"es_ES\" \/>\n<meta property=\"og:type\" content=\"article\" \/>\n<meta property=\"og:title\" content=\"El feminismo (medi\u00e1tico) de Cambiemos - Diario Digital Femenino\" \/>\n<meta property=\"og:description\" content=\"\u201cEl presidente Mauricio Macri lanzaba, un par de d\u00edas despu\u00e9s de la irrupci\u00f3n potente de la denuncia de Thelma Fard\u00edn ante Juan Darth\u00e9s, el\u00a0Plan de Igualdad de Oportunidades y Derechos\u00a0(PIOD 2018-2020), a trav\u00e9s del cual el gobierno impulsar\u00e1 un conjunto de pol\u00edticas p\u00fablicas \u2013 muy poco claras \u2013 para\u00a0promover y\u00a0garantizar la igualdad de g\u00e9nero. Paradojalmente, [&hellip;]\" \/>\n<meta property=\"og:url\" content=\"https:\/\/diariofemenino.com.ar\/df\/el-feminismo-mediatico-de-cambiemos\/\" \/>\n<meta property=\"og:site_name\" content=\"Diario Digital Femenino\" \/>\n<meta property=\"article:publisher\" content=\"https:\/\/www.facebook.com\/DiarioDigitaFemenino\/\" \/>\n<meta property=\"article:published_time\" content=\"2019-01-11T23:53:33+00:00\" \/>\n<meta property=\"og:image\" content=\"https:\/\/diariofemenino.com.ar\/df\/wp-content\/uploads\/2019\/01\/TAPA-15-1.jpg\" \/>\n\t<meta property=\"og:image:width\" content=\"1024\" \/>\n\t<meta property=\"og:image:height\" content=\"576\" \/>\n\t<meta property=\"og:image:type\" content=\"image\/jpeg\" \/>\n<meta name=\"author\" content=\"Admin\" \/>\n<meta name=\"twitter:card\" content=\"summary_large_image\" \/>\n<meta name=\"twitter:creator\" content=\"@DiarioFemenino1\" \/>\n<meta name=\"twitter:site\" content=\"@DiarioFemenino1\" \/>\n<meta name=\"twitter:label1\" content=\"Escrito por\" \/>\n\t<meta name=\"twitter:data1\" content=\"Admin\" \/>\n\t<meta name=\"twitter:label2\" content=\"Tiempo de lectura\" \/>\n\t<meta name=\"twitter:data2\" content=\"13 minutos\" \/>\n<script type=\"application\/ld+json\" class=\"yoast-schema-graph\">{\"@context\":\"https:\\\/\\\/schema.org\",\"@graph\":[{\"@type\":\"Article\",\"@id\":\"https:\\\/\\\/diariofemenino.com.ar\\\/df\\\/el-feminismo-mediatico-de-cambiemos\\\/#article\",\"isPartOf\":{\"@id\":\"https:\\\/\\\/diariofemenino.com.ar\\\/df\\\/el-feminismo-mediatico-de-cambiemos\\\/\"},\"author\":{\"name\":\"Admin\",\"@id\":\"https:\\\/\\\/diariofemenino.com.ar\\\/df\\\/#\\\/schema\\\/person\\\/1c36bc3bf394d8ec320814298b4fdd3f\"},\"headline\":\"El feminismo (medi\u00e1tico) de Cambiemos\",\"datePublished\":\"2019-01-11T23:53:33+00:00\",\"mainEntityOfPage\":{\"@id\":\"https:\\\/\\\/diariofemenino.com.ar\\\/df\\\/el-feminismo-mediatico-de-cambiemos\\\/\"},\"wordCount\":2623,\"publisher\":{\"@id\":\"https:\\\/\\\/diariofemenino.com.ar\\\/df\\\/#organization\"},\"image\":{\"@id\":\"https:\\\/\\\/diariofemenino.com.ar\\\/df\\\/el-feminismo-mediatico-de-cambiemos\\\/#primaryimage\"},\"thumbnailUrl\":\"https:\\\/\\\/diariofemenino.com.ar\\\/df\\\/wp-content\\\/uploads\\\/2019\\\/01\\\/TAPA-15-1.jpg\",\"keywords\":[\"Feminismo\",\"Machismo\",\"Mujeres\",\"Pol\u00edtica\"],\"articleSection\":[\"Medios\"],\"inLanguage\":\"es\"},{\"@type\":\"WebPage\",\"@id\":\"https:\\\/\\\/diariofemenino.com.ar\\\/df\\\/el-feminismo-mediatico-de-cambiemos\\\/\",\"url\":\"https:\\\/\\\/diariofemenino.com.ar\\\/df\\\/el-feminismo-mediatico-de-cambiemos\\\/\",\"name\":\"El feminismo (medi\u00e1tico) de Cambiemos - Diario Digital Femenino\",\"isPartOf\":{\"@id\":\"https:\\\/\\\/diariofemenino.com.ar\\\/df\\\/#website\"},\"primaryImageOfPage\":{\"@id\":\"https:\\\/\\\/diariofemenino.com.ar\\\/df\\\/el-feminismo-mediatico-de-cambiemos\\\/#primaryimage\"},\"image\":{\"@id\":\"https:\\\/\\\/diariofemenino.com.ar\\\/df\\\/el-feminismo-mediatico-de-cambiemos\\\/#primaryimage\"},\"thumbnailUrl\":\"https:\\\/\\\/diariofemenino.com.ar\\\/df\\\/wp-content\\\/uploads\\\/2019\\\/01\\\/TAPA-15-1.jpg\",\"datePublished\":\"2019-01-11T23:53:33+00:00\",\"breadcrumb\":{\"@id\":\"https:\\\/\\\/diariofemenino.com.ar\\\/df\\\/el-feminismo-mediatico-de-cambiemos\\\/#breadcrumb\"},\"inLanguage\":\"es\",\"potentialAction\":[{\"@type\":\"ReadAction\",\"target\":[\"https:\\\/\\\/diariofemenino.com.ar\\\/df\\\/el-feminismo-mediatico-de-cambiemos\\\/\"]}]},{\"@type\":\"ImageObject\",\"inLanguage\":\"es\",\"@id\":\"https:\\\/\\\/diariofemenino.com.ar\\\/df\\\/el-feminismo-mediatico-de-cambiemos\\\/#primaryimage\",\"url\":\"https:\\\/\\\/diariofemenino.com.ar\\\/df\\\/wp-content\\\/uploads\\\/2019\\\/01\\\/TAPA-15-1.jpg\",\"contentUrl\":\"https:\\\/\\\/diariofemenino.com.ar\\\/df\\\/wp-content\\\/uploads\\\/2019\\\/01\\\/TAPA-15-1.jpg\",\"width\":1024,\"height\":576},{\"@type\":\"BreadcrumbList\",\"@id\":\"https:\\\/\\\/diariofemenino.com.ar\\\/df\\\/el-feminismo-mediatico-de-cambiemos\\\/#breadcrumb\",\"itemListElement\":[{\"@type\":\"ListItem\",\"position\":1,\"name\":\"Portada\",\"item\":\"https:\\\/\\\/diariofemenino.com.ar\\\/df\\\/\"},{\"@type\":\"ListItem\",\"position\":2,\"name\":\"El feminismo (medi\u00e1tico) de Cambiemos\"}]},{\"@type\":\"WebSite\",\"@id\":\"https:\\\/\\\/diariofemenino.com.ar\\\/df\\\/#website\",\"url\":\"https:\\\/\\\/diariofemenino.com.ar\\\/df\\\/\",\"name\":\"Diario Digital Femenino\",\"description\":\"Cuesti\u00f3n de G\u00e9nero\",\"publisher\":{\"@id\":\"https:\\\/\\\/diariofemenino.com.ar\\\/df\\\/#organization\"},\"potentialAction\":[{\"@type\":\"SearchAction\",\"target\":{\"@type\":\"EntryPoint\",\"urlTemplate\":\"https:\\\/\\\/diariofemenino.com.ar\\\/df\\\/?s={search_term_string}\"},\"query-input\":{\"@type\":\"PropertyValueSpecification\",\"valueRequired\":true,\"valueName\":\"search_term_string\"}}],\"inLanguage\":\"es\"},{\"@type\":\"Organization\",\"@id\":\"https:\\\/\\\/diariofemenino.com.ar\\\/df\\\/#organization\",\"name\":\"Diario Femenino\",\"url\":\"https:\\\/\\\/diariofemenino.com.ar\\\/df\\\/\",\"logo\":{\"@type\":\"ImageObject\",\"inLanguage\":\"es\",\"@id\":\"https:\\\/\\\/diariofemenino.com.ar\\\/df\\\/#\\\/schema\\\/logo\\\/image\\\/\",\"url\":\"https:\\\/\\\/diariofemenino.com.ar\\\/df\\\/wp-content\\\/uploads\\\/2018\\\/10\\\/logo.png\",\"contentUrl\":\"https:\\\/\\\/diariofemenino.com.ar\\\/df\\\/wp-content\\\/uploads\\\/2018\\\/10\\\/logo.png\",\"width\":500,\"height\":92,\"caption\":\"Diario Femenino\"},\"image\":{\"@id\":\"https:\\\/\\\/diariofemenino.com.ar\\\/df\\\/#\\\/schema\\\/logo\\\/image\\\/\"},\"sameAs\":[\"https:\\\/\\\/www.facebook.com\\\/DiarioDigitaFemenino\\\/\",\"https:\\\/\\\/x.com\\\/DiarioFemenino1\"]},{\"@type\":\"Person\",\"@id\":\"https:\\\/\\\/diariofemenino.com.ar\\\/df\\\/#\\\/schema\\\/person\\\/1c36bc3bf394d8ec320814298b4fdd3f\",\"name\":\"Admin\",\"image\":{\"@type\":\"ImageObject\",\"inLanguage\":\"es\",\"@id\":\"https:\\\/\\\/diariofemenino.com.ar\\\/df\\\/wp-content\\\/uploads\\\/2018\\\/12\\\/favicon-150x150.jpg\",\"url\":\"https:\\\/\\\/diariofemenino.com.ar\\\/df\\\/wp-content\\\/uploads\\\/2018\\\/12\\\/favicon-150x150.jpg\",\"contentUrl\":\"https:\\\/\\\/diariofemenino.com.ar\\\/df\\\/wp-content\\\/uploads\\\/2018\\\/12\\\/favicon-150x150.jpg\",\"caption\":\"Admin\"},\"url\":\"https:\\\/\\\/diariofemenino.com.ar\\\/df\\\/author\\\/sofiperez\\\/\"}]}<\/script>\n<!-- \/ Yoast SEO plugin. -->","yoast_head_json":{"title":"El feminismo (medi\u00e1tico) de Cambiemos - Diario Digital Femenino","robots":{"index":"index","follow":"follow","max-snippet":"max-snippet:-1","max-image-preview":"max-image-preview:large","max-video-preview":"max-video-preview:-1"},"canonical":"https:\/\/diariofemenino.com.ar\/df\/el-feminismo-mediatico-de-cambiemos\/","og_locale":"es_ES","og_type":"article","og_title":"El feminismo (medi\u00e1tico) de Cambiemos - Diario Digital Femenino","og_description":"\u201cEl presidente Mauricio Macri lanzaba, un par de d\u00edas despu\u00e9s de la irrupci\u00f3n potente de la denuncia de Thelma Fard\u00edn ante Juan Darth\u00e9s, el\u00a0Plan de Igualdad de Oportunidades y Derechos\u00a0(PIOD 2018-2020), a trav\u00e9s del cual el gobierno impulsar\u00e1 un conjunto de pol\u00edticas p\u00fablicas \u2013 muy poco claras \u2013 para\u00a0promover y\u00a0garantizar la igualdad de g\u00e9nero. Paradojalmente, [&hellip;]","og_url":"https:\/\/diariofemenino.com.ar\/df\/el-feminismo-mediatico-de-cambiemos\/","og_site_name":"Diario Digital Femenino","article_publisher":"https:\/\/www.facebook.com\/DiarioDigitaFemenino\/","article_published_time":"2019-01-11T23:53:33+00:00","og_image":[{"width":1024,"height":576,"url":"https:\/\/diariofemenino.com.ar\/df\/wp-content\/uploads\/2019\/01\/TAPA-15-1.jpg","type":"image\/jpeg"}],"author":"Admin","twitter_card":"summary_large_image","twitter_creator":"@DiarioFemenino1","twitter_site":"@DiarioFemenino1","twitter_misc":{"Escrito por":"Admin","Tiempo de lectura":"13 minutos"},"schema":{"@context":"https:\/\/schema.org","@graph":[{"@type":"Article","@id":"https:\/\/diariofemenino.com.ar\/df\/el-feminismo-mediatico-de-cambiemos\/#article","isPartOf":{"@id":"https:\/\/diariofemenino.com.ar\/df\/el-feminismo-mediatico-de-cambiemos\/"},"author":{"name":"Admin","@id":"https:\/\/diariofemenino.com.ar\/df\/#\/schema\/person\/1c36bc3bf394d8ec320814298b4fdd3f"},"headline":"El feminismo (medi\u00e1tico) de Cambiemos","datePublished":"2019-01-11T23:53:33+00:00","mainEntityOfPage":{"@id":"https:\/\/diariofemenino.com.ar\/df\/el-feminismo-mediatico-de-cambiemos\/"},"wordCount":2623,"publisher":{"@id":"https:\/\/diariofemenino.com.ar\/df\/#organization"},"image":{"@id":"https:\/\/diariofemenino.com.ar\/df\/el-feminismo-mediatico-de-cambiemos\/#primaryimage"},"thumbnailUrl":"https:\/\/diariofemenino.com.ar\/df\/wp-content\/uploads\/2019\/01\/TAPA-15-1.jpg","keywords":["Feminismo","Machismo","Mujeres","Pol\u00edtica"],"articleSection":["Medios"],"inLanguage":"es"},{"@type":"WebPage","@id":"https:\/\/diariofemenino.com.ar\/df\/el-feminismo-mediatico-de-cambiemos\/","url":"https:\/\/diariofemenino.com.ar\/df\/el-feminismo-mediatico-de-cambiemos\/","name":"El feminismo (medi\u00e1tico) de Cambiemos - Diario Digital Femenino","isPartOf":{"@id":"https:\/\/diariofemenino.com.ar\/df\/#website"},"primaryImageOfPage":{"@id":"https:\/\/diariofemenino.com.ar\/df\/el-feminismo-mediatico-de-cambiemos\/#primaryimage"},"image":{"@id":"https:\/\/diariofemenino.com.ar\/df\/el-feminismo-mediatico-de-cambiemos\/#primaryimage"},"thumbnailUrl":"https:\/\/diariofemenino.com.ar\/df\/wp-content\/uploads\/2019\/01\/TAPA-15-1.jpg","datePublished":"2019-01-11T23:53:33+00:00","breadcrumb":{"@id":"https:\/\/diariofemenino.com.ar\/df\/el-feminismo-mediatico-de-cambiemos\/#breadcrumb"},"inLanguage":"es","potentialAction":[{"@type":"ReadAction","target":["https:\/\/diariofemenino.com.ar\/df\/el-feminismo-mediatico-de-cambiemos\/"]}]},{"@type":"ImageObject","inLanguage":"es","@id":"https:\/\/diariofemenino.com.ar\/df\/el-feminismo-mediatico-de-cambiemos\/#primaryimage","url":"https:\/\/diariofemenino.com.ar\/df\/wp-content\/uploads\/2019\/01\/TAPA-15-1.jpg","contentUrl":"https:\/\/diariofemenino.com.ar\/df\/wp-content\/uploads\/2019\/01\/TAPA-15-1.jpg","width":1024,"height":576},{"@type":"BreadcrumbList","@id":"https:\/\/diariofemenino.com.ar\/df\/el-feminismo-mediatico-de-cambiemos\/#breadcrumb","itemListElement":[{"@type":"ListItem","position":1,"name":"Portada","item":"https:\/\/diariofemenino.com.ar\/df\/"},{"@type":"ListItem","position":2,"name":"El feminismo (medi\u00e1tico) de Cambiemos"}]},{"@type":"WebSite","@id":"https:\/\/diariofemenino.com.ar\/df\/#website","url":"https:\/\/diariofemenino.com.ar\/df\/","name":"Diario Digital Femenino","description":"Cuesti\u00f3n de G\u00e9nero","publisher":{"@id":"https:\/\/diariofemenino.com.ar\/df\/#organization"},"potentialAction":[{"@type":"SearchAction","target":{"@type":"EntryPoint","urlTemplate":"https:\/\/diariofemenino.com.ar\/df\/?s={search_term_string}"},"query-input":{"@type":"PropertyValueSpecification","valueRequired":true,"valueName":"search_term_string"}}],"inLanguage":"es"},{"@type":"Organization","@id":"https:\/\/diariofemenino.com.ar\/df\/#organization","name":"Diario Femenino","url":"https:\/\/diariofemenino.com.ar\/df\/","logo":{"@type":"ImageObject","inLanguage":"es","@id":"https:\/\/diariofemenino.com.ar\/df\/#\/schema\/logo\/image\/","url":"https:\/\/diariofemenino.com.ar\/df\/wp-content\/uploads\/2018\/10\/logo.png","contentUrl":"https:\/\/diariofemenino.com.ar\/df\/wp-content\/uploads\/2018\/10\/logo.png","width":500,"height":92,"caption":"Diario Femenino"},"image":{"@id":"https:\/\/diariofemenino.com.ar\/df\/#\/schema\/logo\/image\/"},"sameAs":["https:\/\/www.facebook.com\/DiarioDigitaFemenino\/","https:\/\/x.com\/DiarioFemenino1"]},{"@type":"Person","@id":"https:\/\/diariofemenino.com.ar\/df\/#\/schema\/person\/1c36bc3bf394d8ec320814298b4fdd3f","name":"Admin","image":{"@type":"ImageObject","inLanguage":"es","@id":"https:\/\/diariofemenino.com.ar\/df\/wp-content\/uploads\/2018\/12\/favicon-150x150.jpg","url":"https:\/\/diariofemenino.com.ar\/df\/wp-content\/uploads\/2018\/12\/favicon-150x150.jpg","contentUrl":"https:\/\/diariofemenino.com.ar\/df\/wp-content\/uploads\/2018\/12\/favicon-150x150.jpg","caption":"Admin"},"url":"https:\/\/diariofemenino.com.ar\/df\/author\/sofiperez\/"}]}},"jetpack_featured_media_url":"https:\/\/diariofemenino.com.ar\/df\/wp-content\/uploads\/2019\/01\/TAPA-15-1.jpg","jetpack_sharing_enabled":true,"rttpg_featured_image_url":{"full":["https:\/\/diariofemenino.com.ar\/df\/wp-content\/uploads\/2019\/01\/TAPA-15-1.jpg",1024,576,false],"landscape":["https:\/\/diariofemenino.com.ar\/df\/wp-content\/uploads\/2019\/01\/TAPA-15-1.jpg",1024,576,false],"portraits":["https:\/\/diariofemenino.com.ar\/df\/wp-content\/uploads\/2019\/01\/TAPA-15-1.jpg",1024,576,false],"thumbnail":["https:\/\/diariofemenino.com.ar\/df\/wp-content\/uploads\/2019\/01\/TAPA-15-1-150x150.jpg",150,150,true],"medium":["https:\/\/diariofemenino.com.ar\/df\/wp-content\/uploads\/2019\/01\/TAPA-15-1-300x169.jpg",300,169,true],"large":["https:\/\/diariofemenino.com.ar\/df\/wp-content\/uploads\/2019\/01\/TAPA-15-1-1024x576.jpg",1024,576,true],"1536x1536":["https:\/\/diariofemenino.com.ar\/df\/wp-content\/uploads\/2019\/01\/TAPA-15-1.jpg",1024,576,false],"2048x2048":["https:\/\/diariofemenino.com.ar\/df\/wp-content\/uploads\/2019\/01\/TAPA-15-1.jpg",1024,576,false]},"rttpg_author":{"display_name":"Admin","author_link":"https:\/\/diariofemenino.com.ar\/df\/author\/sofiperez\/"},"rttpg_comment":0,"rttpg_category":"<a href=\"https:\/\/diariofemenino.com.ar\/df\/category\/medios\/\" rel=\"category tag\">Medios<\/a>","rttpg_excerpt":"\u201cEl presidente Mauricio Macri lanzaba, un par de d\u00edas despu\u00e9s de la irrupci\u00f3n potente de la denuncia de Thelma Fard\u00edn ante Juan Darth\u00e9s, el\u00a0Plan de Igualdad de Oportunidades y Derechos\u00a0(PIOD 2018-2020), a trav\u00e9s del cual el gobierno impulsar\u00e1 un conjunto de pol\u00edticas p\u00fablicas \u2013 muy poco claras \u2013 para\u00a0promover y\u00a0garantizar la igualdad de g\u00e9nero. Paradojalmente,&hellip;","_links":{"self":[{"href":"https:\/\/diariofemenino.com.ar\/df\/wp-json\/wp\/v2\/posts\/30580","targetHints":{"allow":["GET"]}}],"collection":[{"href":"https:\/\/diariofemenino.com.ar\/df\/wp-json\/wp\/v2\/posts"}],"about":[{"href":"https:\/\/diariofemenino.com.ar\/df\/wp-json\/wp\/v2\/types\/post"}],"author":[{"embeddable":true,"href":"https:\/\/diariofemenino.com.ar\/df\/wp-json\/wp\/v2\/users\/3"}],"replies":[{"embeddable":true,"href":"https:\/\/diariofemenino.com.ar\/df\/wp-json\/wp\/v2\/comments?post=30580"}],"version-history":[{"count":0,"href":"https:\/\/diariofemenino.com.ar\/df\/wp-json\/wp\/v2\/posts\/30580\/revisions"}],"wp:featuredmedia":[{"embeddable":true,"href":"https:\/\/diariofemenino.com.ar\/df\/wp-json\/wp\/v2\/media\/30582"}],"wp:attachment":[{"href":"https:\/\/diariofemenino.com.ar\/df\/wp-json\/wp\/v2\/media?parent=30580"}],"wp:term":[{"taxonomy":"category","embeddable":true,"href":"https:\/\/diariofemenino.com.ar\/df\/wp-json\/wp\/v2\/categories?post=30580"},{"taxonomy":"post_tag","embeddable":true,"href":"https:\/\/diariofemenino.com.ar\/df\/wp-json\/wp\/v2\/tags?post=30580"}],"curies":[{"name":"wp","href":"https:\/\/api.w.org\/{rel}","templated":true}]}}