{"id":30474,"date":"2019-01-07T13:33:48","date_gmt":"2019-01-07T16:33:48","guid":{"rendered":"http:\/\/diariofemenino.com.ar\/v2\/?p=30474"},"modified":"2019-01-07T13:33:48","modified_gmt":"2019-01-07T16:33:48","slug":"elsa-por-fin-lesbiana-en-frozen-2","status":"publish","type":"post","link":"https:\/\/diariofemenino.com.ar\/df\/elsa-por-fin-lesbiana-en-frozen-2\/","title":{"rendered":"\u00bfElsa por fin lesbiana en Frozen 2?"},"content":{"rendered":"<p>Hay una foto que est\u00e1 circulando\u00a0 \u00faltimamente en Internet, y por supuesto generando mucha pol\u00e9mica. Por un lado generando felicidad, emoci\u00f3n y un sentimiento de que ya era necesario vivir algo as\u00ed.<\/p>\n<p>Por\u00a0<a title=\"Posts by revistamirales\" href=\"http:\/\/www.mirales.es\/author\/revistamirales\/\">REVISTAMIRALES<\/a><\/p>\n<p>Y por otro generando rabia, homofobia, lesbofobia y todo tipo de intolerancias. \u00bfDe qu\u00e9 puede ser la foto?<\/p>\n<p>Nada m\u00e1s y nada menos que Elsa, la hero\u00edna de la famosa Frozen, cas\u00e1ndose con una mujer. Justo ahora que esperamos el estreno de la segunda parte de la pel\u00edcula.<\/p>\n<p>Nosotras claramente pertenecemos al primer bando, y cuando vimos la\u00a0<strong>preciosa imagen de Elsa en una\u00a0<a href=\"http:\/\/www.mirales.es\/una-boda-lesbica-en-llamas-se-vuelve-viral\/\" target=\"_blank\" rel=\"noopener\">boda l\u00e9sbica<\/a>, nos emocionamos.\u00a0<\/strong><\/p>\n<p><strong>\u00bfY es que acaso por fin Elsa ser\u00e1\u00a0<a href=\"http:\/\/www.mirales.es\/pareja-de-pinguinas-lesbianas-pone-su-primer-huevo\/\" target=\"_blank\" rel=\"noopener\">lesbiana<\/a>\u00a0en\u00a0<a href=\"http:\/\/www.mirales.es\/la-primera-princesa-disney-lesbiana-frozen-2\/\" target=\"_blank\" rel=\"noopener\">Frozen 2<\/a>?<\/strong>\u00a0Desde que se estren\u00f3 la pel\u00edcula, sin duda\u00a0<strong>la m\u00e1s exitosa de Disney<\/strong>, se ha especulado sobre la sexualidad de la protagonista. \u00bfY por qu\u00e9? Porque es la \u00fanica que no ha tenido a su famosos \u201cpr\u00edncipe azul\u201d, por los paralelismos con la aceptaci\u00f3n social, con estar \u201cencerrada\u201d en un castillo para ocultar quien era realmente ante la sociedad. Vamos, lo de\u00a0<a href=\"http:\/\/www.mirales.es\/salir-del-armario-lesbiana\/\" target=\"_blank\" rel=\"noopener\"><strong>salir del armario<\/strong><\/a>, \u00bfte suena?<\/p>\n<p>Es tambi\u00e9n la\u00a0<strong><a href=\"http:\/\/www.mirales.es\/las-peliculas-lesbicas-del-lesgaycinemad-2017\/\" target=\"_blank\" rel=\"noopener\">pel\u00edcula m\u00e1s gayfriendly<\/a>\u00a0de la gran compa\u00f1\u00eda Disney<\/strong>\u00a0porque por ejemplo uno de los personajes, Oaken, el dependiente barbudo, es doblado por el actor gay\u00a0<b>Jonathan Groff<\/b>\u00a0y en una de las escenas podemos ver a su familia, compuesta por su esposo y sus hijos.<\/p>\n<p>Y, por \u00faltimo, la canci\u00f3n principal de la pel\u00edcula se convirti\u00f3 en un\u00a0<strong>himno gay<\/strong>\u00a0al hablar de la necesidad de ser libre, de ya no poder retener: \u201c<b>Let it go<\/b>\u201d, que adem\u00e1s gan\u00f3 un Oscar.<\/p>\n<p>Todo esto es bastante contundente, sin duda. Pero lo m\u00e1s importante es la campa\u00f1a a nivel mundial que se desarroll\u00f3 en redes sociales, p<strong>idiendo una novia para Elsa y que por fin Disney nos diera una\u00a0<a href=\"http:\/\/www.mirales.es\/abigail-kawananakoa-la-princesa-lesbiana-hawai\/\" target=\"_blank\" rel=\"noopener\">princesa lesbiana<\/a>.<\/strong>\u00a0<strong><a href=\"http:\/\/www.mirales.es\/la-primera-princesa-disney-lesbiana-frozen-2\/\" target=\"_blank\" rel=\"noopener\">#GiveElsaAGirlfriend<\/a>\u00a0ha sido compartido millones de veces.<\/strong><\/p>\n<p>\u00bfEntonces? \u00bfYa est\u00e1 confirmado que\u00a0<a href=\"http:\/\/ovejarosa.com\/2018-se-estrena-la-primera-pelicula-disney-una-princesa-lesbiana\/\" target=\"_blank\" rel=\"noopener\"><strong>Disney nos dar\u00e1 a nuestra princesa lesbiana<\/strong><\/a>? De momento hemos confirmado que la imagen es falsa, s\u00ed, que desilusi\u00f3n.\u00a0<strong>La imagen corresponde al cortometraje Enredados por siempre, de Pixar, donde se ha sustituido al personaje masculino con uno femenino.\u00a0<\/strong><\/p>\n<p>Y s\u00ed, es falso, es una pena. Pero no perdemos la esperanza porque diversos medios de comunicaci\u00f3n informaron que Thomas O. Staggs, vicepresidente de Disney,\u00a0<strong>habr\u00eda confirmado la primera producci\u00f3n de una princesa lesbiana. \u00a1Y esa idea nos emociona mucho!<\/strong><\/p>\n","protected":false},"excerpt":{"rendered":"<p>Hay una foto que est\u00e1 circulando\u00a0 \u00faltimamente en Internet, y por supuesto generando mucha pol\u00e9mica. Por un lado generando felicidad, emoci\u00f3n y un sentimiento de que ya era necesario vivir algo as\u00ed. Por\u00a0REVISTAMIRALES Y por otro generando rabia, homofobia, lesbofobia y todo tipo de intolerancias. \u00bfDe qu\u00e9 puede ser la foto? Nada m\u00e1s y nada [&hellip;]<\/p>\n","protected":false},"author":1,"featured_media":30475,"comment_status":"closed","ping_status":"closed","sticky":false,"template":"","format":"standard","meta":{"iawp_total_views":25,"footnotes":""},"categories":[2],"tags":[],"class_list":["post-30474","post","type-post","status-publish","format-standard","has-post-thumbnail","hentry","category-sin-categoria"],"nelio_content":{"autoShareEndMode":"never","automationSources":{"useCustomSentences":false,"customSentences":[]},"efiAlt":"","efiUrl":"","followers":[1],"highlights":[],"isAutoShareEnabled":true,"networkImageIds":[],"permalinkQueryArgs":[],"series":[],"suggestedReferences":[]},"yoast_head":"<!-- This site is optimized with the Yoast SEO plugin v27.5 - https:\/\/yoast.com\/product\/yoast-seo-wordpress\/ -->\n<title>\u00bfElsa por fin lesbiana en Frozen 2? - Diario Digital Femenino<\/title>\n<meta name=\"robots\" content=\"index, follow, max-snippet:-1, max-image-preview:large, max-video-preview:-1\" \/>\n<link rel=\"canonical\" href=\"https:\/\/diariofemenino.com.ar\/df\/elsa-por-fin-lesbiana-en-frozen-2\/\" \/>\n<meta property=\"og:locale\" content=\"es_ES\" \/>\n<meta property=\"og:type\" content=\"article\" \/>\n<meta property=\"og:title\" content=\"\u00bfElsa por fin lesbiana en Frozen 2? - Diario Digital Femenino\" \/>\n<meta property=\"og:description\" content=\"Hay una foto que est\u00e1 circulando\u00a0 \u00faltimamente en Internet, y por supuesto generando mucha pol\u00e9mica. Por un lado generando felicidad, emoci\u00f3n y un sentimiento de que ya era necesario vivir algo as\u00ed. Por\u00a0REVISTAMIRALES Y por otro generando rabia, homofobia, lesbofobia y todo tipo de intolerancias. \u00bfDe qu\u00e9 puede ser la foto? Nada m\u00e1s y nada [&hellip;]\" \/>\n<meta property=\"og:url\" content=\"https:\/\/diariofemenino.com.ar\/df\/elsa-por-fin-lesbiana-en-frozen-2\/\" \/>\n<meta property=\"og:site_name\" content=\"Diario Digital Femenino\" \/>\n<meta property=\"article:publisher\" content=\"https:\/\/www.facebook.com\/DiarioDigitaFemenino\/\" \/>\n<meta property=\"article:published_time\" content=\"2019-01-07T16:33:48+00:00\" \/>\n<meta property=\"og:image\" content=\"https:\/\/diariofemenino.com.ar\/df\/wp-content\/uploads\/2019\/01\/elsa-lesbiana-frozen.png\" \/>\n\t<meta property=\"og:image:width\" content=\"660\" \/>\n\t<meta property=\"og:image:height\" content=\"374\" \/>\n\t<meta property=\"og:image:type\" content=\"image\/png\" \/>\n<meta name=\"author\" content=\"Admin\" \/>\n<meta name=\"twitter:card\" content=\"summary_large_image\" \/>\n<meta name=\"twitter:creator\" content=\"@DiarioFemenino1\" \/>\n<meta name=\"twitter:site\" content=\"@DiarioFemenino1\" \/>\n<meta name=\"twitter:label1\" content=\"Escrito por\" \/>\n\t<meta name=\"twitter:data1\" content=\"Admin\" \/>\n\t<meta name=\"twitter:label2\" content=\"Tiempo de lectura\" \/>\n\t<meta name=\"twitter:data2\" content=\"2 minutos\" \/>\n<script type=\"application\/ld+json\" class=\"yoast-schema-graph\">{\"@context\":\"https:\\\/\\\/schema.org\",\"@graph\":[{\"@type\":\"Article\",\"@id\":\"https:\\\/\\\/diariofemenino.com.ar\\\/df\\\/elsa-por-fin-lesbiana-en-frozen-2\\\/#article\",\"isPartOf\":{\"@id\":\"https:\\\/\\\/diariofemenino.com.ar\\\/df\\\/elsa-por-fin-lesbiana-en-frozen-2\\\/\"},\"author\":{\"name\":\"Admin\",\"@id\":\"https:\\\/\\\/diariofemenino.com.ar\\\/df\\\/#\\\/schema\\\/person\\\/38f54b3bfd13f561de2460ba95c169c6\"},\"headline\":\"\u00bfElsa por fin lesbiana en Frozen 2?\",\"datePublished\":\"2019-01-07T16:33:48+00:00\",\"mainEntityOfPage\":{\"@id\":\"https:\\\/\\\/diariofemenino.com.ar\\\/df\\\/elsa-por-fin-lesbiana-en-frozen-2\\\/\"},\"wordCount\":423,\"publisher\":{\"@id\":\"https:\\\/\\\/diariofemenino.com.ar\\\/df\\\/#organization\"},\"image\":{\"@id\":\"https:\\\/\\\/diariofemenino.com.ar\\\/df\\\/elsa-por-fin-lesbiana-en-frozen-2\\\/#primaryimage\"},\"thumbnailUrl\":\"https:\\\/\\\/diariofemenino.com.ar\\\/df\\\/wp-content\\\/uploads\\\/2019\\\/01\\\/elsa-lesbiana-frozen.png\",\"inLanguage\":\"es\"},{\"@type\":\"WebPage\",\"@id\":\"https:\\\/\\\/diariofemenino.com.ar\\\/df\\\/elsa-por-fin-lesbiana-en-frozen-2\\\/\",\"url\":\"https:\\\/\\\/diariofemenino.com.ar\\\/df\\\/elsa-por-fin-lesbiana-en-frozen-2\\\/\",\"name\":\"\u00bfElsa por fin lesbiana en Frozen 2? - Diario Digital Femenino\",\"isPartOf\":{\"@id\":\"https:\\\/\\\/diariofemenino.com.ar\\\/df\\\/#website\"},\"primaryImageOfPage\":{\"@id\":\"https:\\\/\\\/diariofemenino.com.ar\\\/df\\\/elsa-por-fin-lesbiana-en-frozen-2\\\/#primaryimage\"},\"image\":{\"@id\":\"https:\\\/\\\/diariofemenino.com.ar\\\/df\\\/elsa-por-fin-lesbiana-en-frozen-2\\\/#primaryimage\"},\"thumbnailUrl\":\"https:\\\/\\\/diariofemenino.com.ar\\\/df\\\/wp-content\\\/uploads\\\/2019\\\/01\\\/elsa-lesbiana-frozen.png\",\"datePublished\":\"2019-01-07T16:33:48+00:00\",\"breadcrumb\":{\"@id\":\"https:\\\/\\\/diariofemenino.com.ar\\\/df\\\/elsa-por-fin-lesbiana-en-frozen-2\\\/#breadcrumb\"},\"inLanguage\":\"es\",\"potentialAction\":[{\"@type\":\"ReadAction\",\"target\":[\"https:\\\/\\\/diariofemenino.com.ar\\\/df\\\/elsa-por-fin-lesbiana-en-frozen-2\\\/\"]}]},{\"@type\":\"ImageObject\",\"inLanguage\":\"es\",\"@id\":\"https:\\\/\\\/diariofemenino.com.ar\\\/df\\\/elsa-por-fin-lesbiana-en-frozen-2\\\/#primaryimage\",\"url\":\"https:\\\/\\\/diariofemenino.com.ar\\\/df\\\/wp-content\\\/uploads\\\/2019\\\/01\\\/elsa-lesbiana-frozen.png\",\"contentUrl\":\"https:\\\/\\\/diariofemenino.com.ar\\\/df\\\/wp-content\\\/uploads\\\/2019\\\/01\\\/elsa-lesbiana-frozen.png\",\"width\":660,\"height\":374},{\"@type\":\"BreadcrumbList\",\"@id\":\"https:\\\/\\\/diariofemenino.com.ar\\\/df\\\/elsa-por-fin-lesbiana-en-frozen-2\\\/#breadcrumb\",\"itemListElement\":[{\"@type\":\"ListItem\",\"position\":1,\"name\":\"Portada\",\"item\":\"https:\\\/\\\/diariofemenino.com.ar\\\/df\\\/\"},{\"@type\":\"ListItem\",\"position\":2,\"name\":\"\u00bfElsa por fin lesbiana en Frozen 2?\"}]},{\"@type\":\"WebSite\",\"@id\":\"https:\\\/\\\/diariofemenino.com.ar\\\/df\\\/#website\",\"url\":\"https:\\\/\\\/diariofemenino.com.ar\\\/df\\\/\",\"name\":\"Diario Digital Femenino\",\"description\":\"Cuesti\u00f3n de G\u00e9nero\",\"publisher\":{\"@id\":\"https:\\\/\\\/diariofemenino.com.ar\\\/df\\\/#organization\"},\"potentialAction\":[{\"@type\":\"SearchAction\",\"target\":{\"@type\":\"EntryPoint\",\"urlTemplate\":\"https:\\\/\\\/diariofemenino.com.ar\\\/df\\\/?s={search_term_string}\"},\"query-input\":{\"@type\":\"PropertyValueSpecification\",\"valueRequired\":true,\"valueName\":\"search_term_string\"}}],\"inLanguage\":\"es\"},{\"@type\":\"Organization\",\"@id\":\"https:\\\/\\\/diariofemenino.com.ar\\\/df\\\/#organization\",\"name\":\"Diario Femenino\",\"url\":\"https:\\\/\\\/diariofemenino.com.ar\\\/df\\\/\",\"logo\":{\"@type\":\"ImageObject\",\"inLanguage\":\"es\",\"@id\":\"https:\\\/\\\/diariofemenino.com.ar\\\/df\\\/#\\\/schema\\\/logo\\\/image\\\/\",\"url\":\"https:\\\/\\\/diariofemenino.com.ar\\\/df\\\/wp-content\\\/uploads\\\/2018\\\/10\\\/logo.png\",\"contentUrl\":\"https:\\\/\\\/diariofemenino.com.ar\\\/df\\\/wp-content\\\/uploads\\\/2018\\\/10\\\/logo.png\",\"width\":500,\"height\":92,\"caption\":\"Diario Femenino\"},\"image\":{\"@id\":\"https:\\\/\\\/diariofemenino.com.ar\\\/df\\\/#\\\/schema\\\/logo\\\/image\\\/\"},\"sameAs\":[\"https:\\\/\\\/www.facebook.com\\\/DiarioDigitaFemenino\\\/\",\"https:\\\/\\\/x.com\\\/DiarioFemenino1\"]},{\"@type\":\"Person\",\"@id\":\"https:\\\/\\\/diariofemenino.com.ar\\\/df\\\/#\\\/schema\\\/person\\\/38f54b3bfd13f561de2460ba95c169c6\",\"name\":\"Admin\",\"image\":{\"@type\":\"ImageObject\",\"inLanguage\":\"es\",\"@id\":\"https:\\\/\\\/diariofemenino.com.ar\\\/df\\\/wp-content\\\/uploads\\\/2018\\\/12\\\/favicon-150x150.jpg\",\"url\":\"https:\\\/\\\/diariofemenino.com.ar\\\/df\\\/wp-content\\\/uploads\\\/2018\\\/12\\\/favicon-150x150.jpg\",\"contentUrl\":\"https:\\\/\\\/diariofemenino.com.ar\\\/df\\\/wp-content\\\/uploads\\\/2018\\\/12\\\/favicon-150x150.jpg\",\"caption\":\"Admin\"},\"url\":\"https:\\\/\\\/diariofemenino.com.ar\\\/df\\\/author\\\/adm18df\\\/\"}]}<\/script>\n<!-- \/ Yoast SEO plugin. -->","yoast_head_json":{"title":"\u00bfElsa por fin lesbiana en Frozen 2? - Diario Digital Femenino","robots":{"index":"index","follow":"follow","max-snippet":"max-snippet:-1","max-image-preview":"max-image-preview:large","max-video-preview":"max-video-preview:-1"},"canonical":"https:\/\/diariofemenino.com.ar\/df\/elsa-por-fin-lesbiana-en-frozen-2\/","og_locale":"es_ES","og_type":"article","og_title":"\u00bfElsa por fin lesbiana en Frozen 2? - Diario Digital Femenino","og_description":"Hay una foto que est\u00e1 circulando\u00a0 \u00faltimamente en Internet, y por supuesto generando mucha pol\u00e9mica. Por un lado generando felicidad, emoci\u00f3n y un sentimiento de que ya era necesario vivir algo as\u00ed. Por\u00a0REVISTAMIRALES Y por otro generando rabia, homofobia, lesbofobia y todo tipo de intolerancias. \u00bfDe qu\u00e9 puede ser la foto? Nada m\u00e1s y nada [&hellip;]","og_url":"https:\/\/diariofemenino.com.ar\/df\/elsa-por-fin-lesbiana-en-frozen-2\/","og_site_name":"Diario Digital Femenino","article_publisher":"https:\/\/www.facebook.com\/DiarioDigitaFemenino\/","article_published_time":"2019-01-07T16:33:48+00:00","og_image":[{"width":660,"height":374,"url":"https:\/\/diariofemenino.com.ar\/df\/wp-content\/uploads\/2019\/01\/elsa-lesbiana-frozen.png","type":"image\/png"}],"author":"Admin","twitter_card":"summary_large_image","twitter_creator":"@DiarioFemenino1","twitter_site":"@DiarioFemenino1","twitter_misc":{"Escrito por":"Admin","Tiempo de lectura":"2 minutos"},"schema":{"@context":"https:\/\/schema.org","@graph":[{"@type":"Article","@id":"https:\/\/diariofemenino.com.ar\/df\/elsa-por-fin-lesbiana-en-frozen-2\/#article","isPartOf":{"@id":"https:\/\/diariofemenino.com.ar\/df\/elsa-por-fin-lesbiana-en-frozen-2\/"},"author":{"name":"Admin","@id":"https:\/\/diariofemenino.com.ar\/df\/#\/schema\/person\/38f54b3bfd13f561de2460ba95c169c6"},"headline":"\u00bfElsa por fin lesbiana en Frozen 2?","datePublished":"2019-01-07T16:33:48+00:00","mainEntityOfPage":{"@id":"https:\/\/diariofemenino.com.ar\/df\/elsa-por-fin-lesbiana-en-frozen-2\/"},"wordCount":423,"publisher":{"@id":"https:\/\/diariofemenino.com.ar\/df\/#organization"},"image":{"@id":"https:\/\/diariofemenino.com.ar\/df\/elsa-por-fin-lesbiana-en-frozen-2\/#primaryimage"},"thumbnailUrl":"https:\/\/diariofemenino.com.ar\/df\/wp-content\/uploads\/2019\/01\/elsa-lesbiana-frozen.png","inLanguage":"es"},{"@type":"WebPage","@id":"https:\/\/diariofemenino.com.ar\/df\/elsa-por-fin-lesbiana-en-frozen-2\/","url":"https:\/\/diariofemenino.com.ar\/df\/elsa-por-fin-lesbiana-en-frozen-2\/","name":"\u00bfElsa por fin lesbiana en Frozen 2? - Diario Digital Femenino","isPartOf":{"@id":"https:\/\/diariofemenino.com.ar\/df\/#website"},"primaryImageOfPage":{"@id":"https:\/\/diariofemenino.com.ar\/df\/elsa-por-fin-lesbiana-en-frozen-2\/#primaryimage"},"image":{"@id":"https:\/\/diariofemenino.com.ar\/df\/elsa-por-fin-lesbiana-en-frozen-2\/#primaryimage"},"thumbnailUrl":"https:\/\/diariofemenino.com.ar\/df\/wp-content\/uploads\/2019\/01\/elsa-lesbiana-frozen.png","datePublished":"2019-01-07T16:33:48+00:00","breadcrumb":{"@id":"https:\/\/diariofemenino.com.ar\/df\/elsa-por-fin-lesbiana-en-frozen-2\/#breadcrumb"},"inLanguage":"es","potentialAction":[{"@type":"ReadAction","target":["https:\/\/diariofemenino.com.ar\/df\/elsa-por-fin-lesbiana-en-frozen-2\/"]}]},{"@type":"ImageObject","inLanguage":"es","@id":"https:\/\/diariofemenino.com.ar\/df\/elsa-por-fin-lesbiana-en-frozen-2\/#primaryimage","url":"https:\/\/diariofemenino.com.ar\/df\/wp-content\/uploads\/2019\/01\/elsa-lesbiana-frozen.png","contentUrl":"https:\/\/diariofemenino.com.ar\/df\/wp-content\/uploads\/2019\/01\/elsa-lesbiana-frozen.png","width":660,"height":374},{"@type":"BreadcrumbList","@id":"https:\/\/diariofemenino.com.ar\/df\/elsa-por-fin-lesbiana-en-frozen-2\/#breadcrumb","itemListElement":[{"@type":"ListItem","position":1,"name":"Portada","item":"https:\/\/diariofemenino.com.ar\/df\/"},{"@type":"ListItem","position":2,"name":"\u00bfElsa por fin lesbiana en Frozen 2?"}]},{"@type":"WebSite","@id":"https:\/\/diariofemenino.com.ar\/df\/#website","url":"https:\/\/diariofemenino.com.ar\/df\/","name":"Diario Digital Femenino","description":"Cuesti\u00f3n de G\u00e9nero","publisher":{"@id":"https:\/\/diariofemenino.com.ar\/df\/#organization"},"potentialAction":[{"@type":"SearchAction","target":{"@type":"EntryPoint","urlTemplate":"https:\/\/diariofemenino.com.ar\/df\/?s={search_term_string}"},"query-input":{"@type":"PropertyValueSpecification","valueRequired":true,"valueName":"search_term_string"}}],"inLanguage":"es"},{"@type":"Organization","@id":"https:\/\/diariofemenino.com.ar\/df\/#organization","name":"Diario Femenino","url":"https:\/\/diariofemenino.com.ar\/df\/","logo":{"@type":"ImageObject","inLanguage":"es","@id":"https:\/\/diariofemenino.com.ar\/df\/#\/schema\/logo\/image\/","url":"https:\/\/diariofemenino.com.ar\/df\/wp-content\/uploads\/2018\/10\/logo.png","contentUrl":"https:\/\/diariofemenino.com.ar\/df\/wp-content\/uploads\/2018\/10\/logo.png","width":500,"height":92,"caption":"Diario Femenino"},"image":{"@id":"https:\/\/diariofemenino.com.ar\/df\/#\/schema\/logo\/image\/"},"sameAs":["https:\/\/www.facebook.com\/DiarioDigitaFemenino\/","https:\/\/x.com\/DiarioFemenino1"]},{"@type":"Person","@id":"https:\/\/diariofemenino.com.ar\/df\/#\/schema\/person\/38f54b3bfd13f561de2460ba95c169c6","name":"Admin","image":{"@type":"ImageObject","inLanguage":"es","@id":"https:\/\/diariofemenino.com.ar\/df\/wp-content\/uploads\/2018\/12\/favicon-150x150.jpg","url":"https:\/\/diariofemenino.com.ar\/df\/wp-content\/uploads\/2018\/12\/favicon-150x150.jpg","contentUrl":"https:\/\/diariofemenino.com.ar\/df\/wp-content\/uploads\/2018\/12\/favicon-150x150.jpg","caption":"Admin"},"url":"https:\/\/diariofemenino.com.ar\/df\/author\/adm18df\/"}]}},"jetpack_featured_media_url":"https:\/\/diariofemenino.com.ar\/df\/wp-content\/uploads\/2019\/01\/elsa-lesbiana-frozen.png","jetpack_sharing_enabled":true,"rttpg_featured_image_url":{"full":["https:\/\/diariofemenino.com.ar\/df\/wp-content\/uploads\/2019\/01\/elsa-lesbiana-frozen.png",660,374,false],"landscape":["https:\/\/diariofemenino.com.ar\/df\/wp-content\/uploads\/2019\/01\/elsa-lesbiana-frozen.png",660,374,false],"portraits":["https:\/\/diariofemenino.com.ar\/df\/wp-content\/uploads\/2019\/01\/elsa-lesbiana-frozen.png",660,374,false],"thumbnail":["https:\/\/diariofemenino.com.ar\/df\/wp-content\/uploads\/2019\/01\/elsa-lesbiana-frozen-150x150.png",150,150,true],"medium":["https:\/\/diariofemenino.com.ar\/df\/wp-content\/uploads\/2019\/01\/elsa-lesbiana-frozen-300x170.png",300,170,true],"large":["https:\/\/diariofemenino.com.ar\/df\/wp-content\/uploads\/2019\/01\/elsa-lesbiana-frozen.png",660,374,false],"1536x1536":["https:\/\/diariofemenino.com.ar\/df\/wp-content\/uploads\/2019\/01\/elsa-lesbiana-frozen.png",660,374,false],"2048x2048":["https:\/\/diariofemenino.com.ar\/df\/wp-content\/uploads\/2019\/01\/elsa-lesbiana-frozen.png",660,374,false]},"rttpg_author":{"display_name":"Admin","author_link":"https:\/\/diariofemenino.com.ar\/df\/author\/adm18df\/"},"rttpg_comment":0,"rttpg_category":"<a href=\"https:\/\/diariofemenino.com.ar\/df\/category\/sin-categoria\/\" rel=\"category tag\">Sin categor\u00eda<\/a>","rttpg_excerpt":"Hay una foto que est\u00e1 circulando\u00a0 \u00faltimamente en Internet, y por supuesto generando mucha pol\u00e9mica. Por un lado generando felicidad, emoci\u00f3n y un sentimiento de que ya era necesario vivir algo as\u00ed. Por\u00a0REVISTAMIRALES Y por otro generando rabia, homofobia, lesbofobia y todo tipo de intolerancias. \u00bfDe qu\u00e9 puede ser la foto? Nada m\u00e1s y nada&hellip;","_links":{"self":[{"href":"https:\/\/diariofemenino.com.ar\/df\/wp-json\/wp\/v2\/posts\/30474","targetHints":{"allow":["GET"]}}],"collection":[{"href":"https:\/\/diariofemenino.com.ar\/df\/wp-json\/wp\/v2\/posts"}],"about":[{"href":"https:\/\/diariofemenino.com.ar\/df\/wp-json\/wp\/v2\/types\/post"}],"author":[{"embeddable":true,"href":"https:\/\/diariofemenino.com.ar\/df\/wp-json\/wp\/v2\/users\/1"}],"replies":[{"embeddable":true,"href":"https:\/\/diariofemenino.com.ar\/df\/wp-json\/wp\/v2\/comments?post=30474"}],"version-history":[{"count":0,"href":"https:\/\/diariofemenino.com.ar\/df\/wp-json\/wp\/v2\/posts\/30474\/revisions"}],"wp:featuredmedia":[{"embeddable":true,"href":"https:\/\/diariofemenino.com.ar\/df\/wp-json\/wp\/v2\/media\/30475"}],"wp:attachment":[{"href":"https:\/\/diariofemenino.com.ar\/df\/wp-json\/wp\/v2\/media?parent=30474"}],"wp:term":[{"taxonomy":"category","embeddable":true,"href":"https:\/\/diariofemenino.com.ar\/df\/wp-json\/wp\/v2\/categories?post=30474"},{"taxonomy":"post_tag","embeddable":true,"href":"https:\/\/diariofemenino.com.ar\/df\/wp-json\/wp\/v2\/tags?post=30474"}],"curies":[{"name":"wp","href":"https:\/\/api.w.org\/{rel}","templated":true}]}}