{"id":30470,"date":"2019-01-06T14:07:43","date_gmt":"2019-01-06T17:07:43","guid":{"rendered":"http:\/\/diariofemenino.com.ar\/v2\/?p=30470"},"modified":"2019-01-06T14:07:43","modified_gmt":"2019-01-06T17:07:43","slug":"caetano-veloso-se-manifesta-contra-la-ministra-de-la-familia-brasilena-vestido-de-rosado","status":"publish","type":"post","link":"https:\/\/diariofemenino.com.ar\/df\/caetano-veloso-se-manifesta-contra-la-ministra-de-la-familia-brasilena-vestido-de-rosado\/","title":{"rendered":"Caetano Veloso se manifiesta contra la ministra de la Familia brasile\u00f1a vestido de rosado"},"content":{"rendered":"<p><strong>Damares Alves sostuvo que en el gobierno de Bolsonaro los ni\u00f1os iban a vestir de azul y las ni\u00f1as de rosado.<\/strong><\/p>\n<div class=\"meta\"><span class=\"autor\">Por\u00a0<a title=\"Entradas de El Desconcierto\" href=\"http:\/\/www.eldesconcierto.cl\/author\/core\/\" rel=\"author\">El Desconcierto<br \/>\n<\/a><\/span><span class=\"fecha\"><span class=\"twitter\"><a class=\"autor-twitter\" href=\"http:\/\/twitter.com\/eldesconcierto\" target=\"_blank\" rel=\"noopener\">@eldesconcierto<\/a><\/span><\/span><\/div>\n<div><\/div>\n<div>\n<p>El m\u00fasico Caetano Veloso se uni\u00f3 a la campa\u00f1a en contra de las declaraciones de una de las ministras de Jair Bolsonaro, quien afirm\u00f3 que los ni\u00f1os deben vestirse de azul y las ni\u00f1as de rosado.<\/p>\n<p>Se trata de nada menos que la ministra de la Familia Damares Alves, quien tras tomar posesi\u00f3n de su cargo el pasado martes prometi\u00f3 una nueva era bajo su gesti\u00f3n.<\/p>\n<p>\u201c<strong>\u00a1Atenci\u00f3n, atenci\u00f3n! Es una nueva era en\u00a0Brasil: ni\u00f1o viste de azul y ni\u00f1a viste de rosa<\/strong>\u201c, sostuvo en aquel momento la pastora evang\u00e9lica de 54 a\u00f1os.<\/p>\n<p>Seg\u00fan consigna\u00a0<strong><a href=\"https:\/\/tn.com.ar\/musica\/hablamos-con\/vestido-de-rosa-caetano-veloso-le-hace-frente-la-polemica-ministra-de-familia-brasilena_929349\">Todo Noticias<\/a><\/strong>, esto gener\u00f3 la reacci\u00f3n de las personas a trav\u00e9s de redes sociales, quienes criticaron a la titular de Estado por sus declaraciones. Entre sus detractores apareci\u00f3 Caetano Veloso, quien subi\u00f3 una foto a las redes sociales con una polera rosada y el hashtag\u00a0#MeninosVestemRosa (los ni\u00f1os visten de rosa).<\/p>\n<p>Tras la pol\u00e9mica, Alves concedi\u00f3 una entrevista a Globo donde sostuvo que no se arrepiente de sus palabras pero precis\u00f3 que se trataba de una met\u00e1fora.<\/p>\n<p>\u201cEn Brasil tenemos el \u2018octubre rosa\u2019, que se refiere a la campa\u00f1a de prevenci\u00f3n del c\u00e1ncer de mama de mujeres, y tenemos el \u2018noviembre azul\u2019, en relaci\u00f3n al c\u00e1ncer de pr\u00f3stata con el hombre; cuando dije que la ni\u00f1a viste color rosa y el ni\u00f1o azul significa que vamos a respetar la identidad biol\u00f3gica de los ni\u00f1os\u201d, afirm\u00f3.<\/p>\n<div class=\"SandboxRoot env-bp-350\" data-twitter-event-id=\"0\">\n<div id=\"twitter-widget-0\" class=\"EmbeddedTweet EmbeddedTweet--cta EmbeddedTweet--mediaForward media-forward js-clickToOpenTarget js-tweetIdInfo tweet-InformationCircle-widgetParent\" lang=\"es\" data-click-to-open-target=\"https:\/\/twitter.com\/queridasok\/status\/1081180142859370496\" data-iframe-title=\"Tweet de Twitter\" data-scribe=\"page:tweet\" data-tweet-id=\"1081180142859370496\" data-twitter-event-id=\"1\">\n<article class=\"MediaCard MediaCard--mediaForward customisable-border\" dir=\"ltr\" data-scribe=\"component:card\">\n<div class=\"MediaCard-media\" data-scribe=\"element:photo\">\n<p><a class=\"MediaCard-borderOverlay\" tabindex=\"-1\" title=\"Ver imagen en Twitter\" role=\"presentation\" href=\"https:\/\/twitter.com\/queridasok\/status\/1081180142859370496\/photo\/1\"><span class=\"u-hiddenVisually\">Ver imagen en Twitter<\/span><\/a><\/p>\n<div class=\"MediaCard-widthConstraint js-cspForcedStyle\" data-style=\"max-width: 495px\">\n<div class=\"MediaCard-mediaContainer js-cspForcedStyle\" data-style=\"padding-bottom: 100.0000%\"><a class=\"MediaCard-mediaAsset NaturalImage\" href=\"https:\/\/twitter.com\/queridasok\/status\/1081180142859370496\/photo\/1\"><img loading=\"lazy\" decoding=\"async\" class=\"NaturalImage-image\" title=\"Ver imagen en Twitter\" src=\"https:\/\/pbs.twimg.com\/media\/DwEfl0qWkAAjGJw?format=jpg&amp;name=small\" alt=\"Ver imagen en Twitter\" width=\"495\" height=\"502\" data-image=\"https:\/\/pbs.twimg.com\/media\/DwEfl0qWkAAjGJw\" \/><\/a><\/div>\n<\/div>\n<\/div>\n<\/article>\n<div class=\"EmbeddedTweet-tweetContainer\">\n<div class=\"EmbeddedTweet-tweet\">\n<blockquote class=\"Tweet h-entry js-tweetIdInfo subject expanded\" cite=\"https:\/\/twitter.com\/queridasok\/status\/1081180142859370496\" data-tweet-id=\"1081180142859370496\" data-scribe=\"section:subject\">\n<div class=\"Tweet-header\">\n<p><a class=\"TweetAuthor-avatar Identity-avatar u-linkBlend\" href=\"https:\/\/twitter.com\/queridasok\" data-scribe=\"element:user_link\" aria-label=\"Queridas (nombre de pantalla: queridasok)\"><img decoding=\"async\" class=\"Avatar\" src=\"https:\/\/pbs.twimg.com\/profile_images\/957093938883710976\/2FfcpIgf_normal.jpg\" alt=\"\" data-scribe=\"element:avatar\" data-src-2x=\"https:\/\/pbs.twimg.com\/profile_images\/957093938883710976\/2FfcpIgf_bigger.jpg\" data-src-1x=\"https:\/\/pbs.twimg.com\/profile_images\/957093938883710976\/2FfcpIgf_normal.jpg\" \/><\/a><\/p>\n<div class=\"TweetAuthor js-inViewportScribingTarget\" data-scribe=\"component:author\">\n<div class=\"TweetAuthor-nameScreenNameContainer\"><span class=\"TweetAuthor-decoratedName\"><span class=\"TweetAuthor-name Identity-name customisable-highlight\" title=\"Queridas\" data-scribe=\"element:name\">Queridas<\/span><\/span><span class=\"TweetAuthor-screenName Identity-screenName\" dir=\"ltr\" title=\"@queridasok\" data-scribe=\"element:screen_name\">@queridasok<\/span><\/div>\n<\/div>\n<div class=\"Tweet-brand\"><\/div>\n<\/div>\n<div class=\"Tweet-body e-entry-content\" data-scribe=\"component:tweet\">\n<div class=\"u-hiddenVisually js-inViewportScribingTarget\"><\/div>\n<p class=\"Tweet-text e-entry-title\" dir=\"ltr\" lang=\"es\">Caetano Veloso se suma a la campa\u00f1a <a class=\"PrettyLink hashtag customisable\" dir=\"ltr\" href=\"https:\/\/twitter.com\/hashtag\/MeninosVestemRosa?src=hash\" rel=\"tag\" data-query-source=\"hashtag_click\" data-scribe=\"element:hashtag\"><span class=\"PrettyLink-prefix\">#<\/span><span class=\"PrettyLink-value\">MeninosVestemRosa<\/span><\/a> contra la ministra de Brasil que dijo que empez\u00f3 la era en que las ni\u00f1as se visten de rosa y los varones de azul. <a class=\"PrettyLink profile customisable h-card\" dir=\"ltr\" href=\"https:\/\/twitter.com\/caetanoveloso\" data-mentioned-user-id=\"583108053\" data-scribe=\"element:mention\"><span class=\"PrettyLink-prefix\">@<\/span><span class=\"PrettyLink-value\">caetanoveloso<\/span><\/a><\/p>\n<div class=\"TweetInfo\"><\/div>\n<\/div>\n<\/blockquote>\n<\/div>\n<div class=\"CallToAction-icon\" data-scribe=\"element:profile_icon\"><\/div>\n<\/div>\n<\/div>\n<\/div>\n<\/div>\n","protected":false},"excerpt":{"rendered":"<p>Damares Alves sostuvo que en el gobierno de Bolsonaro los ni\u00f1os iban a vestir de azul y las ni\u00f1as de rosado. Por\u00a0El Desconcierto @eldesconcierto El m\u00fasico Caetano Veloso se uni\u00f3 a la campa\u00f1a en contra de las declaraciones de una de las ministras de Jair Bolsonaro, quien afirm\u00f3 que los ni\u00f1os deben vestirse de azul [&hellip;]<\/p>\n","protected":false},"author":1,"featured_media":30471,"comment_status":"closed","ping_status":"closed","sticky":false,"template":"","format":"standard","meta":{"iawp_total_views":2,"footnotes":""},"categories":[32],"tags":[620,621,622,623],"class_list":["post-30470","post","type-post","status-publish","format-standard","has-post-thumbnail","hentry","category-mujeres","tag-meninosvestemrosa","tag-caetano-veloso","tag-damares-alves","tag-proteja-seus-amigos"],"nelio_content":{"autoShareEndMode":"never","automationSources":{"useCustomSentences":false,"customSentences":[]},"efiAlt":"","efiUrl":"","followers":[1],"highlights":[],"isAutoShareEnabled":true,"networkImageIds":[],"permalinkQueryArgs":[],"series":[],"suggestedReferences":[]},"yoast_head":"<!-- This site is optimized with the Yoast SEO plugin v27.5 - https:\/\/yoast.com\/product\/yoast-seo-wordpress\/ -->\n<title>Caetano Veloso se manifiesta contra la ministra de la Familia brasile\u00f1a vestido de rosado - Diario Digital Femenino<\/title>\n<meta name=\"robots\" content=\"index, follow, max-snippet:-1, max-image-preview:large, max-video-preview:-1\" \/>\n<link rel=\"canonical\" href=\"https:\/\/diariofemenino.com.ar\/df\/caetano-veloso-se-manifesta-contra-la-ministra-de-la-familia-brasilena-vestido-de-rosado\/\" \/>\n<meta property=\"og:locale\" content=\"es_ES\" \/>\n<meta property=\"og:type\" content=\"article\" \/>\n<meta property=\"og:title\" content=\"Caetano Veloso se manifiesta contra la ministra de la Familia brasile\u00f1a vestido de rosado - Diario Digital Femenino\" \/>\n<meta property=\"og:description\" content=\"Damares Alves sostuvo que en el gobierno de Bolsonaro los ni\u00f1os iban a vestir de azul y las ni\u00f1as de rosado. Por\u00a0El Desconcierto @eldesconcierto El m\u00fasico Caetano Veloso se uni\u00f3 a la campa\u00f1a en contra de las declaraciones de una de las ministras de Jair Bolsonaro, quien afirm\u00f3 que los ni\u00f1os deben vestirse de azul [&hellip;]\" \/>\n<meta property=\"og:url\" content=\"https:\/\/diariofemenino.com.ar\/df\/caetano-veloso-se-manifesta-contra-la-ministra-de-la-familia-brasilena-vestido-de-rosado\/\" \/>\n<meta property=\"og:site_name\" content=\"Diario Digital Femenino\" \/>\n<meta property=\"article:publisher\" content=\"https:\/\/www.facebook.com\/DiarioDigitaFemenino\/\" \/>\n<meta property=\"article:published_time\" content=\"2019-01-06T17:07:43+00:00\" \/>\n<meta property=\"og:image\" content=\"https:\/\/diariofemenino.com.ar\/df\/wp-content\/uploads\/2019\/01\/720a77e6-a20d-4111-a76e-904f24407592.jpg\" \/>\n\t<meta property=\"og:image:width\" content=\"640\" \/>\n\t<meta property=\"og:image:height\" content=\"427\" \/>\n\t<meta property=\"og:image:type\" content=\"image\/jpeg\" \/>\n<meta name=\"author\" content=\"Admin\" \/>\n<meta name=\"twitter:card\" content=\"summary_large_image\" \/>\n<meta name=\"twitter:creator\" content=\"@DiarioFemenino1\" \/>\n<meta name=\"twitter:site\" content=\"@DiarioFemenino1\" \/>\n<meta name=\"twitter:label1\" content=\"Escrito por\" \/>\n\t<meta name=\"twitter:data1\" content=\"Admin\" \/>\n\t<meta name=\"twitter:label2\" content=\"Tiempo de lectura\" \/>\n\t<meta name=\"twitter:data2\" content=\"2 minutos\" \/>\n<script type=\"application\/ld+json\" class=\"yoast-schema-graph\">{\"@context\":\"https:\\\/\\\/schema.org\",\"@graph\":[{\"@type\":\"Article\",\"@id\":\"https:\\\/\\\/diariofemenino.com.ar\\\/df\\\/caetano-veloso-se-manifesta-contra-la-ministra-de-la-familia-brasilena-vestido-de-rosado\\\/#article\",\"isPartOf\":{\"@id\":\"https:\\\/\\\/diariofemenino.com.ar\\\/df\\\/caetano-veloso-se-manifesta-contra-la-ministra-de-la-familia-brasilena-vestido-de-rosado\\\/\"},\"author\":{\"name\":\"Admin\",\"@id\":\"https:\\\/\\\/diariofemenino.com.ar\\\/df\\\/#\\\/schema\\\/person\\\/38f54b3bfd13f561de2460ba95c169c6\"},\"headline\":\"Caetano Veloso se manifiesta contra la ministra de la Familia brasile\u00f1a vestido de rosado\",\"datePublished\":\"2019-01-06T17:07:43+00:00\",\"mainEntityOfPage\":{\"@id\":\"https:\\\/\\\/diariofemenino.com.ar\\\/df\\\/caetano-veloso-se-manifesta-contra-la-ministra-de-la-familia-brasilena-vestido-de-rosado\\\/\"},\"wordCount\":340,\"publisher\":{\"@id\":\"https:\\\/\\\/diariofemenino.com.ar\\\/df\\\/#organization\"},\"image\":{\"@id\":\"https:\\\/\\\/diariofemenino.com.ar\\\/df\\\/caetano-veloso-se-manifesta-contra-la-ministra-de-la-familia-brasilena-vestido-de-rosado\\\/#primaryimage\"},\"thumbnailUrl\":\"https:\\\/\\\/diariofemenino.com.ar\\\/df\\\/wp-content\\\/uploads\\\/2019\\\/01\\\/720a77e6-a20d-4111-a76e-904f24407592.jpg\",\"keywords\":[\"#MeninosVestemRosa\",\"Caetano Veloso\",\"Damares Alves\",\"Proteja seus amigos\"],\"articleSection\":[\"Mujeres\"],\"inLanguage\":\"es\"},{\"@type\":\"WebPage\",\"@id\":\"https:\\\/\\\/diariofemenino.com.ar\\\/df\\\/caetano-veloso-se-manifesta-contra-la-ministra-de-la-familia-brasilena-vestido-de-rosado\\\/\",\"url\":\"https:\\\/\\\/diariofemenino.com.ar\\\/df\\\/caetano-veloso-se-manifesta-contra-la-ministra-de-la-familia-brasilena-vestido-de-rosado\\\/\",\"name\":\"Caetano Veloso se manifiesta contra la ministra de la Familia brasile\u00f1a vestido de rosado - Diario Digital Femenino\",\"isPartOf\":{\"@id\":\"https:\\\/\\\/diariofemenino.com.ar\\\/df\\\/#website\"},\"primaryImageOfPage\":{\"@id\":\"https:\\\/\\\/diariofemenino.com.ar\\\/df\\\/caetano-veloso-se-manifesta-contra-la-ministra-de-la-familia-brasilena-vestido-de-rosado\\\/#primaryimage\"},\"image\":{\"@id\":\"https:\\\/\\\/diariofemenino.com.ar\\\/df\\\/caetano-veloso-se-manifesta-contra-la-ministra-de-la-familia-brasilena-vestido-de-rosado\\\/#primaryimage\"},\"thumbnailUrl\":\"https:\\\/\\\/diariofemenino.com.ar\\\/df\\\/wp-content\\\/uploads\\\/2019\\\/01\\\/720a77e6-a20d-4111-a76e-904f24407592.jpg\",\"datePublished\":\"2019-01-06T17:07:43+00:00\",\"breadcrumb\":{\"@id\":\"https:\\\/\\\/diariofemenino.com.ar\\\/df\\\/caetano-veloso-se-manifesta-contra-la-ministra-de-la-familia-brasilena-vestido-de-rosado\\\/#breadcrumb\"},\"inLanguage\":\"es\",\"potentialAction\":[{\"@type\":\"ReadAction\",\"target\":[\"https:\\\/\\\/diariofemenino.com.ar\\\/df\\\/caetano-veloso-se-manifesta-contra-la-ministra-de-la-familia-brasilena-vestido-de-rosado\\\/\"]}]},{\"@type\":\"ImageObject\",\"inLanguage\":\"es\",\"@id\":\"https:\\\/\\\/diariofemenino.com.ar\\\/df\\\/caetano-veloso-se-manifesta-contra-la-ministra-de-la-familia-brasilena-vestido-de-rosado\\\/#primaryimage\",\"url\":\"https:\\\/\\\/diariofemenino.com.ar\\\/df\\\/wp-content\\\/uploads\\\/2019\\\/01\\\/720a77e6-a20d-4111-a76e-904f24407592.jpg\",\"contentUrl\":\"https:\\\/\\\/diariofemenino.com.ar\\\/df\\\/wp-content\\\/uploads\\\/2019\\\/01\\\/720a77e6-a20d-4111-a76e-904f24407592.jpg\",\"width\":640,\"height\":427},{\"@type\":\"BreadcrumbList\",\"@id\":\"https:\\\/\\\/diariofemenino.com.ar\\\/df\\\/caetano-veloso-se-manifesta-contra-la-ministra-de-la-familia-brasilena-vestido-de-rosado\\\/#breadcrumb\",\"itemListElement\":[{\"@type\":\"ListItem\",\"position\":1,\"name\":\"Portada\",\"item\":\"https:\\\/\\\/diariofemenino.com.ar\\\/df\\\/\"},{\"@type\":\"ListItem\",\"position\":2,\"name\":\"Caetano Veloso se manifiesta contra la ministra de la Familia brasile\u00f1a vestido de rosado\"}]},{\"@type\":\"WebSite\",\"@id\":\"https:\\\/\\\/diariofemenino.com.ar\\\/df\\\/#website\",\"url\":\"https:\\\/\\\/diariofemenino.com.ar\\\/df\\\/\",\"name\":\"Diario Digital Femenino\",\"description\":\"Cuesti\u00f3n de G\u00e9nero\",\"publisher\":{\"@id\":\"https:\\\/\\\/diariofemenino.com.ar\\\/df\\\/#organization\"},\"potentialAction\":[{\"@type\":\"SearchAction\",\"target\":{\"@type\":\"EntryPoint\",\"urlTemplate\":\"https:\\\/\\\/diariofemenino.com.ar\\\/df\\\/?s={search_term_string}\"},\"query-input\":{\"@type\":\"PropertyValueSpecification\",\"valueRequired\":true,\"valueName\":\"search_term_string\"}}],\"inLanguage\":\"es\"},{\"@type\":\"Organization\",\"@id\":\"https:\\\/\\\/diariofemenino.com.ar\\\/df\\\/#organization\",\"name\":\"Diario Femenino\",\"url\":\"https:\\\/\\\/diariofemenino.com.ar\\\/df\\\/\",\"logo\":{\"@type\":\"ImageObject\",\"inLanguage\":\"es\",\"@id\":\"https:\\\/\\\/diariofemenino.com.ar\\\/df\\\/#\\\/schema\\\/logo\\\/image\\\/\",\"url\":\"https:\\\/\\\/diariofemenino.com.ar\\\/df\\\/wp-content\\\/uploads\\\/2018\\\/10\\\/logo.png\",\"contentUrl\":\"https:\\\/\\\/diariofemenino.com.ar\\\/df\\\/wp-content\\\/uploads\\\/2018\\\/10\\\/logo.png\",\"width\":500,\"height\":92,\"caption\":\"Diario Femenino\"},\"image\":{\"@id\":\"https:\\\/\\\/diariofemenino.com.ar\\\/df\\\/#\\\/schema\\\/logo\\\/image\\\/\"},\"sameAs\":[\"https:\\\/\\\/www.facebook.com\\\/DiarioDigitaFemenino\\\/\",\"https:\\\/\\\/x.com\\\/DiarioFemenino1\"]},{\"@type\":\"Person\",\"@id\":\"https:\\\/\\\/diariofemenino.com.ar\\\/df\\\/#\\\/schema\\\/person\\\/38f54b3bfd13f561de2460ba95c169c6\",\"name\":\"Admin\",\"image\":{\"@type\":\"ImageObject\",\"inLanguage\":\"es\",\"@id\":\"https:\\\/\\\/diariofemenino.com.ar\\\/df\\\/wp-content\\\/uploads\\\/2018\\\/12\\\/favicon-150x150.jpg\",\"url\":\"https:\\\/\\\/diariofemenino.com.ar\\\/df\\\/wp-content\\\/uploads\\\/2018\\\/12\\\/favicon-150x150.jpg\",\"contentUrl\":\"https:\\\/\\\/diariofemenino.com.ar\\\/df\\\/wp-content\\\/uploads\\\/2018\\\/12\\\/favicon-150x150.jpg\",\"caption\":\"Admin\"},\"url\":\"https:\\\/\\\/diariofemenino.com.ar\\\/df\\\/author\\\/adm18df\\\/\"}]}<\/script>\n<!-- \/ Yoast SEO plugin. -->","yoast_head_json":{"title":"Caetano Veloso se manifiesta contra la ministra de la Familia brasile\u00f1a vestido de rosado - Diario Digital Femenino","robots":{"index":"index","follow":"follow","max-snippet":"max-snippet:-1","max-image-preview":"max-image-preview:large","max-video-preview":"max-video-preview:-1"},"canonical":"https:\/\/diariofemenino.com.ar\/df\/caetano-veloso-se-manifesta-contra-la-ministra-de-la-familia-brasilena-vestido-de-rosado\/","og_locale":"es_ES","og_type":"article","og_title":"Caetano Veloso se manifiesta contra la ministra de la Familia brasile\u00f1a vestido de rosado - Diario Digital Femenino","og_description":"Damares Alves sostuvo que en el gobierno de Bolsonaro los ni\u00f1os iban a vestir de azul y las ni\u00f1as de rosado. Por\u00a0El Desconcierto @eldesconcierto El m\u00fasico Caetano Veloso se uni\u00f3 a la campa\u00f1a en contra de las declaraciones de una de las ministras de Jair Bolsonaro, quien afirm\u00f3 que los ni\u00f1os deben vestirse de azul [&hellip;]","og_url":"https:\/\/diariofemenino.com.ar\/df\/caetano-veloso-se-manifesta-contra-la-ministra-de-la-familia-brasilena-vestido-de-rosado\/","og_site_name":"Diario Digital Femenino","article_publisher":"https:\/\/www.facebook.com\/DiarioDigitaFemenino\/","article_published_time":"2019-01-06T17:07:43+00:00","og_image":[{"width":640,"height":427,"url":"https:\/\/diariofemenino.com.ar\/df\/wp-content\/uploads\/2019\/01\/720a77e6-a20d-4111-a76e-904f24407592.jpg","type":"image\/jpeg"}],"author":"Admin","twitter_card":"summary_large_image","twitter_creator":"@DiarioFemenino1","twitter_site":"@DiarioFemenino1","twitter_misc":{"Escrito por":"Admin","Tiempo de lectura":"2 minutos"},"schema":{"@context":"https:\/\/schema.org","@graph":[{"@type":"Article","@id":"https:\/\/diariofemenino.com.ar\/df\/caetano-veloso-se-manifesta-contra-la-ministra-de-la-familia-brasilena-vestido-de-rosado\/#article","isPartOf":{"@id":"https:\/\/diariofemenino.com.ar\/df\/caetano-veloso-se-manifesta-contra-la-ministra-de-la-familia-brasilena-vestido-de-rosado\/"},"author":{"name":"Admin","@id":"https:\/\/diariofemenino.com.ar\/df\/#\/schema\/person\/38f54b3bfd13f561de2460ba95c169c6"},"headline":"Caetano Veloso se manifiesta contra la ministra de la Familia brasile\u00f1a vestido de rosado","datePublished":"2019-01-06T17:07:43+00:00","mainEntityOfPage":{"@id":"https:\/\/diariofemenino.com.ar\/df\/caetano-veloso-se-manifesta-contra-la-ministra-de-la-familia-brasilena-vestido-de-rosado\/"},"wordCount":340,"publisher":{"@id":"https:\/\/diariofemenino.com.ar\/df\/#organization"},"image":{"@id":"https:\/\/diariofemenino.com.ar\/df\/caetano-veloso-se-manifesta-contra-la-ministra-de-la-familia-brasilena-vestido-de-rosado\/#primaryimage"},"thumbnailUrl":"https:\/\/diariofemenino.com.ar\/df\/wp-content\/uploads\/2019\/01\/720a77e6-a20d-4111-a76e-904f24407592.jpg","keywords":["#MeninosVestemRosa","Caetano Veloso","Damares Alves","Proteja seus amigos"],"articleSection":["Mujeres"],"inLanguage":"es"},{"@type":"WebPage","@id":"https:\/\/diariofemenino.com.ar\/df\/caetano-veloso-se-manifesta-contra-la-ministra-de-la-familia-brasilena-vestido-de-rosado\/","url":"https:\/\/diariofemenino.com.ar\/df\/caetano-veloso-se-manifesta-contra-la-ministra-de-la-familia-brasilena-vestido-de-rosado\/","name":"Caetano Veloso se manifiesta contra la ministra de la Familia brasile\u00f1a vestido de rosado - Diario Digital Femenino","isPartOf":{"@id":"https:\/\/diariofemenino.com.ar\/df\/#website"},"primaryImageOfPage":{"@id":"https:\/\/diariofemenino.com.ar\/df\/caetano-veloso-se-manifesta-contra-la-ministra-de-la-familia-brasilena-vestido-de-rosado\/#primaryimage"},"image":{"@id":"https:\/\/diariofemenino.com.ar\/df\/caetano-veloso-se-manifesta-contra-la-ministra-de-la-familia-brasilena-vestido-de-rosado\/#primaryimage"},"thumbnailUrl":"https:\/\/diariofemenino.com.ar\/df\/wp-content\/uploads\/2019\/01\/720a77e6-a20d-4111-a76e-904f24407592.jpg","datePublished":"2019-01-06T17:07:43+00:00","breadcrumb":{"@id":"https:\/\/diariofemenino.com.ar\/df\/caetano-veloso-se-manifesta-contra-la-ministra-de-la-familia-brasilena-vestido-de-rosado\/#breadcrumb"},"inLanguage":"es","potentialAction":[{"@type":"ReadAction","target":["https:\/\/diariofemenino.com.ar\/df\/caetano-veloso-se-manifesta-contra-la-ministra-de-la-familia-brasilena-vestido-de-rosado\/"]}]},{"@type":"ImageObject","inLanguage":"es","@id":"https:\/\/diariofemenino.com.ar\/df\/caetano-veloso-se-manifesta-contra-la-ministra-de-la-familia-brasilena-vestido-de-rosado\/#primaryimage","url":"https:\/\/diariofemenino.com.ar\/df\/wp-content\/uploads\/2019\/01\/720a77e6-a20d-4111-a76e-904f24407592.jpg","contentUrl":"https:\/\/diariofemenino.com.ar\/df\/wp-content\/uploads\/2019\/01\/720a77e6-a20d-4111-a76e-904f24407592.jpg","width":640,"height":427},{"@type":"BreadcrumbList","@id":"https:\/\/diariofemenino.com.ar\/df\/caetano-veloso-se-manifesta-contra-la-ministra-de-la-familia-brasilena-vestido-de-rosado\/#breadcrumb","itemListElement":[{"@type":"ListItem","position":1,"name":"Portada","item":"https:\/\/diariofemenino.com.ar\/df\/"},{"@type":"ListItem","position":2,"name":"Caetano Veloso se manifiesta contra la ministra de la Familia brasile\u00f1a vestido de rosado"}]},{"@type":"WebSite","@id":"https:\/\/diariofemenino.com.ar\/df\/#website","url":"https:\/\/diariofemenino.com.ar\/df\/","name":"Diario Digital Femenino","description":"Cuesti\u00f3n de G\u00e9nero","publisher":{"@id":"https:\/\/diariofemenino.com.ar\/df\/#organization"},"potentialAction":[{"@type":"SearchAction","target":{"@type":"EntryPoint","urlTemplate":"https:\/\/diariofemenino.com.ar\/df\/?s={search_term_string}"},"query-input":{"@type":"PropertyValueSpecification","valueRequired":true,"valueName":"search_term_string"}}],"inLanguage":"es"},{"@type":"Organization","@id":"https:\/\/diariofemenino.com.ar\/df\/#organization","name":"Diario Femenino","url":"https:\/\/diariofemenino.com.ar\/df\/","logo":{"@type":"ImageObject","inLanguage":"es","@id":"https:\/\/diariofemenino.com.ar\/df\/#\/schema\/logo\/image\/","url":"https:\/\/diariofemenino.com.ar\/df\/wp-content\/uploads\/2018\/10\/logo.png","contentUrl":"https:\/\/diariofemenino.com.ar\/df\/wp-content\/uploads\/2018\/10\/logo.png","width":500,"height":92,"caption":"Diario Femenino"},"image":{"@id":"https:\/\/diariofemenino.com.ar\/df\/#\/schema\/logo\/image\/"},"sameAs":["https:\/\/www.facebook.com\/DiarioDigitaFemenino\/","https:\/\/x.com\/DiarioFemenino1"]},{"@type":"Person","@id":"https:\/\/diariofemenino.com.ar\/df\/#\/schema\/person\/38f54b3bfd13f561de2460ba95c169c6","name":"Admin","image":{"@type":"ImageObject","inLanguage":"es","@id":"https:\/\/diariofemenino.com.ar\/df\/wp-content\/uploads\/2018\/12\/favicon-150x150.jpg","url":"https:\/\/diariofemenino.com.ar\/df\/wp-content\/uploads\/2018\/12\/favicon-150x150.jpg","contentUrl":"https:\/\/diariofemenino.com.ar\/df\/wp-content\/uploads\/2018\/12\/favicon-150x150.jpg","caption":"Admin"},"url":"https:\/\/diariofemenino.com.ar\/df\/author\/adm18df\/"}]}},"jetpack_featured_media_url":"https:\/\/diariofemenino.com.ar\/df\/wp-content\/uploads\/2019\/01\/720a77e6-a20d-4111-a76e-904f24407592.jpg","jetpack_sharing_enabled":true,"rttpg_featured_image_url":{"full":["https:\/\/diariofemenino.com.ar\/df\/wp-content\/uploads\/2019\/01\/720a77e6-a20d-4111-a76e-904f24407592.jpg",640,427,false],"landscape":["https:\/\/diariofemenino.com.ar\/df\/wp-content\/uploads\/2019\/01\/720a77e6-a20d-4111-a76e-904f24407592.jpg",640,427,false],"portraits":["https:\/\/diariofemenino.com.ar\/df\/wp-content\/uploads\/2019\/01\/720a77e6-a20d-4111-a76e-904f24407592.jpg",640,427,false],"thumbnail":["https:\/\/diariofemenino.com.ar\/df\/wp-content\/uploads\/2019\/01\/720a77e6-a20d-4111-a76e-904f24407592-150x150.jpg",150,150,true],"medium":["https:\/\/diariofemenino.com.ar\/df\/wp-content\/uploads\/2019\/01\/720a77e6-a20d-4111-a76e-904f24407592-300x200.jpg",300,200,true],"large":["https:\/\/diariofemenino.com.ar\/df\/wp-content\/uploads\/2019\/01\/720a77e6-a20d-4111-a76e-904f24407592.jpg",640,427,false],"1536x1536":["https:\/\/diariofemenino.com.ar\/df\/wp-content\/uploads\/2019\/01\/720a77e6-a20d-4111-a76e-904f24407592.jpg",640,427,false],"2048x2048":["https:\/\/diariofemenino.com.ar\/df\/wp-content\/uploads\/2019\/01\/720a77e6-a20d-4111-a76e-904f24407592.jpg",640,427,false]},"rttpg_author":{"display_name":"Admin","author_link":"https:\/\/diariofemenino.com.ar\/df\/author\/adm18df\/"},"rttpg_comment":0,"rttpg_category":"<a href=\"https:\/\/diariofemenino.com.ar\/df\/category\/mujeres\/\" rel=\"category tag\">Mujeres<\/a>","rttpg_excerpt":"Damares Alves sostuvo que en el gobierno de Bolsonaro los ni\u00f1os iban a vestir de azul y las ni\u00f1as de rosado. Por\u00a0El Desconcierto @eldesconcierto El m\u00fasico Caetano Veloso se uni\u00f3 a la campa\u00f1a en contra de las declaraciones de una de las ministras de Jair Bolsonaro, quien afirm\u00f3 que los ni\u00f1os deben vestirse de azul&hellip;","_links":{"self":[{"href":"https:\/\/diariofemenino.com.ar\/df\/wp-json\/wp\/v2\/posts\/30470","targetHints":{"allow":["GET"]}}],"collection":[{"href":"https:\/\/diariofemenino.com.ar\/df\/wp-json\/wp\/v2\/posts"}],"about":[{"href":"https:\/\/diariofemenino.com.ar\/df\/wp-json\/wp\/v2\/types\/post"}],"author":[{"embeddable":true,"href":"https:\/\/diariofemenino.com.ar\/df\/wp-json\/wp\/v2\/users\/1"}],"replies":[{"embeddable":true,"href":"https:\/\/diariofemenino.com.ar\/df\/wp-json\/wp\/v2\/comments?post=30470"}],"version-history":[{"count":0,"href":"https:\/\/diariofemenino.com.ar\/df\/wp-json\/wp\/v2\/posts\/30470\/revisions"}],"wp:featuredmedia":[{"embeddable":true,"href":"https:\/\/diariofemenino.com.ar\/df\/wp-json\/wp\/v2\/media\/30471"}],"wp:attachment":[{"href":"https:\/\/diariofemenino.com.ar\/df\/wp-json\/wp\/v2\/media?parent=30470"}],"wp:term":[{"taxonomy":"category","embeddable":true,"href":"https:\/\/diariofemenino.com.ar\/df\/wp-json\/wp\/v2\/categories?post=30470"},{"taxonomy":"post_tag","embeddable":true,"href":"https:\/\/diariofemenino.com.ar\/df\/wp-json\/wp\/v2\/tags?post=30470"}],"curies":[{"name":"wp","href":"https:\/\/api.w.org\/{rel}","templated":true}]}}