{"id":30460,"date":"2019-01-04T21:12:25","date_gmt":"2019-01-05T00:12:25","guid":{"rendered":"http:\/\/diariofemenino.com.ar\/v2\/?p=30460"},"modified":"2019-01-04T21:12:25","modified_gmt":"2019-01-05T00:12:25","slug":"cusco-la-mujer-que-demando-al-estado-para-hacer-justicia-por-su-comunidad","status":"publish","type":"post","link":"https:\/\/diariofemenino.com.ar\/df\/cusco-la-mujer-que-demando-al-estado-para-hacer-justicia-por-su-comunidad\/","title":{"rendered":"Cusco: La mujer que demand\u00f3 al Estado para hacer justicia por su comunidad"},"content":{"rendered":"<div class=\"col-4-md col-4-sm PostInternalBlockLeft__left\">\n<div class=\"bajada-internal-text\">\n<p>Lideresa ind\u00edgena. Desde hace varios a\u00f1os\u00a0la dirigente\u00a0<strong>Melchora Surco<\/strong>lucha para que el Estado les otorgue atenci\u00f3n especializada de salud. Ella junto a otros 179 comuneros de Alto Huancan\u00e9 y Huisa de\u00a0la provincia de Espinar,<strong>\u00a0tienen 17 metales en su cuerpo<\/strong>.\u00a0Ayudada por\u00a0ONG&#8217;s, la comunera demand\u00f3 al\u00a0<a href=\"https:\/\/larepublica.pe\/economia\/1215287-gobierno-aprueba-que-el-salario-minimo-vital-en-el-peru-suba-a-s-930\"><strong>Gobierno<\/strong><\/a>\u00a0para que cumpla con\u00a0su deber.<\/p>\n<p><strong>Melchora Surco Rimachi<\/strong>\u00a0ama a su peque\u00f1a oveja como si se tratara de su hijo. La lleva a todas partes y el mam\u00edfero la sigue gustoso moviendo la cola. Si ella viaja, la cr\u00eda la acompa\u00f1a.<\/p>\n<\/div>\n<\/div>\n<div class=\"col-16-md col-16-sm PostInternalBlockLeft__right\">\n<div class=\"post-internal_description PostInternal__description\">\n<div id=\"content-body-0\" class=\"content-post\">\n<p>Antes, cientos de estos animales pastaban en su pueblo de la provincia cusque\u00f1a de\u00a0<strong>Espinar<\/strong>\u00a0llamado\u00a0<strong>Paccpaco<\/strong>, pero inexplicablemente empezaron a morir junto a las vacas, eso en\u00a0los primeros a\u00f1os de la d\u00e9cada pasada. Ca\u00edan babeando y tumbadas por alg\u00fan mal. \u201cEra como un cementerio de ganado\u201d, recuerda llorando la mujer.<\/p>\n<p>Para no perder todas las reses enfermas, algunas eran degolladas para aprovechar su carne, en cambio las v\u00edsceras ni las aceptaban los perros. \u201cEl h\u00edgado y los pulmones &#8211; cuenta &#8211; se deshac\u00edan en las manos como mazamorra\u201d. Preocupada\u00a0<strong>Melchora Surco<\/strong>acudi\u00f3 cargando las v\u00edsceras a buscar explicaciones de la mortandad a las oficinas comunitarias de\u00a0<strong>Xtrata Tintaya S.A<\/strong>., la empresa que oper\u00f3\u00a0<a href=\"https:\/\/larepublica.pe\/politica\/720824-gobierno-oculto-evidencia-de-contaminacion-en-ninos-y-adultos-de-espinar\">la mina Tintaya<\/a>\u00a0desde el 2006 al 2012.<\/p>\n<p>Suplic\u00f3 que manden veterinarios y que los reubiquen porque ya no quer\u00edan vivir m\u00e1s en Paccpaco. Los coordinadores le dijeron que no se preocupara, que buscar\u00edan una soluci\u00f3n, pero que no hablara. Melchora no hizo caso y desde esos a\u00f1os ya sal\u00eda de su boca y de sus vecinos la palabra\u00a0<a href=\"https:\/\/larepublica.pe\/sociedad\/1175448-grave-contaminacion-por-mercurio-amenaza-a-un-pueblo-indigena-del-cusco\"><strong>contaminaci\u00f3n<\/strong><\/a>.<\/p>\n<p>Las aguas que ingirieron los animales las habr\u00edan fulminado en aquella \u00e9poca. La beb\u00edan del riachuelo que pasaba junto a las casas y que m\u00e1s abajo alimentaba al r\u00edo Salado. Entre el 2012 y 2013, el\u00a0<a href=\"https:\/\/larepublica.pe\/sociedad\/1247184-lima-especialistas-areas-protegidas-compartiran-experiencias-lucha-mineria-ilegal\">Ministerio del Ambiente<\/a>\u00a0(Minam) tom\u00f3 muestras de agua en 58 puntos de la Cuenca del Salado y del Cca\u00f1ap\u00eda en 15 comunidades de Espinar. Encontraron que en 41 de ellos hab\u00eda al menos un metal que\u00a0<strong>superaba los l\u00edmites m\u00e1ximos permisibles de calidad<\/strong>\u00a0para consumo. En Paccpaco, sector de la comunidad de Alto Huancan\u00e9, donde siempre vivi\u00f3 Melchora, predomin\u00f3\u00a0<strong>el aluminio, el mercurio y plomo<\/strong>. Pero no fue lo peor que les pudo pasar.<\/p>\n<p>En 2013, 180 comuneros de Alto Huancan\u00e9 y Huisa, se enteraron que 17 metales pesados estaban alojados en sus cuerpos. Entre ellas Melchora Surco. En las muestras de sus orinas que les tom\u00f3 el\u00a0<strong>Centro Nacional de Salud Ocupacional y Protecci\u00f3n del Ambiente Para la Salud\u00a0<\/strong>(CENSOPAS), se les hall\u00f3 plomo, talio, manganeso, cadmio,\u00a0ars\u00e9nico, mercurio, entre otras sustancias mort\u00edferas para el organismo.<\/p>\n<p>Pese a los resultados hechos p\u00fablicos, el<strong>\u00a0Estado<\/strong>\u00a0hasta hoy no estableci\u00f3 cu\u00e1l es la fuente de que haya metales pesados y otras sustancias qu\u00edmicas en el l\u00edquido y en los comuneros. De eso ya pasaron 5 a\u00f1os. La \u00fanica respuesta que tiene Melchora, es la actividad minera. Ni su peque\u00f1o tama\u00f1o, ni la humildad en la que vive, la amilana para decir que su tierra est\u00e1\u00a0<a href=\"https:\/\/larepublica.pe\/politica\/1237929-comuneros-wampis-reclaman-petroperu-contaminacion-unica-fuente-agua\">contaminada\u00a0<\/a>y\u00a0que han sido \u201cenvenenados\u201d. Es por eso que esta comunera, presidenta de la\u00a0<strong>Asociaci\u00f3n Para la Defensa de Paccpaco Afectada por la Miner\u00eda (<\/strong>ADEPAMI<strong>)<\/strong>, se gan\u00f3 la antipat\u00eda de muchos. Unos la han estigmatizado de no querer el progreso ni el desarrollo de su pueblo. Otros consideran su lucha justa en defensa de la tierra\u00a0 y por el derecho a la salud.<\/p>\n<h3><strong>SOLA<\/strong><\/h3>\n<p>Una ma\u00f1ana de abril del 2018, Paccpaco est\u00e1 en silencio. Apenas tres vacas sin mugir pasan las horas en un reba\u00f1o cercano. En cambio\u00a0<a href=\"https:\/\/larepublica.pe\/politica\/905263-pobladores-contaminados-de-espinar-esperan-desde-hace-cinco-anos-tratamiento-medico\">Melchora Surco<\/a>, de 64 a\u00f1os, traslad\u00f3 a sus seis reses a kil\u00f3metros de aquel lugar\u00a0porque teme que mueran. En Paccpaco\u00a0el\u00a0boom del ganado acab\u00f3 y tambi\u00e9n, de la gente. Los j\u00f3venes del pueblo se han ido espantados por la\u00a0<strong>contaminaci\u00f3n<\/strong>. Los cuatro hijos de la comunera igualmente partieron. Hace varios a\u00f1os vive sola.<\/p>\n<p>Desde la puerta de su casa, enclavada en los 4 mil 100 metros sobre el nivel del mar, puede ver en la cima de la colina el borde del dep\u00f3sito de relaves llamado\u00a0<strong>Camacmayo<\/strong>. No est\u00e1 lejos, solo la separan 300 metros. Camacmayo, junto a la relavera Huinipampa, sirvieron para descargar parte de los desechos t\u00f3xicos del yacimiento de cobre\u00a0<strong>Tintaya<\/strong>, explotado durante 27 a\u00f1os (1985-2012). \u00bfEs solo coincidencia de que todos los comuneros que conviven con metales en sus organismos est\u00e9n tan cerca de Camacmayo y Huinipampa?<\/p>\n<p>&#8211; Gracias a la miner\u00eda y los relaves ya no tenemos nuestros animales, ni agua sana, ni aire sano. Por \u00faltimo nuestros cuerpos est\u00e1n en peligro. No tenemos cura tampoco- responde\u00a0<strong>Melchora Surco<\/strong>.<\/p>\n<p>Acompa\u00f1ada de su oveja sube hasta la malla que separa la propiedad de la minera. Al fondo se puede ver que la\u00a0superficie de ese dep\u00f3sito ahora est\u00e1 cubierta de\u00a0suelo \u00f3rganico,\u00a0ya que est\u00e1 en proceso de cierre, al igual que todo el complejo minero\u00a0<strong>Tintaya<\/strong>.<\/p>\n<p>La mujer recuerda que en los noventa cuando\u00a0<strong>Camacmayo<\/strong>\u00a0estaba abierto no\u00a0pod\u00eda vivir con la ventana abierta de su casa, porque un olor fuerte parecido al azufre se apoderaba del ambiente. Adem\u00e1s la cara y los ojos le ard\u00edan, as\u00ed como las manos cuando tocaban el agua de su riachuelo. \u201cEl agua antes parec\u00eda tener az\u00facar, era rico, natural. Ahora eso ha cambiado\u201d, lamenta. Por precauci\u00f3n el l\u00edquido que consumen en la actualidad del riachuelo, est\u00e1 entubado.<\/p>\n<p>Cuando empez\u00f3 a reclamar \u201clos de la mina la amenazaban\u201d. Asegura Melchora que delante de sus hijos,\u00a0<strong>los coordinadores de la mina la llamaban Satan\u00e1s,\u00a0<\/strong>que incentivaba a la gente de que hay\u00a0<strong>contaminaci\u00f3n<\/strong>\u00a0y que pertenec\u00eda a una familia conflictiva. Hasta algunos de los compa\u00f1eros de su comunidad le advert\u00edan que se callara.<\/p>\n<p>Sorpresivamente alguien quem\u00f3 su casa de adobe y paja. Afortunadamente ella y sus hijos no durmieron esa noche all\u00ed. Cuando lleg\u00f3 solo encontr\u00f3 sus cosas despidiendo humo y a sus gallinas muertas. Acudi\u00f3 a la Federaci\u00f3n \u00danica de Campesinos de Espinar (FUCAE), pero solo le respondieron que se cuide y que estuviera alerta.<\/p>\n<p>&#8211; Hoy en d\u00eda muchos de los compa\u00f1eros de mi comunidad\u00a0 me dicen \u2018\u00bfd\u00f3nde est\u00e1 lo que has luchado? Luchas para ti nom\u00e1s\u2019. Eso es una calumnia. Se burlan, me bajan mi moral. \u00bfAs\u00ed voy a luchar?- se pregunta.<\/p>\n<h3><strong>RICO ESPINAR<\/strong><\/h3>\n<p>Melchora\u00a0<strong>protest\u00f3 contra la minera Xstrata Tintaya en el paro del 2012<\/strong>, pero no es antiminera. Recuerda que recibi\u00f3 con palmas, junto a sus vecinos, a EMATISA, una empresa estatal que fue la primera en hacerse cargo de Tintaya en 1985.\u00a0 Les prometieron capacitaci\u00f3n a sus hijos y a sus esposos, para que puedan trabajar en la mina. Escucharon tambi\u00e9n palabras como apoyo y desarrollo.<\/p>\n<p>Las otras empresas privadas, que desde 1994 tuvieron en sus manos ese yacimiento de cobre, tambi\u00e9n les ofrecieron lo mismo. \u201cNos dec\u00edan vamos a casarnos, vamos a ser como marido y mujer. Pero despu\u00e9s el marido se divorci\u00f3 de nosotros\u201d, se\u00f1ala la campesina.<\/p>\n<p><a href=\"https:\/\/larepublica.pe\/politica\/1156802-agricultura-y-dirigentes-de-espinar-acuerdan-el-inicio-de-tres-proyectos-hidricos\"><strong>Espinar<\/strong><\/a>\u00a0es rico por los minerales que hay dentro de la tierra, pero no por la gente que vive encima. Son 35 a\u00f1os en que hay explotaci\u00f3n de minerales en esta provincia. Su principal yacimiento,\u00a0<strong>Tintaya<\/strong>, se agot\u00f3. Pero desde noviembre del 2012, la empresa Glencore es la nueva due\u00f1a de Tintaya y saca cobre de Antapaccay, un nuevo y irco\u00a0tajo. La bonanza econ\u00f3mica con los millones de recursos del canon por esta actividad no lleg\u00f3 a la mayor\u00eda de sus pobladores. As\u00ed la pobreza a\u00fan impera.<\/p>\n<h3><strong>DE MILAGRO VIVEN<\/strong><\/h3>\n<p>Feliciana Merma Armend\u00e1riz de 54 a\u00f1os llega con dificultad a la casa de Melchora, su amiga. Se apoya en un bast\u00f3n para poder caminar. \u201cSufro de descalcificaci\u00f3n de huesos y me duele la cabeza total. Estamos esperando morir nom\u00e1s\u201d, dice aguantando llorar. Ella tambi\u00e9n tiene dentro de s\u00ed 17 metales, mayormente cadmio.\u00a0<strong>Melchora<\/strong>\u00a0excede en cinco metales como el molibdeno.<\/p>\n<p>&#8211; Una vez he ido a la mina. Ponme a mi hijo le he dicho, quiere trabajar. Con eso me va a curar le he dicho. No hay, con la Melchora sigue caminando nom\u00e1s, me dijo. Qui\u00e9n le avisar\u00e1 que camino con Melchora-cuenta Feliciana.<\/p>\n<p>De todos los afectados a nadie se la ha brindado atenci\u00f3n especializada.<strong>\u00a0<\/strong>Incluso en el 2015 hubo una v\u00edctima: Margarita Ccahuana fallecida por intoxicaci\u00f3n de cadmio y ars\u00e9nico. Seg\u00fan el informe de la ONG\u00a0<strong>Amnist\u00eda Internacional<\/strong>\u00a0(AI)\u00a0<strong>\u201cEstado T\u00f3xico\u201d<\/strong>, se elaboraron dos planes de acciones de salud que han sido incumplidos. Uno lo hizo el\u00a0\u00a0<strong>Ministerio de la Salud<\/strong>\u00a0(Minsa) y el otro el\u00a0<a href=\"https:\/\/larepublica.pe\/politica\/1155514-s-15-millones-reclama-odebrecht-al-gobierno-regional-del-cusco\">Gobierno Regional de Cusco<\/a><strong>\u00a0<\/strong>(GRC). \u201cPese que es una obligaci\u00f3n del Estado atenderlos de manera inmediata, no lo hace\u201d, opina Marina Navarro, directora ejecutiva de AI.<\/p>\n<p>Ante la desidia, ADEPAMI, encabezada por\u00a0<strong>Melchora Surco<\/strong>, interpuso una demanda de acci\u00f3n de cumplimiento en el 2013 contra diez entidades del Estado, entre ellos el Minsa, el Minam, el OEFA, el GRC, entre otros. Maritza Quispe, abogada del\u00a0<strong>Instituto de Defensa Legal<\/strong>\u00a0(IDL), que asesora legalmente a la asociaci\u00f3n junto a CooperAcci\u00f3n y Derechos Humanos Sin Fronteras, sostiene que el principal objetivo es que cuenten con atenci\u00f3n m\u00e9dica. El caso est\u00e1 en su fase final y lo analiza el\u00a0<strong>Juzgado Mixto de Espinar<\/strong>.<\/p>\n<p>Pero Melchora no solo acudi\u00f3 a los fueros internos por justicia. Junto y con el apoyo de IDL, viaj\u00f3 hacia\u00a0<strong>Washington D.C<\/strong>., para participar de una audiencia ante la\u00a0<strong>Comisi\u00f3n Internacional de Derechos Humanos<\/strong>\u00a0(CIDH) en abril del 2016. La lideresa ind\u00edgena expuso ante los comisionados\u00a0 las condiciones en que viven en Espinar. En esa misma cita, informa Quispe, la CDHI exhort\u00f3 al Estado hacerse responsable de la salud de los afectados y de la\u00a0<strong><a href=\"https:\/\/larepublica.pe\/sociedad\/1213191-dirigenta-del-valle-de-tambo-rechaza-estudio-de-oefa-sobre-contaminacion\">contaminaci\u00f3n<\/a>\u00a0<\/strong>en la provincia cusque\u00f1a. Pero sigue mostrando la misma indiferencia.<\/p>\n<p>La presidenta de ADEPAMI recuerda que se reuni\u00f3 hace poco (diciembre del 2017), junto a otros dirigentes, con el exministro de Salud,<strong>\u00a0Fernando D\u2019Alessio<\/strong>. \u00c9l se disculp\u00f3 y dijo que har\u00eda las coordinaciones necesarias para que tengan acceso a atenci\u00f3n. Lo sacaron de esa cartera y todo eso se olvid\u00f3.<\/p>\n<p>De entre sus cosas,\u00a0<strong>Melchora Surco<\/strong>\u00a0saca fotos y las muestra. En una se le ve en una protesta. En otra en una chacra, posiblemente de papas, que ya no siembra por que dice que sale agria por la tierra. En otra est\u00e1n vacas que antes merodeaban por su casa. Con esas mismas fotos cuenta lo que pasa en Espinar cuando le toca viajar invitada por distintas organizaciones y ONG\u2019s, a ciudades como Lima,\u00a0<a href=\"https:\/\/larepublica.pe\/politica\/1251683-habra-transporte-dictado-clases-arequipa\"><strong>Arequipa<\/strong><\/a>\u00a0o Bolivia.<\/p>\n<h3><strong>HASTA MORIR<\/strong><\/h3>\n<p>Nubes grises de pronto cubren Paccpaco. En cuesti\u00f3n de minutos, goterones\u00a0empieza\u00a0a castigar la tierra y el techo de calamina de la casa de la comunera. La mujer sale de su hogar como puede. En sus manos lleva un gran cobertor de pl\u00e1stico para cubrir la kiwicha que hace poco cosech\u00f3. Pero las gotas se han convertido en granizo y a Melchora solo le queda refugiarse bajo el pl\u00e1stico. Antes de taparse por completo, sopla dos veces con direcci\u00f3n al cielo invocando: \u201cV\u00e1yanse nubes, v\u00e1yanse\u201d. Su artilugio funciona: Deja de granizar y las espesas nubes se alejan.<\/p>\n<p>A\u00f1os atr\u00e1s, dice, era feliz. Viv\u00eda con sus hijos y nietos y solo se preocupaba por su chacra y animales. Hoy no hay calidad de vida -sostiene- como la tiene\u00a0la gente de la ciudad o los congresistas.<\/p>\n<p><strong>&#8211; Cuando me voy a morir, cuando voy a\u00a0desaparecer de este mundo, ah\u00ed me har\u00e1n callar.<\/strong><\/p>\n<\/div>\n<\/div>\n<\/div>\n<p>&nbsp;<\/p>\n<p>Fuente: <a href=\"https:\/\/larepublica.pe\/sociedad\/1252957-cusco-mujer-demando-justicia-comunidad\">La Rep\u00fablica<\/a><\/p>\n","protected":false},"excerpt":{"rendered":"<p>Lideresa ind\u00edgena. Desde hace varios a\u00f1os\u00a0la dirigente\u00a0Melchora Surcolucha para que el Estado les otorgue atenci\u00f3n especializada de salud. Ella junto a otros 179 comuneros de Alto Huancan\u00e9 y Huisa de\u00a0la provincia de Espinar,\u00a0tienen 17 metales en su cuerpo.\u00a0Ayudada por\u00a0ONG&#8217;s, la comunera demand\u00f3 al\u00a0Gobierno\u00a0para que cumpla con\u00a0su deber. Melchora Surco Rimachi\u00a0ama a su peque\u00f1a oveja como [&hellip;]<\/p>\n","protected":false},"author":3,"featured_media":30461,"comment_status":"closed","ping_status":"closed","sticky":false,"template":"","format":"standard","meta":{"iawp_total_views":1,"footnotes":""},"categories":[178],"tags":[25,53,30,33,34,130,18],"class_list":["post-30460","post","type-post","status-publish","format-standard","has-post-thumbnail","hentry","category-articulos-y-comunicados","tag-activismo","tag-derechos-de-las-mujeres","tag-derechos-humanos","tag-discriminacion","tag-machismo","tag-mujeres","tag-politicas-publicas"],"nelio_content":{"autoShareEndMode":"never","automationSources":{"useCustomSentences":false,"customSentences":[]},"efiAlt":"","efiUrl":"","followers":[1,3],"highlights":[],"isAutoShareEnabled":true,"networkImageIds":[],"permalinkQueryArgs":[],"series":[],"suggestedReferences":[]},"yoast_head":"<!-- This site is optimized with the Yoast SEO plugin v27.5 - https:\/\/yoast.com\/product\/yoast-seo-wordpress\/ -->\n<title>Cusco: La mujer que demand\u00f3 al Estado para hacer justicia por su comunidad - Diario Digital Femenino<\/title>\n<meta name=\"robots\" content=\"index, follow, max-snippet:-1, max-image-preview:large, max-video-preview:-1\" \/>\n<link rel=\"canonical\" href=\"https:\/\/diariofemenino.com.ar\/df\/cusco-la-mujer-que-demando-al-estado-para-hacer-justicia-por-su-comunidad\/\" \/>\n<meta property=\"og:locale\" content=\"es_ES\" \/>\n<meta property=\"og:type\" content=\"article\" \/>\n<meta property=\"og:title\" content=\"Cusco: La mujer que demand\u00f3 al Estado para hacer justicia por su comunidad - Diario Digital Femenino\" \/>\n<meta property=\"og:description\" content=\"Lideresa ind\u00edgena. Desde hace varios a\u00f1os\u00a0la dirigente\u00a0Melchora Surcolucha para que el Estado les otorgue atenci\u00f3n especializada de salud. Ella junto a otros 179 comuneros de Alto Huancan\u00e9 y Huisa de\u00a0la provincia de Espinar,\u00a0tienen 17 metales en su cuerpo.\u00a0Ayudada por\u00a0ONG&#8217;s, la comunera demand\u00f3 al\u00a0Gobierno\u00a0para que cumpla con\u00a0su deber. Melchora Surco Rimachi\u00a0ama a su peque\u00f1a oveja como [&hellip;]\" \/>\n<meta property=\"og:url\" content=\"https:\/\/diariofemenino.com.ar\/df\/cusco-la-mujer-que-demando-al-estado-para-hacer-justicia-por-su-comunidad\/\" \/>\n<meta property=\"og:site_name\" content=\"Diario Digital Femenino\" \/>\n<meta property=\"article:publisher\" content=\"https:\/\/www.facebook.com\/DiarioDigitaFemenino\/\" \/>\n<meta property=\"article:published_time\" content=\"2019-01-05T00:12:25+00:00\" \/>\n<meta property=\"og:image\" content=\"https:\/\/diariofemenino.com.ar\/df\/wp-content\/uploads\/2019\/01\/noticia-melchora-ok.jpg\" \/>\n\t<meta property=\"og:image:width\" content=\"660\" \/>\n\t<meta property=\"og:image:height\" content=\"392\" \/>\n\t<meta property=\"og:image:type\" content=\"image\/jpeg\" \/>\n<meta name=\"author\" content=\"Admin\" \/>\n<meta name=\"twitter:card\" content=\"summary_large_image\" \/>\n<meta name=\"twitter:creator\" content=\"@DiarioFemenino1\" \/>\n<meta name=\"twitter:site\" content=\"@DiarioFemenino1\" \/>\n<meta name=\"twitter:label1\" content=\"Escrito por\" \/>\n\t<meta name=\"twitter:data1\" content=\"Admin\" \/>\n\t<meta name=\"twitter:label2\" content=\"Tiempo de lectura\" \/>\n\t<meta name=\"twitter:data2\" content=\"10 minutos\" \/>\n<script type=\"application\/ld+json\" class=\"yoast-schema-graph\">{\"@context\":\"https:\\\/\\\/schema.org\",\"@graph\":[{\"@type\":\"Article\",\"@id\":\"https:\\\/\\\/diariofemenino.com.ar\\\/df\\\/cusco-la-mujer-que-demando-al-estado-para-hacer-justicia-por-su-comunidad\\\/#article\",\"isPartOf\":{\"@id\":\"https:\\\/\\\/diariofemenino.com.ar\\\/df\\\/cusco-la-mujer-que-demando-al-estado-para-hacer-justicia-por-su-comunidad\\\/\"},\"author\":{\"name\":\"Admin\",\"@id\":\"https:\\\/\\\/diariofemenino.com.ar\\\/df\\\/#\\\/schema\\\/person\\\/1c36bc3bf394d8ec320814298b4fdd3f\"},\"headline\":\"Cusco: La mujer que demand\u00f3 al Estado para hacer justicia por su comunidad\",\"datePublished\":\"2019-01-05T00:12:25+00:00\",\"mainEntityOfPage\":{\"@id\":\"https:\\\/\\\/diariofemenino.com.ar\\\/df\\\/cusco-la-mujer-que-demando-al-estado-para-hacer-justicia-por-su-comunidad\\\/\"},\"wordCount\":2011,\"publisher\":{\"@id\":\"https:\\\/\\\/diariofemenino.com.ar\\\/df\\\/#organization\"},\"image\":{\"@id\":\"https:\\\/\\\/diariofemenino.com.ar\\\/df\\\/cusco-la-mujer-que-demando-al-estado-para-hacer-justicia-por-su-comunidad\\\/#primaryimage\"},\"thumbnailUrl\":\"https:\\\/\\\/diariofemenino.com.ar\\\/df\\\/wp-content\\\/uploads\\\/2019\\\/01\\\/noticia-melchora-ok.jpg\",\"keywords\":[\"Activismo\",\"Derechos de las mujeres\",\"Derechos Humanos\",\"Discriminaci\u00f3n\",\"Machismo\",\"Mujeres\",\"Pol\u00edticas p\u00fablicas\"],\"articleSection\":[\"Art\u00edculos y Comunicados\"],\"inLanguage\":\"es\"},{\"@type\":\"WebPage\",\"@id\":\"https:\\\/\\\/diariofemenino.com.ar\\\/df\\\/cusco-la-mujer-que-demando-al-estado-para-hacer-justicia-por-su-comunidad\\\/\",\"url\":\"https:\\\/\\\/diariofemenino.com.ar\\\/df\\\/cusco-la-mujer-que-demando-al-estado-para-hacer-justicia-por-su-comunidad\\\/\",\"name\":\"Cusco: La mujer que demand\u00f3 al Estado para hacer justicia por su comunidad - Diario Digital Femenino\",\"isPartOf\":{\"@id\":\"https:\\\/\\\/diariofemenino.com.ar\\\/df\\\/#website\"},\"primaryImageOfPage\":{\"@id\":\"https:\\\/\\\/diariofemenino.com.ar\\\/df\\\/cusco-la-mujer-que-demando-al-estado-para-hacer-justicia-por-su-comunidad\\\/#primaryimage\"},\"image\":{\"@id\":\"https:\\\/\\\/diariofemenino.com.ar\\\/df\\\/cusco-la-mujer-que-demando-al-estado-para-hacer-justicia-por-su-comunidad\\\/#primaryimage\"},\"thumbnailUrl\":\"https:\\\/\\\/diariofemenino.com.ar\\\/df\\\/wp-content\\\/uploads\\\/2019\\\/01\\\/noticia-melchora-ok.jpg\",\"datePublished\":\"2019-01-05T00:12:25+00:00\",\"breadcrumb\":{\"@id\":\"https:\\\/\\\/diariofemenino.com.ar\\\/df\\\/cusco-la-mujer-que-demando-al-estado-para-hacer-justicia-por-su-comunidad\\\/#breadcrumb\"},\"inLanguage\":\"es\",\"potentialAction\":[{\"@type\":\"ReadAction\",\"target\":[\"https:\\\/\\\/diariofemenino.com.ar\\\/df\\\/cusco-la-mujer-que-demando-al-estado-para-hacer-justicia-por-su-comunidad\\\/\"]}]},{\"@type\":\"ImageObject\",\"inLanguage\":\"es\",\"@id\":\"https:\\\/\\\/diariofemenino.com.ar\\\/df\\\/cusco-la-mujer-que-demando-al-estado-para-hacer-justicia-por-su-comunidad\\\/#primaryimage\",\"url\":\"https:\\\/\\\/diariofemenino.com.ar\\\/df\\\/wp-content\\\/uploads\\\/2019\\\/01\\\/noticia-melchora-ok.jpg\",\"contentUrl\":\"https:\\\/\\\/diariofemenino.com.ar\\\/df\\\/wp-content\\\/uploads\\\/2019\\\/01\\\/noticia-melchora-ok.jpg\",\"width\":660,\"height\":392},{\"@type\":\"BreadcrumbList\",\"@id\":\"https:\\\/\\\/diariofemenino.com.ar\\\/df\\\/cusco-la-mujer-que-demando-al-estado-para-hacer-justicia-por-su-comunidad\\\/#breadcrumb\",\"itemListElement\":[{\"@type\":\"ListItem\",\"position\":1,\"name\":\"Portada\",\"item\":\"https:\\\/\\\/diariofemenino.com.ar\\\/df\\\/\"},{\"@type\":\"ListItem\",\"position\":2,\"name\":\"Cusco: La mujer que demand\u00f3 al Estado para hacer justicia por su comunidad\"}]},{\"@type\":\"WebSite\",\"@id\":\"https:\\\/\\\/diariofemenino.com.ar\\\/df\\\/#website\",\"url\":\"https:\\\/\\\/diariofemenino.com.ar\\\/df\\\/\",\"name\":\"Diario Digital Femenino\",\"description\":\"Cuesti\u00f3n de G\u00e9nero\",\"publisher\":{\"@id\":\"https:\\\/\\\/diariofemenino.com.ar\\\/df\\\/#organization\"},\"potentialAction\":[{\"@type\":\"SearchAction\",\"target\":{\"@type\":\"EntryPoint\",\"urlTemplate\":\"https:\\\/\\\/diariofemenino.com.ar\\\/df\\\/?s={search_term_string}\"},\"query-input\":{\"@type\":\"PropertyValueSpecification\",\"valueRequired\":true,\"valueName\":\"search_term_string\"}}],\"inLanguage\":\"es\"},{\"@type\":\"Organization\",\"@id\":\"https:\\\/\\\/diariofemenino.com.ar\\\/df\\\/#organization\",\"name\":\"Diario Femenino\",\"url\":\"https:\\\/\\\/diariofemenino.com.ar\\\/df\\\/\",\"logo\":{\"@type\":\"ImageObject\",\"inLanguage\":\"es\",\"@id\":\"https:\\\/\\\/diariofemenino.com.ar\\\/df\\\/#\\\/schema\\\/logo\\\/image\\\/\",\"url\":\"https:\\\/\\\/diariofemenino.com.ar\\\/df\\\/wp-content\\\/uploads\\\/2018\\\/10\\\/logo.png\",\"contentUrl\":\"https:\\\/\\\/diariofemenino.com.ar\\\/df\\\/wp-content\\\/uploads\\\/2018\\\/10\\\/logo.png\",\"width\":500,\"height\":92,\"caption\":\"Diario Femenino\"},\"image\":{\"@id\":\"https:\\\/\\\/diariofemenino.com.ar\\\/df\\\/#\\\/schema\\\/logo\\\/image\\\/\"},\"sameAs\":[\"https:\\\/\\\/www.facebook.com\\\/DiarioDigitaFemenino\\\/\",\"https:\\\/\\\/x.com\\\/DiarioFemenino1\"]},{\"@type\":\"Person\",\"@id\":\"https:\\\/\\\/diariofemenino.com.ar\\\/df\\\/#\\\/schema\\\/person\\\/1c36bc3bf394d8ec320814298b4fdd3f\",\"name\":\"Admin\",\"image\":{\"@type\":\"ImageObject\",\"inLanguage\":\"es\",\"@id\":\"https:\\\/\\\/diariofemenino.com.ar\\\/df\\\/wp-content\\\/uploads\\\/2018\\\/12\\\/favicon-150x150.jpg\",\"url\":\"https:\\\/\\\/diariofemenino.com.ar\\\/df\\\/wp-content\\\/uploads\\\/2018\\\/12\\\/favicon-150x150.jpg\",\"contentUrl\":\"https:\\\/\\\/diariofemenino.com.ar\\\/df\\\/wp-content\\\/uploads\\\/2018\\\/12\\\/favicon-150x150.jpg\",\"caption\":\"Admin\"},\"url\":\"https:\\\/\\\/diariofemenino.com.ar\\\/df\\\/author\\\/sofiperez\\\/\"}]}<\/script>\n<!-- \/ Yoast SEO plugin. -->","yoast_head_json":{"title":"Cusco: La mujer que demand\u00f3 al Estado para hacer justicia por su comunidad - Diario Digital Femenino","robots":{"index":"index","follow":"follow","max-snippet":"max-snippet:-1","max-image-preview":"max-image-preview:large","max-video-preview":"max-video-preview:-1"},"canonical":"https:\/\/diariofemenino.com.ar\/df\/cusco-la-mujer-que-demando-al-estado-para-hacer-justicia-por-su-comunidad\/","og_locale":"es_ES","og_type":"article","og_title":"Cusco: La mujer que demand\u00f3 al Estado para hacer justicia por su comunidad - Diario Digital Femenino","og_description":"Lideresa ind\u00edgena. Desde hace varios a\u00f1os\u00a0la dirigente\u00a0Melchora Surcolucha para que el Estado les otorgue atenci\u00f3n especializada de salud. Ella junto a otros 179 comuneros de Alto Huancan\u00e9 y Huisa de\u00a0la provincia de Espinar,\u00a0tienen 17 metales en su cuerpo.\u00a0Ayudada por\u00a0ONG&#8217;s, la comunera demand\u00f3 al\u00a0Gobierno\u00a0para que cumpla con\u00a0su deber. Melchora Surco Rimachi\u00a0ama a su peque\u00f1a oveja como [&hellip;]","og_url":"https:\/\/diariofemenino.com.ar\/df\/cusco-la-mujer-que-demando-al-estado-para-hacer-justicia-por-su-comunidad\/","og_site_name":"Diario Digital Femenino","article_publisher":"https:\/\/www.facebook.com\/DiarioDigitaFemenino\/","article_published_time":"2019-01-05T00:12:25+00:00","og_image":[{"width":660,"height":392,"url":"https:\/\/diariofemenino.com.ar\/df\/wp-content\/uploads\/2019\/01\/noticia-melchora-ok.jpg","type":"image\/jpeg"}],"author":"Admin","twitter_card":"summary_large_image","twitter_creator":"@DiarioFemenino1","twitter_site":"@DiarioFemenino1","twitter_misc":{"Escrito por":"Admin","Tiempo de lectura":"10 minutos"},"schema":{"@context":"https:\/\/schema.org","@graph":[{"@type":"Article","@id":"https:\/\/diariofemenino.com.ar\/df\/cusco-la-mujer-que-demando-al-estado-para-hacer-justicia-por-su-comunidad\/#article","isPartOf":{"@id":"https:\/\/diariofemenino.com.ar\/df\/cusco-la-mujer-que-demando-al-estado-para-hacer-justicia-por-su-comunidad\/"},"author":{"name":"Admin","@id":"https:\/\/diariofemenino.com.ar\/df\/#\/schema\/person\/1c36bc3bf394d8ec320814298b4fdd3f"},"headline":"Cusco: La mujer que demand\u00f3 al Estado para hacer justicia por su comunidad","datePublished":"2019-01-05T00:12:25+00:00","mainEntityOfPage":{"@id":"https:\/\/diariofemenino.com.ar\/df\/cusco-la-mujer-que-demando-al-estado-para-hacer-justicia-por-su-comunidad\/"},"wordCount":2011,"publisher":{"@id":"https:\/\/diariofemenino.com.ar\/df\/#organization"},"image":{"@id":"https:\/\/diariofemenino.com.ar\/df\/cusco-la-mujer-que-demando-al-estado-para-hacer-justicia-por-su-comunidad\/#primaryimage"},"thumbnailUrl":"https:\/\/diariofemenino.com.ar\/df\/wp-content\/uploads\/2019\/01\/noticia-melchora-ok.jpg","keywords":["Activismo","Derechos de las mujeres","Derechos Humanos","Discriminaci\u00f3n","Machismo","Mujeres","Pol\u00edticas p\u00fablicas"],"articleSection":["Art\u00edculos y Comunicados"],"inLanguage":"es"},{"@type":"WebPage","@id":"https:\/\/diariofemenino.com.ar\/df\/cusco-la-mujer-que-demando-al-estado-para-hacer-justicia-por-su-comunidad\/","url":"https:\/\/diariofemenino.com.ar\/df\/cusco-la-mujer-que-demando-al-estado-para-hacer-justicia-por-su-comunidad\/","name":"Cusco: La mujer que demand\u00f3 al Estado para hacer justicia por su comunidad - Diario Digital Femenino","isPartOf":{"@id":"https:\/\/diariofemenino.com.ar\/df\/#website"},"primaryImageOfPage":{"@id":"https:\/\/diariofemenino.com.ar\/df\/cusco-la-mujer-que-demando-al-estado-para-hacer-justicia-por-su-comunidad\/#primaryimage"},"image":{"@id":"https:\/\/diariofemenino.com.ar\/df\/cusco-la-mujer-que-demando-al-estado-para-hacer-justicia-por-su-comunidad\/#primaryimage"},"thumbnailUrl":"https:\/\/diariofemenino.com.ar\/df\/wp-content\/uploads\/2019\/01\/noticia-melchora-ok.jpg","datePublished":"2019-01-05T00:12:25+00:00","breadcrumb":{"@id":"https:\/\/diariofemenino.com.ar\/df\/cusco-la-mujer-que-demando-al-estado-para-hacer-justicia-por-su-comunidad\/#breadcrumb"},"inLanguage":"es","potentialAction":[{"@type":"ReadAction","target":["https:\/\/diariofemenino.com.ar\/df\/cusco-la-mujer-que-demando-al-estado-para-hacer-justicia-por-su-comunidad\/"]}]},{"@type":"ImageObject","inLanguage":"es","@id":"https:\/\/diariofemenino.com.ar\/df\/cusco-la-mujer-que-demando-al-estado-para-hacer-justicia-por-su-comunidad\/#primaryimage","url":"https:\/\/diariofemenino.com.ar\/df\/wp-content\/uploads\/2019\/01\/noticia-melchora-ok.jpg","contentUrl":"https:\/\/diariofemenino.com.ar\/df\/wp-content\/uploads\/2019\/01\/noticia-melchora-ok.jpg","width":660,"height":392},{"@type":"BreadcrumbList","@id":"https:\/\/diariofemenino.com.ar\/df\/cusco-la-mujer-que-demando-al-estado-para-hacer-justicia-por-su-comunidad\/#breadcrumb","itemListElement":[{"@type":"ListItem","position":1,"name":"Portada","item":"https:\/\/diariofemenino.com.ar\/df\/"},{"@type":"ListItem","position":2,"name":"Cusco: La mujer que demand\u00f3 al Estado para hacer justicia por su comunidad"}]},{"@type":"WebSite","@id":"https:\/\/diariofemenino.com.ar\/df\/#website","url":"https:\/\/diariofemenino.com.ar\/df\/","name":"Diario Digital Femenino","description":"Cuesti\u00f3n de G\u00e9nero","publisher":{"@id":"https:\/\/diariofemenino.com.ar\/df\/#organization"},"potentialAction":[{"@type":"SearchAction","target":{"@type":"EntryPoint","urlTemplate":"https:\/\/diariofemenino.com.ar\/df\/?s={search_term_string}"},"query-input":{"@type":"PropertyValueSpecification","valueRequired":true,"valueName":"search_term_string"}}],"inLanguage":"es"},{"@type":"Organization","@id":"https:\/\/diariofemenino.com.ar\/df\/#organization","name":"Diario Femenino","url":"https:\/\/diariofemenino.com.ar\/df\/","logo":{"@type":"ImageObject","inLanguage":"es","@id":"https:\/\/diariofemenino.com.ar\/df\/#\/schema\/logo\/image\/","url":"https:\/\/diariofemenino.com.ar\/df\/wp-content\/uploads\/2018\/10\/logo.png","contentUrl":"https:\/\/diariofemenino.com.ar\/df\/wp-content\/uploads\/2018\/10\/logo.png","width":500,"height":92,"caption":"Diario Femenino"},"image":{"@id":"https:\/\/diariofemenino.com.ar\/df\/#\/schema\/logo\/image\/"},"sameAs":["https:\/\/www.facebook.com\/DiarioDigitaFemenino\/","https:\/\/x.com\/DiarioFemenino1"]},{"@type":"Person","@id":"https:\/\/diariofemenino.com.ar\/df\/#\/schema\/person\/1c36bc3bf394d8ec320814298b4fdd3f","name":"Admin","image":{"@type":"ImageObject","inLanguage":"es","@id":"https:\/\/diariofemenino.com.ar\/df\/wp-content\/uploads\/2018\/12\/favicon-150x150.jpg","url":"https:\/\/diariofemenino.com.ar\/df\/wp-content\/uploads\/2018\/12\/favicon-150x150.jpg","contentUrl":"https:\/\/diariofemenino.com.ar\/df\/wp-content\/uploads\/2018\/12\/favicon-150x150.jpg","caption":"Admin"},"url":"https:\/\/diariofemenino.com.ar\/df\/author\/sofiperez\/"}]}},"jetpack_featured_media_url":"https:\/\/diariofemenino.com.ar\/df\/wp-content\/uploads\/2019\/01\/noticia-melchora-ok.jpg","jetpack_sharing_enabled":true,"rttpg_featured_image_url":{"full":["https:\/\/diariofemenino.com.ar\/df\/wp-content\/uploads\/2019\/01\/noticia-melchora-ok.jpg",660,392,false],"landscape":["https:\/\/diariofemenino.com.ar\/df\/wp-content\/uploads\/2019\/01\/noticia-melchora-ok.jpg",660,392,false],"portraits":["https:\/\/diariofemenino.com.ar\/df\/wp-content\/uploads\/2019\/01\/noticia-melchora-ok.jpg",660,392,false],"thumbnail":["https:\/\/diariofemenino.com.ar\/df\/wp-content\/uploads\/2019\/01\/noticia-melchora-ok-150x150.jpg",150,150,true],"medium":["https:\/\/diariofemenino.com.ar\/df\/wp-content\/uploads\/2019\/01\/noticia-melchora-ok-300x178.jpg",300,178,true],"large":["https:\/\/diariofemenino.com.ar\/df\/wp-content\/uploads\/2019\/01\/noticia-melchora-ok.jpg",660,392,false],"1536x1536":["https:\/\/diariofemenino.com.ar\/df\/wp-content\/uploads\/2019\/01\/noticia-melchora-ok.jpg",660,392,false],"2048x2048":["https:\/\/diariofemenino.com.ar\/df\/wp-content\/uploads\/2019\/01\/noticia-melchora-ok.jpg",660,392,false]},"rttpg_author":{"display_name":"Admin","author_link":"https:\/\/diariofemenino.com.ar\/df\/author\/sofiperez\/"},"rttpg_comment":0,"rttpg_category":"<a href=\"https:\/\/diariofemenino.com.ar\/df\/category\/articulos-y-comunicados\/\" rel=\"category tag\">Art\u00edculos y Comunicados<\/a>","rttpg_excerpt":"Lideresa ind\u00edgena. Desde hace varios a\u00f1os\u00a0la dirigente\u00a0Melchora Surcolucha para que el Estado les otorgue atenci\u00f3n especializada de salud. Ella junto a otros 179 comuneros de Alto Huancan\u00e9 y Huisa de\u00a0la provincia de Espinar,\u00a0tienen 17 metales en su cuerpo.\u00a0Ayudada por\u00a0ONG&#8217;s, la comunera demand\u00f3 al\u00a0Gobierno\u00a0para que cumpla con\u00a0su deber. Melchora Surco Rimachi\u00a0ama a su peque\u00f1a oveja como&hellip;","_links":{"self":[{"href":"https:\/\/diariofemenino.com.ar\/df\/wp-json\/wp\/v2\/posts\/30460","targetHints":{"allow":["GET"]}}],"collection":[{"href":"https:\/\/diariofemenino.com.ar\/df\/wp-json\/wp\/v2\/posts"}],"about":[{"href":"https:\/\/diariofemenino.com.ar\/df\/wp-json\/wp\/v2\/types\/post"}],"author":[{"embeddable":true,"href":"https:\/\/diariofemenino.com.ar\/df\/wp-json\/wp\/v2\/users\/3"}],"replies":[{"embeddable":true,"href":"https:\/\/diariofemenino.com.ar\/df\/wp-json\/wp\/v2\/comments?post=30460"}],"version-history":[{"count":0,"href":"https:\/\/diariofemenino.com.ar\/df\/wp-json\/wp\/v2\/posts\/30460\/revisions"}],"wp:featuredmedia":[{"embeddable":true,"href":"https:\/\/diariofemenino.com.ar\/df\/wp-json\/wp\/v2\/media\/30461"}],"wp:attachment":[{"href":"https:\/\/diariofemenino.com.ar\/df\/wp-json\/wp\/v2\/media?parent=30460"}],"wp:term":[{"taxonomy":"category","embeddable":true,"href":"https:\/\/diariofemenino.com.ar\/df\/wp-json\/wp\/v2\/categories?post=30460"},{"taxonomy":"post_tag","embeddable":true,"href":"https:\/\/diariofemenino.com.ar\/df\/wp-json\/wp\/v2\/tags?post=30460"}],"curies":[{"name":"wp","href":"https:\/\/api.w.org\/{rel}","templated":true}]}}