{"id":30450,"date":"2019-01-04T20:55:18","date_gmt":"2019-01-04T23:55:18","guid":{"rendered":"http:\/\/diariofemenino.com.ar\/v2\/?p=30450"},"modified":"2019-01-04T20:55:18","modified_gmt":"2019-01-04T23:55:18","slug":"entrevista-con-barbi-recanati-transformacion-personal-feminismos-y-maternidad-estos-tiempos-son-los-nuestros","status":"publish","type":"post","link":"https:\/\/diariofemenino.com.ar\/df\/entrevista-con-barbi-recanati-transformacion-personal-feminismos-y-maternidad-estos-tiempos-son-los-nuestros\/","title":{"rendered":"Entrevista con Barbi Recanati. Transformaci\u00f3n personal, feminismos y maternidad: ESTOS TIEMPOS SON LOS NUESTROS"},"content":{"rendered":"<h5 class=\"normal\"><span lang=\"ES-AR\">\u201cSi hay algo que jam\u00e1s me podes discutir es que te vas a morir y que saliste de una concha.<\/span><span lang=\"ES-AR\">\u201d\u00a0<\/span><\/h5>\n<h5 class=\"normal\"><span lang=\"ES-AR\">Barbi Recanati se planta fuerte\u00a0<\/span><span lang=\"ES-AR\">entre su proyecto musical solista, su maternidad, y su compromiso indelegable de dar voz a los reclamos de las mujeres desde sus letras. \u201cHoy no puedo hablar de lo que me pasa por fuera de la lupa del feminismo.\u201d<\/span><\/h5>\n<h6><\/h6>\n<h6 class=\"normal\"><span lang=\"ES-AR\">Si le pregunt\u00e1s a Barbi Recanati c\u00f3mo denominar\u00eda el proceso que est\u00e1 atravesando dice que le pondr\u00eda \u201cCaca: mucha fuerza, dolor y liberaci\u00f3n\u201d.\u00a0<\/span><span lang=\"ES-AR\">A simple vista parece gracioso, pero es cierto que en poco tiempo Recanati pas\u00f3 de haber liderado Utopians por 12 a\u00f1os a lanzar una carrera solista, a fundar el sello Goza Records junto a la radio online Futurock, y a convertirse en una de las referentes feministas de la escena del rock argentino. Un proceso que pudo haber causado dolor en un principio, pero que con mucha fuerza fue cediendo al sentimiento de liberaci\u00f3n que genera hacer lo que uno siente.<\/span><\/h6>\n<p><img loading=\"lazy\" decoding=\"async\" class=\" wp-image-1957 alignleft\" src=\"https:\/\/amalgamaculturalblog.files.wordpress.com\/2018\/12\/Barbi-Recanati-08.jpg?w=384&amp;h=256\" sizes=\"auto, (max-width: 384px) 100vw, 384px\" srcset=\"https:\/\/amalgamaculturalblog.files.wordpress.com\/2018\/12\/Barbi-Recanati-08.jpg?w=384&amp;h=256 384w, https:\/\/amalgamaculturalblog.files.wordpress.com\/2018\/12\/Barbi-Recanati-08.jpg?w=768&amp;h=512 768w, https:\/\/amalgamaculturalblog.files.wordpress.com\/2018\/12\/Barbi-Recanati-08.jpg?w=150&amp;h=100 150w, https:\/\/amalgamaculturalblog.files.wordpress.com\/2018\/12\/Barbi-Recanati-08.jpg?w=300&amp;h=200 300w\" alt=\"Barbi Recanati - 08\" width=\"384\" height=\"256\" data-attachment-id=\"1957\" data-permalink=\"https:\/\/amalgamacultural.com.ar\/2019\/01\/03\/entrevistabarbirecanatiamalgama\/barbi-recanati-08-2\/\" data-orig-file=\"https:\/\/amalgamaculturalblog.files.wordpress.com\/2018\/12\/Barbi-Recanati-08.jpg?w=384&amp;h=256\" data-orig-size=\"5508,3672\" data-comments-opened=\"1\" data-image-meta=\"{&quot;aperture&quot;:&quot;3.2&quot;,&quot;credit&quot;:&quot;&quot;,&quot;camera&quot;:&quot;Canon EOS 5D Mark IV&quot;,&quot;caption&quot;:&quot;&quot;,&quot;created_timestamp&quot;:&quot;1537736273&quot;,&quot;copyright&quot;:&quot;&quot;,&quot;focal_length&quot;:&quot;180&quot;,&quot;iso&quot;:&quot;6400&quot;,&quot;shutter_speed&quot;:&quot;0.002&quot;,&quot;title&quot;:&quot;&quot;,&quot;orientation&quot;:&quot;1&quot;}\" data-image-title=\"Barbi Recanati \u2013 08\" data-image-description=\"\" data-medium-file=\"https:\/\/amalgamaculturalblog.files.wordpress.com\/2018\/12\/Barbi-Recanati-08.jpg?w=384&amp;h=256?w=300\" data-large-file=\"https:\/\/amalgamaculturalblog.files.wordpress.com\/2018\/12\/Barbi-Recanati-08.jpg?w=384&amp;h=256?w=780\" \/><\/p>\n<p>&nbsp;<\/p>\n<p>&nbsp;<\/p>\n<p>&nbsp;<\/p>\n<p>&nbsp;<\/p>\n<p>&nbsp;<\/p>\n<p>&nbsp;<\/p>\n<p>&nbsp;<\/p>\n<p>&nbsp;<\/p>\n<p class=\"normal\"><span lang=\"ES-AR\">-\u00bfYa pod\u00e9s hacer un balance de lo que signific\u00f3 este a\u00f1o para vos?<\/span><\/p>\n<p class=\"normal\"><span lang=\"ES-AR\">-No, no puedo hacer un balance de nada porque el proceso que yo viv\u00ed personal y profesionalmente se combina con que soy mujer en Argentina en 2018, lo cual implica que, si est\u00e1s un toque despierta, est\u00e1s todo el tiempo procesando, reescribiendo, deconstruyendo, tomando decisiones distintas, y acostumbr\u00e1ndote a ellas. Yo siento que soy una persona muy distinta a la que era hace un tiempo. En unos meses, mi vida cambi\u00f3 para siempre.<\/span><\/p>\n<p class=\"normal\"><span lang=\"ES-AR\">-Y habiendo formado parte de una banda por 12 a\u00f1os, \u00bfarrancar una carrera solista es buscar una nueva identidad musical?<\/span><\/p>\n<p class=\"normal\"><span lang=\"ES-AR\">-S\u00ed, me di cuenta de que, sin quererlo, cuando estaba en Utopians me generaba limitaciones yo misma, y me negaba a probar un mont\u00f3n de cosas nuevas porque sent\u00eda que no iban con la banda. Entonces ahora me estoy permitiendo ir a lugares que antes no me permit\u00eda, y estoy tratando de armar todo desde los cimientos de nuevo.\u00a0<\/span><span lang=\"ES-AR\">El EP que lanc\u00e9 en agosto, \u201cTeor\u00eda espacial\u201d, lo hice porque ten\u00eda muchas ganas de tocar en vivo y sent\u00eda que estar\u00eda bueno tener algunas canciones online. Pero tambi\u00e9n sab\u00eda que esas canciones formaban parte de un proceso, no ir\u00edan en el disco. De hecho, las grab\u00e9 en formato cuarteto, como hac\u00edamos con la banda, pero ahora estamos incorporando teclados, por ejemplo. El EP fue pensado m\u00e1s como una transici\u00f3n entre Utopians y el futuro disco.<\/span><\/p>\n<p><img loading=\"lazy\" decoding=\"async\" class=\" wp-image-1958 aligncenter\" src=\"https:\/\/amalgamaculturalblog.files.wordpress.com\/2018\/12\/Barbi-Recanati-09.jpg?w=569&amp;h=854\" sizes=\"auto, (max-width: 569px) 100vw, 569px\" srcset=\"https:\/\/amalgamaculturalblog.files.wordpress.com\/2018\/12\/Barbi-Recanati-09.jpg?w=569&amp;h=854 569w, https:\/\/amalgamaculturalblog.files.wordpress.com\/2018\/12\/Barbi-Recanati-09.jpg?w=1138&amp;h=1708 1138w, https:\/\/amalgamaculturalblog.files.wordpress.com\/2018\/12\/Barbi-Recanati-09.jpg?w=100&amp;h=150 100w, https:\/\/amalgamaculturalblog.files.wordpress.com\/2018\/12\/Barbi-Recanati-09.jpg?w=200&amp;h=300 200w, https:\/\/amalgamaculturalblog.files.wordpress.com\/2018\/12\/Barbi-Recanati-09.jpg?w=768&amp;h=1152 768w, https:\/\/amalgamaculturalblog.files.wordpress.com\/2018\/12\/Barbi-Recanati-09.jpg?w=683&amp;h=1024 683w\" alt=\"Barbi Recanati\" width=\"569\" height=\"854\" data-attachment-id=\"1958\" data-permalink=\"https:\/\/amalgamacultural.com.ar\/2019\/01\/03\/entrevistabarbirecanatiamalgama\/barbi-recanati-09\/\" data-orig-file=\"https:\/\/amalgamaculturalblog.files.wordpress.com\/2018\/12\/Barbi-Recanati-09.jpg?w=569&amp;h=854\" data-orig-size=\"4176,6264\" data-comments-opened=\"1\" data-image-meta=\"{&quot;aperture&quot;:&quot;3.2&quot;,&quot;credit&quot;:&quot;&quot;,&quot;camera&quot;:&quot;Canon EOS 5D Mark IV&quot;,&quot;caption&quot;:&quot;&quot;,&quot;created_timestamp&quot;:&quot;1537736343&quot;,&quot;copyright&quot;:&quot;&quot;,&quot;focal_length&quot;:&quot;85&quot;,&quot;iso&quot;:&quot;6400&quot;,&quot;shutter_speed&quot;:&quot;0.002&quot;,&quot;title&quot;:&quot;&quot;,&quot;orientation&quot;:&quot;0&quot;}\" data-image-title=\"Barbi Recanati\" data-image-description=\"\" data-medium-file=\"https:\/\/amalgamaculturalblog.files.wordpress.com\/2018\/12\/Barbi-Recanati-09.jpg?w=569&amp;h=854?w=200\" data-large-file=\"https:\/\/amalgamaculturalblog.files.wordpress.com\/2018\/12\/Barbi-Recanati-09.jpg?w=569&amp;h=854?w=683\" \/><\/p>\n<p>&nbsp;<\/p>\n<p class=\"normal\"><span lang=\"ES-AR\">Barbi fund\u00f3 Utopians en 2005 junto a Larry Fus en bater\u00eda, Mario Romero en bajo y Gustavo Fiocchi en guitarra. Una banda con fuertes influencias del punk y del garage rock setentoso del CBGB: Patti Smith, Television y Talking Heads son algunos de los grupos a los que Barbi hab\u00eda escuchado en su adolescencia y a los que idolatraba desde el sonido rasgado de su guitarra.\u00a0<\/span><span lang=\"ES-AR\">Recanati fue la cara, voz y guitarra principal de Utopians en el contexto del rock argentino, en el que el poco protagonismo de las mujeres en los espacios considerados como \u201cleg\u00edtimos\u201d es avasallante y penoso. Sacaron cinco discos:\u00a0<i>Inhuman\u00a0<\/i>(2007),\u00a0<i>Freak\u00a0<\/i>(2010)<i>, Trastornados<\/i>(2012),\u00a0<i>V\u00e1ndalo<\/i>(2014) y\u00a0<i>Todos nuestros \u00e1tomos\u00a0<\/i>(2016); pero en 2017, cuando Gustavo Fiocchi recibi\u00f3 denuncias de acoso en su contra, Barbi, como cantante y l\u00edder de Utopians, pero principalmente como mujer y feminista, decidi\u00f3 desvincularlo de la banda, desafiando as\u00ed al rock a sacudirse un poco de tanta telara\u00f1a machista, de tanto ocultamiento, de tanto m\u00fasico impune y de tanto dolor atragantado. \u201cYo, Barbi, como mujer antes que m\u00fasica, siempre hablo de esto e insisto en que sin importar las dudas siempre hay que pararse del lado de las pibas\u201d, dec\u00eda el comunicado oficial.<\/span><\/p>\n<figure id=\"attachment_1962\" class=\"wp-caption alignleft\" data-shortcode=\"caption\"><img loading=\"lazy\" decoding=\"async\" class=\"alignnone wp-image-1962\" src=\"https:\/\/amalgamaculturalblog.files.wordpress.com\/2018\/12\/DM43765.jpg?w=235&amp;h=353\" sizes=\"auto, (max-width: 235px) 100vw, 235px\" srcset=\"https:\/\/amalgamaculturalblog.files.wordpress.com\/2018\/12\/DM43765.jpg?w=235&amp;h=353 235w, https:\/\/amalgamaculturalblog.files.wordpress.com\/2018\/12\/DM43765.jpg?w=470&amp;h=706 470w, https:\/\/amalgamaculturalblog.files.wordpress.com\/2018\/12\/DM43765.jpg?w=100&amp;h=150 100w, https:\/\/amalgamaculturalblog.files.wordpress.com\/2018\/12\/DM43765.jpg?w=200&amp;h=300 200w\" alt=\"\" width=\"235\" height=\"353\" data-attachment-id=\"1962\" data-permalink=\"https:\/\/amalgamacultural.com.ar\/2019\/01\/03\/entrevistabarbirecanatiamalgama\/_dm43765\/\" data-orig-file=\"https:\/\/amalgamaculturalblog.files.wordpress.com\/2018\/12\/DM43765.jpg?w=235&amp;h=353\" data-orig-size=\"4305,6457\" data-comments-opened=\"1\" data-image-meta=\"{&quot;aperture&quot;:&quot;2&quot;,&quot;credit&quot;:&quot;&quot;,&quot;camera&quot;:&quot;Canon EOS 5D Mark IV&quot;,&quot;caption&quot;:&quot;&quot;,&quot;created_timestamp&quot;:&quot;1544811768&quot;,&quot;copyright&quot;:&quot;&quot;,&quot;focal_length&quot;:&quot;35&quot;,&quot;iso&quot;:&quot;640&quot;,&quot;shutter_speed&quot;:&quot;0.01&quot;,&quot;title&quot;:&quot;&quot;,&quot;orientation&quot;:&quot;0&quot;}\" data-image-title=\"\" data-image-description=\"\" data-medium-file=\"https:\/\/amalgamaculturalblog.files.wordpress.com\/2018\/12\/DM43765.jpg?w=235&amp;h=353?w=200\" data-large-file=\"https:\/\/amalgamaculturalblog.files.wordpress.com\/2018\/12\/DM43765.jpg?w=235&amp;h=353?w=683\" \/><figcaption class=\"wp-caption-text\">En Estudio \u00c1tomo, donde junto a Juan Manuel Segovia -su pareja, guitarrista de su banda e ingeniero del estudio- graban las bandas de Goza Records.<\/figcaption><figcaption><\/figcaption><\/figure>\n<p>&nbsp;<\/p>\n<p><span lang=\"ES-AR\">En este contexto, Barbi tambi\u00e9n fund\u00f3 un sello discogr\u00e1fico junto a la radio Futurock con el objetivo de sacar un disco al mes durante un a\u00f1o, pero con mujeres al frente. \u201cMe gusta pensarlo como un espacio de resistencia donde el g\u00e9nero musical predominante sea el rock, ya que los espacios que le cedieron a la mujer en la m\u00fasica siempre estuvieron ligados con su cosificaci\u00f3n, con su parte m\u00e1s sexual o m\u00e1s dulce si se quiere. Estoy orgullosa de que casi la mitad de las artistas del cat\u00e1logo sean punks\u201d.<\/span><\/p>\n<p class=\"normal\"><span lang=\"ES-AR\">Su primer EP como solista \u201cTeor\u00eda espacial\u201d fue lanzado en formato digital, y cuenta con cuatro canciones realizadas con los aires\u00a0<i>lo-fi\u00a0<\/i>que caracterizaban a la banda y que Recanati tanto disfruta producir. Entre ellas se encuentra \u201cA la luz\u201d, una especie de manifiesto en contra del patriarcado.\u00a0<\/span><span lang=\"ES-AR\">\u201c\u2019Estos tiempos son los nuestros\u2019 para m\u00ed es lo m\u00e1s literal que puedo decir. Es enorme lo que est\u00e1 pasando con las mujeres y el feminismo en la escena del rock, pero tambi\u00e9n lo noto cuando charlo con mis amigas. No puedo creer estar viva para tener las conversaciones que tenemos, y yo, que siempre fui muy autorreferencial para componer, en mis canciones hoy en d\u00eda no puedo hablar de otra cosa. Todo lo veo a trav\u00e9s de la lupa del feminismo: la maternidad, mi pareja, mis amistades, mis objetivos, mis afectos<\/span><span lang=\"ES-AR\">\u201d.<\/span><\/p>\n<p class=\"normal\"><span lang=\"ES-AR\">-\u00bfTe pon\u00e9s a revisar con la lupa del feminismo los momentos que viviste?<\/span><\/p>\n<p class=\"normal\"><span lang=\"ES-AR\">-No, ser\u00eda algo demasiado doloroso, porque se trata de encarar la realidad del d\u00eda a d\u00eda, y muchas veces eso implica que te empiecen a caer mal personas a las que les ten\u00e9s mucho aprecio. Y yo tuve una carrera muy larga sin esa lupa, reci\u00e9n los \u00faltimos dos o tres a\u00f1os de Utopians los viv\u00ed a trav\u00e9s del feminismo.<\/span><\/p>\n<p><img loading=\"lazy\" decoding=\"async\" class=\" wp-image-1956 aligncenter\" src=\"https:\/\/amalgamaculturalblog.files.wordpress.com\/2018\/12\/Barbi-Recanati-07.jpg?w=656&amp;h=437\" sizes=\"auto, (max-width: 656px) 100vw, 656px\" srcset=\"https:\/\/amalgamaculturalblog.files.wordpress.com\/2018\/12\/Barbi-Recanati-07.jpg?w=656&amp;h=437 656w, https:\/\/amalgamaculturalblog.files.wordpress.com\/2018\/12\/Barbi-Recanati-07.jpg?w=1312&amp;h=874 1312w, https:\/\/amalgamaculturalblog.files.wordpress.com\/2018\/12\/Barbi-Recanati-07.jpg?w=150&amp;h=100 150w, https:\/\/amalgamaculturalblog.files.wordpress.com\/2018\/12\/Barbi-Recanati-07.jpg?w=300&amp;h=200 300w, https:\/\/amalgamaculturalblog.files.wordpress.com\/2018\/12\/Barbi-Recanati-07.jpg?w=768&amp;h=512 768w, https:\/\/amalgamaculturalblog.files.wordpress.com\/2018\/12\/Barbi-Recanati-07.jpg?w=1024&amp;h=683 1024w\" alt=\"Recanati\" width=\"656\" height=\"437\" data-attachment-id=\"1956\" data-permalink=\"https:\/\/amalgamacultural.com.ar\/2019\/01\/03\/entrevistabarbirecanatiamalgama\/barbi-recanati-07-2\/\" data-orig-file=\"https:\/\/amalgamaculturalblog.files.wordpress.com\/2018\/12\/Barbi-Recanati-07.jpg?w=656&amp;h=437\" data-orig-size=\"5857,3905\" data-comments-opened=\"1\" data-image-meta=\"{&quot;aperture&quot;:&quot;3.2&quot;,&quot;credit&quot;:&quot;&quot;,&quot;camera&quot;:&quot;Canon EOS 5D Mark IV&quot;,&quot;caption&quot;:&quot;&quot;,&quot;created_timestamp&quot;:&quot;1537736151&quot;,&quot;copyright&quot;:&quot;&quot;,&quot;focal_length&quot;:&quot;135&quot;,&quot;iso&quot;:&quot;6400&quot;,&quot;shutter_speed&quot;:&quot;0.002&quot;,&quot;title&quot;:&quot;&quot;,&quot;orientation&quot;:&quot;1&quot;}\" data-image-title=\"Recanati\" data-image-description=\"\" data-medium-file=\"https:\/\/amalgamaculturalblog.files.wordpress.com\/2018\/12\/Barbi-Recanati-07.jpg?w=656&amp;h=437?w=300\" data-large-file=\"https:\/\/amalgamaculturalblog.files.wordpress.com\/2018\/12\/Barbi-Recanati-07.jpg?w=656&amp;h=437?w=780\" \/><\/p>\n<p>A pesar de haber estado rodeada de muchas mujeres feministas a lo largo de su vida, Barbi admite que no se daba cuenta de lo que eso significaba. Una de sus grandes amigas es la bajista de Kumbia Queers y la cantante de She Devil, Patricia Pietrafesa, \u201cla persona con m\u00e1s convicciones que conoc\u00ed en mi vida\u201d, afirma con admiraci\u00f3n Recanati. \u201cCuando ten\u00eda 14 a\u00f1os, ella organizaba el festival de artistas mujeres \u2018Belladona\u2019 y yo pensaba que estaba buen\u00edsimo, pero lo ve\u00eda como algo divertido, no llegaba a ver el compromiso de eso\u201d, cuenta Barbi, y contin\u00faa: \u201cera muy ingenua, cre\u00eda que yo era una m\u00e1s del ambiente del rock y que lo que hab\u00eda conseguido lo hab\u00eda conseguido por laburar, pero no era verdad. A veces es m\u00e1s f\u00e1cil pararse en ese lugar que empezar a cuestionar todo lo que te rodea\u201d.\u00a0<span lang=\"ES-AR\">Pero cuando las primeras denuncias de abuso fueron apareciendo en el ambiente del rock, ya no hubo manera de no cuestionar absolutamente todo lo que estaba establecido como \u201cnormal\u201d. En 2016, una chica llamada Mail\u00e9n Fr\u00edas public\u00f3 un video en Youtube en el que contaba con detalles c\u00f3mo Jos\u00e9 Miguel del P\u00f3polo, cantante de \u201cLa ola que quer\u00eda ser chau\u201d, hab\u00eda abusado sexualmente de ella. En ese momento, Barbi no pod\u00eda creer que a una piba le hubiera pasado eso con un m\u00fasico, pero la verdadera reacci\u00f3n lleg\u00f3 cuando lo empez\u00f3 a charlar con colegas y se dio cuenta de que pon\u00edan en duda lo que Mail\u00e9n contaba y le quitaban relevancia al abuso. \u201cCompa\u00f1eros y compa\u00f1eras con los que charlaba d\u00eda a d\u00eda eran todos unos mis\u00f3ginos de mierda y no lo sab\u00eda porque no hab\u00edamos hablado del tema hasta ese momento\u201d.<\/span><\/p>\n<p class=\"normal\"><span lang=\"ES-AR\">A partir de esta situaci\u00f3n, Barbi comenz\u00f3 su deconstrucci\u00f3n. En las notas ya no pod\u00eda esquivar el tema, pero tampoco con sus amigas o con su pareja. \u201cNos empezamos a dar cuenta de que a todas nos hab\u00edan tocado sin nuestro consentimiento, que todas hab\u00edamos visto tipos masturb\u00e1ndose en la calle, y que todas hab\u00edamos tenido sexo sin realmente desearlo. \u00a1Y no lo sab\u00edamos porque no lo charl\u00e1bamos! Mis objetivos y mis prioridades cambiaron. Y tambi\u00e9n me peg\u00f3 la maternidad, que es algo que tiende a cambiarte mucho si es una maternidad deseada\u201d.<\/span><\/p>\n<p class=\"normal\"><span lang=\"ES-AR\">-\u00bfC\u00f3mo es maternar y hacer m\u00fasica?<\/span><\/p>\n<p class=\"normal\"><span lang=\"ES-AR\">Es dif\u00edcil, pero disfruto mucho de estar con mi hijo. A veces pienso qu\u00e9 dif\u00edcil debe ser para las madres que tienen que salir a laburar doce horas por d\u00eda sin opci\u00f3n y tienen que ver a su hijo un ratito nom\u00e1s. Un ratito cuando se despierta y un ratito cuando se va a dormir. Pienso un mont\u00f3n en eso. Entonces trato de vivirlo como peque\u00f1as etapas que van pasando y que pasan muy r\u00e1pido. Y que ten\u00e9s que disfrutarlas.<\/span><span lang=\"ES-AR\">\u00a0<\/span><\/p>\n<figure id=\"attachment_1959\" class=\"wp-caption aligncenter\" data-shortcode=\"caption\"><img loading=\"lazy\" decoding=\"async\" class=\"alignnone wp-image-1959\" src=\"https:\/\/amalgamaculturalblog.files.wordpress.com\/2018\/12\/Barbi-Recanati-12.jpg?w=546&amp;h=819\" sizes=\"auto, (max-width: 546px) 100vw, 546px\" srcset=\"https:\/\/amalgamaculturalblog.files.wordpress.com\/2018\/12\/Barbi-Recanati-12.jpg?w=546&amp;h=819 546w, https:\/\/amalgamaculturalblog.files.wordpress.com\/2018\/12\/Barbi-Recanati-12.jpg?w=1092&amp;h=1638 1092w, https:\/\/amalgamaculturalblog.files.wordpress.com\/2018\/12\/Barbi-Recanati-12.jpg?w=100&amp;h=150 100w, https:\/\/amalgamaculturalblog.files.wordpress.com\/2018\/12\/Barbi-Recanati-12.jpg?w=200&amp;h=300 200w, https:\/\/amalgamaculturalblog.files.wordpress.com\/2018\/12\/Barbi-Recanati-12.jpg?w=768&amp;h=1152 768w, https:\/\/amalgamaculturalblog.files.wordpress.com\/2018\/12\/Barbi-Recanati-12.jpg?w=683&amp;h=1024 683w\" alt=\"Barbi Recanati - 12\" width=\"546\" height=\"819\" data-attachment-id=\"1959\" data-permalink=\"https:\/\/amalgamacultural.com.ar\/2019\/01\/03\/entrevistabarbirecanatiamalgama\/barbi-recanati-12-2\/\" data-orig-file=\"https:\/\/amalgamaculturalblog.files.wordpress.com\/2018\/12\/Barbi-Recanati-12.jpg?w=546&amp;h=819\" data-orig-size=\"2987,4480\" data-comments-opened=\"1\" data-image-meta=\"{&quot;aperture&quot;:&quot;3.2&quot;,&quot;credit&quot;:&quot;&quot;,&quot;camera&quot;:&quot;Canon EOS 5D Mark IV&quot;,&quot;caption&quot;:&quot;&quot;,&quot;created_timestamp&quot;:&quot;1537737424&quot;,&quot;copyright&quot;:&quot;&quot;,&quot;focal_length&quot;:&quot;75&quot;,&quot;iso&quot;:&quot;5000&quot;,&quot;shutter_speed&quot;:&quot;0.002&quot;,&quot;title&quot;:&quot;&quot;,&quot;orientation&quot;:&quot;1&quot;}\" data-image-title=\"Barbi Recanati \u2013 12\" data-image-description=\"\" data-medium-file=\"https:\/\/amalgamaculturalblog.files.wordpress.com\/2018\/12\/Barbi-Recanati-12.jpg?w=546&amp;h=819?w=200\" data-large-file=\"https:\/\/amalgamaculturalblog.files.wordpress.com\/2018\/12\/Barbi-Recanati-12.jpg?w=546&amp;h=819?w=683\" \/><figcaption class=\"wp-caption-text\">En pleno recital<\/figcaption><\/figure>\n<p class=\"normal\"><span lang=\"ES-AR\">-\u00bfY sent\u00eds que la escena del rock cambi\u00f3 para las mujeres?<\/span><\/p>\n<p class=\"normal\"><span lang=\"ES-AR\">-Lo que veo es que las mujeres estamos reclamando derechos en todos los \u00e1mbitos, pero que el grueso de la sociedad no se los quiere dar. Siento que se los terminan dando porque no tiene otra opci\u00f3n, pero no porque de verdad hayan entrado en raz\u00f3n y crean que nos meceremos ese espacio.\u00a0<\/span><span lang=\"ES-AR\">La mayor\u00eda de los hombres de la escena de la m\u00fasica no quieren que las cosas cambien, pero entre las mujeres hay un nivel de compa\u00f1erismo y sororidad que nunca vi. Si bien la escena mainstream y la industria no se modificaron en lo m\u00e1s m\u00ednimo, creo que la oferta musical de mujeres va a cambiar la historia. En este momento, est\u00e1n Mavi D\u00edaz y Celsa Mel Gowland, dos m\u00fasicas hist\u00f3ricas, luchando por lograr la ley de cupo femenino en la m\u00fasica, lo cual es algo que las excede totalmente a ellas ya que los resultados, si es que se aprueba, beneficiar\u00e1n a las siguientes generaciones. Y eso es lo que muchos m\u00fasicos no entienden: que esta lucha sea para nosotras mucho m\u00e1s importante que la m\u00fasica en s\u00ed. De esto depende la vida de nuestras nietas. Y de nuestros nietos, porque el feminismo excede a la mujer.<\/span><\/p>\n<p class=\"normal\"><span lang=\"ES-AR\">Celsa Mel Gowland, exvicepresidenta del INAMU (Instituto Nacional de M\u00fasica), convoc\u00f3 en enero a un debate a prop\u00f3sito de reclamos y demandas de paridad que ven\u00edan circulando entre las mujeres m\u00fasicas. De este encuentro surgi\u00f3 que la presencia femenina en festivales musicales en Argentina es menor al 20 por ciento. As\u00ed fue que las Mujeres Unidas, acompa\u00f1adas por la senadora Anabel Fernandez Sagasti, presentaron un proyecto de ley de cupo femenino para festivales y ciclos musicales, poniendo como m\u00ednimo un 30% de participaci\u00f3n de mujeres o bandas compuestas en un 30% o m\u00e1s por mujeres.\u00a0<\/span><span lang=\"ES-AR\">Este tipo de discriminaci\u00f3n positiva es necesaria para revertir este desequilibrio en los escenarios argentinos. Pero tambi\u00e9n es necesaria la sororidad que Barbi levanta como bandera de lucha y de vida: junto a mujeres como Lula y Marilina Bertoldi, entre otras, \u00a0son la cara de una nueva generaci\u00f3n de rockeras que llegaron para disputarle espacios a todos los m\u00fasicos machistas que se escudan detr\u00e1s de sus \u00e1lter egos de cart\u00f3n y sus letras cargadas de disfrazada misoginia.<\/span><\/p>\n<p class=\"normal\"><span lang=\"ES-AR\">Las tres militaron fervientemente a favor de la legalizaci\u00f3n del aborto y si bien Barbi afirma que sab\u00eda que la ley no iba a salir, vivi\u00f3 todo ese proceso con mucha alegr\u00eda. \u201cSiento que est\u00e1bamos despertando y deconstruy\u00e9ndonos todas juntas. Para m\u00ed, que siempre me sent\u00ed muy alejada de la pol\u00edtica, con este debate me empec\u00e9 a dar cuenta de que era una inconsciente y una c\u00f3mplice. Creo que formamos parte de un despertar de conciencia social muy nuevo, y eso es lo positivo. Ojal\u00e1 que no se nos pase el enojo\u201d.<\/span><\/p>\n<p>&nbsp;<\/p>\n<p><strong><em>Entrevista: Amelia Novas<\/em><\/strong><\/p>\n<p><strong><em>Redacci\u00f3n: Victoria Chimento y\u00a0<\/em><em>Lautaro Punta<\/em><\/strong><\/p>\n<p><strong><em>Fotograf\u00eda: Pedro Palacios<\/em><\/strong><\/p>\n<p>Fuente:\u00a0<a href=\"https:\/\/amalgamacultural.com.ar\/2019\/01\/03\/entrevistabarbirecanatiamalgama\/\">amalgama cultural<\/a><\/p>\n","protected":false},"excerpt":{"rendered":"<p>\u201cSi hay algo que jam\u00e1s me podes discutir es que te vas a morir y que saliste de una concha.\u201d\u00a0 Barbi Recanati se planta fuerte\u00a0entre su proyecto musical solista, su maternidad, y su compromiso indelegable de dar voz a los reclamos de las mujeres desde sus letras. \u201cHoy no puedo hablar de lo que me [&hellip;]<\/p>\n","protected":false},"author":3,"featured_media":30451,"comment_status":"closed","ping_status":"closed","sticky":false,"template":"","format":"standard","meta":{"iawp_total_views":624,"footnotes":""},"categories":[8],"tags":[25,26,37,130,60],"class_list":["post-30450","post","type-post","status-publish","format-standard","has-post-thumbnail","hentry","category-entrevistas","tag-activismo","tag-feminismo","tag-juventud","tag-mujeres","tag-musica"],"nelio_content":{"autoShareEndMode":"never","automationSources":{"useCustomSentences":false,"customSentences":[]},"efiAlt":"","efiUrl":"","followers":[1,3],"highlights":[],"isAutoShareEnabled":true,"networkImageIds":[],"permalinkQueryArgs":[],"series":[],"suggestedReferences":[]},"yoast_head":"<!-- This site is optimized with the Yoast SEO plugin v27.5 - https:\/\/yoast.com\/product\/yoast-seo-wordpress\/ -->\n<title>Entrevista con Barbi Recanati. Transformaci\u00f3n personal, feminismos y maternidad: ESTOS TIEMPOS SON LOS NUESTROS - Diario Digital Femenino<\/title>\n<meta name=\"robots\" content=\"index, follow, max-snippet:-1, max-image-preview:large, max-video-preview:-1\" \/>\n<link rel=\"canonical\" href=\"https:\/\/diariofemenino.com.ar\/df\/entrevista-con-barbi-recanati-transformacion-personal-feminismos-y-maternidad-estos-tiempos-son-los-nuestros\/\" \/>\n<meta property=\"og:locale\" content=\"es_ES\" \/>\n<meta property=\"og:type\" content=\"article\" \/>\n<meta property=\"og:title\" content=\"Entrevista con Barbi Recanati. Transformaci\u00f3n personal, feminismos y maternidad: ESTOS TIEMPOS SON LOS NUESTROS - Diario Digital Femenino\" \/>\n<meta property=\"og:description\" content=\"\u201cSi hay algo que jam\u00e1s me podes discutir es que te vas a morir y que saliste de una concha.\u201d\u00a0 Barbi Recanati se planta fuerte\u00a0entre su proyecto musical solista, su maternidad, y su compromiso indelegable de dar voz a los reclamos de las mujeres desde sus letras. \u201cHoy no puedo hablar de lo que me [&hellip;]\" \/>\n<meta property=\"og:url\" content=\"https:\/\/diariofemenino.com.ar\/df\/entrevista-con-barbi-recanati-transformacion-personal-feminismos-y-maternidad-estos-tiempos-son-los-nuestros\/\" \/>\n<meta property=\"og:site_name\" content=\"Diario Digital Femenino\" \/>\n<meta property=\"article:publisher\" content=\"https:\/\/www.facebook.com\/DiarioDigitaFemenino\/\" \/>\n<meta property=\"article:published_time\" content=\"2019-01-04T23:55:18+00:00\" \/>\n<meta property=\"og:image\" content=\"https:\/\/diariofemenino.com.ar\/df\/wp-content\/uploads\/2019\/01\/Recanati-Amalgama.jpg\" \/>\n\t<meta property=\"og:image:width\" content=\"683\" \/>\n\t<meta property=\"og:image:height\" content=\"1024\" \/>\n\t<meta property=\"og:image:type\" content=\"image\/jpeg\" \/>\n<meta name=\"author\" content=\"Admin\" \/>\n<meta name=\"twitter:card\" content=\"summary_large_image\" \/>\n<meta name=\"twitter:creator\" content=\"@DiarioFemenino1\" \/>\n<meta name=\"twitter:site\" content=\"@DiarioFemenino1\" \/>\n<meta name=\"twitter:label1\" content=\"Escrito por\" \/>\n\t<meta name=\"twitter:data1\" content=\"Admin\" \/>\n\t<meta name=\"twitter:label2\" content=\"Tiempo de lectura\" \/>\n\t<meta name=\"twitter:data2\" content=\"10 minutos\" \/>\n<script type=\"application\/ld+json\" class=\"yoast-schema-graph\">{\"@context\":\"https:\\\/\\\/schema.org\",\"@graph\":[{\"@type\":\"Article\",\"@id\":\"https:\\\/\\\/diariofemenino.com.ar\\\/df\\\/entrevista-con-barbi-recanati-transformacion-personal-feminismos-y-maternidad-estos-tiempos-son-los-nuestros\\\/#article\",\"isPartOf\":{\"@id\":\"https:\\\/\\\/diariofemenino.com.ar\\\/df\\\/entrevista-con-barbi-recanati-transformacion-personal-feminismos-y-maternidad-estos-tiempos-son-los-nuestros\\\/\"},\"author\":{\"name\":\"Admin\",\"@id\":\"https:\\\/\\\/diariofemenino.com.ar\\\/df\\\/#\\\/schema\\\/person\\\/1c36bc3bf394d8ec320814298b4fdd3f\"},\"headline\":\"Entrevista con Barbi Recanati. Transformaci\u00f3n personal, feminismos y maternidad: ESTOS TIEMPOS SON LOS NUESTROS\",\"datePublished\":\"2019-01-04T23:55:18+00:00\",\"mainEntityOfPage\":{\"@id\":\"https:\\\/\\\/diariofemenino.com.ar\\\/df\\\/entrevista-con-barbi-recanati-transformacion-personal-feminismos-y-maternidad-estos-tiempos-son-los-nuestros\\\/\"},\"wordCount\":2066,\"publisher\":{\"@id\":\"https:\\\/\\\/diariofemenino.com.ar\\\/df\\\/#organization\"},\"image\":{\"@id\":\"https:\\\/\\\/diariofemenino.com.ar\\\/df\\\/entrevista-con-barbi-recanati-transformacion-personal-feminismos-y-maternidad-estos-tiempos-son-los-nuestros\\\/#primaryimage\"},\"thumbnailUrl\":\"https:\\\/\\\/diariofemenino.com.ar\\\/df\\\/wp-content\\\/uploads\\\/2019\\\/01\\\/Recanati-Amalgama.jpg\",\"keywords\":[\"Activismo\",\"Feminismo\",\"Juventud\",\"Mujeres\",\"M\u00f9sica\"],\"articleSection\":[\"Entrevistas\"],\"inLanguage\":\"es\"},{\"@type\":\"WebPage\",\"@id\":\"https:\\\/\\\/diariofemenino.com.ar\\\/df\\\/entrevista-con-barbi-recanati-transformacion-personal-feminismos-y-maternidad-estos-tiempos-son-los-nuestros\\\/\",\"url\":\"https:\\\/\\\/diariofemenino.com.ar\\\/df\\\/entrevista-con-barbi-recanati-transformacion-personal-feminismos-y-maternidad-estos-tiempos-son-los-nuestros\\\/\",\"name\":\"Entrevista con Barbi Recanati. Transformaci\u00f3n personal, feminismos y maternidad: ESTOS TIEMPOS SON LOS NUESTROS - Diario Digital Femenino\",\"isPartOf\":{\"@id\":\"https:\\\/\\\/diariofemenino.com.ar\\\/df\\\/#website\"},\"primaryImageOfPage\":{\"@id\":\"https:\\\/\\\/diariofemenino.com.ar\\\/df\\\/entrevista-con-barbi-recanati-transformacion-personal-feminismos-y-maternidad-estos-tiempos-son-los-nuestros\\\/#primaryimage\"},\"image\":{\"@id\":\"https:\\\/\\\/diariofemenino.com.ar\\\/df\\\/entrevista-con-barbi-recanati-transformacion-personal-feminismos-y-maternidad-estos-tiempos-son-los-nuestros\\\/#primaryimage\"},\"thumbnailUrl\":\"https:\\\/\\\/diariofemenino.com.ar\\\/df\\\/wp-content\\\/uploads\\\/2019\\\/01\\\/Recanati-Amalgama.jpg\",\"datePublished\":\"2019-01-04T23:55:18+00:00\",\"breadcrumb\":{\"@id\":\"https:\\\/\\\/diariofemenino.com.ar\\\/df\\\/entrevista-con-barbi-recanati-transformacion-personal-feminismos-y-maternidad-estos-tiempos-son-los-nuestros\\\/#breadcrumb\"},\"inLanguage\":\"es\",\"potentialAction\":[{\"@type\":\"ReadAction\",\"target\":[\"https:\\\/\\\/diariofemenino.com.ar\\\/df\\\/entrevista-con-barbi-recanati-transformacion-personal-feminismos-y-maternidad-estos-tiempos-son-los-nuestros\\\/\"]}]},{\"@type\":\"ImageObject\",\"inLanguage\":\"es\",\"@id\":\"https:\\\/\\\/diariofemenino.com.ar\\\/df\\\/entrevista-con-barbi-recanati-transformacion-personal-feminismos-y-maternidad-estos-tiempos-son-los-nuestros\\\/#primaryimage\",\"url\":\"https:\\\/\\\/diariofemenino.com.ar\\\/df\\\/wp-content\\\/uploads\\\/2019\\\/01\\\/Recanati-Amalgama.jpg\",\"contentUrl\":\"https:\\\/\\\/diariofemenino.com.ar\\\/df\\\/wp-content\\\/uploads\\\/2019\\\/01\\\/Recanati-Amalgama.jpg\",\"width\":683,\"height\":1024},{\"@type\":\"BreadcrumbList\",\"@id\":\"https:\\\/\\\/diariofemenino.com.ar\\\/df\\\/entrevista-con-barbi-recanati-transformacion-personal-feminismos-y-maternidad-estos-tiempos-son-los-nuestros\\\/#breadcrumb\",\"itemListElement\":[{\"@type\":\"ListItem\",\"position\":1,\"name\":\"Portada\",\"item\":\"https:\\\/\\\/diariofemenino.com.ar\\\/df\\\/\"},{\"@type\":\"ListItem\",\"position\":2,\"name\":\"Entrevista con Barbi Recanati. Transformaci\u00f3n personal, feminismos y maternidad: ESTOS TIEMPOS SON LOS NUESTROS\"}]},{\"@type\":\"WebSite\",\"@id\":\"https:\\\/\\\/diariofemenino.com.ar\\\/df\\\/#website\",\"url\":\"https:\\\/\\\/diariofemenino.com.ar\\\/df\\\/\",\"name\":\"Diario Digital Femenino\",\"description\":\"Cuesti\u00f3n de G\u00e9nero\",\"publisher\":{\"@id\":\"https:\\\/\\\/diariofemenino.com.ar\\\/df\\\/#organization\"},\"potentialAction\":[{\"@type\":\"SearchAction\",\"target\":{\"@type\":\"EntryPoint\",\"urlTemplate\":\"https:\\\/\\\/diariofemenino.com.ar\\\/df\\\/?s={search_term_string}\"},\"query-input\":{\"@type\":\"PropertyValueSpecification\",\"valueRequired\":true,\"valueName\":\"search_term_string\"}}],\"inLanguage\":\"es\"},{\"@type\":\"Organization\",\"@id\":\"https:\\\/\\\/diariofemenino.com.ar\\\/df\\\/#organization\",\"name\":\"Diario Femenino\",\"url\":\"https:\\\/\\\/diariofemenino.com.ar\\\/df\\\/\",\"logo\":{\"@type\":\"ImageObject\",\"inLanguage\":\"es\",\"@id\":\"https:\\\/\\\/diariofemenino.com.ar\\\/df\\\/#\\\/schema\\\/logo\\\/image\\\/\",\"url\":\"https:\\\/\\\/diariofemenino.com.ar\\\/df\\\/wp-content\\\/uploads\\\/2018\\\/10\\\/logo.png\",\"contentUrl\":\"https:\\\/\\\/diariofemenino.com.ar\\\/df\\\/wp-content\\\/uploads\\\/2018\\\/10\\\/logo.png\",\"width\":500,\"height\":92,\"caption\":\"Diario Femenino\"},\"image\":{\"@id\":\"https:\\\/\\\/diariofemenino.com.ar\\\/df\\\/#\\\/schema\\\/logo\\\/image\\\/\"},\"sameAs\":[\"https:\\\/\\\/www.facebook.com\\\/DiarioDigitaFemenino\\\/\",\"https:\\\/\\\/x.com\\\/DiarioFemenino1\"]},{\"@type\":\"Person\",\"@id\":\"https:\\\/\\\/diariofemenino.com.ar\\\/df\\\/#\\\/schema\\\/person\\\/1c36bc3bf394d8ec320814298b4fdd3f\",\"name\":\"Admin\",\"image\":{\"@type\":\"ImageObject\",\"inLanguage\":\"es\",\"@id\":\"https:\\\/\\\/diariofemenino.com.ar\\\/df\\\/wp-content\\\/uploads\\\/2018\\\/12\\\/favicon-150x150.jpg\",\"url\":\"https:\\\/\\\/diariofemenino.com.ar\\\/df\\\/wp-content\\\/uploads\\\/2018\\\/12\\\/favicon-150x150.jpg\",\"contentUrl\":\"https:\\\/\\\/diariofemenino.com.ar\\\/df\\\/wp-content\\\/uploads\\\/2018\\\/12\\\/favicon-150x150.jpg\",\"caption\":\"Admin\"},\"url\":\"https:\\\/\\\/diariofemenino.com.ar\\\/df\\\/author\\\/sofiperez\\\/\"}]}<\/script>\n<!-- \/ Yoast SEO plugin. -->","yoast_head_json":{"title":"Entrevista con Barbi Recanati. Transformaci\u00f3n personal, feminismos y maternidad: ESTOS TIEMPOS SON LOS NUESTROS - Diario Digital Femenino","robots":{"index":"index","follow":"follow","max-snippet":"max-snippet:-1","max-image-preview":"max-image-preview:large","max-video-preview":"max-video-preview:-1"},"canonical":"https:\/\/diariofemenino.com.ar\/df\/entrevista-con-barbi-recanati-transformacion-personal-feminismos-y-maternidad-estos-tiempos-son-los-nuestros\/","og_locale":"es_ES","og_type":"article","og_title":"Entrevista con Barbi Recanati. Transformaci\u00f3n personal, feminismos y maternidad: ESTOS TIEMPOS SON LOS NUESTROS - Diario Digital Femenino","og_description":"\u201cSi hay algo que jam\u00e1s me podes discutir es que te vas a morir y que saliste de una concha.\u201d\u00a0 Barbi Recanati se planta fuerte\u00a0entre su proyecto musical solista, su maternidad, y su compromiso indelegable de dar voz a los reclamos de las mujeres desde sus letras. \u201cHoy no puedo hablar de lo que me [&hellip;]","og_url":"https:\/\/diariofemenino.com.ar\/df\/entrevista-con-barbi-recanati-transformacion-personal-feminismos-y-maternidad-estos-tiempos-son-los-nuestros\/","og_site_name":"Diario Digital Femenino","article_publisher":"https:\/\/www.facebook.com\/DiarioDigitaFemenino\/","article_published_time":"2019-01-04T23:55:18+00:00","og_image":[{"width":683,"height":1024,"url":"https:\/\/diariofemenino.com.ar\/df\/wp-content\/uploads\/2019\/01\/Recanati-Amalgama.jpg","type":"image\/jpeg"}],"author":"Admin","twitter_card":"summary_large_image","twitter_creator":"@DiarioFemenino1","twitter_site":"@DiarioFemenino1","twitter_misc":{"Escrito por":"Admin","Tiempo de lectura":"10 minutos"},"schema":{"@context":"https:\/\/schema.org","@graph":[{"@type":"Article","@id":"https:\/\/diariofemenino.com.ar\/df\/entrevista-con-barbi-recanati-transformacion-personal-feminismos-y-maternidad-estos-tiempos-son-los-nuestros\/#article","isPartOf":{"@id":"https:\/\/diariofemenino.com.ar\/df\/entrevista-con-barbi-recanati-transformacion-personal-feminismos-y-maternidad-estos-tiempos-son-los-nuestros\/"},"author":{"name":"Admin","@id":"https:\/\/diariofemenino.com.ar\/df\/#\/schema\/person\/1c36bc3bf394d8ec320814298b4fdd3f"},"headline":"Entrevista con Barbi Recanati. Transformaci\u00f3n personal, feminismos y maternidad: ESTOS TIEMPOS SON LOS NUESTROS","datePublished":"2019-01-04T23:55:18+00:00","mainEntityOfPage":{"@id":"https:\/\/diariofemenino.com.ar\/df\/entrevista-con-barbi-recanati-transformacion-personal-feminismos-y-maternidad-estos-tiempos-son-los-nuestros\/"},"wordCount":2066,"publisher":{"@id":"https:\/\/diariofemenino.com.ar\/df\/#organization"},"image":{"@id":"https:\/\/diariofemenino.com.ar\/df\/entrevista-con-barbi-recanati-transformacion-personal-feminismos-y-maternidad-estos-tiempos-son-los-nuestros\/#primaryimage"},"thumbnailUrl":"https:\/\/diariofemenino.com.ar\/df\/wp-content\/uploads\/2019\/01\/Recanati-Amalgama.jpg","keywords":["Activismo","Feminismo","Juventud","Mujeres","M\u00f9sica"],"articleSection":["Entrevistas"],"inLanguage":"es"},{"@type":"WebPage","@id":"https:\/\/diariofemenino.com.ar\/df\/entrevista-con-barbi-recanati-transformacion-personal-feminismos-y-maternidad-estos-tiempos-son-los-nuestros\/","url":"https:\/\/diariofemenino.com.ar\/df\/entrevista-con-barbi-recanati-transformacion-personal-feminismos-y-maternidad-estos-tiempos-son-los-nuestros\/","name":"Entrevista con Barbi Recanati. Transformaci\u00f3n personal, feminismos y maternidad: ESTOS TIEMPOS SON LOS NUESTROS - Diario Digital Femenino","isPartOf":{"@id":"https:\/\/diariofemenino.com.ar\/df\/#website"},"primaryImageOfPage":{"@id":"https:\/\/diariofemenino.com.ar\/df\/entrevista-con-barbi-recanati-transformacion-personal-feminismos-y-maternidad-estos-tiempos-son-los-nuestros\/#primaryimage"},"image":{"@id":"https:\/\/diariofemenino.com.ar\/df\/entrevista-con-barbi-recanati-transformacion-personal-feminismos-y-maternidad-estos-tiempos-son-los-nuestros\/#primaryimage"},"thumbnailUrl":"https:\/\/diariofemenino.com.ar\/df\/wp-content\/uploads\/2019\/01\/Recanati-Amalgama.jpg","datePublished":"2019-01-04T23:55:18+00:00","breadcrumb":{"@id":"https:\/\/diariofemenino.com.ar\/df\/entrevista-con-barbi-recanati-transformacion-personal-feminismos-y-maternidad-estos-tiempos-son-los-nuestros\/#breadcrumb"},"inLanguage":"es","potentialAction":[{"@type":"ReadAction","target":["https:\/\/diariofemenino.com.ar\/df\/entrevista-con-barbi-recanati-transformacion-personal-feminismos-y-maternidad-estos-tiempos-son-los-nuestros\/"]}]},{"@type":"ImageObject","inLanguage":"es","@id":"https:\/\/diariofemenino.com.ar\/df\/entrevista-con-barbi-recanati-transformacion-personal-feminismos-y-maternidad-estos-tiempos-son-los-nuestros\/#primaryimage","url":"https:\/\/diariofemenino.com.ar\/df\/wp-content\/uploads\/2019\/01\/Recanati-Amalgama.jpg","contentUrl":"https:\/\/diariofemenino.com.ar\/df\/wp-content\/uploads\/2019\/01\/Recanati-Amalgama.jpg","width":683,"height":1024},{"@type":"BreadcrumbList","@id":"https:\/\/diariofemenino.com.ar\/df\/entrevista-con-barbi-recanati-transformacion-personal-feminismos-y-maternidad-estos-tiempos-son-los-nuestros\/#breadcrumb","itemListElement":[{"@type":"ListItem","position":1,"name":"Portada","item":"https:\/\/diariofemenino.com.ar\/df\/"},{"@type":"ListItem","position":2,"name":"Entrevista con Barbi Recanati. Transformaci\u00f3n personal, feminismos y maternidad: ESTOS TIEMPOS SON LOS NUESTROS"}]},{"@type":"WebSite","@id":"https:\/\/diariofemenino.com.ar\/df\/#website","url":"https:\/\/diariofemenino.com.ar\/df\/","name":"Diario Digital Femenino","description":"Cuesti\u00f3n de G\u00e9nero","publisher":{"@id":"https:\/\/diariofemenino.com.ar\/df\/#organization"},"potentialAction":[{"@type":"SearchAction","target":{"@type":"EntryPoint","urlTemplate":"https:\/\/diariofemenino.com.ar\/df\/?s={search_term_string}"},"query-input":{"@type":"PropertyValueSpecification","valueRequired":true,"valueName":"search_term_string"}}],"inLanguage":"es"},{"@type":"Organization","@id":"https:\/\/diariofemenino.com.ar\/df\/#organization","name":"Diario Femenino","url":"https:\/\/diariofemenino.com.ar\/df\/","logo":{"@type":"ImageObject","inLanguage":"es","@id":"https:\/\/diariofemenino.com.ar\/df\/#\/schema\/logo\/image\/","url":"https:\/\/diariofemenino.com.ar\/df\/wp-content\/uploads\/2018\/10\/logo.png","contentUrl":"https:\/\/diariofemenino.com.ar\/df\/wp-content\/uploads\/2018\/10\/logo.png","width":500,"height":92,"caption":"Diario Femenino"},"image":{"@id":"https:\/\/diariofemenino.com.ar\/df\/#\/schema\/logo\/image\/"},"sameAs":["https:\/\/www.facebook.com\/DiarioDigitaFemenino\/","https:\/\/x.com\/DiarioFemenino1"]},{"@type":"Person","@id":"https:\/\/diariofemenino.com.ar\/df\/#\/schema\/person\/1c36bc3bf394d8ec320814298b4fdd3f","name":"Admin","image":{"@type":"ImageObject","inLanguage":"es","@id":"https:\/\/diariofemenino.com.ar\/df\/wp-content\/uploads\/2018\/12\/favicon-150x150.jpg","url":"https:\/\/diariofemenino.com.ar\/df\/wp-content\/uploads\/2018\/12\/favicon-150x150.jpg","contentUrl":"https:\/\/diariofemenino.com.ar\/df\/wp-content\/uploads\/2018\/12\/favicon-150x150.jpg","caption":"Admin"},"url":"https:\/\/diariofemenino.com.ar\/df\/author\/sofiperez\/"}]}},"jetpack_featured_media_url":"https:\/\/diariofemenino.com.ar\/df\/wp-content\/uploads\/2019\/01\/Recanati-Amalgama.jpg","jetpack_sharing_enabled":true,"rttpg_featured_image_url":{"full":["https:\/\/diariofemenino.com.ar\/df\/wp-content\/uploads\/2019\/01\/Recanati-Amalgama.jpg",683,1024,false],"landscape":["https:\/\/diariofemenino.com.ar\/df\/wp-content\/uploads\/2019\/01\/Recanati-Amalgama.jpg",683,1024,false],"portraits":["https:\/\/diariofemenino.com.ar\/df\/wp-content\/uploads\/2019\/01\/Recanati-Amalgama.jpg",683,1024,false],"thumbnail":["https:\/\/diariofemenino.com.ar\/df\/wp-content\/uploads\/2019\/01\/Recanati-Amalgama-150x150.jpg",150,150,true],"medium":["https:\/\/diariofemenino.com.ar\/df\/wp-content\/uploads\/2019\/01\/Recanati-Amalgama-200x300.jpg",200,300,true],"large":["https:\/\/diariofemenino.com.ar\/df\/wp-content\/uploads\/2019\/01\/Recanati-Amalgama-683x1024.jpg",683,1024,true],"1536x1536":["https:\/\/diariofemenino.com.ar\/df\/wp-content\/uploads\/2019\/01\/Recanati-Amalgama.jpg",683,1024,false],"2048x2048":["https:\/\/diariofemenino.com.ar\/df\/wp-content\/uploads\/2019\/01\/Recanati-Amalgama.jpg",683,1024,false]},"rttpg_author":{"display_name":"Admin","author_link":"https:\/\/diariofemenino.com.ar\/df\/author\/sofiperez\/"},"rttpg_comment":0,"rttpg_category":"<a href=\"https:\/\/diariofemenino.com.ar\/df\/category\/entrevistas\/\" rel=\"category tag\">Entrevistas<\/a>","rttpg_excerpt":"\u201cSi hay algo que jam\u00e1s me podes discutir es que te vas a morir y que saliste de una concha.\u201d\u00a0 Barbi Recanati se planta fuerte\u00a0entre su proyecto musical solista, su maternidad, y su compromiso indelegable de dar voz a los reclamos de las mujeres desde sus letras. \u201cHoy no puedo hablar de lo que me&hellip;","_links":{"self":[{"href":"https:\/\/diariofemenino.com.ar\/df\/wp-json\/wp\/v2\/posts\/30450","targetHints":{"allow":["GET"]}}],"collection":[{"href":"https:\/\/diariofemenino.com.ar\/df\/wp-json\/wp\/v2\/posts"}],"about":[{"href":"https:\/\/diariofemenino.com.ar\/df\/wp-json\/wp\/v2\/types\/post"}],"author":[{"embeddable":true,"href":"https:\/\/diariofemenino.com.ar\/df\/wp-json\/wp\/v2\/users\/3"}],"replies":[{"embeddable":true,"href":"https:\/\/diariofemenino.com.ar\/df\/wp-json\/wp\/v2\/comments?post=30450"}],"version-history":[{"count":0,"href":"https:\/\/diariofemenino.com.ar\/df\/wp-json\/wp\/v2\/posts\/30450\/revisions"}],"wp:featuredmedia":[{"embeddable":true,"href":"https:\/\/diariofemenino.com.ar\/df\/wp-json\/wp\/v2\/media\/30451"}],"wp:attachment":[{"href":"https:\/\/diariofemenino.com.ar\/df\/wp-json\/wp\/v2\/media?parent=30450"}],"wp:term":[{"taxonomy":"category","embeddable":true,"href":"https:\/\/diariofemenino.com.ar\/df\/wp-json\/wp\/v2\/categories?post=30450"},{"taxonomy":"post_tag","embeddable":true,"href":"https:\/\/diariofemenino.com.ar\/df\/wp-json\/wp\/v2\/tags?post=30450"}],"curies":[{"name":"wp","href":"https:\/\/api.w.org\/{rel}","templated":true}]}}