{"id":30443,"date":"2019-01-04T12:52:12","date_gmt":"2019-01-04T15:52:12","guid":{"rendered":"http:\/\/diariofemenino.com.ar\/v2\/?p=30443"},"modified":"2019-01-04T12:52:12","modified_gmt":"2019-01-04T15:52:12","slug":"el-lenguaje-inclusivo-llega-a-la-universidad-el-primer-congreso-sobre-el-tema-ya-tiene-fecha","status":"publish","type":"post","link":"https:\/\/diariofemenino.com.ar\/df\/el-lenguaje-inclusivo-llega-a-la-universidad-el-primer-congreso-sobre-el-tema-ya-tiene-fecha\/","title":{"rendered":"El lenguaje inclusivo llega a la Universidad: el primer congreso sobre el tema ya tiene fecha"},"content":{"rendered":"<p class=\"negrita\"><strong>Los pr\u00f3ximos 11 y 12 de abril, el edificio de la facultad de Humanidad de La Plata, que funciona en el exBIM III, ser\u00e1 sede del primer encuentro que pondr\u00e1 en discusi\u00f3n el uso de la letra \u201cE\u201d para que la lengua sea m\u00e1s inclusiva. El Consejo Directivo de la unidad acad\u00e9mica resolvi\u00f3 declararlo de inter\u00e9s acad\u00e9mico<\/strong><\/p>\n<p>Para seguir profundizando su compromiso con las tem\u00e1ticas de g\u00e9nero y feminismo,\u00a0<strong>la facultad de Humanidades y Ciencias de la Educaci\u00f3n de la UNLP ser\u00e1 sede del Primer Congreso de Lenguaje Inclusivo<\/strong>. El evento se realizar\u00e1 los d\u00edas\u00a0<strong>11 y 12 de abril<\/strong>\u00a0de este a\u00f1o en las instalaciones del exBIM III, ubicado en 52 y 122.<\/p>\n<p><iframe loading=\"lazy\" src=\"https:\/\/www.docdroid.net\/aPImbfd\/primer-congreso-de-lenguaje-inclusivo.pdf\" width=\"100%\" height=\"600\" frameborder=\"0\" allowfullscreen=\"allowfullscreen\" data-mce-fragment=\"1\"><\/iframe><\/p>\n<p>Durante la \u00faltima sesi\u00f3n del Consejo Directivo la facultad, sus integrantes votaron a favor para \u00a0declararlo de inter\u00e9s acad\u00e9mico, gracias a un petitorio que realiz\u00f3 el Defensor del Pueblo de la Provincia de Buenos Aires,\u00a0<strong>Guido Lorenzino<\/strong>, quien trabaj\u00f3 para definir ejes y participantes del Congreso.<\/p>\n<p>Tal como ocurri\u00f3 a lo largo de todo el 2018,\u00a0<b>la Universidad contin\u00faa profundizando y debatiendo sobre las tem\u00e1ticas de g\u00e9nero y feminismo<\/b>. En esta oportunidad es para tratar el lenguaje inclusivo, un tema que rechaz\u00f3 en diferentes sectores como, por ejemplo, las autoridades del<a href=\"https:\/\/www.0221.com.ar\/nota\/2018-12-8-10-22-0-video-escracharon-a-un-docente-por-abuso-sexual-en-la-escuela-del-profesor-todes\">\u00a0<b>colegio La Anunciaci\u00f3n que expulsaron a un docente por utilizar este habla<\/b>\u00a0<\/a>o las amenazas que sufrieron los integrantes de\u00a0<a href=\"https:\/\/www.0221.com.ar\/nota\/2018-9-1-9-17-0-la-unlp-lanzo-todes-el-programa-de-tv-exclusivamente-de-genero-y-unico-en-el-pais\"><b>\u201cTodes\u201d,<\/b><\/a>\u00a0el programa feminista que ocupa un lugar en la grilla de TV Universidad.<\/p>\n<p><iframe loading=\"lazy\" src=\"https:\/\/www.youtube.com\/embed\/NH_jnlz4DrA\" width=\"560\" height=\"315\" frameborder=\"0\" allowfullscreen=\"allowfullscreen\"><\/iframe><\/p>\n<p>Cabe destacar que, tanto la facultad como su decana Ana Julia Ram\u00edrez, mostraron un compromiso con la lucha feminista y el lenguaje inclusivo. Adem\u00e1s de ser sede del\u00a0<a href=\"https:\/\/www.0221.com.ar\/nota\/2018-12-5-21-40-0-el-feminismo-latinoamericano-desembarca-en-la-unlp-con-un-nuevo-encuentro-de-mujeres\"><strong>Encuentro Latinoamericano de Mujeres (ELLA)<\/strong><\/a>, que se realiz\u00f3 en las instalaciones de la unidad acad\u00e9mica, Humanidades prest\u00f3 los espacios verdes del exBIM III para que las mujeres que asistieron pudieran acampar.<\/p>\n<p>Con el correr de los d\u00edas habr\u00e1 m\u00e1s precisiones sobre los principales lineamientos del Congreso, sus ejes y qui\u00e9nes ser\u00e1n los principales expositores.\u00a0<strong>Lo cierto es que la fecha est\u00e1 confirmada y los d\u00edas 11 y 12 de abril la UNLP debatir\u00e1 sobre lenguaje inclusivo y el uso de la \u201cE\u201d en determinadas palabras.<\/strong><\/p>\n<p>&nbsp;<\/p>\n<p>&nbsp;<\/p>\n<p>Fuente: <a href=\"https:\/\/www.0221.com.ar\/nota\/2019-1-2-18-37-0-el-lenguaje-inclusivo-llega-a-la-unlp-el-primer-congreso-sobre-el-tema-ya-tiene-fecha-en-la-plata?fbclid=IwAR3-ZNfImLGVN4Hi1FL59NEr4bYGBaFVSk3idRNVwKPPHi6sneQnoTdLe8M\">0221.com.ar<\/a><\/p>\n","protected":false},"excerpt":{"rendered":"<p>Los pr\u00f3ximos 11 y 12 de abril, el edificio de la facultad de Humanidad de La Plata, que funciona en el exBIM III, ser\u00e1 sede del primer encuentro que pondr\u00e1 en discusi\u00f3n el uso de la letra \u201cE\u201d para que la lengua sea m\u00e1s inclusiva. El Consejo Directivo de la unidad acad\u00e9mica resolvi\u00f3 declararlo de [&hellip;]<\/p>\n","protected":false},"author":1,"featured_media":30444,"comment_status":"closed","ping_status":"closed","sticky":false,"template":"","format":"standard","meta":{"iawp_total_views":4,"footnotes":""},"categories":[7,3],"tags":[619,543],"class_list":["post-30443","post","type-post","status-publish","format-standard","has-post-thumbnail","hentry","category-actividades","category-de-la-revolucion-al-reaprendizaje","tag-lenguaje-inclusivo","tag-universidad"],"nelio_content":{"autoShareEndMode":"never","automationSources":{"useCustomSentences":false,"customSentences":[]},"efiAlt":"","efiUrl":"","followers":[1],"highlights":[],"isAutoShareEnabled":true,"networkImageIds":[],"permalinkQueryArgs":[],"series":[],"suggestedReferences":[]},"yoast_head":"<!-- This site is optimized with the Yoast SEO plugin v27.5 - https:\/\/yoast.com\/product\/yoast-seo-wordpress\/ -->\n<title>El lenguaje inclusivo llega a la Universidad: el primer congreso sobre el tema ya tiene fecha - Diario Digital Femenino<\/title>\n<meta name=\"robots\" content=\"index, follow, max-snippet:-1, max-image-preview:large, max-video-preview:-1\" \/>\n<link rel=\"canonical\" href=\"https:\/\/diariofemenino.com.ar\/df\/el-lenguaje-inclusivo-llega-a-la-universidad-el-primer-congreso-sobre-el-tema-ya-tiene-fecha\/\" \/>\n<meta property=\"og:locale\" content=\"es_ES\" \/>\n<meta property=\"og:type\" content=\"article\" \/>\n<meta property=\"og:title\" content=\"El lenguaje inclusivo llega a la Universidad: el primer congreso sobre el tema ya tiene fecha - Diario Digital Femenino\" \/>\n<meta property=\"og:description\" content=\"Los pr\u00f3ximos 11 y 12 de abril, el edificio de la facultad de Humanidad de La Plata, que funciona en el exBIM III, ser\u00e1 sede del primer encuentro que pondr\u00e1 en discusi\u00f3n el uso de la letra \u201cE\u201d para que la lengua sea m\u00e1s inclusiva. El Consejo Directivo de la unidad acad\u00e9mica resolvi\u00f3 declararlo de [&hellip;]\" \/>\n<meta property=\"og:url\" content=\"https:\/\/diariofemenino.com.ar\/df\/el-lenguaje-inclusivo-llega-a-la-universidad-el-primer-congreso-sobre-el-tema-ya-tiene-fecha\/\" \/>\n<meta property=\"og:site_name\" content=\"Diario Digital Femenino\" \/>\n<meta property=\"article:publisher\" content=\"https:\/\/www.facebook.com\/DiarioDigitaFemenino\/\" \/>\n<meta property=\"article:published_time\" content=\"2019-01-04T15:52:12+00:00\" \/>\n<meta property=\"og:image\" content=\"https:\/\/diariofemenino.com.ar\/df\/wp-content\/uploads\/2019\/01\/1546465339384.jpg\" \/>\n\t<meta property=\"og:image:width\" content=\"675\" \/>\n\t<meta property=\"og:image:height\" content=\"449\" \/>\n\t<meta property=\"og:image:type\" content=\"image\/jpeg\" \/>\n<meta name=\"author\" content=\"Admin\" \/>\n<meta name=\"twitter:card\" content=\"summary_large_image\" \/>\n<meta name=\"twitter:creator\" content=\"@DiarioFemenino1\" \/>\n<meta name=\"twitter:site\" content=\"@DiarioFemenino1\" \/>\n<meta name=\"twitter:label1\" content=\"Escrito por\" \/>\n\t<meta name=\"twitter:data1\" content=\"Admin\" \/>\n\t<meta name=\"twitter:label2\" content=\"Tiempo de lectura\" \/>\n\t<meta name=\"twitter:data2\" content=\"2 minutos\" \/>\n<script type=\"application\/ld+json\" class=\"yoast-schema-graph\">{\"@context\":\"https:\\\/\\\/schema.org\",\"@graph\":[{\"@type\":\"Article\",\"@id\":\"https:\\\/\\\/diariofemenino.com.ar\\\/df\\\/el-lenguaje-inclusivo-llega-a-la-universidad-el-primer-congreso-sobre-el-tema-ya-tiene-fecha\\\/#article\",\"isPartOf\":{\"@id\":\"https:\\\/\\\/diariofemenino.com.ar\\\/df\\\/el-lenguaje-inclusivo-llega-a-la-universidad-el-primer-congreso-sobre-el-tema-ya-tiene-fecha\\\/\"},\"author\":{\"name\":\"Admin\",\"@id\":\"https:\\\/\\\/diariofemenino.com.ar\\\/df\\\/#\\\/schema\\\/person\\\/38f54b3bfd13f561de2460ba95c169c6\"},\"headline\":\"El lenguaje inclusivo llega a la Universidad: el primer congreso sobre el tema ya tiene fecha\",\"datePublished\":\"2019-01-04T15:52:12+00:00\",\"mainEntityOfPage\":{\"@id\":\"https:\\\/\\\/diariofemenino.com.ar\\\/df\\\/el-lenguaje-inclusivo-llega-a-la-universidad-el-primer-congreso-sobre-el-tema-ya-tiene-fecha\\\/\"},\"wordCount\":390,\"publisher\":{\"@id\":\"https:\\\/\\\/diariofemenino.com.ar\\\/df\\\/#organization\"},\"image\":{\"@id\":\"https:\\\/\\\/diariofemenino.com.ar\\\/df\\\/el-lenguaje-inclusivo-llega-a-la-universidad-el-primer-congreso-sobre-el-tema-ya-tiene-fecha\\\/#primaryimage\"},\"thumbnailUrl\":\"https:\\\/\\\/diariofemenino.com.ar\\\/df\\\/wp-content\\\/uploads\\\/2019\\\/01\\\/1546465339384.jpg\",\"keywords\":[\"Lenguaje inclusivo\",\"Universidad\"],\"articleSection\":[\"Actividades\",\"De la Revoluci\u00f3n al Reaprendizaje\"],\"inLanguage\":\"es\"},{\"@type\":\"WebPage\",\"@id\":\"https:\\\/\\\/diariofemenino.com.ar\\\/df\\\/el-lenguaje-inclusivo-llega-a-la-universidad-el-primer-congreso-sobre-el-tema-ya-tiene-fecha\\\/\",\"url\":\"https:\\\/\\\/diariofemenino.com.ar\\\/df\\\/el-lenguaje-inclusivo-llega-a-la-universidad-el-primer-congreso-sobre-el-tema-ya-tiene-fecha\\\/\",\"name\":\"El lenguaje inclusivo llega a la Universidad: el primer congreso sobre el tema ya tiene fecha - Diario Digital Femenino\",\"isPartOf\":{\"@id\":\"https:\\\/\\\/diariofemenino.com.ar\\\/df\\\/#website\"},\"primaryImageOfPage\":{\"@id\":\"https:\\\/\\\/diariofemenino.com.ar\\\/df\\\/el-lenguaje-inclusivo-llega-a-la-universidad-el-primer-congreso-sobre-el-tema-ya-tiene-fecha\\\/#primaryimage\"},\"image\":{\"@id\":\"https:\\\/\\\/diariofemenino.com.ar\\\/df\\\/el-lenguaje-inclusivo-llega-a-la-universidad-el-primer-congreso-sobre-el-tema-ya-tiene-fecha\\\/#primaryimage\"},\"thumbnailUrl\":\"https:\\\/\\\/diariofemenino.com.ar\\\/df\\\/wp-content\\\/uploads\\\/2019\\\/01\\\/1546465339384.jpg\",\"datePublished\":\"2019-01-04T15:52:12+00:00\",\"breadcrumb\":{\"@id\":\"https:\\\/\\\/diariofemenino.com.ar\\\/df\\\/el-lenguaje-inclusivo-llega-a-la-universidad-el-primer-congreso-sobre-el-tema-ya-tiene-fecha\\\/#breadcrumb\"},\"inLanguage\":\"es\",\"potentialAction\":[{\"@type\":\"ReadAction\",\"target\":[\"https:\\\/\\\/diariofemenino.com.ar\\\/df\\\/el-lenguaje-inclusivo-llega-a-la-universidad-el-primer-congreso-sobre-el-tema-ya-tiene-fecha\\\/\"]}]},{\"@type\":\"ImageObject\",\"inLanguage\":\"es\",\"@id\":\"https:\\\/\\\/diariofemenino.com.ar\\\/df\\\/el-lenguaje-inclusivo-llega-a-la-universidad-el-primer-congreso-sobre-el-tema-ya-tiene-fecha\\\/#primaryimage\",\"url\":\"https:\\\/\\\/diariofemenino.com.ar\\\/df\\\/wp-content\\\/uploads\\\/2019\\\/01\\\/1546465339384.jpg\",\"contentUrl\":\"https:\\\/\\\/diariofemenino.com.ar\\\/df\\\/wp-content\\\/uploads\\\/2019\\\/01\\\/1546465339384.jpg\",\"width\":675,\"height\":449},{\"@type\":\"BreadcrumbList\",\"@id\":\"https:\\\/\\\/diariofemenino.com.ar\\\/df\\\/el-lenguaje-inclusivo-llega-a-la-universidad-el-primer-congreso-sobre-el-tema-ya-tiene-fecha\\\/#breadcrumb\",\"itemListElement\":[{\"@type\":\"ListItem\",\"position\":1,\"name\":\"Portada\",\"item\":\"https:\\\/\\\/diariofemenino.com.ar\\\/df\\\/\"},{\"@type\":\"ListItem\",\"position\":2,\"name\":\"El lenguaje inclusivo llega a la Universidad: el primer congreso sobre el tema ya tiene fecha\"}]},{\"@type\":\"WebSite\",\"@id\":\"https:\\\/\\\/diariofemenino.com.ar\\\/df\\\/#website\",\"url\":\"https:\\\/\\\/diariofemenino.com.ar\\\/df\\\/\",\"name\":\"Diario Digital Femenino\",\"description\":\"Cuesti\u00f3n de G\u00e9nero\",\"publisher\":{\"@id\":\"https:\\\/\\\/diariofemenino.com.ar\\\/df\\\/#organization\"},\"potentialAction\":[{\"@type\":\"SearchAction\",\"target\":{\"@type\":\"EntryPoint\",\"urlTemplate\":\"https:\\\/\\\/diariofemenino.com.ar\\\/df\\\/?s={search_term_string}\"},\"query-input\":{\"@type\":\"PropertyValueSpecification\",\"valueRequired\":true,\"valueName\":\"search_term_string\"}}],\"inLanguage\":\"es\"},{\"@type\":\"Organization\",\"@id\":\"https:\\\/\\\/diariofemenino.com.ar\\\/df\\\/#organization\",\"name\":\"Diario Femenino\",\"url\":\"https:\\\/\\\/diariofemenino.com.ar\\\/df\\\/\",\"logo\":{\"@type\":\"ImageObject\",\"inLanguage\":\"es\",\"@id\":\"https:\\\/\\\/diariofemenino.com.ar\\\/df\\\/#\\\/schema\\\/logo\\\/image\\\/\",\"url\":\"https:\\\/\\\/diariofemenino.com.ar\\\/df\\\/wp-content\\\/uploads\\\/2018\\\/10\\\/logo.png\",\"contentUrl\":\"https:\\\/\\\/diariofemenino.com.ar\\\/df\\\/wp-content\\\/uploads\\\/2018\\\/10\\\/logo.png\",\"width\":500,\"height\":92,\"caption\":\"Diario Femenino\"},\"image\":{\"@id\":\"https:\\\/\\\/diariofemenino.com.ar\\\/df\\\/#\\\/schema\\\/logo\\\/image\\\/\"},\"sameAs\":[\"https:\\\/\\\/www.facebook.com\\\/DiarioDigitaFemenino\\\/\",\"https:\\\/\\\/x.com\\\/DiarioFemenino1\"]},{\"@type\":\"Person\",\"@id\":\"https:\\\/\\\/diariofemenino.com.ar\\\/df\\\/#\\\/schema\\\/person\\\/38f54b3bfd13f561de2460ba95c169c6\",\"name\":\"Admin\",\"image\":{\"@type\":\"ImageObject\",\"inLanguage\":\"es\",\"@id\":\"https:\\\/\\\/diariofemenino.com.ar\\\/df\\\/wp-content\\\/uploads\\\/2018\\\/12\\\/favicon-150x150.jpg\",\"url\":\"https:\\\/\\\/diariofemenino.com.ar\\\/df\\\/wp-content\\\/uploads\\\/2018\\\/12\\\/favicon-150x150.jpg\",\"contentUrl\":\"https:\\\/\\\/diariofemenino.com.ar\\\/df\\\/wp-content\\\/uploads\\\/2018\\\/12\\\/favicon-150x150.jpg\",\"caption\":\"Admin\"},\"url\":\"https:\\\/\\\/diariofemenino.com.ar\\\/df\\\/author\\\/adm18df\\\/\"}]}<\/script>\n<!-- \/ Yoast SEO plugin. -->","yoast_head_json":{"title":"El lenguaje inclusivo llega a la Universidad: el primer congreso sobre el tema ya tiene fecha - Diario Digital Femenino","robots":{"index":"index","follow":"follow","max-snippet":"max-snippet:-1","max-image-preview":"max-image-preview:large","max-video-preview":"max-video-preview:-1"},"canonical":"https:\/\/diariofemenino.com.ar\/df\/el-lenguaje-inclusivo-llega-a-la-universidad-el-primer-congreso-sobre-el-tema-ya-tiene-fecha\/","og_locale":"es_ES","og_type":"article","og_title":"El lenguaje inclusivo llega a la Universidad: el primer congreso sobre el tema ya tiene fecha - Diario Digital Femenino","og_description":"Los pr\u00f3ximos 11 y 12 de abril, el edificio de la facultad de Humanidad de La Plata, que funciona en el exBIM III, ser\u00e1 sede del primer encuentro que pondr\u00e1 en discusi\u00f3n el uso de la letra \u201cE\u201d para que la lengua sea m\u00e1s inclusiva. El Consejo Directivo de la unidad acad\u00e9mica resolvi\u00f3 declararlo de [&hellip;]","og_url":"https:\/\/diariofemenino.com.ar\/df\/el-lenguaje-inclusivo-llega-a-la-universidad-el-primer-congreso-sobre-el-tema-ya-tiene-fecha\/","og_site_name":"Diario Digital Femenino","article_publisher":"https:\/\/www.facebook.com\/DiarioDigitaFemenino\/","article_published_time":"2019-01-04T15:52:12+00:00","og_image":[{"width":675,"height":449,"url":"https:\/\/diariofemenino.com.ar\/df\/wp-content\/uploads\/2019\/01\/1546465339384.jpg","type":"image\/jpeg"}],"author":"Admin","twitter_card":"summary_large_image","twitter_creator":"@DiarioFemenino1","twitter_site":"@DiarioFemenino1","twitter_misc":{"Escrito por":"Admin","Tiempo de lectura":"2 minutos"},"schema":{"@context":"https:\/\/schema.org","@graph":[{"@type":"Article","@id":"https:\/\/diariofemenino.com.ar\/df\/el-lenguaje-inclusivo-llega-a-la-universidad-el-primer-congreso-sobre-el-tema-ya-tiene-fecha\/#article","isPartOf":{"@id":"https:\/\/diariofemenino.com.ar\/df\/el-lenguaje-inclusivo-llega-a-la-universidad-el-primer-congreso-sobre-el-tema-ya-tiene-fecha\/"},"author":{"name":"Admin","@id":"https:\/\/diariofemenino.com.ar\/df\/#\/schema\/person\/38f54b3bfd13f561de2460ba95c169c6"},"headline":"El lenguaje inclusivo llega a la Universidad: el primer congreso sobre el tema ya tiene fecha","datePublished":"2019-01-04T15:52:12+00:00","mainEntityOfPage":{"@id":"https:\/\/diariofemenino.com.ar\/df\/el-lenguaje-inclusivo-llega-a-la-universidad-el-primer-congreso-sobre-el-tema-ya-tiene-fecha\/"},"wordCount":390,"publisher":{"@id":"https:\/\/diariofemenino.com.ar\/df\/#organization"},"image":{"@id":"https:\/\/diariofemenino.com.ar\/df\/el-lenguaje-inclusivo-llega-a-la-universidad-el-primer-congreso-sobre-el-tema-ya-tiene-fecha\/#primaryimage"},"thumbnailUrl":"https:\/\/diariofemenino.com.ar\/df\/wp-content\/uploads\/2019\/01\/1546465339384.jpg","keywords":["Lenguaje inclusivo","Universidad"],"articleSection":["Actividades","De la Revoluci\u00f3n al Reaprendizaje"],"inLanguage":"es"},{"@type":"WebPage","@id":"https:\/\/diariofemenino.com.ar\/df\/el-lenguaje-inclusivo-llega-a-la-universidad-el-primer-congreso-sobre-el-tema-ya-tiene-fecha\/","url":"https:\/\/diariofemenino.com.ar\/df\/el-lenguaje-inclusivo-llega-a-la-universidad-el-primer-congreso-sobre-el-tema-ya-tiene-fecha\/","name":"El lenguaje inclusivo llega a la Universidad: el primer congreso sobre el tema ya tiene fecha - Diario Digital Femenino","isPartOf":{"@id":"https:\/\/diariofemenino.com.ar\/df\/#website"},"primaryImageOfPage":{"@id":"https:\/\/diariofemenino.com.ar\/df\/el-lenguaje-inclusivo-llega-a-la-universidad-el-primer-congreso-sobre-el-tema-ya-tiene-fecha\/#primaryimage"},"image":{"@id":"https:\/\/diariofemenino.com.ar\/df\/el-lenguaje-inclusivo-llega-a-la-universidad-el-primer-congreso-sobre-el-tema-ya-tiene-fecha\/#primaryimage"},"thumbnailUrl":"https:\/\/diariofemenino.com.ar\/df\/wp-content\/uploads\/2019\/01\/1546465339384.jpg","datePublished":"2019-01-04T15:52:12+00:00","breadcrumb":{"@id":"https:\/\/diariofemenino.com.ar\/df\/el-lenguaje-inclusivo-llega-a-la-universidad-el-primer-congreso-sobre-el-tema-ya-tiene-fecha\/#breadcrumb"},"inLanguage":"es","potentialAction":[{"@type":"ReadAction","target":["https:\/\/diariofemenino.com.ar\/df\/el-lenguaje-inclusivo-llega-a-la-universidad-el-primer-congreso-sobre-el-tema-ya-tiene-fecha\/"]}]},{"@type":"ImageObject","inLanguage":"es","@id":"https:\/\/diariofemenino.com.ar\/df\/el-lenguaje-inclusivo-llega-a-la-universidad-el-primer-congreso-sobre-el-tema-ya-tiene-fecha\/#primaryimage","url":"https:\/\/diariofemenino.com.ar\/df\/wp-content\/uploads\/2019\/01\/1546465339384.jpg","contentUrl":"https:\/\/diariofemenino.com.ar\/df\/wp-content\/uploads\/2019\/01\/1546465339384.jpg","width":675,"height":449},{"@type":"BreadcrumbList","@id":"https:\/\/diariofemenino.com.ar\/df\/el-lenguaje-inclusivo-llega-a-la-universidad-el-primer-congreso-sobre-el-tema-ya-tiene-fecha\/#breadcrumb","itemListElement":[{"@type":"ListItem","position":1,"name":"Portada","item":"https:\/\/diariofemenino.com.ar\/df\/"},{"@type":"ListItem","position":2,"name":"El lenguaje inclusivo llega a la Universidad: el primer congreso sobre el tema ya tiene fecha"}]},{"@type":"WebSite","@id":"https:\/\/diariofemenino.com.ar\/df\/#website","url":"https:\/\/diariofemenino.com.ar\/df\/","name":"Diario Digital Femenino","description":"Cuesti\u00f3n de G\u00e9nero","publisher":{"@id":"https:\/\/diariofemenino.com.ar\/df\/#organization"},"potentialAction":[{"@type":"SearchAction","target":{"@type":"EntryPoint","urlTemplate":"https:\/\/diariofemenino.com.ar\/df\/?s={search_term_string}"},"query-input":{"@type":"PropertyValueSpecification","valueRequired":true,"valueName":"search_term_string"}}],"inLanguage":"es"},{"@type":"Organization","@id":"https:\/\/diariofemenino.com.ar\/df\/#organization","name":"Diario Femenino","url":"https:\/\/diariofemenino.com.ar\/df\/","logo":{"@type":"ImageObject","inLanguage":"es","@id":"https:\/\/diariofemenino.com.ar\/df\/#\/schema\/logo\/image\/","url":"https:\/\/diariofemenino.com.ar\/df\/wp-content\/uploads\/2018\/10\/logo.png","contentUrl":"https:\/\/diariofemenino.com.ar\/df\/wp-content\/uploads\/2018\/10\/logo.png","width":500,"height":92,"caption":"Diario Femenino"},"image":{"@id":"https:\/\/diariofemenino.com.ar\/df\/#\/schema\/logo\/image\/"},"sameAs":["https:\/\/www.facebook.com\/DiarioDigitaFemenino\/","https:\/\/x.com\/DiarioFemenino1"]},{"@type":"Person","@id":"https:\/\/diariofemenino.com.ar\/df\/#\/schema\/person\/38f54b3bfd13f561de2460ba95c169c6","name":"Admin","image":{"@type":"ImageObject","inLanguage":"es","@id":"https:\/\/diariofemenino.com.ar\/df\/wp-content\/uploads\/2018\/12\/favicon-150x150.jpg","url":"https:\/\/diariofemenino.com.ar\/df\/wp-content\/uploads\/2018\/12\/favicon-150x150.jpg","contentUrl":"https:\/\/diariofemenino.com.ar\/df\/wp-content\/uploads\/2018\/12\/favicon-150x150.jpg","caption":"Admin"},"url":"https:\/\/diariofemenino.com.ar\/df\/author\/adm18df\/"}]}},"jetpack_featured_media_url":"https:\/\/diariofemenino.com.ar\/df\/wp-content\/uploads\/2019\/01\/1546465339384.jpg","jetpack_sharing_enabled":true,"rttpg_featured_image_url":{"full":["https:\/\/diariofemenino.com.ar\/df\/wp-content\/uploads\/2019\/01\/1546465339384.jpg",675,449,false],"landscape":["https:\/\/diariofemenino.com.ar\/df\/wp-content\/uploads\/2019\/01\/1546465339384.jpg",675,449,false],"portraits":["https:\/\/diariofemenino.com.ar\/df\/wp-content\/uploads\/2019\/01\/1546465339384.jpg",675,449,false],"thumbnail":["https:\/\/diariofemenino.com.ar\/df\/wp-content\/uploads\/2019\/01\/1546465339384-150x150.jpg",150,150,true],"medium":["https:\/\/diariofemenino.com.ar\/df\/wp-content\/uploads\/2019\/01\/1546465339384-300x200.jpg",300,200,true],"large":["https:\/\/diariofemenino.com.ar\/df\/wp-content\/uploads\/2019\/01\/1546465339384.jpg",675,449,false],"1536x1536":["https:\/\/diariofemenino.com.ar\/df\/wp-content\/uploads\/2019\/01\/1546465339384.jpg",675,449,false],"2048x2048":["https:\/\/diariofemenino.com.ar\/df\/wp-content\/uploads\/2019\/01\/1546465339384.jpg",675,449,false]},"rttpg_author":{"display_name":"Admin","author_link":"https:\/\/diariofemenino.com.ar\/df\/author\/adm18df\/"},"rttpg_comment":0,"rttpg_category":"<a href=\"https:\/\/diariofemenino.com.ar\/df\/category\/actividades\/\" rel=\"category tag\">Actividades<\/a> <a href=\"https:\/\/diariofemenino.com.ar\/df\/category\/de-la-revolucion-al-reaprendizaje\/\" rel=\"category tag\">De la Revoluci\u00f3n al Reaprendizaje<\/a>","rttpg_excerpt":"Los pr\u00f3ximos 11 y 12 de abril, el edificio de la facultad de Humanidad de La Plata, que funciona en el exBIM III, ser\u00e1 sede del primer encuentro que pondr\u00e1 en discusi\u00f3n el uso de la letra \u201cE\u201d para que la lengua sea m\u00e1s inclusiva. El Consejo Directivo de la unidad acad\u00e9mica resolvi\u00f3 declararlo de&hellip;","_links":{"self":[{"href":"https:\/\/diariofemenino.com.ar\/df\/wp-json\/wp\/v2\/posts\/30443","targetHints":{"allow":["GET"]}}],"collection":[{"href":"https:\/\/diariofemenino.com.ar\/df\/wp-json\/wp\/v2\/posts"}],"about":[{"href":"https:\/\/diariofemenino.com.ar\/df\/wp-json\/wp\/v2\/types\/post"}],"author":[{"embeddable":true,"href":"https:\/\/diariofemenino.com.ar\/df\/wp-json\/wp\/v2\/users\/1"}],"replies":[{"embeddable":true,"href":"https:\/\/diariofemenino.com.ar\/df\/wp-json\/wp\/v2\/comments?post=30443"}],"version-history":[{"count":0,"href":"https:\/\/diariofemenino.com.ar\/df\/wp-json\/wp\/v2\/posts\/30443\/revisions"}],"wp:featuredmedia":[{"embeddable":true,"href":"https:\/\/diariofemenino.com.ar\/df\/wp-json\/wp\/v2\/media\/30444"}],"wp:attachment":[{"href":"https:\/\/diariofemenino.com.ar\/df\/wp-json\/wp\/v2\/media?parent=30443"}],"wp:term":[{"taxonomy":"category","embeddable":true,"href":"https:\/\/diariofemenino.com.ar\/df\/wp-json\/wp\/v2\/categories?post=30443"},{"taxonomy":"post_tag","embeddable":true,"href":"https:\/\/diariofemenino.com.ar\/df\/wp-json\/wp\/v2\/tags?post=30443"}],"curies":[{"name":"wp","href":"https:\/\/api.w.org\/{rel}","templated":true}]}}